{"id":6905,"date":"2025-11-24T13:11:03","date_gmt":"2025-11-24T19:11:03","guid":{"rendered":"https:\/\/www.alasmedios.com\/?p=6905"},"modified":"2025-11-24T13:11:03","modified_gmt":"2025-11-24T19:11:03","slug":"canelones-con-historia-la-receta-familiar-del-chef-aquiles-chavez","status":"publish","type":"post","link":"https:\/\/www.alasmedios.com\/index.php\/2025\/11\/24\/canelones-con-historia-la-receta-familiar-del-chef-aquiles-chavez\/","title":{"rendered":"Canelones con historia: la receta familiar del chef Aquiles Ch\u00e1vez"},"content":{"rendered":"\n<p>Las fiestas decembrinas despiertan antojos que saben a reuni\u00f3n familiar, sobremesa y tradiciones que se heredan. <\/p>\n\n\n\n<p>Desde la cocina del chef <strong>Aquiles Ch\u00e1vez<\/strong> comparte uno de sus tesoros culinarios m\u00e1s \u00edntimos: <strong>\u201cLos Canelones de mi Mam\u00e1\u201d<\/strong>, un platillo cargado de memoria, saz\u00f3n y detalles que convierten una preparaci\u00f3n casera en una experiencia profunda.<\/p>\n\n\n\n<h3 class=\"wp-block-heading\">Receta<\/h3>\n\n\n\n<p>La receta inicia con una base cl\u00e1sica pero abundante: <strong>pasta fresca para canelones<\/strong>, lista para recibir un relleno generoso. Para construirlo, el chef utiliza una mezcla de <strong>carne molida de res<\/strong> y <strong>carne molida de cerdo<\/strong>, que se sofr\u00ede con <strong>mantequilla<\/strong> hasta obtener un dorado arom\u00e1tico. <\/p>\n\n\n\n<p>Despu\u00e9s se retira del fuego para integrar un abanico de ingredientes que equilibran textura y sabor: <strong>cebolla blanca picada finamente<\/strong>, <strong>ajo<\/strong>, <strong>manzana verde en cubos<\/strong>, <strong>nueces<\/strong>, <strong>uva pasa<\/strong>, <strong>menta fresca<\/strong> y <strong>perejil picado<\/strong>. <\/p>\n\n\n\n<p>CONTIN\u00daA LEYENDO: <a href=\"https:\/\/www.alasmedios.com\/index.php\/2025\/11\/17\/grupo-alas-medios-abre-la-mesa-navidena-con-aquiles-chavez\/\" data-type=\"post\" data-id=\"6860\">Grupo Alas Medios abre la mesa navide\u00f1a con Aquiles Ch\u00e1vez<\/a><\/p>\n\n\n\n<p>Esta mezcla, ya perfumada y colorida, regresa a la olla junto con <strong>pur\u00e9 de tomate<\/strong>, donde se cocina a fuego bajo por 15 minutos para concentrar su esencia.<\/p>\n\n\n\n<p>Mientras tanto, la salsa que cubrir\u00e1 los canelones se construye desde cero: se hornean <strong>jitomates enteros<\/strong>, <strong>cebolla blanca<\/strong> y <strong>dientes de ajo<\/strong> hasta caramelizar sus jugos naturales. <\/p>\n\n\n\n<figure class=\"wp-block-embed is-type-video is-provider-youtube wp-block-embed-youtube wp-embed-aspect-16-9 wp-has-aspect-ratio\"><div class=\"wp-block-embed__wrapper\">\n<iframe loading=\"lazy\" title=\"Los Canelones de Mi Mam\u00e1 - El Toque de Aquiles\" width=\"800\" height=\"450\" src=\"https:\/\/www.youtube.com\/embed\/qg-73Zs-iLo?start=94&#038;feature=oembed\" frameborder=\"0\" allow=\"accelerometer; autoplay; clipboard-write; encrypted-media; gyroscope; picture-in-picture; web-share\" referrerpolicy=\"strict-origin-when-cross-origin\" allowfullscreen><\/iframe>\n<\/div><\/figure>\n\n\n\n<p>Luego se lic\u00faan y se sofr\u00eden nuevamente en <strong>mantequilla<\/strong>, con un toque preciso de <strong>laurel<\/strong>, <strong>or\u00e9gano<\/strong> y sal, creando una salsa profunda, ligeramente dulce y con notas ahumadas gracias al horneado previo.<\/p>\n\n\n\n<p>Con el relleno listo, comienza el armado: cada canel\u00f3n se rellena con la mezcla de carnes y frutos, se acomoda en un refractario y se ba\u00f1a con la <strong>salsa de tomate b\u00e1sica<\/strong>. Encima, una capa generosa de <strong>queso manchego o gouda<\/strong> rallado \u2014y un refuerzo final de <strong>queso manchego<\/strong>\u2014 asegura una gratinaci\u00f3n dorada y fundente.<\/p>\n\n\n\n<p>TE PUEDE INTERESAR: <a href=\"https:\/\/www.alasmedios.com\/index.php\/2025\/11\/22\/tizayuca-invita-a-reflexionar-sobre-igualdad-y-violencia-de-genero\/\" data-type=\"post\" data-id=\"6901\">Tizayuca invita a reflexionar sobre igualdad y violencia de g\u00e9nero<\/a><\/p>\n\n\n\n<p>El toque final ocurre en el horno: <strong>15 minutos a 180 grados<\/strong>, lo suficiente para que los sabores se integren y el queso forme una costra irresistible.<\/p>\n\n\n\n<p>El resultado es un plato que combina t\u00e9cnica, nostalgia y abundancia, una propuesta ideal para abrir la temporada navide\u00f1a con un sabor que habla de familia, historia y cocina hecha con el coraz\u00f3n.<\/p>\n\n\n\n<p>No olvide que <strong>Sotero, Cocina de Oficio<\/strong>, se encuentra en Dr. Manuel del Corral 101 Col. Real de Minas, <strong>Pachuca<\/strong>, Hidalgo.<\/p>\n\n\n<ul class=\"wp-block-latest-posts__list is-grid columns-3 wp-block-latest-posts\"><li><div class=\"wp-block-latest-posts__featured-image\"><img loading=\"lazy\" decoding=\"async\" width=\"150\" height=\"150\" src=\"https:\/\/www.alasmedios.com\/wp-content\/uploads\/2026\/05\/Hidalgo-viene-un-respiro-con-el-frente-frio-48-150x150.png\" class=\"attachment-thumbnail size-thumbnail wp-post-image\" alt=\"\" style=\"\" \/><\/div><a class=\"wp-block-latest-posts__post-title\" href=\"https:\/\/www.alasmedios.com\/index.php\/2026\/05\/01\/frente-frio-48-un-alivio-asi-impactara-en-hidalgo\/\">Frente fr\u00edo 48, un alivio: as\u00ed impactar\u00e1 en Hidalgo<\/a><\/li>\n<li><div class=\"wp-block-latest-posts__featured-image\"><img loading=\"lazy\" decoding=\"async\" width=\"150\" height=\"150\" src=\"https:\/\/www.alasmedios.com\/wp-content\/uploads\/2026\/05\/mujeres-depresion-posparto-150x150.png\" class=\"attachment-thumbnail size-thumbnail wp-post-image\" alt=\"\" style=\"\" \/><\/div><a class=\"wp-block-latest-posts__post-title\" href=\"https:\/\/www.alasmedios.com\/index.php\/2026\/05\/01\/1-de-cada-15-mujeres-sufre-depresion-posparto\/\">1 de cada 15 mujeres sufre depresi\u00f3n posparto<\/a><\/li>\n<li><div class=\"wp-block-latest-posts__featured-image\"><img loading=\"lazy\" decoding=\"async\" width=\"150\" height=\"150\" src=\"https:\/\/www.alasmedios.com\/wp-content\/uploads\/2026\/05\/USEP-calidad-hospitalaria-150x150.jpeg\" class=\"attachment-thumbnail size-thumbnail wp-post-image\" alt=\"\" style=\"\" \/><\/div><a class=\"wp-block-latest-posts__post-title\" href=\"https:\/\/www.alasmedios.com\/index.php\/2026\/05\/01\/usep-activa-formacion-para-prevenir-riesgos-en-la-atencion-medica\/\">USEP activa formaci\u00f3n para prevenir riesgos en la atenci\u00f3n m\u00e9dica<\/a><\/li>\n<\/ul>","protected":false},"excerpt":{"rendered":"<p>Las fiestas decembrinas despiertan antojos que saben a reuni\u00f3n familiar, sobremesa y tradiciones que se heredan. Desde la cocina del<\/p>\n","protected":false},"author":4,"featured_media":6906,"comment_status":"open","ping_status":"open","sticky":false,"template":"","format":"standard","meta":{"colormag_page_container_layout":"default_layout","colormag_page_sidebar_layout":"default_layout","rop_custom_images_group":[],"rop_custom_messages_group":[],"rop_publish_now":"initial","rop_publish_now_accounts":[],"rop_publish_now_history":[],"rop_publish_now_status":"pending","iawp_total_views":1,"footnotes":""},"categories":[43],"tags":[3030,3054,897,3055,910,579],"class_list":["post-6905","post","type-post","status-publish","format-standard","has-post-thumbnail","hentry","category-el-gusto-es-nuestro","tag-aquiles-chavez","tag-canelones","tag-cocina","tag-los-canelones-de-mi-mama","tag-navidad","tag-receta"],"magazineBlocksPostFeaturedMedia":{"thumbnail":"https:\/\/www.alasmedios.com\/wp-content\/uploads\/2025\/11\/Los-Canelones-de-mi-Mama-150x150.png","medium":"https:\/\/www.alasmedios.com\/wp-content\/uploads\/2025\/11\/Los-Canelones-de-mi-Mama-300x182.png","medium_large":"https:\/\/www.alasmedios.com\/wp-content\/uploads\/2025\/11\/Los-Canelones-de-mi-Mama-768x466.png","large":"https:\/\/www.alasmedios.com\/wp-content\/uploads\/2025\/11\/Los-Canelones-de-mi-Mama-1024x622.png","1536x1536":"https:\/\/www.alasmedios.com\/wp-content\/uploads\/2025\/11\/Los-Canelones-de-mi-Mama-1536x932.png","2048x2048":"https:\/\/www.alasmedios.com\/wp-content\/uploads\/2025\/11\/Los-Canelones-de-mi-Mama.png","colormag-highlighted-post":"https:\/\/www.alasmedios.com\/wp-content\/uploads\/2025\/11\/Los-Canelones-de-mi-Mama-392x272.png","colormag-featured-post-medium":"https:\/\/www.alasmedios.com\/wp-content\/uploads\/2025\/11\/Los-Canelones-de-mi-Mama-390x205.png","colormag-featured-post-small":"https:\/\/www.alasmedios.com\/wp-content\/uploads\/2025\/11\/Los-Canelones-de-mi-Mama-130x90.png","colormag-featured-image":"https:\/\/www.alasmedios.com\/wp-content\/uploads\/2025\/11\/Los-Canelones-de-mi-Mama-800x445.png","colormag-default-news":"https:\/\/www.alasmedios.com\/wp-content\/uploads\/2025\/11\/Los-Canelones-de-mi-Mama-150x150.png","colormag-featured-image-large":"https:\/\/www.alasmedios.com\/wp-content\/uploads\/2025\/11\/Los-Canelones-de-mi-Mama-1400x600.png"},"magazineBlocksPostAuthor":{"name":"Keila Rodr\u00edguez Pe\u00f1a","avatar":"https:\/\/secure.gravatar.com\/avatar\/a2553a2bfaa601b9d539b617c8793e151bdffb60f9e48a249912f86d4c9ebeef?s=96&d=mm&r=g"},"magazineBlocksPostCommentsNumber":"0","magazineBlocksPostExcerpt":"Las fiestas decembrinas despiertan antojos que saben a reuni\u00f3n familiar, sobremesa y tradiciones que se heredan. Desde la cocina del","magazineBlocksPostCategories":["El Gusto es Nuestro"],"magazineBlocksPostViewCount":229,"magazineBlocksPostReadTime":3,"magazine_blocks_featured_image_url":{"full":["https:\/\/www.alasmedios.com\/wp-content\/uploads\/2025\/11\/Los-Canelones-de-mi-Mama.png",2000,1214,false],"medium":["https:\/\/www.alasmedios.com\/wp-content\/uploads\/2025\/11\/Los-Canelones-de-mi-Mama-300x182.png",300,182,true],"thumbnail":["https:\/\/www.alasmedios.com\/wp-content\/uploads\/2025\/11\/Los-Canelones-de-mi-Mama-150x150.png",150,150,true]},"magazine_blocks_author":{"display_name":"Keila Rodr\u00edguez Pe\u00f1a","author_link":"https:\/\/www.alasmedios.com\/index.php\/author\/keila\/"},"magazine_blocks_comment":0,"magazine_blocks_author_image":"https:\/\/secure.gravatar.com\/avatar\/a2553a2bfaa601b9d539b617c8793e151bdffb60f9e48a249912f86d4c9ebeef?s=96&d=mm&r=g","magazine_blocks_category":"<a href=\"#\" class=\"category-link category-link-43\">El Gusto es Nuestro<\/a>","yoast_head":"<!-- This site is optimized with the Yoast SEO plugin v27.5 - https:\/\/yoast.com\/product\/yoast-seo-wordpress\/ -->\r\n<title>Canelones con historia: la receta familiar del chef Aquiles Ch\u00e1vez - Alas Medios<\/title>\r\n<meta name=\"robots\" content=\"index, follow, max-snippet:-1, max-image-preview:large, max-video-preview:-1\" \/>\r\n<link rel=\"canonical\" href=\"https:\/\/www.alasmedios.com\/index.php\/2025\/11\/24\/canelones-con-historia-la-receta-familiar-del-chef-aquiles-chavez\/\" \/>\r\n<meta property=\"og:locale\" content=\"es_MX\" \/>\r\n<meta property=\"og:type\" content=\"article\" \/>\r\n<meta property=\"og:title\" content=\"Canelones con historia: la receta familiar del chef Aquiles Ch\u00e1vez - Alas Medios\" \/>\r\n<meta property=\"og:description\" content=\"Las fiestas decembrinas despiertan antojos que saben a reuni\u00f3n familiar, sobremesa y tradiciones que se heredan. Desde la cocina del\" \/>\r\n<meta property=\"og:url\" content=\"https:\/\/www.alasmedios.com\/index.php\/2025\/11\/24\/canelones-con-historia-la-receta-familiar-del-chef-aquiles-chavez\/\" \/>\r\n<meta property=\"og:site_name\" content=\"Alas Medios\" \/>\r\n<meta property=\"article:published_time\" content=\"2025-11-24T19:11:03+00:00\" \/>\r\n<meta property=\"og:image\" content=\"https:\/\/www.alasmedios.com\/wp-content\/uploads\/2025\/11\/Los-Canelones-de-mi-Mama.png\" \/>\r\n\t<meta property=\"og:image:width\" content=\"2000\" \/>\r\n\t<meta property=\"og:image:height\" content=\"1214\" \/>\r\n\t<meta property=\"og:image:type\" content=\"image\/png\" \/>\r\n<meta name=\"author\" content=\"Keila Rodr\u00edguez Pe\u00f1a\" \/>\r\n<meta name=\"twitter:card\" content=\"summary_large_image\" \/>\r\n<meta name=\"twitter:label1\" content=\"Escrito por\" \/>\n\t<meta name=\"twitter:data1\" content=\"Keila Rodr\u00edguez Pe\u00f1a\" \/>\n\t<meta name=\"twitter:label2\" content=\"Tiempo de lectura\" \/>\n\t<meta name=\"twitter:data2\" content=\"2 minutos\" \/>\r\n<script type=\"application\/ld+json\" class=\"yoast-schema-graph\">{\"@context\":\"https:\\\/\\\/schema.org\",\"@graph\":[{\"@type\":\"Article\",\"@id\":\"https:\\\/\\\/www.alasmedios.com\\\/index.php\\\/2025\\\/11\\\/24\\\/canelones-con-historia-la-receta-familiar-del-chef-aquiles-chavez\\\/#article\",\"isPartOf\":{\"@id\":\"https:\\\/\\\/www.alasmedios.com\\\/index.php\\\/2025\\\/11\\\/24\\\/canelones-con-historia-la-receta-familiar-del-chef-aquiles-chavez\\\/\"},\"author\":{\"name\":\"Keila Rodr\u00edguez Pe\u00f1a\",\"@id\":\"https:\\\/\\\/www.alasmedios.com\\\/#\\\/schema\\\/person\\\/0ba31bdd19a05ebf5c7fef1fedf99c34\"},\"headline\":\"Canelones con historia: la receta familiar del chef Aquiles Ch\u00e1vez\",\"datePublished\":\"2025-11-24T19:11:03+00:00\",\"mainEntityOfPage\":{\"@id\":\"https:\\\/\\\/www.alasmedios.com\\\/index.php\\\/2025\\\/11\\\/24\\\/canelones-con-historia-la-receta-familiar-del-chef-aquiles-chavez\\\/\"},\"wordCount\":422,\"commentCount\":0,\"publisher\":{\"@id\":\"https:\\\/\\\/www.alasmedios.com\\\/#organization\"},\"image\":{\"@id\":\"https:\\\/\\\/www.alasmedios.com\\\/index.php\\\/2025\\\/11\\\/24\\\/canelones-con-historia-la-receta-familiar-del-chef-aquiles-chavez\\\/#primaryimage\"},\"thumbnailUrl\":\"https:\\\/\\\/www.alasmedios.com\\\/wp-content\\\/uploads\\\/2025\\\/11\\\/Los-Canelones-de-mi-Mama.png\",\"keywords\":[\"Aquiles Ch\u00e1vez\",\"canelones\",\"cocina\",\"Los Canelones de mi Mam\u00e1\",\"navidad\",\"receta\"],\"articleSection\":[\"El Gusto es Nuestro\"],\"inLanguage\":\"es\",\"potentialAction\":[{\"@type\":\"CommentAction\",\"name\":\"Comment\",\"target\":[\"https:\\\/\\\/www.alasmedios.com\\\/index.php\\\/2025\\\/11\\\/24\\\/canelones-con-historia-la-receta-familiar-del-chef-aquiles-chavez\\\/#respond\"]}]},{\"@type\":\"WebPage\",\"@id\":\"https:\\\/\\\/www.alasmedios.com\\\/index.php\\\/2025\\\/11\\\/24\\\/canelones-con-historia-la-receta-familiar-del-chef-aquiles-chavez\\\/\",\"url\":\"https:\\\/\\\/www.alasmedios.com\\\/index.php\\\/2025\\\/11\\\/24\\\/canelones-con-historia-la-receta-familiar-del-chef-aquiles-chavez\\\/\",\"name\":\"Canelones con historia: la receta familiar del chef Aquiles Ch\u00e1vez - Alas Medios\",\"isPartOf\":{\"@id\":\"https:\\\/\\\/www.alasmedios.com\\\/#website\"},\"primaryImageOfPage\":{\"@id\":\"https:\\\/\\\/www.alasmedios.com\\\/index.php\\\/2025\\\/11\\\/24\\\/canelones-con-historia-la-receta-familiar-del-chef-aquiles-chavez\\\/#primaryimage\"},\"image\":{\"@id\":\"https:\\\/\\\/www.alasmedios.com\\\/index.php\\\/2025\\\/11\\\/24\\\/canelones-con-historia-la-receta-familiar-del-chef-aquiles-chavez\\\/#primaryimage\"},\"thumbnailUrl\":\"https:\\\/\\\/www.alasmedios.com\\\/wp-content\\\/uploads\\\/2025\\\/11\\\/Los-Canelones-de-mi-Mama.png\",\"datePublished\":\"2025-11-24T19:11:03+00:00\",\"breadcrumb\":{\"@id\":\"https:\\\/\\\/www.alasmedios.com\\\/index.php\\\/2025\\\/11\\\/24\\\/canelones-con-historia-la-receta-familiar-del-chef-aquiles-chavez\\\/#breadcrumb\"},\"inLanguage\":\"es\",\"potentialAction\":[{\"@type\":\"ReadAction\",\"target\":[\"https:\\\/\\\/www.alasmedios.com\\\/index.php\\\/2025\\\/11\\\/24\\\/canelones-con-historia-la-receta-familiar-del-chef-aquiles-chavez\\\/\"]}]},{\"@type\":\"ImageObject\",\"inLanguage\":\"es\",\"@id\":\"https:\\\/\\\/www.alasmedios.com\\\/index.php\\\/2025\\\/11\\\/24\\\/canelones-con-historia-la-receta-familiar-del-chef-aquiles-chavez\\\/#primaryimage\",\"url\":\"https:\\\/\\\/www.alasmedios.com\\\/wp-content\\\/uploads\\\/2025\\\/11\\\/Los-Canelones-de-mi-Mama.png\",\"contentUrl\":\"https:\\\/\\\/www.alasmedios.com\\\/wp-content\\\/uploads\\\/2025\\\/11\\\/Los-Canelones-de-mi-Mama.png\",\"width\":2000,\"height\":1214},{\"@type\":\"BreadcrumbList\",\"@id\":\"https:\\\/\\\/www.alasmedios.com\\\/index.php\\\/2025\\\/11\\\/24\\\/canelones-con-historia-la-receta-familiar-del-chef-aquiles-chavez\\\/#breadcrumb\",\"itemListElement\":[{\"@type\":\"ListItem\",\"position\":1,\"name\":\"Inicio\",\"item\":\"https:\\\/\\\/www.alasmedios.com\\\/\"},{\"@type\":\"ListItem\",\"position\":2,\"name\":\"Canelones con historia: la receta familiar del chef Aquiles Ch\u00e1vez\"}]},{\"@type\":\"WebSite\",\"@id\":\"https:\\\/\\\/www.alasmedios.com\\\/#website\",\"url\":\"https:\\\/\\\/www.alasmedios.com\\\/\",\"name\":\"Alas Medios\",\"description\":\"Alas para pensar, Alas para volar, Alas de libertad\",\"publisher\":{\"@id\":\"https:\\\/\\\/www.alasmedios.com\\\/#organization\"},\"potentialAction\":[{\"@type\":\"SearchAction\",\"target\":{\"@type\":\"EntryPoint\",\"urlTemplate\":\"https:\\\/\\\/www.alasmedios.com\\\/?s={search_term_string}\"},\"query-input\":{\"@type\":\"PropertyValueSpecification\",\"valueRequired\":true,\"valueName\":\"search_term_string\"}}],\"inLanguage\":\"es\"},{\"@type\":\"Organization\",\"@id\":\"https:\\\/\\\/www.alasmedios.com\\\/#organization\",\"name\":\"Alas Medios\",\"url\":\"https:\\\/\\\/www.alasmedios.com\\\/\",\"logo\":{\"@type\":\"ImageObject\",\"inLanguage\":\"es\",\"@id\":\"https:\\\/\\\/www.alasmedios.com\\\/#\\\/schema\\\/logo\\\/image\\\/\",\"url\":\"https:\\\/\\\/www.alasmedios.com\\\/wp-content\\\/uploads\\\/2026\\\/01\\\/cropped-cropped-GAM-1.png\",\"contentUrl\":\"https:\\\/\\\/www.alasmedios.com\\\/wp-content\\\/uploads\\\/2026\\\/01\\\/cropped-cropped-GAM-1.png\",\"width\":467,\"height\":235,\"caption\":\"Alas Medios\"},\"image\":{\"@id\":\"https:\\\/\\\/www.alasmedios.com\\\/#\\\/schema\\\/logo\\\/image\\\/\"}},{\"@type\":\"Person\",\"@id\":\"https:\\\/\\\/www.alasmedios.com\\\/#\\\/schema\\\/person\\\/0ba31bdd19a05ebf5c7fef1fedf99c34\",\"name\":\"Keila Rodr\u00edguez Pe\u00f1a\",\"image\":{\"@type\":\"ImageObject\",\"inLanguage\":\"es\",\"@id\":\"https:\\\/\\\/secure.gravatar.com\\\/avatar\\\/a2553a2bfaa601b9d539b617c8793e151bdffb60f9e48a249912f86d4c9ebeef?s=96&d=mm&r=g\",\"url\":\"https:\\\/\\\/secure.gravatar.com\\\/avatar\\\/a2553a2bfaa601b9d539b617c8793e151bdffb60f9e48a249912f86d4c9ebeef?s=96&d=mm&r=g\",\"contentUrl\":\"https:\\\/\\\/secure.gravatar.com\\\/avatar\\\/a2553a2bfaa601b9d539b617c8793e151bdffb60f9e48a249912f86d4c9ebeef?s=96&d=mm&r=g\",\"caption\":\"Keila Rodr\u00edguez Pe\u00f1a\"},\"sameAs\":[\"http:\\\/\\\/www.alasmedios.com\"],\"url\":\"https:\\\/\\\/www.alasmedios.com\\\/index.php\\\/author\\\/keila\\\/\"}]}<\/script>\r\n<!-- \/ Yoast SEO plugin. -->","yoast_head_json":{"title":"Canelones con historia: la receta familiar del chef Aquiles Ch\u00e1vez - Alas Medios","robots":{"index":"index","follow":"follow","max-snippet":"max-snippet:-1","max-image-preview":"max-image-preview:large","max-video-preview":"max-video-preview:-1"},"canonical":"https:\/\/www.alasmedios.com\/index.php\/2025\/11\/24\/canelones-con-historia-la-receta-familiar-del-chef-aquiles-chavez\/","og_locale":"es_MX","og_type":"article","og_title":"Canelones con historia: la receta familiar del chef Aquiles Ch\u00e1vez - Alas Medios","og_description":"Las fiestas decembrinas despiertan antojos que saben a reuni\u00f3n familiar, sobremesa y tradiciones que se heredan. Desde la cocina del","og_url":"https:\/\/www.alasmedios.com\/index.php\/2025\/11\/24\/canelones-con-historia-la-receta-familiar-del-chef-aquiles-chavez\/","og_site_name":"Alas Medios","article_published_time":"2025-11-24T19:11:03+00:00","og_image":[{"width":2000,"height":1214,"url":"https:\/\/www.alasmedios.com\/wp-content\/uploads\/2025\/11\/Los-Canelones-de-mi-Mama.png","type":"image\/png"}],"author":"Keila Rodr\u00edguez Pe\u00f1a","twitter_card":"summary_large_image","twitter_misc":{"Escrito por":"Keila Rodr\u00edguez Pe\u00f1a","Tiempo de lectura":"2 minutos"},"schema":{"@context":"https:\/\/schema.org","@graph":[{"@type":"Article","@id":"https:\/\/www.alasmedios.com\/index.php\/2025\/11\/24\/canelones-con-historia-la-receta-familiar-del-chef-aquiles-chavez\/#article","isPartOf":{"@id":"https:\/\/www.alasmedios.com\/index.php\/2025\/11\/24\/canelones-con-historia-la-receta-familiar-del-chef-aquiles-chavez\/"},"author":{"name":"Keila Rodr\u00edguez Pe\u00f1a","@id":"https:\/\/www.alasmedios.com\/#\/schema\/person\/0ba31bdd19a05ebf5c7fef1fedf99c34"},"headline":"Canelones con historia: la receta familiar del chef Aquiles Ch\u00e1vez","datePublished":"2025-11-24T19:11:03+00:00","mainEntityOfPage":{"@id":"https:\/\/www.alasmedios.com\/index.php\/2025\/11\/24\/canelones-con-historia-la-receta-familiar-del-chef-aquiles-chavez\/"},"wordCount":422,"commentCount":0,"publisher":{"@id":"https:\/\/www.alasmedios.com\/#organization"},"image":{"@id":"https:\/\/www.alasmedios.com\/index.php\/2025\/11\/24\/canelones-con-historia-la-receta-familiar-del-chef-aquiles-chavez\/#primaryimage"},"thumbnailUrl":"https:\/\/www.alasmedios.com\/wp-content\/uploads\/2025\/11\/Los-Canelones-de-mi-Mama.png","keywords":["Aquiles Ch\u00e1vez","canelones","cocina","Los Canelones de mi Mam\u00e1","navidad","receta"],"articleSection":["El Gusto es Nuestro"],"inLanguage":"es","potentialAction":[{"@type":"CommentAction","name":"Comment","target":["https:\/\/www.alasmedios.com\/index.php\/2025\/11\/24\/canelones-con-historia-la-receta-familiar-del-chef-aquiles-chavez\/#respond"]}]},{"@type":"WebPage","@id":"https:\/\/www.alasmedios.com\/index.php\/2025\/11\/24\/canelones-con-historia-la-receta-familiar-del-chef-aquiles-chavez\/","url":"https:\/\/www.alasmedios.com\/index.php\/2025\/11\/24\/canelones-con-historia-la-receta-familiar-del-chef-aquiles-chavez\/","name":"Canelones con historia: la receta familiar del chef Aquiles Ch\u00e1vez - Alas Medios","isPartOf":{"@id":"https:\/\/www.alasmedios.com\/#website"},"primaryImageOfPage":{"@id":"https:\/\/www.alasmedios.com\/index.php\/2025\/11\/24\/canelones-con-historia-la-receta-familiar-del-chef-aquiles-chavez\/#primaryimage"},"image":{"@id":"https:\/\/www.alasmedios.com\/index.php\/2025\/11\/24\/canelones-con-historia-la-receta-familiar-del-chef-aquiles-chavez\/#primaryimage"},"thumbnailUrl":"https:\/\/www.alasmedios.com\/wp-content\/uploads\/2025\/11\/Los-Canelones-de-mi-Mama.png","datePublished":"2025-11-24T19:11:03+00:00","breadcrumb":{"@id":"https:\/\/www.alasmedios.com\/index.php\/2025\/11\/24\/canelones-con-historia-la-receta-familiar-del-chef-aquiles-chavez\/#breadcrumb"},"inLanguage":"es","potentialAction":[{"@type":"ReadAction","target":["https:\/\/www.alasmedios.com\/index.php\/2025\/11\/24\/canelones-con-historia-la-receta-familiar-del-chef-aquiles-chavez\/"]}]},{"@type":"ImageObject","inLanguage":"es","@id":"https:\/\/www.alasmedios.com\/index.php\/2025\/11\/24\/canelones-con-historia-la-receta-familiar-del-chef-aquiles-chavez\/#primaryimage","url":"https:\/\/www.alasmedios.com\/wp-content\/uploads\/2025\/11\/Los-Canelones-de-mi-Mama.png","contentUrl":"https:\/\/www.alasmedios.com\/wp-content\/uploads\/2025\/11\/Los-Canelones-de-mi-Mama.png","width":2000,"height":1214},{"@type":"BreadcrumbList","@id":"https:\/\/www.alasmedios.com\/index.php\/2025\/11\/24\/canelones-con-historia-la-receta-familiar-del-chef-aquiles-chavez\/#breadcrumb","itemListElement":[{"@type":"ListItem","position":1,"name":"Inicio","item":"https:\/\/www.alasmedios.com\/"},{"@type":"ListItem","position":2,"name":"Canelones con historia: la receta familiar del chef Aquiles Ch\u00e1vez"}]},{"@type":"WebSite","@id":"https:\/\/www.alasmedios.com\/#website","url":"https:\/\/www.alasmedios.com\/","name":"Alas Medios","description":"Alas para pensar, Alas para volar, Alas de libertad","publisher":{"@id":"https:\/\/www.alasmedios.com\/#organization"},"potentialAction":[{"@type":"SearchAction","target":{"@type":"EntryPoint","urlTemplate":"https:\/\/www.alasmedios.com\/?s={search_term_string}"},"query-input":{"@type":"PropertyValueSpecification","valueRequired":true,"valueName":"search_term_string"}}],"inLanguage":"es"},{"@type":"Organization","@id":"https:\/\/www.alasmedios.com\/#organization","name":"Alas Medios","url":"https:\/\/www.alasmedios.com\/","logo":{"@type":"ImageObject","inLanguage":"es","@id":"https:\/\/www.alasmedios.com\/#\/schema\/logo\/image\/","url":"https:\/\/www.alasmedios.com\/wp-content\/uploads\/2026\/01\/cropped-cropped-GAM-1.png","contentUrl":"https:\/\/www.alasmedios.com\/wp-content\/uploads\/2026\/01\/cropped-cropped-GAM-1.png","width":467,"height":235,"caption":"Alas Medios"},"image":{"@id":"https:\/\/www.alasmedios.com\/#\/schema\/logo\/image\/"}},{"@type":"Person","@id":"https:\/\/www.alasmedios.com\/#\/schema\/person\/0ba31bdd19a05ebf5c7fef1fedf99c34","name":"Keila Rodr\u00edguez Pe\u00f1a","image":{"@type":"ImageObject","inLanguage":"es","@id":"https:\/\/secure.gravatar.com\/avatar\/a2553a2bfaa601b9d539b617c8793e151bdffb60f9e48a249912f86d4c9ebeef?s=96&d=mm&r=g","url":"https:\/\/secure.gravatar.com\/avatar\/a2553a2bfaa601b9d539b617c8793e151bdffb60f9e48a249912f86d4c9ebeef?s=96&d=mm&r=g","contentUrl":"https:\/\/secure.gravatar.com\/avatar\/a2553a2bfaa601b9d539b617c8793e151bdffb60f9e48a249912f86d4c9ebeef?s=96&d=mm&r=g","caption":"Keila Rodr\u00edguez Pe\u00f1a"},"sameAs":["http:\/\/www.alasmedios.com"],"url":"https:\/\/www.alasmedios.com\/index.php\/author\/keila\/"}]}},"_links":{"self":[{"href":"https:\/\/www.alasmedios.com\/index.php\/wp-json\/wp\/v2\/posts\/6905","targetHints":{"allow":["GET"]}}],"collection":[{"href":"https:\/\/www.alasmedios.com\/index.php\/wp-json\/wp\/v2\/posts"}],"about":[{"href":"https:\/\/www.alasmedios.com\/index.php\/wp-json\/wp\/v2\/types\/post"}],"author":[{"embeddable":true,"href":"https:\/\/www.alasmedios.com\/index.php\/wp-json\/wp\/v2\/users\/4"}],"replies":[{"embeddable":true,"href":"https:\/\/www.alasmedios.com\/index.php\/wp-json\/wp\/v2\/comments?post=6905"}],"version-history":[{"count":1,"href":"https:\/\/www.alasmedios.com\/index.php\/wp-json\/wp\/v2\/posts\/6905\/revisions"}],"predecessor-version":[{"id":6907,"href":"https:\/\/www.alasmedios.com\/index.php\/wp-json\/wp\/v2\/posts\/6905\/revisions\/6907"}],"wp:featuredmedia":[{"embeddable":true,"href":"https:\/\/www.alasmedios.com\/index.php\/wp-json\/wp\/v2\/media\/6906"}],"wp:attachment":[{"href":"https:\/\/www.alasmedios.com\/index.php\/wp-json\/wp\/v2\/media?parent=6905"}],"wp:term":[{"taxonomy":"category","embeddable":true,"href":"https:\/\/www.alasmedios.com\/index.php\/wp-json\/wp\/v2\/categories?post=6905"},{"taxonomy":"post_tag","embeddable":true,"href":"https:\/\/www.alasmedios.com\/index.php\/wp-json\/wp\/v2\/tags?post=6905"}],"curies":[{"name":"wp","href":"https:\/\/api.w.org\/{rel}","templated":true}]}}