{"id":6901,"date":"2025-11-22T12:22:29","date_gmt":"2025-11-22T18:22:29","guid":{"rendered":"https:\/\/www.alasmedios.com\/?p=6901"},"modified":"2025-11-22T12:22:31","modified_gmt":"2025-11-22T18:22:31","slug":"tizayuca-invita-a-reflexionar-sobre-igualdad-y-violencia-de-genero","status":"publish","type":"post","link":"https:\/\/www.alasmedios.com\/index.php\/2025\/11\/22\/tizayuca-invita-a-reflexionar-sobre-igualdad-y-violencia-de-genero\/","title":{"rendered":"Tizayuca invita a reflexionar sobre igualdad y violencia de g\u00e9nero"},"content":{"rendered":"\n<p>La <strong>Instancia Municipal de la Mujer Tizayuca<\/strong>, en coordinaci\u00f3n con el <strong>Sistema DIF Municipal<\/strong>, anunci\u00f3 la presentaci\u00f3n del mon\u00f3logo <strong>\u201cY t\u00fa que te cre\u00edas el rey de todo\u201d<\/strong>, una puesta en escena que combina humor y reflexi\u00f3n para cuestionar los <strong>roles tradicionales<\/strong>, las <strong>diferencias<\/strong> y las <strong>similitudes<\/strong> entre mujeres y hombres, con el fin de promover la <strong>equidad<\/strong> y la <strong>igualdad<\/strong>.<\/p>\n\n\n\n<p>La funci\u00f3n se llevar\u00e1 a cabo el <strong>lunes 8 de diciembre<\/strong>, en el <strong>Auditorio de Ciudad Administrativa<\/strong>, a las <strong>4:30 p.m.<\/strong>. La convocatoria invita a las y los asistentes a portar una <strong>prenda color naranja<\/strong>, s\u00edmbolo del compromiso con la <strong>erradicaci\u00f3n de la violencia contra las mujeres y las ni\u00f1as<\/strong>.<\/p>\n\n\n\n<p>CONTIN\u00daA LEYENDO: <a href=\"https:\/\/www.alasmedios.com\/index.php\/2025\/11\/22\/tepeapulco-invitan-a-cine-debate-contra-la-violencia-de-genero\/\" data-type=\"post\" data-id=\"6892\">Tepeapulco invitan a Cine Debate contra la violencia de g\u00e9nero<\/a><\/p>\n\n\n\n<figure class=\"wp-block-image size-large\"><img loading=\"lazy\" decoding=\"async\" width=\"812\" height=\"1024\" src=\"https:\/\/www.alasmedios.com\/wp-content\/uploads\/2025\/11\/Tizayuca-invita-a-reflexionar-sobre-igualdad-y-violencia-de-genero-1-812x1024.jpg\" alt=\"\" class=\"wp-image-6903\" srcset=\"https:\/\/www.alasmedios.com\/wp-content\/uploads\/2025\/11\/Tizayuca-invita-a-reflexionar-sobre-igualdad-y-violencia-de-genero-1-812x1024.jpg 812w, https:\/\/www.alasmedios.com\/wp-content\/uploads\/2025\/11\/Tizayuca-invita-a-reflexionar-sobre-igualdad-y-violencia-de-genero-1-238x300.jpg 238w, https:\/\/www.alasmedios.com\/wp-content\/uploads\/2025\/11\/Tizayuca-invita-a-reflexionar-sobre-igualdad-y-violencia-de-genero-1-768x969.jpg 768w, https:\/\/www.alasmedios.com\/wp-content\/uploads\/2025\/11\/Tizayuca-invita-a-reflexionar-sobre-igualdad-y-violencia-de-genero-1.jpg 1015w\" sizes=\"auto, (max-width: 812px) 100vw, 812px\" \/><\/figure>\n\n\n\n<p>Esta actividad forma parte de la programaci\u00f3n especial impulsada por la <strong>Instancia Municipal de la Mujer Tizayuca<\/strong> en el marco del <strong>25N<\/strong>, D\u00eda Internacional de la Eliminaci\u00f3n de la Violencia contra las Mujeres y las Ni\u00f1as, y en sinton\u00eda con los <strong>16 d\u00edas de activismo<\/strong> que cada a\u00f1o buscan visibilizar, concientizar y promover acciones para transformar esta realidad.<\/p>\n\n\n<ul class=\"wp-block-latest-posts__list is-grid columns-3 wp-block-latest-posts\"><li><div class=\"wp-block-latest-posts__featured-image\"><img loading=\"lazy\" decoding=\"async\" width=\"150\" height=\"150\" src=\"https:\/\/www.alasmedios.com\/wp-content\/uploads\/2026\/05\/AMPEP-inteligencia-artificial-150x150.jpg\" class=\"attachment-thumbnail size-thumbnail wp-post-image\" alt=\"\" style=\"\" \/><\/div><a class=\"wp-block-latest-posts__post-title\" href=\"https:\/\/www.alasmedios.com\/index.php\/2026\/05\/01\/periodismo-frente-a-la-ia-ampep-asume-liderazgo-y-apuesta-por-contar-historias-con-alma\/\">Periodismo frente a la IA: AMPEP asume liderazgo y apuesta por contar historias con \u201calma\u201d<\/a><\/li>\n<li><div class=\"wp-block-latest-posts__featured-image\"><img loading=\"lazy\" decoding=\"async\" width=\"150\" height=\"150\" src=\"https:\/\/www.alasmedios.com\/wp-content\/uploads\/2026\/05\/Hidalgo-viene-un-respiro-con-el-frente-frio-48-150x150.png\" class=\"attachment-thumbnail size-thumbnail wp-post-image\" alt=\"\" style=\"\" \/><\/div><a class=\"wp-block-latest-posts__post-title\" href=\"https:\/\/www.alasmedios.com\/index.php\/2026\/05\/01\/frente-frio-48-un-alivio-asi-impactara-en-hidalgo\/\">Frente fr\u00edo 48, un alivio: as\u00ed impactar\u00e1 en Hidalgo<\/a><\/li>\n<li><div class=\"wp-block-latest-posts__featured-image\"><img loading=\"lazy\" decoding=\"async\" width=\"150\" height=\"150\" src=\"https:\/\/www.alasmedios.com\/wp-content\/uploads\/2026\/05\/mujeres-depresion-posparto-150x150.png\" class=\"attachment-thumbnail size-thumbnail wp-post-image\" alt=\"\" style=\"\" \/><\/div><a class=\"wp-block-latest-posts__post-title\" href=\"https:\/\/www.alasmedios.com\/index.php\/2026\/05\/01\/1-de-cada-15-mujeres-sufre-depresion-posparto\/\">1 de cada 15 mujeres sufre depresi\u00f3n posparto<\/a><\/li>\n<\/ul>","protected":false},"excerpt":{"rendered":"<p>La Instancia Municipal de la Mujer Tizayuca, en coordinaci\u00f3n con el Sistema DIF Municipal, anunci\u00f3 la presentaci\u00f3n del mon\u00f3logo \u201cY<\/p>\n","protected":false},"author":4,"featured_media":6902,"comment_status":"open","ping_status":"open","sticky":false,"template":"","format":"standard","meta":{"colormag_page_container_layout":"default_layout","colormag_page_sidebar_layout":"default_layout","rop_custom_images_group":[],"rop_custom_messages_group":[],"rop_publish_now":"initial","rop_publish_now_accounts":[],"rop_publish_now_history":[],"rop_publish_now_status":"pending","iawp_total_views":0,"footnotes":""},"categories":[41],"tags":[895,893,3053,99,53,652,121],"class_list":["post-6901","post","type-post","status-publish","format-standard","has-post-thumbnail","hentry","category-hidalgo","tag-16-dias-de-activismo","tag-25n","tag-dia-internacional-de-la-eliminacion-de-la-violencia-contra-las-mujeres-y-las-ninas","tag-hidalgo","tag-mujeres","tag-tizayuca","tag-violencia-de-genero-2"],"magazineBlocksPostFeaturedMedia":{"thumbnail":"https:\/\/www.alasmedios.com\/wp-content\/uploads\/2025\/11\/Tizayuca-invita-a-reflexionar-sobre-igualdad-y-violencia-de-genero-150x150.png","medium":"https:\/\/www.alasmedios.com\/wp-content\/uploads\/2025\/11\/Tizayuca-invita-a-reflexionar-sobre-igualdad-y-violencia-de-genero-300x182.png","medium_large":"https:\/\/www.alasmedios.com\/wp-content\/uploads\/2025\/11\/Tizayuca-invita-a-reflexionar-sobre-igualdad-y-violencia-de-genero-768x466.png","large":"https:\/\/www.alasmedios.com\/wp-content\/uploads\/2025\/11\/Tizayuca-invita-a-reflexionar-sobre-igualdad-y-violencia-de-genero-1024x622.png","1536x1536":"https:\/\/www.alasmedios.com\/wp-content\/uploads\/2025\/11\/Tizayuca-invita-a-reflexionar-sobre-igualdad-y-violencia-de-genero-1536x932.png","2048x2048":"https:\/\/www.alasmedios.com\/wp-content\/uploads\/2025\/11\/Tizayuca-invita-a-reflexionar-sobre-igualdad-y-violencia-de-genero.png","colormag-highlighted-post":"https:\/\/www.alasmedios.com\/wp-content\/uploads\/2025\/11\/Tizayuca-invita-a-reflexionar-sobre-igualdad-y-violencia-de-genero-392x272.png","colormag-featured-post-medium":"https:\/\/www.alasmedios.com\/wp-content\/uploads\/2025\/11\/Tizayuca-invita-a-reflexionar-sobre-igualdad-y-violencia-de-genero-390x205.png","colormag-featured-post-small":"https:\/\/www.alasmedios.com\/wp-content\/uploads\/2025\/11\/Tizayuca-invita-a-reflexionar-sobre-igualdad-y-violencia-de-genero-130x90.png","colormag-featured-image":"https:\/\/www.alasmedios.com\/wp-content\/uploads\/2025\/11\/Tizayuca-invita-a-reflexionar-sobre-igualdad-y-violencia-de-genero-800x445.png","colormag-default-news":"https:\/\/www.alasmedios.com\/wp-content\/uploads\/2025\/11\/Tizayuca-invita-a-reflexionar-sobre-igualdad-y-violencia-de-genero-150x150.png","colormag-featured-image-large":"https:\/\/www.alasmedios.com\/wp-content\/uploads\/2025\/11\/Tizayuca-invita-a-reflexionar-sobre-igualdad-y-violencia-de-genero-1400x600.png"},"magazineBlocksPostAuthor":{"name":"Keila Rodr\u00edguez Pe\u00f1a","avatar":"https:\/\/secure.gravatar.com\/avatar\/a2553a2bfaa601b9d539b617c8793e151bdffb60f9e48a249912f86d4c9ebeef?s=96&d=mm&r=g"},"magazineBlocksPostCommentsNumber":"0","magazineBlocksPostExcerpt":"La Instancia Municipal de la Mujer Tizayuca, en coordinaci\u00f3n con el Sistema DIF Municipal, anunci\u00f3 la presentaci\u00f3n del mon\u00f3logo \u201cY","magazineBlocksPostCategories":["Hidalgo"],"magazineBlocksPostViewCount":136,"magazineBlocksPostReadTime":1,"magazine_blocks_featured_image_url":{"full":["https:\/\/www.alasmedios.com\/wp-content\/uploads\/2025\/11\/Tizayuca-invita-a-reflexionar-sobre-igualdad-y-violencia-de-genero.png",2000,1214,false],"medium":["https:\/\/www.alasmedios.com\/wp-content\/uploads\/2025\/11\/Tizayuca-invita-a-reflexionar-sobre-igualdad-y-violencia-de-genero-300x182.png",300,182,true],"thumbnail":["https:\/\/www.alasmedios.com\/wp-content\/uploads\/2025\/11\/Tizayuca-invita-a-reflexionar-sobre-igualdad-y-violencia-de-genero-150x150.png",150,150,true]},"magazine_blocks_author":{"display_name":"Keila Rodr\u00edguez Pe\u00f1a","author_link":"https:\/\/www.alasmedios.com\/index.php\/author\/keila\/"},"magazine_blocks_comment":0,"magazine_blocks_author_image":"https:\/\/secure.gravatar.com\/avatar\/a2553a2bfaa601b9d539b617c8793e151bdffb60f9e48a249912f86d4c9ebeef?s=96&d=mm&r=g","magazine_blocks_category":"<a href=\"#\" class=\"category-link category-link-41\">Hidalgo<\/a>","yoast_head":"<!-- This site is optimized with the Yoast SEO plugin v27.5 - https:\/\/yoast.com\/product\/yoast-seo-wordpress\/ -->\r\n<title>Tizayuca invita a reflexionar sobre igualdad y violencia de g\u00e9nero - Alas Medios<\/title>\r\n<meta name=\"robots\" content=\"index, follow, max-snippet:-1, max-image-preview:large, max-video-preview:-1\" \/>\r\n<link rel=\"canonical\" href=\"https:\/\/www.alasmedios.com\/index.php\/2025\/11\/22\/tizayuca-invita-a-reflexionar-sobre-igualdad-y-violencia-de-genero\/\" \/>\r\n<meta property=\"og:locale\" content=\"es_MX\" \/>\r\n<meta property=\"og:type\" content=\"article\" \/>\r\n<meta property=\"og:title\" content=\"Tizayuca invita a reflexionar sobre igualdad y violencia de g\u00e9nero - Alas Medios\" \/>\r\n<meta property=\"og:description\" content=\"La Instancia Municipal de la Mujer Tizayuca, en coordinaci\u00f3n con el Sistema DIF Municipal, anunci\u00f3 la presentaci\u00f3n del mon\u00f3logo \u201cY\" \/>\r\n<meta property=\"og:url\" content=\"https:\/\/www.alasmedios.com\/index.php\/2025\/11\/22\/tizayuca-invita-a-reflexionar-sobre-igualdad-y-violencia-de-genero\/\" \/>\r\n<meta property=\"og:site_name\" content=\"Alas Medios\" \/>\r\n<meta property=\"article:published_time\" content=\"2025-11-22T18:22:29+00:00\" \/>\r\n<meta property=\"article:modified_time\" content=\"2025-11-22T18:22:31+00:00\" \/>\r\n<meta property=\"og:image\" content=\"https:\/\/www.alasmedios.com\/wp-content\/uploads\/2025\/11\/Tizayuca-invita-a-reflexionar-sobre-igualdad-y-violencia-de-genero.png\" \/>\r\n\t<meta property=\"og:image:width\" content=\"2000\" \/>\r\n\t<meta property=\"og:image:height\" content=\"1214\" \/>\r\n\t<meta property=\"og:image:type\" content=\"image\/png\" \/>\r\n<meta name=\"author\" content=\"Keila Rodr\u00edguez Pe\u00f1a\" \/>\r\n<meta name=\"twitter:card\" content=\"summary_large_image\" \/>\r\n<meta name=\"twitter:label1\" content=\"Escrito por\" \/>\n\t<meta name=\"twitter:data1\" content=\"Keila Rodr\u00edguez Pe\u00f1a\" \/>\n\t<meta name=\"twitter:label2\" content=\"Tiempo de lectura\" \/>\n\t<meta name=\"twitter:data2\" content=\"1 minuto\" \/>\r\n<script type=\"application\/ld+json\" class=\"yoast-schema-graph\">{\"@context\":\"https:\\\/\\\/schema.org\",\"@graph\":[{\"@type\":\"Article\",\"@id\":\"https:\\\/\\\/www.alasmedios.com\\\/index.php\\\/2025\\\/11\\\/22\\\/tizayuca-invita-a-reflexionar-sobre-igualdad-y-violencia-de-genero\\\/#article\",\"isPartOf\":{\"@id\":\"https:\\\/\\\/www.alasmedios.com\\\/index.php\\\/2025\\\/11\\\/22\\\/tizayuca-invita-a-reflexionar-sobre-igualdad-y-violencia-de-genero\\\/\"},\"author\":{\"name\":\"Keila Rodr\u00edguez Pe\u00f1a\",\"@id\":\"https:\\\/\\\/www.alasmedios.com\\\/#\\\/schema\\\/person\\\/0ba31bdd19a05ebf5c7fef1fedf99c34\"},\"headline\":\"Tizayuca invita a reflexionar sobre igualdad y violencia de g\u00e9nero\",\"datePublished\":\"2025-11-22T18:22:29+00:00\",\"dateModified\":\"2025-11-22T18:22:31+00:00\",\"mainEntityOfPage\":{\"@id\":\"https:\\\/\\\/www.alasmedios.com\\\/index.php\\\/2025\\\/11\\\/22\\\/tizayuca-invita-a-reflexionar-sobre-igualdad-y-violencia-de-genero\\\/\"},\"wordCount\":208,\"commentCount\":0,\"publisher\":{\"@id\":\"https:\\\/\\\/www.alasmedios.com\\\/#organization\"},\"image\":{\"@id\":\"https:\\\/\\\/www.alasmedios.com\\\/index.php\\\/2025\\\/11\\\/22\\\/tizayuca-invita-a-reflexionar-sobre-igualdad-y-violencia-de-genero\\\/#primaryimage\"},\"thumbnailUrl\":\"https:\\\/\\\/www.alasmedios.com\\\/wp-content\\\/uploads\\\/2025\\\/11\\\/Tizayuca-invita-a-reflexionar-sobre-igualdad-y-violencia-de-genero.png\",\"keywords\":[\"16 d\u00edas de activismo\",\"25N\",\"D\u00eda Internacional de la Eliminaci\u00f3n de la Violencia contra las Mujeres y las Ni\u00f1as\",\"Hidalgo\",\"Mujeres\",\"Tizayuca\",\"violencia de g\u00e9nero\"],\"articleSection\":[\"Hidalgo\"],\"inLanguage\":\"es\",\"potentialAction\":[{\"@type\":\"CommentAction\",\"name\":\"Comment\",\"target\":[\"https:\\\/\\\/www.alasmedios.com\\\/index.php\\\/2025\\\/11\\\/22\\\/tizayuca-invita-a-reflexionar-sobre-igualdad-y-violencia-de-genero\\\/#respond\"]}]},{\"@type\":\"WebPage\",\"@id\":\"https:\\\/\\\/www.alasmedios.com\\\/index.php\\\/2025\\\/11\\\/22\\\/tizayuca-invita-a-reflexionar-sobre-igualdad-y-violencia-de-genero\\\/\",\"url\":\"https:\\\/\\\/www.alasmedios.com\\\/index.php\\\/2025\\\/11\\\/22\\\/tizayuca-invita-a-reflexionar-sobre-igualdad-y-violencia-de-genero\\\/\",\"name\":\"Tizayuca invita a reflexionar sobre igualdad y violencia de g\u00e9nero - Alas Medios\",\"isPartOf\":{\"@id\":\"https:\\\/\\\/www.alasmedios.com\\\/#website\"},\"primaryImageOfPage\":{\"@id\":\"https:\\\/\\\/www.alasmedios.com\\\/index.php\\\/2025\\\/11\\\/22\\\/tizayuca-invita-a-reflexionar-sobre-igualdad-y-violencia-de-genero\\\/#primaryimage\"},\"image\":{\"@id\":\"https:\\\/\\\/www.alasmedios.com\\\/index.php\\\/2025\\\/11\\\/22\\\/tizayuca-invita-a-reflexionar-sobre-igualdad-y-violencia-de-genero\\\/#primaryimage\"},\"thumbnailUrl\":\"https:\\\/\\\/www.alasmedios.com\\\/wp-content\\\/uploads\\\/2025\\\/11\\\/Tizayuca-invita-a-reflexionar-sobre-igualdad-y-violencia-de-genero.png\",\"datePublished\":\"2025-11-22T18:22:29+00:00\",\"dateModified\":\"2025-11-22T18:22:31+00:00\",\"breadcrumb\":{\"@id\":\"https:\\\/\\\/www.alasmedios.com\\\/index.php\\\/2025\\\/11\\\/22\\\/tizayuca-invita-a-reflexionar-sobre-igualdad-y-violencia-de-genero\\\/#breadcrumb\"},\"inLanguage\":\"es\",\"potentialAction\":[{\"@type\":\"ReadAction\",\"target\":[\"https:\\\/\\\/www.alasmedios.com\\\/index.php\\\/2025\\\/11\\\/22\\\/tizayuca-invita-a-reflexionar-sobre-igualdad-y-violencia-de-genero\\\/\"]}]},{\"@type\":\"ImageObject\",\"inLanguage\":\"es\",\"@id\":\"https:\\\/\\\/www.alasmedios.com\\\/index.php\\\/2025\\\/11\\\/22\\\/tizayuca-invita-a-reflexionar-sobre-igualdad-y-violencia-de-genero\\\/#primaryimage\",\"url\":\"https:\\\/\\\/www.alasmedios.com\\\/wp-content\\\/uploads\\\/2025\\\/11\\\/Tizayuca-invita-a-reflexionar-sobre-igualdad-y-violencia-de-genero.png\",\"contentUrl\":\"https:\\\/\\\/www.alasmedios.com\\\/wp-content\\\/uploads\\\/2025\\\/11\\\/Tizayuca-invita-a-reflexionar-sobre-igualdad-y-violencia-de-genero.png\",\"width\":2000,\"height\":1214},{\"@type\":\"BreadcrumbList\",\"@id\":\"https:\\\/\\\/www.alasmedios.com\\\/index.php\\\/2025\\\/11\\\/22\\\/tizayuca-invita-a-reflexionar-sobre-igualdad-y-violencia-de-genero\\\/#breadcrumb\",\"itemListElement\":[{\"@type\":\"ListItem\",\"position\":1,\"name\":\"Inicio\",\"item\":\"https:\\\/\\\/www.alasmedios.com\\\/\"},{\"@type\":\"ListItem\",\"position\":2,\"name\":\"Tizayuca invita a reflexionar sobre igualdad y violencia de g\u00e9nero\"}]},{\"@type\":\"WebSite\",\"@id\":\"https:\\\/\\\/www.alasmedios.com\\\/#website\",\"url\":\"https:\\\/\\\/www.alasmedios.com\\\/\",\"name\":\"Alas Medios\",\"description\":\"Alas para pensar, Alas para volar, Alas de libertad\",\"publisher\":{\"@id\":\"https:\\\/\\\/www.alasmedios.com\\\/#organization\"},\"potentialAction\":[{\"@type\":\"SearchAction\",\"target\":{\"@type\":\"EntryPoint\",\"urlTemplate\":\"https:\\\/\\\/www.alasmedios.com\\\/?s={search_term_string}\"},\"query-input\":{\"@type\":\"PropertyValueSpecification\",\"valueRequired\":true,\"valueName\":\"search_term_string\"}}],\"inLanguage\":\"es\"},{\"@type\":\"Organization\",\"@id\":\"https:\\\/\\\/www.alasmedios.com\\\/#organization\",\"name\":\"Alas Medios\",\"url\":\"https:\\\/\\\/www.alasmedios.com\\\/\",\"logo\":{\"@type\":\"ImageObject\",\"inLanguage\":\"es\",\"@id\":\"https:\\\/\\\/www.alasmedios.com\\\/#\\\/schema\\\/logo\\\/image\\\/\",\"url\":\"https:\\\/\\\/www.alasmedios.com\\\/wp-content\\\/uploads\\\/2026\\\/01\\\/cropped-cropped-GAM-1.png\",\"contentUrl\":\"https:\\\/\\\/www.alasmedios.com\\\/wp-content\\\/uploads\\\/2026\\\/01\\\/cropped-cropped-GAM-1.png\",\"width\":467,\"height\":235,\"caption\":\"Alas Medios\"},\"image\":{\"@id\":\"https:\\\/\\\/www.alasmedios.com\\\/#\\\/schema\\\/logo\\\/image\\\/\"}},{\"@type\":\"Person\",\"@id\":\"https:\\\/\\\/www.alasmedios.com\\\/#\\\/schema\\\/person\\\/0ba31bdd19a05ebf5c7fef1fedf99c34\",\"name\":\"Keila Rodr\u00edguez Pe\u00f1a\",\"image\":{\"@type\":\"ImageObject\",\"inLanguage\":\"es\",\"@id\":\"https:\\\/\\\/secure.gravatar.com\\\/avatar\\\/a2553a2bfaa601b9d539b617c8793e151bdffb60f9e48a249912f86d4c9ebeef?s=96&d=mm&r=g\",\"url\":\"https:\\\/\\\/secure.gravatar.com\\\/avatar\\\/a2553a2bfaa601b9d539b617c8793e151bdffb60f9e48a249912f86d4c9ebeef?s=96&d=mm&r=g\",\"contentUrl\":\"https:\\\/\\\/secure.gravatar.com\\\/avatar\\\/a2553a2bfaa601b9d539b617c8793e151bdffb60f9e48a249912f86d4c9ebeef?s=96&d=mm&r=g\",\"caption\":\"Keila Rodr\u00edguez Pe\u00f1a\"},\"sameAs\":[\"http:\\\/\\\/www.alasmedios.com\"],\"url\":\"https:\\\/\\\/www.alasmedios.com\\\/index.php\\\/author\\\/keila\\\/\"}]}<\/script>\r\n<!-- \/ Yoast SEO plugin. -->","yoast_head_json":{"title":"Tizayuca invita a reflexionar sobre igualdad y violencia de g\u00e9nero - Alas Medios","robots":{"index":"index","follow":"follow","max-snippet":"max-snippet:-1","max-image-preview":"max-image-preview:large","max-video-preview":"max-video-preview:-1"},"canonical":"https:\/\/www.alasmedios.com\/index.php\/2025\/11\/22\/tizayuca-invita-a-reflexionar-sobre-igualdad-y-violencia-de-genero\/","og_locale":"es_MX","og_type":"article","og_title":"Tizayuca invita a reflexionar sobre igualdad y violencia de g\u00e9nero - Alas Medios","og_description":"La Instancia Municipal de la Mujer Tizayuca, en coordinaci\u00f3n con el Sistema DIF Municipal, anunci\u00f3 la presentaci\u00f3n del mon\u00f3logo \u201cY","og_url":"https:\/\/www.alasmedios.com\/index.php\/2025\/11\/22\/tizayuca-invita-a-reflexionar-sobre-igualdad-y-violencia-de-genero\/","og_site_name":"Alas Medios","article_published_time":"2025-11-22T18:22:29+00:00","article_modified_time":"2025-11-22T18:22:31+00:00","og_image":[{"width":2000,"height":1214,"url":"https:\/\/www.alasmedios.com\/wp-content\/uploads\/2025\/11\/Tizayuca-invita-a-reflexionar-sobre-igualdad-y-violencia-de-genero.png","type":"image\/png"}],"author":"Keila Rodr\u00edguez Pe\u00f1a","twitter_card":"summary_large_image","twitter_misc":{"Escrito por":"Keila Rodr\u00edguez Pe\u00f1a","Tiempo de lectura":"1 minuto"},"schema":{"@context":"https:\/\/schema.org","@graph":[{"@type":"Article","@id":"https:\/\/www.alasmedios.com\/index.php\/2025\/11\/22\/tizayuca-invita-a-reflexionar-sobre-igualdad-y-violencia-de-genero\/#article","isPartOf":{"@id":"https:\/\/www.alasmedios.com\/index.php\/2025\/11\/22\/tizayuca-invita-a-reflexionar-sobre-igualdad-y-violencia-de-genero\/"},"author":{"name":"Keila Rodr\u00edguez Pe\u00f1a","@id":"https:\/\/www.alasmedios.com\/#\/schema\/person\/0ba31bdd19a05ebf5c7fef1fedf99c34"},"headline":"Tizayuca invita a reflexionar sobre igualdad y violencia de g\u00e9nero","datePublished":"2025-11-22T18:22:29+00:00","dateModified":"2025-11-22T18:22:31+00:00","mainEntityOfPage":{"@id":"https:\/\/www.alasmedios.com\/index.php\/2025\/11\/22\/tizayuca-invita-a-reflexionar-sobre-igualdad-y-violencia-de-genero\/"},"wordCount":208,"commentCount":0,"publisher":{"@id":"https:\/\/www.alasmedios.com\/#organization"},"image":{"@id":"https:\/\/www.alasmedios.com\/index.php\/2025\/11\/22\/tizayuca-invita-a-reflexionar-sobre-igualdad-y-violencia-de-genero\/#primaryimage"},"thumbnailUrl":"https:\/\/www.alasmedios.com\/wp-content\/uploads\/2025\/11\/Tizayuca-invita-a-reflexionar-sobre-igualdad-y-violencia-de-genero.png","keywords":["16 d\u00edas de activismo","25N","D\u00eda Internacional de la Eliminaci\u00f3n de la Violencia contra las Mujeres y las Ni\u00f1as","Hidalgo","Mujeres","Tizayuca","violencia de g\u00e9nero"],"articleSection":["Hidalgo"],"inLanguage":"es","potentialAction":[{"@type":"CommentAction","name":"Comment","target":["https:\/\/www.alasmedios.com\/index.php\/2025\/11\/22\/tizayuca-invita-a-reflexionar-sobre-igualdad-y-violencia-de-genero\/#respond"]}]},{"@type":"WebPage","@id":"https:\/\/www.alasmedios.com\/index.php\/2025\/11\/22\/tizayuca-invita-a-reflexionar-sobre-igualdad-y-violencia-de-genero\/","url":"https:\/\/www.alasmedios.com\/index.php\/2025\/11\/22\/tizayuca-invita-a-reflexionar-sobre-igualdad-y-violencia-de-genero\/","name":"Tizayuca invita a reflexionar sobre igualdad y violencia de g\u00e9nero - Alas Medios","isPartOf":{"@id":"https:\/\/www.alasmedios.com\/#website"},"primaryImageOfPage":{"@id":"https:\/\/www.alasmedios.com\/index.php\/2025\/11\/22\/tizayuca-invita-a-reflexionar-sobre-igualdad-y-violencia-de-genero\/#primaryimage"},"image":{"@id":"https:\/\/www.alasmedios.com\/index.php\/2025\/11\/22\/tizayuca-invita-a-reflexionar-sobre-igualdad-y-violencia-de-genero\/#primaryimage"},"thumbnailUrl":"https:\/\/www.alasmedios.com\/wp-content\/uploads\/2025\/11\/Tizayuca-invita-a-reflexionar-sobre-igualdad-y-violencia-de-genero.png","datePublished":"2025-11-22T18:22:29+00:00","dateModified":"2025-11-22T18:22:31+00:00","breadcrumb":{"@id":"https:\/\/www.alasmedios.com\/index.php\/2025\/11\/22\/tizayuca-invita-a-reflexionar-sobre-igualdad-y-violencia-de-genero\/#breadcrumb"},"inLanguage":"es","potentialAction":[{"@type":"ReadAction","target":["https:\/\/www.alasmedios.com\/index.php\/2025\/11\/22\/tizayuca-invita-a-reflexionar-sobre-igualdad-y-violencia-de-genero\/"]}]},{"@type":"ImageObject","inLanguage":"es","@id":"https:\/\/www.alasmedios.com\/index.php\/2025\/11\/22\/tizayuca-invita-a-reflexionar-sobre-igualdad-y-violencia-de-genero\/#primaryimage","url":"https:\/\/www.alasmedios.com\/wp-content\/uploads\/2025\/11\/Tizayuca-invita-a-reflexionar-sobre-igualdad-y-violencia-de-genero.png","contentUrl":"https:\/\/www.alasmedios.com\/wp-content\/uploads\/2025\/11\/Tizayuca-invita-a-reflexionar-sobre-igualdad-y-violencia-de-genero.png","width":2000,"height":1214},{"@type":"BreadcrumbList","@id":"https:\/\/www.alasmedios.com\/index.php\/2025\/11\/22\/tizayuca-invita-a-reflexionar-sobre-igualdad-y-violencia-de-genero\/#breadcrumb","itemListElement":[{"@type":"ListItem","position":1,"name":"Inicio","item":"https:\/\/www.alasmedios.com\/"},{"@type":"ListItem","position":2,"name":"Tizayuca invita a reflexionar sobre igualdad y violencia de g\u00e9nero"}]},{"@type":"WebSite","@id":"https:\/\/www.alasmedios.com\/#website","url":"https:\/\/www.alasmedios.com\/","name":"Alas Medios","description":"Alas para pensar, Alas para volar, Alas de libertad","publisher":{"@id":"https:\/\/www.alasmedios.com\/#organization"},"potentialAction":[{"@type":"SearchAction","target":{"@type":"EntryPoint","urlTemplate":"https:\/\/www.alasmedios.com\/?s={search_term_string}"},"query-input":{"@type":"PropertyValueSpecification","valueRequired":true,"valueName":"search_term_string"}}],"inLanguage":"es"},{"@type":"Organization","@id":"https:\/\/www.alasmedios.com\/#organization","name":"Alas Medios","url":"https:\/\/www.alasmedios.com\/","logo":{"@type":"ImageObject","inLanguage":"es","@id":"https:\/\/www.alasmedios.com\/#\/schema\/logo\/image\/","url":"https:\/\/www.alasmedios.com\/wp-content\/uploads\/2026\/01\/cropped-cropped-GAM-1.png","contentUrl":"https:\/\/www.alasmedios.com\/wp-content\/uploads\/2026\/01\/cropped-cropped-GAM-1.png","width":467,"height":235,"caption":"Alas Medios"},"image":{"@id":"https:\/\/www.alasmedios.com\/#\/schema\/logo\/image\/"}},{"@type":"Person","@id":"https:\/\/www.alasmedios.com\/#\/schema\/person\/0ba31bdd19a05ebf5c7fef1fedf99c34","name":"Keila Rodr\u00edguez Pe\u00f1a","image":{"@type":"ImageObject","inLanguage":"es","@id":"https:\/\/secure.gravatar.com\/avatar\/a2553a2bfaa601b9d539b617c8793e151bdffb60f9e48a249912f86d4c9ebeef?s=96&d=mm&r=g","url":"https:\/\/secure.gravatar.com\/avatar\/a2553a2bfaa601b9d539b617c8793e151bdffb60f9e48a249912f86d4c9ebeef?s=96&d=mm&r=g","contentUrl":"https:\/\/secure.gravatar.com\/avatar\/a2553a2bfaa601b9d539b617c8793e151bdffb60f9e48a249912f86d4c9ebeef?s=96&d=mm&r=g","caption":"Keila Rodr\u00edguez Pe\u00f1a"},"sameAs":["http:\/\/www.alasmedios.com"],"url":"https:\/\/www.alasmedios.com\/index.php\/author\/keila\/"}]}},"_links":{"self":[{"href":"https:\/\/www.alasmedios.com\/index.php\/wp-json\/wp\/v2\/posts\/6901","targetHints":{"allow":["GET"]}}],"collection":[{"href":"https:\/\/www.alasmedios.com\/index.php\/wp-json\/wp\/v2\/posts"}],"about":[{"href":"https:\/\/www.alasmedios.com\/index.php\/wp-json\/wp\/v2\/types\/post"}],"author":[{"embeddable":true,"href":"https:\/\/www.alasmedios.com\/index.php\/wp-json\/wp\/v2\/users\/4"}],"replies":[{"embeddable":true,"href":"https:\/\/www.alasmedios.com\/index.php\/wp-json\/wp\/v2\/comments?post=6901"}],"version-history":[{"count":1,"href":"https:\/\/www.alasmedios.com\/index.php\/wp-json\/wp\/v2\/posts\/6901\/revisions"}],"predecessor-version":[{"id":6904,"href":"https:\/\/www.alasmedios.com\/index.php\/wp-json\/wp\/v2\/posts\/6901\/revisions\/6904"}],"wp:featuredmedia":[{"embeddable":true,"href":"https:\/\/www.alasmedios.com\/index.php\/wp-json\/wp\/v2\/media\/6902"}],"wp:attachment":[{"href":"https:\/\/www.alasmedios.com\/index.php\/wp-json\/wp\/v2\/media?parent=6901"}],"wp:term":[{"taxonomy":"category","embeddable":true,"href":"https:\/\/www.alasmedios.com\/index.php\/wp-json\/wp\/v2\/categories?post=6901"},{"taxonomy":"post_tag","embeddable":true,"href":"https:\/\/www.alasmedios.com\/index.php\/wp-json\/wp\/v2\/tags?post=6901"}],"curies":[{"name":"wp","href":"https:\/\/api.w.org\/{rel}","templated":true}]}}