{"id":6896,"date":"2025-11-22T11:02:54","date_gmt":"2025-11-22T17:02:54","guid":{"rendered":"https:\/\/www.alasmedios.com\/?p=6896"},"modified":"2025-11-22T11:02:55","modified_gmt":"2025-11-22T17:02:55","slug":"onu-mujeres-revela-la-primera-herramienta-global-de-monitoreo-de-igualdad-de-genero-y-politicas-climaticas","status":"publish","type":"post","link":"https:\/\/www.alasmedios.com\/index.php\/2025\/11\/22\/onu-mujeres-revela-la-primera-herramienta-global-de-monitoreo-de-igualdad-de-genero-y-politicas-climaticas\/","title":{"rendered":"ONU Mujeres revela la primera herramienta global de monitoreo de igualdad de g\u00e9nero y pol\u00edticas clim\u00e1ticas"},"content":{"rendered":"\n<p>En un anuncio que podr\u00eda redefinir la forma en que el mundo eval\u00faa su acci\u00f3n ambiental, <strong>ONU Mujeres<\/strong> present\u00f3 en la <strong>COP30<\/strong>, realizada en <strong>Bel\u00e9m<\/strong>, la primera <strong>herramienta mundial de Monitoreo de Igualdad de G\u00e9nero y Pol\u00edticas Clim\u00e1ticas<\/strong>. <\/p>\n\n\n\n<p>Desarrollada junto al <strong>Instituto Kaschak<\/strong>, esta plataforma ofrece un <strong>marco internacional in\u00e9dito<\/strong> para medir c\u00f3mo los pa\u00edses incorporan la <strong>igualdad de g\u00e9nero<\/strong> en sus <strong>pol\u00edticas clim\u00e1ticas<\/strong>, particularmente en la tercera iteraci\u00f3n de sus <strong>Contribuciones Determinadas a Nivel Nacional (NDC)<\/strong> bajo el <strong>Acuerdo de Par\u00eds<\/strong>.<\/p>\n\n\n\n<p>La herramienta analiza seis dimensiones clave: <strong>seguridad econ\u00f3mica<\/strong>, <strong>cuidados no remunerados<\/strong>, <strong>salud<\/strong>, <strong>violencia de g\u00e9nero<\/strong>, <strong>participaci\u00f3n y liderazgo de las mujeres<\/strong>, e <strong>integraci\u00f3n de la perspectiva de g\u00e9nero en las pol\u00edticas p\u00fablicas<\/strong>. En esta primera edici\u00f3n, se evaluaron <strong>32 NDC<\/strong> entregadas hasta el <strong>8 de septiembre de 2025<\/strong>.<\/p>\n\n\n\n<p>Los hallazgos son contundentes. Aunque <strong>26 pa\u00edses<\/strong> incluyen alg\u00fan compromiso con enfoque de g\u00e9nero, solo <strong>diez<\/strong> adoptan una visi\u00f3n realmente integral. La mayor\u00eda de las medidas se orientan a la <strong>adaptaci\u00f3n (38%)<\/strong> y a acciones <strong>transversales (36%)<\/strong>, mientras que \u00e1reas cr\u00edticas como la <strong>mitigaci\u00f3n (23%)<\/strong> y las <strong>p\u00e9rdidas y da\u00f1os (3%)<\/strong> permanecen rezagadas. <\/p>\n\n\n\n<p>CONTIN\u00daA LEYENDO: <a href=\"https:\/\/www.alasmedios.com\/index.php\/2025\/11\/22\/tepeapulco-invitan-a-cine-debate-contra-la-violencia-de-genero\/\" data-type=\"post\" data-id=\"6892\">Tepeapulco invitan a Cine Debate contra la violencia de g\u00e9nero<\/a><\/p>\n\n\n\n<p>La <strong>seguridad econ\u00f3mica<\/strong> de las mujeres es el \u00e1mbito donde m\u00e1s avances se observan, con propuestas que buscan ampliar el acceso a <strong>empleos verdes<\/strong>, <strong>tecnolog\u00edas<\/strong> y <strong>financiaci\u00f3n clim\u00e1tica<\/strong>. En contraste, temas como la <strong>violencia de g\u00e9nero<\/strong> y la <strong>salud<\/strong> siguen apareciendo de manera limitada.<\/p>\n\n\n\n<p>El reporte tambi\u00e9n se\u00f1ala que pocos pa\u00edses destinan <strong>presupuestos espec\u00edficos<\/strong> a medidas con enfoque de g\u00e9nero y que muchas dependen de la <strong>cooperaci\u00f3n internacional<\/strong> o de la <strong>ayuda oficial al desarrollo<\/strong>, lo que deja brechas significativas en su implementaci\u00f3n. Pese a ello, la tendencia apunta hacia una evoluci\u00f3n positiva: el <strong>45%<\/strong> de los pa\u00edses evaluados ya involucra a sus <strong>mecanismos nacionales de igualdad de g\u00e9nero<\/strong> dentro de sus organismos de coordinaci\u00f3n clim\u00e1tica.<\/p>\n\n\n\n<p>M\u00e1s que un diagn\u00f3stico, esta herramienta se concibe como un mecanismo de <strong>rendici\u00f3n de cuentas<\/strong>. Ofrece una <strong>base de datos p\u00fablica y global<\/strong> para comparar avances, visualizar brechas y acceder a cientos de <strong>pol\u00edticas clim\u00e1ticas con perspectiva de g\u00e9nero<\/strong>. Ser\u00e1 actualizada conforme se publiquen nuevos planes clim\u00e1ticos durante 2026.<\/p>\n\n\n\n<p>Para <strong>ONU Mujeres<\/strong>, este instrumento marca un punto de inflexi\u00f3n. No solo exhibe los avances desiguales, sino que confirma que cada vez m\u00e1s naciones reconocen que una <strong>transici\u00f3n justa<\/strong> requiere colocar a las <strong>mujeres y ni\u00f1as<\/strong> en el centro de las soluciones. Como afirm\u00f3 <strong>Sarah Hendriks<\/strong>, l\u00edder de la iniciativa, integrar la igualdad de g\u00e9nero en la acci\u00f3n clim\u00e1tica ya no puede entenderse como una preocupaci\u00f3n marginal, sino como un componente esencial para transformar el rumbo global.<\/p>\n\n\n<ul class=\"wp-block-latest-posts__list is-grid columns-3 wp-block-latest-posts\"><li><div class=\"wp-block-latest-posts__featured-image\"><img loading=\"lazy\" decoding=\"async\" width=\"150\" height=\"150\" src=\"https:\/\/www.alasmedios.com\/wp-content\/uploads\/2026\/05\/AMPEP-inteligencia-artificial-150x150.jpg\" class=\"attachment-thumbnail size-thumbnail wp-post-image\" alt=\"\" style=\"\" \/><\/div><a class=\"wp-block-latest-posts__post-title\" href=\"https:\/\/www.alasmedios.com\/index.php\/2026\/05\/01\/periodismo-frente-a-la-ia-ampep-asume-liderazgo-y-apuesta-por-contar-historias-con-alma\/\">Periodismo frente a la IA: AMPEP asume liderazgo y apuesta por contar historias con \u201calma\u201d<\/a><\/li>\n<li><div class=\"wp-block-latest-posts__featured-image\"><img loading=\"lazy\" decoding=\"async\" width=\"150\" height=\"150\" src=\"https:\/\/www.alasmedios.com\/wp-content\/uploads\/2026\/05\/Hidalgo-viene-un-respiro-con-el-frente-frio-48-150x150.png\" class=\"attachment-thumbnail size-thumbnail wp-post-image\" alt=\"\" style=\"\" \/><\/div><a class=\"wp-block-latest-posts__post-title\" href=\"https:\/\/www.alasmedios.com\/index.php\/2026\/05\/01\/frente-frio-48-un-alivio-asi-impactara-en-hidalgo\/\">Frente fr\u00edo 48, un alivio: as\u00ed impactar\u00e1 en Hidalgo<\/a><\/li>\n<li><div class=\"wp-block-latest-posts__featured-image\"><img loading=\"lazy\" decoding=\"async\" width=\"150\" height=\"150\" src=\"https:\/\/www.alasmedios.com\/wp-content\/uploads\/2026\/05\/mujeres-depresion-posparto-150x150.png\" class=\"attachment-thumbnail size-thumbnail wp-post-image\" alt=\"\" style=\"\" \/><\/div><a class=\"wp-block-latest-posts__post-title\" href=\"https:\/\/www.alasmedios.com\/index.php\/2026\/05\/01\/1-de-cada-15-mujeres-sufre-depresion-posparto\/\">1 de cada 15 mujeres sufre depresi\u00f3n posparto<\/a><\/li>\n<\/ul>","protected":false},"excerpt":{"rendered":"<p>En un anuncio que podr\u00eda redefinir la forma en que el mundo eval\u00faa su acci\u00f3n ambiental, ONU Mujeres present\u00f3 en<\/p>\n","protected":false},"author":4,"featured_media":6897,"comment_status":"open","ping_status":"open","sticky":false,"template":"","format":"standard","meta":{"colormag_page_container_layout":"default_layout","colormag_page_sidebar_layout":"default_layout","rop_custom_images_group":[],"rop_custom_messages_group":[],"rop_publish_now":"initial","rop_publish_now_accounts":[],"rop_publish_now_history":[],"rop_publish_now_status":"pending","iawp_total_views":0,"footnotes":""},"categories":[45],"tags":[3051,699,53,3050,842,3052],"class_list":["post-6896","post","type-post","status-publish","format-standard","has-post-thumbnail","hentry","category-ellas-dicen","tag-cop30","tag-igualdad-de-genero","tag-mujeres","tag-ndc","tag-onu-mujeres","tag-politicas-climaticas"],"magazineBlocksPostFeaturedMedia":{"thumbnail":"https:\/\/www.alasmedios.com\/wp-content\/uploads\/2025\/11\/ONU-Mujeres-revela-la-primera-herramienta-global-de-monitoreo-de-igualdad-de-genero-y-politicas-climaticas-150x150.png","medium":"https:\/\/www.alasmedios.com\/wp-content\/uploads\/2025\/11\/ONU-Mujeres-revela-la-primera-herramienta-global-de-monitoreo-de-igualdad-de-genero-y-politicas-climaticas-300x182.png","medium_large":"https:\/\/www.alasmedios.com\/wp-content\/uploads\/2025\/11\/ONU-Mujeres-revela-la-primera-herramienta-global-de-monitoreo-de-igualdad-de-genero-y-politicas-climaticas-768x466.png","large":"https:\/\/www.alasmedios.com\/wp-content\/uploads\/2025\/11\/ONU-Mujeres-revela-la-primera-herramienta-global-de-monitoreo-de-igualdad-de-genero-y-politicas-climaticas-1024x622.png","1536x1536":"https:\/\/www.alasmedios.com\/wp-content\/uploads\/2025\/11\/ONU-Mujeres-revela-la-primera-herramienta-global-de-monitoreo-de-igualdad-de-genero-y-politicas-climaticas-1536x932.png","2048x2048":"https:\/\/www.alasmedios.com\/wp-content\/uploads\/2025\/11\/ONU-Mujeres-revela-la-primera-herramienta-global-de-monitoreo-de-igualdad-de-genero-y-politicas-climaticas.png","colormag-highlighted-post":"https:\/\/www.alasmedios.com\/wp-content\/uploads\/2025\/11\/ONU-Mujeres-revela-la-primera-herramienta-global-de-monitoreo-de-igualdad-de-genero-y-politicas-climaticas-392x272.png","colormag-featured-post-medium":"https:\/\/www.alasmedios.com\/wp-content\/uploads\/2025\/11\/ONU-Mujeres-revela-la-primera-herramienta-global-de-monitoreo-de-igualdad-de-genero-y-politicas-climaticas-390x205.png","colormag-featured-post-small":"https:\/\/www.alasmedios.com\/wp-content\/uploads\/2025\/11\/ONU-Mujeres-revela-la-primera-herramienta-global-de-monitoreo-de-igualdad-de-genero-y-politicas-climaticas-130x90.png","colormag-featured-image":"https:\/\/www.alasmedios.com\/wp-content\/uploads\/2025\/11\/ONU-Mujeres-revela-la-primera-herramienta-global-de-monitoreo-de-igualdad-de-genero-y-politicas-climaticas-800x445.png","colormag-default-news":"https:\/\/www.alasmedios.com\/wp-content\/uploads\/2025\/11\/ONU-Mujeres-revela-la-primera-herramienta-global-de-monitoreo-de-igualdad-de-genero-y-politicas-climaticas-150x150.png","colormag-featured-image-large":"https:\/\/www.alasmedios.com\/wp-content\/uploads\/2025\/11\/ONU-Mujeres-revela-la-primera-herramienta-global-de-monitoreo-de-igualdad-de-genero-y-politicas-climaticas-1400x600.png"},"magazineBlocksPostAuthor":{"name":"Keila Rodr\u00edguez Pe\u00f1a","avatar":"https:\/\/secure.gravatar.com\/avatar\/a2553a2bfaa601b9d539b617c8793e151bdffb60f9e48a249912f86d4c9ebeef?s=96&d=mm&r=g"},"magazineBlocksPostCommentsNumber":"0","magazineBlocksPostExcerpt":"En un anuncio que podr\u00eda redefinir la forma en que el mundo eval\u00faa su acci\u00f3n ambiental, ONU Mujeres present\u00f3 en","magazineBlocksPostCategories":["Ellas Dicen"],"magazineBlocksPostViewCount":129,"magazineBlocksPostReadTime":3,"magazine_blocks_featured_image_url":{"full":["https:\/\/www.alasmedios.com\/wp-content\/uploads\/2025\/11\/ONU-Mujeres-revela-la-primera-herramienta-global-de-monitoreo-de-igualdad-de-genero-y-politicas-climaticas.png",2000,1214,false],"medium":["https:\/\/www.alasmedios.com\/wp-content\/uploads\/2025\/11\/ONU-Mujeres-revela-la-primera-herramienta-global-de-monitoreo-de-igualdad-de-genero-y-politicas-climaticas-300x182.png",300,182,true],"thumbnail":["https:\/\/www.alasmedios.com\/wp-content\/uploads\/2025\/11\/ONU-Mujeres-revela-la-primera-herramienta-global-de-monitoreo-de-igualdad-de-genero-y-politicas-climaticas-150x150.png",150,150,true]},"magazine_blocks_author":{"display_name":"Keila Rodr\u00edguez Pe\u00f1a","author_link":"https:\/\/www.alasmedios.com\/index.php\/author\/keila\/"},"magazine_blocks_comment":0,"magazine_blocks_author_image":"https:\/\/secure.gravatar.com\/avatar\/a2553a2bfaa601b9d539b617c8793e151bdffb60f9e48a249912f86d4c9ebeef?s=96&d=mm&r=g","magazine_blocks_category":"<a href=\"#\" class=\"category-link category-link-45\">Ellas Dicen<\/a>","yoast_head":"<!-- This site is optimized with the Yoast SEO plugin v27.5 - https:\/\/yoast.com\/product\/yoast-seo-wordpress\/ -->\r\n<title>ONU Mujeres revela la primera herramienta global de monitoreo de igualdad de g\u00e9nero y pol\u00edticas clim\u00e1ticas - Alas Medios<\/title>\r\n<meta name=\"robots\" content=\"index, follow, max-snippet:-1, max-image-preview:large, max-video-preview:-1\" \/>\r\n<link rel=\"canonical\" href=\"https:\/\/www.alasmedios.com\/index.php\/2025\/11\/22\/onu-mujeres-revela-la-primera-herramienta-global-de-monitoreo-de-igualdad-de-genero-y-politicas-climaticas\/\" \/>\r\n<meta property=\"og:locale\" content=\"es_MX\" \/>\r\n<meta property=\"og:type\" content=\"article\" \/>\r\n<meta property=\"og:title\" content=\"ONU Mujeres revela la primera herramienta global de monitoreo de igualdad de g\u00e9nero y pol\u00edticas clim\u00e1ticas - Alas Medios\" \/>\r\n<meta property=\"og:description\" content=\"En un anuncio que podr\u00eda redefinir la forma en que el mundo eval\u00faa su acci\u00f3n ambiental, ONU Mujeres present\u00f3 en\" \/>\r\n<meta property=\"og:url\" content=\"https:\/\/www.alasmedios.com\/index.php\/2025\/11\/22\/onu-mujeres-revela-la-primera-herramienta-global-de-monitoreo-de-igualdad-de-genero-y-politicas-climaticas\/\" \/>\r\n<meta property=\"og:site_name\" content=\"Alas Medios\" \/>\r\n<meta property=\"article:published_time\" content=\"2025-11-22T17:02:54+00:00\" \/>\r\n<meta property=\"article:modified_time\" content=\"2025-11-22T17:02:55+00:00\" \/>\r\n<meta property=\"og:image\" content=\"https:\/\/www.alasmedios.com\/wp-content\/uploads\/2025\/11\/ONU-Mujeres-revela-la-primera-herramienta-global-de-monitoreo-de-igualdad-de-genero-y-politicas-climaticas.png\" \/>\r\n\t<meta property=\"og:image:width\" content=\"2000\" \/>\r\n\t<meta property=\"og:image:height\" content=\"1214\" \/>\r\n\t<meta property=\"og:image:type\" content=\"image\/png\" \/>\r\n<meta name=\"author\" content=\"Keila Rodr\u00edguez Pe\u00f1a\" \/>\r\n<meta name=\"twitter:card\" content=\"summary_large_image\" \/>\r\n<meta name=\"twitter:label1\" content=\"Escrito por\" \/>\n\t<meta name=\"twitter:data1\" content=\"Keila Rodr\u00edguez Pe\u00f1a\" \/>\n\t<meta name=\"twitter:label2\" content=\"Tiempo de lectura\" \/>\n\t<meta name=\"twitter:data2\" content=\"2 minutos\" \/>\r\n<script type=\"application\/ld+json\" class=\"yoast-schema-graph\">{\"@context\":\"https:\\\/\\\/schema.org\",\"@graph\":[{\"@type\":\"Article\",\"@id\":\"https:\\\/\\\/www.alasmedios.com\\\/index.php\\\/2025\\\/11\\\/22\\\/onu-mujeres-revela-la-primera-herramienta-global-de-monitoreo-de-igualdad-de-genero-y-politicas-climaticas\\\/#article\",\"isPartOf\":{\"@id\":\"https:\\\/\\\/www.alasmedios.com\\\/index.php\\\/2025\\\/11\\\/22\\\/onu-mujeres-revela-la-primera-herramienta-global-de-monitoreo-de-igualdad-de-genero-y-politicas-climaticas\\\/\"},\"author\":{\"name\":\"Keila Rodr\u00edguez Pe\u00f1a\",\"@id\":\"https:\\\/\\\/www.alasmedios.com\\\/#\\\/schema\\\/person\\\/0ba31bdd19a05ebf5c7fef1fedf99c34\"},\"headline\":\"ONU Mujeres revela la primera herramienta global de monitoreo de igualdad de g\u00e9nero y pol\u00edticas clim\u00e1ticas\",\"datePublished\":\"2025-11-22T17:02:54+00:00\",\"dateModified\":\"2025-11-22T17:02:55+00:00\",\"mainEntityOfPage\":{\"@id\":\"https:\\\/\\\/www.alasmedios.com\\\/index.php\\\/2025\\\/11\\\/22\\\/onu-mujeres-revela-la-primera-herramienta-global-de-monitoreo-de-igualdad-de-genero-y-politicas-climaticas\\\/\"},\"wordCount\":516,\"commentCount\":0,\"publisher\":{\"@id\":\"https:\\\/\\\/www.alasmedios.com\\\/#organization\"},\"image\":{\"@id\":\"https:\\\/\\\/www.alasmedios.com\\\/index.php\\\/2025\\\/11\\\/22\\\/onu-mujeres-revela-la-primera-herramienta-global-de-monitoreo-de-igualdad-de-genero-y-politicas-climaticas\\\/#primaryimage\"},\"thumbnailUrl\":\"https:\\\/\\\/www.alasmedios.com\\\/wp-content\\\/uploads\\\/2025\\\/11\\\/ONU-Mujeres-revela-la-primera-herramienta-global-de-monitoreo-de-igualdad-de-genero-y-politicas-climaticas.png\",\"keywords\":[\"COP30\",\"igualdad de g\u00e9nero\",\"Mujeres\",\"NDC\",\"ONU Mujeres\",\"pol\u00edticas clim\u00e1ticas\"],\"articleSection\":[\"Ellas Dicen\"],\"inLanguage\":\"es\",\"potentialAction\":[{\"@type\":\"CommentAction\",\"name\":\"Comment\",\"target\":[\"https:\\\/\\\/www.alasmedios.com\\\/index.php\\\/2025\\\/11\\\/22\\\/onu-mujeres-revela-la-primera-herramienta-global-de-monitoreo-de-igualdad-de-genero-y-politicas-climaticas\\\/#respond\"]}]},{\"@type\":\"WebPage\",\"@id\":\"https:\\\/\\\/www.alasmedios.com\\\/index.php\\\/2025\\\/11\\\/22\\\/onu-mujeres-revela-la-primera-herramienta-global-de-monitoreo-de-igualdad-de-genero-y-politicas-climaticas\\\/\",\"url\":\"https:\\\/\\\/www.alasmedios.com\\\/index.php\\\/2025\\\/11\\\/22\\\/onu-mujeres-revela-la-primera-herramienta-global-de-monitoreo-de-igualdad-de-genero-y-politicas-climaticas\\\/\",\"name\":\"ONU Mujeres revela la primera herramienta global de monitoreo de igualdad de g\u00e9nero y pol\u00edticas clim\u00e1ticas - Alas Medios\",\"isPartOf\":{\"@id\":\"https:\\\/\\\/www.alasmedios.com\\\/#website\"},\"primaryImageOfPage\":{\"@id\":\"https:\\\/\\\/www.alasmedios.com\\\/index.php\\\/2025\\\/11\\\/22\\\/onu-mujeres-revela-la-primera-herramienta-global-de-monitoreo-de-igualdad-de-genero-y-politicas-climaticas\\\/#primaryimage\"},\"image\":{\"@id\":\"https:\\\/\\\/www.alasmedios.com\\\/index.php\\\/2025\\\/11\\\/22\\\/onu-mujeres-revela-la-primera-herramienta-global-de-monitoreo-de-igualdad-de-genero-y-politicas-climaticas\\\/#primaryimage\"},\"thumbnailUrl\":\"https:\\\/\\\/www.alasmedios.com\\\/wp-content\\\/uploads\\\/2025\\\/11\\\/ONU-Mujeres-revela-la-primera-herramienta-global-de-monitoreo-de-igualdad-de-genero-y-politicas-climaticas.png\",\"datePublished\":\"2025-11-22T17:02:54+00:00\",\"dateModified\":\"2025-11-22T17:02:55+00:00\",\"breadcrumb\":{\"@id\":\"https:\\\/\\\/www.alasmedios.com\\\/index.php\\\/2025\\\/11\\\/22\\\/onu-mujeres-revela-la-primera-herramienta-global-de-monitoreo-de-igualdad-de-genero-y-politicas-climaticas\\\/#breadcrumb\"},\"inLanguage\":\"es\",\"potentialAction\":[{\"@type\":\"ReadAction\",\"target\":[\"https:\\\/\\\/www.alasmedios.com\\\/index.php\\\/2025\\\/11\\\/22\\\/onu-mujeres-revela-la-primera-herramienta-global-de-monitoreo-de-igualdad-de-genero-y-politicas-climaticas\\\/\"]}]},{\"@type\":\"ImageObject\",\"inLanguage\":\"es\",\"@id\":\"https:\\\/\\\/www.alasmedios.com\\\/index.php\\\/2025\\\/11\\\/22\\\/onu-mujeres-revela-la-primera-herramienta-global-de-monitoreo-de-igualdad-de-genero-y-politicas-climaticas\\\/#primaryimage\",\"url\":\"https:\\\/\\\/www.alasmedios.com\\\/wp-content\\\/uploads\\\/2025\\\/11\\\/ONU-Mujeres-revela-la-primera-herramienta-global-de-monitoreo-de-igualdad-de-genero-y-politicas-climaticas.png\",\"contentUrl\":\"https:\\\/\\\/www.alasmedios.com\\\/wp-content\\\/uploads\\\/2025\\\/11\\\/ONU-Mujeres-revela-la-primera-herramienta-global-de-monitoreo-de-igualdad-de-genero-y-politicas-climaticas.png\",\"width\":2000,\"height\":1214},{\"@type\":\"BreadcrumbList\",\"@id\":\"https:\\\/\\\/www.alasmedios.com\\\/index.php\\\/2025\\\/11\\\/22\\\/onu-mujeres-revela-la-primera-herramienta-global-de-monitoreo-de-igualdad-de-genero-y-politicas-climaticas\\\/#breadcrumb\",\"itemListElement\":[{\"@type\":\"ListItem\",\"position\":1,\"name\":\"Inicio\",\"item\":\"https:\\\/\\\/www.alasmedios.com\\\/\"},{\"@type\":\"ListItem\",\"position\":2,\"name\":\"ONU Mujeres revela la primera herramienta global de monitoreo de igualdad de g\u00e9nero y pol\u00edticas clim\u00e1ticas\"}]},{\"@type\":\"WebSite\",\"@id\":\"https:\\\/\\\/www.alasmedios.com\\\/#website\",\"url\":\"https:\\\/\\\/www.alasmedios.com\\\/\",\"name\":\"Alas Medios\",\"description\":\"Alas para pensar, Alas para volar, Alas de libertad\",\"publisher\":{\"@id\":\"https:\\\/\\\/www.alasmedios.com\\\/#organization\"},\"potentialAction\":[{\"@type\":\"SearchAction\",\"target\":{\"@type\":\"EntryPoint\",\"urlTemplate\":\"https:\\\/\\\/www.alasmedios.com\\\/?s={search_term_string}\"},\"query-input\":{\"@type\":\"PropertyValueSpecification\",\"valueRequired\":true,\"valueName\":\"search_term_string\"}}],\"inLanguage\":\"es\"},{\"@type\":\"Organization\",\"@id\":\"https:\\\/\\\/www.alasmedios.com\\\/#organization\",\"name\":\"Alas Medios\",\"url\":\"https:\\\/\\\/www.alasmedios.com\\\/\",\"logo\":{\"@type\":\"ImageObject\",\"inLanguage\":\"es\",\"@id\":\"https:\\\/\\\/www.alasmedios.com\\\/#\\\/schema\\\/logo\\\/image\\\/\",\"url\":\"https:\\\/\\\/www.alasmedios.com\\\/wp-content\\\/uploads\\\/2026\\\/01\\\/cropped-cropped-GAM-1.png\",\"contentUrl\":\"https:\\\/\\\/www.alasmedios.com\\\/wp-content\\\/uploads\\\/2026\\\/01\\\/cropped-cropped-GAM-1.png\",\"width\":467,\"height\":235,\"caption\":\"Alas Medios\"},\"image\":{\"@id\":\"https:\\\/\\\/www.alasmedios.com\\\/#\\\/schema\\\/logo\\\/image\\\/\"}},{\"@type\":\"Person\",\"@id\":\"https:\\\/\\\/www.alasmedios.com\\\/#\\\/schema\\\/person\\\/0ba31bdd19a05ebf5c7fef1fedf99c34\",\"name\":\"Keila Rodr\u00edguez Pe\u00f1a\",\"image\":{\"@type\":\"ImageObject\",\"inLanguage\":\"es\",\"@id\":\"https:\\\/\\\/secure.gravatar.com\\\/avatar\\\/a2553a2bfaa601b9d539b617c8793e151bdffb60f9e48a249912f86d4c9ebeef?s=96&d=mm&r=g\",\"url\":\"https:\\\/\\\/secure.gravatar.com\\\/avatar\\\/a2553a2bfaa601b9d539b617c8793e151bdffb60f9e48a249912f86d4c9ebeef?s=96&d=mm&r=g\",\"contentUrl\":\"https:\\\/\\\/secure.gravatar.com\\\/avatar\\\/a2553a2bfaa601b9d539b617c8793e151bdffb60f9e48a249912f86d4c9ebeef?s=96&d=mm&r=g\",\"caption\":\"Keila Rodr\u00edguez Pe\u00f1a\"},\"sameAs\":[\"http:\\\/\\\/www.alasmedios.com\"],\"url\":\"https:\\\/\\\/www.alasmedios.com\\\/index.php\\\/author\\\/keila\\\/\"}]}<\/script>\r\n<!-- \/ Yoast SEO plugin. -->","yoast_head_json":{"title":"ONU Mujeres revela la primera herramienta global de monitoreo de igualdad de g\u00e9nero y pol\u00edticas clim\u00e1ticas - Alas Medios","robots":{"index":"index","follow":"follow","max-snippet":"max-snippet:-1","max-image-preview":"max-image-preview:large","max-video-preview":"max-video-preview:-1"},"canonical":"https:\/\/www.alasmedios.com\/index.php\/2025\/11\/22\/onu-mujeres-revela-la-primera-herramienta-global-de-monitoreo-de-igualdad-de-genero-y-politicas-climaticas\/","og_locale":"es_MX","og_type":"article","og_title":"ONU Mujeres revela la primera herramienta global de monitoreo de igualdad de g\u00e9nero y pol\u00edticas clim\u00e1ticas - Alas Medios","og_description":"En un anuncio que podr\u00eda redefinir la forma en que el mundo eval\u00faa su acci\u00f3n ambiental, ONU Mujeres present\u00f3 en","og_url":"https:\/\/www.alasmedios.com\/index.php\/2025\/11\/22\/onu-mujeres-revela-la-primera-herramienta-global-de-monitoreo-de-igualdad-de-genero-y-politicas-climaticas\/","og_site_name":"Alas Medios","article_published_time":"2025-11-22T17:02:54+00:00","article_modified_time":"2025-11-22T17:02:55+00:00","og_image":[{"width":2000,"height":1214,"url":"https:\/\/www.alasmedios.com\/wp-content\/uploads\/2025\/11\/ONU-Mujeres-revela-la-primera-herramienta-global-de-monitoreo-de-igualdad-de-genero-y-politicas-climaticas.png","type":"image\/png"}],"author":"Keila Rodr\u00edguez Pe\u00f1a","twitter_card":"summary_large_image","twitter_misc":{"Escrito por":"Keila Rodr\u00edguez Pe\u00f1a","Tiempo de lectura":"2 minutos"},"schema":{"@context":"https:\/\/schema.org","@graph":[{"@type":"Article","@id":"https:\/\/www.alasmedios.com\/index.php\/2025\/11\/22\/onu-mujeres-revela-la-primera-herramienta-global-de-monitoreo-de-igualdad-de-genero-y-politicas-climaticas\/#article","isPartOf":{"@id":"https:\/\/www.alasmedios.com\/index.php\/2025\/11\/22\/onu-mujeres-revela-la-primera-herramienta-global-de-monitoreo-de-igualdad-de-genero-y-politicas-climaticas\/"},"author":{"name":"Keila Rodr\u00edguez Pe\u00f1a","@id":"https:\/\/www.alasmedios.com\/#\/schema\/person\/0ba31bdd19a05ebf5c7fef1fedf99c34"},"headline":"ONU Mujeres revela la primera herramienta global de monitoreo de igualdad de g\u00e9nero y pol\u00edticas clim\u00e1ticas","datePublished":"2025-11-22T17:02:54+00:00","dateModified":"2025-11-22T17:02:55+00:00","mainEntityOfPage":{"@id":"https:\/\/www.alasmedios.com\/index.php\/2025\/11\/22\/onu-mujeres-revela-la-primera-herramienta-global-de-monitoreo-de-igualdad-de-genero-y-politicas-climaticas\/"},"wordCount":516,"commentCount":0,"publisher":{"@id":"https:\/\/www.alasmedios.com\/#organization"},"image":{"@id":"https:\/\/www.alasmedios.com\/index.php\/2025\/11\/22\/onu-mujeres-revela-la-primera-herramienta-global-de-monitoreo-de-igualdad-de-genero-y-politicas-climaticas\/#primaryimage"},"thumbnailUrl":"https:\/\/www.alasmedios.com\/wp-content\/uploads\/2025\/11\/ONU-Mujeres-revela-la-primera-herramienta-global-de-monitoreo-de-igualdad-de-genero-y-politicas-climaticas.png","keywords":["COP30","igualdad de g\u00e9nero","Mujeres","NDC","ONU Mujeres","pol\u00edticas clim\u00e1ticas"],"articleSection":["Ellas Dicen"],"inLanguage":"es","potentialAction":[{"@type":"CommentAction","name":"Comment","target":["https:\/\/www.alasmedios.com\/index.php\/2025\/11\/22\/onu-mujeres-revela-la-primera-herramienta-global-de-monitoreo-de-igualdad-de-genero-y-politicas-climaticas\/#respond"]}]},{"@type":"WebPage","@id":"https:\/\/www.alasmedios.com\/index.php\/2025\/11\/22\/onu-mujeres-revela-la-primera-herramienta-global-de-monitoreo-de-igualdad-de-genero-y-politicas-climaticas\/","url":"https:\/\/www.alasmedios.com\/index.php\/2025\/11\/22\/onu-mujeres-revela-la-primera-herramienta-global-de-monitoreo-de-igualdad-de-genero-y-politicas-climaticas\/","name":"ONU Mujeres revela la primera herramienta global de monitoreo de igualdad de g\u00e9nero y pol\u00edticas clim\u00e1ticas - Alas Medios","isPartOf":{"@id":"https:\/\/www.alasmedios.com\/#website"},"primaryImageOfPage":{"@id":"https:\/\/www.alasmedios.com\/index.php\/2025\/11\/22\/onu-mujeres-revela-la-primera-herramienta-global-de-monitoreo-de-igualdad-de-genero-y-politicas-climaticas\/#primaryimage"},"image":{"@id":"https:\/\/www.alasmedios.com\/index.php\/2025\/11\/22\/onu-mujeres-revela-la-primera-herramienta-global-de-monitoreo-de-igualdad-de-genero-y-politicas-climaticas\/#primaryimage"},"thumbnailUrl":"https:\/\/www.alasmedios.com\/wp-content\/uploads\/2025\/11\/ONU-Mujeres-revela-la-primera-herramienta-global-de-monitoreo-de-igualdad-de-genero-y-politicas-climaticas.png","datePublished":"2025-11-22T17:02:54+00:00","dateModified":"2025-11-22T17:02:55+00:00","breadcrumb":{"@id":"https:\/\/www.alasmedios.com\/index.php\/2025\/11\/22\/onu-mujeres-revela-la-primera-herramienta-global-de-monitoreo-de-igualdad-de-genero-y-politicas-climaticas\/#breadcrumb"},"inLanguage":"es","potentialAction":[{"@type":"ReadAction","target":["https:\/\/www.alasmedios.com\/index.php\/2025\/11\/22\/onu-mujeres-revela-la-primera-herramienta-global-de-monitoreo-de-igualdad-de-genero-y-politicas-climaticas\/"]}]},{"@type":"ImageObject","inLanguage":"es","@id":"https:\/\/www.alasmedios.com\/index.php\/2025\/11\/22\/onu-mujeres-revela-la-primera-herramienta-global-de-monitoreo-de-igualdad-de-genero-y-politicas-climaticas\/#primaryimage","url":"https:\/\/www.alasmedios.com\/wp-content\/uploads\/2025\/11\/ONU-Mujeres-revela-la-primera-herramienta-global-de-monitoreo-de-igualdad-de-genero-y-politicas-climaticas.png","contentUrl":"https:\/\/www.alasmedios.com\/wp-content\/uploads\/2025\/11\/ONU-Mujeres-revela-la-primera-herramienta-global-de-monitoreo-de-igualdad-de-genero-y-politicas-climaticas.png","width":2000,"height":1214},{"@type":"BreadcrumbList","@id":"https:\/\/www.alasmedios.com\/index.php\/2025\/11\/22\/onu-mujeres-revela-la-primera-herramienta-global-de-monitoreo-de-igualdad-de-genero-y-politicas-climaticas\/#breadcrumb","itemListElement":[{"@type":"ListItem","position":1,"name":"Inicio","item":"https:\/\/www.alasmedios.com\/"},{"@type":"ListItem","position":2,"name":"ONU Mujeres revela la primera herramienta global de monitoreo de igualdad de g\u00e9nero y pol\u00edticas clim\u00e1ticas"}]},{"@type":"WebSite","@id":"https:\/\/www.alasmedios.com\/#website","url":"https:\/\/www.alasmedios.com\/","name":"Alas Medios","description":"Alas para pensar, Alas para volar, Alas de libertad","publisher":{"@id":"https:\/\/www.alasmedios.com\/#organization"},"potentialAction":[{"@type":"SearchAction","target":{"@type":"EntryPoint","urlTemplate":"https:\/\/www.alasmedios.com\/?s={search_term_string}"},"query-input":{"@type":"PropertyValueSpecification","valueRequired":true,"valueName":"search_term_string"}}],"inLanguage":"es"},{"@type":"Organization","@id":"https:\/\/www.alasmedios.com\/#organization","name":"Alas Medios","url":"https:\/\/www.alasmedios.com\/","logo":{"@type":"ImageObject","inLanguage":"es","@id":"https:\/\/www.alasmedios.com\/#\/schema\/logo\/image\/","url":"https:\/\/www.alasmedios.com\/wp-content\/uploads\/2026\/01\/cropped-cropped-GAM-1.png","contentUrl":"https:\/\/www.alasmedios.com\/wp-content\/uploads\/2026\/01\/cropped-cropped-GAM-1.png","width":467,"height":235,"caption":"Alas Medios"},"image":{"@id":"https:\/\/www.alasmedios.com\/#\/schema\/logo\/image\/"}},{"@type":"Person","@id":"https:\/\/www.alasmedios.com\/#\/schema\/person\/0ba31bdd19a05ebf5c7fef1fedf99c34","name":"Keila Rodr\u00edguez Pe\u00f1a","image":{"@type":"ImageObject","inLanguage":"es","@id":"https:\/\/secure.gravatar.com\/avatar\/a2553a2bfaa601b9d539b617c8793e151bdffb60f9e48a249912f86d4c9ebeef?s=96&d=mm&r=g","url":"https:\/\/secure.gravatar.com\/avatar\/a2553a2bfaa601b9d539b617c8793e151bdffb60f9e48a249912f86d4c9ebeef?s=96&d=mm&r=g","contentUrl":"https:\/\/secure.gravatar.com\/avatar\/a2553a2bfaa601b9d539b617c8793e151bdffb60f9e48a249912f86d4c9ebeef?s=96&d=mm&r=g","caption":"Keila Rodr\u00edguez Pe\u00f1a"},"sameAs":["http:\/\/www.alasmedios.com"],"url":"https:\/\/www.alasmedios.com\/index.php\/author\/keila\/"}]}},"_links":{"self":[{"href":"https:\/\/www.alasmedios.com\/index.php\/wp-json\/wp\/v2\/posts\/6896","targetHints":{"allow":["GET"]}}],"collection":[{"href":"https:\/\/www.alasmedios.com\/index.php\/wp-json\/wp\/v2\/posts"}],"about":[{"href":"https:\/\/www.alasmedios.com\/index.php\/wp-json\/wp\/v2\/types\/post"}],"author":[{"embeddable":true,"href":"https:\/\/www.alasmedios.com\/index.php\/wp-json\/wp\/v2\/users\/4"}],"replies":[{"embeddable":true,"href":"https:\/\/www.alasmedios.com\/index.php\/wp-json\/wp\/v2\/comments?post=6896"}],"version-history":[{"count":1,"href":"https:\/\/www.alasmedios.com\/index.php\/wp-json\/wp\/v2\/posts\/6896\/revisions"}],"predecessor-version":[{"id":6898,"href":"https:\/\/www.alasmedios.com\/index.php\/wp-json\/wp\/v2\/posts\/6896\/revisions\/6898"}],"wp:featuredmedia":[{"embeddable":true,"href":"https:\/\/www.alasmedios.com\/index.php\/wp-json\/wp\/v2\/media\/6897"}],"wp:attachment":[{"href":"https:\/\/www.alasmedios.com\/index.php\/wp-json\/wp\/v2\/media?parent=6896"}],"wp:term":[{"taxonomy":"category","embeddable":true,"href":"https:\/\/www.alasmedios.com\/index.php\/wp-json\/wp\/v2\/categories?post=6896"},{"taxonomy":"post_tag","embeddable":true,"href":"https:\/\/www.alasmedios.com\/index.php\/wp-json\/wp\/v2\/tags?post=6896"}],"curies":[{"name":"wp","href":"https:\/\/api.w.org\/{rel}","templated":true}]}}