{"id":6888,"date":"2025-11-21T15:38:50","date_gmt":"2025-11-21T21:38:50","guid":{"rendered":"https:\/\/www.alasmedios.com\/?p=6888"},"modified":"2025-11-21T15:38:51","modified_gmt":"2025-11-21T21:38:51","slug":"existimos-estuvo-presente-en-el-foro-por-el-dia-de-la-remembranza-trans","status":"publish","type":"post","link":"https:\/\/www.alasmedios.com\/index.php\/2025\/11\/21\/existimos-estuvo-presente-en-el-foro-por-el-dia-de-la-remembranza-trans\/","title":{"rendered":"Existimos estuvo presente en el Foro por el D\u00eda de la Remembranza Trans"},"content":{"rendered":"\n<p>La organizaci\u00f3n <strong>Fundaci\u00f3n Existimos A.C.<\/strong> particip\u00f3 en el <strong>Foro por el D\u00eda de la Remembranza Trans<\/strong> en la Ciudad de M\u00e9xico, un espacio concebido para <strong>honrar a las vidas arrebatadas por la violencia<\/strong> y para subrayar la urgencia de construir un pa\u00eds donde las <strong>identidades trans<\/strong> puedan vivir con <strong>dignidad<\/strong>, <strong>justicia<\/strong> y <strong>libertad<\/strong>.<\/p>\n\n\n\n<p>En el encuentro destac\u00f3 el acompa\u00f1amiento y respaldo de la <strong>diputada Diana S\u00e1nchez Barrios<\/strong>, reconocidos por su trabajo en agendas de <strong>igualdad<\/strong> y <strong>derechos humanos<\/strong>.<\/p>\n\n\n\n<p>CONTIN\u00daA LEYENDO: <a href=\"https:\/\/www.alasmedios.com\/index.php\/2025\/11\/21\/vasectomia-no-te-vuelve-menos-hombre\/\" data-type=\"post\" data-id=\"6863\">Vasectom\u00eda no \u201cte vuelve menos hombre\u201d<\/a><\/p>\n\n\n\n<p>La organizaci\u00f3n reiter\u00f3 su compromiso al se\u00f1alar que <strong>la memoria es resistencia<\/strong>, que <strong>la visibilidad es un acto pol\u00edtico<\/strong>, y que toda lucha por los derechos trans es, ante todo, <strong>colectiva<\/strong>.<\/p>\n\n\n\n<p>El mensaje central fue claro: <strong>las personas trans merecen vivir, crecer, so\u00f1ar y existir plenamente<\/strong>.<\/p>\n\n\n<ul class=\"wp-block-latest-posts__list is-grid columns-3 wp-block-latest-posts\"><li><div class=\"wp-block-latest-posts__featured-image\"><img loading=\"lazy\" decoding=\"async\" width=\"150\" height=\"150\" src=\"https:\/\/www.alasmedios.com\/wp-content\/uploads\/2026\/05\/AMPEP-inteligencia-artificial-150x150.jpg\" class=\"attachment-thumbnail size-thumbnail wp-post-image\" alt=\"\" style=\"\" \/><\/div><a class=\"wp-block-latest-posts__post-title\" href=\"https:\/\/www.alasmedios.com\/index.php\/2026\/05\/01\/periodismo-frente-a-la-ia-ampep-asume-liderazgo-y-apuesta-por-contar-historias-con-alma\/\">Periodismo frente a la IA: AMPEP asume liderazgo y apuesta por contar historias con \u201calma\u201d<\/a><\/li>\n<li><div class=\"wp-block-latest-posts__featured-image\"><img loading=\"lazy\" decoding=\"async\" width=\"150\" height=\"150\" src=\"https:\/\/www.alasmedios.com\/wp-content\/uploads\/2026\/05\/Hidalgo-viene-un-respiro-con-el-frente-frio-48-150x150.png\" class=\"attachment-thumbnail size-thumbnail wp-post-image\" alt=\"\" style=\"\" \/><\/div><a class=\"wp-block-latest-posts__post-title\" href=\"https:\/\/www.alasmedios.com\/index.php\/2026\/05\/01\/frente-frio-48-un-alivio-asi-impactara-en-hidalgo\/\">Frente fr\u00edo 48, un alivio: as\u00ed impactar\u00e1 en Hidalgo<\/a><\/li>\n<li><div class=\"wp-block-latest-posts__featured-image\"><img loading=\"lazy\" decoding=\"async\" width=\"150\" height=\"150\" src=\"https:\/\/www.alasmedios.com\/wp-content\/uploads\/2026\/05\/mujeres-depresion-posparto-150x150.png\" class=\"attachment-thumbnail size-thumbnail wp-post-image\" alt=\"\" style=\"\" \/><\/div><a class=\"wp-block-latest-posts__post-title\" href=\"https:\/\/www.alasmedios.com\/index.php\/2026\/05\/01\/1-de-cada-15-mujeres-sufre-depresion-posparto\/\">1 de cada 15 mujeres sufre depresi\u00f3n posparto<\/a><\/li>\n<\/ul>","protected":false},"excerpt":{"rendered":"<p>La organizaci\u00f3n Fundaci\u00f3n Existimos A.C. particip\u00f3 en el Foro por el D\u00eda de la Remembranza Trans en la Ciudad de<\/p>\n","protected":false},"author":4,"featured_media":6889,"comment_status":"open","ping_status":"open","sticky":false,"template":"","format":"standard","meta":{"colormag_page_container_layout":"default_layout","colormag_page_sidebar_layout":"default_layout","rop_custom_images_group":[],"rop_custom_messages_group":[],"rop_publish_now":"initial","rop_publish_now_accounts":[],"rop_publish_now_history":[],"rop_publish_now_status":"pending","iawp_total_views":0,"footnotes":""},"categories":[42,44],"tags":[456,3048,3047,689],"class_list":["post-6888","post","type-post","status-publish","format-standard","has-post-thumbnail","hentry","category-familia_salud","category-sexualidad","tag-derechos","tag-dia-de-la-memoria-trans","tag-existimos","tag-trans"],"magazineBlocksPostFeaturedMedia":{"thumbnail":"https:\/\/www.alasmedios.com\/wp-content\/uploads\/2025\/11\/Existimos-estuvo-presente-en-el-Foro-por-el-Dia-de-la-Remembranza-Trans-150x150.png","medium":"https:\/\/www.alasmedios.com\/wp-content\/uploads\/2025\/11\/Existimos-estuvo-presente-en-el-Foro-por-el-Dia-de-la-Remembranza-Trans-300x182.png","medium_large":"https:\/\/www.alasmedios.com\/wp-content\/uploads\/2025\/11\/Existimos-estuvo-presente-en-el-Foro-por-el-Dia-de-la-Remembranza-Trans-768x466.png","large":"https:\/\/www.alasmedios.com\/wp-content\/uploads\/2025\/11\/Existimos-estuvo-presente-en-el-Foro-por-el-Dia-de-la-Remembranza-Trans-1024x622.png","1536x1536":"https:\/\/www.alasmedios.com\/wp-content\/uploads\/2025\/11\/Existimos-estuvo-presente-en-el-Foro-por-el-Dia-de-la-Remembranza-Trans-1536x932.png","2048x2048":"https:\/\/www.alasmedios.com\/wp-content\/uploads\/2025\/11\/Existimos-estuvo-presente-en-el-Foro-por-el-Dia-de-la-Remembranza-Trans.png","colormag-highlighted-post":"https:\/\/www.alasmedios.com\/wp-content\/uploads\/2025\/11\/Existimos-estuvo-presente-en-el-Foro-por-el-Dia-de-la-Remembranza-Trans-392x272.png","colormag-featured-post-medium":"https:\/\/www.alasmedios.com\/wp-content\/uploads\/2025\/11\/Existimos-estuvo-presente-en-el-Foro-por-el-Dia-de-la-Remembranza-Trans-390x205.png","colormag-featured-post-small":"https:\/\/www.alasmedios.com\/wp-content\/uploads\/2025\/11\/Existimos-estuvo-presente-en-el-Foro-por-el-Dia-de-la-Remembranza-Trans-130x90.png","colormag-featured-image":"https:\/\/www.alasmedios.com\/wp-content\/uploads\/2025\/11\/Existimos-estuvo-presente-en-el-Foro-por-el-Dia-de-la-Remembranza-Trans-800x445.png","colormag-default-news":"https:\/\/www.alasmedios.com\/wp-content\/uploads\/2025\/11\/Existimos-estuvo-presente-en-el-Foro-por-el-Dia-de-la-Remembranza-Trans-150x150.png","colormag-featured-image-large":"https:\/\/www.alasmedios.com\/wp-content\/uploads\/2025\/11\/Existimos-estuvo-presente-en-el-Foro-por-el-Dia-de-la-Remembranza-Trans-1400x600.png"},"magazineBlocksPostAuthor":{"name":"Keila Rodr\u00edguez Pe\u00f1a","avatar":"https:\/\/secure.gravatar.com\/avatar\/a2553a2bfaa601b9d539b617c8793e151bdffb60f9e48a249912f86d4c9ebeef?s=96&d=mm&r=g"},"magazineBlocksPostCommentsNumber":"0","magazineBlocksPostExcerpt":"La organizaci\u00f3n Fundaci\u00f3n Existimos A.C. particip\u00f3 en el Foro por el D\u00eda de la Remembranza Trans en la Ciudad de","magazineBlocksPostCategories":["Familia y Bienestar","Salud y Sexualidad"],"magazineBlocksPostViewCount":197,"magazineBlocksPostReadTime":1,"magazine_blocks_featured_image_url":{"full":["https:\/\/www.alasmedios.com\/wp-content\/uploads\/2025\/11\/Existimos-estuvo-presente-en-el-Foro-por-el-Dia-de-la-Remembranza-Trans.png",2000,1214,false],"medium":["https:\/\/www.alasmedios.com\/wp-content\/uploads\/2025\/11\/Existimos-estuvo-presente-en-el-Foro-por-el-Dia-de-la-Remembranza-Trans-300x182.png",300,182,true],"thumbnail":["https:\/\/www.alasmedios.com\/wp-content\/uploads\/2025\/11\/Existimos-estuvo-presente-en-el-Foro-por-el-Dia-de-la-Remembranza-Trans-150x150.png",150,150,true]},"magazine_blocks_author":{"display_name":"Keila Rodr\u00edguez Pe\u00f1a","author_link":"https:\/\/www.alasmedios.com\/index.php\/author\/keila\/"},"magazine_blocks_comment":0,"magazine_blocks_author_image":"https:\/\/secure.gravatar.com\/avatar\/a2553a2bfaa601b9d539b617c8793e151bdffb60f9e48a249912f86d4c9ebeef?s=96&d=mm&r=g","magazine_blocks_category":"<a href=\"#\" class=\"category-link category-link-42\">Familia y Bienestar<\/a> <a href=\"#\" class=\"category-link category-link-44\">Salud y Sexualidad<\/a>","yoast_head":"<!-- This site is optimized with the Yoast SEO plugin v27.5 - https:\/\/yoast.com\/product\/yoast-seo-wordpress\/ -->\r\n<title>Existimos estuvo presente en el Foro por el D\u00eda de la Remembranza Trans - Alas Medios<\/title>\r\n<meta name=\"robots\" content=\"index, follow, max-snippet:-1, max-image-preview:large, max-video-preview:-1\" \/>\r\n<link rel=\"canonical\" href=\"https:\/\/www.alasmedios.com\/index.php\/2025\/11\/21\/existimos-estuvo-presente-en-el-foro-por-el-dia-de-la-remembranza-trans\/\" \/>\r\n<meta property=\"og:locale\" content=\"es_MX\" \/>\r\n<meta property=\"og:type\" content=\"article\" \/>\r\n<meta property=\"og:title\" content=\"Existimos estuvo presente en el Foro por el D\u00eda de la Remembranza Trans - Alas Medios\" \/>\r\n<meta property=\"og:description\" content=\"La organizaci\u00f3n Fundaci\u00f3n Existimos A.C. particip\u00f3 en el Foro por el D\u00eda de la Remembranza Trans en la Ciudad de\" \/>\r\n<meta property=\"og:url\" content=\"https:\/\/www.alasmedios.com\/index.php\/2025\/11\/21\/existimos-estuvo-presente-en-el-foro-por-el-dia-de-la-remembranza-trans\/\" \/>\r\n<meta property=\"og:site_name\" content=\"Alas Medios\" \/>\r\n<meta property=\"article:published_time\" content=\"2025-11-21T21:38:50+00:00\" \/>\r\n<meta property=\"article:modified_time\" content=\"2025-11-21T21:38:51+00:00\" \/>\r\n<meta property=\"og:image\" content=\"https:\/\/www.alasmedios.com\/wp-content\/uploads\/2025\/11\/Existimos-estuvo-presente-en-el-Foro-por-el-Dia-de-la-Remembranza-Trans.png\" \/>\r\n\t<meta property=\"og:image:width\" content=\"2000\" \/>\r\n\t<meta property=\"og:image:height\" content=\"1214\" \/>\r\n\t<meta property=\"og:image:type\" content=\"image\/png\" \/>\r\n<meta name=\"author\" content=\"Keila Rodr\u00edguez Pe\u00f1a\" \/>\r\n<meta name=\"twitter:card\" content=\"summary_large_image\" \/>\r\n<meta name=\"twitter:label1\" content=\"Escrito por\" \/>\n\t<meta name=\"twitter:data1\" content=\"Keila Rodr\u00edguez Pe\u00f1a\" \/>\n\t<meta name=\"twitter:label2\" content=\"Tiempo de lectura\" \/>\n\t<meta name=\"twitter:data2\" content=\"1 minuto\" \/>\r\n<script type=\"application\/ld+json\" class=\"yoast-schema-graph\">{\"@context\":\"https:\\\/\\\/schema.org\",\"@graph\":[{\"@type\":\"Article\",\"@id\":\"https:\\\/\\\/www.alasmedios.com\\\/index.php\\\/2025\\\/11\\\/21\\\/existimos-estuvo-presente-en-el-foro-por-el-dia-de-la-remembranza-trans\\\/#article\",\"isPartOf\":{\"@id\":\"https:\\\/\\\/www.alasmedios.com\\\/index.php\\\/2025\\\/11\\\/21\\\/existimos-estuvo-presente-en-el-foro-por-el-dia-de-la-remembranza-trans\\\/\"},\"author\":{\"name\":\"Keila Rodr\u00edguez Pe\u00f1a\",\"@id\":\"https:\\\/\\\/www.alasmedios.com\\\/#\\\/schema\\\/person\\\/0ba31bdd19a05ebf5c7fef1fedf99c34\"},\"headline\":\"Existimos estuvo presente en el Foro por el D\u00eda de la Remembranza Trans\",\"datePublished\":\"2025-11-21T21:38:50+00:00\",\"dateModified\":\"2025-11-21T21:38:51+00:00\",\"mainEntityOfPage\":{\"@id\":\"https:\\\/\\\/www.alasmedios.com\\\/index.php\\\/2025\\\/11\\\/21\\\/existimos-estuvo-presente-en-el-foro-por-el-dia-de-la-remembranza-trans\\\/\"},\"wordCount\":160,\"commentCount\":0,\"publisher\":{\"@id\":\"https:\\\/\\\/www.alasmedios.com\\\/#organization\"},\"image\":{\"@id\":\"https:\\\/\\\/www.alasmedios.com\\\/index.php\\\/2025\\\/11\\\/21\\\/existimos-estuvo-presente-en-el-foro-por-el-dia-de-la-remembranza-trans\\\/#primaryimage\"},\"thumbnailUrl\":\"https:\\\/\\\/www.alasmedios.com\\\/wp-content\\\/uploads\\\/2025\\\/11\\\/Existimos-estuvo-presente-en-el-Foro-por-el-Dia-de-la-Remembranza-Trans.png\",\"keywords\":[\"derechos\",\"D\u00eda de la Memoria Trans\",\"Existimos\",\"trans\"],\"articleSection\":[\"Familia y Bienestar\",\"Salud y Sexualidad\"],\"inLanguage\":\"es\",\"potentialAction\":[{\"@type\":\"CommentAction\",\"name\":\"Comment\",\"target\":[\"https:\\\/\\\/www.alasmedios.com\\\/index.php\\\/2025\\\/11\\\/21\\\/existimos-estuvo-presente-en-el-foro-por-el-dia-de-la-remembranza-trans\\\/#respond\"]}]},{\"@type\":\"WebPage\",\"@id\":\"https:\\\/\\\/www.alasmedios.com\\\/index.php\\\/2025\\\/11\\\/21\\\/existimos-estuvo-presente-en-el-foro-por-el-dia-de-la-remembranza-trans\\\/\",\"url\":\"https:\\\/\\\/www.alasmedios.com\\\/index.php\\\/2025\\\/11\\\/21\\\/existimos-estuvo-presente-en-el-foro-por-el-dia-de-la-remembranza-trans\\\/\",\"name\":\"Existimos estuvo presente en el Foro por el D\u00eda de la Remembranza Trans - Alas Medios\",\"isPartOf\":{\"@id\":\"https:\\\/\\\/www.alasmedios.com\\\/#website\"},\"primaryImageOfPage\":{\"@id\":\"https:\\\/\\\/www.alasmedios.com\\\/index.php\\\/2025\\\/11\\\/21\\\/existimos-estuvo-presente-en-el-foro-por-el-dia-de-la-remembranza-trans\\\/#primaryimage\"},\"image\":{\"@id\":\"https:\\\/\\\/www.alasmedios.com\\\/index.php\\\/2025\\\/11\\\/21\\\/existimos-estuvo-presente-en-el-foro-por-el-dia-de-la-remembranza-trans\\\/#primaryimage\"},\"thumbnailUrl\":\"https:\\\/\\\/www.alasmedios.com\\\/wp-content\\\/uploads\\\/2025\\\/11\\\/Existimos-estuvo-presente-en-el-Foro-por-el-Dia-de-la-Remembranza-Trans.png\",\"datePublished\":\"2025-11-21T21:38:50+00:00\",\"dateModified\":\"2025-11-21T21:38:51+00:00\",\"breadcrumb\":{\"@id\":\"https:\\\/\\\/www.alasmedios.com\\\/index.php\\\/2025\\\/11\\\/21\\\/existimos-estuvo-presente-en-el-foro-por-el-dia-de-la-remembranza-trans\\\/#breadcrumb\"},\"inLanguage\":\"es\",\"potentialAction\":[{\"@type\":\"ReadAction\",\"target\":[\"https:\\\/\\\/www.alasmedios.com\\\/index.php\\\/2025\\\/11\\\/21\\\/existimos-estuvo-presente-en-el-foro-por-el-dia-de-la-remembranza-trans\\\/\"]}]},{\"@type\":\"ImageObject\",\"inLanguage\":\"es\",\"@id\":\"https:\\\/\\\/www.alasmedios.com\\\/index.php\\\/2025\\\/11\\\/21\\\/existimos-estuvo-presente-en-el-foro-por-el-dia-de-la-remembranza-trans\\\/#primaryimage\",\"url\":\"https:\\\/\\\/www.alasmedios.com\\\/wp-content\\\/uploads\\\/2025\\\/11\\\/Existimos-estuvo-presente-en-el-Foro-por-el-Dia-de-la-Remembranza-Trans.png\",\"contentUrl\":\"https:\\\/\\\/www.alasmedios.com\\\/wp-content\\\/uploads\\\/2025\\\/11\\\/Existimos-estuvo-presente-en-el-Foro-por-el-Dia-de-la-Remembranza-Trans.png\",\"width\":2000,\"height\":1214},{\"@type\":\"BreadcrumbList\",\"@id\":\"https:\\\/\\\/www.alasmedios.com\\\/index.php\\\/2025\\\/11\\\/21\\\/existimos-estuvo-presente-en-el-foro-por-el-dia-de-la-remembranza-trans\\\/#breadcrumb\",\"itemListElement\":[{\"@type\":\"ListItem\",\"position\":1,\"name\":\"Inicio\",\"item\":\"https:\\\/\\\/www.alasmedios.com\\\/\"},{\"@type\":\"ListItem\",\"position\":2,\"name\":\"Existimos estuvo presente en el Foro por el D\u00eda de la Remembranza Trans\"}]},{\"@type\":\"WebSite\",\"@id\":\"https:\\\/\\\/www.alasmedios.com\\\/#website\",\"url\":\"https:\\\/\\\/www.alasmedios.com\\\/\",\"name\":\"Alas Medios\",\"description\":\"Alas para pensar, Alas para volar, Alas de libertad\",\"publisher\":{\"@id\":\"https:\\\/\\\/www.alasmedios.com\\\/#organization\"},\"potentialAction\":[{\"@type\":\"SearchAction\",\"target\":{\"@type\":\"EntryPoint\",\"urlTemplate\":\"https:\\\/\\\/www.alasmedios.com\\\/?s={search_term_string}\"},\"query-input\":{\"@type\":\"PropertyValueSpecification\",\"valueRequired\":true,\"valueName\":\"search_term_string\"}}],\"inLanguage\":\"es\"},{\"@type\":\"Organization\",\"@id\":\"https:\\\/\\\/www.alasmedios.com\\\/#organization\",\"name\":\"Alas Medios\",\"url\":\"https:\\\/\\\/www.alasmedios.com\\\/\",\"logo\":{\"@type\":\"ImageObject\",\"inLanguage\":\"es\",\"@id\":\"https:\\\/\\\/www.alasmedios.com\\\/#\\\/schema\\\/logo\\\/image\\\/\",\"url\":\"https:\\\/\\\/www.alasmedios.com\\\/wp-content\\\/uploads\\\/2026\\\/01\\\/cropped-cropped-GAM-1.png\",\"contentUrl\":\"https:\\\/\\\/www.alasmedios.com\\\/wp-content\\\/uploads\\\/2026\\\/01\\\/cropped-cropped-GAM-1.png\",\"width\":467,\"height\":235,\"caption\":\"Alas Medios\"},\"image\":{\"@id\":\"https:\\\/\\\/www.alasmedios.com\\\/#\\\/schema\\\/logo\\\/image\\\/\"}},{\"@type\":\"Person\",\"@id\":\"https:\\\/\\\/www.alasmedios.com\\\/#\\\/schema\\\/person\\\/0ba31bdd19a05ebf5c7fef1fedf99c34\",\"name\":\"Keila Rodr\u00edguez Pe\u00f1a\",\"image\":{\"@type\":\"ImageObject\",\"inLanguage\":\"es\",\"@id\":\"https:\\\/\\\/secure.gravatar.com\\\/avatar\\\/a2553a2bfaa601b9d539b617c8793e151bdffb60f9e48a249912f86d4c9ebeef?s=96&d=mm&r=g\",\"url\":\"https:\\\/\\\/secure.gravatar.com\\\/avatar\\\/a2553a2bfaa601b9d539b617c8793e151bdffb60f9e48a249912f86d4c9ebeef?s=96&d=mm&r=g\",\"contentUrl\":\"https:\\\/\\\/secure.gravatar.com\\\/avatar\\\/a2553a2bfaa601b9d539b617c8793e151bdffb60f9e48a249912f86d4c9ebeef?s=96&d=mm&r=g\",\"caption\":\"Keila Rodr\u00edguez Pe\u00f1a\"},\"sameAs\":[\"http:\\\/\\\/www.alasmedios.com\"],\"url\":\"https:\\\/\\\/www.alasmedios.com\\\/index.php\\\/author\\\/keila\\\/\"}]}<\/script>\r\n<!-- \/ Yoast SEO plugin. -->","yoast_head_json":{"title":"Existimos estuvo presente en el Foro por el D\u00eda de la Remembranza Trans - Alas Medios","robots":{"index":"index","follow":"follow","max-snippet":"max-snippet:-1","max-image-preview":"max-image-preview:large","max-video-preview":"max-video-preview:-1"},"canonical":"https:\/\/www.alasmedios.com\/index.php\/2025\/11\/21\/existimos-estuvo-presente-en-el-foro-por-el-dia-de-la-remembranza-trans\/","og_locale":"es_MX","og_type":"article","og_title":"Existimos estuvo presente en el Foro por el D\u00eda de la Remembranza Trans - Alas Medios","og_description":"La organizaci\u00f3n Fundaci\u00f3n Existimos A.C. particip\u00f3 en el Foro por el D\u00eda de la Remembranza Trans en la Ciudad de","og_url":"https:\/\/www.alasmedios.com\/index.php\/2025\/11\/21\/existimos-estuvo-presente-en-el-foro-por-el-dia-de-la-remembranza-trans\/","og_site_name":"Alas Medios","article_published_time":"2025-11-21T21:38:50+00:00","article_modified_time":"2025-11-21T21:38:51+00:00","og_image":[{"width":2000,"height":1214,"url":"https:\/\/www.alasmedios.com\/wp-content\/uploads\/2025\/11\/Existimos-estuvo-presente-en-el-Foro-por-el-Dia-de-la-Remembranza-Trans.png","type":"image\/png"}],"author":"Keila Rodr\u00edguez Pe\u00f1a","twitter_card":"summary_large_image","twitter_misc":{"Escrito por":"Keila Rodr\u00edguez Pe\u00f1a","Tiempo de lectura":"1 minuto"},"schema":{"@context":"https:\/\/schema.org","@graph":[{"@type":"Article","@id":"https:\/\/www.alasmedios.com\/index.php\/2025\/11\/21\/existimos-estuvo-presente-en-el-foro-por-el-dia-de-la-remembranza-trans\/#article","isPartOf":{"@id":"https:\/\/www.alasmedios.com\/index.php\/2025\/11\/21\/existimos-estuvo-presente-en-el-foro-por-el-dia-de-la-remembranza-trans\/"},"author":{"name":"Keila Rodr\u00edguez Pe\u00f1a","@id":"https:\/\/www.alasmedios.com\/#\/schema\/person\/0ba31bdd19a05ebf5c7fef1fedf99c34"},"headline":"Existimos estuvo presente en el Foro por el D\u00eda de la Remembranza Trans","datePublished":"2025-11-21T21:38:50+00:00","dateModified":"2025-11-21T21:38:51+00:00","mainEntityOfPage":{"@id":"https:\/\/www.alasmedios.com\/index.php\/2025\/11\/21\/existimos-estuvo-presente-en-el-foro-por-el-dia-de-la-remembranza-trans\/"},"wordCount":160,"commentCount":0,"publisher":{"@id":"https:\/\/www.alasmedios.com\/#organization"},"image":{"@id":"https:\/\/www.alasmedios.com\/index.php\/2025\/11\/21\/existimos-estuvo-presente-en-el-foro-por-el-dia-de-la-remembranza-trans\/#primaryimage"},"thumbnailUrl":"https:\/\/www.alasmedios.com\/wp-content\/uploads\/2025\/11\/Existimos-estuvo-presente-en-el-Foro-por-el-Dia-de-la-Remembranza-Trans.png","keywords":["derechos","D\u00eda de la Memoria Trans","Existimos","trans"],"articleSection":["Familia y Bienestar","Salud y Sexualidad"],"inLanguage":"es","potentialAction":[{"@type":"CommentAction","name":"Comment","target":["https:\/\/www.alasmedios.com\/index.php\/2025\/11\/21\/existimos-estuvo-presente-en-el-foro-por-el-dia-de-la-remembranza-trans\/#respond"]}]},{"@type":"WebPage","@id":"https:\/\/www.alasmedios.com\/index.php\/2025\/11\/21\/existimos-estuvo-presente-en-el-foro-por-el-dia-de-la-remembranza-trans\/","url":"https:\/\/www.alasmedios.com\/index.php\/2025\/11\/21\/existimos-estuvo-presente-en-el-foro-por-el-dia-de-la-remembranza-trans\/","name":"Existimos estuvo presente en el Foro por el D\u00eda de la Remembranza Trans - Alas Medios","isPartOf":{"@id":"https:\/\/www.alasmedios.com\/#website"},"primaryImageOfPage":{"@id":"https:\/\/www.alasmedios.com\/index.php\/2025\/11\/21\/existimos-estuvo-presente-en-el-foro-por-el-dia-de-la-remembranza-trans\/#primaryimage"},"image":{"@id":"https:\/\/www.alasmedios.com\/index.php\/2025\/11\/21\/existimos-estuvo-presente-en-el-foro-por-el-dia-de-la-remembranza-trans\/#primaryimage"},"thumbnailUrl":"https:\/\/www.alasmedios.com\/wp-content\/uploads\/2025\/11\/Existimos-estuvo-presente-en-el-Foro-por-el-Dia-de-la-Remembranza-Trans.png","datePublished":"2025-11-21T21:38:50+00:00","dateModified":"2025-11-21T21:38:51+00:00","breadcrumb":{"@id":"https:\/\/www.alasmedios.com\/index.php\/2025\/11\/21\/existimos-estuvo-presente-en-el-foro-por-el-dia-de-la-remembranza-trans\/#breadcrumb"},"inLanguage":"es","potentialAction":[{"@type":"ReadAction","target":["https:\/\/www.alasmedios.com\/index.php\/2025\/11\/21\/existimos-estuvo-presente-en-el-foro-por-el-dia-de-la-remembranza-trans\/"]}]},{"@type":"ImageObject","inLanguage":"es","@id":"https:\/\/www.alasmedios.com\/index.php\/2025\/11\/21\/existimos-estuvo-presente-en-el-foro-por-el-dia-de-la-remembranza-trans\/#primaryimage","url":"https:\/\/www.alasmedios.com\/wp-content\/uploads\/2025\/11\/Existimos-estuvo-presente-en-el-Foro-por-el-Dia-de-la-Remembranza-Trans.png","contentUrl":"https:\/\/www.alasmedios.com\/wp-content\/uploads\/2025\/11\/Existimos-estuvo-presente-en-el-Foro-por-el-Dia-de-la-Remembranza-Trans.png","width":2000,"height":1214},{"@type":"BreadcrumbList","@id":"https:\/\/www.alasmedios.com\/index.php\/2025\/11\/21\/existimos-estuvo-presente-en-el-foro-por-el-dia-de-la-remembranza-trans\/#breadcrumb","itemListElement":[{"@type":"ListItem","position":1,"name":"Inicio","item":"https:\/\/www.alasmedios.com\/"},{"@type":"ListItem","position":2,"name":"Existimos estuvo presente en el Foro por el D\u00eda de la Remembranza Trans"}]},{"@type":"WebSite","@id":"https:\/\/www.alasmedios.com\/#website","url":"https:\/\/www.alasmedios.com\/","name":"Alas Medios","description":"Alas para pensar, Alas para volar, Alas de libertad","publisher":{"@id":"https:\/\/www.alasmedios.com\/#organization"},"potentialAction":[{"@type":"SearchAction","target":{"@type":"EntryPoint","urlTemplate":"https:\/\/www.alasmedios.com\/?s={search_term_string}"},"query-input":{"@type":"PropertyValueSpecification","valueRequired":true,"valueName":"search_term_string"}}],"inLanguage":"es"},{"@type":"Organization","@id":"https:\/\/www.alasmedios.com\/#organization","name":"Alas Medios","url":"https:\/\/www.alasmedios.com\/","logo":{"@type":"ImageObject","inLanguage":"es","@id":"https:\/\/www.alasmedios.com\/#\/schema\/logo\/image\/","url":"https:\/\/www.alasmedios.com\/wp-content\/uploads\/2026\/01\/cropped-cropped-GAM-1.png","contentUrl":"https:\/\/www.alasmedios.com\/wp-content\/uploads\/2026\/01\/cropped-cropped-GAM-1.png","width":467,"height":235,"caption":"Alas Medios"},"image":{"@id":"https:\/\/www.alasmedios.com\/#\/schema\/logo\/image\/"}},{"@type":"Person","@id":"https:\/\/www.alasmedios.com\/#\/schema\/person\/0ba31bdd19a05ebf5c7fef1fedf99c34","name":"Keila Rodr\u00edguez Pe\u00f1a","image":{"@type":"ImageObject","inLanguage":"es","@id":"https:\/\/secure.gravatar.com\/avatar\/a2553a2bfaa601b9d539b617c8793e151bdffb60f9e48a249912f86d4c9ebeef?s=96&d=mm&r=g","url":"https:\/\/secure.gravatar.com\/avatar\/a2553a2bfaa601b9d539b617c8793e151bdffb60f9e48a249912f86d4c9ebeef?s=96&d=mm&r=g","contentUrl":"https:\/\/secure.gravatar.com\/avatar\/a2553a2bfaa601b9d539b617c8793e151bdffb60f9e48a249912f86d4c9ebeef?s=96&d=mm&r=g","caption":"Keila Rodr\u00edguez Pe\u00f1a"},"sameAs":["http:\/\/www.alasmedios.com"],"url":"https:\/\/www.alasmedios.com\/index.php\/author\/keila\/"}]}},"_links":{"self":[{"href":"https:\/\/www.alasmedios.com\/index.php\/wp-json\/wp\/v2\/posts\/6888","targetHints":{"allow":["GET"]}}],"collection":[{"href":"https:\/\/www.alasmedios.com\/index.php\/wp-json\/wp\/v2\/posts"}],"about":[{"href":"https:\/\/www.alasmedios.com\/index.php\/wp-json\/wp\/v2\/types\/post"}],"author":[{"embeddable":true,"href":"https:\/\/www.alasmedios.com\/index.php\/wp-json\/wp\/v2\/users\/4"}],"replies":[{"embeddable":true,"href":"https:\/\/www.alasmedios.com\/index.php\/wp-json\/wp\/v2\/comments?post=6888"}],"version-history":[{"count":1,"href":"https:\/\/www.alasmedios.com\/index.php\/wp-json\/wp\/v2\/posts\/6888\/revisions"}],"predecessor-version":[{"id":6890,"href":"https:\/\/www.alasmedios.com\/index.php\/wp-json\/wp\/v2\/posts\/6888\/revisions\/6890"}],"wp:featuredmedia":[{"embeddable":true,"href":"https:\/\/www.alasmedios.com\/index.php\/wp-json\/wp\/v2\/media\/6889"}],"wp:attachment":[{"href":"https:\/\/www.alasmedios.com\/index.php\/wp-json\/wp\/v2\/media?parent=6888"}],"wp:term":[{"taxonomy":"category","embeddable":true,"href":"https:\/\/www.alasmedios.com\/index.php\/wp-json\/wp\/v2\/categories?post=6888"},{"taxonomy":"post_tag","embeddable":true,"href":"https:\/\/www.alasmedios.com\/index.php\/wp-json\/wp\/v2\/tags?post=6888"}],"curies":[{"name":"wp","href":"https:\/\/api.w.org\/{rel}","templated":true}]}}