{"id":6881,"date":"2025-11-20T11:51:36","date_gmt":"2025-11-20T17:51:36","guid":{"rendered":"https:\/\/www.alasmedios.com\/?p=6881"},"modified":"2025-11-20T12:09:56","modified_gmt":"2025-11-20T18:09:56","slug":"el-silencio-sobre-las-filosofas-que-han-construido-la-filosofia","status":"publish","type":"post","link":"https:\/\/www.alasmedios.com\/index.php\/2025\/11\/20\/el-silencio-sobre-las-filosofas-que-han-construido-la-filosofia\/","title":{"rendered":"El silencio sobre las fil\u00f3sofas que han construido la filosof\u00eda"},"content":{"rendered":"\n<p>A lo largo de siglos, la <strong>filosof\u00eda <\/strong>ha sido narrada casi exclusivamente como un terreno masculino, relegando o borrando los aportes fundamentales de m\u00faltiples mujeres pensadoras. <\/p>\n\n\n\n<p>Este sesgo no es anecd\u00f3tico: seg\u00fan revisiones de la historia filos\u00f3fica, muchas mujeres han sido <em>\u201cfil\u00f3sofas en los m\u00e1rgenes de la historia\u201d.<\/em><\/p>\n\n\n\n<p>Fil\u00f3sofas como <strong>\u00c9milie du Ch\u00e2telet<\/strong>, <strong>Mary Wollstonecraft<\/strong> o <strong>Simone de Beauvoir<\/strong> han sido claves en el desarrollo de la filosof\u00eda moderna, pero a menudo sus ideas no aparecen con la misma relevancia que las de sus colegas hombres. <\/p>\n\n\n\n<p>Incluso pensadoras m\u00e1s antiguas, como <strong>Hipatia<\/strong>, <strong>Di\u00f3tima<\/strong> o <strong>Aspasia<\/strong>, muestran que desde la Antig\u00fcedad hubo mujeres que reflexionaban con rigor, aunque sus nombres hayan sido minimizados o mantenidos al margen.<\/p>\n\n\n\n<p>Otras fil\u00f3sofas menos conocidas tambi\u00e9n evidencian la amplitud del pensamiento femenino excluido: <strong>Marie de Gournay<\/strong>, por ejemplo, argument\u00f3 ya en el siglo XVII sobre la <strong>igualdad entre hombres y mujeres<\/strong> y analiz\u00f3 las causas de su desautorizaci\u00f3n social.<\/p>\n\n\n\n<p>CONOCE M\u00c1S: <a href=\"https:\/\/www.alasmedios.com\/index.php\/2025\/11\/18\/el-escandalo-que-marco-a-mexico-el-baile-de-los-41-entre-represion-y-memoria\/\" data-type=\"post\" data-id=\"6872\">El esc\u00e1ndalo que marc\u00f3 a M\u00e9xico: el Baile de los 41, entre represi\u00f3n y memoria<\/a><\/p>\n\n\n\n<p>De igual manera, figuras como <strong>Sophie Bosede Oluwole<\/strong>, fil\u00f3sofa nigeriana, rescataron las tradiciones africanas de pensamiento, alertando sobre la asimetr\u00eda hist\u00f3rica desde un punto de vista no euroc\u00e9ntrico.<\/p>\n\n\n\n<p>El problema no solo es hist\u00f3rico, sino estructural: en los planes de estudio filos\u00f3ficos actuales muchas veces no se incluye a estas voces. Como se\u00f1ala la investigadora<strong> Mar\u00eda Luisa Femen\u00edas,<\/strong> muchas fil\u00f3sofas<em> \u201cfueron visibles en su \u00e9poca, pero no en la historia oficial\u201d<\/em>, porque sus textos se descartaron, se perdieron o fueron atribuidos a autores masculinos.<\/p>\n\n\n\n<p>Recordar y recuperar las voces de estas <strong>fil\u00f3sofas <\/strong>es un acto de justicia: una forma de <strong>transformar nuestro presente intelectual<\/strong>. Incluir a <strong>mujeres <\/strong>en la<strong> narrativa filos\u00f3fica <\/strong>ampl\u00eda <strong>los problemas, las preguntas y los esquemas de reflexi\u00f3n, y evidencia que el pensamiento nunca ha sido patrimonio exclusivo de un g\u00e9nero.<\/strong><\/p>\n\n\n<ul class=\"wp-block-latest-posts__list is-grid columns-3 wp-block-latest-posts\"><li><div class=\"wp-block-latest-posts__featured-image\"><img loading=\"lazy\" decoding=\"async\" width=\"150\" height=\"150\" src=\"https:\/\/www.alasmedios.com\/wp-content\/uploads\/2026\/05\/Super-Final-de-la-Copa-del-Mundo-de-Clavados-2026-150x150.jpeg\" class=\"attachment-thumbnail size-thumbnail wp-post-image\" alt=\"\" style=\"\" \/><\/div><a class=\"wp-block-latest-posts__post-title\" href=\"https:\/\/www.alasmedios.com\/index.php\/2026\/05\/01\/mexico-se-lanza-por-la-cima-once-clavadistas-buscan-la-gloria-mundial-en-pekin-2026\/\">M\u00e9xico se lanza por la cima: once clavadistas buscan la gloria mundial en Pek\u00edn 2026<\/a><\/li>\n<li><div class=\"wp-block-latest-posts__featured-image\"><img loading=\"lazy\" decoding=\"async\" width=\"150\" height=\"150\" src=\"https:\/\/www.alasmedios.com\/wp-content\/uploads\/2026\/04\/Puebla-el-Congreso-aprobo-el-Protocolo-Homologado-de-Investigacion-de-Delitos-contra-Personas-LGBTTTI-150x150.png\" class=\"attachment-thumbnail size-thumbnail wp-post-image\" alt=\"\" style=\"\" \/><\/div><a class=\"wp-block-latest-posts__post-title\" href=\"https:\/\/www.alasmedios.com\/index.php\/2026\/04\/30\/puebla-impulsa-protocolo-contra-delitos-lgbttti\/\">Puebla impulsa protocolo contra delitos LGBTTTI+<\/a><\/li>\n<li><div class=\"wp-block-latest-posts__featured-image\"><img loading=\"lazy\" decoding=\"async\" width=\"150\" height=\"150\" src=\"https:\/\/www.alasmedios.com\/wp-content\/uploads\/2026\/04\/PEC-Parque-Ecologico-Cubitos-150x150.jpg\" class=\"attachment-thumbnail size-thumbnail wp-post-image\" alt=\"\" style=\"\" \/><\/div><a class=\"wp-block-latest-posts__post-title\" href=\"https:\/\/www.alasmedios.com\/index.php\/2026\/04\/30\/naturaleza-viva-en-pachuca-cubitos-conmemora-a-los-jardines-botanicos\/\">Naturaleza viva en Pachuca: Cubitos conmemora a los jardines bot\u00e1nicos<\/a><\/li>\n<\/ul>","protected":false},"excerpt":{"rendered":"<p>A lo largo de siglos, la filosof\u00eda ha sido narrada casi exclusivamente como un terreno masculino, relegando o borrando los<\/p>\n","protected":false},"author":4,"featured_media":6882,"comment_status":"open","ping_status":"open","sticky":false,"template":"","format":"standard","meta":{"colormag_page_container_layout":"default_layout","colormag_page_sidebar_layout":"default_layout","rop_custom_images_group":[],"rop_custom_messages_group":[],"rop_publish_now":"initial","rop_publish_now_accounts":[],"rop_publish_now_history":[],"rop_publish_now_status":"pending","iawp_total_views":0,"footnotes":""},"categories":[45],"tags":[3045,3041,3044,3046,875,876,3043,879,880,3042],"class_list":["post-6881","post","type-post","status-publish","format-standard","has-post-thumbnail","hentry","category-ellas-dicen","tag-aspasia","tag-dia-mundial-de-la-filosofia","tag-diotima","tag-emilie-du-chatelet","tag-filosofas","tag-filosofia","tag-hipatia","tag-mary-wollstonecraft","tag-simone-de-beauvoir","tag-sophie-bosede-oluwole"],"magazineBlocksPostFeaturedMedia":{"thumbnail":"https:\/\/www.alasmedios.com\/wp-content\/uploads\/2025\/11\/El-silencio-sobre-las-filosofas-que-han-construido-la-filosofia-150x150.png","medium":"https:\/\/www.alasmedios.com\/wp-content\/uploads\/2025\/11\/El-silencio-sobre-las-filosofas-que-han-construido-la-filosofia-300x182.png","medium_large":"https:\/\/www.alasmedios.com\/wp-content\/uploads\/2025\/11\/El-silencio-sobre-las-filosofas-que-han-construido-la-filosofia-768x466.png","large":"https:\/\/www.alasmedios.com\/wp-content\/uploads\/2025\/11\/El-silencio-sobre-las-filosofas-que-han-construido-la-filosofia-1024x622.png","1536x1536":"https:\/\/www.alasmedios.com\/wp-content\/uploads\/2025\/11\/El-silencio-sobre-las-filosofas-que-han-construido-la-filosofia-1536x932.png","2048x2048":"https:\/\/www.alasmedios.com\/wp-content\/uploads\/2025\/11\/El-silencio-sobre-las-filosofas-que-han-construido-la-filosofia.png","colormag-highlighted-post":"https:\/\/www.alasmedios.com\/wp-content\/uploads\/2025\/11\/El-silencio-sobre-las-filosofas-que-han-construido-la-filosofia-392x272.png","colormag-featured-post-medium":"https:\/\/www.alasmedios.com\/wp-content\/uploads\/2025\/11\/El-silencio-sobre-las-filosofas-que-han-construido-la-filosofia-390x205.png","colormag-featured-post-small":"https:\/\/www.alasmedios.com\/wp-content\/uploads\/2025\/11\/El-silencio-sobre-las-filosofas-que-han-construido-la-filosofia-130x90.png","colormag-featured-image":"https:\/\/www.alasmedios.com\/wp-content\/uploads\/2025\/11\/El-silencio-sobre-las-filosofas-que-han-construido-la-filosofia-800x445.png","colormag-default-news":"https:\/\/www.alasmedios.com\/wp-content\/uploads\/2025\/11\/El-silencio-sobre-las-filosofas-que-han-construido-la-filosofia-150x150.png","colormag-featured-image-large":"https:\/\/www.alasmedios.com\/wp-content\/uploads\/2025\/11\/El-silencio-sobre-las-filosofas-que-han-construido-la-filosofia-1400x600.png"},"magazineBlocksPostAuthor":{"name":"Keila Rodr\u00edguez Pe\u00f1a","avatar":"https:\/\/secure.gravatar.com\/avatar\/a2553a2bfaa601b9d539b617c8793e151bdffb60f9e48a249912f86d4c9ebeef?s=96&d=mm&r=g"},"magazineBlocksPostCommentsNumber":"0","magazineBlocksPostExcerpt":"A lo largo de siglos, la filosof\u00eda ha sido narrada casi exclusivamente como un terreno masculino, relegando o borrando los","magazineBlocksPostCategories":["Ellas Dicen"],"magazineBlocksPostViewCount":222,"magazineBlocksPostReadTime":2,"magazine_blocks_featured_image_url":{"full":["https:\/\/www.alasmedios.com\/wp-content\/uploads\/2025\/11\/El-silencio-sobre-las-filosofas-que-han-construido-la-filosofia.png",2000,1214,false],"medium":["https:\/\/www.alasmedios.com\/wp-content\/uploads\/2025\/11\/El-silencio-sobre-las-filosofas-que-han-construido-la-filosofia-300x182.png",300,182,true],"thumbnail":["https:\/\/www.alasmedios.com\/wp-content\/uploads\/2025\/11\/El-silencio-sobre-las-filosofas-que-han-construido-la-filosofia-150x150.png",150,150,true]},"magazine_blocks_author":{"display_name":"Keila Rodr\u00edguez Pe\u00f1a","author_link":"https:\/\/www.alasmedios.com\/index.php\/author\/keila\/"},"magazine_blocks_comment":0,"magazine_blocks_author_image":"https:\/\/secure.gravatar.com\/avatar\/a2553a2bfaa601b9d539b617c8793e151bdffb60f9e48a249912f86d4c9ebeef?s=96&d=mm&r=g","magazine_blocks_category":"<a href=\"#\" class=\"category-link category-link-45\">Ellas Dicen<\/a>","yoast_head":"<!-- This site is optimized with the Yoast SEO plugin v27.5 - https:\/\/yoast.com\/product\/yoast-seo-wordpress\/ -->\r\n<title>El silencio sobre las fil\u00f3sofas que han construido la filosof\u00eda - Alas Medios<\/title>\r\n<meta name=\"robots\" content=\"index, follow, max-snippet:-1, max-image-preview:large, max-video-preview:-1\" \/>\r\n<link rel=\"canonical\" href=\"https:\/\/www.alasmedios.com\/index.php\/2025\/11\/20\/el-silencio-sobre-las-filosofas-que-han-construido-la-filosofia\/\" \/>\r\n<meta property=\"og:locale\" content=\"es_MX\" \/>\r\n<meta property=\"og:type\" content=\"article\" \/>\r\n<meta property=\"og:title\" content=\"El silencio sobre las fil\u00f3sofas que han construido la filosof\u00eda - Alas Medios\" \/>\r\n<meta property=\"og:description\" content=\"A lo largo de siglos, la filosof\u00eda ha sido narrada casi exclusivamente como un terreno masculino, relegando o borrando los\" \/>\r\n<meta property=\"og:url\" content=\"https:\/\/www.alasmedios.com\/index.php\/2025\/11\/20\/el-silencio-sobre-las-filosofas-que-han-construido-la-filosofia\/\" \/>\r\n<meta property=\"og:site_name\" content=\"Alas Medios\" \/>\r\n<meta property=\"article:published_time\" content=\"2025-11-20T17:51:36+00:00\" \/>\r\n<meta property=\"article:modified_time\" content=\"2025-11-20T18:09:56+00:00\" \/>\r\n<meta property=\"og:image\" content=\"https:\/\/www.alasmedios.com\/wp-content\/uploads\/2025\/11\/El-silencio-sobre-las-filosofas-que-han-construido-la-filosofia.png\" \/>\r\n\t<meta property=\"og:image:width\" content=\"2000\" \/>\r\n\t<meta property=\"og:image:height\" content=\"1214\" \/>\r\n\t<meta property=\"og:image:type\" content=\"image\/png\" \/>\r\n<meta name=\"author\" content=\"Keila Rodr\u00edguez Pe\u00f1a\" \/>\r\n<meta name=\"twitter:card\" content=\"summary_large_image\" \/>\r\n<meta name=\"twitter:label1\" content=\"Escrito por\" \/>\n\t<meta name=\"twitter:data1\" content=\"Keila Rodr\u00edguez Pe\u00f1a\" \/>\n\t<meta name=\"twitter:label2\" content=\"Tiempo de lectura\" \/>\n\t<meta name=\"twitter:data2\" content=\"2 minutos\" \/>\r\n<script type=\"application\/ld+json\" class=\"yoast-schema-graph\">{\"@context\":\"https:\\\/\\\/schema.org\",\"@graph\":[{\"@type\":\"Article\",\"@id\":\"https:\\\/\\\/www.alasmedios.com\\\/index.php\\\/2025\\\/11\\\/20\\\/el-silencio-sobre-las-filosofas-que-han-construido-la-filosofia\\\/#article\",\"isPartOf\":{\"@id\":\"https:\\\/\\\/www.alasmedios.com\\\/index.php\\\/2025\\\/11\\\/20\\\/el-silencio-sobre-las-filosofas-que-han-construido-la-filosofia\\\/\"},\"author\":{\"name\":\"Keila Rodr\u00edguez Pe\u00f1a\",\"@id\":\"https:\\\/\\\/www.alasmedios.com\\\/#\\\/schema\\\/person\\\/0ba31bdd19a05ebf5c7fef1fedf99c34\"},\"headline\":\"El silencio sobre las fil\u00f3sofas que han construido la filosof\u00eda\",\"datePublished\":\"2025-11-20T17:51:36+00:00\",\"dateModified\":\"2025-11-20T18:09:56+00:00\",\"mainEntityOfPage\":{\"@id\":\"https:\\\/\\\/www.alasmedios.com\\\/index.php\\\/2025\\\/11\\\/20\\\/el-silencio-sobre-las-filosofas-que-han-construido-la-filosofia\\\/\"},\"wordCount\":351,\"commentCount\":0,\"publisher\":{\"@id\":\"https:\\\/\\\/www.alasmedios.com\\\/#organization\"},\"image\":{\"@id\":\"https:\\\/\\\/www.alasmedios.com\\\/index.php\\\/2025\\\/11\\\/20\\\/el-silencio-sobre-las-filosofas-que-han-construido-la-filosofia\\\/#primaryimage\"},\"thumbnailUrl\":\"https:\\\/\\\/www.alasmedios.com\\\/wp-content\\\/uploads\\\/2025\\\/11\\\/El-silencio-sobre-las-filosofas-que-han-construido-la-filosofia.png\",\"keywords\":[\"Aspasia\",\"D\u00eda Mundial de la Filosof\u00eda\",\"Di\u00f3tima\",\"\u00c9milie du Ch\u00e2telet\",\"Fil\u00f3sofas\",\"filosof\u00eda\",\"Hipatia\",\"Mary Wollstonecraft\",\"Simone de Beauvoir\",\"Sophie Bosede Oluwole\"],\"articleSection\":[\"Ellas Dicen\"],\"inLanguage\":\"es\",\"potentialAction\":[{\"@type\":\"CommentAction\",\"name\":\"Comment\",\"target\":[\"https:\\\/\\\/www.alasmedios.com\\\/index.php\\\/2025\\\/11\\\/20\\\/el-silencio-sobre-las-filosofas-que-han-construido-la-filosofia\\\/#respond\"]}]},{\"@type\":\"WebPage\",\"@id\":\"https:\\\/\\\/www.alasmedios.com\\\/index.php\\\/2025\\\/11\\\/20\\\/el-silencio-sobre-las-filosofas-que-han-construido-la-filosofia\\\/\",\"url\":\"https:\\\/\\\/www.alasmedios.com\\\/index.php\\\/2025\\\/11\\\/20\\\/el-silencio-sobre-las-filosofas-que-han-construido-la-filosofia\\\/\",\"name\":\"El silencio sobre las fil\u00f3sofas que han construido la filosof\u00eda - Alas Medios\",\"isPartOf\":{\"@id\":\"https:\\\/\\\/www.alasmedios.com\\\/#website\"},\"primaryImageOfPage\":{\"@id\":\"https:\\\/\\\/www.alasmedios.com\\\/index.php\\\/2025\\\/11\\\/20\\\/el-silencio-sobre-las-filosofas-que-han-construido-la-filosofia\\\/#primaryimage\"},\"image\":{\"@id\":\"https:\\\/\\\/www.alasmedios.com\\\/index.php\\\/2025\\\/11\\\/20\\\/el-silencio-sobre-las-filosofas-que-han-construido-la-filosofia\\\/#primaryimage\"},\"thumbnailUrl\":\"https:\\\/\\\/www.alasmedios.com\\\/wp-content\\\/uploads\\\/2025\\\/11\\\/El-silencio-sobre-las-filosofas-que-han-construido-la-filosofia.png\",\"datePublished\":\"2025-11-20T17:51:36+00:00\",\"dateModified\":\"2025-11-20T18:09:56+00:00\",\"breadcrumb\":{\"@id\":\"https:\\\/\\\/www.alasmedios.com\\\/index.php\\\/2025\\\/11\\\/20\\\/el-silencio-sobre-las-filosofas-que-han-construido-la-filosofia\\\/#breadcrumb\"},\"inLanguage\":\"es\",\"potentialAction\":[{\"@type\":\"ReadAction\",\"target\":[\"https:\\\/\\\/www.alasmedios.com\\\/index.php\\\/2025\\\/11\\\/20\\\/el-silencio-sobre-las-filosofas-que-han-construido-la-filosofia\\\/\"]}]},{\"@type\":\"ImageObject\",\"inLanguage\":\"es\",\"@id\":\"https:\\\/\\\/www.alasmedios.com\\\/index.php\\\/2025\\\/11\\\/20\\\/el-silencio-sobre-las-filosofas-que-han-construido-la-filosofia\\\/#primaryimage\",\"url\":\"https:\\\/\\\/www.alasmedios.com\\\/wp-content\\\/uploads\\\/2025\\\/11\\\/El-silencio-sobre-las-filosofas-que-han-construido-la-filosofia.png\",\"contentUrl\":\"https:\\\/\\\/www.alasmedios.com\\\/wp-content\\\/uploads\\\/2025\\\/11\\\/El-silencio-sobre-las-filosofas-que-han-construido-la-filosofia.png\",\"width\":2000,\"height\":1214},{\"@type\":\"BreadcrumbList\",\"@id\":\"https:\\\/\\\/www.alasmedios.com\\\/index.php\\\/2025\\\/11\\\/20\\\/el-silencio-sobre-las-filosofas-que-han-construido-la-filosofia\\\/#breadcrumb\",\"itemListElement\":[{\"@type\":\"ListItem\",\"position\":1,\"name\":\"Inicio\",\"item\":\"https:\\\/\\\/www.alasmedios.com\\\/\"},{\"@type\":\"ListItem\",\"position\":2,\"name\":\"El silencio sobre las fil\u00f3sofas que han construido la filosof\u00eda\"}]},{\"@type\":\"WebSite\",\"@id\":\"https:\\\/\\\/www.alasmedios.com\\\/#website\",\"url\":\"https:\\\/\\\/www.alasmedios.com\\\/\",\"name\":\"Alas Medios\",\"description\":\"Alas para pensar, Alas para volar, Alas de libertad\",\"publisher\":{\"@id\":\"https:\\\/\\\/www.alasmedios.com\\\/#organization\"},\"potentialAction\":[{\"@type\":\"SearchAction\",\"target\":{\"@type\":\"EntryPoint\",\"urlTemplate\":\"https:\\\/\\\/www.alasmedios.com\\\/?s={search_term_string}\"},\"query-input\":{\"@type\":\"PropertyValueSpecification\",\"valueRequired\":true,\"valueName\":\"search_term_string\"}}],\"inLanguage\":\"es\"},{\"@type\":\"Organization\",\"@id\":\"https:\\\/\\\/www.alasmedios.com\\\/#organization\",\"name\":\"Alas Medios\",\"url\":\"https:\\\/\\\/www.alasmedios.com\\\/\",\"logo\":{\"@type\":\"ImageObject\",\"inLanguage\":\"es\",\"@id\":\"https:\\\/\\\/www.alasmedios.com\\\/#\\\/schema\\\/logo\\\/image\\\/\",\"url\":\"https:\\\/\\\/www.alasmedios.com\\\/wp-content\\\/uploads\\\/2026\\\/01\\\/cropped-cropped-GAM-1.png\",\"contentUrl\":\"https:\\\/\\\/www.alasmedios.com\\\/wp-content\\\/uploads\\\/2026\\\/01\\\/cropped-cropped-GAM-1.png\",\"width\":467,\"height\":235,\"caption\":\"Alas Medios\"},\"image\":{\"@id\":\"https:\\\/\\\/www.alasmedios.com\\\/#\\\/schema\\\/logo\\\/image\\\/\"}},{\"@type\":\"Person\",\"@id\":\"https:\\\/\\\/www.alasmedios.com\\\/#\\\/schema\\\/person\\\/0ba31bdd19a05ebf5c7fef1fedf99c34\",\"name\":\"Keila Rodr\u00edguez Pe\u00f1a\",\"image\":{\"@type\":\"ImageObject\",\"inLanguage\":\"es\",\"@id\":\"https:\\\/\\\/secure.gravatar.com\\\/avatar\\\/a2553a2bfaa601b9d539b617c8793e151bdffb60f9e48a249912f86d4c9ebeef?s=96&d=mm&r=g\",\"url\":\"https:\\\/\\\/secure.gravatar.com\\\/avatar\\\/a2553a2bfaa601b9d539b617c8793e151bdffb60f9e48a249912f86d4c9ebeef?s=96&d=mm&r=g\",\"contentUrl\":\"https:\\\/\\\/secure.gravatar.com\\\/avatar\\\/a2553a2bfaa601b9d539b617c8793e151bdffb60f9e48a249912f86d4c9ebeef?s=96&d=mm&r=g\",\"caption\":\"Keila Rodr\u00edguez Pe\u00f1a\"},\"sameAs\":[\"http:\\\/\\\/www.alasmedios.com\"],\"url\":\"https:\\\/\\\/www.alasmedios.com\\\/index.php\\\/author\\\/keila\\\/\"}]}<\/script>\r\n<!-- \/ Yoast SEO plugin. -->","yoast_head_json":{"title":"El silencio sobre las fil\u00f3sofas que han construido la filosof\u00eda - Alas Medios","robots":{"index":"index","follow":"follow","max-snippet":"max-snippet:-1","max-image-preview":"max-image-preview:large","max-video-preview":"max-video-preview:-1"},"canonical":"https:\/\/www.alasmedios.com\/index.php\/2025\/11\/20\/el-silencio-sobre-las-filosofas-que-han-construido-la-filosofia\/","og_locale":"es_MX","og_type":"article","og_title":"El silencio sobre las fil\u00f3sofas que han construido la filosof\u00eda - Alas Medios","og_description":"A lo largo de siglos, la filosof\u00eda ha sido narrada casi exclusivamente como un terreno masculino, relegando o borrando los","og_url":"https:\/\/www.alasmedios.com\/index.php\/2025\/11\/20\/el-silencio-sobre-las-filosofas-que-han-construido-la-filosofia\/","og_site_name":"Alas Medios","article_published_time":"2025-11-20T17:51:36+00:00","article_modified_time":"2025-11-20T18:09:56+00:00","og_image":[{"width":2000,"height":1214,"url":"https:\/\/www.alasmedios.com\/wp-content\/uploads\/2025\/11\/El-silencio-sobre-las-filosofas-que-han-construido-la-filosofia.png","type":"image\/png"}],"author":"Keila Rodr\u00edguez Pe\u00f1a","twitter_card":"summary_large_image","twitter_misc":{"Escrito por":"Keila Rodr\u00edguez Pe\u00f1a","Tiempo de lectura":"2 minutos"},"schema":{"@context":"https:\/\/schema.org","@graph":[{"@type":"Article","@id":"https:\/\/www.alasmedios.com\/index.php\/2025\/11\/20\/el-silencio-sobre-las-filosofas-que-han-construido-la-filosofia\/#article","isPartOf":{"@id":"https:\/\/www.alasmedios.com\/index.php\/2025\/11\/20\/el-silencio-sobre-las-filosofas-que-han-construido-la-filosofia\/"},"author":{"name":"Keila Rodr\u00edguez Pe\u00f1a","@id":"https:\/\/www.alasmedios.com\/#\/schema\/person\/0ba31bdd19a05ebf5c7fef1fedf99c34"},"headline":"El silencio sobre las fil\u00f3sofas que han construido la filosof\u00eda","datePublished":"2025-11-20T17:51:36+00:00","dateModified":"2025-11-20T18:09:56+00:00","mainEntityOfPage":{"@id":"https:\/\/www.alasmedios.com\/index.php\/2025\/11\/20\/el-silencio-sobre-las-filosofas-que-han-construido-la-filosofia\/"},"wordCount":351,"commentCount":0,"publisher":{"@id":"https:\/\/www.alasmedios.com\/#organization"},"image":{"@id":"https:\/\/www.alasmedios.com\/index.php\/2025\/11\/20\/el-silencio-sobre-las-filosofas-que-han-construido-la-filosofia\/#primaryimage"},"thumbnailUrl":"https:\/\/www.alasmedios.com\/wp-content\/uploads\/2025\/11\/El-silencio-sobre-las-filosofas-que-han-construido-la-filosofia.png","keywords":["Aspasia","D\u00eda Mundial de la Filosof\u00eda","Di\u00f3tima","\u00c9milie du Ch\u00e2telet","Fil\u00f3sofas","filosof\u00eda","Hipatia","Mary Wollstonecraft","Simone de Beauvoir","Sophie Bosede Oluwole"],"articleSection":["Ellas Dicen"],"inLanguage":"es","potentialAction":[{"@type":"CommentAction","name":"Comment","target":["https:\/\/www.alasmedios.com\/index.php\/2025\/11\/20\/el-silencio-sobre-las-filosofas-que-han-construido-la-filosofia\/#respond"]}]},{"@type":"WebPage","@id":"https:\/\/www.alasmedios.com\/index.php\/2025\/11\/20\/el-silencio-sobre-las-filosofas-que-han-construido-la-filosofia\/","url":"https:\/\/www.alasmedios.com\/index.php\/2025\/11\/20\/el-silencio-sobre-las-filosofas-que-han-construido-la-filosofia\/","name":"El silencio sobre las fil\u00f3sofas que han construido la filosof\u00eda - Alas Medios","isPartOf":{"@id":"https:\/\/www.alasmedios.com\/#website"},"primaryImageOfPage":{"@id":"https:\/\/www.alasmedios.com\/index.php\/2025\/11\/20\/el-silencio-sobre-las-filosofas-que-han-construido-la-filosofia\/#primaryimage"},"image":{"@id":"https:\/\/www.alasmedios.com\/index.php\/2025\/11\/20\/el-silencio-sobre-las-filosofas-que-han-construido-la-filosofia\/#primaryimage"},"thumbnailUrl":"https:\/\/www.alasmedios.com\/wp-content\/uploads\/2025\/11\/El-silencio-sobre-las-filosofas-que-han-construido-la-filosofia.png","datePublished":"2025-11-20T17:51:36+00:00","dateModified":"2025-11-20T18:09:56+00:00","breadcrumb":{"@id":"https:\/\/www.alasmedios.com\/index.php\/2025\/11\/20\/el-silencio-sobre-las-filosofas-que-han-construido-la-filosofia\/#breadcrumb"},"inLanguage":"es","potentialAction":[{"@type":"ReadAction","target":["https:\/\/www.alasmedios.com\/index.php\/2025\/11\/20\/el-silencio-sobre-las-filosofas-que-han-construido-la-filosofia\/"]}]},{"@type":"ImageObject","inLanguage":"es","@id":"https:\/\/www.alasmedios.com\/index.php\/2025\/11\/20\/el-silencio-sobre-las-filosofas-que-han-construido-la-filosofia\/#primaryimage","url":"https:\/\/www.alasmedios.com\/wp-content\/uploads\/2025\/11\/El-silencio-sobre-las-filosofas-que-han-construido-la-filosofia.png","contentUrl":"https:\/\/www.alasmedios.com\/wp-content\/uploads\/2025\/11\/El-silencio-sobre-las-filosofas-que-han-construido-la-filosofia.png","width":2000,"height":1214},{"@type":"BreadcrumbList","@id":"https:\/\/www.alasmedios.com\/index.php\/2025\/11\/20\/el-silencio-sobre-las-filosofas-que-han-construido-la-filosofia\/#breadcrumb","itemListElement":[{"@type":"ListItem","position":1,"name":"Inicio","item":"https:\/\/www.alasmedios.com\/"},{"@type":"ListItem","position":2,"name":"El silencio sobre las fil\u00f3sofas que han construido la filosof\u00eda"}]},{"@type":"WebSite","@id":"https:\/\/www.alasmedios.com\/#website","url":"https:\/\/www.alasmedios.com\/","name":"Alas Medios","description":"Alas para pensar, Alas para volar, Alas de libertad","publisher":{"@id":"https:\/\/www.alasmedios.com\/#organization"},"potentialAction":[{"@type":"SearchAction","target":{"@type":"EntryPoint","urlTemplate":"https:\/\/www.alasmedios.com\/?s={search_term_string}"},"query-input":{"@type":"PropertyValueSpecification","valueRequired":true,"valueName":"search_term_string"}}],"inLanguage":"es"},{"@type":"Organization","@id":"https:\/\/www.alasmedios.com\/#organization","name":"Alas Medios","url":"https:\/\/www.alasmedios.com\/","logo":{"@type":"ImageObject","inLanguage":"es","@id":"https:\/\/www.alasmedios.com\/#\/schema\/logo\/image\/","url":"https:\/\/www.alasmedios.com\/wp-content\/uploads\/2026\/01\/cropped-cropped-GAM-1.png","contentUrl":"https:\/\/www.alasmedios.com\/wp-content\/uploads\/2026\/01\/cropped-cropped-GAM-1.png","width":467,"height":235,"caption":"Alas Medios"},"image":{"@id":"https:\/\/www.alasmedios.com\/#\/schema\/logo\/image\/"}},{"@type":"Person","@id":"https:\/\/www.alasmedios.com\/#\/schema\/person\/0ba31bdd19a05ebf5c7fef1fedf99c34","name":"Keila Rodr\u00edguez Pe\u00f1a","image":{"@type":"ImageObject","inLanguage":"es","@id":"https:\/\/secure.gravatar.com\/avatar\/a2553a2bfaa601b9d539b617c8793e151bdffb60f9e48a249912f86d4c9ebeef?s=96&d=mm&r=g","url":"https:\/\/secure.gravatar.com\/avatar\/a2553a2bfaa601b9d539b617c8793e151bdffb60f9e48a249912f86d4c9ebeef?s=96&d=mm&r=g","contentUrl":"https:\/\/secure.gravatar.com\/avatar\/a2553a2bfaa601b9d539b617c8793e151bdffb60f9e48a249912f86d4c9ebeef?s=96&d=mm&r=g","caption":"Keila Rodr\u00edguez Pe\u00f1a"},"sameAs":["http:\/\/www.alasmedios.com"],"url":"https:\/\/www.alasmedios.com\/index.php\/author\/keila\/"}]}},"_links":{"self":[{"href":"https:\/\/www.alasmedios.com\/index.php\/wp-json\/wp\/v2\/posts\/6881","targetHints":{"allow":["GET"]}}],"collection":[{"href":"https:\/\/www.alasmedios.com\/index.php\/wp-json\/wp\/v2\/posts"}],"about":[{"href":"https:\/\/www.alasmedios.com\/index.php\/wp-json\/wp\/v2\/types\/post"}],"author":[{"embeddable":true,"href":"https:\/\/www.alasmedios.com\/index.php\/wp-json\/wp\/v2\/users\/4"}],"replies":[{"embeddable":true,"href":"https:\/\/www.alasmedios.com\/index.php\/wp-json\/wp\/v2\/comments?post=6881"}],"version-history":[{"count":2,"href":"https:\/\/www.alasmedios.com\/index.php\/wp-json\/wp\/v2\/posts\/6881\/revisions"}],"predecessor-version":[{"id":6884,"href":"https:\/\/www.alasmedios.com\/index.php\/wp-json\/wp\/v2\/posts\/6881\/revisions\/6884"}],"wp:featuredmedia":[{"embeddable":true,"href":"https:\/\/www.alasmedios.com\/index.php\/wp-json\/wp\/v2\/media\/6882"}],"wp:attachment":[{"href":"https:\/\/www.alasmedios.com\/index.php\/wp-json\/wp\/v2\/media?parent=6881"}],"wp:term":[{"taxonomy":"category","embeddable":true,"href":"https:\/\/www.alasmedios.com\/index.php\/wp-json\/wp\/v2\/categories?post=6881"},{"taxonomy":"post_tag","embeddable":true,"href":"https:\/\/www.alasmedios.com\/index.php\/wp-json\/wp\/v2\/tags?post=6881"}],"curies":[{"name":"wp","href":"https:\/\/api.w.org\/{rel}","templated":true}]}}