{"id":6872,"date":"2025-11-18T09:58:45","date_gmt":"2025-11-18T15:58:45","guid":{"rendered":"https:\/\/www.alasmedios.com\/?p=6872"},"modified":"2025-11-18T09:58:45","modified_gmt":"2025-11-18T15:58:45","slug":"el-escandalo-que-marco-a-mexico-el-baile-de-los-41-entre-represion-y-memoria","status":"publish","type":"post","link":"https:\/\/www.alasmedios.com\/index.php\/2025\/11\/18\/el-escandalo-que-marco-a-mexico-el-baile-de-los-41-entre-represion-y-memoria\/","title":{"rendered":"El esc\u00e1ndalo que marc\u00f3 a M\u00e9xico: el Baile de los 41, entre represi\u00f3n y memoria"},"content":{"rendered":"\n<p>El <strong>18 de noviembre de 1901<\/strong>, la Ciudad de M\u00e9xico fue escenario de un hecho que se convirti\u00f3 en s\u00edmbolo de represi\u00f3n y estigma: el <strong>Baile de los 41<\/strong>. En una casa de la <strong>colonia Tabacalera<\/strong>, 42 hombres \u201421 vestidos de traje y 21 con vestidos, pelucas y joyas\u2014 celebraban una fiesta privada cuando la polic\u00eda irrumpi\u00f3 en el lugar. Aunque se habl\u00f3 de <strong>42 participantes<\/strong>, solo <strong>41 fueron arrestados<\/strong>, lo que dio nombre al episodio.<\/p>\n\n\n\n<p>La redada ocurri\u00f3 bajo el r\u00e9gimen de <strong>Porfirio D\u00edaz<\/strong>, y entre los asistentes se mencion\u00f3 al <strong>yerno del presidente, Ignacio de la Torre y Mier<\/strong>, quien habr\u00eda sido el misterioso n\u00famero 42 que nunca fue oficialmente consignado. <\/p>\n\n\n\n<p>La prensa de la \u00e9poca convirti\u00f3 el suceso en un esc\u00e1ndalo nacional, con titulares que ridiculizaban y criminalizaban a los detenidos. Los grabados de <strong>Jos\u00e9 Guadalupe Posada<\/strong> reforzaron la burla p\u00fablica, mientras que los arrestados fueron condenados a <strong>trabajos forzados en Yucat\u00e1n<\/strong>, en un castigo arbitrario que buscaba ejemplificar la \u201cdefensa de la moral\u201d.<\/p>\n\n\n\n<p>El <strong>Baile de los 41<\/strong> no fue un delito, sino una reuni\u00f3n clandestina de hombres que buscaban vivir su identidad y libertad en un contexto profundamente conservador. <\/p>\n\n\n\n<p>CONTIN\u00daA LEYENDO: <\/p>\n\n\n\n<p>Sin embargo, la irrupci\u00f3n policial y la cobertura medi\u00e1tica transformaron el episodio en un instrumento de control social. El n\u00famero <strong>41<\/strong> qued\u00f3 marcado en el imaginario mexicano como sin\u00f3nimo de burla y estigma hacia la homosexualidad, un c\u00f3digo que sobrevivi\u00f3 por d\u00e9cadas.<\/p>\n\n\n\n<p>Las consecuencias fueron devastadoras para los participantes y sus familias, pero tambi\u00e9n dieron origen a un s\u00edmbolo de resistencia. Con el tiempo, el <strong>Baile de los 41<\/strong> se convirti\u00f3 en referente para el <strong>activismo LGBTTTIQA+ en M\u00e9xico<\/strong>, al evidenciar c\u00f3mo la <strong>represi\u00f3n estatal<\/strong> y el escarnio p\u00fablico buscaban silenciar la diversidad. M\u00e1s de un siglo despu\u00e9s, el episodio sigue siendo recordado como un punto de partida en la lucha por la visibilidad y los derechos de la comunidad.<\/p>\n\n\n\n<p>El <strong>Baile de los 41<\/strong> es revisitado en investigaciones hist\u00f3ricas, obras literarias y pel\u00edculas, como la producci\u00f3n estrenada en 2020, que rescata la memoria de quienes fueron castigados por vivir su identidad. Lo que en su momento fue un esc\u00e1ndalo, hoy se reconoce como un antecedente de la lucha contra la discriminaci\u00f3n y por la inclusi\u00f3n.<\/p>\n\n\n<ul class=\"wp-block-latest-posts__list is-grid columns-3 wp-block-latest-posts\"><li><div class=\"wp-block-latest-posts__featured-image\"><img loading=\"lazy\" decoding=\"async\" width=\"150\" height=\"150\" src=\"https:\/\/www.alasmedios.com\/wp-content\/uploads\/2026\/05\/Hidalgo-viene-un-respiro-con-el-frente-frio-48-150x150.png\" class=\"attachment-thumbnail size-thumbnail wp-post-image\" alt=\"\" style=\"\" \/><\/div><a class=\"wp-block-latest-posts__post-title\" href=\"https:\/\/www.alasmedios.com\/index.php\/2026\/05\/01\/frente-frio-48-un-alivio-asi-impactara-en-hidalgo\/\">Frente fr\u00edo 48, un alivio: as\u00ed impactar\u00e1 en Hidalgo<\/a><\/li>\n<li><div class=\"wp-block-latest-posts__featured-image\"><img loading=\"lazy\" decoding=\"async\" width=\"150\" height=\"150\" src=\"https:\/\/www.alasmedios.com\/wp-content\/uploads\/2026\/05\/mujeres-depresion-posparto-150x150.png\" class=\"attachment-thumbnail size-thumbnail wp-post-image\" alt=\"\" style=\"\" \/><\/div><a class=\"wp-block-latest-posts__post-title\" href=\"https:\/\/www.alasmedios.com\/index.php\/2026\/05\/01\/1-de-cada-15-mujeres-sufre-depresion-posparto\/\">1 de cada 15 mujeres sufre depresi\u00f3n posparto<\/a><\/li>\n<li><div class=\"wp-block-latest-posts__featured-image\"><img loading=\"lazy\" decoding=\"async\" width=\"150\" height=\"150\" src=\"https:\/\/www.alasmedios.com\/wp-content\/uploads\/2026\/05\/USEP-calidad-hospitalaria-150x150.jpeg\" class=\"attachment-thumbnail size-thumbnail wp-post-image\" alt=\"\" style=\"\" \/><\/div><a class=\"wp-block-latest-posts__post-title\" href=\"https:\/\/www.alasmedios.com\/index.php\/2026\/05\/01\/usep-activa-formacion-para-prevenir-riesgos-en-la-atencion-medica\/\">USEP activa formaci\u00f3n para prevenir riesgos en la atenci\u00f3n m\u00e9dica<\/a><\/li>\n<\/ul>","protected":false},"excerpt":{"rendered":"<p>El 18 de noviembre de 1901, la Ciudad de M\u00e9xico fue escenario de un hecho que se convirti\u00f3 en s\u00edmbolo<\/p>\n","protected":false},"author":4,"featured_media":6873,"comment_status":"open","ping_status":"open","sticky":false,"template":"","format":"standard","meta":{"colormag_page_container_layout":"default_layout","colormag_page_sidebar_layout":"default_layout","rop_custom_images_group":[],"rop_custom_messages_group":[],"rop_publish_now":"initial","rop_publish_now_accounts":[],"rop_publish_now_history":[],"rop_publish_now_status":"pending","iawp_total_views":1,"footnotes":""},"categories":[39],"tags":[3036,3035,172,3038,738,106,166,3037],"class_list":["post-6872","post","type-post","status-publish","format-standard","has-post-thumbnail","hentry","category-inicio","tag-3036","tag-baile-de-los-41","tag-diversidad","tag-ignacio-de-la-torre-y-mier","tag-jose-guadalupe-posada","tag-lgbtttiqa","tag-mexico","tag-porfirio-diaz"],"magazineBlocksPostFeaturedMedia":{"thumbnail":"https:\/\/www.alasmedios.com\/wp-content\/uploads\/2025\/11\/Baile-de-los-41-150x150.png","medium":"https:\/\/www.alasmedios.com\/wp-content\/uploads\/2025\/11\/Baile-de-los-41-300x182.png","medium_large":"https:\/\/www.alasmedios.com\/wp-content\/uploads\/2025\/11\/Baile-de-los-41-768x466.png","large":"https:\/\/www.alasmedios.com\/wp-content\/uploads\/2025\/11\/Baile-de-los-41-1024x622.png","1536x1536":"https:\/\/www.alasmedios.com\/wp-content\/uploads\/2025\/11\/Baile-de-los-41-1536x932.png","2048x2048":"https:\/\/www.alasmedios.com\/wp-content\/uploads\/2025\/11\/Baile-de-los-41.png","colormag-highlighted-post":"https:\/\/www.alasmedios.com\/wp-content\/uploads\/2025\/11\/Baile-de-los-41-392x272.png","colormag-featured-post-medium":"https:\/\/www.alasmedios.com\/wp-content\/uploads\/2025\/11\/Baile-de-los-41-390x205.png","colormag-featured-post-small":"https:\/\/www.alasmedios.com\/wp-content\/uploads\/2025\/11\/Baile-de-los-41-130x90.png","colormag-featured-image":"https:\/\/www.alasmedios.com\/wp-content\/uploads\/2025\/11\/Baile-de-los-41-800x445.png","colormag-default-news":"https:\/\/www.alasmedios.com\/wp-content\/uploads\/2025\/11\/Baile-de-los-41-150x150.png","colormag-featured-image-large":"https:\/\/www.alasmedios.com\/wp-content\/uploads\/2025\/11\/Baile-de-los-41-1400x600.png"},"magazineBlocksPostAuthor":{"name":"Keila Rodr\u00edguez Pe\u00f1a","avatar":"https:\/\/secure.gravatar.com\/avatar\/a2553a2bfaa601b9d539b617c8793e151bdffb60f9e48a249912f86d4c9ebeef?s=96&d=mm&r=g"},"magazineBlocksPostCommentsNumber":"0","magazineBlocksPostExcerpt":"El 18 de noviembre de 1901, la Ciudad de M\u00e9xico fue escenario de un hecho que se convirti\u00f3 en s\u00edmbolo","magazineBlocksPostCategories":["Inicio"],"magazineBlocksPostViewCount":271,"magazineBlocksPostReadTime":2,"magazine_blocks_featured_image_url":{"full":["https:\/\/www.alasmedios.com\/wp-content\/uploads\/2025\/11\/Baile-de-los-41.png",2000,1214,false],"medium":["https:\/\/www.alasmedios.com\/wp-content\/uploads\/2025\/11\/Baile-de-los-41-300x182.png",300,182,true],"thumbnail":["https:\/\/www.alasmedios.com\/wp-content\/uploads\/2025\/11\/Baile-de-los-41-150x150.png",150,150,true]},"magazine_blocks_author":{"display_name":"Keila Rodr\u00edguez Pe\u00f1a","author_link":"https:\/\/www.alasmedios.com\/index.php\/author\/keila\/"},"magazine_blocks_comment":0,"magazine_blocks_author_image":"https:\/\/secure.gravatar.com\/avatar\/a2553a2bfaa601b9d539b617c8793e151bdffb60f9e48a249912f86d4c9ebeef?s=96&d=mm&r=g","magazine_blocks_category":"<a href=\"#\" class=\"category-link category-link-39\">Inicio<\/a>","yoast_head":"<!-- This site is optimized with the Yoast SEO plugin v27.5 - https:\/\/yoast.com\/product\/yoast-seo-wordpress\/ -->\r\n<title>El esc\u00e1ndalo que marc\u00f3 a M\u00e9xico: el Baile de los 41, entre represi\u00f3n y memoria - Alas Medios<\/title>\r\n<meta name=\"robots\" content=\"index, follow, max-snippet:-1, max-image-preview:large, max-video-preview:-1\" \/>\r\n<link rel=\"canonical\" href=\"https:\/\/www.alasmedios.com\/index.php\/2025\/11\/18\/el-escandalo-que-marco-a-mexico-el-baile-de-los-41-entre-represion-y-memoria\/\" \/>\r\n<meta property=\"og:locale\" content=\"es_MX\" \/>\r\n<meta property=\"og:type\" content=\"article\" \/>\r\n<meta property=\"og:title\" content=\"El esc\u00e1ndalo que marc\u00f3 a M\u00e9xico: el Baile de los 41, entre represi\u00f3n y memoria - Alas Medios\" \/>\r\n<meta property=\"og:description\" content=\"El 18 de noviembre de 1901, la Ciudad de M\u00e9xico fue escenario de un hecho que se convirti\u00f3 en s\u00edmbolo\" \/>\r\n<meta property=\"og:url\" content=\"https:\/\/www.alasmedios.com\/index.php\/2025\/11\/18\/el-escandalo-que-marco-a-mexico-el-baile-de-los-41-entre-represion-y-memoria\/\" \/>\r\n<meta property=\"og:site_name\" content=\"Alas Medios\" \/>\r\n<meta property=\"article:published_time\" content=\"2025-11-18T15:58:45+00:00\" \/>\r\n<meta property=\"og:image\" content=\"https:\/\/www.alasmedios.com\/wp-content\/uploads\/2025\/11\/Baile-de-los-41-1024x622.png\" \/>\r\n\t<meta property=\"og:image:width\" content=\"1024\" \/>\r\n\t<meta property=\"og:image:height\" content=\"622\" \/>\r\n\t<meta property=\"og:image:type\" content=\"image\/png\" \/>\r\n<meta name=\"author\" content=\"Keila Rodr\u00edguez Pe\u00f1a\" \/>\r\n<meta name=\"twitter:card\" content=\"summary_large_image\" \/>\r\n<meta name=\"twitter:label1\" content=\"Escrito por\" \/>\n\t<meta name=\"twitter:data1\" content=\"Keila Rodr\u00edguez Pe\u00f1a\" \/>\n\t<meta name=\"twitter:label2\" content=\"Tiempo de lectura\" \/>\n\t<meta name=\"twitter:data2\" content=\"2 minutos\" \/>\r\n<script type=\"application\/ld+json\" class=\"yoast-schema-graph\">{\"@context\":\"https:\\\/\\\/schema.org\",\"@graph\":[{\"@type\":\"Article\",\"@id\":\"https:\\\/\\\/www.alasmedios.com\\\/index.php\\\/2025\\\/11\\\/18\\\/el-escandalo-que-marco-a-mexico-el-baile-de-los-41-entre-represion-y-memoria\\\/#article\",\"isPartOf\":{\"@id\":\"https:\\\/\\\/www.alasmedios.com\\\/index.php\\\/2025\\\/11\\\/18\\\/el-escandalo-que-marco-a-mexico-el-baile-de-los-41-entre-represion-y-memoria\\\/\"},\"author\":{\"name\":\"Keila Rodr\u00edguez Pe\u00f1a\",\"@id\":\"https:\\\/\\\/www.alasmedios.com\\\/#\\\/schema\\\/person\\\/0ba31bdd19a05ebf5c7fef1fedf99c34\"},\"headline\":\"El esc\u00e1ndalo que marc\u00f3 a M\u00e9xico: el Baile de los 41, entre represi\u00f3n y memoria\",\"datePublished\":\"2025-11-18T15:58:45+00:00\",\"mainEntityOfPage\":{\"@id\":\"https:\\\/\\\/www.alasmedios.com\\\/index.php\\\/2025\\\/11\\\/18\\\/el-escandalo-que-marco-a-mexico-el-baile-de-los-41-entre-represion-y-memoria\\\/\"},\"wordCount\":408,\"commentCount\":0,\"publisher\":{\"@id\":\"https:\\\/\\\/www.alasmedios.com\\\/#organization\"},\"image\":{\"@id\":\"https:\\\/\\\/www.alasmedios.com\\\/index.php\\\/2025\\\/11\\\/18\\\/el-escandalo-que-marco-a-mexico-el-baile-de-los-41-entre-represion-y-memoria\\\/#primaryimage\"},\"thumbnailUrl\":\"https:\\\/\\\/www.alasmedios.com\\\/wp-content\\\/uploads\\\/2025\\\/11\\\/Baile-de-los-41.png\",\"keywords\":[\"41\",\"Baile de los 41\",\"diversidad\",\"Ignacio de la Torre y Mier\",\"Jos\u00e9 Guadalupe Posada\",\"LGBTTTIQA+\",\"M\u00e9xico\",\"Porfirio D\u00edaz\"],\"articleSection\":[\"Inicio\"],\"inLanguage\":\"es\",\"potentialAction\":[{\"@type\":\"CommentAction\",\"name\":\"Comment\",\"target\":[\"https:\\\/\\\/www.alasmedios.com\\\/index.php\\\/2025\\\/11\\\/18\\\/el-escandalo-que-marco-a-mexico-el-baile-de-los-41-entre-represion-y-memoria\\\/#respond\"]}]},{\"@type\":\"WebPage\",\"@id\":\"https:\\\/\\\/www.alasmedios.com\\\/index.php\\\/2025\\\/11\\\/18\\\/el-escandalo-que-marco-a-mexico-el-baile-de-los-41-entre-represion-y-memoria\\\/\",\"url\":\"https:\\\/\\\/www.alasmedios.com\\\/index.php\\\/2025\\\/11\\\/18\\\/el-escandalo-que-marco-a-mexico-el-baile-de-los-41-entre-represion-y-memoria\\\/\",\"name\":\"El esc\u00e1ndalo que marc\u00f3 a M\u00e9xico: el Baile de los 41, entre represi\u00f3n y memoria - Alas Medios\",\"isPartOf\":{\"@id\":\"https:\\\/\\\/www.alasmedios.com\\\/#website\"},\"primaryImageOfPage\":{\"@id\":\"https:\\\/\\\/www.alasmedios.com\\\/index.php\\\/2025\\\/11\\\/18\\\/el-escandalo-que-marco-a-mexico-el-baile-de-los-41-entre-represion-y-memoria\\\/#primaryimage\"},\"image\":{\"@id\":\"https:\\\/\\\/www.alasmedios.com\\\/index.php\\\/2025\\\/11\\\/18\\\/el-escandalo-que-marco-a-mexico-el-baile-de-los-41-entre-represion-y-memoria\\\/#primaryimage\"},\"thumbnailUrl\":\"https:\\\/\\\/www.alasmedios.com\\\/wp-content\\\/uploads\\\/2025\\\/11\\\/Baile-de-los-41.png\",\"datePublished\":\"2025-11-18T15:58:45+00:00\",\"breadcrumb\":{\"@id\":\"https:\\\/\\\/www.alasmedios.com\\\/index.php\\\/2025\\\/11\\\/18\\\/el-escandalo-que-marco-a-mexico-el-baile-de-los-41-entre-represion-y-memoria\\\/#breadcrumb\"},\"inLanguage\":\"es\",\"potentialAction\":[{\"@type\":\"ReadAction\",\"target\":[\"https:\\\/\\\/www.alasmedios.com\\\/index.php\\\/2025\\\/11\\\/18\\\/el-escandalo-que-marco-a-mexico-el-baile-de-los-41-entre-represion-y-memoria\\\/\"]}]},{\"@type\":\"ImageObject\",\"inLanguage\":\"es\",\"@id\":\"https:\\\/\\\/www.alasmedios.com\\\/index.php\\\/2025\\\/11\\\/18\\\/el-escandalo-que-marco-a-mexico-el-baile-de-los-41-entre-represion-y-memoria\\\/#primaryimage\",\"url\":\"https:\\\/\\\/www.alasmedios.com\\\/wp-content\\\/uploads\\\/2025\\\/11\\\/Baile-de-los-41.png\",\"contentUrl\":\"https:\\\/\\\/www.alasmedios.com\\\/wp-content\\\/uploads\\\/2025\\\/11\\\/Baile-de-los-41.png\",\"width\":2000,\"height\":1214},{\"@type\":\"BreadcrumbList\",\"@id\":\"https:\\\/\\\/www.alasmedios.com\\\/index.php\\\/2025\\\/11\\\/18\\\/el-escandalo-que-marco-a-mexico-el-baile-de-los-41-entre-represion-y-memoria\\\/#breadcrumb\",\"itemListElement\":[{\"@type\":\"ListItem\",\"position\":1,\"name\":\"Inicio\",\"item\":\"https:\\\/\\\/www.alasmedios.com\\\/\"},{\"@type\":\"ListItem\",\"position\":2,\"name\":\"El esc\u00e1ndalo que marc\u00f3 a M\u00e9xico: el Baile de los 41, entre represi\u00f3n y memoria\"}]},{\"@type\":\"WebSite\",\"@id\":\"https:\\\/\\\/www.alasmedios.com\\\/#website\",\"url\":\"https:\\\/\\\/www.alasmedios.com\\\/\",\"name\":\"Alas Medios\",\"description\":\"Alas para pensar, Alas para volar, Alas de libertad\",\"publisher\":{\"@id\":\"https:\\\/\\\/www.alasmedios.com\\\/#organization\"},\"potentialAction\":[{\"@type\":\"SearchAction\",\"target\":{\"@type\":\"EntryPoint\",\"urlTemplate\":\"https:\\\/\\\/www.alasmedios.com\\\/?s={search_term_string}\"},\"query-input\":{\"@type\":\"PropertyValueSpecification\",\"valueRequired\":true,\"valueName\":\"search_term_string\"}}],\"inLanguage\":\"es\"},{\"@type\":\"Organization\",\"@id\":\"https:\\\/\\\/www.alasmedios.com\\\/#organization\",\"name\":\"Alas Medios\",\"url\":\"https:\\\/\\\/www.alasmedios.com\\\/\",\"logo\":{\"@type\":\"ImageObject\",\"inLanguage\":\"es\",\"@id\":\"https:\\\/\\\/www.alasmedios.com\\\/#\\\/schema\\\/logo\\\/image\\\/\",\"url\":\"https:\\\/\\\/www.alasmedios.com\\\/wp-content\\\/uploads\\\/2026\\\/01\\\/cropped-cropped-GAM-1.png\",\"contentUrl\":\"https:\\\/\\\/www.alasmedios.com\\\/wp-content\\\/uploads\\\/2026\\\/01\\\/cropped-cropped-GAM-1.png\",\"width\":467,\"height\":235,\"caption\":\"Alas Medios\"},\"image\":{\"@id\":\"https:\\\/\\\/www.alasmedios.com\\\/#\\\/schema\\\/logo\\\/image\\\/\"}},{\"@type\":\"Person\",\"@id\":\"https:\\\/\\\/www.alasmedios.com\\\/#\\\/schema\\\/person\\\/0ba31bdd19a05ebf5c7fef1fedf99c34\",\"name\":\"Keila Rodr\u00edguez Pe\u00f1a\",\"image\":{\"@type\":\"ImageObject\",\"inLanguage\":\"es\",\"@id\":\"https:\\\/\\\/secure.gravatar.com\\\/avatar\\\/a2553a2bfaa601b9d539b617c8793e151bdffb60f9e48a249912f86d4c9ebeef?s=96&d=mm&r=g\",\"url\":\"https:\\\/\\\/secure.gravatar.com\\\/avatar\\\/a2553a2bfaa601b9d539b617c8793e151bdffb60f9e48a249912f86d4c9ebeef?s=96&d=mm&r=g\",\"contentUrl\":\"https:\\\/\\\/secure.gravatar.com\\\/avatar\\\/a2553a2bfaa601b9d539b617c8793e151bdffb60f9e48a249912f86d4c9ebeef?s=96&d=mm&r=g\",\"caption\":\"Keila Rodr\u00edguez Pe\u00f1a\"},\"sameAs\":[\"http:\\\/\\\/www.alasmedios.com\"],\"url\":\"https:\\\/\\\/www.alasmedios.com\\\/index.php\\\/author\\\/keila\\\/\"}]}<\/script>\r\n<!-- \/ Yoast SEO plugin. -->","yoast_head_json":{"title":"El esc\u00e1ndalo que marc\u00f3 a M\u00e9xico: el Baile de los 41, entre represi\u00f3n y memoria - Alas Medios","robots":{"index":"index","follow":"follow","max-snippet":"max-snippet:-1","max-image-preview":"max-image-preview:large","max-video-preview":"max-video-preview:-1"},"canonical":"https:\/\/www.alasmedios.com\/index.php\/2025\/11\/18\/el-escandalo-que-marco-a-mexico-el-baile-de-los-41-entre-represion-y-memoria\/","og_locale":"es_MX","og_type":"article","og_title":"El esc\u00e1ndalo que marc\u00f3 a M\u00e9xico: el Baile de los 41, entre represi\u00f3n y memoria - Alas Medios","og_description":"El 18 de noviembre de 1901, la Ciudad de M\u00e9xico fue escenario de un hecho que se convirti\u00f3 en s\u00edmbolo","og_url":"https:\/\/www.alasmedios.com\/index.php\/2025\/11\/18\/el-escandalo-que-marco-a-mexico-el-baile-de-los-41-entre-represion-y-memoria\/","og_site_name":"Alas Medios","article_published_time":"2025-11-18T15:58:45+00:00","og_image":[{"width":1024,"height":622,"url":"https:\/\/www.alasmedios.com\/wp-content\/uploads\/2025\/11\/Baile-de-los-41-1024x622.png","type":"image\/png"}],"author":"Keila Rodr\u00edguez Pe\u00f1a","twitter_card":"summary_large_image","twitter_misc":{"Escrito por":"Keila Rodr\u00edguez Pe\u00f1a","Tiempo de lectura":"2 minutos"},"schema":{"@context":"https:\/\/schema.org","@graph":[{"@type":"Article","@id":"https:\/\/www.alasmedios.com\/index.php\/2025\/11\/18\/el-escandalo-que-marco-a-mexico-el-baile-de-los-41-entre-represion-y-memoria\/#article","isPartOf":{"@id":"https:\/\/www.alasmedios.com\/index.php\/2025\/11\/18\/el-escandalo-que-marco-a-mexico-el-baile-de-los-41-entre-represion-y-memoria\/"},"author":{"name":"Keila Rodr\u00edguez Pe\u00f1a","@id":"https:\/\/www.alasmedios.com\/#\/schema\/person\/0ba31bdd19a05ebf5c7fef1fedf99c34"},"headline":"El esc\u00e1ndalo que marc\u00f3 a M\u00e9xico: el Baile de los 41, entre represi\u00f3n y memoria","datePublished":"2025-11-18T15:58:45+00:00","mainEntityOfPage":{"@id":"https:\/\/www.alasmedios.com\/index.php\/2025\/11\/18\/el-escandalo-que-marco-a-mexico-el-baile-de-los-41-entre-represion-y-memoria\/"},"wordCount":408,"commentCount":0,"publisher":{"@id":"https:\/\/www.alasmedios.com\/#organization"},"image":{"@id":"https:\/\/www.alasmedios.com\/index.php\/2025\/11\/18\/el-escandalo-que-marco-a-mexico-el-baile-de-los-41-entre-represion-y-memoria\/#primaryimage"},"thumbnailUrl":"https:\/\/www.alasmedios.com\/wp-content\/uploads\/2025\/11\/Baile-de-los-41.png","keywords":["41","Baile de los 41","diversidad","Ignacio de la Torre y Mier","Jos\u00e9 Guadalupe Posada","LGBTTTIQA+","M\u00e9xico","Porfirio D\u00edaz"],"articleSection":["Inicio"],"inLanguage":"es","potentialAction":[{"@type":"CommentAction","name":"Comment","target":["https:\/\/www.alasmedios.com\/index.php\/2025\/11\/18\/el-escandalo-que-marco-a-mexico-el-baile-de-los-41-entre-represion-y-memoria\/#respond"]}]},{"@type":"WebPage","@id":"https:\/\/www.alasmedios.com\/index.php\/2025\/11\/18\/el-escandalo-que-marco-a-mexico-el-baile-de-los-41-entre-represion-y-memoria\/","url":"https:\/\/www.alasmedios.com\/index.php\/2025\/11\/18\/el-escandalo-que-marco-a-mexico-el-baile-de-los-41-entre-represion-y-memoria\/","name":"El esc\u00e1ndalo que marc\u00f3 a M\u00e9xico: el Baile de los 41, entre represi\u00f3n y memoria - Alas Medios","isPartOf":{"@id":"https:\/\/www.alasmedios.com\/#website"},"primaryImageOfPage":{"@id":"https:\/\/www.alasmedios.com\/index.php\/2025\/11\/18\/el-escandalo-que-marco-a-mexico-el-baile-de-los-41-entre-represion-y-memoria\/#primaryimage"},"image":{"@id":"https:\/\/www.alasmedios.com\/index.php\/2025\/11\/18\/el-escandalo-que-marco-a-mexico-el-baile-de-los-41-entre-represion-y-memoria\/#primaryimage"},"thumbnailUrl":"https:\/\/www.alasmedios.com\/wp-content\/uploads\/2025\/11\/Baile-de-los-41.png","datePublished":"2025-11-18T15:58:45+00:00","breadcrumb":{"@id":"https:\/\/www.alasmedios.com\/index.php\/2025\/11\/18\/el-escandalo-que-marco-a-mexico-el-baile-de-los-41-entre-represion-y-memoria\/#breadcrumb"},"inLanguage":"es","potentialAction":[{"@type":"ReadAction","target":["https:\/\/www.alasmedios.com\/index.php\/2025\/11\/18\/el-escandalo-que-marco-a-mexico-el-baile-de-los-41-entre-represion-y-memoria\/"]}]},{"@type":"ImageObject","inLanguage":"es","@id":"https:\/\/www.alasmedios.com\/index.php\/2025\/11\/18\/el-escandalo-que-marco-a-mexico-el-baile-de-los-41-entre-represion-y-memoria\/#primaryimage","url":"https:\/\/www.alasmedios.com\/wp-content\/uploads\/2025\/11\/Baile-de-los-41.png","contentUrl":"https:\/\/www.alasmedios.com\/wp-content\/uploads\/2025\/11\/Baile-de-los-41.png","width":2000,"height":1214},{"@type":"BreadcrumbList","@id":"https:\/\/www.alasmedios.com\/index.php\/2025\/11\/18\/el-escandalo-que-marco-a-mexico-el-baile-de-los-41-entre-represion-y-memoria\/#breadcrumb","itemListElement":[{"@type":"ListItem","position":1,"name":"Inicio","item":"https:\/\/www.alasmedios.com\/"},{"@type":"ListItem","position":2,"name":"El esc\u00e1ndalo que marc\u00f3 a M\u00e9xico: el Baile de los 41, entre represi\u00f3n y memoria"}]},{"@type":"WebSite","@id":"https:\/\/www.alasmedios.com\/#website","url":"https:\/\/www.alasmedios.com\/","name":"Alas Medios","description":"Alas para pensar, Alas para volar, Alas de libertad","publisher":{"@id":"https:\/\/www.alasmedios.com\/#organization"},"potentialAction":[{"@type":"SearchAction","target":{"@type":"EntryPoint","urlTemplate":"https:\/\/www.alasmedios.com\/?s={search_term_string}"},"query-input":{"@type":"PropertyValueSpecification","valueRequired":true,"valueName":"search_term_string"}}],"inLanguage":"es"},{"@type":"Organization","@id":"https:\/\/www.alasmedios.com\/#organization","name":"Alas Medios","url":"https:\/\/www.alasmedios.com\/","logo":{"@type":"ImageObject","inLanguage":"es","@id":"https:\/\/www.alasmedios.com\/#\/schema\/logo\/image\/","url":"https:\/\/www.alasmedios.com\/wp-content\/uploads\/2026\/01\/cropped-cropped-GAM-1.png","contentUrl":"https:\/\/www.alasmedios.com\/wp-content\/uploads\/2026\/01\/cropped-cropped-GAM-1.png","width":467,"height":235,"caption":"Alas Medios"},"image":{"@id":"https:\/\/www.alasmedios.com\/#\/schema\/logo\/image\/"}},{"@type":"Person","@id":"https:\/\/www.alasmedios.com\/#\/schema\/person\/0ba31bdd19a05ebf5c7fef1fedf99c34","name":"Keila Rodr\u00edguez Pe\u00f1a","image":{"@type":"ImageObject","inLanguage":"es","@id":"https:\/\/secure.gravatar.com\/avatar\/a2553a2bfaa601b9d539b617c8793e151bdffb60f9e48a249912f86d4c9ebeef?s=96&d=mm&r=g","url":"https:\/\/secure.gravatar.com\/avatar\/a2553a2bfaa601b9d539b617c8793e151bdffb60f9e48a249912f86d4c9ebeef?s=96&d=mm&r=g","contentUrl":"https:\/\/secure.gravatar.com\/avatar\/a2553a2bfaa601b9d539b617c8793e151bdffb60f9e48a249912f86d4c9ebeef?s=96&d=mm&r=g","caption":"Keila Rodr\u00edguez Pe\u00f1a"},"sameAs":["http:\/\/www.alasmedios.com"],"url":"https:\/\/www.alasmedios.com\/index.php\/author\/keila\/"}]}},"_links":{"self":[{"href":"https:\/\/www.alasmedios.com\/index.php\/wp-json\/wp\/v2\/posts\/6872","targetHints":{"allow":["GET"]}}],"collection":[{"href":"https:\/\/www.alasmedios.com\/index.php\/wp-json\/wp\/v2\/posts"}],"about":[{"href":"https:\/\/www.alasmedios.com\/index.php\/wp-json\/wp\/v2\/types\/post"}],"author":[{"embeddable":true,"href":"https:\/\/www.alasmedios.com\/index.php\/wp-json\/wp\/v2\/users\/4"}],"replies":[{"embeddable":true,"href":"https:\/\/www.alasmedios.com\/index.php\/wp-json\/wp\/v2\/comments?post=6872"}],"version-history":[{"count":1,"href":"https:\/\/www.alasmedios.com\/index.php\/wp-json\/wp\/v2\/posts\/6872\/revisions"}],"predecessor-version":[{"id":6874,"href":"https:\/\/www.alasmedios.com\/index.php\/wp-json\/wp\/v2\/posts\/6872\/revisions\/6874"}],"wp:featuredmedia":[{"embeddable":true,"href":"https:\/\/www.alasmedios.com\/index.php\/wp-json\/wp\/v2\/media\/6873"}],"wp:attachment":[{"href":"https:\/\/www.alasmedios.com\/index.php\/wp-json\/wp\/v2\/media?parent=6872"}],"wp:term":[{"taxonomy":"category","embeddable":true,"href":"https:\/\/www.alasmedios.com\/index.php\/wp-json\/wp\/v2\/categories?post=6872"},{"taxonomy":"post_tag","embeddable":true,"href":"https:\/\/www.alasmedios.com\/index.php\/wp-json\/wp\/v2\/tags?post=6872"}],"curies":[{"name":"wp","href":"https:\/\/api.w.org\/{rel}","templated":true}]}}