{"id":6869,"date":"2025-11-17T16:28:07","date_gmt":"2025-11-17T22:28:07","guid":{"rendered":"https:\/\/www.alasmedios.com\/?p=6869"},"modified":"2025-11-17T16:28:09","modified_gmt":"2025-11-17T22:28:09","slug":"tianguis-nacional-de-pueblos-magicos-2026-tamaulipas-es-la-sede","status":"publish","type":"post","link":"https:\/\/www.alasmedios.com\/index.php\/2025\/11\/17\/tianguis-nacional-de-pueblos-magicos-2026-tamaulipas-es-la-sede\/","title":{"rendered":"Tianguis Nacional de Pueblos M\u00e1gicos 2026: Tamaulipas es la sede"},"content":{"rendered":"\n<p>Concluy\u00f3 el&nbsp;<strong>Tianguis Nacional de Pueblos M\u00e1gicos<\/strong>&nbsp;en&nbsp;<strong>Pachuca<\/strong>,&nbsp;<strong>Hidalgo<\/strong>, en&nbsp;<strong>2026&nbsp;<\/strong>la sede ser\u00e1&nbsp;<strong>Tamaulipas<\/strong>.<\/p>\n\n\n\n<p>Con cifras que superaron todas las expectativas, el&nbsp;<strong>Tianguis Nacional de Pueblos M\u00e1gicos 2025<\/strong>&nbsp;concluy\u00f3 en&nbsp;<strong>Pachuca de Soto<\/strong>&nbsp;con una asistencia de&nbsp;<strong>62 mil 941 visitantes<\/strong>, un crecimiento del&nbsp;<strong>4.9 %<\/strong>&nbsp;respecto al a\u00f1o anterior. La derrama econ\u00f3mica tambi\u00e9n rompi\u00f3 techo:&nbsp;<strong>67 millones 505 mil pesos<\/strong>, equivalente a un aumento del&nbsp;<strong>14.6 %<\/strong>.<\/p>\n\n\n\n<p>En la ceremonia de cierre, la subsecretaria de Turismo federal,&nbsp;<strong>Nathalie Desplas Puel<\/strong>, en representaci\u00f3n de&nbsp;<strong>Josefina Rodr\u00edguez Zamora<\/strong>, entreg\u00f3 formalmente la&nbsp;<strong>estafeta<\/strong>&nbsp;a&nbsp;<strong>Tamaulipas<\/strong>, entidad que ser\u00e1 sede en&nbsp;<strong>2026<\/strong>. El reconocimiento a la organizaci\u00f3n hidalguense fue claro, al destacar que \u201c<strong>en Pachuca saben de tianguis<\/strong>\u201d.<\/p>\n\n\n\n<p>El encuentro registr\u00f3 m\u00e1s de&nbsp;<strong>12 mil 130 citas de negocios<\/strong>, con la participaci\u00f3n de&nbsp;<strong>385 compradores nacionales<\/strong>, alcanzando transacciones por m\u00e1s de&nbsp;<strong>26 millones de pesos<\/strong>&nbsp;dentro del recinto.<\/p>\n\n\n\n<p>CONTIN\u00daA LEYENDO: <a href=\"https:\/\/www.alasmedios.com\/index.php\/2025\/11\/17\/lucha-contra-el-cancer-de-cuello-uterino\/\" data-type=\"post\" data-id=\"6866\">Lucha contra el c\u00e1ncer de cuello uterino<\/a><\/p>\n\n\n\n<p>A ello se suma una derrama externa estimada en&nbsp;<strong>24 millones 362 mil pesos<\/strong>, mientras que el consumo interno \u2014<strong>alimentos, bebidas, artesan\u00edas y medicina tradicional<\/strong>\u2014 sum\u00f3&nbsp;<strong>16 millones 775 mil pesos<\/strong>, con un gasto promedio de&nbsp;<strong>503 pesos por visitante<\/strong>.<\/p>\n\n\n\n<p>La secretaria de Turismo de Hidalgo,&nbsp;<strong>Elizabeth Quintanar G\u00f3mez<\/strong>, celebr\u00f3 que esta edici\u00f3n fuera la m\u00e1s exitosa hasta la fecha y subray\u00f3 las estrategias para mantener un evento socialmente responsable, como la siembra de&nbsp;<strong>47 mil 250 \u00e1rboles<\/strong>, medida orientada a compensar las&nbsp;<strong>152 toneladas de residuos<\/strong>&nbsp;generadas durante las actividades.<\/p>\n\n\n\n<p>Desde Tamaulipas, el secretario de Turismo,&nbsp;<strong>Benjam\u00edn Hern\u00e1ndez Rodr\u00edguez<\/strong>, reconoci\u00f3 el trabajo realizado en Hidalgo y adelant\u00f3 que&nbsp;<strong>Tampico 2026<\/strong>&nbsp;ser\u00e1 una oportunidad para ampliar esta plataforma y fortalecer los v\u00ednculos del turismo nacional.<\/p>\n\n\n<ul class=\"wp-block-latest-posts__list is-grid columns-3 wp-block-latest-posts\"><li><div class=\"wp-block-latest-posts__featured-image\"><img loading=\"lazy\" decoding=\"async\" width=\"150\" height=\"150\" src=\"https:\/\/www.alasmedios.com\/wp-content\/uploads\/2026\/05\/AMPEP-inteligencia-artificial-150x150.jpg\" class=\"attachment-thumbnail size-thumbnail wp-post-image\" alt=\"\" style=\"\" \/><\/div><a class=\"wp-block-latest-posts__post-title\" href=\"https:\/\/www.alasmedios.com\/index.php\/2026\/05\/01\/periodismo-frente-a-la-ia-ampep-asume-liderazgo-y-apuesta-por-contar-historias-con-alma\/\">Periodismo frente a la IA: AMPEP asume liderazgo y apuesta por contar historias con \u201calma\u201d<\/a><\/li>\n<li><div class=\"wp-block-latest-posts__featured-image\"><img loading=\"lazy\" decoding=\"async\" width=\"150\" height=\"150\" src=\"https:\/\/www.alasmedios.com\/wp-content\/uploads\/2026\/05\/Hidalgo-viene-un-respiro-con-el-frente-frio-48-150x150.png\" class=\"attachment-thumbnail size-thumbnail wp-post-image\" alt=\"\" style=\"\" \/><\/div><a class=\"wp-block-latest-posts__post-title\" href=\"https:\/\/www.alasmedios.com\/index.php\/2026\/05\/01\/frente-frio-48-un-alivio-asi-impactara-en-hidalgo\/\">Frente fr\u00edo 48, un alivio: as\u00ed impactar\u00e1 en Hidalgo<\/a><\/li>\n<li><div class=\"wp-block-latest-posts__featured-image\"><img loading=\"lazy\" decoding=\"async\" width=\"150\" height=\"150\" src=\"https:\/\/www.alasmedios.com\/wp-content\/uploads\/2026\/05\/mujeres-depresion-posparto-150x150.png\" class=\"attachment-thumbnail size-thumbnail wp-post-image\" alt=\"\" style=\"\" \/><\/div><a class=\"wp-block-latest-posts__post-title\" href=\"https:\/\/www.alasmedios.com\/index.php\/2026\/05\/01\/1-de-cada-15-mujeres-sufre-depresion-posparto\/\">1 de cada 15 mujeres sufre depresi\u00f3n posparto<\/a><\/li>\n<\/ul>","protected":false},"excerpt":{"rendered":"<p>Concluy\u00f3 el&nbsp;Tianguis Nacional de Pueblos M\u00e1gicos&nbsp;en&nbsp;Pachuca,&nbsp;Hidalgo, en&nbsp;2026&nbsp;la sede ser\u00e1&nbsp;Tamaulipas. Con cifras que superaron todas las expectativas, el&nbsp;Tianguis Nacional de Pueblos<\/p>\n","protected":false},"author":4,"featured_media":6870,"comment_status":"open","ping_status":"open","sticky":false,"template":"","format":"standard","meta":{"colormag_page_container_layout":"default_layout","colormag_page_sidebar_layout":"default_layout","rop_custom_images_group":[],"rop_custom_messages_group":[],"rop_publish_now":"initial","rop_publish_now_accounts":[],"rop_publish_now_history":[],"rop_publish_now_status":"pending","iawp_total_views":0,"footnotes":""},"categories":[41],"tags":[99,87,3022,574,2053,74],"class_list":["post-6869","post","type-post","status-publish","format-standard","has-post-thumbnail","hentry","category-hidalgo","tag-hidalgo","tag-pachuca","tag-pueblos-magicos","tag-tamaulipas","tag-tianguis-nacional-de-pueblos-magicos","tag-turismo"],"magazineBlocksPostFeaturedMedia":{"thumbnail":"https:\/\/www.alasmedios.com\/wp-content\/uploads\/2025\/11\/Tianguis-Nacional-de-Pueblos-Magicos-2026-Tamaulipas-150x150.png","medium":"https:\/\/www.alasmedios.com\/wp-content\/uploads\/2025\/11\/Tianguis-Nacional-de-Pueblos-Magicos-2026-Tamaulipas-300x182.png","medium_large":"https:\/\/www.alasmedios.com\/wp-content\/uploads\/2025\/11\/Tianguis-Nacional-de-Pueblos-Magicos-2026-Tamaulipas-768x466.png","large":"https:\/\/www.alasmedios.com\/wp-content\/uploads\/2025\/11\/Tianguis-Nacional-de-Pueblos-Magicos-2026-Tamaulipas-1024x622.png","1536x1536":"https:\/\/www.alasmedios.com\/wp-content\/uploads\/2025\/11\/Tianguis-Nacional-de-Pueblos-Magicos-2026-Tamaulipas-1536x932.png","2048x2048":"https:\/\/www.alasmedios.com\/wp-content\/uploads\/2025\/11\/Tianguis-Nacional-de-Pueblos-Magicos-2026-Tamaulipas.png","colormag-highlighted-post":"https:\/\/www.alasmedios.com\/wp-content\/uploads\/2025\/11\/Tianguis-Nacional-de-Pueblos-Magicos-2026-Tamaulipas-392x272.png","colormag-featured-post-medium":"https:\/\/www.alasmedios.com\/wp-content\/uploads\/2025\/11\/Tianguis-Nacional-de-Pueblos-Magicos-2026-Tamaulipas-390x205.png","colormag-featured-post-small":"https:\/\/www.alasmedios.com\/wp-content\/uploads\/2025\/11\/Tianguis-Nacional-de-Pueblos-Magicos-2026-Tamaulipas-130x90.png","colormag-featured-image":"https:\/\/www.alasmedios.com\/wp-content\/uploads\/2025\/11\/Tianguis-Nacional-de-Pueblos-Magicos-2026-Tamaulipas-800x445.png","colormag-default-news":"https:\/\/www.alasmedios.com\/wp-content\/uploads\/2025\/11\/Tianguis-Nacional-de-Pueblos-Magicos-2026-Tamaulipas-150x150.png","colormag-featured-image-large":"https:\/\/www.alasmedios.com\/wp-content\/uploads\/2025\/11\/Tianguis-Nacional-de-Pueblos-Magicos-2026-Tamaulipas-1400x600.png"},"magazineBlocksPostAuthor":{"name":"Keila Rodr\u00edguez Pe\u00f1a","avatar":"https:\/\/secure.gravatar.com\/avatar\/a2553a2bfaa601b9d539b617c8793e151bdffb60f9e48a249912f86d4c9ebeef?s=96&d=mm&r=g"},"magazineBlocksPostCommentsNumber":"0","magazineBlocksPostExcerpt":"Concluy\u00f3 el&nbsp;Tianguis Nacional de Pueblos M\u00e1gicos&nbsp;en&nbsp;Pachuca,&nbsp;Hidalgo, en&nbsp;2026&nbsp;la sede ser\u00e1&nbsp;Tamaulipas. Con cifras que superaron todas las expectativas, el&nbsp;Tianguis Nacional de Pueblos","magazineBlocksPostCategories":["Hidalgo"],"magazineBlocksPostViewCount":171,"magazineBlocksPostReadTime":2,"magazine_blocks_featured_image_url":{"full":["https:\/\/www.alasmedios.com\/wp-content\/uploads\/2025\/11\/Tianguis-Nacional-de-Pueblos-Magicos-2026-Tamaulipas.png",2000,1214,false],"medium":["https:\/\/www.alasmedios.com\/wp-content\/uploads\/2025\/11\/Tianguis-Nacional-de-Pueblos-Magicos-2026-Tamaulipas-300x182.png",300,182,true],"thumbnail":["https:\/\/www.alasmedios.com\/wp-content\/uploads\/2025\/11\/Tianguis-Nacional-de-Pueblos-Magicos-2026-Tamaulipas-150x150.png",150,150,true]},"magazine_blocks_author":{"display_name":"Keila Rodr\u00edguez Pe\u00f1a","author_link":"https:\/\/www.alasmedios.com\/index.php\/author\/keila\/"},"magazine_blocks_comment":0,"magazine_blocks_author_image":"https:\/\/secure.gravatar.com\/avatar\/a2553a2bfaa601b9d539b617c8793e151bdffb60f9e48a249912f86d4c9ebeef?s=96&d=mm&r=g","magazine_blocks_category":"<a href=\"#\" class=\"category-link category-link-41\">Hidalgo<\/a>","yoast_head":"<!-- This site is optimized with the Yoast SEO plugin v27.5 - https:\/\/yoast.com\/product\/yoast-seo-wordpress\/ -->\r\n<title>Tianguis Nacional de Pueblos M\u00e1gicos 2026: Tamaulipas es la sede - Alas Medios<\/title>\r\n<meta name=\"robots\" content=\"index, follow, max-snippet:-1, max-image-preview:large, max-video-preview:-1\" \/>\r\n<link rel=\"canonical\" href=\"https:\/\/www.alasmedios.com\/index.php\/2025\/11\/17\/tianguis-nacional-de-pueblos-magicos-2026-tamaulipas-es-la-sede\/\" \/>\r\n<meta property=\"og:locale\" content=\"es_MX\" \/>\r\n<meta property=\"og:type\" content=\"article\" \/>\r\n<meta property=\"og:title\" content=\"Tianguis Nacional de Pueblos M\u00e1gicos 2026: Tamaulipas es la sede - Alas Medios\" \/>\r\n<meta property=\"og:description\" content=\"Concluy\u00f3 el&nbsp;Tianguis Nacional de Pueblos M\u00e1gicos&nbsp;en&nbsp;Pachuca,&nbsp;Hidalgo, en&nbsp;2026&nbsp;la sede ser\u00e1&nbsp;Tamaulipas. Con cifras que superaron todas las expectativas, el&nbsp;Tianguis Nacional de Pueblos\" \/>\r\n<meta property=\"og:url\" content=\"https:\/\/www.alasmedios.com\/index.php\/2025\/11\/17\/tianguis-nacional-de-pueblos-magicos-2026-tamaulipas-es-la-sede\/\" \/>\r\n<meta property=\"og:site_name\" content=\"Alas Medios\" \/>\r\n<meta property=\"article:published_time\" content=\"2025-11-17T22:28:07+00:00\" \/>\r\n<meta property=\"article:modified_time\" content=\"2025-11-17T22:28:09+00:00\" \/>\r\n<meta property=\"og:image\" content=\"https:\/\/www.alasmedios.com\/wp-content\/uploads\/2025\/11\/Tianguis-Nacional-de-Pueblos-Magicos-2026-Tamaulipas-1024x622.png\" \/>\r\n\t<meta property=\"og:image:width\" content=\"1024\" \/>\r\n\t<meta property=\"og:image:height\" content=\"622\" \/>\r\n\t<meta property=\"og:image:type\" content=\"image\/png\" \/>\r\n<meta name=\"author\" content=\"Keila Rodr\u00edguez Pe\u00f1a\" \/>\r\n<meta name=\"twitter:card\" content=\"summary_large_image\" \/>\r\n<meta name=\"twitter:label1\" content=\"Escrito por\" \/>\n\t<meta name=\"twitter:data1\" content=\"Keila Rodr\u00edguez Pe\u00f1a\" \/>\n\t<meta name=\"twitter:label2\" content=\"Tiempo de lectura\" \/>\n\t<meta name=\"twitter:data2\" content=\"2 minutos\" \/>\r\n<script type=\"application\/ld+json\" class=\"yoast-schema-graph\">{\"@context\":\"https:\\\/\\\/schema.org\",\"@graph\":[{\"@type\":\"Article\",\"@id\":\"https:\\\/\\\/www.alasmedios.com\\\/index.php\\\/2025\\\/11\\\/17\\\/tianguis-nacional-de-pueblos-magicos-2026-tamaulipas-es-la-sede\\\/#article\",\"isPartOf\":{\"@id\":\"https:\\\/\\\/www.alasmedios.com\\\/index.php\\\/2025\\\/11\\\/17\\\/tianguis-nacional-de-pueblos-magicos-2026-tamaulipas-es-la-sede\\\/\"},\"author\":{\"name\":\"Keila Rodr\u00edguez Pe\u00f1a\",\"@id\":\"https:\\\/\\\/www.alasmedios.com\\\/#\\\/schema\\\/person\\\/0ba31bdd19a05ebf5c7fef1fedf99c34\"},\"headline\":\"Tianguis Nacional de Pueblos M\u00e1gicos 2026: Tamaulipas es la sede\",\"datePublished\":\"2025-11-17T22:28:07+00:00\",\"dateModified\":\"2025-11-17T22:28:09+00:00\",\"mainEntityOfPage\":{\"@id\":\"https:\\\/\\\/www.alasmedios.com\\\/index.php\\\/2025\\\/11\\\/17\\\/tianguis-nacional-de-pueblos-magicos-2026-tamaulipas-es-la-sede\\\/\"},\"wordCount\":324,\"commentCount\":0,\"publisher\":{\"@id\":\"https:\\\/\\\/www.alasmedios.com\\\/#organization\"},\"image\":{\"@id\":\"https:\\\/\\\/www.alasmedios.com\\\/index.php\\\/2025\\\/11\\\/17\\\/tianguis-nacional-de-pueblos-magicos-2026-tamaulipas-es-la-sede\\\/#primaryimage\"},\"thumbnailUrl\":\"https:\\\/\\\/www.alasmedios.com\\\/wp-content\\\/uploads\\\/2025\\\/11\\\/Tianguis-Nacional-de-Pueblos-Magicos-2026-Tamaulipas.png\",\"keywords\":[\"Hidalgo\",\"Pachuca\",\"Pueblos M\u00e1gicos\",\"Tamaulipas\",\"Tianguis Nacional de Pueblos M\u00e1gicos\",\"Turismo\"],\"articleSection\":[\"Hidalgo\"],\"inLanguage\":\"es\",\"potentialAction\":[{\"@type\":\"CommentAction\",\"name\":\"Comment\",\"target\":[\"https:\\\/\\\/www.alasmedios.com\\\/index.php\\\/2025\\\/11\\\/17\\\/tianguis-nacional-de-pueblos-magicos-2026-tamaulipas-es-la-sede\\\/#respond\"]}]},{\"@type\":\"WebPage\",\"@id\":\"https:\\\/\\\/www.alasmedios.com\\\/index.php\\\/2025\\\/11\\\/17\\\/tianguis-nacional-de-pueblos-magicos-2026-tamaulipas-es-la-sede\\\/\",\"url\":\"https:\\\/\\\/www.alasmedios.com\\\/index.php\\\/2025\\\/11\\\/17\\\/tianguis-nacional-de-pueblos-magicos-2026-tamaulipas-es-la-sede\\\/\",\"name\":\"Tianguis Nacional de Pueblos M\u00e1gicos 2026: Tamaulipas es la sede - Alas Medios\",\"isPartOf\":{\"@id\":\"https:\\\/\\\/www.alasmedios.com\\\/#website\"},\"primaryImageOfPage\":{\"@id\":\"https:\\\/\\\/www.alasmedios.com\\\/index.php\\\/2025\\\/11\\\/17\\\/tianguis-nacional-de-pueblos-magicos-2026-tamaulipas-es-la-sede\\\/#primaryimage\"},\"image\":{\"@id\":\"https:\\\/\\\/www.alasmedios.com\\\/index.php\\\/2025\\\/11\\\/17\\\/tianguis-nacional-de-pueblos-magicos-2026-tamaulipas-es-la-sede\\\/#primaryimage\"},\"thumbnailUrl\":\"https:\\\/\\\/www.alasmedios.com\\\/wp-content\\\/uploads\\\/2025\\\/11\\\/Tianguis-Nacional-de-Pueblos-Magicos-2026-Tamaulipas.png\",\"datePublished\":\"2025-11-17T22:28:07+00:00\",\"dateModified\":\"2025-11-17T22:28:09+00:00\",\"breadcrumb\":{\"@id\":\"https:\\\/\\\/www.alasmedios.com\\\/index.php\\\/2025\\\/11\\\/17\\\/tianguis-nacional-de-pueblos-magicos-2026-tamaulipas-es-la-sede\\\/#breadcrumb\"},\"inLanguage\":\"es\",\"potentialAction\":[{\"@type\":\"ReadAction\",\"target\":[\"https:\\\/\\\/www.alasmedios.com\\\/index.php\\\/2025\\\/11\\\/17\\\/tianguis-nacional-de-pueblos-magicos-2026-tamaulipas-es-la-sede\\\/\"]}]},{\"@type\":\"ImageObject\",\"inLanguage\":\"es\",\"@id\":\"https:\\\/\\\/www.alasmedios.com\\\/index.php\\\/2025\\\/11\\\/17\\\/tianguis-nacional-de-pueblos-magicos-2026-tamaulipas-es-la-sede\\\/#primaryimage\",\"url\":\"https:\\\/\\\/www.alasmedios.com\\\/wp-content\\\/uploads\\\/2025\\\/11\\\/Tianguis-Nacional-de-Pueblos-Magicos-2026-Tamaulipas.png\",\"contentUrl\":\"https:\\\/\\\/www.alasmedios.com\\\/wp-content\\\/uploads\\\/2025\\\/11\\\/Tianguis-Nacional-de-Pueblos-Magicos-2026-Tamaulipas.png\",\"width\":2000,\"height\":1214},{\"@type\":\"BreadcrumbList\",\"@id\":\"https:\\\/\\\/www.alasmedios.com\\\/index.php\\\/2025\\\/11\\\/17\\\/tianguis-nacional-de-pueblos-magicos-2026-tamaulipas-es-la-sede\\\/#breadcrumb\",\"itemListElement\":[{\"@type\":\"ListItem\",\"position\":1,\"name\":\"Inicio\",\"item\":\"https:\\\/\\\/www.alasmedios.com\\\/\"},{\"@type\":\"ListItem\",\"position\":2,\"name\":\"Tianguis Nacional de Pueblos M\u00e1gicos 2026: Tamaulipas es la sede\"}]},{\"@type\":\"WebSite\",\"@id\":\"https:\\\/\\\/www.alasmedios.com\\\/#website\",\"url\":\"https:\\\/\\\/www.alasmedios.com\\\/\",\"name\":\"Alas Medios\",\"description\":\"Alas para pensar, Alas para volar, Alas de libertad\",\"publisher\":{\"@id\":\"https:\\\/\\\/www.alasmedios.com\\\/#organization\"},\"potentialAction\":[{\"@type\":\"SearchAction\",\"target\":{\"@type\":\"EntryPoint\",\"urlTemplate\":\"https:\\\/\\\/www.alasmedios.com\\\/?s={search_term_string}\"},\"query-input\":{\"@type\":\"PropertyValueSpecification\",\"valueRequired\":true,\"valueName\":\"search_term_string\"}}],\"inLanguage\":\"es\"},{\"@type\":\"Organization\",\"@id\":\"https:\\\/\\\/www.alasmedios.com\\\/#organization\",\"name\":\"Alas Medios\",\"url\":\"https:\\\/\\\/www.alasmedios.com\\\/\",\"logo\":{\"@type\":\"ImageObject\",\"inLanguage\":\"es\",\"@id\":\"https:\\\/\\\/www.alasmedios.com\\\/#\\\/schema\\\/logo\\\/image\\\/\",\"url\":\"https:\\\/\\\/www.alasmedios.com\\\/wp-content\\\/uploads\\\/2026\\\/01\\\/cropped-cropped-GAM-1.png\",\"contentUrl\":\"https:\\\/\\\/www.alasmedios.com\\\/wp-content\\\/uploads\\\/2026\\\/01\\\/cropped-cropped-GAM-1.png\",\"width\":467,\"height\":235,\"caption\":\"Alas Medios\"},\"image\":{\"@id\":\"https:\\\/\\\/www.alasmedios.com\\\/#\\\/schema\\\/logo\\\/image\\\/\"}},{\"@type\":\"Person\",\"@id\":\"https:\\\/\\\/www.alasmedios.com\\\/#\\\/schema\\\/person\\\/0ba31bdd19a05ebf5c7fef1fedf99c34\",\"name\":\"Keila Rodr\u00edguez Pe\u00f1a\",\"image\":{\"@type\":\"ImageObject\",\"inLanguage\":\"es\",\"@id\":\"https:\\\/\\\/secure.gravatar.com\\\/avatar\\\/a2553a2bfaa601b9d539b617c8793e151bdffb60f9e48a249912f86d4c9ebeef?s=96&d=mm&r=g\",\"url\":\"https:\\\/\\\/secure.gravatar.com\\\/avatar\\\/a2553a2bfaa601b9d539b617c8793e151bdffb60f9e48a249912f86d4c9ebeef?s=96&d=mm&r=g\",\"contentUrl\":\"https:\\\/\\\/secure.gravatar.com\\\/avatar\\\/a2553a2bfaa601b9d539b617c8793e151bdffb60f9e48a249912f86d4c9ebeef?s=96&d=mm&r=g\",\"caption\":\"Keila Rodr\u00edguez Pe\u00f1a\"},\"sameAs\":[\"http:\\\/\\\/www.alasmedios.com\"],\"url\":\"https:\\\/\\\/www.alasmedios.com\\\/index.php\\\/author\\\/keila\\\/\"}]}<\/script>\r\n<!-- \/ Yoast SEO plugin. -->","yoast_head_json":{"title":"Tianguis Nacional de Pueblos M\u00e1gicos 2026: Tamaulipas es la sede - Alas Medios","robots":{"index":"index","follow":"follow","max-snippet":"max-snippet:-1","max-image-preview":"max-image-preview:large","max-video-preview":"max-video-preview:-1"},"canonical":"https:\/\/www.alasmedios.com\/index.php\/2025\/11\/17\/tianguis-nacional-de-pueblos-magicos-2026-tamaulipas-es-la-sede\/","og_locale":"es_MX","og_type":"article","og_title":"Tianguis Nacional de Pueblos M\u00e1gicos 2026: Tamaulipas es la sede - Alas Medios","og_description":"Concluy\u00f3 el&nbsp;Tianguis Nacional de Pueblos M\u00e1gicos&nbsp;en&nbsp;Pachuca,&nbsp;Hidalgo, en&nbsp;2026&nbsp;la sede ser\u00e1&nbsp;Tamaulipas. Con cifras que superaron todas las expectativas, el&nbsp;Tianguis Nacional de Pueblos","og_url":"https:\/\/www.alasmedios.com\/index.php\/2025\/11\/17\/tianguis-nacional-de-pueblos-magicos-2026-tamaulipas-es-la-sede\/","og_site_name":"Alas Medios","article_published_time":"2025-11-17T22:28:07+00:00","article_modified_time":"2025-11-17T22:28:09+00:00","og_image":[{"width":1024,"height":622,"url":"https:\/\/www.alasmedios.com\/wp-content\/uploads\/2025\/11\/Tianguis-Nacional-de-Pueblos-Magicos-2026-Tamaulipas-1024x622.png","type":"image\/png"}],"author":"Keila Rodr\u00edguez Pe\u00f1a","twitter_card":"summary_large_image","twitter_misc":{"Escrito por":"Keila Rodr\u00edguez Pe\u00f1a","Tiempo de lectura":"2 minutos"},"schema":{"@context":"https:\/\/schema.org","@graph":[{"@type":"Article","@id":"https:\/\/www.alasmedios.com\/index.php\/2025\/11\/17\/tianguis-nacional-de-pueblos-magicos-2026-tamaulipas-es-la-sede\/#article","isPartOf":{"@id":"https:\/\/www.alasmedios.com\/index.php\/2025\/11\/17\/tianguis-nacional-de-pueblos-magicos-2026-tamaulipas-es-la-sede\/"},"author":{"name":"Keila Rodr\u00edguez Pe\u00f1a","@id":"https:\/\/www.alasmedios.com\/#\/schema\/person\/0ba31bdd19a05ebf5c7fef1fedf99c34"},"headline":"Tianguis Nacional de Pueblos M\u00e1gicos 2026: Tamaulipas es la sede","datePublished":"2025-11-17T22:28:07+00:00","dateModified":"2025-11-17T22:28:09+00:00","mainEntityOfPage":{"@id":"https:\/\/www.alasmedios.com\/index.php\/2025\/11\/17\/tianguis-nacional-de-pueblos-magicos-2026-tamaulipas-es-la-sede\/"},"wordCount":324,"commentCount":0,"publisher":{"@id":"https:\/\/www.alasmedios.com\/#organization"},"image":{"@id":"https:\/\/www.alasmedios.com\/index.php\/2025\/11\/17\/tianguis-nacional-de-pueblos-magicos-2026-tamaulipas-es-la-sede\/#primaryimage"},"thumbnailUrl":"https:\/\/www.alasmedios.com\/wp-content\/uploads\/2025\/11\/Tianguis-Nacional-de-Pueblos-Magicos-2026-Tamaulipas.png","keywords":["Hidalgo","Pachuca","Pueblos M\u00e1gicos","Tamaulipas","Tianguis Nacional de Pueblos M\u00e1gicos","Turismo"],"articleSection":["Hidalgo"],"inLanguage":"es","potentialAction":[{"@type":"CommentAction","name":"Comment","target":["https:\/\/www.alasmedios.com\/index.php\/2025\/11\/17\/tianguis-nacional-de-pueblos-magicos-2026-tamaulipas-es-la-sede\/#respond"]}]},{"@type":"WebPage","@id":"https:\/\/www.alasmedios.com\/index.php\/2025\/11\/17\/tianguis-nacional-de-pueblos-magicos-2026-tamaulipas-es-la-sede\/","url":"https:\/\/www.alasmedios.com\/index.php\/2025\/11\/17\/tianguis-nacional-de-pueblos-magicos-2026-tamaulipas-es-la-sede\/","name":"Tianguis Nacional de Pueblos M\u00e1gicos 2026: Tamaulipas es la sede - Alas Medios","isPartOf":{"@id":"https:\/\/www.alasmedios.com\/#website"},"primaryImageOfPage":{"@id":"https:\/\/www.alasmedios.com\/index.php\/2025\/11\/17\/tianguis-nacional-de-pueblos-magicos-2026-tamaulipas-es-la-sede\/#primaryimage"},"image":{"@id":"https:\/\/www.alasmedios.com\/index.php\/2025\/11\/17\/tianguis-nacional-de-pueblos-magicos-2026-tamaulipas-es-la-sede\/#primaryimage"},"thumbnailUrl":"https:\/\/www.alasmedios.com\/wp-content\/uploads\/2025\/11\/Tianguis-Nacional-de-Pueblos-Magicos-2026-Tamaulipas.png","datePublished":"2025-11-17T22:28:07+00:00","dateModified":"2025-11-17T22:28:09+00:00","breadcrumb":{"@id":"https:\/\/www.alasmedios.com\/index.php\/2025\/11\/17\/tianguis-nacional-de-pueblos-magicos-2026-tamaulipas-es-la-sede\/#breadcrumb"},"inLanguage":"es","potentialAction":[{"@type":"ReadAction","target":["https:\/\/www.alasmedios.com\/index.php\/2025\/11\/17\/tianguis-nacional-de-pueblos-magicos-2026-tamaulipas-es-la-sede\/"]}]},{"@type":"ImageObject","inLanguage":"es","@id":"https:\/\/www.alasmedios.com\/index.php\/2025\/11\/17\/tianguis-nacional-de-pueblos-magicos-2026-tamaulipas-es-la-sede\/#primaryimage","url":"https:\/\/www.alasmedios.com\/wp-content\/uploads\/2025\/11\/Tianguis-Nacional-de-Pueblos-Magicos-2026-Tamaulipas.png","contentUrl":"https:\/\/www.alasmedios.com\/wp-content\/uploads\/2025\/11\/Tianguis-Nacional-de-Pueblos-Magicos-2026-Tamaulipas.png","width":2000,"height":1214},{"@type":"BreadcrumbList","@id":"https:\/\/www.alasmedios.com\/index.php\/2025\/11\/17\/tianguis-nacional-de-pueblos-magicos-2026-tamaulipas-es-la-sede\/#breadcrumb","itemListElement":[{"@type":"ListItem","position":1,"name":"Inicio","item":"https:\/\/www.alasmedios.com\/"},{"@type":"ListItem","position":2,"name":"Tianguis Nacional de Pueblos M\u00e1gicos 2026: Tamaulipas es la sede"}]},{"@type":"WebSite","@id":"https:\/\/www.alasmedios.com\/#website","url":"https:\/\/www.alasmedios.com\/","name":"Alas Medios","description":"Alas para pensar, Alas para volar, Alas de libertad","publisher":{"@id":"https:\/\/www.alasmedios.com\/#organization"},"potentialAction":[{"@type":"SearchAction","target":{"@type":"EntryPoint","urlTemplate":"https:\/\/www.alasmedios.com\/?s={search_term_string}"},"query-input":{"@type":"PropertyValueSpecification","valueRequired":true,"valueName":"search_term_string"}}],"inLanguage":"es"},{"@type":"Organization","@id":"https:\/\/www.alasmedios.com\/#organization","name":"Alas Medios","url":"https:\/\/www.alasmedios.com\/","logo":{"@type":"ImageObject","inLanguage":"es","@id":"https:\/\/www.alasmedios.com\/#\/schema\/logo\/image\/","url":"https:\/\/www.alasmedios.com\/wp-content\/uploads\/2026\/01\/cropped-cropped-GAM-1.png","contentUrl":"https:\/\/www.alasmedios.com\/wp-content\/uploads\/2026\/01\/cropped-cropped-GAM-1.png","width":467,"height":235,"caption":"Alas Medios"},"image":{"@id":"https:\/\/www.alasmedios.com\/#\/schema\/logo\/image\/"}},{"@type":"Person","@id":"https:\/\/www.alasmedios.com\/#\/schema\/person\/0ba31bdd19a05ebf5c7fef1fedf99c34","name":"Keila Rodr\u00edguez Pe\u00f1a","image":{"@type":"ImageObject","inLanguage":"es","@id":"https:\/\/secure.gravatar.com\/avatar\/a2553a2bfaa601b9d539b617c8793e151bdffb60f9e48a249912f86d4c9ebeef?s=96&d=mm&r=g","url":"https:\/\/secure.gravatar.com\/avatar\/a2553a2bfaa601b9d539b617c8793e151bdffb60f9e48a249912f86d4c9ebeef?s=96&d=mm&r=g","contentUrl":"https:\/\/secure.gravatar.com\/avatar\/a2553a2bfaa601b9d539b617c8793e151bdffb60f9e48a249912f86d4c9ebeef?s=96&d=mm&r=g","caption":"Keila Rodr\u00edguez Pe\u00f1a"},"sameAs":["http:\/\/www.alasmedios.com"],"url":"https:\/\/www.alasmedios.com\/index.php\/author\/keila\/"}]}},"_links":{"self":[{"href":"https:\/\/www.alasmedios.com\/index.php\/wp-json\/wp\/v2\/posts\/6869","targetHints":{"allow":["GET"]}}],"collection":[{"href":"https:\/\/www.alasmedios.com\/index.php\/wp-json\/wp\/v2\/posts"}],"about":[{"href":"https:\/\/www.alasmedios.com\/index.php\/wp-json\/wp\/v2\/types\/post"}],"author":[{"embeddable":true,"href":"https:\/\/www.alasmedios.com\/index.php\/wp-json\/wp\/v2\/users\/4"}],"replies":[{"embeddable":true,"href":"https:\/\/www.alasmedios.com\/index.php\/wp-json\/wp\/v2\/comments?post=6869"}],"version-history":[{"count":1,"href":"https:\/\/www.alasmedios.com\/index.php\/wp-json\/wp\/v2\/posts\/6869\/revisions"}],"predecessor-version":[{"id":6871,"href":"https:\/\/www.alasmedios.com\/index.php\/wp-json\/wp\/v2\/posts\/6869\/revisions\/6871"}],"wp:featuredmedia":[{"embeddable":true,"href":"https:\/\/www.alasmedios.com\/index.php\/wp-json\/wp\/v2\/media\/6870"}],"wp:attachment":[{"href":"https:\/\/www.alasmedios.com\/index.php\/wp-json\/wp\/v2\/media?parent=6869"}],"wp:term":[{"taxonomy":"category","embeddable":true,"href":"https:\/\/www.alasmedios.com\/index.php\/wp-json\/wp\/v2\/categories?post=6869"},{"taxonomy":"post_tag","embeddable":true,"href":"https:\/\/www.alasmedios.com\/index.php\/wp-json\/wp\/v2\/tags?post=6869"}],"curies":[{"name":"wp","href":"https:\/\/api.w.org\/{rel}","templated":true}]}}