{"id":6866,"date":"2025-11-17T16:10:14","date_gmt":"2025-11-17T22:10:14","guid":{"rendered":"https:\/\/www.alasmedios.com\/?p=6866"},"modified":"2025-11-17T16:10:15","modified_gmt":"2025-11-17T22:10:15","slug":"lucha-contra-el-cancer-de-cuello-uterino","status":"publish","type":"post","link":"https:\/\/www.alasmedios.com\/index.php\/2025\/11\/17\/lucha-contra-el-cancer-de-cuello-uterino\/","title":{"rendered":"Lucha contra el c\u00e1ncer de cuello uterino"},"content":{"rendered":"\n<p>En el marco del <strong>D\u00eda de Acci\u00f3n para la Eliminaci\u00f3n del C\u00e1ncer de Cuello Uterino<\/strong> (<strong>CaCu<\/strong>), las autoridades sanitarias y organizaciones de la sociedad civil en <strong>M\u00e9xico <\/strong>destacan la necesidad urgente de intensificar la prevenci\u00f3n y la detecci\u00f3n oportuna de esta enfermedad, que contin\u00faa siendo una de las principales causas de muerte por c\u00e1ncer en mujeres en el pa\u00eds.<\/p>\n\n\n\n<h3 class=\"wp-block-heading\">El Reto de la Mortalidad<\/h3>\n\n\n\n<p>Seg\u00fan las cifras m\u00e1s recientes del Instituto Nacional de Estad\u00edstica y Geograf\u00eda (<strong>INEGI<\/strong>), el CaCu se mantiene como la <strong>segunda neoplasia maligna<\/strong> m\u00e1s frecuente y con alta mortalidad entre la poblaci\u00f3n femenina mexicana. Tan solo en 2024, se registraron <strong>4,646 defunciones<\/strong> a causa de esta enfermedad, una cifra que subraya la persistencia del desaf\u00edo de salud p\u00fablica.<\/p>\n\n\n\n<p>La enfermedad est\u00e1 estrechamente ligada a la infecci\u00f3n persistente por el <strong>Virus del Papiloma Humano (VPH)<\/strong>, haciendo de la prevenci\u00f3n una tarea prioritaria.<\/p>\n\n\n\n<h3 class=\"wp-block-heading\">Ejes de la Estrategia Nacional<\/h3>\n\n\n\n<p>Para alinear a M\u00e9xico con la meta global de la Organizaci\u00f3n Mundial de la Salud (OMS) de eliminar el CaCu para el a\u00f1o 2030, el pa\u00eds ha centrado sus esfuerzos en tres pilares fundamentales:<\/p>\n\n\n\n<p>CONTIN\u00daA LEYENO: <a href=\"https:\/\/www.alasmedios.com\/index.php\/2025\/11\/17\/grupo-alas-medios-abre-la-mesa-navidena-con-aquiles-chavez\/\" data-type=\"post\" data-id=\"6860\">Grupo Alas Medios abre la mesa navide\u00f1a con Aquiles Ch\u00e1vez<\/a><\/p>\n\n\n\n<h4 class=\"wp-block-heading\">1. Vacunaci\u00f3n: El Escudo Protector<\/h4>\n\n\n\n<p>La <strong>vacunaci\u00f3n contra el VPH<\/strong> es reconocida como la herramienta m\u00e1s potente para prevenir el c\u00e1ncer. Tras periodos de interrupci\u00f3n log\u00edstica, las campa\u00f1as de inmunizaci\u00f3n han sido relanzadas, enfoc\u00e1ndose en un esquema de <strong>dosis \u00fanica<\/strong> para ni\u00f1as de 5to. de primaria, 6to., y adolescentes de 11 a 16 a\u00f1os. El objetivo es alcanzar las altas coberturas necesarias para interrumpir la transmisi\u00f3n del virus.<\/p>\n\n\n\n<h4 class=\"wp-block-heading\">2. Detecci\u00f3n Oportuna: M\u00e1s All\u00e1 del Papanicolau<\/h4>\n\n\n\n<p>La detecci\u00f3n temprana sigue siendo la clave para la supervivencia. Instituciones como el Instituto Mexicano del Seguro Social (<strong>IMSS<\/strong>) reportaron la realizaci\u00f3n de <strong>m\u00e1s de 3.7 millones de pruebas de Papanicolaou<\/strong> en 2024.<\/p>\n\n\n\n<p>No obstante, la estrategia se moderniza, promoviendo cada vez m\u00e1s la <strong>prueba de VPH de alta precisi\u00f3n<\/strong> como m\u00e9todo de tamizaje primario, permitiendo identificar a las mujeres en mayor riesgo y garantizar un tratamiento temprano de las lesiones precancerosas.<\/p>\n\n\n\n<h4 class=\"wp-block-heading\">3. Tratamiento y Cobertura<\/h4>\n\n\n\n<p>El tercer pilar se enfoca en asegurar que todas las mujeres diagnosticadas, tanto con lesiones precursoras como con c\u00e1ncer invasivo, accedan a un <strong>tratamiento oportuno y de calidad<\/strong>, incluyendo la gesti\u00f3n del c\u00e1ncer avanzado y la provisi\u00f3n de cuidados paliativos.<\/p>\n\n\n\n<p>TE PUEDE INTERESAR: <a href=\"https:\/\/www.alasmedios.com\/index.php\/2025\/11\/14\/alerta-en-hidalgo-crecen-los-casos-de-diabetes-pero-tambien-la-deteccion-temprana\/\" data-type=\"post\" data-id=\"6842\">Alerta en Hidalgo: crecen los casos de diabetes, pero tambi\u00e9n la detecci\u00f3n temprana<\/a><\/p>\n\n\n\n<h3 class=\"wp-block-heading\">La Meta 2030: Una Responsabilidad Colectiva<\/h3>\n\n\n\n<p>El llamado en este D\u00eda de Acci\u00f3n es a la sociedad en general. Expertos recuerdan que alcanzar la meta de eliminaci\u00f3n del CaCu como problema de salud p\u00fablica requiere de una cobertura del <strong>90% en vacunaci\u00f3n<\/strong>, <strong>70% en tamizaje<\/strong> y <strong>90% en tratamiento<\/strong> efectivo.<\/p>\n\n\n\n<p>Las autoridades instan a las madres, padres y tutores a llevar a las adolescentes a vacunar, y a todas las mujeres mayores de 25 a\u00f1os a mantener sus citas de detecci\u00f3n peri\u00f3dicas. La eliminaci\u00f3n del c\u00e1ncer de cuello uterino es posible, pero depende de la acci\u00f3n y la conciencia de cada persona.<\/p>\n\n\n<ul class=\"wp-block-latest-posts__list is-grid columns-3 wp-block-latest-posts\"><li><div class=\"wp-block-latest-posts__featured-image\"><img loading=\"lazy\" decoding=\"async\" width=\"150\" height=\"150\" src=\"https:\/\/www.alasmedios.com\/wp-content\/uploads\/2026\/05\/AMPEP-inteligencia-artificial-150x150.jpg\" class=\"attachment-thumbnail size-thumbnail wp-post-image\" alt=\"\" style=\"\" \/><\/div><a class=\"wp-block-latest-posts__post-title\" href=\"https:\/\/www.alasmedios.com\/index.php\/2026\/05\/01\/periodismo-frente-a-la-ia-ampep-asume-liderazgo-y-apuesta-por-contar-historias-con-alma\/\">Periodismo frente a la IA: AMPEP asume liderazgo y apuesta por contar historias con \u201calma\u201d<\/a><\/li>\n<li><div class=\"wp-block-latest-posts__featured-image\"><img loading=\"lazy\" decoding=\"async\" width=\"150\" height=\"150\" src=\"https:\/\/www.alasmedios.com\/wp-content\/uploads\/2026\/05\/Hidalgo-viene-un-respiro-con-el-frente-frio-48-150x150.png\" class=\"attachment-thumbnail size-thumbnail wp-post-image\" alt=\"\" style=\"\" \/><\/div><a class=\"wp-block-latest-posts__post-title\" href=\"https:\/\/www.alasmedios.com\/index.php\/2026\/05\/01\/frente-frio-48-un-alivio-asi-impactara-en-hidalgo\/\">Frente fr\u00edo 48, un alivio: as\u00ed impactar\u00e1 en Hidalgo<\/a><\/li>\n<li><div class=\"wp-block-latest-posts__featured-image\"><img loading=\"lazy\" decoding=\"async\" width=\"150\" height=\"150\" src=\"https:\/\/www.alasmedios.com\/wp-content\/uploads\/2026\/05\/mujeres-depresion-posparto-150x150.png\" class=\"attachment-thumbnail size-thumbnail wp-post-image\" alt=\"\" style=\"\" \/><\/div><a class=\"wp-block-latest-posts__post-title\" href=\"https:\/\/www.alasmedios.com\/index.php\/2026\/05\/01\/1-de-cada-15-mujeres-sufre-depresion-posparto\/\">1 de cada 15 mujeres sufre depresi\u00f3n posparto<\/a><\/li>\n<\/ul>","protected":false},"excerpt":{"rendered":"<p>En el marco del D\u00eda de Acci\u00f3n para la Eliminaci\u00f3n del C\u00e1ncer de Cuello Uterino (CaCu), las autoridades sanitarias y<\/p>\n","protected":false},"author":4,"featured_media":6867,"comment_status":"open","ping_status":"open","sticky":false,"template":"","format":"standard","meta":{"colormag_page_container_layout":"default_layout","colormag_page_sidebar_layout":"default_layout","rop_custom_images_group":[],"rop_custom_messages_group":[],"rop_publish_now":"initial","rop_publish_now_accounts":[],"rop_publish_now_history":[],"rop_publish_now_status":"pending","iawp_total_views":0,"footnotes":""},"categories":[42],"tags":[3032,3034,3033,827,53,2136,136],"class_list":["post-6866","post","type-post","status-publish","format-standard","has-post-thumbnail","hentry","category-familia_salud","tag-cacu","tag-cancer-de-cuello-uterino","tag-dia-de-accion-para-la-eliminacion-del-cancer-de-cuello-uterino","tag-inegi","tag-mujeres","tag-personas-con-utero","tag-salud"],"magazineBlocksPostFeaturedMedia":{"thumbnail":"https:\/\/www.alasmedios.com\/wp-content\/uploads\/2025\/11\/Lucha-contra-el-cancer-de-cuello-uterino-150x150.png","medium":"https:\/\/www.alasmedios.com\/wp-content\/uploads\/2025\/11\/Lucha-contra-el-cancer-de-cuello-uterino-300x182.png","medium_large":"https:\/\/www.alasmedios.com\/wp-content\/uploads\/2025\/11\/Lucha-contra-el-cancer-de-cuello-uterino-768x466.png","large":"https:\/\/www.alasmedios.com\/wp-content\/uploads\/2025\/11\/Lucha-contra-el-cancer-de-cuello-uterino-1024x622.png","1536x1536":"https:\/\/www.alasmedios.com\/wp-content\/uploads\/2025\/11\/Lucha-contra-el-cancer-de-cuello-uterino-1536x932.png","2048x2048":"https:\/\/www.alasmedios.com\/wp-content\/uploads\/2025\/11\/Lucha-contra-el-cancer-de-cuello-uterino.png","colormag-highlighted-post":"https:\/\/www.alasmedios.com\/wp-content\/uploads\/2025\/11\/Lucha-contra-el-cancer-de-cuello-uterino-392x272.png","colormag-featured-post-medium":"https:\/\/www.alasmedios.com\/wp-content\/uploads\/2025\/11\/Lucha-contra-el-cancer-de-cuello-uterino-390x205.png","colormag-featured-post-small":"https:\/\/www.alasmedios.com\/wp-content\/uploads\/2025\/11\/Lucha-contra-el-cancer-de-cuello-uterino-130x90.png","colormag-featured-image":"https:\/\/www.alasmedios.com\/wp-content\/uploads\/2025\/11\/Lucha-contra-el-cancer-de-cuello-uterino-800x445.png","colormag-default-news":"https:\/\/www.alasmedios.com\/wp-content\/uploads\/2025\/11\/Lucha-contra-el-cancer-de-cuello-uterino-150x150.png","colormag-featured-image-large":"https:\/\/www.alasmedios.com\/wp-content\/uploads\/2025\/11\/Lucha-contra-el-cancer-de-cuello-uterino-1400x600.png"},"magazineBlocksPostAuthor":{"name":"Keila Rodr\u00edguez Pe\u00f1a","avatar":"https:\/\/secure.gravatar.com\/avatar\/a2553a2bfaa601b9d539b617c8793e151bdffb60f9e48a249912f86d4c9ebeef?s=96&d=mm&r=g"},"magazineBlocksPostCommentsNumber":"0","magazineBlocksPostExcerpt":"En el marco del D\u00eda de Acci\u00f3n para la Eliminaci\u00f3n del C\u00e1ncer de Cuello Uterino (CaCu), las autoridades sanitarias y","magazineBlocksPostCategories":["Familia y Bienestar"],"magazineBlocksPostViewCount":204,"magazineBlocksPostReadTime":3,"magazine_blocks_featured_image_url":{"full":["https:\/\/www.alasmedios.com\/wp-content\/uploads\/2025\/11\/Lucha-contra-el-cancer-de-cuello-uterino.png",2000,1214,false],"medium":["https:\/\/www.alasmedios.com\/wp-content\/uploads\/2025\/11\/Lucha-contra-el-cancer-de-cuello-uterino-300x182.png",300,182,true],"thumbnail":["https:\/\/www.alasmedios.com\/wp-content\/uploads\/2025\/11\/Lucha-contra-el-cancer-de-cuello-uterino-150x150.png",150,150,true]},"magazine_blocks_author":{"display_name":"Keila Rodr\u00edguez Pe\u00f1a","author_link":"https:\/\/www.alasmedios.com\/index.php\/author\/keila\/"},"magazine_blocks_comment":0,"magazine_blocks_author_image":"https:\/\/secure.gravatar.com\/avatar\/a2553a2bfaa601b9d539b617c8793e151bdffb60f9e48a249912f86d4c9ebeef?s=96&d=mm&r=g","magazine_blocks_category":"<a href=\"#\" class=\"category-link category-link-42\">Familia y Bienestar<\/a>","yoast_head":"<!-- This site is optimized with the Yoast SEO plugin v27.5 - https:\/\/yoast.com\/product\/yoast-seo-wordpress\/ -->\r\n<title>Lucha contra el c\u00e1ncer de cuello uterino - Alas Medios<\/title>\r\n<meta name=\"robots\" content=\"index, follow, max-snippet:-1, max-image-preview:large, max-video-preview:-1\" \/>\r\n<link rel=\"canonical\" href=\"https:\/\/www.alasmedios.com\/index.php\/2025\/11\/17\/lucha-contra-el-cancer-de-cuello-uterino\/\" \/>\r\n<meta property=\"og:locale\" content=\"es_MX\" \/>\r\n<meta property=\"og:type\" content=\"article\" \/>\r\n<meta property=\"og:title\" content=\"Lucha contra el c\u00e1ncer de cuello uterino - Alas Medios\" \/>\r\n<meta property=\"og:description\" content=\"En el marco del D\u00eda de Acci\u00f3n para la Eliminaci\u00f3n del C\u00e1ncer de Cuello Uterino (CaCu), las autoridades sanitarias y\" \/>\r\n<meta property=\"og:url\" content=\"https:\/\/www.alasmedios.com\/index.php\/2025\/11\/17\/lucha-contra-el-cancer-de-cuello-uterino\/\" \/>\r\n<meta property=\"og:site_name\" content=\"Alas Medios\" \/>\r\n<meta property=\"article:published_time\" content=\"2025-11-17T22:10:14+00:00\" \/>\r\n<meta property=\"article:modified_time\" content=\"2025-11-17T22:10:15+00:00\" \/>\r\n<meta property=\"og:image\" content=\"https:\/\/www.alasmedios.com\/wp-content\/uploads\/2025\/11\/Lucha-contra-el-cancer-de-cuello-uterino-1024x622.png\" \/>\r\n\t<meta property=\"og:image:width\" content=\"1024\" \/>\r\n\t<meta property=\"og:image:height\" content=\"622\" \/>\r\n\t<meta property=\"og:image:type\" content=\"image\/png\" \/>\r\n<meta name=\"author\" content=\"Keila Rodr\u00edguez Pe\u00f1a\" \/>\r\n<meta name=\"twitter:card\" content=\"summary_large_image\" \/>\r\n<meta name=\"twitter:label1\" content=\"Escrito por\" \/>\n\t<meta name=\"twitter:data1\" content=\"Keila Rodr\u00edguez Pe\u00f1a\" \/>\n\t<meta name=\"twitter:label2\" content=\"Tiempo de lectura\" \/>\n\t<meta name=\"twitter:data2\" content=\"3 minutos\" \/>\r\n<script type=\"application\/ld+json\" class=\"yoast-schema-graph\">{\"@context\":\"https:\\\/\\\/schema.org\",\"@graph\":[{\"@type\":\"Article\",\"@id\":\"https:\\\/\\\/www.alasmedios.com\\\/index.php\\\/2025\\\/11\\\/17\\\/lucha-contra-el-cancer-de-cuello-uterino\\\/#article\",\"isPartOf\":{\"@id\":\"https:\\\/\\\/www.alasmedios.com\\\/index.php\\\/2025\\\/11\\\/17\\\/lucha-contra-el-cancer-de-cuello-uterino\\\/\"},\"author\":{\"name\":\"Keila Rodr\u00edguez Pe\u00f1a\",\"@id\":\"https:\\\/\\\/www.alasmedios.com\\\/#\\\/schema\\\/person\\\/0ba31bdd19a05ebf5c7fef1fedf99c34\"},\"headline\":\"Lucha contra el c\u00e1ncer de cuello uterino\",\"datePublished\":\"2025-11-17T22:10:14+00:00\",\"dateModified\":\"2025-11-17T22:10:15+00:00\",\"mainEntityOfPage\":{\"@id\":\"https:\\\/\\\/www.alasmedios.com\\\/index.php\\\/2025\\\/11\\\/17\\\/lucha-contra-el-cancer-de-cuello-uterino\\\/\"},\"wordCount\":561,\"commentCount\":0,\"publisher\":{\"@id\":\"https:\\\/\\\/www.alasmedios.com\\\/#organization\"},\"image\":{\"@id\":\"https:\\\/\\\/www.alasmedios.com\\\/index.php\\\/2025\\\/11\\\/17\\\/lucha-contra-el-cancer-de-cuello-uterino\\\/#primaryimage\"},\"thumbnailUrl\":\"https:\\\/\\\/www.alasmedios.com\\\/wp-content\\\/uploads\\\/2025\\\/11\\\/Lucha-contra-el-cancer-de-cuello-uterino.png\",\"keywords\":[\"CaCu\",\"C\u00e1ncer de Cuello Uterino\",\"D\u00eda de Acci\u00f3n para la Eliminaci\u00f3n del C\u00e1ncer de Cuello Uterino\",\"INEGI\",\"Mujeres\",\"personas con \u00fatero\",\"Salud\"],\"articleSection\":[\"Familia y Bienestar\"],\"inLanguage\":\"es\",\"potentialAction\":[{\"@type\":\"CommentAction\",\"name\":\"Comment\",\"target\":[\"https:\\\/\\\/www.alasmedios.com\\\/index.php\\\/2025\\\/11\\\/17\\\/lucha-contra-el-cancer-de-cuello-uterino\\\/#respond\"]}]},{\"@type\":\"WebPage\",\"@id\":\"https:\\\/\\\/www.alasmedios.com\\\/index.php\\\/2025\\\/11\\\/17\\\/lucha-contra-el-cancer-de-cuello-uterino\\\/\",\"url\":\"https:\\\/\\\/www.alasmedios.com\\\/index.php\\\/2025\\\/11\\\/17\\\/lucha-contra-el-cancer-de-cuello-uterino\\\/\",\"name\":\"Lucha contra el c\u00e1ncer de cuello uterino - Alas Medios\",\"isPartOf\":{\"@id\":\"https:\\\/\\\/www.alasmedios.com\\\/#website\"},\"primaryImageOfPage\":{\"@id\":\"https:\\\/\\\/www.alasmedios.com\\\/index.php\\\/2025\\\/11\\\/17\\\/lucha-contra-el-cancer-de-cuello-uterino\\\/#primaryimage\"},\"image\":{\"@id\":\"https:\\\/\\\/www.alasmedios.com\\\/index.php\\\/2025\\\/11\\\/17\\\/lucha-contra-el-cancer-de-cuello-uterino\\\/#primaryimage\"},\"thumbnailUrl\":\"https:\\\/\\\/www.alasmedios.com\\\/wp-content\\\/uploads\\\/2025\\\/11\\\/Lucha-contra-el-cancer-de-cuello-uterino.png\",\"datePublished\":\"2025-11-17T22:10:14+00:00\",\"dateModified\":\"2025-11-17T22:10:15+00:00\",\"breadcrumb\":{\"@id\":\"https:\\\/\\\/www.alasmedios.com\\\/index.php\\\/2025\\\/11\\\/17\\\/lucha-contra-el-cancer-de-cuello-uterino\\\/#breadcrumb\"},\"inLanguage\":\"es\",\"potentialAction\":[{\"@type\":\"ReadAction\",\"target\":[\"https:\\\/\\\/www.alasmedios.com\\\/index.php\\\/2025\\\/11\\\/17\\\/lucha-contra-el-cancer-de-cuello-uterino\\\/\"]}]},{\"@type\":\"ImageObject\",\"inLanguage\":\"es\",\"@id\":\"https:\\\/\\\/www.alasmedios.com\\\/index.php\\\/2025\\\/11\\\/17\\\/lucha-contra-el-cancer-de-cuello-uterino\\\/#primaryimage\",\"url\":\"https:\\\/\\\/www.alasmedios.com\\\/wp-content\\\/uploads\\\/2025\\\/11\\\/Lucha-contra-el-cancer-de-cuello-uterino.png\",\"contentUrl\":\"https:\\\/\\\/www.alasmedios.com\\\/wp-content\\\/uploads\\\/2025\\\/11\\\/Lucha-contra-el-cancer-de-cuello-uterino.png\",\"width\":2000,\"height\":1214},{\"@type\":\"BreadcrumbList\",\"@id\":\"https:\\\/\\\/www.alasmedios.com\\\/index.php\\\/2025\\\/11\\\/17\\\/lucha-contra-el-cancer-de-cuello-uterino\\\/#breadcrumb\",\"itemListElement\":[{\"@type\":\"ListItem\",\"position\":1,\"name\":\"Inicio\",\"item\":\"https:\\\/\\\/www.alasmedios.com\\\/\"},{\"@type\":\"ListItem\",\"position\":2,\"name\":\"Lucha contra el c\u00e1ncer de cuello uterino\"}]},{\"@type\":\"WebSite\",\"@id\":\"https:\\\/\\\/www.alasmedios.com\\\/#website\",\"url\":\"https:\\\/\\\/www.alasmedios.com\\\/\",\"name\":\"Alas Medios\",\"description\":\"Alas para pensar, Alas para volar, Alas de libertad\",\"publisher\":{\"@id\":\"https:\\\/\\\/www.alasmedios.com\\\/#organization\"},\"potentialAction\":[{\"@type\":\"SearchAction\",\"target\":{\"@type\":\"EntryPoint\",\"urlTemplate\":\"https:\\\/\\\/www.alasmedios.com\\\/?s={search_term_string}\"},\"query-input\":{\"@type\":\"PropertyValueSpecification\",\"valueRequired\":true,\"valueName\":\"search_term_string\"}}],\"inLanguage\":\"es\"},{\"@type\":\"Organization\",\"@id\":\"https:\\\/\\\/www.alasmedios.com\\\/#organization\",\"name\":\"Alas Medios\",\"url\":\"https:\\\/\\\/www.alasmedios.com\\\/\",\"logo\":{\"@type\":\"ImageObject\",\"inLanguage\":\"es\",\"@id\":\"https:\\\/\\\/www.alasmedios.com\\\/#\\\/schema\\\/logo\\\/image\\\/\",\"url\":\"https:\\\/\\\/www.alasmedios.com\\\/wp-content\\\/uploads\\\/2026\\\/01\\\/cropped-cropped-GAM-1.png\",\"contentUrl\":\"https:\\\/\\\/www.alasmedios.com\\\/wp-content\\\/uploads\\\/2026\\\/01\\\/cropped-cropped-GAM-1.png\",\"width\":467,\"height\":235,\"caption\":\"Alas Medios\"},\"image\":{\"@id\":\"https:\\\/\\\/www.alasmedios.com\\\/#\\\/schema\\\/logo\\\/image\\\/\"}},{\"@type\":\"Person\",\"@id\":\"https:\\\/\\\/www.alasmedios.com\\\/#\\\/schema\\\/person\\\/0ba31bdd19a05ebf5c7fef1fedf99c34\",\"name\":\"Keila Rodr\u00edguez Pe\u00f1a\",\"image\":{\"@type\":\"ImageObject\",\"inLanguage\":\"es\",\"@id\":\"https:\\\/\\\/secure.gravatar.com\\\/avatar\\\/a2553a2bfaa601b9d539b617c8793e151bdffb60f9e48a249912f86d4c9ebeef?s=96&d=mm&r=g\",\"url\":\"https:\\\/\\\/secure.gravatar.com\\\/avatar\\\/a2553a2bfaa601b9d539b617c8793e151bdffb60f9e48a249912f86d4c9ebeef?s=96&d=mm&r=g\",\"contentUrl\":\"https:\\\/\\\/secure.gravatar.com\\\/avatar\\\/a2553a2bfaa601b9d539b617c8793e151bdffb60f9e48a249912f86d4c9ebeef?s=96&d=mm&r=g\",\"caption\":\"Keila Rodr\u00edguez Pe\u00f1a\"},\"sameAs\":[\"http:\\\/\\\/www.alasmedios.com\"],\"url\":\"https:\\\/\\\/www.alasmedios.com\\\/index.php\\\/author\\\/keila\\\/\"}]}<\/script>\r\n<!-- \/ Yoast SEO plugin. -->","yoast_head_json":{"title":"Lucha contra el c\u00e1ncer de cuello uterino - Alas Medios","robots":{"index":"index","follow":"follow","max-snippet":"max-snippet:-1","max-image-preview":"max-image-preview:large","max-video-preview":"max-video-preview:-1"},"canonical":"https:\/\/www.alasmedios.com\/index.php\/2025\/11\/17\/lucha-contra-el-cancer-de-cuello-uterino\/","og_locale":"es_MX","og_type":"article","og_title":"Lucha contra el c\u00e1ncer de cuello uterino - Alas Medios","og_description":"En el marco del D\u00eda de Acci\u00f3n para la Eliminaci\u00f3n del C\u00e1ncer de Cuello Uterino (CaCu), las autoridades sanitarias y","og_url":"https:\/\/www.alasmedios.com\/index.php\/2025\/11\/17\/lucha-contra-el-cancer-de-cuello-uterino\/","og_site_name":"Alas Medios","article_published_time":"2025-11-17T22:10:14+00:00","article_modified_time":"2025-11-17T22:10:15+00:00","og_image":[{"width":1024,"height":622,"url":"https:\/\/www.alasmedios.com\/wp-content\/uploads\/2025\/11\/Lucha-contra-el-cancer-de-cuello-uterino-1024x622.png","type":"image\/png"}],"author":"Keila Rodr\u00edguez Pe\u00f1a","twitter_card":"summary_large_image","twitter_misc":{"Escrito por":"Keila Rodr\u00edguez Pe\u00f1a","Tiempo de lectura":"3 minutos"},"schema":{"@context":"https:\/\/schema.org","@graph":[{"@type":"Article","@id":"https:\/\/www.alasmedios.com\/index.php\/2025\/11\/17\/lucha-contra-el-cancer-de-cuello-uterino\/#article","isPartOf":{"@id":"https:\/\/www.alasmedios.com\/index.php\/2025\/11\/17\/lucha-contra-el-cancer-de-cuello-uterino\/"},"author":{"name":"Keila Rodr\u00edguez Pe\u00f1a","@id":"https:\/\/www.alasmedios.com\/#\/schema\/person\/0ba31bdd19a05ebf5c7fef1fedf99c34"},"headline":"Lucha contra el c\u00e1ncer de cuello uterino","datePublished":"2025-11-17T22:10:14+00:00","dateModified":"2025-11-17T22:10:15+00:00","mainEntityOfPage":{"@id":"https:\/\/www.alasmedios.com\/index.php\/2025\/11\/17\/lucha-contra-el-cancer-de-cuello-uterino\/"},"wordCount":561,"commentCount":0,"publisher":{"@id":"https:\/\/www.alasmedios.com\/#organization"},"image":{"@id":"https:\/\/www.alasmedios.com\/index.php\/2025\/11\/17\/lucha-contra-el-cancer-de-cuello-uterino\/#primaryimage"},"thumbnailUrl":"https:\/\/www.alasmedios.com\/wp-content\/uploads\/2025\/11\/Lucha-contra-el-cancer-de-cuello-uterino.png","keywords":["CaCu","C\u00e1ncer de Cuello Uterino","D\u00eda de Acci\u00f3n para la Eliminaci\u00f3n del C\u00e1ncer de Cuello Uterino","INEGI","Mujeres","personas con \u00fatero","Salud"],"articleSection":["Familia y Bienestar"],"inLanguage":"es","potentialAction":[{"@type":"CommentAction","name":"Comment","target":["https:\/\/www.alasmedios.com\/index.php\/2025\/11\/17\/lucha-contra-el-cancer-de-cuello-uterino\/#respond"]}]},{"@type":"WebPage","@id":"https:\/\/www.alasmedios.com\/index.php\/2025\/11\/17\/lucha-contra-el-cancer-de-cuello-uterino\/","url":"https:\/\/www.alasmedios.com\/index.php\/2025\/11\/17\/lucha-contra-el-cancer-de-cuello-uterino\/","name":"Lucha contra el c\u00e1ncer de cuello uterino - Alas Medios","isPartOf":{"@id":"https:\/\/www.alasmedios.com\/#website"},"primaryImageOfPage":{"@id":"https:\/\/www.alasmedios.com\/index.php\/2025\/11\/17\/lucha-contra-el-cancer-de-cuello-uterino\/#primaryimage"},"image":{"@id":"https:\/\/www.alasmedios.com\/index.php\/2025\/11\/17\/lucha-contra-el-cancer-de-cuello-uterino\/#primaryimage"},"thumbnailUrl":"https:\/\/www.alasmedios.com\/wp-content\/uploads\/2025\/11\/Lucha-contra-el-cancer-de-cuello-uterino.png","datePublished":"2025-11-17T22:10:14+00:00","dateModified":"2025-11-17T22:10:15+00:00","breadcrumb":{"@id":"https:\/\/www.alasmedios.com\/index.php\/2025\/11\/17\/lucha-contra-el-cancer-de-cuello-uterino\/#breadcrumb"},"inLanguage":"es","potentialAction":[{"@type":"ReadAction","target":["https:\/\/www.alasmedios.com\/index.php\/2025\/11\/17\/lucha-contra-el-cancer-de-cuello-uterino\/"]}]},{"@type":"ImageObject","inLanguage":"es","@id":"https:\/\/www.alasmedios.com\/index.php\/2025\/11\/17\/lucha-contra-el-cancer-de-cuello-uterino\/#primaryimage","url":"https:\/\/www.alasmedios.com\/wp-content\/uploads\/2025\/11\/Lucha-contra-el-cancer-de-cuello-uterino.png","contentUrl":"https:\/\/www.alasmedios.com\/wp-content\/uploads\/2025\/11\/Lucha-contra-el-cancer-de-cuello-uterino.png","width":2000,"height":1214},{"@type":"BreadcrumbList","@id":"https:\/\/www.alasmedios.com\/index.php\/2025\/11\/17\/lucha-contra-el-cancer-de-cuello-uterino\/#breadcrumb","itemListElement":[{"@type":"ListItem","position":1,"name":"Inicio","item":"https:\/\/www.alasmedios.com\/"},{"@type":"ListItem","position":2,"name":"Lucha contra el c\u00e1ncer de cuello uterino"}]},{"@type":"WebSite","@id":"https:\/\/www.alasmedios.com\/#website","url":"https:\/\/www.alasmedios.com\/","name":"Alas Medios","description":"Alas para pensar, Alas para volar, Alas de libertad","publisher":{"@id":"https:\/\/www.alasmedios.com\/#organization"},"potentialAction":[{"@type":"SearchAction","target":{"@type":"EntryPoint","urlTemplate":"https:\/\/www.alasmedios.com\/?s={search_term_string}"},"query-input":{"@type":"PropertyValueSpecification","valueRequired":true,"valueName":"search_term_string"}}],"inLanguage":"es"},{"@type":"Organization","@id":"https:\/\/www.alasmedios.com\/#organization","name":"Alas Medios","url":"https:\/\/www.alasmedios.com\/","logo":{"@type":"ImageObject","inLanguage":"es","@id":"https:\/\/www.alasmedios.com\/#\/schema\/logo\/image\/","url":"https:\/\/www.alasmedios.com\/wp-content\/uploads\/2026\/01\/cropped-cropped-GAM-1.png","contentUrl":"https:\/\/www.alasmedios.com\/wp-content\/uploads\/2026\/01\/cropped-cropped-GAM-1.png","width":467,"height":235,"caption":"Alas Medios"},"image":{"@id":"https:\/\/www.alasmedios.com\/#\/schema\/logo\/image\/"}},{"@type":"Person","@id":"https:\/\/www.alasmedios.com\/#\/schema\/person\/0ba31bdd19a05ebf5c7fef1fedf99c34","name":"Keila Rodr\u00edguez Pe\u00f1a","image":{"@type":"ImageObject","inLanguage":"es","@id":"https:\/\/secure.gravatar.com\/avatar\/a2553a2bfaa601b9d539b617c8793e151bdffb60f9e48a249912f86d4c9ebeef?s=96&d=mm&r=g","url":"https:\/\/secure.gravatar.com\/avatar\/a2553a2bfaa601b9d539b617c8793e151bdffb60f9e48a249912f86d4c9ebeef?s=96&d=mm&r=g","contentUrl":"https:\/\/secure.gravatar.com\/avatar\/a2553a2bfaa601b9d539b617c8793e151bdffb60f9e48a249912f86d4c9ebeef?s=96&d=mm&r=g","caption":"Keila Rodr\u00edguez Pe\u00f1a"},"sameAs":["http:\/\/www.alasmedios.com"],"url":"https:\/\/www.alasmedios.com\/index.php\/author\/keila\/"}]}},"_links":{"self":[{"href":"https:\/\/www.alasmedios.com\/index.php\/wp-json\/wp\/v2\/posts\/6866","targetHints":{"allow":["GET"]}}],"collection":[{"href":"https:\/\/www.alasmedios.com\/index.php\/wp-json\/wp\/v2\/posts"}],"about":[{"href":"https:\/\/www.alasmedios.com\/index.php\/wp-json\/wp\/v2\/types\/post"}],"author":[{"embeddable":true,"href":"https:\/\/www.alasmedios.com\/index.php\/wp-json\/wp\/v2\/users\/4"}],"replies":[{"embeddable":true,"href":"https:\/\/www.alasmedios.com\/index.php\/wp-json\/wp\/v2\/comments?post=6866"}],"version-history":[{"count":1,"href":"https:\/\/www.alasmedios.com\/index.php\/wp-json\/wp\/v2\/posts\/6866\/revisions"}],"predecessor-version":[{"id":6868,"href":"https:\/\/www.alasmedios.com\/index.php\/wp-json\/wp\/v2\/posts\/6866\/revisions\/6868"}],"wp:featuredmedia":[{"embeddable":true,"href":"https:\/\/www.alasmedios.com\/index.php\/wp-json\/wp\/v2\/media\/6867"}],"wp:attachment":[{"href":"https:\/\/www.alasmedios.com\/index.php\/wp-json\/wp\/v2\/media?parent=6866"}],"wp:term":[{"taxonomy":"category","embeddable":true,"href":"https:\/\/www.alasmedios.com\/index.php\/wp-json\/wp\/v2\/categories?post=6866"},{"taxonomy":"post_tag","embeddable":true,"href":"https:\/\/www.alasmedios.com\/index.php\/wp-json\/wp\/v2\/tags?post=6866"}],"curies":[{"name":"wp","href":"https:\/\/api.w.org\/{rel}","templated":true}]}}