{"id":6856,"date":"2025-11-15T10:27:48","date_gmt":"2025-11-15T16:27:48","guid":{"rendered":"https:\/\/www.alasmedios.com\/?p=6856"},"modified":"2025-11-15T10:27:50","modified_gmt":"2025-11-15T16:27:50","slug":"safaris-humanos-italia-investiga-a-turistas-que-habrian-pagado-por-matar-en-sarajevo","status":"publish","type":"post","link":"https:\/\/www.alasmedios.com\/index.php\/2025\/11\/15\/safaris-humanos-italia-investiga-a-turistas-que-habrian-pagado-por-matar-en-sarajevo\/","title":{"rendered":"Safaris humanos: Italia investiga a turistas que habr\u00edan pagado por matar en Sarajevo"},"content":{"rendered":"\n<p>La Fiscal\u00eda de Mil\u00e1n investiga un conjunto de acusaciones que, de confirmarse, revelar\u00edan uno de los episodios m\u00e1s oscuros de la <strong>guerra de Bosnia<\/strong>: supuestos <strong>\u201csafaris de francotiradores\u201d<\/strong> en los que turistas pagaban para disparar contra <strong>civiles<\/strong> durante el asedio de <strong>Sarajevo<\/strong> en la d\u00e9cada de 1990.<\/p>\n\n\n\n<p>La denuncia fue presentada por el periodista y novelista <strong>Ezio Gavazzeni<\/strong>, quien describe una aut\u00e9ntica <strong>\u201c<em>cacer\u00eda humana<\/em>\u201d<\/strong> organizada por <strong>\u201c<em>personas muy ricas<\/em>\u201d<\/strong> con afici\u00f3n a las armas, capaces de pagar distintas tarifas por matar a <strong>hombres<\/strong>, <strong>mujeres<\/strong> o <strong>ni\u00f1os<\/strong>. <\/p>\n\n\n\n<h3 class=\"wp-block-heading\">Testimonios y costos<\/h3>\n\n\n\n<p>Gavazzeni afirma que los disparos se realizaban desde posiciones serbias en las colinas que rodeaban la ciudad sitiada, donde murieron m\u00e1s de <strong>11.000 personas<\/strong> durante cuatro a\u00f1os de brutal asedio.<\/p>\n\n\n\n<p>Las pruebas reunidas por el escritor \u2014incluido el testimonio de un <strong>oficial de inteligencia militar bosnio<\/strong>\u2014 est\u00e1n siendo analizadas por el fiscal antiterrorista italiano <strong>Alessandro Gobbis<\/strong>. <\/p>\n\n\n\n<p>CONTIN\u00daA LEYENDO: <a href=\"https:\/\/www.alasmedios.com\/index.php\/2025\/11\/15\/misoginia-interiorizada-lo-llevas-dentro\/\" data-type=\"post\" data-id=\"6853\">Misoginia interiorizada: \u00bflo llevas dentro?<\/a><\/p>\n\n\n\n<p>El oficial asegura que Bosnia supo de estos viajes a finales de 1993 y que la informaci\u00f3n fue enviada al <strong>Sismi<\/strong>, la inteligencia militar italiana, en 1994. <\/p>\n\n\n\n<p>La respuesta lleg\u00f3 meses despu\u00e9s: los turistas volaban desde <strong>Trieste<\/strong> y se mov\u00edan hacia las colinas cercanas a Sarajevo, hasta que los viajes fueron detenidos.<\/p>\n\n\n\n<figure class=\"wp-block-image size-large\"><img loading=\"lazy\" decoding=\"async\" width=\"1024\" height=\"578\" src=\"https:\/\/www.alasmedios.com\/wp-content\/uploads\/2025\/11\/bosnia-1024x578.png\" alt=\"\" class=\"wp-image-6857\" srcset=\"https:\/\/www.alasmedios.com\/wp-content\/uploads\/2025\/11\/bosnia-1024x578.png 1024w, https:\/\/www.alasmedios.com\/wp-content\/uploads\/2025\/11\/bosnia-300x169.png 300w, https:\/\/www.alasmedios.com\/wp-content\/uploads\/2025\/11\/bosnia-768x433.png 768w, https:\/\/www.alasmedios.com\/wp-content\/uploads\/2025\/11\/bosnia-1536x866.png 1536w, https:\/\/www.alasmedios.com\/wp-content\/uploads\/2025\/11\/bosnia-2048x1155.png 2048w\" sizes=\"auto, (max-width: 1024px) 100vw, 1024px\" \/><\/figure>\n\n\n\n<p>Gavazzeni retom\u00f3 el tema d\u00e9cadas despu\u00e9s, motivado por el documental<em> <strong>\u201cSarajevo Safari\u201d<\/strong><\/em> (2022), del director <strong>Miran Zupanic<\/strong>, que denuncia la participaci\u00f3n de extranjeros provenientes de <strong>Canad\u00e1, Estados Unidos<\/strong>, <strong>Rusia<\/strong> e <strong>Italia<\/strong>. Su investigaci\u00f3n deriv\u00f3 en un expediente de <strong>17 p\u00e1ginas<\/strong>, que incluye un informe de la exalcaldesa de Sarajevo <strong>Benjamina Karic<\/strong>.<\/p>\n\n\n\n<p>El periodista sostiene que<em> <strong>\u201cal menos un centenar\u201d<\/strong><\/em> de personas habr\u00edan participado, pagando hasta <strong>US$116.000<\/strong> por estos recorridos, un <em>\u201cturismo de guerra\u201d<\/em> que d\u00e9cadas atr\u00e1s ya hab\u00eda sido insinuado en medios italianos.<\/p>\n\n\n\n<p>La investigaci\u00f3n volvi\u00f3 a cobrar relevancia cuando el portal <strong>Il Giornale<\/strong> revel\u00f3 que los implicados llegaban a la zona en furgonetas, usando sobornos para superar controles y fingiendo portar <strong>ayuda humanitaria<\/strong>, para luego regresar a sus vidas tras un fin de semana de disparos.<\/p>\n\n\n\n<p>TE PUEDE INTERESAR: <a href=\"https:\/\/www.alasmedios.com\/index.php\/2025\/11\/13\/mujeres-de-sudan-sobreviven-entre-el-hambre-la-guerra-y-la-violencia-sexual\/\" data-type=\"post\" data-id=\"6834\">Mujeres de Sud\u00e1n sobreviven entre el hambre, la guerra y la violencia sexual<\/a><\/p>\n\n\n\n<p>Mientras la Fiscal\u00eda y la polic\u00eda italiana identifican posibles testigos, Gavazzeni califica estos hechos como la <strong>\u201cindiferencia del mal\u201d<\/strong>, un recordatorio del horror que a\u00fan busca justicia.<\/p>\n\n\n<ul class=\"wp-block-latest-posts__list is-grid columns-3 wp-block-latest-posts\"><li><div class=\"wp-block-latest-posts__featured-image\"><img loading=\"lazy\" decoding=\"async\" width=\"150\" height=\"150\" src=\"https:\/\/www.alasmedios.com\/wp-content\/uploads\/2026\/05\/Hidalgo-viene-un-respiro-con-el-frente-frio-48-150x150.png\" class=\"attachment-thumbnail size-thumbnail wp-post-image\" alt=\"\" style=\"\" \/><\/div><a class=\"wp-block-latest-posts__post-title\" href=\"https:\/\/www.alasmedios.com\/index.php\/2026\/05\/01\/frente-frio-48-un-alivio-asi-impactara-en-hidalgo\/\">Frente fr\u00edo 48, un alivio: as\u00ed impactar\u00e1 en Hidalgo<\/a><\/li>\n<li><div class=\"wp-block-latest-posts__featured-image\"><img loading=\"lazy\" decoding=\"async\" width=\"150\" height=\"150\" src=\"https:\/\/www.alasmedios.com\/wp-content\/uploads\/2026\/05\/mujeres-depresion-posparto-150x150.png\" class=\"attachment-thumbnail size-thumbnail wp-post-image\" alt=\"\" style=\"\" \/><\/div><a class=\"wp-block-latest-posts__post-title\" href=\"https:\/\/www.alasmedios.com\/index.php\/2026\/05\/01\/1-de-cada-15-mujeres-sufre-depresion-posparto\/\">1 de cada 15 mujeres sufre depresi\u00f3n posparto<\/a><\/li>\n<li><div class=\"wp-block-latest-posts__featured-image\"><img loading=\"lazy\" decoding=\"async\" width=\"150\" height=\"150\" src=\"https:\/\/www.alasmedios.com\/wp-content\/uploads\/2026\/05\/USEP-calidad-hospitalaria-150x150.jpeg\" class=\"attachment-thumbnail size-thumbnail wp-post-image\" alt=\"\" style=\"\" \/><\/div><a class=\"wp-block-latest-posts__post-title\" href=\"https:\/\/www.alasmedios.com\/index.php\/2026\/05\/01\/usep-activa-formacion-para-prevenir-riesgos-en-la-atencion-medica\/\">USEP activa formaci\u00f3n para prevenir riesgos en la atenci\u00f3n m\u00e9dica<\/a><\/li>\n<\/ul>","protected":false},"excerpt":{"rendered":"<p>La Fiscal\u00eda de Mil\u00e1n investiga un conjunto de acusaciones que, de confirmarse, revelar\u00edan uno de los episodios m\u00e1s oscuros de<\/p>\n","protected":false},"author":4,"featured_media":6858,"comment_status":"open","ping_status":"open","sticky":false,"template":"","format":"standard","meta":{"colormag_page_container_layout":"default_layout","colormag_page_sidebar_layout":"default_layout","rop_custom_images_group":[],"rop_custom_messages_group":[],"rop_publish_now":"initial","rop_publish_now_accounts":[],"rop_publish_now_history":[],"rop_publish_now_status":"pending","iawp_total_views":0,"footnotes":""},"categories":[45],"tags":[3026,3028,704,456,757,180,1746,3027,1948,3029],"class_list":["post-6856","post","type-post","status-publish","format-standard","has-post-thumbnail","hentry","category-ellas-dicen","tag-bosnia","tag-caceria-humana","tag-canada","tag-derechos","tag-estados-unidos","tag-guerra","tag-italia","tag-milan","tag-rusia","tag-safaris-humanos"],"magazineBlocksPostFeaturedMedia":{"thumbnail":"https:\/\/www.alasmedios.com\/wp-content\/uploads\/2025\/11\/Safaris-humanos-Italia-investiga-a-turistas-que-habrian-pagado-por-matar-en-Sarajevo-150x150.png","medium":"https:\/\/www.alasmedios.com\/wp-content\/uploads\/2025\/11\/Safaris-humanos-Italia-investiga-a-turistas-que-habrian-pagado-por-matar-en-Sarajevo-300x182.png","medium_large":"https:\/\/www.alasmedios.com\/wp-content\/uploads\/2025\/11\/Safaris-humanos-Italia-investiga-a-turistas-que-habrian-pagado-por-matar-en-Sarajevo-768x466.png","large":"https:\/\/www.alasmedios.com\/wp-content\/uploads\/2025\/11\/Safaris-humanos-Italia-investiga-a-turistas-que-habrian-pagado-por-matar-en-Sarajevo-1024x622.png","1536x1536":"https:\/\/www.alasmedios.com\/wp-content\/uploads\/2025\/11\/Safaris-humanos-Italia-investiga-a-turistas-que-habrian-pagado-por-matar-en-Sarajevo-1536x932.png","2048x2048":"https:\/\/www.alasmedios.com\/wp-content\/uploads\/2025\/11\/Safaris-humanos-Italia-investiga-a-turistas-que-habrian-pagado-por-matar-en-Sarajevo.png","colormag-highlighted-post":"https:\/\/www.alasmedios.com\/wp-content\/uploads\/2025\/11\/Safaris-humanos-Italia-investiga-a-turistas-que-habrian-pagado-por-matar-en-Sarajevo-392x272.png","colormag-featured-post-medium":"https:\/\/www.alasmedios.com\/wp-content\/uploads\/2025\/11\/Safaris-humanos-Italia-investiga-a-turistas-que-habrian-pagado-por-matar-en-Sarajevo-390x205.png","colormag-featured-post-small":"https:\/\/www.alasmedios.com\/wp-content\/uploads\/2025\/11\/Safaris-humanos-Italia-investiga-a-turistas-que-habrian-pagado-por-matar-en-Sarajevo-130x90.png","colormag-featured-image":"https:\/\/www.alasmedios.com\/wp-content\/uploads\/2025\/11\/Safaris-humanos-Italia-investiga-a-turistas-que-habrian-pagado-por-matar-en-Sarajevo-800x445.png","colormag-default-news":"https:\/\/www.alasmedios.com\/wp-content\/uploads\/2025\/11\/Safaris-humanos-Italia-investiga-a-turistas-que-habrian-pagado-por-matar-en-Sarajevo-150x150.png","colormag-featured-image-large":"https:\/\/www.alasmedios.com\/wp-content\/uploads\/2025\/11\/Safaris-humanos-Italia-investiga-a-turistas-que-habrian-pagado-por-matar-en-Sarajevo-1400x600.png"},"magazineBlocksPostAuthor":{"name":"Keila Rodr\u00edguez Pe\u00f1a","avatar":"https:\/\/secure.gravatar.com\/avatar\/a2553a2bfaa601b9d539b617c8793e151bdffb60f9e48a249912f86d4c9ebeef?s=96&d=mm&r=g"},"magazineBlocksPostCommentsNumber":"0","magazineBlocksPostExcerpt":"La Fiscal\u00eda de Mil\u00e1n investiga un conjunto de acusaciones que, de confirmarse, revelar\u00edan uno de los episodios m\u00e1s oscuros de","magazineBlocksPostCategories":["Ellas Dicen"],"magazineBlocksPostViewCount":215,"magazineBlocksPostReadTime":2,"magazine_blocks_featured_image_url":{"full":["https:\/\/www.alasmedios.com\/wp-content\/uploads\/2025\/11\/Safaris-humanos-Italia-investiga-a-turistas-que-habrian-pagado-por-matar-en-Sarajevo.png",2000,1214,false],"medium":["https:\/\/www.alasmedios.com\/wp-content\/uploads\/2025\/11\/Safaris-humanos-Italia-investiga-a-turistas-que-habrian-pagado-por-matar-en-Sarajevo-300x182.png",300,182,true],"thumbnail":["https:\/\/www.alasmedios.com\/wp-content\/uploads\/2025\/11\/Safaris-humanos-Italia-investiga-a-turistas-que-habrian-pagado-por-matar-en-Sarajevo-150x150.png",150,150,true]},"magazine_blocks_author":{"display_name":"Keila Rodr\u00edguez Pe\u00f1a","author_link":"https:\/\/www.alasmedios.com\/index.php\/author\/keila\/"},"magazine_blocks_comment":0,"magazine_blocks_author_image":"https:\/\/secure.gravatar.com\/avatar\/a2553a2bfaa601b9d539b617c8793e151bdffb60f9e48a249912f86d4c9ebeef?s=96&d=mm&r=g","magazine_blocks_category":"<a href=\"#\" class=\"category-link category-link-45\">Ellas Dicen<\/a>","yoast_head":"<!-- This site is optimized with the Yoast SEO plugin v27.5 - https:\/\/yoast.com\/product\/yoast-seo-wordpress\/ -->\r\n<title>Safaris humanos: Italia investiga a turistas que habr\u00edan pagado por matar en Sarajevo - Alas Medios<\/title>\r\n<meta name=\"robots\" content=\"index, follow, max-snippet:-1, max-image-preview:large, max-video-preview:-1\" \/>\r\n<link rel=\"canonical\" href=\"https:\/\/www.alasmedios.com\/index.php\/2025\/11\/15\/safaris-humanos-italia-investiga-a-turistas-que-habrian-pagado-por-matar-en-sarajevo\/\" \/>\r\n<meta property=\"og:locale\" content=\"es_MX\" \/>\r\n<meta property=\"og:type\" content=\"article\" \/>\r\n<meta property=\"og:title\" content=\"Safaris humanos: Italia investiga a turistas que habr\u00edan pagado por matar en Sarajevo - Alas Medios\" \/>\r\n<meta property=\"og:description\" content=\"La Fiscal\u00eda de Mil\u00e1n investiga un conjunto de acusaciones que, de confirmarse, revelar\u00edan uno de los episodios m\u00e1s oscuros de\" \/>\r\n<meta property=\"og:url\" content=\"https:\/\/www.alasmedios.com\/index.php\/2025\/11\/15\/safaris-humanos-italia-investiga-a-turistas-que-habrian-pagado-por-matar-en-sarajevo\/\" \/>\r\n<meta property=\"og:site_name\" content=\"Alas Medios\" \/>\r\n<meta property=\"article:published_time\" content=\"2025-11-15T16:27:48+00:00\" \/>\r\n<meta property=\"article:modified_time\" content=\"2025-11-15T16:27:50+00:00\" \/>\r\n<meta property=\"og:image\" content=\"https:\/\/www.alasmedios.com\/wp-content\/uploads\/2025\/11\/Safaris-humanos-Italia-investiga-a-turistas-que-habrian-pagado-por-matar-en-Sarajevo.png\" \/>\r\n\t<meta property=\"og:image:width\" content=\"2000\" \/>\r\n\t<meta property=\"og:image:height\" content=\"1214\" \/>\r\n\t<meta property=\"og:image:type\" content=\"image\/png\" \/>\r\n<meta name=\"author\" content=\"Keila Rodr\u00edguez Pe\u00f1a\" \/>\r\n<meta name=\"twitter:card\" content=\"summary_large_image\" \/>\r\n<meta name=\"twitter:label1\" content=\"Escrito por\" \/>\n\t<meta name=\"twitter:data1\" content=\"Keila Rodr\u00edguez Pe\u00f1a\" \/>\n\t<meta name=\"twitter:label2\" content=\"Tiempo de lectura\" \/>\n\t<meta name=\"twitter:data2\" content=\"2 minutos\" \/>\r\n<script type=\"application\/ld+json\" class=\"yoast-schema-graph\">{\"@context\":\"https:\\\/\\\/schema.org\",\"@graph\":[{\"@type\":\"Article\",\"@id\":\"https:\\\/\\\/www.alasmedios.com\\\/index.php\\\/2025\\\/11\\\/15\\\/safaris-humanos-italia-investiga-a-turistas-que-habrian-pagado-por-matar-en-sarajevo\\\/#article\",\"isPartOf\":{\"@id\":\"https:\\\/\\\/www.alasmedios.com\\\/index.php\\\/2025\\\/11\\\/15\\\/safaris-humanos-italia-investiga-a-turistas-que-habrian-pagado-por-matar-en-sarajevo\\\/\"},\"author\":{\"name\":\"Keila Rodr\u00edguez Pe\u00f1a\",\"@id\":\"https:\\\/\\\/www.alasmedios.com\\\/#\\\/schema\\\/person\\\/0ba31bdd19a05ebf5c7fef1fedf99c34\"},\"headline\":\"Safaris humanos: Italia investiga a turistas que habr\u00edan pagado por matar en Sarajevo\",\"datePublished\":\"2025-11-15T16:27:48+00:00\",\"dateModified\":\"2025-11-15T16:27:50+00:00\",\"mainEntityOfPage\":{\"@id\":\"https:\\\/\\\/www.alasmedios.com\\\/index.php\\\/2025\\\/11\\\/15\\\/safaris-humanos-italia-investiga-a-turistas-que-habrian-pagado-por-matar-en-sarajevo\\\/\"},\"wordCount\":412,\"commentCount\":0,\"publisher\":{\"@id\":\"https:\\\/\\\/www.alasmedios.com\\\/#organization\"},\"image\":{\"@id\":\"https:\\\/\\\/www.alasmedios.com\\\/index.php\\\/2025\\\/11\\\/15\\\/safaris-humanos-italia-investiga-a-turistas-que-habrian-pagado-por-matar-en-sarajevo\\\/#primaryimage\"},\"thumbnailUrl\":\"https:\\\/\\\/www.alasmedios.com\\\/wp-content\\\/uploads\\\/2025\\\/11\\\/Safaris-humanos-Italia-investiga-a-turistas-que-habrian-pagado-por-matar-en-Sarajevo.png\",\"keywords\":[\"Bosnia\",\"cacer\u00eda humana\",\"Canad\u00e1\",\"derechos\",\"Estados Unidos\",\"guerra\",\"Italia\",\"Mil\u00e1n\",\"Rusia\",\"Safaris humanos\"],\"articleSection\":[\"Ellas Dicen\"],\"inLanguage\":\"es\",\"potentialAction\":[{\"@type\":\"CommentAction\",\"name\":\"Comment\",\"target\":[\"https:\\\/\\\/www.alasmedios.com\\\/index.php\\\/2025\\\/11\\\/15\\\/safaris-humanos-italia-investiga-a-turistas-que-habrian-pagado-por-matar-en-sarajevo\\\/#respond\"]}]},{\"@type\":\"WebPage\",\"@id\":\"https:\\\/\\\/www.alasmedios.com\\\/index.php\\\/2025\\\/11\\\/15\\\/safaris-humanos-italia-investiga-a-turistas-que-habrian-pagado-por-matar-en-sarajevo\\\/\",\"url\":\"https:\\\/\\\/www.alasmedios.com\\\/index.php\\\/2025\\\/11\\\/15\\\/safaris-humanos-italia-investiga-a-turistas-que-habrian-pagado-por-matar-en-sarajevo\\\/\",\"name\":\"Safaris humanos: Italia investiga a turistas que habr\u00edan pagado por matar en Sarajevo - Alas Medios\",\"isPartOf\":{\"@id\":\"https:\\\/\\\/www.alasmedios.com\\\/#website\"},\"primaryImageOfPage\":{\"@id\":\"https:\\\/\\\/www.alasmedios.com\\\/index.php\\\/2025\\\/11\\\/15\\\/safaris-humanos-italia-investiga-a-turistas-que-habrian-pagado-por-matar-en-sarajevo\\\/#primaryimage\"},\"image\":{\"@id\":\"https:\\\/\\\/www.alasmedios.com\\\/index.php\\\/2025\\\/11\\\/15\\\/safaris-humanos-italia-investiga-a-turistas-que-habrian-pagado-por-matar-en-sarajevo\\\/#primaryimage\"},\"thumbnailUrl\":\"https:\\\/\\\/www.alasmedios.com\\\/wp-content\\\/uploads\\\/2025\\\/11\\\/Safaris-humanos-Italia-investiga-a-turistas-que-habrian-pagado-por-matar-en-Sarajevo.png\",\"datePublished\":\"2025-11-15T16:27:48+00:00\",\"dateModified\":\"2025-11-15T16:27:50+00:00\",\"breadcrumb\":{\"@id\":\"https:\\\/\\\/www.alasmedios.com\\\/index.php\\\/2025\\\/11\\\/15\\\/safaris-humanos-italia-investiga-a-turistas-que-habrian-pagado-por-matar-en-sarajevo\\\/#breadcrumb\"},\"inLanguage\":\"es\",\"potentialAction\":[{\"@type\":\"ReadAction\",\"target\":[\"https:\\\/\\\/www.alasmedios.com\\\/index.php\\\/2025\\\/11\\\/15\\\/safaris-humanos-italia-investiga-a-turistas-que-habrian-pagado-por-matar-en-sarajevo\\\/\"]}]},{\"@type\":\"ImageObject\",\"inLanguage\":\"es\",\"@id\":\"https:\\\/\\\/www.alasmedios.com\\\/index.php\\\/2025\\\/11\\\/15\\\/safaris-humanos-italia-investiga-a-turistas-que-habrian-pagado-por-matar-en-sarajevo\\\/#primaryimage\",\"url\":\"https:\\\/\\\/www.alasmedios.com\\\/wp-content\\\/uploads\\\/2025\\\/11\\\/Safaris-humanos-Italia-investiga-a-turistas-que-habrian-pagado-por-matar-en-Sarajevo.png\",\"contentUrl\":\"https:\\\/\\\/www.alasmedios.com\\\/wp-content\\\/uploads\\\/2025\\\/11\\\/Safaris-humanos-Italia-investiga-a-turistas-que-habrian-pagado-por-matar-en-Sarajevo.png\",\"width\":2000,\"height\":1214},{\"@type\":\"BreadcrumbList\",\"@id\":\"https:\\\/\\\/www.alasmedios.com\\\/index.php\\\/2025\\\/11\\\/15\\\/safaris-humanos-italia-investiga-a-turistas-que-habrian-pagado-por-matar-en-sarajevo\\\/#breadcrumb\",\"itemListElement\":[{\"@type\":\"ListItem\",\"position\":1,\"name\":\"Inicio\",\"item\":\"https:\\\/\\\/www.alasmedios.com\\\/\"},{\"@type\":\"ListItem\",\"position\":2,\"name\":\"Safaris humanos: Italia investiga a turistas que habr\u00edan pagado por matar en Sarajevo\"}]},{\"@type\":\"WebSite\",\"@id\":\"https:\\\/\\\/www.alasmedios.com\\\/#website\",\"url\":\"https:\\\/\\\/www.alasmedios.com\\\/\",\"name\":\"Alas Medios\",\"description\":\"Alas para pensar, Alas para volar, Alas de libertad\",\"publisher\":{\"@id\":\"https:\\\/\\\/www.alasmedios.com\\\/#organization\"},\"potentialAction\":[{\"@type\":\"SearchAction\",\"target\":{\"@type\":\"EntryPoint\",\"urlTemplate\":\"https:\\\/\\\/www.alasmedios.com\\\/?s={search_term_string}\"},\"query-input\":{\"@type\":\"PropertyValueSpecification\",\"valueRequired\":true,\"valueName\":\"search_term_string\"}}],\"inLanguage\":\"es\"},{\"@type\":\"Organization\",\"@id\":\"https:\\\/\\\/www.alasmedios.com\\\/#organization\",\"name\":\"Alas Medios\",\"url\":\"https:\\\/\\\/www.alasmedios.com\\\/\",\"logo\":{\"@type\":\"ImageObject\",\"inLanguage\":\"es\",\"@id\":\"https:\\\/\\\/www.alasmedios.com\\\/#\\\/schema\\\/logo\\\/image\\\/\",\"url\":\"https:\\\/\\\/www.alasmedios.com\\\/wp-content\\\/uploads\\\/2026\\\/01\\\/cropped-cropped-GAM-1.png\",\"contentUrl\":\"https:\\\/\\\/www.alasmedios.com\\\/wp-content\\\/uploads\\\/2026\\\/01\\\/cropped-cropped-GAM-1.png\",\"width\":467,\"height\":235,\"caption\":\"Alas Medios\"},\"image\":{\"@id\":\"https:\\\/\\\/www.alasmedios.com\\\/#\\\/schema\\\/logo\\\/image\\\/\"}},{\"@type\":\"Person\",\"@id\":\"https:\\\/\\\/www.alasmedios.com\\\/#\\\/schema\\\/person\\\/0ba31bdd19a05ebf5c7fef1fedf99c34\",\"name\":\"Keila Rodr\u00edguez Pe\u00f1a\",\"image\":{\"@type\":\"ImageObject\",\"inLanguage\":\"es\",\"@id\":\"https:\\\/\\\/secure.gravatar.com\\\/avatar\\\/a2553a2bfaa601b9d539b617c8793e151bdffb60f9e48a249912f86d4c9ebeef?s=96&d=mm&r=g\",\"url\":\"https:\\\/\\\/secure.gravatar.com\\\/avatar\\\/a2553a2bfaa601b9d539b617c8793e151bdffb60f9e48a249912f86d4c9ebeef?s=96&d=mm&r=g\",\"contentUrl\":\"https:\\\/\\\/secure.gravatar.com\\\/avatar\\\/a2553a2bfaa601b9d539b617c8793e151bdffb60f9e48a249912f86d4c9ebeef?s=96&d=mm&r=g\",\"caption\":\"Keila Rodr\u00edguez Pe\u00f1a\"},\"sameAs\":[\"http:\\\/\\\/www.alasmedios.com\"],\"url\":\"https:\\\/\\\/www.alasmedios.com\\\/index.php\\\/author\\\/keila\\\/\"}]}<\/script>\r\n<!-- \/ Yoast SEO plugin. -->","yoast_head_json":{"title":"Safaris humanos: Italia investiga a turistas que habr\u00edan pagado por matar en Sarajevo - Alas Medios","robots":{"index":"index","follow":"follow","max-snippet":"max-snippet:-1","max-image-preview":"max-image-preview:large","max-video-preview":"max-video-preview:-1"},"canonical":"https:\/\/www.alasmedios.com\/index.php\/2025\/11\/15\/safaris-humanos-italia-investiga-a-turistas-que-habrian-pagado-por-matar-en-sarajevo\/","og_locale":"es_MX","og_type":"article","og_title":"Safaris humanos: Italia investiga a turistas que habr\u00edan pagado por matar en Sarajevo - Alas Medios","og_description":"La Fiscal\u00eda de Mil\u00e1n investiga un conjunto de acusaciones que, de confirmarse, revelar\u00edan uno de los episodios m\u00e1s oscuros de","og_url":"https:\/\/www.alasmedios.com\/index.php\/2025\/11\/15\/safaris-humanos-italia-investiga-a-turistas-que-habrian-pagado-por-matar-en-sarajevo\/","og_site_name":"Alas Medios","article_published_time":"2025-11-15T16:27:48+00:00","article_modified_time":"2025-11-15T16:27:50+00:00","og_image":[{"width":2000,"height":1214,"url":"https:\/\/www.alasmedios.com\/wp-content\/uploads\/2025\/11\/Safaris-humanos-Italia-investiga-a-turistas-que-habrian-pagado-por-matar-en-Sarajevo.png","type":"image\/png"}],"author":"Keila Rodr\u00edguez Pe\u00f1a","twitter_card":"summary_large_image","twitter_misc":{"Escrito por":"Keila Rodr\u00edguez Pe\u00f1a","Tiempo de lectura":"2 minutos"},"schema":{"@context":"https:\/\/schema.org","@graph":[{"@type":"Article","@id":"https:\/\/www.alasmedios.com\/index.php\/2025\/11\/15\/safaris-humanos-italia-investiga-a-turistas-que-habrian-pagado-por-matar-en-sarajevo\/#article","isPartOf":{"@id":"https:\/\/www.alasmedios.com\/index.php\/2025\/11\/15\/safaris-humanos-italia-investiga-a-turistas-que-habrian-pagado-por-matar-en-sarajevo\/"},"author":{"name":"Keila Rodr\u00edguez Pe\u00f1a","@id":"https:\/\/www.alasmedios.com\/#\/schema\/person\/0ba31bdd19a05ebf5c7fef1fedf99c34"},"headline":"Safaris humanos: Italia investiga a turistas que habr\u00edan pagado por matar en Sarajevo","datePublished":"2025-11-15T16:27:48+00:00","dateModified":"2025-11-15T16:27:50+00:00","mainEntityOfPage":{"@id":"https:\/\/www.alasmedios.com\/index.php\/2025\/11\/15\/safaris-humanos-italia-investiga-a-turistas-que-habrian-pagado-por-matar-en-sarajevo\/"},"wordCount":412,"commentCount":0,"publisher":{"@id":"https:\/\/www.alasmedios.com\/#organization"},"image":{"@id":"https:\/\/www.alasmedios.com\/index.php\/2025\/11\/15\/safaris-humanos-italia-investiga-a-turistas-que-habrian-pagado-por-matar-en-sarajevo\/#primaryimage"},"thumbnailUrl":"https:\/\/www.alasmedios.com\/wp-content\/uploads\/2025\/11\/Safaris-humanos-Italia-investiga-a-turistas-que-habrian-pagado-por-matar-en-Sarajevo.png","keywords":["Bosnia","cacer\u00eda humana","Canad\u00e1","derechos","Estados Unidos","guerra","Italia","Mil\u00e1n","Rusia","Safaris humanos"],"articleSection":["Ellas Dicen"],"inLanguage":"es","potentialAction":[{"@type":"CommentAction","name":"Comment","target":["https:\/\/www.alasmedios.com\/index.php\/2025\/11\/15\/safaris-humanos-italia-investiga-a-turistas-que-habrian-pagado-por-matar-en-sarajevo\/#respond"]}]},{"@type":"WebPage","@id":"https:\/\/www.alasmedios.com\/index.php\/2025\/11\/15\/safaris-humanos-italia-investiga-a-turistas-que-habrian-pagado-por-matar-en-sarajevo\/","url":"https:\/\/www.alasmedios.com\/index.php\/2025\/11\/15\/safaris-humanos-italia-investiga-a-turistas-que-habrian-pagado-por-matar-en-sarajevo\/","name":"Safaris humanos: Italia investiga a turistas que habr\u00edan pagado por matar en Sarajevo - Alas Medios","isPartOf":{"@id":"https:\/\/www.alasmedios.com\/#website"},"primaryImageOfPage":{"@id":"https:\/\/www.alasmedios.com\/index.php\/2025\/11\/15\/safaris-humanos-italia-investiga-a-turistas-que-habrian-pagado-por-matar-en-sarajevo\/#primaryimage"},"image":{"@id":"https:\/\/www.alasmedios.com\/index.php\/2025\/11\/15\/safaris-humanos-italia-investiga-a-turistas-que-habrian-pagado-por-matar-en-sarajevo\/#primaryimage"},"thumbnailUrl":"https:\/\/www.alasmedios.com\/wp-content\/uploads\/2025\/11\/Safaris-humanos-Italia-investiga-a-turistas-que-habrian-pagado-por-matar-en-Sarajevo.png","datePublished":"2025-11-15T16:27:48+00:00","dateModified":"2025-11-15T16:27:50+00:00","breadcrumb":{"@id":"https:\/\/www.alasmedios.com\/index.php\/2025\/11\/15\/safaris-humanos-italia-investiga-a-turistas-que-habrian-pagado-por-matar-en-sarajevo\/#breadcrumb"},"inLanguage":"es","potentialAction":[{"@type":"ReadAction","target":["https:\/\/www.alasmedios.com\/index.php\/2025\/11\/15\/safaris-humanos-italia-investiga-a-turistas-que-habrian-pagado-por-matar-en-sarajevo\/"]}]},{"@type":"ImageObject","inLanguage":"es","@id":"https:\/\/www.alasmedios.com\/index.php\/2025\/11\/15\/safaris-humanos-italia-investiga-a-turistas-que-habrian-pagado-por-matar-en-sarajevo\/#primaryimage","url":"https:\/\/www.alasmedios.com\/wp-content\/uploads\/2025\/11\/Safaris-humanos-Italia-investiga-a-turistas-que-habrian-pagado-por-matar-en-Sarajevo.png","contentUrl":"https:\/\/www.alasmedios.com\/wp-content\/uploads\/2025\/11\/Safaris-humanos-Italia-investiga-a-turistas-que-habrian-pagado-por-matar-en-Sarajevo.png","width":2000,"height":1214},{"@type":"BreadcrumbList","@id":"https:\/\/www.alasmedios.com\/index.php\/2025\/11\/15\/safaris-humanos-italia-investiga-a-turistas-que-habrian-pagado-por-matar-en-sarajevo\/#breadcrumb","itemListElement":[{"@type":"ListItem","position":1,"name":"Inicio","item":"https:\/\/www.alasmedios.com\/"},{"@type":"ListItem","position":2,"name":"Safaris humanos: Italia investiga a turistas que habr\u00edan pagado por matar en Sarajevo"}]},{"@type":"WebSite","@id":"https:\/\/www.alasmedios.com\/#website","url":"https:\/\/www.alasmedios.com\/","name":"Alas Medios","description":"Alas para pensar, Alas para volar, Alas de libertad","publisher":{"@id":"https:\/\/www.alasmedios.com\/#organization"},"potentialAction":[{"@type":"SearchAction","target":{"@type":"EntryPoint","urlTemplate":"https:\/\/www.alasmedios.com\/?s={search_term_string}"},"query-input":{"@type":"PropertyValueSpecification","valueRequired":true,"valueName":"search_term_string"}}],"inLanguage":"es"},{"@type":"Organization","@id":"https:\/\/www.alasmedios.com\/#organization","name":"Alas Medios","url":"https:\/\/www.alasmedios.com\/","logo":{"@type":"ImageObject","inLanguage":"es","@id":"https:\/\/www.alasmedios.com\/#\/schema\/logo\/image\/","url":"https:\/\/www.alasmedios.com\/wp-content\/uploads\/2026\/01\/cropped-cropped-GAM-1.png","contentUrl":"https:\/\/www.alasmedios.com\/wp-content\/uploads\/2026\/01\/cropped-cropped-GAM-1.png","width":467,"height":235,"caption":"Alas Medios"},"image":{"@id":"https:\/\/www.alasmedios.com\/#\/schema\/logo\/image\/"}},{"@type":"Person","@id":"https:\/\/www.alasmedios.com\/#\/schema\/person\/0ba31bdd19a05ebf5c7fef1fedf99c34","name":"Keila Rodr\u00edguez Pe\u00f1a","image":{"@type":"ImageObject","inLanguage":"es","@id":"https:\/\/secure.gravatar.com\/avatar\/a2553a2bfaa601b9d539b617c8793e151bdffb60f9e48a249912f86d4c9ebeef?s=96&d=mm&r=g","url":"https:\/\/secure.gravatar.com\/avatar\/a2553a2bfaa601b9d539b617c8793e151bdffb60f9e48a249912f86d4c9ebeef?s=96&d=mm&r=g","contentUrl":"https:\/\/secure.gravatar.com\/avatar\/a2553a2bfaa601b9d539b617c8793e151bdffb60f9e48a249912f86d4c9ebeef?s=96&d=mm&r=g","caption":"Keila Rodr\u00edguez Pe\u00f1a"},"sameAs":["http:\/\/www.alasmedios.com"],"url":"https:\/\/www.alasmedios.com\/index.php\/author\/keila\/"}]}},"_links":{"self":[{"href":"https:\/\/www.alasmedios.com\/index.php\/wp-json\/wp\/v2\/posts\/6856","targetHints":{"allow":["GET"]}}],"collection":[{"href":"https:\/\/www.alasmedios.com\/index.php\/wp-json\/wp\/v2\/posts"}],"about":[{"href":"https:\/\/www.alasmedios.com\/index.php\/wp-json\/wp\/v2\/types\/post"}],"author":[{"embeddable":true,"href":"https:\/\/www.alasmedios.com\/index.php\/wp-json\/wp\/v2\/users\/4"}],"replies":[{"embeddable":true,"href":"https:\/\/www.alasmedios.com\/index.php\/wp-json\/wp\/v2\/comments?post=6856"}],"version-history":[{"count":1,"href":"https:\/\/www.alasmedios.com\/index.php\/wp-json\/wp\/v2\/posts\/6856\/revisions"}],"predecessor-version":[{"id":6859,"href":"https:\/\/www.alasmedios.com\/index.php\/wp-json\/wp\/v2\/posts\/6856\/revisions\/6859"}],"wp:featuredmedia":[{"embeddable":true,"href":"https:\/\/www.alasmedios.com\/index.php\/wp-json\/wp\/v2\/media\/6858"}],"wp:attachment":[{"href":"https:\/\/www.alasmedios.com\/index.php\/wp-json\/wp\/v2\/media?parent=6856"}],"wp:term":[{"taxonomy":"category","embeddable":true,"href":"https:\/\/www.alasmedios.com\/index.php\/wp-json\/wp\/v2\/categories?post=6856"},{"taxonomy":"post_tag","embeddable":true,"href":"https:\/\/www.alasmedios.com\/index.php\/wp-json\/wp\/v2\/tags?post=6856"}],"curies":[{"name":"wp","href":"https:\/\/api.w.org\/{rel}","templated":true}]}}