{"id":6842,"date":"2025-11-14T08:43:00","date_gmt":"2025-11-14T14:43:00","guid":{"rendered":"https:\/\/www.alasmedios.com\/?p=6842"},"modified":"2025-11-14T15:08:23","modified_gmt":"2025-11-14T21:08:23","slug":"alerta-en-hidalgo-crecen-los-casos-de-diabetes-pero-tambien-la-deteccion-temprana","status":"publish","type":"post","link":"https:\/\/www.alasmedios.com\/index.php\/2025\/11\/14\/alerta-en-hidalgo-crecen-los-casos-de-diabetes-pero-tambien-la-deteccion-temprana\/","title":{"rendered":"Alerta en Hidalgo: crecen los casos de diabetes, pero tambi\u00e9n la detecci\u00f3n temprana"},"content":{"rendered":"\n<p>En <strong>Hidalgo<\/strong>, la <strong>diabetes<\/strong> contin\u00faa siendo una de las principales amenazas para la salud p\u00fablica. Solo entre 2024 y 2025, los <strong>casos de diabetes tipo 1<\/strong> aumentaron de <strong>21 a 32<\/strong>, un incremento del <strong>52.4 %<\/strong>, de acuerdo con el <strong>Sistema Nacional de Vigilancia Epidemiol\u00f3gica (SINAVE)<\/strong>.<\/p>\n\n\n\n<p>Los municipios con m\u00e1s registros son <strong>San Bartolo Tutotepec<\/strong>, <strong>Huejutla de Reyes<\/strong>, <strong>Pachuca de Soto<\/strong>, <strong>Tulancingo<\/strong>, <strong>Zacualtip\u00e1n<\/strong> y <strong>Zimap\u00e1n<\/strong>. Aunque el aumento es notorio, especialistas aclaran que no necesariamente implica m\u00e1s enfermos, sino <strong>mayor cobertura en detecci\u00f3n y atenci\u00f3n m\u00e9dica<\/strong>.<\/p>\n\n\n\n<p>En cuanto a la <strong>diabetes tipo 2<\/strong>, la m\u00e1s com\u00fan, se reportan <strong>m\u00e1s de 9 mil 600 casos<\/strong> tanto en 2024 como en 2025. <strong>Pachuca<\/strong>, <strong>Tulancingo<\/strong> y <strong>Tula de Allende<\/strong> encabezan la lista de municipios con mayor incidencia.<\/p>\n\n\n\n<iframe loading=\"lazy\" src=\"https:\/\/www.facebook.com\/plugins\/video.php?height=476&#038;href=https%3A%2F%2Fwww.facebook.com%2Freel%2F857225030035957%2F&#038;show_text=false&#038;width=267&#038;t=0\" width=\"267\" height=\"476\" style=\"border:none;overflow:hidden\" scrolling=\"no\" frameborder=\"0\" allowfullscreen=\"true\" allow=\"autoplay; clipboard-write; encrypted-media; picture-in-picture; web-share\" allowFullScreen=\"true\"><\/iframe>\n\n\n\n<p>CONTIN\u00daA LEYENDO: <a href=\"https:\/\/www.alasmedios.com\/index.php\/2025\/11\/13\/hidalgo-impulsa-la-participacion-de-mujeres-en-la-ciencia-con-alianzas-internacionales\/\" data-type=\"post\" data-id=\"6840\">Hidalgo impulsa la participaci\u00f3n de mujeres en la ciencia con alianzas internacionales<\/a><\/p>\n\n\n\n<p>Entre <strong>2015 y 2025<\/strong>, los municipios con <strong>m\u00e1s muertes por diabetes<\/strong> son <strong>Pacula, Progreso de Obreg\u00f3n, Tasquillo, Villa de Tezontepec, Tetepango, Alfajayucan, Ajacuba, Tolcayuca, Acaxochitl\u00e1n, Tianguistengo y Tenango de Doria<\/strong>, lo que subraya la urgencia de reforzar la <strong>prevenci\u00f3n y el diagn\u00f3stico temprano<\/strong>.<\/p>\n\n\n\n<p>La <strong>Secretar\u00eda de Salud<\/strong> exhorta a la poblaci\u00f3n a <strong>adoptar h\u00e1bitos saludables<\/strong>, como <strong>mantener un peso adecuado<\/strong>, <strong>hacer ejercicio diario<\/strong>, <strong>reducir el consumo de az\u00facar y grasas<\/strong> y <strong>evitar el tabaco y el alcohol<\/strong>. Adem\u00e1s, recomienda <strong>acudir al m\u00e9dico ante s\u00edntomas<\/strong> como <strong>sed excesiva, visi\u00f3n borrosa o p\u00e9rdida de peso<\/strong>, ya que la detecci\u00f3n oportuna puede <strong>salvar vidas<\/strong>.<\/p>\n\n\n<ul class=\"wp-block-latest-posts__list is-grid columns-3 wp-block-latest-posts\"><li><div class=\"wp-block-latest-posts__featured-image\"><img loading=\"lazy\" decoding=\"async\" width=\"150\" height=\"150\" src=\"https:\/\/www.alasmedios.com\/wp-content\/uploads\/2026\/05\/AMPEP-inteligencia-artificial-150x150.jpg\" class=\"attachment-thumbnail size-thumbnail wp-post-image\" alt=\"\" style=\"\" \/><\/div><a class=\"wp-block-latest-posts__post-title\" href=\"https:\/\/www.alasmedios.com\/index.php\/2026\/05\/01\/periodismo-frente-a-la-ia-ampep-asume-liderazgo-y-apuesta-por-contar-historias-con-alma\/\">Periodismo frente a la IA: AMPEP asume liderazgo y apuesta por contar historias con \u201calma\u201d<\/a><\/li>\n<li><div class=\"wp-block-latest-posts__featured-image\"><img loading=\"lazy\" decoding=\"async\" width=\"150\" height=\"150\" src=\"https:\/\/www.alasmedios.com\/wp-content\/uploads\/2026\/05\/Hidalgo-viene-un-respiro-con-el-frente-frio-48-150x150.png\" class=\"attachment-thumbnail size-thumbnail wp-post-image\" alt=\"\" style=\"\" \/><\/div><a class=\"wp-block-latest-posts__post-title\" href=\"https:\/\/www.alasmedios.com\/index.php\/2026\/05\/01\/frente-frio-48-un-alivio-asi-impactara-en-hidalgo\/\">Frente fr\u00edo 48, un alivio: as\u00ed impactar\u00e1 en Hidalgo<\/a><\/li>\n<li><div class=\"wp-block-latest-posts__featured-image\"><img loading=\"lazy\" decoding=\"async\" width=\"150\" height=\"150\" src=\"https:\/\/www.alasmedios.com\/wp-content\/uploads\/2026\/05\/mujeres-depresion-posparto-150x150.png\" class=\"attachment-thumbnail size-thumbnail wp-post-image\" alt=\"\" style=\"\" \/><\/div><a class=\"wp-block-latest-posts__post-title\" href=\"https:\/\/www.alasmedios.com\/index.php\/2026\/05\/01\/1-de-cada-15-mujeres-sufre-depresion-posparto\/\">1 de cada 15 mujeres sufre depresi\u00f3n posparto<\/a><\/li>\n<\/ul>","protected":false},"excerpt":{"rendered":"<p>En Hidalgo, la diabetes contin\u00faa siendo una de las principales amenazas para la salud p\u00fablica. Solo entre 2024 y 2025,<\/p>\n","protected":false},"author":4,"featured_media":6845,"comment_status":"open","ping_status":"open","sticky":false,"template":"","format":"standard","meta":{"colormag_page_container_layout":"default_layout","colormag_page_sidebar_layout":"default_layout","rop_custom_images_group":[],"rop_custom_messages_group":[],"rop_publish_now":"initial","rop_publish_now_accounts":[],"rop_publish_now_history":[],"rop_publish_now_status":"pending","iawp_total_views":0,"footnotes":""},"categories":[41],"tags":[844,99,1324,3024,136,2833,584,766,1367],"class_list":["post-6842","post","type-post","status-publish","format-standard","has-post-thumbnail","hentry","category-hidalgo","tag-diabetes","tag-hidalgo","tag-huejutla-de-reyes","tag-pachuca-de-soto","tag-salud","tag-san-bartolo-tutotepec","tag-tulancingo","tag-zacualtipan","tag-zimapan"],"magazineBlocksPostFeaturedMedia":{"thumbnail":"https:\/\/www.alasmedios.com\/wp-content\/uploads\/2025\/11\/Alerta-en-Hidalgo-crecen-los-casos-de-diabetes-pero-tambien-la-deteccion-temprana-150x150.jpeg","medium":"https:\/\/www.alasmedios.com\/wp-content\/uploads\/2025\/11\/Alerta-en-Hidalgo-crecen-los-casos-de-diabetes-pero-tambien-la-deteccion-temprana-300x200.jpeg","medium_large":"https:\/\/www.alasmedios.com\/wp-content\/uploads\/2025\/11\/Alerta-en-Hidalgo-crecen-los-casos-de-diabetes-pero-tambien-la-deteccion-temprana-768x512.jpeg","large":"https:\/\/www.alasmedios.com\/wp-content\/uploads\/2025\/11\/Alerta-en-Hidalgo-crecen-los-casos-de-diabetes-pero-tambien-la-deteccion-temprana-1024x682.jpeg","1536x1536":"https:\/\/www.alasmedios.com\/wp-content\/uploads\/2025\/11\/Alerta-en-Hidalgo-crecen-los-casos-de-diabetes-pero-tambien-la-deteccion-temprana-1536x1023.jpeg","2048x2048":"https:\/\/www.alasmedios.com\/wp-content\/uploads\/2025\/11\/Alerta-en-Hidalgo-crecen-los-casos-de-diabetes-pero-tambien-la-deteccion-temprana.jpeg","colormag-highlighted-post":"https:\/\/www.alasmedios.com\/wp-content\/uploads\/2025\/11\/Alerta-en-Hidalgo-crecen-los-casos-de-diabetes-pero-tambien-la-deteccion-temprana-392x272.jpeg","colormag-featured-post-medium":"https:\/\/www.alasmedios.com\/wp-content\/uploads\/2025\/11\/Alerta-en-Hidalgo-crecen-los-casos-de-diabetes-pero-tambien-la-deteccion-temprana-390x205.jpeg","colormag-featured-post-small":"https:\/\/www.alasmedios.com\/wp-content\/uploads\/2025\/11\/Alerta-en-Hidalgo-crecen-los-casos-de-diabetes-pero-tambien-la-deteccion-temprana-130x90.jpeg","colormag-featured-image":"https:\/\/www.alasmedios.com\/wp-content\/uploads\/2025\/11\/Alerta-en-Hidalgo-crecen-los-casos-de-diabetes-pero-tambien-la-deteccion-temprana-800x445.jpeg","colormag-default-news":"https:\/\/www.alasmedios.com\/wp-content\/uploads\/2025\/11\/Alerta-en-Hidalgo-crecen-los-casos-de-diabetes-pero-tambien-la-deteccion-temprana-150x150.jpeg","colormag-featured-image-large":"https:\/\/www.alasmedios.com\/wp-content\/uploads\/2025\/11\/Alerta-en-Hidalgo-crecen-los-casos-de-diabetes-pero-tambien-la-deteccion-temprana-1400x600.jpeg"},"magazineBlocksPostAuthor":{"name":"Keila Rodr\u00edguez Pe\u00f1a","avatar":"https:\/\/secure.gravatar.com\/avatar\/a2553a2bfaa601b9d539b617c8793e151bdffb60f9e48a249912f86d4c9ebeef?s=96&d=mm&r=g"},"magazineBlocksPostCommentsNumber":"0","magazineBlocksPostExcerpt":"En Hidalgo, la diabetes contin\u00faa siendo una de las principales amenazas para la salud p\u00fablica. Solo entre 2024 y 2025,","magazineBlocksPostCategories":["Hidalgo"],"magazineBlocksPostViewCount":212,"magazineBlocksPostReadTime":2,"magazine_blocks_featured_image_url":{"full":["https:\/\/www.alasmedios.com\/wp-content\/uploads\/2025\/11\/Alerta-en-Hidalgo-crecen-los-casos-de-diabetes-pero-tambien-la-deteccion-temprana.jpeg",1600,1066,false],"medium":["https:\/\/www.alasmedios.com\/wp-content\/uploads\/2025\/11\/Alerta-en-Hidalgo-crecen-los-casos-de-diabetes-pero-tambien-la-deteccion-temprana-300x200.jpeg",300,200,true],"thumbnail":["https:\/\/www.alasmedios.com\/wp-content\/uploads\/2025\/11\/Alerta-en-Hidalgo-crecen-los-casos-de-diabetes-pero-tambien-la-deteccion-temprana-150x150.jpeg",150,150,true]},"magazine_blocks_author":{"display_name":"Keila Rodr\u00edguez Pe\u00f1a","author_link":"https:\/\/www.alasmedios.com\/index.php\/author\/keila\/"},"magazine_blocks_comment":0,"magazine_blocks_author_image":"https:\/\/secure.gravatar.com\/avatar\/a2553a2bfaa601b9d539b617c8793e151bdffb60f9e48a249912f86d4c9ebeef?s=96&d=mm&r=g","magazine_blocks_category":"<a href=\"#\" class=\"category-link category-link-41\">Hidalgo<\/a>","yoast_head":"<!-- This site is optimized with the Yoast SEO plugin v27.5 - https:\/\/yoast.com\/product\/yoast-seo-wordpress\/ -->\r\n<title>Alerta en Hidalgo: crecen los casos de diabetes, pero tambi\u00e9n la detecci\u00f3n temprana - Alas Medios<\/title>\r\n<meta name=\"robots\" content=\"index, follow, max-snippet:-1, max-image-preview:large, max-video-preview:-1\" \/>\r\n<link rel=\"canonical\" href=\"https:\/\/www.alasmedios.com\/index.php\/2025\/11\/14\/alerta-en-hidalgo-crecen-los-casos-de-diabetes-pero-tambien-la-deteccion-temprana\/\" \/>\r\n<meta property=\"og:locale\" content=\"es_MX\" \/>\r\n<meta property=\"og:type\" content=\"article\" \/>\r\n<meta property=\"og:title\" content=\"Alerta en Hidalgo: crecen los casos de diabetes, pero tambi\u00e9n la detecci\u00f3n temprana - Alas Medios\" \/>\r\n<meta property=\"og:description\" content=\"En Hidalgo, la diabetes contin\u00faa siendo una de las principales amenazas para la salud p\u00fablica. Solo entre 2024 y 2025,\" \/>\r\n<meta property=\"og:url\" content=\"https:\/\/www.alasmedios.com\/index.php\/2025\/11\/14\/alerta-en-hidalgo-crecen-los-casos-de-diabetes-pero-tambien-la-deteccion-temprana\/\" \/>\r\n<meta property=\"og:site_name\" content=\"Alas Medios\" \/>\r\n<meta property=\"article:published_time\" content=\"2025-11-14T14:43:00+00:00\" \/>\r\n<meta property=\"article:modified_time\" content=\"2025-11-14T21:08:23+00:00\" \/>\r\n<meta property=\"og:image\" content=\"https:\/\/www.alasmedios.com\/wp-content\/uploads\/2025\/11\/Alerta-en-Hidalgo-crecen-los-casos-de-diabetes-pero-tambien-la-deteccion-temprana.jpeg\" \/>\r\n\t<meta property=\"og:image:width\" content=\"1600\" \/>\r\n\t<meta property=\"og:image:height\" content=\"1066\" \/>\r\n\t<meta property=\"og:image:type\" content=\"image\/jpeg\" \/>\r\n<meta name=\"author\" content=\"Keila Rodr\u00edguez Pe\u00f1a\" \/>\r\n<meta name=\"twitter:card\" content=\"summary_large_image\" \/>\r\n<meta name=\"twitter:label1\" content=\"Escrito por\" \/>\n\t<meta name=\"twitter:data1\" content=\"Keila Rodr\u00edguez Pe\u00f1a\" \/>\n\t<meta name=\"twitter:label2\" content=\"Tiempo de lectura\" \/>\n\t<meta name=\"twitter:data2\" content=\"1 minuto\" \/>\r\n<script type=\"application\/ld+json\" class=\"yoast-schema-graph\">{\"@context\":\"https:\\\/\\\/schema.org\",\"@graph\":[{\"@type\":\"Article\",\"@id\":\"https:\\\/\\\/www.alasmedios.com\\\/index.php\\\/2025\\\/11\\\/14\\\/alerta-en-hidalgo-crecen-los-casos-de-diabetes-pero-tambien-la-deteccion-temprana\\\/#article\",\"isPartOf\":{\"@id\":\"https:\\\/\\\/www.alasmedios.com\\\/index.php\\\/2025\\\/11\\\/14\\\/alerta-en-hidalgo-crecen-los-casos-de-diabetes-pero-tambien-la-deteccion-temprana\\\/\"},\"author\":{\"name\":\"Keila Rodr\u00edguez Pe\u00f1a\",\"@id\":\"https:\\\/\\\/www.alasmedios.com\\\/#\\\/schema\\\/person\\\/0ba31bdd19a05ebf5c7fef1fedf99c34\"},\"headline\":\"Alerta en Hidalgo: crecen los casos de diabetes, pero tambi\u00e9n la detecci\u00f3n temprana\",\"datePublished\":\"2025-11-14T14:43:00+00:00\",\"dateModified\":\"2025-11-14T21:08:23+00:00\",\"mainEntityOfPage\":{\"@id\":\"https:\\\/\\\/www.alasmedios.com\\\/index.php\\\/2025\\\/11\\\/14\\\/alerta-en-hidalgo-crecen-los-casos-de-diabetes-pero-tambien-la-deteccion-temprana\\\/\"},\"wordCount\":270,\"commentCount\":0,\"publisher\":{\"@id\":\"https:\\\/\\\/www.alasmedios.com\\\/#organization\"},\"image\":{\"@id\":\"https:\\\/\\\/www.alasmedios.com\\\/index.php\\\/2025\\\/11\\\/14\\\/alerta-en-hidalgo-crecen-los-casos-de-diabetes-pero-tambien-la-deteccion-temprana\\\/#primaryimage\"},\"thumbnailUrl\":\"https:\\\/\\\/www.alasmedios.com\\\/wp-content\\\/uploads\\\/2025\\\/11\\\/Alerta-en-Hidalgo-crecen-los-casos-de-diabetes-pero-tambien-la-deteccion-temprana.jpeg\",\"keywords\":[\"diabetes\",\"Hidalgo\",\"Huejutla de Reyes\",\"Pachuca de Soto\",\"Salud\",\"San Bartolo Tutotepec\",\"Tulancingo\",\"Zacualtip\u00e1n\",\"Zimap\u00e1n\"],\"articleSection\":[\"Hidalgo\"],\"inLanguage\":\"es\",\"potentialAction\":[{\"@type\":\"CommentAction\",\"name\":\"Comment\",\"target\":[\"https:\\\/\\\/www.alasmedios.com\\\/index.php\\\/2025\\\/11\\\/14\\\/alerta-en-hidalgo-crecen-los-casos-de-diabetes-pero-tambien-la-deteccion-temprana\\\/#respond\"]}]},{\"@type\":\"WebPage\",\"@id\":\"https:\\\/\\\/www.alasmedios.com\\\/index.php\\\/2025\\\/11\\\/14\\\/alerta-en-hidalgo-crecen-los-casos-de-diabetes-pero-tambien-la-deteccion-temprana\\\/\",\"url\":\"https:\\\/\\\/www.alasmedios.com\\\/index.php\\\/2025\\\/11\\\/14\\\/alerta-en-hidalgo-crecen-los-casos-de-diabetes-pero-tambien-la-deteccion-temprana\\\/\",\"name\":\"Alerta en Hidalgo: crecen los casos de diabetes, pero tambi\u00e9n la detecci\u00f3n temprana - Alas Medios\",\"isPartOf\":{\"@id\":\"https:\\\/\\\/www.alasmedios.com\\\/#website\"},\"primaryImageOfPage\":{\"@id\":\"https:\\\/\\\/www.alasmedios.com\\\/index.php\\\/2025\\\/11\\\/14\\\/alerta-en-hidalgo-crecen-los-casos-de-diabetes-pero-tambien-la-deteccion-temprana\\\/#primaryimage\"},\"image\":{\"@id\":\"https:\\\/\\\/www.alasmedios.com\\\/index.php\\\/2025\\\/11\\\/14\\\/alerta-en-hidalgo-crecen-los-casos-de-diabetes-pero-tambien-la-deteccion-temprana\\\/#primaryimage\"},\"thumbnailUrl\":\"https:\\\/\\\/www.alasmedios.com\\\/wp-content\\\/uploads\\\/2025\\\/11\\\/Alerta-en-Hidalgo-crecen-los-casos-de-diabetes-pero-tambien-la-deteccion-temprana.jpeg\",\"datePublished\":\"2025-11-14T14:43:00+00:00\",\"dateModified\":\"2025-11-14T21:08:23+00:00\",\"breadcrumb\":{\"@id\":\"https:\\\/\\\/www.alasmedios.com\\\/index.php\\\/2025\\\/11\\\/14\\\/alerta-en-hidalgo-crecen-los-casos-de-diabetes-pero-tambien-la-deteccion-temprana\\\/#breadcrumb\"},\"inLanguage\":\"es\",\"potentialAction\":[{\"@type\":\"ReadAction\",\"target\":[\"https:\\\/\\\/www.alasmedios.com\\\/index.php\\\/2025\\\/11\\\/14\\\/alerta-en-hidalgo-crecen-los-casos-de-diabetes-pero-tambien-la-deteccion-temprana\\\/\"]}]},{\"@type\":\"ImageObject\",\"inLanguage\":\"es\",\"@id\":\"https:\\\/\\\/www.alasmedios.com\\\/index.php\\\/2025\\\/11\\\/14\\\/alerta-en-hidalgo-crecen-los-casos-de-diabetes-pero-tambien-la-deteccion-temprana\\\/#primaryimage\",\"url\":\"https:\\\/\\\/www.alasmedios.com\\\/wp-content\\\/uploads\\\/2025\\\/11\\\/Alerta-en-Hidalgo-crecen-los-casos-de-diabetes-pero-tambien-la-deteccion-temprana.jpeg\",\"contentUrl\":\"https:\\\/\\\/www.alasmedios.com\\\/wp-content\\\/uploads\\\/2025\\\/11\\\/Alerta-en-Hidalgo-crecen-los-casos-de-diabetes-pero-tambien-la-deteccion-temprana.jpeg\",\"width\":1600,\"height\":1066},{\"@type\":\"BreadcrumbList\",\"@id\":\"https:\\\/\\\/www.alasmedios.com\\\/index.php\\\/2025\\\/11\\\/14\\\/alerta-en-hidalgo-crecen-los-casos-de-diabetes-pero-tambien-la-deteccion-temprana\\\/#breadcrumb\",\"itemListElement\":[{\"@type\":\"ListItem\",\"position\":1,\"name\":\"Inicio\",\"item\":\"https:\\\/\\\/www.alasmedios.com\\\/\"},{\"@type\":\"ListItem\",\"position\":2,\"name\":\"Alerta en Hidalgo: crecen los casos de diabetes, pero tambi\u00e9n la detecci\u00f3n temprana\"}]},{\"@type\":\"WebSite\",\"@id\":\"https:\\\/\\\/www.alasmedios.com\\\/#website\",\"url\":\"https:\\\/\\\/www.alasmedios.com\\\/\",\"name\":\"Alas Medios\",\"description\":\"Alas para pensar, Alas para volar, Alas de libertad\",\"publisher\":{\"@id\":\"https:\\\/\\\/www.alasmedios.com\\\/#organization\"},\"potentialAction\":[{\"@type\":\"SearchAction\",\"target\":{\"@type\":\"EntryPoint\",\"urlTemplate\":\"https:\\\/\\\/www.alasmedios.com\\\/?s={search_term_string}\"},\"query-input\":{\"@type\":\"PropertyValueSpecification\",\"valueRequired\":true,\"valueName\":\"search_term_string\"}}],\"inLanguage\":\"es\"},{\"@type\":\"Organization\",\"@id\":\"https:\\\/\\\/www.alasmedios.com\\\/#organization\",\"name\":\"Alas Medios\",\"url\":\"https:\\\/\\\/www.alasmedios.com\\\/\",\"logo\":{\"@type\":\"ImageObject\",\"inLanguage\":\"es\",\"@id\":\"https:\\\/\\\/www.alasmedios.com\\\/#\\\/schema\\\/logo\\\/image\\\/\",\"url\":\"https:\\\/\\\/www.alasmedios.com\\\/wp-content\\\/uploads\\\/2026\\\/01\\\/cropped-cropped-GAM-1.png\",\"contentUrl\":\"https:\\\/\\\/www.alasmedios.com\\\/wp-content\\\/uploads\\\/2026\\\/01\\\/cropped-cropped-GAM-1.png\",\"width\":467,\"height\":235,\"caption\":\"Alas Medios\"},\"image\":{\"@id\":\"https:\\\/\\\/www.alasmedios.com\\\/#\\\/schema\\\/logo\\\/image\\\/\"}},{\"@type\":\"Person\",\"@id\":\"https:\\\/\\\/www.alasmedios.com\\\/#\\\/schema\\\/person\\\/0ba31bdd19a05ebf5c7fef1fedf99c34\",\"name\":\"Keila Rodr\u00edguez Pe\u00f1a\",\"image\":{\"@type\":\"ImageObject\",\"inLanguage\":\"es\",\"@id\":\"https:\\\/\\\/secure.gravatar.com\\\/avatar\\\/a2553a2bfaa601b9d539b617c8793e151bdffb60f9e48a249912f86d4c9ebeef?s=96&d=mm&r=g\",\"url\":\"https:\\\/\\\/secure.gravatar.com\\\/avatar\\\/a2553a2bfaa601b9d539b617c8793e151bdffb60f9e48a249912f86d4c9ebeef?s=96&d=mm&r=g\",\"contentUrl\":\"https:\\\/\\\/secure.gravatar.com\\\/avatar\\\/a2553a2bfaa601b9d539b617c8793e151bdffb60f9e48a249912f86d4c9ebeef?s=96&d=mm&r=g\",\"caption\":\"Keila Rodr\u00edguez Pe\u00f1a\"},\"sameAs\":[\"http:\\\/\\\/www.alasmedios.com\"],\"url\":\"https:\\\/\\\/www.alasmedios.com\\\/index.php\\\/author\\\/keila\\\/\"}]}<\/script>\r\n<!-- \/ Yoast SEO plugin. -->","yoast_head_json":{"title":"Alerta en Hidalgo: crecen los casos de diabetes, pero tambi\u00e9n la detecci\u00f3n temprana - Alas Medios","robots":{"index":"index","follow":"follow","max-snippet":"max-snippet:-1","max-image-preview":"max-image-preview:large","max-video-preview":"max-video-preview:-1"},"canonical":"https:\/\/www.alasmedios.com\/index.php\/2025\/11\/14\/alerta-en-hidalgo-crecen-los-casos-de-diabetes-pero-tambien-la-deteccion-temprana\/","og_locale":"es_MX","og_type":"article","og_title":"Alerta en Hidalgo: crecen los casos de diabetes, pero tambi\u00e9n la detecci\u00f3n temprana - Alas Medios","og_description":"En Hidalgo, la diabetes contin\u00faa siendo una de las principales amenazas para la salud p\u00fablica. Solo entre 2024 y 2025,","og_url":"https:\/\/www.alasmedios.com\/index.php\/2025\/11\/14\/alerta-en-hidalgo-crecen-los-casos-de-diabetes-pero-tambien-la-deteccion-temprana\/","og_site_name":"Alas Medios","article_published_time":"2025-11-14T14:43:00+00:00","article_modified_time":"2025-11-14T21:08:23+00:00","og_image":[{"width":1600,"height":1066,"url":"https:\/\/www.alasmedios.com\/wp-content\/uploads\/2025\/11\/Alerta-en-Hidalgo-crecen-los-casos-de-diabetes-pero-tambien-la-deteccion-temprana.jpeg","type":"image\/jpeg"}],"author":"Keila Rodr\u00edguez Pe\u00f1a","twitter_card":"summary_large_image","twitter_misc":{"Escrito por":"Keila Rodr\u00edguez Pe\u00f1a","Tiempo de lectura":"1 minuto"},"schema":{"@context":"https:\/\/schema.org","@graph":[{"@type":"Article","@id":"https:\/\/www.alasmedios.com\/index.php\/2025\/11\/14\/alerta-en-hidalgo-crecen-los-casos-de-diabetes-pero-tambien-la-deteccion-temprana\/#article","isPartOf":{"@id":"https:\/\/www.alasmedios.com\/index.php\/2025\/11\/14\/alerta-en-hidalgo-crecen-los-casos-de-diabetes-pero-tambien-la-deteccion-temprana\/"},"author":{"name":"Keila Rodr\u00edguez Pe\u00f1a","@id":"https:\/\/www.alasmedios.com\/#\/schema\/person\/0ba31bdd19a05ebf5c7fef1fedf99c34"},"headline":"Alerta en Hidalgo: crecen los casos de diabetes, pero tambi\u00e9n la detecci\u00f3n temprana","datePublished":"2025-11-14T14:43:00+00:00","dateModified":"2025-11-14T21:08:23+00:00","mainEntityOfPage":{"@id":"https:\/\/www.alasmedios.com\/index.php\/2025\/11\/14\/alerta-en-hidalgo-crecen-los-casos-de-diabetes-pero-tambien-la-deteccion-temprana\/"},"wordCount":270,"commentCount":0,"publisher":{"@id":"https:\/\/www.alasmedios.com\/#organization"},"image":{"@id":"https:\/\/www.alasmedios.com\/index.php\/2025\/11\/14\/alerta-en-hidalgo-crecen-los-casos-de-diabetes-pero-tambien-la-deteccion-temprana\/#primaryimage"},"thumbnailUrl":"https:\/\/www.alasmedios.com\/wp-content\/uploads\/2025\/11\/Alerta-en-Hidalgo-crecen-los-casos-de-diabetes-pero-tambien-la-deteccion-temprana.jpeg","keywords":["diabetes","Hidalgo","Huejutla de Reyes","Pachuca de Soto","Salud","San Bartolo Tutotepec","Tulancingo","Zacualtip\u00e1n","Zimap\u00e1n"],"articleSection":["Hidalgo"],"inLanguage":"es","potentialAction":[{"@type":"CommentAction","name":"Comment","target":["https:\/\/www.alasmedios.com\/index.php\/2025\/11\/14\/alerta-en-hidalgo-crecen-los-casos-de-diabetes-pero-tambien-la-deteccion-temprana\/#respond"]}]},{"@type":"WebPage","@id":"https:\/\/www.alasmedios.com\/index.php\/2025\/11\/14\/alerta-en-hidalgo-crecen-los-casos-de-diabetes-pero-tambien-la-deteccion-temprana\/","url":"https:\/\/www.alasmedios.com\/index.php\/2025\/11\/14\/alerta-en-hidalgo-crecen-los-casos-de-diabetes-pero-tambien-la-deteccion-temprana\/","name":"Alerta en Hidalgo: crecen los casos de diabetes, pero tambi\u00e9n la detecci\u00f3n temprana - Alas Medios","isPartOf":{"@id":"https:\/\/www.alasmedios.com\/#website"},"primaryImageOfPage":{"@id":"https:\/\/www.alasmedios.com\/index.php\/2025\/11\/14\/alerta-en-hidalgo-crecen-los-casos-de-diabetes-pero-tambien-la-deteccion-temprana\/#primaryimage"},"image":{"@id":"https:\/\/www.alasmedios.com\/index.php\/2025\/11\/14\/alerta-en-hidalgo-crecen-los-casos-de-diabetes-pero-tambien-la-deteccion-temprana\/#primaryimage"},"thumbnailUrl":"https:\/\/www.alasmedios.com\/wp-content\/uploads\/2025\/11\/Alerta-en-Hidalgo-crecen-los-casos-de-diabetes-pero-tambien-la-deteccion-temprana.jpeg","datePublished":"2025-11-14T14:43:00+00:00","dateModified":"2025-11-14T21:08:23+00:00","breadcrumb":{"@id":"https:\/\/www.alasmedios.com\/index.php\/2025\/11\/14\/alerta-en-hidalgo-crecen-los-casos-de-diabetes-pero-tambien-la-deteccion-temprana\/#breadcrumb"},"inLanguage":"es","potentialAction":[{"@type":"ReadAction","target":["https:\/\/www.alasmedios.com\/index.php\/2025\/11\/14\/alerta-en-hidalgo-crecen-los-casos-de-diabetes-pero-tambien-la-deteccion-temprana\/"]}]},{"@type":"ImageObject","inLanguage":"es","@id":"https:\/\/www.alasmedios.com\/index.php\/2025\/11\/14\/alerta-en-hidalgo-crecen-los-casos-de-diabetes-pero-tambien-la-deteccion-temprana\/#primaryimage","url":"https:\/\/www.alasmedios.com\/wp-content\/uploads\/2025\/11\/Alerta-en-Hidalgo-crecen-los-casos-de-diabetes-pero-tambien-la-deteccion-temprana.jpeg","contentUrl":"https:\/\/www.alasmedios.com\/wp-content\/uploads\/2025\/11\/Alerta-en-Hidalgo-crecen-los-casos-de-diabetes-pero-tambien-la-deteccion-temprana.jpeg","width":1600,"height":1066},{"@type":"BreadcrumbList","@id":"https:\/\/www.alasmedios.com\/index.php\/2025\/11\/14\/alerta-en-hidalgo-crecen-los-casos-de-diabetes-pero-tambien-la-deteccion-temprana\/#breadcrumb","itemListElement":[{"@type":"ListItem","position":1,"name":"Inicio","item":"https:\/\/www.alasmedios.com\/"},{"@type":"ListItem","position":2,"name":"Alerta en Hidalgo: crecen los casos de diabetes, pero tambi\u00e9n la detecci\u00f3n temprana"}]},{"@type":"WebSite","@id":"https:\/\/www.alasmedios.com\/#website","url":"https:\/\/www.alasmedios.com\/","name":"Alas Medios","description":"Alas para pensar, Alas para volar, Alas de libertad","publisher":{"@id":"https:\/\/www.alasmedios.com\/#organization"},"potentialAction":[{"@type":"SearchAction","target":{"@type":"EntryPoint","urlTemplate":"https:\/\/www.alasmedios.com\/?s={search_term_string}"},"query-input":{"@type":"PropertyValueSpecification","valueRequired":true,"valueName":"search_term_string"}}],"inLanguage":"es"},{"@type":"Organization","@id":"https:\/\/www.alasmedios.com\/#organization","name":"Alas Medios","url":"https:\/\/www.alasmedios.com\/","logo":{"@type":"ImageObject","inLanguage":"es","@id":"https:\/\/www.alasmedios.com\/#\/schema\/logo\/image\/","url":"https:\/\/www.alasmedios.com\/wp-content\/uploads\/2026\/01\/cropped-cropped-GAM-1.png","contentUrl":"https:\/\/www.alasmedios.com\/wp-content\/uploads\/2026\/01\/cropped-cropped-GAM-1.png","width":467,"height":235,"caption":"Alas Medios"},"image":{"@id":"https:\/\/www.alasmedios.com\/#\/schema\/logo\/image\/"}},{"@type":"Person","@id":"https:\/\/www.alasmedios.com\/#\/schema\/person\/0ba31bdd19a05ebf5c7fef1fedf99c34","name":"Keila Rodr\u00edguez Pe\u00f1a","image":{"@type":"ImageObject","inLanguage":"es","@id":"https:\/\/secure.gravatar.com\/avatar\/a2553a2bfaa601b9d539b617c8793e151bdffb60f9e48a249912f86d4c9ebeef?s=96&d=mm&r=g","url":"https:\/\/secure.gravatar.com\/avatar\/a2553a2bfaa601b9d539b617c8793e151bdffb60f9e48a249912f86d4c9ebeef?s=96&d=mm&r=g","contentUrl":"https:\/\/secure.gravatar.com\/avatar\/a2553a2bfaa601b9d539b617c8793e151bdffb60f9e48a249912f86d4c9ebeef?s=96&d=mm&r=g","caption":"Keila Rodr\u00edguez Pe\u00f1a"},"sameAs":["http:\/\/www.alasmedios.com"],"url":"https:\/\/www.alasmedios.com\/index.php\/author\/keila\/"}]}},"_links":{"self":[{"href":"https:\/\/www.alasmedios.com\/index.php\/wp-json\/wp\/v2\/posts\/6842","targetHints":{"allow":["GET"]}}],"collection":[{"href":"https:\/\/www.alasmedios.com\/index.php\/wp-json\/wp\/v2\/posts"}],"about":[{"href":"https:\/\/www.alasmedios.com\/index.php\/wp-json\/wp\/v2\/types\/post"}],"author":[{"embeddable":true,"href":"https:\/\/www.alasmedios.com\/index.php\/wp-json\/wp\/v2\/users\/4"}],"replies":[{"embeddable":true,"href":"https:\/\/www.alasmedios.com\/index.php\/wp-json\/wp\/v2\/comments?post=6842"}],"version-history":[{"count":2,"href":"https:\/\/www.alasmedios.com\/index.php\/wp-json\/wp\/v2\/posts\/6842\/revisions"}],"predecessor-version":[{"id":6850,"href":"https:\/\/www.alasmedios.com\/index.php\/wp-json\/wp\/v2\/posts\/6842\/revisions\/6850"}],"wp:featuredmedia":[{"embeddable":true,"href":"https:\/\/www.alasmedios.com\/index.php\/wp-json\/wp\/v2\/media\/6845"}],"wp:attachment":[{"href":"https:\/\/www.alasmedios.com\/index.php\/wp-json\/wp\/v2\/media?parent=6842"}],"wp:term":[{"taxonomy":"category","embeddable":true,"href":"https:\/\/www.alasmedios.com\/index.php\/wp-json\/wp\/v2\/categories?post=6842"},{"taxonomy":"post_tag","embeddable":true,"href":"https:\/\/www.alasmedios.com\/index.php\/wp-json\/wp\/v2\/tags?post=6842"}],"curies":[{"name":"wp","href":"https:\/\/api.w.org\/{rel}","templated":true}]}}