{"id":6837,"date":"2025-11-13T14:42:44","date_gmt":"2025-11-13T20:42:44","guid":{"rendered":"https:\/\/www.alasmedios.com\/?p=6837"},"modified":"2025-11-14T15:04:07","modified_gmt":"2025-11-14T21:04:07","slug":"omar-bravo-seguira-en-prision-juez-extiende-investigacion-hasta-2026-por-abuso-sexual-infantil","status":"publish","type":"post","link":"https:\/\/www.alasmedios.com\/index.php\/2025\/11\/13\/omar-bravo-seguira-en-prision-juez-extiende-investigacion-hasta-2026-por-abuso-sexual-infantil\/","title":{"rendered":"Omar Bravo seguir\u00e1 en prisi\u00f3n: juez extiende investigaci\u00f3n hasta 2026 por abuso sexual infantil"},"content":{"rendered":"\n<p>El caso de <strong>Omar Bravo<\/strong>, exdelantero hist\u00f3rico de las <strong>Chivas<\/strong>, vuelve a acaparar los reflectores, ahora por un <strong>nuevo giro judicial<\/strong>. Un juez de <strong>Jalisco<\/strong> autoriz\u00f3 <strong>extender dos meses m\u00e1s<\/strong> el plazo de la investigaci\u00f3n complementaria, por lo que el exfutbolista <strong>permanecer\u00e1 en prisi\u00f3n preventiva<\/strong> al menos hasta inicios de <strong>2026<\/strong>.<\/p>\n\n\n\n<p>Bravo, detenido desde <strong>octubre<\/strong> por el presunto <strong>delito de abuso sexual infantil agravado<\/strong>, fue vinculado a proceso tras ser acusado de <strong>agredir sexualmente a la hija menor de su expareja<\/strong> durante varios a\u00f1os. <\/p>\n\n\n\n<p>La v\u00edctima, hoy adolescente, habr\u00eda presentado <strong>fotograf\u00edas y videos<\/strong> como evidencia de los hechos ocurridos entre los <strong>11 y 17 a\u00f1os<\/strong>.<\/p>\n\n\n\n<p>CONTIN\u00daA LEYENDO: <a href=\"https:\/\/www.alasmedios.com\/index.php\/2025\/11\/13\/mujeres-de-sudan-sobreviven-entre-el-hambre-la-guerra-y-la-violencia-sexual\/\" data-type=\"post\" data-id=\"6834\">Mujeres de Sud\u00e1n sobreviven entre el hambre, la guerra y la violencia sexual<\/a><\/p>\n\n\n\n<p>Durante la audiencia m\u00e1s reciente en <strong>Puente Grande<\/strong>, la defensa \u2014encabezada por <strong>Leobardo Trevi\u00f1o<\/strong>\u2014 solicit\u00f3 m\u00e1s tiempo para reunir pruebas que acrediten la inocencia del exjugador. <\/p>\n\n\n\n<iframe loading=\"lazy\" src=\"https:\/\/www.facebook.com\/plugins\/video.php?height=476&#038;href=https%3A%2F%2Fwww.facebook.com%2Freel%2F1204486408233117%2F&#038;show_text=false&#038;width=267&#038;t=0\" width=\"267\" height=\"476\" style=\"border:none;overflow:hidden\" scrolling=\"no\" frameborder=\"0\" allowfullscreen=\"true\" allow=\"autoplay; clipboard-write; encrypted-media; picture-in-picture; web-share\" allowFullScreen=\"true\"><\/iframe>\n\n\n\n<p>Sin embargo, el juez determin\u00f3 que la ampliaci\u00f3n del plazo tambi\u00e9n beneficia al <strong>Ministerio P\u00fablico<\/strong>, que contin\u00faa recabando <strong>testimonios y elementos periciales<\/strong> para fortalecer la investigaci\u00f3n.<\/p>\n\n\n\n<p>El impacto medi\u00e1tico ha sido contundente: <strong>Omar Bravo<\/strong> perdi\u00f3 su papel como <strong>embajador del Mundial 2026<\/strong> en Guadalajara y todos sus proyectos profesionales quedaron suspendidos. <\/p>\n\n\n\n<p>La <strong>fiscal\u00eda<\/strong> mantiene la posici\u00f3n de que las pruebas son s\u00f3lidas y que el imputado debe <strong>seguir recluido<\/strong> mientras avanza el proceso.<\/p>\n\n\n<ul class=\"wp-block-latest-posts__list is-grid columns-3 wp-block-latest-posts\"><li><div class=\"wp-block-latest-posts__featured-image\"><img loading=\"lazy\" decoding=\"async\" width=\"150\" height=\"150\" src=\"https:\/\/www.alasmedios.com\/wp-content\/uploads\/2026\/05\/AMPEP-inteligencia-artificial-150x150.jpg\" class=\"attachment-thumbnail size-thumbnail wp-post-image\" alt=\"\" style=\"\" \/><\/div><a class=\"wp-block-latest-posts__post-title\" href=\"https:\/\/www.alasmedios.com\/index.php\/2026\/05\/01\/periodismo-frente-a-la-ia-ampep-asume-liderazgo-y-apuesta-por-contar-historias-con-alma\/\">Periodismo frente a la IA: AMPEP asume liderazgo y apuesta por contar historias con \u201calma\u201d<\/a><\/li>\n<li><div class=\"wp-block-latest-posts__featured-image\"><img loading=\"lazy\" decoding=\"async\" width=\"150\" height=\"150\" src=\"https:\/\/www.alasmedios.com\/wp-content\/uploads\/2026\/05\/Hidalgo-viene-un-respiro-con-el-frente-frio-48-150x150.png\" class=\"attachment-thumbnail size-thumbnail wp-post-image\" alt=\"\" style=\"\" \/><\/div><a class=\"wp-block-latest-posts__post-title\" href=\"https:\/\/www.alasmedios.com\/index.php\/2026\/05\/01\/frente-frio-48-un-alivio-asi-impactara-en-hidalgo\/\">Frente fr\u00edo 48, un alivio: as\u00ed impactar\u00e1 en Hidalgo<\/a><\/li>\n<li><div class=\"wp-block-latest-posts__featured-image\"><img loading=\"lazy\" decoding=\"async\" width=\"150\" height=\"150\" src=\"https:\/\/www.alasmedios.com\/wp-content\/uploads\/2026\/05\/mujeres-depresion-posparto-150x150.png\" class=\"attachment-thumbnail size-thumbnail wp-post-image\" alt=\"\" style=\"\" \/><\/div><a class=\"wp-block-latest-posts__post-title\" href=\"https:\/\/www.alasmedios.com\/index.php\/2026\/05\/01\/1-de-cada-15-mujeres-sufre-depresion-posparto\/\">1 de cada 15 mujeres sufre depresi\u00f3n posparto<\/a><\/li>\n<\/ul>","protected":false},"excerpt":{"rendered":"<p>El caso de Omar Bravo, exdelantero hist\u00f3rico de las Chivas, vuelve a acaparar los reflectores, ahora por un nuevo giro<\/p>\n","protected":false},"author":4,"featured_media":6838,"comment_status":"open","ping_status":"open","sticky":false,"template":"","format":"standard","meta":{"colormag_page_container_layout":"default_layout","colormag_page_sidebar_layout":"default_layout","rop_custom_images_group":[],"rop_custom_messages_group":[],"rop_publish_now":"initial","rop_publish_now_accounts":[],"rop_publish_now_history":[],"rop_publish_now_status":"pending","iawp_total_views":0,"footnotes":""},"categories":[39],"tags":[1366,1543,3023,121],"class_list":["post-6837","post","type-post","status-publish","format-standard","has-post-thumbnail","hentry","category-inicio","tag-abuso-sexual-infantil","tag-jalisco","tag-omar-bravo","tag-violencia-de-genero-2"],"magazineBlocksPostFeaturedMedia":{"thumbnail":"https:\/\/www.alasmedios.com\/wp-content\/uploads\/2025\/11\/Omar-Bravo-seguira-en-prision-juez-extiende-investigacion-hasta-2026-por-abuso-sexual-infantil-150x150.png","medium":"https:\/\/www.alasmedios.com\/wp-content\/uploads\/2025\/11\/Omar-Bravo-seguira-en-prision-juez-extiende-investigacion-hasta-2026-por-abuso-sexual-infantil-300x182.png","medium_large":"https:\/\/www.alasmedios.com\/wp-content\/uploads\/2025\/11\/Omar-Bravo-seguira-en-prision-juez-extiende-investigacion-hasta-2026-por-abuso-sexual-infantil-768x466.png","large":"https:\/\/www.alasmedios.com\/wp-content\/uploads\/2025\/11\/Omar-Bravo-seguira-en-prision-juez-extiende-investigacion-hasta-2026-por-abuso-sexual-infantil-1024x622.png","1536x1536":"https:\/\/www.alasmedios.com\/wp-content\/uploads\/2025\/11\/Omar-Bravo-seguira-en-prision-juez-extiende-investigacion-hasta-2026-por-abuso-sexual-infantil-1536x932.png","2048x2048":"https:\/\/www.alasmedios.com\/wp-content\/uploads\/2025\/11\/Omar-Bravo-seguira-en-prision-juez-extiende-investigacion-hasta-2026-por-abuso-sexual-infantil.png","colormag-highlighted-post":"https:\/\/www.alasmedios.com\/wp-content\/uploads\/2025\/11\/Omar-Bravo-seguira-en-prision-juez-extiende-investigacion-hasta-2026-por-abuso-sexual-infantil-392x272.png","colormag-featured-post-medium":"https:\/\/www.alasmedios.com\/wp-content\/uploads\/2025\/11\/Omar-Bravo-seguira-en-prision-juez-extiende-investigacion-hasta-2026-por-abuso-sexual-infantil-390x205.png","colormag-featured-post-small":"https:\/\/www.alasmedios.com\/wp-content\/uploads\/2025\/11\/Omar-Bravo-seguira-en-prision-juez-extiende-investigacion-hasta-2026-por-abuso-sexual-infantil-130x90.png","colormag-featured-image":"https:\/\/www.alasmedios.com\/wp-content\/uploads\/2025\/11\/Omar-Bravo-seguira-en-prision-juez-extiende-investigacion-hasta-2026-por-abuso-sexual-infantil-800x445.png","colormag-default-news":"https:\/\/www.alasmedios.com\/wp-content\/uploads\/2025\/11\/Omar-Bravo-seguira-en-prision-juez-extiende-investigacion-hasta-2026-por-abuso-sexual-infantil-150x150.png","colormag-featured-image-large":"https:\/\/www.alasmedios.com\/wp-content\/uploads\/2025\/11\/Omar-Bravo-seguira-en-prision-juez-extiende-investigacion-hasta-2026-por-abuso-sexual-infantil-1400x600.png"},"magazineBlocksPostAuthor":{"name":"Keila Rodr\u00edguez Pe\u00f1a","avatar":"https:\/\/secure.gravatar.com\/avatar\/a2553a2bfaa601b9d539b617c8793e151bdffb60f9e48a249912f86d4c9ebeef?s=96&d=mm&r=g"},"magazineBlocksPostCommentsNumber":"0","magazineBlocksPostExcerpt":"El caso de Omar Bravo, exdelantero hist\u00f3rico de las Chivas, vuelve a acaparar los reflectores, ahora por un nuevo giro","magazineBlocksPostCategories":["Inicio"],"magazineBlocksPostViewCount":221,"magazineBlocksPostReadTime":2,"magazine_blocks_featured_image_url":{"full":["https:\/\/www.alasmedios.com\/wp-content\/uploads\/2025\/11\/Omar-Bravo-seguira-en-prision-juez-extiende-investigacion-hasta-2026-por-abuso-sexual-infantil.png",2000,1214,false],"medium":["https:\/\/www.alasmedios.com\/wp-content\/uploads\/2025\/11\/Omar-Bravo-seguira-en-prision-juez-extiende-investigacion-hasta-2026-por-abuso-sexual-infantil-300x182.png",300,182,true],"thumbnail":["https:\/\/www.alasmedios.com\/wp-content\/uploads\/2025\/11\/Omar-Bravo-seguira-en-prision-juez-extiende-investigacion-hasta-2026-por-abuso-sexual-infantil-150x150.png",150,150,true]},"magazine_blocks_author":{"display_name":"Keila Rodr\u00edguez Pe\u00f1a","author_link":"https:\/\/www.alasmedios.com\/index.php\/author\/keila\/"},"magazine_blocks_comment":0,"magazine_blocks_author_image":"https:\/\/secure.gravatar.com\/avatar\/a2553a2bfaa601b9d539b617c8793e151bdffb60f9e48a249912f86d4c9ebeef?s=96&d=mm&r=g","magazine_blocks_category":"<a href=\"#\" class=\"category-link category-link-39\">Inicio<\/a>","yoast_head":"<!-- This site is optimized with the Yoast SEO plugin v27.5 - https:\/\/yoast.com\/product\/yoast-seo-wordpress\/ -->\r\n<title>Omar Bravo seguir\u00e1 en prisi\u00f3n: juez extiende investigaci\u00f3n hasta 2026 por abuso sexual infantil - Alas Medios<\/title>\r\n<meta name=\"robots\" content=\"index, follow, max-snippet:-1, max-image-preview:large, max-video-preview:-1\" \/>\r\n<link rel=\"canonical\" href=\"https:\/\/www.alasmedios.com\/index.php\/2025\/11\/13\/omar-bravo-seguira-en-prision-juez-extiende-investigacion-hasta-2026-por-abuso-sexual-infantil\/\" \/>\r\n<meta property=\"og:locale\" content=\"es_MX\" \/>\r\n<meta property=\"og:type\" content=\"article\" \/>\r\n<meta property=\"og:title\" content=\"Omar Bravo seguir\u00e1 en prisi\u00f3n: juez extiende investigaci\u00f3n hasta 2026 por abuso sexual infantil - Alas Medios\" \/>\r\n<meta property=\"og:description\" content=\"El caso de Omar Bravo, exdelantero hist\u00f3rico de las Chivas, vuelve a acaparar los reflectores, ahora por un nuevo giro\" \/>\r\n<meta property=\"og:url\" content=\"https:\/\/www.alasmedios.com\/index.php\/2025\/11\/13\/omar-bravo-seguira-en-prision-juez-extiende-investigacion-hasta-2026-por-abuso-sexual-infantil\/\" \/>\r\n<meta property=\"og:site_name\" content=\"Alas Medios\" \/>\r\n<meta property=\"article:published_time\" content=\"2025-11-13T20:42:44+00:00\" \/>\r\n<meta property=\"article:modified_time\" content=\"2025-11-14T21:04:07+00:00\" \/>\r\n<meta property=\"og:image\" content=\"https:\/\/www.alasmedios.com\/wp-content\/uploads\/2025\/11\/Omar-Bravo-seguira-en-prision-juez-extiende-investigacion-hasta-2026-por-abuso-sexual-infantil.png\" \/>\r\n\t<meta property=\"og:image:width\" content=\"2000\" \/>\r\n\t<meta property=\"og:image:height\" content=\"1214\" \/>\r\n\t<meta property=\"og:image:type\" content=\"image\/png\" \/>\r\n<meta name=\"author\" content=\"Keila Rodr\u00edguez Pe\u00f1a\" \/>\r\n<meta name=\"twitter:card\" content=\"summary_large_image\" \/>\r\n<meta name=\"twitter:label1\" content=\"Escrito por\" \/>\n\t<meta name=\"twitter:data1\" content=\"Keila Rodr\u00edguez Pe\u00f1a\" \/>\n\t<meta name=\"twitter:label2\" content=\"Tiempo de lectura\" \/>\n\t<meta name=\"twitter:data2\" content=\"1 minuto\" \/>\r\n<script type=\"application\/ld+json\" class=\"yoast-schema-graph\">{\"@context\":\"https:\\\/\\\/schema.org\",\"@graph\":[{\"@type\":\"Article\",\"@id\":\"https:\\\/\\\/www.alasmedios.com\\\/index.php\\\/2025\\\/11\\\/13\\\/omar-bravo-seguira-en-prision-juez-extiende-investigacion-hasta-2026-por-abuso-sexual-infantil\\\/#article\",\"isPartOf\":{\"@id\":\"https:\\\/\\\/www.alasmedios.com\\\/index.php\\\/2025\\\/11\\\/13\\\/omar-bravo-seguira-en-prision-juez-extiende-investigacion-hasta-2026-por-abuso-sexual-infantil\\\/\"},\"author\":{\"name\":\"Keila Rodr\u00edguez Pe\u00f1a\",\"@id\":\"https:\\\/\\\/www.alasmedios.com\\\/#\\\/schema\\\/person\\\/0ba31bdd19a05ebf5c7fef1fedf99c34\"},\"headline\":\"Omar Bravo seguir\u00e1 en prisi\u00f3n: juez extiende investigaci\u00f3n hasta 2026 por abuso sexual infantil\",\"datePublished\":\"2025-11-13T20:42:44+00:00\",\"dateModified\":\"2025-11-14T21:04:07+00:00\",\"mainEntityOfPage\":{\"@id\":\"https:\\\/\\\/www.alasmedios.com\\\/index.php\\\/2025\\\/11\\\/13\\\/omar-bravo-seguira-en-prision-juez-extiende-investigacion-hasta-2026-por-abuso-sexual-infantil\\\/\"},\"wordCount\":253,\"commentCount\":0,\"publisher\":{\"@id\":\"https:\\\/\\\/www.alasmedios.com\\\/#organization\"},\"image\":{\"@id\":\"https:\\\/\\\/www.alasmedios.com\\\/index.php\\\/2025\\\/11\\\/13\\\/omar-bravo-seguira-en-prision-juez-extiende-investigacion-hasta-2026-por-abuso-sexual-infantil\\\/#primaryimage\"},\"thumbnailUrl\":\"https:\\\/\\\/www.alasmedios.com\\\/wp-content\\\/uploads\\\/2025\\\/11\\\/Omar-Bravo-seguira-en-prision-juez-extiende-investigacion-hasta-2026-por-abuso-sexual-infantil.png\",\"keywords\":[\"abuso sexual infantil\",\"Jalisco\",\"Omar Bravo\",\"violencia de g\u00e9nero\"],\"articleSection\":[\"Inicio\"],\"inLanguage\":\"es\",\"potentialAction\":[{\"@type\":\"CommentAction\",\"name\":\"Comment\",\"target\":[\"https:\\\/\\\/www.alasmedios.com\\\/index.php\\\/2025\\\/11\\\/13\\\/omar-bravo-seguira-en-prision-juez-extiende-investigacion-hasta-2026-por-abuso-sexual-infantil\\\/#respond\"]}]},{\"@type\":\"WebPage\",\"@id\":\"https:\\\/\\\/www.alasmedios.com\\\/index.php\\\/2025\\\/11\\\/13\\\/omar-bravo-seguira-en-prision-juez-extiende-investigacion-hasta-2026-por-abuso-sexual-infantil\\\/\",\"url\":\"https:\\\/\\\/www.alasmedios.com\\\/index.php\\\/2025\\\/11\\\/13\\\/omar-bravo-seguira-en-prision-juez-extiende-investigacion-hasta-2026-por-abuso-sexual-infantil\\\/\",\"name\":\"Omar Bravo seguir\u00e1 en prisi\u00f3n: juez extiende investigaci\u00f3n hasta 2026 por abuso sexual infantil - Alas Medios\",\"isPartOf\":{\"@id\":\"https:\\\/\\\/www.alasmedios.com\\\/#website\"},\"primaryImageOfPage\":{\"@id\":\"https:\\\/\\\/www.alasmedios.com\\\/index.php\\\/2025\\\/11\\\/13\\\/omar-bravo-seguira-en-prision-juez-extiende-investigacion-hasta-2026-por-abuso-sexual-infantil\\\/#primaryimage\"},\"image\":{\"@id\":\"https:\\\/\\\/www.alasmedios.com\\\/index.php\\\/2025\\\/11\\\/13\\\/omar-bravo-seguira-en-prision-juez-extiende-investigacion-hasta-2026-por-abuso-sexual-infantil\\\/#primaryimage\"},\"thumbnailUrl\":\"https:\\\/\\\/www.alasmedios.com\\\/wp-content\\\/uploads\\\/2025\\\/11\\\/Omar-Bravo-seguira-en-prision-juez-extiende-investigacion-hasta-2026-por-abuso-sexual-infantil.png\",\"datePublished\":\"2025-11-13T20:42:44+00:00\",\"dateModified\":\"2025-11-14T21:04:07+00:00\",\"breadcrumb\":{\"@id\":\"https:\\\/\\\/www.alasmedios.com\\\/index.php\\\/2025\\\/11\\\/13\\\/omar-bravo-seguira-en-prision-juez-extiende-investigacion-hasta-2026-por-abuso-sexual-infantil\\\/#breadcrumb\"},\"inLanguage\":\"es\",\"potentialAction\":[{\"@type\":\"ReadAction\",\"target\":[\"https:\\\/\\\/www.alasmedios.com\\\/index.php\\\/2025\\\/11\\\/13\\\/omar-bravo-seguira-en-prision-juez-extiende-investigacion-hasta-2026-por-abuso-sexual-infantil\\\/\"]}]},{\"@type\":\"ImageObject\",\"inLanguage\":\"es\",\"@id\":\"https:\\\/\\\/www.alasmedios.com\\\/index.php\\\/2025\\\/11\\\/13\\\/omar-bravo-seguira-en-prision-juez-extiende-investigacion-hasta-2026-por-abuso-sexual-infantil\\\/#primaryimage\",\"url\":\"https:\\\/\\\/www.alasmedios.com\\\/wp-content\\\/uploads\\\/2025\\\/11\\\/Omar-Bravo-seguira-en-prision-juez-extiende-investigacion-hasta-2026-por-abuso-sexual-infantil.png\",\"contentUrl\":\"https:\\\/\\\/www.alasmedios.com\\\/wp-content\\\/uploads\\\/2025\\\/11\\\/Omar-Bravo-seguira-en-prision-juez-extiende-investigacion-hasta-2026-por-abuso-sexual-infantil.png\",\"width\":2000,\"height\":1214},{\"@type\":\"BreadcrumbList\",\"@id\":\"https:\\\/\\\/www.alasmedios.com\\\/index.php\\\/2025\\\/11\\\/13\\\/omar-bravo-seguira-en-prision-juez-extiende-investigacion-hasta-2026-por-abuso-sexual-infantil\\\/#breadcrumb\",\"itemListElement\":[{\"@type\":\"ListItem\",\"position\":1,\"name\":\"Inicio\",\"item\":\"https:\\\/\\\/www.alasmedios.com\\\/\"},{\"@type\":\"ListItem\",\"position\":2,\"name\":\"Omar Bravo seguir\u00e1 en prisi\u00f3n: juez extiende investigaci\u00f3n hasta 2026 por abuso sexual infantil\"}]},{\"@type\":\"WebSite\",\"@id\":\"https:\\\/\\\/www.alasmedios.com\\\/#website\",\"url\":\"https:\\\/\\\/www.alasmedios.com\\\/\",\"name\":\"Alas Medios\",\"description\":\"Alas para pensar, Alas para volar, Alas de libertad\",\"publisher\":{\"@id\":\"https:\\\/\\\/www.alasmedios.com\\\/#organization\"},\"potentialAction\":[{\"@type\":\"SearchAction\",\"target\":{\"@type\":\"EntryPoint\",\"urlTemplate\":\"https:\\\/\\\/www.alasmedios.com\\\/?s={search_term_string}\"},\"query-input\":{\"@type\":\"PropertyValueSpecification\",\"valueRequired\":true,\"valueName\":\"search_term_string\"}}],\"inLanguage\":\"es\"},{\"@type\":\"Organization\",\"@id\":\"https:\\\/\\\/www.alasmedios.com\\\/#organization\",\"name\":\"Alas Medios\",\"url\":\"https:\\\/\\\/www.alasmedios.com\\\/\",\"logo\":{\"@type\":\"ImageObject\",\"inLanguage\":\"es\",\"@id\":\"https:\\\/\\\/www.alasmedios.com\\\/#\\\/schema\\\/logo\\\/image\\\/\",\"url\":\"https:\\\/\\\/www.alasmedios.com\\\/wp-content\\\/uploads\\\/2026\\\/01\\\/cropped-cropped-GAM-1.png\",\"contentUrl\":\"https:\\\/\\\/www.alasmedios.com\\\/wp-content\\\/uploads\\\/2026\\\/01\\\/cropped-cropped-GAM-1.png\",\"width\":467,\"height\":235,\"caption\":\"Alas Medios\"},\"image\":{\"@id\":\"https:\\\/\\\/www.alasmedios.com\\\/#\\\/schema\\\/logo\\\/image\\\/\"}},{\"@type\":\"Person\",\"@id\":\"https:\\\/\\\/www.alasmedios.com\\\/#\\\/schema\\\/person\\\/0ba31bdd19a05ebf5c7fef1fedf99c34\",\"name\":\"Keila Rodr\u00edguez Pe\u00f1a\",\"image\":{\"@type\":\"ImageObject\",\"inLanguage\":\"es\",\"@id\":\"https:\\\/\\\/secure.gravatar.com\\\/avatar\\\/a2553a2bfaa601b9d539b617c8793e151bdffb60f9e48a249912f86d4c9ebeef?s=96&d=mm&r=g\",\"url\":\"https:\\\/\\\/secure.gravatar.com\\\/avatar\\\/a2553a2bfaa601b9d539b617c8793e151bdffb60f9e48a249912f86d4c9ebeef?s=96&d=mm&r=g\",\"contentUrl\":\"https:\\\/\\\/secure.gravatar.com\\\/avatar\\\/a2553a2bfaa601b9d539b617c8793e151bdffb60f9e48a249912f86d4c9ebeef?s=96&d=mm&r=g\",\"caption\":\"Keila Rodr\u00edguez Pe\u00f1a\"},\"sameAs\":[\"http:\\\/\\\/www.alasmedios.com\"],\"url\":\"https:\\\/\\\/www.alasmedios.com\\\/index.php\\\/author\\\/keila\\\/\"}]}<\/script>\r\n<!-- \/ Yoast SEO plugin. -->","yoast_head_json":{"title":"Omar Bravo seguir\u00e1 en prisi\u00f3n: juez extiende investigaci\u00f3n hasta 2026 por abuso sexual infantil - Alas Medios","robots":{"index":"index","follow":"follow","max-snippet":"max-snippet:-1","max-image-preview":"max-image-preview:large","max-video-preview":"max-video-preview:-1"},"canonical":"https:\/\/www.alasmedios.com\/index.php\/2025\/11\/13\/omar-bravo-seguira-en-prision-juez-extiende-investigacion-hasta-2026-por-abuso-sexual-infantil\/","og_locale":"es_MX","og_type":"article","og_title":"Omar Bravo seguir\u00e1 en prisi\u00f3n: juez extiende investigaci\u00f3n hasta 2026 por abuso sexual infantil - Alas Medios","og_description":"El caso de Omar Bravo, exdelantero hist\u00f3rico de las Chivas, vuelve a acaparar los reflectores, ahora por un nuevo giro","og_url":"https:\/\/www.alasmedios.com\/index.php\/2025\/11\/13\/omar-bravo-seguira-en-prision-juez-extiende-investigacion-hasta-2026-por-abuso-sexual-infantil\/","og_site_name":"Alas Medios","article_published_time":"2025-11-13T20:42:44+00:00","article_modified_time":"2025-11-14T21:04:07+00:00","og_image":[{"width":2000,"height":1214,"url":"https:\/\/www.alasmedios.com\/wp-content\/uploads\/2025\/11\/Omar-Bravo-seguira-en-prision-juez-extiende-investigacion-hasta-2026-por-abuso-sexual-infantil.png","type":"image\/png"}],"author":"Keila Rodr\u00edguez Pe\u00f1a","twitter_card":"summary_large_image","twitter_misc":{"Escrito por":"Keila Rodr\u00edguez Pe\u00f1a","Tiempo de lectura":"1 minuto"},"schema":{"@context":"https:\/\/schema.org","@graph":[{"@type":"Article","@id":"https:\/\/www.alasmedios.com\/index.php\/2025\/11\/13\/omar-bravo-seguira-en-prision-juez-extiende-investigacion-hasta-2026-por-abuso-sexual-infantil\/#article","isPartOf":{"@id":"https:\/\/www.alasmedios.com\/index.php\/2025\/11\/13\/omar-bravo-seguira-en-prision-juez-extiende-investigacion-hasta-2026-por-abuso-sexual-infantil\/"},"author":{"name":"Keila Rodr\u00edguez Pe\u00f1a","@id":"https:\/\/www.alasmedios.com\/#\/schema\/person\/0ba31bdd19a05ebf5c7fef1fedf99c34"},"headline":"Omar Bravo seguir\u00e1 en prisi\u00f3n: juez extiende investigaci\u00f3n hasta 2026 por abuso sexual infantil","datePublished":"2025-11-13T20:42:44+00:00","dateModified":"2025-11-14T21:04:07+00:00","mainEntityOfPage":{"@id":"https:\/\/www.alasmedios.com\/index.php\/2025\/11\/13\/omar-bravo-seguira-en-prision-juez-extiende-investigacion-hasta-2026-por-abuso-sexual-infantil\/"},"wordCount":253,"commentCount":0,"publisher":{"@id":"https:\/\/www.alasmedios.com\/#organization"},"image":{"@id":"https:\/\/www.alasmedios.com\/index.php\/2025\/11\/13\/omar-bravo-seguira-en-prision-juez-extiende-investigacion-hasta-2026-por-abuso-sexual-infantil\/#primaryimage"},"thumbnailUrl":"https:\/\/www.alasmedios.com\/wp-content\/uploads\/2025\/11\/Omar-Bravo-seguira-en-prision-juez-extiende-investigacion-hasta-2026-por-abuso-sexual-infantil.png","keywords":["abuso sexual infantil","Jalisco","Omar Bravo","violencia de g\u00e9nero"],"articleSection":["Inicio"],"inLanguage":"es","potentialAction":[{"@type":"CommentAction","name":"Comment","target":["https:\/\/www.alasmedios.com\/index.php\/2025\/11\/13\/omar-bravo-seguira-en-prision-juez-extiende-investigacion-hasta-2026-por-abuso-sexual-infantil\/#respond"]}]},{"@type":"WebPage","@id":"https:\/\/www.alasmedios.com\/index.php\/2025\/11\/13\/omar-bravo-seguira-en-prision-juez-extiende-investigacion-hasta-2026-por-abuso-sexual-infantil\/","url":"https:\/\/www.alasmedios.com\/index.php\/2025\/11\/13\/omar-bravo-seguira-en-prision-juez-extiende-investigacion-hasta-2026-por-abuso-sexual-infantil\/","name":"Omar Bravo seguir\u00e1 en prisi\u00f3n: juez extiende investigaci\u00f3n hasta 2026 por abuso sexual infantil - Alas Medios","isPartOf":{"@id":"https:\/\/www.alasmedios.com\/#website"},"primaryImageOfPage":{"@id":"https:\/\/www.alasmedios.com\/index.php\/2025\/11\/13\/omar-bravo-seguira-en-prision-juez-extiende-investigacion-hasta-2026-por-abuso-sexual-infantil\/#primaryimage"},"image":{"@id":"https:\/\/www.alasmedios.com\/index.php\/2025\/11\/13\/omar-bravo-seguira-en-prision-juez-extiende-investigacion-hasta-2026-por-abuso-sexual-infantil\/#primaryimage"},"thumbnailUrl":"https:\/\/www.alasmedios.com\/wp-content\/uploads\/2025\/11\/Omar-Bravo-seguira-en-prision-juez-extiende-investigacion-hasta-2026-por-abuso-sexual-infantil.png","datePublished":"2025-11-13T20:42:44+00:00","dateModified":"2025-11-14T21:04:07+00:00","breadcrumb":{"@id":"https:\/\/www.alasmedios.com\/index.php\/2025\/11\/13\/omar-bravo-seguira-en-prision-juez-extiende-investigacion-hasta-2026-por-abuso-sexual-infantil\/#breadcrumb"},"inLanguage":"es","potentialAction":[{"@type":"ReadAction","target":["https:\/\/www.alasmedios.com\/index.php\/2025\/11\/13\/omar-bravo-seguira-en-prision-juez-extiende-investigacion-hasta-2026-por-abuso-sexual-infantil\/"]}]},{"@type":"ImageObject","inLanguage":"es","@id":"https:\/\/www.alasmedios.com\/index.php\/2025\/11\/13\/omar-bravo-seguira-en-prision-juez-extiende-investigacion-hasta-2026-por-abuso-sexual-infantil\/#primaryimage","url":"https:\/\/www.alasmedios.com\/wp-content\/uploads\/2025\/11\/Omar-Bravo-seguira-en-prision-juez-extiende-investigacion-hasta-2026-por-abuso-sexual-infantil.png","contentUrl":"https:\/\/www.alasmedios.com\/wp-content\/uploads\/2025\/11\/Omar-Bravo-seguira-en-prision-juez-extiende-investigacion-hasta-2026-por-abuso-sexual-infantil.png","width":2000,"height":1214},{"@type":"BreadcrumbList","@id":"https:\/\/www.alasmedios.com\/index.php\/2025\/11\/13\/omar-bravo-seguira-en-prision-juez-extiende-investigacion-hasta-2026-por-abuso-sexual-infantil\/#breadcrumb","itemListElement":[{"@type":"ListItem","position":1,"name":"Inicio","item":"https:\/\/www.alasmedios.com\/"},{"@type":"ListItem","position":2,"name":"Omar Bravo seguir\u00e1 en prisi\u00f3n: juez extiende investigaci\u00f3n hasta 2026 por abuso sexual infantil"}]},{"@type":"WebSite","@id":"https:\/\/www.alasmedios.com\/#website","url":"https:\/\/www.alasmedios.com\/","name":"Alas Medios","description":"Alas para pensar, Alas para volar, Alas de libertad","publisher":{"@id":"https:\/\/www.alasmedios.com\/#organization"},"potentialAction":[{"@type":"SearchAction","target":{"@type":"EntryPoint","urlTemplate":"https:\/\/www.alasmedios.com\/?s={search_term_string}"},"query-input":{"@type":"PropertyValueSpecification","valueRequired":true,"valueName":"search_term_string"}}],"inLanguage":"es"},{"@type":"Organization","@id":"https:\/\/www.alasmedios.com\/#organization","name":"Alas Medios","url":"https:\/\/www.alasmedios.com\/","logo":{"@type":"ImageObject","inLanguage":"es","@id":"https:\/\/www.alasmedios.com\/#\/schema\/logo\/image\/","url":"https:\/\/www.alasmedios.com\/wp-content\/uploads\/2026\/01\/cropped-cropped-GAM-1.png","contentUrl":"https:\/\/www.alasmedios.com\/wp-content\/uploads\/2026\/01\/cropped-cropped-GAM-1.png","width":467,"height":235,"caption":"Alas Medios"},"image":{"@id":"https:\/\/www.alasmedios.com\/#\/schema\/logo\/image\/"}},{"@type":"Person","@id":"https:\/\/www.alasmedios.com\/#\/schema\/person\/0ba31bdd19a05ebf5c7fef1fedf99c34","name":"Keila Rodr\u00edguez Pe\u00f1a","image":{"@type":"ImageObject","inLanguage":"es","@id":"https:\/\/secure.gravatar.com\/avatar\/a2553a2bfaa601b9d539b617c8793e151bdffb60f9e48a249912f86d4c9ebeef?s=96&d=mm&r=g","url":"https:\/\/secure.gravatar.com\/avatar\/a2553a2bfaa601b9d539b617c8793e151bdffb60f9e48a249912f86d4c9ebeef?s=96&d=mm&r=g","contentUrl":"https:\/\/secure.gravatar.com\/avatar\/a2553a2bfaa601b9d539b617c8793e151bdffb60f9e48a249912f86d4c9ebeef?s=96&d=mm&r=g","caption":"Keila Rodr\u00edguez Pe\u00f1a"},"sameAs":["http:\/\/www.alasmedios.com"],"url":"https:\/\/www.alasmedios.com\/index.php\/author\/keila\/"}]}},"_links":{"self":[{"href":"https:\/\/www.alasmedios.com\/index.php\/wp-json\/wp\/v2\/posts\/6837","targetHints":{"allow":["GET"]}}],"collection":[{"href":"https:\/\/www.alasmedios.com\/index.php\/wp-json\/wp\/v2\/posts"}],"about":[{"href":"https:\/\/www.alasmedios.com\/index.php\/wp-json\/wp\/v2\/types\/post"}],"author":[{"embeddable":true,"href":"https:\/\/www.alasmedios.com\/index.php\/wp-json\/wp\/v2\/users\/4"}],"replies":[{"embeddable":true,"href":"https:\/\/www.alasmedios.com\/index.php\/wp-json\/wp\/v2\/comments?post=6837"}],"version-history":[{"count":2,"href":"https:\/\/www.alasmedios.com\/index.php\/wp-json\/wp\/v2\/posts\/6837\/revisions"}],"predecessor-version":[{"id":6849,"href":"https:\/\/www.alasmedios.com\/index.php\/wp-json\/wp\/v2\/posts\/6837\/revisions\/6849"}],"wp:featuredmedia":[{"embeddable":true,"href":"https:\/\/www.alasmedios.com\/index.php\/wp-json\/wp\/v2\/media\/6838"}],"wp:attachment":[{"href":"https:\/\/www.alasmedios.com\/index.php\/wp-json\/wp\/v2\/media?parent=6837"}],"wp:term":[{"taxonomy":"category","embeddable":true,"href":"https:\/\/www.alasmedios.com\/index.php\/wp-json\/wp\/v2\/categories?post=6837"},{"taxonomy":"post_tag","embeddable":true,"href":"https:\/\/www.alasmedios.com\/index.php\/wp-json\/wp\/v2\/tags?post=6837"}],"curies":[{"name":"wp","href":"https:\/\/api.w.org\/{rel}","templated":true}]}}