{"id":6834,"date":"2025-11-13T14:16:41","date_gmt":"2025-11-13T20:16:41","guid":{"rendered":"https:\/\/www.alasmedios.com\/?p=6834"},"modified":"2025-11-13T14:16:41","modified_gmt":"2025-11-13T20:16:41","slug":"mujeres-de-sudan-sobreviven-entre-el-hambre-la-guerra-y-la-violencia-sexual","status":"publish","type":"post","link":"https:\/\/www.alasmedios.com\/index.php\/2025\/11\/13\/mujeres-de-sudan-sobreviven-entre-el-hambre-la-guerra-y-la-violencia-sexual\/","title":{"rendered":"Mujeres de Sud\u00e1n sobreviven entre el hambre, la guerra y la violencia sexual"},"content":{"rendered":"\n<p>El horror en <strong>Sud\u00e1n<\/strong> se profundiza. En la ciudad de <strong>El Fasher<\/strong>, capital de <strong>Darfur del Norte<\/strong>, las <strong>mujeres huyen entre bombardeos, hambre y violaciones<\/strong>, mientras los \u00faltimos hospitales de maternidad han sido <strong>saqueados y destruidos<\/strong>. Algunas mujeres embarazadas <strong>han dado a luz en las calles<\/strong>, sin asistencia m\u00e9dica ni refugio.<\/p>\n\n\n\n<p>De acuerdo con <strong>ONU Mujeres<\/strong>, la <strong>violaci\u00f3n est\u00e1 siendo utilizada como arma de guerra<\/strong>, y el simple hecho de ser mujer en Sud\u00e1n <em>\u201ces un indicador de hambre, violencia y muerte\u201d<\/em>. <strong>Anna Mutavati<\/strong>, directora regional de la agencia para \u00c1frica Oriental y Meridional, advirti\u00f3 desde Ginebra que <em>\u201clos cuerpos de las mujeres se han convertido en la escena del crimen\u201d<\/em>.<\/p>\n\n\n\n<p>Desde abril de 2023, el pa\u00eds vive un conflicto entre las <strong>Fuerzas Armadas Sudanesas<\/strong> y las <strong>Fuerzas de Apoyo R\u00e1pido<\/strong>, un grupo paramilitar que captur\u00f3 <strong>El Fasher<\/strong> tras m\u00e1s de 500 d\u00edas de asedio. Los informes apuntan a <strong>ejecuciones sumarias, violencia sexual y desplazamientos masivos<\/strong>, con miles de mujeres y ni\u00f1as obligadas a huir a zonas sin presencia humanitaria.<\/p>\n\n\n\n<p>ONU Mujeres ha documentado que cada acci\u00f3n cotidiana \u2014<strong>buscar agua, le\u00f1a o comida<\/strong>\u2014 implica para ellas un riesgo constante de <strong>violaci\u00f3n o muerte<\/strong>. En Darfur, un paquete de <strong>compresas sanitarias cuesta 27 d\u00f3lares<\/strong>, mientras la ayuda econ\u00f3mica mensual apenas alcanza los 150 d\u00f3lares para una familia de seis personas.<\/p>\n\n\n\n<p>CONTIN\u00daA LEYENDO: <a href=\"https:\/\/www.alasmedios.com\/index.php\/2025\/11\/11\/la-igualdad-de-genero-en-riesgo-en-la-lucha-climatica-onu-mujeres\/\" data-type=\"post\" data-id=\"6807\">La igualdad de g\u00e9nero, en riesgo en la lucha clim\u00e1tica: ONU Mujeres<\/a><\/p>\n\n\n\n<p><em>\u201cEl hambre que sufren las mujeres tiene un efecto domin\u00f3\u201d<\/em>, advirti\u00f3 Mutavati. En muchas familias, <strong>las mujeres y las ni\u00f1as son las \u00faltimas en comer<\/strong>, o simplemente no comen para que otros sobrevivan.<\/p>\n\n\n\n<p>La <strong>ONU<\/strong> ha confirmado <strong>niveles de hambruna<\/strong> en El Fasher y <strong>Kadugli<\/strong>, mientras aumentan los casos de <strong>desnutrici\u00f3n aguda en lactantes<\/strong> debido al hambre de las madres.<\/p>\n\n\n\n<p><em>\u201cEl mundo est\u00e1 fallando a las mujeres de Sud\u00e1n\u201d<\/em>, concluy\u00f3 Mutavati. <em>\u201cCada d\u00eda que se retrasa la acci\u00f3n internacional, otra mujer da a luz bajo fuego, entierra a su hijo por hambre o desaparece sin justicia\u201d<\/em>.<\/p>\n\n\n\n<p>El organismo pidi\u00f3 <strong>garantizar acceso humanitario inmediato<\/strong> y <strong>proteger a la poblaci\u00f3n civil<\/strong>, mientras los combates y los ataques a\u00e9reos contin\u00faan dejando a miles atrapados entre la violencia y el olvido.<\/p>\n\n\n<ul class=\"wp-block-latest-posts__list is-grid columns-3 wp-block-latest-posts\"><li><div class=\"wp-block-latest-posts__featured-image\"><img loading=\"lazy\" decoding=\"async\" width=\"150\" height=\"150\" src=\"https:\/\/www.alasmedios.com\/wp-content\/uploads\/2026\/05\/AMPEP-inteligencia-artificial-150x150.jpg\" class=\"attachment-thumbnail size-thumbnail wp-post-image\" alt=\"\" style=\"\" \/><\/div><a class=\"wp-block-latest-posts__post-title\" href=\"https:\/\/www.alasmedios.com\/index.php\/2026\/05\/01\/periodismo-frente-a-la-ia-ampep-asume-liderazgo-y-apuesta-por-contar-historias-con-alma\/\">Periodismo frente a la IA: AMPEP asume liderazgo y apuesta por contar historias con \u201calma\u201d<\/a><\/li>\n<li><div class=\"wp-block-latest-posts__featured-image\"><img loading=\"lazy\" decoding=\"async\" width=\"150\" height=\"150\" src=\"https:\/\/www.alasmedios.com\/wp-content\/uploads\/2026\/05\/Hidalgo-viene-un-respiro-con-el-frente-frio-48-150x150.png\" class=\"attachment-thumbnail size-thumbnail wp-post-image\" alt=\"\" style=\"\" \/><\/div><a class=\"wp-block-latest-posts__post-title\" href=\"https:\/\/www.alasmedios.com\/index.php\/2026\/05\/01\/frente-frio-48-un-alivio-asi-impactara-en-hidalgo\/\">Frente fr\u00edo 48, un alivio: as\u00ed impactar\u00e1 en Hidalgo<\/a><\/li>\n<li><div class=\"wp-block-latest-posts__featured-image\"><img loading=\"lazy\" decoding=\"async\" width=\"150\" height=\"150\" src=\"https:\/\/www.alasmedios.com\/wp-content\/uploads\/2026\/05\/mujeres-depresion-posparto-150x150.png\" class=\"attachment-thumbnail size-thumbnail wp-post-image\" alt=\"\" style=\"\" \/><\/div><a class=\"wp-block-latest-posts__post-title\" href=\"https:\/\/www.alasmedios.com\/index.php\/2026\/05\/01\/1-de-cada-15-mujeres-sufre-depresion-posparto\/\">1 de cada 15 mujeres sufre depresi\u00f3n posparto<\/a><\/li>\n<\/ul>","protected":false},"excerpt":{"rendered":"<p>El horror en Sud\u00e1n se profundiza. En la ciudad de El Fasher, capital de Darfur del Norte, las mujeres huyen<\/p>\n","protected":false},"author":4,"featured_media":6835,"comment_status":"open","ping_status":"open","sticky":false,"template":"","format":"standard","meta":{"colormag_page_container_layout":"default_layout","colormag_page_sidebar_layout":"default_layout","rop_custom_images_group":[],"rop_custom_messages_group":[],"rop_publish_now":"initial","rop_publish_now_accounts":[],"rop_publish_now_history":[],"rop_publish_now_status":"pending","iawp_total_views":0,"footnotes":""},"categories":[45],"tags":[53,842,2160,121,586],"class_list":["post-6834","post","type-post","status-publish","format-standard","has-post-thumbnail","hentry","category-ellas-dicen","tag-mujeres","tag-onu-mujeres","tag-sudan","tag-violencia-de-genero-2","tag-violencia-sexual"],"magazineBlocksPostFeaturedMedia":{"thumbnail":"https:\/\/www.alasmedios.com\/wp-content\/uploads\/2025\/11\/Sudan-mujeres-150x150.jpg","medium":"https:\/\/www.alasmedios.com\/wp-content\/uploads\/2025\/11\/Sudan-mujeres-300x136.jpg","medium_large":"https:\/\/www.alasmedios.com\/wp-content\/uploads\/2025\/11\/Sudan-mujeres-768x348.jpg","large":"https:\/\/www.alasmedios.com\/wp-content\/uploads\/2025\/11\/Sudan-mujeres-1024x464.jpg","1536x1536":"https:\/\/www.alasmedios.com\/wp-content\/uploads\/2025\/11\/Sudan-mujeres.jpg","2048x2048":"https:\/\/www.alasmedios.com\/wp-content\/uploads\/2025\/11\/Sudan-mujeres.jpg","colormag-highlighted-post":"https:\/\/www.alasmedios.com\/wp-content\/uploads\/2025\/11\/Sudan-mujeres-392x272.jpg","colormag-featured-post-medium":"https:\/\/www.alasmedios.com\/wp-content\/uploads\/2025\/11\/Sudan-mujeres-390x205.jpg","colormag-featured-post-small":"https:\/\/www.alasmedios.com\/wp-content\/uploads\/2025\/11\/Sudan-mujeres-130x90.jpg","colormag-featured-image":"https:\/\/www.alasmedios.com\/wp-content\/uploads\/2025\/11\/Sudan-mujeres-800x445.jpg","colormag-default-news":"https:\/\/www.alasmedios.com\/wp-content\/uploads\/2025\/11\/Sudan-mujeres-150x150.jpg","colormag-featured-image-large":"https:\/\/www.alasmedios.com\/wp-content\/uploads\/2025\/11\/Sudan-mujeres.jpg"},"magazineBlocksPostAuthor":{"name":"Keila Rodr\u00edguez Pe\u00f1a","avatar":"https:\/\/secure.gravatar.com\/avatar\/a2553a2bfaa601b9d539b617c8793e151bdffb60f9e48a249912f86d4c9ebeef?s=96&d=mm&r=g"},"magazineBlocksPostCommentsNumber":"0","magazineBlocksPostExcerpt":"El horror en Sud\u00e1n se profundiza. En la ciudad de El Fasher, capital de Darfur del Norte, las mujeres huyen","magazineBlocksPostCategories":["Ellas Dicen"],"magazineBlocksPostViewCount":176,"magazineBlocksPostReadTime":2,"magazine_blocks_featured_image_url":{"full":["https:\/\/www.alasmedios.com\/wp-content\/uploads\/2025\/11\/Sudan-mujeres.jpg",1170,530,false],"medium":["https:\/\/www.alasmedios.com\/wp-content\/uploads\/2025\/11\/Sudan-mujeres-300x136.jpg",300,136,true],"thumbnail":["https:\/\/www.alasmedios.com\/wp-content\/uploads\/2025\/11\/Sudan-mujeres-150x150.jpg",150,150,true]},"magazine_blocks_author":{"display_name":"Keila Rodr\u00edguez Pe\u00f1a","author_link":"https:\/\/www.alasmedios.com\/index.php\/author\/keila\/"},"magazine_blocks_comment":0,"magazine_blocks_author_image":"https:\/\/secure.gravatar.com\/avatar\/a2553a2bfaa601b9d539b617c8793e151bdffb60f9e48a249912f86d4c9ebeef?s=96&d=mm&r=g","magazine_blocks_category":"<a href=\"#\" class=\"category-link category-link-45\">Ellas Dicen<\/a>","yoast_head":"<!-- This site is optimized with the Yoast SEO plugin v27.5 - https:\/\/yoast.com\/product\/yoast-seo-wordpress\/ -->\r\n<title>Mujeres de Sud\u00e1n sobreviven entre el hambre, la guerra y la violencia sexual - Alas Medios<\/title>\r\n<meta name=\"robots\" content=\"index, follow, max-snippet:-1, max-image-preview:large, max-video-preview:-1\" \/>\r\n<link rel=\"canonical\" href=\"https:\/\/www.alasmedios.com\/index.php\/2025\/11\/13\/mujeres-de-sudan-sobreviven-entre-el-hambre-la-guerra-y-la-violencia-sexual\/\" \/>\r\n<meta property=\"og:locale\" content=\"es_MX\" \/>\r\n<meta property=\"og:type\" content=\"article\" \/>\r\n<meta property=\"og:title\" content=\"Mujeres de Sud\u00e1n sobreviven entre el hambre, la guerra y la violencia sexual - Alas Medios\" \/>\r\n<meta property=\"og:description\" content=\"El horror en Sud\u00e1n se profundiza. En la ciudad de El Fasher, capital de Darfur del Norte, las mujeres huyen\" \/>\r\n<meta property=\"og:url\" content=\"https:\/\/www.alasmedios.com\/index.php\/2025\/11\/13\/mujeres-de-sudan-sobreviven-entre-el-hambre-la-guerra-y-la-violencia-sexual\/\" \/>\r\n<meta property=\"og:site_name\" content=\"Alas Medios\" \/>\r\n<meta property=\"article:published_time\" content=\"2025-11-13T20:16:41+00:00\" \/>\r\n<meta property=\"og:image\" content=\"https:\/\/www.alasmedios.com\/wp-content\/uploads\/2025\/11\/Sudan-mujeres.jpg\" \/>\r\n\t<meta property=\"og:image:width\" content=\"1170\" \/>\r\n\t<meta property=\"og:image:height\" content=\"530\" \/>\r\n\t<meta property=\"og:image:type\" content=\"image\/jpeg\" \/>\r\n<meta name=\"author\" content=\"Keila Rodr\u00edguez Pe\u00f1a\" \/>\r\n<meta name=\"twitter:card\" content=\"summary_large_image\" \/>\r\n<meta name=\"twitter:label1\" content=\"Escrito por\" \/>\n\t<meta name=\"twitter:data1\" content=\"Keila Rodr\u00edguez Pe\u00f1a\" \/>\n\t<meta name=\"twitter:label2\" content=\"Tiempo de lectura\" \/>\n\t<meta name=\"twitter:data2\" content=\"2 minutos\" \/>\r\n<script type=\"application\/ld+json\" class=\"yoast-schema-graph\">{\"@context\":\"https:\\\/\\\/schema.org\",\"@graph\":[{\"@type\":\"Article\",\"@id\":\"https:\\\/\\\/www.alasmedios.com\\\/index.php\\\/2025\\\/11\\\/13\\\/mujeres-de-sudan-sobreviven-entre-el-hambre-la-guerra-y-la-violencia-sexual\\\/#article\",\"isPartOf\":{\"@id\":\"https:\\\/\\\/www.alasmedios.com\\\/index.php\\\/2025\\\/11\\\/13\\\/mujeres-de-sudan-sobreviven-entre-el-hambre-la-guerra-y-la-violencia-sexual\\\/\"},\"author\":{\"name\":\"Keila Rodr\u00edguez Pe\u00f1a\",\"@id\":\"https:\\\/\\\/www.alasmedios.com\\\/#\\\/schema\\\/person\\\/0ba31bdd19a05ebf5c7fef1fedf99c34\"},\"headline\":\"Mujeres de Sud\u00e1n sobreviven entre el hambre, la guerra y la violencia sexual\",\"datePublished\":\"2025-11-13T20:16:41+00:00\",\"mainEntityOfPage\":{\"@id\":\"https:\\\/\\\/www.alasmedios.com\\\/index.php\\\/2025\\\/11\\\/13\\\/mujeres-de-sudan-sobreviven-entre-el-hambre-la-guerra-y-la-violencia-sexual\\\/\"},\"wordCount\":396,\"commentCount\":0,\"publisher\":{\"@id\":\"https:\\\/\\\/www.alasmedios.com\\\/#organization\"},\"image\":{\"@id\":\"https:\\\/\\\/www.alasmedios.com\\\/index.php\\\/2025\\\/11\\\/13\\\/mujeres-de-sudan-sobreviven-entre-el-hambre-la-guerra-y-la-violencia-sexual\\\/#primaryimage\"},\"thumbnailUrl\":\"https:\\\/\\\/www.alasmedios.com\\\/wp-content\\\/uploads\\\/2025\\\/11\\\/Sudan-mujeres.jpg\",\"keywords\":[\"Mujeres\",\"ONU Mujeres\",\"Sud\u00e1n\",\"violencia de g\u00e9nero\",\"violencia sexual\"],\"articleSection\":[\"Ellas Dicen\"],\"inLanguage\":\"es\",\"potentialAction\":[{\"@type\":\"CommentAction\",\"name\":\"Comment\",\"target\":[\"https:\\\/\\\/www.alasmedios.com\\\/index.php\\\/2025\\\/11\\\/13\\\/mujeres-de-sudan-sobreviven-entre-el-hambre-la-guerra-y-la-violencia-sexual\\\/#respond\"]}]},{\"@type\":\"WebPage\",\"@id\":\"https:\\\/\\\/www.alasmedios.com\\\/index.php\\\/2025\\\/11\\\/13\\\/mujeres-de-sudan-sobreviven-entre-el-hambre-la-guerra-y-la-violencia-sexual\\\/\",\"url\":\"https:\\\/\\\/www.alasmedios.com\\\/index.php\\\/2025\\\/11\\\/13\\\/mujeres-de-sudan-sobreviven-entre-el-hambre-la-guerra-y-la-violencia-sexual\\\/\",\"name\":\"Mujeres de Sud\u00e1n sobreviven entre el hambre, la guerra y la violencia sexual - Alas Medios\",\"isPartOf\":{\"@id\":\"https:\\\/\\\/www.alasmedios.com\\\/#website\"},\"primaryImageOfPage\":{\"@id\":\"https:\\\/\\\/www.alasmedios.com\\\/index.php\\\/2025\\\/11\\\/13\\\/mujeres-de-sudan-sobreviven-entre-el-hambre-la-guerra-y-la-violencia-sexual\\\/#primaryimage\"},\"image\":{\"@id\":\"https:\\\/\\\/www.alasmedios.com\\\/index.php\\\/2025\\\/11\\\/13\\\/mujeres-de-sudan-sobreviven-entre-el-hambre-la-guerra-y-la-violencia-sexual\\\/#primaryimage\"},\"thumbnailUrl\":\"https:\\\/\\\/www.alasmedios.com\\\/wp-content\\\/uploads\\\/2025\\\/11\\\/Sudan-mujeres.jpg\",\"datePublished\":\"2025-11-13T20:16:41+00:00\",\"breadcrumb\":{\"@id\":\"https:\\\/\\\/www.alasmedios.com\\\/index.php\\\/2025\\\/11\\\/13\\\/mujeres-de-sudan-sobreviven-entre-el-hambre-la-guerra-y-la-violencia-sexual\\\/#breadcrumb\"},\"inLanguage\":\"es\",\"potentialAction\":[{\"@type\":\"ReadAction\",\"target\":[\"https:\\\/\\\/www.alasmedios.com\\\/index.php\\\/2025\\\/11\\\/13\\\/mujeres-de-sudan-sobreviven-entre-el-hambre-la-guerra-y-la-violencia-sexual\\\/\"]}]},{\"@type\":\"ImageObject\",\"inLanguage\":\"es\",\"@id\":\"https:\\\/\\\/www.alasmedios.com\\\/index.php\\\/2025\\\/11\\\/13\\\/mujeres-de-sudan-sobreviven-entre-el-hambre-la-guerra-y-la-violencia-sexual\\\/#primaryimage\",\"url\":\"https:\\\/\\\/www.alasmedios.com\\\/wp-content\\\/uploads\\\/2025\\\/11\\\/Sudan-mujeres.jpg\",\"contentUrl\":\"https:\\\/\\\/www.alasmedios.com\\\/wp-content\\\/uploads\\\/2025\\\/11\\\/Sudan-mujeres.jpg\",\"width\":1170,\"height\":530},{\"@type\":\"BreadcrumbList\",\"@id\":\"https:\\\/\\\/www.alasmedios.com\\\/index.php\\\/2025\\\/11\\\/13\\\/mujeres-de-sudan-sobreviven-entre-el-hambre-la-guerra-y-la-violencia-sexual\\\/#breadcrumb\",\"itemListElement\":[{\"@type\":\"ListItem\",\"position\":1,\"name\":\"Inicio\",\"item\":\"https:\\\/\\\/www.alasmedios.com\\\/\"},{\"@type\":\"ListItem\",\"position\":2,\"name\":\"Mujeres de Sud\u00e1n sobreviven entre el hambre, la guerra y la violencia sexual\"}]},{\"@type\":\"WebSite\",\"@id\":\"https:\\\/\\\/www.alasmedios.com\\\/#website\",\"url\":\"https:\\\/\\\/www.alasmedios.com\\\/\",\"name\":\"Alas Medios\",\"description\":\"Alas para pensar, Alas para volar, Alas de libertad\",\"publisher\":{\"@id\":\"https:\\\/\\\/www.alasmedios.com\\\/#organization\"},\"potentialAction\":[{\"@type\":\"SearchAction\",\"target\":{\"@type\":\"EntryPoint\",\"urlTemplate\":\"https:\\\/\\\/www.alasmedios.com\\\/?s={search_term_string}\"},\"query-input\":{\"@type\":\"PropertyValueSpecification\",\"valueRequired\":true,\"valueName\":\"search_term_string\"}}],\"inLanguage\":\"es\"},{\"@type\":\"Organization\",\"@id\":\"https:\\\/\\\/www.alasmedios.com\\\/#organization\",\"name\":\"Alas Medios\",\"url\":\"https:\\\/\\\/www.alasmedios.com\\\/\",\"logo\":{\"@type\":\"ImageObject\",\"inLanguage\":\"es\",\"@id\":\"https:\\\/\\\/www.alasmedios.com\\\/#\\\/schema\\\/logo\\\/image\\\/\",\"url\":\"https:\\\/\\\/www.alasmedios.com\\\/wp-content\\\/uploads\\\/2026\\\/01\\\/cropped-cropped-GAM-1.png\",\"contentUrl\":\"https:\\\/\\\/www.alasmedios.com\\\/wp-content\\\/uploads\\\/2026\\\/01\\\/cropped-cropped-GAM-1.png\",\"width\":467,\"height\":235,\"caption\":\"Alas Medios\"},\"image\":{\"@id\":\"https:\\\/\\\/www.alasmedios.com\\\/#\\\/schema\\\/logo\\\/image\\\/\"}},{\"@type\":\"Person\",\"@id\":\"https:\\\/\\\/www.alasmedios.com\\\/#\\\/schema\\\/person\\\/0ba31bdd19a05ebf5c7fef1fedf99c34\",\"name\":\"Keila Rodr\u00edguez Pe\u00f1a\",\"image\":{\"@type\":\"ImageObject\",\"inLanguage\":\"es\",\"@id\":\"https:\\\/\\\/secure.gravatar.com\\\/avatar\\\/a2553a2bfaa601b9d539b617c8793e151bdffb60f9e48a249912f86d4c9ebeef?s=96&d=mm&r=g\",\"url\":\"https:\\\/\\\/secure.gravatar.com\\\/avatar\\\/a2553a2bfaa601b9d539b617c8793e151bdffb60f9e48a249912f86d4c9ebeef?s=96&d=mm&r=g\",\"contentUrl\":\"https:\\\/\\\/secure.gravatar.com\\\/avatar\\\/a2553a2bfaa601b9d539b617c8793e151bdffb60f9e48a249912f86d4c9ebeef?s=96&d=mm&r=g\",\"caption\":\"Keila Rodr\u00edguez Pe\u00f1a\"},\"sameAs\":[\"http:\\\/\\\/www.alasmedios.com\"],\"url\":\"https:\\\/\\\/www.alasmedios.com\\\/index.php\\\/author\\\/keila\\\/\"}]}<\/script>\r\n<!-- \/ Yoast SEO plugin. -->","yoast_head_json":{"title":"Mujeres de Sud\u00e1n sobreviven entre el hambre, la guerra y la violencia sexual - Alas Medios","robots":{"index":"index","follow":"follow","max-snippet":"max-snippet:-1","max-image-preview":"max-image-preview:large","max-video-preview":"max-video-preview:-1"},"canonical":"https:\/\/www.alasmedios.com\/index.php\/2025\/11\/13\/mujeres-de-sudan-sobreviven-entre-el-hambre-la-guerra-y-la-violencia-sexual\/","og_locale":"es_MX","og_type":"article","og_title":"Mujeres de Sud\u00e1n sobreviven entre el hambre, la guerra y la violencia sexual - Alas Medios","og_description":"El horror en Sud\u00e1n se profundiza. En la ciudad de El Fasher, capital de Darfur del Norte, las mujeres huyen","og_url":"https:\/\/www.alasmedios.com\/index.php\/2025\/11\/13\/mujeres-de-sudan-sobreviven-entre-el-hambre-la-guerra-y-la-violencia-sexual\/","og_site_name":"Alas Medios","article_published_time":"2025-11-13T20:16:41+00:00","og_image":[{"width":1170,"height":530,"url":"https:\/\/www.alasmedios.com\/wp-content\/uploads\/2025\/11\/Sudan-mujeres.jpg","type":"image\/jpeg"}],"author":"Keila Rodr\u00edguez Pe\u00f1a","twitter_card":"summary_large_image","twitter_misc":{"Escrito por":"Keila Rodr\u00edguez Pe\u00f1a","Tiempo de lectura":"2 minutos"},"schema":{"@context":"https:\/\/schema.org","@graph":[{"@type":"Article","@id":"https:\/\/www.alasmedios.com\/index.php\/2025\/11\/13\/mujeres-de-sudan-sobreviven-entre-el-hambre-la-guerra-y-la-violencia-sexual\/#article","isPartOf":{"@id":"https:\/\/www.alasmedios.com\/index.php\/2025\/11\/13\/mujeres-de-sudan-sobreviven-entre-el-hambre-la-guerra-y-la-violencia-sexual\/"},"author":{"name":"Keila Rodr\u00edguez Pe\u00f1a","@id":"https:\/\/www.alasmedios.com\/#\/schema\/person\/0ba31bdd19a05ebf5c7fef1fedf99c34"},"headline":"Mujeres de Sud\u00e1n sobreviven entre el hambre, la guerra y la violencia sexual","datePublished":"2025-11-13T20:16:41+00:00","mainEntityOfPage":{"@id":"https:\/\/www.alasmedios.com\/index.php\/2025\/11\/13\/mujeres-de-sudan-sobreviven-entre-el-hambre-la-guerra-y-la-violencia-sexual\/"},"wordCount":396,"commentCount":0,"publisher":{"@id":"https:\/\/www.alasmedios.com\/#organization"},"image":{"@id":"https:\/\/www.alasmedios.com\/index.php\/2025\/11\/13\/mujeres-de-sudan-sobreviven-entre-el-hambre-la-guerra-y-la-violencia-sexual\/#primaryimage"},"thumbnailUrl":"https:\/\/www.alasmedios.com\/wp-content\/uploads\/2025\/11\/Sudan-mujeres.jpg","keywords":["Mujeres","ONU Mujeres","Sud\u00e1n","violencia de g\u00e9nero","violencia sexual"],"articleSection":["Ellas Dicen"],"inLanguage":"es","potentialAction":[{"@type":"CommentAction","name":"Comment","target":["https:\/\/www.alasmedios.com\/index.php\/2025\/11\/13\/mujeres-de-sudan-sobreviven-entre-el-hambre-la-guerra-y-la-violencia-sexual\/#respond"]}]},{"@type":"WebPage","@id":"https:\/\/www.alasmedios.com\/index.php\/2025\/11\/13\/mujeres-de-sudan-sobreviven-entre-el-hambre-la-guerra-y-la-violencia-sexual\/","url":"https:\/\/www.alasmedios.com\/index.php\/2025\/11\/13\/mujeres-de-sudan-sobreviven-entre-el-hambre-la-guerra-y-la-violencia-sexual\/","name":"Mujeres de Sud\u00e1n sobreviven entre el hambre, la guerra y la violencia sexual - Alas Medios","isPartOf":{"@id":"https:\/\/www.alasmedios.com\/#website"},"primaryImageOfPage":{"@id":"https:\/\/www.alasmedios.com\/index.php\/2025\/11\/13\/mujeres-de-sudan-sobreviven-entre-el-hambre-la-guerra-y-la-violencia-sexual\/#primaryimage"},"image":{"@id":"https:\/\/www.alasmedios.com\/index.php\/2025\/11\/13\/mujeres-de-sudan-sobreviven-entre-el-hambre-la-guerra-y-la-violencia-sexual\/#primaryimage"},"thumbnailUrl":"https:\/\/www.alasmedios.com\/wp-content\/uploads\/2025\/11\/Sudan-mujeres.jpg","datePublished":"2025-11-13T20:16:41+00:00","breadcrumb":{"@id":"https:\/\/www.alasmedios.com\/index.php\/2025\/11\/13\/mujeres-de-sudan-sobreviven-entre-el-hambre-la-guerra-y-la-violencia-sexual\/#breadcrumb"},"inLanguage":"es","potentialAction":[{"@type":"ReadAction","target":["https:\/\/www.alasmedios.com\/index.php\/2025\/11\/13\/mujeres-de-sudan-sobreviven-entre-el-hambre-la-guerra-y-la-violencia-sexual\/"]}]},{"@type":"ImageObject","inLanguage":"es","@id":"https:\/\/www.alasmedios.com\/index.php\/2025\/11\/13\/mujeres-de-sudan-sobreviven-entre-el-hambre-la-guerra-y-la-violencia-sexual\/#primaryimage","url":"https:\/\/www.alasmedios.com\/wp-content\/uploads\/2025\/11\/Sudan-mujeres.jpg","contentUrl":"https:\/\/www.alasmedios.com\/wp-content\/uploads\/2025\/11\/Sudan-mujeres.jpg","width":1170,"height":530},{"@type":"BreadcrumbList","@id":"https:\/\/www.alasmedios.com\/index.php\/2025\/11\/13\/mujeres-de-sudan-sobreviven-entre-el-hambre-la-guerra-y-la-violencia-sexual\/#breadcrumb","itemListElement":[{"@type":"ListItem","position":1,"name":"Inicio","item":"https:\/\/www.alasmedios.com\/"},{"@type":"ListItem","position":2,"name":"Mujeres de Sud\u00e1n sobreviven entre el hambre, la guerra y la violencia sexual"}]},{"@type":"WebSite","@id":"https:\/\/www.alasmedios.com\/#website","url":"https:\/\/www.alasmedios.com\/","name":"Alas Medios","description":"Alas para pensar, Alas para volar, Alas de libertad","publisher":{"@id":"https:\/\/www.alasmedios.com\/#organization"},"potentialAction":[{"@type":"SearchAction","target":{"@type":"EntryPoint","urlTemplate":"https:\/\/www.alasmedios.com\/?s={search_term_string}"},"query-input":{"@type":"PropertyValueSpecification","valueRequired":true,"valueName":"search_term_string"}}],"inLanguage":"es"},{"@type":"Organization","@id":"https:\/\/www.alasmedios.com\/#organization","name":"Alas Medios","url":"https:\/\/www.alasmedios.com\/","logo":{"@type":"ImageObject","inLanguage":"es","@id":"https:\/\/www.alasmedios.com\/#\/schema\/logo\/image\/","url":"https:\/\/www.alasmedios.com\/wp-content\/uploads\/2026\/01\/cropped-cropped-GAM-1.png","contentUrl":"https:\/\/www.alasmedios.com\/wp-content\/uploads\/2026\/01\/cropped-cropped-GAM-1.png","width":467,"height":235,"caption":"Alas Medios"},"image":{"@id":"https:\/\/www.alasmedios.com\/#\/schema\/logo\/image\/"}},{"@type":"Person","@id":"https:\/\/www.alasmedios.com\/#\/schema\/person\/0ba31bdd19a05ebf5c7fef1fedf99c34","name":"Keila Rodr\u00edguez Pe\u00f1a","image":{"@type":"ImageObject","inLanguage":"es","@id":"https:\/\/secure.gravatar.com\/avatar\/a2553a2bfaa601b9d539b617c8793e151bdffb60f9e48a249912f86d4c9ebeef?s=96&d=mm&r=g","url":"https:\/\/secure.gravatar.com\/avatar\/a2553a2bfaa601b9d539b617c8793e151bdffb60f9e48a249912f86d4c9ebeef?s=96&d=mm&r=g","contentUrl":"https:\/\/secure.gravatar.com\/avatar\/a2553a2bfaa601b9d539b617c8793e151bdffb60f9e48a249912f86d4c9ebeef?s=96&d=mm&r=g","caption":"Keila Rodr\u00edguez Pe\u00f1a"},"sameAs":["http:\/\/www.alasmedios.com"],"url":"https:\/\/www.alasmedios.com\/index.php\/author\/keila\/"}]}},"_links":{"self":[{"href":"https:\/\/www.alasmedios.com\/index.php\/wp-json\/wp\/v2\/posts\/6834","targetHints":{"allow":["GET"]}}],"collection":[{"href":"https:\/\/www.alasmedios.com\/index.php\/wp-json\/wp\/v2\/posts"}],"about":[{"href":"https:\/\/www.alasmedios.com\/index.php\/wp-json\/wp\/v2\/types\/post"}],"author":[{"embeddable":true,"href":"https:\/\/www.alasmedios.com\/index.php\/wp-json\/wp\/v2\/users\/4"}],"replies":[{"embeddable":true,"href":"https:\/\/www.alasmedios.com\/index.php\/wp-json\/wp\/v2\/comments?post=6834"}],"version-history":[{"count":1,"href":"https:\/\/www.alasmedios.com\/index.php\/wp-json\/wp\/v2\/posts\/6834\/revisions"}],"predecessor-version":[{"id":6836,"href":"https:\/\/www.alasmedios.com\/index.php\/wp-json\/wp\/v2\/posts\/6834\/revisions\/6836"}],"wp:featuredmedia":[{"embeddable":true,"href":"https:\/\/www.alasmedios.com\/index.php\/wp-json\/wp\/v2\/media\/6835"}],"wp:attachment":[{"href":"https:\/\/www.alasmedios.com\/index.php\/wp-json\/wp\/v2\/media?parent=6834"}],"wp:term":[{"taxonomy":"category","embeddable":true,"href":"https:\/\/www.alasmedios.com\/index.php\/wp-json\/wp\/v2\/categories?post=6834"},{"taxonomy":"post_tag","embeddable":true,"href":"https:\/\/www.alasmedios.com\/index.php\/wp-json\/wp\/v2\/tags?post=6834"}],"curies":[{"name":"wp","href":"https:\/\/api.w.org\/{rel}","templated":true}]}}