{"id":6828,"date":"2025-11-13T12:31:06","date_gmt":"2025-11-13T18:31:06","guid":{"rendered":"https:\/\/www.alasmedios.com\/?p=6828"},"modified":"2025-11-13T12:31:07","modified_gmt":"2025-11-13T18:31:07","slug":"ihm-participa-en-el-panel-mujeres-que-inspiran-con-liderazgo-comunitario","status":"publish","type":"post","link":"https:\/\/www.alasmedios.com\/index.php\/2025\/11\/13\/ihm-participa-en-el-panel-mujeres-que-inspiran-con-liderazgo-comunitario\/","title":{"rendered":"IHM participa en el Panel \u201cMujeres que inspiran con liderazgo comunitario\u201d"},"content":{"rendered":"\n<p>El <strong>Instituto Hidalguense de las Mujeres (IHM)<\/strong> particip\u00f3 en el <strong>Panel \u201cMujeres que inspiran con liderazgo comunitario\u201d<\/strong>, organizado por la <strong>Secretar\u00eda de Agricultura y Desarrollo Rural de Hidalgo<\/strong> a trav\u00e9s de <strong>FIRCO<\/strong>, representado por <strong>Alfonso R\u00edos \u00c1ngeles<\/strong>.<\/p>\n\n\n\n<p>Durante su intervenci\u00f3n, <strong>Katya Hern\u00e1ndez P\u00e9rez<\/strong>, <strong>directora general del IHM<\/strong>, present\u00f3 la estrategia <strong>\u201cTejedoras de la Patria\u201d<\/strong>, una iniciativa que impulsa la <strong>construcci\u00f3n de redes de apoyo entre mujeres<\/strong> y visibiliza su <strong>liderazgo en las comunidades<\/strong>.<\/p>\n\n\n\n<p>El encuentro reuni\u00f3 a <strong>mujeres del sector empresarial y acad\u00e9mico<\/strong>, quienes compartieron sus <strong>experiencias de trabajo, resiliencia y liderazgo<\/strong>, inspirando a otras a seguir su propio camino.<\/p>\n\n\n\n<p>CONTIN\u00daA LEYENDO: <a href=\"https:\/\/www.alasmedios.com\/index.php\/2025\/11\/12\/huasca-y-bacalar-sellan-alianza-para-fortalecer-su-magia-turistica-y-cultural\/\" data-type=\"post\" data-id=\"6825\">Huasca y Bacalar sellan alianza para fortalecer su magia tur\u00edstica y cultural<\/a><\/p>\n\n\n\n<figure class=\"wp-block-gallery has-nested-images columns-default is-cropped wp-block-gallery-1 is-layout-flex wp-block-gallery-is-layout-flex\">\n<figure class=\"wp-block-image size-large\"><img loading=\"lazy\" decoding=\"async\" width=\"1024\" height=\"575\" data-id=\"6830\" src=\"https:\/\/www.alasmedios.com\/wp-content\/uploads\/2025\/11\/Panel-Mujeres-que-inspiran-con-liderazgo-comunitario-3-1024x575.jpg\" alt=\"\" class=\"wp-image-6830\" srcset=\"https:\/\/www.alasmedios.com\/wp-content\/uploads\/2025\/11\/Panel-Mujeres-que-inspiran-con-liderazgo-comunitario-3-1024x575.jpg 1024w, https:\/\/www.alasmedios.com\/wp-content\/uploads\/2025\/11\/Panel-Mujeres-que-inspiran-con-liderazgo-comunitario-3-300x168.jpg 300w, https:\/\/www.alasmedios.com\/wp-content\/uploads\/2025\/11\/Panel-Mujeres-que-inspiran-con-liderazgo-comunitario-3-768x431.jpg 768w, https:\/\/www.alasmedios.com\/wp-content\/uploads\/2025\/11\/Panel-Mujeres-que-inspiran-con-liderazgo-comunitario-3-1536x863.jpg 1536w, https:\/\/www.alasmedios.com\/wp-content\/uploads\/2025\/11\/Panel-Mujeres-que-inspiran-con-liderazgo-comunitario-3.jpg 2048w\" sizes=\"auto, (max-width: 1024px) 100vw, 1024px\" \/><\/figure>\n\n\n\n<figure class=\"wp-block-image size-large\"><img loading=\"lazy\" decoding=\"async\" width=\"1024\" height=\"575\" data-id=\"6831\" src=\"https:\/\/www.alasmedios.com\/wp-content\/uploads\/2025\/11\/Panel-Mujeres-que-inspiran-con-liderazgo-comunitario-2-1024x575.jpg\" alt=\"\" class=\"wp-image-6831\" srcset=\"https:\/\/www.alasmedios.com\/wp-content\/uploads\/2025\/11\/Panel-Mujeres-que-inspiran-con-liderazgo-comunitario-2-1024x575.jpg 1024w, https:\/\/www.alasmedios.com\/wp-content\/uploads\/2025\/11\/Panel-Mujeres-que-inspiran-con-liderazgo-comunitario-2-300x168.jpg 300w, https:\/\/www.alasmedios.com\/wp-content\/uploads\/2025\/11\/Panel-Mujeres-que-inspiran-con-liderazgo-comunitario-2-768x431.jpg 768w, https:\/\/www.alasmedios.com\/wp-content\/uploads\/2025\/11\/Panel-Mujeres-que-inspiran-con-liderazgo-comunitario-2-1536x863.jpg 1536w, https:\/\/www.alasmedios.com\/wp-content\/uploads\/2025\/11\/Panel-Mujeres-que-inspiran-con-liderazgo-comunitario-2.jpg 2048w\" sizes=\"auto, (max-width: 1024px) 100vw, 1024px\" \/><\/figure>\n\n\n\n<figure class=\"wp-block-image size-large\"><img loading=\"lazy\" decoding=\"async\" width=\"1024\" height=\"575\" data-id=\"6832\" src=\"https:\/\/www.alasmedios.com\/wp-content\/uploads\/2025\/11\/Panel-Mujeres-que-inspiran-con-liderazgo-comunitario-1-1024x575.jpg\" alt=\"\" class=\"wp-image-6832\" srcset=\"https:\/\/www.alasmedios.com\/wp-content\/uploads\/2025\/11\/Panel-Mujeres-que-inspiran-con-liderazgo-comunitario-1-1024x575.jpg 1024w, https:\/\/www.alasmedios.com\/wp-content\/uploads\/2025\/11\/Panel-Mujeres-que-inspiran-con-liderazgo-comunitario-1-300x168.jpg 300w, https:\/\/www.alasmedios.com\/wp-content\/uploads\/2025\/11\/Panel-Mujeres-que-inspiran-con-liderazgo-comunitario-1-768x431.jpg 768w, https:\/\/www.alasmedios.com\/wp-content\/uploads\/2025\/11\/Panel-Mujeres-que-inspiran-con-liderazgo-comunitario-1-1536x863.jpg 1536w, https:\/\/www.alasmedios.com\/wp-content\/uploads\/2025\/11\/Panel-Mujeres-que-inspiran-con-liderazgo-comunitario-1.jpg 2048w\" sizes=\"auto, (max-width: 1024px) 100vw, 1024px\" \/><\/figure>\n<\/figure>\n\n\n\n<p>Adem\u00e1s, el <strong>IHM<\/strong> facilit\u00f3 la participaci\u00f3n de <strong>emprendedoras del Programa de Autonom\u00eda Econ\u00f3mica<\/strong> y de una integrante de la <strong>Red de Mujeres Hijas del Mayhuel<\/strong> del municipio de <strong>Epazoyucan<\/strong>, quienes <strong>exhibieron y comercializaron sus productos<\/strong> durante la exposici\u00f3n.<\/p>\n\n\n\n<p>Tambi\u00e9n se instal\u00f3 un <strong>stand informativo del Instituto Hidalguense de las Mujeres<\/strong>, donde se ofreci\u00f3 orientaci\u00f3n sobre los <strong>servicios de acompa\u00f1amiento y apoyo<\/strong> disponibles para las mujeres de la regi\u00f3n.<\/p>\n\n\n<ul class=\"wp-block-latest-posts__list is-grid columns-3 wp-block-latest-posts\"><li><div class=\"wp-block-latest-posts__featured-image\"><img loading=\"lazy\" decoding=\"async\" width=\"150\" height=\"150\" src=\"https:\/\/www.alasmedios.com\/wp-content\/uploads\/2026\/05\/AMPEP-inteligencia-artificial-150x150.jpg\" class=\"attachment-thumbnail size-thumbnail wp-post-image\" alt=\"\" style=\"\" \/><\/div><a class=\"wp-block-latest-posts__post-title\" href=\"https:\/\/www.alasmedios.com\/index.php\/2026\/05\/01\/periodismo-frente-a-la-ia-ampep-asume-liderazgo-y-apuesta-por-contar-historias-con-alma\/\">Periodismo frente a la IA: AMPEP asume liderazgo y apuesta por contar historias con \u201calma\u201d<\/a><\/li>\n<li><div class=\"wp-block-latest-posts__featured-image\"><img loading=\"lazy\" decoding=\"async\" width=\"150\" height=\"150\" src=\"https:\/\/www.alasmedios.com\/wp-content\/uploads\/2026\/05\/Hidalgo-viene-un-respiro-con-el-frente-frio-48-150x150.png\" class=\"attachment-thumbnail size-thumbnail wp-post-image\" alt=\"\" style=\"\" \/><\/div><a class=\"wp-block-latest-posts__post-title\" href=\"https:\/\/www.alasmedios.com\/index.php\/2026\/05\/01\/frente-frio-48-un-alivio-asi-impactara-en-hidalgo\/\">Frente fr\u00edo 48, un alivio: as\u00ed impactar\u00e1 en Hidalgo<\/a><\/li>\n<li><div class=\"wp-block-latest-posts__featured-image\"><img loading=\"lazy\" decoding=\"async\" width=\"150\" height=\"150\" src=\"https:\/\/www.alasmedios.com\/wp-content\/uploads\/2026\/05\/mujeres-depresion-posparto-150x150.png\" class=\"attachment-thumbnail size-thumbnail wp-post-image\" alt=\"\" style=\"\" \/><\/div><a class=\"wp-block-latest-posts__post-title\" href=\"https:\/\/www.alasmedios.com\/index.php\/2026\/05\/01\/1-de-cada-15-mujeres-sufre-depresion-posparto\/\">1 de cada 15 mujeres sufre depresi\u00f3n posparto<\/a><\/li>\n<\/ul>","protected":false},"excerpt":{"rendered":"<p>El Instituto Hidalguense de las Mujeres (IHM) particip\u00f3 en el Panel \u201cMujeres que inspiran con liderazgo comunitario\u201d, organizado por la<\/p>\n","protected":false},"author":4,"featured_media":6829,"comment_status":"open","ping_status":"open","sticky":false,"template":"","format":"standard","meta":{"colormag_page_container_layout":"default_layout","colormag_page_sidebar_layout":"default_layout","rop_custom_images_group":[],"rop_custom_messages_group":[],"rop_publish_now":"initial","rop_publish_now_accounts":[],"rop_publish_now_history":[],"rop_publish_now_status":"pending","iawp_total_views":0,"footnotes":""},"categories":[41],"tags":[99,215,53],"class_list":["post-6828","post","type-post","status-publish","format-standard","has-post-thumbnail","hentry","category-hidalgo","tag-hidalgo","tag-ihm","tag-mujeres"],"magazineBlocksPostFeaturedMedia":{"thumbnail":"https:\/\/www.alasmedios.com\/wp-content\/uploads\/2025\/11\/Panel-Mujeres-que-inspiran-con-liderazgo-comunitario-150x150.jpg","medium":"https:\/\/www.alasmedios.com\/wp-content\/uploads\/2025\/11\/Panel-Mujeres-que-inspiran-con-liderazgo-comunitario-300x168.jpg","medium_large":"https:\/\/www.alasmedios.com\/wp-content\/uploads\/2025\/11\/Panel-Mujeres-que-inspiran-con-liderazgo-comunitario-768x431.jpg","large":"https:\/\/www.alasmedios.com\/wp-content\/uploads\/2025\/11\/Panel-Mujeres-que-inspiran-con-liderazgo-comunitario-1024x575.jpg","1536x1536":"https:\/\/www.alasmedios.com\/wp-content\/uploads\/2025\/11\/Panel-Mujeres-que-inspiran-con-liderazgo-comunitario-1536x863.jpg","2048x2048":"https:\/\/www.alasmedios.com\/wp-content\/uploads\/2025\/11\/Panel-Mujeres-que-inspiran-con-liderazgo-comunitario.jpg","colormag-highlighted-post":"https:\/\/www.alasmedios.com\/wp-content\/uploads\/2025\/11\/Panel-Mujeres-que-inspiran-con-liderazgo-comunitario-392x272.jpg","colormag-featured-post-medium":"https:\/\/www.alasmedios.com\/wp-content\/uploads\/2025\/11\/Panel-Mujeres-que-inspiran-con-liderazgo-comunitario-390x205.jpg","colormag-featured-post-small":"https:\/\/www.alasmedios.com\/wp-content\/uploads\/2025\/11\/Panel-Mujeres-que-inspiran-con-liderazgo-comunitario-130x90.jpg","colormag-featured-image":"https:\/\/www.alasmedios.com\/wp-content\/uploads\/2025\/11\/Panel-Mujeres-que-inspiran-con-liderazgo-comunitario-800x445.jpg","colormag-default-news":"https:\/\/www.alasmedios.com\/wp-content\/uploads\/2025\/11\/Panel-Mujeres-que-inspiran-con-liderazgo-comunitario-150x150.jpg","colormag-featured-image-large":"https:\/\/www.alasmedios.com\/wp-content\/uploads\/2025\/11\/Panel-Mujeres-que-inspiran-con-liderazgo-comunitario-1400x600.jpg"},"magazineBlocksPostAuthor":{"name":"Keila Rodr\u00edguez Pe\u00f1a","avatar":"https:\/\/secure.gravatar.com\/avatar\/a2553a2bfaa601b9d539b617c8793e151bdffb60f9e48a249912f86d4c9ebeef?s=96&d=mm&r=g"},"magazineBlocksPostCommentsNumber":"0","magazineBlocksPostExcerpt":"El Instituto Hidalguense de las Mujeres (IHM) particip\u00f3 en el Panel \u201cMujeres que inspiran con liderazgo comunitario\u201d, organizado por la","magazineBlocksPostCategories":["Hidalgo"],"magazineBlocksPostViewCount":191,"magazineBlocksPostReadTime":2,"magazine_blocks_featured_image_url":{"full":["https:\/\/www.alasmedios.com\/wp-content\/uploads\/2025\/11\/Panel-Mujeres-que-inspiran-con-liderazgo-comunitario.jpg",2048,1150,false],"medium":["https:\/\/www.alasmedios.com\/wp-content\/uploads\/2025\/11\/Panel-Mujeres-que-inspiran-con-liderazgo-comunitario-300x168.jpg",300,168,true],"thumbnail":["https:\/\/www.alasmedios.com\/wp-content\/uploads\/2025\/11\/Panel-Mujeres-que-inspiran-con-liderazgo-comunitario-150x150.jpg",150,150,true]},"magazine_blocks_author":{"display_name":"Keila Rodr\u00edguez Pe\u00f1a","author_link":"https:\/\/www.alasmedios.com\/index.php\/author\/keila\/"},"magazine_blocks_comment":0,"magazine_blocks_author_image":"https:\/\/secure.gravatar.com\/avatar\/a2553a2bfaa601b9d539b617c8793e151bdffb60f9e48a249912f86d4c9ebeef?s=96&d=mm&r=g","magazine_blocks_category":"<a href=\"#\" class=\"category-link category-link-41\">Hidalgo<\/a>","yoast_head":"<!-- This site is optimized with the Yoast SEO plugin v27.5 - https:\/\/yoast.com\/product\/yoast-seo-wordpress\/ -->\r\n<title>IHM participa en el Panel \u201cMujeres que inspiran con liderazgo comunitario\u201d - Alas Medios<\/title>\r\n<meta name=\"robots\" content=\"index, follow, max-snippet:-1, max-image-preview:large, max-video-preview:-1\" \/>\r\n<link rel=\"canonical\" href=\"https:\/\/www.alasmedios.com\/index.php\/2025\/11\/13\/ihm-participa-en-el-panel-mujeres-que-inspiran-con-liderazgo-comunitario\/\" \/>\r\n<meta property=\"og:locale\" content=\"es_MX\" \/>\r\n<meta property=\"og:type\" content=\"article\" \/>\r\n<meta property=\"og:title\" content=\"IHM participa en el Panel \u201cMujeres que inspiran con liderazgo comunitario\u201d - Alas Medios\" \/>\r\n<meta property=\"og:description\" content=\"El Instituto Hidalguense de las Mujeres (IHM) particip\u00f3 en el Panel \u201cMujeres que inspiran con liderazgo comunitario\u201d, organizado por la\" \/>\r\n<meta property=\"og:url\" content=\"https:\/\/www.alasmedios.com\/index.php\/2025\/11\/13\/ihm-participa-en-el-panel-mujeres-que-inspiran-con-liderazgo-comunitario\/\" \/>\r\n<meta property=\"og:site_name\" content=\"Alas Medios\" \/>\r\n<meta property=\"article:published_time\" content=\"2025-11-13T18:31:06+00:00\" \/>\r\n<meta property=\"article:modified_time\" content=\"2025-11-13T18:31:07+00:00\" \/>\r\n<meta property=\"og:image\" content=\"https:\/\/www.alasmedios.com\/wp-content\/uploads\/2025\/11\/Panel-Mujeres-que-inspiran-con-liderazgo-comunitario.jpg\" \/>\r\n\t<meta property=\"og:image:width\" content=\"2048\" \/>\r\n\t<meta property=\"og:image:height\" content=\"1150\" \/>\r\n\t<meta property=\"og:image:type\" content=\"image\/jpeg\" \/>\r\n<meta name=\"author\" content=\"Keila Rodr\u00edguez Pe\u00f1a\" \/>\r\n<meta name=\"twitter:card\" content=\"summary_large_image\" \/>\r\n<meta name=\"twitter:label1\" content=\"Escrito por\" \/>\n\t<meta name=\"twitter:data1\" content=\"Keila Rodr\u00edguez Pe\u00f1a\" \/>\n\t<meta name=\"twitter:label2\" content=\"Tiempo de lectura\" \/>\n\t<meta name=\"twitter:data2\" content=\"1 minuto\" \/>\r\n<script type=\"application\/ld+json\" class=\"yoast-schema-graph\">{\"@context\":\"https:\\\/\\\/schema.org\",\"@graph\":[{\"@type\":\"Article\",\"@id\":\"https:\\\/\\\/www.alasmedios.com\\\/index.php\\\/2025\\\/11\\\/13\\\/ihm-participa-en-el-panel-mujeres-que-inspiran-con-liderazgo-comunitario\\\/#article\",\"isPartOf\":{\"@id\":\"https:\\\/\\\/www.alasmedios.com\\\/index.php\\\/2025\\\/11\\\/13\\\/ihm-participa-en-el-panel-mujeres-que-inspiran-con-liderazgo-comunitario\\\/\"},\"author\":{\"name\":\"Keila Rodr\u00edguez Pe\u00f1a\",\"@id\":\"https:\\\/\\\/www.alasmedios.com\\\/#\\\/schema\\\/person\\\/0ba31bdd19a05ebf5c7fef1fedf99c34\"},\"headline\":\"IHM participa en el Panel \u201cMujeres que inspiran con liderazgo comunitario\u201d\",\"datePublished\":\"2025-11-13T18:31:06+00:00\",\"dateModified\":\"2025-11-13T18:31:07+00:00\",\"mainEntityOfPage\":{\"@id\":\"https:\\\/\\\/www.alasmedios.com\\\/index.php\\\/2025\\\/11\\\/13\\\/ihm-participa-en-el-panel-mujeres-que-inspiran-con-liderazgo-comunitario\\\/\"},\"wordCount\":212,\"commentCount\":0,\"publisher\":{\"@id\":\"https:\\\/\\\/www.alasmedios.com\\\/#organization\"},\"image\":{\"@id\":\"https:\\\/\\\/www.alasmedios.com\\\/index.php\\\/2025\\\/11\\\/13\\\/ihm-participa-en-el-panel-mujeres-que-inspiran-con-liderazgo-comunitario\\\/#primaryimage\"},\"thumbnailUrl\":\"https:\\\/\\\/www.alasmedios.com\\\/wp-content\\\/uploads\\\/2025\\\/11\\\/Panel-Mujeres-que-inspiran-con-liderazgo-comunitario.jpg\",\"keywords\":[\"Hidalgo\",\"IHM\",\"Mujeres\"],\"articleSection\":[\"Hidalgo\"],\"inLanguage\":\"es\",\"potentialAction\":[{\"@type\":\"CommentAction\",\"name\":\"Comment\",\"target\":[\"https:\\\/\\\/www.alasmedios.com\\\/index.php\\\/2025\\\/11\\\/13\\\/ihm-participa-en-el-panel-mujeres-que-inspiran-con-liderazgo-comunitario\\\/#respond\"]}]},{\"@type\":\"WebPage\",\"@id\":\"https:\\\/\\\/www.alasmedios.com\\\/index.php\\\/2025\\\/11\\\/13\\\/ihm-participa-en-el-panel-mujeres-que-inspiran-con-liderazgo-comunitario\\\/\",\"url\":\"https:\\\/\\\/www.alasmedios.com\\\/index.php\\\/2025\\\/11\\\/13\\\/ihm-participa-en-el-panel-mujeres-que-inspiran-con-liderazgo-comunitario\\\/\",\"name\":\"IHM participa en el Panel \u201cMujeres que inspiran con liderazgo comunitario\u201d - Alas Medios\",\"isPartOf\":{\"@id\":\"https:\\\/\\\/www.alasmedios.com\\\/#website\"},\"primaryImageOfPage\":{\"@id\":\"https:\\\/\\\/www.alasmedios.com\\\/index.php\\\/2025\\\/11\\\/13\\\/ihm-participa-en-el-panel-mujeres-que-inspiran-con-liderazgo-comunitario\\\/#primaryimage\"},\"image\":{\"@id\":\"https:\\\/\\\/www.alasmedios.com\\\/index.php\\\/2025\\\/11\\\/13\\\/ihm-participa-en-el-panel-mujeres-que-inspiran-con-liderazgo-comunitario\\\/#primaryimage\"},\"thumbnailUrl\":\"https:\\\/\\\/www.alasmedios.com\\\/wp-content\\\/uploads\\\/2025\\\/11\\\/Panel-Mujeres-que-inspiran-con-liderazgo-comunitario.jpg\",\"datePublished\":\"2025-11-13T18:31:06+00:00\",\"dateModified\":\"2025-11-13T18:31:07+00:00\",\"breadcrumb\":{\"@id\":\"https:\\\/\\\/www.alasmedios.com\\\/index.php\\\/2025\\\/11\\\/13\\\/ihm-participa-en-el-panel-mujeres-que-inspiran-con-liderazgo-comunitario\\\/#breadcrumb\"},\"inLanguage\":\"es\",\"potentialAction\":[{\"@type\":\"ReadAction\",\"target\":[\"https:\\\/\\\/www.alasmedios.com\\\/index.php\\\/2025\\\/11\\\/13\\\/ihm-participa-en-el-panel-mujeres-que-inspiran-con-liderazgo-comunitario\\\/\"]}]},{\"@type\":\"ImageObject\",\"inLanguage\":\"es\",\"@id\":\"https:\\\/\\\/www.alasmedios.com\\\/index.php\\\/2025\\\/11\\\/13\\\/ihm-participa-en-el-panel-mujeres-que-inspiran-con-liderazgo-comunitario\\\/#primaryimage\",\"url\":\"https:\\\/\\\/www.alasmedios.com\\\/wp-content\\\/uploads\\\/2025\\\/11\\\/Panel-Mujeres-que-inspiran-con-liderazgo-comunitario.jpg\",\"contentUrl\":\"https:\\\/\\\/www.alasmedios.com\\\/wp-content\\\/uploads\\\/2025\\\/11\\\/Panel-Mujeres-que-inspiran-con-liderazgo-comunitario.jpg\",\"width\":2048,\"height\":1150},{\"@type\":\"BreadcrumbList\",\"@id\":\"https:\\\/\\\/www.alasmedios.com\\\/index.php\\\/2025\\\/11\\\/13\\\/ihm-participa-en-el-panel-mujeres-que-inspiran-con-liderazgo-comunitario\\\/#breadcrumb\",\"itemListElement\":[{\"@type\":\"ListItem\",\"position\":1,\"name\":\"Inicio\",\"item\":\"https:\\\/\\\/www.alasmedios.com\\\/\"},{\"@type\":\"ListItem\",\"position\":2,\"name\":\"IHM participa en el Panel \u201cMujeres que inspiran con liderazgo comunitario\u201d\"}]},{\"@type\":\"WebSite\",\"@id\":\"https:\\\/\\\/www.alasmedios.com\\\/#website\",\"url\":\"https:\\\/\\\/www.alasmedios.com\\\/\",\"name\":\"Alas Medios\",\"description\":\"Alas para pensar, Alas para volar, Alas de libertad\",\"publisher\":{\"@id\":\"https:\\\/\\\/www.alasmedios.com\\\/#organization\"},\"potentialAction\":[{\"@type\":\"SearchAction\",\"target\":{\"@type\":\"EntryPoint\",\"urlTemplate\":\"https:\\\/\\\/www.alasmedios.com\\\/?s={search_term_string}\"},\"query-input\":{\"@type\":\"PropertyValueSpecification\",\"valueRequired\":true,\"valueName\":\"search_term_string\"}}],\"inLanguage\":\"es\"},{\"@type\":\"Organization\",\"@id\":\"https:\\\/\\\/www.alasmedios.com\\\/#organization\",\"name\":\"Alas Medios\",\"url\":\"https:\\\/\\\/www.alasmedios.com\\\/\",\"logo\":{\"@type\":\"ImageObject\",\"inLanguage\":\"es\",\"@id\":\"https:\\\/\\\/www.alasmedios.com\\\/#\\\/schema\\\/logo\\\/image\\\/\",\"url\":\"https:\\\/\\\/www.alasmedios.com\\\/wp-content\\\/uploads\\\/2026\\\/01\\\/cropped-cropped-GAM-1.png\",\"contentUrl\":\"https:\\\/\\\/www.alasmedios.com\\\/wp-content\\\/uploads\\\/2026\\\/01\\\/cropped-cropped-GAM-1.png\",\"width\":467,\"height\":235,\"caption\":\"Alas Medios\"},\"image\":{\"@id\":\"https:\\\/\\\/www.alasmedios.com\\\/#\\\/schema\\\/logo\\\/image\\\/\"}},{\"@type\":\"Person\",\"@id\":\"https:\\\/\\\/www.alasmedios.com\\\/#\\\/schema\\\/person\\\/0ba31bdd19a05ebf5c7fef1fedf99c34\",\"name\":\"Keila Rodr\u00edguez Pe\u00f1a\",\"image\":{\"@type\":\"ImageObject\",\"inLanguage\":\"es\",\"@id\":\"https:\\\/\\\/secure.gravatar.com\\\/avatar\\\/a2553a2bfaa601b9d539b617c8793e151bdffb60f9e48a249912f86d4c9ebeef?s=96&d=mm&r=g\",\"url\":\"https:\\\/\\\/secure.gravatar.com\\\/avatar\\\/a2553a2bfaa601b9d539b617c8793e151bdffb60f9e48a249912f86d4c9ebeef?s=96&d=mm&r=g\",\"contentUrl\":\"https:\\\/\\\/secure.gravatar.com\\\/avatar\\\/a2553a2bfaa601b9d539b617c8793e151bdffb60f9e48a249912f86d4c9ebeef?s=96&d=mm&r=g\",\"caption\":\"Keila Rodr\u00edguez Pe\u00f1a\"},\"sameAs\":[\"http:\\\/\\\/www.alasmedios.com\"],\"url\":\"https:\\\/\\\/www.alasmedios.com\\\/index.php\\\/author\\\/keila\\\/\"}]}<\/script>\r\n<!-- \/ Yoast SEO plugin. -->","yoast_head_json":{"title":"IHM participa en el Panel \u201cMujeres que inspiran con liderazgo comunitario\u201d - Alas Medios","robots":{"index":"index","follow":"follow","max-snippet":"max-snippet:-1","max-image-preview":"max-image-preview:large","max-video-preview":"max-video-preview:-1"},"canonical":"https:\/\/www.alasmedios.com\/index.php\/2025\/11\/13\/ihm-participa-en-el-panel-mujeres-que-inspiran-con-liderazgo-comunitario\/","og_locale":"es_MX","og_type":"article","og_title":"IHM participa en el Panel \u201cMujeres que inspiran con liderazgo comunitario\u201d - Alas Medios","og_description":"El Instituto Hidalguense de las Mujeres (IHM) particip\u00f3 en el Panel \u201cMujeres que inspiran con liderazgo comunitario\u201d, organizado por la","og_url":"https:\/\/www.alasmedios.com\/index.php\/2025\/11\/13\/ihm-participa-en-el-panel-mujeres-que-inspiran-con-liderazgo-comunitario\/","og_site_name":"Alas Medios","article_published_time":"2025-11-13T18:31:06+00:00","article_modified_time":"2025-11-13T18:31:07+00:00","og_image":[{"width":2048,"height":1150,"url":"https:\/\/www.alasmedios.com\/wp-content\/uploads\/2025\/11\/Panel-Mujeres-que-inspiran-con-liderazgo-comunitario.jpg","type":"image\/jpeg"}],"author":"Keila Rodr\u00edguez Pe\u00f1a","twitter_card":"summary_large_image","twitter_misc":{"Escrito por":"Keila Rodr\u00edguez Pe\u00f1a","Tiempo de lectura":"1 minuto"},"schema":{"@context":"https:\/\/schema.org","@graph":[{"@type":"Article","@id":"https:\/\/www.alasmedios.com\/index.php\/2025\/11\/13\/ihm-participa-en-el-panel-mujeres-que-inspiran-con-liderazgo-comunitario\/#article","isPartOf":{"@id":"https:\/\/www.alasmedios.com\/index.php\/2025\/11\/13\/ihm-participa-en-el-panel-mujeres-que-inspiran-con-liderazgo-comunitario\/"},"author":{"name":"Keila Rodr\u00edguez Pe\u00f1a","@id":"https:\/\/www.alasmedios.com\/#\/schema\/person\/0ba31bdd19a05ebf5c7fef1fedf99c34"},"headline":"IHM participa en el Panel \u201cMujeres que inspiran con liderazgo comunitario\u201d","datePublished":"2025-11-13T18:31:06+00:00","dateModified":"2025-11-13T18:31:07+00:00","mainEntityOfPage":{"@id":"https:\/\/www.alasmedios.com\/index.php\/2025\/11\/13\/ihm-participa-en-el-panel-mujeres-que-inspiran-con-liderazgo-comunitario\/"},"wordCount":212,"commentCount":0,"publisher":{"@id":"https:\/\/www.alasmedios.com\/#organization"},"image":{"@id":"https:\/\/www.alasmedios.com\/index.php\/2025\/11\/13\/ihm-participa-en-el-panel-mujeres-que-inspiran-con-liderazgo-comunitario\/#primaryimage"},"thumbnailUrl":"https:\/\/www.alasmedios.com\/wp-content\/uploads\/2025\/11\/Panel-Mujeres-que-inspiran-con-liderazgo-comunitario.jpg","keywords":["Hidalgo","IHM","Mujeres"],"articleSection":["Hidalgo"],"inLanguage":"es","potentialAction":[{"@type":"CommentAction","name":"Comment","target":["https:\/\/www.alasmedios.com\/index.php\/2025\/11\/13\/ihm-participa-en-el-panel-mujeres-que-inspiran-con-liderazgo-comunitario\/#respond"]}]},{"@type":"WebPage","@id":"https:\/\/www.alasmedios.com\/index.php\/2025\/11\/13\/ihm-participa-en-el-panel-mujeres-que-inspiran-con-liderazgo-comunitario\/","url":"https:\/\/www.alasmedios.com\/index.php\/2025\/11\/13\/ihm-participa-en-el-panel-mujeres-que-inspiran-con-liderazgo-comunitario\/","name":"IHM participa en el Panel \u201cMujeres que inspiran con liderazgo comunitario\u201d - Alas Medios","isPartOf":{"@id":"https:\/\/www.alasmedios.com\/#website"},"primaryImageOfPage":{"@id":"https:\/\/www.alasmedios.com\/index.php\/2025\/11\/13\/ihm-participa-en-el-panel-mujeres-que-inspiran-con-liderazgo-comunitario\/#primaryimage"},"image":{"@id":"https:\/\/www.alasmedios.com\/index.php\/2025\/11\/13\/ihm-participa-en-el-panel-mujeres-que-inspiran-con-liderazgo-comunitario\/#primaryimage"},"thumbnailUrl":"https:\/\/www.alasmedios.com\/wp-content\/uploads\/2025\/11\/Panel-Mujeres-que-inspiran-con-liderazgo-comunitario.jpg","datePublished":"2025-11-13T18:31:06+00:00","dateModified":"2025-11-13T18:31:07+00:00","breadcrumb":{"@id":"https:\/\/www.alasmedios.com\/index.php\/2025\/11\/13\/ihm-participa-en-el-panel-mujeres-que-inspiran-con-liderazgo-comunitario\/#breadcrumb"},"inLanguage":"es","potentialAction":[{"@type":"ReadAction","target":["https:\/\/www.alasmedios.com\/index.php\/2025\/11\/13\/ihm-participa-en-el-panel-mujeres-que-inspiran-con-liderazgo-comunitario\/"]}]},{"@type":"ImageObject","inLanguage":"es","@id":"https:\/\/www.alasmedios.com\/index.php\/2025\/11\/13\/ihm-participa-en-el-panel-mujeres-que-inspiran-con-liderazgo-comunitario\/#primaryimage","url":"https:\/\/www.alasmedios.com\/wp-content\/uploads\/2025\/11\/Panel-Mujeres-que-inspiran-con-liderazgo-comunitario.jpg","contentUrl":"https:\/\/www.alasmedios.com\/wp-content\/uploads\/2025\/11\/Panel-Mujeres-que-inspiran-con-liderazgo-comunitario.jpg","width":2048,"height":1150},{"@type":"BreadcrumbList","@id":"https:\/\/www.alasmedios.com\/index.php\/2025\/11\/13\/ihm-participa-en-el-panel-mujeres-que-inspiran-con-liderazgo-comunitario\/#breadcrumb","itemListElement":[{"@type":"ListItem","position":1,"name":"Inicio","item":"https:\/\/www.alasmedios.com\/"},{"@type":"ListItem","position":2,"name":"IHM participa en el Panel \u201cMujeres que inspiran con liderazgo comunitario\u201d"}]},{"@type":"WebSite","@id":"https:\/\/www.alasmedios.com\/#website","url":"https:\/\/www.alasmedios.com\/","name":"Alas Medios","description":"Alas para pensar, Alas para volar, Alas de libertad","publisher":{"@id":"https:\/\/www.alasmedios.com\/#organization"},"potentialAction":[{"@type":"SearchAction","target":{"@type":"EntryPoint","urlTemplate":"https:\/\/www.alasmedios.com\/?s={search_term_string}"},"query-input":{"@type":"PropertyValueSpecification","valueRequired":true,"valueName":"search_term_string"}}],"inLanguage":"es"},{"@type":"Organization","@id":"https:\/\/www.alasmedios.com\/#organization","name":"Alas Medios","url":"https:\/\/www.alasmedios.com\/","logo":{"@type":"ImageObject","inLanguage":"es","@id":"https:\/\/www.alasmedios.com\/#\/schema\/logo\/image\/","url":"https:\/\/www.alasmedios.com\/wp-content\/uploads\/2026\/01\/cropped-cropped-GAM-1.png","contentUrl":"https:\/\/www.alasmedios.com\/wp-content\/uploads\/2026\/01\/cropped-cropped-GAM-1.png","width":467,"height":235,"caption":"Alas Medios"},"image":{"@id":"https:\/\/www.alasmedios.com\/#\/schema\/logo\/image\/"}},{"@type":"Person","@id":"https:\/\/www.alasmedios.com\/#\/schema\/person\/0ba31bdd19a05ebf5c7fef1fedf99c34","name":"Keila Rodr\u00edguez Pe\u00f1a","image":{"@type":"ImageObject","inLanguage":"es","@id":"https:\/\/secure.gravatar.com\/avatar\/a2553a2bfaa601b9d539b617c8793e151bdffb60f9e48a249912f86d4c9ebeef?s=96&d=mm&r=g","url":"https:\/\/secure.gravatar.com\/avatar\/a2553a2bfaa601b9d539b617c8793e151bdffb60f9e48a249912f86d4c9ebeef?s=96&d=mm&r=g","contentUrl":"https:\/\/secure.gravatar.com\/avatar\/a2553a2bfaa601b9d539b617c8793e151bdffb60f9e48a249912f86d4c9ebeef?s=96&d=mm&r=g","caption":"Keila Rodr\u00edguez Pe\u00f1a"},"sameAs":["http:\/\/www.alasmedios.com"],"url":"https:\/\/www.alasmedios.com\/index.php\/author\/keila\/"}]}},"_links":{"self":[{"href":"https:\/\/www.alasmedios.com\/index.php\/wp-json\/wp\/v2\/posts\/6828","targetHints":{"allow":["GET"]}}],"collection":[{"href":"https:\/\/www.alasmedios.com\/index.php\/wp-json\/wp\/v2\/posts"}],"about":[{"href":"https:\/\/www.alasmedios.com\/index.php\/wp-json\/wp\/v2\/types\/post"}],"author":[{"embeddable":true,"href":"https:\/\/www.alasmedios.com\/index.php\/wp-json\/wp\/v2\/users\/4"}],"replies":[{"embeddable":true,"href":"https:\/\/www.alasmedios.com\/index.php\/wp-json\/wp\/v2\/comments?post=6828"}],"version-history":[{"count":1,"href":"https:\/\/www.alasmedios.com\/index.php\/wp-json\/wp\/v2\/posts\/6828\/revisions"}],"predecessor-version":[{"id":6833,"href":"https:\/\/www.alasmedios.com\/index.php\/wp-json\/wp\/v2\/posts\/6828\/revisions\/6833"}],"wp:featuredmedia":[{"embeddable":true,"href":"https:\/\/www.alasmedios.com\/index.php\/wp-json\/wp\/v2\/media\/6829"}],"wp:attachment":[{"href":"https:\/\/www.alasmedios.com\/index.php\/wp-json\/wp\/v2\/media?parent=6828"}],"wp:term":[{"taxonomy":"category","embeddable":true,"href":"https:\/\/www.alasmedios.com\/index.php\/wp-json\/wp\/v2\/categories?post=6828"},{"taxonomy":"post_tag","embeddable":true,"href":"https:\/\/www.alasmedios.com\/index.php\/wp-json\/wp\/v2\/tags?post=6828"}],"curies":[{"name":"wp","href":"https:\/\/api.w.org\/{rel}","templated":true}]}}