{"id":6825,"date":"2025-11-12T13:31:45","date_gmt":"2025-11-12T19:31:45","guid":{"rendered":"https:\/\/www.alasmedios.com\/?p=6825"},"modified":"2025-11-12T13:31:47","modified_gmt":"2025-11-12T19:31:47","slug":"huasca-y-bacalar-sellan-alianza-para-fortalecer-su-magia-turistica-y-cultural","status":"publish","type":"post","link":"https:\/\/www.alasmedios.com\/index.php\/2025\/11\/12\/huasca-y-bacalar-sellan-alianza-para-fortalecer-su-magia-turistica-y-cultural\/","title":{"rendered":"Huasca y Bacalar sellan alianza para fortalecer su magia tur\u00edstica y cultural"},"content":{"rendered":"\n<p>Buscando promover el&nbsp;<strong>turismo<\/strong>,&nbsp;<strong>Huasca de Ocampo, Hidalgo<\/strong>, y&nbsp;<strong>Bacalar, Quintana Roo<\/strong>, firmar\u00e1n un&nbsp;<strong>convenio de hermanamiento<\/strong>.<\/p>\n\n\n\n<p>En el marco del&nbsp;<strong>7\u00ba Tianguis Nacional de Pueblos M\u00e1gicos<\/strong>, que se celebrar\u00e1 del&nbsp;<strong>13 al 16 de noviembre en el Recinto Ferial de Pachuca<\/strong>, los municipios de&nbsp;<strong>Huasca de Ocampo<\/strong>, Hidalgo, y&nbsp;<strong>Bacalar<\/strong>, Quintana Roo, firmar\u00e1n un&nbsp;<strong>acuerdo de hermanamiento<\/strong>&nbsp;con el objetivo de impulsar su&nbsp;<strong>riqueza tur\u00edstica, cultural y econ\u00f3mica<\/strong>.<\/p>\n\n\n\n<p>El acto protocolario se realizar\u00e1 el&nbsp;<strong>viernes 14 de noviembre a las 14:00 horas<\/strong>, encabezado por&nbsp;<strong>Luis Felipe Lugo Salinas<\/strong>, presidente municipal de Huasca, y&nbsp;<strong>Jos\u00e9 Alfredo Contreras M\u00e9ndez<\/strong>, alcalde de Bacalar y presidente de la&nbsp;<strong>Red Nacional de Alcaldes de Pueblos M\u00e1gicos<\/strong>.<\/p>\n\n\n\n<p>CONTIN\u00daA LEYENDO: <a href=\"https:\/\/www.alasmedios.com\/index.php\/2025\/11\/10\/encanto-y-tradicion-que-es-un-pueblo-magico\/\" data-type=\"post\" data-id=\"6798\">Encanto y tradici\u00f3n: \u00bfqu\u00e9 es un Pueblo M\u00e1gico?<\/a><\/p>\n\n\n\n<p>El convenio busca&nbsp;<strong>promover ambos destinos como experiencias complementarias<\/strong>, fomentar el&nbsp;<strong>intercambio de estrategias y buenas pr\u00e1cticas<\/strong>, y organizar&nbsp;<strong>rutas culturales, ferias artesanales y proyectos de turismo sostenible<\/strong>&nbsp;que beneficien directamente a las comunidades locales.<\/p>\n\n\n\n<p>Para&nbsp;<strong>Huasca<\/strong>, el primer Pueblo M\u00e1gico del pa\u00eds, este acercamiento representa una oportunidad de&nbsp;<strong>fortalecer su identidad y proyecci\u00f3n nacional<\/strong>, mientras que&nbsp;<strong>Bacalar<\/strong>, con su emblem\u00e1tica&nbsp;<strong>Laguna de los Siete Colores<\/strong>&nbsp;y su creciente desarrollo tur\u00edstico vinculado al&nbsp;<strong>Tren Maya<\/strong>, reafirma su compromiso con la&nbsp;<strong>preservaci\u00f3n de su patrimonio natural y cultural<\/strong>.<\/p>\n\n\n\n<p>Con este hermanamiento, ambos municipios consolidan un&nbsp;<strong>puente de colaboraci\u00f3n<\/strong>&nbsp;que une al&nbsp;<strong>coraz\u00f3n de Hidalgo<\/strong>&nbsp;con el&nbsp;<strong>Caribe mexicano<\/strong>, en una alianza que celebra la diversidad y el encanto de los&nbsp;<strong>Pueblos M\u00e1gicos de M\u00e9xico<\/strong>.<\/p>\n\n\n<ul class=\"wp-block-latest-posts__list is-grid columns-3 wp-block-latest-posts\"><li><div class=\"wp-block-latest-posts__featured-image\"><img loading=\"lazy\" decoding=\"async\" width=\"150\" height=\"150\" src=\"https:\/\/www.alasmedios.com\/wp-content\/uploads\/2026\/05\/USEP-calidad-hospitalaria-150x150.jpeg\" class=\"attachment-thumbnail size-thumbnail wp-post-image\" alt=\"\" style=\"\" \/><\/div><a class=\"wp-block-latest-posts__post-title\" href=\"https:\/\/www.alasmedios.com\/index.php\/2026\/05\/01\/usep-activa-formacion-para-prevenir-riesgos-en-la-atencion-medica\/\">USEP activa formaci\u00f3n para prevenir riesgos en la atenci\u00f3n m\u00e9dica<\/a><\/li>\n<li><div class=\"wp-block-latest-posts__featured-image\"><img loading=\"lazy\" decoding=\"async\" width=\"150\" height=\"150\" src=\"https:\/\/www.alasmedios.com\/wp-content\/uploads\/2026\/05\/Super-Final-de-la-Copa-del-Mundo-de-Clavados-2026-150x150.jpeg\" class=\"attachment-thumbnail size-thumbnail wp-post-image\" alt=\"\" style=\"\" \/><\/div><a class=\"wp-block-latest-posts__post-title\" href=\"https:\/\/www.alasmedios.com\/index.php\/2026\/05\/01\/mexico-se-lanza-por-la-cima-once-clavadistas-buscan-la-gloria-mundial-en-pekin-2026\/\">M\u00e9xico se lanza por la cima: once clavadistas buscan la gloria mundial en Pek\u00edn 2026<\/a><\/li>\n<li><div class=\"wp-block-latest-posts__featured-image\"><img loading=\"lazy\" decoding=\"async\" width=\"150\" height=\"150\" src=\"https:\/\/www.alasmedios.com\/wp-content\/uploads\/2026\/04\/Puebla-el-Congreso-aprobo-el-Protocolo-Homologado-de-Investigacion-de-Delitos-contra-Personas-LGBTTTI-150x150.png\" class=\"attachment-thumbnail size-thumbnail wp-post-image\" alt=\"\" style=\"\" \/><\/div><a class=\"wp-block-latest-posts__post-title\" href=\"https:\/\/www.alasmedios.com\/index.php\/2026\/04\/30\/puebla-impulsa-protocolo-contra-delitos-lgbttti\/\">Puebla impulsa protocolo contra delitos LGBTTTI+<\/a><\/li>\n<\/ul>","protected":false},"excerpt":{"rendered":"<p>Buscando promover el&nbsp;turismo,&nbsp;Huasca de Ocampo, Hidalgo, y&nbsp;Bacalar, Quintana Roo, firmar\u00e1n un&nbsp;convenio de hermanamiento. En el marco del&nbsp;7\u00ba Tianguis Nacional de<\/p>\n","protected":false},"author":4,"featured_media":6826,"comment_status":"open","ping_status":"open","sticky":false,"template":"","format":"standard","meta":{"colormag_page_container_layout":"default_layout","colormag_page_sidebar_layout":"default_layout","rop_custom_images_group":[],"rop_custom_messages_group":[],"rop_publish_now":"initial","rop_publish_now_accounts":[],"rop_publish_now_history":[],"rop_publish_now_status":"pending","iawp_total_views":0,"footnotes":""},"categories":[41],"tags":[3020,99,211,3022,3021],"class_list":["post-6825","post","type-post","status-publish","format-standard","has-post-thumbnail","hentry","category-hidalgo","tag-bacalar","tag-hidalgo","tag-huasca-de-ocampo","tag-pueblos-magicos","tag-quintana-roo"],"magazineBlocksPostFeaturedMedia":{"thumbnail":"https:\/\/www.alasmedios.com\/wp-content\/uploads\/2025\/11\/Huasca-de-Ocampo-Hidalgo-y-Bacalar-Quintana-Roo-150x150.png","medium":"https:\/\/www.alasmedios.com\/wp-content\/uploads\/2025\/11\/Huasca-de-Ocampo-Hidalgo-y-Bacalar-Quintana-Roo-300x182.png","medium_large":"https:\/\/www.alasmedios.com\/wp-content\/uploads\/2025\/11\/Huasca-de-Ocampo-Hidalgo-y-Bacalar-Quintana-Roo-768x466.png","large":"https:\/\/www.alasmedios.com\/wp-content\/uploads\/2025\/11\/Huasca-de-Ocampo-Hidalgo-y-Bacalar-Quintana-Roo-1024x622.png","1536x1536":"https:\/\/www.alasmedios.com\/wp-content\/uploads\/2025\/11\/Huasca-de-Ocampo-Hidalgo-y-Bacalar-Quintana-Roo-1536x932.png","2048x2048":"https:\/\/www.alasmedios.com\/wp-content\/uploads\/2025\/11\/Huasca-de-Ocampo-Hidalgo-y-Bacalar-Quintana-Roo.png","colormag-highlighted-post":"https:\/\/www.alasmedios.com\/wp-content\/uploads\/2025\/11\/Huasca-de-Ocampo-Hidalgo-y-Bacalar-Quintana-Roo-392x272.png","colormag-featured-post-medium":"https:\/\/www.alasmedios.com\/wp-content\/uploads\/2025\/11\/Huasca-de-Ocampo-Hidalgo-y-Bacalar-Quintana-Roo-390x205.png","colormag-featured-post-small":"https:\/\/www.alasmedios.com\/wp-content\/uploads\/2025\/11\/Huasca-de-Ocampo-Hidalgo-y-Bacalar-Quintana-Roo-130x90.png","colormag-featured-image":"https:\/\/www.alasmedios.com\/wp-content\/uploads\/2025\/11\/Huasca-de-Ocampo-Hidalgo-y-Bacalar-Quintana-Roo-800x445.png","colormag-default-news":"https:\/\/www.alasmedios.com\/wp-content\/uploads\/2025\/11\/Huasca-de-Ocampo-Hidalgo-y-Bacalar-Quintana-Roo-150x150.png","colormag-featured-image-large":"https:\/\/www.alasmedios.com\/wp-content\/uploads\/2025\/11\/Huasca-de-Ocampo-Hidalgo-y-Bacalar-Quintana-Roo-1400x600.png"},"magazineBlocksPostAuthor":{"name":"Keila Rodr\u00edguez Pe\u00f1a","avatar":"https:\/\/secure.gravatar.com\/avatar\/a2553a2bfaa601b9d539b617c8793e151bdffb60f9e48a249912f86d4c9ebeef?s=96&d=mm&r=g"},"magazineBlocksPostCommentsNumber":"0","magazineBlocksPostExcerpt":"Buscando promover el&nbsp;turismo,&nbsp;Huasca de Ocampo, Hidalgo, y&nbsp;Bacalar, Quintana Roo, firmar\u00e1n un&nbsp;convenio de hermanamiento. En el marco del&nbsp;7\u00ba Tianguis Nacional de","magazineBlocksPostCategories":["Hidalgo"],"magazineBlocksPostViewCount":162,"magazineBlocksPostReadTime":2,"magazine_blocks_featured_image_url":{"full":["https:\/\/www.alasmedios.com\/wp-content\/uploads\/2025\/11\/Huasca-de-Ocampo-Hidalgo-y-Bacalar-Quintana-Roo.png",2000,1214,false],"medium":["https:\/\/www.alasmedios.com\/wp-content\/uploads\/2025\/11\/Huasca-de-Ocampo-Hidalgo-y-Bacalar-Quintana-Roo-300x182.png",300,182,true],"thumbnail":["https:\/\/www.alasmedios.com\/wp-content\/uploads\/2025\/11\/Huasca-de-Ocampo-Hidalgo-y-Bacalar-Quintana-Roo-150x150.png",150,150,true]},"magazine_blocks_author":{"display_name":"Keila Rodr\u00edguez Pe\u00f1a","author_link":"https:\/\/www.alasmedios.com\/index.php\/author\/keila\/"},"magazine_blocks_comment":0,"magazine_blocks_author_image":"https:\/\/secure.gravatar.com\/avatar\/a2553a2bfaa601b9d539b617c8793e151bdffb60f9e48a249912f86d4c9ebeef?s=96&d=mm&r=g","magazine_blocks_category":"<a href=\"#\" class=\"category-link category-link-41\">Hidalgo<\/a>","yoast_head":"<!-- This site is optimized with the Yoast SEO plugin v27.5 - https:\/\/yoast.com\/product\/yoast-seo-wordpress\/ -->\r\n<title>Huasca y Bacalar sellan alianza para fortalecer su magia tur\u00edstica y cultural - Alas Medios<\/title>\r\n<meta name=\"robots\" content=\"index, follow, max-snippet:-1, max-image-preview:large, max-video-preview:-1\" \/>\r\n<link rel=\"canonical\" href=\"https:\/\/www.alasmedios.com\/index.php\/2025\/11\/12\/huasca-y-bacalar-sellan-alianza-para-fortalecer-su-magia-turistica-y-cultural\/\" \/>\r\n<meta property=\"og:locale\" content=\"es_MX\" \/>\r\n<meta property=\"og:type\" content=\"article\" \/>\r\n<meta property=\"og:title\" content=\"Huasca y Bacalar sellan alianza para fortalecer su magia tur\u00edstica y cultural - Alas Medios\" \/>\r\n<meta property=\"og:description\" content=\"Buscando promover el&nbsp;turismo,&nbsp;Huasca de Ocampo, Hidalgo, y&nbsp;Bacalar, Quintana Roo, firmar\u00e1n un&nbsp;convenio de hermanamiento. En el marco del&nbsp;7\u00ba Tianguis Nacional de\" \/>\r\n<meta property=\"og:url\" content=\"https:\/\/www.alasmedios.com\/index.php\/2025\/11\/12\/huasca-y-bacalar-sellan-alianza-para-fortalecer-su-magia-turistica-y-cultural\/\" \/>\r\n<meta property=\"og:site_name\" content=\"Alas Medios\" \/>\r\n<meta property=\"article:published_time\" content=\"2025-11-12T19:31:45+00:00\" \/>\r\n<meta property=\"article:modified_time\" content=\"2025-11-12T19:31:47+00:00\" \/>\r\n<meta property=\"og:image\" content=\"https:\/\/www.alasmedios.com\/wp-content\/uploads\/2025\/11\/Huasca-de-Ocampo-Hidalgo-y-Bacalar-Quintana-Roo-1024x622.png\" \/>\r\n\t<meta property=\"og:image:width\" content=\"1024\" \/>\r\n\t<meta property=\"og:image:height\" content=\"622\" \/>\r\n\t<meta property=\"og:image:type\" content=\"image\/png\" \/>\r\n<meta name=\"author\" content=\"Keila Rodr\u00edguez Pe\u00f1a\" \/>\r\n<meta name=\"twitter:card\" content=\"summary_large_image\" \/>\r\n<meta name=\"twitter:label1\" content=\"Escrito por\" \/>\n\t<meta name=\"twitter:data1\" content=\"Keila Rodr\u00edguez Pe\u00f1a\" \/>\n\t<meta name=\"twitter:label2\" content=\"Tiempo de lectura\" \/>\n\t<meta name=\"twitter:data2\" content=\"1 minuto\" \/>\r\n<script type=\"application\/ld+json\" class=\"yoast-schema-graph\">{\"@context\":\"https:\\\/\\\/schema.org\",\"@graph\":[{\"@type\":\"Article\",\"@id\":\"https:\\\/\\\/www.alasmedios.com\\\/index.php\\\/2025\\\/11\\\/12\\\/huasca-y-bacalar-sellan-alianza-para-fortalecer-su-magia-turistica-y-cultural\\\/#article\",\"isPartOf\":{\"@id\":\"https:\\\/\\\/www.alasmedios.com\\\/index.php\\\/2025\\\/11\\\/12\\\/huasca-y-bacalar-sellan-alianza-para-fortalecer-su-magia-turistica-y-cultural\\\/\"},\"author\":{\"name\":\"Keila Rodr\u00edguez Pe\u00f1a\",\"@id\":\"https:\\\/\\\/www.alasmedios.com\\\/#\\\/schema\\\/person\\\/0ba31bdd19a05ebf5c7fef1fedf99c34\"},\"headline\":\"Huasca y Bacalar sellan alianza para fortalecer su magia tur\u00edstica y cultural\",\"datePublished\":\"2025-11-12T19:31:45+00:00\",\"dateModified\":\"2025-11-12T19:31:47+00:00\",\"mainEntityOfPage\":{\"@id\":\"https:\\\/\\\/www.alasmedios.com\\\/index.php\\\/2025\\\/11\\\/12\\\/huasca-y-bacalar-sellan-alianza-para-fortalecer-su-magia-turistica-y-cultural\\\/\"},\"wordCount\":306,\"commentCount\":0,\"publisher\":{\"@id\":\"https:\\\/\\\/www.alasmedios.com\\\/#organization\"},\"image\":{\"@id\":\"https:\\\/\\\/www.alasmedios.com\\\/index.php\\\/2025\\\/11\\\/12\\\/huasca-y-bacalar-sellan-alianza-para-fortalecer-su-magia-turistica-y-cultural\\\/#primaryimage\"},\"thumbnailUrl\":\"https:\\\/\\\/www.alasmedios.com\\\/wp-content\\\/uploads\\\/2025\\\/11\\\/Huasca-de-Ocampo-Hidalgo-y-Bacalar-Quintana-Roo.png\",\"keywords\":[\"Bacalar\",\"Hidalgo\",\"Huasca de Ocampo\",\"Pueblos M\u00e1gicos\",\"Quintana Roo\"],\"articleSection\":[\"Hidalgo\"],\"inLanguage\":\"es\",\"potentialAction\":[{\"@type\":\"CommentAction\",\"name\":\"Comment\",\"target\":[\"https:\\\/\\\/www.alasmedios.com\\\/index.php\\\/2025\\\/11\\\/12\\\/huasca-y-bacalar-sellan-alianza-para-fortalecer-su-magia-turistica-y-cultural\\\/#respond\"]}]},{\"@type\":\"WebPage\",\"@id\":\"https:\\\/\\\/www.alasmedios.com\\\/index.php\\\/2025\\\/11\\\/12\\\/huasca-y-bacalar-sellan-alianza-para-fortalecer-su-magia-turistica-y-cultural\\\/\",\"url\":\"https:\\\/\\\/www.alasmedios.com\\\/index.php\\\/2025\\\/11\\\/12\\\/huasca-y-bacalar-sellan-alianza-para-fortalecer-su-magia-turistica-y-cultural\\\/\",\"name\":\"Huasca y Bacalar sellan alianza para fortalecer su magia tur\u00edstica y cultural - Alas Medios\",\"isPartOf\":{\"@id\":\"https:\\\/\\\/www.alasmedios.com\\\/#website\"},\"primaryImageOfPage\":{\"@id\":\"https:\\\/\\\/www.alasmedios.com\\\/index.php\\\/2025\\\/11\\\/12\\\/huasca-y-bacalar-sellan-alianza-para-fortalecer-su-magia-turistica-y-cultural\\\/#primaryimage\"},\"image\":{\"@id\":\"https:\\\/\\\/www.alasmedios.com\\\/index.php\\\/2025\\\/11\\\/12\\\/huasca-y-bacalar-sellan-alianza-para-fortalecer-su-magia-turistica-y-cultural\\\/#primaryimage\"},\"thumbnailUrl\":\"https:\\\/\\\/www.alasmedios.com\\\/wp-content\\\/uploads\\\/2025\\\/11\\\/Huasca-de-Ocampo-Hidalgo-y-Bacalar-Quintana-Roo.png\",\"datePublished\":\"2025-11-12T19:31:45+00:00\",\"dateModified\":\"2025-11-12T19:31:47+00:00\",\"breadcrumb\":{\"@id\":\"https:\\\/\\\/www.alasmedios.com\\\/index.php\\\/2025\\\/11\\\/12\\\/huasca-y-bacalar-sellan-alianza-para-fortalecer-su-magia-turistica-y-cultural\\\/#breadcrumb\"},\"inLanguage\":\"es\",\"potentialAction\":[{\"@type\":\"ReadAction\",\"target\":[\"https:\\\/\\\/www.alasmedios.com\\\/index.php\\\/2025\\\/11\\\/12\\\/huasca-y-bacalar-sellan-alianza-para-fortalecer-su-magia-turistica-y-cultural\\\/\"]}]},{\"@type\":\"ImageObject\",\"inLanguage\":\"es\",\"@id\":\"https:\\\/\\\/www.alasmedios.com\\\/index.php\\\/2025\\\/11\\\/12\\\/huasca-y-bacalar-sellan-alianza-para-fortalecer-su-magia-turistica-y-cultural\\\/#primaryimage\",\"url\":\"https:\\\/\\\/www.alasmedios.com\\\/wp-content\\\/uploads\\\/2025\\\/11\\\/Huasca-de-Ocampo-Hidalgo-y-Bacalar-Quintana-Roo.png\",\"contentUrl\":\"https:\\\/\\\/www.alasmedios.com\\\/wp-content\\\/uploads\\\/2025\\\/11\\\/Huasca-de-Ocampo-Hidalgo-y-Bacalar-Quintana-Roo.png\",\"width\":2000,\"height\":1214},{\"@type\":\"BreadcrumbList\",\"@id\":\"https:\\\/\\\/www.alasmedios.com\\\/index.php\\\/2025\\\/11\\\/12\\\/huasca-y-bacalar-sellan-alianza-para-fortalecer-su-magia-turistica-y-cultural\\\/#breadcrumb\",\"itemListElement\":[{\"@type\":\"ListItem\",\"position\":1,\"name\":\"Inicio\",\"item\":\"https:\\\/\\\/www.alasmedios.com\\\/\"},{\"@type\":\"ListItem\",\"position\":2,\"name\":\"Huasca y Bacalar sellan alianza para fortalecer su magia tur\u00edstica y cultural\"}]},{\"@type\":\"WebSite\",\"@id\":\"https:\\\/\\\/www.alasmedios.com\\\/#website\",\"url\":\"https:\\\/\\\/www.alasmedios.com\\\/\",\"name\":\"Alas Medios\",\"description\":\"Alas para pensar, Alas para volar, Alas de libertad\",\"publisher\":{\"@id\":\"https:\\\/\\\/www.alasmedios.com\\\/#organization\"},\"potentialAction\":[{\"@type\":\"SearchAction\",\"target\":{\"@type\":\"EntryPoint\",\"urlTemplate\":\"https:\\\/\\\/www.alasmedios.com\\\/?s={search_term_string}\"},\"query-input\":{\"@type\":\"PropertyValueSpecification\",\"valueRequired\":true,\"valueName\":\"search_term_string\"}}],\"inLanguage\":\"es\"},{\"@type\":\"Organization\",\"@id\":\"https:\\\/\\\/www.alasmedios.com\\\/#organization\",\"name\":\"Alas Medios\",\"url\":\"https:\\\/\\\/www.alasmedios.com\\\/\",\"logo\":{\"@type\":\"ImageObject\",\"inLanguage\":\"es\",\"@id\":\"https:\\\/\\\/www.alasmedios.com\\\/#\\\/schema\\\/logo\\\/image\\\/\",\"url\":\"https:\\\/\\\/www.alasmedios.com\\\/wp-content\\\/uploads\\\/2026\\\/01\\\/cropped-cropped-GAM-1.png\",\"contentUrl\":\"https:\\\/\\\/www.alasmedios.com\\\/wp-content\\\/uploads\\\/2026\\\/01\\\/cropped-cropped-GAM-1.png\",\"width\":467,\"height\":235,\"caption\":\"Alas Medios\"},\"image\":{\"@id\":\"https:\\\/\\\/www.alasmedios.com\\\/#\\\/schema\\\/logo\\\/image\\\/\"}},{\"@type\":\"Person\",\"@id\":\"https:\\\/\\\/www.alasmedios.com\\\/#\\\/schema\\\/person\\\/0ba31bdd19a05ebf5c7fef1fedf99c34\",\"name\":\"Keila Rodr\u00edguez Pe\u00f1a\",\"image\":{\"@type\":\"ImageObject\",\"inLanguage\":\"es\",\"@id\":\"https:\\\/\\\/secure.gravatar.com\\\/avatar\\\/a2553a2bfaa601b9d539b617c8793e151bdffb60f9e48a249912f86d4c9ebeef?s=96&d=mm&r=g\",\"url\":\"https:\\\/\\\/secure.gravatar.com\\\/avatar\\\/a2553a2bfaa601b9d539b617c8793e151bdffb60f9e48a249912f86d4c9ebeef?s=96&d=mm&r=g\",\"contentUrl\":\"https:\\\/\\\/secure.gravatar.com\\\/avatar\\\/a2553a2bfaa601b9d539b617c8793e151bdffb60f9e48a249912f86d4c9ebeef?s=96&d=mm&r=g\",\"caption\":\"Keila Rodr\u00edguez Pe\u00f1a\"},\"sameAs\":[\"http:\\\/\\\/www.alasmedios.com\"],\"url\":\"https:\\\/\\\/www.alasmedios.com\\\/index.php\\\/author\\\/keila\\\/\"}]}<\/script>\r\n<!-- \/ Yoast SEO plugin. -->","yoast_head_json":{"title":"Huasca y Bacalar sellan alianza para fortalecer su magia tur\u00edstica y cultural - Alas Medios","robots":{"index":"index","follow":"follow","max-snippet":"max-snippet:-1","max-image-preview":"max-image-preview:large","max-video-preview":"max-video-preview:-1"},"canonical":"https:\/\/www.alasmedios.com\/index.php\/2025\/11\/12\/huasca-y-bacalar-sellan-alianza-para-fortalecer-su-magia-turistica-y-cultural\/","og_locale":"es_MX","og_type":"article","og_title":"Huasca y Bacalar sellan alianza para fortalecer su magia tur\u00edstica y cultural - Alas Medios","og_description":"Buscando promover el&nbsp;turismo,&nbsp;Huasca de Ocampo, Hidalgo, y&nbsp;Bacalar, Quintana Roo, firmar\u00e1n un&nbsp;convenio de hermanamiento. En el marco del&nbsp;7\u00ba Tianguis Nacional de","og_url":"https:\/\/www.alasmedios.com\/index.php\/2025\/11\/12\/huasca-y-bacalar-sellan-alianza-para-fortalecer-su-magia-turistica-y-cultural\/","og_site_name":"Alas Medios","article_published_time":"2025-11-12T19:31:45+00:00","article_modified_time":"2025-11-12T19:31:47+00:00","og_image":[{"width":1024,"height":622,"url":"https:\/\/www.alasmedios.com\/wp-content\/uploads\/2025\/11\/Huasca-de-Ocampo-Hidalgo-y-Bacalar-Quintana-Roo-1024x622.png","type":"image\/png"}],"author":"Keila Rodr\u00edguez Pe\u00f1a","twitter_card":"summary_large_image","twitter_misc":{"Escrito por":"Keila Rodr\u00edguez Pe\u00f1a","Tiempo de lectura":"1 minuto"},"schema":{"@context":"https:\/\/schema.org","@graph":[{"@type":"Article","@id":"https:\/\/www.alasmedios.com\/index.php\/2025\/11\/12\/huasca-y-bacalar-sellan-alianza-para-fortalecer-su-magia-turistica-y-cultural\/#article","isPartOf":{"@id":"https:\/\/www.alasmedios.com\/index.php\/2025\/11\/12\/huasca-y-bacalar-sellan-alianza-para-fortalecer-su-magia-turistica-y-cultural\/"},"author":{"name":"Keila Rodr\u00edguez Pe\u00f1a","@id":"https:\/\/www.alasmedios.com\/#\/schema\/person\/0ba31bdd19a05ebf5c7fef1fedf99c34"},"headline":"Huasca y Bacalar sellan alianza para fortalecer su magia tur\u00edstica y cultural","datePublished":"2025-11-12T19:31:45+00:00","dateModified":"2025-11-12T19:31:47+00:00","mainEntityOfPage":{"@id":"https:\/\/www.alasmedios.com\/index.php\/2025\/11\/12\/huasca-y-bacalar-sellan-alianza-para-fortalecer-su-magia-turistica-y-cultural\/"},"wordCount":306,"commentCount":0,"publisher":{"@id":"https:\/\/www.alasmedios.com\/#organization"},"image":{"@id":"https:\/\/www.alasmedios.com\/index.php\/2025\/11\/12\/huasca-y-bacalar-sellan-alianza-para-fortalecer-su-magia-turistica-y-cultural\/#primaryimage"},"thumbnailUrl":"https:\/\/www.alasmedios.com\/wp-content\/uploads\/2025\/11\/Huasca-de-Ocampo-Hidalgo-y-Bacalar-Quintana-Roo.png","keywords":["Bacalar","Hidalgo","Huasca de Ocampo","Pueblos M\u00e1gicos","Quintana Roo"],"articleSection":["Hidalgo"],"inLanguage":"es","potentialAction":[{"@type":"CommentAction","name":"Comment","target":["https:\/\/www.alasmedios.com\/index.php\/2025\/11\/12\/huasca-y-bacalar-sellan-alianza-para-fortalecer-su-magia-turistica-y-cultural\/#respond"]}]},{"@type":"WebPage","@id":"https:\/\/www.alasmedios.com\/index.php\/2025\/11\/12\/huasca-y-bacalar-sellan-alianza-para-fortalecer-su-magia-turistica-y-cultural\/","url":"https:\/\/www.alasmedios.com\/index.php\/2025\/11\/12\/huasca-y-bacalar-sellan-alianza-para-fortalecer-su-magia-turistica-y-cultural\/","name":"Huasca y Bacalar sellan alianza para fortalecer su magia tur\u00edstica y cultural - Alas Medios","isPartOf":{"@id":"https:\/\/www.alasmedios.com\/#website"},"primaryImageOfPage":{"@id":"https:\/\/www.alasmedios.com\/index.php\/2025\/11\/12\/huasca-y-bacalar-sellan-alianza-para-fortalecer-su-magia-turistica-y-cultural\/#primaryimage"},"image":{"@id":"https:\/\/www.alasmedios.com\/index.php\/2025\/11\/12\/huasca-y-bacalar-sellan-alianza-para-fortalecer-su-magia-turistica-y-cultural\/#primaryimage"},"thumbnailUrl":"https:\/\/www.alasmedios.com\/wp-content\/uploads\/2025\/11\/Huasca-de-Ocampo-Hidalgo-y-Bacalar-Quintana-Roo.png","datePublished":"2025-11-12T19:31:45+00:00","dateModified":"2025-11-12T19:31:47+00:00","breadcrumb":{"@id":"https:\/\/www.alasmedios.com\/index.php\/2025\/11\/12\/huasca-y-bacalar-sellan-alianza-para-fortalecer-su-magia-turistica-y-cultural\/#breadcrumb"},"inLanguage":"es","potentialAction":[{"@type":"ReadAction","target":["https:\/\/www.alasmedios.com\/index.php\/2025\/11\/12\/huasca-y-bacalar-sellan-alianza-para-fortalecer-su-magia-turistica-y-cultural\/"]}]},{"@type":"ImageObject","inLanguage":"es","@id":"https:\/\/www.alasmedios.com\/index.php\/2025\/11\/12\/huasca-y-bacalar-sellan-alianza-para-fortalecer-su-magia-turistica-y-cultural\/#primaryimage","url":"https:\/\/www.alasmedios.com\/wp-content\/uploads\/2025\/11\/Huasca-de-Ocampo-Hidalgo-y-Bacalar-Quintana-Roo.png","contentUrl":"https:\/\/www.alasmedios.com\/wp-content\/uploads\/2025\/11\/Huasca-de-Ocampo-Hidalgo-y-Bacalar-Quintana-Roo.png","width":2000,"height":1214},{"@type":"BreadcrumbList","@id":"https:\/\/www.alasmedios.com\/index.php\/2025\/11\/12\/huasca-y-bacalar-sellan-alianza-para-fortalecer-su-magia-turistica-y-cultural\/#breadcrumb","itemListElement":[{"@type":"ListItem","position":1,"name":"Inicio","item":"https:\/\/www.alasmedios.com\/"},{"@type":"ListItem","position":2,"name":"Huasca y Bacalar sellan alianza para fortalecer su magia tur\u00edstica y cultural"}]},{"@type":"WebSite","@id":"https:\/\/www.alasmedios.com\/#website","url":"https:\/\/www.alasmedios.com\/","name":"Alas Medios","description":"Alas para pensar, Alas para volar, Alas de libertad","publisher":{"@id":"https:\/\/www.alasmedios.com\/#organization"},"potentialAction":[{"@type":"SearchAction","target":{"@type":"EntryPoint","urlTemplate":"https:\/\/www.alasmedios.com\/?s={search_term_string}"},"query-input":{"@type":"PropertyValueSpecification","valueRequired":true,"valueName":"search_term_string"}}],"inLanguage":"es"},{"@type":"Organization","@id":"https:\/\/www.alasmedios.com\/#organization","name":"Alas Medios","url":"https:\/\/www.alasmedios.com\/","logo":{"@type":"ImageObject","inLanguage":"es","@id":"https:\/\/www.alasmedios.com\/#\/schema\/logo\/image\/","url":"https:\/\/www.alasmedios.com\/wp-content\/uploads\/2026\/01\/cropped-cropped-GAM-1.png","contentUrl":"https:\/\/www.alasmedios.com\/wp-content\/uploads\/2026\/01\/cropped-cropped-GAM-1.png","width":467,"height":235,"caption":"Alas Medios"},"image":{"@id":"https:\/\/www.alasmedios.com\/#\/schema\/logo\/image\/"}},{"@type":"Person","@id":"https:\/\/www.alasmedios.com\/#\/schema\/person\/0ba31bdd19a05ebf5c7fef1fedf99c34","name":"Keila Rodr\u00edguez Pe\u00f1a","image":{"@type":"ImageObject","inLanguage":"es","@id":"https:\/\/secure.gravatar.com\/avatar\/a2553a2bfaa601b9d539b617c8793e151bdffb60f9e48a249912f86d4c9ebeef?s=96&d=mm&r=g","url":"https:\/\/secure.gravatar.com\/avatar\/a2553a2bfaa601b9d539b617c8793e151bdffb60f9e48a249912f86d4c9ebeef?s=96&d=mm&r=g","contentUrl":"https:\/\/secure.gravatar.com\/avatar\/a2553a2bfaa601b9d539b617c8793e151bdffb60f9e48a249912f86d4c9ebeef?s=96&d=mm&r=g","caption":"Keila Rodr\u00edguez Pe\u00f1a"},"sameAs":["http:\/\/www.alasmedios.com"],"url":"https:\/\/www.alasmedios.com\/index.php\/author\/keila\/"}]}},"_links":{"self":[{"href":"https:\/\/www.alasmedios.com\/index.php\/wp-json\/wp\/v2\/posts\/6825","targetHints":{"allow":["GET"]}}],"collection":[{"href":"https:\/\/www.alasmedios.com\/index.php\/wp-json\/wp\/v2\/posts"}],"about":[{"href":"https:\/\/www.alasmedios.com\/index.php\/wp-json\/wp\/v2\/types\/post"}],"author":[{"embeddable":true,"href":"https:\/\/www.alasmedios.com\/index.php\/wp-json\/wp\/v2\/users\/4"}],"replies":[{"embeddable":true,"href":"https:\/\/www.alasmedios.com\/index.php\/wp-json\/wp\/v2\/comments?post=6825"}],"version-history":[{"count":1,"href":"https:\/\/www.alasmedios.com\/index.php\/wp-json\/wp\/v2\/posts\/6825\/revisions"}],"predecessor-version":[{"id":6827,"href":"https:\/\/www.alasmedios.com\/index.php\/wp-json\/wp\/v2\/posts\/6825\/revisions\/6827"}],"wp:featuredmedia":[{"embeddable":true,"href":"https:\/\/www.alasmedios.com\/index.php\/wp-json\/wp\/v2\/media\/6826"}],"wp:attachment":[{"href":"https:\/\/www.alasmedios.com\/index.php\/wp-json\/wp\/v2\/media?parent=6825"}],"wp:term":[{"taxonomy":"category","embeddable":true,"href":"https:\/\/www.alasmedios.com\/index.php\/wp-json\/wp\/v2\/categories?post=6825"},{"taxonomy":"post_tag","embeddable":true,"href":"https:\/\/www.alasmedios.com\/index.php\/wp-json\/wp\/v2\/tags?post=6825"}],"curies":[{"name":"wp","href":"https:\/\/api.w.org\/{rel}","templated":true}]}}