{"id":6822,"date":"2025-11-12T11:29:24","date_gmt":"2025-11-12T17:29:24","guid":{"rendered":"https:\/\/www.alasmedios.com\/?p=6822"},"modified":"2025-11-12T11:29:24","modified_gmt":"2025-11-12T17:29:24","slug":"mujeres-con-alas-sor-juana-ines-de-la-cruz","status":"publish","type":"post","link":"https:\/\/www.alasmedios.com\/index.php\/2025\/11\/12\/mujeres-con-alas-sor-juana-ines-de-la-cruz\/","title":{"rendered":"Mujeres con Alas: Sor Juana In\u00e9s de la Cruz"},"content":{"rendered":"\n<p>La figura de <strong>Sor Juana In\u00e9s de la Cruz<\/strong> emerge como un faro de la literatura, el conocimiento y la reivindicaci\u00f3n de la mujer en la \u00e9poca colonial. <\/p>\n\n\n\n<p>Nacida como <strong>Juana de Asbaje y Ram\u00edrez de Santillana<\/strong> en el Virreinato de la Nueva Espa\u00f1a, entre 1648 y 1651, se convirti\u00f3 en una de las mentes m\u00e1s brillantes de su tiempo. <\/p>\n\n\n\n<h3 class=\"wp-block-heading\">\u00bfQui\u00e9n fue?<\/h3>\n\n\n\n<p>Desde <strong>ni\u00f1a <\/strong>mostr\u00f3 una<strong> curiosidad inusual<\/strong>: aprendi\u00f3 a leer y escribir muy pronto, y a los ocho a\u00f1os ya compon\u00eda versos<a href=\"https:\/\/human.libretexts.org\/Courses\/Saint_Mary%27s_College_%28Notre_Dame_IN%29\/Aprende_Espanol_con_Libretexts_%28Learn_Spanish_with_Libretexts%29\/Conversacion_mujeres\/01_Juana_Ines_de_la_Cruz\/1_Biografia_de_Sor_Juana?utm_source=chatgpt.com\" target=\"_blank\" rel=\"noreferrer noopener\">.<\/a> A los diecinueve a\u00f1os ingres\u00f3 al convento de<strong> San Jer\u00f3nimo en M\u00e9xico<\/strong>, adoptando el nombre de<strong> Sor Juana In\u00e9s de la Cruz, <\/strong>para poder dedicarse al estudio y la escritura en un contexto donde el acceso a la educaci\u00f3n para las mujeres era pr\u00e1cticamente nulo.<\/p>\n\n\n\n<p>Se inscribi\u00f3 en el estilo barroco hispanoamericano, cultivando poes\u00eda, teatro y prosa, y se gan\u00f3 reconocimientos como \u201cla d\u00e9cima musa\u201d por su talento literario.<\/p>\n\n\n\n<p>MUJERES CON ALAS: <a href=\"https:\/\/www.alasmedios.com\/index.php\/2025\/11\/07\/mujeres-con-alas-marie-curie\/\" data-type=\"post\" data-id=\"6771\">Marie Curie<\/a><\/p>\n\n\n\n<h3 class=\"wp-block-heading\">Obra y aporte<\/h3>\n\n\n\n<p>Los aportes de <strong>Sor Juana <\/strong>han sido ampliamente aceptados. En la literatura, cre\u00f3 <strong>poemas l\u00edricos, filos\u00f3ficos y cortesanos<\/strong>; obras teatrales como Los empe\u00f1os de una casa; autos sacramentales como <strong><em>El divino Narciso<\/em><\/strong>; y ensayos que cuestionan los l\u00edmites asignados a las <strong>mujeres<\/strong>. <\/p>\n\n\n\n<p>En su c\u00e9lebre<strong> Carta a Sor Filotea de la Cruz<\/strong> (1691), defendi\u00f3 el derecho de las <strong>mujeres <\/strong>a la <strong>educaci\u00f3n <\/strong>y al pensamiento libre, convirti\u00e9ndose en un antecedente del feminismo en Am\u00e9rica.<\/p>\n\n\n\n<p>Su obra literaria trasciende lo est\u00e9tico: denunci\u00f3 la<strong> hipocres\u00eda social <\/strong>de su \u00e9poca, especialmente en poemas como <em>\u201cHombres necios que acus\u00e1is\u2026\u201d<\/em>, donde cuestiona los valores patriarcales.<\/p>\n\n\n\n<h3 class=\"wp-block-heading\">Legado<\/h3>\n\n\n\n<p><strong>Sor Juana<\/strong> representa la posibilidad de que una <strong>mujer acceda al saber, al cuestionamiento y a la creaci\u00f3n con libertad<\/strong>. Su figura ha sido reivindicada por movimientos sociales que abogan por la igualdad de g\u00e9nero, el acceso a la educaci\u00f3n y la dignidad del pensamiento.<\/p>\n\n\n\n<p>Adem\u00e1s, su<strong> legado literario<\/strong> sigue presente en la ense\u00f1anza de la <strong>literatura hisp\u00e1nica <\/strong>y en la<strong> cultura mexicana<\/strong>, signo de que sus versos y reflexiones permanecen vivos.<\/p>\n\n\n\n<p>M\u00c1S DE MUJERES CON ALAS: <a href=\"https:\/\/www.alasmedios.com\/index.php\/2025\/01\/27\/mujeres-con-alas-benilda-figueroa\/\" data-type=\"post\" data-id=\"3294\">Benilda Figueroa<\/a><\/p>\n\n\n\n<p><strong>Sor Juana In\u00e9s de la Cruz<\/strong> no fue s\u00f3lo una gran escritora del siglo XVII: fue <strong>protagonista de una reivindicaci\u00f3n intelectual<\/strong> que a\u00fan nos interpela hoy. <\/p>\n\n\n\n<p>Su vida y obra muestran que la<strong> b\u00fasqueda del conocimiento, el cuestionamiento de los roles sociales y la creaci\u00f3n literaria <\/strong>pueden convertirse en actos de <strong>libertad<\/strong>. Su voz sigue resonando, invit\u00e1ndonos a leer, pensar y no conformarnos.<\/p>\n\n\n<ul class=\"wp-block-latest-posts__list is-grid columns-3 wp-block-latest-posts\"><li><div class=\"wp-block-latest-posts__featured-image\"><img loading=\"lazy\" decoding=\"async\" width=\"150\" height=\"150\" src=\"https:\/\/www.alasmedios.com\/wp-content\/uploads\/2026\/05\/USEP-calidad-hospitalaria-150x150.jpeg\" class=\"attachment-thumbnail size-thumbnail wp-post-image\" alt=\"\" style=\"\" \/><\/div><a class=\"wp-block-latest-posts__post-title\" href=\"https:\/\/www.alasmedios.com\/index.php\/2026\/05\/01\/usep-activa-formacion-para-prevenir-riesgos-en-la-atencion-medica\/\">USEP activa formaci\u00f3n para prevenir riesgos en la atenci\u00f3n m\u00e9dica<\/a><\/li>\n<li><div class=\"wp-block-latest-posts__featured-image\"><img loading=\"lazy\" decoding=\"async\" width=\"150\" height=\"150\" src=\"https:\/\/www.alasmedios.com\/wp-content\/uploads\/2026\/05\/Super-Final-de-la-Copa-del-Mundo-de-Clavados-2026-150x150.jpeg\" class=\"attachment-thumbnail size-thumbnail wp-post-image\" alt=\"\" style=\"\" \/><\/div><a class=\"wp-block-latest-posts__post-title\" href=\"https:\/\/www.alasmedios.com\/index.php\/2026\/05\/01\/mexico-se-lanza-por-la-cima-once-clavadistas-buscan-la-gloria-mundial-en-pekin-2026\/\">M\u00e9xico se lanza por la cima: once clavadistas buscan la gloria mundial en Pek\u00edn 2026<\/a><\/li>\n<li><div class=\"wp-block-latest-posts__featured-image\"><img loading=\"lazy\" decoding=\"async\" width=\"150\" height=\"150\" src=\"https:\/\/www.alasmedios.com\/wp-content\/uploads\/2026\/04\/Puebla-el-Congreso-aprobo-el-Protocolo-Homologado-de-Investigacion-de-Delitos-contra-Personas-LGBTTTI-150x150.png\" class=\"attachment-thumbnail size-thumbnail wp-post-image\" alt=\"\" style=\"\" \/><\/div><a class=\"wp-block-latest-posts__post-title\" href=\"https:\/\/www.alasmedios.com\/index.php\/2026\/04\/30\/puebla-impulsa-protocolo-contra-delitos-lgbttti\/\">Puebla impulsa protocolo contra delitos LGBTTTI+<\/a><\/li>\n<\/ul>","protected":false},"excerpt":{"rendered":"<p>La figura de Sor Juana In\u00e9s de la Cruz emerge como un faro de la literatura, el conocimiento y la<\/p>\n","protected":false},"author":4,"featured_media":6823,"comment_status":"open","ping_status":"open","sticky":false,"template":"","format":"standard","meta":{"colormag_page_container_layout":"default_layout","colormag_page_sidebar_layout":"default_layout","rop_custom_images_group":[],"rop_custom_messages_group":[],"rop_publish_now":"initial","rop_publish_now_accounts":[],"rop_publish_now_history":[],"rop_publish_now_status":"pending","iawp_total_views":0,"footnotes":""},"categories":[45],"tags":[651,876,56,53,177,3019,3018],"class_list":["post-6822","post","type-post","status-publish","format-standard","has-post-thumbnail","hentry","category-ellas-dicen","tag-educacion-2","tag-filosofia","tag-literatura","tag-mujeres","tag-mujeres-con-alas","tag-poemas","tag-sor-juana-ines-de-la-cruz"],"magazineBlocksPostFeaturedMedia":{"thumbnail":"https:\/\/www.alasmedios.com\/wp-content\/uploads\/2025\/11\/Mujeres-con-Alas-Sor-Juana-Ines-de-la-Cruz-150x150.png","medium":"https:\/\/www.alasmedios.com\/wp-content\/uploads\/2025\/11\/Mujeres-con-Alas-Sor-Juana-Ines-de-la-Cruz-300x182.png","medium_large":"https:\/\/www.alasmedios.com\/wp-content\/uploads\/2025\/11\/Mujeres-con-Alas-Sor-Juana-Ines-de-la-Cruz-768x466.png","large":"https:\/\/www.alasmedios.com\/wp-content\/uploads\/2025\/11\/Mujeres-con-Alas-Sor-Juana-Ines-de-la-Cruz-1024x622.png","1536x1536":"https:\/\/www.alasmedios.com\/wp-content\/uploads\/2025\/11\/Mujeres-con-Alas-Sor-Juana-Ines-de-la-Cruz-1536x932.png","2048x2048":"https:\/\/www.alasmedios.com\/wp-content\/uploads\/2025\/11\/Mujeres-con-Alas-Sor-Juana-Ines-de-la-Cruz.png","colormag-highlighted-post":"https:\/\/www.alasmedios.com\/wp-content\/uploads\/2025\/11\/Mujeres-con-Alas-Sor-Juana-Ines-de-la-Cruz-392x272.png","colormag-featured-post-medium":"https:\/\/www.alasmedios.com\/wp-content\/uploads\/2025\/11\/Mujeres-con-Alas-Sor-Juana-Ines-de-la-Cruz-390x205.png","colormag-featured-post-small":"https:\/\/www.alasmedios.com\/wp-content\/uploads\/2025\/11\/Mujeres-con-Alas-Sor-Juana-Ines-de-la-Cruz-130x90.png","colormag-featured-image":"https:\/\/www.alasmedios.com\/wp-content\/uploads\/2025\/11\/Mujeres-con-Alas-Sor-Juana-Ines-de-la-Cruz-800x445.png","colormag-default-news":"https:\/\/www.alasmedios.com\/wp-content\/uploads\/2025\/11\/Mujeres-con-Alas-Sor-Juana-Ines-de-la-Cruz-150x150.png","colormag-featured-image-large":"https:\/\/www.alasmedios.com\/wp-content\/uploads\/2025\/11\/Mujeres-con-Alas-Sor-Juana-Ines-de-la-Cruz-1400x600.png"},"magazineBlocksPostAuthor":{"name":"Keila Rodr\u00edguez Pe\u00f1a","avatar":"https:\/\/secure.gravatar.com\/avatar\/a2553a2bfaa601b9d539b617c8793e151bdffb60f9e48a249912f86d4c9ebeef?s=96&d=mm&r=g"},"magazineBlocksPostCommentsNumber":"0","magazineBlocksPostExcerpt":"La figura de Sor Juana In\u00e9s de la Cruz emerge como un faro de la literatura, el conocimiento y la","magazineBlocksPostCategories":["Ellas Dicen"],"magazineBlocksPostViewCount":242,"magazineBlocksPostReadTime":3,"magazine_blocks_featured_image_url":{"full":["https:\/\/www.alasmedios.com\/wp-content\/uploads\/2025\/11\/Mujeres-con-Alas-Sor-Juana-Ines-de-la-Cruz.png",2000,1214,false],"medium":["https:\/\/www.alasmedios.com\/wp-content\/uploads\/2025\/11\/Mujeres-con-Alas-Sor-Juana-Ines-de-la-Cruz-300x182.png",300,182,true],"thumbnail":["https:\/\/www.alasmedios.com\/wp-content\/uploads\/2025\/11\/Mujeres-con-Alas-Sor-Juana-Ines-de-la-Cruz-150x150.png",150,150,true]},"magazine_blocks_author":{"display_name":"Keila Rodr\u00edguez Pe\u00f1a","author_link":"https:\/\/www.alasmedios.com\/index.php\/author\/keila\/"},"magazine_blocks_comment":0,"magazine_blocks_author_image":"https:\/\/secure.gravatar.com\/avatar\/a2553a2bfaa601b9d539b617c8793e151bdffb60f9e48a249912f86d4c9ebeef?s=96&d=mm&r=g","magazine_blocks_category":"<a href=\"#\" class=\"category-link category-link-45\">Ellas Dicen<\/a>","yoast_head":"<!-- This site is optimized with the Yoast SEO plugin v27.5 - https:\/\/yoast.com\/product\/yoast-seo-wordpress\/ -->\r\n<title>Mujeres con Alas: Sor Juana In\u00e9s de la Cruz - Alas Medios<\/title>\r\n<meta name=\"robots\" content=\"index, follow, max-snippet:-1, max-image-preview:large, max-video-preview:-1\" \/>\r\n<link rel=\"canonical\" href=\"https:\/\/www.alasmedios.com\/index.php\/2025\/11\/12\/mujeres-con-alas-sor-juana-ines-de-la-cruz\/\" \/>\r\n<meta property=\"og:locale\" content=\"es_MX\" \/>\r\n<meta property=\"og:type\" content=\"article\" \/>\r\n<meta property=\"og:title\" content=\"Mujeres con Alas: Sor Juana In\u00e9s de la Cruz - Alas Medios\" \/>\r\n<meta property=\"og:description\" content=\"La figura de Sor Juana In\u00e9s de la Cruz emerge como un faro de la literatura, el conocimiento y la\" \/>\r\n<meta property=\"og:url\" content=\"https:\/\/www.alasmedios.com\/index.php\/2025\/11\/12\/mujeres-con-alas-sor-juana-ines-de-la-cruz\/\" \/>\r\n<meta property=\"og:site_name\" content=\"Alas Medios\" \/>\r\n<meta property=\"article:published_time\" content=\"2025-11-12T17:29:24+00:00\" \/>\r\n<meta property=\"og:image\" content=\"https:\/\/www.alasmedios.com\/wp-content\/uploads\/2025\/11\/Mujeres-con-Alas-Sor-Juana-Ines-de-la-Cruz.png\" \/>\r\n\t<meta property=\"og:image:width\" content=\"2000\" \/>\r\n\t<meta property=\"og:image:height\" content=\"1214\" \/>\r\n\t<meta property=\"og:image:type\" content=\"image\/png\" \/>\r\n<meta name=\"author\" content=\"Keila Rodr\u00edguez Pe\u00f1a\" \/>\r\n<meta name=\"twitter:card\" content=\"summary_large_image\" \/>\r\n<meta name=\"twitter:label1\" content=\"Escrito por\" \/>\n\t<meta name=\"twitter:data1\" content=\"Keila Rodr\u00edguez Pe\u00f1a\" \/>\n\t<meta name=\"twitter:label2\" content=\"Tiempo de lectura\" \/>\n\t<meta name=\"twitter:data2\" content=\"2 minutos\" \/>\r\n<script type=\"application\/ld+json\" class=\"yoast-schema-graph\">{\"@context\":\"https:\\\/\\\/schema.org\",\"@graph\":[{\"@type\":\"Article\",\"@id\":\"https:\\\/\\\/www.alasmedios.com\\\/index.php\\\/2025\\\/11\\\/12\\\/mujeres-con-alas-sor-juana-ines-de-la-cruz\\\/#article\",\"isPartOf\":{\"@id\":\"https:\\\/\\\/www.alasmedios.com\\\/index.php\\\/2025\\\/11\\\/12\\\/mujeres-con-alas-sor-juana-ines-de-la-cruz\\\/\"},\"author\":{\"name\":\"Keila Rodr\u00edguez Pe\u00f1a\",\"@id\":\"https:\\\/\\\/www.alasmedios.com\\\/#\\\/schema\\\/person\\\/0ba31bdd19a05ebf5c7fef1fedf99c34\"},\"headline\":\"Mujeres con Alas: Sor Juana In\u00e9s de la Cruz\",\"datePublished\":\"2025-11-12T17:29:24+00:00\",\"mainEntityOfPage\":{\"@id\":\"https:\\\/\\\/www.alasmedios.com\\\/index.php\\\/2025\\\/11\\\/12\\\/mujeres-con-alas-sor-juana-ines-de-la-cruz\\\/\"},\"wordCount\":452,\"commentCount\":0,\"publisher\":{\"@id\":\"https:\\\/\\\/www.alasmedios.com\\\/#organization\"},\"image\":{\"@id\":\"https:\\\/\\\/www.alasmedios.com\\\/index.php\\\/2025\\\/11\\\/12\\\/mujeres-con-alas-sor-juana-ines-de-la-cruz\\\/#primaryimage\"},\"thumbnailUrl\":\"https:\\\/\\\/www.alasmedios.com\\\/wp-content\\\/uploads\\\/2025\\\/11\\\/Mujeres-con-Alas-Sor-Juana-Ines-de-la-Cruz.png\",\"keywords\":[\"educaci\u00f3n\",\"filosof\u00eda\",\"Literatura\",\"Mujeres\",\"Mujeres con Alas\",\"poemas\",\"Sor Juana In\u00e9s de la Cruz\"],\"articleSection\":[\"Ellas Dicen\"],\"inLanguage\":\"es\",\"potentialAction\":[{\"@type\":\"CommentAction\",\"name\":\"Comment\",\"target\":[\"https:\\\/\\\/www.alasmedios.com\\\/index.php\\\/2025\\\/11\\\/12\\\/mujeres-con-alas-sor-juana-ines-de-la-cruz\\\/#respond\"]}]},{\"@type\":\"WebPage\",\"@id\":\"https:\\\/\\\/www.alasmedios.com\\\/index.php\\\/2025\\\/11\\\/12\\\/mujeres-con-alas-sor-juana-ines-de-la-cruz\\\/\",\"url\":\"https:\\\/\\\/www.alasmedios.com\\\/index.php\\\/2025\\\/11\\\/12\\\/mujeres-con-alas-sor-juana-ines-de-la-cruz\\\/\",\"name\":\"Mujeres con Alas: Sor Juana In\u00e9s de la Cruz - Alas Medios\",\"isPartOf\":{\"@id\":\"https:\\\/\\\/www.alasmedios.com\\\/#website\"},\"primaryImageOfPage\":{\"@id\":\"https:\\\/\\\/www.alasmedios.com\\\/index.php\\\/2025\\\/11\\\/12\\\/mujeres-con-alas-sor-juana-ines-de-la-cruz\\\/#primaryimage\"},\"image\":{\"@id\":\"https:\\\/\\\/www.alasmedios.com\\\/index.php\\\/2025\\\/11\\\/12\\\/mujeres-con-alas-sor-juana-ines-de-la-cruz\\\/#primaryimage\"},\"thumbnailUrl\":\"https:\\\/\\\/www.alasmedios.com\\\/wp-content\\\/uploads\\\/2025\\\/11\\\/Mujeres-con-Alas-Sor-Juana-Ines-de-la-Cruz.png\",\"datePublished\":\"2025-11-12T17:29:24+00:00\",\"breadcrumb\":{\"@id\":\"https:\\\/\\\/www.alasmedios.com\\\/index.php\\\/2025\\\/11\\\/12\\\/mujeres-con-alas-sor-juana-ines-de-la-cruz\\\/#breadcrumb\"},\"inLanguage\":\"es\",\"potentialAction\":[{\"@type\":\"ReadAction\",\"target\":[\"https:\\\/\\\/www.alasmedios.com\\\/index.php\\\/2025\\\/11\\\/12\\\/mujeres-con-alas-sor-juana-ines-de-la-cruz\\\/\"]}]},{\"@type\":\"ImageObject\",\"inLanguage\":\"es\",\"@id\":\"https:\\\/\\\/www.alasmedios.com\\\/index.php\\\/2025\\\/11\\\/12\\\/mujeres-con-alas-sor-juana-ines-de-la-cruz\\\/#primaryimage\",\"url\":\"https:\\\/\\\/www.alasmedios.com\\\/wp-content\\\/uploads\\\/2025\\\/11\\\/Mujeres-con-Alas-Sor-Juana-Ines-de-la-Cruz.png\",\"contentUrl\":\"https:\\\/\\\/www.alasmedios.com\\\/wp-content\\\/uploads\\\/2025\\\/11\\\/Mujeres-con-Alas-Sor-Juana-Ines-de-la-Cruz.png\",\"width\":2000,\"height\":1214},{\"@type\":\"BreadcrumbList\",\"@id\":\"https:\\\/\\\/www.alasmedios.com\\\/index.php\\\/2025\\\/11\\\/12\\\/mujeres-con-alas-sor-juana-ines-de-la-cruz\\\/#breadcrumb\",\"itemListElement\":[{\"@type\":\"ListItem\",\"position\":1,\"name\":\"Inicio\",\"item\":\"https:\\\/\\\/www.alasmedios.com\\\/\"},{\"@type\":\"ListItem\",\"position\":2,\"name\":\"Mujeres con Alas: Sor Juana In\u00e9s de la Cruz\"}]},{\"@type\":\"WebSite\",\"@id\":\"https:\\\/\\\/www.alasmedios.com\\\/#website\",\"url\":\"https:\\\/\\\/www.alasmedios.com\\\/\",\"name\":\"Alas Medios\",\"description\":\"Alas para pensar, Alas para volar, Alas de libertad\",\"publisher\":{\"@id\":\"https:\\\/\\\/www.alasmedios.com\\\/#organization\"},\"potentialAction\":[{\"@type\":\"SearchAction\",\"target\":{\"@type\":\"EntryPoint\",\"urlTemplate\":\"https:\\\/\\\/www.alasmedios.com\\\/?s={search_term_string}\"},\"query-input\":{\"@type\":\"PropertyValueSpecification\",\"valueRequired\":true,\"valueName\":\"search_term_string\"}}],\"inLanguage\":\"es\"},{\"@type\":\"Organization\",\"@id\":\"https:\\\/\\\/www.alasmedios.com\\\/#organization\",\"name\":\"Alas Medios\",\"url\":\"https:\\\/\\\/www.alasmedios.com\\\/\",\"logo\":{\"@type\":\"ImageObject\",\"inLanguage\":\"es\",\"@id\":\"https:\\\/\\\/www.alasmedios.com\\\/#\\\/schema\\\/logo\\\/image\\\/\",\"url\":\"https:\\\/\\\/www.alasmedios.com\\\/wp-content\\\/uploads\\\/2026\\\/01\\\/cropped-cropped-GAM-1.png\",\"contentUrl\":\"https:\\\/\\\/www.alasmedios.com\\\/wp-content\\\/uploads\\\/2026\\\/01\\\/cropped-cropped-GAM-1.png\",\"width\":467,\"height\":235,\"caption\":\"Alas Medios\"},\"image\":{\"@id\":\"https:\\\/\\\/www.alasmedios.com\\\/#\\\/schema\\\/logo\\\/image\\\/\"}},{\"@type\":\"Person\",\"@id\":\"https:\\\/\\\/www.alasmedios.com\\\/#\\\/schema\\\/person\\\/0ba31bdd19a05ebf5c7fef1fedf99c34\",\"name\":\"Keila Rodr\u00edguez Pe\u00f1a\",\"image\":{\"@type\":\"ImageObject\",\"inLanguage\":\"es\",\"@id\":\"https:\\\/\\\/secure.gravatar.com\\\/avatar\\\/a2553a2bfaa601b9d539b617c8793e151bdffb60f9e48a249912f86d4c9ebeef?s=96&d=mm&r=g\",\"url\":\"https:\\\/\\\/secure.gravatar.com\\\/avatar\\\/a2553a2bfaa601b9d539b617c8793e151bdffb60f9e48a249912f86d4c9ebeef?s=96&d=mm&r=g\",\"contentUrl\":\"https:\\\/\\\/secure.gravatar.com\\\/avatar\\\/a2553a2bfaa601b9d539b617c8793e151bdffb60f9e48a249912f86d4c9ebeef?s=96&d=mm&r=g\",\"caption\":\"Keila Rodr\u00edguez Pe\u00f1a\"},\"sameAs\":[\"http:\\\/\\\/www.alasmedios.com\"],\"url\":\"https:\\\/\\\/www.alasmedios.com\\\/index.php\\\/author\\\/keila\\\/\"}]}<\/script>\r\n<!-- \/ Yoast SEO plugin. -->","yoast_head_json":{"title":"Mujeres con Alas: Sor Juana In\u00e9s de la Cruz - Alas Medios","robots":{"index":"index","follow":"follow","max-snippet":"max-snippet:-1","max-image-preview":"max-image-preview:large","max-video-preview":"max-video-preview:-1"},"canonical":"https:\/\/www.alasmedios.com\/index.php\/2025\/11\/12\/mujeres-con-alas-sor-juana-ines-de-la-cruz\/","og_locale":"es_MX","og_type":"article","og_title":"Mujeres con Alas: Sor Juana In\u00e9s de la Cruz - Alas Medios","og_description":"La figura de Sor Juana In\u00e9s de la Cruz emerge como un faro de la literatura, el conocimiento y la","og_url":"https:\/\/www.alasmedios.com\/index.php\/2025\/11\/12\/mujeres-con-alas-sor-juana-ines-de-la-cruz\/","og_site_name":"Alas Medios","article_published_time":"2025-11-12T17:29:24+00:00","og_image":[{"width":2000,"height":1214,"url":"https:\/\/www.alasmedios.com\/wp-content\/uploads\/2025\/11\/Mujeres-con-Alas-Sor-Juana-Ines-de-la-Cruz.png","type":"image\/png"}],"author":"Keila Rodr\u00edguez Pe\u00f1a","twitter_card":"summary_large_image","twitter_misc":{"Escrito por":"Keila Rodr\u00edguez Pe\u00f1a","Tiempo de lectura":"2 minutos"},"schema":{"@context":"https:\/\/schema.org","@graph":[{"@type":"Article","@id":"https:\/\/www.alasmedios.com\/index.php\/2025\/11\/12\/mujeres-con-alas-sor-juana-ines-de-la-cruz\/#article","isPartOf":{"@id":"https:\/\/www.alasmedios.com\/index.php\/2025\/11\/12\/mujeres-con-alas-sor-juana-ines-de-la-cruz\/"},"author":{"name":"Keila Rodr\u00edguez Pe\u00f1a","@id":"https:\/\/www.alasmedios.com\/#\/schema\/person\/0ba31bdd19a05ebf5c7fef1fedf99c34"},"headline":"Mujeres con Alas: Sor Juana In\u00e9s de la Cruz","datePublished":"2025-11-12T17:29:24+00:00","mainEntityOfPage":{"@id":"https:\/\/www.alasmedios.com\/index.php\/2025\/11\/12\/mujeres-con-alas-sor-juana-ines-de-la-cruz\/"},"wordCount":452,"commentCount":0,"publisher":{"@id":"https:\/\/www.alasmedios.com\/#organization"},"image":{"@id":"https:\/\/www.alasmedios.com\/index.php\/2025\/11\/12\/mujeres-con-alas-sor-juana-ines-de-la-cruz\/#primaryimage"},"thumbnailUrl":"https:\/\/www.alasmedios.com\/wp-content\/uploads\/2025\/11\/Mujeres-con-Alas-Sor-Juana-Ines-de-la-Cruz.png","keywords":["educaci\u00f3n","filosof\u00eda","Literatura","Mujeres","Mujeres con Alas","poemas","Sor Juana In\u00e9s de la Cruz"],"articleSection":["Ellas Dicen"],"inLanguage":"es","potentialAction":[{"@type":"CommentAction","name":"Comment","target":["https:\/\/www.alasmedios.com\/index.php\/2025\/11\/12\/mujeres-con-alas-sor-juana-ines-de-la-cruz\/#respond"]}]},{"@type":"WebPage","@id":"https:\/\/www.alasmedios.com\/index.php\/2025\/11\/12\/mujeres-con-alas-sor-juana-ines-de-la-cruz\/","url":"https:\/\/www.alasmedios.com\/index.php\/2025\/11\/12\/mujeres-con-alas-sor-juana-ines-de-la-cruz\/","name":"Mujeres con Alas: Sor Juana In\u00e9s de la Cruz - Alas Medios","isPartOf":{"@id":"https:\/\/www.alasmedios.com\/#website"},"primaryImageOfPage":{"@id":"https:\/\/www.alasmedios.com\/index.php\/2025\/11\/12\/mujeres-con-alas-sor-juana-ines-de-la-cruz\/#primaryimage"},"image":{"@id":"https:\/\/www.alasmedios.com\/index.php\/2025\/11\/12\/mujeres-con-alas-sor-juana-ines-de-la-cruz\/#primaryimage"},"thumbnailUrl":"https:\/\/www.alasmedios.com\/wp-content\/uploads\/2025\/11\/Mujeres-con-Alas-Sor-Juana-Ines-de-la-Cruz.png","datePublished":"2025-11-12T17:29:24+00:00","breadcrumb":{"@id":"https:\/\/www.alasmedios.com\/index.php\/2025\/11\/12\/mujeres-con-alas-sor-juana-ines-de-la-cruz\/#breadcrumb"},"inLanguage":"es","potentialAction":[{"@type":"ReadAction","target":["https:\/\/www.alasmedios.com\/index.php\/2025\/11\/12\/mujeres-con-alas-sor-juana-ines-de-la-cruz\/"]}]},{"@type":"ImageObject","inLanguage":"es","@id":"https:\/\/www.alasmedios.com\/index.php\/2025\/11\/12\/mujeres-con-alas-sor-juana-ines-de-la-cruz\/#primaryimage","url":"https:\/\/www.alasmedios.com\/wp-content\/uploads\/2025\/11\/Mujeres-con-Alas-Sor-Juana-Ines-de-la-Cruz.png","contentUrl":"https:\/\/www.alasmedios.com\/wp-content\/uploads\/2025\/11\/Mujeres-con-Alas-Sor-Juana-Ines-de-la-Cruz.png","width":2000,"height":1214},{"@type":"BreadcrumbList","@id":"https:\/\/www.alasmedios.com\/index.php\/2025\/11\/12\/mujeres-con-alas-sor-juana-ines-de-la-cruz\/#breadcrumb","itemListElement":[{"@type":"ListItem","position":1,"name":"Inicio","item":"https:\/\/www.alasmedios.com\/"},{"@type":"ListItem","position":2,"name":"Mujeres con Alas: Sor Juana In\u00e9s de la Cruz"}]},{"@type":"WebSite","@id":"https:\/\/www.alasmedios.com\/#website","url":"https:\/\/www.alasmedios.com\/","name":"Alas Medios","description":"Alas para pensar, Alas para volar, Alas de libertad","publisher":{"@id":"https:\/\/www.alasmedios.com\/#organization"},"potentialAction":[{"@type":"SearchAction","target":{"@type":"EntryPoint","urlTemplate":"https:\/\/www.alasmedios.com\/?s={search_term_string}"},"query-input":{"@type":"PropertyValueSpecification","valueRequired":true,"valueName":"search_term_string"}}],"inLanguage":"es"},{"@type":"Organization","@id":"https:\/\/www.alasmedios.com\/#organization","name":"Alas Medios","url":"https:\/\/www.alasmedios.com\/","logo":{"@type":"ImageObject","inLanguage":"es","@id":"https:\/\/www.alasmedios.com\/#\/schema\/logo\/image\/","url":"https:\/\/www.alasmedios.com\/wp-content\/uploads\/2026\/01\/cropped-cropped-GAM-1.png","contentUrl":"https:\/\/www.alasmedios.com\/wp-content\/uploads\/2026\/01\/cropped-cropped-GAM-1.png","width":467,"height":235,"caption":"Alas Medios"},"image":{"@id":"https:\/\/www.alasmedios.com\/#\/schema\/logo\/image\/"}},{"@type":"Person","@id":"https:\/\/www.alasmedios.com\/#\/schema\/person\/0ba31bdd19a05ebf5c7fef1fedf99c34","name":"Keila Rodr\u00edguez Pe\u00f1a","image":{"@type":"ImageObject","inLanguage":"es","@id":"https:\/\/secure.gravatar.com\/avatar\/a2553a2bfaa601b9d539b617c8793e151bdffb60f9e48a249912f86d4c9ebeef?s=96&d=mm&r=g","url":"https:\/\/secure.gravatar.com\/avatar\/a2553a2bfaa601b9d539b617c8793e151bdffb60f9e48a249912f86d4c9ebeef?s=96&d=mm&r=g","contentUrl":"https:\/\/secure.gravatar.com\/avatar\/a2553a2bfaa601b9d539b617c8793e151bdffb60f9e48a249912f86d4c9ebeef?s=96&d=mm&r=g","caption":"Keila Rodr\u00edguez Pe\u00f1a"},"sameAs":["http:\/\/www.alasmedios.com"],"url":"https:\/\/www.alasmedios.com\/index.php\/author\/keila\/"}]}},"_links":{"self":[{"href":"https:\/\/www.alasmedios.com\/index.php\/wp-json\/wp\/v2\/posts\/6822","targetHints":{"allow":["GET"]}}],"collection":[{"href":"https:\/\/www.alasmedios.com\/index.php\/wp-json\/wp\/v2\/posts"}],"about":[{"href":"https:\/\/www.alasmedios.com\/index.php\/wp-json\/wp\/v2\/types\/post"}],"author":[{"embeddable":true,"href":"https:\/\/www.alasmedios.com\/index.php\/wp-json\/wp\/v2\/users\/4"}],"replies":[{"embeddable":true,"href":"https:\/\/www.alasmedios.com\/index.php\/wp-json\/wp\/v2\/comments?post=6822"}],"version-history":[{"count":1,"href":"https:\/\/www.alasmedios.com\/index.php\/wp-json\/wp\/v2\/posts\/6822\/revisions"}],"predecessor-version":[{"id":6824,"href":"https:\/\/www.alasmedios.com\/index.php\/wp-json\/wp\/v2\/posts\/6822\/revisions\/6824"}],"wp:featuredmedia":[{"embeddable":true,"href":"https:\/\/www.alasmedios.com\/index.php\/wp-json\/wp\/v2\/media\/6823"}],"wp:attachment":[{"href":"https:\/\/www.alasmedios.com\/index.php\/wp-json\/wp\/v2\/media?parent=6822"}],"wp:term":[{"taxonomy":"category","embeddable":true,"href":"https:\/\/www.alasmedios.com\/index.php\/wp-json\/wp\/v2\/categories?post=6822"},{"taxonomy":"post_tag","embeddable":true,"href":"https:\/\/www.alasmedios.com\/index.php\/wp-json\/wp\/v2\/tags?post=6822"}],"curies":[{"name":"wp","href":"https:\/\/api.w.org\/{rel}","templated":true}]}}