{"id":6801,"date":"2025-11-10T12:51:01","date_gmt":"2025-11-10T18:51:01","guid":{"rendered":"https:\/\/www.alasmedios.com\/?p=6801"},"modified":"2025-11-10T12:51:03","modified_gmt":"2025-11-10T18:51:03","slug":"hidalgo-se-prepara-ante-lluvias-y-frio-extremo-activan-albergues-en-la-huasteca-y-la-sierra","status":"publish","type":"post","link":"https:\/\/www.alasmedios.com\/index.php\/2025\/11\/10\/hidalgo-se-prepara-ante-lluvias-y-frio-extremo-activan-albergues-en-la-huasteca-y-la-sierra\/","title":{"rendered":"Hidalgo se prepara ante lluvias y fr\u00edo extremo: activan albergues en la Huasteca y la Sierra"},"content":{"rendered":"\n<p>Con el<strong>&nbsp;pron\u00f3stico de fr\u00edo y lluvias torrenciales<\/strong>, en&nbsp;<strong>Hidalgo&nbsp;<\/strong>han activado un plan de&nbsp;<strong>prevenci\u00f3n<\/strong>, con&nbsp;<strong>albergues<\/strong>&nbsp;para la poblaci\u00f3n.<\/p>\n\n\n\n<p>Ante el&nbsp;<strong>frente fr\u00edo n\u00famero 13<\/strong>&nbsp;y el&nbsp;<strong>pron\u00f3stico de lluvias fuertes a torrenciales<\/strong>, el&nbsp;<strong>Gobierno del Estado de Hidalgo<\/strong>&nbsp;inform\u00f3 la activaci\u00f3n de&nbsp;<strong>albergues temporales<\/strong>&nbsp;en distintos municipios para&nbsp;<strong>proteger a la poblaci\u00f3n vulnerable<\/strong>.<\/p>\n\n\n\n<p>El&nbsp;<strong>gobernador Julio Menchaca Salazar<\/strong>&nbsp;y&nbsp;<strong>Edda Vite Ramos<\/strong>, presidenta del&nbsp;<strong>Sistema DIF Hidalgo<\/strong>, mantienen comunicaci\u00f3n con los&nbsp;<strong>84 ayuntamientos y DIF municipales<\/strong>&nbsp;para garantizar que&nbsp;<strong>nadie quede sin refugio<\/strong>&nbsp;ante las&nbsp;<strong>bajas temperaturas, heladas y posibles inundaciones<\/strong>.<\/p>\n\n\n\n<p>El&nbsp;<strong>Comit\u00e9 Estatal de Emergencias<\/strong>&nbsp;permanece en&nbsp;<strong>sesi\u00f3n permanente<\/strong>, coordinado con&nbsp;<strong>autoridades federales<\/strong>, mientras se pide a la poblaci\u00f3n&nbsp;<strong>mantenerse atenta a los avisos oficiales<\/strong>.<\/p>\n\n\n\n<p>CONTIN\u00daA LEYENDO: <a href=\"https:\/\/www.alasmedios.com\/index.php\/2025\/11\/10\/encanto-y-tradicion-que-es-un-pueblo-magico\/\" data-type=\"post\" data-id=\"6798\">Encanto y tradici\u00f3n: \u00bfqu\u00e9 es un Pueblo M\u00e1gico?<\/a><\/p>\n\n\n\n<h3 class=\"wp-block-heading\" id=\"h-albergues-temporales\">Albergues temporales<\/h3>\n\n\n\n<p>Entre los municipios con&nbsp;<strong>refugios habilitados<\/strong>&nbsp;destacan&nbsp;<strong>Calnali, Chapulhuac\u00e1n, Huautla, Lolotla, Molango de Escamilla, San Bartolo Tutotepec, Tianguistengo, Xochiatipan, Huehuetla y Zacualtip\u00e1n de \u00c1ngeles<\/strong>, donde se prev\u00e9n&nbsp;<strong>lluvias intensas, neblina y descenso de temperatura<\/strong>.<\/p>\n\n\n\n<p>En&nbsp;<strong>Calnali<\/strong>, los albergues se ubican en el&nbsp;<strong>Barrio Centro, Barrio Tlala<\/strong>&nbsp;y&nbsp;<strong>Papatlatla<\/strong>; en&nbsp;<strong>Chapulhuac\u00e1n<\/strong>, en el&nbsp;<strong>Auditorio Municipal<\/strong>,&nbsp;<strong>Santa Ana de Allende<\/strong>&nbsp;y&nbsp;<strong>San Rafael<\/strong>.<\/p>\n\n\n\n<p>En&nbsp;<strong>Huautla<\/strong>&nbsp;se habilitaron seis espacios, entre ellos la&nbsp;<strong>Primaria Miguel Hidalgo<\/strong>, la&nbsp;<strong>Telesecundaria 83<\/strong>, y las comunidades de&nbsp;<strong>Tamoyon I<\/strong>,&nbsp;<strong>Zacatipa<\/strong>&nbsp;y&nbsp;<strong>Huemaco<\/strong>.<\/p>\n\n\n\n<p><strong>Lolotla<\/strong>&nbsp;cuenta con refugios en la&nbsp;<strong>Cabecera municipal<\/strong>, el&nbsp;<strong>Auditorio Jes\u00fas Acosta<\/strong>&nbsp;y la&nbsp;<strong>Galer\u00eda Xuchitl\u00e1n<\/strong>, mientras que en&nbsp;<strong>Molango de Escamilla<\/strong>&nbsp;se ubican en el&nbsp;<strong>Barrio de Santa Cruz<\/strong>&nbsp;y la&nbsp;<strong>Escuela Primaria de Pemuxtitla<\/strong>.<\/p>\n\n\n\n<p>TE PUEDE INTERESAR: <a href=\"https:\/\/www.alasmedios.com\/index.php\/2025\/11\/07\/cometierra-cuando-la-tierra-habla-por-los-que-ya-no-pueden-hacerlo\/\" data-type=\"post\" data-id=\"6778\">\u201cCometierra\u201d: cuando la tierra habla por los que ya no pueden hacerlo<\/a><\/p>\n\n\n\n<p>En la&nbsp;<strong>Sierra Otom\u00ed-Tepehua<\/strong>,&nbsp;<strong>San Bartolo Tutotepec<\/strong>&nbsp;dispone de cuatro albergues, entre ellos el&nbsp;<strong>Auditorio Municipal Fco. Uriel Islas Trejo<\/strong>&nbsp;y la&nbsp;<strong>Casa de la Ni\u00f1ez Ind\u00edgena Ignacio Ram\u00edrez<\/strong>;&nbsp;<strong>Tianguistengo<\/strong>&nbsp;habilit\u00f3 refugios en la&nbsp;<strong>Iglesia de Santa Ana<\/strong>&nbsp;y&nbsp;<strong>Pemuxco<\/strong>, mientras que&nbsp;<strong>Xochiatipan<\/strong>&nbsp;cuenta con cinco espacios en comunidades como&nbsp;<strong>Texoloc, Chiapa, Tlaltecatla, Atlalco<\/strong>&nbsp;y la&nbsp;<strong>cabecera municipal<\/strong>.<\/p>\n\n\n\n<p><strong>Huehuetla<\/strong>, uno de los municipios con m\u00e1s refugios, dispone de diez, entre ellos la&nbsp;<strong>Casa de la Ni\u00f1ez Ind\u00edgena Emiliano Zapata<\/strong>, el&nbsp;<strong>Centro de Estudios de Bachillerato 6\/7 \u201cGabino Barreda\u201d<\/strong>&nbsp;y diversas&nbsp;<strong>viviendas comunitarias<\/strong>.<\/p>\n\n\n\n<p>En&nbsp;<strong>Zacualtip\u00e1n de \u00c1ngeles<\/strong>, el&nbsp;<strong>Auditorio Municipal Felipe \u00c1ngeles<\/strong>&nbsp;servir\u00e1 como punto de resguardo.<\/p>\n\n\n\n<h3 class=\"wp-block-heading\" id=\"h-pronostico-del-clima-este-lunes\">Pron\u00f3stico del clima este lunes<\/h3>\n\n\n\n<p>De acuerdo con el&nbsp;<strong>Servicio Meteorol\u00f3gico Nacional<\/strong>, el&nbsp;<strong>frente fr\u00edo 13<\/strong>&nbsp;recorrer\u00e1 gran parte del pa\u00eds acompa\u00f1ado de una&nbsp;<strong>masa de aire \u00e1rtica<\/strong>, lo que provocar\u00e1 un&nbsp;<strong>ambiente g\u00e9lido y heladas al amanecer<\/strong>&nbsp;en el&nbsp;<strong>norte, centro y oriente<\/strong>, incluyendo&nbsp;<strong>Hidalgo<\/strong>.<\/p>\n\n\n\n<p>CONTIN\u00daA LEYENDO: <a href=\"https:\/\/www.alasmedios.com\/index.php\/2025\/11\/07\/mujeres-con-alas-marie-curie\/\" data-type=\"post\" data-id=\"6771\">Mujeres con Alas: Marie Curie<\/a><\/p>\n\n\n\n<p>En el estado, las&nbsp;<strong>regiones Huasteca y Sierra de Tenango<\/strong>&nbsp;podr\u00edan registrar&nbsp;<strong>lluvias fuertes con puntuales muy fuertes<\/strong>, mientras que la&nbsp;<strong>Sierra Baja<\/strong>&nbsp;tendr\u00e1&nbsp;<strong>chubascos y cielo nublado<\/strong>. Se prev\u00e9n&nbsp;<strong>temperaturas m\u00ednimas de hasta 0 grados Celsius<\/strong>&nbsp;en zonas serranas y&nbsp;<strong>m\u00e1ximas cercanas a los 18 \u00b0C<\/strong>&nbsp;en la Huasteca.<\/p>\n\n\n\n<p>El pron\u00f3stico local indica que en el&nbsp;<strong>Valle de Tulancingo<\/strong>&nbsp;habr\u00e1&nbsp;<strong>90 % de probabilidad de lluvia<\/strong>, con ambiente&nbsp;<strong>fr\u00edo y cielo cubierto<\/strong>, mientras que el&nbsp;<strong>Altiplano, Pachuca-Tizayuca y Valle del Mezquital<\/strong>&nbsp;presentar\u00e1n&nbsp;<strong>cielos nublados sin precipitaci\u00f3n<\/strong>, aunque con&nbsp;<strong>temperaturas m\u00ednimas entre 0 y 6 \u00b0C<\/strong>.<\/p>\n\n\n\n<p>El&nbsp;<strong>Servicio Meteorol\u00f3gico Nacional<\/strong>&nbsp;tambi\u00e9n advierte sobre&nbsp;<strong>vientos fuertes y posibles heladas<\/strong>, que podr\u00edan&nbsp;<strong>congelar tramos carreteros<\/strong>&nbsp;y ocasionar&nbsp;<strong>ca\u00edda de \u00e1rboles o anuncios publicitarios<\/strong>.<\/p>\n\n\n\n<p>Ante estas condiciones, las autoridades llaman a la poblaci\u00f3n a&nbsp;<strong>refugiarse en los albergues disponibles<\/strong>,&nbsp;<strong>no exponerse a cambios bruscos de temperatura<\/strong>&nbsp;y&nbsp;<strong>reportar cualquier emergencia<\/strong>&nbsp;a las&nbsp;<strong>autoridades municipales o de Protecci\u00f3n Civil<\/strong>.<\/p>\n\n\n<ul class=\"wp-block-latest-posts__list is-grid columns-3 wp-block-latest-posts\"><li><div class=\"wp-block-latest-posts__featured-image\"><img loading=\"lazy\" decoding=\"async\" width=\"150\" height=\"150\" src=\"https:\/\/www.alasmedios.com\/wp-content\/uploads\/2026\/05\/AMPEP-inteligencia-artificial-150x150.jpg\" class=\"attachment-thumbnail size-thumbnail wp-post-image\" alt=\"\" style=\"\" \/><\/div><a class=\"wp-block-latest-posts__post-title\" href=\"https:\/\/www.alasmedios.com\/index.php\/2026\/05\/01\/periodismo-frente-a-la-ia-ampep-asume-liderazgo-y-apuesta-por-contar-historias-con-alma\/\">Periodismo frente a la IA: AMPEP asume liderazgo y apuesta por contar historias con \u201calma\u201d<\/a><\/li>\n<li><div class=\"wp-block-latest-posts__featured-image\"><img loading=\"lazy\" decoding=\"async\" width=\"150\" height=\"150\" src=\"https:\/\/www.alasmedios.com\/wp-content\/uploads\/2026\/05\/Hidalgo-viene-un-respiro-con-el-frente-frio-48-150x150.png\" class=\"attachment-thumbnail size-thumbnail wp-post-image\" alt=\"\" style=\"\" \/><\/div><a class=\"wp-block-latest-posts__post-title\" href=\"https:\/\/www.alasmedios.com\/index.php\/2026\/05\/01\/frente-frio-48-un-alivio-asi-impactara-en-hidalgo\/\">Frente fr\u00edo 48, un alivio: as\u00ed impactar\u00e1 en Hidalgo<\/a><\/li>\n<li><div class=\"wp-block-latest-posts__featured-image\"><img loading=\"lazy\" decoding=\"async\" width=\"150\" height=\"150\" src=\"https:\/\/www.alasmedios.com\/wp-content\/uploads\/2026\/05\/mujeres-depresion-posparto-150x150.png\" class=\"attachment-thumbnail size-thumbnail wp-post-image\" alt=\"\" style=\"\" \/><\/div><a class=\"wp-block-latest-posts__post-title\" href=\"https:\/\/www.alasmedios.com\/index.php\/2026\/05\/01\/1-de-cada-15-mujeres-sufre-depresion-posparto\/\">1 de cada 15 mujeres sufre depresi\u00f3n posparto<\/a><\/li>\n<\/ul>","protected":false},"excerpt":{"rendered":"<p>Con el&nbsp;pron\u00f3stico de fr\u00edo y lluvias torrenciales, en&nbsp;Hidalgo&nbsp;han activado un plan de&nbsp;prevenci\u00f3n, con&nbsp;albergues&nbsp;para la poblaci\u00f3n. Ante el&nbsp;frente fr\u00edo n\u00famero 13&nbsp;y<\/p>\n","protected":false},"author":4,"featured_media":6802,"comment_status":"open","ping_status":"open","sticky":false,"template":"","format":"standard","meta":{"colormag_page_container_layout":"default_layout","colormag_page_sidebar_layout":"default_layout","rop_custom_images_group":[],"rop_custom_messages_group":[],"rop_publish_now":"initial","rop_publish_now_accounts":[],"rop_publish_now_history":[],"rop_publish_now_status":"pending","iawp_total_views":0,"footnotes":""},"categories":[41],"tags":[3008,575,2966,99,2234,3009],"class_list":["post-6801","post","type-post","status-publish","format-standard","has-post-thumbnail","hentry","category-hidalgo","tag-albergues","tag-clima","tag-frio","tag-hidalgo","tag-lluvia","tag-pronostico"],"magazineBlocksPostFeaturedMedia":{"thumbnail":"https:\/\/www.alasmedios.com\/wp-content\/uploads\/2025\/11\/albergues-frio-lluvias-Hidalgo-150x150.jpg","medium":"https:\/\/www.alasmedios.com\/wp-content\/uploads\/2025\/11\/albergues-frio-lluvias-Hidalgo-300x200.jpg","medium_large":"https:\/\/www.alasmedios.com\/wp-content\/uploads\/2025\/11\/albergues-frio-lluvias-Hidalgo-768x511.jpg","large":"https:\/\/www.alasmedios.com\/wp-content\/uploads\/2025\/11\/albergues-frio-lluvias-Hidalgo-1024x682.jpg","1536x1536":"https:\/\/www.alasmedios.com\/wp-content\/uploads\/2025\/11\/albergues-frio-lluvias-Hidalgo-1536x1022.jpg","2048x2048":"https:\/\/www.alasmedios.com\/wp-content\/uploads\/2025\/11\/albergues-frio-lluvias-Hidalgo-2048x1363.jpg","colormag-highlighted-post":"https:\/\/www.alasmedios.com\/wp-content\/uploads\/2025\/11\/albergues-frio-lluvias-Hidalgo-392x272.jpg","colormag-featured-post-medium":"https:\/\/www.alasmedios.com\/wp-content\/uploads\/2025\/11\/albergues-frio-lluvias-Hidalgo-390x205.jpg","colormag-featured-post-small":"https:\/\/www.alasmedios.com\/wp-content\/uploads\/2025\/11\/albergues-frio-lluvias-Hidalgo-130x90.jpg","colormag-featured-image":"https:\/\/www.alasmedios.com\/wp-content\/uploads\/2025\/11\/albergues-frio-lluvias-Hidalgo-800x445.jpg","colormag-default-news":"https:\/\/www.alasmedios.com\/wp-content\/uploads\/2025\/11\/albergues-frio-lluvias-Hidalgo-150x150.jpg","colormag-featured-image-large":"https:\/\/www.alasmedios.com\/wp-content\/uploads\/2025\/11\/albergues-frio-lluvias-Hidalgo-1400x600.jpg"},"magazineBlocksPostAuthor":{"name":"Keila Rodr\u00edguez Pe\u00f1a","avatar":"https:\/\/secure.gravatar.com\/avatar\/a2553a2bfaa601b9d539b617c8793e151bdffb60f9e48a249912f86d4c9ebeef?s=96&d=mm&r=g"},"magazineBlocksPostCommentsNumber":"0","magazineBlocksPostExcerpt":"Con el&nbsp;pron\u00f3stico de fr\u00edo y lluvias torrenciales, en&nbsp;Hidalgo&nbsp;han activado un plan de&nbsp;prevenci\u00f3n, con&nbsp;albergues&nbsp;para la poblaci\u00f3n. Ante el&nbsp;frente fr\u00edo n\u00famero 13&nbsp;y","magazineBlocksPostCategories":["Hidalgo"],"magazineBlocksPostViewCount":176,"magazineBlocksPostReadTime":4,"magazine_blocks_featured_image_url":{"full":["https:\/\/www.alasmedios.com\/wp-content\/uploads\/2025\/11\/albergues-frio-lluvias-Hidalgo-scaled.jpg",2560,1704,false],"medium":["https:\/\/www.alasmedios.com\/wp-content\/uploads\/2025\/11\/albergues-frio-lluvias-Hidalgo-300x200.jpg",300,200,true],"thumbnail":["https:\/\/www.alasmedios.com\/wp-content\/uploads\/2025\/11\/albergues-frio-lluvias-Hidalgo-150x150.jpg",150,150,true]},"magazine_blocks_author":{"display_name":"Keila Rodr\u00edguez Pe\u00f1a","author_link":"https:\/\/www.alasmedios.com\/index.php\/author\/keila\/"},"magazine_blocks_comment":0,"magazine_blocks_author_image":"https:\/\/secure.gravatar.com\/avatar\/a2553a2bfaa601b9d539b617c8793e151bdffb60f9e48a249912f86d4c9ebeef?s=96&d=mm&r=g","magazine_blocks_category":"<a href=\"#\" class=\"category-link category-link-41\">Hidalgo<\/a>","yoast_head":"<!-- This site is optimized with the Yoast SEO plugin v27.5 - https:\/\/yoast.com\/product\/yoast-seo-wordpress\/ -->\r\n<title>Hidalgo se prepara ante lluvias y fr\u00edo extremo: activan albergues en la Huasteca y la Sierra - Alas Medios<\/title>\r\n<meta name=\"robots\" content=\"index, follow, max-snippet:-1, max-image-preview:large, max-video-preview:-1\" \/>\r\n<link rel=\"canonical\" href=\"https:\/\/www.alasmedios.com\/index.php\/2025\/11\/10\/hidalgo-se-prepara-ante-lluvias-y-frio-extremo-activan-albergues-en-la-huasteca-y-la-sierra\/\" \/>\r\n<meta property=\"og:locale\" content=\"es_MX\" \/>\r\n<meta property=\"og:type\" content=\"article\" \/>\r\n<meta property=\"og:title\" content=\"Hidalgo se prepara ante lluvias y fr\u00edo extremo: activan albergues en la Huasteca y la Sierra - Alas Medios\" \/>\r\n<meta property=\"og:description\" content=\"Con el&nbsp;pron\u00f3stico de fr\u00edo y lluvias torrenciales, en&nbsp;Hidalgo&nbsp;han activado un plan de&nbsp;prevenci\u00f3n, con&nbsp;albergues&nbsp;para la poblaci\u00f3n. Ante el&nbsp;frente fr\u00edo n\u00famero 13&nbsp;y\" \/>\r\n<meta property=\"og:url\" content=\"https:\/\/www.alasmedios.com\/index.php\/2025\/11\/10\/hidalgo-se-prepara-ante-lluvias-y-frio-extremo-activan-albergues-en-la-huasteca-y-la-sierra\/\" \/>\r\n<meta property=\"og:site_name\" content=\"Alas Medios\" \/>\r\n<meta property=\"article:published_time\" content=\"2025-11-10T18:51:01+00:00\" \/>\r\n<meta property=\"article:modified_time\" content=\"2025-11-10T18:51:03+00:00\" \/>\r\n<meta property=\"og:image\" content=\"https:\/\/www.alasmedios.com\/wp-content\/uploads\/2025\/11\/albergues-frio-lluvias-Hidalgo-scaled.jpg\" \/>\r\n\t<meta property=\"og:image:width\" content=\"2560\" \/>\r\n\t<meta property=\"og:image:height\" content=\"1704\" \/>\r\n\t<meta property=\"og:image:type\" content=\"image\/jpeg\" \/>\r\n<meta name=\"author\" content=\"Keila Rodr\u00edguez Pe\u00f1a\" \/>\r\n<meta name=\"twitter:card\" content=\"summary_large_image\" \/>\r\n<meta name=\"twitter:label1\" content=\"Escrito por\" \/>\n\t<meta name=\"twitter:data1\" content=\"Keila Rodr\u00edguez Pe\u00f1a\" \/>\n\t<meta name=\"twitter:label2\" content=\"Tiempo de lectura\" \/>\n\t<meta name=\"twitter:data2\" content=\"4 minutos\" \/>\r\n<script type=\"application\/ld+json\" class=\"yoast-schema-graph\">{\"@context\":\"https:\\\/\\\/schema.org\",\"@graph\":[{\"@type\":\"Article\",\"@id\":\"https:\\\/\\\/www.alasmedios.com\\\/index.php\\\/2025\\\/11\\\/10\\\/hidalgo-se-prepara-ante-lluvias-y-frio-extremo-activan-albergues-en-la-huasteca-y-la-sierra\\\/#article\",\"isPartOf\":{\"@id\":\"https:\\\/\\\/www.alasmedios.com\\\/index.php\\\/2025\\\/11\\\/10\\\/hidalgo-se-prepara-ante-lluvias-y-frio-extremo-activan-albergues-en-la-huasteca-y-la-sierra\\\/\"},\"author\":{\"name\":\"Keila Rodr\u00edguez Pe\u00f1a\",\"@id\":\"https:\\\/\\\/www.alasmedios.com\\\/#\\\/schema\\\/person\\\/0ba31bdd19a05ebf5c7fef1fedf99c34\"},\"headline\":\"Hidalgo se prepara ante lluvias y fr\u00edo extremo: activan albergues en la Huasteca y la Sierra\",\"datePublished\":\"2025-11-10T18:51:01+00:00\",\"dateModified\":\"2025-11-10T18:51:03+00:00\",\"mainEntityOfPage\":{\"@id\":\"https:\\\/\\\/www.alasmedios.com\\\/index.php\\\/2025\\\/11\\\/10\\\/hidalgo-se-prepara-ante-lluvias-y-frio-extremo-activan-albergues-en-la-huasteca-y-la-sierra\\\/\"},\"wordCount\":759,\"commentCount\":0,\"publisher\":{\"@id\":\"https:\\\/\\\/www.alasmedios.com\\\/#organization\"},\"image\":{\"@id\":\"https:\\\/\\\/www.alasmedios.com\\\/index.php\\\/2025\\\/11\\\/10\\\/hidalgo-se-prepara-ante-lluvias-y-frio-extremo-activan-albergues-en-la-huasteca-y-la-sierra\\\/#primaryimage\"},\"thumbnailUrl\":\"https:\\\/\\\/www.alasmedios.com\\\/wp-content\\\/uploads\\\/2025\\\/11\\\/albergues-frio-lluvias-Hidalgo-scaled.jpg\",\"keywords\":[\"albergues\",\"clima\",\"fr\u00edo\",\"Hidalgo\",\"lluvia\",\"pron\u00f3stico\"],\"articleSection\":[\"Hidalgo\"],\"inLanguage\":\"es\",\"potentialAction\":[{\"@type\":\"CommentAction\",\"name\":\"Comment\",\"target\":[\"https:\\\/\\\/www.alasmedios.com\\\/index.php\\\/2025\\\/11\\\/10\\\/hidalgo-se-prepara-ante-lluvias-y-frio-extremo-activan-albergues-en-la-huasteca-y-la-sierra\\\/#respond\"]}]},{\"@type\":\"WebPage\",\"@id\":\"https:\\\/\\\/www.alasmedios.com\\\/index.php\\\/2025\\\/11\\\/10\\\/hidalgo-se-prepara-ante-lluvias-y-frio-extremo-activan-albergues-en-la-huasteca-y-la-sierra\\\/\",\"url\":\"https:\\\/\\\/www.alasmedios.com\\\/index.php\\\/2025\\\/11\\\/10\\\/hidalgo-se-prepara-ante-lluvias-y-frio-extremo-activan-albergues-en-la-huasteca-y-la-sierra\\\/\",\"name\":\"Hidalgo se prepara ante lluvias y fr\u00edo extremo: activan albergues en la Huasteca y la Sierra - Alas Medios\",\"isPartOf\":{\"@id\":\"https:\\\/\\\/www.alasmedios.com\\\/#website\"},\"primaryImageOfPage\":{\"@id\":\"https:\\\/\\\/www.alasmedios.com\\\/index.php\\\/2025\\\/11\\\/10\\\/hidalgo-se-prepara-ante-lluvias-y-frio-extremo-activan-albergues-en-la-huasteca-y-la-sierra\\\/#primaryimage\"},\"image\":{\"@id\":\"https:\\\/\\\/www.alasmedios.com\\\/index.php\\\/2025\\\/11\\\/10\\\/hidalgo-se-prepara-ante-lluvias-y-frio-extremo-activan-albergues-en-la-huasteca-y-la-sierra\\\/#primaryimage\"},\"thumbnailUrl\":\"https:\\\/\\\/www.alasmedios.com\\\/wp-content\\\/uploads\\\/2025\\\/11\\\/albergues-frio-lluvias-Hidalgo-scaled.jpg\",\"datePublished\":\"2025-11-10T18:51:01+00:00\",\"dateModified\":\"2025-11-10T18:51:03+00:00\",\"breadcrumb\":{\"@id\":\"https:\\\/\\\/www.alasmedios.com\\\/index.php\\\/2025\\\/11\\\/10\\\/hidalgo-se-prepara-ante-lluvias-y-frio-extremo-activan-albergues-en-la-huasteca-y-la-sierra\\\/#breadcrumb\"},\"inLanguage\":\"es\",\"potentialAction\":[{\"@type\":\"ReadAction\",\"target\":[\"https:\\\/\\\/www.alasmedios.com\\\/index.php\\\/2025\\\/11\\\/10\\\/hidalgo-se-prepara-ante-lluvias-y-frio-extremo-activan-albergues-en-la-huasteca-y-la-sierra\\\/\"]}]},{\"@type\":\"ImageObject\",\"inLanguage\":\"es\",\"@id\":\"https:\\\/\\\/www.alasmedios.com\\\/index.php\\\/2025\\\/11\\\/10\\\/hidalgo-se-prepara-ante-lluvias-y-frio-extremo-activan-albergues-en-la-huasteca-y-la-sierra\\\/#primaryimage\",\"url\":\"https:\\\/\\\/www.alasmedios.com\\\/wp-content\\\/uploads\\\/2025\\\/11\\\/albergues-frio-lluvias-Hidalgo-scaled.jpg\",\"contentUrl\":\"https:\\\/\\\/www.alasmedios.com\\\/wp-content\\\/uploads\\\/2025\\\/11\\\/albergues-frio-lluvias-Hidalgo-scaled.jpg\",\"width\":2560,\"height\":1704},{\"@type\":\"BreadcrumbList\",\"@id\":\"https:\\\/\\\/www.alasmedios.com\\\/index.php\\\/2025\\\/11\\\/10\\\/hidalgo-se-prepara-ante-lluvias-y-frio-extremo-activan-albergues-en-la-huasteca-y-la-sierra\\\/#breadcrumb\",\"itemListElement\":[{\"@type\":\"ListItem\",\"position\":1,\"name\":\"Inicio\",\"item\":\"https:\\\/\\\/www.alasmedios.com\\\/\"},{\"@type\":\"ListItem\",\"position\":2,\"name\":\"Hidalgo se prepara ante lluvias y fr\u00edo extremo: activan albergues en la Huasteca y la Sierra\"}]},{\"@type\":\"WebSite\",\"@id\":\"https:\\\/\\\/www.alasmedios.com\\\/#website\",\"url\":\"https:\\\/\\\/www.alasmedios.com\\\/\",\"name\":\"Alas Medios\",\"description\":\"Alas para pensar, Alas para volar, Alas de libertad\",\"publisher\":{\"@id\":\"https:\\\/\\\/www.alasmedios.com\\\/#organization\"},\"potentialAction\":[{\"@type\":\"SearchAction\",\"target\":{\"@type\":\"EntryPoint\",\"urlTemplate\":\"https:\\\/\\\/www.alasmedios.com\\\/?s={search_term_string}\"},\"query-input\":{\"@type\":\"PropertyValueSpecification\",\"valueRequired\":true,\"valueName\":\"search_term_string\"}}],\"inLanguage\":\"es\"},{\"@type\":\"Organization\",\"@id\":\"https:\\\/\\\/www.alasmedios.com\\\/#organization\",\"name\":\"Alas Medios\",\"url\":\"https:\\\/\\\/www.alasmedios.com\\\/\",\"logo\":{\"@type\":\"ImageObject\",\"inLanguage\":\"es\",\"@id\":\"https:\\\/\\\/www.alasmedios.com\\\/#\\\/schema\\\/logo\\\/image\\\/\",\"url\":\"https:\\\/\\\/www.alasmedios.com\\\/wp-content\\\/uploads\\\/2026\\\/01\\\/cropped-cropped-GAM-1.png\",\"contentUrl\":\"https:\\\/\\\/www.alasmedios.com\\\/wp-content\\\/uploads\\\/2026\\\/01\\\/cropped-cropped-GAM-1.png\",\"width\":467,\"height\":235,\"caption\":\"Alas Medios\"},\"image\":{\"@id\":\"https:\\\/\\\/www.alasmedios.com\\\/#\\\/schema\\\/logo\\\/image\\\/\"}},{\"@type\":\"Person\",\"@id\":\"https:\\\/\\\/www.alasmedios.com\\\/#\\\/schema\\\/person\\\/0ba31bdd19a05ebf5c7fef1fedf99c34\",\"name\":\"Keila Rodr\u00edguez Pe\u00f1a\",\"image\":{\"@type\":\"ImageObject\",\"inLanguage\":\"es\",\"@id\":\"https:\\\/\\\/secure.gravatar.com\\\/avatar\\\/a2553a2bfaa601b9d539b617c8793e151bdffb60f9e48a249912f86d4c9ebeef?s=96&d=mm&r=g\",\"url\":\"https:\\\/\\\/secure.gravatar.com\\\/avatar\\\/a2553a2bfaa601b9d539b617c8793e151bdffb60f9e48a249912f86d4c9ebeef?s=96&d=mm&r=g\",\"contentUrl\":\"https:\\\/\\\/secure.gravatar.com\\\/avatar\\\/a2553a2bfaa601b9d539b617c8793e151bdffb60f9e48a249912f86d4c9ebeef?s=96&d=mm&r=g\",\"caption\":\"Keila Rodr\u00edguez Pe\u00f1a\"},\"sameAs\":[\"http:\\\/\\\/www.alasmedios.com\"],\"url\":\"https:\\\/\\\/www.alasmedios.com\\\/index.php\\\/author\\\/keila\\\/\"}]}<\/script>\r\n<!-- \/ Yoast SEO plugin. -->","yoast_head_json":{"title":"Hidalgo se prepara ante lluvias y fr\u00edo extremo: activan albergues en la Huasteca y la Sierra - Alas Medios","robots":{"index":"index","follow":"follow","max-snippet":"max-snippet:-1","max-image-preview":"max-image-preview:large","max-video-preview":"max-video-preview:-1"},"canonical":"https:\/\/www.alasmedios.com\/index.php\/2025\/11\/10\/hidalgo-se-prepara-ante-lluvias-y-frio-extremo-activan-albergues-en-la-huasteca-y-la-sierra\/","og_locale":"es_MX","og_type":"article","og_title":"Hidalgo se prepara ante lluvias y fr\u00edo extremo: activan albergues en la Huasteca y la Sierra - Alas Medios","og_description":"Con el&nbsp;pron\u00f3stico de fr\u00edo y lluvias torrenciales, en&nbsp;Hidalgo&nbsp;han activado un plan de&nbsp;prevenci\u00f3n, con&nbsp;albergues&nbsp;para la poblaci\u00f3n. Ante el&nbsp;frente fr\u00edo n\u00famero 13&nbsp;y","og_url":"https:\/\/www.alasmedios.com\/index.php\/2025\/11\/10\/hidalgo-se-prepara-ante-lluvias-y-frio-extremo-activan-albergues-en-la-huasteca-y-la-sierra\/","og_site_name":"Alas Medios","article_published_time":"2025-11-10T18:51:01+00:00","article_modified_time":"2025-11-10T18:51:03+00:00","og_image":[{"width":2560,"height":1704,"url":"https:\/\/www.alasmedios.com\/wp-content\/uploads\/2025\/11\/albergues-frio-lluvias-Hidalgo-scaled.jpg","type":"image\/jpeg"}],"author":"Keila Rodr\u00edguez Pe\u00f1a","twitter_card":"summary_large_image","twitter_misc":{"Escrito por":"Keila Rodr\u00edguez Pe\u00f1a","Tiempo de lectura":"4 minutos"},"schema":{"@context":"https:\/\/schema.org","@graph":[{"@type":"Article","@id":"https:\/\/www.alasmedios.com\/index.php\/2025\/11\/10\/hidalgo-se-prepara-ante-lluvias-y-frio-extremo-activan-albergues-en-la-huasteca-y-la-sierra\/#article","isPartOf":{"@id":"https:\/\/www.alasmedios.com\/index.php\/2025\/11\/10\/hidalgo-se-prepara-ante-lluvias-y-frio-extremo-activan-albergues-en-la-huasteca-y-la-sierra\/"},"author":{"name":"Keila Rodr\u00edguez Pe\u00f1a","@id":"https:\/\/www.alasmedios.com\/#\/schema\/person\/0ba31bdd19a05ebf5c7fef1fedf99c34"},"headline":"Hidalgo se prepara ante lluvias y fr\u00edo extremo: activan albergues en la Huasteca y la Sierra","datePublished":"2025-11-10T18:51:01+00:00","dateModified":"2025-11-10T18:51:03+00:00","mainEntityOfPage":{"@id":"https:\/\/www.alasmedios.com\/index.php\/2025\/11\/10\/hidalgo-se-prepara-ante-lluvias-y-frio-extremo-activan-albergues-en-la-huasteca-y-la-sierra\/"},"wordCount":759,"commentCount":0,"publisher":{"@id":"https:\/\/www.alasmedios.com\/#organization"},"image":{"@id":"https:\/\/www.alasmedios.com\/index.php\/2025\/11\/10\/hidalgo-se-prepara-ante-lluvias-y-frio-extremo-activan-albergues-en-la-huasteca-y-la-sierra\/#primaryimage"},"thumbnailUrl":"https:\/\/www.alasmedios.com\/wp-content\/uploads\/2025\/11\/albergues-frio-lluvias-Hidalgo-scaled.jpg","keywords":["albergues","clima","fr\u00edo","Hidalgo","lluvia","pron\u00f3stico"],"articleSection":["Hidalgo"],"inLanguage":"es","potentialAction":[{"@type":"CommentAction","name":"Comment","target":["https:\/\/www.alasmedios.com\/index.php\/2025\/11\/10\/hidalgo-se-prepara-ante-lluvias-y-frio-extremo-activan-albergues-en-la-huasteca-y-la-sierra\/#respond"]}]},{"@type":"WebPage","@id":"https:\/\/www.alasmedios.com\/index.php\/2025\/11\/10\/hidalgo-se-prepara-ante-lluvias-y-frio-extremo-activan-albergues-en-la-huasteca-y-la-sierra\/","url":"https:\/\/www.alasmedios.com\/index.php\/2025\/11\/10\/hidalgo-se-prepara-ante-lluvias-y-frio-extremo-activan-albergues-en-la-huasteca-y-la-sierra\/","name":"Hidalgo se prepara ante lluvias y fr\u00edo extremo: activan albergues en la Huasteca y la Sierra - Alas Medios","isPartOf":{"@id":"https:\/\/www.alasmedios.com\/#website"},"primaryImageOfPage":{"@id":"https:\/\/www.alasmedios.com\/index.php\/2025\/11\/10\/hidalgo-se-prepara-ante-lluvias-y-frio-extremo-activan-albergues-en-la-huasteca-y-la-sierra\/#primaryimage"},"image":{"@id":"https:\/\/www.alasmedios.com\/index.php\/2025\/11\/10\/hidalgo-se-prepara-ante-lluvias-y-frio-extremo-activan-albergues-en-la-huasteca-y-la-sierra\/#primaryimage"},"thumbnailUrl":"https:\/\/www.alasmedios.com\/wp-content\/uploads\/2025\/11\/albergues-frio-lluvias-Hidalgo-scaled.jpg","datePublished":"2025-11-10T18:51:01+00:00","dateModified":"2025-11-10T18:51:03+00:00","breadcrumb":{"@id":"https:\/\/www.alasmedios.com\/index.php\/2025\/11\/10\/hidalgo-se-prepara-ante-lluvias-y-frio-extremo-activan-albergues-en-la-huasteca-y-la-sierra\/#breadcrumb"},"inLanguage":"es","potentialAction":[{"@type":"ReadAction","target":["https:\/\/www.alasmedios.com\/index.php\/2025\/11\/10\/hidalgo-se-prepara-ante-lluvias-y-frio-extremo-activan-albergues-en-la-huasteca-y-la-sierra\/"]}]},{"@type":"ImageObject","inLanguage":"es","@id":"https:\/\/www.alasmedios.com\/index.php\/2025\/11\/10\/hidalgo-se-prepara-ante-lluvias-y-frio-extremo-activan-albergues-en-la-huasteca-y-la-sierra\/#primaryimage","url":"https:\/\/www.alasmedios.com\/wp-content\/uploads\/2025\/11\/albergues-frio-lluvias-Hidalgo-scaled.jpg","contentUrl":"https:\/\/www.alasmedios.com\/wp-content\/uploads\/2025\/11\/albergues-frio-lluvias-Hidalgo-scaled.jpg","width":2560,"height":1704},{"@type":"BreadcrumbList","@id":"https:\/\/www.alasmedios.com\/index.php\/2025\/11\/10\/hidalgo-se-prepara-ante-lluvias-y-frio-extremo-activan-albergues-en-la-huasteca-y-la-sierra\/#breadcrumb","itemListElement":[{"@type":"ListItem","position":1,"name":"Inicio","item":"https:\/\/www.alasmedios.com\/"},{"@type":"ListItem","position":2,"name":"Hidalgo se prepara ante lluvias y fr\u00edo extremo: activan albergues en la Huasteca y la Sierra"}]},{"@type":"WebSite","@id":"https:\/\/www.alasmedios.com\/#website","url":"https:\/\/www.alasmedios.com\/","name":"Alas Medios","description":"Alas para pensar, Alas para volar, Alas de libertad","publisher":{"@id":"https:\/\/www.alasmedios.com\/#organization"},"potentialAction":[{"@type":"SearchAction","target":{"@type":"EntryPoint","urlTemplate":"https:\/\/www.alasmedios.com\/?s={search_term_string}"},"query-input":{"@type":"PropertyValueSpecification","valueRequired":true,"valueName":"search_term_string"}}],"inLanguage":"es"},{"@type":"Organization","@id":"https:\/\/www.alasmedios.com\/#organization","name":"Alas Medios","url":"https:\/\/www.alasmedios.com\/","logo":{"@type":"ImageObject","inLanguage":"es","@id":"https:\/\/www.alasmedios.com\/#\/schema\/logo\/image\/","url":"https:\/\/www.alasmedios.com\/wp-content\/uploads\/2026\/01\/cropped-cropped-GAM-1.png","contentUrl":"https:\/\/www.alasmedios.com\/wp-content\/uploads\/2026\/01\/cropped-cropped-GAM-1.png","width":467,"height":235,"caption":"Alas Medios"},"image":{"@id":"https:\/\/www.alasmedios.com\/#\/schema\/logo\/image\/"}},{"@type":"Person","@id":"https:\/\/www.alasmedios.com\/#\/schema\/person\/0ba31bdd19a05ebf5c7fef1fedf99c34","name":"Keila Rodr\u00edguez Pe\u00f1a","image":{"@type":"ImageObject","inLanguage":"es","@id":"https:\/\/secure.gravatar.com\/avatar\/a2553a2bfaa601b9d539b617c8793e151bdffb60f9e48a249912f86d4c9ebeef?s=96&d=mm&r=g","url":"https:\/\/secure.gravatar.com\/avatar\/a2553a2bfaa601b9d539b617c8793e151bdffb60f9e48a249912f86d4c9ebeef?s=96&d=mm&r=g","contentUrl":"https:\/\/secure.gravatar.com\/avatar\/a2553a2bfaa601b9d539b617c8793e151bdffb60f9e48a249912f86d4c9ebeef?s=96&d=mm&r=g","caption":"Keila Rodr\u00edguez Pe\u00f1a"},"sameAs":["http:\/\/www.alasmedios.com"],"url":"https:\/\/www.alasmedios.com\/index.php\/author\/keila\/"}]}},"_links":{"self":[{"href":"https:\/\/www.alasmedios.com\/index.php\/wp-json\/wp\/v2\/posts\/6801","targetHints":{"allow":["GET"]}}],"collection":[{"href":"https:\/\/www.alasmedios.com\/index.php\/wp-json\/wp\/v2\/posts"}],"about":[{"href":"https:\/\/www.alasmedios.com\/index.php\/wp-json\/wp\/v2\/types\/post"}],"author":[{"embeddable":true,"href":"https:\/\/www.alasmedios.com\/index.php\/wp-json\/wp\/v2\/users\/4"}],"replies":[{"embeddable":true,"href":"https:\/\/www.alasmedios.com\/index.php\/wp-json\/wp\/v2\/comments?post=6801"}],"version-history":[{"count":1,"href":"https:\/\/www.alasmedios.com\/index.php\/wp-json\/wp\/v2\/posts\/6801\/revisions"}],"predecessor-version":[{"id":6803,"href":"https:\/\/www.alasmedios.com\/index.php\/wp-json\/wp\/v2\/posts\/6801\/revisions\/6803"}],"wp:featuredmedia":[{"embeddable":true,"href":"https:\/\/www.alasmedios.com\/index.php\/wp-json\/wp\/v2\/media\/6802"}],"wp:attachment":[{"href":"https:\/\/www.alasmedios.com\/index.php\/wp-json\/wp\/v2\/media?parent=6801"}],"wp:term":[{"taxonomy":"category","embeddable":true,"href":"https:\/\/www.alasmedios.com\/index.php\/wp-json\/wp\/v2\/categories?post=6801"},{"taxonomy":"post_tag","embeddable":true,"href":"https:\/\/www.alasmedios.com\/index.php\/wp-json\/wp\/v2\/tags?post=6801"}],"curies":[{"name":"wp","href":"https:\/\/api.w.org\/{rel}","templated":true}]}}