{"id":6003,"date":"2025-08-29T18:55:00","date_gmt":"2025-08-29T23:55:00","guid":{"rendered":"https:\/\/www.alasmedios.com\/?p=6003"},"modified":"2025-08-29T16:21:53","modified_gmt":"2025-08-29T21:21:53","slug":"tepeapulco-instala-comite-para-frenar-el-embarazo-adolescente","status":"publish","type":"post","link":"https:\/\/www.alasmedios.com\/index.php\/2025\/08\/29\/tepeapulco-instala-comite-para-frenar-el-embarazo-adolescente\/","title":{"rendered":"Tepeapulco instala Comit\u00e9 para frenar el embarazo adolescente"},"content":{"rendered":"\n<p>En <strong>Tepeapulco<\/strong> se llev\u00f3 a cabo la instalaci\u00f3n del <strong>Comit\u00e9 Municipal para la Prevenci\u00f3n del Embarazo en Adolescentes (COMUPEA)<\/strong>, con el objetivo de <strong>disminuir los embarazos en j\u00f3venes de 15 a 19 a\u00f1os<\/strong> y <strong>erradicar por completo el embarazo en ni\u00f1as menores de 14 a\u00f1os<\/strong>.<\/p>\n\n\n\n<p>De acuerdo con cifras nacionales, en <strong>M\u00e9xico<\/strong> nacen cada d\u00eda alrededor de <strong>1,000 beb\u00e9s de madres adolescentes<\/strong>, lo que convierte este fen\u00f3meno en un <strong>desaf\u00edo urgente de salud p\u00fablica y de derechos humanos<\/strong>.<\/p>\n\n\n\n<p>El comit\u00e9 qued\u00f3 conformado por representantes de instancias municipales, educativas, de salud y de derechos humanos, entre quienes destacan: <strong>Ana Gloria Luque\u00f1o Le\u00f3n<\/strong>, Directora de la Instancia Municipal para el Desarrollo de las Mujeres y Secretaria Ejecutiva del <strong>Sipinna Tepeapulco<\/strong>; <strong>Shamara Canales Luna<\/strong>, Presidenta del <strong>DIF Municipal<\/strong>; <strong>Jes\u00fas Mario Liberato T\u00e9llez<\/strong>, Secretario General Municipal; as\u00ed como personal de la <strong>Jurisdicci\u00f3n Sanitaria Apan<\/strong>, el <strong>IMSS Bienestar<\/strong>, la <strong>CDHEH<\/strong> y el <strong>Hospital General del Altiplano<\/strong>.<\/p>\n\n\n\n<figure class=\"wp-block-gallery has-nested-images columns-default is-cropped wp-block-gallery-1 is-layout-flex wp-block-gallery-is-layout-flex\">\n<figure class=\"wp-block-image size-large\"><img loading=\"lazy\" decoding=\"async\" width=\"1024\" height=\"575\" data-id=\"6005\" src=\"https:\/\/www.alasmedios.com\/wp-content\/uploads\/2025\/08\/Tepeapulco-instala-Comite-para-frenar-el-embarazo-adolescente-2-1024x575.jpg\" alt=\"\" class=\"wp-image-6005\" srcset=\"https:\/\/www.alasmedios.com\/wp-content\/uploads\/2025\/08\/Tepeapulco-instala-Comite-para-frenar-el-embarazo-adolescente-2-1024x575.jpg 1024w, https:\/\/www.alasmedios.com\/wp-content\/uploads\/2025\/08\/Tepeapulco-instala-Comite-para-frenar-el-embarazo-adolescente-2-300x168.jpg 300w, https:\/\/www.alasmedios.com\/wp-content\/uploads\/2025\/08\/Tepeapulco-instala-Comite-para-frenar-el-embarazo-adolescente-2-768x431.jpg 768w, https:\/\/www.alasmedios.com\/wp-content\/uploads\/2025\/08\/Tepeapulco-instala-Comite-para-frenar-el-embarazo-adolescente-2-1536x863.jpg 1536w, https:\/\/www.alasmedios.com\/wp-content\/uploads\/2025\/08\/Tepeapulco-instala-Comite-para-frenar-el-embarazo-adolescente-2.jpg 2048w\" sizes=\"auto, (max-width: 1024px) 100vw, 1024px\" \/><\/figure>\n\n\n\n<figure class=\"wp-block-image size-large\"><img loading=\"lazy\" decoding=\"async\" width=\"1024\" height=\"682\" data-id=\"6008\" src=\"https:\/\/www.alasmedios.com\/wp-content\/uploads\/2025\/08\/Tepeapulco-instala-Comite-para-frenar-el-embarazo-adolescente-1-1-1024x682.jpg\" alt=\"\" class=\"wp-image-6008\" srcset=\"https:\/\/www.alasmedios.com\/wp-content\/uploads\/2025\/08\/Tepeapulco-instala-Comite-para-frenar-el-embarazo-adolescente-1-1-1024x682.jpg 1024w, https:\/\/www.alasmedios.com\/wp-content\/uploads\/2025\/08\/Tepeapulco-instala-Comite-para-frenar-el-embarazo-adolescente-1-1-300x200.jpg 300w, https:\/\/www.alasmedios.com\/wp-content\/uploads\/2025\/08\/Tepeapulco-instala-Comite-para-frenar-el-embarazo-adolescente-1-1-768x512.jpg 768w, https:\/\/www.alasmedios.com\/wp-content\/uploads\/2025\/08\/Tepeapulco-instala-Comite-para-frenar-el-embarazo-adolescente-1-1-1536x1023.jpg 1536w, https:\/\/www.alasmedios.com\/wp-content\/uploads\/2025\/08\/Tepeapulco-instala-Comite-para-frenar-el-embarazo-adolescente-1-1.jpg 2048w\" sizes=\"auto, (max-width: 1024px) 100vw, 1024px\" \/><\/figure>\n\n\n\n<figure class=\"wp-block-image size-large\"><img loading=\"lazy\" decoding=\"async\" width=\"1024\" height=\"575\" data-id=\"6006\" src=\"https:\/\/www.alasmedios.com\/wp-content\/uploads\/2025\/08\/Tepeapulco-instala-Comite-para-frenar-el-embarazo-adolescente-3-1024x575.jpg\" alt=\"\" class=\"wp-image-6006\" srcset=\"https:\/\/www.alasmedios.com\/wp-content\/uploads\/2025\/08\/Tepeapulco-instala-Comite-para-frenar-el-embarazo-adolescente-3-1024x575.jpg 1024w, https:\/\/www.alasmedios.com\/wp-content\/uploads\/2025\/08\/Tepeapulco-instala-Comite-para-frenar-el-embarazo-adolescente-3-300x168.jpg 300w, https:\/\/www.alasmedios.com\/wp-content\/uploads\/2025\/08\/Tepeapulco-instala-Comite-para-frenar-el-embarazo-adolescente-3-768x431.jpg 768w, https:\/\/www.alasmedios.com\/wp-content\/uploads\/2025\/08\/Tepeapulco-instala-Comite-para-frenar-el-embarazo-adolescente-3-1536x863.jpg 1536w, https:\/\/www.alasmedios.com\/wp-content\/uploads\/2025\/08\/Tepeapulco-instala-Comite-para-frenar-el-embarazo-adolescente-3.jpg 2048w\" sizes=\"auto, (max-width: 1024px) 100vw, 1024px\" \/><\/figure>\n<\/figure>\n\n\n\n<p>CONTIN\u00daA LEYENDO: <a href=\"https:\/\/www.alasmedios.com\/index.php\/2025\/08\/20\/una-de-cada-cuatro-ninas-es-victima-de-violencia-sexual-en-mexico\/\" data-type=\"post\" data-id=\"5881\">Una de cada cuatro ni\u00f1as es v\u00edctima de violencia sexual en M\u00e9xico<\/a><\/p>\n\n\n\n<p>Tambi\u00e9n se sumaron instituciones educativas como el <strong>CBTis 59<\/strong>, el <strong>CECyTE Hidalgo Plantel Cd. Sahag\u00fan<\/strong> y el <strong>COBAEH Plantel Tepeapulco<\/strong>, adem\u00e1s de s\u00edndicas, regidores y comisiones del <strong>H. Ayuntamiento<\/strong>.<\/p>\n\n\n\n<p>Este esfuerzo interinstitucional busca <strong>crear entornos seguros, informados y con igualdad de oportunidades<\/strong> para ni\u00f1as, ni\u00f1os y adolescentes de <strong>Tepeapulco<\/strong>, marcando un paso firme en la construcci\u00f3n de un futuro con mayor justicia social.<\/p>\n\n\n<ul class=\"wp-block-latest-posts__list is-grid columns-3 wp-block-latest-posts\"><li><div class=\"wp-block-latest-posts__featured-image\"><img loading=\"lazy\" decoding=\"async\" width=\"150\" height=\"150\" src=\"https:\/\/www.alasmedios.com\/wp-content\/uploads\/2026\/05\/Super-Final-de-la-Copa-del-Mundo-de-Clavados-2026-150x150.jpeg\" class=\"attachment-thumbnail size-thumbnail wp-post-image\" alt=\"\" style=\"\" \/><\/div><a class=\"wp-block-latest-posts__post-title\" href=\"https:\/\/www.alasmedios.com\/index.php\/2026\/05\/01\/mexico-se-lanza-por-la-cima-once-clavadistas-buscan-la-gloria-mundial-en-pekin-2026\/\">M\u00e9xico se lanza por la cima: once clavadistas buscan la gloria mundial en Pek\u00edn 2026<\/a><\/li>\n<li><div class=\"wp-block-latest-posts__featured-image\"><img loading=\"lazy\" decoding=\"async\" width=\"150\" height=\"150\" src=\"https:\/\/www.alasmedios.com\/wp-content\/uploads\/2026\/04\/Puebla-el-Congreso-aprobo-el-Protocolo-Homologado-de-Investigacion-de-Delitos-contra-Personas-LGBTTTI-150x150.png\" class=\"attachment-thumbnail size-thumbnail wp-post-image\" alt=\"\" style=\"\" \/><\/div><a class=\"wp-block-latest-posts__post-title\" href=\"https:\/\/www.alasmedios.com\/index.php\/2026\/04\/30\/puebla-impulsa-protocolo-contra-delitos-lgbttti\/\">Puebla impulsa protocolo contra delitos LGBTTTI+<\/a><\/li>\n<li><div class=\"wp-block-latest-posts__featured-image\"><img loading=\"lazy\" decoding=\"async\" width=\"150\" height=\"150\" src=\"https:\/\/www.alasmedios.com\/wp-content\/uploads\/2026\/04\/PEC-Parque-Ecologico-Cubitos-150x150.jpg\" class=\"attachment-thumbnail size-thumbnail wp-post-image\" alt=\"\" style=\"\" \/><\/div><a class=\"wp-block-latest-posts__post-title\" href=\"https:\/\/www.alasmedios.com\/index.php\/2026\/04\/30\/naturaleza-viva-en-pachuca-cubitos-conmemora-a-los-jardines-botanicos\/\">Naturaleza viva en Pachuca: Cubitos conmemora a los jardines bot\u00e1nicos<\/a><\/li>\n<\/ul>","protected":false},"excerpt":{"rendered":"<p>En Tepeapulco se llev\u00f3 a cabo la instalaci\u00f3n del Comit\u00e9 Municipal para la Prevenci\u00f3n del Embarazo en Adolescentes (COMUPEA), con<\/p>\n","protected":false},"author":4,"featured_media":6004,"comment_status":"open","ping_status":"open","sticky":false,"template":"","format":"standard","meta":{"colormag_page_container_layout":"default_layout","colormag_page_sidebar_layout":"default_layout","rop_custom_images_group":[],"rop_custom_messages_group":[],"rop_publish_now":"initial","rop_publish_now_accounts":[],"rop_publish_now_history":[],"rop_publish_now_status":"pending","iawp_total_views":0,"footnotes":""},"categories":[42,41,44],"tags":[1499,900,793,735],"class_list":["post-6003","post","type-post","status-publish","format-standard","has-post-thumbnail","hentry","category-familia_salud","category-hidalgo","category-sexualidad","tag-embarazo-adolescente","tag-prevencion-del-embarazo-adolescente","tag-sipinna","tag-tepeapulco"],"magazineBlocksPostFeaturedMedia":{"thumbnail":"https:\/\/www.alasmedios.com\/wp-content\/uploads\/2025\/08\/Tepeapulco-instala-Comite-para-frenar-el-embarazo-adolescente-150x150.jpg","medium":"https:\/\/www.alasmedios.com\/wp-content\/uploads\/2025\/08\/Tepeapulco-instala-Comite-para-frenar-el-embarazo-adolescente-300x168.jpg","medium_large":"https:\/\/www.alasmedios.com\/wp-content\/uploads\/2025\/08\/Tepeapulco-instala-Comite-para-frenar-el-embarazo-adolescente-768x431.jpg","large":"https:\/\/www.alasmedios.com\/wp-content\/uploads\/2025\/08\/Tepeapulco-instala-Comite-para-frenar-el-embarazo-adolescente-1024x575.jpg","1536x1536":"https:\/\/www.alasmedios.com\/wp-content\/uploads\/2025\/08\/Tepeapulco-instala-Comite-para-frenar-el-embarazo-adolescente-1536x863.jpg","2048x2048":"https:\/\/www.alasmedios.com\/wp-content\/uploads\/2025\/08\/Tepeapulco-instala-Comite-para-frenar-el-embarazo-adolescente.jpg","colormag-highlighted-post":"https:\/\/www.alasmedios.com\/wp-content\/uploads\/2025\/08\/Tepeapulco-instala-Comite-para-frenar-el-embarazo-adolescente-392x272.jpg","colormag-featured-post-medium":"https:\/\/www.alasmedios.com\/wp-content\/uploads\/2025\/08\/Tepeapulco-instala-Comite-para-frenar-el-embarazo-adolescente-390x205.jpg","colormag-featured-post-small":"https:\/\/www.alasmedios.com\/wp-content\/uploads\/2025\/08\/Tepeapulco-instala-Comite-para-frenar-el-embarazo-adolescente-130x90.jpg","colormag-featured-image":"https:\/\/www.alasmedios.com\/wp-content\/uploads\/2025\/08\/Tepeapulco-instala-Comite-para-frenar-el-embarazo-adolescente-800x445.jpg","colormag-default-news":"https:\/\/www.alasmedios.com\/wp-content\/uploads\/2025\/08\/Tepeapulco-instala-Comite-para-frenar-el-embarazo-adolescente-150x150.jpg","colormag-featured-image-large":"https:\/\/www.alasmedios.com\/wp-content\/uploads\/2025\/08\/Tepeapulco-instala-Comite-para-frenar-el-embarazo-adolescente-1400x600.jpg"},"magazineBlocksPostAuthor":{"name":"Keila Rodr\u00edguez Pe\u00f1a","avatar":"https:\/\/secure.gravatar.com\/avatar\/a2553a2bfaa601b9d539b617c8793e151bdffb60f9e48a249912f86d4c9ebeef?s=96&d=mm&r=g"},"magazineBlocksPostCommentsNumber":"0","magazineBlocksPostExcerpt":"En Tepeapulco se llev\u00f3 a cabo la instalaci\u00f3n del Comit\u00e9 Municipal para la Prevenci\u00f3n del Embarazo en Adolescentes (COMUPEA), con","magazineBlocksPostCategories":["Familia y Bienestar","Hidalgo","Salud y Sexualidad"],"magazineBlocksPostViewCount":159,"magazineBlocksPostReadTime":2,"magazine_blocks_featured_image_url":{"full":["https:\/\/www.alasmedios.com\/wp-content\/uploads\/2025\/08\/Tepeapulco-instala-Comite-para-frenar-el-embarazo-adolescente.jpg",2048,1150,false],"medium":["https:\/\/www.alasmedios.com\/wp-content\/uploads\/2025\/08\/Tepeapulco-instala-Comite-para-frenar-el-embarazo-adolescente-300x168.jpg",300,168,true],"thumbnail":["https:\/\/www.alasmedios.com\/wp-content\/uploads\/2025\/08\/Tepeapulco-instala-Comite-para-frenar-el-embarazo-adolescente-150x150.jpg",150,150,true]},"magazine_blocks_author":{"display_name":"Keila Rodr\u00edguez Pe\u00f1a","author_link":"https:\/\/www.alasmedios.com\/index.php\/author\/keila\/"},"magazine_blocks_comment":0,"magazine_blocks_author_image":"https:\/\/secure.gravatar.com\/avatar\/a2553a2bfaa601b9d539b617c8793e151bdffb60f9e48a249912f86d4c9ebeef?s=96&d=mm&r=g","magazine_blocks_category":"<a href=\"#\" class=\"category-link category-link-42\">Familia y Bienestar<\/a> <a href=\"#\" class=\"category-link category-link-41\">Hidalgo<\/a> <a href=\"#\" class=\"category-link category-link-44\">Salud y Sexualidad<\/a>","yoast_head":"<!-- This site is optimized with the Yoast SEO plugin v27.5 - https:\/\/yoast.com\/product\/yoast-seo-wordpress\/ -->\r\n<title>Tepeapulco instala Comit\u00e9 para frenar el embarazo adolescente - Alas Medios<\/title>\r\n<meta name=\"robots\" content=\"index, follow, max-snippet:-1, max-image-preview:large, max-video-preview:-1\" \/>\r\n<link rel=\"canonical\" href=\"https:\/\/www.alasmedios.com\/index.php\/2025\/08\/29\/tepeapulco-instala-comite-para-frenar-el-embarazo-adolescente\/\" \/>\r\n<meta property=\"og:locale\" content=\"es_MX\" \/>\r\n<meta property=\"og:type\" content=\"article\" \/>\r\n<meta property=\"og:title\" content=\"Tepeapulco instala Comit\u00e9 para frenar el embarazo adolescente - Alas Medios\" \/>\r\n<meta property=\"og:description\" content=\"En Tepeapulco se llev\u00f3 a cabo la instalaci\u00f3n del Comit\u00e9 Municipal para la Prevenci\u00f3n del Embarazo en Adolescentes (COMUPEA), con\" \/>\r\n<meta property=\"og:url\" content=\"https:\/\/www.alasmedios.com\/index.php\/2025\/08\/29\/tepeapulco-instala-comite-para-frenar-el-embarazo-adolescente\/\" \/>\r\n<meta property=\"og:site_name\" content=\"Alas Medios\" \/>\r\n<meta property=\"article:published_time\" content=\"2025-08-29T23:55:00+00:00\" \/>\r\n<meta property=\"og:image\" content=\"https:\/\/www.alasmedios.com\/wp-content\/uploads\/2025\/08\/Tepeapulco-instala-Comite-para-frenar-el-embarazo-adolescente.jpg\" \/>\r\n\t<meta property=\"og:image:width\" content=\"2048\" \/>\r\n\t<meta property=\"og:image:height\" content=\"1150\" \/>\r\n\t<meta property=\"og:image:type\" content=\"image\/jpeg\" \/>\r\n<meta name=\"author\" content=\"Keila Rodr\u00edguez Pe\u00f1a\" \/>\r\n<meta name=\"twitter:card\" content=\"summary_large_image\" \/>\r\n<meta name=\"twitter:label1\" content=\"Escrito por\" \/>\n\t<meta name=\"twitter:data1\" content=\"Keila Rodr\u00edguez Pe\u00f1a\" \/>\n\t<meta name=\"twitter:label2\" content=\"Tiempo de lectura\" \/>\n\t<meta name=\"twitter:data2\" content=\"1 minuto\" \/>\r\n<script type=\"application\/ld+json\" class=\"yoast-schema-graph\">{\"@context\":\"https:\\\/\\\/schema.org\",\"@graph\":[{\"@type\":\"Article\",\"@id\":\"https:\\\/\\\/www.alasmedios.com\\\/index.php\\\/2025\\\/08\\\/29\\\/tepeapulco-instala-comite-para-frenar-el-embarazo-adolescente\\\/#article\",\"isPartOf\":{\"@id\":\"https:\\\/\\\/www.alasmedios.com\\\/index.php\\\/2025\\\/08\\\/29\\\/tepeapulco-instala-comite-para-frenar-el-embarazo-adolescente\\\/\"},\"author\":{\"name\":\"Keila Rodr\u00edguez Pe\u00f1a\",\"@id\":\"https:\\\/\\\/www.alasmedios.com\\\/#\\\/schema\\\/person\\\/0ba31bdd19a05ebf5c7fef1fedf99c34\"},\"headline\":\"Tepeapulco instala Comit\u00e9 para frenar el embarazo adolescente\",\"datePublished\":\"2025-08-29T23:55:00+00:00\",\"mainEntityOfPage\":{\"@id\":\"https:\\\/\\\/www.alasmedios.com\\\/index.php\\\/2025\\\/08\\\/29\\\/tepeapulco-instala-comite-para-frenar-el-embarazo-adolescente\\\/\"},\"wordCount\":259,\"commentCount\":0,\"publisher\":{\"@id\":\"https:\\\/\\\/www.alasmedios.com\\\/#organization\"},\"image\":{\"@id\":\"https:\\\/\\\/www.alasmedios.com\\\/index.php\\\/2025\\\/08\\\/29\\\/tepeapulco-instala-comite-para-frenar-el-embarazo-adolescente\\\/#primaryimage\"},\"thumbnailUrl\":\"https:\\\/\\\/www.alasmedios.com\\\/wp-content\\\/uploads\\\/2025\\\/08\\\/Tepeapulco-instala-Comite-para-frenar-el-embarazo-adolescente.jpg\",\"keywords\":[\"embarazo adolescente\",\"Prevenci\u00f3n del Embarazo Adolescente\",\"SIPINNA\",\"Tepeapulco\"],\"articleSection\":[\"Familia y Bienestar\",\"Hidalgo\",\"Salud y Sexualidad\"],\"inLanguage\":\"es\",\"potentialAction\":[{\"@type\":\"CommentAction\",\"name\":\"Comment\",\"target\":[\"https:\\\/\\\/www.alasmedios.com\\\/index.php\\\/2025\\\/08\\\/29\\\/tepeapulco-instala-comite-para-frenar-el-embarazo-adolescente\\\/#respond\"]}]},{\"@type\":\"WebPage\",\"@id\":\"https:\\\/\\\/www.alasmedios.com\\\/index.php\\\/2025\\\/08\\\/29\\\/tepeapulco-instala-comite-para-frenar-el-embarazo-adolescente\\\/\",\"url\":\"https:\\\/\\\/www.alasmedios.com\\\/index.php\\\/2025\\\/08\\\/29\\\/tepeapulco-instala-comite-para-frenar-el-embarazo-adolescente\\\/\",\"name\":\"Tepeapulco instala Comit\u00e9 para frenar el embarazo adolescente - Alas Medios\",\"isPartOf\":{\"@id\":\"https:\\\/\\\/www.alasmedios.com\\\/#website\"},\"primaryImageOfPage\":{\"@id\":\"https:\\\/\\\/www.alasmedios.com\\\/index.php\\\/2025\\\/08\\\/29\\\/tepeapulco-instala-comite-para-frenar-el-embarazo-adolescente\\\/#primaryimage\"},\"image\":{\"@id\":\"https:\\\/\\\/www.alasmedios.com\\\/index.php\\\/2025\\\/08\\\/29\\\/tepeapulco-instala-comite-para-frenar-el-embarazo-adolescente\\\/#primaryimage\"},\"thumbnailUrl\":\"https:\\\/\\\/www.alasmedios.com\\\/wp-content\\\/uploads\\\/2025\\\/08\\\/Tepeapulco-instala-Comite-para-frenar-el-embarazo-adolescente.jpg\",\"datePublished\":\"2025-08-29T23:55:00+00:00\",\"breadcrumb\":{\"@id\":\"https:\\\/\\\/www.alasmedios.com\\\/index.php\\\/2025\\\/08\\\/29\\\/tepeapulco-instala-comite-para-frenar-el-embarazo-adolescente\\\/#breadcrumb\"},\"inLanguage\":\"es\",\"potentialAction\":[{\"@type\":\"ReadAction\",\"target\":[\"https:\\\/\\\/www.alasmedios.com\\\/index.php\\\/2025\\\/08\\\/29\\\/tepeapulco-instala-comite-para-frenar-el-embarazo-adolescente\\\/\"]}]},{\"@type\":\"ImageObject\",\"inLanguage\":\"es\",\"@id\":\"https:\\\/\\\/www.alasmedios.com\\\/index.php\\\/2025\\\/08\\\/29\\\/tepeapulco-instala-comite-para-frenar-el-embarazo-adolescente\\\/#primaryimage\",\"url\":\"https:\\\/\\\/www.alasmedios.com\\\/wp-content\\\/uploads\\\/2025\\\/08\\\/Tepeapulco-instala-Comite-para-frenar-el-embarazo-adolescente.jpg\",\"contentUrl\":\"https:\\\/\\\/www.alasmedios.com\\\/wp-content\\\/uploads\\\/2025\\\/08\\\/Tepeapulco-instala-Comite-para-frenar-el-embarazo-adolescente.jpg\",\"width\":2048,\"height\":1150},{\"@type\":\"BreadcrumbList\",\"@id\":\"https:\\\/\\\/www.alasmedios.com\\\/index.php\\\/2025\\\/08\\\/29\\\/tepeapulco-instala-comite-para-frenar-el-embarazo-adolescente\\\/#breadcrumb\",\"itemListElement\":[{\"@type\":\"ListItem\",\"position\":1,\"name\":\"Inicio\",\"item\":\"https:\\\/\\\/www.alasmedios.com\\\/\"},{\"@type\":\"ListItem\",\"position\":2,\"name\":\"Tepeapulco instala Comit\u00e9 para frenar el embarazo adolescente\"}]},{\"@type\":\"WebSite\",\"@id\":\"https:\\\/\\\/www.alasmedios.com\\\/#website\",\"url\":\"https:\\\/\\\/www.alasmedios.com\\\/\",\"name\":\"Alas Medios\",\"description\":\"Alas para pensar, Alas para volar, Alas de libertad\",\"publisher\":{\"@id\":\"https:\\\/\\\/www.alasmedios.com\\\/#organization\"},\"potentialAction\":[{\"@type\":\"SearchAction\",\"target\":{\"@type\":\"EntryPoint\",\"urlTemplate\":\"https:\\\/\\\/www.alasmedios.com\\\/?s={search_term_string}\"},\"query-input\":{\"@type\":\"PropertyValueSpecification\",\"valueRequired\":true,\"valueName\":\"search_term_string\"}}],\"inLanguage\":\"es\"},{\"@type\":\"Organization\",\"@id\":\"https:\\\/\\\/www.alasmedios.com\\\/#organization\",\"name\":\"Alas Medios\",\"url\":\"https:\\\/\\\/www.alasmedios.com\\\/\",\"logo\":{\"@type\":\"ImageObject\",\"inLanguage\":\"es\",\"@id\":\"https:\\\/\\\/www.alasmedios.com\\\/#\\\/schema\\\/logo\\\/image\\\/\",\"url\":\"https:\\\/\\\/www.alasmedios.com\\\/wp-content\\\/uploads\\\/2026\\\/01\\\/cropped-cropped-GAM-1.png\",\"contentUrl\":\"https:\\\/\\\/www.alasmedios.com\\\/wp-content\\\/uploads\\\/2026\\\/01\\\/cropped-cropped-GAM-1.png\",\"width\":467,\"height\":235,\"caption\":\"Alas Medios\"},\"image\":{\"@id\":\"https:\\\/\\\/www.alasmedios.com\\\/#\\\/schema\\\/logo\\\/image\\\/\"}},{\"@type\":\"Person\",\"@id\":\"https:\\\/\\\/www.alasmedios.com\\\/#\\\/schema\\\/person\\\/0ba31bdd19a05ebf5c7fef1fedf99c34\",\"name\":\"Keila Rodr\u00edguez Pe\u00f1a\",\"image\":{\"@type\":\"ImageObject\",\"inLanguage\":\"es\",\"@id\":\"https:\\\/\\\/secure.gravatar.com\\\/avatar\\\/a2553a2bfaa601b9d539b617c8793e151bdffb60f9e48a249912f86d4c9ebeef?s=96&d=mm&r=g\",\"url\":\"https:\\\/\\\/secure.gravatar.com\\\/avatar\\\/a2553a2bfaa601b9d539b617c8793e151bdffb60f9e48a249912f86d4c9ebeef?s=96&d=mm&r=g\",\"contentUrl\":\"https:\\\/\\\/secure.gravatar.com\\\/avatar\\\/a2553a2bfaa601b9d539b617c8793e151bdffb60f9e48a249912f86d4c9ebeef?s=96&d=mm&r=g\",\"caption\":\"Keila Rodr\u00edguez Pe\u00f1a\"},\"sameAs\":[\"http:\\\/\\\/www.alasmedios.com\"],\"url\":\"https:\\\/\\\/www.alasmedios.com\\\/index.php\\\/author\\\/keila\\\/\"}]}<\/script>\r\n<!-- \/ Yoast SEO plugin. -->","yoast_head_json":{"title":"Tepeapulco instala Comit\u00e9 para frenar el embarazo adolescente - Alas Medios","robots":{"index":"index","follow":"follow","max-snippet":"max-snippet:-1","max-image-preview":"max-image-preview:large","max-video-preview":"max-video-preview:-1"},"canonical":"https:\/\/www.alasmedios.com\/index.php\/2025\/08\/29\/tepeapulco-instala-comite-para-frenar-el-embarazo-adolescente\/","og_locale":"es_MX","og_type":"article","og_title":"Tepeapulco instala Comit\u00e9 para frenar el embarazo adolescente - Alas Medios","og_description":"En Tepeapulco se llev\u00f3 a cabo la instalaci\u00f3n del Comit\u00e9 Municipal para la Prevenci\u00f3n del Embarazo en Adolescentes (COMUPEA), con","og_url":"https:\/\/www.alasmedios.com\/index.php\/2025\/08\/29\/tepeapulco-instala-comite-para-frenar-el-embarazo-adolescente\/","og_site_name":"Alas Medios","article_published_time":"2025-08-29T23:55:00+00:00","og_image":[{"width":2048,"height":1150,"url":"https:\/\/www.alasmedios.com\/wp-content\/uploads\/2025\/08\/Tepeapulco-instala-Comite-para-frenar-el-embarazo-adolescente.jpg","type":"image\/jpeg"}],"author":"Keila Rodr\u00edguez Pe\u00f1a","twitter_card":"summary_large_image","twitter_misc":{"Escrito por":"Keila Rodr\u00edguez Pe\u00f1a","Tiempo de lectura":"1 minuto"},"schema":{"@context":"https:\/\/schema.org","@graph":[{"@type":"Article","@id":"https:\/\/www.alasmedios.com\/index.php\/2025\/08\/29\/tepeapulco-instala-comite-para-frenar-el-embarazo-adolescente\/#article","isPartOf":{"@id":"https:\/\/www.alasmedios.com\/index.php\/2025\/08\/29\/tepeapulco-instala-comite-para-frenar-el-embarazo-adolescente\/"},"author":{"name":"Keila Rodr\u00edguez Pe\u00f1a","@id":"https:\/\/www.alasmedios.com\/#\/schema\/person\/0ba31bdd19a05ebf5c7fef1fedf99c34"},"headline":"Tepeapulco instala Comit\u00e9 para frenar el embarazo adolescente","datePublished":"2025-08-29T23:55:00+00:00","mainEntityOfPage":{"@id":"https:\/\/www.alasmedios.com\/index.php\/2025\/08\/29\/tepeapulco-instala-comite-para-frenar-el-embarazo-adolescente\/"},"wordCount":259,"commentCount":0,"publisher":{"@id":"https:\/\/www.alasmedios.com\/#organization"},"image":{"@id":"https:\/\/www.alasmedios.com\/index.php\/2025\/08\/29\/tepeapulco-instala-comite-para-frenar-el-embarazo-adolescente\/#primaryimage"},"thumbnailUrl":"https:\/\/www.alasmedios.com\/wp-content\/uploads\/2025\/08\/Tepeapulco-instala-Comite-para-frenar-el-embarazo-adolescente.jpg","keywords":["embarazo adolescente","Prevenci\u00f3n del Embarazo Adolescente","SIPINNA","Tepeapulco"],"articleSection":["Familia y Bienestar","Hidalgo","Salud y Sexualidad"],"inLanguage":"es","potentialAction":[{"@type":"CommentAction","name":"Comment","target":["https:\/\/www.alasmedios.com\/index.php\/2025\/08\/29\/tepeapulco-instala-comite-para-frenar-el-embarazo-adolescente\/#respond"]}]},{"@type":"WebPage","@id":"https:\/\/www.alasmedios.com\/index.php\/2025\/08\/29\/tepeapulco-instala-comite-para-frenar-el-embarazo-adolescente\/","url":"https:\/\/www.alasmedios.com\/index.php\/2025\/08\/29\/tepeapulco-instala-comite-para-frenar-el-embarazo-adolescente\/","name":"Tepeapulco instala Comit\u00e9 para frenar el embarazo adolescente - Alas Medios","isPartOf":{"@id":"https:\/\/www.alasmedios.com\/#website"},"primaryImageOfPage":{"@id":"https:\/\/www.alasmedios.com\/index.php\/2025\/08\/29\/tepeapulco-instala-comite-para-frenar-el-embarazo-adolescente\/#primaryimage"},"image":{"@id":"https:\/\/www.alasmedios.com\/index.php\/2025\/08\/29\/tepeapulco-instala-comite-para-frenar-el-embarazo-adolescente\/#primaryimage"},"thumbnailUrl":"https:\/\/www.alasmedios.com\/wp-content\/uploads\/2025\/08\/Tepeapulco-instala-Comite-para-frenar-el-embarazo-adolescente.jpg","datePublished":"2025-08-29T23:55:00+00:00","breadcrumb":{"@id":"https:\/\/www.alasmedios.com\/index.php\/2025\/08\/29\/tepeapulco-instala-comite-para-frenar-el-embarazo-adolescente\/#breadcrumb"},"inLanguage":"es","potentialAction":[{"@type":"ReadAction","target":["https:\/\/www.alasmedios.com\/index.php\/2025\/08\/29\/tepeapulco-instala-comite-para-frenar-el-embarazo-adolescente\/"]}]},{"@type":"ImageObject","inLanguage":"es","@id":"https:\/\/www.alasmedios.com\/index.php\/2025\/08\/29\/tepeapulco-instala-comite-para-frenar-el-embarazo-adolescente\/#primaryimage","url":"https:\/\/www.alasmedios.com\/wp-content\/uploads\/2025\/08\/Tepeapulco-instala-Comite-para-frenar-el-embarazo-adolescente.jpg","contentUrl":"https:\/\/www.alasmedios.com\/wp-content\/uploads\/2025\/08\/Tepeapulco-instala-Comite-para-frenar-el-embarazo-adolescente.jpg","width":2048,"height":1150},{"@type":"BreadcrumbList","@id":"https:\/\/www.alasmedios.com\/index.php\/2025\/08\/29\/tepeapulco-instala-comite-para-frenar-el-embarazo-adolescente\/#breadcrumb","itemListElement":[{"@type":"ListItem","position":1,"name":"Inicio","item":"https:\/\/www.alasmedios.com\/"},{"@type":"ListItem","position":2,"name":"Tepeapulco instala Comit\u00e9 para frenar el embarazo adolescente"}]},{"@type":"WebSite","@id":"https:\/\/www.alasmedios.com\/#website","url":"https:\/\/www.alasmedios.com\/","name":"Alas Medios","description":"Alas para pensar, Alas para volar, Alas de libertad","publisher":{"@id":"https:\/\/www.alasmedios.com\/#organization"},"potentialAction":[{"@type":"SearchAction","target":{"@type":"EntryPoint","urlTemplate":"https:\/\/www.alasmedios.com\/?s={search_term_string}"},"query-input":{"@type":"PropertyValueSpecification","valueRequired":true,"valueName":"search_term_string"}}],"inLanguage":"es"},{"@type":"Organization","@id":"https:\/\/www.alasmedios.com\/#organization","name":"Alas Medios","url":"https:\/\/www.alasmedios.com\/","logo":{"@type":"ImageObject","inLanguage":"es","@id":"https:\/\/www.alasmedios.com\/#\/schema\/logo\/image\/","url":"https:\/\/www.alasmedios.com\/wp-content\/uploads\/2026\/01\/cropped-cropped-GAM-1.png","contentUrl":"https:\/\/www.alasmedios.com\/wp-content\/uploads\/2026\/01\/cropped-cropped-GAM-1.png","width":467,"height":235,"caption":"Alas Medios"},"image":{"@id":"https:\/\/www.alasmedios.com\/#\/schema\/logo\/image\/"}},{"@type":"Person","@id":"https:\/\/www.alasmedios.com\/#\/schema\/person\/0ba31bdd19a05ebf5c7fef1fedf99c34","name":"Keila Rodr\u00edguez Pe\u00f1a","image":{"@type":"ImageObject","inLanguage":"es","@id":"https:\/\/secure.gravatar.com\/avatar\/a2553a2bfaa601b9d539b617c8793e151bdffb60f9e48a249912f86d4c9ebeef?s=96&d=mm&r=g","url":"https:\/\/secure.gravatar.com\/avatar\/a2553a2bfaa601b9d539b617c8793e151bdffb60f9e48a249912f86d4c9ebeef?s=96&d=mm&r=g","contentUrl":"https:\/\/secure.gravatar.com\/avatar\/a2553a2bfaa601b9d539b617c8793e151bdffb60f9e48a249912f86d4c9ebeef?s=96&d=mm&r=g","caption":"Keila Rodr\u00edguez Pe\u00f1a"},"sameAs":["http:\/\/www.alasmedios.com"],"url":"https:\/\/www.alasmedios.com\/index.php\/author\/keila\/"}]}},"_links":{"self":[{"href":"https:\/\/www.alasmedios.com\/index.php\/wp-json\/wp\/v2\/posts\/6003","targetHints":{"allow":["GET"]}}],"collection":[{"href":"https:\/\/www.alasmedios.com\/index.php\/wp-json\/wp\/v2\/posts"}],"about":[{"href":"https:\/\/www.alasmedios.com\/index.php\/wp-json\/wp\/v2\/types\/post"}],"author":[{"embeddable":true,"href":"https:\/\/www.alasmedios.com\/index.php\/wp-json\/wp\/v2\/users\/4"}],"replies":[{"embeddable":true,"href":"https:\/\/www.alasmedios.com\/index.php\/wp-json\/wp\/v2\/comments?post=6003"}],"version-history":[{"count":1,"href":"https:\/\/www.alasmedios.com\/index.php\/wp-json\/wp\/v2\/posts\/6003\/revisions"}],"predecessor-version":[{"id":6009,"href":"https:\/\/www.alasmedios.com\/index.php\/wp-json\/wp\/v2\/posts\/6003\/revisions\/6009"}],"wp:featuredmedia":[{"embeddable":true,"href":"https:\/\/www.alasmedios.com\/index.php\/wp-json\/wp\/v2\/media\/6004"}],"wp:attachment":[{"href":"https:\/\/www.alasmedios.com\/index.php\/wp-json\/wp\/v2\/media?parent=6003"}],"wp:term":[{"taxonomy":"category","embeddable":true,"href":"https:\/\/www.alasmedios.com\/index.php\/wp-json\/wp\/v2\/categories?post=6003"},{"taxonomy":"post_tag","embeddable":true,"href":"https:\/\/www.alasmedios.com\/index.php\/wp-json\/wp\/v2\/tags?post=6003"}],"curies":[{"name":"wp","href":"https:\/\/api.w.org\/{rel}","templated":true}]}}