{"id":5860,"date":"2025-08-19T12:06:49","date_gmt":"2025-08-19T17:06:49","guid":{"rendered":"https:\/\/www.alasmedios.com\/?p=5860"},"modified":"2025-08-19T12:42:39","modified_gmt":"2025-08-19T17:42:39","slug":"pesquisas-de-teresa-margolles","status":"publish","type":"post","link":"https:\/\/www.alasmedios.com\/index.php\/2025\/08\/19\/pesquisas-de-teresa-margolles\/","title":{"rendered":"Pesquisas de Teresa Margolles"},"content":{"rendered":"\n<p>En el mundo del arte contempor\u00e1neo, pocos nombres resuenan con la contundencia de <strong>Teresa Margolles<\/strong>, su exposici\u00f3n, <strong>&#8220;Pesquisas&#8221;<\/strong>, es una bofetada a la indiferencia que duele y remueve. <\/p>\n\n\n\n<p>Esta muestra ha llegado para recordarnos que el arte puede y debe ser un <strong>espejo de la realidad m\u00e1s cruda<\/strong>.<\/p>\n\n\n\n<p><strong>Margolles<\/strong>, <strong>ex-m\u00e9dica forense<\/strong>, artista conceptual, fot\u00f3grafa y vide\u00f3grafa mexicana, en su obra &#8220;<strong>Pesquisas<\/strong>&#8221; ha fotografiado carteles de desaparecidas, capturando el desgaste que los ha ido borrando con la lluvia, el sol y el tiempo. Es la <strong>&#8220;segunda desaparici\u00f3n&#8221;<\/strong>, un eco visual de la impunidad.<\/p>\n\n\n\n<h3 class=\"wp-block-heading\">Descripci\u00f3n de la Obra<\/h3>\n\n\n\n<p>&#8220;<strong><em>Pesquisas<\/em><\/strong>&#8220;, exhibida en 2016, consiste en una serie de <strong>treinta impresiones a color<\/strong> de gran formato. Estas <strong>fotograf\u00edas <\/strong>no son retratos convencionales; son im\u00e1genes de los <strong>letreros callejeros de mujeres desaparecidas<\/strong> que han cubierto los muros de <strong>Ciudad Ju\u00e1rez<\/strong> desde la d\u00e9cada de 1990.<\/p>\n\n\n\n<p>La artista <strong>fotografi\u00f3 <\/strong>estos <strong>carteles<\/strong>, que las familias de las v\u00edctimas han pegado incansablemente por toda la ciudad en busca de sus seres queridos. <\/p>\n\n\n\n<p>CONTIN\u00daA LEYENDO: <a href=\"https:\/\/www.alasmedios.com\/index.php\/2025\/02\/20\/tres-fotografas-mexicanas-que-debes-conocer\/\" data-type=\"post\" data-id=\"3639\">Tres fot\u00f3grafas mexicanas que debes conocer<\/a><\/p>\n\n\n\n<p>Al ser ampliadas, las fotograf\u00edas de <strong>Margolles <\/strong>no s\u00f3lo muestran los rostros y los datos de las mujeres desaparecidas, sino que tambi\u00e9n capturan el<strong> deterioro de los propios letreros<\/strong>. Se aprecian las marcas del tiempo, la lluvia, el sol, el polvo y el vandalismo que los han ido desvaneciendo y mutilando.<\/p>\n\n\n\n<h3 class=\"wp-block-heading\">Significado e Impacto<\/h3>\n\n\n\n<p>La obra de <strong>Margolles <\/strong>va m\u00e1s all\u00e1 de la documentaci\u00f3n; su enfoque es profundamente conceptual:<\/p>\n\n\n\n<ul class=\"wp-block-list\">\n<li><strong>La segunda desaparici\u00f3n:<\/strong> al <strong>fotografiar <\/strong>estos carteles desgastados, la artista visibiliza lo que ella llama una &#8220;<strong><em>segunda desaparici\u00f3n<\/em><\/strong>&#8220;. Es decir, las <strong>mujeres <\/strong>no s\u00f3lo desaparecieron f\u00edsicamente, sino que sus rostros y la memoria de su b\u00fasqueda tambi\u00e9n se est\u00e1n desvaneciendo, borrados por la indiferencia, el paso del tiempo y los elementos. Esto se convierte en una met\u00e1fora poderosa de c\u00f3mo la sociedad y las autoridades han fallado en su deber de recordar y hacer justicia.<\/li>\n\n\n\n<li><strong>El paisaje del dolor:<\/strong> Margolles transforma el dolor y la protesta de las familias en un &#8220;<em><strong>paisaje urbano<\/strong><\/em>&#8221; del sufrimiento. Los letreros, que son un grito de auxilio, se han vuelto tan comunes que se han mimetizado con el entorno, volvi\u00e9ndose casi invisibles para los habitantes acostumbrados a ellos. La instalaci\u00f3n obliga al espectador a confrontar esta realidad de frente, sin la familiaridad que permite la indiferencia.<\/li>\n<\/ul>\n\n\n\n<figure class=\"wp-block-image size-full is-resized\"><img loading=\"lazy\" decoding=\"async\" width=\"852\" height=\"567\" src=\"https:\/\/www.alasmedios.com\/wp-content\/uploads\/2025\/08\/galeriepeterkilchmann-teresa-margolles-pesquisas-inquiries-2016.jpg\" alt=\"\" class=\"wp-image-5863\" style=\"width:979px;height:auto\" srcset=\"https:\/\/www.alasmedios.com\/wp-content\/uploads\/2025\/08\/galeriepeterkilchmann-teresa-margolles-pesquisas-inquiries-2016.jpg 852w, https:\/\/www.alasmedios.com\/wp-content\/uploads\/2025\/08\/galeriepeterkilchmann-teresa-margolles-pesquisas-inquiries-2016-300x200.jpg 300w, https:\/\/www.alasmedios.com\/wp-content\/uploads\/2025\/08\/galeriepeterkilchmann-teresa-margolles-pesquisas-inquiries-2016-768x511.jpg 768w\" sizes=\"auto, (max-width: 852px) 100vw, 852px\" \/><\/figure>\n\n\n\n<ul class=\"wp-block-list\">\n<li><strong>Cr\u00edtica a la violencia y la impunidad:<\/strong> la obra es una denuncia directa de los feminicidios y la impunidad en M\u00e9xico. El t\u00edtulo &#8220;Pesquisas&#8221; (investigaciones) es ir\u00f3nico, ya que hace referencia a las investigaciones forenses y policiales que, en muchos casos, no han dado resultados, dejando a las familias en una b\u00fasqueda solitaria y sin fin. <strong>Margolles<\/strong>, quien tiene formaci\u00f3n en medicina forense, utiliza este t\u00e9rmino para subrayar la ineficacia del sistema y la pasividad de la justicia.<\/li>\n\n\n\n<li><strong>Un contramonumento:<\/strong> En lugar de erigir un monumento de bronce o m\u00e1rmol, <strong>Margolles <\/strong>crea un &#8220;<em><strong>contramonumento<\/strong><\/em>&#8221; ef\u00edmero y crudo con estos carteles de papel. Su trabajo mantiene viva la memoria de las v\u00edctimas y las honra a trav\u00e9s de la visibilidad, desafiando el olvido y la normalizaci\u00f3n de la violencia.<\/li>\n<\/ul>\n\n\n\n<p>TE PUEDE INTERESAR: <a href=\"https:\/\/www.alasmedios.com\/index.php\/2025\/08\/18\/el-trabajo-invisible-que-sostiene-a-latinoamerica-equivale-al-25-del-pib\/\" data-type=\"post\" data-id=\"5846\">El trabajo invisible que sostiene a Latinoam\u00e9rica: equivale al 25% del PIB<\/a><\/p>\n\n\n\n<p>Las fotograf\u00edas de <strong>Margolles <\/strong>transforman este <strong>grito de auxilio<\/strong> en un <strong>documento art\u00edstico y social<\/strong>, un <strong>contramonumento<\/strong> a las v\u00edctimas. La obra nos obliga a confrontar un paisaje de dolor que se ha vuelto invisible para muchos.<\/p>\n\n\n<ul class=\"wp-block-latest-posts__list is-grid columns-3 wp-block-latest-posts\"><li><div class=\"wp-block-latest-posts__featured-image\"><img loading=\"lazy\" decoding=\"async\" width=\"150\" height=\"150\" src=\"https:\/\/www.alasmedios.com\/wp-content\/uploads\/2026\/04\/Argentina-decomisan-bienes-Cristina-Kirchner-150x150.png\" class=\"attachment-thumbnail size-thumbnail wp-post-image\" alt=\"\" style=\"\" \/><\/div><a class=\"wp-block-latest-posts__post-title\" href=\"https:\/\/www.alasmedios.com\/index.php\/2026\/04\/25\/caso-vialidad-argentina-ratifica-decomiso-millonario-a-cristina-kirchner\/\">Caso Vialidad: Argentina ratifica decomiso millonario a Cristina Kirchner<\/a><\/li>\n<li><div class=\"wp-block-latest-posts__featured-image\"><img loading=\"lazy\" decoding=\"async\" width=\"150\" height=\"150\" src=\"https:\/\/www.alasmedios.com\/wp-content\/uploads\/2026\/04\/Puebla-desaparecida-Aguascalientes-150x150.jpeg\" class=\"attachment-thumbnail size-thumbnail wp-post-image\" alt=\"\" style=\"\" \/><\/div><a class=\"wp-block-latest-posts__post-title\" href=\"https:\/\/www.alasmedios.com\/index.php\/2026\/04\/25\/localizan-con-vida-en-aguascalientes-a-adolescente-desaparecida-en-puebla\/\">Localizan con vida en Aguascalientes a adolescente desaparecida en Puebla<\/a><\/li>\n<li><div class=\"wp-block-latest-posts__featured-image\"><img loading=\"lazy\" decoding=\"async\" width=\"150\" height=\"150\" src=\"https:\/\/www.alasmedios.com\/wp-content\/uploads\/2026\/04\/podio-de-la-Copa-del-Mundo-de-Ciclismo-150x150.jpg\" class=\"attachment-thumbnail size-thumbnail wp-post-image\" alt=\"\" style=\"\" \/><\/div><a class=\"wp-block-latest-posts__post-title\" href=\"https:\/\/www.alasmedios.com\/index.php\/2026\/04\/25\/mexico-arranca-con-doble-podio-en-la-copa-del-mundo-de-pista-en-malasia\/\">M\u00e9xico arranca con doble podio en la Copa del Mundo de Pista en Malasia<\/a><\/li>\n<\/ul>","protected":false},"excerpt":{"rendered":"<p>En el mundo del arte contempor\u00e1neo, pocos nombres resuenan con la contundencia de Teresa Margolles, su exposici\u00f3n, &#8220;Pesquisas&#8221;, es una<\/p>\n","protected":false},"author":4,"featured_media":5861,"comment_status":"open","ping_status":"open","sticky":false,"template":"","format":"standard","meta":{"colormag_page_container_layout":"default_layout","colormag_page_sidebar_layout":"default_layout","rop_custom_images_group":[],"rop_custom_messages_group":[],"rop_publish_now":"initial","rop_publish_now_accounts":[],"rop_publish_now_history":[],"rop_publish_now_status":"pending","iawp_total_views":0,"footnotes":""},"categories":[45],"tags":[1379,2577,2576],"class_list":["post-5860","post","type-post","status-publish","format-standard","has-post-thumbnail","hentry","category-ellas-dicen","tag-fotografia","tag-pesquisas","tag-teresa-margolles"],"magazineBlocksPostFeaturedMedia":{"thumbnail":"https:\/\/www.alasmedios.com\/wp-content\/uploads\/2025\/08\/Pesquisas-de-Teresa-Margolles-150x150.png","medium":"https:\/\/www.alasmedios.com\/wp-content\/uploads\/2025\/08\/Pesquisas-de-Teresa-Margolles-300x182.png","medium_large":"https:\/\/www.alasmedios.com\/wp-content\/uploads\/2025\/08\/Pesquisas-de-Teresa-Margolles-768x466.png","large":"https:\/\/www.alasmedios.com\/wp-content\/uploads\/2025\/08\/Pesquisas-de-Teresa-Margolles-1024x622.png","1536x1536":"https:\/\/www.alasmedios.com\/wp-content\/uploads\/2025\/08\/Pesquisas-de-Teresa-Margolles-1536x932.png","2048x2048":"https:\/\/www.alasmedios.com\/wp-content\/uploads\/2025\/08\/Pesquisas-de-Teresa-Margolles.png","colormag-highlighted-post":"https:\/\/www.alasmedios.com\/wp-content\/uploads\/2025\/08\/Pesquisas-de-Teresa-Margolles-392x272.png","colormag-featured-post-medium":"https:\/\/www.alasmedios.com\/wp-content\/uploads\/2025\/08\/Pesquisas-de-Teresa-Margolles-390x205.png","colormag-featured-post-small":"https:\/\/www.alasmedios.com\/wp-content\/uploads\/2025\/08\/Pesquisas-de-Teresa-Margolles-130x90.png","colormag-featured-image":"https:\/\/www.alasmedios.com\/wp-content\/uploads\/2025\/08\/Pesquisas-de-Teresa-Margolles-800x445.png","colormag-default-news":"https:\/\/www.alasmedios.com\/wp-content\/uploads\/2025\/08\/Pesquisas-de-Teresa-Margolles-150x150.png","colormag-featured-image-large":"https:\/\/www.alasmedios.com\/wp-content\/uploads\/2025\/08\/Pesquisas-de-Teresa-Margolles-1400x600.png"},"magazineBlocksPostAuthor":{"name":"Keila Rodr\u00edguez Pe\u00f1a","avatar":"https:\/\/secure.gravatar.com\/avatar\/a2553a2bfaa601b9d539b617c8793e151bdffb60f9e48a249912f86d4c9ebeef?s=96&d=mm&r=g"},"magazineBlocksPostCommentsNumber":"0","magazineBlocksPostExcerpt":"En el mundo del arte contempor\u00e1neo, pocos nombres resuenan con la contundencia de Teresa Margolles, su exposici\u00f3n, &#8220;Pesquisas&#8221;, es una","magazineBlocksPostCategories":["Ellas Dicen"],"magazineBlocksPostViewCount":215,"magazineBlocksPostReadTime":4,"magazine_blocks_featured_image_url":{"full":["https:\/\/www.alasmedios.com\/wp-content\/uploads\/2025\/08\/Pesquisas-de-Teresa-Margolles.png",2000,1214,false],"medium":["https:\/\/www.alasmedios.com\/wp-content\/uploads\/2025\/08\/Pesquisas-de-Teresa-Margolles-300x182.png",300,182,true],"thumbnail":["https:\/\/www.alasmedios.com\/wp-content\/uploads\/2025\/08\/Pesquisas-de-Teresa-Margolles-150x150.png",150,150,true]},"magazine_blocks_author":{"display_name":"Keila Rodr\u00edguez Pe\u00f1a","author_link":"https:\/\/www.alasmedios.com\/index.php\/author\/keila\/"},"magazine_blocks_comment":0,"magazine_blocks_author_image":"https:\/\/secure.gravatar.com\/avatar\/a2553a2bfaa601b9d539b617c8793e151bdffb60f9e48a249912f86d4c9ebeef?s=96&d=mm&r=g","magazine_blocks_category":"<a href=\"#\" class=\"category-link category-link-45\">Ellas Dicen<\/a>","yoast_head":"<!-- This site is optimized with the Yoast SEO plugin v27.4 - https:\/\/yoast.com\/product\/yoast-seo-wordpress\/ -->\r\n<title>Pesquisas de Teresa Margolles - Alas Medios<\/title>\r\n<meta name=\"robots\" content=\"index, follow, max-snippet:-1, max-image-preview:large, max-video-preview:-1\" \/>\r\n<link rel=\"canonical\" href=\"https:\/\/www.alasmedios.com\/index.php\/2025\/08\/19\/pesquisas-de-teresa-margolles\/\" \/>\r\n<meta property=\"og:locale\" content=\"es_MX\" \/>\r\n<meta property=\"og:type\" content=\"article\" \/>\r\n<meta property=\"og:title\" content=\"Pesquisas de Teresa Margolles - Alas Medios\" \/>\r\n<meta property=\"og:description\" content=\"En el mundo del arte contempor\u00e1neo, pocos nombres resuenan con la contundencia de Teresa Margolles, su exposici\u00f3n, &#8220;Pesquisas&#8221;, es una\" \/>\r\n<meta property=\"og:url\" content=\"https:\/\/www.alasmedios.com\/index.php\/2025\/08\/19\/pesquisas-de-teresa-margolles\/\" \/>\r\n<meta property=\"og:site_name\" content=\"Alas Medios\" \/>\r\n<meta property=\"article:published_time\" content=\"2025-08-19T17:06:49+00:00\" \/>\r\n<meta property=\"article:modified_time\" content=\"2025-08-19T17:42:39+00:00\" \/>\r\n<meta property=\"og:image\" content=\"https:\/\/www.alasmedios.com\/wp-content\/uploads\/2025\/08\/Pesquisas-de-Teresa-Margolles.png\" \/>\r\n\t<meta property=\"og:image:width\" content=\"2000\" \/>\r\n\t<meta property=\"og:image:height\" content=\"1214\" \/>\r\n\t<meta property=\"og:image:type\" content=\"image\/png\" \/>\r\n<meta name=\"author\" content=\"Keila Rodr\u00edguez Pe\u00f1a\" \/>\r\n<meta name=\"twitter:card\" content=\"summary_large_image\" \/>\r\n<meta name=\"twitter:label1\" content=\"Escrito por\" \/>\n\t<meta name=\"twitter:data1\" content=\"Keila Rodr\u00edguez Pe\u00f1a\" \/>\n\t<meta name=\"twitter:label2\" content=\"Tiempo de lectura\" \/>\n\t<meta name=\"twitter:data2\" content=\"3 minutos\" \/>\r\n<script type=\"application\/ld+json\" class=\"yoast-schema-graph\">{\"@context\":\"https:\\\/\\\/schema.org\",\"@graph\":[{\"@type\":\"Article\",\"@id\":\"https:\\\/\\\/www.alasmedios.com\\\/index.php\\\/2025\\\/08\\\/19\\\/pesquisas-de-teresa-margolles\\\/#article\",\"isPartOf\":{\"@id\":\"https:\\\/\\\/www.alasmedios.com\\\/index.php\\\/2025\\\/08\\\/19\\\/pesquisas-de-teresa-margolles\\\/\"},\"author\":{\"name\":\"Keila Rodr\u00edguez Pe\u00f1a\",\"@id\":\"https:\\\/\\\/www.alasmedios.com\\\/#\\\/schema\\\/person\\\/0ba31bdd19a05ebf5c7fef1fedf99c34\"},\"headline\":\"Pesquisas de Teresa Margolles\",\"datePublished\":\"2025-08-19T17:06:49+00:00\",\"dateModified\":\"2025-08-19T17:42:39+00:00\",\"mainEntityOfPage\":{\"@id\":\"https:\\\/\\\/www.alasmedios.com\\\/index.php\\\/2025\\\/08\\\/19\\\/pesquisas-de-teresa-margolles\\\/\"},\"wordCount\":611,\"commentCount\":0,\"publisher\":{\"@id\":\"https:\\\/\\\/www.alasmedios.com\\\/#organization\"},\"image\":{\"@id\":\"https:\\\/\\\/www.alasmedios.com\\\/index.php\\\/2025\\\/08\\\/19\\\/pesquisas-de-teresa-margolles\\\/#primaryimage\"},\"thumbnailUrl\":\"https:\\\/\\\/www.alasmedios.com\\\/wp-content\\\/uploads\\\/2025\\\/08\\\/Pesquisas-de-Teresa-Margolles.png\",\"keywords\":[\"fotograf\u00eda\",\"Pesquisas\",\"Teresa Margolles\"],\"articleSection\":[\"Ellas Dicen\"],\"inLanguage\":\"es\",\"potentialAction\":[{\"@type\":\"CommentAction\",\"name\":\"Comment\",\"target\":[\"https:\\\/\\\/www.alasmedios.com\\\/index.php\\\/2025\\\/08\\\/19\\\/pesquisas-de-teresa-margolles\\\/#respond\"]}]},{\"@type\":\"WebPage\",\"@id\":\"https:\\\/\\\/www.alasmedios.com\\\/index.php\\\/2025\\\/08\\\/19\\\/pesquisas-de-teresa-margolles\\\/\",\"url\":\"https:\\\/\\\/www.alasmedios.com\\\/index.php\\\/2025\\\/08\\\/19\\\/pesquisas-de-teresa-margolles\\\/\",\"name\":\"Pesquisas de Teresa Margolles - Alas Medios\",\"isPartOf\":{\"@id\":\"https:\\\/\\\/www.alasmedios.com\\\/#website\"},\"primaryImageOfPage\":{\"@id\":\"https:\\\/\\\/www.alasmedios.com\\\/index.php\\\/2025\\\/08\\\/19\\\/pesquisas-de-teresa-margolles\\\/#primaryimage\"},\"image\":{\"@id\":\"https:\\\/\\\/www.alasmedios.com\\\/index.php\\\/2025\\\/08\\\/19\\\/pesquisas-de-teresa-margolles\\\/#primaryimage\"},\"thumbnailUrl\":\"https:\\\/\\\/www.alasmedios.com\\\/wp-content\\\/uploads\\\/2025\\\/08\\\/Pesquisas-de-Teresa-Margolles.png\",\"datePublished\":\"2025-08-19T17:06:49+00:00\",\"dateModified\":\"2025-08-19T17:42:39+00:00\",\"breadcrumb\":{\"@id\":\"https:\\\/\\\/www.alasmedios.com\\\/index.php\\\/2025\\\/08\\\/19\\\/pesquisas-de-teresa-margolles\\\/#breadcrumb\"},\"inLanguage\":\"es\",\"potentialAction\":[{\"@type\":\"ReadAction\",\"target\":[\"https:\\\/\\\/www.alasmedios.com\\\/index.php\\\/2025\\\/08\\\/19\\\/pesquisas-de-teresa-margolles\\\/\"]}]},{\"@type\":\"ImageObject\",\"inLanguage\":\"es\",\"@id\":\"https:\\\/\\\/www.alasmedios.com\\\/index.php\\\/2025\\\/08\\\/19\\\/pesquisas-de-teresa-margolles\\\/#primaryimage\",\"url\":\"https:\\\/\\\/www.alasmedios.com\\\/wp-content\\\/uploads\\\/2025\\\/08\\\/Pesquisas-de-Teresa-Margolles.png\",\"contentUrl\":\"https:\\\/\\\/www.alasmedios.com\\\/wp-content\\\/uploads\\\/2025\\\/08\\\/Pesquisas-de-Teresa-Margolles.png\",\"width\":2000,\"height\":1214},{\"@type\":\"BreadcrumbList\",\"@id\":\"https:\\\/\\\/www.alasmedios.com\\\/index.php\\\/2025\\\/08\\\/19\\\/pesquisas-de-teresa-margolles\\\/#breadcrumb\",\"itemListElement\":[{\"@type\":\"ListItem\",\"position\":1,\"name\":\"Inicio\",\"item\":\"https:\\\/\\\/www.alasmedios.com\\\/\"},{\"@type\":\"ListItem\",\"position\":2,\"name\":\"Pesquisas de Teresa Margolles\"}]},{\"@type\":\"WebSite\",\"@id\":\"https:\\\/\\\/www.alasmedios.com\\\/#website\",\"url\":\"https:\\\/\\\/www.alasmedios.com\\\/\",\"name\":\"Alas Medios\",\"description\":\"Alas para pensar, Alas para volar, Alas de libertad\",\"publisher\":{\"@id\":\"https:\\\/\\\/www.alasmedios.com\\\/#organization\"},\"potentialAction\":[{\"@type\":\"SearchAction\",\"target\":{\"@type\":\"EntryPoint\",\"urlTemplate\":\"https:\\\/\\\/www.alasmedios.com\\\/?s={search_term_string}\"},\"query-input\":{\"@type\":\"PropertyValueSpecification\",\"valueRequired\":true,\"valueName\":\"search_term_string\"}}],\"inLanguage\":\"es\"},{\"@type\":\"Organization\",\"@id\":\"https:\\\/\\\/www.alasmedios.com\\\/#organization\",\"name\":\"Alas Medios\",\"url\":\"https:\\\/\\\/www.alasmedios.com\\\/\",\"logo\":{\"@type\":\"ImageObject\",\"inLanguage\":\"es\",\"@id\":\"https:\\\/\\\/www.alasmedios.com\\\/#\\\/schema\\\/logo\\\/image\\\/\",\"url\":\"https:\\\/\\\/www.alasmedios.com\\\/wp-content\\\/uploads\\\/2026\\\/01\\\/cropped-cropped-GAM-1.png\",\"contentUrl\":\"https:\\\/\\\/www.alasmedios.com\\\/wp-content\\\/uploads\\\/2026\\\/01\\\/cropped-cropped-GAM-1.png\",\"width\":467,\"height\":235,\"caption\":\"Alas Medios\"},\"image\":{\"@id\":\"https:\\\/\\\/www.alasmedios.com\\\/#\\\/schema\\\/logo\\\/image\\\/\"}},{\"@type\":\"Person\",\"@id\":\"https:\\\/\\\/www.alasmedios.com\\\/#\\\/schema\\\/person\\\/0ba31bdd19a05ebf5c7fef1fedf99c34\",\"name\":\"Keila Rodr\u00edguez Pe\u00f1a\",\"image\":{\"@type\":\"ImageObject\",\"inLanguage\":\"es\",\"@id\":\"https:\\\/\\\/secure.gravatar.com\\\/avatar\\\/a2553a2bfaa601b9d539b617c8793e151bdffb60f9e48a249912f86d4c9ebeef?s=96&d=mm&r=g\",\"url\":\"https:\\\/\\\/secure.gravatar.com\\\/avatar\\\/a2553a2bfaa601b9d539b617c8793e151bdffb60f9e48a249912f86d4c9ebeef?s=96&d=mm&r=g\",\"contentUrl\":\"https:\\\/\\\/secure.gravatar.com\\\/avatar\\\/a2553a2bfaa601b9d539b617c8793e151bdffb60f9e48a249912f86d4c9ebeef?s=96&d=mm&r=g\",\"caption\":\"Keila Rodr\u00edguez Pe\u00f1a\"},\"sameAs\":[\"http:\\\/\\\/www.alasmedios.com\"],\"url\":\"https:\\\/\\\/www.alasmedios.com\\\/index.php\\\/author\\\/keila\\\/\"}]}<\/script>\r\n<!-- \/ Yoast SEO plugin. -->","yoast_head_json":{"title":"Pesquisas de Teresa Margolles - Alas Medios","robots":{"index":"index","follow":"follow","max-snippet":"max-snippet:-1","max-image-preview":"max-image-preview:large","max-video-preview":"max-video-preview:-1"},"canonical":"https:\/\/www.alasmedios.com\/index.php\/2025\/08\/19\/pesquisas-de-teresa-margolles\/","og_locale":"es_MX","og_type":"article","og_title":"Pesquisas de Teresa Margolles - Alas Medios","og_description":"En el mundo del arte contempor\u00e1neo, pocos nombres resuenan con la contundencia de Teresa Margolles, su exposici\u00f3n, &#8220;Pesquisas&#8221;, es una","og_url":"https:\/\/www.alasmedios.com\/index.php\/2025\/08\/19\/pesquisas-de-teresa-margolles\/","og_site_name":"Alas Medios","article_published_time":"2025-08-19T17:06:49+00:00","article_modified_time":"2025-08-19T17:42:39+00:00","og_image":[{"width":2000,"height":1214,"url":"https:\/\/www.alasmedios.com\/wp-content\/uploads\/2025\/08\/Pesquisas-de-Teresa-Margolles.png","type":"image\/png"}],"author":"Keila Rodr\u00edguez Pe\u00f1a","twitter_card":"summary_large_image","twitter_misc":{"Escrito por":"Keila Rodr\u00edguez Pe\u00f1a","Tiempo de lectura":"3 minutos"},"schema":{"@context":"https:\/\/schema.org","@graph":[{"@type":"Article","@id":"https:\/\/www.alasmedios.com\/index.php\/2025\/08\/19\/pesquisas-de-teresa-margolles\/#article","isPartOf":{"@id":"https:\/\/www.alasmedios.com\/index.php\/2025\/08\/19\/pesquisas-de-teresa-margolles\/"},"author":{"name":"Keila Rodr\u00edguez Pe\u00f1a","@id":"https:\/\/www.alasmedios.com\/#\/schema\/person\/0ba31bdd19a05ebf5c7fef1fedf99c34"},"headline":"Pesquisas de Teresa Margolles","datePublished":"2025-08-19T17:06:49+00:00","dateModified":"2025-08-19T17:42:39+00:00","mainEntityOfPage":{"@id":"https:\/\/www.alasmedios.com\/index.php\/2025\/08\/19\/pesquisas-de-teresa-margolles\/"},"wordCount":611,"commentCount":0,"publisher":{"@id":"https:\/\/www.alasmedios.com\/#organization"},"image":{"@id":"https:\/\/www.alasmedios.com\/index.php\/2025\/08\/19\/pesquisas-de-teresa-margolles\/#primaryimage"},"thumbnailUrl":"https:\/\/www.alasmedios.com\/wp-content\/uploads\/2025\/08\/Pesquisas-de-Teresa-Margolles.png","keywords":["fotograf\u00eda","Pesquisas","Teresa Margolles"],"articleSection":["Ellas Dicen"],"inLanguage":"es","potentialAction":[{"@type":"CommentAction","name":"Comment","target":["https:\/\/www.alasmedios.com\/index.php\/2025\/08\/19\/pesquisas-de-teresa-margolles\/#respond"]}]},{"@type":"WebPage","@id":"https:\/\/www.alasmedios.com\/index.php\/2025\/08\/19\/pesquisas-de-teresa-margolles\/","url":"https:\/\/www.alasmedios.com\/index.php\/2025\/08\/19\/pesquisas-de-teresa-margolles\/","name":"Pesquisas de Teresa Margolles - Alas Medios","isPartOf":{"@id":"https:\/\/www.alasmedios.com\/#website"},"primaryImageOfPage":{"@id":"https:\/\/www.alasmedios.com\/index.php\/2025\/08\/19\/pesquisas-de-teresa-margolles\/#primaryimage"},"image":{"@id":"https:\/\/www.alasmedios.com\/index.php\/2025\/08\/19\/pesquisas-de-teresa-margolles\/#primaryimage"},"thumbnailUrl":"https:\/\/www.alasmedios.com\/wp-content\/uploads\/2025\/08\/Pesquisas-de-Teresa-Margolles.png","datePublished":"2025-08-19T17:06:49+00:00","dateModified":"2025-08-19T17:42:39+00:00","breadcrumb":{"@id":"https:\/\/www.alasmedios.com\/index.php\/2025\/08\/19\/pesquisas-de-teresa-margolles\/#breadcrumb"},"inLanguage":"es","potentialAction":[{"@type":"ReadAction","target":["https:\/\/www.alasmedios.com\/index.php\/2025\/08\/19\/pesquisas-de-teresa-margolles\/"]}]},{"@type":"ImageObject","inLanguage":"es","@id":"https:\/\/www.alasmedios.com\/index.php\/2025\/08\/19\/pesquisas-de-teresa-margolles\/#primaryimage","url":"https:\/\/www.alasmedios.com\/wp-content\/uploads\/2025\/08\/Pesquisas-de-Teresa-Margolles.png","contentUrl":"https:\/\/www.alasmedios.com\/wp-content\/uploads\/2025\/08\/Pesquisas-de-Teresa-Margolles.png","width":2000,"height":1214},{"@type":"BreadcrumbList","@id":"https:\/\/www.alasmedios.com\/index.php\/2025\/08\/19\/pesquisas-de-teresa-margolles\/#breadcrumb","itemListElement":[{"@type":"ListItem","position":1,"name":"Inicio","item":"https:\/\/www.alasmedios.com\/"},{"@type":"ListItem","position":2,"name":"Pesquisas de Teresa Margolles"}]},{"@type":"WebSite","@id":"https:\/\/www.alasmedios.com\/#website","url":"https:\/\/www.alasmedios.com\/","name":"Alas Medios","description":"Alas para pensar, Alas para volar, Alas de libertad","publisher":{"@id":"https:\/\/www.alasmedios.com\/#organization"},"potentialAction":[{"@type":"SearchAction","target":{"@type":"EntryPoint","urlTemplate":"https:\/\/www.alasmedios.com\/?s={search_term_string}"},"query-input":{"@type":"PropertyValueSpecification","valueRequired":true,"valueName":"search_term_string"}}],"inLanguage":"es"},{"@type":"Organization","@id":"https:\/\/www.alasmedios.com\/#organization","name":"Alas Medios","url":"https:\/\/www.alasmedios.com\/","logo":{"@type":"ImageObject","inLanguage":"es","@id":"https:\/\/www.alasmedios.com\/#\/schema\/logo\/image\/","url":"https:\/\/www.alasmedios.com\/wp-content\/uploads\/2026\/01\/cropped-cropped-GAM-1.png","contentUrl":"https:\/\/www.alasmedios.com\/wp-content\/uploads\/2026\/01\/cropped-cropped-GAM-1.png","width":467,"height":235,"caption":"Alas Medios"},"image":{"@id":"https:\/\/www.alasmedios.com\/#\/schema\/logo\/image\/"}},{"@type":"Person","@id":"https:\/\/www.alasmedios.com\/#\/schema\/person\/0ba31bdd19a05ebf5c7fef1fedf99c34","name":"Keila Rodr\u00edguez Pe\u00f1a","image":{"@type":"ImageObject","inLanguage":"es","@id":"https:\/\/secure.gravatar.com\/avatar\/a2553a2bfaa601b9d539b617c8793e151bdffb60f9e48a249912f86d4c9ebeef?s=96&d=mm&r=g","url":"https:\/\/secure.gravatar.com\/avatar\/a2553a2bfaa601b9d539b617c8793e151bdffb60f9e48a249912f86d4c9ebeef?s=96&d=mm&r=g","contentUrl":"https:\/\/secure.gravatar.com\/avatar\/a2553a2bfaa601b9d539b617c8793e151bdffb60f9e48a249912f86d4c9ebeef?s=96&d=mm&r=g","caption":"Keila Rodr\u00edguez Pe\u00f1a"},"sameAs":["http:\/\/www.alasmedios.com"],"url":"https:\/\/www.alasmedios.com\/index.php\/author\/keila\/"}]}},"_links":{"self":[{"href":"https:\/\/www.alasmedios.com\/index.php\/wp-json\/wp\/v2\/posts\/5860","targetHints":{"allow":["GET"]}}],"collection":[{"href":"https:\/\/www.alasmedios.com\/index.php\/wp-json\/wp\/v2\/posts"}],"about":[{"href":"https:\/\/www.alasmedios.com\/index.php\/wp-json\/wp\/v2\/types\/post"}],"author":[{"embeddable":true,"href":"https:\/\/www.alasmedios.com\/index.php\/wp-json\/wp\/v2\/users\/4"}],"replies":[{"embeddable":true,"href":"https:\/\/www.alasmedios.com\/index.php\/wp-json\/wp\/v2\/comments?post=5860"}],"version-history":[{"count":2,"href":"https:\/\/www.alasmedios.com\/index.php\/wp-json\/wp\/v2\/posts\/5860\/revisions"}],"predecessor-version":[{"id":5866,"href":"https:\/\/www.alasmedios.com\/index.php\/wp-json\/wp\/v2\/posts\/5860\/revisions\/5866"}],"wp:featuredmedia":[{"embeddable":true,"href":"https:\/\/www.alasmedios.com\/index.php\/wp-json\/wp\/v2\/media\/5861"}],"wp:attachment":[{"href":"https:\/\/www.alasmedios.com\/index.php\/wp-json\/wp\/v2\/media?parent=5860"}],"wp:term":[{"taxonomy":"category","embeddable":true,"href":"https:\/\/www.alasmedios.com\/index.php\/wp-json\/wp\/v2\/categories?post=5860"},{"taxonomy":"post_tag","embeddable":true,"href":"https:\/\/www.alasmedios.com\/index.php\/wp-json\/wp\/v2\/tags?post=5860"}],"curies":[{"name":"wp","href":"https:\/\/api.w.org\/{rel}","templated":true}]}}