{"id":5468,"date":"2025-07-16T10:41:52","date_gmt":"2025-07-16T15:41:52","guid":{"rendered":"https:\/\/www.alasmedios.com\/?p=5468"},"modified":"2025-07-16T10:41:53","modified_gmt":"2025-07-16T15:41:53","slug":"super-barbacoa-betos-70-anos-de-historia-en-el-corazon-de-pachuca","status":"publish","type":"post","link":"https:\/\/www.alasmedios.com\/index.php\/2025\/07\/16\/super-barbacoa-betos-70-anos-de-historia-en-el-corazon-de-pachuca\/","title":{"rendered":"S\u00faper Barbacoa Betos, 70 a\u00f1os de historia en el coraz\u00f3n de Pachuca"},"content":{"rendered":"\n<p>En el <strong>Mercado Barreteros<\/strong>, uno de los m\u00e1s antiguos de <strong>Pachuca<\/strong>, se encuentra un negocio que ha sabido mantenerse con el paso de los a\u00f1os: la <strong>S\u00faper Barbacoa Betos<\/strong>, fundada en <strong>1954<\/strong> por <strong>don Alberto Rojas<\/strong> y continuada por su nieto, <strong>Juan Filiberto Rojas Herrera<\/strong>, mejor conocido como <strong>Beto<\/strong>.<\/p>\n\n\n\n<p>Con m\u00e1s de <strong>70 a\u00f1os de tradici\u00f3n<\/strong>, el puesto de barbacoa ofrece <strong>barbacoa de borrego, consom\u00e9, pancita verde y roja<\/strong>, los d\u00edas <strong>s\u00e1bado, domingo y lunes<\/strong>. Adem\u00e1s, <strong>todos los d\u00edas<\/strong> se pueden encontrar <strong>quesadillas<\/strong> de barbacoa, mole verde, picadillo, tinga, flor de calabaza, huitlacoche, chicharr\u00f3n, entre otros guisos. El negocio est\u00e1 ubicado en la <strong>entrada principal del Mercado Barreteros<\/strong>, en <strong>calle Guerrero, colonia Centro<\/strong>.<\/p>\n\n\n\n<p><strong>Beto<\/strong>, de 48 a\u00f1os, representa la <strong>tercera generaci\u00f3n<\/strong> al frente de esta cocina tradicional. Desde los <strong>12 a\u00f1os comenz\u00f3 a ayudar a su padre<\/strong>, don Juan, en el proceso completo de la barbacoa: desde el sacrificio del animal hasta la cocci\u00f3n en hornos cubiertos con <strong>pencas de maguey<\/strong>. \u201c<strong>Es un negocio bendito<\/strong>, que gracias a Dios nos ha dado mucho. Estoy orgulloso del producto que vendo y del amor que le tenemos\u201d, expresa.<\/p>\n\n\n\n<h3 class=\"wp-block-heading\">Barbacoa entre crisis, tradici\u00f3n y cari\u00f1o<\/h3>\n\n\n\n<p>Actualmente, <strong>el precio del kilo de barbacoa<\/strong> var\u00eda entre <strong>600 y 800 pesos<\/strong> en distintos municipios como <strong>Pachuca, Actopan y Tulancingo<\/strong>. En su puesto, <strong>Beto ofrece un kilo de barbacoa con un litro de consom\u00e9 por 600 pesos<\/strong>. A pesar del esfuerzo por mantener la calidad, <strong>la pandemia y la econom\u00eda<\/strong> han impactado sus ventas de forma notable.<\/p>\n\n\n\n<figure class=\"wp-block-gallery has-nested-images columns-default is-cropped wp-block-gallery-1 is-layout-flex wp-block-gallery-is-layout-flex\">\n<figure class=\"wp-block-image size-large\"><img loading=\"lazy\" decoding=\"async\" width=\"1024\" height=\"768\" data-id=\"5471\" src=\"https:\/\/www.alasmedios.com\/wp-content\/uploads\/2025\/07\/Super-Barbacoa-Betos-1-1024x768.jpg\" alt=\"\" class=\"wp-image-5471\" srcset=\"https:\/\/www.alasmedios.com\/wp-content\/uploads\/2025\/07\/Super-Barbacoa-Betos-1-1024x768.jpg 1024w, https:\/\/www.alasmedios.com\/wp-content\/uploads\/2025\/07\/Super-Barbacoa-Betos-1-300x225.jpg 300w, https:\/\/www.alasmedios.com\/wp-content\/uploads\/2025\/07\/Super-Barbacoa-Betos-1-768x576.jpg 768w, https:\/\/www.alasmedios.com\/wp-content\/uploads\/2025\/07\/Super-Barbacoa-Betos-1-1536x1152.jpg 1536w, https:\/\/www.alasmedios.com\/wp-content\/uploads\/2025\/07\/Super-Barbacoa-Betos-1.jpg 1600w\" sizes=\"auto, (max-width: 1024px) 100vw, 1024px\" \/><\/figure>\n\n\n\n<figure class=\"wp-block-image size-large\"><img loading=\"lazy\" decoding=\"async\" width=\"1024\" height=\"768\" data-id=\"5470\" src=\"https:\/\/www.alasmedios.com\/wp-content\/uploads\/2025\/07\/Super-Barbacoa-Betos-1024x768.jpg\" alt=\"\" class=\"wp-image-5470\" srcset=\"https:\/\/www.alasmedios.com\/wp-content\/uploads\/2025\/07\/Super-Barbacoa-Betos-1024x768.jpg 1024w, https:\/\/www.alasmedios.com\/wp-content\/uploads\/2025\/07\/Super-Barbacoa-Betos-300x225.jpg 300w, https:\/\/www.alasmedios.com\/wp-content\/uploads\/2025\/07\/Super-Barbacoa-Betos-768x576.jpg 768w, https:\/\/www.alasmedios.com\/wp-content\/uploads\/2025\/07\/Super-Barbacoa-Betos-1536x1152.jpg 1536w, https:\/\/www.alasmedios.com\/wp-content\/uploads\/2025\/07\/Super-Barbacoa-Betos.jpg 1600w\" sizes=\"auto, (max-width: 1024px) 100vw, 1024px\" \/><\/figure>\n<figcaption class=\"blocks-gallery-caption wp-element-caption\">Fotos: Carlos Sevilla<\/figcaption><\/figure>\n\n\n\n<p>CONTIN\u00daA LEYENDO: <a href=\"https:\/\/www.alasmedios.com\/index.php\/2025\/07\/15\/lanzan-convocatoria-para-formar-el-primer-coro-lgbtiq-de-pachuca\/\" data-type=\"post\" data-id=\"5456\">Lanzan convocatoria para formar el primer Coro LGBTIQ+ de Pachuca<\/a><\/p>\n\n\n\n<p><em>\u201cAntes vend\u00edamos hasta <strong>20 borregos en tres d\u00edas<\/strong>, ahora no vendo ni la mitad. <strong>Los s\u00e1bados<\/strong> preparo dos borregos para <strong>200 clientes<\/strong>, el <strong>domingo<\/strong> tres borregos para cerca de <strong>300 personas<\/strong>, y <strong>los lunes<\/strong> uno m\u00e1s para unas <strong>100 personas<\/strong>. Ya no se venden por kilo como antes, ahora la mayor\u00eda lleva <strong>medio kilo o menos<\/strong>\u201d<\/em>, relata.<\/p>\n\n\n\n<p>A pesar de estos cambios, los comentarios de los clientes siguen siendo positivos. \u201c<strong>Hasta ahorita, todos han sido favorables<\/strong>, s\u00ed les gusta, aunque no falta quien reclame por el precio\u201d, comenta.<\/p>\n\n\n\n<p><strong>S\u00faper Barbacoa Betos<\/strong> no s\u00f3lo es un negocio; es <strong>memoria viva, esfuerzo familiar y legado gastron\u00f3mico<\/strong> que forma parte del coraz\u00f3n de <strong>Pachuca<\/strong>. Una historia que sigue escribi\u00e9ndose, un taco a la vez.<\/p>\n\n\n<ul class=\"wp-block-latest-posts__list is-grid columns-3 wp-block-latest-posts\"><li><div class=\"wp-block-latest-posts__featured-image\"><img loading=\"lazy\" decoding=\"async\" width=\"150\" height=\"150\" src=\"https:\/\/www.alasmedios.com\/wp-content\/uploads\/2026\/05\/Super-Final-de-la-Copa-del-Mundo-de-Clavados-2026-150x150.jpeg\" class=\"attachment-thumbnail size-thumbnail wp-post-image\" alt=\"\" style=\"\" \/><\/div><a class=\"wp-block-latest-posts__post-title\" href=\"https:\/\/www.alasmedios.com\/index.php\/2026\/05\/01\/mexico-se-lanza-por-la-cima-once-clavadistas-buscan-la-gloria-mundial-en-pekin-2026\/\">M\u00e9xico se lanza por la cima: once clavadistas buscan la gloria mundial en Pek\u00edn 2026<\/a><\/li>\n<li><div class=\"wp-block-latest-posts__featured-image\"><img loading=\"lazy\" decoding=\"async\" width=\"150\" height=\"150\" src=\"https:\/\/www.alasmedios.com\/wp-content\/uploads\/2026\/04\/Puebla-el-Congreso-aprobo-el-Protocolo-Homologado-de-Investigacion-de-Delitos-contra-Personas-LGBTTTI-150x150.png\" class=\"attachment-thumbnail size-thumbnail wp-post-image\" alt=\"\" style=\"\" \/><\/div><a class=\"wp-block-latest-posts__post-title\" href=\"https:\/\/www.alasmedios.com\/index.php\/2026\/04\/30\/puebla-impulsa-protocolo-contra-delitos-lgbttti\/\">Puebla impulsa protocolo contra delitos LGBTTTI+<\/a><\/li>\n<li><div class=\"wp-block-latest-posts__featured-image\"><img loading=\"lazy\" decoding=\"async\" width=\"150\" height=\"150\" src=\"https:\/\/www.alasmedios.com\/wp-content\/uploads\/2026\/04\/PEC-Parque-Ecologico-Cubitos-150x150.jpg\" class=\"attachment-thumbnail size-thumbnail wp-post-image\" alt=\"\" style=\"\" \/><\/div><a class=\"wp-block-latest-posts__post-title\" href=\"https:\/\/www.alasmedios.com\/index.php\/2026\/04\/30\/naturaleza-viva-en-pachuca-cubitos-conmemora-a-los-jardines-botanicos\/\">Naturaleza viva en Pachuca: Cubitos conmemora a los jardines bot\u00e1nicos<\/a><\/li>\n<\/ul>","protected":false},"excerpt":{"rendered":"<p>En el Mercado Barreteros, uno de los m\u00e1s antiguos de Pachuca, se encuentra un negocio que ha sabido mantenerse con<\/p>\n","protected":false},"author":4,"featured_media":5469,"comment_status":"open","ping_status":"open","sticky":false,"template":"","format":"standard","meta":{"colormag_page_container_layout":"default_layout","colormag_page_sidebar_layout":"default_layout","rop_custom_images_group":[],"rop_custom_messages_group":[],"rop_publish_now":"initial","rop_publish_now_accounts":[],"rop_publish_now_history":[],"rop_publish_now_status":"pending","iawp_total_views":0,"footnotes":""},"categories":[41],"tags":[482,99,2388,87,2389,74],"class_list":["post-5468","post","type-post","status-publish","format-standard","has-post-thumbnail","hentry","category-hidalgo","tag-gastronomia-2","tag-hidalgo","tag-mercado-barreteros","tag-pachuca","tag-super-barbacoa-betos","tag-turismo"],"magazineBlocksPostFeaturedMedia":{"thumbnail":"https:\/\/www.alasmedios.com\/wp-content\/uploads\/2025\/07\/Super-Barbacoa-Betos-70-anos-de-historia-en-el-corazon-de-Pachuca-150x150.jpg","medium":"https:\/\/www.alasmedios.com\/wp-content\/uploads\/2025\/07\/Super-Barbacoa-Betos-70-anos-de-historia-en-el-corazon-de-Pachuca-300x225.jpg","medium_large":"https:\/\/www.alasmedios.com\/wp-content\/uploads\/2025\/07\/Super-Barbacoa-Betos-70-anos-de-historia-en-el-corazon-de-Pachuca-768x576.jpg","large":"https:\/\/www.alasmedios.com\/wp-content\/uploads\/2025\/07\/Super-Barbacoa-Betos-70-anos-de-historia-en-el-corazon-de-Pachuca-1024x768.jpg","1536x1536":"https:\/\/www.alasmedios.com\/wp-content\/uploads\/2025\/07\/Super-Barbacoa-Betos-70-anos-de-historia-en-el-corazon-de-Pachuca-1536x1152.jpg","2048x2048":"https:\/\/www.alasmedios.com\/wp-content\/uploads\/2025\/07\/Super-Barbacoa-Betos-70-anos-de-historia-en-el-corazon-de-Pachuca.jpg","colormag-highlighted-post":"https:\/\/www.alasmedios.com\/wp-content\/uploads\/2025\/07\/Super-Barbacoa-Betos-70-anos-de-historia-en-el-corazon-de-Pachuca-392x272.jpg","colormag-featured-post-medium":"https:\/\/www.alasmedios.com\/wp-content\/uploads\/2025\/07\/Super-Barbacoa-Betos-70-anos-de-historia-en-el-corazon-de-Pachuca-390x205.jpg","colormag-featured-post-small":"https:\/\/www.alasmedios.com\/wp-content\/uploads\/2025\/07\/Super-Barbacoa-Betos-70-anos-de-historia-en-el-corazon-de-Pachuca-130x90.jpg","colormag-featured-image":"https:\/\/www.alasmedios.com\/wp-content\/uploads\/2025\/07\/Super-Barbacoa-Betos-70-anos-de-historia-en-el-corazon-de-Pachuca-800x445.jpg","colormag-default-news":"https:\/\/www.alasmedios.com\/wp-content\/uploads\/2025\/07\/Super-Barbacoa-Betos-70-anos-de-historia-en-el-corazon-de-Pachuca-150x150.jpg","colormag-featured-image-large":"https:\/\/www.alasmedios.com\/wp-content\/uploads\/2025\/07\/Super-Barbacoa-Betos-70-anos-de-historia-en-el-corazon-de-Pachuca-1400x600.jpg"},"magazineBlocksPostAuthor":{"name":"Keila Rodr\u00edguez Pe\u00f1a","avatar":"https:\/\/secure.gravatar.com\/avatar\/a2553a2bfaa601b9d539b617c8793e151bdffb60f9e48a249912f86d4c9ebeef?s=96&d=mm&r=g"},"magazineBlocksPostCommentsNumber":"0","magazineBlocksPostExcerpt":"En el Mercado Barreteros, uno de los m\u00e1s antiguos de Pachuca, se encuentra un negocio que ha sabido mantenerse con","magazineBlocksPostCategories":["Hidalgo"],"magazineBlocksPostViewCount":199,"magazineBlocksPostReadTime":3,"magazine_blocks_featured_image_url":{"full":["https:\/\/www.alasmedios.com\/wp-content\/uploads\/2025\/07\/Super-Barbacoa-Betos-70-anos-de-historia-en-el-corazon-de-Pachuca.jpg",1600,1200,false],"medium":["https:\/\/www.alasmedios.com\/wp-content\/uploads\/2025\/07\/Super-Barbacoa-Betos-70-anos-de-historia-en-el-corazon-de-Pachuca-300x225.jpg",300,225,true],"thumbnail":["https:\/\/www.alasmedios.com\/wp-content\/uploads\/2025\/07\/Super-Barbacoa-Betos-70-anos-de-historia-en-el-corazon-de-Pachuca-150x150.jpg",150,150,true]},"magazine_blocks_author":{"display_name":"Keila Rodr\u00edguez Pe\u00f1a","author_link":"https:\/\/www.alasmedios.com\/index.php\/author\/keila\/"},"magazine_blocks_comment":0,"magazine_blocks_author_image":"https:\/\/secure.gravatar.com\/avatar\/a2553a2bfaa601b9d539b617c8793e151bdffb60f9e48a249912f86d4c9ebeef?s=96&d=mm&r=g","magazine_blocks_category":"<a href=\"#\" class=\"category-link category-link-41\">Hidalgo<\/a>","yoast_head":"<!-- This site is optimized with the Yoast SEO plugin v27.5 - https:\/\/yoast.com\/product\/yoast-seo-wordpress\/ -->\r\n<title>S\u00faper Barbacoa Betos, 70 a\u00f1os de historia en el coraz\u00f3n de Pachuca - Alas Medios<\/title>\r\n<meta name=\"robots\" content=\"index, follow, max-snippet:-1, max-image-preview:large, max-video-preview:-1\" \/>\r\n<link rel=\"canonical\" href=\"https:\/\/www.alasmedios.com\/index.php\/2025\/07\/16\/super-barbacoa-betos-70-anos-de-historia-en-el-corazon-de-pachuca\/\" \/>\r\n<meta property=\"og:locale\" content=\"es_MX\" \/>\r\n<meta property=\"og:type\" content=\"article\" \/>\r\n<meta property=\"og:title\" content=\"S\u00faper Barbacoa Betos, 70 a\u00f1os de historia en el coraz\u00f3n de Pachuca - Alas Medios\" \/>\r\n<meta property=\"og:description\" content=\"En el Mercado Barreteros, uno de los m\u00e1s antiguos de Pachuca, se encuentra un negocio que ha sabido mantenerse con\" \/>\r\n<meta property=\"og:url\" content=\"https:\/\/www.alasmedios.com\/index.php\/2025\/07\/16\/super-barbacoa-betos-70-anos-de-historia-en-el-corazon-de-pachuca\/\" \/>\r\n<meta property=\"og:site_name\" content=\"Alas Medios\" \/>\r\n<meta property=\"article:published_time\" content=\"2025-07-16T15:41:52+00:00\" \/>\r\n<meta property=\"article:modified_time\" content=\"2025-07-16T15:41:53+00:00\" \/>\r\n<meta property=\"og:image\" content=\"https:\/\/www.alasmedios.com\/wp-content\/uploads\/2025\/07\/Super-Barbacoa-Betos-70-anos-de-historia-en-el-corazon-de-Pachuca.jpg\" \/>\r\n\t<meta property=\"og:image:width\" content=\"1600\" \/>\r\n\t<meta property=\"og:image:height\" content=\"1200\" \/>\r\n\t<meta property=\"og:image:type\" content=\"image\/jpeg\" \/>\r\n<meta name=\"author\" content=\"Keila Rodr\u00edguez Pe\u00f1a\" \/>\r\n<meta name=\"twitter:card\" content=\"summary_large_image\" \/>\r\n<meta name=\"twitter:label1\" content=\"Escrito por\" \/>\n\t<meta name=\"twitter:data1\" content=\"Keila Rodr\u00edguez Pe\u00f1a\" \/>\n\t<meta name=\"twitter:label2\" content=\"Tiempo de lectura\" \/>\n\t<meta name=\"twitter:data2\" content=\"2 minutos\" \/>\r\n<script type=\"application\/ld+json\" class=\"yoast-schema-graph\">{\"@context\":\"https:\\\/\\\/schema.org\",\"@graph\":[{\"@type\":\"Article\",\"@id\":\"https:\\\/\\\/www.alasmedios.com\\\/index.php\\\/2025\\\/07\\\/16\\\/super-barbacoa-betos-70-anos-de-historia-en-el-corazon-de-pachuca\\\/#article\",\"isPartOf\":{\"@id\":\"https:\\\/\\\/www.alasmedios.com\\\/index.php\\\/2025\\\/07\\\/16\\\/super-barbacoa-betos-70-anos-de-historia-en-el-corazon-de-pachuca\\\/\"},\"author\":{\"name\":\"Keila Rodr\u00edguez Pe\u00f1a\",\"@id\":\"https:\\\/\\\/www.alasmedios.com\\\/#\\\/schema\\\/person\\\/0ba31bdd19a05ebf5c7fef1fedf99c34\"},\"headline\":\"S\u00faper Barbacoa Betos, 70 a\u00f1os de historia en el coraz\u00f3n de Pachuca\",\"datePublished\":\"2025-07-16T15:41:52+00:00\",\"dateModified\":\"2025-07-16T15:41:53+00:00\",\"mainEntityOfPage\":{\"@id\":\"https:\\\/\\\/www.alasmedios.com\\\/index.php\\\/2025\\\/07\\\/16\\\/super-barbacoa-betos-70-anos-de-historia-en-el-corazon-de-pachuca\\\/\"},\"wordCount\":419,\"commentCount\":0,\"publisher\":{\"@id\":\"https:\\\/\\\/www.alasmedios.com\\\/#organization\"},\"image\":{\"@id\":\"https:\\\/\\\/www.alasmedios.com\\\/index.php\\\/2025\\\/07\\\/16\\\/super-barbacoa-betos-70-anos-de-historia-en-el-corazon-de-pachuca\\\/#primaryimage\"},\"thumbnailUrl\":\"https:\\\/\\\/www.alasmedios.com\\\/wp-content\\\/uploads\\\/2025\\\/07\\\/Super-Barbacoa-Betos-70-anos-de-historia-en-el-corazon-de-Pachuca.jpg\",\"keywords\":[\"gastronom\u00eda\",\"Hidalgo\",\"Mercado Barreteros\",\"Pachuca\",\"S\u00faper Barbacoa Betos\",\"Turismo\"],\"articleSection\":[\"Hidalgo\"],\"inLanguage\":\"es\",\"potentialAction\":[{\"@type\":\"CommentAction\",\"name\":\"Comment\",\"target\":[\"https:\\\/\\\/www.alasmedios.com\\\/index.php\\\/2025\\\/07\\\/16\\\/super-barbacoa-betos-70-anos-de-historia-en-el-corazon-de-pachuca\\\/#respond\"]}]},{\"@type\":\"WebPage\",\"@id\":\"https:\\\/\\\/www.alasmedios.com\\\/index.php\\\/2025\\\/07\\\/16\\\/super-barbacoa-betos-70-anos-de-historia-en-el-corazon-de-pachuca\\\/\",\"url\":\"https:\\\/\\\/www.alasmedios.com\\\/index.php\\\/2025\\\/07\\\/16\\\/super-barbacoa-betos-70-anos-de-historia-en-el-corazon-de-pachuca\\\/\",\"name\":\"S\u00faper Barbacoa Betos, 70 a\u00f1os de historia en el coraz\u00f3n de Pachuca - Alas Medios\",\"isPartOf\":{\"@id\":\"https:\\\/\\\/www.alasmedios.com\\\/#website\"},\"primaryImageOfPage\":{\"@id\":\"https:\\\/\\\/www.alasmedios.com\\\/index.php\\\/2025\\\/07\\\/16\\\/super-barbacoa-betos-70-anos-de-historia-en-el-corazon-de-pachuca\\\/#primaryimage\"},\"image\":{\"@id\":\"https:\\\/\\\/www.alasmedios.com\\\/index.php\\\/2025\\\/07\\\/16\\\/super-barbacoa-betos-70-anos-de-historia-en-el-corazon-de-pachuca\\\/#primaryimage\"},\"thumbnailUrl\":\"https:\\\/\\\/www.alasmedios.com\\\/wp-content\\\/uploads\\\/2025\\\/07\\\/Super-Barbacoa-Betos-70-anos-de-historia-en-el-corazon-de-Pachuca.jpg\",\"datePublished\":\"2025-07-16T15:41:52+00:00\",\"dateModified\":\"2025-07-16T15:41:53+00:00\",\"breadcrumb\":{\"@id\":\"https:\\\/\\\/www.alasmedios.com\\\/index.php\\\/2025\\\/07\\\/16\\\/super-barbacoa-betos-70-anos-de-historia-en-el-corazon-de-pachuca\\\/#breadcrumb\"},\"inLanguage\":\"es\",\"potentialAction\":[{\"@type\":\"ReadAction\",\"target\":[\"https:\\\/\\\/www.alasmedios.com\\\/index.php\\\/2025\\\/07\\\/16\\\/super-barbacoa-betos-70-anos-de-historia-en-el-corazon-de-pachuca\\\/\"]}]},{\"@type\":\"ImageObject\",\"inLanguage\":\"es\",\"@id\":\"https:\\\/\\\/www.alasmedios.com\\\/index.php\\\/2025\\\/07\\\/16\\\/super-barbacoa-betos-70-anos-de-historia-en-el-corazon-de-pachuca\\\/#primaryimage\",\"url\":\"https:\\\/\\\/www.alasmedios.com\\\/wp-content\\\/uploads\\\/2025\\\/07\\\/Super-Barbacoa-Betos-70-anos-de-historia-en-el-corazon-de-Pachuca.jpg\",\"contentUrl\":\"https:\\\/\\\/www.alasmedios.com\\\/wp-content\\\/uploads\\\/2025\\\/07\\\/Super-Barbacoa-Betos-70-anos-de-historia-en-el-corazon-de-Pachuca.jpg\",\"width\":1600,\"height\":1200,\"caption\":\"Foto: Carlos Sevilla\"},{\"@type\":\"BreadcrumbList\",\"@id\":\"https:\\\/\\\/www.alasmedios.com\\\/index.php\\\/2025\\\/07\\\/16\\\/super-barbacoa-betos-70-anos-de-historia-en-el-corazon-de-pachuca\\\/#breadcrumb\",\"itemListElement\":[{\"@type\":\"ListItem\",\"position\":1,\"name\":\"Inicio\",\"item\":\"https:\\\/\\\/www.alasmedios.com\\\/\"},{\"@type\":\"ListItem\",\"position\":2,\"name\":\"S\u00faper Barbacoa Betos, 70 a\u00f1os de historia en el coraz\u00f3n de Pachuca\"}]},{\"@type\":\"WebSite\",\"@id\":\"https:\\\/\\\/www.alasmedios.com\\\/#website\",\"url\":\"https:\\\/\\\/www.alasmedios.com\\\/\",\"name\":\"Alas Medios\",\"description\":\"Alas para pensar, Alas para volar, Alas de libertad\",\"publisher\":{\"@id\":\"https:\\\/\\\/www.alasmedios.com\\\/#organization\"},\"potentialAction\":[{\"@type\":\"SearchAction\",\"target\":{\"@type\":\"EntryPoint\",\"urlTemplate\":\"https:\\\/\\\/www.alasmedios.com\\\/?s={search_term_string}\"},\"query-input\":{\"@type\":\"PropertyValueSpecification\",\"valueRequired\":true,\"valueName\":\"search_term_string\"}}],\"inLanguage\":\"es\"},{\"@type\":\"Organization\",\"@id\":\"https:\\\/\\\/www.alasmedios.com\\\/#organization\",\"name\":\"Alas Medios\",\"url\":\"https:\\\/\\\/www.alasmedios.com\\\/\",\"logo\":{\"@type\":\"ImageObject\",\"inLanguage\":\"es\",\"@id\":\"https:\\\/\\\/www.alasmedios.com\\\/#\\\/schema\\\/logo\\\/image\\\/\",\"url\":\"https:\\\/\\\/www.alasmedios.com\\\/wp-content\\\/uploads\\\/2026\\\/01\\\/cropped-cropped-GAM-1.png\",\"contentUrl\":\"https:\\\/\\\/www.alasmedios.com\\\/wp-content\\\/uploads\\\/2026\\\/01\\\/cropped-cropped-GAM-1.png\",\"width\":467,\"height\":235,\"caption\":\"Alas Medios\"},\"image\":{\"@id\":\"https:\\\/\\\/www.alasmedios.com\\\/#\\\/schema\\\/logo\\\/image\\\/\"}},{\"@type\":\"Person\",\"@id\":\"https:\\\/\\\/www.alasmedios.com\\\/#\\\/schema\\\/person\\\/0ba31bdd19a05ebf5c7fef1fedf99c34\",\"name\":\"Keila Rodr\u00edguez Pe\u00f1a\",\"image\":{\"@type\":\"ImageObject\",\"inLanguage\":\"es\",\"@id\":\"https:\\\/\\\/secure.gravatar.com\\\/avatar\\\/a2553a2bfaa601b9d539b617c8793e151bdffb60f9e48a249912f86d4c9ebeef?s=96&d=mm&r=g\",\"url\":\"https:\\\/\\\/secure.gravatar.com\\\/avatar\\\/a2553a2bfaa601b9d539b617c8793e151bdffb60f9e48a249912f86d4c9ebeef?s=96&d=mm&r=g\",\"contentUrl\":\"https:\\\/\\\/secure.gravatar.com\\\/avatar\\\/a2553a2bfaa601b9d539b617c8793e151bdffb60f9e48a249912f86d4c9ebeef?s=96&d=mm&r=g\",\"caption\":\"Keila Rodr\u00edguez Pe\u00f1a\"},\"sameAs\":[\"http:\\\/\\\/www.alasmedios.com\"],\"url\":\"https:\\\/\\\/www.alasmedios.com\\\/index.php\\\/author\\\/keila\\\/\"}]}<\/script>\r\n<!-- \/ Yoast SEO plugin. -->","yoast_head_json":{"title":"S\u00faper Barbacoa Betos, 70 a\u00f1os de historia en el coraz\u00f3n de Pachuca - Alas Medios","robots":{"index":"index","follow":"follow","max-snippet":"max-snippet:-1","max-image-preview":"max-image-preview:large","max-video-preview":"max-video-preview:-1"},"canonical":"https:\/\/www.alasmedios.com\/index.php\/2025\/07\/16\/super-barbacoa-betos-70-anos-de-historia-en-el-corazon-de-pachuca\/","og_locale":"es_MX","og_type":"article","og_title":"S\u00faper Barbacoa Betos, 70 a\u00f1os de historia en el coraz\u00f3n de Pachuca - Alas Medios","og_description":"En el Mercado Barreteros, uno de los m\u00e1s antiguos de Pachuca, se encuentra un negocio que ha sabido mantenerse con","og_url":"https:\/\/www.alasmedios.com\/index.php\/2025\/07\/16\/super-barbacoa-betos-70-anos-de-historia-en-el-corazon-de-pachuca\/","og_site_name":"Alas Medios","article_published_time":"2025-07-16T15:41:52+00:00","article_modified_time":"2025-07-16T15:41:53+00:00","og_image":[{"width":1600,"height":1200,"url":"https:\/\/www.alasmedios.com\/wp-content\/uploads\/2025\/07\/Super-Barbacoa-Betos-70-anos-de-historia-en-el-corazon-de-Pachuca.jpg","type":"image\/jpeg"}],"author":"Keila Rodr\u00edguez Pe\u00f1a","twitter_card":"summary_large_image","twitter_misc":{"Escrito por":"Keila Rodr\u00edguez Pe\u00f1a","Tiempo de lectura":"2 minutos"},"schema":{"@context":"https:\/\/schema.org","@graph":[{"@type":"Article","@id":"https:\/\/www.alasmedios.com\/index.php\/2025\/07\/16\/super-barbacoa-betos-70-anos-de-historia-en-el-corazon-de-pachuca\/#article","isPartOf":{"@id":"https:\/\/www.alasmedios.com\/index.php\/2025\/07\/16\/super-barbacoa-betos-70-anos-de-historia-en-el-corazon-de-pachuca\/"},"author":{"name":"Keila Rodr\u00edguez Pe\u00f1a","@id":"https:\/\/www.alasmedios.com\/#\/schema\/person\/0ba31bdd19a05ebf5c7fef1fedf99c34"},"headline":"S\u00faper Barbacoa Betos, 70 a\u00f1os de historia en el coraz\u00f3n de Pachuca","datePublished":"2025-07-16T15:41:52+00:00","dateModified":"2025-07-16T15:41:53+00:00","mainEntityOfPage":{"@id":"https:\/\/www.alasmedios.com\/index.php\/2025\/07\/16\/super-barbacoa-betos-70-anos-de-historia-en-el-corazon-de-pachuca\/"},"wordCount":419,"commentCount":0,"publisher":{"@id":"https:\/\/www.alasmedios.com\/#organization"},"image":{"@id":"https:\/\/www.alasmedios.com\/index.php\/2025\/07\/16\/super-barbacoa-betos-70-anos-de-historia-en-el-corazon-de-pachuca\/#primaryimage"},"thumbnailUrl":"https:\/\/www.alasmedios.com\/wp-content\/uploads\/2025\/07\/Super-Barbacoa-Betos-70-anos-de-historia-en-el-corazon-de-Pachuca.jpg","keywords":["gastronom\u00eda","Hidalgo","Mercado Barreteros","Pachuca","S\u00faper Barbacoa Betos","Turismo"],"articleSection":["Hidalgo"],"inLanguage":"es","potentialAction":[{"@type":"CommentAction","name":"Comment","target":["https:\/\/www.alasmedios.com\/index.php\/2025\/07\/16\/super-barbacoa-betos-70-anos-de-historia-en-el-corazon-de-pachuca\/#respond"]}]},{"@type":"WebPage","@id":"https:\/\/www.alasmedios.com\/index.php\/2025\/07\/16\/super-barbacoa-betos-70-anos-de-historia-en-el-corazon-de-pachuca\/","url":"https:\/\/www.alasmedios.com\/index.php\/2025\/07\/16\/super-barbacoa-betos-70-anos-de-historia-en-el-corazon-de-pachuca\/","name":"S\u00faper Barbacoa Betos, 70 a\u00f1os de historia en el coraz\u00f3n de Pachuca - Alas Medios","isPartOf":{"@id":"https:\/\/www.alasmedios.com\/#website"},"primaryImageOfPage":{"@id":"https:\/\/www.alasmedios.com\/index.php\/2025\/07\/16\/super-barbacoa-betos-70-anos-de-historia-en-el-corazon-de-pachuca\/#primaryimage"},"image":{"@id":"https:\/\/www.alasmedios.com\/index.php\/2025\/07\/16\/super-barbacoa-betos-70-anos-de-historia-en-el-corazon-de-pachuca\/#primaryimage"},"thumbnailUrl":"https:\/\/www.alasmedios.com\/wp-content\/uploads\/2025\/07\/Super-Barbacoa-Betos-70-anos-de-historia-en-el-corazon-de-Pachuca.jpg","datePublished":"2025-07-16T15:41:52+00:00","dateModified":"2025-07-16T15:41:53+00:00","breadcrumb":{"@id":"https:\/\/www.alasmedios.com\/index.php\/2025\/07\/16\/super-barbacoa-betos-70-anos-de-historia-en-el-corazon-de-pachuca\/#breadcrumb"},"inLanguage":"es","potentialAction":[{"@type":"ReadAction","target":["https:\/\/www.alasmedios.com\/index.php\/2025\/07\/16\/super-barbacoa-betos-70-anos-de-historia-en-el-corazon-de-pachuca\/"]}]},{"@type":"ImageObject","inLanguage":"es","@id":"https:\/\/www.alasmedios.com\/index.php\/2025\/07\/16\/super-barbacoa-betos-70-anos-de-historia-en-el-corazon-de-pachuca\/#primaryimage","url":"https:\/\/www.alasmedios.com\/wp-content\/uploads\/2025\/07\/Super-Barbacoa-Betos-70-anos-de-historia-en-el-corazon-de-Pachuca.jpg","contentUrl":"https:\/\/www.alasmedios.com\/wp-content\/uploads\/2025\/07\/Super-Barbacoa-Betos-70-anos-de-historia-en-el-corazon-de-Pachuca.jpg","width":1600,"height":1200,"caption":"Foto: Carlos Sevilla"},{"@type":"BreadcrumbList","@id":"https:\/\/www.alasmedios.com\/index.php\/2025\/07\/16\/super-barbacoa-betos-70-anos-de-historia-en-el-corazon-de-pachuca\/#breadcrumb","itemListElement":[{"@type":"ListItem","position":1,"name":"Inicio","item":"https:\/\/www.alasmedios.com\/"},{"@type":"ListItem","position":2,"name":"S\u00faper Barbacoa Betos, 70 a\u00f1os de historia en el coraz\u00f3n de Pachuca"}]},{"@type":"WebSite","@id":"https:\/\/www.alasmedios.com\/#website","url":"https:\/\/www.alasmedios.com\/","name":"Alas Medios","description":"Alas para pensar, Alas para volar, Alas de libertad","publisher":{"@id":"https:\/\/www.alasmedios.com\/#organization"},"potentialAction":[{"@type":"SearchAction","target":{"@type":"EntryPoint","urlTemplate":"https:\/\/www.alasmedios.com\/?s={search_term_string}"},"query-input":{"@type":"PropertyValueSpecification","valueRequired":true,"valueName":"search_term_string"}}],"inLanguage":"es"},{"@type":"Organization","@id":"https:\/\/www.alasmedios.com\/#organization","name":"Alas Medios","url":"https:\/\/www.alasmedios.com\/","logo":{"@type":"ImageObject","inLanguage":"es","@id":"https:\/\/www.alasmedios.com\/#\/schema\/logo\/image\/","url":"https:\/\/www.alasmedios.com\/wp-content\/uploads\/2026\/01\/cropped-cropped-GAM-1.png","contentUrl":"https:\/\/www.alasmedios.com\/wp-content\/uploads\/2026\/01\/cropped-cropped-GAM-1.png","width":467,"height":235,"caption":"Alas Medios"},"image":{"@id":"https:\/\/www.alasmedios.com\/#\/schema\/logo\/image\/"}},{"@type":"Person","@id":"https:\/\/www.alasmedios.com\/#\/schema\/person\/0ba31bdd19a05ebf5c7fef1fedf99c34","name":"Keila Rodr\u00edguez Pe\u00f1a","image":{"@type":"ImageObject","inLanguage":"es","@id":"https:\/\/secure.gravatar.com\/avatar\/a2553a2bfaa601b9d539b617c8793e151bdffb60f9e48a249912f86d4c9ebeef?s=96&d=mm&r=g","url":"https:\/\/secure.gravatar.com\/avatar\/a2553a2bfaa601b9d539b617c8793e151bdffb60f9e48a249912f86d4c9ebeef?s=96&d=mm&r=g","contentUrl":"https:\/\/secure.gravatar.com\/avatar\/a2553a2bfaa601b9d539b617c8793e151bdffb60f9e48a249912f86d4c9ebeef?s=96&d=mm&r=g","caption":"Keila Rodr\u00edguez Pe\u00f1a"},"sameAs":["http:\/\/www.alasmedios.com"],"url":"https:\/\/www.alasmedios.com\/index.php\/author\/keila\/"}]}},"_links":{"self":[{"href":"https:\/\/www.alasmedios.com\/index.php\/wp-json\/wp\/v2\/posts\/5468","targetHints":{"allow":["GET"]}}],"collection":[{"href":"https:\/\/www.alasmedios.com\/index.php\/wp-json\/wp\/v2\/posts"}],"about":[{"href":"https:\/\/www.alasmedios.com\/index.php\/wp-json\/wp\/v2\/types\/post"}],"author":[{"embeddable":true,"href":"https:\/\/www.alasmedios.com\/index.php\/wp-json\/wp\/v2\/users\/4"}],"replies":[{"embeddable":true,"href":"https:\/\/www.alasmedios.com\/index.php\/wp-json\/wp\/v2\/comments?post=5468"}],"version-history":[{"count":1,"href":"https:\/\/www.alasmedios.com\/index.php\/wp-json\/wp\/v2\/posts\/5468\/revisions"}],"predecessor-version":[{"id":5472,"href":"https:\/\/www.alasmedios.com\/index.php\/wp-json\/wp\/v2\/posts\/5468\/revisions\/5472"}],"wp:featuredmedia":[{"embeddable":true,"href":"https:\/\/www.alasmedios.com\/index.php\/wp-json\/wp\/v2\/media\/5469"}],"wp:attachment":[{"href":"https:\/\/www.alasmedios.com\/index.php\/wp-json\/wp\/v2\/media?parent=5468"}],"wp:term":[{"taxonomy":"category","embeddable":true,"href":"https:\/\/www.alasmedios.com\/index.php\/wp-json\/wp\/v2\/categories?post=5468"},{"taxonomy":"post_tag","embeddable":true,"href":"https:\/\/www.alasmedios.com\/index.php\/wp-json\/wp\/v2\/tags?post=5468"}],"curies":[{"name":"wp","href":"https:\/\/api.w.org\/{rel}","templated":true}]}}