{"id":5447,"date":"2025-07-12T15:55:00","date_gmt":"2025-07-12T20:55:00","guid":{"rendered":"https:\/\/www.alasmedios.com\/?p=5447"},"modified":"2025-07-11T22:47:53","modified_gmt":"2025-07-12T03:47:53","slug":"jennifer-geerlings-simons-primera-presidenta-de-surinam","status":"publish","type":"post","link":"https:\/\/www.alasmedios.com\/index.php\/2025\/07\/12\/jennifer-geerlings-simons-primera-presidenta-de-surinam\/","title":{"rendered":"Jennifer Geerlings-Simons: primera presidenta de Surinam"},"content":{"rendered":"\n<p><strong>Jennifer Geerlings-Simons<\/strong> se convirti\u00f3 este domingo 6 de julio en la <strong>primera mujer en asumir la presidencia de Surinam<\/strong>, tras obtener el respaldo necesario en la <strong>Asamblea Nacional<\/strong>, seis semanas despu\u00e9s de que su partido lograra la victoria electoral y consolidara una coalici\u00f3n con otras fuerzas pol\u00edticas.<\/p>\n\n\n\n<p>Con <strong>71 a\u00f1os<\/strong> y una larga trayectoria pol\u00edtica, <strong>Geerlings-Simons<\/strong>, l\u00edder del <strong>Partido Nacional Democr\u00e1tico (NDP)<\/strong>, fue electa junto a su compa\u00f1ero de f\u00f3rmula <strong>Gregory Rusland<\/strong>, del <strong>Partido Nacional de Surinam (NPS)<\/strong>, como vicepresidenta. Ambos fueron respaldados por <strong>34 miembros de la Asamblea Nacional<\/strong>, el n\u00famero exacto requerido para asegurar la elecci\u00f3n en primera vuelta.<\/p>\n\n\n\n<p><em>&#8220;<strong>Utilizar\u00e9 todo mi conocimiento y fuerza para poner nuestra riqueza a disposici\u00f3n de todo nuestro pueblo<\/strong>&#8220;<\/em>, afirm\u00f3 la presidenta electa tras el anuncio oficial. Tambi\u00e9n reconoci\u00f3 el peso hist\u00f3rico de su elecci\u00f3n:<em> &#8220;<strong>Soy muy consciente de la responsabilidad que ahora recae sobre nuestros hombros, una responsabilidad a\u00fan mayor por ser la primera mujer en ocupar este cargo<\/strong>&#8220;<\/em>, declar\u00f3 en su primer mensaje p\u00fablico.<\/p>\n\n\n\n<p>CONTIN\u00daA LEYENDO: <a href=\"https:\/\/www.alasmedios.com\/index.php\/2025\/07\/09\/anemia-una-crisis-que-golpea-a-mujeres-y-ninas-en-asia-meridional\/\" data-type=\"post\" data-id=\"5408\">Anemia, una crisis que golpea a mujeres y ni\u00f1as en Asia Meridional<\/a><\/p>\n\n\n\n<p>El camino de <strong>Geerlings-Simons<\/strong> hacia la presidencia se consolid\u00f3 cuando el <strong>Partido Reformista Progresista (VHP)<\/strong>, del actual presidente <strong>Chandrikapersad Santokhi<\/strong>, decidi\u00f3 no postular candidatos, allanando as\u00ed el proceso. En los comicios del pasado <strong>25 de mayo<\/strong>, el <strong>NDP obtuvo 18 esca\u00f1os<\/strong>, uno m\u00e1s que el VHP, lo que impuls\u00f3 la formaci\u00f3n de una alianza que integr\u00f3 a <strong>seis partidos<\/strong> y que alcanz\u00f3 el umbral de <strong>34 curules<\/strong> en la <strong>Asamblea Nacional<\/strong>.<\/p>\n\n\n\n<p>Ex presidenta del \u00f3rgano legislativo entre <strong>2010 y 2020<\/strong>, <strong>Geerlings-Simons<\/strong> tambi\u00e9n fue la segunda mujer en ocupar ese cargo y asumi\u00f3 el liderazgo del NDP en <strong>2024<\/strong>, partido fundado por el fallecido expresidente <strong>Desi Bouterse<\/strong>.<\/p>\n\n\n\n<p>Con una poblaci\u00f3n de aproximadamente <strong>600,000 habitantes<\/strong>, <strong>Surinam<\/strong>, antigua colonia holandesa, enfrenta una delicada situaci\u00f3n econ\u00f3mica. En los \u00faltimos a\u00f1os ha adoptado <strong>medidas severas para reducir su deuda p\u00fablica<\/strong>, mientras apuesta al desarrollo de <strong>reservas petroleras<\/strong> como v\u00eda para recuperar la estabilidad y promover el crecimiento.<\/p>\n\n\n\n<p><strong>Jennifer Geerlings-Simons<\/strong> asumir\u00e1 formalmente la presidencia el pr\u00f3ximo <strong>16 de julio<\/strong>, en un momento clave para el pa\u00eds, marcado por desaf\u00edos fiscales, expectativas de recuperaci\u00f3n econ\u00f3mica y un nuevo cap\u00edtulo pol\u00edtico bajo el liderazgo de una mujer por primera vez en su historia.<\/p>\n\n\n<ul class=\"wp-block-latest-posts__list is-grid columns-3 wp-block-latest-posts\"><li><div class=\"wp-block-latest-posts__featured-image\"><img loading=\"lazy\" decoding=\"async\" width=\"150\" height=\"150\" src=\"https:\/\/www.alasmedios.com\/wp-content\/uploads\/2026\/05\/AMPEP-inteligencia-artificial-150x150.jpg\" class=\"attachment-thumbnail size-thumbnail wp-post-image\" alt=\"\" style=\"\" \/><\/div><a class=\"wp-block-latest-posts__post-title\" href=\"https:\/\/www.alasmedios.com\/index.php\/2026\/05\/01\/periodismo-frente-a-la-ia-ampep-asume-liderazgo-y-apuesta-por-contar-historias-con-alma\/\">Periodismo frente a la IA: AMPEP asume liderazgo y apuesta por contar historias con \u201calma\u201d<\/a><\/li>\n<li><div class=\"wp-block-latest-posts__featured-image\"><img loading=\"lazy\" decoding=\"async\" width=\"150\" height=\"150\" src=\"https:\/\/www.alasmedios.com\/wp-content\/uploads\/2026\/05\/Hidalgo-viene-un-respiro-con-el-frente-frio-48-150x150.png\" class=\"attachment-thumbnail size-thumbnail wp-post-image\" alt=\"\" style=\"\" \/><\/div><a class=\"wp-block-latest-posts__post-title\" href=\"https:\/\/www.alasmedios.com\/index.php\/2026\/05\/01\/frente-frio-48-un-alivio-asi-impactara-en-hidalgo\/\">Frente fr\u00edo 48, un alivio: as\u00ed impactar\u00e1 en Hidalgo<\/a><\/li>\n<li><div class=\"wp-block-latest-posts__featured-image\"><img loading=\"lazy\" decoding=\"async\" width=\"150\" height=\"150\" src=\"https:\/\/www.alasmedios.com\/wp-content\/uploads\/2026\/05\/mujeres-depresion-posparto-150x150.png\" class=\"attachment-thumbnail size-thumbnail wp-post-image\" alt=\"\" style=\"\" \/><\/div><a class=\"wp-block-latest-posts__post-title\" href=\"https:\/\/www.alasmedios.com\/index.php\/2026\/05\/01\/1-de-cada-15-mujeres-sufre-depresion-posparto\/\">1 de cada 15 mujeres sufre depresi\u00f3n posparto<\/a><\/li>\n<\/ul>","protected":false},"excerpt":{"rendered":"<p>Jennifer Geerlings-Simons se convirti\u00f3 este domingo 6 de julio en la primera mujer en asumir la presidencia de Surinam, tras<\/p>\n","protected":false},"author":4,"featured_media":5448,"comment_status":"open","ping_status":"open","sticky":false,"template":"","format":"standard","meta":{"colormag_page_container_layout":"default_layout","colormag_page_sidebar_layout":"default_layout","rop_custom_images_group":[],"rop_custom_messages_group":[],"rop_publish_now":"initial","rop_publish_now_accounts":[],"rop_publish_now_history":[],"rop_publish_now_status":"pending","iawp_total_views":0,"footnotes":""},"categories":[39],"tags":[2377,627,2378],"class_list":["post-5447","post","type-post","status-publish","format-standard","has-post-thumbnail","hentry","category-inicio","tag-jennifer-geerlings-simons","tag-presidenta","tag-surinam"],"magazineBlocksPostFeaturedMedia":{"thumbnail":"https:\/\/www.alasmedios.com\/wp-content\/uploads\/2025\/07\/Jennifer-Geerlings-Simons-150x150.png","medium":"https:\/\/www.alasmedios.com\/wp-content\/uploads\/2025\/07\/Jennifer-Geerlings-Simons-300x131.png","medium_large":"https:\/\/www.alasmedios.com\/wp-content\/uploads\/2025\/07\/Jennifer-Geerlings-Simons-768x336.png","large":"https:\/\/www.alasmedios.com\/wp-content\/uploads\/2025\/07\/Jennifer-Geerlings-Simons-1024x448.png","1536x1536":"https:\/\/www.alasmedios.com\/wp-content\/uploads\/2025\/07\/Jennifer-Geerlings-Simons.png","2048x2048":"https:\/\/www.alasmedios.com\/wp-content\/uploads\/2025\/07\/Jennifer-Geerlings-Simons.png","colormag-highlighted-post":"https:\/\/www.alasmedios.com\/wp-content\/uploads\/2025\/07\/Jennifer-Geerlings-Simons-392x272.png","colormag-featured-post-medium":"https:\/\/www.alasmedios.com\/wp-content\/uploads\/2025\/07\/Jennifer-Geerlings-Simons-390x205.png","colormag-featured-post-small":"https:\/\/www.alasmedios.com\/wp-content\/uploads\/2025\/07\/Jennifer-Geerlings-Simons-130x90.png","colormag-featured-image":"https:\/\/www.alasmedios.com\/wp-content\/uploads\/2025\/07\/Jennifer-Geerlings-Simons-800x445.png","colormag-default-news":"https:\/\/www.alasmedios.com\/wp-content\/uploads\/2025\/07\/Jennifer-Geerlings-Simons-150x150.png","colormag-featured-image-large":"https:\/\/www.alasmedios.com\/wp-content\/uploads\/2025\/07\/Jennifer-Geerlings-Simons.png"},"magazineBlocksPostAuthor":{"name":"Keila Rodr\u00edguez Pe\u00f1a","avatar":"https:\/\/secure.gravatar.com\/avatar\/a2553a2bfaa601b9d539b617c8793e151bdffb60f9e48a249912f86d4c9ebeef?s=96&d=mm&r=g"},"magazineBlocksPostCommentsNumber":"0","magazineBlocksPostExcerpt":"Jennifer Geerlings-Simons se convirti\u00f3 este domingo 6 de julio en la primera mujer en asumir la presidencia de Surinam, tras","magazineBlocksPostCategories":["Inicio"],"magazineBlocksPostViewCount":192,"magazineBlocksPostReadTime":2,"magazine_blocks_featured_image_url":{"full":["https:\/\/www.alasmedios.com\/wp-content\/uploads\/2025\/07\/Jennifer-Geerlings-Simons.png",1200,525,false],"medium":["https:\/\/www.alasmedios.com\/wp-content\/uploads\/2025\/07\/Jennifer-Geerlings-Simons-300x131.png",300,131,true],"thumbnail":["https:\/\/www.alasmedios.com\/wp-content\/uploads\/2025\/07\/Jennifer-Geerlings-Simons-150x150.png",150,150,true]},"magazine_blocks_author":{"display_name":"Keila Rodr\u00edguez Pe\u00f1a","author_link":"https:\/\/www.alasmedios.com\/index.php\/author\/keila\/"},"magazine_blocks_comment":0,"magazine_blocks_author_image":"https:\/\/secure.gravatar.com\/avatar\/a2553a2bfaa601b9d539b617c8793e151bdffb60f9e48a249912f86d4c9ebeef?s=96&d=mm&r=g","magazine_blocks_category":"<a href=\"#\" class=\"category-link category-link-39\">Inicio<\/a>","yoast_head":"<!-- This site is optimized with the Yoast SEO plugin v27.5 - https:\/\/yoast.com\/product\/yoast-seo-wordpress\/ -->\r\n<title>Jennifer Geerlings-Simons: primera presidenta de Surinam - Alas Medios<\/title>\r\n<meta name=\"robots\" content=\"index, follow, max-snippet:-1, max-image-preview:large, max-video-preview:-1\" \/>\r\n<link rel=\"canonical\" href=\"https:\/\/www.alasmedios.com\/index.php\/2025\/07\/12\/jennifer-geerlings-simons-primera-presidenta-de-surinam\/\" \/>\r\n<meta property=\"og:locale\" content=\"es_MX\" \/>\r\n<meta property=\"og:type\" content=\"article\" \/>\r\n<meta property=\"og:title\" content=\"Jennifer Geerlings-Simons: primera presidenta de Surinam - Alas Medios\" \/>\r\n<meta property=\"og:description\" content=\"Jennifer Geerlings-Simons se convirti\u00f3 este domingo 6 de julio en la primera mujer en asumir la presidencia de Surinam, tras\" \/>\r\n<meta property=\"og:url\" content=\"https:\/\/www.alasmedios.com\/index.php\/2025\/07\/12\/jennifer-geerlings-simons-primera-presidenta-de-surinam\/\" \/>\r\n<meta property=\"og:site_name\" content=\"Alas Medios\" \/>\r\n<meta property=\"article:published_time\" content=\"2025-07-12T20:55:00+00:00\" \/>\r\n<meta property=\"og:image\" content=\"https:\/\/www.alasmedios.com\/wp-content\/uploads\/2025\/07\/Jennifer-Geerlings-Simons.png\" \/>\r\n\t<meta property=\"og:image:width\" content=\"1200\" \/>\r\n\t<meta property=\"og:image:height\" content=\"525\" \/>\r\n\t<meta property=\"og:image:type\" content=\"image\/png\" \/>\r\n<meta name=\"author\" content=\"Keila Rodr\u00edguez Pe\u00f1a\" \/>\r\n<meta name=\"twitter:card\" content=\"summary_large_image\" \/>\r\n<meta name=\"twitter:label1\" content=\"Escrito por\" \/>\n\t<meta name=\"twitter:data1\" content=\"Keila Rodr\u00edguez Pe\u00f1a\" \/>\n\t<meta name=\"twitter:label2\" content=\"Tiempo de lectura\" \/>\n\t<meta name=\"twitter:data2\" content=\"2 minutos\" \/>\r\n<script type=\"application\/ld+json\" class=\"yoast-schema-graph\">{\"@context\":\"https:\\\/\\\/schema.org\",\"@graph\":[{\"@type\":\"Article\",\"@id\":\"https:\\\/\\\/www.alasmedios.com\\\/index.php\\\/2025\\\/07\\\/12\\\/jennifer-geerlings-simons-primera-presidenta-de-surinam\\\/#article\",\"isPartOf\":{\"@id\":\"https:\\\/\\\/www.alasmedios.com\\\/index.php\\\/2025\\\/07\\\/12\\\/jennifer-geerlings-simons-primera-presidenta-de-surinam\\\/\"},\"author\":{\"name\":\"Keila Rodr\u00edguez Pe\u00f1a\",\"@id\":\"https:\\\/\\\/www.alasmedios.com\\\/#\\\/schema\\\/person\\\/0ba31bdd19a05ebf5c7fef1fedf99c34\"},\"headline\":\"Jennifer Geerlings-Simons: primera presidenta de Surinam\",\"datePublished\":\"2025-07-12T20:55:00+00:00\",\"mainEntityOfPage\":{\"@id\":\"https:\\\/\\\/www.alasmedios.com\\\/index.php\\\/2025\\\/07\\\/12\\\/jennifer-geerlings-simons-primera-presidenta-de-surinam\\\/\"},\"wordCount\":404,\"commentCount\":0,\"publisher\":{\"@id\":\"https:\\\/\\\/www.alasmedios.com\\\/#organization\"},\"image\":{\"@id\":\"https:\\\/\\\/www.alasmedios.com\\\/index.php\\\/2025\\\/07\\\/12\\\/jennifer-geerlings-simons-primera-presidenta-de-surinam\\\/#primaryimage\"},\"thumbnailUrl\":\"https:\\\/\\\/www.alasmedios.com\\\/wp-content\\\/uploads\\\/2025\\\/07\\\/Jennifer-Geerlings-Simons.png\",\"keywords\":[\"Jennifer Geerlings-Simons\",\"presidenta\",\"Surinam\"],\"articleSection\":[\"Inicio\"],\"inLanguage\":\"es\",\"potentialAction\":[{\"@type\":\"CommentAction\",\"name\":\"Comment\",\"target\":[\"https:\\\/\\\/www.alasmedios.com\\\/index.php\\\/2025\\\/07\\\/12\\\/jennifer-geerlings-simons-primera-presidenta-de-surinam\\\/#respond\"]}]},{\"@type\":\"WebPage\",\"@id\":\"https:\\\/\\\/www.alasmedios.com\\\/index.php\\\/2025\\\/07\\\/12\\\/jennifer-geerlings-simons-primera-presidenta-de-surinam\\\/\",\"url\":\"https:\\\/\\\/www.alasmedios.com\\\/index.php\\\/2025\\\/07\\\/12\\\/jennifer-geerlings-simons-primera-presidenta-de-surinam\\\/\",\"name\":\"Jennifer Geerlings-Simons: primera presidenta de Surinam - Alas Medios\",\"isPartOf\":{\"@id\":\"https:\\\/\\\/www.alasmedios.com\\\/#website\"},\"primaryImageOfPage\":{\"@id\":\"https:\\\/\\\/www.alasmedios.com\\\/index.php\\\/2025\\\/07\\\/12\\\/jennifer-geerlings-simons-primera-presidenta-de-surinam\\\/#primaryimage\"},\"image\":{\"@id\":\"https:\\\/\\\/www.alasmedios.com\\\/index.php\\\/2025\\\/07\\\/12\\\/jennifer-geerlings-simons-primera-presidenta-de-surinam\\\/#primaryimage\"},\"thumbnailUrl\":\"https:\\\/\\\/www.alasmedios.com\\\/wp-content\\\/uploads\\\/2025\\\/07\\\/Jennifer-Geerlings-Simons.png\",\"datePublished\":\"2025-07-12T20:55:00+00:00\",\"breadcrumb\":{\"@id\":\"https:\\\/\\\/www.alasmedios.com\\\/index.php\\\/2025\\\/07\\\/12\\\/jennifer-geerlings-simons-primera-presidenta-de-surinam\\\/#breadcrumb\"},\"inLanguage\":\"es\",\"potentialAction\":[{\"@type\":\"ReadAction\",\"target\":[\"https:\\\/\\\/www.alasmedios.com\\\/index.php\\\/2025\\\/07\\\/12\\\/jennifer-geerlings-simons-primera-presidenta-de-surinam\\\/\"]}]},{\"@type\":\"ImageObject\",\"inLanguage\":\"es\",\"@id\":\"https:\\\/\\\/www.alasmedios.com\\\/index.php\\\/2025\\\/07\\\/12\\\/jennifer-geerlings-simons-primera-presidenta-de-surinam\\\/#primaryimage\",\"url\":\"https:\\\/\\\/www.alasmedios.com\\\/wp-content\\\/uploads\\\/2025\\\/07\\\/Jennifer-Geerlings-Simons.png\",\"contentUrl\":\"https:\\\/\\\/www.alasmedios.com\\\/wp-content\\\/uploads\\\/2025\\\/07\\\/Jennifer-Geerlings-Simons.png\",\"width\":1200,\"height\":525},{\"@type\":\"BreadcrumbList\",\"@id\":\"https:\\\/\\\/www.alasmedios.com\\\/index.php\\\/2025\\\/07\\\/12\\\/jennifer-geerlings-simons-primera-presidenta-de-surinam\\\/#breadcrumb\",\"itemListElement\":[{\"@type\":\"ListItem\",\"position\":1,\"name\":\"Inicio\",\"item\":\"https:\\\/\\\/www.alasmedios.com\\\/\"},{\"@type\":\"ListItem\",\"position\":2,\"name\":\"Jennifer Geerlings-Simons: primera presidenta de Surinam\"}]},{\"@type\":\"WebSite\",\"@id\":\"https:\\\/\\\/www.alasmedios.com\\\/#website\",\"url\":\"https:\\\/\\\/www.alasmedios.com\\\/\",\"name\":\"Alas Medios\",\"description\":\"Alas para pensar, Alas para volar, Alas de libertad\",\"publisher\":{\"@id\":\"https:\\\/\\\/www.alasmedios.com\\\/#organization\"},\"potentialAction\":[{\"@type\":\"SearchAction\",\"target\":{\"@type\":\"EntryPoint\",\"urlTemplate\":\"https:\\\/\\\/www.alasmedios.com\\\/?s={search_term_string}\"},\"query-input\":{\"@type\":\"PropertyValueSpecification\",\"valueRequired\":true,\"valueName\":\"search_term_string\"}}],\"inLanguage\":\"es\"},{\"@type\":\"Organization\",\"@id\":\"https:\\\/\\\/www.alasmedios.com\\\/#organization\",\"name\":\"Alas Medios\",\"url\":\"https:\\\/\\\/www.alasmedios.com\\\/\",\"logo\":{\"@type\":\"ImageObject\",\"inLanguage\":\"es\",\"@id\":\"https:\\\/\\\/www.alasmedios.com\\\/#\\\/schema\\\/logo\\\/image\\\/\",\"url\":\"https:\\\/\\\/www.alasmedios.com\\\/wp-content\\\/uploads\\\/2026\\\/01\\\/cropped-cropped-GAM-1.png\",\"contentUrl\":\"https:\\\/\\\/www.alasmedios.com\\\/wp-content\\\/uploads\\\/2026\\\/01\\\/cropped-cropped-GAM-1.png\",\"width\":467,\"height\":235,\"caption\":\"Alas Medios\"},\"image\":{\"@id\":\"https:\\\/\\\/www.alasmedios.com\\\/#\\\/schema\\\/logo\\\/image\\\/\"}},{\"@type\":\"Person\",\"@id\":\"https:\\\/\\\/www.alasmedios.com\\\/#\\\/schema\\\/person\\\/0ba31bdd19a05ebf5c7fef1fedf99c34\",\"name\":\"Keila Rodr\u00edguez Pe\u00f1a\",\"image\":{\"@type\":\"ImageObject\",\"inLanguage\":\"es\",\"@id\":\"https:\\\/\\\/secure.gravatar.com\\\/avatar\\\/a2553a2bfaa601b9d539b617c8793e151bdffb60f9e48a249912f86d4c9ebeef?s=96&d=mm&r=g\",\"url\":\"https:\\\/\\\/secure.gravatar.com\\\/avatar\\\/a2553a2bfaa601b9d539b617c8793e151bdffb60f9e48a249912f86d4c9ebeef?s=96&d=mm&r=g\",\"contentUrl\":\"https:\\\/\\\/secure.gravatar.com\\\/avatar\\\/a2553a2bfaa601b9d539b617c8793e151bdffb60f9e48a249912f86d4c9ebeef?s=96&d=mm&r=g\",\"caption\":\"Keila Rodr\u00edguez Pe\u00f1a\"},\"sameAs\":[\"http:\\\/\\\/www.alasmedios.com\"],\"url\":\"https:\\\/\\\/www.alasmedios.com\\\/index.php\\\/author\\\/keila\\\/\"}]}<\/script>\r\n<!-- \/ Yoast SEO plugin. -->","yoast_head_json":{"title":"Jennifer Geerlings-Simons: primera presidenta de Surinam - Alas Medios","robots":{"index":"index","follow":"follow","max-snippet":"max-snippet:-1","max-image-preview":"max-image-preview:large","max-video-preview":"max-video-preview:-1"},"canonical":"https:\/\/www.alasmedios.com\/index.php\/2025\/07\/12\/jennifer-geerlings-simons-primera-presidenta-de-surinam\/","og_locale":"es_MX","og_type":"article","og_title":"Jennifer Geerlings-Simons: primera presidenta de Surinam - Alas Medios","og_description":"Jennifer Geerlings-Simons se convirti\u00f3 este domingo 6 de julio en la primera mujer en asumir la presidencia de Surinam, tras","og_url":"https:\/\/www.alasmedios.com\/index.php\/2025\/07\/12\/jennifer-geerlings-simons-primera-presidenta-de-surinam\/","og_site_name":"Alas Medios","article_published_time":"2025-07-12T20:55:00+00:00","og_image":[{"width":1200,"height":525,"url":"https:\/\/www.alasmedios.com\/wp-content\/uploads\/2025\/07\/Jennifer-Geerlings-Simons.png","type":"image\/png"}],"author":"Keila Rodr\u00edguez Pe\u00f1a","twitter_card":"summary_large_image","twitter_misc":{"Escrito por":"Keila Rodr\u00edguez Pe\u00f1a","Tiempo de lectura":"2 minutos"},"schema":{"@context":"https:\/\/schema.org","@graph":[{"@type":"Article","@id":"https:\/\/www.alasmedios.com\/index.php\/2025\/07\/12\/jennifer-geerlings-simons-primera-presidenta-de-surinam\/#article","isPartOf":{"@id":"https:\/\/www.alasmedios.com\/index.php\/2025\/07\/12\/jennifer-geerlings-simons-primera-presidenta-de-surinam\/"},"author":{"name":"Keila Rodr\u00edguez Pe\u00f1a","@id":"https:\/\/www.alasmedios.com\/#\/schema\/person\/0ba31bdd19a05ebf5c7fef1fedf99c34"},"headline":"Jennifer Geerlings-Simons: primera presidenta de Surinam","datePublished":"2025-07-12T20:55:00+00:00","mainEntityOfPage":{"@id":"https:\/\/www.alasmedios.com\/index.php\/2025\/07\/12\/jennifer-geerlings-simons-primera-presidenta-de-surinam\/"},"wordCount":404,"commentCount":0,"publisher":{"@id":"https:\/\/www.alasmedios.com\/#organization"},"image":{"@id":"https:\/\/www.alasmedios.com\/index.php\/2025\/07\/12\/jennifer-geerlings-simons-primera-presidenta-de-surinam\/#primaryimage"},"thumbnailUrl":"https:\/\/www.alasmedios.com\/wp-content\/uploads\/2025\/07\/Jennifer-Geerlings-Simons.png","keywords":["Jennifer Geerlings-Simons","presidenta","Surinam"],"articleSection":["Inicio"],"inLanguage":"es","potentialAction":[{"@type":"CommentAction","name":"Comment","target":["https:\/\/www.alasmedios.com\/index.php\/2025\/07\/12\/jennifer-geerlings-simons-primera-presidenta-de-surinam\/#respond"]}]},{"@type":"WebPage","@id":"https:\/\/www.alasmedios.com\/index.php\/2025\/07\/12\/jennifer-geerlings-simons-primera-presidenta-de-surinam\/","url":"https:\/\/www.alasmedios.com\/index.php\/2025\/07\/12\/jennifer-geerlings-simons-primera-presidenta-de-surinam\/","name":"Jennifer Geerlings-Simons: primera presidenta de Surinam - Alas Medios","isPartOf":{"@id":"https:\/\/www.alasmedios.com\/#website"},"primaryImageOfPage":{"@id":"https:\/\/www.alasmedios.com\/index.php\/2025\/07\/12\/jennifer-geerlings-simons-primera-presidenta-de-surinam\/#primaryimage"},"image":{"@id":"https:\/\/www.alasmedios.com\/index.php\/2025\/07\/12\/jennifer-geerlings-simons-primera-presidenta-de-surinam\/#primaryimage"},"thumbnailUrl":"https:\/\/www.alasmedios.com\/wp-content\/uploads\/2025\/07\/Jennifer-Geerlings-Simons.png","datePublished":"2025-07-12T20:55:00+00:00","breadcrumb":{"@id":"https:\/\/www.alasmedios.com\/index.php\/2025\/07\/12\/jennifer-geerlings-simons-primera-presidenta-de-surinam\/#breadcrumb"},"inLanguage":"es","potentialAction":[{"@type":"ReadAction","target":["https:\/\/www.alasmedios.com\/index.php\/2025\/07\/12\/jennifer-geerlings-simons-primera-presidenta-de-surinam\/"]}]},{"@type":"ImageObject","inLanguage":"es","@id":"https:\/\/www.alasmedios.com\/index.php\/2025\/07\/12\/jennifer-geerlings-simons-primera-presidenta-de-surinam\/#primaryimage","url":"https:\/\/www.alasmedios.com\/wp-content\/uploads\/2025\/07\/Jennifer-Geerlings-Simons.png","contentUrl":"https:\/\/www.alasmedios.com\/wp-content\/uploads\/2025\/07\/Jennifer-Geerlings-Simons.png","width":1200,"height":525},{"@type":"BreadcrumbList","@id":"https:\/\/www.alasmedios.com\/index.php\/2025\/07\/12\/jennifer-geerlings-simons-primera-presidenta-de-surinam\/#breadcrumb","itemListElement":[{"@type":"ListItem","position":1,"name":"Inicio","item":"https:\/\/www.alasmedios.com\/"},{"@type":"ListItem","position":2,"name":"Jennifer Geerlings-Simons: primera presidenta de Surinam"}]},{"@type":"WebSite","@id":"https:\/\/www.alasmedios.com\/#website","url":"https:\/\/www.alasmedios.com\/","name":"Alas Medios","description":"Alas para pensar, Alas para volar, Alas de libertad","publisher":{"@id":"https:\/\/www.alasmedios.com\/#organization"},"potentialAction":[{"@type":"SearchAction","target":{"@type":"EntryPoint","urlTemplate":"https:\/\/www.alasmedios.com\/?s={search_term_string}"},"query-input":{"@type":"PropertyValueSpecification","valueRequired":true,"valueName":"search_term_string"}}],"inLanguage":"es"},{"@type":"Organization","@id":"https:\/\/www.alasmedios.com\/#organization","name":"Alas Medios","url":"https:\/\/www.alasmedios.com\/","logo":{"@type":"ImageObject","inLanguage":"es","@id":"https:\/\/www.alasmedios.com\/#\/schema\/logo\/image\/","url":"https:\/\/www.alasmedios.com\/wp-content\/uploads\/2026\/01\/cropped-cropped-GAM-1.png","contentUrl":"https:\/\/www.alasmedios.com\/wp-content\/uploads\/2026\/01\/cropped-cropped-GAM-1.png","width":467,"height":235,"caption":"Alas Medios"},"image":{"@id":"https:\/\/www.alasmedios.com\/#\/schema\/logo\/image\/"}},{"@type":"Person","@id":"https:\/\/www.alasmedios.com\/#\/schema\/person\/0ba31bdd19a05ebf5c7fef1fedf99c34","name":"Keila Rodr\u00edguez Pe\u00f1a","image":{"@type":"ImageObject","inLanguage":"es","@id":"https:\/\/secure.gravatar.com\/avatar\/a2553a2bfaa601b9d539b617c8793e151bdffb60f9e48a249912f86d4c9ebeef?s=96&d=mm&r=g","url":"https:\/\/secure.gravatar.com\/avatar\/a2553a2bfaa601b9d539b617c8793e151bdffb60f9e48a249912f86d4c9ebeef?s=96&d=mm&r=g","contentUrl":"https:\/\/secure.gravatar.com\/avatar\/a2553a2bfaa601b9d539b617c8793e151bdffb60f9e48a249912f86d4c9ebeef?s=96&d=mm&r=g","caption":"Keila Rodr\u00edguez Pe\u00f1a"},"sameAs":["http:\/\/www.alasmedios.com"],"url":"https:\/\/www.alasmedios.com\/index.php\/author\/keila\/"}]}},"_links":{"self":[{"href":"https:\/\/www.alasmedios.com\/index.php\/wp-json\/wp\/v2\/posts\/5447","targetHints":{"allow":["GET"]}}],"collection":[{"href":"https:\/\/www.alasmedios.com\/index.php\/wp-json\/wp\/v2\/posts"}],"about":[{"href":"https:\/\/www.alasmedios.com\/index.php\/wp-json\/wp\/v2\/types\/post"}],"author":[{"embeddable":true,"href":"https:\/\/www.alasmedios.com\/index.php\/wp-json\/wp\/v2\/users\/4"}],"replies":[{"embeddable":true,"href":"https:\/\/www.alasmedios.com\/index.php\/wp-json\/wp\/v2\/comments?post=5447"}],"version-history":[{"count":1,"href":"https:\/\/www.alasmedios.com\/index.php\/wp-json\/wp\/v2\/posts\/5447\/revisions"}],"predecessor-version":[{"id":5449,"href":"https:\/\/www.alasmedios.com\/index.php\/wp-json\/wp\/v2\/posts\/5447\/revisions\/5449"}],"wp:featuredmedia":[{"embeddable":true,"href":"https:\/\/www.alasmedios.com\/index.php\/wp-json\/wp\/v2\/media\/5448"}],"wp:attachment":[{"href":"https:\/\/www.alasmedios.com\/index.php\/wp-json\/wp\/v2\/media?parent=5447"}],"wp:term":[{"taxonomy":"category","embeddable":true,"href":"https:\/\/www.alasmedios.com\/index.php\/wp-json\/wp\/v2\/categories?post=5447"},{"taxonomy":"post_tag","embeddable":true,"href":"https:\/\/www.alasmedios.com\/index.php\/wp-json\/wp\/v2\/tags?post=5447"}],"curies":[{"name":"wp","href":"https:\/\/api.w.org\/{rel}","templated":true}]}}