{"id":5441,"date":"2025-07-12T09:55:00","date_gmt":"2025-07-12T14:55:00","guid":{"rendered":"https:\/\/www.alasmedios.com\/?p=5441"},"modified":"2025-07-11T21:38:07","modified_gmt":"2025-07-12T02:38:07","slug":"fda-aprueba-inyeccion-para-prevenir-el-vih","status":"publish","type":"post","link":"https:\/\/www.alasmedios.com\/index.php\/2025\/07\/12\/fda-aprueba-inyeccion-para-prevenir-el-vih\/","title":{"rendered":"FDA aprueba inyecci\u00f3n para prevenir el VIH"},"content":{"rendered":"\n<p><strong>Estados Unidos<\/strong> acaba de dar un paso crucial en la lucha contra el VIH. La <strong>Administraci\u00f3n de Alimentos y Medicamentos (FDA)<\/strong> aprob\u00f3 el uso preventivo del <strong>lenacapavir<\/strong>, convirti\u00e9ndolo en la <strong>primera inyecci\u00f3n semestral<\/strong> avalada para evitar la transmisi\u00f3n del virus. Comercializado como <strong>Yeztugo<\/strong>, el medicamento se aplicar\u00e1 <strong>dos veces al a\u00f1o<\/strong> a personas con un peso m\u00ednimo de 35 kilogramos.<\/p>\n\n\n\n<p>Desarrollado por <strong>Gilead Sciences<\/strong>, el lenacapavir alcanz\u00f3 una eficacia del <strong>99.9% en ensayos cl\u00ednicos<\/strong>, posicion\u00e1ndose como una herramienta clave en la prevenci\u00f3n del VIH por transmisi\u00f3n sexual. Sin embargo, los expertos aclaran que <strong>no sustituye el tratamiento antirretroviral<\/strong> en personas que ya viven con el virus, ni proporciona inmunidad permanente.<\/p>\n\n\n\n<p>Hasta ahora, el f\u00e1rmaco contaba con <strong>autorizaciones terap\u00e9uticas<\/strong> en otros pa\u00edses, pero esta es la <strong>primera vez que se aprueba su uso profil\u00e1ctico<\/strong>, lo que representa un <strong>cambio importante en las estrategias de salud p\u00fablica<\/strong>, especialmente para poblaciones con <strong>alto riesgo de infecci\u00f3n<\/strong>.<\/p>\n\n\n\n<p>La revista <strong>Science<\/strong> calific\u00f3 al lenacapavir como <em><strong>&#8220;el avance cient\u00edfico m\u00e1s importante del 2024&#8221;<\/strong>,<\/em> mientras que Gilead anunci\u00f3 la <strong>producci\u00f3n de 10 millones de dosis<\/strong> antes de 2026, suficientes para proteger a aproximadamente <strong>2.5 millones de personas<\/strong>.<\/p>\n\n\n\n<p><em>&#8220;<strong>Este es un d\u00eda hist\u00f3rico en la lucha contra el VIH<\/strong>. Yeztugo es uno de los avances cient\u00edficos m\u00e1s importantes de nuestro tiempo&#8221;<\/em>, expres\u00f3 <strong>Daniel O&#8217;Day<\/strong>, presidente y director ejecutivo de Gilead.<\/p>\n\n\n\n<p>CONTIN\u00daA LEYENDO: <a href=\"https:\/\/www.alasmedios.com\/index.php\/2025\/01\/27\/issste-hidalgo-garantiza-abortos-seguros-y-gratuitos\/\" data-type=\"post\" data-id=\"3291\">ISSSTE Hidalgo garantiza abortos seguros y gratuitos<\/a><\/p>\n\n\n\n<p>Sin embargo, el entusiasmo se vio opacado por el <strong>alto costo<\/strong> del tratamiento, estimado en <strong>28,218 d\u00f3lares anuales<\/strong> por paciente en Estados Unidos. La directora ejecutiva de ONUSIDA, <strong>Winnie Byanyima<\/strong>, advirti\u00f3:<em> &#8220;<strong>El lenacapavir est\u00e1 fuera del alcance. Una herramienta transformadora solo lo es si la gente tiene acceso a ella<\/strong>&#8220;.<\/em><\/p>\n\n\n\n<p>ONUSIDA mantiene como objetivo erradicar el VIH como amenaza de salud p\u00fablica para <strong>2030<\/strong>, aunque el <strong>Instituto de M\u00e9tricas y Evaluaci\u00f3n de la Salud<\/strong> advirti\u00f3 que los avances actuales podr\u00edan no ser suficientes.<\/p>\n\n\n\n<p>Gilead inform\u00f3 que ya gestiona <strong>solicitudes regulatorias en Argentina, M\u00e9xico y Per\u00fa<\/strong>, pa\u00edses donde las decisiones de la FDA suelen influir en los procesos nacionales. Tambi\u00e9n se\u00f1al\u00f3 que trabaja en una <strong>estrategia global de acceso<\/strong>, sin revelar detalles ni plazos.<\/p>\n\n\n\n<p>El lenacapavir representa una promesa real en la lucha contra una epidemia que ha marcado generaciones. Ahora, el reto ser\u00e1 garantizar que <strong>la innovaci\u00f3n no quede atrapada tras una barrera de precios<\/strong>.<\/p>\n\n\n<ul class=\"wp-block-latest-posts__list is-grid columns-3 wp-block-latest-posts\"><li><div class=\"wp-block-latest-posts__featured-image\"><img loading=\"lazy\" decoding=\"async\" width=\"150\" height=\"150\" src=\"https:\/\/www.alasmedios.com\/wp-content\/uploads\/2026\/05\/AMPEP-inteligencia-artificial-150x150.jpg\" class=\"attachment-thumbnail size-thumbnail wp-post-image\" alt=\"\" style=\"\" \/><\/div><a class=\"wp-block-latest-posts__post-title\" href=\"https:\/\/www.alasmedios.com\/index.php\/2026\/05\/01\/periodismo-frente-a-la-ia-ampep-asume-liderazgo-y-apuesta-por-contar-historias-con-alma\/\">Periodismo frente a la IA: AMPEP asume liderazgo y apuesta por contar historias con \u201calma\u201d<\/a><\/li>\n<li><div class=\"wp-block-latest-posts__featured-image\"><img loading=\"lazy\" decoding=\"async\" width=\"150\" height=\"150\" src=\"https:\/\/www.alasmedios.com\/wp-content\/uploads\/2026\/05\/Hidalgo-viene-un-respiro-con-el-frente-frio-48-150x150.png\" class=\"attachment-thumbnail size-thumbnail wp-post-image\" alt=\"\" style=\"\" \/><\/div><a class=\"wp-block-latest-posts__post-title\" href=\"https:\/\/www.alasmedios.com\/index.php\/2026\/05\/01\/frente-frio-48-un-alivio-asi-impactara-en-hidalgo\/\">Frente fr\u00edo 48, un alivio: as\u00ed impactar\u00e1 en Hidalgo<\/a><\/li>\n<li><div class=\"wp-block-latest-posts__featured-image\"><img loading=\"lazy\" decoding=\"async\" width=\"150\" height=\"150\" src=\"https:\/\/www.alasmedios.com\/wp-content\/uploads\/2026\/05\/mujeres-depresion-posparto-150x150.png\" class=\"attachment-thumbnail size-thumbnail wp-post-image\" alt=\"\" style=\"\" \/><\/div><a class=\"wp-block-latest-posts__post-title\" href=\"https:\/\/www.alasmedios.com\/index.php\/2026\/05\/01\/1-de-cada-15-mujeres-sufre-depresion-posparto\/\">1 de cada 15 mujeres sufre depresi\u00f3n posparto<\/a><\/li>\n<\/ul>","protected":false},"excerpt":{"rendered":"<p>Estados Unidos acaba de dar un paso crucial en la lucha contra el VIH. La Administraci\u00f3n de Alimentos y Medicamentos<\/p>\n","protected":false},"author":4,"featured_media":5442,"comment_status":"open","ping_status":"open","sticky":false,"template":"","format":"standard","meta":{"colormag_page_container_layout":"default_layout","colormag_page_sidebar_layout":"default_layout","rop_custom_images_group":[],"rop_custom_messages_group":[],"rop_publish_now":"initial","rop_publish_now_accounts":[],"rop_publish_now_history":[],"rop_publish_now_status":"pending","iawp_total_views":0,"footnotes":""},"categories":[44],"tags":[2374,136,1670,441],"class_list":["post-5441","post","type-post","status-publish","format-standard","has-post-thumbnail","hentry","category-sexualidad","tag-fda","tag-salud","tag-vacuna","tag-vih"],"magazineBlocksPostFeaturedMedia":{"thumbnail":"https:\/\/www.alasmedios.com\/wp-content\/uploads\/2025\/07\/FDA-aprueba-inyeccion-para-prevenir-el-VIH-150x150.png","medium":"https:\/\/www.alasmedios.com\/wp-content\/uploads\/2025\/07\/FDA-aprueba-inyeccion-para-prevenir-el-VIH-300x157.png","medium_large":"https:\/\/www.alasmedios.com\/wp-content\/uploads\/2025\/07\/FDA-aprueba-inyeccion-para-prevenir-el-VIH-768x402.png","large":"https:\/\/www.alasmedios.com\/wp-content\/uploads\/2025\/07\/FDA-aprueba-inyeccion-para-prevenir-el-VIH-1024x536.png","1536x1536":"https:\/\/www.alasmedios.com\/wp-content\/uploads\/2025\/07\/FDA-aprueba-inyeccion-para-prevenir-el-VIH.png","2048x2048":"https:\/\/www.alasmedios.com\/wp-content\/uploads\/2025\/07\/FDA-aprueba-inyeccion-para-prevenir-el-VIH.png","colormag-highlighted-post":"https:\/\/www.alasmedios.com\/wp-content\/uploads\/2025\/07\/FDA-aprueba-inyeccion-para-prevenir-el-VIH-392x272.png","colormag-featured-post-medium":"https:\/\/www.alasmedios.com\/wp-content\/uploads\/2025\/07\/FDA-aprueba-inyeccion-para-prevenir-el-VIH-390x205.png","colormag-featured-post-small":"https:\/\/www.alasmedios.com\/wp-content\/uploads\/2025\/07\/FDA-aprueba-inyeccion-para-prevenir-el-VIH-130x90.png","colormag-featured-image":"https:\/\/www.alasmedios.com\/wp-content\/uploads\/2025\/07\/FDA-aprueba-inyeccion-para-prevenir-el-VIH-800x445.png","colormag-default-news":"https:\/\/www.alasmedios.com\/wp-content\/uploads\/2025\/07\/FDA-aprueba-inyeccion-para-prevenir-el-VIH-150x150.png","colormag-featured-image-large":"https:\/\/www.alasmedios.com\/wp-content\/uploads\/2025\/07\/FDA-aprueba-inyeccion-para-prevenir-el-VIH-1200x600.png"},"magazineBlocksPostAuthor":{"name":"Keila Rodr\u00edguez Pe\u00f1a","avatar":"https:\/\/secure.gravatar.com\/avatar\/a2553a2bfaa601b9d539b617c8793e151bdffb60f9e48a249912f86d4c9ebeef?s=96&d=mm&r=g"},"magazineBlocksPostCommentsNumber":"0","magazineBlocksPostExcerpt":"Estados Unidos acaba de dar un paso crucial en la lucha contra el VIH. La Administraci\u00f3n de Alimentos y Medicamentos","magazineBlocksPostCategories":["Salud y Sexualidad"],"magazineBlocksPostViewCount":169,"magazineBlocksPostReadTime":3,"magazine_blocks_featured_image_url":{"full":["https:\/\/www.alasmedios.com\/wp-content\/uploads\/2025\/07\/FDA-aprueba-inyeccion-para-prevenir-el-VIH.png",1200,628,false],"medium":["https:\/\/www.alasmedios.com\/wp-content\/uploads\/2025\/07\/FDA-aprueba-inyeccion-para-prevenir-el-VIH-300x157.png",300,157,true],"thumbnail":["https:\/\/www.alasmedios.com\/wp-content\/uploads\/2025\/07\/FDA-aprueba-inyeccion-para-prevenir-el-VIH-150x150.png",150,150,true]},"magazine_blocks_author":{"display_name":"Keila Rodr\u00edguez Pe\u00f1a","author_link":"https:\/\/www.alasmedios.com\/index.php\/author\/keila\/"},"magazine_blocks_comment":0,"magazine_blocks_author_image":"https:\/\/secure.gravatar.com\/avatar\/a2553a2bfaa601b9d539b617c8793e151bdffb60f9e48a249912f86d4c9ebeef?s=96&d=mm&r=g","magazine_blocks_category":"<a href=\"#\" class=\"category-link category-link-44\">Salud y Sexualidad<\/a>","yoast_head":"<!-- This site is optimized with the Yoast SEO plugin v27.5 - https:\/\/yoast.com\/product\/yoast-seo-wordpress\/ -->\r\n<title>FDA aprueba inyecci\u00f3n para prevenir el VIH - Alas Medios<\/title>\r\n<meta name=\"robots\" content=\"index, follow, max-snippet:-1, max-image-preview:large, max-video-preview:-1\" \/>\r\n<link rel=\"canonical\" href=\"https:\/\/www.alasmedios.com\/index.php\/2025\/07\/12\/fda-aprueba-inyeccion-para-prevenir-el-vih\/\" \/>\r\n<meta property=\"og:locale\" content=\"es_MX\" \/>\r\n<meta property=\"og:type\" content=\"article\" \/>\r\n<meta property=\"og:title\" content=\"FDA aprueba inyecci\u00f3n para prevenir el VIH - Alas Medios\" \/>\r\n<meta property=\"og:description\" content=\"Estados Unidos acaba de dar un paso crucial en la lucha contra el VIH. La Administraci\u00f3n de Alimentos y Medicamentos\" \/>\r\n<meta property=\"og:url\" content=\"https:\/\/www.alasmedios.com\/index.php\/2025\/07\/12\/fda-aprueba-inyeccion-para-prevenir-el-vih\/\" \/>\r\n<meta property=\"og:site_name\" content=\"Alas Medios\" \/>\r\n<meta property=\"article:published_time\" content=\"2025-07-12T14:55:00+00:00\" \/>\r\n<meta property=\"og:image\" content=\"https:\/\/www.alasmedios.com\/wp-content\/uploads\/2025\/07\/FDA-aprueba-inyeccion-para-prevenir-el-VIH.png\" \/>\r\n\t<meta property=\"og:image:width\" content=\"1200\" \/>\r\n\t<meta property=\"og:image:height\" content=\"628\" \/>\r\n\t<meta property=\"og:image:type\" content=\"image\/png\" \/>\r\n<meta name=\"author\" content=\"Keila Rodr\u00edguez Pe\u00f1a\" \/>\r\n<meta name=\"twitter:card\" content=\"summary_large_image\" \/>\r\n<meta name=\"twitter:label1\" content=\"Escrito por\" \/>\n\t<meta name=\"twitter:data1\" content=\"Keila Rodr\u00edguez Pe\u00f1a\" \/>\n\t<meta name=\"twitter:label2\" content=\"Tiempo de lectura\" \/>\n\t<meta name=\"twitter:data2\" content=\"2 minutos\" \/>\r\n<script type=\"application\/ld+json\" class=\"yoast-schema-graph\">{\"@context\":\"https:\\\/\\\/schema.org\",\"@graph\":[{\"@type\":\"Article\",\"@id\":\"https:\\\/\\\/www.alasmedios.com\\\/index.php\\\/2025\\\/07\\\/12\\\/fda-aprueba-inyeccion-para-prevenir-el-vih\\\/#article\",\"isPartOf\":{\"@id\":\"https:\\\/\\\/www.alasmedios.com\\\/index.php\\\/2025\\\/07\\\/12\\\/fda-aprueba-inyeccion-para-prevenir-el-vih\\\/\"},\"author\":{\"name\":\"Keila Rodr\u00edguez Pe\u00f1a\",\"@id\":\"https:\\\/\\\/www.alasmedios.com\\\/#\\\/schema\\\/person\\\/0ba31bdd19a05ebf5c7fef1fedf99c34\"},\"headline\":\"FDA aprueba inyecci\u00f3n para prevenir el VIH\",\"datePublished\":\"2025-07-12T14:55:00+00:00\",\"mainEntityOfPage\":{\"@id\":\"https:\\\/\\\/www.alasmedios.com\\\/index.php\\\/2025\\\/07\\\/12\\\/fda-aprueba-inyeccion-para-prevenir-el-vih\\\/\"},\"wordCount\":421,\"commentCount\":0,\"publisher\":{\"@id\":\"https:\\\/\\\/www.alasmedios.com\\\/#organization\"},\"image\":{\"@id\":\"https:\\\/\\\/www.alasmedios.com\\\/index.php\\\/2025\\\/07\\\/12\\\/fda-aprueba-inyeccion-para-prevenir-el-vih\\\/#primaryimage\"},\"thumbnailUrl\":\"https:\\\/\\\/www.alasmedios.com\\\/wp-content\\\/uploads\\\/2025\\\/07\\\/FDA-aprueba-inyeccion-para-prevenir-el-VIH.png\",\"keywords\":[\"FDA\",\"Salud\",\"vacuna\",\"VIH\"],\"articleSection\":[\"Salud y Sexualidad\"],\"inLanguage\":\"es\",\"potentialAction\":[{\"@type\":\"CommentAction\",\"name\":\"Comment\",\"target\":[\"https:\\\/\\\/www.alasmedios.com\\\/index.php\\\/2025\\\/07\\\/12\\\/fda-aprueba-inyeccion-para-prevenir-el-vih\\\/#respond\"]}]},{\"@type\":\"WebPage\",\"@id\":\"https:\\\/\\\/www.alasmedios.com\\\/index.php\\\/2025\\\/07\\\/12\\\/fda-aprueba-inyeccion-para-prevenir-el-vih\\\/\",\"url\":\"https:\\\/\\\/www.alasmedios.com\\\/index.php\\\/2025\\\/07\\\/12\\\/fda-aprueba-inyeccion-para-prevenir-el-vih\\\/\",\"name\":\"FDA aprueba inyecci\u00f3n para prevenir el VIH - Alas Medios\",\"isPartOf\":{\"@id\":\"https:\\\/\\\/www.alasmedios.com\\\/#website\"},\"primaryImageOfPage\":{\"@id\":\"https:\\\/\\\/www.alasmedios.com\\\/index.php\\\/2025\\\/07\\\/12\\\/fda-aprueba-inyeccion-para-prevenir-el-vih\\\/#primaryimage\"},\"image\":{\"@id\":\"https:\\\/\\\/www.alasmedios.com\\\/index.php\\\/2025\\\/07\\\/12\\\/fda-aprueba-inyeccion-para-prevenir-el-vih\\\/#primaryimage\"},\"thumbnailUrl\":\"https:\\\/\\\/www.alasmedios.com\\\/wp-content\\\/uploads\\\/2025\\\/07\\\/FDA-aprueba-inyeccion-para-prevenir-el-VIH.png\",\"datePublished\":\"2025-07-12T14:55:00+00:00\",\"breadcrumb\":{\"@id\":\"https:\\\/\\\/www.alasmedios.com\\\/index.php\\\/2025\\\/07\\\/12\\\/fda-aprueba-inyeccion-para-prevenir-el-vih\\\/#breadcrumb\"},\"inLanguage\":\"es\",\"potentialAction\":[{\"@type\":\"ReadAction\",\"target\":[\"https:\\\/\\\/www.alasmedios.com\\\/index.php\\\/2025\\\/07\\\/12\\\/fda-aprueba-inyeccion-para-prevenir-el-vih\\\/\"]}]},{\"@type\":\"ImageObject\",\"inLanguage\":\"es\",\"@id\":\"https:\\\/\\\/www.alasmedios.com\\\/index.php\\\/2025\\\/07\\\/12\\\/fda-aprueba-inyeccion-para-prevenir-el-vih\\\/#primaryimage\",\"url\":\"https:\\\/\\\/www.alasmedios.com\\\/wp-content\\\/uploads\\\/2025\\\/07\\\/FDA-aprueba-inyeccion-para-prevenir-el-VIH.png\",\"contentUrl\":\"https:\\\/\\\/www.alasmedios.com\\\/wp-content\\\/uploads\\\/2025\\\/07\\\/FDA-aprueba-inyeccion-para-prevenir-el-VIH.png\",\"width\":1200,\"height\":628},{\"@type\":\"BreadcrumbList\",\"@id\":\"https:\\\/\\\/www.alasmedios.com\\\/index.php\\\/2025\\\/07\\\/12\\\/fda-aprueba-inyeccion-para-prevenir-el-vih\\\/#breadcrumb\",\"itemListElement\":[{\"@type\":\"ListItem\",\"position\":1,\"name\":\"Inicio\",\"item\":\"https:\\\/\\\/www.alasmedios.com\\\/\"},{\"@type\":\"ListItem\",\"position\":2,\"name\":\"FDA aprueba inyecci\u00f3n para prevenir el VIH\"}]},{\"@type\":\"WebSite\",\"@id\":\"https:\\\/\\\/www.alasmedios.com\\\/#website\",\"url\":\"https:\\\/\\\/www.alasmedios.com\\\/\",\"name\":\"Alas Medios\",\"description\":\"Alas para pensar, Alas para volar, Alas de libertad\",\"publisher\":{\"@id\":\"https:\\\/\\\/www.alasmedios.com\\\/#organization\"},\"potentialAction\":[{\"@type\":\"SearchAction\",\"target\":{\"@type\":\"EntryPoint\",\"urlTemplate\":\"https:\\\/\\\/www.alasmedios.com\\\/?s={search_term_string}\"},\"query-input\":{\"@type\":\"PropertyValueSpecification\",\"valueRequired\":true,\"valueName\":\"search_term_string\"}}],\"inLanguage\":\"es\"},{\"@type\":\"Organization\",\"@id\":\"https:\\\/\\\/www.alasmedios.com\\\/#organization\",\"name\":\"Alas Medios\",\"url\":\"https:\\\/\\\/www.alasmedios.com\\\/\",\"logo\":{\"@type\":\"ImageObject\",\"inLanguage\":\"es\",\"@id\":\"https:\\\/\\\/www.alasmedios.com\\\/#\\\/schema\\\/logo\\\/image\\\/\",\"url\":\"https:\\\/\\\/www.alasmedios.com\\\/wp-content\\\/uploads\\\/2026\\\/01\\\/cropped-cropped-GAM-1.png\",\"contentUrl\":\"https:\\\/\\\/www.alasmedios.com\\\/wp-content\\\/uploads\\\/2026\\\/01\\\/cropped-cropped-GAM-1.png\",\"width\":467,\"height\":235,\"caption\":\"Alas Medios\"},\"image\":{\"@id\":\"https:\\\/\\\/www.alasmedios.com\\\/#\\\/schema\\\/logo\\\/image\\\/\"}},{\"@type\":\"Person\",\"@id\":\"https:\\\/\\\/www.alasmedios.com\\\/#\\\/schema\\\/person\\\/0ba31bdd19a05ebf5c7fef1fedf99c34\",\"name\":\"Keila Rodr\u00edguez Pe\u00f1a\",\"image\":{\"@type\":\"ImageObject\",\"inLanguage\":\"es\",\"@id\":\"https:\\\/\\\/secure.gravatar.com\\\/avatar\\\/a2553a2bfaa601b9d539b617c8793e151bdffb60f9e48a249912f86d4c9ebeef?s=96&d=mm&r=g\",\"url\":\"https:\\\/\\\/secure.gravatar.com\\\/avatar\\\/a2553a2bfaa601b9d539b617c8793e151bdffb60f9e48a249912f86d4c9ebeef?s=96&d=mm&r=g\",\"contentUrl\":\"https:\\\/\\\/secure.gravatar.com\\\/avatar\\\/a2553a2bfaa601b9d539b617c8793e151bdffb60f9e48a249912f86d4c9ebeef?s=96&d=mm&r=g\",\"caption\":\"Keila Rodr\u00edguez Pe\u00f1a\"},\"sameAs\":[\"http:\\\/\\\/www.alasmedios.com\"],\"url\":\"https:\\\/\\\/www.alasmedios.com\\\/index.php\\\/author\\\/keila\\\/\"}]}<\/script>\r\n<!-- \/ Yoast SEO plugin. -->","yoast_head_json":{"title":"FDA aprueba inyecci\u00f3n para prevenir el VIH - Alas Medios","robots":{"index":"index","follow":"follow","max-snippet":"max-snippet:-1","max-image-preview":"max-image-preview:large","max-video-preview":"max-video-preview:-1"},"canonical":"https:\/\/www.alasmedios.com\/index.php\/2025\/07\/12\/fda-aprueba-inyeccion-para-prevenir-el-vih\/","og_locale":"es_MX","og_type":"article","og_title":"FDA aprueba inyecci\u00f3n para prevenir el VIH - Alas Medios","og_description":"Estados Unidos acaba de dar un paso crucial en la lucha contra el VIH. La Administraci\u00f3n de Alimentos y Medicamentos","og_url":"https:\/\/www.alasmedios.com\/index.php\/2025\/07\/12\/fda-aprueba-inyeccion-para-prevenir-el-vih\/","og_site_name":"Alas Medios","article_published_time":"2025-07-12T14:55:00+00:00","og_image":[{"width":1200,"height":628,"url":"https:\/\/www.alasmedios.com\/wp-content\/uploads\/2025\/07\/FDA-aprueba-inyeccion-para-prevenir-el-VIH.png","type":"image\/png"}],"author":"Keila Rodr\u00edguez Pe\u00f1a","twitter_card":"summary_large_image","twitter_misc":{"Escrito por":"Keila Rodr\u00edguez Pe\u00f1a","Tiempo de lectura":"2 minutos"},"schema":{"@context":"https:\/\/schema.org","@graph":[{"@type":"Article","@id":"https:\/\/www.alasmedios.com\/index.php\/2025\/07\/12\/fda-aprueba-inyeccion-para-prevenir-el-vih\/#article","isPartOf":{"@id":"https:\/\/www.alasmedios.com\/index.php\/2025\/07\/12\/fda-aprueba-inyeccion-para-prevenir-el-vih\/"},"author":{"name":"Keila Rodr\u00edguez Pe\u00f1a","@id":"https:\/\/www.alasmedios.com\/#\/schema\/person\/0ba31bdd19a05ebf5c7fef1fedf99c34"},"headline":"FDA aprueba inyecci\u00f3n para prevenir el VIH","datePublished":"2025-07-12T14:55:00+00:00","mainEntityOfPage":{"@id":"https:\/\/www.alasmedios.com\/index.php\/2025\/07\/12\/fda-aprueba-inyeccion-para-prevenir-el-vih\/"},"wordCount":421,"commentCount":0,"publisher":{"@id":"https:\/\/www.alasmedios.com\/#organization"},"image":{"@id":"https:\/\/www.alasmedios.com\/index.php\/2025\/07\/12\/fda-aprueba-inyeccion-para-prevenir-el-vih\/#primaryimage"},"thumbnailUrl":"https:\/\/www.alasmedios.com\/wp-content\/uploads\/2025\/07\/FDA-aprueba-inyeccion-para-prevenir-el-VIH.png","keywords":["FDA","Salud","vacuna","VIH"],"articleSection":["Salud y Sexualidad"],"inLanguage":"es","potentialAction":[{"@type":"CommentAction","name":"Comment","target":["https:\/\/www.alasmedios.com\/index.php\/2025\/07\/12\/fda-aprueba-inyeccion-para-prevenir-el-vih\/#respond"]}]},{"@type":"WebPage","@id":"https:\/\/www.alasmedios.com\/index.php\/2025\/07\/12\/fda-aprueba-inyeccion-para-prevenir-el-vih\/","url":"https:\/\/www.alasmedios.com\/index.php\/2025\/07\/12\/fda-aprueba-inyeccion-para-prevenir-el-vih\/","name":"FDA aprueba inyecci\u00f3n para prevenir el VIH - Alas Medios","isPartOf":{"@id":"https:\/\/www.alasmedios.com\/#website"},"primaryImageOfPage":{"@id":"https:\/\/www.alasmedios.com\/index.php\/2025\/07\/12\/fda-aprueba-inyeccion-para-prevenir-el-vih\/#primaryimage"},"image":{"@id":"https:\/\/www.alasmedios.com\/index.php\/2025\/07\/12\/fda-aprueba-inyeccion-para-prevenir-el-vih\/#primaryimage"},"thumbnailUrl":"https:\/\/www.alasmedios.com\/wp-content\/uploads\/2025\/07\/FDA-aprueba-inyeccion-para-prevenir-el-VIH.png","datePublished":"2025-07-12T14:55:00+00:00","breadcrumb":{"@id":"https:\/\/www.alasmedios.com\/index.php\/2025\/07\/12\/fda-aprueba-inyeccion-para-prevenir-el-vih\/#breadcrumb"},"inLanguage":"es","potentialAction":[{"@type":"ReadAction","target":["https:\/\/www.alasmedios.com\/index.php\/2025\/07\/12\/fda-aprueba-inyeccion-para-prevenir-el-vih\/"]}]},{"@type":"ImageObject","inLanguage":"es","@id":"https:\/\/www.alasmedios.com\/index.php\/2025\/07\/12\/fda-aprueba-inyeccion-para-prevenir-el-vih\/#primaryimage","url":"https:\/\/www.alasmedios.com\/wp-content\/uploads\/2025\/07\/FDA-aprueba-inyeccion-para-prevenir-el-VIH.png","contentUrl":"https:\/\/www.alasmedios.com\/wp-content\/uploads\/2025\/07\/FDA-aprueba-inyeccion-para-prevenir-el-VIH.png","width":1200,"height":628},{"@type":"BreadcrumbList","@id":"https:\/\/www.alasmedios.com\/index.php\/2025\/07\/12\/fda-aprueba-inyeccion-para-prevenir-el-vih\/#breadcrumb","itemListElement":[{"@type":"ListItem","position":1,"name":"Inicio","item":"https:\/\/www.alasmedios.com\/"},{"@type":"ListItem","position":2,"name":"FDA aprueba inyecci\u00f3n para prevenir el VIH"}]},{"@type":"WebSite","@id":"https:\/\/www.alasmedios.com\/#website","url":"https:\/\/www.alasmedios.com\/","name":"Alas Medios","description":"Alas para pensar, Alas para volar, Alas de libertad","publisher":{"@id":"https:\/\/www.alasmedios.com\/#organization"},"potentialAction":[{"@type":"SearchAction","target":{"@type":"EntryPoint","urlTemplate":"https:\/\/www.alasmedios.com\/?s={search_term_string}"},"query-input":{"@type":"PropertyValueSpecification","valueRequired":true,"valueName":"search_term_string"}}],"inLanguage":"es"},{"@type":"Organization","@id":"https:\/\/www.alasmedios.com\/#organization","name":"Alas Medios","url":"https:\/\/www.alasmedios.com\/","logo":{"@type":"ImageObject","inLanguage":"es","@id":"https:\/\/www.alasmedios.com\/#\/schema\/logo\/image\/","url":"https:\/\/www.alasmedios.com\/wp-content\/uploads\/2026\/01\/cropped-cropped-GAM-1.png","contentUrl":"https:\/\/www.alasmedios.com\/wp-content\/uploads\/2026\/01\/cropped-cropped-GAM-1.png","width":467,"height":235,"caption":"Alas Medios"},"image":{"@id":"https:\/\/www.alasmedios.com\/#\/schema\/logo\/image\/"}},{"@type":"Person","@id":"https:\/\/www.alasmedios.com\/#\/schema\/person\/0ba31bdd19a05ebf5c7fef1fedf99c34","name":"Keila Rodr\u00edguez Pe\u00f1a","image":{"@type":"ImageObject","inLanguage":"es","@id":"https:\/\/secure.gravatar.com\/avatar\/a2553a2bfaa601b9d539b617c8793e151bdffb60f9e48a249912f86d4c9ebeef?s=96&d=mm&r=g","url":"https:\/\/secure.gravatar.com\/avatar\/a2553a2bfaa601b9d539b617c8793e151bdffb60f9e48a249912f86d4c9ebeef?s=96&d=mm&r=g","contentUrl":"https:\/\/secure.gravatar.com\/avatar\/a2553a2bfaa601b9d539b617c8793e151bdffb60f9e48a249912f86d4c9ebeef?s=96&d=mm&r=g","caption":"Keila Rodr\u00edguez Pe\u00f1a"},"sameAs":["http:\/\/www.alasmedios.com"],"url":"https:\/\/www.alasmedios.com\/index.php\/author\/keila\/"}]}},"_links":{"self":[{"href":"https:\/\/www.alasmedios.com\/index.php\/wp-json\/wp\/v2\/posts\/5441","targetHints":{"allow":["GET"]}}],"collection":[{"href":"https:\/\/www.alasmedios.com\/index.php\/wp-json\/wp\/v2\/posts"}],"about":[{"href":"https:\/\/www.alasmedios.com\/index.php\/wp-json\/wp\/v2\/types\/post"}],"author":[{"embeddable":true,"href":"https:\/\/www.alasmedios.com\/index.php\/wp-json\/wp\/v2\/users\/4"}],"replies":[{"embeddable":true,"href":"https:\/\/www.alasmedios.com\/index.php\/wp-json\/wp\/v2\/comments?post=5441"}],"version-history":[{"count":1,"href":"https:\/\/www.alasmedios.com\/index.php\/wp-json\/wp\/v2\/posts\/5441\/revisions"}],"predecessor-version":[{"id":5443,"href":"https:\/\/www.alasmedios.com\/index.php\/wp-json\/wp\/v2\/posts\/5441\/revisions\/5443"}],"wp:featuredmedia":[{"embeddable":true,"href":"https:\/\/www.alasmedios.com\/index.php\/wp-json\/wp\/v2\/media\/5442"}],"wp:attachment":[{"href":"https:\/\/www.alasmedios.com\/index.php\/wp-json\/wp\/v2\/media?parent=5441"}],"wp:term":[{"taxonomy":"category","embeddable":true,"href":"https:\/\/www.alasmedios.com\/index.php\/wp-json\/wp\/v2\/categories?post=5441"},{"taxonomy":"post_tag","embeddable":true,"href":"https:\/\/www.alasmedios.com\/index.php\/wp-json\/wp\/v2\/tags?post=5441"}],"curies":[{"name":"wp","href":"https:\/\/api.w.org\/{rel}","templated":true}]}}