{"id":5438,"date":"2025-07-11T15:55:00","date_gmt":"2025-07-11T20:55:00","guid":{"rendered":"https:\/\/www.alasmedios.com\/?p=5438"},"modified":"2025-07-11T14:05:16","modified_gmt":"2025-07-11T19:05:16","slug":"mariana-aguilar-brilla-en-el-mundial-de-vela-la-mejor-de-america","status":"publish","type":"post","link":"https:\/\/www.alasmedios.com\/index.php\/2025\/07\/11\/mariana-aguilar-brilla-en-el-mundial-de-vela-la-mejor-de-america\/","title":{"rendered":"Mariana Aguilar brilla en el Mundial de Vela: la mejor de Am\u00e9rica"},"content":{"rendered":"\n<p><strong>Mariana Aguilar Ch\u00e1vez-Pe\u00f3n<\/strong>, seleccionada nacional de vela, cerr\u00f3 con gran desempe\u00f1o su participaci\u00f3n en el <strong>Campeonato Mundial Senior iQFoil 2025<\/strong>, celebrado en <strong>Aarhus, Dinamarca<\/strong>, al consolidarse como <strong>la mejor representante del continente americano<\/strong>.<\/p>\n\n\n\n<p>Con <strong>26 a\u00f1os<\/strong> y tras su debut ol\u00edmpico en <strong>Par\u00eds 2024<\/strong>, la mexicana finaliz\u00f3 en la <strong>posici\u00f3n 13 general<\/strong> de la categor\u00eda femenil, acumulando <strong>81 puntos<\/strong> tras completar <strong>13 regatas<\/strong>. Este resultado la coloca como <strong>novena por pa\u00eds<\/strong>, dado que en los Juegos Ol\u00edmpicos solo puede participar una atleta por naci\u00f3n.<\/p>\n\n\n\n<p>CONTIN\u00daA LEYENDO: <a href=\"https:\/\/www.alasmedios.com\/index.php\/2025\/07\/11\/issste-tres-hospitales-en-hidalgo-ya-garantizan-aborto-legal-y-seguro\/\" data-type=\"post\" data-id=\"5435\">ISSSTE: tres hospitales en Hidalgo ya garantizan aborto legal y seguro<\/a><\/p>\n\n\n\n<p>La justa internacional fue dominada por <strong>Emma Wilson<\/strong> de <strong>Gran Breta\u00f1a<\/strong>, seguida por <strong>Tamar Steinberg<\/strong> de <strong>Israel<\/strong> y <strong>Theresa Steinlein<\/strong> de <strong>Alemania<\/strong>. A pesar de ello, <strong>Aguilar<\/strong> se mantuvo firme en su desempe\u00f1o, refrendando su lugar como <strong>campeona panamericana<\/strong>, t\u00edtulo que obtuvo en <strong>Santiago 2023<\/strong>.<\/p>\n\n\n\n<p>Con este resultado, <strong>Mariana Aguilar<\/strong> reafirma su lugar como <strong>referente de la vela latinoamericana<\/strong> y marca un <strong>inicio s\u00f3lido en el actual ciclo ol\u00edmpico<\/strong>, proyect\u00e1ndose como una de las figuras clave rumbo a los pr\u00f3ximos Juegos de Verano.<\/p>\n\n\n<ul class=\"wp-block-latest-posts__list is-grid columns-3 wp-block-latest-posts\"><li><div class=\"wp-block-latest-posts__featured-image\"><img loading=\"lazy\" decoding=\"async\" width=\"150\" height=\"150\" src=\"https:\/\/www.alasmedios.com\/wp-content\/uploads\/2026\/05\/AMPEP-inteligencia-artificial-150x150.jpg\" class=\"attachment-thumbnail size-thumbnail wp-post-image\" alt=\"\" style=\"\" \/><\/div><a class=\"wp-block-latest-posts__post-title\" href=\"https:\/\/www.alasmedios.com\/index.php\/2026\/05\/01\/periodismo-frente-a-la-ia-ampep-asume-liderazgo-y-apuesta-por-contar-historias-con-alma\/\">Periodismo frente a la IA: AMPEP asume liderazgo y apuesta por contar historias con \u201calma\u201d<\/a><\/li>\n<li><div class=\"wp-block-latest-posts__featured-image\"><img loading=\"lazy\" decoding=\"async\" width=\"150\" height=\"150\" src=\"https:\/\/www.alasmedios.com\/wp-content\/uploads\/2026\/05\/Hidalgo-viene-un-respiro-con-el-frente-frio-48-150x150.png\" class=\"attachment-thumbnail size-thumbnail wp-post-image\" alt=\"\" style=\"\" \/><\/div><a class=\"wp-block-latest-posts__post-title\" href=\"https:\/\/www.alasmedios.com\/index.php\/2026\/05\/01\/frente-frio-48-un-alivio-asi-impactara-en-hidalgo\/\">Frente fr\u00edo 48, un alivio: as\u00ed impactar\u00e1 en Hidalgo<\/a><\/li>\n<li><div class=\"wp-block-latest-posts__featured-image\"><img loading=\"lazy\" decoding=\"async\" width=\"150\" height=\"150\" src=\"https:\/\/www.alasmedios.com\/wp-content\/uploads\/2026\/05\/mujeres-depresion-posparto-150x150.png\" class=\"attachment-thumbnail size-thumbnail wp-post-image\" alt=\"\" style=\"\" \/><\/div><a class=\"wp-block-latest-posts__post-title\" href=\"https:\/\/www.alasmedios.com\/index.php\/2026\/05\/01\/1-de-cada-15-mujeres-sufre-depresion-posparto\/\">1 de cada 15 mujeres sufre depresi\u00f3n posparto<\/a><\/li>\n<\/ul>","protected":false},"excerpt":{"rendered":"<p>Mariana Aguilar Ch\u00e1vez-Pe\u00f3n, seleccionada nacional de vela, cerr\u00f3 con gran desempe\u00f1o su participaci\u00f3n en el Campeonato Mundial Senior iQFoil 2025,<\/p>\n","protected":false},"author":4,"featured_media":5439,"comment_status":"open","ping_status":"open","sticky":false,"template":"","format":"standard","meta":{"colormag_page_container_layout":"default_layout","colormag_page_sidebar_layout":"default_layout","rop_custom_images_group":[],"rop_custom_messages_group":[],"rop_publish_now":"initial","rop_publish_now_accounts":[],"rop_publish_now_history":[],"rop_publish_now_status":"pending","iawp_total_views":0,"footnotes":""},"categories":[45],"tags":[2371,2372,223,1489,2373,2370,1861],"class_list":["post-5438","post","type-post","status-publish","format-standard","has-post-thumbnail","hentry","category-ellas-dicen","tag-aarhus","tag-campeonato-mundial-senior-iqfoil-2025","tag-deportes","tag-dinamarca","tag-iqfoil","tag-mariana-aguilar-chavez-peon","tag-vela"],"magazineBlocksPostFeaturedMedia":{"thumbnail":"https:\/\/www.alasmedios.com\/wp-content\/uploads\/2025\/07\/Mariana-Aguilar-Chavez-Peon-150x150.jpeg","medium":"https:\/\/www.alasmedios.com\/wp-content\/uploads\/2025\/07\/Mariana-Aguilar-Chavez-Peon-300x175.jpeg","medium_large":"https:\/\/www.alasmedios.com\/wp-content\/uploads\/2025\/07\/Mariana-Aguilar-Chavez-Peon.jpeg","large":"https:\/\/www.alasmedios.com\/wp-content\/uploads\/2025\/07\/Mariana-Aguilar-Chavez-Peon.jpeg","1536x1536":"https:\/\/www.alasmedios.com\/wp-content\/uploads\/2025\/07\/Mariana-Aguilar-Chavez-Peon.jpeg","2048x2048":"https:\/\/www.alasmedios.com\/wp-content\/uploads\/2025\/07\/Mariana-Aguilar-Chavez-Peon.jpeg","colormag-highlighted-post":"https:\/\/www.alasmedios.com\/wp-content\/uploads\/2025\/07\/Mariana-Aguilar-Chavez-Peon-392x272.jpeg","colormag-featured-post-medium":"https:\/\/www.alasmedios.com\/wp-content\/uploads\/2025\/07\/Mariana-Aguilar-Chavez-Peon-390x205.jpeg","colormag-featured-post-small":"https:\/\/www.alasmedios.com\/wp-content\/uploads\/2025\/07\/Mariana-Aguilar-Chavez-Peon-130x90.jpeg","colormag-featured-image":"https:\/\/www.alasmedios.com\/wp-content\/uploads\/2025\/07\/Mariana-Aguilar-Chavez-Peon.jpeg","colormag-default-news":"https:\/\/www.alasmedios.com\/wp-content\/uploads\/2025\/07\/Mariana-Aguilar-Chavez-Peon-150x150.jpeg","colormag-featured-image-large":"https:\/\/www.alasmedios.com\/wp-content\/uploads\/2025\/07\/Mariana-Aguilar-Chavez-Peon.jpeg"},"magazineBlocksPostAuthor":{"name":"Keila Rodr\u00edguez Pe\u00f1a","avatar":"https:\/\/secure.gravatar.com\/avatar\/a2553a2bfaa601b9d539b617c8793e151bdffb60f9e48a249912f86d4c9ebeef?s=96&d=mm&r=g"},"magazineBlocksPostCommentsNumber":"0","magazineBlocksPostExcerpt":"Mariana Aguilar Ch\u00e1vez-Pe\u00f3n, seleccionada nacional de vela, cerr\u00f3 con gran desempe\u00f1o su participaci\u00f3n en el Campeonato Mundial Senior iQFoil 2025,","magazineBlocksPostCategories":["Ellas Dicen"],"magazineBlocksPostViewCount":208,"magazineBlocksPostReadTime":1,"magazine_blocks_featured_image_url":{"full":["https:\/\/www.alasmedios.com\/wp-content\/uploads\/2025\/07\/Mariana-Aguilar-Chavez-Peon.jpeg",650,380,false],"medium":["https:\/\/www.alasmedios.com\/wp-content\/uploads\/2025\/07\/Mariana-Aguilar-Chavez-Peon-300x175.jpeg",300,175,true],"thumbnail":["https:\/\/www.alasmedios.com\/wp-content\/uploads\/2025\/07\/Mariana-Aguilar-Chavez-Peon-150x150.jpeg",150,150,true]},"magazine_blocks_author":{"display_name":"Keila Rodr\u00edguez Pe\u00f1a","author_link":"https:\/\/www.alasmedios.com\/index.php\/author\/keila\/"},"magazine_blocks_comment":0,"magazine_blocks_author_image":"https:\/\/secure.gravatar.com\/avatar\/a2553a2bfaa601b9d539b617c8793e151bdffb60f9e48a249912f86d4c9ebeef?s=96&d=mm&r=g","magazine_blocks_category":"<a href=\"#\" class=\"category-link category-link-45\">Ellas Dicen<\/a>","yoast_head":"<!-- This site is optimized with the Yoast SEO plugin v27.5 - https:\/\/yoast.com\/product\/yoast-seo-wordpress\/ -->\r\n<title>Mariana Aguilar brilla en el Mundial de Vela: la mejor de Am\u00e9rica - Alas Medios<\/title>\r\n<meta name=\"robots\" content=\"index, follow, max-snippet:-1, max-image-preview:large, max-video-preview:-1\" \/>\r\n<link rel=\"canonical\" href=\"https:\/\/www.alasmedios.com\/index.php\/2025\/07\/11\/mariana-aguilar-brilla-en-el-mundial-de-vela-la-mejor-de-america\/\" \/>\r\n<meta property=\"og:locale\" content=\"es_MX\" \/>\r\n<meta property=\"og:type\" content=\"article\" \/>\r\n<meta property=\"og:title\" content=\"Mariana Aguilar brilla en el Mundial de Vela: la mejor de Am\u00e9rica - Alas Medios\" \/>\r\n<meta property=\"og:description\" content=\"Mariana Aguilar Ch\u00e1vez-Pe\u00f3n, seleccionada nacional de vela, cerr\u00f3 con gran desempe\u00f1o su participaci\u00f3n en el Campeonato Mundial Senior iQFoil 2025,\" \/>\r\n<meta property=\"og:url\" content=\"https:\/\/www.alasmedios.com\/index.php\/2025\/07\/11\/mariana-aguilar-brilla-en-el-mundial-de-vela-la-mejor-de-america\/\" \/>\r\n<meta property=\"og:site_name\" content=\"Alas Medios\" \/>\r\n<meta property=\"article:published_time\" content=\"2025-07-11T20:55:00+00:00\" \/>\r\n<meta property=\"og:image\" content=\"https:\/\/www.alasmedios.com\/wp-content\/uploads\/2025\/07\/Mariana-Aguilar-Chavez-Peon.jpeg\" \/>\r\n\t<meta property=\"og:image:width\" content=\"650\" \/>\r\n\t<meta property=\"og:image:height\" content=\"380\" \/>\r\n\t<meta property=\"og:image:type\" content=\"image\/jpeg\" \/>\r\n<meta name=\"author\" content=\"Keila Rodr\u00edguez Pe\u00f1a\" \/>\r\n<meta name=\"twitter:card\" content=\"summary_large_image\" \/>\r\n<meta name=\"twitter:label1\" content=\"Escrito por\" \/>\n\t<meta name=\"twitter:data1\" content=\"Keila Rodr\u00edguez Pe\u00f1a\" \/>\n\t<meta name=\"twitter:label2\" content=\"Tiempo de lectura\" \/>\n\t<meta name=\"twitter:data2\" content=\"1 minuto\" \/>\r\n<script type=\"application\/ld+json\" class=\"yoast-schema-graph\">{\"@context\":\"https:\\\/\\\/schema.org\",\"@graph\":[{\"@type\":\"Article\",\"@id\":\"https:\\\/\\\/www.alasmedios.com\\\/index.php\\\/2025\\\/07\\\/11\\\/mariana-aguilar-brilla-en-el-mundial-de-vela-la-mejor-de-america\\\/#article\",\"isPartOf\":{\"@id\":\"https:\\\/\\\/www.alasmedios.com\\\/index.php\\\/2025\\\/07\\\/11\\\/mariana-aguilar-brilla-en-el-mundial-de-vela-la-mejor-de-america\\\/\"},\"author\":{\"name\":\"Keila Rodr\u00edguez Pe\u00f1a\",\"@id\":\"https:\\\/\\\/www.alasmedios.com\\\/#\\\/schema\\\/person\\\/0ba31bdd19a05ebf5c7fef1fedf99c34\"},\"headline\":\"Mariana Aguilar brilla en el Mundial de Vela: la mejor de Am\u00e9rica\",\"datePublished\":\"2025-07-11T20:55:00+00:00\",\"mainEntityOfPage\":{\"@id\":\"https:\\\/\\\/www.alasmedios.com\\\/index.php\\\/2025\\\/07\\\/11\\\/mariana-aguilar-brilla-en-el-mundial-de-vela-la-mejor-de-america\\\/\"},\"wordCount\":206,\"commentCount\":0,\"publisher\":{\"@id\":\"https:\\\/\\\/www.alasmedios.com\\\/#organization\"},\"image\":{\"@id\":\"https:\\\/\\\/www.alasmedios.com\\\/index.php\\\/2025\\\/07\\\/11\\\/mariana-aguilar-brilla-en-el-mundial-de-vela-la-mejor-de-america\\\/#primaryimage\"},\"thumbnailUrl\":\"https:\\\/\\\/www.alasmedios.com\\\/wp-content\\\/uploads\\\/2025\\\/07\\\/Mariana-Aguilar-Chavez-Peon.jpeg\",\"keywords\":[\"Aarhus\",\"Campeonato Mundial Senior iQFoil 2025\",\"deportes\",\"Dinamarca\",\"iQFoil\",\"Mariana Aguilar Ch\u00e1vez-Pe\u00f3n\",\"vela\"],\"articleSection\":[\"Ellas Dicen\"],\"inLanguage\":\"es\",\"potentialAction\":[{\"@type\":\"CommentAction\",\"name\":\"Comment\",\"target\":[\"https:\\\/\\\/www.alasmedios.com\\\/index.php\\\/2025\\\/07\\\/11\\\/mariana-aguilar-brilla-en-el-mundial-de-vela-la-mejor-de-america\\\/#respond\"]}]},{\"@type\":\"WebPage\",\"@id\":\"https:\\\/\\\/www.alasmedios.com\\\/index.php\\\/2025\\\/07\\\/11\\\/mariana-aguilar-brilla-en-el-mundial-de-vela-la-mejor-de-america\\\/\",\"url\":\"https:\\\/\\\/www.alasmedios.com\\\/index.php\\\/2025\\\/07\\\/11\\\/mariana-aguilar-brilla-en-el-mundial-de-vela-la-mejor-de-america\\\/\",\"name\":\"Mariana Aguilar brilla en el Mundial de Vela: la mejor de Am\u00e9rica - Alas Medios\",\"isPartOf\":{\"@id\":\"https:\\\/\\\/www.alasmedios.com\\\/#website\"},\"primaryImageOfPage\":{\"@id\":\"https:\\\/\\\/www.alasmedios.com\\\/index.php\\\/2025\\\/07\\\/11\\\/mariana-aguilar-brilla-en-el-mundial-de-vela-la-mejor-de-america\\\/#primaryimage\"},\"image\":{\"@id\":\"https:\\\/\\\/www.alasmedios.com\\\/index.php\\\/2025\\\/07\\\/11\\\/mariana-aguilar-brilla-en-el-mundial-de-vela-la-mejor-de-america\\\/#primaryimage\"},\"thumbnailUrl\":\"https:\\\/\\\/www.alasmedios.com\\\/wp-content\\\/uploads\\\/2025\\\/07\\\/Mariana-Aguilar-Chavez-Peon.jpeg\",\"datePublished\":\"2025-07-11T20:55:00+00:00\",\"breadcrumb\":{\"@id\":\"https:\\\/\\\/www.alasmedios.com\\\/index.php\\\/2025\\\/07\\\/11\\\/mariana-aguilar-brilla-en-el-mundial-de-vela-la-mejor-de-america\\\/#breadcrumb\"},\"inLanguage\":\"es\",\"potentialAction\":[{\"@type\":\"ReadAction\",\"target\":[\"https:\\\/\\\/www.alasmedios.com\\\/index.php\\\/2025\\\/07\\\/11\\\/mariana-aguilar-brilla-en-el-mundial-de-vela-la-mejor-de-america\\\/\"]}]},{\"@type\":\"ImageObject\",\"inLanguage\":\"es\",\"@id\":\"https:\\\/\\\/www.alasmedios.com\\\/index.php\\\/2025\\\/07\\\/11\\\/mariana-aguilar-brilla-en-el-mundial-de-vela-la-mejor-de-america\\\/#primaryimage\",\"url\":\"https:\\\/\\\/www.alasmedios.com\\\/wp-content\\\/uploads\\\/2025\\\/07\\\/Mariana-Aguilar-Chavez-Peon.jpeg\",\"contentUrl\":\"https:\\\/\\\/www.alasmedios.com\\\/wp-content\\\/uploads\\\/2025\\\/07\\\/Mariana-Aguilar-Chavez-Peon.jpeg\",\"width\":650,\"height\":380},{\"@type\":\"BreadcrumbList\",\"@id\":\"https:\\\/\\\/www.alasmedios.com\\\/index.php\\\/2025\\\/07\\\/11\\\/mariana-aguilar-brilla-en-el-mundial-de-vela-la-mejor-de-america\\\/#breadcrumb\",\"itemListElement\":[{\"@type\":\"ListItem\",\"position\":1,\"name\":\"Inicio\",\"item\":\"https:\\\/\\\/www.alasmedios.com\\\/\"},{\"@type\":\"ListItem\",\"position\":2,\"name\":\"Mariana Aguilar brilla en el Mundial de Vela: la mejor de Am\u00e9rica\"}]},{\"@type\":\"WebSite\",\"@id\":\"https:\\\/\\\/www.alasmedios.com\\\/#website\",\"url\":\"https:\\\/\\\/www.alasmedios.com\\\/\",\"name\":\"Alas Medios\",\"description\":\"Alas para pensar, Alas para volar, Alas de libertad\",\"publisher\":{\"@id\":\"https:\\\/\\\/www.alasmedios.com\\\/#organization\"},\"potentialAction\":[{\"@type\":\"SearchAction\",\"target\":{\"@type\":\"EntryPoint\",\"urlTemplate\":\"https:\\\/\\\/www.alasmedios.com\\\/?s={search_term_string}\"},\"query-input\":{\"@type\":\"PropertyValueSpecification\",\"valueRequired\":true,\"valueName\":\"search_term_string\"}}],\"inLanguage\":\"es\"},{\"@type\":\"Organization\",\"@id\":\"https:\\\/\\\/www.alasmedios.com\\\/#organization\",\"name\":\"Alas Medios\",\"url\":\"https:\\\/\\\/www.alasmedios.com\\\/\",\"logo\":{\"@type\":\"ImageObject\",\"inLanguage\":\"es\",\"@id\":\"https:\\\/\\\/www.alasmedios.com\\\/#\\\/schema\\\/logo\\\/image\\\/\",\"url\":\"https:\\\/\\\/www.alasmedios.com\\\/wp-content\\\/uploads\\\/2026\\\/01\\\/cropped-cropped-GAM-1.png\",\"contentUrl\":\"https:\\\/\\\/www.alasmedios.com\\\/wp-content\\\/uploads\\\/2026\\\/01\\\/cropped-cropped-GAM-1.png\",\"width\":467,\"height\":235,\"caption\":\"Alas Medios\"},\"image\":{\"@id\":\"https:\\\/\\\/www.alasmedios.com\\\/#\\\/schema\\\/logo\\\/image\\\/\"}},{\"@type\":\"Person\",\"@id\":\"https:\\\/\\\/www.alasmedios.com\\\/#\\\/schema\\\/person\\\/0ba31bdd19a05ebf5c7fef1fedf99c34\",\"name\":\"Keila Rodr\u00edguez Pe\u00f1a\",\"image\":{\"@type\":\"ImageObject\",\"inLanguage\":\"es\",\"@id\":\"https:\\\/\\\/secure.gravatar.com\\\/avatar\\\/a2553a2bfaa601b9d539b617c8793e151bdffb60f9e48a249912f86d4c9ebeef?s=96&d=mm&r=g\",\"url\":\"https:\\\/\\\/secure.gravatar.com\\\/avatar\\\/a2553a2bfaa601b9d539b617c8793e151bdffb60f9e48a249912f86d4c9ebeef?s=96&d=mm&r=g\",\"contentUrl\":\"https:\\\/\\\/secure.gravatar.com\\\/avatar\\\/a2553a2bfaa601b9d539b617c8793e151bdffb60f9e48a249912f86d4c9ebeef?s=96&d=mm&r=g\",\"caption\":\"Keila Rodr\u00edguez Pe\u00f1a\"},\"sameAs\":[\"http:\\\/\\\/www.alasmedios.com\"],\"url\":\"https:\\\/\\\/www.alasmedios.com\\\/index.php\\\/author\\\/keila\\\/\"}]}<\/script>\r\n<!-- \/ Yoast SEO plugin. -->","yoast_head_json":{"title":"Mariana Aguilar brilla en el Mundial de Vela: la mejor de Am\u00e9rica - Alas Medios","robots":{"index":"index","follow":"follow","max-snippet":"max-snippet:-1","max-image-preview":"max-image-preview:large","max-video-preview":"max-video-preview:-1"},"canonical":"https:\/\/www.alasmedios.com\/index.php\/2025\/07\/11\/mariana-aguilar-brilla-en-el-mundial-de-vela-la-mejor-de-america\/","og_locale":"es_MX","og_type":"article","og_title":"Mariana Aguilar brilla en el Mundial de Vela: la mejor de Am\u00e9rica - Alas Medios","og_description":"Mariana Aguilar Ch\u00e1vez-Pe\u00f3n, seleccionada nacional de vela, cerr\u00f3 con gran desempe\u00f1o su participaci\u00f3n en el Campeonato Mundial Senior iQFoil 2025,","og_url":"https:\/\/www.alasmedios.com\/index.php\/2025\/07\/11\/mariana-aguilar-brilla-en-el-mundial-de-vela-la-mejor-de-america\/","og_site_name":"Alas Medios","article_published_time":"2025-07-11T20:55:00+00:00","og_image":[{"width":650,"height":380,"url":"https:\/\/www.alasmedios.com\/wp-content\/uploads\/2025\/07\/Mariana-Aguilar-Chavez-Peon.jpeg","type":"image\/jpeg"}],"author":"Keila Rodr\u00edguez Pe\u00f1a","twitter_card":"summary_large_image","twitter_misc":{"Escrito por":"Keila Rodr\u00edguez Pe\u00f1a","Tiempo de lectura":"1 minuto"},"schema":{"@context":"https:\/\/schema.org","@graph":[{"@type":"Article","@id":"https:\/\/www.alasmedios.com\/index.php\/2025\/07\/11\/mariana-aguilar-brilla-en-el-mundial-de-vela-la-mejor-de-america\/#article","isPartOf":{"@id":"https:\/\/www.alasmedios.com\/index.php\/2025\/07\/11\/mariana-aguilar-brilla-en-el-mundial-de-vela-la-mejor-de-america\/"},"author":{"name":"Keila Rodr\u00edguez Pe\u00f1a","@id":"https:\/\/www.alasmedios.com\/#\/schema\/person\/0ba31bdd19a05ebf5c7fef1fedf99c34"},"headline":"Mariana Aguilar brilla en el Mundial de Vela: la mejor de Am\u00e9rica","datePublished":"2025-07-11T20:55:00+00:00","mainEntityOfPage":{"@id":"https:\/\/www.alasmedios.com\/index.php\/2025\/07\/11\/mariana-aguilar-brilla-en-el-mundial-de-vela-la-mejor-de-america\/"},"wordCount":206,"commentCount":0,"publisher":{"@id":"https:\/\/www.alasmedios.com\/#organization"},"image":{"@id":"https:\/\/www.alasmedios.com\/index.php\/2025\/07\/11\/mariana-aguilar-brilla-en-el-mundial-de-vela-la-mejor-de-america\/#primaryimage"},"thumbnailUrl":"https:\/\/www.alasmedios.com\/wp-content\/uploads\/2025\/07\/Mariana-Aguilar-Chavez-Peon.jpeg","keywords":["Aarhus","Campeonato Mundial Senior iQFoil 2025","deportes","Dinamarca","iQFoil","Mariana Aguilar Ch\u00e1vez-Pe\u00f3n","vela"],"articleSection":["Ellas Dicen"],"inLanguage":"es","potentialAction":[{"@type":"CommentAction","name":"Comment","target":["https:\/\/www.alasmedios.com\/index.php\/2025\/07\/11\/mariana-aguilar-brilla-en-el-mundial-de-vela-la-mejor-de-america\/#respond"]}]},{"@type":"WebPage","@id":"https:\/\/www.alasmedios.com\/index.php\/2025\/07\/11\/mariana-aguilar-brilla-en-el-mundial-de-vela-la-mejor-de-america\/","url":"https:\/\/www.alasmedios.com\/index.php\/2025\/07\/11\/mariana-aguilar-brilla-en-el-mundial-de-vela-la-mejor-de-america\/","name":"Mariana Aguilar brilla en el Mundial de Vela: la mejor de Am\u00e9rica - Alas Medios","isPartOf":{"@id":"https:\/\/www.alasmedios.com\/#website"},"primaryImageOfPage":{"@id":"https:\/\/www.alasmedios.com\/index.php\/2025\/07\/11\/mariana-aguilar-brilla-en-el-mundial-de-vela-la-mejor-de-america\/#primaryimage"},"image":{"@id":"https:\/\/www.alasmedios.com\/index.php\/2025\/07\/11\/mariana-aguilar-brilla-en-el-mundial-de-vela-la-mejor-de-america\/#primaryimage"},"thumbnailUrl":"https:\/\/www.alasmedios.com\/wp-content\/uploads\/2025\/07\/Mariana-Aguilar-Chavez-Peon.jpeg","datePublished":"2025-07-11T20:55:00+00:00","breadcrumb":{"@id":"https:\/\/www.alasmedios.com\/index.php\/2025\/07\/11\/mariana-aguilar-brilla-en-el-mundial-de-vela-la-mejor-de-america\/#breadcrumb"},"inLanguage":"es","potentialAction":[{"@type":"ReadAction","target":["https:\/\/www.alasmedios.com\/index.php\/2025\/07\/11\/mariana-aguilar-brilla-en-el-mundial-de-vela-la-mejor-de-america\/"]}]},{"@type":"ImageObject","inLanguage":"es","@id":"https:\/\/www.alasmedios.com\/index.php\/2025\/07\/11\/mariana-aguilar-brilla-en-el-mundial-de-vela-la-mejor-de-america\/#primaryimage","url":"https:\/\/www.alasmedios.com\/wp-content\/uploads\/2025\/07\/Mariana-Aguilar-Chavez-Peon.jpeg","contentUrl":"https:\/\/www.alasmedios.com\/wp-content\/uploads\/2025\/07\/Mariana-Aguilar-Chavez-Peon.jpeg","width":650,"height":380},{"@type":"BreadcrumbList","@id":"https:\/\/www.alasmedios.com\/index.php\/2025\/07\/11\/mariana-aguilar-brilla-en-el-mundial-de-vela-la-mejor-de-america\/#breadcrumb","itemListElement":[{"@type":"ListItem","position":1,"name":"Inicio","item":"https:\/\/www.alasmedios.com\/"},{"@type":"ListItem","position":2,"name":"Mariana Aguilar brilla en el Mundial de Vela: la mejor de Am\u00e9rica"}]},{"@type":"WebSite","@id":"https:\/\/www.alasmedios.com\/#website","url":"https:\/\/www.alasmedios.com\/","name":"Alas Medios","description":"Alas para pensar, Alas para volar, Alas de libertad","publisher":{"@id":"https:\/\/www.alasmedios.com\/#organization"},"potentialAction":[{"@type":"SearchAction","target":{"@type":"EntryPoint","urlTemplate":"https:\/\/www.alasmedios.com\/?s={search_term_string}"},"query-input":{"@type":"PropertyValueSpecification","valueRequired":true,"valueName":"search_term_string"}}],"inLanguage":"es"},{"@type":"Organization","@id":"https:\/\/www.alasmedios.com\/#organization","name":"Alas Medios","url":"https:\/\/www.alasmedios.com\/","logo":{"@type":"ImageObject","inLanguage":"es","@id":"https:\/\/www.alasmedios.com\/#\/schema\/logo\/image\/","url":"https:\/\/www.alasmedios.com\/wp-content\/uploads\/2026\/01\/cropped-cropped-GAM-1.png","contentUrl":"https:\/\/www.alasmedios.com\/wp-content\/uploads\/2026\/01\/cropped-cropped-GAM-1.png","width":467,"height":235,"caption":"Alas Medios"},"image":{"@id":"https:\/\/www.alasmedios.com\/#\/schema\/logo\/image\/"}},{"@type":"Person","@id":"https:\/\/www.alasmedios.com\/#\/schema\/person\/0ba31bdd19a05ebf5c7fef1fedf99c34","name":"Keila Rodr\u00edguez Pe\u00f1a","image":{"@type":"ImageObject","inLanguage":"es","@id":"https:\/\/secure.gravatar.com\/avatar\/a2553a2bfaa601b9d539b617c8793e151bdffb60f9e48a249912f86d4c9ebeef?s=96&d=mm&r=g","url":"https:\/\/secure.gravatar.com\/avatar\/a2553a2bfaa601b9d539b617c8793e151bdffb60f9e48a249912f86d4c9ebeef?s=96&d=mm&r=g","contentUrl":"https:\/\/secure.gravatar.com\/avatar\/a2553a2bfaa601b9d539b617c8793e151bdffb60f9e48a249912f86d4c9ebeef?s=96&d=mm&r=g","caption":"Keila Rodr\u00edguez Pe\u00f1a"},"sameAs":["http:\/\/www.alasmedios.com"],"url":"https:\/\/www.alasmedios.com\/index.php\/author\/keila\/"}]}},"_links":{"self":[{"href":"https:\/\/www.alasmedios.com\/index.php\/wp-json\/wp\/v2\/posts\/5438","targetHints":{"allow":["GET"]}}],"collection":[{"href":"https:\/\/www.alasmedios.com\/index.php\/wp-json\/wp\/v2\/posts"}],"about":[{"href":"https:\/\/www.alasmedios.com\/index.php\/wp-json\/wp\/v2\/types\/post"}],"author":[{"embeddable":true,"href":"https:\/\/www.alasmedios.com\/index.php\/wp-json\/wp\/v2\/users\/4"}],"replies":[{"embeddable":true,"href":"https:\/\/www.alasmedios.com\/index.php\/wp-json\/wp\/v2\/comments?post=5438"}],"version-history":[{"count":1,"href":"https:\/\/www.alasmedios.com\/index.php\/wp-json\/wp\/v2\/posts\/5438\/revisions"}],"predecessor-version":[{"id":5440,"href":"https:\/\/www.alasmedios.com\/index.php\/wp-json\/wp\/v2\/posts\/5438\/revisions\/5440"}],"wp:featuredmedia":[{"embeddable":true,"href":"https:\/\/www.alasmedios.com\/index.php\/wp-json\/wp\/v2\/media\/5439"}],"wp:attachment":[{"href":"https:\/\/www.alasmedios.com\/index.php\/wp-json\/wp\/v2\/media?parent=5438"}],"wp:term":[{"taxonomy":"category","embeddable":true,"href":"https:\/\/www.alasmedios.com\/index.php\/wp-json\/wp\/v2\/categories?post=5438"},{"taxonomy":"post_tag","embeddable":true,"href":"https:\/\/www.alasmedios.com\/index.php\/wp-json\/wp\/v2\/tags?post=5438"}],"curies":[{"name":"wp","href":"https:\/\/api.w.org\/{rel}","templated":true}]}}