{"id":5332,"date":"2025-07-03T18:55:00","date_gmt":"2025-07-03T23:55:00","guid":{"rendered":"https:\/\/www.alasmedios.com\/?p=5332"},"modified":"2025-07-03T16:28:22","modified_gmt":"2025-07-03T21:28:22","slug":"mexico-avanza-a-cuartos-de-final-en-la-americup-femenil-2025-y-se-enfrentara-a-brasil","status":"publish","type":"post","link":"https:\/\/www.alasmedios.com\/index.php\/2025\/07\/03\/mexico-avanza-a-cuartos-de-final-en-la-americup-femenil-2025-y-se-enfrentara-a-brasil\/","title":{"rendered":"M\u00e9xico avanza a Cuartos de Final en la AmeriCup Femenil 2025 y se enfrentar\u00e1 a Brasil"},"content":{"rendered":"\n<p>La <strong>selecci\u00f3n nacional de basquetbol femenil de M\u00e9xico<\/strong> logr\u00f3 su pase a los <strong>Cuartos de Final<\/strong> de la <strong>AmeriCup Femenil 2025<\/strong>, tras cerrar la <strong>Fase de Grupos<\/strong> en el <strong>cuarto lugar del Grupo B<\/strong>, y se medir\u00e1 ante <strong>Brasil<\/strong>, equipo <strong>l\u00edder e invicto del Grupo A<\/strong>, por un lugar en las <strong>Semifinales<\/strong>.<\/p>\n\n\n\n<p>El conjunto dirigido por la entrenadora <strong>Desralee Abeyta<\/strong> finaliz\u00f3 la primera etapa del torneo con un saldo de <strong>una victoria<\/strong>, ante <strong>Chile<\/strong>, y <strong>tres derrotas<\/strong>, frente a <strong>Colombia<\/strong>, <strong>Puerto Rico<\/strong> y <strong>Estados Unidos<\/strong>, este \u00faltimo con marcador de <strong>104-48<\/strong>, en el encuentro disputado en <strong>Santiago de Chile<\/strong>, sede oficial del torneo que concluye el pr\u00f3ximo <strong>domingo 6 de julio<\/strong>.<\/p>\n\n\n\n<p>Con <strong>cinco puntos<\/strong>, <strong>M\u00e9xico<\/strong> se coloc\u00f3 en la cuarta posici\u00f3n de su grupo y avanz\u00f3 a la siguiente ronda, donde enfrentar\u00e1 este <strong>viernes 4 de julio<\/strong>, a las <strong>15:40 horas<\/strong> (tiempo del centro de M\u00e9xico), a una de las potencias del continente: <strong>Brasil<\/strong>.<\/p>\n\n\n\n<p>CONTIN\u00daA LEYENDO: <a href=\"https:\/\/www.alasmedios.com\/index.php\/2025\/07\/02\/maya-becerra-reina-del-arco-compuesto\/\" data-type=\"post\" data-id=\"5315\">Maya Becerra reina del arco compuesto<\/a><\/p>\n\n\n\n<p>En otros cruces de los <strong>Cuartos de Final<\/strong>, se jugar\u00e1n los duelos:<\/p>\n\n\n\n<ul class=\"wp-block-list\">\n<li><strong>Estados Unidos vs Rep\u00fablica Dominicana<\/strong><\/li>\n\n\n\n<li><strong>Canad\u00e1 vs Colombia<\/strong><\/li>\n\n\n\n<li><strong>Puerto Rico vs Argentina<\/strong><\/li>\n<\/ul>\n\n\n\n<p>Mientras tanto, <strong>El Salvador<\/strong> y <strong>Chile<\/strong> se despidieron del certamen al quedar en la \u00faltima posici\u00f3n de sus respectivos sectores.<\/p>\n\n\n\n<figure class=\"wp-block-gallery has-nested-images columns-default is-cropped wp-block-gallery-1 is-layout-flex wp-block-gallery-is-layout-flex\">\n<figure class=\"wp-block-image size-large\"><img loading=\"lazy\" decoding=\"async\" width=\"1024\" height=\"819\" data-id=\"5334\" src=\"https:\/\/www.alasmedios.com\/wp-content\/uploads\/2025\/07\/Mexico-AmeriCup-Femenil-1024x819.jpeg\" alt=\"\" class=\"wp-image-5334\" srcset=\"https:\/\/www.alasmedios.com\/wp-content\/uploads\/2025\/07\/Mexico-AmeriCup-Femenil-1024x819.jpeg 1024w, https:\/\/www.alasmedios.com\/wp-content\/uploads\/2025\/07\/Mexico-AmeriCup-Femenil-300x240.jpeg 300w, https:\/\/www.alasmedios.com\/wp-content\/uploads\/2025\/07\/Mexico-AmeriCup-Femenil-768x614.jpeg 768w, https:\/\/www.alasmedios.com\/wp-content\/uploads\/2025\/07\/Mexico-AmeriCup-Femenil.jpeg 1200w\" sizes=\"auto, (max-width: 1024px) 100vw, 1024px\" \/><\/figure>\n\n\n\n<figure class=\"wp-block-image size-large\"><img loading=\"lazy\" decoding=\"async\" width=\"1024\" height=\"819\" data-id=\"5335\" src=\"https:\/\/www.alasmedios.com\/wp-content\/uploads\/2025\/07\/AmeriCup-Femenil-Mexico-1024x819.jpeg\" alt=\"\" class=\"wp-image-5335\" srcset=\"https:\/\/www.alasmedios.com\/wp-content\/uploads\/2025\/07\/AmeriCup-Femenil-Mexico-1024x819.jpeg 1024w, https:\/\/www.alasmedios.com\/wp-content\/uploads\/2025\/07\/AmeriCup-Femenil-Mexico-300x240.jpeg 300w, https:\/\/www.alasmedios.com\/wp-content\/uploads\/2025\/07\/AmeriCup-Femenil-Mexico-768x614.jpeg 768w, https:\/\/www.alasmedios.com\/wp-content\/uploads\/2025\/07\/AmeriCup-Femenil-Mexico.jpeg 1200w\" sizes=\"auto, (max-width: 1024px) 100vw, 1024px\" \/><\/figure>\n<\/figure>\n\n\n\n<p>Las <strong>ocho selecciones clasificadas<\/strong> buscar\u00e1n su pase a las <strong>Semifinales<\/strong>, lo que tambi\u00e9n representa <strong>asegurar un lugar en los torneos clasificatorios a la Copa del Mundo Femenil<\/strong> del pr\u00f3ximo a\u00f1o.<\/p>\n\n\n\n<p>La participaci\u00f3n de <strong>M\u00e9xico<\/strong> en la <strong>AmeriCup Femenil 2025<\/strong> marca un paso importante en el desarrollo del <strong>basquetbol femenil nacional<\/strong>, en una contienda que re\u00fane a las mejores selecciones del continente.<\/p>\n\n\n<ul class=\"wp-block-latest-posts__list is-grid columns-3 wp-block-latest-posts\"><li><div class=\"wp-block-latest-posts__featured-image\"><img loading=\"lazy\" decoding=\"async\" width=\"150\" height=\"150\" src=\"https:\/\/www.alasmedios.com\/wp-content\/uploads\/2026\/04\/Argentina-decomisan-bienes-Cristina-Kirchner-150x150.png\" class=\"attachment-thumbnail size-thumbnail wp-post-image\" alt=\"\" style=\"\" \/><\/div><a class=\"wp-block-latest-posts__post-title\" href=\"https:\/\/www.alasmedios.com\/index.php\/2026\/04\/25\/caso-vialidad-argentina-ratifica-decomiso-millonario-a-cristina-kirchner\/\">Caso Vialidad: Argentina ratifica decomiso millonario a Cristina Kirchner<\/a><\/li>\n<li><div class=\"wp-block-latest-posts__featured-image\"><img loading=\"lazy\" decoding=\"async\" width=\"150\" height=\"150\" src=\"https:\/\/www.alasmedios.com\/wp-content\/uploads\/2026\/04\/Puebla-desaparecida-Aguascalientes-150x150.jpeg\" class=\"attachment-thumbnail size-thumbnail wp-post-image\" alt=\"\" style=\"\" \/><\/div><a class=\"wp-block-latest-posts__post-title\" href=\"https:\/\/www.alasmedios.com\/index.php\/2026\/04\/25\/localizan-con-vida-en-aguascalientes-a-adolescente-desaparecida-en-puebla\/\">Localizan con vida en Aguascalientes a adolescente desaparecida en Puebla<\/a><\/li>\n<li><div class=\"wp-block-latest-posts__featured-image\"><img loading=\"lazy\" decoding=\"async\" width=\"150\" height=\"150\" src=\"https:\/\/www.alasmedios.com\/wp-content\/uploads\/2026\/04\/podio-de-la-Copa-del-Mundo-de-Ciclismo-150x150.jpg\" class=\"attachment-thumbnail size-thumbnail wp-post-image\" alt=\"\" style=\"\" \/><\/div><a class=\"wp-block-latest-posts__post-title\" href=\"https:\/\/www.alasmedios.com\/index.php\/2026\/04\/25\/mexico-arranca-con-doble-podio-en-la-copa-del-mundo-de-pista-en-malasia\/\">M\u00e9xico arranca con doble podio en la Copa del Mundo de Pista en Malasia<\/a><\/li>\n<\/ul>","protected":false},"excerpt":{"rendered":"<p>La selecci\u00f3n nacional de basquetbol femenil de M\u00e9xico logr\u00f3 su pase a los Cuartos de Final de la AmeriCup Femenil<\/p>\n","protected":false},"author":4,"featured_media":5333,"comment_status":"open","ping_status":"open","sticky":false,"template":"","format":"standard","meta":{"colormag_page_container_layout":"default_layout","colormag_page_sidebar_layout":"default_layout","rop_custom_images_group":[],"rop_custom_messages_group":[],"rop_publish_now":"initial","rop_publish_now_accounts":[],"rop_publish_now_history":[],"rop_publish_now_status":"pending","iawp_total_views":0,"footnotes":""},"categories":[45],"tags":[2270,1569,726,2305,223,166],"class_list":["post-5332","post","type-post","status-publish","format-standard","has-post-thumbnail","hentry","category-ellas-dicen","tag-americup-femenil-2025","tag-basquetbol","tag-brasil","tag-cuartos-de-final","tag-deportes","tag-mexico"],"magazineBlocksPostFeaturedMedia":{"thumbnail":"https:\/\/www.alasmedios.com\/wp-content\/uploads\/2025\/07\/AmeriCup-Femenil-150x150.jpeg","medium":"https:\/\/www.alasmedios.com\/wp-content\/uploads\/2025\/07\/AmeriCup-Femenil-300x175.jpeg","medium_large":"https:\/\/www.alasmedios.com\/wp-content\/uploads\/2025\/07\/AmeriCup-Femenil.jpeg","large":"https:\/\/www.alasmedios.com\/wp-content\/uploads\/2025\/07\/AmeriCup-Femenil.jpeg","1536x1536":"https:\/\/www.alasmedios.com\/wp-content\/uploads\/2025\/07\/AmeriCup-Femenil.jpeg","2048x2048":"https:\/\/www.alasmedios.com\/wp-content\/uploads\/2025\/07\/AmeriCup-Femenil.jpeg","colormag-highlighted-post":"https:\/\/www.alasmedios.com\/wp-content\/uploads\/2025\/07\/AmeriCup-Femenil-392x272.jpeg","colormag-featured-post-medium":"https:\/\/www.alasmedios.com\/wp-content\/uploads\/2025\/07\/AmeriCup-Femenil-390x205.jpeg","colormag-featured-post-small":"https:\/\/www.alasmedios.com\/wp-content\/uploads\/2025\/07\/AmeriCup-Femenil-130x90.jpeg","colormag-featured-image":"https:\/\/www.alasmedios.com\/wp-content\/uploads\/2025\/07\/AmeriCup-Femenil.jpeg","colormag-default-news":"https:\/\/www.alasmedios.com\/wp-content\/uploads\/2025\/07\/AmeriCup-Femenil-150x150.jpeg","colormag-featured-image-large":"https:\/\/www.alasmedios.com\/wp-content\/uploads\/2025\/07\/AmeriCup-Femenil.jpeg"},"magazineBlocksPostAuthor":{"name":"Keila Rodr\u00edguez Pe\u00f1a","avatar":"https:\/\/secure.gravatar.com\/avatar\/a2553a2bfaa601b9d539b617c8793e151bdffb60f9e48a249912f86d4c9ebeef?s=96&d=mm&r=g"},"magazineBlocksPostCommentsNumber":"0","magazineBlocksPostExcerpt":"La selecci\u00f3n nacional de basquetbol femenil de M\u00e9xico logr\u00f3 su pase a los Cuartos de Final de la AmeriCup Femenil","magazineBlocksPostCategories":["Ellas Dicen"],"magazineBlocksPostViewCount":203,"magazineBlocksPostReadTime":2,"magazine_blocks_featured_image_url":{"full":["https:\/\/www.alasmedios.com\/wp-content\/uploads\/2025\/07\/AmeriCup-Femenil.jpeg",650,380,false],"medium":["https:\/\/www.alasmedios.com\/wp-content\/uploads\/2025\/07\/AmeriCup-Femenil-300x175.jpeg",300,175,true],"thumbnail":["https:\/\/www.alasmedios.com\/wp-content\/uploads\/2025\/07\/AmeriCup-Femenil-150x150.jpeg",150,150,true]},"magazine_blocks_author":{"display_name":"Keila Rodr\u00edguez Pe\u00f1a","author_link":"https:\/\/www.alasmedios.com\/index.php\/author\/keila\/"},"magazine_blocks_comment":0,"magazine_blocks_author_image":"https:\/\/secure.gravatar.com\/avatar\/a2553a2bfaa601b9d539b617c8793e151bdffb60f9e48a249912f86d4c9ebeef?s=96&d=mm&r=g","magazine_blocks_category":"<a href=\"#\" class=\"category-link category-link-45\">Ellas Dicen<\/a>","yoast_head":"<!-- This site is optimized with the Yoast SEO plugin v27.4 - https:\/\/yoast.com\/product\/yoast-seo-wordpress\/ -->\r\n<title>M\u00e9xico avanza a Cuartos de Final en la AmeriCup Femenil 2025 y se enfrentar\u00e1 a Brasil - Alas Medios<\/title>\r\n<meta name=\"robots\" content=\"index, follow, max-snippet:-1, max-image-preview:large, max-video-preview:-1\" \/>\r\n<link rel=\"canonical\" href=\"https:\/\/www.alasmedios.com\/index.php\/2025\/07\/03\/mexico-avanza-a-cuartos-de-final-en-la-americup-femenil-2025-y-se-enfrentara-a-brasil\/\" \/>\r\n<meta property=\"og:locale\" content=\"es_MX\" \/>\r\n<meta property=\"og:type\" content=\"article\" \/>\r\n<meta property=\"og:title\" content=\"M\u00e9xico avanza a Cuartos de Final en la AmeriCup Femenil 2025 y se enfrentar\u00e1 a Brasil - Alas Medios\" \/>\r\n<meta property=\"og:description\" content=\"La selecci\u00f3n nacional de basquetbol femenil de M\u00e9xico logr\u00f3 su pase a los Cuartos de Final de la AmeriCup Femenil\" \/>\r\n<meta property=\"og:url\" content=\"https:\/\/www.alasmedios.com\/index.php\/2025\/07\/03\/mexico-avanza-a-cuartos-de-final-en-la-americup-femenil-2025-y-se-enfrentara-a-brasil\/\" \/>\r\n<meta property=\"og:site_name\" content=\"Alas Medios\" \/>\r\n<meta property=\"article:published_time\" content=\"2025-07-03T23:55:00+00:00\" \/>\r\n<meta property=\"og:image\" content=\"https:\/\/www.alasmedios.com\/wp-content\/uploads\/2025\/07\/AmeriCup-Femenil.jpeg\" \/>\r\n\t<meta property=\"og:image:width\" content=\"650\" \/>\r\n\t<meta property=\"og:image:height\" content=\"380\" \/>\r\n\t<meta property=\"og:image:type\" content=\"image\/jpeg\" \/>\r\n<meta name=\"author\" content=\"Keila Rodr\u00edguez Pe\u00f1a\" \/>\r\n<meta name=\"twitter:card\" content=\"summary_large_image\" \/>\r\n<meta name=\"twitter:label1\" content=\"Escrito por\" \/>\n\t<meta name=\"twitter:data1\" content=\"Keila Rodr\u00edguez Pe\u00f1a\" \/>\n\t<meta name=\"twitter:label2\" content=\"Tiempo de lectura\" \/>\n\t<meta name=\"twitter:data2\" content=\"1 minuto\" \/>\r\n<script type=\"application\/ld+json\" class=\"yoast-schema-graph\">{\"@context\":\"https:\\\/\\\/schema.org\",\"@graph\":[{\"@type\":\"Article\",\"@id\":\"https:\\\/\\\/www.alasmedios.com\\\/index.php\\\/2025\\\/07\\\/03\\\/mexico-avanza-a-cuartos-de-final-en-la-americup-femenil-2025-y-se-enfrentara-a-brasil\\\/#article\",\"isPartOf\":{\"@id\":\"https:\\\/\\\/www.alasmedios.com\\\/index.php\\\/2025\\\/07\\\/03\\\/mexico-avanza-a-cuartos-de-final-en-la-americup-femenil-2025-y-se-enfrentara-a-brasil\\\/\"},\"author\":{\"name\":\"Keila Rodr\u00edguez Pe\u00f1a\",\"@id\":\"https:\\\/\\\/www.alasmedios.com\\\/#\\\/schema\\\/person\\\/0ba31bdd19a05ebf5c7fef1fedf99c34\"},\"headline\":\"M\u00e9xico avanza a Cuartos de Final en la AmeriCup Femenil 2025 y se enfrentar\u00e1 a Brasil\",\"datePublished\":\"2025-07-03T23:55:00+00:00\",\"mainEntityOfPage\":{\"@id\":\"https:\\\/\\\/www.alasmedios.com\\\/index.php\\\/2025\\\/07\\\/03\\\/mexico-avanza-a-cuartos-de-final-en-la-americup-femenil-2025-y-se-enfrentara-a-brasil\\\/\"},\"wordCount\":296,\"commentCount\":0,\"publisher\":{\"@id\":\"https:\\\/\\\/www.alasmedios.com\\\/#organization\"},\"image\":{\"@id\":\"https:\\\/\\\/www.alasmedios.com\\\/index.php\\\/2025\\\/07\\\/03\\\/mexico-avanza-a-cuartos-de-final-en-la-americup-femenil-2025-y-se-enfrentara-a-brasil\\\/#primaryimage\"},\"thumbnailUrl\":\"https:\\\/\\\/www.alasmedios.com\\\/wp-content\\\/uploads\\\/2025\\\/07\\\/AmeriCup-Femenil.jpeg\",\"keywords\":[\"AmeriCup Femenil 2025\",\"basquetbol\",\"Brasil\",\"Cuartos de Final\",\"deportes\",\"M\u00e9xico\"],\"articleSection\":[\"Ellas Dicen\"],\"inLanguage\":\"es\",\"potentialAction\":[{\"@type\":\"CommentAction\",\"name\":\"Comment\",\"target\":[\"https:\\\/\\\/www.alasmedios.com\\\/index.php\\\/2025\\\/07\\\/03\\\/mexico-avanza-a-cuartos-de-final-en-la-americup-femenil-2025-y-se-enfrentara-a-brasil\\\/#respond\"]}]},{\"@type\":\"WebPage\",\"@id\":\"https:\\\/\\\/www.alasmedios.com\\\/index.php\\\/2025\\\/07\\\/03\\\/mexico-avanza-a-cuartos-de-final-en-la-americup-femenil-2025-y-se-enfrentara-a-brasil\\\/\",\"url\":\"https:\\\/\\\/www.alasmedios.com\\\/index.php\\\/2025\\\/07\\\/03\\\/mexico-avanza-a-cuartos-de-final-en-la-americup-femenil-2025-y-se-enfrentara-a-brasil\\\/\",\"name\":\"M\u00e9xico avanza a Cuartos de Final en la AmeriCup Femenil 2025 y se enfrentar\u00e1 a Brasil - Alas Medios\",\"isPartOf\":{\"@id\":\"https:\\\/\\\/www.alasmedios.com\\\/#website\"},\"primaryImageOfPage\":{\"@id\":\"https:\\\/\\\/www.alasmedios.com\\\/index.php\\\/2025\\\/07\\\/03\\\/mexico-avanza-a-cuartos-de-final-en-la-americup-femenil-2025-y-se-enfrentara-a-brasil\\\/#primaryimage\"},\"image\":{\"@id\":\"https:\\\/\\\/www.alasmedios.com\\\/index.php\\\/2025\\\/07\\\/03\\\/mexico-avanza-a-cuartos-de-final-en-la-americup-femenil-2025-y-se-enfrentara-a-brasil\\\/#primaryimage\"},\"thumbnailUrl\":\"https:\\\/\\\/www.alasmedios.com\\\/wp-content\\\/uploads\\\/2025\\\/07\\\/AmeriCup-Femenil.jpeg\",\"datePublished\":\"2025-07-03T23:55:00+00:00\",\"breadcrumb\":{\"@id\":\"https:\\\/\\\/www.alasmedios.com\\\/index.php\\\/2025\\\/07\\\/03\\\/mexico-avanza-a-cuartos-de-final-en-la-americup-femenil-2025-y-se-enfrentara-a-brasil\\\/#breadcrumb\"},\"inLanguage\":\"es\",\"potentialAction\":[{\"@type\":\"ReadAction\",\"target\":[\"https:\\\/\\\/www.alasmedios.com\\\/index.php\\\/2025\\\/07\\\/03\\\/mexico-avanza-a-cuartos-de-final-en-la-americup-femenil-2025-y-se-enfrentara-a-brasil\\\/\"]}]},{\"@type\":\"ImageObject\",\"inLanguage\":\"es\",\"@id\":\"https:\\\/\\\/www.alasmedios.com\\\/index.php\\\/2025\\\/07\\\/03\\\/mexico-avanza-a-cuartos-de-final-en-la-americup-femenil-2025-y-se-enfrentara-a-brasil\\\/#primaryimage\",\"url\":\"https:\\\/\\\/www.alasmedios.com\\\/wp-content\\\/uploads\\\/2025\\\/07\\\/AmeriCup-Femenil.jpeg\",\"contentUrl\":\"https:\\\/\\\/www.alasmedios.com\\\/wp-content\\\/uploads\\\/2025\\\/07\\\/AmeriCup-Femenil.jpeg\",\"width\":650,\"height\":380},{\"@type\":\"BreadcrumbList\",\"@id\":\"https:\\\/\\\/www.alasmedios.com\\\/index.php\\\/2025\\\/07\\\/03\\\/mexico-avanza-a-cuartos-de-final-en-la-americup-femenil-2025-y-se-enfrentara-a-brasil\\\/#breadcrumb\",\"itemListElement\":[{\"@type\":\"ListItem\",\"position\":1,\"name\":\"Inicio\",\"item\":\"https:\\\/\\\/www.alasmedios.com\\\/\"},{\"@type\":\"ListItem\",\"position\":2,\"name\":\"M\u00e9xico avanza a Cuartos de Final en la AmeriCup Femenil 2025 y se enfrentar\u00e1 a Brasil\"}]},{\"@type\":\"WebSite\",\"@id\":\"https:\\\/\\\/www.alasmedios.com\\\/#website\",\"url\":\"https:\\\/\\\/www.alasmedios.com\\\/\",\"name\":\"Alas Medios\",\"description\":\"Alas para pensar, Alas para volar, Alas de libertad\",\"publisher\":{\"@id\":\"https:\\\/\\\/www.alasmedios.com\\\/#organization\"},\"potentialAction\":[{\"@type\":\"SearchAction\",\"target\":{\"@type\":\"EntryPoint\",\"urlTemplate\":\"https:\\\/\\\/www.alasmedios.com\\\/?s={search_term_string}\"},\"query-input\":{\"@type\":\"PropertyValueSpecification\",\"valueRequired\":true,\"valueName\":\"search_term_string\"}}],\"inLanguage\":\"es\"},{\"@type\":\"Organization\",\"@id\":\"https:\\\/\\\/www.alasmedios.com\\\/#organization\",\"name\":\"Alas Medios\",\"url\":\"https:\\\/\\\/www.alasmedios.com\\\/\",\"logo\":{\"@type\":\"ImageObject\",\"inLanguage\":\"es\",\"@id\":\"https:\\\/\\\/www.alasmedios.com\\\/#\\\/schema\\\/logo\\\/image\\\/\",\"url\":\"https:\\\/\\\/www.alasmedios.com\\\/wp-content\\\/uploads\\\/2026\\\/01\\\/cropped-cropped-GAM-1.png\",\"contentUrl\":\"https:\\\/\\\/www.alasmedios.com\\\/wp-content\\\/uploads\\\/2026\\\/01\\\/cropped-cropped-GAM-1.png\",\"width\":467,\"height\":235,\"caption\":\"Alas Medios\"},\"image\":{\"@id\":\"https:\\\/\\\/www.alasmedios.com\\\/#\\\/schema\\\/logo\\\/image\\\/\"}},{\"@type\":\"Person\",\"@id\":\"https:\\\/\\\/www.alasmedios.com\\\/#\\\/schema\\\/person\\\/0ba31bdd19a05ebf5c7fef1fedf99c34\",\"name\":\"Keila Rodr\u00edguez Pe\u00f1a\",\"image\":{\"@type\":\"ImageObject\",\"inLanguage\":\"es\",\"@id\":\"https:\\\/\\\/secure.gravatar.com\\\/avatar\\\/a2553a2bfaa601b9d539b617c8793e151bdffb60f9e48a249912f86d4c9ebeef?s=96&d=mm&r=g\",\"url\":\"https:\\\/\\\/secure.gravatar.com\\\/avatar\\\/a2553a2bfaa601b9d539b617c8793e151bdffb60f9e48a249912f86d4c9ebeef?s=96&d=mm&r=g\",\"contentUrl\":\"https:\\\/\\\/secure.gravatar.com\\\/avatar\\\/a2553a2bfaa601b9d539b617c8793e151bdffb60f9e48a249912f86d4c9ebeef?s=96&d=mm&r=g\",\"caption\":\"Keila Rodr\u00edguez Pe\u00f1a\"},\"sameAs\":[\"http:\\\/\\\/www.alasmedios.com\"],\"url\":\"https:\\\/\\\/www.alasmedios.com\\\/index.php\\\/author\\\/keila\\\/\"}]}<\/script>\r\n<!-- \/ Yoast SEO plugin. -->","yoast_head_json":{"title":"M\u00e9xico avanza a Cuartos de Final en la AmeriCup Femenil 2025 y se enfrentar\u00e1 a Brasil - Alas Medios","robots":{"index":"index","follow":"follow","max-snippet":"max-snippet:-1","max-image-preview":"max-image-preview:large","max-video-preview":"max-video-preview:-1"},"canonical":"https:\/\/www.alasmedios.com\/index.php\/2025\/07\/03\/mexico-avanza-a-cuartos-de-final-en-la-americup-femenil-2025-y-se-enfrentara-a-brasil\/","og_locale":"es_MX","og_type":"article","og_title":"M\u00e9xico avanza a Cuartos de Final en la AmeriCup Femenil 2025 y se enfrentar\u00e1 a Brasil - Alas Medios","og_description":"La selecci\u00f3n nacional de basquetbol femenil de M\u00e9xico logr\u00f3 su pase a los Cuartos de Final de la AmeriCup Femenil","og_url":"https:\/\/www.alasmedios.com\/index.php\/2025\/07\/03\/mexico-avanza-a-cuartos-de-final-en-la-americup-femenil-2025-y-se-enfrentara-a-brasil\/","og_site_name":"Alas Medios","article_published_time":"2025-07-03T23:55:00+00:00","og_image":[{"width":650,"height":380,"url":"https:\/\/www.alasmedios.com\/wp-content\/uploads\/2025\/07\/AmeriCup-Femenil.jpeg","type":"image\/jpeg"}],"author":"Keila Rodr\u00edguez Pe\u00f1a","twitter_card":"summary_large_image","twitter_misc":{"Escrito por":"Keila Rodr\u00edguez Pe\u00f1a","Tiempo de lectura":"1 minuto"},"schema":{"@context":"https:\/\/schema.org","@graph":[{"@type":"Article","@id":"https:\/\/www.alasmedios.com\/index.php\/2025\/07\/03\/mexico-avanza-a-cuartos-de-final-en-la-americup-femenil-2025-y-se-enfrentara-a-brasil\/#article","isPartOf":{"@id":"https:\/\/www.alasmedios.com\/index.php\/2025\/07\/03\/mexico-avanza-a-cuartos-de-final-en-la-americup-femenil-2025-y-se-enfrentara-a-brasil\/"},"author":{"name":"Keila Rodr\u00edguez Pe\u00f1a","@id":"https:\/\/www.alasmedios.com\/#\/schema\/person\/0ba31bdd19a05ebf5c7fef1fedf99c34"},"headline":"M\u00e9xico avanza a Cuartos de Final en la AmeriCup Femenil 2025 y se enfrentar\u00e1 a Brasil","datePublished":"2025-07-03T23:55:00+00:00","mainEntityOfPage":{"@id":"https:\/\/www.alasmedios.com\/index.php\/2025\/07\/03\/mexico-avanza-a-cuartos-de-final-en-la-americup-femenil-2025-y-se-enfrentara-a-brasil\/"},"wordCount":296,"commentCount":0,"publisher":{"@id":"https:\/\/www.alasmedios.com\/#organization"},"image":{"@id":"https:\/\/www.alasmedios.com\/index.php\/2025\/07\/03\/mexico-avanza-a-cuartos-de-final-en-la-americup-femenil-2025-y-se-enfrentara-a-brasil\/#primaryimage"},"thumbnailUrl":"https:\/\/www.alasmedios.com\/wp-content\/uploads\/2025\/07\/AmeriCup-Femenil.jpeg","keywords":["AmeriCup Femenil 2025","basquetbol","Brasil","Cuartos de Final","deportes","M\u00e9xico"],"articleSection":["Ellas Dicen"],"inLanguage":"es","potentialAction":[{"@type":"CommentAction","name":"Comment","target":["https:\/\/www.alasmedios.com\/index.php\/2025\/07\/03\/mexico-avanza-a-cuartos-de-final-en-la-americup-femenil-2025-y-se-enfrentara-a-brasil\/#respond"]}]},{"@type":"WebPage","@id":"https:\/\/www.alasmedios.com\/index.php\/2025\/07\/03\/mexico-avanza-a-cuartos-de-final-en-la-americup-femenil-2025-y-se-enfrentara-a-brasil\/","url":"https:\/\/www.alasmedios.com\/index.php\/2025\/07\/03\/mexico-avanza-a-cuartos-de-final-en-la-americup-femenil-2025-y-se-enfrentara-a-brasil\/","name":"M\u00e9xico avanza a Cuartos de Final en la AmeriCup Femenil 2025 y se enfrentar\u00e1 a Brasil - Alas Medios","isPartOf":{"@id":"https:\/\/www.alasmedios.com\/#website"},"primaryImageOfPage":{"@id":"https:\/\/www.alasmedios.com\/index.php\/2025\/07\/03\/mexico-avanza-a-cuartos-de-final-en-la-americup-femenil-2025-y-se-enfrentara-a-brasil\/#primaryimage"},"image":{"@id":"https:\/\/www.alasmedios.com\/index.php\/2025\/07\/03\/mexico-avanza-a-cuartos-de-final-en-la-americup-femenil-2025-y-se-enfrentara-a-brasil\/#primaryimage"},"thumbnailUrl":"https:\/\/www.alasmedios.com\/wp-content\/uploads\/2025\/07\/AmeriCup-Femenil.jpeg","datePublished":"2025-07-03T23:55:00+00:00","breadcrumb":{"@id":"https:\/\/www.alasmedios.com\/index.php\/2025\/07\/03\/mexico-avanza-a-cuartos-de-final-en-la-americup-femenil-2025-y-se-enfrentara-a-brasil\/#breadcrumb"},"inLanguage":"es","potentialAction":[{"@type":"ReadAction","target":["https:\/\/www.alasmedios.com\/index.php\/2025\/07\/03\/mexico-avanza-a-cuartos-de-final-en-la-americup-femenil-2025-y-se-enfrentara-a-brasil\/"]}]},{"@type":"ImageObject","inLanguage":"es","@id":"https:\/\/www.alasmedios.com\/index.php\/2025\/07\/03\/mexico-avanza-a-cuartos-de-final-en-la-americup-femenil-2025-y-se-enfrentara-a-brasil\/#primaryimage","url":"https:\/\/www.alasmedios.com\/wp-content\/uploads\/2025\/07\/AmeriCup-Femenil.jpeg","contentUrl":"https:\/\/www.alasmedios.com\/wp-content\/uploads\/2025\/07\/AmeriCup-Femenil.jpeg","width":650,"height":380},{"@type":"BreadcrumbList","@id":"https:\/\/www.alasmedios.com\/index.php\/2025\/07\/03\/mexico-avanza-a-cuartos-de-final-en-la-americup-femenil-2025-y-se-enfrentara-a-brasil\/#breadcrumb","itemListElement":[{"@type":"ListItem","position":1,"name":"Inicio","item":"https:\/\/www.alasmedios.com\/"},{"@type":"ListItem","position":2,"name":"M\u00e9xico avanza a Cuartos de Final en la AmeriCup Femenil 2025 y se enfrentar\u00e1 a Brasil"}]},{"@type":"WebSite","@id":"https:\/\/www.alasmedios.com\/#website","url":"https:\/\/www.alasmedios.com\/","name":"Alas Medios","description":"Alas para pensar, Alas para volar, Alas de libertad","publisher":{"@id":"https:\/\/www.alasmedios.com\/#organization"},"potentialAction":[{"@type":"SearchAction","target":{"@type":"EntryPoint","urlTemplate":"https:\/\/www.alasmedios.com\/?s={search_term_string}"},"query-input":{"@type":"PropertyValueSpecification","valueRequired":true,"valueName":"search_term_string"}}],"inLanguage":"es"},{"@type":"Organization","@id":"https:\/\/www.alasmedios.com\/#organization","name":"Alas Medios","url":"https:\/\/www.alasmedios.com\/","logo":{"@type":"ImageObject","inLanguage":"es","@id":"https:\/\/www.alasmedios.com\/#\/schema\/logo\/image\/","url":"https:\/\/www.alasmedios.com\/wp-content\/uploads\/2026\/01\/cropped-cropped-GAM-1.png","contentUrl":"https:\/\/www.alasmedios.com\/wp-content\/uploads\/2026\/01\/cropped-cropped-GAM-1.png","width":467,"height":235,"caption":"Alas Medios"},"image":{"@id":"https:\/\/www.alasmedios.com\/#\/schema\/logo\/image\/"}},{"@type":"Person","@id":"https:\/\/www.alasmedios.com\/#\/schema\/person\/0ba31bdd19a05ebf5c7fef1fedf99c34","name":"Keila Rodr\u00edguez Pe\u00f1a","image":{"@type":"ImageObject","inLanguage":"es","@id":"https:\/\/secure.gravatar.com\/avatar\/a2553a2bfaa601b9d539b617c8793e151bdffb60f9e48a249912f86d4c9ebeef?s=96&d=mm&r=g","url":"https:\/\/secure.gravatar.com\/avatar\/a2553a2bfaa601b9d539b617c8793e151bdffb60f9e48a249912f86d4c9ebeef?s=96&d=mm&r=g","contentUrl":"https:\/\/secure.gravatar.com\/avatar\/a2553a2bfaa601b9d539b617c8793e151bdffb60f9e48a249912f86d4c9ebeef?s=96&d=mm&r=g","caption":"Keila Rodr\u00edguez Pe\u00f1a"},"sameAs":["http:\/\/www.alasmedios.com"],"url":"https:\/\/www.alasmedios.com\/index.php\/author\/keila\/"}]}},"_links":{"self":[{"href":"https:\/\/www.alasmedios.com\/index.php\/wp-json\/wp\/v2\/posts\/5332","targetHints":{"allow":["GET"]}}],"collection":[{"href":"https:\/\/www.alasmedios.com\/index.php\/wp-json\/wp\/v2\/posts"}],"about":[{"href":"https:\/\/www.alasmedios.com\/index.php\/wp-json\/wp\/v2\/types\/post"}],"author":[{"embeddable":true,"href":"https:\/\/www.alasmedios.com\/index.php\/wp-json\/wp\/v2\/users\/4"}],"replies":[{"embeddable":true,"href":"https:\/\/www.alasmedios.com\/index.php\/wp-json\/wp\/v2\/comments?post=5332"}],"version-history":[{"count":1,"href":"https:\/\/www.alasmedios.com\/index.php\/wp-json\/wp\/v2\/posts\/5332\/revisions"}],"predecessor-version":[{"id":5336,"href":"https:\/\/www.alasmedios.com\/index.php\/wp-json\/wp\/v2\/posts\/5332\/revisions\/5336"}],"wp:featuredmedia":[{"embeddable":true,"href":"https:\/\/www.alasmedios.com\/index.php\/wp-json\/wp\/v2\/media\/5333"}],"wp:attachment":[{"href":"https:\/\/www.alasmedios.com\/index.php\/wp-json\/wp\/v2\/media?parent=5332"}],"wp:term":[{"taxonomy":"category","embeddable":true,"href":"https:\/\/www.alasmedios.com\/index.php\/wp-json\/wp\/v2\/categories?post=5332"},{"taxonomy":"post_tag","embeddable":true,"href":"https:\/\/www.alasmedios.com\/index.php\/wp-json\/wp\/v2\/tags?post=5332"}],"curies":[{"name":"wp","href":"https:\/\/api.w.org\/{rel}","templated":true}]}}