{"id":5280,"date":"2025-06-30T11:37:17","date_gmt":"2025-06-30T16:37:17","guid":{"rendered":"https:\/\/www.alasmedios.com\/?p=5280"},"modified":"2025-06-30T11:37:19","modified_gmt":"2025-06-30T16:37:19","slug":"desafios-de-las-periodistas-deportivas-frente-a-machismo-e-infravaloracion","status":"publish","type":"post","link":"https:\/\/www.alasmedios.com\/index.php\/2025\/06\/30\/desafios-de-las-periodistas-deportivas-frente-a-machismo-e-infravaloracion\/","title":{"rendered":"Desaf\u00edos de las periodistas deportivas frente a machismo e infravaloraci\u00f3n"},"content":{"rendered":"\n<p>En el <strong>periodismo deportivo<\/strong>, a menudo retratado con emoci\u00f3n y pasi\u00f3n, oculta una realidad menos visible: la de las <strong>periodistas <\/strong>que enfrentan <strong>misoginia<\/strong>, <strong>infravaloraci\u00f3n profesional<\/strong> y <strong>ambientes agresivos<\/strong> d\u00eda tras d\u00eda.<\/p>\n\n\n\n<p>A pesar de m\u00e1s rostros femeninos en pantalla, los <strong>micro\u2011agravios<\/strong> persisten: preguntan por su apariencia en lugar de su conocimiento y asumen autom\u00e1ticamente que el rol en el estudio debe ser masculino. Este tipo de actitudes demuestra que la <strong>prensa deportiva<\/strong> todav\u00eda exige a las mujeres <strong>probar su competencia<\/strong> constantemente, mientras sus colegas varones no enfrentan la misma presi\u00f3n .<\/p>\n\n\n\n<p>La situaci\u00f3n va m\u00e1s all\u00e1 del machismo cotidiano, un entorno laboral hostil y <strong>sexista<\/strong>, <strong>avances sexuales no deseados<\/strong>, salario injusto y un ambiente institucional t\u00f3xico, reflejan un patr\u00f3n persistente: las mujeres en medios deportivos suelen ser v\u00edctimas de <strong>dudas sobre su credibilidad<\/strong>, ataques sobre su apariencia y escasa protecci\u00f3n laboral.<\/p>\n\n\n\n<p>En Espa\u00f1a, la periodista <strong>Mar\u00eda Tikas<\/strong> tambi\u00e9n ha denunciado recibir <strong>comentarios machistas<\/strong> y burlas tras felicitar a un jugador masculino por su rendimiento. Su caso es ilustrativo: incluso dentro de su profesi\u00f3n, es blanco de una misoginia que cuestiona su funci\u00f3n como profesional y la reduce a estereotipos.<\/p>\n\n\n\n<p>Estos comportamientos no son anecd\u00f3ticos: <a href=\"https:\/\/www.unesco.org\/en\/articles\/measuring-online-violence-and-harassment-against-women-journalists-latin-america\">estudios<\/a> demuestran que las <strong>periodistas <\/strong>reciben <strong>el doble de acoso online<\/strong> y son percibidas como <strong>menos cre\u00edbles<\/strong> comparadas con sus colegas varones. Asimismo, reportes de la UE se\u00f1alan que muchas renuncian debido a <strong>salarios m\u00e1s bajos<\/strong>, <strong>horarios desiguales<\/strong> y <strong>ausencia de ascenso<\/strong> en sus carreras .<\/p>\n\n\n\n<p>Y este entorno hostil se extiende a los espacios virtuales: amenazas de violaci\u00f3n, insultos sexuales expl\u00edcitos y campa\u00f1as de desprestigio son parte del diario vivir de muchas <strong>periodistas deportivas<\/strong>. En redes, comentarios que vinculan su trabajo con una supuesta falta de experiencia o cuestionan su presencia por su aspecto f\u00edsico reflejan una misoginia persistente.<\/p>\n\n\n\n<p>Las consecuencias no son menores: generan <strong>ansiedad, autocensura y desgaste profesional<\/strong>. Muchas optan por salir del periodismo deportivo, pero otras resisten y alzan la voz. Organizaciones como la <strong>Association for Women in Sports Media<\/strong> (<a href=\"http:\/\/awsmonline.org\/\"><strong>AWSM<\/strong><\/a>) promueven redes de apoyo y cambio institucional.<\/p>\n\n\n\n<p>Semanas antes de una celebraci\u00f3n que exalta a las voces detr\u00e1s de la cobertura deportiva, es crucial recordar que <strong>la igualdad no puede limitarse a presencia en pantalla<\/strong>. <\/p>\n\n\n\n<p>Las periodistas merecen <strong>entornos seguros<\/strong>, <strong>salarios equitativos<\/strong> y <strong>respeto profesional<\/strong>, no s\u00f3lo reconocimiento visual.<\/p>\n\n\n<ul class=\"wp-block-latest-posts__list is-grid columns-3 wp-block-latest-posts\"><li><div class=\"wp-block-latest-posts__featured-image\"><img loading=\"lazy\" decoding=\"async\" width=\"150\" height=\"150\" src=\"https:\/\/www.alasmedios.com\/wp-content\/uploads\/2026\/04\/Argentina-decomisan-bienes-Cristina-Kirchner-150x150.png\" class=\"attachment-thumbnail size-thumbnail wp-post-image\" alt=\"\" style=\"\" \/><\/div><a class=\"wp-block-latest-posts__post-title\" href=\"https:\/\/www.alasmedios.com\/index.php\/2026\/04\/25\/caso-vialidad-argentina-ratifica-decomiso-millonario-a-cristina-kirchner\/\">Caso Vialidad: Argentina ratifica decomiso millonario a Cristina Kirchner<\/a><\/li>\n<li><div class=\"wp-block-latest-posts__featured-image\"><img loading=\"lazy\" decoding=\"async\" width=\"150\" height=\"150\" src=\"https:\/\/www.alasmedios.com\/wp-content\/uploads\/2026\/04\/Puebla-desaparecida-Aguascalientes-150x150.jpeg\" class=\"attachment-thumbnail size-thumbnail wp-post-image\" alt=\"\" style=\"\" \/><\/div><a class=\"wp-block-latest-posts__post-title\" href=\"https:\/\/www.alasmedios.com\/index.php\/2026\/04\/25\/localizan-con-vida-en-aguascalientes-a-adolescente-desaparecida-en-puebla\/\">Localizan con vida en Aguascalientes a adolescente desaparecida en Puebla<\/a><\/li>\n<li><div class=\"wp-block-latest-posts__featured-image\"><img loading=\"lazy\" decoding=\"async\" width=\"150\" height=\"150\" src=\"https:\/\/www.alasmedios.com\/wp-content\/uploads\/2026\/04\/podio-de-la-Copa-del-Mundo-de-Ciclismo-150x150.jpg\" class=\"attachment-thumbnail size-thumbnail wp-post-image\" alt=\"\" style=\"\" \/><\/div><a class=\"wp-block-latest-posts__post-title\" href=\"https:\/\/www.alasmedios.com\/index.php\/2026\/04\/25\/mexico-arranca-con-doble-podio-en-la-copa-del-mundo-de-pista-en-malasia\/\">M\u00e9xico arranca con doble podio en la Copa del Mundo de Pista en Malasia<\/a><\/li>\n<\/ul>","protected":false},"excerpt":{"rendered":"<p>En el periodismo deportivo, a menudo retratado con emoci\u00f3n y pasi\u00f3n, oculta una realidad menos visible: la de las periodistas<\/p>\n","protected":false},"author":4,"featured_media":5281,"comment_status":"open","ping_status":"open","sticky":false,"template":"","format":"standard","meta":{"colormag_page_container_layout":"default_layout","colormag_page_sidebar_layout":"default_layout","rop_custom_images_group":[],"rop_custom_messages_group":[],"rop_publish_now":"initial","rop_publish_now_accounts":[],"rop_publish_now_history":[],"rop_publish_now_status":"pending","iawp_total_views":0,"footnotes":""},"categories":[45],"tags":[223,456,683,1577,1578,53,732,2283],"class_list":["post-5280","post","type-post","status-publish","format-standard","has-post-thumbnail","hentry","category-ellas-dicen","tag-deportes","tag-derechos","tag-equidad","tag-machismo","tag-misoginia","tag-mujeres","tag-periodistas","tag-periodistas-deportivas"],"magazineBlocksPostFeaturedMedia":{"thumbnail":"https:\/\/www.alasmedios.com\/wp-content\/uploads\/2025\/06\/Desafios-de-las-periodistas-deportivas-frente-a-machismo-e-infravaloracion-150x150.png","medium":"https:\/\/www.alasmedios.com\/wp-content\/uploads\/2025\/06\/Desafios-de-las-periodistas-deportivas-frente-a-machismo-e-infravaloracion-300x157.png","medium_large":"https:\/\/www.alasmedios.com\/wp-content\/uploads\/2025\/06\/Desafios-de-las-periodistas-deportivas-frente-a-machismo-e-infravaloracion-768x402.png","large":"https:\/\/www.alasmedios.com\/wp-content\/uploads\/2025\/06\/Desafios-de-las-periodistas-deportivas-frente-a-machismo-e-infravaloracion-1024x536.png","1536x1536":"https:\/\/www.alasmedios.com\/wp-content\/uploads\/2025\/06\/Desafios-de-las-periodistas-deportivas-frente-a-machismo-e-infravaloracion.png","2048x2048":"https:\/\/www.alasmedios.com\/wp-content\/uploads\/2025\/06\/Desafios-de-las-periodistas-deportivas-frente-a-machismo-e-infravaloracion.png","colormag-highlighted-post":"https:\/\/www.alasmedios.com\/wp-content\/uploads\/2025\/06\/Desafios-de-las-periodistas-deportivas-frente-a-machismo-e-infravaloracion-392x272.png","colormag-featured-post-medium":"https:\/\/www.alasmedios.com\/wp-content\/uploads\/2025\/06\/Desafios-de-las-periodistas-deportivas-frente-a-machismo-e-infravaloracion-390x205.png","colormag-featured-post-small":"https:\/\/www.alasmedios.com\/wp-content\/uploads\/2025\/06\/Desafios-de-las-periodistas-deportivas-frente-a-machismo-e-infravaloracion-130x90.png","colormag-featured-image":"https:\/\/www.alasmedios.com\/wp-content\/uploads\/2025\/06\/Desafios-de-las-periodistas-deportivas-frente-a-machismo-e-infravaloracion-800x445.png","colormag-default-news":"https:\/\/www.alasmedios.com\/wp-content\/uploads\/2025\/06\/Desafios-de-las-periodistas-deportivas-frente-a-machismo-e-infravaloracion-150x150.png","colormag-featured-image-large":"https:\/\/www.alasmedios.com\/wp-content\/uploads\/2025\/06\/Desafios-de-las-periodistas-deportivas-frente-a-machismo-e-infravaloracion-1200x600.png"},"magazineBlocksPostAuthor":{"name":"Keila Rodr\u00edguez Pe\u00f1a","avatar":"https:\/\/secure.gravatar.com\/avatar\/a2553a2bfaa601b9d539b617c8793e151bdffb60f9e48a249912f86d4c9ebeef?s=96&d=mm&r=g"},"magazineBlocksPostCommentsNumber":"0","magazineBlocksPostExcerpt":"En el periodismo deportivo, a menudo retratado con emoci\u00f3n y pasi\u00f3n, oculta una realidad menos visible: la de las periodistas","magazineBlocksPostCategories":["Ellas Dicen"],"magazineBlocksPostViewCount":380,"magazineBlocksPostReadTime":3,"magazine_blocks_featured_image_url":{"full":["https:\/\/www.alasmedios.com\/wp-content\/uploads\/2025\/06\/Desafios-de-las-periodistas-deportivas-frente-a-machismo-e-infravaloracion.png",1200,628,false],"medium":["https:\/\/www.alasmedios.com\/wp-content\/uploads\/2025\/06\/Desafios-de-las-periodistas-deportivas-frente-a-machismo-e-infravaloracion-300x157.png",300,157,true],"thumbnail":["https:\/\/www.alasmedios.com\/wp-content\/uploads\/2025\/06\/Desafios-de-las-periodistas-deportivas-frente-a-machismo-e-infravaloracion-150x150.png",150,150,true]},"magazine_blocks_author":{"display_name":"Keila Rodr\u00edguez Pe\u00f1a","author_link":"https:\/\/www.alasmedios.com\/index.php\/author\/keila\/"},"magazine_blocks_comment":0,"magazine_blocks_author_image":"https:\/\/secure.gravatar.com\/avatar\/a2553a2bfaa601b9d539b617c8793e151bdffb60f9e48a249912f86d4c9ebeef?s=96&d=mm&r=g","magazine_blocks_category":"<a href=\"#\" class=\"category-link category-link-45\">Ellas Dicen<\/a>","yoast_head":"<!-- This site is optimized with the Yoast SEO plugin v27.4 - https:\/\/yoast.com\/product\/yoast-seo-wordpress\/ -->\r\n<title>Desaf\u00edos de las periodistas deportivas frente a machismo e infravaloraci\u00f3n - Alas Medios<\/title>\r\n<meta name=\"robots\" content=\"index, follow, max-snippet:-1, max-image-preview:large, max-video-preview:-1\" \/>\r\n<link rel=\"canonical\" href=\"https:\/\/www.alasmedios.com\/index.php\/2025\/06\/30\/desafios-de-las-periodistas-deportivas-frente-a-machismo-e-infravaloracion\/\" \/>\r\n<meta property=\"og:locale\" content=\"es_MX\" \/>\r\n<meta property=\"og:type\" content=\"article\" \/>\r\n<meta property=\"og:title\" content=\"Desaf\u00edos de las periodistas deportivas frente a machismo e infravaloraci\u00f3n - Alas Medios\" \/>\r\n<meta property=\"og:description\" content=\"En el periodismo deportivo, a menudo retratado con emoci\u00f3n y pasi\u00f3n, oculta una realidad menos visible: la de las periodistas\" \/>\r\n<meta property=\"og:url\" content=\"https:\/\/www.alasmedios.com\/index.php\/2025\/06\/30\/desafios-de-las-periodistas-deportivas-frente-a-machismo-e-infravaloracion\/\" \/>\r\n<meta property=\"og:site_name\" content=\"Alas Medios\" \/>\r\n<meta property=\"article:published_time\" content=\"2025-06-30T16:37:17+00:00\" \/>\r\n<meta property=\"article:modified_time\" content=\"2025-06-30T16:37:19+00:00\" \/>\r\n<meta property=\"og:image\" content=\"https:\/\/www.alasmedios.com\/wp-content\/uploads\/2025\/06\/Desafios-de-las-periodistas-deportivas-frente-a-machismo-e-infravaloracion.png\" \/>\r\n\t<meta property=\"og:image:width\" content=\"1200\" \/>\r\n\t<meta property=\"og:image:height\" content=\"628\" \/>\r\n\t<meta property=\"og:image:type\" content=\"image\/png\" \/>\r\n<meta name=\"author\" content=\"Keila Rodr\u00edguez Pe\u00f1a\" \/>\r\n<meta name=\"twitter:card\" content=\"summary_large_image\" \/>\r\n<meta name=\"twitter:label1\" content=\"Escrito por\" \/>\n\t<meta name=\"twitter:data1\" content=\"Keila Rodr\u00edguez Pe\u00f1a\" \/>\n\t<meta name=\"twitter:label2\" content=\"Tiempo de lectura\" \/>\n\t<meta name=\"twitter:data2\" content=\"2 minutos\" \/>\r\n<script type=\"application\/ld+json\" class=\"yoast-schema-graph\">{\"@context\":\"https:\\\/\\\/schema.org\",\"@graph\":[{\"@type\":\"Article\",\"@id\":\"https:\\\/\\\/www.alasmedios.com\\\/index.php\\\/2025\\\/06\\\/30\\\/desafios-de-las-periodistas-deportivas-frente-a-machismo-e-infravaloracion\\\/#article\",\"isPartOf\":{\"@id\":\"https:\\\/\\\/www.alasmedios.com\\\/index.php\\\/2025\\\/06\\\/30\\\/desafios-de-las-periodistas-deportivas-frente-a-machismo-e-infravaloracion\\\/\"},\"author\":{\"name\":\"Keila Rodr\u00edguez Pe\u00f1a\",\"@id\":\"https:\\\/\\\/www.alasmedios.com\\\/#\\\/schema\\\/person\\\/0ba31bdd19a05ebf5c7fef1fedf99c34\"},\"headline\":\"Desaf\u00edos de las periodistas deportivas frente a machismo e infravaloraci\u00f3n\",\"datePublished\":\"2025-06-30T16:37:17+00:00\",\"dateModified\":\"2025-06-30T16:37:19+00:00\",\"mainEntityOfPage\":{\"@id\":\"https:\\\/\\\/www.alasmedios.com\\\/index.php\\\/2025\\\/06\\\/30\\\/desafios-de-las-periodistas-deportivas-frente-a-machismo-e-infravaloracion\\\/\"},\"wordCount\":420,\"commentCount\":0,\"publisher\":{\"@id\":\"https:\\\/\\\/www.alasmedios.com\\\/#organization\"},\"image\":{\"@id\":\"https:\\\/\\\/www.alasmedios.com\\\/index.php\\\/2025\\\/06\\\/30\\\/desafios-de-las-periodistas-deportivas-frente-a-machismo-e-infravaloracion\\\/#primaryimage\"},\"thumbnailUrl\":\"https:\\\/\\\/www.alasmedios.com\\\/wp-content\\\/uploads\\\/2025\\\/06\\\/Desafios-de-las-periodistas-deportivas-frente-a-machismo-e-infravaloracion.png\",\"keywords\":[\"deportes\",\"derechos\",\"equidad\",\"machismo\",\"misoginia\",\"Mujeres\",\"periodistas\",\"periodistas deportivas\"],\"articleSection\":[\"Ellas Dicen\"],\"inLanguage\":\"es\",\"potentialAction\":[{\"@type\":\"CommentAction\",\"name\":\"Comment\",\"target\":[\"https:\\\/\\\/www.alasmedios.com\\\/index.php\\\/2025\\\/06\\\/30\\\/desafios-de-las-periodistas-deportivas-frente-a-machismo-e-infravaloracion\\\/#respond\"]}]},{\"@type\":\"WebPage\",\"@id\":\"https:\\\/\\\/www.alasmedios.com\\\/index.php\\\/2025\\\/06\\\/30\\\/desafios-de-las-periodistas-deportivas-frente-a-machismo-e-infravaloracion\\\/\",\"url\":\"https:\\\/\\\/www.alasmedios.com\\\/index.php\\\/2025\\\/06\\\/30\\\/desafios-de-las-periodistas-deportivas-frente-a-machismo-e-infravaloracion\\\/\",\"name\":\"Desaf\u00edos de las periodistas deportivas frente a machismo e infravaloraci\u00f3n - Alas Medios\",\"isPartOf\":{\"@id\":\"https:\\\/\\\/www.alasmedios.com\\\/#website\"},\"primaryImageOfPage\":{\"@id\":\"https:\\\/\\\/www.alasmedios.com\\\/index.php\\\/2025\\\/06\\\/30\\\/desafios-de-las-periodistas-deportivas-frente-a-machismo-e-infravaloracion\\\/#primaryimage\"},\"image\":{\"@id\":\"https:\\\/\\\/www.alasmedios.com\\\/index.php\\\/2025\\\/06\\\/30\\\/desafios-de-las-periodistas-deportivas-frente-a-machismo-e-infravaloracion\\\/#primaryimage\"},\"thumbnailUrl\":\"https:\\\/\\\/www.alasmedios.com\\\/wp-content\\\/uploads\\\/2025\\\/06\\\/Desafios-de-las-periodistas-deportivas-frente-a-machismo-e-infravaloracion.png\",\"datePublished\":\"2025-06-30T16:37:17+00:00\",\"dateModified\":\"2025-06-30T16:37:19+00:00\",\"breadcrumb\":{\"@id\":\"https:\\\/\\\/www.alasmedios.com\\\/index.php\\\/2025\\\/06\\\/30\\\/desafios-de-las-periodistas-deportivas-frente-a-machismo-e-infravaloracion\\\/#breadcrumb\"},\"inLanguage\":\"es\",\"potentialAction\":[{\"@type\":\"ReadAction\",\"target\":[\"https:\\\/\\\/www.alasmedios.com\\\/index.php\\\/2025\\\/06\\\/30\\\/desafios-de-las-periodistas-deportivas-frente-a-machismo-e-infravaloracion\\\/\"]}]},{\"@type\":\"ImageObject\",\"inLanguage\":\"es\",\"@id\":\"https:\\\/\\\/www.alasmedios.com\\\/index.php\\\/2025\\\/06\\\/30\\\/desafios-de-las-periodistas-deportivas-frente-a-machismo-e-infravaloracion\\\/#primaryimage\",\"url\":\"https:\\\/\\\/www.alasmedios.com\\\/wp-content\\\/uploads\\\/2025\\\/06\\\/Desafios-de-las-periodistas-deportivas-frente-a-machismo-e-infravaloracion.png\",\"contentUrl\":\"https:\\\/\\\/www.alasmedios.com\\\/wp-content\\\/uploads\\\/2025\\\/06\\\/Desafios-de-las-periodistas-deportivas-frente-a-machismo-e-infravaloracion.png\",\"width\":1200,\"height\":628},{\"@type\":\"BreadcrumbList\",\"@id\":\"https:\\\/\\\/www.alasmedios.com\\\/index.php\\\/2025\\\/06\\\/30\\\/desafios-de-las-periodistas-deportivas-frente-a-machismo-e-infravaloracion\\\/#breadcrumb\",\"itemListElement\":[{\"@type\":\"ListItem\",\"position\":1,\"name\":\"Inicio\",\"item\":\"https:\\\/\\\/www.alasmedios.com\\\/\"},{\"@type\":\"ListItem\",\"position\":2,\"name\":\"Desaf\u00edos de las periodistas deportivas frente a machismo e infravaloraci\u00f3n\"}]},{\"@type\":\"WebSite\",\"@id\":\"https:\\\/\\\/www.alasmedios.com\\\/#website\",\"url\":\"https:\\\/\\\/www.alasmedios.com\\\/\",\"name\":\"Alas Medios\",\"description\":\"Alas para pensar, Alas para volar, Alas de libertad\",\"publisher\":{\"@id\":\"https:\\\/\\\/www.alasmedios.com\\\/#organization\"},\"potentialAction\":[{\"@type\":\"SearchAction\",\"target\":{\"@type\":\"EntryPoint\",\"urlTemplate\":\"https:\\\/\\\/www.alasmedios.com\\\/?s={search_term_string}\"},\"query-input\":{\"@type\":\"PropertyValueSpecification\",\"valueRequired\":true,\"valueName\":\"search_term_string\"}}],\"inLanguage\":\"es\"},{\"@type\":\"Organization\",\"@id\":\"https:\\\/\\\/www.alasmedios.com\\\/#organization\",\"name\":\"Alas Medios\",\"url\":\"https:\\\/\\\/www.alasmedios.com\\\/\",\"logo\":{\"@type\":\"ImageObject\",\"inLanguage\":\"es\",\"@id\":\"https:\\\/\\\/www.alasmedios.com\\\/#\\\/schema\\\/logo\\\/image\\\/\",\"url\":\"https:\\\/\\\/www.alasmedios.com\\\/wp-content\\\/uploads\\\/2026\\\/01\\\/cropped-cropped-GAM-1.png\",\"contentUrl\":\"https:\\\/\\\/www.alasmedios.com\\\/wp-content\\\/uploads\\\/2026\\\/01\\\/cropped-cropped-GAM-1.png\",\"width\":467,\"height\":235,\"caption\":\"Alas Medios\"},\"image\":{\"@id\":\"https:\\\/\\\/www.alasmedios.com\\\/#\\\/schema\\\/logo\\\/image\\\/\"}},{\"@type\":\"Person\",\"@id\":\"https:\\\/\\\/www.alasmedios.com\\\/#\\\/schema\\\/person\\\/0ba31bdd19a05ebf5c7fef1fedf99c34\",\"name\":\"Keila Rodr\u00edguez Pe\u00f1a\",\"image\":{\"@type\":\"ImageObject\",\"inLanguage\":\"es\",\"@id\":\"https:\\\/\\\/secure.gravatar.com\\\/avatar\\\/a2553a2bfaa601b9d539b617c8793e151bdffb60f9e48a249912f86d4c9ebeef?s=96&d=mm&r=g\",\"url\":\"https:\\\/\\\/secure.gravatar.com\\\/avatar\\\/a2553a2bfaa601b9d539b617c8793e151bdffb60f9e48a249912f86d4c9ebeef?s=96&d=mm&r=g\",\"contentUrl\":\"https:\\\/\\\/secure.gravatar.com\\\/avatar\\\/a2553a2bfaa601b9d539b617c8793e151bdffb60f9e48a249912f86d4c9ebeef?s=96&d=mm&r=g\",\"caption\":\"Keila Rodr\u00edguez Pe\u00f1a\"},\"sameAs\":[\"http:\\\/\\\/www.alasmedios.com\"],\"url\":\"https:\\\/\\\/www.alasmedios.com\\\/index.php\\\/author\\\/keila\\\/\"}]}<\/script>\r\n<!-- \/ Yoast SEO plugin. -->","yoast_head_json":{"title":"Desaf\u00edos de las periodistas deportivas frente a machismo e infravaloraci\u00f3n - Alas Medios","robots":{"index":"index","follow":"follow","max-snippet":"max-snippet:-1","max-image-preview":"max-image-preview:large","max-video-preview":"max-video-preview:-1"},"canonical":"https:\/\/www.alasmedios.com\/index.php\/2025\/06\/30\/desafios-de-las-periodistas-deportivas-frente-a-machismo-e-infravaloracion\/","og_locale":"es_MX","og_type":"article","og_title":"Desaf\u00edos de las periodistas deportivas frente a machismo e infravaloraci\u00f3n - Alas Medios","og_description":"En el periodismo deportivo, a menudo retratado con emoci\u00f3n y pasi\u00f3n, oculta una realidad menos visible: la de las periodistas","og_url":"https:\/\/www.alasmedios.com\/index.php\/2025\/06\/30\/desafios-de-las-periodistas-deportivas-frente-a-machismo-e-infravaloracion\/","og_site_name":"Alas Medios","article_published_time":"2025-06-30T16:37:17+00:00","article_modified_time":"2025-06-30T16:37:19+00:00","og_image":[{"width":1200,"height":628,"url":"https:\/\/www.alasmedios.com\/wp-content\/uploads\/2025\/06\/Desafios-de-las-periodistas-deportivas-frente-a-machismo-e-infravaloracion.png","type":"image\/png"}],"author":"Keila Rodr\u00edguez Pe\u00f1a","twitter_card":"summary_large_image","twitter_misc":{"Escrito por":"Keila Rodr\u00edguez Pe\u00f1a","Tiempo de lectura":"2 minutos"},"schema":{"@context":"https:\/\/schema.org","@graph":[{"@type":"Article","@id":"https:\/\/www.alasmedios.com\/index.php\/2025\/06\/30\/desafios-de-las-periodistas-deportivas-frente-a-machismo-e-infravaloracion\/#article","isPartOf":{"@id":"https:\/\/www.alasmedios.com\/index.php\/2025\/06\/30\/desafios-de-las-periodistas-deportivas-frente-a-machismo-e-infravaloracion\/"},"author":{"name":"Keila Rodr\u00edguez Pe\u00f1a","@id":"https:\/\/www.alasmedios.com\/#\/schema\/person\/0ba31bdd19a05ebf5c7fef1fedf99c34"},"headline":"Desaf\u00edos de las periodistas deportivas frente a machismo e infravaloraci\u00f3n","datePublished":"2025-06-30T16:37:17+00:00","dateModified":"2025-06-30T16:37:19+00:00","mainEntityOfPage":{"@id":"https:\/\/www.alasmedios.com\/index.php\/2025\/06\/30\/desafios-de-las-periodistas-deportivas-frente-a-machismo-e-infravaloracion\/"},"wordCount":420,"commentCount":0,"publisher":{"@id":"https:\/\/www.alasmedios.com\/#organization"},"image":{"@id":"https:\/\/www.alasmedios.com\/index.php\/2025\/06\/30\/desafios-de-las-periodistas-deportivas-frente-a-machismo-e-infravaloracion\/#primaryimage"},"thumbnailUrl":"https:\/\/www.alasmedios.com\/wp-content\/uploads\/2025\/06\/Desafios-de-las-periodistas-deportivas-frente-a-machismo-e-infravaloracion.png","keywords":["deportes","derechos","equidad","machismo","misoginia","Mujeres","periodistas","periodistas deportivas"],"articleSection":["Ellas Dicen"],"inLanguage":"es","potentialAction":[{"@type":"CommentAction","name":"Comment","target":["https:\/\/www.alasmedios.com\/index.php\/2025\/06\/30\/desafios-de-las-periodistas-deportivas-frente-a-machismo-e-infravaloracion\/#respond"]}]},{"@type":"WebPage","@id":"https:\/\/www.alasmedios.com\/index.php\/2025\/06\/30\/desafios-de-las-periodistas-deportivas-frente-a-machismo-e-infravaloracion\/","url":"https:\/\/www.alasmedios.com\/index.php\/2025\/06\/30\/desafios-de-las-periodistas-deportivas-frente-a-machismo-e-infravaloracion\/","name":"Desaf\u00edos de las periodistas deportivas frente a machismo e infravaloraci\u00f3n - Alas Medios","isPartOf":{"@id":"https:\/\/www.alasmedios.com\/#website"},"primaryImageOfPage":{"@id":"https:\/\/www.alasmedios.com\/index.php\/2025\/06\/30\/desafios-de-las-periodistas-deportivas-frente-a-machismo-e-infravaloracion\/#primaryimage"},"image":{"@id":"https:\/\/www.alasmedios.com\/index.php\/2025\/06\/30\/desafios-de-las-periodistas-deportivas-frente-a-machismo-e-infravaloracion\/#primaryimage"},"thumbnailUrl":"https:\/\/www.alasmedios.com\/wp-content\/uploads\/2025\/06\/Desafios-de-las-periodistas-deportivas-frente-a-machismo-e-infravaloracion.png","datePublished":"2025-06-30T16:37:17+00:00","dateModified":"2025-06-30T16:37:19+00:00","breadcrumb":{"@id":"https:\/\/www.alasmedios.com\/index.php\/2025\/06\/30\/desafios-de-las-periodistas-deportivas-frente-a-machismo-e-infravaloracion\/#breadcrumb"},"inLanguage":"es","potentialAction":[{"@type":"ReadAction","target":["https:\/\/www.alasmedios.com\/index.php\/2025\/06\/30\/desafios-de-las-periodistas-deportivas-frente-a-machismo-e-infravaloracion\/"]}]},{"@type":"ImageObject","inLanguage":"es","@id":"https:\/\/www.alasmedios.com\/index.php\/2025\/06\/30\/desafios-de-las-periodistas-deportivas-frente-a-machismo-e-infravaloracion\/#primaryimage","url":"https:\/\/www.alasmedios.com\/wp-content\/uploads\/2025\/06\/Desafios-de-las-periodistas-deportivas-frente-a-machismo-e-infravaloracion.png","contentUrl":"https:\/\/www.alasmedios.com\/wp-content\/uploads\/2025\/06\/Desafios-de-las-periodistas-deportivas-frente-a-machismo-e-infravaloracion.png","width":1200,"height":628},{"@type":"BreadcrumbList","@id":"https:\/\/www.alasmedios.com\/index.php\/2025\/06\/30\/desafios-de-las-periodistas-deportivas-frente-a-machismo-e-infravaloracion\/#breadcrumb","itemListElement":[{"@type":"ListItem","position":1,"name":"Inicio","item":"https:\/\/www.alasmedios.com\/"},{"@type":"ListItem","position":2,"name":"Desaf\u00edos de las periodistas deportivas frente a machismo e infravaloraci\u00f3n"}]},{"@type":"WebSite","@id":"https:\/\/www.alasmedios.com\/#website","url":"https:\/\/www.alasmedios.com\/","name":"Alas Medios","description":"Alas para pensar, Alas para volar, Alas de libertad","publisher":{"@id":"https:\/\/www.alasmedios.com\/#organization"},"potentialAction":[{"@type":"SearchAction","target":{"@type":"EntryPoint","urlTemplate":"https:\/\/www.alasmedios.com\/?s={search_term_string}"},"query-input":{"@type":"PropertyValueSpecification","valueRequired":true,"valueName":"search_term_string"}}],"inLanguage":"es"},{"@type":"Organization","@id":"https:\/\/www.alasmedios.com\/#organization","name":"Alas Medios","url":"https:\/\/www.alasmedios.com\/","logo":{"@type":"ImageObject","inLanguage":"es","@id":"https:\/\/www.alasmedios.com\/#\/schema\/logo\/image\/","url":"https:\/\/www.alasmedios.com\/wp-content\/uploads\/2026\/01\/cropped-cropped-GAM-1.png","contentUrl":"https:\/\/www.alasmedios.com\/wp-content\/uploads\/2026\/01\/cropped-cropped-GAM-1.png","width":467,"height":235,"caption":"Alas Medios"},"image":{"@id":"https:\/\/www.alasmedios.com\/#\/schema\/logo\/image\/"}},{"@type":"Person","@id":"https:\/\/www.alasmedios.com\/#\/schema\/person\/0ba31bdd19a05ebf5c7fef1fedf99c34","name":"Keila Rodr\u00edguez Pe\u00f1a","image":{"@type":"ImageObject","inLanguage":"es","@id":"https:\/\/secure.gravatar.com\/avatar\/a2553a2bfaa601b9d539b617c8793e151bdffb60f9e48a249912f86d4c9ebeef?s=96&d=mm&r=g","url":"https:\/\/secure.gravatar.com\/avatar\/a2553a2bfaa601b9d539b617c8793e151bdffb60f9e48a249912f86d4c9ebeef?s=96&d=mm&r=g","contentUrl":"https:\/\/secure.gravatar.com\/avatar\/a2553a2bfaa601b9d539b617c8793e151bdffb60f9e48a249912f86d4c9ebeef?s=96&d=mm&r=g","caption":"Keila Rodr\u00edguez Pe\u00f1a"},"sameAs":["http:\/\/www.alasmedios.com"],"url":"https:\/\/www.alasmedios.com\/index.php\/author\/keila\/"}]}},"_links":{"self":[{"href":"https:\/\/www.alasmedios.com\/index.php\/wp-json\/wp\/v2\/posts\/5280","targetHints":{"allow":["GET"]}}],"collection":[{"href":"https:\/\/www.alasmedios.com\/index.php\/wp-json\/wp\/v2\/posts"}],"about":[{"href":"https:\/\/www.alasmedios.com\/index.php\/wp-json\/wp\/v2\/types\/post"}],"author":[{"embeddable":true,"href":"https:\/\/www.alasmedios.com\/index.php\/wp-json\/wp\/v2\/users\/4"}],"replies":[{"embeddable":true,"href":"https:\/\/www.alasmedios.com\/index.php\/wp-json\/wp\/v2\/comments?post=5280"}],"version-history":[{"count":1,"href":"https:\/\/www.alasmedios.com\/index.php\/wp-json\/wp\/v2\/posts\/5280\/revisions"}],"predecessor-version":[{"id":5282,"href":"https:\/\/www.alasmedios.com\/index.php\/wp-json\/wp\/v2\/posts\/5280\/revisions\/5282"}],"wp:featuredmedia":[{"embeddable":true,"href":"https:\/\/www.alasmedios.com\/index.php\/wp-json\/wp\/v2\/media\/5281"}],"wp:attachment":[{"href":"https:\/\/www.alasmedios.com\/index.php\/wp-json\/wp\/v2\/media?parent=5280"}],"wp:term":[{"taxonomy":"category","embeddable":true,"href":"https:\/\/www.alasmedios.com\/index.php\/wp-json\/wp\/v2\/categories?post=5280"},{"taxonomy":"post_tag","embeddable":true,"href":"https:\/\/www.alasmedios.com\/index.php\/wp-json\/wp\/v2\/tags?post=5280"}],"curies":[{"name":"wp","href":"https:\/\/api.w.org\/{rel}","templated":true}]}}