{"id":5276,"date":"2025-06-28T12:55:00","date_gmt":"2025-06-28T17:55:00","guid":{"rendered":"https:\/\/www.alasmedios.com\/?p=5276"},"modified":"2025-06-27T23:21:35","modified_gmt":"2025-06-28T04:21:35","slug":"mexico-compite-en-la-americup-femenil-2025-con-12-guerreras-rumbo-al-mundial","status":"publish","type":"post","link":"https:\/\/www.alasmedios.com\/index.php\/2025\/06\/28\/mexico-compite-en-la-americup-femenil-2025-con-12-guerreras-rumbo-al-mundial\/","title":{"rendered":"M\u00e9xico compite en la AmeriCup Femenil 2025 con 12 guerreras rumbo al Mundial"},"content":{"rendered":"\n<p>Con el objetivo de <strong>clasificar a la Copa del Mundo FIBA 2026<\/strong>, la <strong>selecci\u00f3n mexicana mayor femenil de basquetbol<\/strong> ya se encuentra en <strong>Santiago de Chile<\/strong> para disputar la <strong>AmeriCup Femenil 2025<\/strong>, que se celebrar\u00e1 del <strong>28 de junio al 6 de julio<\/strong>.<\/p>\n\n\n\n<p>El representativo nacional estar\u00e1 conformado por <strong>12 jugadoras<\/strong> que portar\u00e1n con orgullo la camiseta tricolor: <strong>Anisa Jeffries, Karina Esquer, Mariana Valenzuela, Karla Mart\u00ednez, Claudia Ramos, Gabriela J\u00e1quez, Myriam Lara, Alexia Lagunas, Hazel Ram\u00edrez, Mayra Gil, Ariadna Vidales y Katia Gallegos.<\/strong><\/p>\n\n\n\n<p>La <strong>AmeriCup<\/strong>, organizada por la <strong>Federaci\u00f3n Internacional de Baloncesto (FIBA)<\/strong>, es el m\u00e1ximo torneo continental y re\u00fane a <strong>10 selecciones<\/strong> de <strong>Norteam\u00e9rica, Centroam\u00e9rica, el Caribe y Sudam\u00e9rica<\/strong>, divididas en dos grupos. <strong>Grupo A:\u00a0<\/strong>Argentina, Brasil, Canad\u00e1, Rep\u00fablica Dominicana, El Salvador.<\/p>\n\n\n\n<p>CONTIN\u00daA LEYENDO: <a href=\"https:\/\/www.alasmedios.com\/index.php\/2025\/06\/25\/golbol-femenil-juvenil-se-prepara-para-revalidar-el-oro-en-chile-2025\/\" data-type=\"post\" data-id=\"5223\">Golbol femenil juvenil se prepara para revalidar el oro en Chile 2025<\/a><\/p>\n\n\n\n<p>El <strong>Grupo B<\/strong>, donde competir\u00e1 <strong>M\u00e9xico<\/strong>, est\u00e1 integrado tambi\u00e9n por <strong>Chile, Colombia, Puerto Rico y Estados Unidos<\/strong>.<\/p>\n\n\n\n<p>Las <strong>mexicanas debutar\u00e1n este domingo 29 de junio<\/strong> frente a <strong>Chile<\/strong>, a las <strong>15:40 horas (tiempo del centro de M\u00e9xico)<\/strong>, en un duelo clave para avanzar a la siguiente fase. El <strong>equipo campe\u00f3n<\/strong> obtendr\u00e1 su pase directo al Mundial, mientras que los equipos que terminen entre el segundo y sexto lugar disputar\u00e1n <strong>torneos clasificatorios en 2026<\/strong>.<\/p>\n\n\n\n<figure class=\"wp-block-image size-large\"><img loading=\"lazy\" decoding=\"async\" width=\"819\" height=\"1024\" src=\"https:\/\/www.alasmedios.com\/wp-content\/uploads\/2025\/06\/seleccion-mexicana-AmeriCup-2025-819x1024.jpeg\" alt=\"\" class=\"wp-image-5277\" srcset=\"https:\/\/www.alasmedios.com\/wp-content\/uploads\/2025\/06\/seleccion-mexicana-AmeriCup-2025-819x1024.jpeg 819w, https:\/\/www.alasmedios.com\/wp-content\/uploads\/2025\/06\/seleccion-mexicana-AmeriCup-2025-240x300.jpeg 240w, https:\/\/www.alasmedios.com\/wp-content\/uploads\/2025\/06\/seleccion-mexicana-AmeriCup-2025-768x960.jpeg 768w, https:\/\/www.alasmedios.com\/wp-content\/uploads\/2025\/06\/seleccion-mexicana-AmeriCup-2025.jpeg 1080w\" sizes=\"auto, (max-width: 819px) 100vw, 819px\" \/><\/figure>\n\n\n<ul class=\"wp-block-latest-posts__list is-grid columns-3 wp-block-latest-posts\"><li><div class=\"wp-block-latest-posts__featured-image\"><img loading=\"lazy\" decoding=\"async\" width=\"150\" height=\"150\" src=\"https:\/\/www.alasmedios.com\/wp-content\/uploads\/2026\/04\/Argentina-decomisan-bienes-Cristina-Kirchner-150x150.png\" class=\"attachment-thumbnail size-thumbnail wp-post-image\" alt=\"\" style=\"\" \/><\/div><a class=\"wp-block-latest-posts__post-title\" href=\"https:\/\/www.alasmedios.com\/index.php\/2026\/04\/25\/caso-vialidad-argentina-ratifica-decomiso-millonario-a-cristina-kirchner\/\">Caso Vialidad: Argentina ratifica decomiso millonario a Cristina Kirchner<\/a><\/li>\n<li><div class=\"wp-block-latest-posts__featured-image\"><img loading=\"lazy\" decoding=\"async\" width=\"150\" height=\"150\" src=\"https:\/\/www.alasmedios.com\/wp-content\/uploads\/2026\/04\/Puebla-desaparecida-Aguascalientes-150x150.jpeg\" class=\"attachment-thumbnail size-thumbnail wp-post-image\" alt=\"\" style=\"\" \/><\/div><a class=\"wp-block-latest-posts__post-title\" href=\"https:\/\/www.alasmedios.com\/index.php\/2026\/04\/25\/localizan-con-vida-en-aguascalientes-a-adolescente-desaparecida-en-puebla\/\">Localizan con vida en Aguascalientes a adolescente desaparecida en Puebla<\/a><\/li>\n<li><div class=\"wp-block-latest-posts__featured-image\"><img loading=\"lazy\" decoding=\"async\" width=\"150\" height=\"150\" src=\"https:\/\/www.alasmedios.com\/wp-content\/uploads\/2026\/04\/podio-de-la-Copa-del-Mundo-de-Ciclismo-150x150.jpg\" class=\"attachment-thumbnail size-thumbnail wp-post-image\" alt=\"\" style=\"\" \/><\/div><a class=\"wp-block-latest-posts__post-title\" href=\"https:\/\/www.alasmedios.com\/index.php\/2026\/04\/25\/mexico-arranca-con-doble-podio-en-la-copa-del-mundo-de-pista-en-malasia\/\">M\u00e9xico arranca con doble podio en la Copa del Mundo de Pista en Malasia<\/a><\/li>\n<\/ul>","protected":false},"excerpt":{"rendered":"<p>Con el objetivo de clasificar a la Copa del Mundo FIBA 2026, la selecci\u00f3n mexicana mayor femenil de basquetbol ya<\/p>\n","protected":false},"author":4,"featured_media":5278,"comment_status":"open","ping_status":"open","sticky":false,"template":"","format":"standard","meta":{"colormag_page_container_layout":"default_layout","colormag_page_sidebar_layout":"default_layout","rop_custom_images_group":[],"rop_custom_messages_group":[],"rop_publish_now":"initial","rop_publish_now_accounts":[],"rop_publish_now_history":[],"rop_publish_now_status":"pending","iawp_total_views":0,"footnotes":""},"categories":[45],"tags":[2276,2270,2272,2281,1569,2275,223,2279,2280,2273,2274,2282,2271,2278,53,2277],"class_list":["post-5276","post","type-post","status-publish","format-standard","has-post-thumbnail","hentry","category-ellas-dicen","tag-alexia-lagunas","tag-americup-femenil-2025","tag-anisa-jeffries","tag-ariadna-vidales","tag-basquetbol","tag-claudia-ramos","tag-deportes","tag-gabriela-jaquez","tag-hazel-ramirez","tag-karina-esquer","tag-karla-martinez","tag-katia-gallegos","tag-mariana-valenzuela","tag-mayra-gil","tag-mujeres","tag-myriam-lara"],"magazineBlocksPostFeaturedMedia":{"thumbnail":"https:\/\/www.alasmedios.com\/wp-content\/uploads\/2025\/06\/seleccion-mayor-de-basquetbol-150x150.jpeg","medium":"https:\/\/www.alasmedios.com\/wp-content\/uploads\/2025\/06\/seleccion-mayor-de-basquetbol-300x175.jpeg","medium_large":"https:\/\/www.alasmedios.com\/wp-content\/uploads\/2025\/06\/seleccion-mayor-de-basquetbol.jpeg","large":"https:\/\/www.alasmedios.com\/wp-content\/uploads\/2025\/06\/seleccion-mayor-de-basquetbol.jpeg","1536x1536":"https:\/\/www.alasmedios.com\/wp-content\/uploads\/2025\/06\/seleccion-mayor-de-basquetbol.jpeg","2048x2048":"https:\/\/www.alasmedios.com\/wp-content\/uploads\/2025\/06\/seleccion-mayor-de-basquetbol.jpeg","colormag-highlighted-post":"https:\/\/www.alasmedios.com\/wp-content\/uploads\/2025\/06\/seleccion-mayor-de-basquetbol-392x272.jpeg","colormag-featured-post-medium":"https:\/\/www.alasmedios.com\/wp-content\/uploads\/2025\/06\/seleccion-mayor-de-basquetbol-390x205.jpeg","colormag-featured-post-small":"https:\/\/www.alasmedios.com\/wp-content\/uploads\/2025\/06\/seleccion-mayor-de-basquetbol-130x90.jpeg","colormag-featured-image":"https:\/\/www.alasmedios.com\/wp-content\/uploads\/2025\/06\/seleccion-mayor-de-basquetbol.jpeg","colormag-default-news":"https:\/\/www.alasmedios.com\/wp-content\/uploads\/2025\/06\/seleccion-mayor-de-basquetbol-150x150.jpeg","colormag-featured-image-large":"https:\/\/www.alasmedios.com\/wp-content\/uploads\/2025\/06\/seleccion-mayor-de-basquetbol.jpeg"},"magazineBlocksPostAuthor":{"name":"Keila Rodr\u00edguez Pe\u00f1a","avatar":"https:\/\/secure.gravatar.com\/avatar\/a2553a2bfaa601b9d539b617c8793e151bdffb60f9e48a249912f86d4c9ebeef?s=96&d=mm&r=g"},"magazineBlocksPostCommentsNumber":"0","magazineBlocksPostExcerpt":"Con el objetivo de clasificar a la Copa del Mundo FIBA 2026, la selecci\u00f3n mexicana mayor femenil de basquetbol ya","magazineBlocksPostCategories":["Ellas Dicen"],"magazineBlocksPostViewCount":153,"magazineBlocksPostReadTime":2,"magazine_blocks_featured_image_url":{"full":["https:\/\/www.alasmedios.com\/wp-content\/uploads\/2025\/06\/seleccion-mayor-de-basquetbol.jpeg",650,380,false],"medium":["https:\/\/www.alasmedios.com\/wp-content\/uploads\/2025\/06\/seleccion-mayor-de-basquetbol-300x175.jpeg",300,175,true],"thumbnail":["https:\/\/www.alasmedios.com\/wp-content\/uploads\/2025\/06\/seleccion-mayor-de-basquetbol-150x150.jpeg",150,150,true]},"magazine_blocks_author":{"display_name":"Keila Rodr\u00edguez Pe\u00f1a","author_link":"https:\/\/www.alasmedios.com\/index.php\/author\/keila\/"},"magazine_blocks_comment":0,"magazine_blocks_author_image":"https:\/\/secure.gravatar.com\/avatar\/a2553a2bfaa601b9d539b617c8793e151bdffb60f9e48a249912f86d4c9ebeef?s=96&d=mm&r=g","magazine_blocks_category":"<a href=\"#\" class=\"category-link category-link-45\">Ellas Dicen<\/a>","yoast_head":"<!-- This site is optimized with the Yoast SEO plugin v27.4 - https:\/\/yoast.com\/product\/yoast-seo-wordpress\/ -->\r\n<title>M\u00e9xico compite en la AmeriCup Femenil 2025 con 12 guerreras rumbo al Mundial - Alas Medios<\/title>\r\n<meta name=\"robots\" content=\"index, follow, max-snippet:-1, max-image-preview:large, max-video-preview:-1\" \/>\r\n<link rel=\"canonical\" href=\"https:\/\/www.alasmedios.com\/index.php\/2025\/06\/28\/mexico-compite-en-la-americup-femenil-2025-con-12-guerreras-rumbo-al-mundial\/\" \/>\r\n<meta property=\"og:locale\" content=\"es_MX\" \/>\r\n<meta property=\"og:type\" content=\"article\" \/>\r\n<meta property=\"og:title\" content=\"M\u00e9xico compite en la AmeriCup Femenil 2025 con 12 guerreras rumbo al Mundial - Alas Medios\" \/>\r\n<meta property=\"og:description\" content=\"Con el objetivo de clasificar a la Copa del Mundo FIBA 2026, la selecci\u00f3n mexicana mayor femenil de basquetbol ya\" \/>\r\n<meta property=\"og:url\" content=\"https:\/\/www.alasmedios.com\/index.php\/2025\/06\/28\/mexico-compite-en-la-americup-femenil-2025-con-12-guerreras-rumbo-al-mundial\/\" \/>\r\n<meta property=\"og:site_name\" content=\"Alas Medios\" \/>\r\n<meta property=\"article:published_time\" content=\"2025-06-28T17:55:00+00:00\" \/>\r\n<meta property=\"og:image\" content=\"https:\/\/www.alasmedios.com\/wp-content\/uploads\/2025\/06\/seleccion-mayor-de-basquetbol.jpeg\" \/>\r\n\t<meta property=\"og:image:width\" content=\"650\" \/>\r\n\t<meta property=\"og:image:height\" content=\"380\" \/>\r\n\t<meta property=\"og:image:type\" content=\"image\/jpeg\" \/>\r\n<meta name=\"author\" content=\"Keila Rodr\u00edguez Pe\u00f1a\" \/>\r\n<meta name=\"twitter:card\" content=\"summary_large_image\" \/>\r\n<meta name=\"twitter:label1\" content=\"Escrito por\" \/>\n\t<meta name=\"twitter:data1\" content=\"Keila Rodr\u00edguez Pe\u00f1a\" \/>\n\t<meta name=\"twitter:label2\" content=\"Tiempo de lectura\" \/>\n\t<meta name=\"twitter:data2\" content=\"1 minuto\" \/>\r\n<script type=\"application\/ld+json\" class=\"yoast-schema-graph\">{\"@context\":\"https:\\\/\\\/schema.org\",\"@graph\":[{\"@type\":\"Article\",\"@id\":\"https:\\\/\\\/www.alasmedios.com\\\/index.php\\\/2025\\\/06\\\/28\\\/mexico-compite-en-la-americup-femenil-2025-con-12-guerreras-rumbo-al-mundial\\\/#article\",\"isPartOf\":{\"@id\":\"https:\\\/\\\/www.alasmedios.com\\\/index.php\\\/2025\\\/06\\\/28\\\/mexico-compite-en-la-americup-femenil-2025-con-12-guerreras-rumbo-al-mundial\\\/\"},\"author\":{\"name\":\"Keila Rodr\u00edguez Pe\u00f1a\",\"@id\":\"https:\\\/\\\/www.alasmedios.com\\\/#\\\/schema\\\/person\\\/0ba31bdd19a05ebf5c7fef1fedf99c34\"},\"headline\":\"M\u00e9xico compite en la AmeriCup Femenil 2025 con 12 guerreras rumbo al Mundial\",\"datePublished\":\"2025-06-28T17:55:00+00:00\",\"mainEntityOfPage\":{\"@id\":\"https:\\\/\\\/www.alasmedios.com\\\/index.php\\\/2025\\\/06\\\/28\\\/mexico-compite-en-la-americup-femenil-2025-con-12-guerreras-rumbo-al-mundial\\\/\"},\"wordCount\":231,\"commentCount\":0,\"publisher\":{\"@id\":\"https:\\\/\\\/www.alasmedios.com\\\/#organization\"},\"image\":{\"@id\":\"https:\\\/\\\/www.alasmedios.com\\\/index.php\\\/2025\\\/06\\\/28\\\/mexico-compite-en-la-americup-femenil-2025-con-12-guerreras-rumbo-al-mundial\\\/#primaryimage\"},\"thumbnailUrl\":\"https:\\\/\\\/www.alasmedios.com\\\/wp-content\\\/uploads\\\/2025\\\/06\\\/seleccion-mayor-de-basquetbol.jpeg\",\"keywords\":[\"Alexia Lagunas\",\"AmeriCup Femenil 2025\",\"Anisa Jeffries\",\"Ariadna Vidales\",\"basquetbol\",\"Claudia Ramos\",\"deportes\",\"Gabriela J\u00e1quez\",\"Hazel Ram\u00edrez\",\"Karina Esquer\",\"Karla Mart\u00ednez\",\"Katia Gallegos\",\"Mariana Valenzuela\",\"Mayra Gil\",\"Mujeres\",\"Myriam Lara\"],\"articleSection\":[\"Ellas Dicen\"],\"inLanguage\":\"es\",\"potentialAction\":[{\"@type\":\"CommentAction\",\"name\":\"Comment\",\"target\":[\"https:\\\/\\\/www.alasmedios.com\\\/index.php\\\/2025\\\/06\\\/28\\\/mexico-compite-en-la-americup-femenil-2025-con-12-guerreras-rumbo-al-mundial\\\/#respond\"]}]},{\"@type\":\"WebPage\",\"@id\":\"https:\\\/\\\/www.alasmedios.com\\\/index.php\\\/2025\\\/06\\\/28\\\/mexico-compite-en-la-americup-femenil-2025-con-12-guerreras-rumbo-al-mundial\\\/\",\"url\":\"https:\\\/\\\/www.alasmedios.com\\\/index.php\\\/2025\\\/06\\\/28\\\/mexico-compite-en-la-americup-femenil-2025-con-12-guerreras-rumbo-al-mundial\\\/\",\"name\":\"M\u00e9xico compite en la AmeriCup Femenil 2025 con 12 guerreras rumbo al Mundial - Alas Medios\",\"isPartOf\":{\"@id\":\"https:\\\/\\\/www.alasmedios.com\\\/#website\"},\"primaryImageOfPage\":{\"@id\":\"https:\\\/\\\/www.alasmedios.com\\\/index.php\\\/2025\\\/06\\\/28\\\/mexico-compite-en-la-americup-femenil-2025-con-12-guerreras-rumbo-al-mundial\\\/#primaryimage\"},\"image\":{\"@id\":\"https:\\\/\\\/www.alasmedios.com\\\/index.php\\\/2025\\\/06\\\/28\\\/mexico-compite-en-la-americup-femenil-2025-con-12-guerreras-rumbo-al-mundial\\\/#primaryimage\"},\"thumbnailUrl\":\"https:\\\/\\\/www.alasmedios.com\\\/wp-content\\\/uploads\\\/2025\\\/06\\\/seleccion-mayor-de-basquetbol.jpeg\",\"datePublished\":\"2025-06-28T17:55:00+00:00\",\"breadcrumb\":{\"@id\":\"https:\\\/\\\/www.alasmedios.com\\\/index.php\\\/2025\\\/06\\\/28\\\/mexico-compite-en-la-americup-femenil-2025-con-12-guerreras-rumbo-al-mundial\\\/#breadcrumb\"},\"inLanguage\":\"es\",\"potentialAction\":[{\"@type\":\"ReadAction\",\"target\":[\"https:\\\/\\\/www.alasmedios.com\\\/index.php\\\/2025\\\/06\\\/28\\\/mexico-compite-en-la-americup-femenil-2025-con-12-guerreras-rumbo-al-mundial\\\/\"]}]},{\"@type\":\"ImageObject\",\"inLanguage\":\"es\",\"@id\":\"https:\\\/\\\/www.alasmedios.com\\\/index.php\\\/2025\\\/06\\\/28\\\/mexico-compite-en-la-americup-femenil-2025-con-12-guerreras-rumbo-al-mundial\\\/#primaryimage\",\"url\":\"https:\\\/\\\/www.alasmedios.com\\\/wp-content\\\/uploads\\\/2025\\\/06\\\/seleccion-mayor-de-basquetbol.jpeg\",\"contentUrl\":\"https:\\\/\\\/www.alasmedios.com\\\/wp-content\\\/uploads\\\/2025\\\/06\\\/seleccion-mayor-de-basquetbol.jpeg\",\"width\":650,\"height\":380},{\"@type\":\"BreadcrumbList\",\"@id\":\"https:\\\/\\\/www.alasmedios.com\\\/index.php\\\/2025\\\/06\\\/28\\\/mexico-compite-en-la-americup-femenil-2025-con-12-guerreras-rumbo-al-mundial\\\/#breadcrumb\",\"itemListElement\":[{\"@type\":\"ListItem\",\"position\":1,\"name\":\"Inicio\",\"item\":\"https:\\\/\\\/www.alasmedios.com\\\/\"},{\"@type\":\"ListItem\",\"position\":2,\"name\":\"M\u00e9xico compite en la AmeriCup Femenil 2025 con 12 guerreras rumbo al Mundial\"}]},{\"@type\":\"WebSite\",\"@id\":\"https:\\\/\\\/www.alasmedios.com\\\/#website\",\"url\":\"https:\\\/\\\/www.alasmedios.com\\\/\",\"name\":\"Alas Medios\",\"description\":\"Alas para pensar, Alas para volar, Alas de libertad\",\"publisher\":{\"@id\":\"https:\\\/\\\/www.alasmedios.com\\\/#organization\"},\"potentialAction\":[{\"@type\":\"SearchAction\",\"target\":{\"@type\":\"EntryPoint\",\"urlTemplate\":\"https:\\\/\\\/www.alasmedios.com\\\/?s={search_term_string}\"},\"query-input\":{\"@type\":\"PropertyValueSpecification\",\"valueRequired\":true,\"valueName\":\"search_term_string\"}}],\"inLanguage\":\"es\"},{\"@type\":\"Organization\",\"@id\":\"https:\\\/\\\/www.alasmedios.com\\\/#organization\",\"name\":\"Alas Medios\",\"url\":\"https:\\\/\\\/www.alasmedios.com\\\/\",\"logo\":{\"@type\":\"ImageObject\",\"inLanguage\":\"es\",\"@id\":\"https:\\\/\\\/www.alasmedios.com\\\/#\\\/schema\\\/logo\\\/image\\\/\",\"url\":\"https:\\\/\\\/www.alasmedios.com\\\/wp-content\\\/uploads\\\/2026\\\/01\\\/cropped-cropped-GAM-1.png\",\"contentUrl\":\"https:\\\/\\\/www.alasmedios.com\\\/wp-content\\\/uploads\\\/2026\\\/01\\\/cropped-cropped-GAM-1.png\",\"width\":467,\"height\":235,\"caption\":\"Alas Medios\"},\"image\":{\"@id\":\"https:\\\/\\\/www.alasmedios.com\\\/#\\\/schema\\\/logo\\\/image\\\/\"}},{\"@type\":\"Person\",\"@id\":\"https:\\\/\\\/www.alasmedios.com\\\/#\\\/schema\\\/person\\\/0ba31bdd19a05ebf5c7fef1fedf99c34\",\"name\":\"Keila Rodr\u00edguez Pe\u00f1a\",\"image\":{\"@type\":\"ImageObject\",\"inLanguage\":\"es\",\"@id\":\"https:\\\/\\\/secure.gravatar.com\\\/avatar\\\/a2553a2bfaa601b9d539b617c8793e151bdffb60f9e48a249912f86d4c9ebeef?s=96&d=mm&r=g\",\"url\":\"https:\\\/\\\/secure.gravatar.com\\\/avatar\\\/a2553a2bfaa601b9d539b617c8793e151bdffb60f9e48a249912f86d4c9ebeef?s=96&d=mm&r=g\",\"contentUrl\":\"https:\\\/\\\/secure.gravatar.com\\\/avatar\\\/a2553a2bfaa601b9d539b617c8793e151bdffb60f9e48a249912f86d4c9ebeef?s=96&d=mm&r=g\",\"caption\":\"Keila Rodr\u00edguez Pe\u00f1a\"},\"sameAs\":[\"http:\\\/\\\/www.alasmedios.com\"],\"url\":\"https:\\\/\\\/www.alasmedios.com\\\/index.php\\\/author\\\/keila\\\/\"}]}<\/script>\r\n<!-- \/ Yoast SEO plugin. -->","yoast_head_json":{"title":"M\u00e9xico compite en la AmeriCup Femenil 2025 con 12 guerreras rumbo al Mundial - Alas Medios","robots":{"index":"index","follow":"follow","max-snippet":"max-snippet:-1","max-image-preview":"max-image-preview:large","max-video-preview":"max-video-preview:-1"},"canonical":"https:\/\/www.alasmedios.com\/index.php\/2025\/06\/28\/mexico-compite-en-la-americup-femenil-2025-con-12-guerreras-rumbo-al-mundial\/","og_locale":"es_MX","og_type":"article","og_title":"M\u00e9xico compite en la AmeriCup Femenil 2025 con 12 guerreras rumbo al Mundial - Alas Medios","og_description":"Con el objetivo de clasificar a la Copa del Mundo FIBA 2026, la selecci\u00f3n mexicana mayor femenil de basquetbol ya","og_url":"https:\/\/www.alasmedios.com\/index.php\/2025\/06\/28\/mexico-compite-en-la-americup-femenil-2025-con-12-guerreras-rumbo-al-mundial\/","og_site_name":"Alas Medios","article_published_time":"2025-06-28T17:55:00+00:00","og_image":[{"width":650,"height":380,"url":"https:\/\/www.alasmedios.com\/wp-content\/uploads\/2025\/06\/seleccion-mayor-de-basquetbol.jpeg","type":"image\/jpeg"}],"author":"Keila Rodr\u00edguez Pe\u00f1a","twitter_card":"summary_large_image","twitter_misc":{"Escrito por":"Keila Rodr\u00edguez Pe\u00f1a","Tiempo de lectura":"1 minuto"},"schema":{"@context":"https:\/\/schema.org","@graph":[{"@type":"Article","@id":"https:\/\/www.alasmedios.com\/index.php\/2025\/06\/28\/mexico-compite-en-la-americup-femenil-2025-con-12-guerreras-rumbo-al-mundial\/#article","isPartOf":{"@id":"https:\/\/www.alasmedios.com\/index.php\/2025\/06\/28\/mexico-compite-en-la-americup-femenil-2025-con-12-guerreras-rumbo-al-mundial\/"},"author":{"name":"Keila Rodr\u00edguez Pe\u00f1a","@id":"https:\/\/www.alasmedios.com\/#\/schema\/person\/0ba31bdd19a05ebf5c7fef1fedf99c34"},"headline":"M\u00e9xico compite en la AmeriCup Femenil 2025 con 12 guerreras rumbo al Mundial","datePublished":"2025-06-28T17:55:00+00:00","mainEntityOfPage":{"@id":"https:\/\/www.alasmedios.com\/index.php\/2025\/06\/28\/mexico-compite-en-la-americup-femenil-2025-con-12-guerreras-rumbo-al-mundial\/"},"wordCount":231,"commentCount":0,"publisher":{"@id":"https:\/\/www.alasmedios.com\/#organization"},"image":{"@id":"https:\/\/www.alasmedios.com\/index.php\/2025\/06\/28\/mexico-compite-en-la-americup-femenil-2025-con-12-guerreras-rumbo-al-mundial\/#primaryimage"},"thumbnailUrl":"https:\/\/www.alasmedios.com\/wp-content\/uploads\/2025\/06\/seleccion-mayor-de-basquetbol.jpeg","keywords":["Alexia Lagunas","AmeriCup Femenil 2025","Anisa Jeffries","Ariadna Vidales","basquetbol","Claudia Ramos","deportes","Gabriela J\u00e1quez","Hazel Ram\u00edrez","Karina Esquer","Karla Mart\u00ednez","Katia Gallegos","Mariana Valenzuela","Mayra Gil","Mujeres","Myriam Lara"],"articleSection":["Ellas Dicen"],"inLanguage":"es","potentialAction":[{"@type":"CommentAction","name":"Comment","target":["https:\/\/www.alasmedios.com\/index.php\/2025\/06\/28\/mexico-compite-en-la-americup-femenil-2025-con-12-guerreras-rumbo-al-mundial\/#respond"]}]},{"@type":"WebPage","@id":"https:\/\/www.alasmedios.com\/index.php\/2025\/06\/28\/mexico-compite-en-la-americup-femenil-2025-con-12-guerreras-rumbo-al-mundial\/","url":"https:\/\/www.alasmedios.com\/index.php\/2025\/06\/28\/mexico-compite-en-la-americup-femenil-2025-con-12-guerreras-rumbo-al-mundial\/","name":"M\u00e9xico compite en la AmeriCup Femenil 2025 con 12 guerreras rumbo al Mundial - Alas Medios","isPartOf":{"@id":"https:\/\/www.alasmedios.com\/#website"},"primaryImageOfPage":{"@id":"https:\/\/www.alasmedios.com\/index.php\/2025\/06\/28\/mexico-compite-en-la-americup-femenil-2025-con-12-guerreras-rumbo-al-mundial\/#primaryimage"},"image":{"@id":"https:\/\/www.alasmedios.com\/index.php\/2025\/06\/28\/mexico-compite-en-la-americup-femenil-2025-con-12-guerreras-rumbo-al-mundial\/#primaryimage"},"thumbnailUrl":"https:\/\/www.alasmedios.com\/wp-content\/uploads\/2025\/06\/seleccion-mayor-de-basquetbol.jpeg","datePublished":"2025-06-28T17:55:00+00:00","breadcrumb":{"@id":"https:\/\/www.alasmedios.com\/index.php\/2025\/06\/28\/mexico-compite-en-la-americup-femenil-2025-con-12-guerreras-rumbo-al-mundial\/#breadcrumb"},"inLanguage":"es","potentialAction":[{"@type":"ReadAction","target":["https:\/\/www.alasmedios.com\/index.php\/2025\/06\/28\/mexico-compite-en-la-americup-femenil-2025-con-12-guerreras-rumbo-al-mundial\/"]}]},{"@type":"ImageObject","inLanguage":"es","@id":"https:\/\/www.alasmedios.com\/index.php\/2025\/06\/28\/mexico-compite-en-la-americup-femenil-2025-con-12-guerreras-rumbo-al-mundial\/#primaryimage","url":"https:\/\/www.alasmedios.com\/wp-content\/uploads\/2025\/06\/seleccion-mayor-de-basquetbol.jpeg","contentUrl":"https:\/\/www.alasmedios.com\/wp-content\/uploads\/2025\/06\/seleccion-mayor-de-basquetbol.jpeg","width":650,"height":380},{"@type":"BreadcrumbList","@id":"https:\/\/www.alasmedios.com\/index.php\/2025\/06\/28\/mexico-compite-en-la-americup-femenil-2025-con-12-guerreras-rumbo-al-mundial\/#breadcrumb","itemListElement":[{"@type":"ListItem","position":1,"name":"Inicio","item":"https:\/\/www.alasmedios.com\/"},{"@type":"ListItem","position":2,"name":"M\u00e9xico compite en la AmeriCup Femenil 2025 con 12 guerreras rumbo al Mundial"}]},{"@type":"WebSite","@id":"https:\/\/www.alasmedios.com\/#website","url":"https:\/\/www.alasmedios.com\/","name":"Alas Medios","description":"Alas para pensar, Alas para volar, Alas de libertad","publisher":{"@id":"https:\/\/www.alasmedios.com\/#organization"},"potentialAction":[{"@type":"SearchAction","target":{"@type":"EntryPoint","urlTemplate":"https:\/\/www.alasmedios.com\/?s={search_term_string}"},"query-input":{"@type":"PropertyValueSpecification","valueRequired":true,"valueName":"search_term_string"}}],"inLanguage":"es"},{"@type":"Organization","@id":"https:\/\/www.alasmedios.com\/#organization","name":"Alas Medios","url":"https:\/\/www.alasmedios.com\/","logo":{"@type":"ImageObject","inLanguage":"es","@id":"https:\/\/www.alasmedios.com\/#\/schema\/logo\/image\/","url":"https:\/\/www.alasmedios.com\/wp-content\/uploads\/2026\/01\/cropped-cropped-GAM-1.png","contentUrl":"https:\/\/www.alasmedios.com\/wp-content\/uploads\/2026\/01\/cropped-cropped-GAM-1.png","width":467,"height":235,"caption":"Alas Medios"},"image":{"@id":"https:\/\/www.alasmedios.com\/#\/schema\/logo\/image\/"}},{"@type":"Person","@id":"https:\/\/www.alasmedios.com\/#\/schema\/person\/0ba31bdd19a05ebf5c7fef1fedf99c34","name":"Keila Rodr\u00edguez Pe\u00f1a","image":{"@type":"ImageObject","inLanguage":"es","@id":"https:\/\/secure.gravatar.com\/avatar\/a2553a2bfaa601b9d539b617c8793e151bdffb60f9e48a249912f86d4c9ebeef?s=96&d=mm&r=g","url":"https:\/\/secure.gravatar.com\/avatar\/a2553a2bfaa601b9d539b617c8793e151bdffb60f9e48a249912f86d4c9ebeef?s=96&d=mm&r=g","contentUrl":"https:\/\/secure.gravatar.com\/avatar\/a2553a2bfaa601b9d539b617c8793e151bdffb60f9e48a249912f86d4c9ebeef?s=96&d=mm&r=g","caption":"Keila Rodr\u00edguez Pe\u00f1a"},"sameAs":["http:\/\/www.alasmedios.com"],"url":"https:\/\/www.alasmedios.com\/index.php\/author\/keila\/"}]}},"_links":{"self":[{"href":"https:\/\/www.alasmedios.com\/index.php\/wp-json\/wp\/v2\/posts\/5276","targetHints":{"allow":["GET"]}}],"collection":[{"href":"https:\/\/www.alasmedios.com\/index.php\/wp-json\/wp\/v2\/posts"}],"about":[{"href":"https:\/\/www.alasmedios.com\/index.php\/wp-json\/wp\/v2\/types\/post"}],"author":[{"embeddable":true,"href":"https:\/\/www.alasmedios.com\/index.php\/wp-json\/wp\/v2\/users\/4"}],"replies":[{"embeddable":true,"href":"https:\/\/www.alasmedios.com\/index.php\/wp-json\/wp\/v2\/comments?post=5276"}],"version-history":[{"count":1,"href":"https:\/\/www.alasmedios.com\/index.php\/wp-json\/wp\/v2\/posts\/5276\/revisions"}],"predecessor-version":[{"id":5279,"href":"https:\/\/www.alasmedios.com\/index.php\/wp-json\/wp\/v2\/posts\/5276\/revisions\/5279"}],"wp:featuredmedia":[{"embeddable":true,"href":"https:\/\/www.alasmedios.com\/index.php\/wp-json\/wp\/v2\/media\/5278"}],"wp:attachment":[{"href":"https:\/\/www.alasmedios.com\/index.php\/wp-json\/wp\/v2\/media?parent=5276"}],"wp:term":[{"taxonomy":"category","embeddable":true,"href":"https:\/\/www.alasmedios.com\/index.php\/wp-json\/wp\/v2\/categories?post=5276"},{"taxonomy":"post_tag","embeddable":true,"href":"https:\/\/www.alasmedios.com\/index.php\/wp-json\/wp\/v2\/tags?post=5276"}],"curies":[{"name":"wp","href":"https:\/\/api.w.org\/{rel}","templated":true}]}}