{"id":5161,"date":"2025-06-21T12:10:51","date_gmt":"2025-06-21T17:10:51","guid":{"rendered":"https:\/\/www.alasmedios.com\/?p=5161"},"modified":"2025-06-21T12:10:54","modified_gmt":"2025-06-21T17:10:54","slug":"el-yoga-tambien-se-practica-en-linea-y-es-efectivo","status":"publish","type":"post","link":"https:\/\/www.alasmedios.com\/index.php\/2025\/06\/21\/el-yoga-tambien-se-practica-en-linea-y-es-efectivo\/","title":{"rendered":"El yoga tambi\u00e9n se practica en l\u00ednea y es efectivo"},"content":{"rendered":"\n<p>Cada <strong>21 de junio<\/strong>, se celebra el <strong>D\u00eda Internacional del Yoga<\/strong>, una fecha proclamada por la <strong>Asamblea General de las Naciones Unidas en 2014<\/strong>, con el objetivo de reconocer el valor del yoga como una pr\u00e1ctica integral para la <strong>salud f\u00edsica, mental y espiritual<\/strong>.<\/p>\n\n\n\n<p>El yoga se ha consolidado como una herramienta accesible para <strong>mejorar el bienestar<\/strong>. Y con el auge de las plataformas digitales, cada vez m\u00e1s personas recurren a <strong>clases de yoga en l\u00ednea<\/strong>, una opci\u00f3n que <strong>s\u00ed es efectiva<\/strong>, especialmente para quienes <strong>no pueden pagar un estudio privado o desplazarse a uno<\/strong>.<\/p>\n\n\n\n<p>Diversos estudios respaldan su eficacia. Los programas de yoga virtuales bien estructurados <strong>pueden reducir el estr\u00e9s, mejorar la calidad del sue\u00f1o y aumentar la flexibilidad<\/strong>, resultados comparables a los obtenidos en clases presenciales. La clave est\u00e1 en la <strong>constancia, la instrucci\u00f3n guiada por profesionales capacitados y el compromiso personal<\/strong>.<\/p>\n\n\n\n<p>La virtualidad democratiz\u00f3 el acceso. Hoy, alguien en una comunidad rural puede practicar con instructores de todo el mundo, desde su celular, sin costo alguno. Plataformas como <strong>YouTube, FitOn, Insight Timer o incluso canales independientes<\/strong> ofrecen clases gratuitas o de bajo costo, desde niveles b\u00e1sicos hasta avanzados, incluyendo pr\u00e1cticas adaptadas para personas con movilidad limitada.<\/p>\n\n\n\n<p>CONTIN\u00daA LEYENDO: <a href=\"https:\/\/www.alasmedios.com\/index.php\/2025\/06\/21\/educar-sin-sexismo-urgencia-pendiente-en-las-aulas-del-mundo\/\" data-type=\"post\" data-id=\"5156\">Educar sin sexismo: urgencia pendiente en las aulas del mundo<\/a><\/p>\n\n\n\n<p>Adem\u00e1s, el <strong>Ministerio de AYUSH del Gobierno de India<\/strong>, impulsor global del D\u00eda del Yoga, ha promovido desde la pandemia el acceso a <strong>programas digitales gratuitos<\/strong> que siguen los lineamientos tradicionales de esta disciplina milenaria, enfatizando la <strong>correcta respiraci\u00f3n, alineaci\u00f3n y atenci\u00f3n plena<\/strong>.<\/p>\n\n\n\n<p>Para quienes inician, se recomienda elegir contenidos creados por <strong>instructores certificados<\/strong>, preferentemente con explicaciones claras y progresivas. Tambi\u00e9n es importante respetar los l\u00edmites del propio cuerpo y crear un <strong>espacio tranquilo<\/strong> para practicar con regularidad.<\/p>\n\n\n\n<p>Practicar yoga en l\u00ednea es posible: puede ser <strong>transformador<\/strong>. La salud integral es una prioridad, <strong>el yoga virtual rompe barreras econ\u00f3micas y geogr\u00e1ficas<\/strong>, ofreciendo a m\u00e1s personas la posibilidad de reconectar consigo mismas.<\/p>\n\n\n<ul class=\"wp-block-latest-posts__list is-grid columns-3 wp-block-latest-posts\"><li><div class=\"wp-block-latest-posts__featured-image\"><img loading=\"lazy\" decoding=\"async\" width=\"150\" height=\"150\" src=\"https:\/\/www.alasmedios.com\/wp-content\/uploads\/2026\/05\/AMPEP-inteligencia-artificial-150x150.jpg\" class=\"attachment-thumbnail size-thumbnail wp-post-image\" alt=\"\" style=\"\" \/><\/div><a class=\"wp-block-latest-posts__post-title\" href=\"https:\/\/www.alasmedios.com\/index.php\/2026\/05\/01\/periodismo-frente-a-la-ia-ampep-asume-liderazgo-y-apuesta-por-contar-historias-con-alma\/\">Periodismo frente a la IA: AMPEP asume liderazgo y apuesta por contar historias con \u201calma\u201d<\/a><\/li>\n<li><div class=\"wp-block-latest-posts__featured-image\"><img loading=\"lazy\" decoding=\"async\" width=\"150\" height=\"150\" src=\"https:\/\/www.alasmedios.com\/wp-content\/uploads\/2026\/05\/Hidalgo-viene-un-respiro-con-el-frente-frio-48-150x150.png\" class=\"attachment-thumbnail size-thumbnail wp-post-image\" alt=\"\" style=\"\" \/><\/div><a class=\"wp-block-latest-posts__post-title\" href=\"https:\/\/www.alasmedios.com\/index.php\/2026\/05\/01\/frente-frio-48-un-alivio-asi-impactara-en-hidalgo\/\">Frente fr\u00edo 48, un alivio: as\u00ed impactar\u00e1 en Hidalgo<\/a><\/li>\n<li><div class=\"wp-block-latest-posts__featured-image\"><img loading=\"lazy\" decoding=\"async\" width=\"150\" height=\"150\" src=\"https:\/\/www.alasmedios.com\/wp-content\/uploads\/2026\/05\/mujeres-depresion-posparto-150x150.png\" class=\"attachment-thumbnail size-thumbnail wp-post-image\" alt=\"\" style=\"\" \/><\/div><a class=\"wp-block-latest-posts__post-title\" href=\"https:\/\/www.alasmedios.com\/index.php\/2026\/05\/01\/1-de-cada-15-mujeres-sufre-depresion-posparto\/\">1 de cada 15 mujeres sufre depresi\u00f3n posparto<\/a><\/li>\n<\/ul>","protected":false},"excerpt":{"rendered":"<p>Cada 21 de junio, se celebra el D\u00eda Internacional del Yoga, una fecha proclamada por la Asamblea General de las<\/p>\n","protected":false},"author":4,"featured_media":5162,"comment_status":"open","ping_status":"open","sticky":false,"template":"","format":"standard","meta":{"colormag_page_container_layout":"default_layout","colormag_page_sidebar_layout":"default_layout","rop_custom_images_group":[],"rop_custom_messages_group":[],"rop_publish_now":"initial","rop_publish_now_accounts":[],"rop_publish_now_history":[],"rop_publish_now_status":"pending","iawp_total_views":0,"footnotes":""},"categories":[42],"tags":[2213,2210,2212,136,2211],"class_list":["post-5161","post","type-post","status-publish","format-standard","has-post-thumbnail","hentry","category-familia_salud","tag-actividad-fisica","tag-dia-internacional-del-yoga","tag-ejercicio","tag-salud","tag-yoga"],"magazineBlocksPostFeaturedMedia":{"thumbnail":"https:\/\/www.alasmedios.com\/wp-content\/uploads\/2025\/06\/El-yoga-tambien-se-practica-en-linea-y-es-efectivo-150x150.png","medium":"https:\/\/www.alasmedios.com\/wp-content\/uploads\/2025\/06\/El-yoga-tambien-se-practica-en-linea-y-es-efectivo-300x182.png","medium_large":"https:\/\/www.alasmedios.com\/wp-content\/uploads\/2025\/06\/El-yoga-tambien-se-practica-en-linea-y-es-efectivo-768x466.png","large":"https:\/\/www.alasmedios.com\/wp-content\/uploads\/2025\/06\/El-yoga-tambien-se-practica-en-linea-y-es-efectivo-1024x622.png","1536x1536":"https:\/\/www.alasmedios.com\/wp-content\/uploads\/2025\/06\/El-yoga-tambien-se-practica-en-linea-y-es-efectivo-1536x932.png","2048x2048":"https:\/\/www.alasmedios.com\/wp-content\/uploads\/2025\/06\/El-yoga-tambien-se-practica-en-linea-y-es-efectivo.png","colormag-highlighted-post":"https:\/\/www.alasmedios.com\/wp-content\/uploads\/2025\/06\/El-yoga-tambien-se-practica-en-linea-y-es-efectivo-392x272.png","colormag-featured-post-medium":"https:\/\/www.alasmedios.com\/wp-content\/uploads\/2025\/06\/El-yoga-tambien-se-practica-en-linea-y-es-efectivo-390x205.png","colormag-featured-post-small":"https:\/\/www.alasmedios.com\/wp-content\/uploads\/2025\/06\/El-yoga-tambien-se-practica-en-linea-y-es-efectivo-130x90.png","colormag-featured-image":"https:\/\/www.alasmedios.com\/wp-content\/uploads\/2025\/06\/El-yoga-tambien-se-practica-en-linea-y-es-efectivo-800x445.png","colormag-default-news":"https:\/\/www.alasmedios.com\/wp-content\/uploads\/2025\/06\/El-yoga-tambien-se-practica-en-linea-y-es-efectivo-150x150.png","colormag-featured-image-large":"https:\/\/www.alasmedios.com\/wp-content\/uploads\/2025\/06\/El-yoga-tambien-se-practica-en-linea-y-es-efectivo-1400x600.png"},"magazineBlocksPostAuthor":{"name":"Keila Rodr\u00edguez Pe\u00f1a","avatar":"https:\/\/secure.gravatar.com\/avatar\/a2553a2bfaa601b9d539b617c8793e151bdffb60f9e48a249912f86d4c9ebeef?s=96&d=mm&r=g"},"magazineBlocksPostCommentsNumber":"0","magazineBlocksPostExcerpt":"Cada 21 de junio, se celebra el D\u00eda Internacional del Yoga, una fecha proclamada por la Asamblea General de las","magazineBlocksPostCategories":["Familia y Bienestar"],"magazineBlocksPostViewCount":234,"magazineBlocksPostReadTime":2,"magazine_blocks_featured_image_url":{"full":["https:\/\/www.alasmedios.com\/wp-content\/uploads\/2025\/06\/El-yoga-tambien-se-practica-en-linea-y-es-efectivo.png",2000,1214,false],"medium":["https:\/\/www.alasmedios.com\/wp-content\/uploads\/2025\/06\/El-yoga-tambien-se-practica-en-linea-y-es-efectivo-300x182.png",300,182,true],"thumbnail":["https:\/\/www.alasmedios.com\/wp-content\/uploads\/2025\/06\/El-yoga-tambien-se-practica-en-linea-y-es-efectivo-150x150.png",150,150,true]},"magazine_blocks_author":{"display_name":"Keila Rodr\u00edguez Pe\u00f1a","author_link":"https:\/\/www.alasmedios.com\/index.php\/author\/keila\/"},"magazine_blocks_comment":0,"magazine_blocks_author_image":"https:\/\/secure.gravatar.com\/avatar\/a2553a2bfaa601b9d539b617c8793e151bdffb60f9e48a249912f86d4c9ebeef?s=96&d=mm&r=g","magazine_blocks_category":"<a href=\"#\" class=\"category-link category-link-42\">Familia y Bienestar<\/a>","yoast_head":"<!-- This site is optimized with the Yoast SEO plugin v27.5 - https:\/\/yoast.com\/product\/yoast-seo-wordpress\/ -->\r\n<title>El yoga tambi\u00e9n se practica en l\u00ednea y es efectivo - Alas Medios<\/title>\r\n<meta name=\"robots\" content=\"index, follow, max-snippet:-1, max-image-preview:large, max-video-preview:-1\" \/>\r\n<link rel=\"canonical\" href=\"https:\/\/www.alasmedios.com\/index.php\/2025\/06\/21\/el-yoga-tambien-se-practica-en-linea-y-es-efectivo\/\" \/>\r\n<meta property=\"og:locale\" content=\"es_MX\" \/>\r\n<meta property=\"og:type\" content=\"article\" \/>\r\n<meta property=\"og:title\" content=\"El yoga tambi\u00e9n se practica en l\u00ednea y es efectivo - Alas Medios\" \/>\r\n<meta property=\"og:description\" content=\"Cada 21 de junio, se celebra el D\u00eda Internacional del Yoga, una fecha proclamada por la Asamblea General de las\" \/>\r\n<meta property=\"og:url\" content=\"https:\/\/www.alasmedios.com\/index.php\/2025\/06\/21\/el-yoga-tambien-se-practica-en-linea-y-es-efectivo\/\" \/>\r\n<meta property=\"og:site_name\" content=\"Alas Medios\" \/>\r\n<meta property=\"article:published_time\" content=\"2025-06-21T17:10:51+00:00\" \/>\r\n<meta property=\"article:modified_time\" content=\"2025-06-21T17:10:54+00:00\" \/>\r\n<meta property=\"og:image\" content=\"https:\/\/www.alasmedios.com\/wp-content\/uploads\/2025\/06\/El-yoga-tambien-se-practica-en-linea-y-es-efectivo-1024x622.png\" \/>\r\n\t<meta property=\"og:image:width\" content=\"1024\" \/>\r\n\t<meta property=\"og:image:height\" content=\"622\" \/>\r\n\t<meta property=\"og:image:type\" content=\"image\/png\" \/>\r\n<meta name=\"author\" content=\"Keila Rodr\u00edguez Pe\u00f1a\" \/>\r\n<meta name=\"twitter:card\" content=\"summary_large_image\" \/>\r\n<meta name=\"twitter:label1\" content=\"Escrito por\" \/>\n\t<meta name=\"twitter:data1\" content=\"Keila Rodr\u00edguez Pe\u00f1a\" \/>\n\t<meta name=\"twitter:label2\" content=\"Tiempo de lectura\" \/>\n\t<meta name=\"twitter:data2\" content=\"2 minutos\" \/>\r\n<script type=\"application\/ld+json\" class=\"yoast-schema-graph\">{\"@context\":\"https:\\\/\\\/schema.org\",\"@graph\":[{\"@type\":\"Article\",\"@id\":\"https:\\\/\\\/www.alasmedios.com\\\/index.php\\\/2025\\\/06\\\/21\\\/el-yoga-tambien-se-practica-en-linea-y-es-efectivo\\\/#article\",\"isPartOf\":{\"@id\":\"https:\\\/\\\/www.alasmedios.com\\\/index.php\\\/2025\\\/06\\\/21\\\/el-yoga-tambien-se-practica-en-linea-y-es-efectivo\\\/\"},\"author\":{\"name\":\"Keila Rodr\u00edguez Pe\u00f1a\",\"@id\":\"https:\\\/\\\/www.alasmedios.com\\\/#\\\/schema\\\/person\\\/0ba31bdd19a05ebf5c7fef1fedf99c34\"},\"headline\":\"El yoga tambi\u00e9n se practica en l\u00ednea y es efectivo\",\"datePublished\":\"2025-06-21T17:10:51+00:00\",\"dateModified\":\"2025-06-21T17:10:54+00:00\",\"mainEntityOfPage\":{\"@id\":\"https:\\\/\\\/www.alasmedios.com\\\/index.php\\\/2025\\\/06\\\/21\\\/el-yoga-tambien-se-practica-en-linea-y-es-efectivo\\\/\"},\"wordCount\":355,\"commentCount\":0,\"publisher\":{\"@id\":\"https:\\\/\\\/www.alasmedios.com\\\/#organization\"},\"image\":{\"@id\":\"https:\\\/\\\/www.alasmedios.com\\\/index.php\\\/2025\\\/06\\\/21\\\/el-yoga-tambien-se-practica-en-linea-y-es-efectivo\\\/#primaryimage\"},\"thumbnailUrl\":\"https:\\\/\\\/www.alasmedios.com\\\/wp-content\\\/uploads\\\/2025\\\/06\\\/El-yoga-tambien-se-practica-en-linea-y-es-efectivo.png\",\"keywords\":[\"actividad f\u00edsica\",\"D\u00eda Internacional del Yoga\",\"ejercicio\",\"Salud\",\"yoga\"],\"articleSection\":[\"Familia y Bienestar\"],\"inLanguage\":\"es\",\"potentialAction\":[{\"@type\":\"CommentAction\",\"name\":\"Comment\",\"target\":[\"https:\\\/\\\/www.alasmedios.com\\\/index.php\\\/2025\\\/06\\\/21\\\/el-yoga-tambien-se-practica-en-linea-y-es-efectivo\\\/#respond\"]}]},{\"@type\":\"WebPage\",\"@id\":\"https:\\\/\\\/www.alasmedios.com\\\/index.php\\\/2025\\\/06\\\/21\\\/el-yoga-tambien-se-practica-en-linea-y-es-efectivo\\\/\",\"url\":\"https:\\\/\\\/www.alasmedios.com\\\/index.php\\\/2025\\\/06\\\/21\\\/el-yoga-tambien-se-practica-en-linea-y-es-efectivo\\\/\",\"name\":\"El yoga tambi\u00e9n se practica en l\u00ednea y es efectivo - Alas Medios\",\"isPartOf\":{\"@id\":\"https:\\\/\\\/www.alasmedios.com\\\/#website\"},\"primaryImageOfPage\":{\"@id\":\"https:\\\/\\\/www.alasmedios.com\\\/index.php\\\/2025\\\/06\\\/21\\\/el-yoga-tambien-se-practica-en-linea-y-es-efectivo\\\/#primaryimage\"},\"image\":{\"@id\":\"https:\\\/\\\/www.alasmedios.com\\\/index.php\\\/2025\\\/06\\\/21\\\/el-yoga-tambien-se-practica-en-linea-y-es-efectivo\\\/#primaryimage\"},\"thumbnailUrl\":\"https:\\\/\\\/www.alasmedios.com\\\/wp-content\\\/uploads\\\/2025\\\/06\\\/El-yoga-tambien-se-practica-en-linea-y-es-efectivo.png\",\"datePublished\":\"2025-06-21T17:10:51+00:00\",\"dateModified\":\"2025-06-21T17:10:54+00:00\",\"breadcrumb\":{\"@id\":\"https:\\\/\\\/www.alasmedios.com\\\/index.php\\\/2025\\\/06\\\/21\\\/el-yoga-tambien-se-practica-en-linea-y-es-efectivo\\\/#breadcrumb\"},\"inLanguage\":\"es\",\"potentialAction\":[{\"@type\":\"ReadAction\",\"target\":[\"https:\\\/\\\/www.alasmedios.com\\\/index.php\\\/2025\\\/06\\\/21\\\/el-yoga-tambien-se-practica-en-linea-y-es-efectivo\\\/\"]}]},{\"@type\":\"ImageObject\",\"inLanguage\":\"es\",\"@id\":\"https:\\\/\\\/www.alasmedios.com\\\/index.php\\\/2025\\\/06\\\/21\\\/el-yoga-tambien-se-practica-en-linea-y-es-efectivo\\\/#primaryimage\",\"url\":\"https:\\\/\\\/www.alasmedios.com\\\/wp-content\\\/uploads\\\/2025\\\/06\\\/El-yoga-tambien-se-practica-en-linea-y-es-efectivo.png\",\"contentUrl\":\"https:\\\/\\\/www.alasmedios.com\\\/wp-content\\\/uploads\\\/2025\\\/06\\\/El-yoga-tambien-se-practica-en-linea-y-es-efectivo.png\",\"width\":2000,\"height\":1214},{\"@type\":\"BreadcrumbList\",\"@id\":\"https:\\\/\\\/www.alasmedios.com\\\/index.php\\\/2025\\\/06\\\/21\\\/el-yoga-tambien-se-practica-en-linea-y-es-efectivo\\\/#breadcrumb\",\"itemListElement\":[{\"@type\":\"ListItem\",\"position\":1,\"name\":\"Inicio\",\"item\":\"https:\\\/\\\/www.alasmedios.com\\\/\"},{\"@type\":\"ListItem\",\"position\":2,\"name\":\"El yoga tambi\u00e9n se practica en l\u00ednea y es efectivo\"}]},{\"@type\":\"WebSite\",\"@id\":\"https:\\\/\\\/www.alasmedios.com\\\/#website\",\"url\":\"https:\\\/\\\/www.alasmedios.com\\\/\",\"name\":\"Alas Medios\",\"description\":\"Alas para pensar, Alas para volar, Alas de libertad\",\"publisher\":{\"@id\":\"https:\\\/\\\/www.alasmedios.com\\\/#organization\"},\"potentialAction\":[{\"@type\":\"SearchAction\",\"target\":{\"@type\":\"EntryPoint\",\"urlTemplate\":\"https:\\\/\\\/www.alasmedios.com\\\/?s={search_term_string}\"},\"query-input\":{\"@type\":\"PropertyValueSpecification\",\"valueRequired\":true,\"valueName\":\"search_term_string\"}}],\"inLanguage\":\"es\"},{\"@type\":\"Organization\",\"@id\":\"https:\\\/\\\/www.alasmedios.com\\\/#organization\",\"name\":\"Alas Medios\",\"url\":\"https:\\\/\\\/www.alasmedios.com\\\/\",\"logo\":{\"@type\":\"ImageObject\",\"inLanguage\":\"es\",\"@id\":\"https:\\\/\\\/www.alasmedios.com\\\/#\\\/schema\\\/logo\\\/image\\\/\",\"url\":\"https:\\\/\\\/www.alasmedios.com\\\/wp-content\\\/uploads\\\/2026\\\/01\\\/cropped-cropped-GAM-1.png\",\"contentUrl\":\"https:\\\/\\\/www.alasmedios.com\\\/wp-content\\\/uploads\\\/2026\\\/01\\\/cropped-cropped-GAM-1.png\",\"width\":467,\"height\":235,\"caption\":\"Alas Medios\"},\"image\":{\"@id\":\"https:\\\/\\\/www.alasmedios.com\\\/#\\\/schema\\\/logo\\\/image\\\/\"}},{\"@type\":\"Person\",\"@id\":\"https:\\\/\\\/www.alasmedios.com\\\/#\\\/schema\\\/person\\\/0ba31bdd19a05ebf5c7fef1fedf99c34\",\"name\":\"Keila Rodr\u00edguez Pe\u00f1a\",\"image\":{\"@type\":\"ImageObject\",\"inLanguage\":\"es\",\"@id\":\"https:\\\/\\\/secure.gravatar.com\\\/avatar\\\/a2553a2bfaa601b9d539b617c8793e151bdffb60f9e48a249912f86d4c9ebeef?s=96&d=mm&r=g\",\"url\":\"https:\\\/\\\/secure.gravatar.com\\\/avatar\\\/a2553a2bfaa601b9d539b617c8793e151bdffb60f9e48a249912f86d4c9ebeef?s=96&d=mm&r=g\",\"contentUrl\":\"https:\\\/\\\/secure.gravatar.com\\\/avatar\\\/a2553a2bfaa601b9d539b617c8793e151bdffb60f9e48a249912f86d4c9ebeef?s=96&d=mm&r=g\",\"caption\":\"Keila Rodr\u00edguez Pe\u00f1a\"},\"sameAs\":[\"http:\\\/\\\/www.alasmedios.com\"],\"url\":\"https:\\\/\\\/www.alasmedios.com\\\/index.php\\\/author\\\/keila\\\/\"}]}<\/script>\r\n<!-- \/ Yoast SEO plugin. -->","yoast_head_json":{"title":"El yoga tambi\u00e9n se practica en l\u00ednea y es efectivo - Alas Medios","robots":{"index":"index","follow":"follow","max-snippet":"max-snippet:-1","max-image-preview":"max-image-preview:large","max-video-preview":"max-video-preview:-1"},"canonical":"https:\/\/www.alasmedios.com\/index.php\/2025\/06\/21\/el-yoga-tambien-se-practica-en-linea-y-es-efectivo\/","og_locale":"es_MX","og_type":"article","og_title":"El yoga tambi\u00e9n se practica en l\u00ednea y es efectivo - Alas Medios","og_description":"Cada 21 de junio, se celebra el D\u00eda Internacional del Yoga, una fecha proclamada por la Asamblea General de las","og_url":"https:\/\/www.alasmedios.com\/index.php\/2025\/06\/21\/el-yoga-tambien-se-practica-en-linea-y-es-efectivo\/","og_site_name":"Alas Medios","article_published_time":"2025-06-21T17:10:51+00:00","article_modified_time":"2025-06-21T17:10:54+00:00","og_image":[{"width":1024,"height":622,"url":"https:\/\/www.alasmedios.com\/wp-content\/uploads\/2025\/06\/El-yoga-tambien-se-practica-en-linea-y-es-efectivo-1024x622.png","type":"image\/png"}],"author":"Keila Rodr\u00edguez Pe\u00f1a","twitter_card":"summary_large_image","twitter_misc":{"Escrito por":"Keila Rodr\u00edguez Pe\u00f1a","Tiempo de lectura":"2 minutos"},"schema":{"@context":"https:\/\/schema.org","@graph":[{"@type":"Article","@id":"https:\/\/www.alasmedios.com\/index.php\/2025\/06\/21\/el-yoga-tambien-se-practica-en-linea-y-es-efectivo\/#article","isPartOf":{"@id":"https:\/\/www.alasmedios.com\/index.php\/2025\/06\/21\/el-yoga-tambien-se-practica-en-linea-y-es-efectivo\/"},"author":{"name":"Keila Rodr\u00edguez Pe\u00f1a","@id":"https:\/\/www.alasmedios.com\/#\/schema\/person\/0ba31bdd19a05ebf5c7fef1fedf99c34"},"headline":"El yoga tambi\u00e9n se practica en l\u00ednea y es efectivo","datePublished":"2025-06-21T17:10:51+00:00","dateModified":"2025-06-21T17:10:54+00:00","mainEntityOfPage":{"@id":"https:\/\/www.alasmedios.com\/index.php\/2025\/06\/21\/el-yoga-tambien-se-practica-en-linea-y-es-efectivo\/"},"wordCount":355,"commentCount":0,"publisher":{"@id":"https:\/\/www.alasmedios.com\/#organization"},"image":{"@id":"https:\/\/www.alasmedios.com\/index.php\/2025\/06\/21\/el-yoga-tambien-se-practica-en-linea-y-es-efectivo\/#primaryimage"},"thumbnailUrl":"https:\/\/www.alasmedios.com\/wp-content\/uploads\/2025\/06\/El-yoga-tambien-se-practica-en-linea-y-es-efectivo.png","keywords":["actividad f\u00edsica","D\u00eda Internacional del Yoga","ejercicio","Salud","yoga"],"articleSection":["Familia y Bienestar"],"inLanguage":"es","potentialAction":[{"@type":"CommentAction","name":"Comment","target":["https:\/\/www.alasmedios.com\/index.php\/2025\/06\/21\/el-yoga-tambien-se-practica-en-linea-y-es-efectivo\/#respond"]}]},{"@type":"WebPage","@id":"https:\/\/www.alasmedios.com\/index.php\/2025\/06\/21\/el-yoga-tambien-se-practica-en-linea-y-es-efectivo\/","url":"https:\/\/www.alasmedios.com\/index.php\/2025\/06\/21\/el-yoga-tambien-se-practica-en-linea-y-es-efectivo\/","name":"El yoga tambi\u00e9n se practica en l\u00ednea y es efectivo - Alas Medios","isPartOf":{"@id":"https:\/\/www.alasmedios.com\/#website"},"primaryImageOfPage":{"@id":"https:\/\/www.alasmedios.com\/index.php\/2025\/06\/21\/el-yoga-tambien-se-practica-en-linea-y-es-efectivo\/#primaryimage"},"image":{"@id":"https:\/\/www.alasmedios.com\/index.php\/2025\/06\/21\/el-yoga-tambien-se-practica-en-linea-y-es-efectivo\/#primaryimage"},"thumbnailUrl":"https:\/\/www.alasmedios.com\/wp-content\/uploads\/2025\/06\/El-yoga-tambien-se-practica-en-linea-y-es-efectivo.png","datePublished":"2025-06-21T17:10:51+00:00","dateModified":"2025-06-21T17:10:54+00:00","breadcrumb":{"@id":"https:\/\/www.alasmedios.com\/index.php\/2025\/06\/21\/el-yoga-tambien-se-practica-en-linea-y-es-efectivo\/#breadcrumb"},"inLanguage":"es","potentialAction":[{"@type":"ReadAction","target":["https:\/\/www.alasmedios.com\/index.php\/2025\/06\/21\/el-yoga-tambien-se-practica-en-linea-y-es-efectivo\/"]}]},{"@type":"ImageObject","inLanguage":"es","@id":"https:\/\/www.alasmedios.com\/index.php\/2025\/06\/21\/el-yoga-tambien-se-practica-en-linea-y-es-efectivo\/#primaryimage","url":"https:\/\/www.alasmedios.com\/wp-content\/uploads\/2025\/06\/El-yoga-tambien-se-practica-en-linea-y-es-efectivo.png","contentUrl":"https:\/\/www.alasmedios.com\/wp-content\/uploads\/2025\/06\/El-yoga-tambien-se-practica-en-linea-y-es-efectivo.png","width":2000,"height":1214},{"@type":"BreadcrumbList","@id":"https:\/\/www.alasmedios.com\/index.php\/2025\/06\/21\/el-yoga-tambien-se-practica-en-linea-y-es-efectivo\/#breadcrumb","itemListElement":[{"@type":"ListItem","position":1,"name":"Inicio","item":"https:\/\/www.alasmedios.com\/"},{"@type":"ListItem","position":2,"name":"El yoga tambi\u00e9n se practica en l\u00ednea y es efectivo"}]},{"@type":"WebSite","@id":"https:\/\/www.alasmedios.com\/#website","url":"https:\/\/www.alasmedios.com\/","name":"Alas Medios","description":"Alas para pensar, Alas para volar, Alas de libertad","publisher":{"@id":"https:\/\/www.alasmedios.com\/#organization"},"potentialAction":[{"@type":"SearchAction","target":{"@type":"EntryPoint","urlTemplate":"https:\/\/www.alasmedios.com\/?s={search_term_string}"},"query-input":{"@type":"PropertyValueSpecification","valueRequired":true,"valueName":"search_term_string"}}],"inLanguage":"es"},{"@type":"Organization","@id":"https:\/\/www.alasmedios.com\/#organization","name":"Alas Medios","url":"https:\/\/www.alasmedios.com\/","logo":{"@type":"ImageObject","inLanguage":"es","@id":"https:\/\/www.alasmedios.com\/#\/schema\/logo\/image\/","url":"https:\/\/www.alasmedios.com\/wp-content\/uploads\/2026\/01\/cropped-cropped-GAM-1.png","contentUrl":"https:\/\/www.alasmedios.com\/wp-content\/uploads\/2026\/01\/cropped-cropped-GAM-1.png","width":467,"height":235,"caption":"Alas Medios"},"image":{"@id":"https:\/\/www.alasmedios.com\/#\/schema\/logo\/image\/"}},{"@type":"Person","@id":"https:\/\/www.alasmedios.com\/#\/schema\/person\/0ba31bdd19a05ebf5c7fef1fedf99c34","name":"Keila Rodr\u00edguez Pe\u00f1a","image":{"@type":"ImageObject","inLanguage":"es","@id":"https:\/\/secure.gravatar.com\/avatar\/a2553a2bfaa601b9d539b617c8793e151bdffb60f9e48a249912f86d4c9ebeef?s=96&d=mm&r=g","url":"https:\/\/secure.gravatar.com\/avatar\/a2553a2bfaa601b9d539b617c8793e151bdffb60f9e48a249912f86d4c9ebeef?s=96&d=mm&r=g","contentUrl":"https:\/\/secure.gravatar.com\/avatar\/a2553a2bfaa601b9d539b617c8793e151bdffb60f9e48a249912f86d4c9ebeef?s=96&d=mm&r=g","caption":"Keila Rodr\u00edguez Pe\u00f1a"},"sameAs":["http:\/\/www.alasmedios.com"],"url":"https:\/\/www.alasmedios.com\/index.php\/author\/keila\/"}]}},"_links":{"self":[{"href":"https:\/\/www.alasmedios.com\/index.php\/wp-json\/wp\/v2\/posts\/5161","targetHints":{"allow":["GET"]}}],"collection":[{"href":"https:\/\/www.alasmedios.com\/index.php\/wp-json\/wp\/v2\/posts"}],"about":[{"href":"https:\/\/www.alasmedios.com\/index.php\/wp-json\/wp\/v2\/types\/post"}],"author":[{"embeddable":true,"href":"https:\/\/www.alasmedios.com\/index.php\/wp-json\/wp\/v2\/users\/4"}],"replies":[{"embeddable":true,"href":"https:\/\/www.alasmedios.com\/index.php\/wp-json\/wp\/v2\/comments?post=5161"}],"version-history":[{"count":1,"href":"https:\/\/www.alasmedios.com\/index.php\/wp-json\/wp\/v2\/posts\/5161\/revisions"}],"predecessor-version":[{"id":5163,"href":"https:\/\/www.alasmedios.com\/index.php\/wp-json\/wp\/v2\/posts\/5161\/revisions\/5163"}],"wp:featuredmedia":[{"embeddable":true,"href":"https:\/\/www.alasmedios.com\/index.php\/wp-json\/wp\/v2\/media\/5162"}],"wp:attachment":[{"href":"https:\/\/www.alasmedios.com\/index.php\/wp-json\/wp\/v2\/media?parent=5161"}],"wp:term":[{"taxonomy":"category","embeddable":true,"href":"https:\/\/www.alasmedios.com\/index.php\/wp-json\/wp\/v2\/categories?post=5161"},{"taxonomy":"post_tag","embeddable":true,"href":"https:\/\/www.alasmedios.com\/index.php\/wp-json\/wp\/v2\/tags?post=5161"}],"curies":[{"name":"wp","href":"https:\/\/api.w.org\/{rel}","templated":true}]}}