{"id":5122,"date":"2025-06-18T15:56:14","date_gmt":"2025-06-18T20:56:14","guid":{"rendered":"https:\/\/www.alasmedios.com\/?p=5122"},"modified":"2025-06-18T15:56:15","modified_gmt":"2025-06-18T20:56:15","slug":"del-crimen-pasional-al-feminicidio-nombrar-para-hacer-justicia","status":"publish","type":"post","link":"https:\/\/www.alasmedios.com\/index.php\/2025\/06\/18\/del-crimen-pasional-al-feminicidio-nombrar-para-hacer-justicia\/","title":{"rendered":"Del \u201ccrimen pasional\u201d al feminicidio: nombrar para hacer justicia"},"content":{"rendered":"\n<p>Durante d\u00e9cadas, los medios de comunicaci\u00f3n, las autoridades y la sociedad en general utilizaron la expresi\u00f3n <strong>\u201ccrimen pasional\u201d<\/strong> para describir asesinatos de mujeres cometidos por sus parejas o exparejas. <\/p>\n\n\n\n<p>Esta frase, aparentemente inocente, fue en realidad una herramienta de <strong>encubrimiento y justificaci\u00f3n<\/strong>, que <strong>matizaba la violencia extrema<\/strong> y restaba <strong>responsabilidad al agresor<\/strong>.<\/p>\n\n\n\n<p>Nombrarlo \u201cpasional\u201d <strong>ocultaba la ra\u00edz estructural del problema<\/strong>, lo convert\u00eda en una tragedia rom\u00e1ntica, dejando de lado su verdadero rostro: un <strong>crimen de odio motivado por el control, el poder y la misoginia<\/strong>.<\/p>\n\n\n\n<p>Fue necesario un giro radical en el lenguaje y en la comprensi\u00f3n social para empezar a llamar las cosas por su nombre. La figura del <strong>feminicidio<\/strong>, definida por la abogada mexicana <strong>Marcela Lagarde<\/strong>, fue incorporada al marco legal en M\u00e9xico en <strong>2007<\/strong> con la Ley General de Acceso de las Mujeres a una Vida Libre de Violencia. <\/p>\n\n\n\n<p>CONTIN\u00daA LEYENDO: <a href=\"https:\/\/www.alasmedios.com\/index.php\/2025\/06\/17\/violencia-en-confinamiento-la-otra-pandemia-que-enfrentaron-las-mujeres-en-mexico\/\" data-type=\"post\" data-id=\"5105\">Violencia en confinamiento: la otra pandemia que enfrentaron las mujeres en M\u00e9xico<\/a><\/p>\n\n\n\n<p>Esta figura <strong>reconoce que hay asesinatos que se cometen por el hecho de ser mujer<\/strong>, y exige una investigaci\u00f3n con perspectiva de g\u00e9nero.<\/p>\n\n\n\n<p>Seg\u00fan cifras del <strong>Secretariado Ejecutivo del Sistema Nacional de Seguridad P\u00fablica<\/strong>, tan solo en <strong>2023<\/strong> se registraron <strong>852 feminicidios<\/strong> en M\u00e9xico. Sin embargo, activistas y organizaciones advierten que <strong>muchos m\u00e1s casos son clasificados como homicidios dolosos<\/strong>, perpetuando la impunidad.<\/p>\n\n\n\n<p><strong>Cambiar la forma de nombrar<\/strong> no es una cuesti\u00f3n menor: implica <strong>visibilizar<\/strong>, <strong>contextualizar<\/strong> y <strong>responsabilizar<\/strong>. Hablar de feminicidio permite entender la <strong>dimensi\u00f3n estructural de la violencia de g\u00e9nero<\/strong> y obliga a las instituciones a actuar en consecuencia.<\/p>\n\n\n\n<p>Organizaciones como <strong>Art\u00edculo 19<\/strong> y <strong>Periodistas de a Pie<\/strong> han se\u00f1alado que el lenguaje period\u00edstico tiene un rol fundamental: <strong>evitar el sensacionalismo<\/strong>, no revictimizar y narrar los hechos con precisi\u00f3n y enfoque de derechos humanos. Usar expresiones como \u201cla mat\u00f3 por celos\u201d o \u201cel amor los llev\u00f3 a la tragedia\u201d <strong>minimiza la violencia y encubre la misoginia<\/strong>.<\/p>\n\n\n\n<p>Nombrar correctamente los cr\u00edmenes no devuelve la vida a las v\u00edctimas, pero <strong>s\u00ed puede transformar la justicia<\/strong>, <strong>romper ciclos de impunidad<\/strong> y <strong>contribuir a una sociedad que no justifique la violencia<\/strong>.<\/p>\n\n\n<ul class=\"wp-block-latest-posts__list is-grid columns-3 wp-block-latest-posts\"><li><div class=\"wp-block-latest-posts__featured-image\"><img loading=\"lazy\" decoding=\"async\" width=\"150\" height=\"150\" src=\"https:\/\/www.alasmedios.com\/wp-content\/uploads\/2026\/05\/Hidalgo-viene-un-respiro-con-el-frente-frio-48-150x150.png\" class=\"attachment-thumbnail size-thumbnail wp-post-image\" alt=\"\" style=\"\" \/><\/div><a class=\"wp-block-latest-posts__post-title\" href=\"https:\/\/www.alasmedios.com\/index.php\/2026\/05\/01\/frente-frio-48-un-alivio-asi-impactara-en-hidalgo\/\">Frente fr\u00edo 48, un alivio: as\u00ed impactar\u00e1 en Hidalgo<\/a><\/li>\n<li><div class=\"wp-block-latest-posts__featured-image\"><img loading=\"lazy\" decoding=\"async\" width=\"150\" height=\"150\" src=\"https:\/\/www.alasmedios.com\/wp-content\/uploads\/2026\/05\/mujeres-depresion-posparto-150x150.png\" class=\"attachment-thumbnail size-thumbnail wp-post-image\" alt=\"\" style=\"\" \/><\/div><a class=\"wp-block-latest-posts__post-title\" href=\"https:\/\/www.alasmedios.com\/index.php\/2026\/05\/01\/1-de-cada-15-mujeres-sufre-depresion-posparto\/\">1 de cada 15 mujeres sufre depresi\u00f3n posparto<\/a><\/li>\n<li><div class=\"wp-block-latest-posts__featured-image\"><img loading=\"lazy\" decoding=\"async\" width=\"150\" height=\"150\" src=\"https:\/\/www.alasmedios.com\/wp-content\/uploads\/2026\/05\/USEP-calidad-hospitalaria-150x150.jpeg\" class=\"attachment-thumbnail size-thumbnail wp-post-image\" alt=\"\" style=\"\" \/><\/div><a class=\"wp-block-latest-posts__post-title\" href=\"https:\/\/www.alasmedios.com\/index.php\/2026\/05\/01\/usep-activa-formacion-para-prevenir-riesgos-en-la-atencion-medica\/\">USEP activa formaci\u00f3n para prevenir riesgos en la atenci\u00f3n m\u00e9dica<\/a><\/li>\n<\/ul>","protected":false},"excerpt":{"rendered":"<p>Durante d\u00e9cadas, los medios de comunicaci\u00f3n, las autoridades y la sociedad en general utilizaron la expresi\u00f3n \u201ccrimen pasional\u201d para describir<\/p>\n","protected":false},"author":4,"featured_media":5123,"comment_status":"open","ping_status":"open","sticky":false,"template":"","format":"standard","meta":{"colormag_page_container_layout":"default_layout","colormag_page_sidebar_layout":"default_layout","rop_custom_images_group":[],"rop_custom_messages_group":[],"rop_publish_now":"initial","rop_publish_now_accounts":[],"rop_publish_now_history":[],"rop_publish_now_status":"pending","iawp_total_views":0,"footnotes":""},"categories":[45],"tags":[456,784,53,121],"class_list":["post-5122","post","type-post","status-publish","format-standard","has-post-thumbnail","hentry","category-ellas-dicen","tag-derechos","tag-feminicidio","tag-mujeres","tag-violencia-de-genero-2"],"magazineBlocksPostFeaturedMedia":{"thumbnail":"https:\/\/www.alasmedios.com\/wp-content\/uploads\/2025\/06\/Del-crimen-pasional-al-feminicidio-150x150.png","medium":"https:\/\/www.alasmedios.com\/wp-content\/uploads\/2025\/06\/Del-crimen-pasional-al-feminicidio-300x182.png","medium_large":"https:\/\/www.alasmedios.com\/wp-content\/uploads\/2025\/06\/Del-crimen-pasional-al-feminicidio-768x466.png","large":"https:\/\/www.alasmedios.com\/wp-content\/uploads\/2025\/06\/Del-crimen-pasional-al-feminicidio-1024x622.png","1536x1536":"https:\/\/www.alasmedios.com\/wp-content\/uploads\/2025\/06\/Del-crimen-pasional-al-feminicidio-1536x932.png","2048x2048":"https:\/\/www.alasmedios.com\/wp-content\/uploads\/2025\/06\/Del-crimen-pasional-al-feminicidio.png","colormag-highlighted-post":"https:\/\/www.alasmedios.com\/wp-content\/uploads\/2025\/06\/Del-crimen-pasional-al-feminicidio-392x272.png","colormag-featured-post-medium":"https:\/\/www.alasmedios.com\/wp-content\/uploads\/2025\/06\/Del-crimen-pasional-al-feminicidio-390x205.png","colormag-featured-post-small":"https:\/\/www.alasmedios.com\/wp-content\/uploads\/2025\/06\/Del-crimen-pasional-al-feminicidio-130x90.png","colormag-featured-image":"https:\/\/www.alasmedios.com\/wp-content\/uploads\/2025\/06\/Del-crimen-pasional-al-feminicidio-800x445.png","colormag-default-news":"https:\/\/www.alasmedios.com\/wp-content\/uploads\/2025\/06\/Del-crimen-pasional-al-feminicidio-150x150.png","colormag-featured-image-large":"https:\/\/www.alasmedios.com\/wp-content\/uploads\/2025\/06\/Del-crimen-pasional-al-feminicidio-1400x600.png"},"magazineBlocksPostAuthor":{"name":"Keila Rodr\u00edguez Pe\u00f1a","avatar":"https:\/\/secure.gravatar.com\/avatar\/a2553a2bfaa601b9d539b617c8793e151bdffb60f9e48a249912f86d4c9ebeef?s=96&d=mm&r=g"},"magazineBlocksPostCommentsNumber":"0","magazineBlocksPostExcerpt":"Durante d\u00e9cadas, los medios de comunicaci\u00f3n, las autoridades y la sociedad en general utilizaron la expresi\u00f3n \u201ccrimen pasional\u201d para describir","magazineBlocksPostCategories":["Ellas Dicen"],"magazineBlocksPostViewCount":405,"magazineBlocksPostReadTime":2,"magazine_blocks_featured_image_url":{"full":["https:\/\/www.alasmedios.com\/wp-content\/uploads\/2025\/06\/Del-crimen-pasional-al-feminicidio.png",2000,1214,false],"medium":["https:\/\/www.alasmedios.com\/wp-content\/uploads\/2025\/06\/Del-crimen-pasional-al-feminicidio-300x182.png",300,182,true],"thumbnail":["https:\/\/www.alasmedios.com\/wp-content\/uploads\/2025\/06\/Del-crimen-pasional-al-feminicidio-150x150.png",150,150,true]},"magazine_blocks_author":{"display_name":"Keila Rodr\u00edguez Pe\u00f1a","author_link":"https:\/\/www.alasmedios.com\/index.php\/author\/keila\/"},"magazine_blocks_comment":0,"magazine_blocks_author_image":"https:\/\/secure.gravatar.com\/avatar\/a2553a2bfaa601b9d539b617c8793e151bdffb60f9e48a249912f86d4c9ebeef?s=96&d=mm&r=g","magazine_blocks_category":"<a href=\"#\" class=\"category-link category-link-45\">Ellas Dicen<\/a>","yoast_head":"<!-- This site is optimized with the Yoast SEO plugin v27.5 - https:\/\/yoast.com\/product\/yoast-seo-wordpress\/ -->\r\n<title>Del \u201ccrimen pasional\u201d al feminicidio: nombrar para hacer justicia - Alas Medios<\/title>\r\n<meta name=\"robots\" content=\"index, follow, max-snippet:-1, max-image-preview:large, max-video-preview:-1\" \/>\r\n<link rel=\"canonical\" href=\"https:\/\/www.alasmedios.com\/index.php\/2025\/06\/18\/del-crimen-pasional-al-feminicidio-nombrar-para-hacer-justicia\/\" \/>\r\n<meta property=\"og:locale\" content=\"es_MX\" \/>\r\n<meta property=\"og:type\" content=\"article\" \/>\r\n<meta property=\"og:title\" content=\"Del \u201ccrimen pasional\u201d al feminicidio: nombrar para hacer justicia - Alas Medios\" \/>\r\n<meta property=\"og:description\" content=\"Durante d\u00e9cadas, los medios de comunicaci\u00f3n, las autoridades y la sociedad en general utilizaron la expresi\u00f3n \u201ccrimen pasional\u201d para describir\" \/>\r\n<meta property=\"og:url\" content=\"https:\/\/www.alasmedios.com\/index.php\/2025\/06\/18\/del-crimen-pasional-al-feminicidio-nombrar-para-hacer-justicia\/\" \/>\r\n<meta property=\"og:site_name\" content=\"Alas Medios\" \/>\r\n<meta property=\"article:published_time\" content=\"2025-06-18T20:56:14+00:00\" \/>\r\n<meta property=\"article:modified_time\" content=\"2025-06-18T20:56:15+00:00\" \/>\r\n<meta property=\"og:image\" content=\"https:\/\/www.alasmedios.com\/wp-content\/uploads\/2025\/06\/Del-crimen-pasional-al-feminicidio.png\" \/>\r\n\t<meta property=\"og:image:width\" content=\"2000\" \/>\r\n\t<meta property=\"og:image:height\" content=\"1214\" \/>\r\n\t<meta property=\"og:image:type\" content=\"image\/png\" \/>\r\n<meta name=\"author\" content=\"Keila Rodr\u00edguez Pe\u00f1a\" \/>\r\n<meta name=\"twitter:card\" content=\"summary_large_image\" \/>\r\n<meta name=\"twitter:label1\" content=\"Escrito por\" \/>\n\t<meta name=\"twitter:data1\" content=\"Keila Rodr\u00edguez Pe\u00f1a\" \/>\n\t<meta name=\"twitter:label2\" content=\"Tiempo de lectura\" \/>\n\t<meta name=\"twitter:data2\" content=\"2 minutos\" \/>\r\n<script type=\"application\/ld+json\" class=\"yoast-schema-graph\">{\"@context\":\"https:\\\/\\\/schema.org\",\"@graph\":[{\"@type\":\"Article\",\"@id\":\"https:\\\/\\\/www.alasmedios.com\\\/index.php\\\/2025\\\/06\\\/18\\\/del-crimen-pasional-al-feminicidio-nombrar-para-hacer-justicia\\\/#article\",\"isPartOf\":{\"@id\":\"https:\\\/\\\/www.alasmedios.com\\\/index.php\\\/2025\\\/06\\\/18\\\/del-crimen-pasional-al-feminicidio-nombrar-para-hacer-justicia\\\/\"},\"author\":{\"name\":\"Keila Rodr\u00edguez Pe\u00f1a\",\"@id\":\"https:\\\/\\\/www.alasmedios.com\\\/#\\\/schema\\\/person\\\/0ba31bdd19a05ebf5c7fef1fedf99c34\"},\"headline\":\"Del \u201ccrimen pasional\u201d al feminicidio: nombrar para hacer justicia\",\"datePublished\":\"2025-06-18T20:56:14+00:00\",\"dateModified\":\"2025-06-18T20:56:15+00:00\",\"mainEntityOfPage\":{\"@id\":\"https:\\\/\\\/www.alasmedios.com\\\/index.php\\\/2025\\\/06\\\/18\\\/del-crimen-pasional-al-feminicidio-nombrar-para-hacer-justicia\\\/\"},\"wordCount\":374,\"commentCount\":0,\"publisher\":{\"@id\":\"https:\\\/\\\/www.alasmedios.com\\\/#organization\"},\"image\":{\"@id\":\"https:\\\/\\\/www.alasmedios.com\\\/index.php\\\/2025\\\/06\\\/18\\\/del-crimen-pasional-al-feminicidio-nombrar-para-hacer-justicia\\\/#primaryimage\"},\"thumbnailUrl\":\"https:\\\/\\\/www.alasmedios.com\\\/wp-content\\\/uploads\\\/2025\\\/06\\\/Del-crimen-pasional-al-feminicidio.png\",\"keywords\":[\"derechos\",\"feminicidio\",\"Mujeres\",\"violencia de g\u00e9nero\"],\"articleSection\":[\"Ellas Dicen\"],\"inLanguage\":\"es\",\"potentialAction\":[{\"@type\":\"CommentAction\",\"name\":\"Comment\",\"target\":[\"https:\\\/\\\/www.alasmedios.com\\\/index.php\\\/2025\\\/06\\\/18\\\/del-crimen-pasional-al-feminicidio-nombrar-para-hacer-justicia\\\/#respond\"]}]},{\"@type\":\"WebPage\",\"@id\":\"https:\\\/\\\/www.alasmedios.com\\\/index.php\\\/2025\\\/06\\\/18\\\/del-crimen-pasional-al-feminicidio-nombrar-para-hacer-justicia\\\/\",\"url\":\"https:\\\/\\\/www.alasmedios.com\\\/index.php\\\/2025\\\/06\\\/18\\\/del-crimen-pasional-al-feminicidio-nombrar-para-hacer-justicia\\\/\",\"name\":\"Del \u201ccrimen pasional\u201d al feminicidio: nombrar para hacer justicia - Alas Medios\",\"isPartOf\":{\"@id\":\"https:\\\/\\\/www.alasmedios.com\\\/#website\"},\"primaryImageOfPage\":{\"@id\":\"https:\\\/\\\/www.alasmedios.com\\\/index.php\\\/2025\\\/06\\\/18\\\/del-crimen-pasional-al-feminicidio-nombrar-para-hacer-justicia\\\/#primaryimage\"},\"image\":{\"@id\":\"https:\\\/\\\/www.alasmedios.com\\\/index.php\\\/2025\\\/06\\\/18\\\/del-crimen-pasional-al-feminicidio-nombrar-para-hacer-justicia\\\/#primaryimage\"},\"thumbnailUrl\":\"https:\\\/\\\/www.alasmedios.com\\\/wp-content\\\/uploads\\\/2025\\\/06\\\/Del-crimen-pasional-al-feminicidio.png\",\"datePublished\":\"2025-06-18T20:56:14+00:00\",\"dateModified\":\"2025-06-18T20:56:15+00:00\",\"breadcrumb\":{\"@id\":\"https:\\\/\\\/www.alasmedios.com\\\/index.php\\\/2025\\\/06\\\/18\\\/del-crimen-pasional-al-feminicidio-nombrar-para-hacer-justicia\\\/#breadcrumb\"},\"inLanguage\":\"es\",\"potentialAction\":[{\"@type\":\"ReadAction\",\"target\":[\"https:\\\/\\\/www.alasmedios.com\\\/index.php\\\/2025\\\/06\\\/18\\\/del-crimen-pasional-al-feminicidio-nombrar-para-hacer-justicia\\\/\"]}]},{\"@type\":\"ImageObject\",\"inLanguage\":\"es\",\"@id\":\"https:\\\/\\\/www.alasmedios.com\\\/index.php\\\/2025\\\/06\\\/18\\\/del-crimen-pasional-al-feminicidio-nombrar-para-hacer-justicia\\\/#primaryimage\",\"url\":\"https:\\\/\\\/www.alasmedios.com\\\/wp-content\\\/uploads\\\/2025\\\/06\\\/Del-crimen-pasional-al-feminicidio.png\",\"contentUrl\":\"https:\\\/\\\/www.alasmedios.com\\\/wp-content\\\/uploads\\\/2025\\\/06\\\/Del-crimen-pasional-al-feminicidio.png\",\"width\":2000,\"height\":1214},{\"@type\":\"BreadcrumbList\",\"@id\":\"https:\\\/\\\/www.alasmedios.com\\\/index.php\\\/2025\\\/06\\\/18\\\/del-crimen-pasional-al-feminicidio-nombrar-para-hacer-justicia\\\/#breadcrumb\",\"itemListElement\":[{\"@type\":\"ListItem\",\"position\":1,\"name\":\"Inicio\",\"item\":\"https:\\\/\\\/www.alasmedios.com\\\/\"},{\"@type\":\"ListItem\",\"position\":2,\"name\":\"Del \u201ccrimen pasional\u201d al feminicidio: nombrar para hacer justicia\"}]},{\"@type\":\"WebSite\",\"@id\":\"https:\\\/\\\/www.alasmedios.com\\\/#website\",\"url\":\"https:\\\/\\\/www.alasmedios.com\\\/\",\"name\":\"Alas Medios\",\"description\":\"Alas para pensar, Alas para volar, Alas de libertad\",\"publisher\":{\"@id\":\"https:\\\/\\\/www.alasmedios.com\\\/#organization\"},\"potentialAction\":[{\"@type\":\"SearchAction\",\"target\":{\"@type\":\"EntryPoint\",\"urlTemplate\":\"https:\\\/\\\/www.alasmedios.com\\\/?s={search_term_string}\"},\"query-input\":{\"@type\":\"PropertyValueSpecification\",\"valueRequired\":true,\"valueName\":\"search_term_string\"}}],\"inLanguage\":\"es\"},{\"@type\":\"Organization\",\"@id\":\"https:\\\/\\\/www.alasmedios.com\\\/#organization\",\"name\":\"Alas Medios\",\"url\":\"https:\\\/\\\/www.alasmedios.com\\\/\",\"logo\":{\"@type\":\"ImageObject\",\"inLanguage\":\"es\",\"@id\":\"https:\\\/\\\/www.alasmedios.com\\\/#\\\/schema\\\/logo\\\/image\\\/\",\"url\":\"https:\\\/\\\/www.alasmedios.com\\\/wp-content\\\/uploads\\\/2026\\\/01\\\/cropped-cropped-GAM-1.png\",\"contentUrl\":\"https:\\\/\\\/www.alasmedios.com\\\/wp-content\\\/uploads\\\/2026\\\/01\\\/cropped-cropped-GAM-1.png\",\"width\":467,\"height\":235,\"caption\":\"Alas Medios\"},\"image\":{\"@id\":\"https:\\\/\\\/www.alasmedios.com\\\/#\\\/schema\\\/logo\\\/image\\\/\"}},{\"@type\":\"Person\",\"@id\":\"https:\\\/\\\/www.alasmedios.com\\\/#\\\/schema\\\/person\\\/0ba31bdd19a05ebf5c7fef1fedf99c34\",\"name\":\"Keila Rodr\u00edguez Pe\u00f1a\",\"image\":{\"@type\":\"ImageObject\",\"inLanguage\":\"es\",\"@id\":\"https:\\\/\\\/secure.gravatar.com\\\/avatar\\\/a2553a2bfaa601b9d539b617c8793e151bdffb60f9e48a249912f86d4c9ebeef?s=96&d=mm&r=g\",\"url\":\"https:\\\/\\\/secure.gravatar.com\\\/avatar\\\/a2553a2bfaa601b9d539b617c8793e151bdffb60f9e48a249912f86d4c9ebeef?s=96&d=mm&r=g\",\"contentUrl\":\"https:\\\/\\\/secure.gravatar.com\\\/avatar\\\/a2553a2bfaa601b9d539b617c8793e151bdffb60f9e48a249912f86d4c9ebeef?s=96&d=mm&r=g\",\"caption\":\"Keila Rodr\u00edguez Pe\u00f1a\"},\"sameAs\":[\"http:\\\/\\\/www.alasmedios.com\"],\"url\":\"https:\\\/\\\/www.alasmedios.com\\\/index.php\\\/author\\\/keila\\\/\"}]}<\/script>\r\n<!-- \/ Yoast SEO plugin. -->","yoast_head_json":{"title":"Del \u201ccrimen pasional\u201d al feminicidio: nombrar para hacer justicia - Alas Medios","robots":{"index":"index","follow":"follow","max-snippet":"max-snippet:-1","max-image-preview":"max-image-preview:large","max-video-preview":"max-video-preview:-1"},"canonical":"https:\/\/www.alasmedios.com\/index.php\/2025\/06\/18\/del-crimen-pasional-al-feminicidio-nombrar-para-hacer-justicia\/","og_locale":"es_MX","og_type":"article","og_title":"Del \u201ccrimen pasional\u201d al feminicidio: nombrar para hacer justicia - Alas Medios","og_description":"Durante d\u00e9cadas, los medios de comunicaci\u00f3n, las autoridades y la sociedad en general utilizaron la expresi\u00f3n \u201ccrimen pasional\u201d para describir","og_url":"https:\/\/www.alasmedios.com\/index.php\/2025\/06\/18\/del-crimen-pasional-al-feminicidio-nombrar-para-hacer-justicia\/","og_site_name":"Alas Medios","article_published_time":"2025-06-18T20:56:14+00:00","article_modified_time":"2025-06-18T20:56:15+00:00","og_image":[{"width":2000,"height":1214,"url":"https:\/\/www.alasmedios.com\/wp-content\/uploads\/2025\/06\/Del-crimen-pasional-al-feminicidio.png","type":"image\/png"}],"author":"Keila Rodr\u00edguez Pe\u00f1a","twitter_card":"summary_large_image","twitter_misc":{"Escrito por":"Keila Rodr\u00edguez Pe\u00f1a","Tiempo de lectura":"2 minutos"},"schema":{"@context":"https:\/\/schema.org","@graph":[{"@type":"Article","@id":"https:\/\/www.alasmedios.com\/index.php\/2025\/06\/18\/del-crimen-pasional-al-feminicidio-nombrar-para-hacer-justicia\/#article","isPartOf":{"@id":"https:\/\/www.alasmedios.com\/index.php\/2025\/06\/18\/del-crimen-pasional-al-feminicidio-nombrar-para-hacer-justicia\/"},"author":{"name":"Keila Rodr\u00edguez Pe\u00f1a","@id":"https:\/\/www.alasmedios.com\/#\/schema\/person\/0ba31bdd19a05ebf5c7fef1fedf99c34"},"headline":"Del \u201ccrimen pasional\u201d al feminicidio: nombrar para hacer justicia","datePublished":"2025-06-18T20:56:14+00:00","dateModified":"2025-06-18T20:56:15+00:00","mainEntityOfPage":{"@id":"https:\/\/www.alasmedios.com\/index.php\/2025\/06\/18\/del-crimen-pasional-al-feminicidio-nombrar-para-hacer-justicia\/"},"wordCount":374,"commentCount":0,"publisher":{"@id":"https:\/\/www.alasmedios.com\/#organization"},"image":{"@id":"https:\/\/www.alasmedios.com\/index.php\/2025\/06\/18\/del-crimen-pasional-al-feminicidio-nombrar-para-hacer-justicia\/#primaryimage"},"thumbnailUrl":"https:\/\/www.alasmedios.com\/wp-content\/uploads\/2025\/06\/Del-crimen-pasional-al-feminicidio.png","keywords":["derechos","feminicidio","Mujeres","violencia de g\u00e9nero"],"articleSection":["Ellas Dicen"],"inLanguage":"es","potentialAction":[{"@type":"CommentAction","name":"Comment","target":["https:\/\/www.alasmedios.com\/index.php\/2025\/06\/18\/del-crimen-pasional-al-feminicidio-nombrar-para-hacer-justicia\/#respond"]}]},{"@type":"WebPage","@id":"https:\/\/www.alasmedios.com\/index.php\/2025\/06\/18\/del-crimen-pasional-al-feminicidio-nombrar-para-hacer-justicia\/","url":"https:\/\/www.alasmedios.com\/index.php\/2025\/06\/18\/del-crimen-pasional-al-feminicidio-nombrar-para-hacer-justicia\/","name":"Del \u201ccrimen pasional\u201d al feminicidio: nombrar para hacer justicia - Alas Medios","isPartOf":{"@id":"https:\/\/www.alasmedios.com\/#website"},"primaryImageOfPage":{"@id":"https:\/\/www.alasmedios.com\/index.php\/2025\/06\/18\/del-crimen-pasional-al-feminicidio-nombrar-para-hacer-justicia\/#primaryimage"},"image":{"@id":"https:\/\/www.alasmedios.com\/index.php\/2025\/06\/18\/del-crimen-pasional-al-feminicidio-nombrar-para-hacer-justicia\/#primaryimage"},"thumbnailUrl":"https:\/\/www.alasmedios.com\/wp-content\/uploads\/2025\/06\/Del-crimen-pasional-al-feminicidio.png","datePublished":"2025-06-18T20:56:14+00:00","dateModified":"2025-06-18T20:56:15+00:00","breadcrumb":{"@id":"https:\/\/www.alasmedios.com\/index.php\/2025\/06\/18\/del-crimen-pasional-al-feminicidio-nombrar-para-hacer-justicia\/#breadcrumb"},"inLanguage":"es","potentialAction":[{"@type":"ReadAction","target":["https:\/\/www.alasmedios.com\/index.php\/2025\/06\/18\/del-crimen-pasional-al-feminicidio-nombrar-para-hacer-justicia\/"]}]},{"@type":"ImageObject","inLanguage":"es","@id":"https:\/\/www.alasmedios.com\/index.php\/2025\/06\/18\/del-crimen-pasional-al-feminicidio-nombrar-para-hacer-justicia\/#primaryimage","url":"https:\/\/www.alasmedios.com\/wp-content\/uploads\/2025\/06\/Del-crimen-pasional-al-feminicidio.png","contentUrl":"https:\/\/www.alasmedios.com\/wp-content\/uploads\/2025\/06\/Del-crimen-pasional-al-feminicidio.png","width":2000,"height":1214},{"@type":"BreadcrumbList","@id":"https:\/\/www.alasmedios.com\/index.php\/2025\/06\/18\/del-crimen-pasional-al-feminicidio-nombrar-para-hacer-justicia\/#breadcrumb","itemListElement":[{"@type":"ListItem","position":1,"name":"Inicio","item":"https:\/\/www.alasmedios.com\/"},{"@type":"ListItem","position":2,"name":"Del \u201ccrimen pasional\u201d al feminicidio: nombrar para hacer justicia"}]},{"@type":"WebSite","@id":"https:\/\/www.alasmedios.com\/#website","url":"https:\/\/www.alasmedios.com\/","name":"Alas Medios","description":"Alas para pensar, Alas para volar, Alas de libertad","publisher":{"@id":"https:\/\/www.alasmedios.com\/#organization"},"potentialAction":[{"@type":"SearchAction","target":{"@type":"EntryPoint","urlTemplate":"https:\/\/www.alasmedios.com\/?s={search_term_string}"},"query-input":{"@type":"PropertyValueSpecification","valueRequired":true,"valueName":"search_term_string"}}],"inLanguage":"es"},{"@type":"Organization","@id":"https:\/\/www.alasmedios.com\/#organization","name":"Alas Medios","url":"https:\/\/www.alasmedios.com\/","logo":{"@type":"ImageObject","inLanguage":"es","@id":"https:\/\/www.alasmedios.com\/#\/schema\/logo\/image\/","url":"https:\/\/www.alasmedios.com\/wp-content\/uploads\/2026\/01\/cropped-cropped-GAM-1.png","contentUrl":"https:\/\/www.alasmedios.com\/wp-content\/uploads\/2026\/01\/cropped-cropped-GAM-1.png","width":467,"height":235,"caption":"Alas Medios"},"image":{"@id":"https:\/\/www.alasmedios.com\/#\/schema\/logo\/image\/"}},{"@type":"Person","@id":"https:\/\/www.alasmedios.com\/#\/schema\/person\/0ba31bdd19a05ebf5c7fef1fedf99c34","name":"Keila Rodr\u00edguez Pe\u00f1a","image":{"@type":"ImageObject","inLanguage":"es","@id":"https:\/\/secure.gravatar.com\/avatar\/a2553a2bfaa601b9d539b617c8793e151bdffb60f9e48a249912f86d4c9ebeef?s=96&d=mm&r=g","url":"https:\/\/secure.gravatar.com\/avatar\/a2553a2bfaa601b9d539b617c8793e151bdffb60f9e48a249912f86d4c9ebeef?s=96&d=mm&r=g","contentUrl":"https:\/\/secure.gravatar.com\/avatar\/a2553a2bfaa601b9d539b617c8793e151bdffb60f9e48a249912f86d4c9ebeef?s=96&d=mm&r=g","caption":"Keila Rodr\u00edguez Pe\u00f1a"},"sameAs":["http:\/\/www.alasmedios.com"],"url":"https:\/\/www.alasmedios.com\/index.php\/author\/keila\/"}]}},"_links":{"self":[{"href":"https:\/\/www.alasmedios.com\/index.php\/wp-json\/wp\/v2\/posts\/5122","targetHints":{"allow":["GET"]}}],"collection":[{"href":"https:\/\/www.alasmedios.com\/index.php\/wp-json\/wp\/v2\/posts"}],"about":[{"href":"https:\/\/www.alasmedios.com\/index.php\/wp-json\/wp\/v2\/types\/post"}],"author":[{"embeddable":true,"href":"https:\/\/www.alasmedios.com\/index.php\/wp-json\/wp\/v2\/users\/4"}],"replies":[{"embeddable":true,"href":"https:\/\/www.alasmedios.com\/index.php\/wp-json\/wp\/v2\/comments?post=5122"}],"version-history":[{"count":1,"href":"https:\/\/www.alasmedios.com\/index.php\/wp-json\/wp\/v2\/posts\/5122\/revisions"}],"predecessor-version":[{"id":5124,"href":"https:\/\/www.alasmedios.com\/index.php\/wp-json\/wp\/v2\/posts\/5122\/revisions\/5124"}],"wp:featuredmedia":[{"embeddable":true,"href":"https:\/\/www.alasmedios.com\/index.php\/wp-json\/wp\/v2\/media\/5123"}],"wp:attachment":[{"href":"https:\/\/www.alasmedios.com\/index.php\/wp-json\/wp\/v2\/media?parent=5122"}],"wp:term":[{"taxonomy":"category","embeddable":true,"href":"https:\/\/www.alasmedios.com\/index.php\/wp-json\/wp\/v2\/categories?post=5122"},{"taxonomy":"post_tag","embeddable":true,"href":"https:\/\/www.alasmedios.com\/index.php\/wp-json\/wp\/v2\/tags?post=5122"}],"curies":[{"name":"wp","href":"https:\/\/api.w.org\/{rel}","templated":true}]}}