{"id":5061,"date":"2025-06-14T14:07:51","date_gmt":"2025-06-14T19:07:51","guid":{"rendered":"https:\/\/www.alasmedios.com\/?p=5061"},"modified":"2025-06-14T14:08:31","modified_gmt":"2025-06-14T19:08:31","slug":"annie-pardo-cemo-la-mejor-cientifica-mexicana-en-biologia-molecular-segun-ranking-mundial","status":"publish","type":"post","link":"https:\/\/www.alasmedios.com\/index.php\/2025\/06\/14\/annie-pardo-cemo-la-mejor-cientifica-mexicana-en-biologia-molecular-segun-ranking-mundial\/","title":{"rendered":"Annie Pardo Cemo, la mejor cient\u00edfica mexicana en biolog\u00eda molecular seg\u00fan ranking mundial"},"content":{"rendered":"\n<p>La <strong>profesora em\u00e9rita de la Facultad de Ciencias<\/strong>, <strong>Annie Pardo Cemo<\/strong>, fue reconocida como la <strong>mejor cient\u00edfica mexicana en el campo de la biolog\u00eda molecular<\/strong> al ser incorporada al <strong>Ranking de Mejores Cient\u00edficos 2025<\/strong> de <strong>Research.com<\/strong>. <\/p>\n\n\n\n<p>En la cuarta edici\u00f3n de esta clasificaci\u00f3n internacional, <strong>Pardo Cemo<\/strong> ocupa el <strong>primer lugar en M\u00e9xico<\/strong> y el <strong>puesto 1,163 a nivel mundial<\/strong> entre m\u00e1s de <strong>2,000 investigadores evaluados<\/strong>.<\/p>\n\n\n\n<p>Con m\u00e1s de <strong>50 a\u00f1os de trayectoria acad\u00e9mica<\/strong> en la <strong>Universidad Nacional Aut\u00f3noma de M\u00e9xico (UNAM)<\/strong>, Annie Pardo es una autoridad en el <strong>Departamento de Biolog\u00eda Celular<\/strong> y dirige el <strong>Laboratorio de Biopatolog\u00eda Pulmonar de Enfermedades Fibrosantes<\/strong>. <\/p>\n\n\n\n<p>Su investigaci\u00f3n se enfoca en los <strong>mecanismos celulares y moleculares de enfermedades fibrosantes del pulm\u00f3n<\/strong>, as\u00ed como en el <strong>papel de las metaloproteasas de matriz<\/strong> en padecimientos cr\u00f3nico-degenerativos.<\/p>\n\n\n\n<p>CONTIN\u00daA LEYENDO: <a href=\"https:\/\/www.alasmedios.com\/index.php\/2025\/06\/14\/muere-violeta-barrios-de-chamorro-primera-presidenta-en-america\/\" data-type=\"post\" data-id=\"5052\">Muere Violeta Barrios de Chamorro, primera presidenta en Am\u00e9rica<\/a><\/p>\n\n\n\n<p>Formada en la propia UNAM, donde curs\u00f3 la <strong>maestr\u00eda y el doctorado en Ciencias (Bioqu\u00edmicas)<\/strong>, Annie Pardo ha sido clave en la formaci\u00f3n de <strong>cientos de estudiantes<\/strong> en los cursos de <strong>Bioqu\u00edmica y Biolog\u00eda Molecular de la C\u00e9lula<\/strong>.<\/p>\n\n\n\n<p>Entre los m\u00faltiples reconocimientos que ha recibido destacan el <strong>Premio Nacional de Ciencias 2022<\/strong>, la <strong>Medalla Heberto Castillo<\/strong>, el <strong>Reconocimiento Sor Juana In\u00e9s de la Cruz<\/strong>, el <strong>Premio Universidad Nacional en Investigaci\u00f3n en Ciencias Naturales<\/strong> y el <strong>Recognition Award for Scientific Achievement de la American Thoracic Society<\/strong>.<\/p>\n\n\n\n<p><strong>Research.com<\/strong>, responsable del ranking, eval\u00faa desde hace cuatro a\u00f1os la producci\u00f3n cient\u00edfica de l\u00edderes acad\u00e9micos en <strong>47 pa\u00edses<\/strong>, bas\u00e1ndose en su <strong>reputaci\u00f3n, impacto y trayectoria<\/strong>. La inclusi\u00f3n de Pardo Cemo en esta lista no solo confirma su excelencia individual, sino tambi\u00e9n el nivel de la <strong>ciencia que se genera en M\u00e9xico<\/strong>.<\/p>\n\n\n<ul class=\"wp-block-latest-posts__list is-grid columns-3 wp-block-latest-posts\"><li><div class=\"wp-block-latest-posts__featured-image\"><img loading=\"lazy\" decoding=\"async\" width=\"150\" height=\"150\" src=\"https:\/\/www.alasmedios.com\/wp-content\/uploads\/2026\/04\/Argentina-decomisan-bienes-Cristina-Kirchner-150x150.png\" class=\"attachment-thumbnail size-thumbnail wp-post-image\" alt=\"\" style=\"\" \/><\/div><a class=\"wp-block-latest-posts__post-title\" href=\"https:\/\/www.alasmedios.com\/index.php\/2026\/04\/25\/caso-vialidad-argentina-ratifica-decomiso-millonario-a-cristina-kirchner\/\">Caso Vialidad: Argentina ratifica decomiso millonario a Cristina Kirchner<\/a><\/li>\n<li><div class=\"wp-block-latest-posts__featured-image\"><img loading=\"lazy\" decoding=\"async\" width=\"150\" height=\"150\" src=\"https:\/\/www.alasmedios.com\/wp-content\/uploads\/2026\/04\/Puebla-desaparecida-Aguascalientes-150x150.jpeg\" class=\"attachment-thumbnail size-thumbnail wp-post-image\" alt=\"\" style=\"\" \/><\/div><a class=\"wp-block-latest-posts__post-title\" href=\"https:\/\/www.alasmedios.com\/index.php\/2026\/04\/25\/localizan-con-vida-en-aguascalientes-a-adolescente-desaparecida-en-puebla\/\">Localizan con vida en Aguascalientes a adolescente desaparecida en Puebla<\/a><\/li>\n<li><div class=\"wp-block-latest-posts__featured-image\"><img loading=\"lazy\" decoding=\"async\" width=\"150\" height=\"150\" src=\"https:\/\/www.alasmedios.com\/wp-content\/uploads\/2026\/04\/podio-de-la-Copa-del-Mundo-de-Ciclismo-150x150.jpg\" class=\"attachment-thumbnail size-thumbnail wp-post-image\" alt=\"\" style=\"\" \/><\/div><a class=\"wp-block-latest-posts__post-title\" href=\"https:\/\/www.alasmedios.com\/index.php\/2026\/04\/25\/mexico-arranca-con-doble-podio-en-la-copa-del-mundo-de-pista-en-malasia\/\">M\u00e9xico arranca con doble podio en la Copa del Mundo de Pista en Malasia<\/a><\/li>\n<\/ul>","protected":false},"excerpt":{"rendered":"<p>La profesora em\u00e9rita de la Facultad de Ciencias, Annie Pardo Cemo, fue reconocida como la mejor cient\u00edfica mexicana en el<\/p>\n","protected":false},"author":4,"featured_media":5062,"comment_status":"open","ping_status":"open","sticky":false,"template":"","format":"standard","meta":{"colormag_page_container_layout":"default_layout","colormag_page_sidebar_layout":"default_layout","rop_custom_images_group":[],"rop_custom_messages_group":[],"rop_publish_now":"initial","rop_publish_now_accounts":[],"rop_publish_now_history":[],"rop_publish_now_status":"pending","iawp_total_views":0,"footnotes":""},"categories":[45],"tags":[2171,2173,1197,2172,2174],"class_list":["post-5061","post","type-post","status-publish","format-standard","has-post-thumbnail","hentry","category-ellas-dicen","tag-annie-pardo-cemo","tag-biologia-molecular","tag-ciencia","tag-cientifica","tag-unam"],"magazineBlocksPostFeaturedMedia":{"thumbnail":"https:\/\/www.alasmedios.com\/wp-content\/uploads\/2025\/06\/Annie-Pardo-Cemo-150x150.jpg","medium":"https:\/\/www.alasmedios.com\/wp-content\/uploads\/2025\/06\/Annie-Pardo-Cemo-300x169.jpg","medium_large":"https:\/\/www.alasmedios.com\/wp-content\/uploads\/2025\/06\/Annie-Pardo-Cemo-768x432.jpg","large":"https:\/\/www.alasmedios.com\/wp-content\/uploads\/2025\/06\/Annie-Pardo-Cemo.jpg","1536x1536":"https:\/\/www.alasmedios.com\/wp-content\/uploads\/2025\/06\/Annie-Pardo-Cemo.jpg","2048x2048":"https:\/\/www.alasmedios.com\/wp-content\/uploads\/2025\/06\/Annie-Pardo-Cemo.jpg","colormag-highlighted-post":"https:\/\/www.alasmedios.com\/wp-content\/uploads\/2025\/06\/Annie-Pardo-Cemo-392x272.jpg","colormag-featured-post-medium":"https:\/\/www.alasmedios.com\/wp-content\/uploads\/2025\/06\/Annie-Pardo-Cemo-390x205.jpg","colormag-featured-post-small":"https:\/\/www.alasmedios.com\/wp-content\/uploads\/2025\/06\/Annie-Pardo-Cemo-130x90.jpg","colormag-featured-image":"https:\/\/www.alasmedios.com\/wp-content\/uploads\/2025\/06\/Annie-Pardo-Cemo-800x445.jpg","colormag-default-news":"https:\/\/www.alasmedios.com\/wp-content\/uploads\/2025\/06\/Annie-Pardo-Cemo-150x150.jpg","colormag-featured-image-large":"https:\/\/www.alasmedios.com\/wp-content\/uploads\/2025\/06\/Annie-Pardo-Cemo.jpg"},"magazineBlocksPostAuthor":{"name":"Keila Rodr\u00edguez Pe\u00f1a","avatar":"https:\/\/secure.gravatar.com\/avatar\/a2553a2bfaa601b9d539b617c8793e151bdffb60f9e48a249912f86d4c9ebeef?s=96&d=mm&r=g"},"magazineBlocksPostCommentsNumber":"0","magazineBlocksPostExcerpt":"La profesora em\u00e9rita de la Facultad de Ciencias, Annie Pardo Cemo, fue reconocida como la mejor cient\u00edfica mexicana en el","magazineBlocksPostCategories":["Ellas Dicen"],"magazineBlocksPostViewCount":684,"magazineBlocksPostReadTime":2,"magazine_blocks_featured_image_url":{"full":["https:\/\/www.alasmedios.com\/wp-content\/uploads\/2025\/06\/Annie-Pardo-Cemo.jpg",990,557,false],"medium":["https:\/\/www.alasmedios.com\/wp-content\/uploads\/2025\/06\/Annie-Pardo-Cemo-300x169.jpg",300,169,true],"thumbnail":["https:\/\/www.alasmedios.com\/wp-content\/uploads\/2025\/06\/Annie-Pardo-Cemo-150x150.jpg",150,150,true]},"magazine_blocks_author":{"display_name":"Keila Rodr\u00edguez Pe\u00f1a","author_link":"https:\/\/www.alasmedios.com\/index.php\/author\/keila\/"},"magazine_blocks_comment":0,"magazine_blocks_author_image":"https:\/\/secure.gravatar.com\/avatar\/a2553a2bfaa601b9d539b617c8793e151bdffb60f9e48a249912f86d4c9ebeef?s=96&d=mm&r=g","magazine_blocks_category":"<a href=\"#\" class=\"category-link category-link-45\">Ellas Dicen<\/a>","yoast_head":"<!-- This site is optimized with the Yoast SEO plugin v27.4 - https:\/\/yoast.com\/product\/yoast-seo-wordpress\/ -->\r\n<title>Annie Pardo Cemo, la mejor cient\u00edfica mexicana en biolog\u00eda molecular seg\u00fan ranking mundial - Alas Medios<\/title>\r\n<meta name=\"robots\" content=\"index, follow, max-snippet:-1, max-image-preview:large, max-video-preview:-1\" \/>\r\n<link rel=\"canonical\" href=\"https:\/\/www.alasmedios.com\/index.php\/2025\/06\/14\/annie-pardo-cemo-la-mejor-cientifica-mexicana-en-biologia-molecular-segun-ranking-mundial\/\" \/>\r\n<meta property=\"og:locale\" content=\"es_MX\" \/>\r\n<meta property=\"og:type\" content=\"article\" \/>\r\n<meta property=\"og:title\" content=\"Annie Pardo Cemo, la mejor cient\u00edfica mexicana en biolog\u00eda molecular seg\u00fan ranking mundial - Alas Medios\" \/>\r\n<meta property=\"og:description\" content=\"La profesora em\u00e9rita de la Facultad de Ciencias, Annie Pardo Cemo, fue reconocida como la mejor cient\u00edfica mexicana en el\" \/>\r\n<meta property=\"og:url\" content=\"https:\/\/www.alasmedios.com\/index.php\/2025\/06\/14\/annie-pardo-cemo-la-mejor-cientifica-mexicana-en-biologia-molecular-segun-ranking-mundial\/\" \/>\r\n<meta property=\"og:site_name\" content=\"Alas Medios\" \/>\r\n<meta property=\"article:published_time\" content=\"2025-06-14T19:07:51+00:00\" \/>\r\n<meta property=\"article:modified_time\" content=\"2025-06-14T19:08:31+00:00\" \/>\r\n<meta property=\"og:image\" content=\"https:\/\/www.alasmedios.com\/wp-content\/uploads\/2025\/06\/Annie-Pardo-Cemo.jpg\" \/>\r\n\t<meta property=\"og:image:width\" content=\"990\" \/>\r\n\t<meta property=\"og:image:height\" content=\"557\" \/>\r\n\t<meta property=\"og:image:type\" content=\"image\/jpeg\" \/>\r\n<meta name=\"author\" content=\"Keila Rodr\u00edguez Pe\u00f1a\" \/>\r\n<meta name=\"twitter:card\" content=\"summary_large_image\" \/>\r\n<meta name=\"twitter:label1\" content=\"Escrito por\" \/>\n\t<meta name=\"twitter:data1\" content=\"Keila Rodr\u00edguez Pe\u00f1a\" \/>\n\t<meta name=\"twitter:label2\" content=\"Tiempo de lectura\" \/>\n\t<meta name=\"twitter:data2\" content=\"2 minutos\" \/>\r\n<script type=\"application\/ld+json\" class=\"yoast-schema-graph\">{\"@context\":\"https:\\\/\\\/schema.org\",\"@graph\":[{\"@type\":\"Article\",\"@id\":\"https:\\\/\\\/www.alasmedios.com\\\/index.php\\\/2025\\\/06\\\/14\\\/annie-pardo-cemo-la-mejor-cientifica-mexicana-en-biologia-molecular-segun-ranking-mundial\\\/#article\",\"isPartOf\":{\"@id\":\"https:\\\/\\\/www.alasmedios.com\\\/index.php\\\/2025\\\/06\\\/14\\\/annie-pardo-cemo-la-mejor-cientifica-mexicana-en-biologia-molecular-segun-ranking-mundial\\\/\"},\"author\":{\"name\":\"Keila Rodr\u00edguez Pe\u00f1a\",\"@id\":\"https:\\\/\\\/www.alasmedios.com\\\/#\\\/schema\\\/person\\\/0ba31bdd19a05ebf5c7fef1fedf99c34\"},\"headline\":\"Annie Pardo Cemo, la mejor cient\u00edfica mexicana en biolog\u00eda molecular seg\u00fan ranking mundial\",\"datePublished\":\"2025-06-14T19:07:51+00:00\",\"dateModified\":\"2025-06-14T19:08:31+00:00\",\"mainEntityOfPage\":{\"@id\":\"https:\\\/\\\/www.alasmedios.com\\\/index.php\\\/2025\\\/06\\\/14\\\/annie-pardo-cemo-la-mejor-cientifica-mexicana-en-biologia-molecular-segun-ranking-mundial\\\/\"},\"wordCount\":330,\"commentCount\":0,\"publisher\":{\"@id\":\"https:\\\/\\\/www.alasmedios.com\\\/#organization\"},\"image\":{\"@id\":\"https:\\\/\\\/www.alasmedios.com\\\/index.php\\\/2025\\\/06\\\/14\\\/annie-pardo-cemo-la-mejor-cientifica-mexicana-en-biologia-molecular-segun-ranking-mundial\\\/#primaryimage\"},\"thumbnailUrl\":\"https:\\\/\\\/www.alasmedios.com\\\/wp-content\\\/uploads\\\/2025\\\/06\\\/Annie-Pardo-Cemo.jpg\",\"keywords\":[\"Annie Pardo Cemo\",\"biolog\u00eda molecular\",\"ciencia\",\"cient\u00edfica\",\"UNAM\"],\"articleSection\":[\"Ellas Dicen\"],\"inLanguage\":\"es\",\"potentialAction\":[{\"@type\":\"CommentAction\",\"name\":\"Comment\",\"target\":[\"https:\\\/\\\/www.alasmedios.com\\\/index.php\\\/2025\\\/06\\\/14\\\/annie-pardo-cemo-la-mejor-cientifica-mexicana-en-biologia-molecular-segun-ranking-mundial\\\/#respond\"]}]},{\"@type\":\"WebPage\",\"@id\":\"https:\\\/\\\/www.alasmedios.com\\\/index.php\\\/2025\\\/06\\\/14\\\/annie-pardo-cemo-la-mejor-cientifica-mexicana-en-biologia-molecular-segun-ranking-mundial\\\/\",\"url\":\"https:\\\/\\\/www.alasmedios.com\\\/index.php\\\/2025\\\/06\\\/14\\\/annie-pardo-cemo-la-mejor-cientifica-mexicana-en-biologia-molecular-segun-ranking-mundial\\\/\",\"name\":\"Annie Pardo Cemo, la mejor cient\u00edfica mexicana en biolog\u00eda molecular seg\u00fan ranking mundial - Alas Medios\",\"isPartOf\":{\"@id\":\"https:\\\/\\\/www.alasmedios.com\\\/#website\"},\"primaryImageOfPage\":{\"@id\":\"https:\\\/\\\/www.alasmedios.com\\\/index.php\\\/2025\\\/06\\\/14\\\/annie-pardo-cemo-la-mejor-cientifica-mexicana-en-biologia-molecular-segun-ranking-mundial\\\/#primaryimage\"},\"image\":{\"@id\":\"https:\\\/\\\/www.alasmedios.com\\\/index.php\\\/2025\\\/06\\\/14\\\/annie-pardo-cemo-la-mejor-cientifica-mexicana-en-biologia-molecular-segun-ranking-mundial\\\/#primaryimage\"},\"thumbnailUrl\":\"https:\\\/\\\/www.alasmedios.com\\\/wp-content\\\/uploads\\\/2025\\\/06\\\/Annie-Pardo-Cemo.jpg\",\"datePublished\":\"2025-06-14T19:07:51+00:00\",\"dateModified\":\"2025-06-14T19:08:31+00:00\",\"breadcrumb\":{\"@id\":\"https:\\\/\\\/www.alasmedios.com\\\/index.php\\\/2025\\\/06\\\/14\\\/annie-pardo-cemo-la-mejor-cientifica-mexicana-en-biologia-molecular-segun-ranking-mundial\\\/#breadcrumb\"},\"inLanguage\":\"es\",\"potentialAction\":[{\"@type\":\"ReadAction\",\"target\":[\"https:\\\/\\\/www.alasmedios.com\\\/index.php\\\/2025\\\/06\\\/14\\\/annie-pardo-cemo-la-mejor-cientifica-mexicana-en-biologia-molecular-segun-ranking-mundial\\\/\"]}]},{\"@type\":\"ImageObject\",\"inLanguage\":\"es\",\"@id\":\"https:\\\/\\\/www.alasmedios.com\\\/index.php\\\/2025\\\/06\\\/14\\\/annie-pardo-cemo-la-mejor-cientifica-mexicana-en-biologia-molecular-segun-ranking-mundial\\\/#primaryimage\",\"url\":\"https:\\\/\\\/www.alasmedios.com\\\/wp-content\\\/uploads\\\/2025\\\/06\\\/Annie-Pardo-Cemo.jpg\",\"contentUrl\":\"https:\\\/\\\/www.alasmedios.com\\\/wp-content\\\/uploads\\\/2025\\\/06\\\/Annie-Pardo-Cemo.jpg\",\"width\":990,\"height\":557},{\"@type\":\"BreadcrumbList\",\"@id\":\"https:\\\/\\\/www.alasmedios.com\\\/index.php\\\/2025\\\/06\\\/14\\\/annie-pardo-cemo-la-mejor-cientifica-mexicana-en-biologia-molecular-segun-ranking-mundial\\\/#breadcrumb\",\"itemListElement\":[{\"@type\":\"ListItem\",\"position\":1,\"name\":\"Inicio\",\"item\":\"https:\\\/\\\/www.alasmedios.com\\\/\"},{\"@type\":\"ListItem\",\"position\":2,\"name\":\"Annie Pardo Cemo, la mejor cient\u00edfica mexicana en biolog\u00eda molecular seg\u00fan ranking mundial\"}]},{\"@type\":\"WebSite\",\"@id\":\"https:\\\/\\\/www.alasmedios.com\\\/#website\",\"url\":\"https:\\\/\\\/www.alasmedios.com\\\/\",\"name\":\"Alas Medios\",\"description\":\"Alas para pensar, Alas para volar, Alas de libertad\",\"publisher\":{\"@id\":\"https:\\\/\\\/www.alasmedios.com\\\/#organization\"},\"potentialAction\":[{\"@type\":\"SearchAction\",\"target\":{\"@type\":\"EntryPoint\",\"urlTemplate\":\"https:\\\/\\\/www.alasmedios.com\\\/?s={search_term_string}\"},\"query-input\":{\"@type\":\"PropertyValueSpecification\",\"valueRequired\":true,\"valueName\":\"search_term_string\"}}],\"inLanguage\":\"es\"},{\"@type\":\"Organization\",\"@id\":\"https:\\\/\\\/www.alasmedios.com\\\/#organization\",\"name\":\"Alas Medios\",\"url\":\"https:\\\/\\\/www.alasmedios.com\\\/\",\"logo\":{\"@type\":\"ImageObject\",\"inLanguage\":\"es\",\"@id\":\"https:\\\/\\\/www.alasmedios.com\\\/#\\\/schema\\\/logo\\\/image\\\/\",\"url\":\"https:\\\/\\\/www.alasmedios.com\\\/wp-content\\\/uploads\\\/2026\\\/01\\\/cropped-cropped-GAM-1.png\",\"contentUrl\":\"https:\\\/\\\/www.alasmedios.com\\\/wp-content\\\/uploads\\\/2026\\\/01\\\/cropped-cropped-GAM-1.png\",\"width\":467,\"height\":235,\"caption\":\"Alas Medios\"},\"image\":{\"@id\":\"https:\\\/\\\/www.alasmedios.com\\\/#\\\/schema\\\/logo\\\/image\\\/\"}},{\"@type\":\"Person\",\"@id\":\"https:\\\/\\\/www.alasmedios.com\\\/#\\\/schema\\\/person\\\/0ba31bdd19a05ebf5c7fef1fedf99c34\",\"name\":\"Keila Rodr\u00edguez Pe\u00f1a\",\"image\":{\"@type\":\"ImageObject\",\"inLanguage\":\"es\",\"@id\":\"https:\\\/\\\/secure.gravatar.com\\\/avatar\\\/a2553a2bfaa601b9d539b617c8793e151bdffb60f9e48a249912f86d4c9ebeef?s=96&d=mm&r=g\",\"url\":\"https:\\\/\\\/secure.gravatar.com\\\/avatar\\\/a2553a2bfaa601b9d539b617c8793e151bdffb60f9e48a249912f86d4c9ebeef?s=96&d=mm&r=g\",\"contentUrl\":\"https:\\\/\\\/secure.gravatar.com\\\/avatar\\\/a2553a2bfaa601b9d539b617c8793e151bdffb60f9e48a249912f86d4c9ebeef?s=96&d=mm&r=g\",\"caption\":\"Keila Rodr\u00edguez Pe\u00f1a\"},\"sameAs\":[\"http:\\\/\\\/www.alasmedios.com\"],\"url\":\"https:\\\/\\\/www.alasmedios.com\\\/index.php\\\/author\\\/keila\\\/\"}]}<\/script>\r\n<!-- \/ Yoast SEO plugin. -->","yoast_head_json":{"title":"Annie Pardo Cemo, la mejor cient\u00edfica mexicana en biolog\u00eda molecular seg\u00fan ranking mundial - Alas Medios","robots":{"index":"index","follow":"follow","max-snippet":"max-snippet:-1","max-image-preview":"max-image-preview:large","max-video-preview":"max-video-preview:-1"},"canonical":"https:\/\/www.alasmedios.com\/index.php\/2025\/06\/14\/annie-pardo-cemo-la-mejor-cientifica-mexicana-en-biologia-molecular-segun-ranking-mundial\/","og_locale":"es_MX","og_type":"article","og_title":"Annie Pardo Cemo, la mejor cient\u00edfica mexicana en biolog\u00eda molecular seg\u00fan ranking mundial - Alas Medios","og_description":"La profesora em\u00e9rita de la Facultad de Ciencias, Annie Pardo Cemo, fue reconocida como la mejor cient\u00edfica mexicana en el","og_url":"https:\/\/www.alasmedios.com\/index.php\/2025\/06\/14\/annie-pardo-cemo-la-mejor-cientifica-mexicana-en-biologia-molecular-segun-ranking-mundial\/","og_site_name":"Alas Medios","article_published_time":"2025-06-14T19:07:51+00:00","article_modified_time":"2025-06-14T19:08:31+00:00","og_image":[{"width":990,"height":557,"url":"https:\/\/www.alasmedios.com\/wp-content\/uploads\/2025\/06\/Annie-Pardo-Cemo.jpg","type":"image\/jpeg"}],"author":"Keila Rodr\u00edguez Pe\u00f1a","twitter_card":"summary_large_image","twitter_misc":{"Escrito por":"Keila Rodr\u00edguez Pe\u00f1a","Tiempo de lectura":"2 minutos"},"schema":{"@context":"https:\/\/schema.org","@graph":[{"@type":"Article","@id":"https:\/\/www.alasmedios.com\/index.php\/2025\/06\/14\/annie-pardo-cemo-la-mejor-cientifica-mexicana-en-biologia-molecular-segun-ranking-mundial\/#article","isPartOf":{"@id":"https:\/\/www.alasmedios.com\/index.php\/2025\/06\/14\/annie-pardo-cemo-la-mejor-cientifica-mexicana-en-biologia-molecular-segun-ranking-mundial\/"},"author":{"name":"Keila Rodr\u00edguez Pe\u00f1a","@id":"https:\/\/www.alasmedios.com\/#\/schema\/person\/0ba31bdd19a05ebf5c7fef1fedf99c34"},"headline":"Annie Pardo Cemo, la mejor cient\u00edfica mexicana en biolog\u00eda molecular seg\u00fan ranking mundial","datePublished":"2025-06-14T19:07:51+00:00","dateModified":"2025-06-14T19:08:31+00:00","mainEntityOfPage":{"@id":"https:\/\/www.alasmedios.com\/index.php\/2025\/06\/14\/annie-pardo-cemo-la-mejor-cientifica-mexicana-en-biologia-molecular-segun-ranking-mundial\/"},"wordCount":330,"commentCount":0,"publisher":{"@id":"https:\/\/www.alasmedios.com\/#organization"},"image":{"@id":"https:\/\/www.alasmedios.com\/index.php\/2025\/06\/14\/annie-pardo-cemo-la-mejor-cientifica-mexicana-en-biologia-molecular-segun-ranking-mundial\/#primaryimage"},"thumbnailUrl":"https:\/\/www.alasmedios.com\/wp-content\/uploads\/2025\/06\/Annie-Pardo-Cemo.jpg","keywords":["Annie Pardo Cemo","biolog\u00eda molecular","ciencia","cient\u00edfica","UNAM"],"articleSection":["Ellas Dicen"],"inLanguage":"es","potentialAction":[{"@type":"CommentAction","name":"Comment","target":["https:\/\/www.alasmedios.com\/index.php\/2025\/06\/14\/annie-pardo-cemo-la-mejor-cientifica-mexicana-en-biologia-molecular-segun-ranking-mundial\/#respond"]}]},{"@type":"WebPage","@id":"https:\/\/www.alasmedios.com\/index.php\/2025\/06\/14\/annie-pardo-cemo-la-mejor-cientifica-mexicana-en-biologia-molecular-segun-ranking-mundial\/","url":"https:\/\/www.alasmedios.com\/index.php\/2025\/06\/14\/annie-pardo-cemo-la-mejor-cientifica-mexicana-en-biologia-molecular-segun-ranking-mundial\/","name":"Annie Pardo Cemo, la mejor cient\u00edfica mexicana en biolog\u00eda molecular seg\u00fan ranking mundial - Alas Medios","isPartOf":{"@id":"https:\/\/www.alasmedios.com\/#website"},"primaryImageOfPage":{"@id":"https:\/\/www.alasmedios.com\/index.php\/2025\/06\/14\/annie-pardo-cemo-la-mejor-cientifica-mexicana-en-biologia-molecular-segun-ranking-mundial\/#primaryimage"},"image":{"@id":"https:\/\/www.alasmedios.com\/index.php\/2025\/06\/14\/annie-pardo-cemo-la-mejor-cientifica-mexicana-en-biologia-molecular-segun-ranking-mundial\/#primaryimage"},"thumbnailUrl":"https:\/\/www.alasmedios.com\/wp-content\/uploads\/2025\/06\/Annie-Pardo-Cemo.jpg","datePublished":"2025-06-14T19:07:51+00:00","dateModified":"2025-06-14T19:08:31+00:00","breadcrumb":{"@id":"https:\/\/www.alasmedios.com\/index.php\/2025\/06\/14\/annie-pardo-cemo-la-mejor-cientifica-mexicana-en-biologia-molecular-segun-ranking-mundial\/#breadcrumb"},"inLanguage":"es","potentialAction":[{"@type":"ReadAction","target":["https:\/\/www.alasmedios.com\/index.php\/2025\/06\/14\/annie-pardo-cemo-la-mejor-cientifica-mexicana-en-biologia-molecular-segun-ranking-mundial\/"]}]},{"@type":"ImageObject","inLanguage":"es","@id":"https:\/\/www.alasmedios.com\/index.php\/2025\/06\/14\/annie-pardo-cemo-la-mejor-cientifica-mexicana-en-biologia-molecular-segun-ranking-mundial\/#primaryimage","url":"https:\/\/www.alasmedios.com\/wp-content\/uploads\/2025\/06\/Annie-Pardo-Cemo.jpg","contentUrl":"https:\/\/www.alasmedios.com\/wp-content\/uploads\/2025\/06\/Annie-Pardo-Cemo.jpg","width":990,"height":557},{"@type":"BreadcrumbList","@id":"https:\/\/www.alasmedios.com\/index.php\/2025\/06\/14\/annie-pardo-cemo-la-mejor-cientifica-mexicana-en-biologia-molecular-segun-ranking-mundial\/#breadcrumb","itemListElement":[{"@type":"ListItem","position":1,"name":"Inicio","item":"https:\/\/www.alasmedios.com\/"},{"@type":"ListItem","position":2,"name":"Annie Pardo Cemo, la mejor cient\u00edfica mexicana en biolog\u00eda molecular seg\u00fan ranking mundial"}]},{"@type":"WebSite","@id":"https:\/\/www.alasmedios.com\/#website","url":"https:\/\/www.alasmedios.com\/","name":"Alas Medios","description":"Alas para pensar, Alas para volar, Alas de libertad","publisher":{"@id":"https:\/\/www.alasmedios.com\/#organization"},"potentialAction":[{"@type":"SearchAction","target":{"@type":"EntryPoint","urlTemplate":"https:\/\/www.alasmedios.com\/?s={search_term_string}"},"query-input":{"@type":"PropertyValueSpecification","valueRequired":true,"valueName":"search_term_string"}}],"inLanguage":"es"},{"@type":"Organization","@id":"https:\/\/www.alasmedios.com\/#organization","name":"Alas Medios","url":"https:\/\/www.alasmedios.com\/","logo":{"@type":"ImageObject","inLanguage":"es","@id":"https:\/\/www.alasmedios.com\/#\/schema\/logo\/image\/","url":"https:\/\/www.alasmedios.com\/wp-content\/uploads\/2026\/01\/cropped-cropped-GAM-1.png","contentUrl":"https:\/\/www.alasmedios.com\/wp-content\/uploads\/2026\/01\/cropped-cropped-GAM-1.png","width":467,"height":235,"caption":"Alas Medios"},"image":{"@id":"https:\/\/www.alasmedios.com\/#\/schema\/logo\/image\/"}},{"@type":"Person","@id":"https:\/\/www.alasmedios.com\/#\/schema\/person\/0ba31bdd19a05ebf5c7fef1fedf99c34","name":"Keila Rodr\u00edguez Pe\u00f1a","image":{"@type":"ImageObject","inLanguage":"es","@id":"https:\/\/secure.gravatar.com\/avatar\/a2553a2bfaa601b9d539b617c8793e151bdffb60f9e48a249912f86d4c9ebeef?s=96&d=mm&r=g","url":"https:\/\/secure.gravatar.com\/avatar\/a2553a2bfaa601b9d539b617c8793e151bdffb60f9e48a249912f86d4c9ebeef?s=96&d=mm&r=g","contentUrl":"https:\/\/secure.gravatar.com\/avatar\/a2553a2bfaa601b9d539b617c8793e151bdffb60f9e48a249912f86d4c9ebeef?s=96&d=mm&r=g","caption":"Keila Rodr\u00edguez Pe\u00f1a"},"sameAs":["http:\/\/www.alasmedios.com"],"url":"https:\/\/www.alasmedios.com\/index.php\/author\/keila\/"}]}},"_links":{"self":[{"href":"https:\/\/www.alasmedios.com\/index.php\/wp-json\/wp\/v2\/posts\/5061","targetHints":{"allow":["GET"]}}],"collection":[{"href":"https:\/\/www.alasmedios.com\/index.php\/wp-json\/wp\/v2\/posts"}],"about":[{"href":"https:\/\/www.alasmedios.com\/index.php\/wp-json\/wp\/v2\/types\/post"}],"author":[{"embeddable":true,"href":"https:\/\/www.alasmedios.com\/index.php\/wp-json\/wp\/v2\/users\/4"}],"replies":[{"embeddable":true,"href":"https:\/\/www.alasmedios.com\/index.php\/wp-json\/wp\/v2\/comments?post=5061"}],"version-history":[{"count":1,"href":"https:\/\/www.alasmedios.com\/index.php\/wp-json\/wp\/v2\/posts\/5061\/revisions"}],"predecessor-version":[{"id":5063,"href":"https:\/\/www.alasmedios.com\/index.php\/wp-json\/wp\/v2\/posts\/5061\/revisions\/5063"}],"wp:featuredmedia":[{"embeddable":true,"href":"https:\/\/www.alasmedios.com\/index.php\/wp-json\/wp\/v2\/media\/5062"}],"wp:attachment":[{"href":"https:\/\/www.alasmedios.com\/index.php\/wp-json\/wp\/v2\/media?parent=5061"}],"wp:term":[{"taxonomy":"category","embeddable":true,"href":"https:\/\/www.alasmedios.com\/index.php\/wp-json\/wp\/v2\/categories?post=5061"},{"taxonomy":"post_tag","embeddable":true,"href":"https:\/\/www.alasmedios.com\/index.php\/wp-json\/wp\/v2\/tags?post=5061"}],"curies":[{"name":"wp","href":"https:\/\/api.w.org\/{rel}","templated":true}]}}