{"id":4992,"date":"2025-06-12T08:50:00","date_gmt":"2025-06-12T13:50:00","guid":{"rendered":"https:\/\/www.alasmedios.com\/?p=4992"},"modified":"2025-06-11T16:43:19","modified_gmt":"2025-06-11T21:43:19","slug":"la-lucha-urgente-para-proteger-la-infancia-de-la-explotacion-laboral","status":"publish","type":"post","link":"https:\/\/www.alasmedios.com\/index.php\/2025\/06\/12\/la-lucha-urgente-para-proteger-la-infancia-de-la-explotacion-laboral\/","title":{"rendered":"La lucha urgente para proteger la infancia de la explotaci\u00f3n laboral"},"content":{"rendered":"\n<p><strong>Cada a\u00f1o millones de ni\u00f1as y ni\u00f1os<\/strong> enfrentan la dura realidad del <strong>trabajo infantil<\/strong>, una pr\u00e1ctica que roba la ni\u00f1ez, pone en riesgo la salud y limita el acceso a la educaci\u00f3n. M\u00e1s que una cifra, son vidas que necesitan <strong>protecci\u00f3n, oportunidades y justicia<\/strong>.<\/p>\n\n\n\n<p>El trabajo infantil no s\u00f3lo significa jornadas extenuantes en condiciones precarias, sino que tambi\u00e9n implica una <strong>violaci\u00f3n grave de los derechos humanos<\/strong>. <\/p>\n\n\n\n<p>Seg\u00fan datos de la Organizaci\u00f3n Internacional del Trabajo (OIT), m\u00e1s de <strong>160 millones de ni\u00f1os<\/strong> de entre 5 y 17 a\u00f1os est\u00e1n involucrados en actividades laborales que afectan su desarrollo f\u00edsico, mental y emocional.<\/p>\n\n\n\n<p>Combatir esta problem\u00e1tica requiere <strong>acciones coordinadas y compromiso social<\/strong>. La educaci\u00f3n es un pilar fundamental para romper este ciclo: garantizar que todos los ni\u00f1os tengan acceso a una ense\u00f1anza de calidad es la forma m\u00e1s efectiva de prevenir que ingresen al mercado laboral en condiciones injustas.<\/p>\n\n\n\n<p>CONTIN\u00daA LEYENDO: <a href=\"https:\/\/www.alasmedios.com\/index.php\/2025\/06\/11\/soy-mujer-que-soy-la-voz-poetica-y-rebelde-de-las-jovenes-zapatistas\/\" data-type=\"post\" data-id=\"4983\">\u201cSoy mujer que soy\u201d: la voz po\u00e9tica y rebelde de las j\u00f3venes zapatistas<\/a><\/p>\n\n\n\n<p>Adem\u00e1s, es vital que los gobiernos implementen y refuercen pol\u00edticas p\u00fablicas que <strong>protejan a la infancia<\/strong>, promuevan la justicia social y sancionen a quienes explotan a los menores. <\/p>\n\n\n\n<p>En este sentido, la participaci\u00f3n de la sociedad civil, organizaciones no gubernamentales y la iniciativa privada es clave para generar conciencia y recursos.<\/p>\n\n\n\n<p>El llamado es claro: es responsabilidad de todos construir un entorno seguro donde la ni\u00f1ez pueda crecer, aprender y so\u00f1ar sin la sombra del trabajo que les roba tiempo, salud y esperanza.<\/p>\n\n\n\n<p><strong>Proteger a los ni\u00f1os del trabajo infantil es garantizar un futuro digno y justo.<\/strong><\/p>\n\n\n<ul class=\"wp-block-latest-posts__list is-grid columns-3 wp-block-latest-posts\"><li><div class=\"wp-block-latest-posts__featured-image\"><img loading=\"lazy\" decoding=\"async\" width=\"150\" height=\"150\" src=\"https:\/\/www.alasmedios.com\/wp-content\/uploads\/2026\/04\/banquetas-Congreso-de-Puebla-accesibles-150x150.png\" class=\"attachment-thumbnail size-thumbnail wp-post-image\" alt=\"\" style=\"\" \/><\/div><a class=\"wp-block-latest-posts__post-title\" href=\"https:\/\/www.alasmedios.com\/index.php\/2026\/04\/29\/banquetas-libres-congreso-de-puebla-presiona-a-municipios-por-accesibilidad-real\/\">Banquetas libres: Congreso de Puebla presiona a municipios por accesibilidad real<\/a><\/li>\n<li><div class=\"wp-block-latest-posts__featured-image\"><img loading=\"lazy\" decoding=\"async\" width=\"150\" height=\"150\" src=\"https:\/\/www.alasmedios.com\/wp-content\/uploads\/2026\/04\/temperaturas-altas-Hidalgo-calor-de-45-\u00b0C-150x150.png\" class=\"attachment-thumbnail size-thumbnail wp-post-image\" alt=\"\" style=\"\" \/><\/div><a class=\"wp-block-latest-posts__post-title\" href=\"https:\/\/www.alasmedios.com\/index.php\/2026\/04\/29\/hasta-45-grados-en-hidalgo-protegete-ya-ante-el-calor-extremo\/\">Hasta 45 grados en Hidalgo: prot\u00e9gete ya ante el calor extremo<\/a><\/li>\n<li><div class=\"wp-block-latest-posts__featured-image\"><img loading=\"lazy\" decoding=\"async\" width=\"150\" height=\"150\" src=\"https:\/\/www.alasmedios.com\/wp-content\/uploads\/2026\/04\/Puebla-Formacion-trabajo-del-hogar-y-trabajo-de-cuidados-150x150.png\" class=\"attachment-thumbnail size-thumbnail wp-post-image\" alt=\"\" style=\"\" \/><\/div><a class=\"wp-block-latest-posts__post-title\" href=\"https:\/\/www.alasmedios.com\/index.php\/2026\/04\/29\/abren-formacion-gratuita-para-trabajadoras-de-cuidados-en-puebla\/\">Abren formaci\u00f3n gratuita para trabajadoras de cuidados en Puebla<\/a><\/li>\n<\/ul>","protected":false},"excerpt":{"rendered":"<p>Cada a\u00f1o millones de ni\u00f1as y ni\u00f1os enfrentan la dura realidad del trabajo infantil, una pr\u00e1ctica que roba la ni\u00f1ez,<\/p>\n","protected":false},"author":4,"featured_media":4993,"comment_status":"open","ping_status":"open","sticky":false,"template":"","format":"standard","meta":{"colormag_page_container_layout":"default_layout","colormag_page_sidebar_layout":"default_layout","rop_custom_images_group":[],"rop_custom_messages_group":[],"rop_publish_now":"initial","rop_publish_now_accounts":[],"rop_publish_now_history":[],"rop_publish_now_status":"pending","iawp_total_views":0,"footnotes":""},"categories":[42],"tags":[175,983,794],"class_list":["post-4992","post","type-post","status-publish","format-standard","has-post-thumbnail","hentry","category-familia_salud","tag-infancias","tag-oit","tag-trabajo-infantil"],"magazineBlocksPostFeaturedMedia":{"thumbnail":"https:\/\/www.alasmedios.com\/wp-content\/uploads\/2025\/06\/La-lucha-urgente-para-proteger-la-infancia-de-la-explotacion-laboral-150x150.png","medium":"https:\/\/www.alasmedios.com\/wp-content\/uploads\/2025\/06\/La-lucha-urgente-para-proteger-la-infancia-de-la-explotacion-laboral-300x182.png","medium_large":"https:\/\/www.alasmedios.com\/wp-content\/uploads\/2025\/06\/La-lucha-urgente-para-proteger-la-infancia-de-la-explotacion-laboral-768x466.png","large":"https:\/\/www.alasmedios.com\/wp-content\/uploads\/2025\/06\/La-lucha-urgente-para-proteger-la-infancia-de-la-explotacion-laboral-1024x622.png","1536x1536":"https:\/\/www.alasmedios.com\/wp-content\/uploads\/2025\/06\/La-lucha-urgente-para-proteger-la-infancia-de-la-explotacion-laboral-1536x932.png","2048x2048":"https:\/\/www.alasmedios.com\/wp-content\/uploads\/2025\/06\/La-lucha-urgente-para-proteger-la-infancia-de-la-explotacion-laboral.png","colormag-highlighted-post":"https:\/\/www.alasmedios.com\/wp-content\/uploads\/2025\/06\/La-lucha-urgente-para-proteger-la-infancia-de-la-explotacion-laboral-392x272.png","colormag-featured-post-medium":"https:\/\/www.alasmedios.com\/wp-content\/uploads\/2025\/06\/La-lucha-urgente-para-proteger-la-infancia-de-la-explotacion-laboral-390x205.png","colormag-featured-post-small":"https:\/\/www.alasmedios.com\/wp-content\/uploads\/2025\/06\/La-lucha-urgente-para-proteger-la-infancia-de-la-explotacion-laboral-130x90.png","colormag-featured-image":"https:\/\/www.alasmedios.com\/wp-content\/uploads\/2025\/06\/La-lucha-urgente-para-proteger-la-infancia-de-la-explotacion-laboral-800x445.png","colormag-default-news":"https:\/\/www.alasmedios.com\/wp-content\/uploads\/2025\/06\/La-lucha-urgente-para-proteger-la-infancia-de-la-explotacion-laboral-150x150.png","colormag-featured-image-large":"https:\/\/www.alasmedios.com\/wp-content\/uploads\/2025\/06\/La-lucha-urgente-para-proteger-la-infancia-de-la-explotacion-laboral-1400x600.png"},"magazineBlocksPostAuthor":{"name":"Keila Rodr\u00edguez Pe\u00f1a","avatar":"https:\/\/secure.gravatar.com\/avatar\/a2553a2bfaa601b9d539b617c8793e151bdffb60f9e48a249912f86d4c9ebeef?s=96&d=mm&r=g"},"magazineBlocksPostCommentsNumber":"0","magazineBlocksPostExcerpt":"Cada a\u00f1o millones de ni\u00f1as y ni\u00f1os enfrentan la dura realidad del trabajo infantil, una pr\u00e1ctica que roba la ni\u00f1ez,","magazineBlocksPostCategories":["Familia y Bienestar"],"magazineBlocksPostViewCount":227,"magazineBlocksPostReadTime":2,"magazine_blocks_featured_image_url":{"full":["https:\/\/www.alasmedios.com\/wp-content\/uploads\/2025\/06\/La-lucha-urgente-para-proteger-la-infancia-de-la-explotacion-laboral.png",2000,1214,false],"medium":["https:\/\/www.alasmedios.com\/wp-content\/uploads\/2025\/06\/La-lucha-urgente-para-proteger-la-infancia-de-la-explotacion-laboral-300x182.png",300,182,true],"thumbnail":["https:\/\/www.alasmedios.com\/wp-content\/uploads\/2025\/06\/La-lucha-urgente-para-proteger-la-infancia-de-la-explotacion-laboral-150x150.png",150,150,true]},"magazine_blocks_author":{"display_name":"Keila Rodr\u00edguez Pe\u00f1a","author_link":"https:\/\/www.alasmedios.com\/index.php\/author\/keila\/"},"magazine_blocks_comment":0,"magazine_blocks_author_image":"https:\/\/secure.gravatar.com\/avatar\/a2553a2bfaa601b9d539b617c8793e151bdffb60f9e48a249912f86d4c9ebeef?s=96&d=mm&r=g","magazine_blocks_category":"<a href=\"#\" class=\"category-link category-link-42\">Familia y Bienestar<\/a>","yoast_head":"<!-- This site is optimized with the Yoast SEO plugin v27.5 - https:\/\/yoast.com\/product\/yoast-seo-wordpress\/ -->\r\n<title>La lucha urgente para proteger la infancia de la explotaci\u00f3n laboral - Alas Medios<\/title>\r\n<meta name=\"robots\" content=\"index, follow, max-snippet:-1, max-image-preview:large, max-video-preview:-1\" \/>\r\n<link rel=\"canonical\" href=\"https:\/\/www.alasmedios.com\/index.php\/2025\/06\/12\/la-lucha-urgente-para-proteger-la-infancia-de-la-explotacion-laboral\/\" \/>\r\n<meta property=\"og:locale\" content=\"es_MX\" \/>\r\n<meta property=\"og:type\" content=\"article\" \/>\r\n<meta property=\"og:title\" content=\"La lucha urgente para proteger la infancia de la explotaci\u00f3n laboral - Alas Medios\" \/>\r\n<meta property=\"og:description\" content=\"Cada a\u00f1o millones de ni\u00f1as y ni\u00f1os enfrentan la dura realidad del trabajo infantil, una pr\u00e1ctica que roba la ni\u00f1ez,\" \/>\r\n<meta property=\"og:url\" content=\"https:\/\/www.alasmedios.com\/index.php\/2025\/06\/12\/la-lucha-urgente-para-proteger-la-infancia-de-la-explotacion-laboral\/\" \/>\r\n<meta property=\"og:site_name\" content=\"Alas Medios\" \/>\r\n<meta property=\"article:published_time\" content=\"2025-06-12T13:50:00+00:00\" \/>\r\n<meta property=\"og:image\" content=\"https:\/\/www.alasmedios.com\/wp-content\/uploads\/2025\/06\/La-lucha-urgente-para-proteger-la-infancia-de-la-explotacion-laboral-1024x622.png\" \/>\r\n\t<meta property=\"og:image:width\" content=\"1024\" \/>\r\n\t<meta property=\"og:image:height\" content=\"622\" \/>\r\n\t<meta property=\"og:image:type\" content=\"image\/png\" \/>\r\n<meta name=\"author\" content=\"Keila Rodr\u00edguez Pe\u00f1a\" \/>\r\n<meta name=\"twitter:card\" content=\"summary_large_image\" \/>\r\n<meta name=\"twitter:label1\" content=\"Escrito por\" \/>\n\t<meta name=\"twitter:data1\" content=\"Keila Rodr\u00edguez Pe\u00f1a\" \/>\n\t<meta name=\"twitter:label2\" content=\"Tiempo de lectura\" \/>\n\t<meta name=\"twitter:data2\" content=\"1 minuto\" \/>\r\n<script type=\"application\/ld+json\" class=\"yoast-schema-graph\">{\"@context\":\"https:\\\/\\\/schema.org\",\"@graph\":[{\"@type\":\"Article\",\"@id\":\"https:\\\/\\\/www.alasmedios.com\\\/index.php\\\/2025\\\/06\\\/12\\\/la-lucha-urgente-para-proteger-la-infancia-de-la-explotacion-laboral\\\/#article\",\"isPartOf\":{\"@id\":\"https:\\\/\\\/www.alasmedios.com\\\/index.php\\\/2025\\\/06\\\/12\\\/la-lucha-urgente-para-proteger-la-infancia-de-la-explotacion-laboral\\\/\"},\"author\":{\"name\":\"Keila Rodr\u00edguez Pe\u00f1a\",\"@id\":\"https:\\\/\\\/www.alasmedios.com\\\/#\\\/schema\\\/person\\\/0ba31bdd19a05ebf5c7fef1fedf99c34\"},\"headline\":\"La lucha urgente para proteger la infancia de la explotaci\u00f3n laboral\",\"datePublished\":\"2025-06-12T13:50:00+00:00\",\"mainEntityOfPage\":{\"@id\":\"https:\\\/\\\/www.alasmedios.com\\\/index.php\\\/2025\\\/06\\\/12\\\/la-lucha-urgente-para-proteger-la-infancia-de-la-explotacion-laboral\\\/\"},\"wordCount\":300,\"commentCount\":0,\"publisher\":{\"@id\":\"https:\\\/\\\/www.alasmedios.com\\\/#organization\"},\"image\":{\"@id\":\"https:\\\/\\\/www.alasmedios.com\\\/index.php\\\/2025\\\/06\\\/12\\\/la-lucha-urgente-para-proteger-la-infancia-de-la-explotacion-laboral\\\/#primaryimage\"},\"thumbnailUrl\":\"https:\\\/\\\/www.alasmedios.com\\\/wp-content\\\/uploads\\\/2025\\\/06\\\/La-lucha-urgente-para-proteger-la-infancia-de-la-explotacion-laboral.png\",\"keywords\":[\"infancias\",\"OIT\",\"trabajo infantil\"],\"articleSection\":[\"Familia y Bienestar\"],\"inLanguage\":\"es\",\"potentialAction\":[{\"@type\":\"CommentAction\",\"name\":\"Comment\",\"target\":[\"https:\\\/\\\/www.alasmedios.com\\\/index.php\\\/2025\\\/06\\\/12\\\/la-lucha-urgente-para-proteger-la-infancia-de-la-explotacion-laboral\\\/#respond\"]}]},{\"@type\":\"WebPage\",\"@id\":\"https:\\\/\\\/www.alasmedios.com\\\/index.php\\\/2025\\\/06\\\/12\\\/la-lucha-urgente-para-proteger-la-infancia-de-la-explotacion-laboral\\\/\",\"url\":\"https:\\\/\\\/www.alasmedios.com\\\/index.php\\\/2025\\\/06\\\/12\\\/la-lucha-urgente-para-proteger-la-infancia-de-la-explotacion-laboral\\\/\",\"name\":\"La lucha urgente para proteger la infancia de la explotaci\u00f3n laboral - Alas Medios\",\"isPartOf\":{\"@id\":\"https:\\\/\\\/www.alasmedios.com\\\/#website\"},\"primaryImageOfPage\":{\"@id\":\"https:\\\/\\\/www.alasmedios.com\\\/index.php\\\/2025\\\/06\\\/12\\\/la-lucha-urgente-para-proteger-la-infancia-de-la-explotacion-laboral\\\/#primaryimage\"},\"image\":{\"@id\":\"https:\\\/\\\/www.alasmedios.com\\\/index.php\\\/2025\\\/06\\\/12\\\/la-lucha-urgente-para-proteger-la-infancia-de-la-explotacion-laboral\\\/#primaryimage\"},\"thumbnailUrl\":\"https:\\\/\\\/www.alasmedios.com\\\/wp-content\\\/uploads\\\/2025\\\/06\\\/La-lucha-urgente-para-proteger-la-infancia-de-la-explotacion-laboral.png\",\"datePublished\":\"2025-06-12T13:50:00+00:00\",\"breadcrumb\":{\"@id\":\"https:\\\/\\\/www.alasmedios.com\\\/index.php\\\/2025\\\/06\\\/12\\\/la-lucha-urgente-para-proteger-la-infancia-de-la-explotacion-laboral\\\/#breadcrumb\"},\"inLanguage\":\"es\",\"potentialAction\":[{\"@type\":\"ReadAction\",\"target\":[\"https:\\\/\\\/www.alasmedios.com\\\/index.php\\\/2025\\\/06\\\/12\\\/la-lucha-urgente-para-proteger-la-infancia-de-la-explotacion-laboral\\\/\"]}]},{\"@type\":\"ImageObject\",\"inLanguage\":\"es\",\"@id\":\"https:\\\/\\\/www.alasmedios.com\\\/index.php\\\/2025\\\/06\\\/12\\\/la-lucha-urgente-para-proteger-la-infancia-de-la-explotacion-laboral\\\/#primaryimage\",\"url\":\"https:\\\/\\\/www.alasmedios.com\\\/wp-content\\\/uploads\\\/2025\\\/06\\\/La-lucha-urgente-para-proteger-la-infancia-de-la-explotacion-laboral.png\",\"contentUrl\":\"https:\\\/\\\/www.alasmedios.com\\\/wp-content\\\/uploads\\\/2025\\\/06\\\/La-lucha-urgente-para-proteger-la-infancia-de-la-explotacion-laboral.png\",\"width\":2000,\"height\":1214},{\"@type\":\"BreadcrumbList\",\"@id\":\"https:\\\/\\\/www.alasmedios.com\\\/index.php\\\/2025\\\/06\\\/12\\\/la-lucha-urgente-para-proteger-la-infancia-de-la-explotacion-laboral\\\/#breadcrumb\",\"itemListElement\":[{\"@type\":\"ListItem\",\"position\":1,\"name\":\"Inicio\",\"item\":\"https:\\\/\\\/www.alasmedios.com\\\/\"},{\"@type\":\"ListItem\",\"position\":2,\"name\":\"La lucha urgente para proteger la infancia de la explotaci\u00f3n laboral\"}]},{\"@type\":\"WebSite\",\"@id\":\"https:\\\/\\\/www.alasmedios.com\\\/#website\",\"url\":\"https:\\\/\\\/www.alasmedios.com\\\/\",\"name\":\"Alas Medios\",\"description\":\"Alas para pensar, Alas para volar, Alas de libertad\",\"publisher\":{\"@id\":\"https:\\\/\\\/www.alasmedios.com\\\/#organization\"},\"potentialAction\":[{\"@type\":\"SearchAction\",\"target\":{\"@type\":\"EntryPoint\",\"urlTemplate\":\"https:\\\/\\\/www.alasmedios.com\\\/?s={search_term_string}\"},\"query-input\":{\"@type\":\"PropertyValueSpecification\",\"valueRequired\":true,\"valueName\":\"search_term_string\"}}],\"inLanguage\":\"es\"},{\"@type\":\"Organization\",\"@id\":\"https:\\\/\\\/www.alasmedios.com\\\/#organization\",\"name\":\"Alas Medios\",\"url\":\"https:\\\/\\\/www.alasmedios.com\\\/\",\"logo\":{\"@type\":\"ImageObject\",\"inLanguage\":\"es\",\"@id\":\"https:\\\/\\\/www.alasmedios.com\\\/#\\\/schema\\\/logo\\\/image\\\/\",\"url\":\"https:\\\/\\\/www.alasmedios.com\\\/wp-content\\\/uploads\\\/2026\\\/01\\\/cropped-cropped-GAM-1.png\",\"contentUrl\":\"https:\\\/\\\/www.alasmedios.com\\\/wp-content\\\/uploads\\\/2026\\\/01\\\/cropped-cropped-GAM-1.png\",\"width\":467,\"height\":235,\"caption\":\"Alas Medios\"},\"image\":{\"@id\":\"https:\\\/\\\/www.alasmedios.com\\\/#\\\/schema\\\/logo\\\/image\\\/\"}},{\"@type\":\"Person\",\"@id\":\"https:\\\/\\\/www.alasmedios.com\\\/#\\\/schema\\\/person\\\/0ba31bdd19a05ebf5c7fef1fedf99c34\",\"name\":\"Keila Rodr\u00edguez Pe\u00f1a\",\"image\":{\"@type\":\"ImageObject\",\"inLanguage\":\"es\",\"@id\":\"https:\\\/\\\/secure.gravatar.com\\\/avatar\\\/a2553a2bfaa601b9d539b617c8793e151bdffb60f9e48a249912f86d4c9ebeef?s=96&d=mm&r=g\",\"url\":\"https:\\\/\\\/secure.gravatar.com\\\/avatar\\\/a2553a2bfaa601b9d539b617c8793e151bdffb60f9e48a249912f86d4c9ebeef?s=96&d=mm&r=g\",\"contentUrl\":\"https:\\\/\\\/secure.gravatar.com\\\/avatar\\\/a2553a2bfaa601b9d539b617c8793e151bdffb60f9e48a249912f86d4c9ebeef?s=96&d=mm&r=g\",\"caption\":\"Keila Rodr\u00edguez Pe\u00f1a\"},\"sameAs\":[\"http:\\\/\\\/www.alasmedios.com\"],\"url\":\"https:\\\/\\\/www.alasmedios.com\\\/index.php\\\/author\\\/keila\\\/\"}]}<\/script>\r\n<!-- \/ Yoast SEO plugin. -->","yoast_head_json":{"title":"La lucha urgente para proteger la infancia de la explotaci\u00f3n laboral - Alas Medios","robots":{"index":"index","follow":"follow","max-snippet":"max-snippet:-1","max-image-preview":"max-image-preview:large","max-video-preview":"max-video-preview:-1"},"canonical":"https:\/\/www.alasmedios.com\/index.php\/2025\/06\/12\/la-lucha-urgente-para-proteger-la-infancia-de-la-explotacion-laboral\/","og_locale":"es_MX","og_type":"article","og_title":"La lucha urgente para proteger la infancia de la explotaci\u00f3n laboral - Alas Medios","og_description":"Cada a\u00f1o millones de ni\u00f1as y ni\u00f1os enfrentan la dura realidad del trabajo infantil, una pr\u00e1ctica que roba la ni\u00f1ez,","og_url":"https:\/\/www.alasmedios.com\/index.php\/2025\/06\/12\/la-lucha-urgente-para-proteger-la-infancia-de-la-explotacion-laboral\/","og_site_name":"Alas Medios","article_published_time":"2025-06-12T13:50:00+00:00","og_image":[{"width":1024,"height":622,"url":"https:\/\/www.alasmedios.com\/wp-content\/uploads\/2025\/06\/La-lucha-urgente-para-proteger-la-infancia-de-la-explotacion-laboral-1024x622.png","type":"image\/png"}],"author":"Keila Rodr\u00edguez Pe\u00f1a","twitter_card":"summary_large_image","twitter_misc":{"Escrito por":"Keila Rodr\u00edguez Pe\u00f1a","Tiempo de lectura":"1 minuto"},"schema":{"@context":"https:\/\/schema.org","@graph":[{"@type":"Article","@id":"https:\/\/www.alasmedios.com\/index.php\/2025\/06\/12\/la-lucha-urgente-para-proteger-la-infancia-de-la-explotacion-laboral\/#article","isPartOf":{"@id":"https:\/\/www.alasmedios.com\/index.php\/2025\/06\/12\/la-lucha-urgente-para-proteger-la-infancia-de-la-explotacion-laboral\/"},"author":{"name":"Keila Rodr\u00edguez Pe\u00f1a","@id":"https:\/\/www.alasmedios.com\/#\/schema\/person\/0ba31bdd19a05ebf5c7fef1fedf99c34"},"headline":"La lucha urgente para proteger la infancia de la explotaci\u00f3n laboral","datePublished":"2025-06-12T13:50:00+00:00","mainEntityOfPage":{"@id":"https:\/\/www.alasmedios.com\/index.php\/2025\/06\/12\/la-lucha-urgente-para-proteger-la-infancia-de-la-explotacion-laboral\/"},"wordCount":300,"commentCount":0,"publisher":{"@id":"https:\/\/www.alasmedios.com\/#organization"},"image":{"@id":"https:\/\/www.alasmedios.com\/index.php\/2025\/06\/12\/la-lucha-urgente-para-proteger-la-infancia-de-la-explotacion-laboral\/#primaryimage"},"thumbnailUrl":"https:\/\/www.alasmedios.com\/wp-content\/uploads\/2025\/06\/La-lucha-urgente-para-proteger-la-infancia-de-la-explotacion-laboral.png","keywords":["infancias","OIT","trabajo infantil"],"articleSection":["Familia y Bienestar"],"inLanguage":"es","potentialAction":[{"@type":"CommentAction","name":"Comment","target":["https:\/\/www.alasmedios.com\/index.php\/2025\/06\/12\/la-lucha-urgente-para-proteger-la-infancia-de-la-explotacion-laboral\/#respond"]}]},{"@type":"WebPage","@id":"https:\/\/www.alasmedios.com\/index.php\/2025\/06\/12\/la-lucha-urgente-para-proteger-la-infancia-de-la-explotacion-laboral\/","url":"https:\/\/www.alasmedios.com\/index.php\/2025\/06\/12\/la-lucha-urgente-para-proteger-la-infancia-de-la-explotacion-laboral\/","name":"La lucha urgente para proteger la infancia de la explotaci\u00f3n laboral - Alas Medios","isPartOf":{"@id":"https:\/\/www.alasmedios.com\/#website"},"primaryImageOfPage":{"@id":"https:\/\/www.alasmedios.com\/index.php\/2025\/06\/12\/la-lucha-urgente-para-proteger-la-infancia-de-la-explotacion-laboral\/#primaryimage"},"image":{"@id":"https:\/\/www.alasmedios.com\/index.php\/2025\/06\/12\/la-lucha-urgente-para-proteger-la-infancia-de-la-explotacion-laboral\/#primaryimage"},"thumbnailUrl":"https:\/\/www.alasmedios.com\/wp-content\/uploads\/2025\/06\/La-lucha-urgente-para-proteger-la-infancia-de-la-explotacion-laboral.png","datePublished":"2025-06-12T13:50:00+00:00","breadcrumb":{"@id":"https:\/\/www.alasmedios.com\/index.php\/2025\/06\/12\/la-lucha-urgente-para-proteger-la-infancia-de-la-explotacion-laboral\/#breadcrumb"},"inLanguage":"es","potentialAction":[{"@type":"ReadAction","target":["https:\/\/www.alasmedios.com\/index.php\/2025\/06\/12\/la-lucha-urgente-para-proteger-la-infancia-de-la-explotacion-laboral\/"]}]},{"@type":"ImageObject","inLanguage":"es","@id":"https:\/\/www.alasmedios.com\/index.php\/2025\/06\/12\/la-lucha-urgente-para-proteger-la-infancia-de-la-explotacion-laboral\/#primaryimage","url":"https:\/\/www.alasmedios.com\/wp-content\/uploads\/2025\/06\/La-lucha-urgente-para-proteger-la-infancia-de-la-explotacion-laboral.png","contentUrl":"https:\/\/www.alasmedios.com\/wp-content\/uploads\/2025\/06\/La-lucha-urgente-para-proteger-la-infancia-de-la-explotacion-laboral.png","width":2000,"height":1214},{"@type":"BreadcrumbList","@id":"https:\/\/www.alasmedios.com\/index.php\/2025\/06\/12\/la-lucha-urgente-para-proteger-la-infancia-de-la-explotacion-laboral\/#breadcrumb","itemListElement":[{"@type":"ListItem","position":1,"name":"Inicio","item":"https:\/\/www.alasmedios.com\/"},{"@type":"ListItem","position":2,"name":"La lucha urgente para proteger la infancia de la explotaci\u00f3n laboral"}]},{"@type":"WebSite","@id":"https:\/\/www.alasmedios.com\/#website","url":"https:\/\/www.alasmedios.com\/","name":"Alas Medios","description":"Alas para pensar, Alas para volar, Alas de libertad","publisher":{"@id":"https:\/\/www.alasmedios.com\/#organization"},"potentialAction":[{"@type":"SearchAction","target":{"@type":"EntryPoint","urlTemplate":"https:\/\/www.alasmedios.com\/?s={search_term_string}"},"query-input":{"@type":"PropertyValueSpecification","valueRequired":true,"valueName":"search_term_string"}}],"inLanguage":"es"},{"@type":"Organization","@id":"https:\/\/www.alasmedios.com\/#organization","name":"Alas Medios","url":"https:\/\/www.alasmedios.com\/","logo":{"@type":"ImageObject","inLanguage":"es","@id":"https:\/\/www.alasmedios.com\/#\/schema\/logo\/image\/","url":"https:\/\/www.alasmedios.com\/wp-content\/uploads\/2026\/01\/cropped-cropped-GAM-1.png","contentUrl":"https:\/\/www.alasmedios.com\/wp-content\/uploads\/2026\/01\/cropped-cropped-GAM-1.png","width":467,"height":235,"caption":"Alas Medios"},"image":{"@id":"https:\/\/www.alasmedios.com\/#\/schema\/logo\/image\/"}},{"@type":"Person","@id":"https:\/\/www.alasmedios.com\/#\/schema\/person\/0ba31bdd19a05ebf5c7fef1fedf99c34","name":"Keila Rodr\u00edguez Pe\u00f1a","image":{"@type":"ImageObject","inLanguage":"es","@id":"https:\/\/secure.gravatar.com\/avatar\/a2553a2bfaa601b9d539b617c8793e151bdffb60f9e48a249912f86d4c9ebeef?s=96&d=mm&r=g","url":"https:\/\/secure.gravatar.com\/avatar\/a2553a2bfaa601b9d539b617c8793e151bdffb60f9e48a249912f86d4c9ebeef?s=96&d=mm&r=g","contentUrl":"https:\/\/secure.gravatar.com\/avatar\/a2553a2bfaa601b9d539b617c8793e151bdffb60f9e48a249912f86d4c9ebeef?s=96&d=mm&r=g","caption":"Keila Rodr\u00edguez Pe\u00f1a"},"sameAs":["http:\/\/www.alasmedios.com"],"url":"https:\/\/www.alasmedios.com\/index.php\/author\/keila\/"}]}},"_links":{"self":[{"href":"https:\/\/www.alasmedios.com\/index.php\/wp-json\/wp\/v2\/posts\/4992","targetHints":{"allow":["GET"]}}],"collection":[{"href":"https:\/\/www.alasmedios.com\/index.php\/wp-json\/wp\/v2\/posts"}],"about":[{"href":"https:\/\/www.alasmedios.com\/index.php\/wp-json\/wp\/v2\/types\/post"}],"author":[{"embeddable":true,"href":"https:\/\/www.alasmedios.com\/index.php\/wp-json\/wp\/v2\/users\/4"}],"replies":[{"embeddable":true,"href":"https:\/\/www.alasmedios.com\/index.php\/wp-json\/wp\/v2\/comments?post=4992"}],"version-history":[{"count":1,"href":"https:\/\/www.alasmedios.com\/index.php\/wp-json\/wp\/v2\/posts\/4992\/revisions"}],"predecessor-version":[{"id":4994,"href":"https:\/\/www.alasmedios.com\/index.php\/wp-json\/wp\/v2\/posts\/4992\/revisions\/4994"}],"wp:featuredmedia":[{"embeddable":true,"href":"https:\/\/www.alasmedios.com\/index.php\/wp-json\/wp\/v2\/media\/4993"}],"wp:attachment":[{"href":"https:\/\/www.alasmedios.com\/index.php\/wp-json\/wp\/v2\/media?parent=4992"}],"wp:term":[{"taxonomy":"category","embeddable":true,"href":"https:\/\/www.alasmedios.com\/index.php\/wp-json\/wp\/v2\/categories?post=4992"},{"taxonomy":"post_tag","embeddable":true,"href":"https:\/\/www.alasmedios.com\/index.php\/wp-json\/wp\/v2\/tags?post=4992"}],"curies":[{"name":"wp","href":"https:\/\/api.w.org\/{rel}","templated":true}]}}