{"id":4270,"date":"2025-04-21T13:38:41","date_gmt":"2025-04-21T18:38:41","guid":{"rendered":"https:\/\/www.alasmedios.com\/?p=4270"},"modified":"2025-04-21T13:38:42","modified_gmt":"2025-04-21T18:38:42","slug":"mexicanas-en-el-panamericano-de-raquetbol-montserrat-mejia-lidera-cosecha-de-medallas","status":"publish","type":"post","link":"https:\/\/www.alasmedios.com\/index.php\/2025\/04\/21\/mexicanas-en-el-panamericano-de-raquetbol-montserrat-mejia-lidera-cosecha-de-medallas\/","title":{"rendered":"Mexicanas en el Panamericano de Raquetbol: Montserrat Mej\u00eda lidera cosecha de medallas"},"content":{"rendered":"\n<p>El <strong>equipo femenil mexicano de raquetbol<\/strong> fue protagonista en la recta final del <strong>Campeonato Panamericano 2025<\/strong>, celebrado en Guatemala, al conquistar <strong>tres de las cuatro medallas<\/strong> obtenidas por la delegaci\u00f3n nacional, incluyendo un <strong>oro hist\u00f3rico<\/strong> de la mano de <strong>Montserrat Mej\u00eda<\/strong>.<\/p>\n\n\n\n<p>La raquetbolista mexicana se proclam\u00f3 <strong>campeona panamericana<\/strong> en la modalidad <strong>individual femenil<\/strong>, tras una vibrante final contra la argentina <strong>Natalia M\u00e9ndez<\/strong>, a quien super\u00f3 por <strong>2-1<\/strong> con parciales de <strong>11-4, 12-10 y 11-8<\/strong>. Con este resultado, Mej\u00eda confirma su posici\u00f3n como una de las figuras m\u00e1s s\u00f3lidas del deporte en el continente.<\/p>\n\n\n\n<p>En la modalidad <strong>dobles femenil<\/strong>, la dupla conformada por <strong>Samantha Salas<\/strong> y <strong>Alexandra Herrera<\/strong> logr\u00f3 una destacada actuaci\u00f3n al alcanzar la <strong>medalla de plata<\/strong>, luego de enfrentarse nuevamente a las argentinas M\u00e9ndez y <strong>Valeria Centellas<\/strong>, quienes se impusieron por <strong>11-4, 12-10 y 11-8<\/strong>.<\/p>\n\n\n\n<p>CONTIN\u00daA LEYENDO: <a href=\"https:\/\/www.alasmedios.com\/index.php\/2025\/04\/18\/arranca-con-fuerza-la-macrorregional-de-softbol-rumbo-a-los-nacionales-conade-2025\/\" data-type=\"post\" data-id=\"4247\">Arranca con fuerza la Macrorregional de Softbol rumbo a los Nacionales CONADE 2025<\/a><\/p>\n\n\n\n<p><strong>Samantha Salas<\/strong> tambi\u00e9n se subi\u00f3 al podio en la modalidad <strong>dobles mixtos<\/strong>, esta vez haciendo pareja con <strong>Rodrigo Montoya<\/strong>, al obtener el <strong>bronce<\/strong> tras llegar a las <strong>semifinales<\/strong>, donde fueron superados por los chilenos <strong>Alan Natera y Carla Mu\u00f1oz<\/strong>.<\/p>\n\n\n\n<figure class=\"wp-block-gallery has-nested-images columns-default is-cropped wp-block-gallery-1 is-layout-flex wp-block-gallery-is-layout-flex\">\n<figure class=\"wp-block-image size-large\"><img loading=\"lazy\" decoding=\"async\" width=\"1024\" height=\"852\" data-id=\"4272\" src=\"https:\/\/www.alasmedios.com\/wp-content\/uploads\/2025\/04\/Rodrigo-Montoya-Samantha-Salas-1024x852.jpeg\" alt=\"\" class=\"wp-image-4272\" srcset=\"https:\/\/www.alasmedios.com\/wp-content\/uploads\/2025\/04\/Rodrigo-Montoya-Samantha-Salas-1024x852.jpeg 1024w, https:\/\/www.alasmedios.com\/wp-content\/uploads\/2025\/04\/Rodrigo-Montoya-Samantha-Salas-300x250.jpeg 300w, https:\/\/www.alasmedios.com\/wp-content\/uploads\/2025\/04\/Rodrigo-Montoya-Samantha-Salas-768x639.jpeg 768w, https:\/\/www.alasmedios.com\/wp-content\/uploads\/2025\/04\/Rodrigo-Montoya-Samantha-Salas.jpeg 1290w\" sizes=\"auto, (max-width: 1024px) 100vw, 1024px\" \/><\/figure>\n\n\n\n<figure class=\"wp-block-image size-large\"><img loading=\"lazy\" decoding=\"async\" width=\"1024\" height=\"838\" data-id=\"4273\" src=\"https:\/\/www.alasmedios.com\/wp-content\/uploads\/2025\/04\/raquet-1024x838.jpeg\" alt=\"\" class=\"wp-image-4273\" srcset=\"https:\/\/www.alasmedios.com\/wp-content\/uploads\/2025\/04\/raquet-1024x838.jpeg 1024w, https:\/\/www.alasmedios.com\/wp-content\/uploads\/2025\/04\/raquet-300x246.jpeg 300w, https:\/\/www.alasmedios.com\/wp-content\/uploads\/2025\/04\/raquet-768x629.jpeg 768w, https:\/\/www.alasmedios.com\/wp-content\/uploads\/2025\/04\/raquet.jpeg 1290w\" sizes=\"auto, (max-width: 1024px) 100vw, 1024px\" \/><\/figure>\n<\/figure>\n\n\n\n<p>En la rama varonil, el \u00fanico metal lleg\u00f3 a trav\u00e9s de <strong>Javier Mar<\/strong>, quien se colg\u00f3 la <strong>medalla de plata<\/strong> en la categor\u00eda individual tras ser vencido por el argentino <strong>Diego Garc\u00eda<\/strong>, en una serie cerrada con marcadores de <strong>11-7, 11-8 y 11-8<\/strong>.<\/p>\n\n\n\n<p>Con <strong>un oro, dos platas y un bronce<\/strong>, la <strong>selecci\u00f3n nacional senior<\/strong> cerr\u00f3 con \u00e9xito su participaci\u00f3n en Guatemala, consolidando el <strong>liderazgo del equipo femenil<\/strong> en el panorama panamericano del raquetbol.<\/p>\n\n\n<ul class=\"wp-block-latest-posts__list is-grid columns-3 wp-block-latest-posts\"><li><div class=\"wp-block-latest-posts__featured-image\"><img loading=\"lazy\" decoding=\"async\" width=\"150\" height=\"150\" src=\"https:\/\/www.alasmedios.com\/wp-content\/uploads\/2026\/04\/Argentina-decomisan-bienes-Cristina-Kirchner-150x150.png\" class=\"attachment-thumbnail size-thumbnail wp-post-image\" alt=\"\" style=\"\" \/><\/div><a class=\"wp-block-latest-posts__post-title\" href=\"https:\/\/www.alasmedios.com\/index.php\/2026\/04\/25\/caso-vialidad-argentina-ratifica-decomiso-millonario-a-cristina-kirchner\/\">Caso Vialidad: Argentina ratifica decomiso millonario a Cristina Kirchner<\/a><\/li>\n<li><div class=\"wp-block-latest-posts__featured-image\"><img loading=\"lazy\" decoding=\"async\" width=\"150\" height=\"150\" src=\"https:\/\/www.alasmedios.com\/wp-content\/uploads\/2026\/04\/Puebla-desaparecida-Aguascalientes-150x150.jpeg\" class=\"attachment-thumbnail size-thumbnail wp-post-image\" alt=\"\" style=\"\" \/><\/div><a class=\"wp-block-latest-posts__post-title\" href=\"https:\/\/www.alasmedios.com\/index.php\/2026\/04\/25\/localizan-con-vida-en-aguascalientes-a-adolescente-desaparecida-en-puebla\/\">Localizan con vida en Aguascalientes a adolescente desaparecida en Puebla<\/a><\/li>\n<li><div class=\"wp-block-latest-posts__featured-image\"><img loading=\"lazy\" decoding=\"async\" width=\"150\" height=\"150\" src=\"https:\/\/www.alasmedios.com\/wp-content\/uploads\/2026\/04\/podio-de-la-Copa-del-Mundo-de-Ciclismo-150x150.jpg\" class=\"attachment-thumbnail size-thumbnail wp-post-image\" alt=\"\" style=\"\" \/><\/div><a class=\"wp-block-latest-posts__post-title\" href=\"https:\/\/www.alasmedios.com\/index.php\/2026\/04\/25\/mexico-arranca-con-doble-podio-en-la-copa-del-mundo-de-pista-en-malasia\/\">M\u00e9xico arranca con doble podio en la Copa del Mundo de Pista en Malasia<\/a><\/li>\n<\/ul>","protected":false},"excerpt":{"rendered":"<p>El equipo femenil mexicano de raquetbol fue protagonista en la recta final del Campeonato Panamericano 2025, celebrado en Guatemala, al<\/p>\n","protected":false},"author":4,"featured_media":4271,"comment_status":"open","ping_status":"open","sticky":false,"template":"","format":"standard","meta":{"colormag_page_container_layout":"default_layout","colormag_page_sidebar_layout":"default_layout","rop_custom_images_group":[],"rop_custom_messages_group":[],"rop_publish_now":"initial","rop_publish_now_accounts":[],"rop_publish_now_history":[],"rop_publish_now_status":"pending","iawp_total_views":0,"footnotes":""},"categories":[45],"tags":[223,1725,1723,1724,1722,1721],"class_list":["post-4270","post","type-post","status-publish","format-standard","has-post-thumbnail","hentry","category-ellas-dicen","tag-deportes","tag-montserrat-mejia","tag-natalia-mendez","tag-raquetbol","tag-rodrigo-montoya","tag-samantha-salas"],"magazineBlocksPostFeaturedMedia":{"thumbnail":"https:\/\/www.alasmedios.com\/wp-content\/uploads\/2025\/04\/Montserrat-Mejia-150x150.jpeg","medium":"https:\/\/www.alasmedios.com\/wp-content\/uploads\/2025\/04\/Montserrat-Mejia-300x178.jpeg","medium_large":"https:\/\/www.alasmedios.com\/wp-content\/uploads\/2025\/04\/Montserrat-Mejia-768x456.jpeg","large":"https:\/\/www.alasmedios.com\/wp-content\/uploads\/2025\/04\/Montserrat-Mejia-1024x608.jpeg","1536x1536":"https:\/\/www.alasmedios.com\/wp-content\/uploads\/2025\/04\/Montserrat-Mejia.jpeg","2048x2048":"https:\/\/www.alasmedios.com\/wp-content\/uploads\/2025\/04\/Montserrat-Mejia.jpeg","colormag-highlighted-post":"https:\/\/www.alasmedios.com\/wp-content\/uploads\/2025\/04\/Montserrat-Mejia-392x272.jpeg","colormag-featured-post-medium":"https:\/\/www.alasmedios.com\/wp-content\/uploads\/2025\/04\/Montserrat-Mejia-390x205.jpeg","colormag-featured-post-small":"https:\/\/www.alasmedios.com\/wp-content\/uploads\/2025\/04\/Montserrat-Mejia-130x90.jpeg","colormag-featured-image":"https:\/\/www.alasmedios.com\/wp-content\/uploads\/2025\/04\/Montserrat-Mejia-800x445.jpeg","colormag-default-news":"https:\/\/www.alasmedios.com\/wp-content\/uploads\/2025\/04\/Montserrat-Mejia-150x150.jpeg","colormag-featured-image-large":"https:\/\/www.alasmedios.com\/wp-content\/uploads\/2025\/04\/Montserrat-Mejia-1145x600.jpeg"},"magazineBlocksPostAuthor":{"name":"Keila Rodr\u00edguez Pe\u00f1a","avatar":"https:\/\/secure.gravatar.com\/avatar\/a2553a2bfaa601b9d539b617c8793e151bdffb60f9e48a249912f86d4c9ebeef?s=96&d=mm&r=g"},"magazineBlocksPostCommentsNumber":"0","magazineBlocksPostExcerpt":"El equipo femenil mexicano de raquetbol fue protagonista en la recta final del Campeonato Panamericano 2025, celebrado en Guatemala, al","magazineBlocksPostCategories":["Ellas Dicen"],"magazineBlocksPostViewCount":431,"magazineBlocksPostReadTime":2,"magazine_blocks_featured_image_url":{"full":["https:\/\/www.alasmedios.com\/wp-content\/uploads\/2025\/04\/Montserrat-Mejia.jpeg",1145,680,false],"medium":["https:\/\/www.alasmedios.com\/wp-content\/uploads\/2025\/04\/Montserrat-Mejia-300x178.jpeg",300,178,true],"thumbnail":["https:\/\/www.alasmedios.com\/wp-content\/uploads\/2025\/04\/Montserrat-Mejia-150x150.jpeg",150,150,true]},"magazine_blocks_author":{"display_name":"Keila Rodr\u00edguez Pe\u00f1a","author_link":"https:\/\/www.alasmedios.com\/index.php\/author\/keila\/"},"magazine_blocks_comment":0,"magazine_blocks_author_image":"https:\/\/secure.gravatar.com\/avatar\/a2553a2bfaa601b9d539b617c8793e151bdffb60f9e48a249912f86d4c9ebeef?s=96&d=mm&r=g","magazine_blocks_category":"<a href=\"#\" class=\"category-link category-link-45\">Ellas Dicen<\/a>","yoast_head":"<!-- This site is optimized with the Yoast SEO plugin v27.4 - https:\/\/yoast.com\/product\/yoast-seo-wordpress\/ -->\r\n<title>Mexicanas en el Panamericano de Raquetbol: Montserrat Mej\u00eda lidera cosecha de medallas - Alas Medios<\/title>\r\n<meta name=\"robots\" content=\"index, follow, max-snippet:-1, max-image-preview:large, max-video-preview:-1\" \/>\r\n<link rel=\"canonical\" href=\"https:\/\/www.alasmedios.com\/index.php\/2025\/04\/21\/mexicanas-en-el-panamericano-de-raquetbol-montserrat-mejia-lidera-cosecha-de-medallas\/\" \/>\r\n<meta property=\"og:locale\" content=\"es_MX\" \/>\r\n<meta property=\"og:type\" content=\"article\" \/>\r\n<meta property=\"og:title\" content=\"Mexicanas en el Panamericano de Raquetbol: Montserrat Mej\u00eda lidera cosecha de medallas - Alas Medios\" \/>\r\n<meta property=\"og:description\" content=\"El equipo femenil mexicano de raquetbol fue protagonista en la recta final del Campeonato Panamericano 2025, celebrado en Guatemala, al\" \/>\r\n<meta property=\"og:url\" content=\"https:\/\/www.alasmedios.com\/index.php\/2025\/04\/21\/mexicanas-en-el-panamericano-de-raquetbol-montserrat-mejia-lidera-cosecha-de-medallas\/\" \/>\r\n<meta property=\"og:site_name\" content=\"Alas Medios\" \/>\r\n<meta property=\"article:published_time\" content=\"2025-04-21T18:38:41+00:00\" \/>\r\n<meta property=\"article:modified_time\" content=\"2025-04-21T18:38:42+00:00\" \/>\r\n<meta property=\"og:image\" content=\"https:\/\/www.alasmedios.com\/wp-content\/uploads\/2025\/04\/Montserrat-Mejia.jpeg\" \/>\r\n\t<meta property=\"og:image:width\" content=\"1145\" \/>\r\n\t<meta property=\"og:image:height\" content=\"680\" \/>\r\n\t<meta property=\"og:image:type\" content=\"image\/jpeg\" \/>\r\n<meta name=\"author\" content=\"Keila Rodr\u00edguez Pe\u00f1a\" \/>\r\n<meta name=\"twitter:card\" content=\"summary_large_image\" \/>\r\n<meta name=\"twitter:label1\" content=\"Escrito por\" \/>\n\t<meta name=\"twitter:data1\" content=\"Keila Rodr\u00edguez Pe\u00f1a\" \/>\n\t<meta name=\"twitter:label2\" content=\"Tiempo de lectura\" \/>\n\t<meta name=\"twitter:data2\" content=\"1 minuto\" \/>\r\n<script type=\"application\/ld+json\" class=\"yoast-schema-graph\">{\"@context\":\"https:\\\/\\\/schema.org\",\"@graph\":[{\"@type\":\"Article\",\"@id\":\"https:\\\/\\\/www.alasmedios.com\\\/index.php\\\/2025\\\/04\\\/21\\\/mexicanas-en-el-panamericano-de-raquetbol-montserrat-mejia-lidera-cosecha-de-medallas\\\/#article\",\"isPartOf\":{\"@id\":\"https:\\\/\\\/www.alasmedios.com\\\/index.php\\\/2025\\\/04\\\/21\\\/mexicanas-en-el-panamericano-de-raquetbol-montserrat-mejia-lidera-cosecha-de-medallas\\\/\"},\"author\":{\"name\":\"Keila Rodr\u00edguez Pe\u00f1a\",\"@id\":\"https:\\\/\\\/www.alasmedios.com\\\/#\\\/schema\\\/person\\\/0ba31bdd19a05ebf5c7fef1fedf99c34\"},\"headline\":\"Mexicanas en el Panamericano de Raquetbol: Montserrat Mej\u00eda lidera cosecha de medallas\",\"datePublished\":\"2025-04-21T18:38:41+00:00\",\"dateModified\":\"2025-04-21T18:38:42+00:00\",\"mainEntityOfPage\":{\"@id\":\"https:\\\/\\\/www.alasmedios.com\\\/index.php\\\/2025\\\/04\\\/21\\\/mexicanas-en-el-panamericano-de-raquetbol-montserrat-mejia-lidera-cosecha-de-medallas\\\/\"},\"wordCount\":293,\"commentCount\":0,\"publisher\":{\"@id\":\"https:\\\/\\\/www.alasmedios.com\\\/#organization\"},\"image\":{\"@id\":\"https:\\\/\\\/www.alasmedios.com\\\/index.php\\\/2025\\\/04\\\/21\\\/mexicanas-en-el-panamericano-de-raquetbol-montserrat-mejia-lidera-cosecha-de-medallas\\\/#primaryimage\"},\"thumbnailUrl\":\"https:\\\/\\\/www.alasmedios.com\\\/wp-content\\\/uploads\\\/2025\\\/04\\\/Montserrat-Mejia.jpeg\",\"keywords\":[\"deportes\",\"Montserrat Mej\u00eda\",\"Natalia M\u00e9ndez\",\"raquetbol\",\"Rodrigo Montoya\",\"Samantha Salas\"],\"articleSection\":[\"Ellas Dicen\"],\"inLanguage\":\"es\",\"potentialAction\":[{\"@type\":\"CommentAction\",\"name\":\"Comment\",\"target\":[\"https:\\\/\\\/www.alasmedios.com\\\/index.php\\\/2025\\\/04\\\/21\\\/mexicanas-en-el-panamericano-de-raquetbol-montserrat-mejia-lidera-cosecha-de-medallas\\\/#respond\"]}]},{\"@type\":\"WebPage\",\"@id\":\"https:\\\/\\\/www.alasmedios.com\\\/index.php\\\/2025\\\/04\\\/21\\\/mexicanas-en-el-panamericano-de-raquetbol-montserrat-mejia-lidera-cosecha-de-medallas\\\/\",\"url\":\"https:\\\/\\\/www.alasmedios.com\\\/index.php\\\/2025\\\/04\\\/21\\\/mexicanas-en-el-panamericano-de-raquetbol-montserrat-mejia-lidera-cosecha-de-medallas\\\/\",\"name\":\"Mexicanas en el Panamericano de Raquetbol: Montserrat Mej\u00eda lidera cosecha de medallas - Alas Medios\",\"isPartOf\":{\"@id\":\"https:\\\/\\\/www.alasmedios.com\\\/#website\"},\"primaryImageOfPage\":{\"@id\":\"https:\\\/\\\/www.alasmedios.com\\\/index.php\\\/2025\\\/04\\\/21\\\/mexicanas-en-el-panamericano-de-raquetbol-montserrat-mejia-lidera-cosecha-de-medallas\\\/#primaryimage\"},\"image\":{\"@id\":\"https:\\\/\\\/www.alasmedios.com\\\/index.php\\\/2025\\\/04\\\/21\\\/mexicanas-en-el-panamericano-de-raquetbol-montserrat-mejia-lidera-cosecha-de-medallas\\\/#primaryimage\"},\"thumbnailUrl\":\"https:\\\/\\\/www.alasmedios.com\\\/wp-content\\\/uploads\\\/2025\\\/04\\\/Montserrat-Mejia.jpeg\",\"datePublished\":\"2025-04-21T18:38:41+00:00\",\"dateModified\":\"2025-04-21T18:38:42+00:00\",\"breadcrumb\":{\"@id\":\"https:\\\/\\\/www.alasmedios.com\\\/index.php\\\/2025\\\/04\\\/21\\\/mexicanas-en-el-panamericano-de-raquetbol-montserrat-mejia-lidera-cosecha-de-medallas\\\/#breadcrumb\"},\"inLanguage\":\"es\",\"potentialAction\":[{\"@type\":\"ReadAction\",\"target\":[\"https:\\\/\\\/www.alasmedios.com\\\/index.php\\\/2025\\\/04\\\/21\\\/mexicanas-en-el-panamericano-de-raquetbol-montserrat-mejia-lidera-cosecha-de-medallas\\\/\"]}]},{\"@type\":\"ImageObject\",\"inLanguage\":\"es\",\"@id\":\"https:\\\/\\\/www.alasmedios.com\\\/index.php\\\/2025\\\/04\\\/21\\\/mexicanas-en-el-panamericano-de-raquetbol-montserrat-mejia-lidera-cosecha-de-medallas\\\/#primaryimage\",\"url\":\"https:\\\/\\\/www.alasmedios.com\\\/wp-content\\\/uploads\\\/2025\\\/04\\\/Montserrat-Mejia.jpeg\",\"contentUrl\":\"https:\\\/\\\/www.alasmedios.com\\\/wp-content\\\/uploads\\\/2025\\\/04\\\/Montserrat-Mejia.jpeg\",\"width\":1145,\"height\":680},{\"@type\":\"BreadcrumbList\",\"@id\":\"https:\\\/\\\/www.alasmedios.com\\\/index.php\\\/2025\\\/04\\\/21\\\/mexicanas-en-el-panamericano-de-raquetbol-montserrat-mejia-lidera-cosecha-de-medallas\\\/#breadcrumb\",\"itemListElement\":[{\"@type\":\"ListItem\",\"position\":1,\"name\":\"Inicio\",\"item\":\"https:\\\/\\\/www.alasmedios.com\\\/\"},{\"@type\":\"ListItem\",\"position\":2,\"name\":\"Mexicanas en el Panamericano de Raquetbol: Montserrat Mej\u00eda lidera cosecha de medallas\"}]},{\"@type\":\"WebSite\",\"@id\":\"https:\\\/\\\/www.alasmedios.com\\\/#website\",\"url\":\"https:\\\/\\\/www.alasmedios.com\\\/\",\"name\":\"Alas Medios\",\"description\":\"Alas para pensar, Alas para volar, Alas de libertad\",\"publisher\":{\"@id\":\"https:\\\/\\\/www.alasmedios.com\\\/#organization\"},\"potentialAction\":[{\"@type\":\"SearchAction\",\"target\":{\"@type\":\"EntryPoint\",\"urlTemplate\":\"https:\\\/\\\/www.alasmedios.com\\\/?s={search_term_string}\"},\"query-input\":{\"@type\":\"PropertyValueSpecification\",\"valueRequired\":true,\"valueName\":\"search_term_string\"}}],\"inLanguage\":\"es\"},{\"@type\":\"Organization\",\"@id\":\"https:\\\/\\\/www.alasmedios.com\\\/#organization\",\"name\":\"Alas Medios\",\"url\":\"https:\\\/\\\/www.alasmedios.com\\\/\",\"logo\":{\"@type\":\"ImageObject\",\"inLanguage\":\"es\",\"@id\":\"https:\\\/\\\/www.alasmedios.com\\\/#\\\/schema\\\/logo\\\/image\\\/\",\"url\":\"https:\\\/\\\/www.alasmedios.com\\\/wp-content\\\/uploads\\\/2026\\\/01\\\/cropped-cropped-GAM-1.png\",\"contentUrl\":\"https:\\\/\\\/www.alasmedios.com\\\/wp-content\\\/uploads\\\/2026\\\/01\\\/cropped-cropped-GAM-1.png\",\"width\":467,\"height\":235,\"caption\":\"Alas Medios\"},\"image\":{\"@id\":\"https:\\\/\\\/www.alasmedios.com\\\/#\\\/schema\\\/logo\\\/image\\\/\"}},{\"@type\":\"Person\",\"@id\":\"https:\\\/\\\/www.alasmedios.com\\\/#\\\/schema\\\/person\\\/0ba31bdd19a05ebf5c7fef1fedf99c34\",\"name\":\"Keila Rodr\u00edguez Pe\u00f1a\",\"image\":{\"@type\":\"ImageObject\",\"inLanguage\":\"es\",\"@id\":\"https:\\\/\\\/secure.gravatar.com\\\/avatar\\\/a2553a2bfaa601b9d539b617c8793e151bdffb60f9e48a249912f86d4c9ebeef?s=96&d=mm&r=g\",\"url\":\"https:\\\/\\\/secure.gravatar.com\\\/avatar\\\/a2553a2bfaa601b9d539b617c8793e151bdffb60f9e48a249912f86d4c9ebeef?s=96&d=mm&r=g\",\"contentUrl\":\"https:\\\/\\\/secure.gravatar.com\\\/avatar\\\/a2553a2bfaa601b9d539b617c8793e151bdffb60f9e48a249912f86d4c9ebeef?s=96&d=mm&r=g\",\"caption\":\"Keila Rodr\u00edguez Pe\u00f1a\"},\"sameAs\":[\"http:\\\/\\\/www.alasmedios.com\"],\"url\":\"https:\\\/\\\/www.alasmedios.com\\\/index.php\\\/author\\\/keila\\\/\"}]}<\/script>\r\n<!-- \/ Yoast SEO plugin. -->","yoast_head_json":{"title":"Mexicanas en el Panamericano de Raquetbol: Montserrat Mej\u00eda lidera cosecha de medallas - Alas Medios","robots":{"index":"index","follow":"follow","max-snippet":"max-snippet:-1","max-image-preview":"max-image-preview:large","max-video-preview":"max-video-preview:-1"},"canonical":"https:\/\/www.alasmedios.com\/index.php\/2025\/04\/21\/mexicanas-en-el-panamericano-de-raquetbol-montserrat-mejia-lidera-cosecha-de-medallas\/","og_locale":"es_MX","og_type":"article","og_title":"Mexicanas en el Panamericano de Raquetbol: Montserrat Mej\u00eda lidera cosecha de medallas - Alas Medios","og_description":"El equipo femenil mexicano de raquetbol fue protagonista en la recta final del Campeonato Panamericano 2025, celebrado en Guatemala, al","og_url":"https:\/\/www.alasmedios.com\/index.php\/2025\/04\/21\/mexicanas-en-el-panamericano-de-raquetbol-montserrat-mejia-lidera-cosecha-de-medallas\/","og_site_name":"Alas Medios","article_published_time":"2025-04-21T18:38:41+00:00","article_modified_time":"2025-04-21T18:38:42+00:00","og_image":[{"width":1145,"height":680,"url":"https:\/\/www.alasmedios.com\/wp-content\/uploads\/2025\/04\/Montserrat-Mejia.jpeg","type":"image\/jpeg"}],"author":"Keila Rodr\u00edguez Pe\u00f1a","twitter_card":"summary_large_image","twitter_misc":{"Escrito por":"Keila Rodr\u00edguez Pe\u00f1a","Tiempo de lectura":"1 minuto"},"schema":{"@context":"https:\/\/schema.org","@graph":[{"@type":"Article","@id":"https:\/\/www.alasmedios.com\/index.php\/2025\/04\/21\/mexicanas-en-el-panamericano-de-raquetbol-montserrat-mejia-lidera-cosecha-de-medallas\/#article","isPartOf":{"@id":"https:\/\/www.alasmedios.com\/index.php\/2025\/04\/21\/mexicanas-en-el-panamericano-de-raquetbol-montserrat-mejia-lidera-cosecha-de-medallas\/"},"author":{"name":"Keila Rodr\u00edguez Pe\u00f1a","@id":"https:\/\/www.alasmedios.com\/#\/schema\/person\/0ba31bdd19a05ebf5c7fef1fedf99c34"},"headline":"Mexicanas en el Panamericano de Raquetbol: Montserrat Mej\u00eda lidera cosecha de medallas","datePublished":"2025-04-21T18:38:41+00:00","dateModified":"2025-04-21T18:38:42+00:00","mainEntityOfPage":{"@id":"https:\/\/www.alasmedios.com\/index.php\/2025\/04\/21\/mexicanas-en-el-panamericano-de-raquetbol-montserrat-mejia-lidera-cosecha-de-medallas\/"},"wordCount":293,"commentCount":0,"publisher":{"@id":"https:\/\/www.alasmedios.com\/#organization"},"image":{"@id":"https:\/\/www.alasmedios.com\/index.php\/2025\/04\/21\/mexicanas-en-el-panamericano-de-raquetbol-montserrat-mejia-lidera-cosecha-de-medallas\/#primaryimage"},"thumbnailUrl":"https:\/\/www.alasmedios.com\/wp-content\/uploads\/2025\/04\/Montserrat-Mejia.jpeg","keywords":["deportes","Montserrat Mej\u00eda","Natalia M\u00e9ndez","raquetbol","Rodrigo Montoya","Samantha Salas"],"articleSection":["Ellas Dicen"],"inLanguage":"es","potentialAction":[{"@type":"CommentAction","name":"Comment","target":["https:\/\/www.alasmedios.com\/index.php\/2025\/04\/21\/mexicanas-en-el-panamericano-de-raquetbol-montserrat-mejia-lidera-cosecha-de-medallas\/#respond"]}]},{"@type":"WebPage","@id":"https:\/\/www.alasmedios.com\/index.php\/2025\/04\/21\/mexicanas-en-el-panamericano-de-raquetbol-montserrat-mejia-lidera-cosecha-de-medallas\/","url":"https:\/\/www.alasmedios.com\/index.php\/2025\/04\/21\/mexicanas-en-el-panamericano-de-raquetbol-montserrat-mejia-lidera-cosecha-de-medallas\/","name":"Mexicanas en el Panamericano de Raquetbol: Montserrat Mej\u00eda lidera cosecha de medallas - Alas Medios","isPartOf":{"@id":"https:\/\/www.alasmedios.com\/#website"},"primaryImageOfPage":{"@id":"https:\/\/www.alasmedios.com\/index.php\/2025\/04\/21\/mexicanas-en-el-panamericano-de-raquetbol-montserrat-mejia-lidera-cosecha-de-medallas\/#primaryimage"},"image":{"@id":"https:\/\/www.alasmedios.com\/index.php\/2025\/04\/21\/mexicanas-en-el-panamericano-de-raquetbol-montserrat-mejia-lidera-cosecha-de-medallas\/#primaryimage"},"thumbnailUrl":"https:\/\/www.alasmedios.com\/wp-content\/uploads\/2025\/04\/Montserrat-Mejia.jpeg","datePublished":"2025-04-21T18:38:41+00:00","dateModified":"2025-04-21T18:38:42+00:00","breadcrumb":{"@id":"https:\/\/www.alasmedios.com\/index.php\/2025\/04\/21\/mexicanas-en-el-panamericano-de-raquetbol-montserrat-mejia-lidera-cosecha-de-medallas\/#breadcrumb"},"inLanguage":"es","potentialAction":[{"@type":"ReadAction","target":["https:\/\/www.alasmedios.com\/index.php\/2025\/04\/21\/mexicanas-en-el-panamericano-de-raquetbol-montserrat-mejia-lidera-cosecha-de-medallas\/"]}]},{"@type":"ImageObject","inLanguage":"es","@id":"https:\/\/www.alasmedios.com\/index.php\/2025\/04\/21\/mexicanas-en-el-panamericano-de-raquetbol-montserrat-mejia-lidera-cosecha-de-medallas\/#primaryimage","url":"https:\/\/www.alasmedios.com\/wp-content\/uploads\/2025\/04\/Montserrat-Mejia.jpeg","contentUrl":"https:\/\/www.alasmedios.com\/wp-content\/uploads\/2025\/04\/Montserrat-Mejia.jpeg","width":1145,"height":680},{"@type":"BreadcrumbList","@id":"https:\/\/www.alasmedios.com\/index.php\/2025\/04\/21\/mexicanas-en-el-panamericano-de-raquetbol-montserrat-mejia-lidera-cosecha-de-medallas\/#breadcrumb","itemListElement":[{"@type":"ListItem","position":1,"name":"Inicio","item":"https:\/\/www.alasmedios.com\/"},{"@type":"ListItem","position":2,"name":"Mexicanas en el Panamericano de Raquetbol: Montserrat Mej\u00eda lidera cosecha de medallas"}]},{"@type":"WebSite","@id":"https:\/\/www.alasmedios.com\/#website","url":"https:\/\/www.alasmedios.com\/","name":"Alas Medios","description":"Alas para pensar, Alas para volar, Alas de libertad","publisher":{"@id":"https:\/\/www.alasmedios.com\/#organization"},"potentialAction":[{"@type":"SearchAction","target":{"@type":"EntryPoint","urlTemplate":"https:\/\/www.alasmedios.com\/?s={search_term_string}"},"query-input":{"@type":"PropertyValueSpecification","valueRequired":true,"valueName":"search_term_string"}}],"inLanguage":"es"},{"@type":"Organization","@id":"https:\/\/www.alasmedios.com\/#organization","name":"Alas Medios","url":"https:\/\/www.alasmedios.com\/","logo":{"@type":"ImageObject","inLanguage":"es","@id":"https:\/\/www.alasmedios.com\/#\/schema\/logo\/image\/","url":"https:\/\/www.alasmedios.com\/wp-content\/uploads\/2026\/01\/cropped-cropped-GAM-1.png","contentUrl":"https:\/\/www.alasmedios.com\/wp-content\/uploads\/2026\/01\/cropped-cropped-GAM-1.png","width":467,"height":235,"caption":"Alas Medios"},"image":{"@id":"https:\/\/www.alasmedios.com\/#\/schema\/logo\/image\/"}},{"@type":"Person","@id":"https:\/\/www.alasmedios.com\/#\/schema\/person\/0ba31bdd19a05ebf5c7fef1fedf99c34","name":"Keila Rodr\u00edguez Pe\u00f1a","image":{"@type":"ImageObject","inLanguage":"es","@id":"https:\/\/secure.gravatar.com\/avatar\/a2553a2bfaa601b9d539b617c8793e151bdffb60f9e48a249912f86d4c9ebeef?s=96&d=mm&r=g","url":"https:\/\/secure.gravatar.com\/avatar\/a2553a2bfaa601b9d539b617c8793e151bdffb60f9e48a249912f86d4c9ebeef?s=96&d=mm&r=g","contentUrl":"https:\/\/secure.gravatar.com\/avatar\/a2553a2bfaa601b9d539b617c8793e151bdffb60f9e48a249912f86d4c9ebeef?s=96&d=mm&r=g","caption":"Keila Rodr\u00edguez Pe\u00f1a"},"sameAs":["http:\/\/www.alasmedios.com"],"url":"https:\/\/www.alasmedios.com\/index.php\/author\/keila\/"}]}},"_links":{"self":[{"href":"https:\/\/www.alasmedios.com\/index.php\/wp-json\/wp\/v2\/posts\/4270","targetHints":{"allow":["GET"]}}],"collection":[{"href":"https:\/\/www.alasmedios.com\/index.php\/wp-json\/wp\/v2\/posts"}],"about":[{"href":"https:\/\/www.alasmedios.com\/index.php\/wp-json\/wp\/v2\/types\/post"}],"author":[{"embeddable":true,"href":"https:\/\/www.alasmedios.com\/index.php\/wp-json\/wp\/v2\/users\/4"}],"replies":[{"embeddable":true,"href":"https:\/\/www.alasmedios.com\/index.php\/wp-json\/wp\/v2\/comments?post=4270"}],"version-history":[{"count":1,"href":"https:\/\/www.alasmedios.com\/index.php\/wp-json\/wp\/v2\/posts\/4270\/revisions"}],"predecessor-version":[{"id":4274,"href":"https:\/\/www.alasmedios.com\/index.php\/wp-json\/wp\/v2\/posts\/4270\/revisions\/4274"}],"wp:featuredmedia":[{"embeddable":true,"href":"https:\/\/www.alasmedios.com\/index.php\/wp-json\/wp\/v2\/media\/4271"}],"wp:attachment":[{"href":"https:\/\/www.alasmedios.com\/index.php\/wp-json\/wp\/v2\/media?parent=4270"}],"wp:term":[{"taxonomy":"category","embeddable":true,"href":"https:\/\/www.alasmedios.com\/index.php\/wp-json\/wp\/v2\/categories?post=4270"},{"taxonomy":"post_tag","embeddable":true,"href":"https:\/\/www.alasmedios.com\/index.php\/wp-json\/wp\/v2\/tags?post=4270"}],"curies":[{"name":"wp","href":"https:\/\/api.w.org\/{rel}","templated":true}]}}