{"id":4171,"date":"2025-04-12T14:38:41","date_gmt":"2025-04-12T19:38:41","guid":{"rendered":"https:\/\/www.alasmedios.com\/?p=4171"},"modified":"2025-04-12T14:38:43","modified_gmt":"2025-04-12T19:38:43","slug":"ihm-se-acerca-a-la-comunidad-en-atotonilco-de-tula","status":"publish","type":"post","link":"https:\/\/www.alasmedios.com\/index.php\/2025\/04\/12\/ihm-se-acerca-a-la-comunidad-en-atotonilco-de-tula\/","title":{"rendered":"IHM se acerca a la comunidad en Atotonilco de Tula"},"content":{"rendered":"\n<p>Con el objetivo de fortalecer el <strong>tejido social <\/strong>y acercar los <strong>servicios gubernamentales<\/strong> a la ciudadan\u00eda, se llevaron a cabo las <em>Jornadas por la Paz y el Bienestar<\/em> en el fraccionamiento <strong>Quma<\/strong>, <strong>Atotonilco de Tula,<\/strong> una iniciativa impulsada por la <strong>Secretar\u00eda de Gobierno del Estado de Hidalgo <\/strong>en colaboraci\u00f3n con diversas dependencias estatales.<\/p>\n\n\n\n<p>Durante la jornada, se ofrecieron espacios de di\u00e1logo, atenci\u00f3n y orientaci\u00f3n directa a la comunidad. El <strong>Instituto Hidalguense de las Mujeres<\/strong> particip\u00f3 activamente a trav\u00e9s de su directora general, <strong>Katya Hern\u00e1ndez P\u00e9rez<\/strong>, quien moder\u00f3 la mesa de atenci\u00f3n destinada a escuchar las inquietudes de las y los habitantes de la zona, adem\u00e1s de <strong>canalizar apoyos, brindar acompa\u00f1amiento institucional y acercar servicios de manera personalizada.<\/strong><\/p>\n\n\n\n<p>CONTIN\u00daA LEYENDO: <a href=\"https:\/\/www.alasmedios.com\/index.php\/2025\/04\/11\/pachuca-se-prepara-para-abrir-albergue-para-ninas-ninos-y-adolescentes-migrantes\/\" data-type=\"post\" data-id=\"4150\">Pachuca se prepara para abrir albergue para ni\u00f1as, ni\u00f1os y adolescentes migrantes<\/a><\/p>\n\n\n\n<figure class=\"wp-block-gallery has-nested-images columns-default is-cropped wp-block-gallery-1 is-layout-flex wp-block-gallery-is-layout-flex\">\n<figure class=\"wp-block-image size-large\"><img loading=\"lazy\" decoding=\"async\" width=\"1024\" height=\"575\" data-id=\"4173\" src=\"https:\/\/www.alasmedios.com\/wp-content\/uploads\/2025\/04\/IHM-se-acerca-a-la-comunidad-en-Atotonilco-de-Tula2-1024x575.jpg\" alt=\"\" class=\"wp-image-4173\" srcset=\"https:\/\/www.alasmedios.com\/wp-content\/uploads\/2025\/04\/IHM-se-acerca-a-la-comunidad-en-Atotonilco-de-Tula2-1024x575.jpg 1024w, https:\/\/www.alasmedios.com\/wp-content\/uploads\/2025\/04\/IHM-se-acerca-a-la-comunidad-en-Atotonilco-de-Tula2-300x168.jpg 300w, https:\/\/www.alasmedios.com\/wp-content\/uploads\/2025\/04\/IHM-se-acerca-a-la-comunidad-en-Atotonilco-de-Tula2-768x431.jpg 768w, https:\/\/www.alasmedios.com\/wp-content\/uploads\/2025\/04\/IHM-se-acerca-a-la-comunidad-en-Atotonilco-de-Tula2-1536x863.jpg 1536w, https:\/\/www.alasmedios.com\/wp-content\/uploads\/2025\/04\/IHM-se-acerca-a-la-comunidad-en-Atotonilco-de-Tula2.jpg 2048w\" sizes=\"auto, (max-width: 1024px) 100vw, 1024px\" \/><\/figure>\n\n\n\n<figure class=\"wp-block-image size-large\"><img loading=\"lazy\" decoding=\"async\" width=\"1024\" height=\"575\" data-id=\"4174\" src=\"https:\/\/www.alasmedios.com\/wp-content\/uploads\/2025\/04\/IHM-se-acerca-a-la-comunidad-en-Atotonilco-de-Tula1-1024x575.jpg\" alt=\"\" class=\"wp-image-4174\" srcset=\"https:\/\/www.alasmedios.com\/wp-content\/uploads\/2025\/04\/IHM-se-acerca-a-la-comunidad-en-Atotonilco-de-Tula1-1024x575.jpg 1024w, https:\/\/www.alasmedios.com\/wp-content\/uploads\/2025\/04\/IHM-se-acerca-a-la-comunidad-en-Atotonilco-de-Tula1-300x168.jpg 300w, https:\/\/www.alasmedios.com\/wp-content\/uploads\/2025\/04\/IHM-se-acerca-a-la-comunidad-en-Atotonilco-de-Tula1-768x431.jpg 768w, https:\/\/www.alasmedios.com\/wp-content\/uploads\/2025\/04\/IHM-se-acerca-a-la-comunidad-en-Atotonilco-de-Tula1-1536x863.jpg 1536w, https:\/\/www.alasmedios.com\/wp-content\/uploads\/2025\/04\/IHM-se-acerca-a-la-comunidad-en-Atotonilco-de-Tula1.jpg 2048w\" sizes=\"auto, (max-width: 1024px) 100vw, 1024px\" \/><\/figure>\n<\/figure>\n\n\n\n<p>Las actividades realizadas formaron parte de una estrategia estatal de proximidad social que busca atender de forma directa las necesidades de las personas, especialmente de las mujeres hidalguenses, a trav\u00e9s de una red de instituciones comprometidas con su desarrollo y bienestar integral.<\/p>\n\n\n<ul class=\"wp-block-latest-posts__list is-grid columns-3 wp-block-latest-posts\"><li><div class=\"wp-block-latest-posts__featured-image\"><img loading=\"lazy\" decoding=\"async\" width=\"150\" height=\"150\" src=\"https:\/\/www.alasmedios.com\/wp-content\/uploads\/2026\/05\/AMPEP-inteligencia-artificial-150x150.jpg\" class=\"attachment-thumbnail size-thumbnail wp-post-image\" alt=\"\" style=\"\" \/><\/div><a class=\"wp-block-latest-posts__post-title\" href=\"https:\/\/www.alasmedios.com\/index.php\/2026\/05\/01\/periodismo-frente-a-la-ia-ampep-asume-liderazgo-y-apuesta-por-contar-historias-con-alma\/\">Periodismo frente a la IA: AMPEP asume liderazgo y apuesta por contar historias con \u201calma\u201d<\/a><\/li>\n<li><div class=\"wp-block-latest-posts__featured-image\"><img loading=\"lazy\" decoding=\"async\" width=\"150\" height=\"150\" src=\"https:\/\/www.alasmedios.com\/wp-content\/uploads\/2026\/05\/Hidalgo-viene-un-respiro-con-el-frente-frio-48-150x150.png\" class=\"attachment-thumbnail size-thumbnail wp-post-image\" alt=\"\" style=\"\" \/><\/div><a class=\"wp-block-latest-posts__post-title\" href=\"https:\/\/www.alasmedios.com\/index.php\/2026\/05\/01\/frente-frio-48-un-alivio-asi-impactara-en-hidalgo\/\">Frente fr\u00edo 48, un alivio: as\u00ed impactar\u00e1 en Hidalgo<\/a><\/li>\n<li><div class=\"wp-block-latest-posts__featured-image\"><img loading=\"lazy\" decoding=\"async\" width=\"150\" height=\"150\" src=\"https:\/\/www.alasmedios.com\/wp-content\/uploads\/2026\/05\/mujeres-depresion-posparto-150x150.png\" class=\"attachment-thumbnail size-thumbnail wp-post-image\" alt=\"\" style=\"\" \/><\/div><a class=\"wp-block-latest-posts__post-title\" href=\"https:\/\/www.alasmedios.com\/index.php\/2026\/05\/01\/1-de-cada-15-mujeres-sufre-depresion-posparto\/\">1 de cada 15 mujeres sufre depresi\u00f3n posparto<\/a><\/li>\n<\/ul>","protected":false},"excerpt":{"rendered":"<p>Con el objetivo de fortalecer el tejido social y acercar los servicios gubernamentales a la ciudadan\u00eda, se llevaron a cabo<\/p>\n","protected":false},"author":4,"featured_media":4172,"comment_status":"open","ping_status":"open","sticky":false,"template":"","format":"standard","meta":{"colormag_page_container_layout":"default_layout","colormag_page_sidebar_layout":"default_layout","rop_custom_images_group":[],"rop_custom_messages_group":[],"rop_publish_now":"initial","rop_publish_now_accounts":[],"rop_publish_now_history":[],"rop_publish_now_status":"pending","iawp_total_views":2,"footnotes":""},"categories":[41],"tags":[1674,99,215],"class_list":["post-4171","post","type-post","status-publish","format-standard","has-post-thumbnail","hentry","category-hidalgo","tag-atotonilco-de-tula","tag-hidalgo","tag-ihm"],"magazineBlocksPostFeaturedMedia":{"thumbnail":"https:\/\/www.alasmedios.com\/wp-content\/uploads\/2025\/04\/IHM-se-acerca-a-la-comunidad-en-Atotonilco-de-Tula-150x150.jpg","medium":"https:\/\/www.alasmedios.com\/wp-content\/uploads\/2025\/04\/IHM-se-acerca-a-la-comunidad-en-Atotonilco-de-Tula-300x200.jpg","medium_large":"https:\/\/www.alasmedios.com\/wp-content\/uploads\/2025\/04\/IHM-se-acerca-a-la-comunidad-en-Atotonilco-de-Tula-768x512.jpg","large":"https:\/\/www.alasmedios.com\/wp-content\/uploads\/2025\/04\/IHM-se-acerca-a-la-comunidad-en-Atotonilco-de-Tula-1024x683.jpg","1536x1536":"https:\/\/www.alasmedios.com\/wp-content\/uploads\/2025\/04\/IHM-se-acerca-a-la-comunidad-en-Atotonilco-de-Tula-1536x1025.jpg","2048x2048":"https:\/\/www.alasmedios.com\/wp-content\/uploads\/2025\/04\/IHM-se-acerca-a-la-comunidad-en-Atotonilco-de-Tula.jpg","colormag-highlighted-post":"https:\/\/www.alasmedios.com\/wp-content\/uploads\/2025\/04\/IHM-se-acerca-a-la-comunidad-en-Atotonilco-de-Tula-392x272.jpg","colormag-featured-post-medium":"https:\/\/www.alasmedios.com\/wp-content\/uploads\/2025\/04\/IHM-se-acerca-a-la-comunidad-en-Atotonilco-de-Tula-390x205.jpg","colormag-featured-post-small":"https:\/\/www.alasmedios.com\/wp-content\/uploads\/2025\/04\/IHM-se-acerca-a-la-comunidad-en-Atotonilco-de-Tula-130x90.jpg","colormag-featured-image":"https:\/\/www.alasmedios.com\/wp-content\/uploads\/2025\/04\/IHM-se-acerca-a-la-comunidad-en-Atotonilco-de-Tula-800x445.jpg","colormag-default-news":"https:\/\/www.alasmedios.com\/wp-content\/uploads\/2025\/04\/IHM-se-acerca-a-la-comunidad-en-Atotonilco-de-Tula-150x150.jpg","colormag-featured-image-large":"https:\/\/www.alasmedios.com\/wp-content\/uploads\/2025\/04\/IHM-se-acerca-a-la-comunidad-en-Atotonilco-de-Tula-1400x600.jpg"},"magazineBlocksPostAuthor":{"name":"Keila Rodr\u00edguez Pe\u00f1a","avatar":"https:\/\/secure.gravatar.com\/avatar\/a2553a2bfaa601b9d539b617c8793e151bdffb60f9e48a249912f86d4c9ebeef?s=96&d=mm&r=g"},"magazineBlocksPostCommentsNumber":"0","magazineBlocksPostExcerpt":"Con el objetivo de fortalecer el tejido social y acercar los servicios gubernamentales a la ciudadan\u00eda, se llevaron a cabo","magazineBlocksPostCategories":["Hidalgo"],"magazineBlocksPostViewCount":351,"magazineBlocksPostReadTime":1,"magazine_blocks_featured_image_url":{"full":["https:\/\/www.alasmedios.com\/wp-content\/uploads\/2025\/04\/IHM-se-acerca-a-la-comunidad-en-Atotonilco-de-Tula.jpg",2048,1366,false],"medium":["https:\/\/www.alasmedios.com\/wp-content\/uploads\/2025\/04\/IHM-se-acerca-a-la-comunidad-en-Atotonilco-de-Tula-300x200.jpg",300,200,true],"thumbnail":["https:\/\/www.alasmedios.com\/wp-content\/uploads\/2025\/04\/IHM-se-acerca-a-la-comunidad-en-Atotonilco-de-Tula-150x150.jpg",150,150,true]},"magazine_blocks_author":{"display_name":"Keila Rodr\u00edguez Pe\u00f1a","author_link":"https:\/\/www.alasmedios.com\/index.php\/author\/keila\/"},"magazine_blocks_comment":0,"magazine_blocks_author_image":"https:\/\/secure.gravatar.com\/avatar\/a2553a2bfaa601b9d539b617c8793e151bdffb60f9e48a249912f86d4c9ebeef?s=96&d=mm&r=g","magazine_blocks_category":"<a href=\"#\" class=\"category-link category-link-41\">Hidalgo<\/a>","yoast_head":"<!-- This site is optimized with the Yoast SEO plugin v27.5 - https:\/\/yoast.com\/product\/yoast-seo-wordpress\/ -->\r\n<title>IHM se acerca a la comunidad en Atotonilco de Tula - Alas Medios<\/title>\r\n<meta name=\"robots\" content=\"index, follow, max-snippet:-1, max-image-preview:large, max-video-preview:-1\" \/>\r\n<link rel=\"canonical\" href=\"https:\/\/www.alasmedios.com\/index.php\/2025\/04\/12\/ihm-se-acerca-a-la-comunidad-en-atotonilco-de-tula\/\" \/>\r\n<meta property=\"og:locale\" content=\"es_MX\" \/>\r\n<meta property=\"og:type\" content=\"article\" \/>\r\n<meta property=\"og:title\" content=\"IHM se acerca a la comunidad en Atotonilco de Tula - Alas Medios\" \/>\r\n<meta property=\"og:description\" content=\"Con el objetivo de fortalecer el tejido social y acercar los servicios gubernamentales a la ciudadan\u00eda, se llevaron a cabo\" \/>\r\n<meta property=\"og:url\" content=\"https:\/\/www.alasmedios.com\/index.php\/2025\/04\/12\/ihm-se-acerca-a-la-comunidad-en-atotonilco-de-tula\/\" \/>\r\n<meta property=\"og:site_name\" content=\"Alas Medios\" \/>\r\n<meta property=\"article:published_time\" content=\"2025-04-12T19:38:41+00:00\" \/>\r\n<meta property=\"article:modified_time\" content=\"2025-04-12T19:38:43+00:00\" \/>\r\n<meta property=\"og:image\" content=\"https:\/\/www.alasmedios.com\/wp-content\/uploads\/2025\/04\/IHM-se-acerca-a-la-comunidad-en-Atotonilco-de-Tula.jpg\" \/>\r\n\t<meta property=\"og:image:width\" content=\"2048\" \/>\r\n\t<meta property=\"og:image:height\" content=\"1366\" \/>\r\n\t<meta property=\"og:image:type\" content=\"image\/jpeg\" \/>\r\n<meta name=\"author\" content=\"Keila Rodr\u00edguez Pe\u00f1a\" \/>\r\n<meta name=\"twitter:card\" content=\"summary_large_image\" \/>\r\n<meta name=\"twitter:label1\" content=\"Escrito por\" \/>\n\t<meta name=\"twitter:data1\" content=\"Keila Rodr\u00edguez Pe\u00f1a\" \/>\n\t<meta name=\"twitter:label2\" content=\"Tiempo de lectura\" \/>\n\t<meta name=\"twitter:data2\" content=\"1 minuto\" \/>\r\n<script type=\"application\/ld+json\" class=\"yoast-schema-graph\">{\"@context\":\"https:\\\/\\\/schema.org\",\"@graph\":[{\"@type\":\"Article\",\"@id\":\"https:\\\/\\\/www.alasmedios.com\\\/index.php\\\/2025\\\/04\\\/12\\\/ihm-se-acerca-a-la-comunidad-en-atotonilco-de-tula\\\/#article\",\"isPartOf\":{\"@id\":\"https:\\\/\\\/www.alasmedios.com\\\/index.php\\\/2025\\\/04\\\/12\\\/ihm-se-acerca-a-la-comunidad-en-atotonilco-de-tula\\\/\"},\"author\":{\"name\":\"Keila Rodr\u00edguez Pe\u00f1a\",\"@id\":\"https:\\\/\\\/www.alasmedios.com\\\/#\\\/schema\\\/person\\\/0ba31bdd19a05ebf5c7fef1fedf99c34\"},\"headline\":\"IHM se acerca a la comunidad en Atotonilco de Tula\",\"datePublished\":\"2025-04-12T19:38:41+00:00\",\"dateModified\":\"2025-04-12T19:38:43+00:00\",\"mainEntityOfPage\":{\"@id\":\"https:\\\/\\\/www.alasmedios.com\\\/index.php\\\/2025\\\/04\\\/12\\\/ihm-se-acerca-a-la-comunidad-en-atotonilco-de-tula\\\/\"},\"wordCount\":199,\"commentCount\":0,\"publisher\":{\"@id\":\"https:\\\/\\\/www.alasmedios.com\\\/#organization\"},\"image\":{\"@id\":\"https:\\\/\\\/www.alasmedios.com\\\/index.php\\\/2025\\\/04\\\/12\\\/ihm-se-acerca-a-la-comunidad-en-atotonilco-de-tula\\\/#primaryimage\"},\"thumbnailUrl\":\"https:\\\/\\\/www.alasmedios.com\\\/wp-content\\\/uploads\\\/2025\\\/04\\\/IHM-se-acerca-a-la-comunidad-en-Atotonilco-de-Tula.jpg\",\"keywords\":[\"Atotonilco de Tula\",\"Hidalgo\",\"IHM\"],\"articleSection\":[\"Hidalgo\"],\"inLanguage\":\"es\",\"potentialAction\":[{\"@type\":\"CommentAction\",\"name\":\"Comment\",\"target\":[\"https:\\\/\\\/www.alasmedios.com\\\/index.php\\\/2025\\\/04\\\/12\\\/ihm-se-acerca-a-la-comunidad-en-atotonilco-de-tula\\\/#respond\"]}]},{\"@type\":\"WebPage\",\"@id\":\"https:\\\/\\\/www.alasmedios.com\\\/index.php\\\/2025\\\/04\\\/12\\\/ihm-se-acerca-a-la-comunidad-en-atotonilco-de-tula\\\/\",\"url\":\"https:\\\/\\\/www.alasmedios.com\\\/index.php\\\/2025\\\/04\\\/12\\\/ihm-se-acerca-a-la-comunidad-en-atotonilco-de-tula\\\/\",\"name\":\"IHM se acerca a la comunidad en Atotonilco de Tula - Alas Medios\",\"isPartOf\":{\"@id\":\"https:\\\/\\\/www.alasmedios.com\\\/#website\"},\"primaryImageOfPage\":{\"@id\":\"https:\\\/\\\/www.alasmedios.com\\\/index.php\\\/2025\\\/04\\\/12\\\/ihm-se-acerca-a-la-comunidad-en-atotonilco-de-tula\\\/#primaryimage\"},\"image\":{\"@id\":\"https:\\\/\\\/www.alasmedios.com\\\/index.php\\\/2025\\\/04\\\/12\\\/ihm-se-acerca-a-la-comunidad-en-atotonilco-de-tula\\\/#primaryimage\"},\"thumbnailUrl\":\"https:\\\/\\\/www.alasmedios.com\\\/wp-content\\\/uploads\\\/2025\\\/04\\\/IHM-se-acerca-a-la-comunidad-en-Atotonilco-de-Tula.jpg\",\"datePublished\":\"2025-04-12T19:38:41+00:00\",\"dateModified\":\"2025-04-12T19:38:43+00:00\",\"breadcrumb\":{\"@id\":\"https:\\\/\\\/www.alasmedios.com\\\/index.php\\\/2025\\\/04\\\/12\\\/ihm-se-acerca-a-la-comunidad-en-atotonilco-de-tula\\\/#breadcrumb\"},\"inLanguage\":\"es\",\"potentialAction\":[{\"@type\":\"ReadAction\",\"target\":[\"https:\\\/\\\/www.alasmedios.com\\\/index.php\\\/2025\\\/04\\\/12\\\/ihm-se-acerca-a-la-comunidad-en-atotonilco-de-tula\\\/\"]}]},{\"@type\":\"ImageObject\",\"inLanguage\":\"es\",\"@id\":\"https:\\\/\\\/www.alasmedios.com\\\/index.php\\\/2025\\\/04\\\/12\\\/ihm-se-acerca-a-la-comunidad-en-atotonilco-de-tula\\\/#primaryimage\",\"url\":\"https:\\\/\\\/www.alasmedios.com\\\/wp-content\\\/uploads\\\/2025\\\/04\\\/IHM-se-acerca-a-la-comunidad-en-Atotonilco-de-Tula.jpg\",\"contentUrl\":\"https:\\\/\\\/www.alasmedios.com\\\/wp-content\\\/uploads\\\/2025\\\/04\\\/IHM-se-acerca-a-la-comunidad-en-Atotonilco-de-Tula.jpg\",\"width\":2048,\"height\":1366},{\"@type\":\"BreadcrumbList\",\"@id\":\"https:\\\/\\\/www.alasmedios.com\\\/index.php\\\/2025\\\/04\\\/12\\\/ihm-se-acerca-a-la-comunidad-en-atotonilco-de-tula\\\/#breadcrumb\",\"itemListElement\":[{\"@type\":\"ListItem\",\"position\":1,\"name\":\"Inicio\",\"item\":\"https:\\\/\\\/www.alasmedios.com\\\/\"},{\"@type\":\"ListItem\",\"position\":2,\"name\":\"IHM se acerca a la comunidad en Atotonilco de Tula\"}]},{\"@type\":\"WebSite\",\"@id\":\"https:\\\/\\\/www.alasmedios.com\\\/#website\",\"url\":\"https:\\\/\\\/www.alasmedios.com\\\/\",\"name\":\"Alas Medios\",\"description\":\"Alas para pensar, Alas para volar, Alas de libertad\",\"publisher\":{\"@id\":\"https:\\\/\\\/www.alasmedios.com\\\/#organization\"},\"potentialAction\":[{\"@type\":\"SearchAction\",\"target\":{\"@type\":\"EntryPoint\",\"urlTemplate\":\"https:\\\/\\\/www.alasmedios.com\\\/?s={search_term_string}\"},\"query-input\":{\"@type\":\"PropertyValueSpecification\",\"valueRequired\":true,\"valueName\":\"search_term_string\"}}],\"inLanguage\":\"es\"},{\"@type\":\"Organization\",\"@id\":\"https:\\\/\\\/www.alasmedios.com\\\/#organization\",\"name\":\"Alas Medios\",\"url\":\"https:\\\/\\\/www.alasmedios.com\\\/\",\"logo\":{\"@type\":\"ImageObject\",\"inLanguage\":\"es\",\"@id\":\"https:\\\/\\\/www.alasmedios.com\\\/#\\\/schema\\\/logo\\\/image\\\/\",\"url\":\"https:\\\/\\\/www.alasmedios.com\\\/wp-content\\\/uploads\\\/2026\\\/01\\\/cropped-cropped-GAM-1.png\",\"contentUrl\":\"https:\\\/\\\/www.alasmedios.com\\\/wp-content\\\/uploads\\\/2026\\\/01\\\/cropped-cropped-GAM-1.png\",\"width\":467,\"height\":235,\"caption\":\"Alas Medios\"},\"image\":{\"@id\":\"https:\\\/\\\/www.alasmedios.com\\\/#\\\/schema\\\/logo\\\/image\\\/\"}},{\"@type\":\"Person\",\"@id\":\"https:\\\/\\\/www.alasmedios.com\\\/#\\\/schema\\\/person\\\/0ba31bdd19a05ebf5c7fef1fedf99c34\",\"name\":\"Keila Rodr\u00edguez Pe\u00f1a\",\"image\":{\"@type\":\"ImageObject\",\"inLanguage\":\"es\",\"@id\":\"https:\\\/\\\/secure.gravatar.com\\\/avatar\\\/a2553a2bfaa601b9d539b617c8793e151bdffb60f9e48a249912f86d4c9ebeef?s=96&d=mm&r=g\",\"url\":\"https:\\\/\\\/secure.gravatar.com\\\/avatar\\\/a2553a2bfaa601b9d539b617c8793e151bdffb60f9e48a249912f86d4c9ebeef?s=96&d=mm&r=g\",\"contentUrl\":\"https:\\\/\\\/secure.gravatar.com\\\/avatar\\\/a2553a2bfaa601b9d539b617c8793e151bdffb60f9e48a249912f86d4c9ebeef?s=96&d=mm&r=g\",\"caption\":\"Keila Rodr\u00edguez Pe\u00f1a\"},\"sameAs\":[\"http:\\\/\\\/www.alasmedios.com\"],\"url\":\"https:\\\/\\\/www.alasmedios.com\\\/index.php\\\/author\\\/keila\\\/\"}]}<\/script>\r\n<!-- \/ Yoast SEO plugin. -->","yoast_head_json":{"title":"IHM se acerca a la comunidad en Atotonilco de Tula - Alas Medios","robots":{"index":"index","follow":"follow","max-snippet":"max-snippet:-1","max-image-preview":"max-image-preview:large","max-video-preview":"max-video-preview:-1"},"canonical":"https:\/\/www.alasmedios.com\/index.php\/2025\/04\/12\/ihm-se-acerca-a-la-comunidad-en-atotonilco-de-tula\/","og_locale":"es_MX","og_type":"article","og_title":"IHM se acerca a la comunidad en Atotonilco de Tula - Alas Medios","og_description":"Con el objetivo de fortalecer el tejido social y acercar los servicios gubernamentales a la ciudadan\u00eda, se llevaron a cabo","og_url":"https:\/\/www.alasmedios.com\/index.php\/2025\/04\/12\/ihm-se-acerca-a-la-comunidad-en-atotonilco-de-tula\/","og_site_name":"Alas Medios","article_published_time":"2025-04-12T19:38:41+00:00","article_modified_time":"2025-04-12T19:38:43+00:00","og_image":[{"width":2048,"height":1366,"url":"https:\/\/www.alasmedios.com\/wp-content\/uploads\/2025\/04\/IHM-se-acerca-a-la-comunidad-en-Atotonilco-de-Tula.jpg","type":"image\/jpeg"}],"author":"Keila Rodr\u00edguez Pe\u00f1a","twitter_card":"summary_large_image","twitter_misc":{"Escrito por":"Keila Rodr\u00edguez Pe\u00f1a","Tiempo de lectura":"1 minuto"},"schema":{"@context":"https:\/\/schema.org","@graph":[{"@type":"Article","@id":"https:\/\/www.alasmedios.com\/index.php\/2025\/04\/12\/ihm-se-acerca-a-la-comunidad-en-atotonilco-de-tula\/#article","isPartOf":{"@id":"https:\/\/www.alasmedios.com\/index.php\/2025\/04\/12\/ihm-se-acerca-a-la-comunidad-en-atotonilco-de-tula\/"},"author":{"name":"Keila Rodr\u00edguez Pe\u00f1a","@id":"https:\/\/www.alasmedios.com\/#\/schema\/person\/0ba31bdd19a05ebf5c7fef1fedf99c34"},"headline":"IHM se acerca a la comunidad en Atotonilco de Tula","datePublished":"2025-04-12T19:38:41+00:00","dateModified":"2025-04-12T19:38:43+00:00","mainEntityOfPage":{"@id":"https:\/\/www.alasmedios.com\/index.php\/2025\/04\/12\/ihm-se-acerca-a-la-comunidad-en-atotonilco-de-tula\/"},"wordCount":199,"commentCount":0,"publisher":{"@id":"https:\/\/www.alasmedios.com\/#organization"},"image":{"@id":"https:\/\/www.alasmedios.com\/index.php\/2025\/04\/12\/ihm-se-acerca-a-la-comunidad-en-atotonilco-de-tula\/#primaryimage"},"thumbnailUrl":"https:\/\/www.alasmedios.com\/wp-content\/uploads\/2025\/04\/IHM-se-acerca-a-la-comunidad-en-Atotonilco-de-Tula.jpg","keywords":["Atotonilco de Tula","Hidalgo","IHM"],"articleSection":["Hidalgo"],"inLanguage":"es","potentialAction":[{"@type":"CommentAction","name":"Comment","target":["https:\/\/www.alasmedios.com\/index.php\/2025\/04\/12\/ihm-se-acerca-a-la-comunidad-en-atotonilco-de-tula\/#respond"]}]},{"@type":"WebPage","@id":"https:\/\/www.alasmedios.com\/index.php\/2025\/04\/12\/ihm-se-acerca-a-la-comunidad-en-atotonilco-de-tula\/","url":"https:\/\/www.alasmedios.com\/index.php\/2025\/04\/12\/ihm-se-acerca-a-la-comunidad-en-atotonilco-de-tula\/","name":"IHM se acerca a la comunidad en Atotonilco de Tula - Alas Medios","isPartOf":{"@id":"https:\/\/www.alasmedios.com\/#website"},"primaryImageOfPage":{"@id":"https:\/\/www.alasmedios.com\/index.php\/2025\/04\/12\/ihm-se-acerca-a-la-comunidad-en-atotonilco-de-tula\/#primaryimage"},"image":{"@id":"https:\/\/www.alasmedios.com\/index.php\/2025\/04\/12\/ihm-se-acerca-a-la-comunidad-en-atotonilco-de-tula\/#primaryimage"},"thumbnailUrl":"https:\/\/www.alasmedios.com\/wp-content\/uploads\/2025\/04\/IHM-se-acerca-a-la-comunidad-en-Atotonilco-de-Tula.jpg","datePublished":"2025-04-12T19:38:41+00:00","dateModified":"2025-04-12T19:38:43+00:00","breadcrumb":{"@id":"https:\/\/www.alasmedios.com\/index.php\/2025\/04\/12\/ihm-se-acerca-a-la-comunidad-en-atotonilco-de-tula\/#breadcrumb"},"inLanguage":"es","potentialAction":[{"@type":"ReadAction","target":["https:\/\/www.alasmedios.com\/index.php\/2025\/04\/12\/ihm-se-acerca-a-la-comunidad-en-atotonilco-de-tula\/"]}]},{"@type":"ImageObject","inLanguage":"es","@id":"https:\/\/www.alasmedios.com\/index.php\/2025\/04\/12\/ihm-se-acerca-a-la-comunidad-en-atotonilco-de-tula\/#primaryimage","url":"https:\/\/www.alasmedios.com\/wp-content\/uploads\/2025\/04\/IHM-se-acerca-a-la-comunidad-en-Atotonilco-de-Tula.jpg","contentUrl":"https:\/\/www.alasmedios.com\/wp-content\/uploads\/2025\/04\/IHM-se-acerca-a-la-comunidad-en-Atotonilco-de-Tula.jpg","width":2048,"height":1366},{"@type":"BreadcrumbList","@id":"https:\/\/www.alasmedios.com\/index.php\/2025\/04\/12\/ihm-se-acerca-a-la-comunidad-en-atotonilco-de-tula\/#breadcrumb","itemListElement":[{"@type":"ListItem","position":1,"name":"Inicio","item":"https:\/\/www.alasmedios.com\/"},{"@type":"ListItem","position":2,"name":"IHM se acerca a la comunidad en Atotonilco de Tula"}]},{"@type":"WebSite","@id":"https:\/\/www.alasmedios.com\/#website","url":"https:\/\/www.alasmedios.com\/","name":"Alas Medios","description":"Alas para pensar, Alas para volar, Alas de libertad","publisher":{"@id":"https:\/\/www.alasmedios.com\/#organization"},"potentialAction":[{"@type":"SearchAction","target":{"@type":"EntryPoint","urlTemplate":"https:\/\/www.alasmedios.com\/?s={search_term_string}"},"query-input":{"@type":"PropertyValueSpecification","valueRequired":true,"valueName":"search_term_string"}}],"inLanguage":"es"},{"@type":"Organization","@id":"https:\/\/www.alasmedios.com\/#organization","name":"Alas Medios","url":"https:\/\/www.alasmedios.com\/","logo":{"@type":"ImageObject","inLanguage":"es","@id":"https:\/\/www.alasmedios.com\/#\/schema\/logo\/image\/","url":"https:\/\/www.alasmedios.com\/wp-content\/uploads\/2026\/01\/cropped-cropped-GAM-1.png","contentUrl":"https:\/\/www.alasmedios.com\/wp-content\/uploads\/2026\/01\/cropped-cropped-GAM-1.png","width":467,"height":235,"caption":"Alas Medios"},"image":{"@id":"https:\/\/www.alasmedios.com\/#\/schema\/logo\/image\/"}},{"@type":"Person","@id":"https:\/\/www.alasmedios.com\/#\/schema\/person\/0ba31bdd19a05ebf5c7fef1fedf99c34","name":"Keila Rodr\u00edguez Pe\u00f1a","image":{"@type":"ImageObject","inLanguage":"es","@id":"https:\/\/secure.gravatar.com\/avatar\/a2553a2bfaa601b9d539b617c8793e151bdffb60f9e48a249912f86d4c9ebeef?s=96&d=mm&r=g","url":"https:\/\/secure.gravatar.com\/avatar\/a2553a2bfaa601b9d539b617c8793e151bdffb60f9e48a249912f86d4c9ebeef?s=96&d=mm&r=g","contentUrl":"https:\/\/secure.gravatar.com\/avatar\/a2553a2bfaa601b9d539b617c8793e151bdffb60f9e48a249912f86d4c9ebeef?s=96&d=mm&r=g","caption":"Keila Rodr\u00edguez Pe\u00f1a"},"sameAs":["http:\/\/www.alasmedios.com"],"url":"https:\/\/www.alasmedios.com\/index.php\/author\/keila\/"}]}},"_links":{"self":[{"href":"https:\/\/www.alasmedios.com\/index.php\/wp-json\/wp\/v2\/posts\/4171","targetHints":{"allow":["GET"]}}],"collection":[{"href":"https:\/\/www.alasmedios.com\/index.php\/wp-json\/wp\/v2\/posts"}],"about":[{"href":"https:\/\/www.alasmedios.com\/index.php\/wp-json\/wp\/v2\/types\/post"}],"author":[{"embeddable":true,"href":"https:\/\/www.alasmedios.com\/index.php\/wp-json\/wp\/v2\/users\/4"}],"replies":[{"embeddable":true,"href":"https:\/\/www.alasmedios.com\/index.php\/wp-json\/wp\/v2\/comments?post=4171"}],"version-history":[{"count":1,"href":"https:\/\/www.alasmedios.com\/index.php\/wp-json\/wp\/v2\/posts\/4171\/revisions"}],"predecessor-version":[{"id":4175,"href":"https:\/\/www.alasmedios.com\/index.php\/wp-json\/wp\/v2\/posts\/4171\/revisions\/4175"}],"wp:featuredmedia":[{"embeddable":true,"href":"https:\/\/www.alasmedios.com\/index.php\/wp-json\/wp\/v2\/media\/4172"}],"wp:attachment":[{"href":"https:\/\/www.alasmedios.com\/index.php\/wp-json\/wp\/v2\/media?parent=4171"}],"wp:term":[{"taxonomy":"category","embeddable":true,"href":"https:\/\/www.alasmedios.com\/index.php\/wp-json\/wp\/v2\/categories?post=4171"},{"taxonomy":"post_tag","embeddable":true,"href":"https:\/\/www.alasmedios.com\/index.php\/wp-json\/wp\/v2\/tags?post=4171"}],"curies":[{"name":"wp","href":"https:\/\/api.w.org\/{rel}","templated":true}]}}