{"id":4165,"date":"2025-04-12T14:12:50","date_gmt":"2025-04-12T19:12:50","guid":{"rendered":"https:\/\/www.alasmedios.com\/?p=4165"},"modified":"2025-04-12T14:12:51","modified_gmt":"2025-04-12T19:12:51","slug":"muere-hombre-por-sarampion-en-chihuahua-primera-victima-del-brote-en-mexico","status":"publish","type":"post","link":"https:\/\/www.alasmedios.com\/index.php\/2025\/04\/12\/muere-hombre-por-sarampion-en-chihuahua-primera-victima-del-brote-en-mexico\/","title":{"rendered":"Muere hombre por sarampi\u00f3n en Chihuahua: primera v\u00edctima del brote en M\u00e9xico"},"content":{"rendered":"\n<p>Un hombre mexicano de 31 a\u00f1os falleci\u00f3 este viernes en Chihuahua tras complicaciones derivadas del <strong>sarampi\u00f3n <\/strong>y una <strong>diabetes mal controlada<\/strong>, en lo que representa la primera muerte confirmada en el pa\u00eds por el actual brote de esta enfermedad, informaron autoridades estatales de salud.<\/p>\n\n\n\n<p>La v\u00edctima, originaria de Ciudad Ju\u00e1rez, <strong>no estaba vacunada contra el sarampi\u00f3n<\/strong>. Seg\u00fan explic\u00f3 el secretario de <strong>Salud de Chihuahua, Gilberto Baeza Mendoza<\/strong>, el <strong>paciente acudi\u00f3 tarde a recibir atenci\u00f3n m\u00e9dica,<\/strong> y la <strong>combinaci\u00f3n <\/strong>entre el <strong>virus <\/strong>y su <strong>enfermedad cr\u00f3nica <\/strong>result\u00f3 fatal.<\/p>\n\n\n\n<p><em>\u201cEs un se\u00f1or de 31 a\u00f1os de edad con muchas complicaciones en su diabetes, muy mal control de la diabetes, le da sarampi\u00f3n, obviamente no est\u00e1 vacunado\u201d,<\/em> declar\u00f3 Baeza Mendoza a medios locales. El paciente fue atendido en un hospital privado, pero no logr\u00f3 superar el cuadro cl\u00ednico.<\/p>\n\n\n\n<p>El caso se registra en medio de un repunte internacional de la enfermedad, especialmente en <strong>Estados Unidos<\/strong>, donde se han confirmado m\u00e1s de<strong> 480 contagios y dos muertes en lo que va del a\u00f1o<\/strong>. <strong>Ciudad Ju\u00e1rez<\/strong>, por su cercan\u00eda con <strong>Texas<\/strong>, concentra la mayor\u00eda de los <strong>contagios <\/strong>en territorio mexicano.<\/p>\n\n\n\n<p>CONTIN\u00daA LEYENDO: <a href=\"https:\/\/www.alasmedios.com\/index.php\/2025\/04\/11\/escalada-de-violencia-en-la-republica-democratica-del-congo-deja-a-miles-de-ninas-y-ninos-sin-hogar-escuela-ni-proteccion\/\" data-type=\"post\" data-id=\"4147\">Escalada de violencia en la Rep\u00fablica Democr\u00e1tica del Congo deja a miles de ni\u00f1as y ni\u00f1os sin hogar, escuela ni protecci\u00f3n<\/a><\/p>\n\n\n\n<p>De acuerdo con el \u00faltimo informe epidemiol\u00f3gico de la<strong> Secretar\u00eda de Salud<\/strong>, con corte al 4 de abril, <strong>M\u00e9xico <\/strong>acumula 126 casos confirmados de <strong>sarampi\u00f3n <\/strong>en <strong>2025<\/strong>. Del total, <strong>121 se localizan en Chihuahua, cuatro en Oaxaca y uno m\u00e1s en Sonora<\/strong>. <strong>Dos de los casos fueron importados<\/strong>, mientras que <strong>21 est\u00e1n relacionados con importaci\u00f3n y 103 siguen en estudio.<\/strong><\/p>\n\n\n\n<p>Frente a este panorama, el <strong>Gobierno federal <\/strong>anunci\u00f3 la realizaci\u00f3n de la primera <em>Semana Nacional de Vacunaci\u00f3n 2025<\/em>, que se llevar\u00e1 a cabo del 26 de abril al 3 de mayo, con el objetivo de<strong> reforzar la cobertura de inmunizaci\u00f3n<\/strong>, especialmente entre menores de edad.<\/p>\n\n\n\n<p><strong>Baeza Mendoza<\/strong> insisti\u00f3 en la importancia de aplicarse la vacuna: <em>\u201cLlega tarde, surgen complicaciones con motivo de sus enfermedades adyacentes\u2026 lo dictaminamos como una persona con sarampi\u00f3n. De ah\u00ed la importancia de la vacuna\u201d.<\/em><\/p>\n\n\n\n<p>El <strong>repunte <\/strong>de casos coincide con el <strong>avance de discursos antivacunas<\/strong> que han ganado fuerza en <strong>distintos pa\u00edses<\/strong>, y que las <strong>autoridades<\/strong> <strong>sanitarias <\/strong>identifican como un factor clave en el<strong> resurgimiento de enfermedades<\/strong> que <strong>hab\u00edan sido pr\u00e1cticamente erradicadas en la regi\u00f3n.<\/strong><\/p>\n\n\n<ul class=\"wp-block-latest-posts__list is-grid columns-3 wp-block-latest-posts\"><li><div class=\"wp-block-latest-posts__featured-image\"><img loading=\"lazy\" decoding=\"async\" width=\"150\" height=\"150\" src=\"https:\/\/www.alasmedios.com\/wp-content\/uploads\/2026\/05\/Hidalgo-viene-un-respiro-con-el-frente-frio-48-150x150.png\" class=\"attachment-thumbnail size-thumbnail wp-post-image\" alt=\"\" style=\"\" \/><\/div><a class=\"wp-block-latest-posts__post-title\" href=\"https:\/\/www.alasmedios.com\/index.php\/2026\/05\/01\/frente-frio-48-un-alivio-asi-impactara-en-hidalgo\/\">Frente fr\u00edo 48, un alivio: as\u00ed impactar\u00e1 en Hidalgo<\/a><\/li>\n<li><div class=\"wp-block-latest-posts__featured-image\"><img loading=\"lazy\" decoding=\"async\" width=\"150\" height=\"150\" src=\"https:\/\/www.alasmedios.com\/wp-content\/uploads\/2026\/05\/mujeres-depresion-posparto-150x150.png\" class=\"attachment-thumbnail size-thumbnail wp-post-image\" alt=\"\" style=\"\" \/><\/div><a class=\"wp-block-latest-posts__post-title\" href=\"https:\/\/www.alasmedios.com\/index.php\/2026\/05\/01\/1-de-cada-15-mujeres-sufre-depresion-posparto\/\">1 de cada 15 mujeres sufre depresi\u00f3n posparto<\/a><\/li>\n<li><div class=\"wp-block-latest-posts__featured-image\"><img loading=\"lazy\" decoding=\"async\" width=\"150\" height=\"150\" src=\"https:\/\/www.alasmedios.com\/wp-content\/uploads\/2026\/05\/USEP-calidad-hospitalaria-150x150.jpeg\" class=\"attachment-thumbnail size-thumbnail wp-post-image\" alt=\"\" style=\"\" \/><\/div><a class=\"wp-block-latest-posts__post-title\" href=\"https:\/\/www.alasmedios.com\/index.php\/2026\/05\/01\/usep-activa-formacion-para-prevenir-riesgos-en-la-atencion-medica\/\">USEP activa formaci\u00f3n para prevenir riesgos en la atenci\u00f3n m\u00e9dica<\/a><\/li>\n<\/ul>","protected":false},"excerpt":{"rendered":"<p>Un hombre mexicano de 31 a\u00f1os falleci\u00f3 este viernes en Chihuahua tras complicaciones derivadas del sarampi\u00f3n y una diabetes mal<\/p>\n","protected":false},"author":4,"featured_media":4166,"comment_status":"open","ping_status":"open","sticky":false,"template":"","format":"standard","meta":{"colormag_page_container_layout":"default_layout","colormag_page_sidebar_layout":"default_layout","rop_custom_images_group":[],"rop_custom_messages_group":[],"rop_publish_now":"initial","rop_publish_now_accounts":[],"rop_publish_now_history":[],"rop_publish_now_status":"pending","iawp_total_views":0,"footnotes":""},"categories":[39],"tags":[806,166,136,1669,1670],"class_list":["post-4165","post","type-post","status-publish","format-standard","has-post-thumbnail","hentry","category-inicio","tag-chihuahua","tag-mexico","tag-salud","tag-sarampion","tag-vacuna"],"magazineBlocksPostFeaturedMedia":{"thumbnail":"https:\/\/www.alasmedios.com\/wp-content\/uploads\/2025\/04\/Muere-hombre-por-sarampion-en-Chihuahua-primera-victima-del-brote-en-Mexico-150x150.png","medium":"https:\/\/www.alasmedios.com\/wp-content\/uploads\/2025\/04\/Muere-hombre-por-sarampion-en-Chihuahua-primera-victima-del-brote-en-Mexico-300x157.png","medium_large":"https:\/\/www.alasmedios.com\/wp-content\/uploads\/2025\/04\/Muere-hombre-por-sarampion-en-Chihuahua-primera-victima-del-brote-en-Mexico-768x402.png","large":"https:\/\/www.alasmedios.com\/wp-content\/uploads\/2025\/04\/Muere-hombre-por-sarampion-en-Chihuahua-primera-victima-del-brote-en-Mexico-1024x536.png","1536x1536":"https:\/\/www.alasmedios.com\/wp-content\/uploads\/2025\/04\/Muere-hombre-por-sarampion-en-Chihuahua-primera-victima-del-brote-en-Mexico.png","2048x2048":"https:\/\/www.alasmedios.com\/wp-content\/uploads\/2025\/04\/Muere-hombre-por-sarampion-en-Chihuahua-primera-victima-del-brote-en-Mexico.png","colormag-highlighted-post":"https:\/\/www.alasmedios.com\/wp-content\/uploads\/2025\/04\/Muere-hombre-por-sarampion-en-Chihuahua-primera-victima-del-brote-en-Mexico-392x272.png","colormag-featured-post-medium":"https:\/\/www.alasmedios.com\/wp-content\/uploads\/2025\/04\/Muere-hombre-por-sarampion-en-Chihuahua-primera-victima-del-brote-en-Mexico-390x205.png","colormag-featured-post-small":"https:\/\/www.alasmedios.com\/wp-content\/uploads\/2025\/04\/Muere-hombre-por-sarampion-en-Chihuahua-primera-victima-del-brote-en-Mexico-130x90.png","colormag-featured-image":"https:\/\/www.alasmedios.com\/wp-content\/uploads\/2025\/04\/Muere-hombre-por-sarampion-en-Chihuahua-primera-victima-del-brote-en-Mexico-800x445.png","colormag-default-news":"https:\/\/www.alasmedios.com\/wp-content\/uploads\/2025\/04\/Muere-hombre-por-sarampion-en-Chihuahua-primera-victima-del-brote-en-Mexico-150x150.png","colormag-featured-image-large":"https:\/\/www.alasmedios.com\/wp-content\/uploads\/2025\/04\/Muere-hombre-por-sarampion-en-Chihuahua-primera-victima-del-brote-en-Mexico-1200x600.png"},"magazineBlocksPostAuthor":{"name":"Keila Rodr\u00edguez Pe\u00f1a","avatar":"https:\/\/secure.gravatar.com\/avatar\/a2553a2bfaa601b9d539b617c8793e151bdffb60f9e48a249912f86d4c9ebeef?s=96&d=mm&r=g"},"magazineBlocksPostCommentsNumber":"0","magazineBlocksPostExcerpt":"Un hombre mexicano de 31 a\u00f1os falleci\u00f3 este viernes en Chihuahua tras complicaciones derivadas del sarampi\u00f3n y una diabetes mal","magazineBlocksPostCategories":["Inicio"],"magazineBlocksPostViewCount":452,"magazineBlocksPostReadTime":3,"magazine_blocks_featured_image_url":{"full":["https:\/\/www.alasmedios.com\/wp-content\/uploads\/2025\/04\/Muere-hombre-por-sarampion-en-Chihuahua-primera-victima-del-brote-en-Mexico.png",1200,628,false],"medium":["https:\/\/www.alasmedios.com\/wp-content\/uploads\/2025\/04\/Muere-hombre-por-sarampion-en-Chihuahua-primera-victima-del-brote-en-Mexico-300x157.png",300,157,true],"thumbnail":["https:\/\/www.alasmedios.com\/wp-content\/uploads\/2025\/04\/Muere-hombre-por-sarampion-en-Chihuahua-primera-victima-del-brote-en-Mexico-150x150.png",150,150,true]},"magazine_blocks_author":{"display_name":"Keila Rodr\u00edguez Pe\u00f1a","author_link":"https:\/\/www.alasmedios.com\/index.php\/author\/keila\/"},"magazine_blocks_comment":0,"magazine_blocks_author_image":"https:\/\/secure.gravatar.com\/avatar\/a2553a2bfaa601b9d539b617c8793e151bdffb60f9e48a249912f86d4c9ebeef?s=96&d=mm&r=g","magazine_blocks_category":"<a href=\"#\" class=\"category-link category-link-39\">Inicio<\/a>","yoast_head":"<!-- This site is optimized with the Yoast SEO plugin v27.5 - https:\/\/yoast.com\/product\/yoast-seo-wordpress\/ -->\r\n<title>Muere hombre por sarampi\u00f3n en Chihuahua: primera v\u00edctima del brote en M\u00e9xico - Alas Medios<\/title>\r\n<meta name=\"robots\" content=\"index, follow, max-snippet:-1, max-image-preview:large, max-video-preview:-1\" \/>\r\n<link rel=\"canonical\" href=\"https:\/\/www.alasmedios.com\/index.php\/2025\/04\/12\/muere-hombre-por-sarampion-en-chihuahua-primera-victima-del-brote-en-mexico\/\" \/>\r\n<meta property=\"og:locale\" content=\"es_MX\" \/>\r\n<meta property=\"og:type\" content=\"article\" \/>\r\n<meta property=\"og:title\" content=\"Muere hombre por sarampi\u00f3n en Chihuahua: primera v\u00edctima del brote en M\u00e9xico - Alas Medios\" \/>\r\n<meta property=\"og:description\" content=\"Un hombre mexicano de 31 a\u00f1os falleci\u00f3 este viernes en Chihuahua tras complicaciones derivadas del sarampi\u00f3n y una diabetes mal\" \/>\r\n<meta property=\"og:url\" content=\"https:\/\/www.alasmedios.com\/index.php\/2025\/04\/12\/muere-hombre-por-sarampion-en-chihuahua-primera-victima-del-brote-en-mexico\/\" \/>\r\n<meta property=\"og:site_name\" content=\"Alas Medios\" \/>\r\n<meta property=\"article:published_time\" content=\"2025-04-12T19:12:50+00:00\" \/>\r\n<meta property=\"article:modified_time\" content=\"2025-04-12T19:12:51+00:00\" \/>\r\n<meta property=\"og:image\" content=\"https:\/\/www.alasmedios.com\/wp-content\/uploads\/2025\/04\/Muere-hombre-por-sarampion-en-Chihuahua-primera-victima-del-brote-en-Mexico.png\" \/>\r\n\t<meta property=\"og:image:width\" content=\"1200\" \/>\r\n\t<meta property=\"og:image:height\" content=\"628\" \/>\r\n\t<meta property=\"og:image:type\" content=\"image\/png\" \/>\r\n<meta name=\"author\" content=\"Keila Rodr\u00edguez Pe\u00f1a\" \/>\r\n<meta name=\"twitter:card\" content=\"summary_large_image\" \/>\r\n<meta name=\"twitter:label1\" content=\"Escrito por\" \/>\n\t<meta name=\"twitter:data1\" content=\"Keila Rodr\u00edguez Pe\u00f1a\" \/>\n\t<meta name=\"twitter:label2\" content=\"Tiempo de lectura\" \/>\n\t<meta name=\"twitter:data2\" content=\"2 minutos\" \/>\r\n<script type=\"application\/ld+json\" class=\"yoast-schema-graph\">{\"@context\":\"https:\\\/\\\/schema.org\",\"@graph\":[{\"@type\":\"Article\",\"@id\":\"https:\\\/\\\/www.alasmedios.com\\\/index.php\\\/2025\\\/04\\\/12\\\/muere-hombre-por-sarampion-en-chihuahua-primera-victima-del-brote-en-mexico\\\/#article\",\"isPartOf\":{\"@id\":\"https:\\\/\\\/www.alasmedios.com\\\/index.php\\\/2025\\\/04\\\/12\\\/muere-hombre-por-sarampion-en-chihuahua-primera-victima-del-brote-en-mexico\\\/\"},\"author\":{\"name\":\"Keila Rodr\u00edguez Pe\u00f1a\",\"@id\":\"https:\\\/\\\/www.alasmedios.com\\\/#\\\/schema\\\/person\\\/0ba31bdd19a05ebf5c7fef1fedf99c34\"},\"headline\":\"Muere hombre por sarampi\u00f3n en Chihuahua: primera v\u00edctima del brote en M\u00e9xico\",\"datePublished\":\"2025-04-12T19:12:50+00:00\",\"dateModified\":\"2025-04-12T19:12:51+00:00\",\"mainEntityOfPage\":{\"@id\":\"https:\\\/\\\/www.alasmedios.com\\\/index.php\\\/2025\\\/04\\\/12\\\/muere-hombre-por-sarampion-en-chihuahua-primera-victima-del-brote-en-mexico\\\/\"},\"wordCount\":432,\"commentCount\":0,\"publisher\":{\"@id\":\"https:\\\/\\\/www.alasmedios.com\\\/#organization\"},\"image\":{\"@id\":\"https:\\\/\\\/www.alasmedios.com\\\/index.php\\\/2025\\\/04\\\/12\\\/muere-hombre-por-sarampion-en-chihuahua-primera-victima-del-brote-en-mexico\\\/#primaryimage\"},\"thumbnailUrl\":\"https:\\\/\\\/www.alasmedios.com\\\/wp-content\\\/uploads\\\/2025\\\/04\\\/Muere-hombre-por-sarampion-en-Chihuahua-primera-victima-del-brote-en-Mexico.png\",\"keywords\":[\"Chihuahua\",\"M\u00e9xico\",\"Salud\",\"sarampi\u00f3n\",\"vacuna\"],\"articleSection\":[\"Inicio\"],\"inLanguage\":\"es\",\"potentialAction\":[{\"@type\":\"CommentAction\",\"name\":\"Comment\",\"target\":[\"https:\\\/\\\/www.alasmedios.com\\\/index.php\\\/2025\\\/04\\\/12\\\/muere-hombre-por-sarampion-en-chihuahua-primera-victima-del-brote-en-mexico\\\/#respond\"]}]},{\"@type\":\"WebPage\",\"@id\":\"https:\\\/\\\/www.alasmedios.com\\\/index.php\\\/2025\\\/04\\\/12\\\/muere-hombre-por-sarampion-en-chihuahua-primera-victima-del-brote-en-mexico\\\/\",\"url\":\"https:\\\/\\\/www.alasmedios.com\\\/index.php\\\/2025\\\/04\\\/12\\\/muere-hombre-por-sarampion-en-chihuahua-primera-victima-del-brote-en-mexico\\\/\",\"name\":\"Muere hombre por sarampi\u00f3n en Chihuahua: primera v\u00edctima del brote en M\u00e9xico - Alas Medios\",\"isPartOf\":{\"@id\":\"https:\\\/\\\/www.alasmedios.com\\\/#website\"},\"primaryImageOfPage\":{\"@id\":\"https:\\\/\\\/www.alasmedios.com\\\/index.php\\\/2025\\\/04\\\/12\\\/muere-hombre-por-sarampion-en-chihuahua-primera-victima-del-brote-en-mexico\\\/#primaryimage\"},\"image\":{\"@id\":\"https:\\\/\\\/www.alasmedios.com\\\/index.php\\\/2025\\\/04\\\/12\\\/muere-hombre-por-sarampion-en-chihuahua-primera-victima-del-brote-en-mexico\\\/#primaryimage\"},\"thumbnailUrl\":\"https:\\\/\\\/www.alasmedios.com\\\/wp-content\\\/uploads\\\/2025\\\/04\\\/Muere-hombre-por-sarampion-en-Chihuahua-primera-victima-del-brote-en-Mexico.png\",\"datePublished\":\"2025-04-12T19:12:50+00:00\",\"dateModified\":\"2025-04-12T19:12:51+00:00\",\"breadcrumb\":{\"@id\":\"https:\\\/\\\/www.alasmedios.com\\\/index.php\\\/2025\\\/04\\\/12\\\/muere-hombre-por-sarampion-en-chihuahua-primera-victima-del-brote-en-mexico\\\/#breadcrumb\"},\"inLanguage\":\"es\",\"potentialAction\":[{\"@type\":\"ReadAction\",\"target\":[\"https:\\\/\\\/www.alasmedios.com\\\/index.php\\\/2025\\\/04\\\/12\\\/muere-hombre-por-sarampion-en-chihuahua-primera-victima-del-brote-en-mexico\\\/\"]}]},{\"@type\":\"ImageObject\",\"inLanguage\":\"es\",\"@id\":\"https:\\\/\\\/www.alasmedios.com\\\/index.php\\\/2025\\\/04\\\/12\\\/muere-hombre-por-sarampion-en-chihuahua-primera-victima-del-brote-en-mexico\\\/#primaryimage\",\"url\":\"https:\\\/\\\/www.alasmedios.com\\\/wp-content\\\/uploads\\\/2025\\\/04\\\/Muere-hombre-por-sarampion-en-Chihuahua-primera-victima-del-brote-en-Mexico.png\",\"contentUrl\":\"https:\\\/\\\/www.alasmedios.com\\\/wp-content\\\/uploads\\\/2025\\\/04\\\/Muere-hombre-por-sarampion-en-Chihuahua-primera-victima-del-brote-en-Mexico.png\",\"width\":1200,\"height\":628},{\"@type\":\"BreadcrumbList\",\"@id\":\"https:\\\/\\\/www.alasmedios.com\\\/index.php\\\/2025\\\/04\\\/12\\\/muere-hombre-por-sarampion-en-chihuahua-primera-victima-del-brote-en-mexico\\\/#breadcrumb\",\"itemListElement\":[{\"@type\":\"ListItem\",\"position\":1,\"name\":\"Inicio\",\"item\":\"https:\\\/\\\/www.alasmedios.com\\\/\"},{\"@type\":\"ListItem\",\"position\":2,\"name\":\"Muere hombre por sarampi\u00f3n en Chihuahua: primera v\u00edctima del brote en M\u00e9xico\"}]},{\"@type\":\"WebSite\",\"@id\":\"https:\\\/\\\/www.alasmedios.com\\\/#website\",\"url\":\"https:\\\/\\\/www.alasmedios.com\\\/\",\"name\":\"Alas Medios\",\"description\":\"Alas para pensar, Alas para volar, Alas de libertad\",\"publisher\":{\"@id\":\"https:\\\/\\\/www.alasmedios.com\\\/#organization\"},\"potentialAction\":[{\"@type\":\"SearchAction\",\"target\":{\"@type\":\"EntryPoint\",\"urlTemplate\":\"https:\\\/\\\/www.alasmedios.com\\\/?s={search_term_string}\"},\"query-input\":{\"@type\":\"PropertyValueSpecification\",\"valueRequired\":true,\"valueName\":\"search_term_string\"}}],\"inLanguage\":\"es\"},{\"@type\":\"Organization\",\"@id\":\"https:\\\/\\\/www.alasmedios.com\\\/#organization\",\"name\":\"Alas Medios\",\"url\":\"https:\\\/\\\/www.alasmedios.com\\\/\",\"logo\":{\"@type\":\"ImageObject\",\"inLanguage\":\"es\",\"@id\":\"https:\\\/\\\/www.alasmedios.com\\\/#\\\/schema\\\/logo\\\/image\\\/\",\"url\":\"https:\\\/\\\/www.alasmedios.com\\\/wp-content\\\/uploads\\\/2026\\\/01\\\/cropped-cropped-GAM-1.png\",\"contentUrl\":\"https:\\\/\\\/www.alasmedios.com\\\/wp-content\\\/uploads\\\/2026\\\/01\\\/cropped-cropped-GAM-1.png\",\"width\":467,\"height\":235,\"caption\":\"Alas Medios\"},\"image\":{\"@id\":\"https:\\\/\\\/www.alasmedios.com\\\/#\\\/schema\\\/logo\\\/image\\\/\"}},{\"@type\":\"Person\",\"@id\":\"https:\\\/\\\/www.alasmedios.com\\\/#\\\/schema\\\/person\\\/0ba31bdd19a05ebf5c7fef1fedf99c34\",\"name\":\"Keila Rodr\u00edguez Pe\u00f1a\",\"image\":{\"@type\":\"ImageObject\",\"inLanguage\":\"es\",\"@id\":\"https:\\\/\\\/secure.gravatar.com\\\/avatar\\\/a2553a2bfaa601b9d539b617c8793e151bdffb60f9e48a249912f86d4c9ebeef?s=96&d=mm&r=g\",\"url\":\"https:\\\/\\\/secure.gravatar.com\\\/avatar\\\/a2553a2bfaa601b9d539b617c8793e151bdffb60f9e48a249912f86d4c9ebeef?s=96&d=mm&r=g\",\"contentUrl\":\"https:\\\/\\\/secure.gravatar.com\\\/avatar\\\/a2553a2bfaa601b9d539b617c8793e151bdffb60f9e48a249912f86d4c9ebeef?s=96&d=mm&r=g\",\"caption\":\"Keila Rodr\u00edguez Pe\u00f1a\"},\"sameAs\":[\"http:\\\/\\\/www.alasmedios.com\"],\"url\":\"https:\\\/\\\/www.alasmedios.com\\\/index.php\\\/author\\\/keila\\\/\"}]}<\/script>\r\n<!-- \/ Yoast SEO plugin. -->","yoast_head_json":{"title":"Muere hombre por sarampi\u00f3n en Chihuahua: primera v\u00edctima del brote en M\u00e9xico - Alas Medios","robots":{"index":"index","follow":"follow","max-snippet":"max-snippet:-1","max-image-preview":"max-image-preview:large","max-video-preview":"max-video-preview:-1"},"canonical":"https:\/\/www.alasmedios.com\/index.php\/2025\/04\/12\/muere-hombre-por-sarampion-en-chihuahua-primera-victima-del-brote-en-mexico\/","og_locale":"es_MX","og_type":"article","og_title":"Muere hombre por sarampi\u00f3n en Chihuahua: primera v\u00edctima del brote en M\u00e9xico - Alas Medios","og_description":"Un hombre mexicano de 31 a\u00f1os falleci\u00f3 este viernes en Chihuahua tras complicaciones derivadas del sarampi\u00f3n y una diabetes mal","og_url":"https:\/\/www.alasmedios.com\/index.php\/2025\/04\/12\/muere-hombre-por-sarampion-en-chihuahua-primera-victima-del-brote-en-mexico\/","og_site_name":"Alas Medios","article_published_time":"2025-04-12T19:12:50+00:00","article_modified_time":"2025-04-12T19:12:51+00:00","og_image":[{"width":1200,"height":628,"url":"https:\/\/www.alasmedios.com\/wp-content\/uploads\/2025\/04\/Muere-hombre-por-sarampion-en-Chihuahua-primera-victima-del-brote-en-Mexico.png","type":"image\/png"}],"author":"Keila Rodr\u00edguez Pe\u00f1a","twitter_card":"summary_large_image","twitter_misc":{"Escrito por":"Keila Rodr\u00edguez Pe\u00f1a","Tiempo de lectura":"2 minutos"},"schema":{"@context":"https:\/\/schema.org","@graph":[{"@type":"Article","@id":"https:\/\/www.alasmedios.com\/index.php\/2025\/04\/12\/muere-hombre-por-sarampion-en-chihuahua-primera-victima-del-brote-en-mexico\/#article","isPartOf":{"@id":"https:\/\/www.alasmedios.com\/index.php\/2025\/04\/12\/muere-hombre-por-sarampion-en-chihuahua-primera-victima-del-brote-en-mexico\/"},"author":{"name":"Keila Rodr\u00edguez Pe\u00f1a","@id":"https:\/\/www.alasmedios.com\/#\/schema\/person\/0ba31bdd19a05ebf5c7fef1fedf99c34"},"headline":"Muere hombre por sarampi\u00f3n en Chihuahua: primera v\u00edctima del brote en M\u00e9xico","datePublished":"2025-04-12T19:12:50+00:00","dateModified":"2025-04-12T19:12:51+00:00","mainEntityOfPage":{"@id":"https:\/\/www.alasmedios.com\/index.php\/2025\/04\/12\/muere-hombre-por-sarampion-en-chihuahua-primera-victima-del-brote-en-mexico\/"},"wordCount":432,"commentCount":0,"publisher":{"@id":"https:\/\/www.alasmedios.com\/#organization"},"image":{"@id":"https:\/\/www.alasmedios.com\/index.php\/2025\/04\/12\/muere-hombre-por-sarampion-en-chihuahua-primera-victima-del-brote-en-mexico\/#primaryimage"},"thumbnailUrl":"https:\/\/www.alasmedios.com\/wp-content\/uploads\/2025\/04\/Muere-hombre-por-sarampion-en-Chihuahua-primera-victima-del-brote-en-Mexico.png","keywords":["Chihuahua","M\u00e9xico","Salud","sarampi\u00f3n","vacuna"],"articleSection":["Inicio"],"inLanguage":"es","potentialAction":[{"@type":"CommentAction","name":"Comment","target":["https:\/\/www.alasmedios.com\/index.php\/2025\/04\/12\/muere-hombre-por-sarampion-en-chihuahua-primera-victima-del-brote-en-mexico\/#respond"]}]},{"@type":"WebPage","@id":"https:\/\/www.alasmedios.com\/index.php\/2025\/04\/12\/muere-hombre-por-sarampion-en-chihuahua-primera-victima-del-brote-en-mexico\/","url":"https:\/\/www.alasmedios.com\/index.php\/2025\/04\/12\/muere-hombre-por-sarampion-en-chihuahua-primera-victima-del-brote-en-mexico\/","name":"Muere hombre por sarampi\u00f3n en Chihuahua: primera v\u00edctima del brote en M\u00e9xico - Alas Medios","isPartOf":{"@id":"https:\/\/www.alasmedios.com\/#website"},"primaryImageOfPage":{"@id":"https:\/\/www.alasmedios.com\/index.php\/2025\/04\/12\/muere-hombre-por-sarampion-en-chihuahua-primera-victima-del-brote-en-mexico\/#primaryimage"},"image":{"@id":"https:\/\/www.alasmedios.com\/index.php\/2025\/04\/12\/muere-hombre-por-sarampion-en-chihuahua-primera-victima-del-brote-en-mexico\/#primaryimage"},"thumbnailUrl":"https:\/\/www.alasmedios.com\/wp-content\/uploads\/2025\/04\/Muere-hombre-por-sarampion-en-Chihuahua-primera-victima-del-brote-en-Mexico.png","datePublished":"2025-04-12T19:12:50+00:00","dateModified":"2025-04-12T19:12:51+00:00","breadcrumb":{"@id":"https:\/\/www.alasmedios.com\/index.php\/2025\/04\/12\/muere-hombre-por-sarampion-en-chihuahua-primera-victima-del-brote-en-mexico\/#breadcrumb"},"inLanguage":"es","potentialAction":[{"@type":"ReadAction","target":["https:\/\/www.alasmedios.com\/index.php\/2025\/04\/12\/muere-hombre-por-sarampion-en-chihuahua-primera-victima-del-brote-en-mexico\/"]}]},{"@type":"ImageObject","inLanguage":"es","@id":"https:\/\/www.alasmedios.com\/index.php\/2025\/04\/12\/muere-hombre-por-sarampion-en-chihuahua-primera-victima-del-brote-en-mexico\/#primaryimage","url":"https:\/\/www.alasmedios.com\/wp-content\/uploads\/2025\/04\/Muere-hombre-por-sarampion-en-Chihuahua-primera-victima-del-brote-en-Mexico.png","contentUrl":"https:\/\/www.alasmedios.com\/wp-content\/uploads\/2025\/04\/Muere-hombre-por-sarampion-en-Chihuahua-primera-victima-del-brote-en-Mexico.png","width":1200,"height":628},{"@type":"BreadcrumbList","@id":"https:\/\/www.alasmedios.com\/index.php\/2025\/04\/12\/muere-hombre-por-sarampion-en-chihuahua-primera-victima-del-brote-en-mexico\/#breadcrumb","itemListElement":[{"@type":"ListItem","position":1,"name":"Inicio","item":"https:\/\/www.alasmedios.com\/"},{"@type":"ListItem","position":2,"name":"Muere hombre por sarampi\u00f3n en Chihuahua: primera v\u00edctima del brote en M\u00e9xico"}]},{"@type":"WebSite","@id":"https:\/\/www.alasmedios.com\/#website","url":"https:\/\/www.alasmedios.com\/","name":"Alas Medios","description":"Alas para pensar, Alas para volar, Alas de libertad","publisher":{"@id":"https:\/\/www.alasmedios.com\/#organization"},"potentialAction":[{"@type":"SearchAction","target":{"@type":"EntryPoint","urlTemplate":"https:\/\/www.alasmedios.com\/?s={search_term_string}"},"query-input":{"@type":"PropertyValueSpecification","valueRequired":true,"valueName":"search_term_string"}}],"inLanguage":"es"},{"@type":"Organization","@id":"https:\/\/www.alasmedios.com\/#organization","name":"Alas Medios","url":"https:\/\/www.alasmedios.com\/","logo":{"@type":"ImageObject","inLanguage":"es","@id":"https:\/\/www.alasmedios.com\/#\/schema\/logo\/image\/","url":"https:\/\/www.alasmedios.com\/wp-content\/uploads\/2026\/01\/cropped-cropped-GAM-1.png","contentUrl":"https:\/\/www.alasmedios.com\/wp-content\/uploads\/2026\/01\/cropped-cropped-GAM-1.png","width":467,"height":235,"caption":"Alas Medios"},"image":{"@id":"https:\/\/www.alasmedios.com\/#\/schema\/logo\/image\/"}},{"@type":"Person","@id":"https:\/\/www.alasmedios.com\/#\/schema\/person\/0ba31bdd19a05ebf5c7fef1fedf99c34","name":"Keila Rodr\u00edguez Pe\u00f1a","image":{"@type":"ImageObject","inLanguage":"es","@id":"https:\/\/secure.gravatar.com\/avatar\/a2553a2bfaa601b9d539b617c8793e151bdffb60f9e48a249912f86d4c9ebeef?s=96&d=mm&r=g","url":"https:\/\/secure.gravatar.com\/avatar\/a2553a2bfaa601b9d539b617c8793e151bdffb60f9e48a249912f86d4c9ebeef?s=96&d=mm&r=g","contentUrl":"https:\/\/secure.gravatar.com\/avatar\/a2553a2bfaa601b9d539b617c8793e151bdffb60f9e48a249912f86d4c9ebeef?s=96&d=mm&r=g","caption":"Keila Rodr\u00edguez Pe\u00f1a"},"sameAs":["http:\/\/www.alasmedios.com"],"url":"https:\/\/www.alasmedios.com\/index.php\/author\/keila\/"}]}},"_links":{"self":[{"href":"https:\/\/www.alasmedios.com\/index.php\/wp-json\/wp\/v2\/posts\/4165","targetHints":{"allow":["GET"]}}],"collection":[{"href":"https:\/\/www.alasmedios.com\/index.php\/wp-json\/wp\/v2\/posts"}],"about":[{"href":"https:\/\/www.alasmedios.com\/index.php\/wp-json\/wp\/v2\/types\/post"}],"author":[{"embeddable":true,"href":"https:\/\/www.alasmedios.com\/index.php\/wp-json\/wp\/v2\/users\/4"}],"replies":[{"embeddable":true,"href":"https:\/\/www.alasmedios.com\/index.php\/wp-json\/wp\/v2\/comments?post=4165"}],"version-history":[{"count":1,"href":"https:\/\/www.alasmedios.com\/index.php\/wp-json\/wp\/v2\/posts\/4165\/revisions"}],"predecessor-version":[{"id":4167,"href":"https:\/\/www.alasmedios.com\/index.php\/wp-json\/wp\/v2\/posts\/4165\/revisions\/4167"}],"wp:featuredmedia":[{"embeddable":true,"href":"https:\/\/www.alasmedios.com\/index.php\/wp-json\/wp\/v2\/media\/4166"}],"wp:attachment":[{"href":"https:\/\/www.alasmedios.com\/index.php\/wp-json\/wp\/v2\/media?parent=4165"}],"wp:term":[{"taxonomy":"category","embeddable":true,"href":"https:\/\/www.alasmedios.com\/index.php\/wp-json\/wp\/v2\/categories?post=4165"},{"taxonomy":"post_tag","embeddable":true,"href":"https:\/\/www.alasmedios.com\/index.php\/wp-json\/wp\/v2\/tags?post=4165"}],"curies":[{"name":"wp","href":"https:\/\/api.w.org\/{rel}","templated":true}]}}