{"id":3817,"date":"2025-03-15T11:55:01","date_gmt":"2025-03-15T17:55:01","guid":{"rendered":"https:\/\/www.alasmedios.com\/?p=3817"},"modified":"2025-03-15T11:55:02","modified_gmt":"2025-03-15T17:55:02","slug":"el-cafe-se-encarece-un-388-debido-a-condiciones-climaticas-adversas","status":"publish","type":"post","link":"https:\/\/www.alasmedios.com\/index.php\/2025\/03\/15\/el-cafe-se-encarece-un-388-debido-a-condiciones-climaticas-adversas\/","title":{"rendered":"El caf\u00e9 se encarece un 38,8% debido a condiciones clim\u00e1ticas adversas"},"content":{"rendered":"\n<p>El precio del <strong>caf\u00e9 <\/strong>registr\u00f3 un <strong>aumento <\/strong>del <strong>38,8%<\/strong> en 2024 en <strong>comparaci\u00f3n <\/strong>con la <strong>media del a\u00f1o anterior<\/strong>, seg\u00fan inform\u00f3 la<strong> Organizaci\u00f3n de las Naciones Unidas para la Agricultura y la Alimentaci\u00f3n<\/strong> (<strong>FAO<\/strong>). <\/p>\n\n\n\n<p>Este incremento ha sido impulsado en gran medida por las <strong>inclemencias meteorol\u00f3gicas <\/strong>que han afectado a los principales pa\u00edses productores.<\/p>\n\n\n\n<p>De acuerdo con un informe de la <strong>FAO <\/strong>sobre las tendencias del <strong>mercado mundial del caf\u00e9<\/strong>, el precio del <strong>caf\u00e9 Ar\u00e1bica<\/strong>, considerado de mayor calidad, aument\u00f3 un <strong>58%<\/strong> en diciembre de 2024 en comparaci\u00f3n con el mismo mes del a\u00f1o anterior. <\/p>\n\n\n\n<p>Por su parte, el <strong>Robusta<\/strong>, empleado principalmente en<strong> caf\u00e9 instant\u00e1neo<\/strong> y <strong>mezclas<\/strong>, experiment\u00f3 un <strong>alza a\u00fan mayor del 70%.<\/strong><\/p>\n\n\n\n<p>CONTIN\u00daA LEYENDO: <a href=\"https:\/\/www.alasmedios.com\/index.php\/2025\/03\/14\/iran-usa-drones-y-reconocimiento-facial-para-imponer-uso-del-hiyab\/\" data-type=\"post\" data-id=\"3814\">Ir\u00e1n usa drones y reconocimiento facial para imponer uso del hiyab<\/a><\/p>\n\n\n\n<p>El organismo advirti\u00f3 que los <strong>precios <\/strong>podr\u00edan seguir subiendo en <strong>2025 <\/strong>debido a diversos factores; entre ellos, destacan la d<strong>isminuci\u00f3n de las exportaciones de Vietnam<\/strong>, la <strong>reducci\u00f3n de la producci\u00f3n en Indonesia<\/strong> y las <strong>condiciones clim\u00e1ticas <\/strong>adversas que han impactado la producci\u00f3n en <strong>Brasil<\/strong>, el <strong>mayor productor mundial de caf\u00e9.<\/strong><\/p>\n\n\n\n<p>Este <strong>encarecimiento <\/strong>del <strong>caf\u00e9 <\/strong>afecta a los <strong>consumidores<\/strong>, a la <strong>industria<\/strong>, que deber\u00e1 enfrentar <strong>mayores costos en la cadena de suministro<\/strong>. <\/p>\n\n\n\n<p>Con la <strong>incertidumbre clim\u00e1tica<\/strong> y las<strong> limitaciones en la oferta<\/strong>, el <strong>mercado cafetero<\/strong> enfrenta un escenario desafiante para el pr\u00f3ximo a\u00f1o.<\/p>\n\n\n<ul class=\"wp-block-latest-posts__list is-grid columns-3 wp-block-latest-posts\"><li><div class=\"wp-block-latest-posts__featured-image\"><img loading=\"lazy\" decoding=\"async\" width=\"150\" height=\"150\" src=\"https:\/\/www.alasmedios.com\/wp-content\/uploads\/2026\/05\/Hidalgo-viene-un-respiro-con-el-frente-frio-48-150x150.png\" class=\"attachment-thumbnail size-thumbnail wp-post-image\" alt=\"\" style=\"\" \/><\/div><a class=\"wp-block-latest-posts__post-title\" href=\"https:\/\/www.alasmedios.com\/index.php\/2026\/05\/01\/frente-frio-48-un-alivio-asi-impactara-en-hidalgo\/\">Frente fr\u00edo 48, un alivio: as\u00ed impactar\u00e1 en Hidalgo<\/a><\/li>\n<li><div class=\"wp-block-latest-posts__featured-image\"><img loading=\"lazy\" decoding=\"async\" width=\"150\" height=\"150\" src=\"https:\/\/www.alasmedios.com\/wp-content\/uploads\/2026\/05\/mujeres-depresion-posparto-150x150.png\" class=\"attachment-thumbnail size-thumbnail wp-post-image\" alt=\"\" style=\"\" \/><\/div><a class=\"wp-block-latest-posts__post-title\" href=\"https:\/\/www.alasmedios.com\/index.php\/2026\/05\/01\/1-de-cada-15-mujeres-sufre-depresion-posparto\/\">1 de cada 15 mujeres sufre depresi\u00f3n posparto<\/a><\/li>\n<li><div class=\"wp-block-latest-posts__featured-image\"><img loading=\"lazy\" decoding=\"async\" width=\"150\" height=\"150\" src=\"https:\/\/www.alasmedios.com\/wp-content\/uploads\/2026\/05\/USEP-calidad-hospitalaria-150x150.jpeg\" class=\"attachment-thumbnail size-thumbnail wp-post-image\" alt=\"\" style=\"\" \/><\/div><a class=\"wp-block-latest-posts__post-title\" href=\"https:\/\/www.alasmedios.com\/index.php\/2026\/05\/01\/usep-activa-formacion-para-prevenir-riesgos-en-la-atencion-medica\/\">USEP activa formaci\u00f3n para prevenir riesgos en la atenci\u00f3n m\u00e9dica<\/a><\/li>\n<\/ul>","protected":false},"excerpt":{"rendered":"<p>El precio del caf\u00e9 registr\u00f3 un aumento del 38,8% en 2024 en comparaci\u00f3n con la media del a\u00f1o anterior, seg\u00fan<\/p>\n","protected":false},"author":4,"featured_media":3818,"comment_status":"open","ping_status":"open","sticky":false,"template":"","format":"standard","meta":{"colormag_page_container_layout":"default_layout","colormag_page_sidebar_layout":"default_layout","rop_custom_images_group":[],"rop_custom_messages_group":[],"rop_publish_now":"initial","rop_publish_now_accounts":[],"rop_publish_now_history":[],"rop_publish_now_status":"pending","iawp_total_views":0,"footnotes":""},"categories":[39],"tags":[529,1519,1520,1518],"class_list":["post-3817","post","type-post","status-publish","format-standard","has-post-thumbnail","hentry","category-inicio","tag-agricultura","tag-cafe","tag-condiciones-climaticas","tag-fao"],"magazineBlocksPostFeaturedMedia":{"thumbnail":"https:\/\/www.alasmedios.com\/wp-content\/uploads\/2025\/03\/cafe-produccion-150x150.png","medium":"https:\/\/www.alasmedios.com\/wp-content\/uploads\/2025\/03\/cafe-produccion-300x157.png","medium_large":"https:\/\/www.alasmedios.com\/wp-content\/uploads\/2025\/03\/cafe-produccion-768x402.png","large":"https:\/\/www.alasmedios.com\/wp-content\/uploads\/2025\/03\/cafe-produccion-1024x536.png","1536x1536":"https:\/\/www.alasmedios.com\/wp-content\/uploads\/2025\/03\/cafe-produccion.png","2048x2048":"https:\/\/www.alasmedios.com\/wp-content\/uploads\/2025\/03\/cafe-produccion.png","colormag-highlighted-post":"https:\/\/www.alasmedios.com\/wp-content\/uploads\/2025\/03\/cafe-produccion-392x272.png","colormag-featured-post-medium":"https:\/\/www.alasmedios.com\/wp-content\/uploads\/2025\/03\/cafe-produccion-390x205.png","colormag-featured-post-small":"https:\/\/www.alasmedios.com\/wp-content\/uploads\/2025\/03\/cafe-produccion-130x90.png","colormag-featured-image":"https:\/\/www.alasmedios.com\/wp-content\/uploads\/2025\/03\/cafe-produccion-800x445.png","colormag-default-news":"https:\/\/www.alasmedios.com\/wp-content\/uploads\/2025\/03\/cafe-produccion-150x150.png","colormag-featured-image-large":"https:\/\/www.alasmedios.com\/wp-content\/uploads\/2025\/03\/cafe-produccion-1200x600.png"},"magazineBlocksPostAuthor":{"name":"Keila Rodr\u00edguez Pe\u00f1a","avatar":"https:\/\/secure.gravatar.com\/avatar\/a2553a2bfaa601b9d539b617c8793e151bdffb60f9e48a249912f86d4c9ebeef?s=96&d=mm&r=g"},"magazineBlocksPostCommentsNumber":"0","magazineBlocksPostExcerpt":"El precio del caf\u00e9 registr\u00f3 un aumento del 38,8% en 2024 en comparaci\u00f3n con la media del a\u00f1o anterior, seg\u00fan","magazineBlocksPostCategories":["Inicio"],"magazineBlocksPostViewCount":413,"magazineBlocksPostReadTime":2,"magazine_blocks_featured_image_url":{"full":["https:\/\/www.alasmedios.com\/wp-content\/uploads\/2025\/03\/cafe-produccion.png",1200,628,false],"medium":["https:\/\/www.alasmedios.com\/wp-content\/uploads\/2025\/03\/cafe-produccion-300x157.png",300,157,true],"thumbnail":["https:\/\/www.alasmedios.com\/wp-content\/uploads\/2025\/03\/cafe-produccion-150x150.png",150,150,true]},"magazine_blocks_author":{"display_name":"Keila Rodr\u00edguez Pe\u00f1a","author_link":"https:\/\/www.alasmedios.com\/index.php\/author\/keila\/"},"magazine_blocks_comment":0,"magazine_blocks_author_image":"https:\/\/secure.gravatar.com\/avatar\/a2553a2bfaa601b9d539b617c8793e151bdffb60f9e48a249912f86d4c9ebeef?s=96&d=mm&r=g","magazine_blocks_category":"<a href=\"#\" class=\"category-link category-link-39\">Inicio<\/a>","yoast_head":"<!-- This site is optimized with the Yoast SEO plugin v27.5 - https:\/\/yoast.com\/product\/yoast-seo-wordpress\/ -->\r\n<title>El caf\u00e9 se encarece un 38,8% debido a condiciones clim\u00e1ticas adversas - Alas Medios<\/title>\r\n<meta name=\"robots\" content=\"index, follow, max-snippet:-1, max-image-preview:large, max-video-preview:-1\" \/>\r\n<link rel=\"canonical\" href=\"https:\/\/www.alasmedios.com\/index.php\/2025\/03\/15\/el-cafe-se-encarece-un-388-debido-a-condiciones-climaticas-adversas\/\" \/>\r\n<meta property=\"og:locale\" content=\"es_MX\" \/>\r\n<meta property=\"og:type\" content=\"article\" \/>\r\n<meta property=\"og:title\" content=\"El caf\u00e9 se encarece un 38,8% debido a condiciones clim\u00e1ticas adversas - Alas Medios\" \/>\r\n<meta property=\"og:description\" content=\"El precio del caf\u00e9 registr\u00f3 un aumento del 38,8% en 2024 en comparaci\u00f3n con la media del a\u00f1o anterior, seg\u00fan\" \/>\r\n<meta property=\"og:url\" content=\"https:\/\/www.alasmedios.com\/index.php\/2025\/03\/15\/el-cafe-se-encarece-un-388-debido-a-condiciones-climaticas-adversas\/\" \/>\r\n<meta property=\"og:site_name\" content=\"Alas Medios\" \/>\r\n<meta property=\"article:published_time\" content=\"2025-03-15T17:55:01+00:00\" \/>\r\n<meta property=\"article:modified_time\" content=\"2025-03-15T17:55:02+00:00\" \/>\r\n<meta property=\"og:image\" content=\"https:\/\/www.alasmedios.com\/wp-content\/uploads\/2025\/03\/cafe-produccion.png\" \/>\r\n\t<meta property=\"og:image:width\" content=\"1200\" \/>\r\n\t<meta property=\"og:image:height\" content=\"628\" \/>\r\n\t<meta property=\"og:image:type\" content=\"image\/png\" \/>\r\n<meta name=\"author\" content=\"Keila Rodr\u00edguez Pe\u00f1a\" \/>\r\n<meta name=\"twitter:card\" content=\"summary_large_image\" \/>\r\n<meta name=\"twitter:label1\" content=\"Escrito por\" \/>\n\t<meta name=\"twitter:data1\" content=\"Keila Rodr\u00edguez Pe\u00f1a\" \/>\n\t<meta name=\"twitter:label2\" content=\"Tiempo de lectura\" \/>\n\t<meta name=\"twitter:data2\" content=\"1 minuto\" \/>\r\n<script type=\"application\/ld+json\" class=\"yoast-schema-graph\">{\"@context\":\"https:\\\/\\\/schema.org\",\"@graph\":[{\"@type\":\"Article\",\"@id\":\"https:\\\/\\\/www.alasmedios.com\\\/index.php\\\/2025\\\/03\\\/15\\\/el-cafe-se-encarece-un-388-debido-a-condiciones-climaticas-adversas\\\/#article\",\"isPartOf\":{\"@id\":\"https:\\\/\\\/www.alasmedios.com\\\/index.php\\\/2025\\\/03\\\/15\\\/el-cafe-se-encarece-un-388-debido-a-condiciones-climaticas-adversas\\\/\"},\"author\":{\"name\":\"Keila Rodr\u00edguez Pe\u00f1a\",\"@id\":\"https:\\\/\\\/www.alasmedios.com\\\/#\\\/schema\\\/person\\\/0ba31bdd19a05ebf5c7fef1fedf99c34\"},\"headline\":\"El caf\u00e9 se encarece un 38,8% debido a condiciones clim\u00e1ticas adversas\",\"datePublished\":\"2025-03-15T17:55:01+00:00\",\"dateModified\":\"2025-03-15T17:55:02+00:00\",\"mainEntityOfPage\":{\"@id\":\"https:\\\/\\\/www.alasmedios.com\\\/index.php\\\/2025\\\/03\\\/15\\\/el-cafe-se-encarece-un-388-debido-a-condiciones-climaticas-adversas\\\/\"},\"wordCount\":247,\"commentCount\":0,\"publisher\":{\"@id\":\"https:\\\/\\\/www.alasmedios.com\\\/#organization\"},\"image\":{\"@id\":\"https:\\\/\\\/www.alasmedios.com\\\/index.php\\\/2025\\\/03\\\/15\\\/el-cafe-se-encarece-un-388-debido-a-condiciones-climaticas-adversas\\\/#primaryimage\"},\"thumbnailUrl\":\"https:\\\/\\\/www.alasmedios.com\\\/wp-content\\\/uploads\\\/2025\\\/03\\\/cafe-produccion.png\",\"keywords\":[\"agricultura\",\"caf\u00e9\",\"condiciones clim\u00e1ticas\",\"FAO\"],\"articleSection\":[\"Inicio\"],\"inLanguage\":\"es\",\"potentialAction\":[{\"@type\":\"CommentAction\",\"name\":\"Comment\",\"target\":[\"https:\\\/\\\/www.alasmedios.com\\\/index.php\\\/2025\\\/03\\\/15\\\/el-cafe-se-encarece-un-388-debido-a-condiciones-climaticas-adversas\\\/#respond\"]}]},{\"@type\":\"WebPage\",\"@id\":\"https:\\\/\\\/www.alasmedios.com\\\/index.php\\\/2025\\\/03\\\/15\\\/el-cafe-se-encarece-un-388-debido-a-condiciones-climaticas-adversas\\\/\",\"url\":\"https:\\\/\\\/www.alasmedios.com\\\/index.php\\\/2025\\\/03\\\/15\\\/el-cafe-se-encarece-un-388-debido-a-condiciones-climaticas-adversas\\\/\",\"name\":\"El caf\u00e9 se encarece un 38,8% debido a condiciones clim\u00e1ticas adversas - Alas Medios\",\"isPartOf\":{\"@id\":\"https:\\\/\\\/www.alasmedios.com\\\/#website\"},\"primaryImageOfPage\":{\"@id\":\"https:\\\/\\\/www.alasmedios.com\\\/index.php\\\/2025\\\/03\\\/15\\\/el-cafe-se-encarece-un-388-debido-a-condiciones-climaticas-adversas\\\/#primaryimage\"},\"image\":{\"@id\":\"https:\\\/\\\/www.alasmedios.com\\\/index.php\\\/2025\\\/03\\\/15\\\/el-cafe-se-encarece-un-388-debido-a-condiciones-climaticas-adversas\\\/#primaryimage\"},\"thumbnailUrl\":\"https:\\\/\\\/www.alasmedios.com\\\/wp-content\\\/uploads\\\/2025\\\/03\\\/cafe-produccion.png\",\"datePublished\":\"2025-03-15T17:55:01+00:00\",\"dateModified\":\"2025-03-15T17:55:02+00:00\",\"breadcrumb\":{\"@id\":\"https:\\\/\\\/www.alasmedios.com\\\/index.php\\\/2025\\\/03\\\/15\\\/el-cafe-se-encarece-un-388-debido-a-condiciones-climaticas-adversas\\\/#breadcrumb\"},\"inLanguage\":\"es\",\"potentialAction\":[{\"@type\":\"ReadAction\",\"target\":[\"https:\\\/\\\/www.alasmedios.com\\\/index.php\\\/2025\\\/03\\\/15\\\/el-cafe-se-encarece-un-388-debido-a-condiciones-climaticas-adversas\\\/\"]}]},{\"@type\":\"ImageObject\",\"inLanguage\":\"es\",\"@id\":\"https:\\\/\\\/www.alasmedios.com\\\/index.php\\\/2025\\\/03\\\/15\\\/el-cafe-se-encarece-un-388-debido-a-condiciones-climaticas-adversas\\\/#primaryimage\",\"url\":\"https:\\\/\\\/www.alasmedios.com\\\/wp-content\\\/uploads\\\/2025\\\/03\\\/cafe-produccion.png\",\"contentUrl\":\"https:\\\/\\\/www.alasmedios.com\\\/wp-content\\\/uploads\\\/2025\\\/03\\\/cafe-produccion.png\",\"width\":1200,\"height\":628},{\"@type\":\"BreadcrumbList\",\"@id\":\"https:\\\/\\\/www.alasmedios.com\\\/index.php\\\/2025\\\/03\\\/15\\\/el-cafe-se-encarece-un-388-debido-a-condiciones-climaticas-adversas\\\/#breadcrumb\",\"itemListElement\":[{\"@type\":\"ListItem\",\"position\":1,\"name\":\"Inicio\",\"item\":\"https:\\\/\\\/www.alasmedios.com\\\/\"},{\"@type\":\"ListItem\",\"position\":2,\"name\":\"El caf\u00e9 se encarece un 38,8% debido a condiciones clim\u00e1ticas adversas\"}]},{\"@type\":\"WebSite\",\"@id\":\"https:\\\/\\\/www.alasmedios.com\\\/#website\",\"url\":\"https:\\\/\\\/www.alasmedios.com\\\/\",\"name\":\"Alas Medios\",\"description\":\"Alas para pensar, Alas para volar, Alas de libertad\",\"publisher\":{\"@id\":\"https:\\\/\\\/www.alasmedios.com\\\/#organization\"},\"potentialAction\":[{\"@type\":\"SearchAction\",\"target\":{\"@type\":\"EntryPoint\",\"urlTemplate\":\"https:\\\/\\\/www.alasmedios.com\\\/?s={search_term_string}\"},\"query-input\":{\"@type\":\"PropertyValueSpecification\",\"valueRequired\":true,\"valueName\":\"search_term_string\"}}],\"inLanguage\":\"es\"},{\"@type\":\"Organization\",\"@id\":\"https:\\\/\\\/www.alasmedios.com\\\/#organization\",\"name\":\"Alas Medios\",\"url\":\"https:\\\/\\\/www.alasmedios.com\\\/\",\"logo\":{\"@type\":\"ImageObject\",\"inLanguage\":\"es\",\"@id\":\"https:\\\/\\\/www.alasmedios.com\\\/#\\\/schema\\\/logo\\\/image\\\/\",\"url\":\"https:\\\/\\\/www.alasmedios.com\\\/wp-content\\\/uploads\\\/2026\\\/01\\\/cropped-cropped-GAM-1.png\",\"contentUrl\":\"https:\\\/\\\/www.alasmedios.com\\\/wp-content\\\/uploads\\\/2026\\\/01\\\/cropped-cropped-GAM-1.png\",\"width\":467,\"height\":235,\"caption\":\"Alas Medios\"},\"image\":{\"@id\":\"https:\\\/\\\/www.alasmedios.com\\\/#\\\/schema\\\/logo\\\/image\\\/\"}},{\"@type\":\"Person\",\"@id\":\"https:\\\/\\\/www.alasmedios.com\\\/#\\\/schema\\\/person\\\/0ba31bdd19a05ebf5c7fef1fedf99c34\",\"name\":\"Keila Rodr\u00edguez Pe\u00f1a\",\"image\":{\"@type\":\"ImageObject\",\"inLanguage\":\"es\",\"@id\":\"https:\\\/\\\/secure.gravatar.com\\\/avatar\\\/a2553a2bfaa601b9d539b617c8793e151bdffb60f9e48a249912f86d4c9ebeef?s=96&d=mm&r=g\",\"url\":\"https:\\\/\\\/secure.gravatar.com\\\/avatar\\\/a2553a2bfaa601b9d539b617c8793e151bdffb60f9e48a249912f86d4c9ebeef?s=96&d=mm&r=g\",\"contentUrl\":\"https:\\\/\\\/secure.gravatar.com\\\/avatar\\\/a2553a2bfaa601b9d539b617c8793e151bdffb60f9e48a249912f86d4c9ebeef?s=96&d=mm&r=g\",\"caption\":\"Keila Rodr\u00edguez Pe\u00f1a\"},\"sameAs\":[\"http:\\\/\\\/www.alasmedios.com\"],\"url\":\"https:\\\/\\\/www.alasmedios.com\\\/index.php\\\/author\\\/keila\\\/\"}]}<\/script>\r\n<!-- \/ Yoast SEO plugin. -->","yoast_head_json":{"title":"El caf\u00e9 se encarece un 38,8% debido a condiciones clim\u00e1ticas adversas - Alas Medios","robots":{"index":"index","follow":"follow","max-snippet":"max-snippet:-1","max-image-preview":"max-image-preview:large","max-video-preview":"max-video-preview:-1"},"canonical":"https:\/\/www.alasmedios.com\/index.php\/2025\/03\/15\/el-cafe-se-encarece-un-388-debido-a-condiciones-climaticas-adversas\/","og_locale":"es_MX","og_type":"article","og_title":"El caf\u00e9 se encarece un 38,8% debido a condiciones clim\u00e1ticas adversas - Alas Medios","og_description":"El precio del caf\u00e9 registr\u00f3 un aumento del 38,8% en 2024 en comparaci\u00f3n con la media del a\u00f1o anterior, seg\u00fan","og_url":"https:\/\/www.alasmedios.com\/index.php\/2025\/03\/15\/el-cafe-se-encarece-un-388-debido-a-condiciones-climaticas-adversas\/","og_site_name":"Alas Medios","article_published_time":"2025-03-15T17:55:01+00:00","article_modified_time":"2025-03-15T17:55:02+00:00","og_image":[{"width":1200,"height":628,"url":"https:\/\/www.alasmedios.com\/wp-content\/uploads\/2025\/03\/cafe-produccion.png","type":"image\/png"}],"author":"Keila Rodr\u00edguez Pe\u00f1a","twitter_card":"summary_large_image","twitter_misc":{"Escrito por":"Keila Rodr\u00edguez Pe\u00f1a","Tiempo de lectura":"1 minuto"},"schema":{"@context":"https:\/\/schema.org","@graph":[{"@type":"Article","@id":"https:\/\/www.alasmedios.com\/index.php\/2025\/03\/15\/el-cafe-se-encarece-un-388-debido-a-condiciones-climaticas-adversas\/#article","isPartOf":{"@id":"https:\/\/www.alasmedios.com\/index.php\/2025\/03\/15\/el-cafe-se-encarece-un-388-debido-a-condiciones-climaticas-adversas\/"},"author":{"name":"Keila Rodr\u00edguez Pe\u00f1a","@id":"https:\/\/www.alasmedios.com\/#\/schema\/person\/0ba31bdd19a05ebf5c7fef1fedf99c34"},"headline":"El caf\u00e9 se encarece un 38,8% debido a condiciones clim\u00e1ticas adversas","datePublished":"2025-03-15T17:55:01+00:00","dateModified":"2025-03-15T17:55:02+00:00","mainEntityOfPage":{"@id":"https:\/\/www.alasmedios.com\/index.php\/2025\/03\/15\/el-cafe-se-encarece-un-388-debido-a-condiciones-climaticas-adversas\/"},"wordCount":247,"commentCount":0,"publisher":{"@id":"https:\/\/www.alasmedios.com\/#organization"},"image":{"@id":"https:\/\/www.alasmedios.com\/index.php\/2025\/03\/15\/el-cafe-se-encarece-un-388-debido-a-condiciones-climaticas-adversas\/#primaryimage"},"thumbnailUrl":"https:\/\/www.alasmedios.com\/wp-content\/uploads\/2025\/03\/cafe-produccion.png","keywords":["agricultura","caf\u00e9","condiciones clim\u00e1ticas","FAO"],"articleSection":["Inicio"],"inLanguage":"es","potentialAction":[{"@type":"CommentAction","name":"Comment","target":["https:\/\/www.alasmedios.com\/index.php\/2025\/03\/15\/el-cafe-se-encarece-un-388-debido-a-condiciones-climaticas-adversas\/#respond"]}]},{"@type":"WebPage","@id":"https:\/\/www.alasmedios.com\/index.php\/2025\/03\/15\/el-cafe-se-encarece-un-388-debido-a-condiciones-climaticas-adversas\/","url":"https:\/\/www.alasmedios.com\/index.php\/2025\/03\/15\/el-cafe-se-encarece-un-388-debido-a-condiciones-climaticas-adversas\/","name":"El caf\u00e9 se encarece un 38,8% debido a condiciones clim\u00e1ticas adversas - Alas Medios","isPartOf":{"@id":"https:\/\/www.alasmedios.com\/#website"},"primaryImageOfPage":{"@id":"https:\/\/www.alasmedios.com\/index.php\/2025\/03\/15\/el-cafe-se-encarece-un-388-debido-a-condiciones-climaticas-adversas\/#primaryimage"},"image":{"@id":"https:\/\/www.alasmedios.com\/index.php\/2025\/03\/15\/el-cafe-se-encarece-un-388-debido-a-condiciones-climaticas-adversas\/#primaryimage"},"thumbnailUrl":"https:\/\/www.alasmedios.com\/wp-content\/uploads\/2025\/03\/cafe-produccion.png","datePublished":"2025-03-15T17:55:01+00:00","dateModified":"2025-03-15T17:55:02+00:00","breadcrumb":{"@id":"https:\/\/www.alasmedios.com\/index.php\/2025\/03\/15\/el-cafe-se-encarece-un-388-debido-a-condiciones-climaticas-adversas\/#breadcrumb"},"inLanguage":"es","potentialAction":[{"@type":"ReadAction","target":["https:\/\/www.alasmedios.com\/index.php\/2025\/03\/15\/el-cafe-se-encarece-un-388-debido-a-condiciones-climaticas-adversas\/"]}]},{"@type":"ImageObject","inLanguage":"es","@id":"https:\/\/www.alasmedios.com\/index.php\/2025\/03\/15\/el-cafe-se-encarece-un-388-debido-a-condiciones-climaticas-adversas\/#primaryimage","url":"https:\/\/www.alasmedios.com\/wp-content\/uploads\/2025\/03\/cafe-produccion.png","contentUrl":"https:\/\/www.alasmedios.com\/wp-content\/uploads\/2025\/03\/cafe-produccion.png","width":1200,"height":628},{"@type":"BreadcrumbList","@id":"https:\/\/www.alasmedios.com\/index.php\/2025\/03\/15\/el-cafe-se-encarece-un-388-debido-a-condiciones-climaticas-adversas\/#breadcrumb","itemListElement":[{"@type":"ListItem","position":1,"name":"Inicio","item":"https:\/\/www.alasmedios.com\/"},{"@type":"ListItem","position":2,"name":"El caf\u00e9 se encarece un 38,8% debido a condiciones clim\u00e1ticas adversas"}]},{"@type":"WebSite","@id":"https:\/\/www.alasmedios.com\/#website","url":"https:\/\/www.alasmedios.com\/","name":"Alas Medios","description":"Alas para pensar, Alas para volar, Alas de libertad","publisher":{"@id":"https:\/\/www.alasmedios.com\/#organization"},"potentialAction":[{"@type":"SearchAction","target":{"@type":"EntryPoint","urlTemplate":"https:\/\/www.alasmedios.com\/?s={search_term_string}"},"query-input":{"@type":"PropertyValueSpecification","valueRequired":true,"valueName":"search_term_string"}}],"inLanguage":"es"},{"@type":"Organization","@id":"https:\/\/www.alasmedios.com\/#organization","name":"Alas Medios","url":"https:\/\/www.alasmedios.com\/","logo":{"@type":"ImageObject","inLanguage":"es","@id":"https:\/\/www.alasmedios.com\/#\/schema\/logo\/image\/","url":"https:\/\/www.alasmedios.com\/wp-content\/uploads\/2026\/01\/cropped-cropped-GAM-1.png","contentUrl":"https:\/\/www.alasmedios.com\/wp-content\/uploads\/2026\/01\/cropped-cropped-GAM-1.png","width":467,"height":235,"caption":"Alas Medios"},"image":{"@id":"https:\/\/www.alasmedios.com\/#\/schema\/logo\/image\/"}},{"@type":"Person","@id":"https:\/\/www.alasmedios.com\/#\/schema\/person\/0ba31bdd19a05ebf5c7fef1fedf99c34","name":"Keila Rodr\u00edguez Pe\u00f1a","image":{"@type":"ImageObject","inLanguage":"es","@id":"https:\/\/secure.gravatar.com\/avatar\/a2553a2bfaa601b9d539b617c8793e151bdffb60f9e48a249912f86d4c9ebeef?s=96&d=mm&r=g","url":"https:\/\/secure.gravatar.com\/avatar\/a2553a2bfaa601b9d539b617c8793e151bdffb60f9e48a249912f86d4c9ebeef?s=96&d=mm&r=g","contentUrl":"https:\/\/secure.gravatar.com\/avatar\/a2553a2bfaa601b9d539b617c8793e151bdffb60f9e48a249912f86d4c9ebeef?s=96&d=mm&r=g","caption":"Keila Rodr\u00edguez Pe\u00f1a"},"sameAs":["http:\/\/www.alasmedios.com"],"url":"https:\/\/www.alasmedios.com\/index.php\/author\/keila\/"}]}},"_links":{"self":[{"href":"https:\/\/www.alasmedios.com\/index.php\/wp-json\/wp\/v2\/posts\/3817","targetHints":{"allow":["GET"]}}],"collection":[{"href":"https:\/\/www.alasmedios.com\/index.php\/wp-json\/wp\/v2\/posts"}],"about":[{"href":"https:\/\/www.alasmedios.com\/index.php\/wp-json\/wp\/v2\/types\/post"}],"author":[{"embeddable":true,"href":"https:\/\/www.alasmedios.com\/index.php\/wp-json\/wp\/v2\/users\/4"}],"replies":[{"embeddable":true,"href":"https:\/\/www.alasmedios.com\/index.php\/wp-json\/wp\/v2\/comments?post=3817"}],"version-history":[{"count":1,"href":"https:\/\/www.alasmedios.com\/index.php\/wp-json\/wp\/v2\/posts\/3817\/revisions"}],"predecessor-version":[{"id":3819,"href":"https:\/\/www.alasmedios.com\/index.php\/wp-json\/wp\/v2\/posts\/3817\/revisions\/3819"}],"wp:featuredmedia":[{"embeddable":true,"href":"https:\/\/www.alasmedios.com\/index.php\/wp-json\/wp\/v2\/media\/3818"}],"wp:attachment":[{"href":"https:\/\/www.alasmedios.com\/index.php\/wp-json\/wp\/v2\/media?parent=3817"}],"wp:term":[{"taxonomy":"category","embeddable":true,"href":"https:\/\/www.alasmedios.com\/index.php\/wp-json\/wp\/v2\/categories?post=3817"},{"taxonomy":"post_tag","embeddable":true,"href":"https:\/\/www.alasmedios.com\/index.php\/wp-json\/wp\/v2\/tags?post=3817"}],"curies":[{"name":"wp","href":"https:\/\/api.w.org\/{rel}","templated":true}]}}