{"id":3808,"date":"2025-03-14T19:30:00","date_gmt":"2025-03-15T01:30:00","guid":{"rendered":"https:\/\/www.alasmedios.com\/?p=3808"},"modified":"2025-03-14T12:13:09","modified_gmt":"2025-03-14T18:13:09","slug":"mexico-queda-fuera-del-mundial-de-boxeo-femenil-2025","status":"publish","type":"post","link":"https:\/\/www.alasmedios.com\/index.php\/2025\/03\/14\/mexico-queda-fuera-del-mundial-de-boxeo-femenil-2025\/","title":{"rendered":"M\u00e9xico queda fuera del Mundial de Boxeo Femenil 2025"},"content":{"rendered":"\n<p>La boxeadora mexicana <strong>Miriam Edith Hern\u00e1ndez Gonz\u00e1lez<\/strong> qued\u00f3 eliminada del <strong>Campeonato Mundial de Boxeo Femenil 2025<\/strong> tras perder en los cuartos de final de la categor\u00eda de los <strong>63 kilogramos<\/strong>. <\/p>\n\n\n\n<p>La pugilista chihuahuense cay\u00f3 por <strong>RSC (R\u00e9feri Suspende Combate)<\/strong> en el tercer asalto ante la tailandesa <strong>Thananya Somnuek<\/strong>, en un combate celebrado en el <strong>Cair Sports Center<\/strong> de <strong>Ni\u0161, Serbia<\/strong>.<\/p>\n\n\n\n<p>Con esta derrota, la delegaci\u00f3n mexicana se despidi\u00f3 del torneo sin alcanzar medallas, luego de cinco d\u00edas de competencia en los que todas sus representantes quedaron eliminadas en rondas preliminares. <\/p>\n\n\n\n<p>El equipo femenil nacional, conformado por <strong>ocho pugilistas campeonas nacionales<\/strong>, no logr\u00f3 avanzar m\u00e1s all\u00e1 de los cuartos de final en ninguna categor\u00eda.<\/p>\n\n\n\n<h3 class=\"wp-block-heading\"><strong>Un equipo con miras a Los \u00c1ngeles 2028<\/strong><\/h3>\n\n\n\n<p>El representativo mexicano estuvo integrado por <strong>Alexa G\u00f3mez Galicia (48 kg), F\u00e1tima Patricia Herrera \u00c1lvarez (50 kg), Esmeralda Jazm\u00edn Pati\u00f1o Ju\u00e1rez (52 kg), Ariadna Jeanette Gil Alonso (54 kg), Diana Paloma P\u00e9rez Mej\u00eda (57 kg), Mar\u00eda Guadalupe Rodr\u00edguez Tronco (66 kg) y Darianne Hern\u00e1ndez Olvera (75 kg)<\/strong>.<\/p>\n\n\n\n<p>CONTIN\u00daA LEYENDO: <a href=\"https:\/\/www.alasmedios.com\/index.php\/2025\/03\/13\/grupo-bimbo-y-el-fc-barcelona-buscan-a-49-ninas-para-cumplir-su-sueno-futbolistico-en-espana\/\" data-type=\"post\" data-id=\"3799\">Grupo Bimbo y el FC Barcelona buscan a 49 ni\u00f1as para cumplir su sue\u00f1o futbol\u00edstico en Espa\u00f1a<\/a><\/p>\n\n\n\n<p>Bajo la direcci\u00f3n de los entrenadores <strong>Radam\u00e9s Hern\u00e1ndez y Brenda Lorena Jim\u00e9nez<\/strong>, la selecci\u00f3n femenil afront\u00f3 el torneo como parte de su proceso de preparaci\u00f3n con miras al <strong>ciclo ol\u00edmpico rumbo a Los \u00c1ngeles 2028<\/strong>. <\/p>\n\n\n\n<figure class=\"wp-block-gallery has-nested-images columns-default is-cropped wp-block-gallery-1 is-layout-flex wp-block-gallery-is-layout-flex\">\n<figure class=\"wp-block-image size-large\"><img loading=\"lazy\" decoding=\"async\" width=\"650\" height=\"380\" data-id=\"3810\" src=\"https:\/\/www.alasmedios.com\/wp-content\/uploads\/2025\/03\/post_Miriam_Hern_ndez._Cortes_a_5.jpg\" alt=\"\" class=\"wp-image-3810\" srcset=\"https:\/\/www.alasmedios.com\/wp-content\/uploads\/2025\/03\/post_Miriam_Hern_ndez._Cortes_a_5.jpg 650w, https:\/\/www.alasmedios.com\/wp-content\/uploads\/2025\/03\/post_Miriam_Hern_ndez._Cortes_a_5-300x175.jpg 300w\" sizes=\"auto, (max-width: 650px) 100vw, 650px\" \/><\/figure>\n\n\n\n<figure class=\"wp-block-image size-large\"><img loading=\"lazy\" decoding=\"async\" width=\"1024\" height=\"683\" data-id=\"3811\" src=\"https:\/\/www.alasmedios.com\/wp-content\/uploads\/2025\/03\/Esmeralda_Pati_o._Cortes_a_3-1024x683.jpg\" alt=\"\" class=\"wp-image-3811\" srcset=\"https:\/\/www.alasmedios.com\/wp-content\/uploads\/2025\/03\/Esmeralda_Pati_o._Cortes_a_3-1024x683.jpg 1024w, https:\/\/www.alasmedios.com\/wp-content\/uploads\/2025\/03\/Esmeralda_Pati_o._Cortes_a_3-300x200.jpg 300w, https:\/\/www.alasmedios.com\/wp-content\/uploads\/2025\/03\/Esmeralda_Pati_o._Cortes_a_3-768x512.jpg 768w, https:\/\/www.alasmedios.com\/wp-content\/uploads\/2025\/03\/Esmeralda_Pati_o._Cortes_a_3-1536x1024.jpg 1536w, https:\/\/www.alasmedios.com\/wp-content\/uploads\/2025\/03\/Esmeralda_Pati_o._Cortes_a_3.jpg 2047w\" sizes=\"auto, (max-width: 1024px) 100vw, 1024px\" \/><\/figure>\n\n\n\n<figure class=\"wp-block-image size-large\"><img loading=\"lazy\" decoding=\"async\" width=\"1024\" height=\"1024\" data-id=\"3812\" src=\"https:\/\/www.alasmedios.com\/wp-content\/uploads\/2025\/03\/Alexa_G_mez._Cortes_a-1024x1024.jpg\" alt=\"\" class=\"wp-image-3812\" srcset=\"https:\/\/www.alasmedios.com\/wp-content\/uploads\/2025\/03\/Alexa_G_mez._Cortes_a-1024x1024.jpg 1024w, https:\/\/www.alasmedios.com\/wp-content\/uploads\/2025\/03\/Alexa_G_mez._Cortes_a-300x300.jpg 300w, https:\/\/www.alasmedios.com\/wp-content\/uploads\/2025\/03\/Alexa_G_mez._Cortes_a-150x150.jpg 150w, https:\/\/www.alasmedios.com\/wp-content\/uploads\/2025\/03\/Alexa_G_mez._Cortes_a-768x768.jpg 768w, https:\/\/www.alasmedios.com\/wp-content\/uploads\/2025\/03\/Alexa_G_mez._Cortes_a.jpg 1031w\" sizes=\"auto, (max-width: 1024px) 100vw, 1024px\" \/><\/figure>\n<\/figure>\n\n\n\n<p>Antes del viaje a Serbia, el equipo realiz\u00f3 un <strong>campamento de tres semanas en el Centro Nacional de Desarrollo de Talentos Deportivos y Alto Rendimiento (CNAR)<\/strong>, donde entrenaron bajo la supervisi\u00f3n del <strong>entrenador nacional Antonio Rico Hern\u00e1ndez<\/strong>.<\/p>\n\n\n\n<h3 class=\"wp-block-heading\"><strong>Un torneo de alto nivel<\/strong><\/h3>\n\n\n\n<p>El <strong>Campeonato Mundial de Boxeo Femenil 2025<\/strong> reuni\u00f3 a las mejores exponentes del boxeo internacional en <strong>12 divisiones de peso<\/strong>, con la oportunidad de disputar el t\u00edtulo mundial y premios en efectivo. <\/p>\n\n\n\n<p>En total, participaron m\u00e1s de <strong>235 boxeadoras de 51 pa\u00edses<\/strong>, consolidando el evento como una de las competencias m\u00e1s exigentes del circuito.<\/p>\n\n\n\n<p>TE PUEDE INTERESAR: <a href=\"https:\/\/www.alasmedios.com\/index.php\/2025\/03\/14\/entrenador-de-gimnasia-suma-8-denuncias-de-abuso-sexual\/\" data-type=\"post\" data-id=\"3802\">Entrenador de gimnasia suma 8 denuncias de abuso sexual<\/a><\/p>\n\n\n\n<p>Aunque la selecci\u00f3n mexicana no logr\u00f3 alcanzar el podio en esta edici\u00f3n, el torneo represent\u00f3 una valiosa experiencia para las pugilistas nacionales, quienes continuar\u00e1n su preparaci\u00f3n con la mira puesta en futuros compromisos internacionales y, eventualmente, en los <strong>Juegos Ol\u00edmpicos de 2028<\/strong>.<\/p>\n\n\n<ul class=\"wp-block-latest-posts__list is-grid columns-3 wp-block-latest-posts\"><li><div class=\"wp-block-latest-posts__featured-image\"><img loading=\"lazy\" decoding=\"async\" width=\"150\" height=\"150\" src=\"https:\/\/www.alasmedios.com\/wp-content\/uploads\/2026\/05\/AMPEP-inteligencia-artificial-150x150.jpg\" class=\"attachment-thumbnail size-thumbnail wp-post-image\" alt=\"\" style=\"\" \/><\/div><a class=\"wp-block-latest-posts__post-title\" href=\"https:\/\/www.alasmedios.com\/index.php\/2026\/05\/01\/periodismo-frente-a-la-ia-ampep-asume-liderazgo-y-apuesta-por-contar-historias-con-alma\/\">Periodismo frente a la IA: AMPEP asume liderazgo y apuesta por contar historias con \u201calma\u201d<\/a><\/li>\n<li><div class=\"wp-block-latest-posts__featured-image\"><img loading=\"lazy\" decoding=\"async\" width=\"150\" height=\"150\" src=\"https:\/\/www.alasmedios.com\/wp-content\/uploads\/2026\/05\/Hidalgo-viene-un-respiro-con-el-frente-frio-48-150x150.png\" class=\"attachment-thumbnail size-thumbnail wp-post-image\" alt=\"\" style=\"\" \/><\/div><a class=\"wp-block-latest-posts__post-title\" href=\"https:\/\/www.alasmedios.com\/index.php\/2026\/05\/01\/frente-frio-48-un-alivio-asi-impactara-en-hidalgo\/\">Frente fr\u00edo 48, un alivio: as\u00ed impactar\u00e1 en Hidalgo<\/a><\/li>\n<li><div class=\"wp-block-latest-posts__featured-image\"><img loading=\"lazy\" decoding=\"async\" width=\"150\" height=\"150\" src=\"https:\/\/www.alasmedios.com\/wp-content\/uploads\/2026\/05\/mujeres-depresion-posparto-150x150.png\" class=\"attachment-thumbnail size-thumbnail wp-post-image\" alt=\"\" style=\"\" \/><\/div><a class=\"wp-block-latest-posts__post-title\" href=\"https:\/\/www.alasmedios.com\/index.php\/2026\/05\/01\/1-de-cada-15-mujeres-sufre-depresion-posparto\/\">1 de cada 15 mujeres sufre depresi\u00f3n posparto<\/a><\/li>\n<\/ul>","protected":false},"excerpt":{"rendered":"<p>La boxeadora mexicana Miriam Edith Hern\u00e1ndez Gonz\u00e1lez qued\u00f3 eliminada del Campeonato Mundial de Boxeo Femenil 2025 tras perder en los<\/p>\n","protected":false},"author":4,"featured_media":3809,"comment_status":"open","ping_status":"open","sticky":false,"template":"","format":"standard","meta":{"colormag_page_container_layout":"default_layout","colormag_page_sidebar_layout":"default_layout","rop_custom_images_group":[],"rop_custom_messages_group":[],"rop_publish_now":"initial","rop_publish_now_accounts":[],"rop_publish_now_history":[],"rop_publish_now_status":"pending","iawp_total_views":0,"footnotes":""},"categories":[45],"tags":[1511,1514,1302,1517,223,1515,1513,1512,1136,1516,1510,1509],"class_list":["post-3808","post","type-post","status-publish","format-standard","has-post-thumbnail","hentry","category-ellas-dicen","tag-alexa-gomez-galicia","tag-ariadna-jeanette-gil-alonso","tag-box","tag-darianne-hernandez-olvera","tag-deportes","tag-diana-paloma-perez-mejia","tag-esmeralda-jazmin-patino-juarez","tag-fatima-patricia-herrera-alvarez","tag-los-angeles-2028","tag-maria-guadalupe-rodriguez-tronco","tag-miriam-edith-hernandez-gonzalez","tag-mundial-de-boxeo-femenil"],"magazineBlocksPostFeaturedMedia":{"thumbnail":"https:\/\/www.alasmedios.com\/wp-content\/uploads\/2025\/03\/Miriam_Hern_ndez._Cortes_a_6-150x150.jpg","medium":"https:\/\/www.alasmedios.com\/wp-content\/uploads\/2025\/03\/Miriam_Hern_ndez._Cortes_a_6-300x200.jpg","medium_large":"https:\/\/www.alasmedios.com\/wp-content\/uploads\/2025\/03\/Miriam_Hern_ndez._Cortes_a_6-768x512.jpg","large":"https:\/\/www.alasmedios.com\/wp-content\/uploads\/2025\/03\/Miriam_Hern_ndez._Cortes_a_6-1024x683.jpg","1536x1536":"https:\/\/www.alasmedios.com\/wp-content\/uploads\/2025\/03\/Miriam_Hern_ndez._Cortes_a_6-1536x1024.jpg","2048x2048":"https:\/\/www.alasmedios.com\/wp-content\/uploads\/2025\/03\/Miriam_Hern_ndez._Cortes_a_6.jpg","colormag-highlighted-post":"https:\/\/www.alasmedios.com\/wp-content\/uploads\/2025\/03\/Miriam_Hern_ndez._Cortes_a_6-392x272.jpg","colormag-featured-post-medium":"https:\/\/www.alasmedios.com\/wp-content\/uploads\/2025\/03\/Miriam_Hern_ndez._Cortes_a_6-390x205.jpg","colormag-featured-post-small":"https:\/\/www.alasmedios.com\/wp-content\/uploads\/2025\/03\/Miriam_Hern_ndez._Cortes_a_6-130x90.jpg","colormag-featured-image":"https:\/\/www.alasmedios.com\/wp-content\/uploads\/2025\/03\/Miriam_Hern_ndez._Cortes_a_6-800x445.jpg","colormag-default-news":"https:\/\/www.alasmedios.com\/wp-content\/uploads\/2025\/03\/Miriam_Hern_ndez._Cortes_a_6-150x150.jpg","colormag-featured-image-large":"https:\/\/www.alasmedios.com\/wp-content\/uploads\/2025\/03\/Miriam_Hern_ndez._Cortes_a_6-1400x600.jpg"},"magazineBlocksPostAuthor":{"name":"Keila Rodr\u00edguez Pe\u00f1a","avatar":"https:\/\/secure.gravatar.com\/avatar\/a2553a2bfaa601b9d539b617c8793e151bdffb60f9e48a249912f86d4c9ebeef?s=96&d=mm&r=g"},"magazineBlocksPostCommentsNumber":"0","magazineBlocksPostExcerpt":"La boxeadora mexicana Miriam Edith Hern\u00e1ndez Gonz\u00e1lez qued\u00f3 eliminada del Campeonato Mundial de Boxeo Femenil 2025 tras perder en los","magazineBlocksPostCategories":["Ellas Dicen"],"magazineBlocksPostViewCount":205,"magazineBlocksPostReadTime":2,"magazine_blocks_featured_image_url":{"full":["https:\/\/www.alasmedios.com\/wp-content\/uploads\/2025\/03\/Miriam_Hern_ndez._Cortes_a_6.jpg",2047,1365,false],"medium":["https:\/\/www.alasmedios.com\/wp-content\/uploads\/2025\/03\/Miriam_Hern_ndez._Cortes_a_6-300x200.jpg",300,200,true],"thumbnail":["https:\/\/www.alasmedios.com\/wp-content\/uploads\/2025\/03\/Miriam_Hern_ndez._Cortes_a_6-150x150.jpg",150,150,true]},"magazine_blocks_author":{"display_name":"Keila Rodr\u00edguez Pe\u00f1a","author_link":"https:\/\/www.alasmedios.com\/index.php\/author\/keila\/"},"magazine_blocks_comment":0,"magazine_blocks_author_image":"https:\/\/secure.gravatar.com\/avatar\/a2553a2bfaa601b9d539b617c8793e151bdffb60f9e48a249912f86d4c9ebeef?s=96&d=mm&r=g","magazine_blocks_category":"<a href=\"#\" class=\"category-link category-link-45\">Ellas Dicen<\/a>","yoast_head":"<!-- This site is optimized with the Yoast SEO plugin v27.5 - https:\/\/yoast.com\/product\/yoast-seo-wordpress\/ -->\r\n<title>M\u00e9xico queda fuera del Mundial de Boxeo Femenil 2025 - Alas Medios<\/title>\r\n<meta name=\"robots\" content=\"index, follow, max-snippet:-1, max-image-preview:large, max-video-preview:-1\" \/>\r\n<link rel=\"canonical\" href=\"https:\/\/www.alasmedios.com\/index.php\/2025\/03\/14\/mexico-queda-fuera-del-mundial-de-boxeo-femenil-2025\/\" \/>\r\n<meta property=\"og:locale\" content=\"es_MX\" \/>\r\n<meta property=\"og:type\" content=\"article\" \/>\r\n<meta property=\"og:title\" content=\"M\u00e9xico queda fuera del Mundial de Boxeo Femenil 2025 - Alas Medios\" \/>\r\n<meta property=\"og:description\" content=\"La boxeadora mexicana Miriam Edith Hern\u00e1ndez Gonz\u00e1lez qued\u00f3 eliminada del Campeonato Mundial de Boxeo Femenil 2025 tras perder en los\" \/>\r\n<meta property=\"og:url\" content=\"https:\/\/www.alasmedios.com\/index.php\/2025\/03\/14\/mexico-queda-fuera-del-mundial-de-boxeo-femenil-2025\/\" \/>\r\n<meta property=\"og:site_name\" content=\"Alas Medios\" \/>\r\n<meta property=\"article:published_time\" content=\"2025-03-15T01:30:00+00:00\" \/>\r\n<meta property=\"og:image\" content=\"https:\/\/www.alasmedios.com\/wp-content\/uploads\/2025\/03\/Miriam_Hern_ndez._Cortes_a_6.jpg\" \/>\r\n\t<meta property=\"og:image:width\" content=\"2047\" \/>\r\n\t<meta property=\"og:image:height\" content=\"1365\" \/>\r\n\t<meta property=\"og:image:type\" content=\"image\/jpeg\" \/>\r\n<meta name=\"author\" content=\"Keila Rodr\u00edguez Pe\u00f1a\" \/>\r\n<meta name=\"twitter:card\" content=\"summary_large_image\" \/>\r\n<meta name=\"twitter:label1\" content=\"Escrito por\" \/>\n\t<meta name=\"twitter:data1\" content=\"Keila Rodr\u00edguez Pe\u00f1a\" \/>\n\t<meta name=\"twitter:label2\" content=\"Tiempo de lectura\" \/>\n\t<meta name=\"twitter:data2\" content=\"2 minutos\" \/>\r\n<script type=\"application\/ld+json\" class=\"yoast-schema-graph\">{\"@context\":\"https:\\\/\\\/schema.org\",\"@graph\":[{\"@type\":\"Article\",\"@id\":\"https:\\\/\\\/www.alasmedios.com\\\/index.php\\\/2025\\\/03\\\/14\\\/mexico-queda-fuera-del-mundial-de-boxeo-femenil-2025\\\/#article\",\"isPartOf\":{\"@id\":\"https:\\\/\\\/www.alasmedios.com\\\/index.php\\\/2025\\\/03\\\/14\\\/mexico-queda-fuera-del-mundial-de-boxeo-femenil-2025\\\/\"},\"author\":{\"name\":\"Keila Rodr\u00edguez Pe\u00f1a\",\"@id\":\"https:\\\/\\\/www.alasmedios.com\\\/#\\\/schema\\\/person\\\/0ba31bdd19a05ebf5c7fef1fedf99c34\"},\"headline\":\"M\u00e9xico queda fuera del Mundial de Boxeo Femenil 2025\",\"datePublished\":\"2025-03-15T01:30:00+00:00\",\"mainEntityOfPage\":{\"@id\":\"https:\\\/\\\/www.alasmedios.com\\\/index.php\\\/2025\\\/03\\\/14\\\/mexico-queda-fuera-del-mundial-de-boxeo-femenil-2025\\\/\"},\"wordCount\":404,\"commentCount\":0,\"publisher\":{\"@id\":\"https:\\\/\\\/www.alasmedios.com\\\/#organization\"},\"image\":{\"@id\":\"https:\\\/\\\/www.alasmedios.com\\\/index.php\\\/2025\\\/03\\\/14\\\/mexico-queda-fuera-del-mundial-de-boxeo-femenil-2025\\\/#primaryimage\"},\"thumbnailUrl\":\"https:\\\/\\\/www.alasmedios.com\\\/wp-content\\\/uploads\\\/2025\\\/03\\\/Miriam_Hern_ndez._Cortes_a_6.jpg\",\"keywords\":[\"Alexa G\u00f3mez Galicia\",\"Ariadna Jeanette Gil Alonso\",\"box\",\"Darianne Hern\u00e1ndez Olvera\",\"deportes\",\"Diana Paloma P\u00e9rez Mej\u00eda\",\"Esmeralda Jazm\u00edn Pati\u00f1o Ju\u00e1rez\",\"F\u00e1tima Patricia Herrera \u00c1lvarez\",\"Los \u00c1ngeles 2028\",\"Mar\u00eda Guadalupe Rodr\u00edguez Tronco\",\"Miriam Edith Hern\u00e1ndez Gonz\u00e1lez\",\"Mundial de Boxeo Femenil\"],\"articleSection\":[\"Ellas Dicen\"],\"inLanguage\":\"es\",\"potentialAction\":[{\"@type\":\"CommentAction\",\"name\":\"Comment\",\"target\":[\"https:\\\/\\\/www.alasmedios.com\\\/index.php\\\/2025\\\/03\\\/14\\\/mexico-queda-fuera-del-mundial-de-boxeo-femenil-2025\\\/#respond\"]}]},{\"@type\":\"WebPage\",\"@id\":\"https:\\\/\\\/www.alasmedios.com\\\/index.php\\\/2025\\\/03\\\/14\\\/mexico-queda-fuera-del-mundial-de-boxeo-femenil-2025\\\/\",\"url\":\"https:\\\/\\\/www.alasmedios.com\\\/index.php\\\/2025\\\/03\\\/14\\\/mexico-queda-fuera-del-mundial-de-boxeo-femenil-2025\\\/\",\"name\":\"M\u00e9xico queda fuera del Mundial de Boxeo Femenil 2025 - Alas Medios\",\"isPartOf\":{\"@id\":\"https:\\\/\\\/www.alasmedios.com\\\/#website\"},\"primaryImageOfPage\":{\"@id\":\"https:\\\/\\\/www.alasmedios.com\\\/index.php\\\/2025\\\/03\\\/14\\\/mexico-queda-fuera-del-mundial-de-boxeo-femenil-2025\\\/#primaryimage\"},\"image\":{\"@id\":\"https:\\\/\\\/www.alasmedios.com\\\/index.php\\\/2025\\\/03\\\/14\\\/mexico-queda-fuera-del-mundial-de-boxeo-femenil-2025\\\/#primaryimage\"},\"thumbnailUrl\":\"https:\\\/\\\/www.alasmedios.com\\\/wp-content\\\/uploads\\\/2025\\\/03\\\/Miriam_Hern_ndez._Cortes_a_6.jpg\",\"datePublished\":\"2025-03-15T01:30:00+00:00\",\"breadcrumb\":{\"@id\":\"https:\\\/\\\/www.alasmedios.com\\\/index.php\\\/2025\\\/03\\\/14\\\/mexico-queda-fuera-del-mundial-de-boxeo-femenil-2025\\\/#breadcrumb\"},\"inLanguage\":\"es\",\"potentialAction\":[{\"@type\":\"ReadAction\",\"target\":[\"https:\\\/\\\/www.alasmedios.com\\\/index.php\\\/2025\\\/03\\\/14\\\/mexico-queda-fuera-del-mundial-de-boxeo-femenil-2025\\\/\"]}]},{\"@type\":\"ImageObject\",\"inLanguage\":\"es\",\"@id\":\"https:\\\/\\\/www.alasmedios.com\\\/index.php\\\/2025\\\/03\\\/14\\\/mexico-queda-fuera-del-mundial-de-boxeo-femenil-2025\\\/#primaryimage\",\"url\":\"https:\\\/\\\/www.alasmedios.com\\\/wp-content\\\/uploads\\\/2025\\\/03\\\/Miriam_Hern_ndez._Cortes_a_6.jpg\",\"contentUrl\":\"https:\\\/\\\/www.alasmedios.com\\\/wp-content\\\/uploads\\\/2025\\\/03\\\/Miriam_Hern_ndez._Cortes_a_6.jpg\",\"width\":2047,\"height\":1365},{\"@type\":\"BreadcrumbList\",\"@id\":\"https:\\\/\\\/www.alasmedios.com\\\/index.php\\\/2025\\\/03\\\/14\\\/mexico-queda-fuera-del-mundial-de-boxeo-femenil-2025\\\/#breadcrumb\",\"itemListElement\":[{\"@type\":\"ListItem\",\"position\":1,\"name\":\"Inicio\",\"item\":\"https:\\\/\\\/www.alasmedios.com\\\/\"},{\"@type\":\"ListItem\",\"position\":2,\"name\":\"M\u00e9xico queda fuera del Mundial de Boxeo Femenil 2025\"}]},{\"@type\":\"WebSite\",\"@id\":\"https:\\\/\\\/www.alasmedios.com\\\/#website\",\"url\":\"https:\\\/\\\/www.alasmedios.com\\\/\",\"name\":\"Alas Medios\",\"description\":\"Alas para pensar, Alas para volar, Alas de libertad\",\"publisher\":{\"@id\":\"https:\\\/\\\/www.alasmedios.com\\\/#organization\"},\"potentialAction\":[{\"@type\":\"SearchAction\",\"target\":{\"@type\":\"EntryPoint\",\"urlTemplate\":\"https:\\\/\\\/www.alasmedios.com\\\/?s={search_term_string}\"},\"query-input\":{\"@type\":\"PropertyValueSpecification\",\"valueRequired\":true,\"valueName\":\"search_term_string\"}}],\"inLanguage\":\"es\"},{\"@type\":\"Organization\",\"@id\":\"https:\\\/\\\/www.alasmedios.com\\\/#organization\",\"name\":\"Alas Medios\",\"url\":\"https:\\\/\\\/www.alasmedios.com\\\/\",\"logo\":{\"@type\":\"ImageObject\",\"inLanguage\":\"es\",\"@id\":\"https:\\\/\\\/www.alasmedios.com\\\/#\\\/schema\\\/logo\\\/image\\\/\",\"url\":\"https:\\\/\\\/www.alasmedios.com\\\/wp-content\\\/uploads\\\/2026\\\/01\\\/cropped-cropped-GAM-1.png\",\"contentUrl\":\"https:\\\/\\\/www.alasmedios.com\\\/wp-content\\\/uploads\\\/2026\\\/01\\\/cropped-cropped-GAM-1.png\",\"width\":467,\"height\":235,\"caption\":\"Alas Medios\"},\"image\":{\"@id\":\"https:\\\/\\\/www.alasmedios.com\\\/#\\\/schema\\\/logo\\\/image\\\/\"}},{\"@type\":\"Person\",\"@id\":\"https:\\\/\\\/www.alasmedios.com\\\/#\\\/schema\\\/person\\\/0ba31bdd19a05ebf5c7fef1fedf99c34\",\"name\":\"Keila Rodr\u00edguez Pe\u00f1a\",\"image\":{\"@type\":\"ImageObject\",\"inLanguage\":\"es\",\"@id\":\"https:\\\/\\\/secure.gravatar.com\\\/avatar\\\/a2553a2bfaa601b9d539b617c8793e151bdffb60f9e48a249912f86d4c9ebeef?s=96&d=mm&r=g\",\"url\":\"https:\\\/\\\/secure.gravatar.com\\\/avatar\\\/a2553a2bfaa601b9d539b617c8793e151bdffb60f9e48a249912f86d4c9ebeef?s=96&d=mm&r=g\",\"contentUrl\":\"https:\\\/\\\/secure.gravatar.com\\\/avatar\\\/a2553a2bfaa601b9d539b617c8793e151bdffb60f9e48a249912f86d4c9ebeef?s=96&d=mm&r=g\",\"caption\":\"Keila Rodr\u00edguez Pe\u00f1a\"},\"sameAs\":[\"http:\\\/\\\/www.alasmedios.com\"],\"url\":\"https:\\\/\\\/www.alasmedios.com\\\/index.php\\\/author\\\/keila\\\/\"}]}<\/script>\r\n<!-- \/ Yoast SEO plugin. -->","yoast_head_json":{"title":"M\u00e9xico queda fuera del Mundial de Boxeo Femenil 2025 - Alas Medios","robots":{"index":"index","follow":"follow","max-snippet":"max-snippet:-1","max-image-preview":"max-image-preview:large","max-video-preview":"max-video-preview:-1"},"canonical":"https:\/\/www.alasmedios.com\/index.php\/2025\/03\/14\/mexico-queda-fuera-del-mundial-de-boxeo-femenil-2025\/","og_locale":"es_MX","og_type":"article","og_title":"M\u00e9xico queda fuera del Mundial de Boxeo Femenil 2025 - Alas Medios","og_description":"La boxeadora mexicana Miriam Edith Hern\u00e1ndez Gonz\u00e1lez qued\u00f3 eliminada del Campeonato Mundial de Boxeo Femenil 2025 tras perder en los","og_url":"https:\/\/www.alasmedios.com\/index.php\/2025\/03\/14\/mexico-queda-fuera-del-mundial-de-boxeo-femenil-2025\/","og_site_name":"Alas Medios","article_published_time":"2025-03-15T01:30:00+00:00","og_image":[{"width":2047,"height":1365,"url":"https:\/\/www.alasmedios.com\/wp-content\/uploads\/2025\/03\/Miriam_Hern_ndez._Cortes_a_6.jpg","type":"image\/jpeg"}],"author":"Keila Rodr\u00edguez Pe\u00f1a","twitter_card":"summary_large_image","twitter_misc":{"Escrito por":"Keila Rodr\u00edguez Pe\u00f1a","Tiempo de lectura":"2 minutos"},"schema":{"@context":"https:\/\/schema.org","@graph":[{"@type":"Article","@id":"https:\/\/www.alasmedios.com\/index.php\/2025\/03\/14\/mexico-queda-fuera-del-mundial-de-boxeo-femenil-2025\/#article","isPartOf":{"@id":"https:\/\/www.alasmedios.com\/index.php\/2025\/03\/14\/mexico-queda-fuera-del-mundial-de-boxeo-femenil-2025\/"},"author":{"name":"Keila Rodr\u00edguez Pe\u00f1a","@id":"https:\/\/www.alasmedios.com\/#\/schema\/person\/0ba31bdd19a05ebf5c7fef1fedf99c34"},"headline":"M\u00e9xico queda fuera del Mundial de Boxeo Femenil 2025","datePublished":"2025-03-15T01:30:00+00:00","mainEntityOfPage":{"@id":"https:\/\/www.alasmedios.com\/index.php\/2025\/03\/14\/mexico-queda-fuera-del-mundial-de-boxeo-femenil-2025\/"},"wordCount":404,"commentCount":0,"publisher":{"@id":"https:\/\/www.alasmedios.com\/#organization"},"image":{"@id":"https:\/\/www.alasmedios.com\/index.php\/2025\/03\/14\/mexico-queda-fuera-del-mundial-de-boxeo-femenil-2025\/#primaryimage"},"thumbnailUrl":"https:\/\/www.alasmedios.com\/wp-content\/uploads\/2025\/03\/Miriam_Hern_ndez._Cortes_a_6.jpg","keywords":["Alexa G\u00f3mez Galicia","Ariadna Jeanette Gil Alonso","box","Darianne Hern\u00e1ndez Olvera","deportes","Diana Paloma P\u00e9rez Mej\u00eda","Esmeralda Jazm\u00edn Pati\u00f1o Ju\u00e1rez","F\u00e1tima Patricia Herrera \u00c1lvarez","Los \u00c1ngeles 2028","Mar\u00eda Guadalupe Rodr\u00edguez Tronco","Miriam Edith Hern\u00e1ndez Gonz\u00e1lez","Mundial de Boxeo Femenil"],"articleSection":["Ellas Dicen"],"inLanguage":"es","potentialAction":[{"@type":"CommentAction","name":"Comment","target":["https:\/\/www.alasmedios.com\/index.php\/2025\/03\/14\/mexico-queda-fuera-del-mundial-de-boxeo-femenil-2025\/#respond"]}]},{"@type":"WebPage","@id":"https:\/\/www.alasmedios.com\/index.php\/2025\/03\/14\/mexico-queda-fuera-del-mundial-de-boxeo-femenil-2025\/","url":"https:\/\/www.alasmedios.com\/index.php\/2025\/03\/14\/mexico-queda-fuera-del-mundial-de-boxeo-femenil-2025\/","name":"M\u00e9xico queda fuera del Mundial de Boxeo Femenil 2025 - Alas Medios","isPartOf":{"@id":"https:\/\/www.alasmedios.com\/#website"},"primaryImageOfPage":{"@id":"https:\/\/www.alasmedios.com\/index.php\/2025\/03\/14\/mexico-queda-fuera-del-mundial-de-boxeo-femenil-2025\/#primaryimage"},"image":{"@id":"https:\/\/www.alasmedios.com\/index.php\/2025\/03\/14\/mexico-queda-fuera-del-mundial-de-boxeo-femenil-2025\/#primaryimage"},"thumbnailUrl":"https:\/\/www.alasmedios.com\/wp-content\/uploads\/2025\/03\/Miriam_Hern_ndez._Cortes_a_6.jpg","datePublished":"2025-03-15T01:30:00+00:00","breadcrumb":{"@id":"https:\/\/www.alasmedios.com\/index.php\/2025\/03\/14\/mexico-queda-fuera-del-mundial-de-boxeo-femenil-2025\/#breadcrumb"},"inLanguage":"es","potentialAction":[{"@type":"ReadAction","target":["https:\/\/www.alasmedios.com\/index.php\/2025\/03\/14\/mexico-queda-fuera-del-mundial-de-boxeo-femenil-2025\/"]}]},{"@type":"ImageObject","inLanguage":"es","@id":"https:\/\/www.alasmedios.com\/index.php\/2025\/03\/14\/mexico-queda-fuera-del-mundial-de-boxeo-femenil-2025\/#primaryimage","url":"https:\/\/www.alasmedios.com\/wp-content\/uploads\/2025\/03\/Miriam_Hern_ndez._Cortes_a_6.jpg","contentUrl":"https:\/\/www.alasmedios.com\/wp-content\/uploads\/2025\/03\/Miriam_Hern_ndez._Cortes_a_6.jpg","width":2047,"height":1365},{"@type":"BreadcrumbList","@id":"https:\/\/www.alasmedios.com\/index.php\/2025\/03\/14\/mexico-queda-fuera-del-mundial-de-boxeo-femenil-2025\/#breadcrumb","itemListElement":[{"@type":"ListItem","position":1,"name":"Inicio","item":"https:\/\/www.alasmedios.com\/"},{"@type":"ListItem","position":2,"name":"M\u00e9xico queda fuera del Mundial de Boxeo Femenil 2025"}]},{"@type":"WebSite","@id":"https:\/\/www.alasmedios.com\/#website","url":"https:\/\/www.alasmedios.com\/","name":"Alas Medios","description":"Alas para pensar, Alas para volar, Alas de libertad","publisher":{"@id":"https:\/\/www.alasmedios.com\/#organization"},"potentialAction":[{"@type":"SearchAction","target":{"@type":"EntryPoint","urlTemplate":"https:\/\/www.alasmedios.com\/?s={search_term_string}"},"query-input":{"@type":"PropertyValueSpecification","valueRequired":true,"valueName":"search_term_string"}}],"inLanguage":"es"},{"@type":"Organization","@id":"https:\/\/www.alasmedios.com\/#organization","name":"Alas Medios","url":"https:\/\/www.alasmedios.com\/","logo":{"@type":"ImageObject","inLanguage":"es","@id":"https:\/\/www.alasmedios.com\/#\/schema\/logo\/image\/","url":"https:\/\/www.alasmedios.com\/wp-content\/uploads\/2026\/01\/cropped-cropped-GAM-1.png","contentUrl":"https:\/\/www.alasmedios.com\/wp-content\/uploads\/2026\/01\/cropped-cropped-GAM-1.png","width":467,"height":235,"caption":"Alas Medios"},"image":{"@id":"https:\/\/www.alasmedios.com\/#\/schema\/logo\/image\/"}},{"@type":"Person","@id":"https:\/\/www.alasmedios.com\/#\/schema\/person\/0ba31bdd19a05ebf5c7fef1fedf99c34","name":"Keila Rodr\u00edguez Pe\u00f1a","image":{"@type":"ImageObject","inLanguage":"es","@id":"https:\/\/secure.gravatar.com\/avatar\/a2553a2bfaa601b9d539b617c8793e151bdffb60f9e48a249912f86d4c9ebeef?s=96&d=mm&r=g","url":"https:\/\/secure.gravatar.com\/avatar\/a2553a2bfaa601b9d539b617c8793e151bdffb60f9e48a249912f86d4c9ebeef?s=96&d=mm&r=g","contentUrl":"https:\/\/secure.gravatar.com\/avatar\/a2553a2bfaa601b9d539b617c8793e151bdffb60f9e48a249912f86d4c9ebeef?s=96&d=mm&r=g","caption":"Keila Rodr\u00edguez Pe\u00f1a"},"sameAs":["http:\/\/www.alasmedios.com"],"url":"https:\/\/www.alasmedios.com\/index.php\/author\/keila\/"}]}},"_links":{"self":[{"href":"https:\/\/www.alasmedios.com\/index.php\/wp-json\/wp\/v2\/posts\/3808","targetHints":{"allow":["GET"]}}],"collection":[{"href":"https:\/\/www.alasmedios.com\/index.php\/wp-json\/wp\/v2\/posts"}],"about":[{"href":"https:\/\/www.alasmedios.com\/index.php\/wp-json\/wp\/v2\/types\/post"}],"author":[{"embeddable":true,"href":"https:\/\/www.alasmedios.com\/index.php\/wp-json\/wp\/v2\/users\/4"}],"replies":[{"embeddable":true,"href":"https:\/\/www.alasmedios.com\/index.php\/wp-json\/wp\/v2\/comments?post=3808"}],"version-history":[{"count":1,"href":"https:\/\/www.alasmedios.com\/index.php\/wp-json\/wp\/v2\/posts\/3808\/revisions"}],"predecessor-version":[{"id":3813,"href":"https:\/\/www.alasmedios.com\/index.php\/wp-json\/wp\/v2\/posts\/3808\/revisions\/3813"}],"wp:featuredmedia":[{"embeddable":true,"href":"https:\/\/www.alasmedios.com\/index.php\/wp-json\/wp\/v2\/media\/3809"}],"wp:attachment":[{"href":"https:\/\/www.alasmedios.com\/index.php\/wp-json\/wp\/v2\/media?parent=3808"}],"wp:term":[{"taxonomy":"category","embeddable":true,"href":"https:\/\/www.alasmedios.com\/index.php\/wp-json\/wp\/v2\/categories?post=3808"},{"taxonomy":"post_tag","embeddable":true,"href":"https:\/\/www.alasmedios.com\/index.php\/wp-json\/wp\/v2\/tags?post=3808"}],"curies":[{"name":"wp","href":"https:\/\/api.w.org\/{rel}","templated":true}]}}