{"id":3790,"date":"2025-03-13T12:29:04","date_gmt":"2025-03-13T18:29:04","guid":{"rendered":"https:\/\/www.alasmedios.com\/?p=3790"},"modified":"2025-03-13T12:29:05","modified_gmt":"2025-03-13T18:29:05","slug":"xolos-femenil-denuncia-destrozos-en-su-vestidor-tras-visita-de-atlas","status":"publish","type":"post","link":"https:\/\/www.alasmedios.com\/index.php\/2025\/03\/13\/xolos-femenil-denuncia-destrozos-en-su-vestidor-tras-visita-de-atlas\/","title":{"rendered":"Xolos Femenil denuncia destrozos en su vestidor tras visita de Atlas"},"content":{"rendered":"\n<p>El equipo <strong>femenil <\/strong>de <strong>Tijuana <\/strong>denunci\u00f3 da\u00f1os en su vestidor tras el partido entre <strong>Atlas <\/strong>y <strong>Xolos<\/strong>, correspondiente a la<strong> Jornada 11<\/strong> del <strong>Clausura 2025 <\/strong>de la<strong> Liga MX. <\/strong><\/p>\n\n\n\n<p>A trav\u00e9s de redes sociales, las jugadoras <strong>exhibieron im\u00e1genes<\/strong> y <strong>videos <\/strong>que muestran c\u00f3mo quedaron las instalaciones despu\u00e9s de que el <strong>equipo varonil rojinegro<\/strong> utilizara el espacio en el <strong>Estadio Caliente.<\/strong><\/p>\n\n\n\n<p>Las futbolistas de <strong>Xolos <\/strong>expresaron su indignaci\u00f3n por lo ocurrido, ya que aseguran que nunca antes se hab\u00eda registrado un incidente similar, pese a que a todos los <strong>equipos varoniles <\/strong>visitantes se les asigna el <strong>vestidor <\/strong>del conjunto <strong>femenil<\/strong>. <\/p>\n\n\n\n<p>La molestia aument\u00f3 debido a que el hecho se dio en el marco del<strong> D\u00eda Internacional de la Mujer<\/strong>, cuando la <strong>Liga BBVA MX <\/strong>dedic\u00f3 un mensaje de reconocimiento al <strong>papel <\/strong>de la <strong>mujer <\/strong>en el <strong>f\u00fatbol<\/strong>.<\/p>\n\n\n\n<p><strong>Emily Alvarado<\/strong>, <strong>portera <\/strong>de <strong>Xolos<\/strong>, lament\u00f3 la<strong> falta de respeto al vestidor<\/strong> y <strong>exigi\u00f3 <\/strong>un mejor comportamiento de los equipos varoniles. <\/p>\n\n\n\n<p><em>\u201cSi te prestan algo, aseg\u00farate de devolverlo en las mismas condiciones en las que lo recibiste\u201d<\/em>, escribi\u00f3 en sus <strong>redes sociales<\/strong>. <\/p>\n\n\n\n<p>SIGUE LEYENDO: <a href=\"https:\/\/www.alasmedios.com\/index.php\/2025\/03\/01\/cuando-le-prohibieron-a-las-mujeres-jugar-futbol\/\" data-type=\"post\" data-id=\"3750\">Cuando le prohibieron a las mujeres jugar f\u00fatbol<\/a><\/p>\n\n\n\n<p>Otras <strong>jugadoras<\/strong>, como<strong> Inglis Hern\u00e1ndez<\/strong> y <strong>Melissa Herrera<\/strong>, tambi\u00e9n condenaron los <strong>hechos <\/strong>y se\u00f1alaron directamente a <strong>Atlas<\/strong>, cuestionando la falta de<strong> respeto hacia su espacio.<\/strong><\/p>\n\n\n\n<p>Las <strong>im\u00e1genes compartidas <\/strong>muestran que las <strong>fotograf\u00edas <\/strong>de las <strong>jugadoras<\/strong>, que forman parte de la <strong>decoraci\u00f3n permanente del vestidor, <\/strong>fueron <strong>arrancadas de las paredes <\/strong>y <strong>dejadas en el suelo<\/strong>. <\/p>\n\n\n\n<p><em>\u201cNo solo es una \u2018foto\u2019, es ilusi\u00f3n, superaci\u00f3n y lucha\u201d<\/em>, expres\u00f3 la jugadora <strong>Sof\u00eda Mart\u00ednez Caro<\/strong>, denunciando que este <strong>acto refleja la falta de valores y respeto hacia el f\u00fatbol femenil.<\/strong><\/p>\n\n\n\n<p>Por su parte, <strong>Atlas <\/strong>emiti\u00f3 un <strong>comunicado <\/strong>en el que <strong>neg\u00f3 haber causado da\u00f1os <\/strong>y argument\u00f3 que su <strong>staff <\/strong>solo retir\u00f3 las <strong>im\u00e1genes <\/strong>para <strong>preservar su estado<\/strong> y poder<strong> colocar la indumentaria de los jugadores.<\/strong> <\/p>\n\n\n\n<p>Sin embargo, la versi\u00f3n del <strong>club <\/strong>fue <strong>desmentida <\/strong>por las <strong>im\u00e1genes difundidas<\/strong>, que muestran el <strong>deterioro <\/strong>en las <strong>paredes <\/strong>y la ausencia de las <strong>fotograf\u00edas <\/strong>en su<strong> sitio original.<\/strong><\/p>\n\n\n\n<p>Adem\u00e1s, <strong>Atlas <\/strong>justific\u00f3 sus acciones con el argumento de que el <strong>Reglamento de la Liga MX <\/strong>exige que los <strong>vestidores visitantes <\/strong>sean &#8220;<strong><em>neutros<\/em><\/strong>&#8220;. <\/p>\n\n\n\n<p>TE PUEDE INTERESAR: <a href=\"https:\/\/www.alasmedios.com\/index.php\/2025\/03\/12\/acusan-a-sacerdote-de-abuso-sexual-en-colegio-privado-de-espana\/\" data-type=\"post\" data-id=\"3787\">Acusan a sacerdote de abuso sexual en colegio privado de Espa\u00f1a<\/a><\/p>\n\n\n\n<p>No obstante, una <strong>revisi\u00f3n del reglamento desminti\u00f3 esta afirmaci\u00f3n<\/strong>, ya que en el<strong> Art\u00edculo 75 <\/strong>solo se especifican <strong>requerimientos b\u00e1sicos<\/strong> como <strong>piso antiderrapante<\/strong>, <strong>WiFi <\/strong>y <strong>capacidad m\u00ednima <\/strong>para <strong>25 personas, sin mencionar la neutralidad del espacio.<\/strong><\/p>\n\n\n\n<p>El incidente ha generado un fuerte debate sobre el <strong>respeto <\/strong>hacia el <strong>f\u00fatbol femenil <\/strong>y la<strong> actitud de los equipos varoniles <\/strong>ante estos espacios. <\/p>\n\n\n\n<p>La <strong>Liga MX <\/strong>a\u00fan no ha emitido una <strong>postura oficial <\/strong>sobre el <strong>conflicto<\/strong>, pero la <strong>indignaci\u00f3n <\/strong>sigue creciendo entre <strong>jugadoras <\/strong>y <strong>aficionados <\/strong>que exigen <strong>sanciones <\/strong>y <strong>medidas <\/strong>para<strong> evitar que este tipo de situaciones se repitan.<\/strong><\/p>\n\n\n<ul class=\"wp-block-latest-posts__list is-grid columns-3 wp-block-latest-posts\"><li><div class=\"wp-block-latest-posts__featured-image\"><img loading=\"lazy\" decoding=\"async\" width=\"150\" height=\"150\" src=\"https:\/\/www.alasmedios.com\/wp-content\/uploads\/2026\/05\/Hidalgo-viene-un-respiro-con-el-frente-frio-48-150x150.png\" class=\"attachment-thumbnail size-thumbnail wp-post-image\" alt=\"\" style=\"\" \/><\/div><a class=\"wp-block-latest-posts__post-title\" href=\"https:\/\/www.alasmedios.com\/index.php\/2026\/05\/01\/frente-frio-48-un-alivio-asi-impactara-en-hidalgo\/\">Frente fr\u00edo 48, un alivio: as\u00ed impactar\u00e1 en Hidalgo<\/a><\/li>\n<li><div class=\"wp-block-latest-posts__featured-image\"><img loading=\"lazy\" decoding=\"async\" width=\"150\" height=\"150\" src=\"https:\/\/www.alasmedios.com\/wp-content\/uploads\/2026\/05\/mujeres-depresion-posparto-150x150.png\" class=\"attachment-thumbnail size-thumbnail wp-post-image\" alt=\"\" style=\"\" \/><\/div><a class=\"wp-block-latest-posts__post-title\" href=\"https:\/\/www.alasmedios.com\/index.php\/2026\/05\/01\/1-de-cada-15-mujeres-sufre-depresion-posparto\/\">1 de cada 15 mujeres sufre depresi\u00f3n posparto<\/a><\/li>\n<li><div class=\"wp-block-latest-posts__featured-image\"><img loading=\"lazy\" decoding=\"async\" width=\"150\" height=\"150\" src=\"https:\/\/www.alasmedios.com\/wp-content\/uploads\/2026\/05\/USEP-calidad-hospitalaria-150x150.jpeg\" class=\"attachment-thumbnail size-thumbnail wp-post-image\" alt=\"\" style=\"\" \/><\/div><a class=\"wp-block-latest-posts__post-title\" href=\"https:\/\/www.alasmedios.com\/index.php\/2026\/05\/01\/usep-activa-formacion-para-prevenir-riesgos-en-la-atencion-medica\/\">USEP activa formaci\u00f3n para prevenir riesgos en la atenci\u00f3n m\u00e9dica<\/a><\/li>\n<\/ul>","protected":false},"excerpt":{"rendered":"<p>El equipo femenil de Tijuana denunci\u00f3 da\u00f1os en su vestidor tras el partido entre Atlas y Xolos, correspondiente a la<\/p>\n","protected":false},"author":4,"featured_media":3791,"comment_status":"open","ping_status":"open","sticky":false,"template":"","format":"standard","meta":{"colormag_page_container_layout":"default_layout","colormag_page_sidebar_layout":"default_layout","rop_custom_images_group":[],"rop_custom_messages_group":[],"rop_publish_now":"initial","rop_publish_now_accounts":[],"rop_publish_now_history":[],"rop_publish_now_status":"pending","iawp_total_views":0,"footnotes":""},"categories":[45],"tags":[1494,1497,223,989,1498,1495,1496],"class_list":["post-3790","post","type-post","status-publish","format-standard","has-post-thumbnail","hentry","category-ellas-dicen","tag-atlas","tag-atlas-varonil","tag-deportes","tag-futbol","tag-liga-bbva-mx","tag-tijuana","tag-xolos-femenil"],"magazineBlocksPostFeaturedMedia":{"thumbnail":"https:\/\/www.alasmedios.com\/wp-content\/uploads\/2025\/03\/Xolos-Femenil-denuncia-destrozos-en-su-vestidor-tras-visita-de-Atlas-150x150.png","medium":"https:\/\/www.alasmedios.com\/wp-content\/uploads\/2025\/03\/Xolos-Femenil-denuncia-destrozos-en-su-vestidor-tras-visita-de-Atlas-300x157.png","medium_large":"https:\/\/www.alasmedios.com\/wp-content\/uploads\/2025\/03\/Xolos-Femenil-denuncia-destrozos-en-su-vestidor-tras-visita-de-Atlas-768x402.png","large":"https:\/\/www.alasmedios.com\/wp-content\/uploads\/2025\/03\/Xolos-Femenil-denuncia-destrozos-en-su-vestidor-tras-visita-de-Atlas-1024x536.png","1536x1536":"https:\/\/www.alasmedios.com\/wp-content\/uploads\/2025\/03\/Xolos-Femenil-denuncia-destrozos-en-su-vestidor-tras-visita-de-Atlas.png","2048x2048":"https:\/\/www.alasmedios.com\/wp-content\/uploads\/2025\/03\/Xolos-Femenil-denuncia-destrozos-en-su-vestidor-tras-visita-de-Atlas.png","colormag-highlighted-post":"https:\/\/www.alasmedios.com\/wp-content\/uploads\/2025\/03\/Xolos-Femenil-denuncia-destrozos-en-su-vestidor-tras-visita-de-Atlas-392x272.png","colormag-featured-post-medium":"https:\/\/www.alasmedios.com\/wp-content\/uploads\/2025\/03\/Xolos-Femenil-denuncia-destrozos-en-su-vestidor-tras-visita-de-Atlas-390x205.png","colormag-featured-post-small":"https:\/\/www.alasmedios.com\/wp-content\/uploads\/2025\/03\/Xolos-Femenil-denuncia-destrozos-en-su-vestidor-tras-visita-de-Atlas-130x90.png","colormag-featured-image":"https:\/\/www.alasmedios.com\/wp-content\/uploads\/2025\/03\/Xolos-Femenil-denuncia-destrozos-en-su-vestidor-tras-visita-de-Atlas-800x445.png","colormag-default-news":"https:\/\/www.alasmedios.com\/wp-content\/uploads\/2025\/03\/Xolos-Femenil-denuncia-destrozos-en-su-vestidor-tras-visita-de-Atlas-150x150.png","colormag-featured-image-large":"https:\/\/www.alasmedios.com\/wp-content\/uploads\/2025\/03\/Xolos-Femenil-denuncia-destrozos-en-su-vestidor-tras-visita-de-Atlas-1200x600.png"},"magazineBlocksPostAuthor":{"name":"Keila Rodr\u00edguez Pe\u00f1a","avatar":"https:\/\/secure.gravatar.com\/avatar\/a2553a2bfaa601b9d539b617c8793e151bdffb60f9e48a249912f86d4c9ebeef?s=96&d=mm&r=g"},"magazineBlocksPostCommentsNumber":"0","magazineBlocksPostExcerpt":"El equipo femenil de Tijuana denunci\u00f3 da\u00f1os en su vestidor tras el partido entre Atlas y Xolos, correspondiente a la","magazineBlocksPostCategories":["Ellas Dicen"],"magazineBlocksPostViewCount":246,"magazineBlocksPostReadTime":3,"magazine_blocks_featured_image_url":{"full":["https:\/\/www.alasmedios.com\/wp-content\/uploads\/2025\/03\/Xolos-Femenil-denuncia-destrozos-en-su-vestidor-tras-visita-de-Atlas.png",1200,628,false],"medium":["https:\/\/www.alasmedios.com\/wp-content\/uploads\/2025\/03\/Xolos-Femenil-denuncia-destrozos-en-su-vestidor-tras-visita-de-Atlas-300x157.png",300,157,true],"thumbnail":["https:\/\/www.alasmedios.com\/wp-content\/uploads\/2025\/03\/Xolos-Femenil-denuncia-destrozos-en-su-vestidor-tras-visita-de-Atlas-150x150.png",150,150,true]},"magazine_blocks_author":{"display_name":"Keila Rodr\u00edguez Pe\u00f1a","author_link":"https:\/\/www.alasmedios.com\/index.php\/author\/keila\/"},"magazine_blocks_comment":0,"magazine_blocks_author_image":"https:\/\/secure.gravatar.com\/avatar\/a2553a2bfaa601b9d539b617c8793e151bdffb60f9e48a249912f86d4c9ebeef?s=96&d=mm&r=g","magazine_blocks_category":"<a href=\"#\" class=\"category-link category-link-45\">Ellas Dicen<\/a>","yoast_head":"<!-- This site is optimized with the Yoast SEO plugin v27.5 - https:\/\/yoast.com\/product\/yoast-seo-wordpress\/ -->\r\n<title>Xolos Femenil denuncia destrozos en su vestidor tras visita de Atlas - Alas Medios<\/title>\r\n<meta name=\"robots\" content=\"index, follow, max-snippet:-1, max-image-preview:large, max-video-preview:-1\" \/>\r\n<link rel=\"canonical\" href=\"https:\/\/www.alasmedios.com\/index.php\/2025\/03\/13\/xolos-femenil-denuncia-destrozos-en-su-vestidor-tras-visita-de-atlas\/\" \/>\r\n<meta property=\"og:locale\" content=\"es_MX\" \/>\r\n<meta property=\"og:type\" content=\"article\" \/>\r\n<meta property=\"og:title\" content=\"Xolos Femenil denuncia destrozos en su vestidor tras visita de Atlas - Alas Medios\" \/>\r\n<meta property=\"og:description\" content=\"El equipo femenil de Tijuana denunci\u00f3 da\u00f1os en su vestidor tras el partido entre Atlas y Xolos, correspondiente a la\" \/>\r\n<meta property=\"og:url\" content=\"https:\/\/www.alasmedios.com\/index.php\/2025\/03\/13\/xolos-femenil-denuncia-destrozos-en-su-vestidor-tras-visita-de-atlas\/\" \/>\r\n<meta property=\"og:site_name\" content=\"Alas Medios\" \/>\r\n<meta property=\"article:published_time\" content=\"2025-03-13T18:29:04+00:00\" \/>\r\n<meta property=\"article:modified_time\" content=\"2025-03-13T18:29:05+00:00\" \/>\r\n<meta property=\"og:image\" content=\"https:\/\/www.alasmedios.com\/wp-content\/uploads\/2025\/03\/Xolos-Femenil-denuncia-destrozos-en-su-vestidor-tras-visita-de-Atlas.png\" \/>\r\n\t<meta property=\"og:image:width\" content=\"1200\" \/>\r\n\t<meta property=\"og:image:height\" content=\"628\" \/>\r\n\t<meta property=\"og:image:type\" content=\"image\/png\" \/>\r\n<meta name=\"author\" content=\"Keila Rodr\u00edguez Pe\u00f1a\" \/>\r\n<meta name=\"twitter:card\" content=\"summary_large_image\" \/>\r\n<meta name=\"twitter:label1\" content=\"Escrito por\" \/>\n\t<meta name=\"twitter:data1\" content=\"Keila Rodr\u00edguez Pe\u00f1a\" \/>\n\t<meta name=\"twitter:label2\" content=\"Tiempo de lectura\" \/>\n\t<meta name=\"twitter:data2\" content=\"3 minutos\" \/>\r\n<script type=\"application\/ld+json\" class=\"yoast-schema-graph\">{\"@context\":\"https:\\\/\\\/schema.org\",\"@graph\":[{\"@type\":\"Article\",\"@id\":\"https:\\\/\\\/www.alasmedios.com\\\/index.php\\\/2025\\\/03\\\/13\\\/xolos-femenil-denuncia-destrozos-en-su-vestidor-tras-visita-de-atlas\\\/#article\",\"isPartOf\":{\"@id\":\"https:\\\/\\\/www.alasmedios.com\\\/index.php\\\/2025\\\/03\\\/13\\\/xolos-femenil-denuncia-destrozos-en-su-vestidor-tras-visita-de-atlas\\\/\"},\"author\":{\"name\":\"Keila Rodr\u00edguez Pe\u00f1a\",\"@id\":\"https:\\\/\\\/www.alasmedios.com\\\/#\\\/schema\\\/person\\\/0ba31bdd19a05ebf5c7fef1fedf99c34\"},\"headline\":\"Xolos Femenil denuncia destrozos en su vestidor tras visita de Atlas\",\"datePublished\":\"2025-03-13T18:29:04+00:00\",\"dateModified\":\"2025-03-13T18:29:05+00:00\",\"mainEntityOfPage\":{\"@id\":\"https:\\\/\\\/www.alasmedios.com\\\/index.php\\\/2025\\\/03\\\/13\\\/xolos-femenil-denuncia-destrozos-en-su-vestidor-tras-visita-de-atlas\\\/\"},\"wordCount\":514,\"commentCount\":0,\"publisher\":{\"@id\":\"https:\\\/\\\/www.alasmedios.com\\\/#organization\"},\"image\":{\"@id\":\"https:\\\/\\\/www.alasmedios.com\\\/index.php\\\/2025\\\/03\\\/13\\\/xolos-femenil-denuncia-destrozos-en-su-vestidor-tras-visita-de-atlas\\\/#primaryimage\"},\"thumbnailUrl\":\"https:\\\/\\\/www.alasmedios.com\\\/wp-content\\\/uploads\\\/2025\\\/03\\\/Xolos-Femenil-denuncia-destrozos-en-su-vestidor-tras-visita-de-Atlas.png\",\"keywords\":[\"Atlas\",\"Atlas Varonil\",\"deportes\",\"f\u00fatbol\",\"Liga BBVA MX\",\"Tijuana\",\"Xolos Femenil\"],\"articleSection\":[\"Ellas Dicen\"],\"inLanguage\":\"es\",\"potentialAction\":[{\"@type\":\"CommentAction\",\"name\":\"Comment\",\"target\":[\"https:\\\/\\\/www.alasmedios.com\\\/index.php\\\/2025\\\/03\\\/13\\\/xolos-femenil-denuncia-destrozos-en-su-vestidor-tras-visita-de-atlas\\\/#respond\"]}]},{\"@type\":\"WebPage\",\"@id\":\"https:\\\/\\\/www.alasmedios.com\\\/index.php\\\/2025\\\/03\\\/13\\\/xolos-femenil-denuncia-destrozos-en-su-vestidor-tras-visita-de-atlas\\\/\",\"url\":\"https:\\\/\\\/www.alasmedios.com\\\/index.php\\\/2025\\\/03\\\/13\\\/xolos-femenil-denuncia-destrozos-en-su-vestidor-tras-visita-de-atlas\\\/\",\"name\":\"Xolos Femenil denuncia destrozos en su vestidor tras visita de Atlas - Alas Medios\",\"isPartOf\":{\"@id\":\"https:\\\/\\\/www.alasmedios.com\\\/#website\"},\"primaryImageOfPage\":{\"@id\":\"https:\\\/\\\/www.alasmedios.com\\\/index.php\\\/2025\\\/03\\\/13\\\/xolos-femenil-denuncia-destrozos-en-su-vestidor-tras-visita-de-atlas\\\/#primaryimage\"},\"image\":{\"@id\":\"https:\\\/\\\/www.alasmedios.com\\\/index.php\\\/2025\\\/03\\\/13\\\/xolos-femenil-denuncia-destrozos-en-su-vestidor-tras-visita-de-atlas\\\/#primaryimage\"},\"thumbnailUrl\":\"https:\\\/\\\/www.alasmedios.com\\\/wp-content\\\/uploads\\\/2025\\\/03\\\/Xolos-Femenil-denuncia-destrozos-en-su-vestidor-tras-visita-de-Atlas.png\",\"datePublished\":\"2025-03-13T18:29:04+00:00\",\"dateModified\":\"2025-03-13T18:29:05+00:00\",\"breadcrumb\":{\"@id\":\"https:\\\/\\\/www.alasmedios.com\\\/index.php\\\/2025\\\/03\\\/13\\\/xolos-femenil-denuncia-destrozos-en-su-vestidor-tras-visita-de-atlas\\\/#breadcrumb\"},\"inLanguage\":\"es\",\"potentialAction\":[{\"@type\":\"ReadAction\",\"target\":[\"https:\\\/\\\/www.alasmedios.com\\\/index.php\\\/2025\\\/03\\\/13\\\/xolos-femenil-denuncia-destrozos-en-su-vestidor-tras-visita-de-atlas\\\/\"]}]},{\"@type\":\"ImageObject\",\"inLanguage\":\"es\",\"@id\":\"https:\\\/\\\/www.alasmedios.com\\\/index.php\\\/2025\\\/03\\\/13\\\/xolos-femenil-denuncia-destrozos-en-su-vestidor-tras-visita-de-atlas\\\/#primaryimage\",\"url\":\"https:\\\/\\\/www.alasmedios.com\\\/wp-content\\\/uploads\\\/2025\\\/03\\\/Xolos-Femenil-denuncia-destrozos-en-su-vestidor-tras-visita-de-Atlas.png\",\"contentUrl\":\"https:\\\/\\\/www.alasmedios.com\\\/wp-content\\\/uploads\\\/2025\\\/03\\\/Xolos-Femenil-denuncia-destrozos-en-su-vestidor-tras-visita-de-Atlas.png\",\"width\":1200,\"height\":628},{\"@type\":\"BreadcrumbList\",\"@id\":\"https:\\\/\\\/www.alasmedios.com\\\/index.php\\\/2025\\\/03\\\/13\\\/xolos-femenil-denuncia-destrozos-en-su-vestidor-tras-visita-de-atlas\\\/#breadcrumb\",\"itemListElement\":[{\"@type\":\"ListItem\",\"position\":1,\"name\":\"Inicio\",\"item\":\"https:\\\/\\\/www.alasmedios.com\\\/\"},{\"@type\":\"ListItem\",\"position\":2,\"name\":\"Xolos Femenil denuncia destrozos en su vestidor tras visita de Atlas\"}]},{\"@type\":\"WebSite\",\"@id\":\"https:\\\/\\\/www.alasmedios.com\\\/#website\",\"url\":\"https:\\\/\\\/www.alasmedios.com\\\/\",\"name\":\"Alas Medios\",\"description\":\"Alas para pensar, Alas para volar, Alas de libertad\",\"publisher\":{\"@id\":\"https:\\\/\\\/www.alasmedios.com\\\/#organization\"},\"potentialAction\":[{\"@type\":\"SearchAction\",\"target\":{\"@type\":\"EntryPoint\",\"urlTemplate\":\"https:\\\/\\\/www.alasmedios.com\\\/?s={search_term_string}\"},\"query-input\":{\"@type\":\"PropertyValueSpecification\",\"valueRequired\":true,\"valueName\":\"search_term_string\"}}],\"inLanguage\":\"es\"},{\"@type\":\"Organization\",\"@id\":\"https:\\\/\\\/www.alasmedios.com\\\/#organization\",\"name\":\"Alas Medios\",\"url\":\"https:\\\/\\\/www.alasmedios.com\\\/\",\"logo\":{\"@type\":\"ImageObject\",\"inLanguage\":\"es\",\"@id\":\"https:\\\/\\\/www.alasmedios.com\\\/#\\\/schema\\\/logo\\\/image\\\/\",\"url\":\"https:\\\/\\\/www.alasmedios.com\\\/wp-content\\\/uploads\\\/2026\\\/01\\\/cropped-cropped-GAM-1.png\",\"contentUrl\":\"https:\\\/\\\/www.alasmedios.com\\\/wp-content\\\/uploads\\\/2026\\\/01\\\/cropped-cropped-GAM-1.png\",\"width\":467,\"height\":235,\"caption\":\"Alas Medios\"},\"image\":{\"@id\":\"https:\\\/\\\/www.alasmedios.com\\\/#\\\/schema\\\/logo\\\/image\\\/\"}},{\"@type\":\"Person\",\"@id\":\"https:\\\/\\\/www.alasmedios.com\\\/#\\\/schema\\\/person\\\/0ba31bdd19a05ebf5c7fef1fedf99c34\",\"name\":\"Keila Rodr\u00edguez Pe\u00f1a\",\"image\":{\"@type\":\"ImageObject\",\"inLanguage\":\"es\",\"@id\":\"https:\\\/\\\/secure.gravatar.com\\\/avatar\\\/a2553a2bfaa601b9d539b617c8793e151bdffb60f9e48a249912f86d4c9ebeef?s=96&d=mm&r=g\",\"url\":\"https:\\\/\\\/secure.gravatar.com\\\/avatar\\\/a2553a2bfaa601b9d539b617c8793e151bdffb60f9e48a249912f86d4c9ebeef?s=96&d=mm&r=g\",\"contentUrl\":\"https:\\\/\\\/secure.gravatar.com\\\/avatar\\\/a2553a2bfaa601b9d539b617c8793e151bdffb60f9e48a249912f86d4c9ebeef?s=96&d=mm&r=g\",\"caption\":\"Keila Rodr\u00edguez Pe\u00f1a\"},\"sameAs\":[\"http:\\\/\\\/www.alasmedios.com\"],\"url\":\"https:\\\/\\\/www.alasmedios.com\\\/index.php\\\/author\\\/keila\\\/\"}]}<\/script>\r\n<!-- \/ Yoast SEO plugin. -->","yoast_head_json":{"title":"Xolos Femenil denuncia destrozos en su vestidor tras visita de Atlas - Alas Medios","robots":{"index":"index","follow":"follow","max-snippet":"max-snippet:-1","max-image-preview":"max-image-preview:large","max-video-preview":"max-video-preview:-1"},"canonical":"https:\/\/www.alasmedios.com\/index.php\/2025\/03\/13\/xolos-femenil-denuncia-destrozos-en-su-vestidor-tras-visita-de-atlas\/","og_locale":"es_MX","og_type":"article","og_title":"Xolos Femenil denuncia destrozos en su vestidor tras visita de Atlas - Alas Medios","og_description":"El equipo femenil de Tijuana denunci\u00f3 da\u00f1os en su vestidor tras el partido entre Atlas y Xolos, correspondiente a la","og_url":"https:\/\/www.alasmedios.com\/index.php\/2025\/03\/13\/xolos-femenil-denuncia-destrozos-en-su-vestidor-tras-visita-de-atlas\/","og_site_name":"Alas Medios","article_published_time":"2025-03-13T18:29:04+00:00","article_modified_time":"2025-03-13T18:29:05+00:00","og_image":[{"width":1200,"height":628,"url":"https:\/\/www.alasmedios.com\/wp-content\/uploads\/2025\/03\/Xolos-Femenil-denuncia-destrozos-en-su-vestidor-tras-visita-de-Atlas.png","type":"image\/png"}],"author":"Keila Rodr\u00edguez Pe\u00f1a","twitter_card":"summary_large_image","twitter_misc":{"Escrito por":"Keila Rodr\u00edguez Pe\u00f1a","Tiempo de lectura":"3 minutos"},"schema":{"@context":"https:\/\/schema.org","@graph":[{"@type":"Article","@id":"https:\/\/www.alasmedios.com\/index.php\/2025\/03\/13\/xolos-femenil-denuncia-destrozos-en-su-vestidor-tras-visita-de-atlas\/#article","isPartOf":{"@id":"https:\/\/www.alasmedios.com\/index.php\/2025\/03\/13\/xolos-femenil-denuncia-destrozos-en-su-vestidor-tras-visita-de-atlas\/"},"author":{"name":"Keila Rodr\u00edguez Pe\u00f1a","@id":"https:\/\/www.alasmedios.com\/#\/schema\/person\/0ba31bdd19a05ebf5c7fef1fedf99c34"},"headline":"Xolos Femenil denuncia destrozos en su vestidor tras visita de Atlas","datePublished":"2025-03-13T18:29:04+00:00","dateModified":"2025-03-13T18:29:05+00:00","mainEntityOfPage":{"@id":"https:\/\/www.alasmedios.com\/index.php\/2025\/03\/13\/xolos-femenil-denuncia-destrozos-en-su-vestidor-tras-visita-de-atlas\/"},"wordCount":514,"commentCount":0,"publisher":{"@id":"https:\/\/www.alasmedios.com\/#organization"},"image":{"@id":"https:\/\/www.alasmedios.com\/index.php\/2025\/03\/13\/xolos-femenil-denuncia-destrozos-en-su-vestidor-tras-visita-de-atlas\/#primaryimage"},"thumbnailUrl":"https:\/\/www.alasmedios.com\/wp-content\/uploads\/2025\/03\/Xolos-Femenil-denuncia-destrozos-en-su-vestidor-tras-visita-de-Atlas.png","keywords":["Atlas","Atlas Varonil","deportes","f\u00fatbol","Liga BBVA MX","Tijuana","Xolos Femenil"],"articleSection":["Ellas Dicen"],"inLanguage":"es","potentialAction":[{"@type":"CommentAction","name":"Comment","target":["https:\/\/www.alasmedios.com\/index.php\/2025\/03\/13\/xolos-femenil-denuncia-destrozos-en-su-vestidor-tras-visita-de-atlas\/#respond"]}]},{"@type":"WebPage","@id":"https:\/\/www.alasmedios.com\/index.php\/2025\/03\/13\/xolos-femenil-denuncia-destrozos-en-su-vestidor-tras-visita-de-atlas\/","url":"https:\/\/www.alasmedios.com\/index.php\/2025\/03\/13\/xolos-femenil-denuncia-destrozos-en-su-vestidor-tras-visita-de-atlas\/","name":"Xolos Femenil denuncia destrozos en su vestidor tras visita de Atlas - Alas Medios","isPartOf":{"@id":"https:\/\/www.alasmedios.com\/#website"},"primaryImageOfPage":{"@id":"https:\/\/www.alasmedios.com\/index.php\/2025\/03\/13\/xolos-femenil-denuncia-destrozos-en-su-vestidor-tras-visita-de-atlas\/#primaryimage"},"image":{"@id":"https:\/\/www.alasmedios.com\/index.php\/2025\/03\/13\/xolos-femenil-denuncia-destrozos-en-su-vestidor-tras-visita-de-atlas\/#primaryimage"},"thumbnailUrl":"https:\/\/www.alasmedios.com\/wp-content\/uploads\/2025\/03\/Xolos-Femenil-denuncia-destrozos-en-su-vestidor-tras-visita-de-Atlas.png","datePublished":"2025-03-13T18:29:04+00:00","dateModified":"2025-03-13T18:29:05+00:00","breadcrumb":{"@id":"https:\/\/www.alasmedios.com\/index.php\/2025\/03\/13\/xolos-femenil-denuncia-destrozos-en-su-vestidor-tras-visita-de-atlas\/#breadcrumb"},"inLanguage":"es","potentialAction":[{"@type":"ReadAction","target":["https:\/\/www.alasmedios.com\/index.php\/2025\/03\/13\/xolos-femenil-denuncia-destrozos-en-su-vestidor-tras-visita-de-atlas\/"]}]},{"@type":"ImageObject","inLanguage":"es","@id":"https:\/\/www.alasmedios.com\/index.php\/2025\/03\/13\/xolos-femenil-denuncia-destrozos-en-su-vestidor-tras-visita-de-atlas\/#primaryimage","url":"https:\/\/www.alasmedios.com\/wp-content\/uploads\/2025\/03\/Xolos-Femenil-denuncia-destrozos-en-su-vestidor-tras-visita-de-Atlas.png","contentUrl":"https:\/\/www.alasmedios.com\/wp-content\/uploads\/2025\/03\/Xolos-Femenil-denuncia-destrozos-en-su-vestidor-tras-visita-de-Atlas.png","width":1200,"height":628},{"@type":"BreadcrumbList","@id":"https:\/\/www.alasmedios.com\/index.php\/2025\/03\/13\/xolos-femenil-denuncia-destrozos-en-su-vestidor-tras-visita-de-atlas\/#breadcrumb","itemListElement":[{"@type":"ListItem","position":1,"name":"Inicio","item":"https:\/\/www.alasmedios.com\/"},{"@type":"ListItem","position":2,"name":"Xolos Femenil denuncia destrozos en su vestidor tras visita de Atlas"}]},{"@type":"WebSite","@id":"https:\/\/www.alasmedios.com\/#website","url":"https:\/\/www.alasmedios.com\/","name":"Alas Medios","description":"Alas para pensar, Alas para volar, Alas de libertad","publisher":{"@id":"https:\/\/www.alasmedios.com\/#organization"},"potentialAction":[{"@type":"SearchAction","target":{"@type":"EntryPoint","urlTemplate":"https:\/\/www.alasmedios.com\/?s={search_term_string}"},"query-input":{"@type":"PropertyValueSpecification","valueRequired":true,"valueName":"search_term_string"}}],"inLanguage":"es"},{"@type":"Organization","@id":"https:\/\/www.alasmedios.com\/#organization","name":"Alas Medios","url":"https:\/\/www.alasmedios.com\/","logo":{"@type":"ImageObject","inLanguage":"es","@id":"https:\/\/www.alasmedios.com\/#\/schema\/logo\/image\/","url":"https:\/\/www.alasmedios.com\/wp-content\/uploads\/2026\/01\/cropped-cropped-GAM-1.png","contentUrl":"https:\/\/www.alasmedios.com\/wp-content\/uploads\/2026\/01\/cropped-cropped-GAM-1.png","width":467,"height":235,"caption":"Alas Medios"},"image":{"@id":"https:\/\/www.alasmedios.com\/#\/schema\/logo\/image\/"}},{"@type":"Person","@id":"https:\/\/www.alasmedios.com\/#\/schema\/person\/0ba31bdd19a05ebf5c7fef1fedf99c34","name":"Keila Rodr\u00edguez Pe\u00f1a","image":{"@type":"ImageObject","inLanguage":"es","@id":"https:\/\/secure.gravatar.com\/avatar\/a2553a2bfaa601b9d539b617c8793e151bdffb60f9e48a249912f86d4c9ebeef?s=96&d=mm&r=g","url":"https:\/\/secure.gravatar.com\/avatar\/a2553a2bfaa601b9d539b617c8793e151bdffb60f9e48a249912f86d4c9ebeef?s=96&d=mm&r=g","contentUrl":"https:\/\/secure.gravatar.com\/avatar\/a2553a2bfaa601b9d539b617c8793e151bdffb60f9e48a249912f86d4c9ebeef?s=96&d=mm&r=g","caption":"Keila Rodr\u00edguez Pe\u00f1a"},"sameAs":["http:\/\/www.alasmedios.com"],"url":"https:\/\/www.alasmedios.com\/index.php\/author\/keila\/"}]}},"_links":{"self":[{"href":"https:\/\/www.alasmedios.com\/index.php\/wp-json\/wp\/v2\/posts\/3790","targetHints":{"allow":["GET"]}}],"collection":[{"href":"https:\/\/www.alasmedios.com\/index.php\/wp-json\/wp\/v2\/posts"}],"about":[{"href":"https:\/\/www.alasmedios.com\/index.php\/wp-json\/wp\/v2\/types\/post"}],"author":[{"embeddable":true,"href":"https:\/\/www.alasmedios.com\/index.php\/wp-json\/wp\/v2\/users\/4"}],"replies":[{"embeddable":true,"href":"https:\/\/www.alasmedios.com\/index.php\/wp-json\/wp\/v2\/comments?post=3790"}],"version-history":[{"count":1,"href":"https:\/\/www.alasmedios.com\/index.php\/wp-json\/wp\/v2\/posts\/3790\/revisions"}],"predecessor-version":[{"id":3792,"href":"https:\/\/www.alasmedios.com\/index.php\/wp-json\/wp\/v2\/posts\/3790\/revisions\/3792"}],"wp:featuredmedia":[{"embeddable":true,"href":"https:\/\/www.alasmedios.com\/index.php\/wp-json\/wp\/v2\/media\/3791"}],"wp:attachment":[{"href":"https:\/\/www.alasmedios.com\/index.php\/wp-json\/wp\/v2\/media?parent=3790"}],"wp:term":[{"taxonomy":"category","embeddable":true,"href":"https:\/\/www.alasmedios.com\/index.php\/wp-json\/wp\/v2\/categories?post=3790"},{"taxonomy":"post_tag","embeddable":true,"href":"https:\/\/www.alasmedios.com\/index.php\/wp-json\/wp\/v2\/tags?post=3790"}],"curies":[{"name":"wp","href":"https:\/\/api.w.org\/{rel}","templated":true}]}}