{"id":3532,"date":"2025-02-11T15:20:00","date_gmt":"2025-02-11T21:20:00","guid":{"rendered":"https:\/\/www.alasmedios.com\/?p=3532"},"modified":"2025-02-11T12:19:05","modified_gmt":"2025-02-11T18:19:05","slug":"seleccion-mexicana-femenil-de-boxeo-inicia-preparacion-para-el-mundial-en-serbia","status":"publish","type":"post","link":"https:\/\/www.alasmedios.com\/index.php\/2025\/02\/11\/seleccion-mexicana-femenil-de-boxeo-inicia-preparacion-para-el-mundial-en-serbia\/","title":{"rendered":"Selecci\u00f3n Mexicana Femenil de Boxeo inicia preparaci\u00f3n para el Mundial en Serbia"},"content":{"rendered":"\n<p>La selecci\u00f3n mexicana femenil de boxeo ha comenzado su concentraci\u00f3n en el Centro Nacional de Desarrollo de Talentos Deportivos y Alto Rendimiento (CNAR), con la vista puesta en el Campeonato Mundial de la Asociaci\u00f3n Internacional de Boxeo (IBA), que se celebrar\u00e1 del 6 al 18 de marzo en Nis, Serbia.<\/p>\n\n\n\n<p>El equipo nacional, bajo la direcci\u00f3n de los entrenadores Antonio Rico Hern\u00e1ndez, Radam\u00e9s Hern\u00e1ndez y Brenda Lorena Jim\u00e9nez, se encuentra en la etapa de preparaci\u00f3n f\u00edsica y t\u00e9cnica para este importante evento internacional. <\/p>\n\n\n\n<p>F\u00e1tima Patricia Herrera \u00c1lvarez, pugilista ol\u00edmpica de Par\u00eds 2024, lidera la selecci\u00f3n en la divisi\u00f3n de 50 kilogramos.<\/p>\n\n\n\n<p>Adem\u00e1s de Herrera \u00c1lvarez, las campeonas nacionales que aseguraron su lugar en el torneo mundialista son: Ingrid Alexa G\u00f3mez Galicia (45-48 kg), Esmeralda Jazm\u00edn Pati\u00f1o Ju\u00e1rez (52 kg), Ariadna Jeanette Gil Alonso (54 kg), Diana Paloma P\u00e9rez Mej\u00eda (57 kg), Leslie Hern\u00e1ndez Hern\u00e1ndez (60 kg), Miriam Edith Hern\u00e1ndez Gonz\u00e1lez (63 kg), Mar\u00eda Guadalupe Rodr\u00edguez Tronco (66 kg) y Darianne Hern\u00e1ndez Olvera (75 kg).<\/p>\n\n\n\n<p>Por su parte, las subcampeonas nacionales, quienes forman parte del proceso de concentraci\u00f3n, tambi\u00e9n buscan destacarse y conseguir un lugar en la competencia internacional. <\/p>\n\n\n\n<p>CONTIN\u00daA LEYENDO: <a href=\"https:\/\/www.alasmedios.com\/index.php\/2025\/02\/10\/mexicanas-logran-cuatro-medallas-en-para-taekwondo-en-el-abierto-de-turquia-2025\/\" data-type=\"post\" data-id=\"3502\">Mexicanas logran cuatro medallas en para taekwondo en el Abierto de Turqu\u00eda 2025<\/a><\/p>\n\n\n\n<p>Entre ellas se encuentran Jazm\u00edn Itzel Huerta Mar\u00edn (45-48 kg), Metzi Isashi L\u00f3pez Mart\u00ednez (50 kg), Melanye Jazm\u00edn Manjarrez Aguilar (52 kg), Devany Estephania Egu\u00eda Linares (54 kg), Gabriela Vargas Mange (57 kg), Inaya Melanie \u00c1lvarez Zavala (60 kg), Nancy Carolina Balderas Rodr\u00edguez (63 kg), Almendra Jerusal\u00e9n Gonz\u00e1lez Nava (66 kg) y Janet Arriaga Cisneros (75 kg).<\/p>\n\n\n\n<figure class=\"wp-block-gallery has-nested-images columns-default is-cropped wp-block-gallery-1 is-layout-flex wp-block-gallery-is-layout-flex\">\n<figure class=\"wp-block-image size-large\"><img loading=\"lazy\" decoding=\"async\" width=\"819\" height=\"1024\" data-id=\"3533\" src=\"https:\/\/www.alasmedios.com\/wp-content\/uploads\/2025\/02\/seleccion-box-mujeres-819x1024.jpg\" alt=\"\" class=\"wp-image-3533\" srcset=\"https:\/\/www.alasmedios.com\/wp-content\/uploads\/2025\/02\/seleccion-box-mujeres-819x1024.jpg 819w, https:\/\/www.alasmedios.com\/wp-content\/uploads\/2025\/02\/seleccion-box-mujeres-240x300.jpg 240w, https:\/\/www.alasmedios.com\/wp-content\/uploads\/2025\/02\/seleccion-box-mujeres-768x960.jpg 768w, https:\/\/www.alasmedios.com\/wp-content\/uploads\/2025\/02\/seleccion-box-mujeres.jpg 1080w\" sizes=\"auto, (max-width: 819px) 100vw, 819px\" \/><\/figure>\n\n\n\n<figure class=\"wp-block-image size-large\"><img loading=\"lazy\" decoding=\"async\" width=\"1024\" height=\"1024\" data-id=\"3534\" src=\"https:\/\/www.alasmedios.com\/wp-content\/uploads\/2025\/02\/box-seleccion-1024x1024.jpg\" alt=\"\" class=\"wp-image-3534\" srcset=\"https:\/\/www.alasmedios.com\/wp-content\/uploads\/2025\/02\/box-seleccion-1024x1024.jpg 1024w, https:\/\/www.alasmedios.com\/wp-content\/uploads\/2025\/02\/box-seleccion-300x300.jpg 300w, https:\/\/www.alasmedios.com\/wp-content\/uploads\/2025\/02\/box-seleccion-150x150.jpg 150w, https:\/\/www.alasmedios.com\/wp-content\/uploads\/2025\/02\/box-seleccion-768x768.jpg 768w, https:\/\/www.alasmedios.com\/wp-content\/uploads\/2025\/02\/box-seleccion.jpg 1080w\" sizes=\"auto, (max-width: 1024px) 100vw, 1024px\" \/><\/figure>\n<\/figure>\n\n\n\n<p>Las boxeadoras nacionales est\u00e1n realizando dos sesiones de entrenamiento diario. <\/p>\n\n\n\n<p>Por la ma\u00f1ana, se enfocan en la escuela de boxeo, trabajando en la t\u00e9cnica y los movimientos, mientras que por la tarde se dedican a la escuela de combate, perfeccionando sus estrategias y t\u00e1cticas de pelea.<\/p>\n\n\n\n<p>El Campeonato Mundial de la IBA reunir\u00e1 a las mejores boxeadoras femeninas del mundo, con 12 categor\u00edas de peso en disputa. Adem\u00e1s del t\u00edtulo mundial, las participantes podr\u00e1n ganar premios en met\u00e1lico. <\/p>\n\n\n\n<p>Se espera la participaci\u00f3n de m\u00e1s de 500 boxeadoras de 40 pa\u00edses, lo que asegura un nivel de competencia de \u00e9lite.<\/p>\n\n\n<ul class=\"wp-block-latest-posts__list is-grid columns-3 wp-block-latest-posts\"><li><div class=\"wp-block-latest-posts__featured-image\"><img loading=\"lazy\" decoding=\"async\" width=\"150\" height=\"150\" src=\"https:\/\/www.alasmedios.com\/wp-content\/uploads\/2026\/05\/AMPEP-inteligencia-artificial-150x150.jpg\" class=\"attachment-thumbnail size-thumbnail wp-post-image\" alt=\"\" style=\"\" \/><\/div><a class=\"wp-block-latest-posts__post-title\" href=\"https:\/\/www.alasmedios.com\/index.php\/2026\/05\/01\/periodismo-frente-a-la-ia-ampep-asume-liderazgo-y-apuesta-por-contar-historias-con-alma\/\">Periodismo frente a la IA: AMPEP asume liderazgo y apuesta por contar historias con \u201calma\u201d<\/a><\/li>\n<li><div class=\"wp-block-latest-posts__featured-image\"><img loading=\"lazy\" decoding=\"async\" width=\"150\" height=\"150\" src=\"https:\/\/www.alasmedios.com\/wp-content\/uploads\/2026\/05\/Hidalgo-viene-un-respiro-con-el-frente-frio-48-150x150.png\" class=\"attachment-thumbnail size-thumbnail wp-post-image\" alt=\"\" style=\"\" \/><\/div><a class=\"wp-block-latest-posts__post-title\" href=\"https:\/\/www.alasmedios.com\/index.php\/2026\/05\/01\/frente-frio-48-un-alivio-asi-impactara-en-hidalgo\/\">Frente fr\u00edo 48, un alivio: as\u00ed impactar\u00e1 en Hidalgo<\/a><\/li>\n<li><div class=\"wp-block-latest-posts__featured-image\"><img loading=\"lazy\" decoding=\"async\" width=\"150\" height=\"150\" src=\"https:\/\/www.alasmedios.com\/wp-content\/uploads\/2026\/05\/mujeres-depresion-posparto-150x150.png\" class=\"attachment-thumbnail size-thumbnail wp-post-image\" alt=\"\" style=\"\" \/><\/div><a class=\"wp-block-latest-posts__post-title\" href=\"https:\/\/www.alasmedios.com\/index.php\/2026\/05\/01\/1-de-cada-15-mujeres-sufre-depresion-posparto\/\">1 de cada 15 mujeres sufre depresi\u00f3n posparto<\/a><\/li>\n<\/ul>","protected":false},"excerpt":{"rendered":"<p>La selecci\u00f3n mexicana femenil de boxeo ha comenzado su concentraci\u00f3n en el Centro Nacional de Desarrollo de Talentos Deportivos y<\/p>\n","protected":false},"author":4,"featured_media":3535,"comment_status":"open","ping_status":"open","sticky":false,"template":"","format":"standard","meta":{"colormag_page_container_layout":"default_layout","colormag_page_sidebar_layout":"default_layout","rop_custom_images_group":[],"rop_custom_messages_group":[],"rop_publish_now":"initial","rop_publish_now_accounts":[],"rop_publish_now_history":[],"rop_publish_now_status":"pending","iawp_total_views":0,"footnotes":""},"categories":[45],"tags":[1302,1304,1305,223,53],"class_list":["post-3532","post","type-post","status-publish","format-standard","has-post-thumbnail","hentry","category-ellas-dicen","tag-box","tag-boxeadoras","tag-campeonato-mundial-de-la-asociacion-internacional-de-boxeo","tag-deportes","tag-mujeres"],"magazineBlocksPostFeaturedMedia":{"thumbnail":"https:\/\/www.alasmedios.com\/wp-content\/uploads\/2025\/02\/seleccion-box-e1739297105466-150x150.jpg","medium":"https:\/\/www.alasmedios.com\/wp-content\/uploads\/2025\/02\/seleccion-box-e1739297105466-300x184.jpg","medium_large":"https:\/\/www.alasmedios.com\/wp-content\/uploads\/2025\/02\/seleccion-box-e1739297105466-768x470.jpg","large":"https:\/\/www.alasmedios.com\/wp-content\/uploads\/2025\/02\/seleccion-box-e1739297105466-1024x627.jpg","1536x1536":"https:\/\/www.alasmedios.com\/wp-content\/uploads\/2025\/02\/seleccion-box-e1739297105466.jpg","2048x2048":"https:\/\/www.alasmedios.com\/wp-content\/uploads\/2025\/02\/seleccion-box-e1739297105466.jpg","colormag-highlighted-post":"https:\/\/www.alasmedios.com\/wp-content\/uploads\/2025\/02\/seleccion-box-e1739297105466-392x272.jpg","colormag-featured-post-medium":"https:\/\/www.alasmedios.com\/wp-content\/uploads\/2025\/02\/seleccion-box-e1739297105466-390x205.jpg","colormag-featured-post-small":"https:\/\/www.alasmedios.com\/wp-content\/uploads\/2025\/02\/seleccion-box-e1739297105466-130x90.jpg","colormag-featured-image":"https:\/\/www.alasmedios.com\/wp-content\/uploads\/2025\/02\/seleccion-box-e1739297105466-800x445.jpg","colormag-default-news":"https:\/\/www.alasmedios.com\/wp-content\/uploads\/2025\/02\/seleccion-box-e1739297105466-150x150.jpg","colormag-featured-image-large":"https:\/\/www.alasmedios.com\/wp-content\/uploads\/2025\/02\/seleccion-box-e1739297105466-1078x600.jpg"},"magazineBlocksPostAuthor":{"name":"Keila Rodr\u00edguez Pe\u00f1a","avatar":"https:\/\/secure.gravatar.com\/avatar\/a2553a2bfaa601b9d539b617c8793e151bdffb60f9e48a249912f86d4c9ebeef?s=96&d=mm&r=g"},"magazineBlocksPostCommentsNumber":"0","magazineBlocksPostExcerpt":"La selecci\u00f3n mexicana femenil de boxeo ha comenzado su concentraci\u00f3n en el Centro Nacional de Desarrollo de Talentos Deportivos y","magazineBlocksPostCategories":["Ellas Dicen"],"magazineBlocksPostViewCount":448,"magazineBlocksPostReadTime":2,"magazine_blocks_featured_image_url":{"full":["https:\/\/www.alasmedios.com\/wp-content\/uploads\/2025\/02\/seleccion-box-e1739297105466.jpg",1078,660,false],"medium":["https:\/\/www.alasmedios.com\/wp-content\/uploads\/2025\/02\/seleccion-box-e1739297105466-300x184.jpg",300,184,true],"thumbnail":["https:\/\/www.alasmedios.com\/wp-content\/uploads\/2025\/02\/seleccion-box-e1739297105466-150x150.jpg",150,150,true]},"magazine_blocks_author":{"display_name":"Keila Rodr\u00edguez Pe\u00f1a","author_link":"https:\/\/www.alasmedios.com\/index.php\/author\/keila\/"},"magazine_blocks_comment":0,"magazine_blocks_author_image":"https:\/\/secure.gravatar.com\/avatar\/a2553a2bfaa601b9d539b617c8793e151bdffb60f9e48a249912f86d4c9ebeef?s=96&d=mm&r=g","magazine_blocks_category":"<a href=\"#\" class=\"category-link category-link-45\">Ellas Dicen<\/a>","yoast_head":"<!-- This site is optimized with the Yoast SEO plugin v27.5 - https:\/\/yoast.com\/product\/yoast-seo-wordpress\/ -->\r\n<title>Selecci\u00f3n Mexicana Femenil de Boxeo inicia preparaci\u00f3n para el Mundial en Serbia - Alas Medios<\/title>\r\n<meta name=\"robots\" content=\"index, follow, max-snippet:-1, max-image-preview:large, max-video-preview:-1\" \/>\r\n<link rel=\"canonical\" href=\"https:\/\/www.alasmedios.com\/index.php\/2025\/02\/11\/seleccion-mexicana-femenil-de-boxeo-inicia-preparacion-para-el-mundial-en-serbia\/\" \/>\r\n<meta property=\"og:locale\" content=\"es_MX\" \/>\r\n<meta property=\"og:type\" content=\"article\" \/>\r\n<meta property=\"og:title\" content=\"Selecci\u00f3n Mexicana Femenil de Boxeo inicia preparaci\u00f3n para el Mundial en Serbia - Alas Medios\" \/>\r\n<meta property=\"og:description\" content=\"La selecci\u00f3n mexicana femenil de boxeo ha comenzado su concentraci\u00f3n en el Centro Nacional de Desarrollo de Talentos Deportivos y\" \/>\r\n<meta property=\"og:url\" content=\"https:\/\/www.alasmedios.com\/index.php\/2025\/02\/11\/seleccion-mexicana-femenil-de-boxeo-inicia-preparacion-para-el-mundial-en-serbia\/\" \/>\r\n<meta property=\"og:site_name\" content=\"Alas Medios\" \/>\r\n<meta property=\"article:published_time\" content=\"2025-02-11T21:20:00+00:00\" \/>\r\n<meta property=\"og:image\" content=\"https:\/\/www.alasmedios.com\/wp-content\/uploads\/2025\/02\/seleccion-box-e1739297105466.jpg\" \/>\r\n\t<meta property=\"og:image:width\" content=\"1078\" \/>\r\n\t<meta property=\"og:image:height\" content=\"660\" \/>\r\n\t<meta property=\"og:image:type\" content=\"image\/jpeg\" \/>\r\n<meta name=\"author\" content=\"Keila Rodr\u00edguez Pe\u00f1a\" \/>\r\n<meta name=\"twitter:card\" content=\"summary_large_image\" \/>\r\n<meta name=\"twitter:label1\" content=\"Escrito por\" \/>\n\t<meta name=\"twitter:data1\" content=\"Keila Rodr\u00edguez Pe\u00f1a\" \/>\n\t<meta name=\"twitter:label2\" content=\"Tiempo de lectura\" \/>\n\t<meta name=\"twitter:data2\" content=\"2 minutos\" \/>\r\n<script type=\"application\/ld+json\" class=\"yoast-schema-graph\">{\"@context\":\"https:\\\/\\\/schema.org\",\"@graph\":[{\"@type\":\"Article\",\"@id\":\"https:\\\/\\\/www.alasmedios.com\\\/index.php\\\/2025\\\/02\\\/11\\\/seleccion-mexicana-femenil-de-boxeo-inicia-preparacion-para-el-mundial-en-serbia\\\/#article\",\"isPartOf\":{\"@id\":\"https:\\\/\\\/www.alasmedios.com\\\/index.php\\\/2025\\\/02\\\/11\\\/seleccion-mexicana-femenil-de-boxeo-inicia-preparacion-para-el-mundial-en-serbia\\\/\"},\"author\":{\"name\":\"Keila Rodr\u00edguez Pe\u00f1a\",\"@id\":\"https:\\\/\\\/www.alasmedios.com\\\/#\\\/schema\\\/person\\\/0ba31bdd19a05ebf5c7fef1fedf99c34\"},\"headline\":\"Selecci\u00f3n Mexicana Femenil de Boxeo inicia preparaci\u00f3n para el Mundial en Serbia\",\"datePublished\":\"2025-02-11T21:20:00+00:00\",\"mainEntityOfPage\":{\"@id\":\"https:\\\/\\\/www.alasmedios.com\\\/index.php\\\/2025\\\/02\\\/11\\\/seleccion-mexicana-femenil-de-boxeo-inicia-preparacion-para-el-mundial-en-serbia\\\/\"},\"wordCount\":405,\"commentCount\":0,\"publisher\":{\"@id\":\"https:\\\/\\\/www.alasmedios.com\\\/#organization\"},\"image\":{\"@id\":\"https:\\\/\\\/www.alasmedios.com\\\/index.php\\\/2025\\\/02\\\/11\\\/seleccion-mexicana-femenil-de-boxeo-inicia-preparacion-para-el-mundial-en-serbia\\\/#primaryimage\"},\"thumbnailUrl\":\"https:\\\/\\\/www.alasmedios.com\\\/wp-content\\\/uploads\\\/2025\\\/02\\\/seleccion-box-e1739297105466.jpg\",\"keywords\":[\"box\",\"boxeadoras\",\"Campeonato Mundial de la Asociaci\u00f3n Internacional de Boxeo\",\"deportes\",\"Mujeres\"],\"articleSection\":[\"Ellas Dicen\"],\"inLanguage\":\"es\",\"potentialAction\":[{\"@type\":\"CommentAction\",\"name\":\"Comment\",\"target\":[\"https:\\\/\\\/www.alasmedios.com\\\/index.php\\\/2025\\\/02\\\/11\\\/seleccion-mexicana-femenil-de-boxeo-inicia-preparacion-para-el-mundial-en-serbia\\\/#respond\"]}]},{\"@type\":\"WebPage\",\"@id\":\"https:\\\/\\\/www.alasmedios.com\\\/index.php\\\/2025\\\/02\\\/11\\\/seleccion-mexicana-femenil-de-boxeo-inicia-preparacion-para-el-mundial-en-serbia\\\/\",\"url\":\"https:\\\/\\\/www.alasmedios.com\\\/index.php\\\/2025\\\/02\\\/11\\\/seleccion-mexicana-femenil-de-boxeo-inicia-preparacion-para-el-mundial-en-serbia\\\/\",\"name\":\"Selecci\u00f3n Mexicana Femenil de Boxeo inicia preparaci\u00f3n para el Mundial en Serbia - Alas Medios\",\"isPartOf\":{\"@id\":\"https:\\\/\\\/www.alasmedios.com\\\/#website\"},\"primaryImageOfPage\":{\"@id\":\"https:\\\/\\\/www.alasmedios.com\\\/index.php\\\/2025\\\/02\\\/11\\\/seleccion-mexicana-femenil-de-boxeo-inicia-preparacion-para-el-mundial-en-serbia\\\/#primaryimage\"},\"image\":{\"@id\":\"https:\\\/\\\/www.alasmedios.com\\\/index.php\\\/2025\\\/02\\\/11\\\/seleccion-mexicana-femenil-de-boxeo-inicia-preparacion-para-el-mundial-en-serbia\\\/#primaryimage\"},\"thumbnailUrl\":\"https:\\\/\\\/www.alasmedios.com\\\/wp-content\\\/uploads\\\/2025\\\/02\\\/seleccion-box-e1739297105466.jpg\",\"datePublished\":\"2025-02-11T21:20:00+00:00\",\"breadcrumb\":{\"@id\":\"https:\\\/\\\/www.alasmedios.com\\\/index.php\\\/2025\\\/02\\\/11\\\/seleccion-mexicana-femenil-de-boxeo-inicia-preparacion-para-el-mundial-en-serbia\\\/#breadcrumb\"},\"inLanguage\":\"es\",\"potentialAction\":[{\"@type\":\"ReadAction\",\"target\":[\"https:\\\/\\\/www.alasmedios.com\\\/index.php\\\/2025\\\/02\\\/11\\\/seleccion-mexicana-femenil-de-boxeo-inicia-preparacion-para-el-mundial-en-serbia\\\/\"]}]},{\"@type\":\"ImageObject\",\"inLanguage\":\"es\",\"@id\":\"https:\\\/\\\/www.alasmedios.com\\\/index.php\\\/2025\\\/02\\\/11\\\/seleccion-mexicana-femenil-de-boxeo-inicia-preparacion-para-el-mundial-en-serbia\\\/#primaryimage\",\"url\":\"https:\\\/\\\/www.alasmedios.com\\\/wp-content\\\/uploads\\\/2025\\\/02\\\/seleccion-box-e1739297105466.jpg\",\"contentUrl\":\"https:\\\/\\\/www.alasmedios.com\\\/wp-content\\\/uploads\\\/2025\\\/02\\\/seleccion-box-e1739297105466.jpg\",\"width\":1078,\"height\":660},{\"@type\":\"BreadcrumbList\",\"@id\":\"https:\\\/\\\/www.alasmedios.com\\\/index.php\\\/2025\\\/02\\\/11\\\/seleccion-mexicana-femenil-de-boxeo-inicia-preparacion-para-el-mundial-en-serbia\\\/#breadcrumb\",\"itemListElement\":[{\"@type\":\"ListItem\",\"position\":1,\"name\":\"Inicio\",\"item\":\"https:\\\/\\\/www.alasmedios.com\\\/\"},{\"@type\":\"ListItem\",\"position\":2,\"name\":\"Selecci\u00f3n Mexicana Femenil de Boxeo inicia preparaci\u00f3n para el Mundial en Serbia\"}]},{\"@type\":\"WebSite\",\"@id\":\"https:\\\/\\\/www.alasmedios.com\\\/#website\",\"url\":\"https:\\\/\\\/www.alasmedios.com\\\/\",\"name\":\"Alas Medios\",\"description\":\"Alas para pensar, Alas para volar, Alas de libertad\",\"publisher\":{\"@id\":\"https:\\\/\\\/www.alasmedios.com\\\/#organization\"},\"potentialAction\":[{\"@type\":\"SearchAction\",\"target\":{\"@type\":\"EntryPoint\",\"urlTemplate\":\"https:\\\/\\\/www.alasmedios.com\\\/?s={search_term_string}\"},\"query-input\":{\"@type\":\"PropertyValueSpecification\",\"valueRequired\":true,\"valueName\":\"search_term_string\"}}],\"inLanguage\":\"es\"},{\"@type\":\"Organization\",\"@id\":\"https:\\\/\\\/www.alasmedios.com\\\/#organization\",\"name\":\"Alas Medios\",\"url\":\"https:\\\/\\\/www.alasmedios.com\\\/\",\"logo\":{\"@type\":\"ImageObject\",\"inLanguage\":\"es\",\"@id\":\"https:\\\/\\\/www.alasmedios.com\\\/#\\\/schema\\\/logo\\\/image\\\/\",\"url\":\"https:\\\/\\\/www.alasmedios.com\\\/wp-content\\\/uploads\\\/2026\\\/01\\\/cropped-cropped-GAM-1.png\",\"contentUrl\":\"https:\\\/\\\/www.alasmedios.com\\\/wp-content\\\/uploads\\\/2026\\\/01\\\/cropped-cropped-GAM-1.png\",\"width\":467,\"height\":235,\"caption\":\"Alas Medios\"},\"image\":{\"@id\":\"https:\\\/\\\/www.alasmedios.com\\\/#\\\/schema\\\/logo\\\/image\\\/\"}},{\"@type\":\"Person\",\"@id\":\"https:\\\/\\\/www.alasmedios.com\\\/#\\\/schema\\\/person\\\/0ba31bdd19a05ebf5c7fef1fedf99c34\",\"name\":\"Keila Rodr\u00edguez Pe\u00f1a\",\"image\":{\"@type\":\"ImageObject\",\"inLanguage\":\"es\",\"@id\":\"https:\\\/\\\/secure.gravatar.com\\\/avatar\\\/a2553a2bfaa601b9d539b617c8793e151bdffb60f9e48a249912f86d4c9ebeef?s=96&d=mm&r=g\",\"url\":\"https:\\\/\\\/secure.gravatar.com\\\/avatar\\\/a2553a2bfaa601b9d539b617c8793e151bdffb60f9e48a249912f86d4c9ebeef?s=96&d=mm&r=g\",\"contentUrl\":\"https:\\\/\\\/secure.gravatar.com\\\/avatar\\\/a2553a2bfaa601b9d539b617c8793e151bdffb60f9e48a249912f86d4c9ebeef?s=96&d=mm&r=g\",\"caption\":\"Keila Rodr\u00edguez Pe\u00f1a\"},\"sameAs\":[\"http:\\\/\\\/www.alasmedios.com\"],\"url\":\"https:\\\/\\\/www.alasmedios.com\\\/index.php\\\/author\\\/keila\\\/\"}]}<\/script>\r\n<!-- \/ Yoast SEO plugin. -->","yoast_head_json":{"title":"Selecci\u00f3n Mexicana Femenil de Boxeo inicia preparaci\u00f3n para el Mundial en Serbia - Alas Medios","robots":{"index":"index","follow":"follow","max-snippet":"max-snippet:-1","max-image-preview":"max-image-preview:large","max-video-preview":"max-video-preview:-1"},"canonical":"https:\/\/www.alasmedios.com\/index.php\/2025\/02\/11\/seleccion-mexicana-femenil-de-boxeo-inicia-preparacion-para-el-mundial-en-serbia\/","og_locale":"es_MX","og_type":"article","og_title":"Selecci\u00f3n Mexicana Femenil de Boxeo inicia preparaci\u00f3n para el Mundial en Serbia - Alas Medios","og_description":"La selecci\u00f3n mexicana femenil de boxeo ha comenzado su concentraci\u00f3n en el Centro Nacional de Desarrollo de Talentos Deportivos y","og_url":"https:\/\/www.alasmedios.com\/index.php\/2025\/02\/11\/seleccion-mexicana-femenil-de-boxeo-inicia-preparacion-para-el-mundial-en-serbia\/","og_site_name":"Alas Medios","article_published_time":"2025-02-11T21:20:00+00:00","og_image":[{"width":1078,"height":660,"url":"https:\/\/www.alasmedios.com\/wp-content\/uploads\/2025\/02\/seleccion-box-e1739297105466.jpg","type":"image\/jpeg"}],"author":"Keila Rodr\u00edguez Pe\u00f1a","twitter_card":"summary_large_image","twitter_misc":{"Escrito por":"Keila Rodr\u00edguez Pe\u00f1a","Tiempo de lectura":"2 minutos"},"schema":{"@context":"https:\/\/schema.org","@graph":[{"@type":"Article","@id":"https:\/\/www.alasmedios.com\/index.php\/2025\/02\/11\/seleccion-mexicana-femenil-de-boxeo-inicia-preparacion-para-el-mundial-en-serbia\/#article","isPartOf":{"@id":"https:\/\/www.alasmedios.com\/index.php\/2025\/02\/11\/seleccion-mexicana-femenil-de-boxeo-inicia-preparacion-para-el-mundial-en-serbia\/"},"author":{"name":"Keila Rodr\u00edguez Pe\u00f1a","@id":"https:\/\/www.alasmedios.com\/#\/schema\/person\/0ba31bdd19a05ebf5c7fef1fedf99c34"},"headline":"Selecci\u00f3n Mexicana Femenil de Boxeo inicia preparaci\u00f3n para el Mundial en Serbia","datePublished":"2025-02-11T21:20:00+00:00","mainEntityOfPage":{"@id":"https:\/\/www.alasmedios.com\/index.php\/2025\/02\/11\/seleccion-mexicana-femenil-de-boxeo-inicia-preparacion-para-el-mundial-en-serbia\/"},"wordCount":405,"commentCount":0,"publisher":{"@id":"https:\/\/www.alasmedios.com\/#organization"},"image":{"@id":"https:\/\/www.alasmedios.com\/index.php\/2025\/02\/11\/seleccion-mexicana-femenil-de-boxeo-inicia-preparacion-para-el-mundial-en-serbia\/#primaryimage"},"thumbnailUrl":"https:\/\/www.alasmedios.com\/wp-content\/uploads\/2025\/02\/seleccion-box-e1739297105466.jpg","keywords":["box","boxeadoras","Campeonato Mundial de la Asociaci\u00f3n Internacional de Boxeo","deportes","Mujeres"],"articleSection":["Ellas Dicen"],"inLanguage":"es","potentialAction":[{"@type":"CommentAction","name":"Comment","target":["https:\/\/www.alasmedios.com\/index.php\/2025\/02\/11\/seleccion-mexicana-femenil-de-boxeo-inicia-preparacion-para-el-mundial-en-serbia\/#respond"]}]},{"@type":"WebPage","@id":"https:\/\/www.alasmedios.com\/index.php\/2025\/02\/11\/seleccion-mexicana-femenil-de-boxeo-inicia-preparacion-para-el-mundial-en-serbia\/","url":"https:\/\/www.alasmedios.com\/index.php\/2025\/02\/11\/seleccion-mexicana-femenil-de-boxeo-inicia-preparacion-para-el-mundial-en-serbia\/","name":"Selecci\u00f3n Mexicana Femenil de Boxeo inicia preparaci\u00f3n para el Mundial en Serbia - Alas Medios","isPartOf":{"@id":"https:\/\/www.alasmedios.com\/#website"},"primaryImageOfPage":{"@id":"https:\/\/www.alasmedios.com\/index.php\/2025\/02\/11\/seleccion-mexicana-femenil-de-boxeo-inicia-preparacion-para-el-mundial-en-serbia\/#primaryimage"},"image":{"@id":"https:\/\/www.alasmedios.com\/index.php\/2025\/02\/11\/seleccion-mexicana-femenil-de-boxeo-inicia-preparacion-para-el-mundial-en-serbia\/#primaryimage"},"thumbnailUrl":"https:\/\/www.alasmedios.com\/wp-content\/uploads\/2025\/02\/seleccion-box-e1739297105466.jpg","datePublished":"2025-02-11T21:20:00+00:00","breadcrumb":{"@id":"https:\/\/www.alasmedios.com\/index.php\/2025\/02\/11\/seleccion-mexicana-femenil-de-boxeo-inicia-preparacion-para-el-mundial-en-serbia\/#breadcrumb"},"inLanguage":"es","potentialAction":[{"@type":"ReadAction","target":["https:\/\/www.alasmedios.com\/index.php\/2025\/02\/11\/seleccion-mexicana-femenil-de-boxeo-inicia-preparacion-para-el-mundial-en-serbia\/"]}]},{"@type":"ImageObject","inLanguage":"es","@id":"https:\/\/www.alasmedios.com\/index.php\/2025\/02\/11\/seleccion-mexicana-femenil-de-boxeo-inicia-preparacion-para-el-mundial-en-serbia\/#primaryimage","url":"https:\/\/www.alasmedios.com\/wp-content\/uploads\/2025\/02\/seleccion-box-e1739297105466.jpg","contentUrl":"https:\/\/www.alasmedios.com\/wp-content\/uploads\/2025\/02\/seleccion-box-e1739297105466.jpg","width":1078,"height":660},{"@type":"BreadcrumbList","@id":"https:\/\/www.alasmedios.com\/index.php\/2025\/02\/11\/seleccion-mexicana-femenil-de-boxeo-inicia-preparacion-para-el-mundial-en-serbia\/#breadcrumb","itemListElement":[{"@type":"ListItem","position":1,"name":"Inicio","item":"https:\/\/www.alasmedios.com\/"},{"@type":"ListItem","position":2,"name":"Selecci\u00f3n Mexicana Femenil de Boxeo inicia preparaci\u00f3n para el Mundial en Serbia"}]},{"@type":"WebSite","@id":"https:\/\/www.alasmedios.com\/#website","url":"https:\/\/www.alasmedios.com\/","name":"Alas Medios","description":"Alas para pensar, Alas para volar, Alas de libertad","publisher":{"@id":"https:\/\/www.alasmedios.com\/#organization"},"potentialAction":[{"@type":"SearchAction","target":{"@type":"EntryPoint","urlTemplate":"https:\/\/www.alasmedios.com\/?s={search_term_string}"},"query-input":{"@type":"PropertyValueSpecification","valueRequired":true,"valueName":"search_term_string"}}],"inLanguage":"es"},{"@type":"Organization","@id":"https:\/\/www.alasmedios.com\/#organization","name":"Alas Medios","url":"https:\/\/www.alasmedios.com\/","logo":{"@type":"ImageObject","inLanguage":"es","@id":"https:\/\/www.alasmedios.com\/#\/schema\/logo\/image\/","url":"https:\/\/www.alasmedios.com\/wp-content\/uploads\/2026\/01\/cropped-cropped-GAM-1.png","contentUrl":"https:\/\/www.alasmedios.com\/wp-content\/uploads\/2026\/01\/cropped-cropped-GAM-1.png","width":467,"height":235,"caption":"Alas Medios"},"image":{"@id":"https:\/\/www.alasmedios.com\/#\/schema\/logo\/image\/"}},{"@type":"Person","@id":"https:\/\/www.alasmedios.com\/#\/schema\/person\/0ba31bdd19a05ebf5c7fef1fedf99c34","name":"Keila Rodr\u00edguez Pe\u00f1a","image":{"@type":"ImageObject","inLanguage":"es","@id":"https:\/\/secure.gravatar.com\/avatar\/a2553a2bfaa601b9d539b617c8793e151bdffb60f9e48a249912f86d4c9ebeef?s=96&d=mm&r=g","url":"https:\/\/secure.gravatar.com\/avatar\/a2553a2bfaa601b9d539b617c8793e151bdffb60f9e48a249912f86d4c9ebeef?s=96&d=mm&r=g","contentUrl":"https:\/\/secure.gravatar.com\/avatar\/a2553a2bfaa601b9d539b617c8793e151bdffb60f9e48a249912f86d4c9ebeef?s=96&d=mm&r=g","caption":"Keila Rodr\u00edguez Pe\u00f1a"},"sameAs":["http:\/\/www.alasmedios.com"],"url":"https:\/\/www.alasmedios.com\/index.php\/author\/keila\/"}]}},"_links":{"self":[{"href":"https:\/\/www.alasmedios.com\/index.php\/wp-json\/wp\/v2\/posts\/3532","targetHints":{"allow":["GET"]}}],"collection":[{"href":"https:\/\/www.alasmedios.com\/index.php\/wp-json\/wp\/v2\/posts"}],"about":[{"href":"https:\/\/www.alasmedios.com\/index.php\/wp-json\/wp\/v2\/types\/post"}],"author":[{"embeddable":true,"href":"https:\/\/www.alasmedios.com\/index.php\/wp-json\/wp\/v2\/users\/4"}],"replies":[{"embeddable":true,"href":"https:\/\/www.alasmedios.com\/index.php\/wp-json\/wp\/v2\/comments?post=3532"}],"version-history":[{"count":1,"href":"https:\/\/www.alasmedios.com\/index.php\/wp-json\/wp\/v2\/posts\/3532\/revisions"}],"predecessor-version":[{"id":3536,"href":"https:\/\/www.alasmedios.com\/index.php\/wp-json\/wp\/v2\/posts\/3532\/revisions\/3536"}],"wp:featuredmedia":[{"embeddable":true,"href":"https:\/\/www.alasmedios.com\/index.php\/wp-json\/wp\/v2\/media\/3535"}],"wp:attachment":[{"href":"https:\/\/www.alasmedios.com\/index.php\/wp-json\/wp\/v2\/media?parent=3532"}],"wp:term":[{"taxonomy":"category","embeddable":true,"href":"https:\/\/www.alasmedios.com\/index.php\/wp-json\/wp\/v2\/categories?post=3532"},{"taxonomy":"post_tag","embeddable":true,"href":"https:\/\/www.alasmedios.com\/index.php\/wp-json\/wp\/v2\/tags?post=3532"}],"curies":[{"name":"wp","href":"https:\/\/api.w.org\/{rel}","templated":true}]}}