{"id":3406,"date":"2025-02-03T14:30:00","date_gmt":"2025-02-03T20:30:00","guid":{"rendered":"https:\/\/www.alasmedios.com\/?p=3406"},"modified":"2025-02-03T12:51:06","modified_gmt":"2025-02-03T18:51:06","slug":"refuerzan-seguridad-en-tulancingo-para-reducir-indice-delictivo","status":"publish","type":"post","link":"https:\/\/www.alasmedios.com\/index.php\/2025\/02\/03\/refuerzan-seguridad-en-tulancingo-para-reducir-indice-delictivo\/","title":{"rendered":"Refuerzan seguridad en Tulancingo para reducir \u00edndice delictivo"},"content":{"rendered":"\n<p>En un esfuerzo coordinado para reducir la incidencia delictiva en Tulancingo, el Ej\u00e9rcito Nacional, la Polic\u00eda Estatal y la Polic\u00eda Municipal han puesto en marcha un conjunto de acciones estrat\u00e9gicas que buscan reforzar la seguridad en el municipio.<\/p>\n\n\n\n<p>Derivado de los acuerdos establecidos en la mesa de seguridad, se han definido puntos clave de intervenci\u00f3n, con \u00e9nfasis en establecimientos con venta de alcohol, los cuales deber\u00e1n cumplir estrictamente con los horarios y normativas establecidas. <\/p>\n\n\n\n<p>Asimismo, se fortalecer\u00e1 la vigilancia en zonas de alta afluencia y en sectores con mayor necesidad de intervenci\u00f3n para prevenir actos delictivos.<\/p>\n\n\n\n<p>Como parte de esta estrategia, la Secretar\u00eda de Seguridad Ciudadana trabajar\u00e1 en conjunto con la Polic\u00eda Cibern\u00e9tica para identificar y contrarrestar la difusi\u00f3n de noticias falsas en redes sociales, las cuales buscan generar temor entre la poblaci\u00f3n. <\/p>\n\n\n\n<figure class=\"wp-block-image size-large\"><img loading=\"lazy\" decoding=\"async\" width=\"1024\" height=\"768\" src=\"https:\/\/www.alasmedios.com\/wp-content\/uploads\/2025\/02\/operativo-Tulancingo-1024x768.jpg\" alt=\"\" class=\"wp-image-3407\" srcset=\"https:\/\/www.alasmedios.com\/wp-content\/uploads\/2025\/02\/operativo-Tulancingo-1024x768.jpg 1024w, https:\/\/www.alasmedios.com\/wp-content\/uploads\/2025\/02\/operativo-Tulancingo-300x225.jpg 300w, https:\/\/www.alasmedios.com\/wp-content\/uploads\/2025\/02\/operativo-Tulancingo-768x576.jpg 768w, https:\/\/www.alasmedios.com\/wp-content\/uploads\/2025\/02\/operativo-Tulancingo-1536x1153.jpg 1536w, https:\/\/www.alasmedios.com\/wp-content\/uploads\/2025\/02\/operativo-Tulancingo.jpg 1599w\" sizes=\"auto, (max-width: 1024px) 100vw, 1024px\" \/><\/figure>\n\n\n\n<p>Se ha detectado un incremento en el uso de cuentas digitales destinadas a difundir desinformaci\u00f3n y material fuera de contexto para sembrar incertidumbre en la comunidad.<\/p>\n\n\n\n<p>CONTIN\u00daA LEYENDO: <a href=\"https:\/\/www.alasmedios.com\/index.php\/2025\/01\/31\/lgbt-tula-de-allende-participa-en-reunion-para-la-organizacion-de-la-marcha-del-orgullo-hidalgo-2025\/\" data-type=\"post\" data-id=\"3383\">LGBT+ Tula de Allende participa en reuni\u00f3n para la organizaci\u00f3n de la Marcha del Orgullo Hidalgo 2025<\/a><\/p>\n\n\n\n<p>Las autoridades hicieron un llamado a la ciudadan\u00eda para que consulte \u00fanicamente fuentes oficiales y evite compartir informaci\u00f3n sin verificar. <\/p>\n\n\n\n<p>Adem\u00e1s, reiteraron su compromiso de garantizar un ambiente de seguridad y tranquilidad en el municipio, enfatizando la importancia de la colaboraci\u00f3n ciudadana para prevenir situaciones de riesgo.<\/p>\n\n\n<ul class=\"wp-block-latest-posts__list is-grid columns-3 wp-block-latest-posts\"><li><div class=\"wp-block-latest-posts__featured-image\"><img loading=\"lazy\" decoding=\"async\" width=\"150\" height=\"150\" src=\"https:\/\/www.alasmedios.com\/wp-content\/uploads\/2026\/05\/AMPEP-inteligencia-artificial-150x150.jpg\" class=\"attachment-thumbnail size-thumbnail wp-post-image\" alt=\"\" style=\"\" \/><\/div><a class=\"wp-block-latest-posts__post-title\" href=\"https:\/\/www.alasmedios.com\/index.php\/2026\/05\/01\/periodismo-frente-a-la-ia-ampep-asume-liderazgo-y-apuesta-por-contar-historias-con-alma\/\">Periodismo frente a la IA: AMPEP asume liderazgo y apuesta por contar historias con \u201calma\u201d<\/a><\/li>\n<li><div class=\"wp-block-latest-posts__featured-image\"><img loading=\"lazy\" decoding=\"async\" width=\"150\" height=\"150\" src=\"https:\/\/www.alasmedios.com\/wp-content\/uploads\/2026\/05\/Hidalgo-viene-un-respiro-con-el-frente-frio-48-150x150.png\" class=\"attachment-thumbnail size-thumbnail wp-post-image\" alt=\"\" style=\"\" \/><\/div><a class=\"wp-block-latest-posts__post-title\" href=\"https:\/\/www.alasmedios.com\/index.php\/2026\/05\/01\/frente-frio-48-un-alivio-asi-impactara-en-hidalgo\/\">Frente fr\u00edo 48, un alivio: as\u00ed impactar\u00e1 en Hidalgo<\/a><\/li>\n<li><div class=\"wp-block-latest-posts__featured-image\"><img loading=\"lazy\" decoding=\"async\" width=\"150\" height=\"150\" src=\"https:\/\/www.alasmedios.com\/wp-content\/uploads\/2026\/05\/mujeres-depresion-posparto-150x150.png\" class=\"attachment-thumbnail size-thumbnail wp-post-image\" alt=\"\" style=\"\" \/><\/div><a class=\"wp-block-latest-posts__post-title\" href=\"https:\/\/www.alasmedios.com\/index.php\/2026\/05\/01\/1-de-cada-15-mujeres-sufre-depresion-posparto\/\">1 de cada 15 mujeres sufre depresi\u00f3n posparto<\/a><\/li>\n<\/ul>","protected":false},"excerpt":{"rendered":"<p>En un esfuerzo coordinado para reducir la incidencia delictiva en Tulancingo, el Ej\u00e9rcito Nacional, la Polic\u00eda Estatal y la Polic\u00eda<\/p>\n","protected":false},"author":4,"featured_media":3408,"comment_status":"open","ping_status":"open","sticky":false,"template":"","format":"standard","meta":{"colormag_page_container_layout":"default_layout","colormag_page_sidebar_layout":"default_layout","rop_custom_images_group":[],"rop_custom_messages_group":[],"rop_publish_now":"initial","rop_publish_now_accounts":[],"rop_publish_now_history":[],"rop_publish_now_status":"pending","iawp_total_views":0,"footnotes":""},"categories":[41],"tags":[1236,99,1239,1237,1238,584],"class_list":["post-3406","post","type-post","status-publish","format-standard","has-post-thumbnail","hentry","category-hidalgo","tag-ejercito-nacional","tag-hidalgo","tag-policia-cibernetica","tag-policia-estatal","tag-policia-municipal","tag-tulancingo"],"magazineBlocksPostFeaturedMedia":{"thumbnail":"https:\/\/www.alasmedios.com\/wp-content\/uploads\/2025\/02\/Tulancingo-operativo-150x150.jpg","medium":"https:\/\/www.alasmedios.com\/wp-content\/uploads\/2025\/02\/Tulancingo-operativo-300x225.jpg","medium_large":"https:\/\/www.alasmedios.com\/wp-content\/uploads\/2025\/02\/Tulancingo-operativo-768x576.jpg","large":"https:\/\/www.alasmedios.com\/wp-content\/uploads\/2025\/02\/Tulancingo-operativo-1024x768.jpg","1536x1536":"https:\/\/www.alasmedios.com\/wp-content\/uploads\/2025\/02\/Tulancingo-operativo-1536x1153.jpg","2048x2048":"https:\/\/www.alasmedios.com\/wp-content\/uploads\/2025\/02\/Tulancingo-operativo.jpg","colormag-highlighted-post":"https:\/\/www.alasmedios.com\/wp-content\/uploads\/2025\/02\/Tulancingo-operativo-392x272.jpg","colormag-featured-post-medium":"https:\/\/www.alasmedios.com\/wp-content\/uploads\/2025\/02\/Tulancingo-operativo-390x205.jpg","colormag-featured-post-small":"https:\/\/www.alasmedios.com\/wp-content\/uploads\/2025\/02\/Tulancingo-operativo-130x90.jpg","colormag-featured-image":"https:\/\/www.alasmedios.com\/wp-content\/uploads\/2025\/02\/Tulancingo-operativo-800x445.jpg","colormag-default-news":"https:\/\/www.alasmedios.com\/wp-content\/uploads\/2025\/02\/Tulancingo-operativo-150x150.jpg","colormag-featured-image-large":"https:\/\/www.alasmedios.com\/wp-content\/uploads\/2025\/02\/Tulancingo-operativo-1400x600.jpg"},"magazineBlocksPostAuthor":{"name":"Keila Rodr\u00edguez Pe\u00f1a","avatar":"https:\/\/secure.gravatar.com\/avatar\/a2553a2bfaa601b9d539b617c8793e151bdffb60f9e48a249912f86d4c9ebeef?s=96&d=mm&r=g"},"magazineBlocksPostCommentsNumber":"0","magazineBlocksPostExcerpt":"En un esfuerzo coordinado para reducir la incidencia delictiva en Tulancingo, el Ej\u00e9rcito Nacional, la Polic\u00eda Estatal y la Polic\u00eda","magazineBlocksPostCategories":["Hidalgo"],"magazineBlocksPostViewCount":228,"magazineBlocksPostReadTime":2,"magazine_blocks_featured_image_url":{"full":["https:\/\/www.alasmedios.com\/wp-content\/uploads\/2025\/02\/Tulancingo-operativo.jpg",1599,1200,false],"medium":["https:\/\/www.alasmedios.com\/wp-content\/uploads\/2025\/02\/Tulancingo-operativo-300x225.jpg",300,225,true],"thumbnail":["https:\/\/www.alasmedios.com\/wp-content\/uploads\/2025\/02\/Tulancingo-operativo-150x150.jpg",150,150,true]},"magazine_blocks_author":{"display_name":"Keila Rodr\u00edguez Pe\u00f1a","author_link":"https:\/\/www.alasmedios.com\/index.php\/author\/keila\/"},"magazine_blocks_comment":0,"magazine_blocks_author_image":"https:\/\/secure.gravatar.com\/avatar\/a2553a2bfaa601b9d539b617c8793e151bdffb60f9e48a249912f86d4c9ebeef?s=96&d=mm&r=g","magazine_blocks_category":"<a href=\"#\" class=\"category-link category-link-41\">Hidalgo<\/a>","yoast_head":"<!-- This site is optimized with the Yoast SEO plugin v27.5 - https:\/\/yoast.com\/product\/yoast-seo-wordpress\/ -->\r\n<title>Refuerzan seguridad en Tulancingo para reducir \u00edndice delictivo - Alas Medios<\/title>\r\n<meta name=\"robots\" content=\"index, follow, max-snippet:-1, max-image-preview:large, max-video-preview:-1\" \/>\r\n<link rel=\"canonical\" href=\"https:\/\/www.alasmedios.com\/index.php\/2025\/02\/03\/refuerzan-seguridad-en-tulancingo-para-reducir-indice-delictivo\/\" \/>\r\n<meta property=\"og:locale\" content=\"es_MX\" \/>\r\n<meta property=\"og:type\" content=\"article\" \/>\r\n<meta property=\"og:title\" content=\"Refuerzan seguridad en Tulancingo para reducir \u00edndice delictivo - Alas Medios\" \/>\r\n<meta property=\"og:description\" content=\"En un esfuerzo coordinado para reducir la incidencia delictiva en Tulancingo, el Ej\u00e9rcito Nacional, la Polic\u00eda Estatal y la Polic\u00eda\" \/>\r\n<meta property=\"og:url\" content=\"https:\/\/www.alasmedios.com\/index.php\/2025\/02\/03\/refuerzan-seguridad-en-tulancingo-para-reducir-indice-delictivo\/\" \/>\r\n<meta property=\"og:site_name\" content=\"Alas Medios\" \/>\r\n<meta property=\"article:published_time\" content=\"2025-02-03T20:30:00+00:00\" \/>\r\n<meta property=\"og:image\" content=\"https:\/\/www.alasmedios.com\/wp-content\/uploads\/2025\/02\/Tulancingo-operativo.jpg\" \/>\r\n\t<meta property=\"og:image:width\" content=\"1599\" \/>\r\n\t<meta property=\"og:image:height\" content=\"1200\" \/>\r\n\t<meta property=\"og:image:type\" content=\"image\/jpeg\" \/>\r\n<meta name=\"author\" content=\"Keila Rodr\u00edguez Pe\u00f1a\" \/>\r\n<meta name=\"twitter:card\" content=\"summary_large_image\" \/>\r\n<meta name=\"twitter:label1\" content=\"Escrito por\" \/>\n\t<meta name=\"twitter:data1\" content=\"Keila Rodr\u00edguez Pe\u00f1a\" \/>\n\t<meta name=\"twitter:label2\" content=\"Tiempo de lectura\" \/>\n\t<meta name=\"twitter:data2\" content=\"1 minuto\" \/>\r\n<script type=\"application\/ld+json\" class=\"yoast-schema-graph\">{\"@context\":\"https:\\\/\\\/schema.org\",\"@graph\":[{\"@type\":\"Article\",\"@id\":\"https:\\\/\\\/www.alasmedios.com\\\/index.php\\\/2025\\\/02\\\/03\\\/refuerzan-seguridad-en-tulancingo-para-reducir-indice-delictivo\\\/#article\",\"isPartOf\":{\"@id\":\"https:\\\/\\\/www.alasmedios.com\\\/index.php\\\/2025\\\/02\\\/03\\\/refuerzan-seguridad-en-tulancingo-para-reducir-indice-delictivo\\\/\"},\"author\":{\"name\":\"Keila Rodr\u00edguez Pe\u00f1a\",\"@id\":\"https:\\\/\\\/www.alasmedios.com\\\/#\\\/schema\\\/person\\\/0ba31bdd19a05ebf5c7fef1fedf99c34\"},\"headline\":\"Refuerzan seguridad en Tulancingo para reducir \u00edndice delictivo\",\"datePublished\":\"2025-02-03T20:30:00+00:00\",\"mainEntityOfPage\":{\"@id\":\"https:\\\/\\\/www.alasmedios.com\\\/index.php\\\/2025\\\/02\\\/03\\\/refuerzan-seguridad-en-tulancingo-para-reducir-indice-delictivo\\\/\"},\"wordCount\":252,\"commentCount\":0,\"publisher\":{\"@id\":\"https:\\\/\\\/www.alasmedios.com\\\/#organization\"},\"image\":{\"@id\":\"https:\\\/\\\/www.alasmedios.com\\\/index.php\\\/2025\\\/02\\\/03\\\/refuerzan-seguridad-en-tulancingo-para-reducir-indice-delictivo\\\/#primaryimage\"},\"thumbnailUrl\":\"https:\\\/\\\/www.alasmedios.com\\\/wp-content\\\/uploads\\\/2025\\\/02\\\/Tulancingo-operativo.jpg\",\"keywords\":[\"Ej\u00e9rcito Nacional\",\"Hidalgo\",\"Polic\u00eda Cibern\u00e9tica\",\"Polic\u00eda Estatal\",\"Polic\u00eda Municipal\",\"Tulancingo\"],\"articleSection\":[\"Hidalgo\"],\"inLanguage\":\"es\",\"potentialAction\":[{\"@type\":\"CommentAction\",\"name\":\"Comment\",\"target\":[\"https:\\\/\\\/www.alasmedios.com\\\/index.php\\\/2025\\\/02\\\/03\\\/refuerzan-seguridad-en-tulancingo-para-reducir-indice-delictivo\\\/#respond\"]}]},{\"@type\":\"WebPage\",\"@id\":\"https:\\\/\\\/www.alasmedios.com\\\/index.php\\\/2025\\\/02\\\/03\\\/refuerzan-seguridad-en-tulancingo-para-reducir-indice-delictivo\\\/\",\"url\":\"https:\\\/\\\/www.alasmedios.com\\\/index.php\\\/2025\\\/02\\\/03\\\/refuerzan-seguridad-en-tulancingo-para-reducir-indice-delictivo\\\/\",\"name\":\"Refuerzan seguridad en Tulancingo para reducir \u00edndice delictivo - Alas Medios\",\"isPartOf\":{\"@id\":\"https:\\\/\\\/www.alasmedios.com\\\/#website\"},\"primaryImageOfPage\":{\"@id\":\"https:\\\/\\\/www.alasmedios.com\\\/index.php\\\/2025\\\/02\\\/03\\\/refuerzan-seguridad-en-tulancingo-para-reducir-indice-delictivo\\\/#primaryimage\"},\"image\":{\"@id\":\"https:\\\/\\\/www.alasmedios.com\\\/index.php\\\/2025\\\/02\\\/03\\\/refuerzan-seguridad-en-tulancingo-para-reducir-indice-delictivo\\\/#primaryimage\"},\"thumbnailUrl\":\"https:\\\/\\\/www.alasmedios.com\\\/wp-content\\\/uploads\\\/2025\\\/02\\\/Tulancingo-operativo.jpg\",\"datePublished\":\"2025-02-03T20:30:00+00:00\",\"breadcrumb\":{\"@id\":\"https:\\\/\\\/www.alasmedios.com\\\/index.php\\\/2025\\\/02\\\/03\\\/refuerzan-seguridad-en-tulancingo-para-reducir-indice-delictivo\\\/#breadcrumb\"},\"inLanguage\":\"es\",\"potentialAction\":[{\"@type\":\"ReadAction\",\"target\":[\"https:\\\/\\\/www.alasmedios.com\\\/index.php\\\/2025\\\/02\\\/03\\\/refuerzan-seguridad-en-tulancingo-para-reducir-indice-delictivo\\\/\"]}]},{\"@type\":\"ImageObject\",\"inLanguage\":\"es\",\"@id\":\"https:\\\/\\\/www.alasmedios.com\\\/index.php\\\/2025\\\/02\\\/03\\\/refuerzan-seguridad-en-tulancingo-para-reducir-indice-delictivo\\\/#primaryimage\",\"url\":\"https:\\\/\\\/www.alasmedios.com\\\/wp-content\\\/uploads\\\/2025\\\/02\\\/Tulancingo-operativo.jpg\",\"contentUrl\":\"https:\\\/\\\/www.alasmedios.com\\\/wp-content\\\/uploads\\\/2025\\\/02\\\/Tulancingo-operativo.jpg\",\"width\":1599,\"height\":1200},{\"@type\":\"BreadcrumbList\",\"@id\":\"https:\\\/\\\/www.alasmedios.com\\\/index.php\\\/2025\\\/02\\\/03\\\/refuerzan-seguridad-en-tulancingo-para-reducir-indice-delictivo\\\/#breadcrumb\",\"itemListElement\":[{\"@type\":\"ListItem\",\"position\":1,\"name\":\"Inicio\",\"item\":\"https:\\\/\\\/www.alasmedios.com\\\/\"},{\"@type\":\"ListItem\",\"position\":2,\"name\":\"Refuerzan seguridad en Tulancingo para reducir \u00edndice delictivo\"}]},{\"@type\":\"WebSite\",\"@id\":\"https:\\\/\\\/www.alasmedios.com\\\/#website\",\"url\":\"https:\\\/\\\/www.alasmedios.com\\\/\",\"name\":\"Alas Medios\",\"description\":\"Alas para pensar, Alas para volar, Alas de libertad\",\"publisher\":{\"@id\":\"https:\\\/\\\/www.alasmedios.com\\\/#organization\"},\"potentialAction\":[{\"@type\":\"SearchAction\",\"target\":{\"@type\":\"EntryPoint\",\"urlTemplate\":\"https:\\\/\\\/www.alasmedios.com\\\/?s={search_term_string}\"},\"query-input\":{\"@type\":\"PropertyValueSpecification\",\"valueRequired\":true,\"valueName\":\"search_term_string\"}}],\"inLanguage\":\"es\"},{\"@type\":\"Organization\",\"@id\":\"https:\\\/\\\/www.alasmedios.com\\\/#organization\",\"name\":\"Alas Medios\",\"url\":\"https:\\\/\\\/www.alasmedios.com\\\/\",\"logo\":{\"@type\":\"ImageObject\",\"inLanguage\":\"es\",\"@id\":\"https:\\\/\\\/www.alasmedios.com\\\/#\\\/schema\\\/logo\\\/image\\\/\",\"url\":\"https:\\\/\\\/www.alasmedios.com\\\/wp-content\\\/uploads\\\/2026\\\/01\\\/cropped-cropped-GAM-1.png\",\"contentUrl\":\"https:\\\/\\\/www.alasmedios.com\\\/wp-content\\\/uploads\\\/2026\\\/01\\\/cropped-cropped-GAM-1.png\",\"width\":467,\"height\":235,\"caption\":\"Alas Medios\"},\"image\":{\"@id\":\"https:\\\/\\\/www.alasmedios.com\\\/#\\\/schema\\\/logo\\\/image\\\/\"}},{\"@type\":\"Person\",\"@id\":\"https:\\\/\\\/www.alasmedios.com\\\/#\\\/schema\\\/person\\\/0ba31bdd19a05ebf5c7fef1fedf99c34\",\"name\":\"Keila Rodr\u00edguez Pe\u00f1a\",\"image\":{\"@type\":\"ImageObject\",\"inLanguage\":\"es\",\"@id\":\"https:\\\/\\\/secure.gravatar.com\\\/avatar\\\/a2553a2bfaa601b9d539b617c8793e151bdffb60f9e48a249912f86d4c9ebeef?s=96&d=mm&r=g\",\"url\":\"https:\\\/\\\/secure.gravatar.com\\\/avatar\\\/a2553a2bfaa601b9d539b617c8793e151bdffb60f9e48a249912f86d4c9ebeef?s=96&d=mm&r=g\",\"contentUrl\":\"https:\\\/\\\/secure.gravatar.com\\\/avatar\\\/a2553a2bfaa601b9d539b617c8793e151bdffb60f9e48a249912f86d4c9ebeef?s=96&d=mm&r=g\",\"caption\":\"Keila Rodr\u00edguez Pe\u00f1a\"},\"sameAs\":[\"http:\\\/\\\/www.alasmedios.com\"],\"url\":\"https:\\\/\\\/www.alasmedios.com\\\/index.php\\\/author\\\/keila\\\/\"}]}<\/script>\r\n<!-- \/ Yoast SEO plugin. -->","yoast_head_json":{"title":"Refuerzan seguridad en Tulancingo para reducir \u00edndice delictivo - Alas Medios","robots":{"index":"index","follow":"follow","max-snippet":"max-snippet:-1","max-image-preview":"max-image-preview:large","max-video-preview":"max-video-preview:-1"},"canonical":"https:\/\/www.alasmedios.com\/index.php\/2025\/02\/03\/refuerzan-seguridad-en-tulancingo-para-reducir-indice-delictivo\/","og_locale":"es_MX","og_type":"article","og_title":"Refuerzan seguridad en Tulancingo para reducir \u00edndice delictivo - Alas Medios","og_description":"En un esfuerzo coordinado para reducir la incidencia delictiva en Tulancingo, el Ej\u00e9rcito Nacional, la Polic\u00eda Estatal y la Polic\u00eda","og_url":"https:\/\/www.alasmedios.com\/index.php\/2025\/02\/03\/refuerzan-seguridad-en-tulancingo-para-reducir-indice-delictivo\/","og_site_name":"Alas Medios","article_published_time":"2025-02-03T20:30:00+00:00","og_image":[{"width":1599,"height":1200,"url":"https:\/\/www.alasmedios.com\/wp-content\/uploads\/2025\/02\/Tulancingo-operativo.jpg","type":"image\/jpeg"}],"author":"Keila Rodr\u00edguez Pe\u00f1a","twitter_card":"summary_large_image","twitter_misc":{"Escrito por":"Keila Rodr\u00edguez Pe\u00f1a","Tiempo de lectura":"1 minuto"},"schema":{"@context":"https:\/\/schema.org","@graph":[{"@type":"Article","@id":"https:\/\/www.alasmedios.com\/index.php\/2025\/02\/03\/refuerzan-seguridad-en-tulancingo-para-reducir-indice-delictivo\/#article","isPartOf":{"@id":"https:\/\/www.alasmedios.com\/index.php\/2025\/02\/03\/refuerzan-seguridad-en-tulancingo-para-reducir-indice-delictivo\/"},"author":{"name":"Keila Rodr\u00edguez Pe\u00f1a","@id":"https:\/\/www.alasmedios.com\/#\/schema\/person\/0ba31bdd19a05ebf5c7fef1fedf99c34"},"headline":"Refuerzan seguridad en Tulancingo para reducir \u00edndice delictivo","datePublished":"2025-02-03T20:30:00+00:00","mainEntityOfPage":{"@id":"https:\/\/www.alasmedios.com\/index.php\/2025\/02\/03\/refuerzan-seguridad-en-tulancingo-para-reducir-indice-delictivo\/"},"wordCount":252,"commentCount":0,"publisher":{"@id":"https:\/\/www.alasmedios.com\/#organization"},"image":{"@id":"https:\/\/www.alasmedios.com\/index.php\/2025\/02\/03\/refuerzan-seguridad-en-tulancingo-para-reducir-indice-delictivo\/#primaryimage"},"thumbnailUrl":"https:\/\/www.alasmedios.com\/wp-content\/uploads\/2025\/02\/Tulancingo-operativo.jpg","keywords":["Ej\u00e9rcito Nacional","Hidalgo","Polic\u00eda Cibern\u00e9tica","Polic\u00eda Estatal","Polic\u00eda Municipal","Tulancingo"],"articleSection":["Hidalgo"],"inLanguage":"es","potentialAction":[{"@type":"CommentAction","name":"Comment","target":["https:\/\/www.alasmedios.com\/index.php\/2025\/02\/03\/refuerzan-seguridad-en-tulancingo-para-reducir-indice-delictivo\/#respond"]}]},{"@type":"WebPage","@id":"https:\/\/www.alasmedios.com\/index.php\/2025\/02\/03\/refuerzan-seguridad-en-tulancingo-para-reducir-indice-delictivo\/","url":"https:\/\/www.alasmedios.com\/index.php\/2025\/02\/03\/refuerzan-seguridad-en-tulancingo-para-reducir-indice-delictivo\/","name":"Refuerzan seguridad en Tulancingo para reducir \u00edndice delictivo - Alas Medios","isPartOf":{"@id":"https:\/\/www.alasmedios.com\/#website"},"primaryImageOfPage":{"@id":"https:\/\/www.alasmedios.com\/index.php\/2025\/02\/03\/refuerzan-seguridad-en-tulancingo-para-reducir-indice-delictivo\/#primaryimage"},"image":{"@id":"https:\/\/www.alasmedios.com\/index.php\/2025\/02\/03\/refuerzan-seguridad-en-tulancingo-para-reducir-indice-delictivo\/#primaryimage"},"thumbnailUrl":"https:\/\/www.alasmedios.com\/wp-content\/uploads\/2025\/02\/Tulancingo-operativo.jpg","datePublished":"2025-02-03T20:30:00+00:00","breadcrumb":{"@id":"https:\/\/www.alasmedios.com\/index.php\/2025\/02\/03\/refuerzan-seguridad-en-tulancingo-para-reducir-indice-delictivo\/#breadcrumb"},"inLanguage":"es","potentialAction":[{"@type":"ReadAction","target":["https:\/\/www.alasmedios.com\/index.php\/2025\/02\/03\/refuerzan-seguridad-en-tulancingo-para-reducir-indice-delictivo\/"]}]},{"@type":"ImageObject","inLanguage":"es","@id":"https:\/\/www.alasmedios.com\/index.php\/2025\/02\/03\/refuerzan-seguridad-en-tulancingo-para-reducir-indice-delictivo\/#primaryimage","url":"https:\/\/www.alasmedios.com\/wp-content\/uploads\/2025\/02\/Tulancingo-operativo.jpg","contentUrl":"https:\/\/www.alasmedios.com\/wp-content\/uploads\/2025\/02\/Tulancingo-operativo.jpg","width":1599,"height":1200},{"@type":"BreadcrumbList","@id":"https:\/\/www.alasmedios.com\/index.php\/2025\/02\/03\/refuerzan-seguridad-en-tulancingo-para-reducir-indice-delictivo\/#breadcrumb","itemListElement":[{"@type":"ListItem","position":1,"name":"Inicio","item":"https:\/\/www.alasmedios.com\/"},{"@type":"ListItem","position":2,"name":"Refuerzan seguridad en Tulancingo para reducir \u00edndice delictivo"}]},{"@type":"WebSite","@id":"https:\/\/www.alasmedios.com\/#website","url":"https:\/\/www.alasmedios.com\/","name":"Alas Medios","description":"Alas para pensar, Alas para volar, Alas de libertad","publisher":{"@id":"https:\/\/www.alasmedios.com\/#organization"},"potentialAction":[{"@type":"SearchAction","target":{"@type":"EntryPoint","urlTemplate":"https:\/\/www.alasmedios.com\/?s={search_term_string}"},"query-input":{"@type":"PropertyValueSpecification","valueRequired":true,"valueName":"search_term_string"}}],"inLanguage":"es"},{"@type":"Organization","@id":"https:\/\/www.alasmedios.com\/#organization","name":"Alas Medios","url":"https:\/\/www.alasmedios.com\/","logo":{"@type":"ImageObject","inLanguage":"es","@id":"https:\/\/www.alasmedios.com\/#\/schema\/logo\/image\/","url":"https:\/\/www.alasmedios.com\/wp-content\/uploads\/2026\/01\/cropped-cropped-GAM-1.png","contentUrl":"https:\/\/www.alasmedios.com\/wp-content\/uploads\/2026\/01\/cropped-cropped-GAM-1.png","width":467,"height":235,"caption":"Alas Medios"},"image":{"@id":"https:\/\/www.alasmedios.com\/#\/schema\/logo\/image\/"}},{"@type":"Person","@id":"https:\/\/www.alasmedios.com\/#\/schema\/person\/0ba31bdd19a05ebf5c7fef1fedf99c34","name":"Keila Rodr\u00edguez Pe\u00f1a","image":{"@type":"ImageObject","inLanguage":"es","@id":"https:\/\/secure.gravatar.com\/avatar\/a2553a2bfaa601b9d539b617c8793e151bdffb60f9e48a249912f86d4c9ebeef?s=96&d=mm&r=g","url":"https:\/\/secure.gravatar.com\/avatar\/a2553a2bfaa601b9d539b617c8793e151bdffb60f9e48a249912f86d4c9ebeef?s=96&d=mm&r=g","contentUrl":"https:\/\/secure.gravatar.com\/avatar\/a2553a2bfaa601b9d539b617c8793e151bdffb60f9e48a249912f86d4c9ebeef?s=96&d=mm&r=g","caption":"Keila Rodr\u00edguez Pe\u00f1a"},"sameAs":["http:\/\/www.alasmedios.com"],"url":"https:\/\/www.alasmedios.com\/index.php\/author\/keila\/"}]}},"_links":{"self":[{"href":"https:\/\/www.alasmedios.com\/index.php\/wp-json\/wp\/v2\/posts\/3406","targetHints":{"allow":["GET"]}}],"collection":[{"href":"https:\/\/www.alasmedios.com\/index.php\/wp-json\/wp\/v2\/posts"}],"about":[{"href":"https:\/\/www.alasmedios.com\/index.php\/wp-json\/wp\/v2\/types\/post"}],"author":[{"embeddable":true,"href":"https:\/\/www.alasmedios.com\/index.php\/wp-json\/wp\/v2\/users\/4"}],"replies":[{"embeddable":true,"href":"https:\/\/www.alasmedios.com\/index.php\/wp-json\/wp\/v2\/comments?post=3406"}],"version-history":[{"count":1,"href":"https:\/\/www.alasmedios.com\/index.php\/wp-json\/wp\/v2\/posts\/3406\/revisions"}],"predecessor-version":[{"id":3409,"href":"https:\/\/www.alasmedios.com\/index.php\/wp-json\/wp\/v2\/posts\/3406\/revisions\/3409"}],"wp:featuredmedia":[{"embeddable":true,"href":"https:\/\/www.alasmedios.com\/index.php\/wp-json\/wp\/v2\/media\/3408"}],"wp:attachment":[{"href":"https:\/\/www.alasmedios.com\/index.php\/wp-json\/wp\/v2\/media?parent=3406"}],"wp:term":[{"taxonomy":"category","embeddable":true,"href":"https:\/\/www.alasmedios.com\/index.php\/wp-json\/wp\/v2\/categories?post=3406"},{"taxonomy":"post_tag","embeddable":true,"href":"https:\/\/www.alasmedios.com\/index.php\/wp-json\/wp\/v2\/tags?post=3406"}],"curies":[{"name":"wp","href":"https:\/\/api.w.org\/{rel}","templated":true}]}}