{"id":3374,"date":"2025-01-31T14:00:00","date_gmt":"2025-01-31T20:00:00","guid":{"rendered":"https:\/\/www.alasmedios.com\/?p=3374"},"modified":"2025-01-30T22:55:30","modified_gmt":"2025-01-31T04:55:30","slug":"mineral-de-la-reforma-instituto-municipal-de-las-mujeres-realiza-taller-de-frutas-cubiertas-con-chocolate","status":"publish","type":"post","link":"https:\/\/www.alasmedios.com\/index.php\/2025\/01\/31\/mineral-de-la-reforma-instituto-municipal-de-las-mujeres-realiza-taller-de-frutas-cubiertas-con-chocolate\/","title":{"rendered":"Mineral de la Reforma: Instituto Municipal de las Mujeres realiza Taller de Frutas Cubiertas con Chocolate"},"content":{"rendered":"\n<p>El Instituto Municipal de las Mujeres de Mineral de la Reforma llev\u00f3 a cabo el Taller de Frutas Cubiertas con Chocolate, un espacio de convivencia y aprendizaje en el que participaron numerosas asistentes.<\/p>\n\n\n\n<p>La actividad, que combin\u00f3 creatividad y gastronom\u00eda, permiti\u00f3 a las participantes explorar nuevas t\u00e9cnicas para la preparaci\u00f3n de postres, fomentando as\u00ed la autonom\u00eda y el disfrute culinario.<\/p>\n\n\n\n<figure class=\"wp-block-gallery has-nested-images columns-default is-cropped wp-block-gallery-1 is-layout-flex wp-block-gallery-is-layout-flex\">\n<figure class=\"wp-block-image size-large\"><img loading=\"lazy\" decoding=\"async\" width=\"1024\" height=\"573\" data-id=\"3380\" src=\"https:\/\/www.alasmedios.com\/wp-content\/uploads\/2025\/01\/taller-chocolate-MR-1024x573.jpg\" alt=\"\" class=\"wp-image-3380\" srcset=\"https:\/\/www.alasmedios.com\/wp-content\/uploads\/2025\/01\/taller-chocolate-MR-1024x573.jpg 1024w, https:\/\/www.alasmedios.com\/wp-content\/uploads\/2025\/01\/taller-chocolate-MR-300x168.jpg 300w, https:\/\/www.alasmedios.com\/wp-content\/uploads\/2025\/01\/taller-chocolate-MR-768x430.jpg 768w, https:\/\/www.alasmedios.com\/wp-content\/uploads\/2025\/01\/taller-chocolate-MR-1536x860.jpg 1536w, https:\/\/www.alasmedios.com\/wp-content\/uploads\/2025\/01\/taller-chocolate-MR.jpg 2048w\" sizes=\"auto, (max-width: 1024px) 100vw, 1024px\" \/><\/figure>\n\n\n\n<figure class=\"wp-block-image size-large\"><img loading=\"lazy\" decoding=\"async\" width=\"1024\" height=\"683\" data-id=\"3378\" src=\"https:\/\/www.alasmedios.com\/wp-content\/uploads\/2025\/01\/chocolate-MR-mujeres-1024x683.jpg\" alt=\"\" class=\"wp-image-3378\" srcset=\"https:\/\/www.alasmedios.com\/wp-content\/uploads\/2025\/01\/chocolate-MR-mujeres-1024x683.jpg 1024w, https:\/\/www.alasmedios.com\/wp-content\/uploads\/2025\/01\/chocolate-MR-mujeres-300x200.jpg 300w, https:\/\/www.alasmedios.com\/wp-content\/uploads\/2025\/01\/chocolate-MR-mujeres-768x512.jpg 768w, https:\/\/www.alasmedios.com\/wp-content\/uploads\/2025\/01\/chocolate-MR-mujeres-1536x1025.jpg 1536w, https:\/\/www.alasmedios.com\/wp-content\/uploads\/2025\/01\/chocolate-MR-mujeres.jpg 2048w\" sizes=\"auto, (max-width: 1024px) 100vw, 1024px\" \/><\/figure>\n\n\n\n<figure class=\"wp-block-image size-large\"><img loading=\"lazy\" decoding=\"async\" width=\"1024\" height=\"683\" data-id=\"3381\" src=\"https:\/\/www.alasmedios.com\/wp-content\/uploads\/2025\/01\/chocolate-MR-1024x683.jpg\" alt=\"\" class=\"wp-image-3381\" srcset=\"https:\/\/www.alasmedios.com\/wp-content\/uploads\/2025\/01\/chocolate-MR-1024x683.jpg 1024w, https:\/\/www.alasmedios.com\/wp-content\/uploads\/2025\/01\/chocolate-MR-300x200.jpg 300w, https:\/\/www.alasmedios.com\/wp-content\/uploads\/2025\/01\/chocolate-MR-768x512.jpg 768w, https:\/\/www.alasmedios.com\/wp-content\/uploads\/2025\/01\/chocolate-MR-1536x1025.jpg 1536w, https:\/\/www.alasmedios.com\/wp-content\/uploads\/2025\/01\/chocolate-MR.jpg 2048w\" sizes=\"auto, (max-width: 1024px) 100vw, 1024px\" \/><\/figure>\n\n\n\n<figure class=\"wp-block-image size-large\"><img loading=\"lazy\" decoding=\"async\" width=\"1024\" height=\"667\" data-id=\"3377\" src=\"https:\/\/www.alasmedios.com\/wp-content\/uploads\/2025\/01\/chocolateMR-1024x667.jpg\" alt=\"\" class=\"wp-image-3377\" srcset=\"https:\/\/www.alasmedios.com\/wp-content\/uploads\/2025\/01\/chocolateMR-1024x667.jpg 1024w, https:\/\/www.alasmedios.com\/wp-content\/uploads\/2025\/01\/chocolateMR-300x195.jpg 300w, https:\/\/www.alasmedios.com\/wp-content\/uploads\/2025\/01\/chocolateMR-768x500.jpg 768w, https:\/\/www.alasmedios.com\/wp-content\/uploads\/2025\/01\/chocolateMR-1536x1001.jpg 1536w, https:\/\/www.alasmedios.com\/wp-content\/uploads\/2025\/01\/chocolateMR.jpg 2048w\" sizes=\"auto, (max-width: 1024px) 100vw, 1024px\" \/><\/figure>\n\n\n\n<figure class=\"wp-block-image size-large\"><img loading=\"lazy\" decoding=\"async\" width=\"960\" height=\"602\" data-id=\"3376\" src=\"https:\/\/www.alasmedios.com\/wp-content\/uploads\/2025\/01\/MR-chocolate.jpg\" alt=\"\" class=\"wp-image-3376\" srcset=\"https:\/\/www.alasmedios.com\/wp-content\/uploads\/2025\/01\/MR-chocolate.jpg 960w, https:\/\/www.alasmedios.com\/wp-content\/uploads\/2025\/01\/MR-chocolate-300x188.jpg 300w, https:\/\/www.alasmedios.com\/wp-content\/uploads\/2025\/01\/MR-chocolate-768x482.jpg 768w\" sizes=\"auto, (max-width: 960px) 100vw, 960px\" \/><\/figure>\n\n\n\n<figure class=\"wp-block-image size-large\"><img loading=\"lazy\" decoding=\"async\" width=\"1024\" height=\"684\" data-id=\"3379\" src=\"https:\/\/www.alasmedios.com\/wp-content\/uploads\/2025\/01\/chocolate-1024x684.jpg\" alt=\"\" class=\"wp-image-3379\" srcset=\"https:\/\/www.alasmedios.com\/wp-content\/uploads\/2025\/01\/chocolate-1024x684.jpg 1024w, https:\/\/www.alasmedios.com\/wp-content\/uploads\/2025\/01\/chocolate-300x200.jpg 300w, https:\/\/www.alasmedios.com\/wp-content\/uploads\/2025\/01\/chocolate-768x513.jpg 768w, https:\/\/www.alasmedios.com\/wp-content\/uploads\/2025\/01\/chocolate-1536x1026.jpg 1536w, https:\/\/www.alasmedios.com\/wp-content\/uploads\/2025\/01\/chocolate.jpg 2048w\" sizes=\"auto, (max-width: 1024px) 100vw, 1024px\" \/><\/figure>\n<\/figure>\n\n\n\n<p>CONTIN\u00daA LEYENDO: <a href=\"https:\/\/www.alasmedios.com\/index.php\/2025\/01\/30\/exito-en-el-circulo-de-sororidad-de-tizayuca\/\" data-type=\"post\" data-id=\"3357\">\u00c9xito en el C\u00edrculo de Sororidad de Tizayuca<\/a><\/p>\n\n\n\n<p>Desde la instituci\u00f3n expresaron su agradecimiento a las usuarias por su entusiasmo y energ\u00eda, destacando que estos encuentros buscan fortalecer la comunidad y generar espacios de integraci\u00f3n.<\/p>\n\n\n\n<p>El Instituto invit\u00f3 a las asistentes a seguir participando en futuras actividades que promuevan el desarrollo personal y colectivo.<\/p>\n\n\n<ul class=\"wp-block-latest-posts__list is-grid columns-3 wp-block-latest-posts\"><li><div class=\"wp-block-latest-posts__featured-image\"><img loading=\"lazy\" decoding=\"async\" width=\"150\" height=\"150\" src=\"https:\/\/www.alasmedios.com\/wp-content\/uploads\/2026\/04\/vacuna-embarazo-150x150.png\" class=\"attachment-thumbnail size-thumbnail wp-post-image\" alt=\"\" style=\"\" \/><\/div><a class=\"wp-block-latest-posts__post-title\" href=\"https:\/\/www.alasmedios.com\/index.php\/2026\/04\/28\/mexico-nueva-vacuna-en-embarazo-busca-proteger-a-recien-nacidos-de-infecciones-respiratorias\/\">M\u00e9xico: nueva vacuna en embarazo busca proteger a reci\u00e9n nacidos de infecciones respiratorias<\/a><\/li>\n<li><div class=\"wp-block-latest-posts__featured-image\"><img loading=\"lazy\" decoding=\"async\" width=\"150\" height=\"150\" src=\"https:\/\/www.alasmedios.com\/wp-content\/uploads\/2026\/04\/gusano-barrenador-capacitacion-Apan-150x150.jpg\" class=\"attachment-thumbnail size-thumbnail wp-post-image\" alt=\"\" style=\"\" \/><\/div><a class=\"wp-block-latest-posts__post-title\" href=\"https:\/\/www.alasmedios.com\/index.php\/2026\/04\/28\/apan-convoca-a-productores-a-capacitacion-contra-el-gusano-barrenador\/\">Apan convoca a productores a capacitaci\u00f3n contra el gusano barrenador<\/a><\/li>\n<li><div class=\"wp-block-latest-posts__featured-image\"><img loading=\"lazy\" decoding=\"async\" width=\"150\" height=\"150\" src=\"https:\/\/www.alasmedios.com\/wp-content\/uploads\/2026\/04\/Daniela-Gaxiola-pocio-copa-mundial-de-ciclismo-de-pista-150x150.jpg\" class=\"attachment-thumbnail size-thumbnail wp-post-image\" alt=\"\" style=\"\" \/><\/div><a class=\"wp-block-latest-posts__post-title\" href=\"https:\/\/www.alasmedios.com\/index.php\/2026\/04\/28\/daniela-gaxiola-empuja-a-mexico-cierra-con-fuerza-la-copa-del-mundo-de-ciclismo-de-pista\/\">Daniela Gaxiola empuja a M\u00e9xico: cierra con fuerza la Copa del Mundo de Ciclismo de Pista<\/a><\/li>\n<\/ul>","protected":false},"excerpt":{"rendered":"<p>El Instituto Municipal de las Mujeres de Mineral de la Reforma llev\u00f3 a cabo el Taller de Frutas Cubiertas con<\/p>\n","protected":false},"author":4,"featured_media":3375,"comment_status":"open","ping_status":"open","sticky":false,"template":"","format":"standard","meta":{"colormag_page_container_layout":"default_layout","colormag_page_sidebar_layout":"default_layout","rop_custom_images_group":[],"rop_custom_messages_group":[],"rop_publish_now":"initial","rop_publish_now_accounts":[],"rop_publish_now_history":[],"rop_publish_now_status":"pending","iawp_total_views":0,"footnotes":""},"categories":[41],"tags":[99,1227,590,53,1226],"class_list":["post-3374","post","type-post","status-publish","format-standard","has-post-thumbnail","hentry","category-hidalgo","tag-hidalgo","tag-instituto-municipal-de-las-mujeres-de-mineral-de-la-reforma","tag-mineral-de-la-reforma","tag-mujeres","tag-taller-de-frutas-cubiertas-con-chocolate"],"magazineBlocksPostFeaturedMedia":{"thumbnail":"https:\/\/www.alasmedios.com\/wp-content\/uploads\/2025\/01\/MR-Mujeres-150x150.jpg","medium":"https:\/\/www.alasmedios.com\/wp-content\/uploads\/2025\/01\/MR-Mujeres-300x200.jpg","medium_large":"https:\/\/www.alasmedios.com\/wp-content\/uploads\/2025\/01\/MR-Mujeres-768x512.jpg","large":"https:\/\/www.alasmedios.com\/wp-content\/uploads\/2025\/01\/MR-Mujeres-1024x683.jpg","1536x1536":"https:\/\/www.alasmedios.com\/wp-content\/uploads\/2025\/01\/MR-Mujeres-1536x1025.jpg","2048x2048":"https:\/\/www.alasmedios.com\/wp-content\/uploads\/2025\/01\/MR-Mujeres.jpg","colormag-highlighted-post":"https:\/\/www.alasmedios.com\/wp-content\/uploads\/2025\/01\/MR-Mujeres-392x272.jpg","colormag-featured-post-medium":"https:\/\/www.alasmedios.com\/wp-content\/uploads\/2025\/01\/MR-Mujeres-390x205.jpg","colormag-featured-post-small":"https:\/\/www.alasmedios.com\/wp-content\/uploads\/2025\/01\/MR-Mujeres-130x90.jpg","colormag-featured-image":"https:\/\/www.alasmedios.com\/wp-content\/uploads\/2025\/01\/MR-Mujeres-800x445.jpg","colormag-default-news":"https:\/\/www.alasmedios.com\/wp-content\/uploads\/2025\/01\/MR-Mujeres-150x150.jpg","colormag-featured-image-large":"https:\/\/www.alasmedios.com\/wp-content\/uploads\/2025\/01\/MR-Mujeres-1400x600.jpg"},"magazineBlocksPostAuthor":{"name":"Keila Rodr\u00edguez Pe\u00f1a","avatar":"https:\/\/secure.gravatar.com\/avatar\/a2553a2bfaa601b9d539b617c8793e151bdffb60f9e48a249912f86d4c9ebeef?s=96&d=mm&r=g"},"magazineBlocksPostCommentsNumber":"0","magazineBlocksPostExcerpt":"El Instituto Municipal de las Mujeres de Mineral de la Reforma llev\u00f3 a cabo el Taller de Frutas Cubiertas con","magazineBlocksPostCategories":["Hidalgo"],"magazineBlocksPostViewCount":204,"magazineBlocksPostReadTime":1,"magazine_blocks_featured_image_url":{"full":["https:\/\/www.alasmedios.com\/wp-content\/uploads\/2025\/01\/MR-Mujeres.jpg",2048,1366,false],"medium":["https:\/\/www.alasmedios.com\/wp-content\/uploads\/2025\/01\/MR-Mujeres-300x200.jpg",300,200,true],"thumbnail":["https:\/\/www.alasmedios.com\/wp-content\/uploads\/2025\/01\/MR-Mujeres-150x150.jpg",150,150,true]},"magazine_blocks_author":{"display_name":"Keila Rodr\u00edguez Pe\u00f1a","author_link":"https:\/\/www.alasmedios.com\/index.php\/author\/keila\/"},"magazine_blocks_comment":0,"magazine_blocks_author_image":"https:\/\/secure.gravatar.com\/avatar\/a2553a2bfaa601b9d539b617c8793e151bdffb60f9e48a249912f86d4c9ebeef?s=96&d=mm&r=g","magazine_blocks_category":"<a href=\"#\" class=\"category-link category-link-41\">Hidalgo<\/a>","yoast_head":"<!-- This site is optimized with the Yoast SEO plugin v27.5 - https:\/\/yoast.com\/product\/yoast-seo-wordpress\/ -->\r\n<title>Mineral de la Reforma: Instituto Municipal de las Mujeres realiza Taller de Frutas Cubiertas con Chocolate - Alas Medios<\/title>\r\n<meta name=\"robots\" content=\"index, follow, max-snippet:-1, max-image-preview:large, max-video-preview:-1\" \/>\r\n<link rel=\"canonical\" href=\"https:\/\/www.alasmedios.com\/index.php\/2025\/01\/31\/mineral-de-la-reforma-instituto-municipal-de-las-mujeres-realiza-taller-de-frutas-cubiertas-con-chocolate\/\" \/>\r\n<meta property=\"og:locale\" content=\"es_MX\" \/>\r\n<meta property=\"og:type\" content=\"article\" \/>\r\n<meta property=\"og:title\" content=\"Mineral de la Reforma: Instituto Municipal de las Mujeres realiza Taller de Frutas Cubiertas con Chocolate - Alas Medios\" \/>\r\n<meta property=\"og:description\" content=\"El Instituto Municipal de las Mujeres de Mineral de la Reforma llev\u00f3 a cabo el Taller de Frutas Cubiertas con\" \/>\r\n<meta property=\"og:url\" content=\"https:\/\/www.alasmedios.com\/index.php\/2025\/01\/31\/mineral-de-la-reforma-instituto-municipal-de-las-mujeres-realiza-taller-de-frutas-cubiertas-con-chocolate\/\" \/>\r\n<meta property=\"og:site_name\" content=\"Alas Medios\" \/>\r\n<meta property=\"article:published_time\" content=\"2025-01-31T20:00:00+00:00\" \/>\r\n<meta property=\"og:image\" content=\"https:\/\/www.alasmedios.com\/wp-content\/uploads\/2025\/01\/MR-Mujeres.jpg\" \/>\r\n\t<meta property=\"og:image:width\" content=\"2048\" \/>\r\n\t<meta property=\"og:image:height\" content=\"1366\" \/>\r\n\t<meta property=\"og:image:type\" content=\"image\/jpeg\" \/>\r\n<meta name=\"author\" content=\"Keila Rodr\u00edguez Pe\u00f1a\" \/>\r\n<meta name=\"twitter:card\" content=\"summary_large_image\" \/>\r\n<meta name=\"twitter:label1\" content=\"Escrito por\" \/>\n\t<meta name=\"twitter:data1\" content=\"Keila Rodr\u00edguez Pe\u00f1a\" \/>\n\t<meta name=\"twitter:label2\" content=\"Tiempo de lectura\" \/>\n\t<meta name=\"twitter:data2\" content=\"1 minuto\" \/>\r\n<script type=\"application\/ld+json\" class=\"yoast-schema-graph\">{\"@context\":\"https:\\\/\\\/schema.org\",\"@graph\":[{\"@type\":\"Article\",\"@id\":\"https:\\\/\\\/www.alasmedios.com\\\/index.php\\\/2025\\\/01\\\/31\\\/mineral-de-la-reforma-instituto-municipal-de-las-mujeres-realiza-taller-de-frutas-cubiertas-con-chocolate\\\/#article\",\"isPartOf\":{\"@id\":\"https:\\\/\\\/www.alasmedios.com\\\/index.php\\\/2025\\\/01\\\/31\\\/mineral-de-la-reforma-instituto-municipal-de-las-mujeres-realiza-taller-de-frutas-cubiertas-con-chocolate\\\/\"},\"author\":{\"name\":\"Keila Rodr\u00edguez Pe\u00f1a\",\"@id\":\"https:\\\/\\\/www.alasmedios.com\\\/#\\\/schema\\\/person\\\/0ba31bdd19a05ebf5c7fef1fedf99c34\"},\"headline\":\"Mineral de la Reforma: Instituto Municipal de las Mujeres realiza Taller de Frutas Cubiertas con Chocolate\",\"datePublished\":\"2025-01-31T20:00:00+00:00\",\"mainEntityOfPage\":{\"@id\":\"https:\\\/\\\/www.alasmedios.com\\\/index.php\\\/2025\\\/01\\\/31\\\/mineral-de-la-reforma-instituto-municipal-de-las-mujeres-realiza-taller-de-frutas-cubiertas-con-chocolate\\\/\"},\"wordCount\":141,\"commentCount\":0,\"publisher\":{\"@id\":\"https:\\\/\\\/www.alasmedios.com\\\/#organization\"},\"image\":{\"@id\":\"https:\\\/\\\/www.alasmedios.com\\\/index.php\\\/2025\\\/01\\\/31\\\/mineral-de-la-reforma-instituto-municipal-de-las-mujeres-realiza-taller-de-frutas-cubiertas-con-chocolate\\\/#primaryimage\"},\"thumbnailUrl\":\"https:\\\/\\\/www.alasmedios.com\\\/wp-content\\\/uploads\\\/2025\\\/01\\\/MR-Mujeres.jpg\",\"keywords\":[\"Hidalgo\",\"Instituto Municipal de las Mujeres de Mineral de la Reforma\",\"Mineral de la Reforma\",\"Mujeres\",\"Taller de Frutas Cubiertas con Chocolate\"],\"articleSection\":[\"Hidalgo\"],\"inLanguage\":\"es\",\"potentialAction\":[{\"@type\":\"CommentAction\",\"name\":\"Comment\",\"target\":[\"https:\\\/\\\/www.alasmedios.com\\\/index.php\\\/2025\\\/01\\\/31\\\/mineral-de-la-reforma-instituto-municipal-de-las-mujeres-realiza-taller-de-frutas-cubiertas-con-chocolate\\\/#respond\"]}]},{\"@type\":\"WebPage\",\"@id\":\"https:\\\/\\\/www.alasmedios.com\\\/index.php\\\/2025\\\/01\\\/31\\\/mineral-de-la-reforma-instituto-municipal-de-las-mujeres-realiza-taller-de-frutas-cubiertas-con-chocolate\\\/\",\"url\":\"https:\\\/\\\/www.alasmedios.com\\\/index.php\\\/2025\\\/01\\\/31\\\/mineral-de-la-reforma-instituto-municipal-de-las-mujeres-realiza-taller-de-frutas-cubiertas-con-chocolate\\\/\",\"name\":\"Mineral de la Reforma: Instituto Municipal de las Mujeres realiza Taller de Frutas Cubiertas con Chocolate - Alas Medios\",\"isPartOf\":{\"@id\":\"https:\\\/\\\/www.alasmedios.com\\\/#website\"},\"primaryImageOfPage\":{\"@id\":\"https:\\\/\\\/www.alasmedios.com\\\/index.php\\\/2025\\\/01\\\/31\\\/mineral-de-la-reforma-instituto-municipal-de-las-mujeres-realiza-taller-de-frutas-cubiertas-con-chocolate\\\/#primaryimage\"},\"image\":{\"@id\":\"https:\\\/\\\/www.alasmedios.com\\\/index.php\\\/2025\\\/01\\\/31\\\/mineral-de-la-reforma-instituto-municipal-de-las-mujeres-realiza-taller-de-frutas-cubiertas-con-chocolate\\\/#primaryimage\"},\"thumbnailUrl\":\"https:\\\/\\\/www.alasmedios.com\\\/wp-content\\\/uploads\\\/2025\\\/01\\\/MR-Mujeres.jpg\",\"datePublished\":\"2025-01-31T20:00:00+00:00\",\"breadcrumb\":{\"@id\":\"https:\\\/\\\/www.alasmedios.com\\\/index.php\\\/2025\\\/01\\\/31\\\/mineral-de-la-reforma-instituto-municipal-de-las-mujeres-realiza-taller-de-frutas-cubiertas-con-chocolate\\\/#breadcrumb\"},\"inLanguage\":\"es\",\"potentialAction\":[{\"@type\":\"ReadAction\",\"target\":[\"https:\\\/\\\/www.alasmedios.com\\\/index.php\\\/2025\\\/01\\\/31\\\/mineral-de-la-reforma-instituto-municipal-de-las-mujeres-realiza-taller-de-frutas-cubiertas-con-chocolate\\\/\"]}]},{\"@type\":\"ImageObject\",\"inLanguage\":\"es\",\"@id\":\"https:\\\/\\\/www.alasmedios.com\\\/index.php\\\/2025\\\/01\\\/31\\\/mineral-de-la-reforma-instituto-municipal-de-las-mujeres-realiza-taller-de-frutas-cubiertas-con-chocolate\\\/#primaryimage\",\"url\":\"https:\\\/\\\/www.alasmedios.com\\\/wp-content\\\/uploads\\\/2025\\\/01\\\/MR-Mujeres.jpg\",\"contentUrl\":\"https:\\\/\\\/www.alasmedios.com\\\/wp-content\\\/uploads\\\/2025\\\/01\\\/MR-Mujeres.jpg\",\"width\":2048,\"height\":1366},{\"@type\":\"BreadcrumbList\",\"@id\":\"https:\\\/\\\/www.alasmedios.com\\\/index.php\\\/2025\\\/01\\\/31\\\/mineral-de-la-reforma-instituto-municipal-de-las-mujeres-realiza-taller-de-frutas-cubiertas-con-chocolate\\\/#breadcrumb\",\"itemListElement\":[{\"@type\":\"ListItem\",\"position\":1,\"name\":\"Inicio\",\"item\":\"https:\\\/\\\/www.alasmedios.com\\\/\"},{\"@type\":\"ListItem\",\"position\":2,\"name\":\"Mineral de la Reforma: Instituto Municipal de las Mujeres realiza Taller de Frutas Cubiertas con Chocolate\"}]},{\"@type\":\"WebSite\",\"@id\":\"https:\\\/\\\/www.alasmedios.com\\\/#website\",\"url\":\"https:\\\/\\\/www.alasmedios.com\\\/\",\"name\":\"Alas Medios\",\"description\":\"Alas para pensar, Alas para volar, Alas de libertad\",\"publisher\":{\"@id\":\"https:\\\/\\\/www.alasmedios.com\\\/#organization\"},\"potentialAction\":[{\"@type\":\"SearchAction\",\"target\":{\"@type\":\"EntryPoint\",\"urlTemplate\":\"https:\\\/\\\/www.alasmedios.com\\\/?s={search_term_string}\"},\"query-input\":{\"@type\":\"PropertyValueSpecification\",\"valueRequired\":true,\"valueName\":\"search_term_string\"}}],\"inLanguage\":\"es\"},{\"@type\":\"Organization\",\"@id\":\"https:\\\/\\\/www.alasmedios.com\\\/#organization\",\"name\":\"Alas Medios\",\"url\":\"https:\\\/\\\/www.alasmedios.com\\\/\",\"logo\":{\"@type\":\"ImageObject\",\"inLanguage\":\"es\",\"@id\":\"https:\\\/\\\/www.alasmedios.com\\\/#\\\/schema\\\/logo\\\/image\\\/\",\"url\":\"https:\\\/\\\/www.alasmedios.com\\\/wp-content\\\/uploads\\\/2026\\\/01\\\/cropped-cropped-GAM-1.png\",\"contentUrl\":\"https:\\\/\\\/www.alasmedios.com\\\/wp-content\\\/uploads\\\/2026\\\/01\\\/cropped-cropped-GAM-1.png\",\"width\":467,\"height\":235,\"caption\":\"Alas Medios\"},\"image\":{\"@id\":\"https:\\\/\\\/www.alasmedios.com\\\/#\\\/schema\\\/logo\\\/image\\\/\"}},{\"@type\":\"Person\",\"@id\":\"https:\\\/\\\/www.alasmedios.com\\\/#\\\/schema\\\/person\\\/0ba31bdd19a05ebf5c7fef1fedf99c34\",\"name\":\"Keila Rodr\u00edguez Pe\u00f1a\",\"image\":{\"@type\":\"ImageObject\",\"inLanguage\":\"es\",\"@id\":\"https:\\\/\\\/secure.gravatar.com\\\/avatar\\\/a2553a2bfaa601b9d539b617c8793e151bdffb60f9e48a249912f86d4c9ebeef?s=96&d=mm&r=g\",\"url\":\"https:\\\/\\\/secure.gravatar.com\\\/avatar\\\/a2553a2bfaa601b9d539b617c8793e151bdffb60f9e48a249912f86d4c9ebeef?s=96&d=mm&r=g\",\"contentUrl\":\"https:\\\/\\\/secure.gravatar.com\\\/avatar\\\/a2553a2bfaa601b9d539b617c8793e151bdffb60f9e48a249912f86d4c9ebeef?s=96&d=mm&r=g\",\"caption\":\"Keila Rodr\u00edguez Pe\u00f1a\"},\"sameAs\":[\"http:\\\/\\\/www.alasmedios.com\"],\"url\":\"https:\\\/\\\/www.alasmedios.com\\\/index.php\\\/author\\\/keila\\\/\"}]}<\/script>\r\n<!-- \/ Yoast SEO plugin. -->","yoast_head_json":{"title":"Mineral de la Reforma: Instituto Municipal de las Mujeres realiza Taller de Frutas Cubiertas con Chocolate - Alas Medios","robots":{"index":"index","follow":"follow","max-snippet":"max-snippet:-1","max-image-preview":"max-image-preview:large","max-video-preview":"max-video-preview:-1"},"canonical":"https:\/\/www.alasmedios.com\/index.php\/2025\/01\/31\/mineral-de-la-reforma-instituto-municipal-de-las-mujeres-realiza-taller-de-frutas-cubiertas-con-chocolate\/","og_locale":"es_MX","og_type":"article","og_title":"Mineral de la Reforma: Instituto Municipal de las Mujeres realiza Taller de Frutas Cubiertas con Chocolate - Alas Medios","og_description":"El Instituto Municipal de las Mujeres de Mineral de la Reforma llev\u00f3 a cabo el Taller de Frutas Cubiertas con","og_url":"https:\/\/www.alasmedios.com\/index.php\/2025\/01\/31\/mineral-de-la-reforma-instituto-municipal-de-las-mujeres-realiza-taller-de-frutas-cubiertas-con-chocolate\/","og_site_name":"Alas Medios","article_published_time":"2025-01-31T20:00:00+00:00","og_image":[{"width":2048,"height":1366,"url":"https:\/\/www.alasmedios.com\/wp-content\/uploads\/2025\/01\/MR-Mujeres.jpg","type":"image\/jpeg"}],"author":"Keila Rodr\u00edguez Pe\u00f1a","twitter_card":"summary_large_image","twitter_misc":{"Escrito por":"Keila Rodr\u00edguez Pe\u00f1a","Tiempo de lectura":"1 minuto"},"schema":{"@context":"https:\/\/schema.org","@graph":[{"@type":"Article","@id":"https:\/\/www.alasmedios.com\/index.php\/2025\/01\/31\/mineral-de-la-reforma-instituto-municipal-de-las-mujeres-realiza-taller-de-frutas-cubiertas-con-chocolate\/#article","isPartOf":{"@id":"https:\/\/www.alasmedios.com\/index.php\/2025\/01\/31\/mineral-de-la-reforma-instituto-municipal-de-las-mujeres-realiza-taller-de-frutas-cubiertas-con-chocolate\/"},"author":{"name":"Keila Rodr\u00edguez Pe\u00f1a","@id":"https:\/\/www.alasmedios.com\/#\/schema\/person\/0ba31bdd19a05ebf5c7fef1fedf99c34"},"headline":"Mineral de la Reforma: Instituto Municipal de las Mujeres realiza Taller de Frutas Cubiertas con Chocolate","datePublished":"2025-01-31T20:00:00+00:00","mainEntityOfPage":{"@id":"https:\/\/www.alasmedios.com\/index.php\/2025\/01\/31\/mineral-de-la-reforma-instituto-municipal-de-las-mujeres-realiza-taller-de-frutas-cubiertas-con-chocolate\/"},"wordCount":141,"commentCount":0,"publisher":{"@id":"https:\/\/www.alasmedios.com\/#organization"},"image":{"@id":"https:\/\/www.alasmedios.com\/index.php\/2025\/01\/31\/mineral-de-la-reforma-instituto-municipal-de-las-mujeres-realiza-taller-de-frutas-cubiertas-con-chocolate\/#primaryimage"},"thumbnailUrl":"https:\/\/www.alasmedios.com\/wp-content\/uploads\/2025\/01\/MR-Mujeres.jpg","keywords":["Hidalgo","Instituto Municipal de las Mujeres de Mineral de la Reforma","Mineral de la Reforma","Mujeres","Taller de Frutas Cubiertas con Chocolate"],"articleSection":["Hidalgo"],"inLanguage":"es","potentialAction":[{"@type":"CommentAction","name":"Comment","target":["https:\/\/www.alasmedios.com\/index.php\/2025\/01\/31\/mineral-de-la-reforma-instituto-municipal-de-las-mujeres-realiza-taller-de-frutas-cubiertas-con-chocolate\/#respond"]}]},{"@type":"WebPage","@id":"https:\/\/www.alasmedios.com\/index.php\/2025\/01\/31\/mineral-de-la-reforma-instituto-municipal-de-las-mujeres-realiza-taller-de-frutas-cubiertas-con-chocolate\/","url":"https:\/\/www.alasmedios.com\/index.php\/2025\/01\/31\/mineral-de-la-reforma-instituto-municipal-de-las-mujeres-realiza-taller-de-frutas-cubiertas-con-chocolate\/","name":"Mineral de la Reforma: Instituto Municipal de las Mujeres realiza Taller de Frutas Cubiertas con Chocolate - Alas Medios","isPartOf":{"@id":"https:\/\/www.alasmedios.com\/#website"},"primaryImageOfPage":{"@id":"https:\/\/www.alasmedios.com\/index.php\/2025\/01\/31\/mineral-de-la-reforma-instituto-municipal-de-las-mujeres-realiza-taller-de-frutas-cubiertas-con-chocolate\/#primaryimage"},"image":{"@id":"https:\/\/www.alasmedios.com\/index.php\/2025\/01\/31\/mineral-de-la-reforma-instituto-municipal-de-las-mujeres-realiza-taller-de-frutas-cubiertas-con-chocolate\/#primaryimage"},"thumbnailUrl":"https:\/\/www.alasmedios.com\/wp-content\/uploads\/2025\/01\/MR-Mujeres.jpg","datePublished":"2025-01-31T20:00:00+00:00","breadcrumb":{"@id":"https:\/\/www.alasmedios.com\/index.php\/2025\/01\/31\/mineral-de-la-reforma-instituto-municipal-de-las-mujeres-realiza-taller-de-frutas-cubiertas-con-chocolate\/#breadcrumb"},"inLanguage":"es","potentialAction":[{"@type":"ReadAction","target":["https:\/\/www.alasmedios.com\/index.php\/2025\/01\/31\/mineral-de-la-reforma-instituto-municipal-de-las-mujeres-realiza-taller-de-frutas-cubiertas-con-chocolate\/"]}]},{"@type":"ImageObject","inLanguage":"es","@id":"https:\/\/www.alasmedios.com\/index.php\/2025\/01\/31\/mineral-de-la-reforma-instituto-municipal-de-las-mujeres-realiza-taller-de-frutas-cubiertas-con-chocolate\/#primaryimage","url":"https:\/\/www.alasmedios.com\/wp-content\/uploads\/2025\/01\/MR-Mujeres.jpg","contentUrl":"https:\/\/www.alasmedios.com\/wp-content\/uploads\/2025\/01\/MR-Mujeres.jpg","width":2048,"height":1366},{"@type":"BreadcrumbList","@id":"https:\/\/www.alasmedios.com\/index.php\/2025\/01\/31\/mineral-de-la-reforma-instituto-municipal-de-las-mujeres-realiza-taller-de-frutas-cubiertas-con-chocolate\/#breadcrumb","itemListElement":[{"@type":"ListItem","position":1,"name":"Inicio","item":"https:\/\/www.alasmedios.com\/"},{"@type":"ListItem","position":2,"name":"Mineral de la Reforma: Instituto Municipal de las Mujeres realiza Taller de Frutas Cubiertas con Chocolate"}]},{"@type":"WebSite","@id":"https:\/\/www.alasmedios.com\/#website","url":"https:\/\/www.alasmedios.com\/","name":"Alas Medios","description":"Alas para pensar, Alas para volar, Alas de libertad","publisher":{"@id":"https:\/\/www.alasmedios.com\/#organization"},"potentialAction":[{"@type":"SearchAction","target":{"@type":"EntryPoint","urlTemplate":"https:\/\/www.alasmedios.com\/?s={search_term_string}"},"query-input":{"@type":"PropertyValueSpecification","valueRequired":true,"valueName":"search_term_string"}}],"inLanguage":"es"},{"@type":"Organization","@id":"https:\/\/www.alasmedios.com\/#organization","name":"Alas Medios","url":"https:\/\/www.alasmedios.com\/","logo":{"@type":"ImageObject","inLanguage":"es","@id":"https:\/\/www.alasmedios.com\/#\/schema\/logo\/image\/","url":"https:\/\/www.alasmedios.com\/wp-content\/uploads\/2026\/01\/cropped-cropped-GAM-1.png","contentUrl":"https:\/\/www.alasmedios.com\/wp-content\/uploads\/2026\/01\/cropped-cropped-GAM-1.png","width":467,"height":235,"caption":"Alas Medios"},"image":{"@id":"https:\/\/www.alasmedios.com\/#\/schema\/logo\/image\/"}},{"@type":"Person","@id":"https:\/\/www.alasmedios.com\/#\/schema\/person\/0ba31bdd19a05ebf5c7fef1fedf99c34","name":"Keila Rodr\u00edguez Pe\u00f1a","image":{"@type":"ImageObject","inLanguage":"es","@id":"https:\/\/secure.gravatar.com\/avatar\/a2553a2bfaa601b9d539b617c8793e151bdffb60f9e48a249912f86d4c9ebeef?s=96&d=mm&r=g","url":"https:\/\/secure.gravatar.com\/avatar\/a2553a2bfaa601b9d539b617c8793e151bdffb60f9e48a249912f86d4c9ebeef?s=96&d=mm&r=g","contentUrl":"https:\/\/secure.gravatar.com\/avatar\/a2553a2bfaa601b9d539b617c8793e151bdffb60f9e48a249912f86d4c9ebeef?s=96&d=mm&r=g","caption":"Keila Rodr\u00edguez Pe\u00f1a"},"sameAs":["http:\/\/www.alasmedios.com"],"url":"https:\/\/www.alasmedios.com\/index.php\/author\/keila\/"}]}},"_links":{"self":[{"href":"https:\/\/www.alasmedios.com\/index.php\/wp-json\/wp\/v2\/posts\/3374","targetHints":{"allow":["GET"]}}],"collection":[{"href":"https:\/\/www.alasmedios.com\/index.php\/wp-json\/wp\/v2\/posts"}],"about":[{"href":"https:\/\/www.alasmedios.com\/index.php\/wp-json\/wp\/v2\/types\/post"}],"author":[{"embeddable":true,"href":"https:\/\/www.alasmedios.com\/index.php\/wp-json\/wp\/v2\/users\/4"}],"replies":[{"embeddable":true,"href":"https:\/\/www.alasmedios.com\/index.php\/wp-json\/wp\/v2\/comments?post=3374"}],"version-history":[{"count":1,"href":"https:\/\/www.alasmedios.com\/index.php\/wp-json\/wp\/v2\/posts\/3374\/revisions"}],"predecessor-version":[{"id":3382,"href":"https:\/\/www.alasmedios.com\/index.php\/wp-json\/wp\/v2\/posts\/3374\/revisions\/3382"}],"wp:featuredmedia":[{"embeddable":true,"href":"https:\/\/www.alasmedios.com\/index.php\/wp-json\/wp\/v2\/media\/3375"}],"wp:attachment":[{"href":"https:\/\/www.alasmedios.com\/index.php\/wp-json\/wp\/v2\/media?parent=3374"}],"wp:term":[{"taxonomy":"category","embeddable":true,"href":"https:\/\/www.alasmedios.com\/index.php\/wp-json\/wp\/v2\/categories?post=3374"},{"taxonomy":"post_tag","embeddable":true,"href":"https:\/\/www.alasmedios.com\/index.php\/wp-json\/wp\/v2\/tags?post=3374"}],"curies":[{"name":"wp","href":"https:\/\/api.w.org\/{rel}","templated":true}]}}