{"id":3371,"date":"2025-01-31T13:00:00","date_gmt":"2025-01-31T19:00:00","guid":{"rendered":"https:\/\/www.alasmedios.com\/?p=3371"},"modified":"2025-01-30T22:40:26","modified_gmt":"2025-01-31T04:40:26","slug":"justicia-francesa-interroga-a-dominique-pelicot-por-dos-casos-sin-resolver-de-los-anos-90","status":"publish","type":"post","link":"https:\/\/www.alasmedios.com\/index.php\/2025\/01\/31\/justicia-francesa-interroga-a-dominique-pelicot-por-dos-casos-sin-resolver-de-los-anos-90\/","title":{"rendered":"Justicia francesa interroga a Dominique Pelicot por dos casos sin resolver de los a\u00f1os 90"},"content":{"rendered":"\n<p>La justicia francesa interrog\u00f3 este jueves a<strong> Dominique Pelicot, <\/strong>condenado en diciembre a 20 a\u00f1os de prisi\u00f3n por drogar y violar a su exmujer junto a desconocidos, para esclarecer su posible implicaci\u00f3n en dos casos sin resolver de la d\u00e9cada de 1990, seg\u00fan inform\u00f3 su abogada.<\/p>\n\n\n\n<p><strong>Pelicot<\/strong>, de<strong> 72 a\u00f1os<\/strong>, est\u00e1 imputado en <strong>dos agresiones: el asesinato con violaci\u00f3n de Sophie Narme en 1991,<\/strong> que <strong>niega<\/strong>, y un <strong>intento de violaci\u00f3n en 1999, <\/strong>que ha <strong>reconocido <\/strong>tras haberse identificado su <strong>ADN <\/strong>en la escena.<\/p>\n\n\n\n<p><em>&#8220;Es un reconocimiento muy parcial&#8221;<\/em>, se\u00f1al\u00f3 su abogada, <strong>B\u00e9atrice Zavarro<\/strong>, antes del interrogatorio ante una jueza de instrucci\u00f3n.<\/p>\n\n\n\n<p>Ambos ataques ocurrieron mucho antes de las violaciones con sumisi\u00f3n qu\u00edmica que perpetr\u00f3 entre 2011 y 2020 contra su esposa, <strong>Gis\u00e8le Pelicot. <\/strong><\/p>\n\n\n\n<p>NOTA RELACIONADA: <a href=\"https:\/\/www.alasmedios.com\/index.php\/2024\/12\/19\/gisele-justicia-parcial-condenan-a-20-anos-a-dominique-pelicot\/\" data-type=\"post\" data-id=\"2929\">Gis\u00e8le: justicia parcial, condenan a 20 a\u00f1os a Dominique Pelicot<\/a><\/p>\n\n\n\n<p>Este largo intervalo ha despertado la sospecha de que podr\u00edan existir m\u00e1s v\u00edctimas.<\/p>\n\n\n\n<p>Durante su juicio en Avi\u00f1\u00f3n, el acusado admiti\u00f3 su participaci\u00f3n en el intento de violaci\u00f3n de 1999. <em>&#8220;Retir\u00e9 su remera, sus zapatos y su pantal\u00f3n, pero no hice nada&#8221;<\/em>, declar\u00f3 en noviembre. <\/p>\n\n\n\n<p>No obstante, niega cualquier v\u00ednculo con el asesinato de <strong>Sophie Narme<\/strong>, pese a las similitudes en el <em>&#8220;modus operandi&#8221;.<\/em><\/p>\n\n\n\n<p>Las dos v\u00edctimas ten\u00edan <strong>23 a\u00f1os <\/strong>y trabajaban como agentes inmobiliarias. <\/p>\n\n\n\n<p>En ambos casos, fueron contactadas por un hombre con un nombre falso para visitar un departamento y desnudadas de la misma manera.<\/p>\n\n\n\n<p>CONTIN\u00daA LEYENDO: <a href=\"https:\/\/www.alasmedios.com\/index.php\/2025\/01\/30\/declaran-culpables-a-14-miembros-de-secta-en-australia-por-la-muerte-de-una-nina-de-8-anos\/\" data-type=\"post\" data-id=\"3350\">Declaran culpables a 14 miembros de secta en Australia por la muerte de una ni\u00f1a de 8 a\u00f1os<\/a> <\/p>\n\n\n\n<p>En la escena del crimen de <strong>Narme <\/strong>se percibi\u00f3 un fuerte olor a \u00e9ter, la misma sustancia que se us\u00f3 en la agresi\u00f3n de 1999.<\/p>\n\n\n\n<p><strong>Florence Rault, <\/strong>abogada de las partes civiles en ambos casos, declar\u00f3 a AFP que esperar\u00e1 el final del interrogatorio antes de hacer comentarios.<\/p>\n\n\n<ul class=\"wp-block-latest-posts__list is-grid columns-3 wp-block-latest-posts\"><li><div class=\"wp-block-latest-posts__featured-image\"><img loading=\"lazy\" decoding=\"async\" width=\"150\" height=\"150\" src=\"https:\/\/www.alasmedios.com\/wp-content\/uploads\/2026\/04\/uaeh9-150x150.jpg\" class=\"attachment-thumbnail size-thumbnail wp-post-image\" alt=\"Arranca en UAEH Congreso Internacional Mujeres, Feminismos y Estudios de G\u00e9nero\" style=\"\" \/><\/div><a class=\"wp-block-latest-posts__post-title\" href=\"https:\/\/www.alasmedios.com\/index.php\/2026\/04\/29\/arranca-en-uaeh-congreso-internacional-mujeres-feminismos-y-estudios-de-generoor-se-realiza-durante-tres-dias-en-la-uaeh-participan-especialistas-investigadores-estudiantes-de-iberoamerica-canad\/\">Arranca en UAEH Congreso Internacional Mujeres, Feminismos y Estudios de G\u00e9nero<\/a><\/li>\n<li><div class=\"wp-block-latest-posts__featured-image\"><img loading=\"lazy\" decoding=\"async\" width=\"150\" height=\"150\" src=\"https:\/\/www.alasmedios.com\/wp-content\/uploads\/2026\/04\/Todas-y-Todos-a-Jugar-Pachuquilla-150x150.png\" class=\"attachment-thumbnail size-thumbnail wp-post-image\" alt=\"\" style=\"\" \/><\/div><a class=\"wp-block-latest-posts__post-title\" href=\"https:\/\/www.alasmedios.com\/index.php\/2026\/04\/29\/pachuquilla-se-llena-de-risas-fiesta-para-celebrar-a-la-ninez-en-mineral-de-la-reforma\/\">Pachuquilla se llena de risas: fiesta para celebrar a la ni\u00f1ez en Mineral de la Reforma<\/a><\/li>\n<li><div class=\"wp-block-latest-posts__featured-image\"><img loading=\"lazy\" decoding=\"async\" width=\"150\" height=\"150\" src=\"https:\/\/www.alasmedios.com\/wp-content\/uploads\/2026\/04\/vacuna-embarazo-150x150.png\" class=\"attachment-thumbnail size-thumbnail wp-post-image\" alt=\"\" style=\"\" \/><\/div><a class=\"wp-block-latest-posts__post-title\" href=\"https:\/\/www.alasmedios.com\/index.php\/2026\/04\/28\/mexico-nueva-vacuna-en-embarazo-busca-proteger-a-recien-nacidos-de-infecciones-respiratorias\/\">M\u00e9xico: nueva vacuna en embarazo busca proteger a reci\u00e9n nacidos de infecciones respiratorias<\/a><\/li>\n<\/ul>","protected":false},"excerpt":{"rendered":"<p>La justicia francesa interrog\u00f3 este jueves a Dominique Pelicot, condenado en diciembre a 20 a\u00f1os de prisi\u00f3n por drogar y<\/p>\n","protected":false},"author":4,"featured_media":3372,"comment_status":"open","ping_status":"open","sticky":false,"template":"","format":"standard","meta":{"colormag_page_container_layout":"default_layout","colormag_page_sidebar_layout":"default_layout","rop_custom_images_group":[],"rop_custom_messages_group":[],"rop_publish_now":"initial","rop_publish_now_accounts":[],"rop_publish_now_history":[],"rop_publish_now_status":"pending","iawp_total_views":0,"footnotes":""},"categories":[45],"tags":[1225,1224,587,121],"class_list":["post-3371","post","type-post","status-publish","format-standard","has-post-thumbnail","hentry","category-ellas-dicen","tag-adn","tag-dominique-pelicot-2","tag-francia","tag-violencia-de-genero-2"],"magazineBlocksPostFeaturedMedia":{"thumbnail":"https:\/\/www.alasmedios.com\/wp-content\/uploads\/2025\/01\/Dominique-Pelicot-150x150.jpg","medium":"https:\/\/www.alasmedios.com\/wp-content\/uploads\/2025\/01\/Dominique-Pelicot-300x237.jpg","medium_large":"https:\/\/www.alasmedios.com\/wp-content\/uploads\/2025\/01\/Dominique-Pelicot.jpg","large":"https:\/\/www.alasmedios.com\/wp-content\/uploads\/2025\/01\/Dominique-Pelicot.jpg","1536x1536":"https:\/\/www.alasmedios.com\/wp-content\/uploads\/2025\/01\/Dominique-Pelicot.jpg","2048x2048":"https:\/\/www.alasmedios.com\/wp-content\/uploads\/2025\/01\/Dominique-Pelicot.jpg","colormag-highlighted-post":"https:\/\/www.alasmedios.com\/wp-content\/uploads\/2025\/01\/Dominique-Pelicot-392x272.jpg","colormag-featured-post-medium":"https:\/\/www.alasmedios.com\/wp-content\/uploads\/2025\/01\/Dominique-Pelicot-390x205.jpg","colormag-featured-post-small":"https:\/\/www.alasmedios.com\/wp-content\/uploads\/2025\/01\/Dominique-Pelicot-130x90.jpg","colormag-featured-image":"https:\/\/www.alasmedios.com\/wp-content\/uploads\/2025\/01\/Dominique-Pelicot-624x445.jpg","colormag-default-news":"https:\/\/www.alasmedios.com\/wp-content\/uploads\/2025\/01\/Dominique-Pelicot-150x150.jpg","colormag-featured-image-large":"https:\/\/www.alasmedios.com\/wp-content\/uploads\/2025\/01\/Dominique-Pelicot.jpg"},"magazineBlocksPostAuthor":{"name":"Keila Rodr\u00edguez Pe\u00f1a","avatar":"https:\/\/secure.gravatar.com\/avatar\/a2553a2bfaa601b9d539b617c8793e151bdffb60f9e48a249912f86d4c9ebeef?s=96&d=mm&r=g"},"magazineBlocksPostCommentsNumber":"0","magazineBlocksPostExcerpt":"La justicia francesa interrog\u00f3 este jueves a Dominique Pelicot, condenado en diciembre a 20 a\u00f1os de prisi\u00f3n por drogar y","magazineBlocksPostCategories":["Ellas Dicen"],"magazineBlocksPostViewCount":217,"magazineBlocksPostReadTime":2,"magazine_blocks_featured_image_url":{"full":["https:\/\/www.alasmedios.com\/wp-content\/uploads\/2025\/01\/Dominique-Pelicot.jpg",624,492,false],"medium":["https:\/\/www.alasmedios.com\/wp-content\/uploads\/2025\/01\/Dominique-Pelicot-300x237.jpg",300,237,true],"thumbnail":["https:\/\/www.alasmedios.com\/wp-content\/uploads\/2025\/01\/Dominique-Pelicot-150x150.jpg",150,150,true]},"magazine_blocks_author":{"display_name":"Keila Rodr\u00edguez Pe\u00f1a","author_link":"https:\/\/www.alasmedios.com\/index.php\/author\/keila\/"},"magazine_blocks_comment":0,"magazine_blocks_author_image":"https:\/\/secure.gravatar.com\/avatar\/a2553a2bfaa601b9d539b617c8793e151bdffb60f9e48a249912f86d4c9ebeef?s=96&d=mm&r=g","magazine_blocks_category":"<a href=\"#\" class=\"category-link category-link-45\">Ellas Dicen<\/a>","yoast_head":"<!-- This site is optimized with the Yoast SEO plugin v27.5 - https:\/\/yoast.com\/product\/yoast-seo-wordpress\/ -->\r\n<title>Justicia francesa interroga a Dominique Pelicot por dos casos sin resolver de los a\u00f1os 90 - Alas Medios<\/title>\r\n<meta name=\"robots\" content=\"index, follow, max-snippet:-1, max-image-preview:large, max-video-preview:-1\" \/>\r\n<link rel=\"canonical\" href=\"https:\/\/www.alasmedios.com\/index.php\/2025\/01\/31\/justicia-francesa-interroga-a-dominique-pelicot-por-dos-casos-sin-resolver-de-los-anos-90\/\" \/>\r\n<meta property=\"og:locale\" content=\"es_MX\" \/>\r\n<meta property=\"og:type\" content=\"article\" \/>\r\n<meta property=\"og:title\" content=\"Justicia francesa interroga a Dominique Pelicot por dos casos sin resolver de los a\u00f1os 90 - Alas Medios\" \/>\r\n<meta property=\"og:description\" content=\"La justicia francesa interrog\u00f3 este jueves a Dominique Pelicot, condenado en diciembre a 20 a\u00f1os de prisi\u00f3n por drogar y\" \/>\r\n<meta property=\"og:url\" content=\"https:\/\/www.alasmedios.com\/index.php\/2025\/01\/31\/justicia-francesa-interroga-a-dominique-pelicot-por-dos-casos-sin-resolver-de-los-anos-90\/\" \/>\r\n<meta property=\"og:site_name\" content=\"Alas Medios\" \/>\r\n<meta property=\"article:published_time\" content=\"2025-01-31T19:00:00+00:00\" \/>\r\n<meta property=\"og:image\" content=\"https:\/\/www.alasmedios.com\/wp-content\/uploads\/2025\/01\/Dominique-Pelicot.jpg\" \/>\r\n\t<meta property=\"og:image:width\" content=\"624\" \/>\r\n\t<meta property=\"og:image:height\" content=\"492\" \/>\r\n\t<meta property=\"og:image:type\" content=\"image\/jpeg\" \/>\r\n<meta name=\"author\" content=\"Keila Rodr\u00edguez Pe\u00f1a\" \/>\r\n<meta name=\"twitter:card\" content=\"summary_large_image\" \/>\r\n<meta name=\"twitter:label1\" content=\"Escrito por\" \/>\n\t<meta name=\"twitter:data1\" content=\"Keila Rodr\u00edguez Pe\u00f1a\" \/>\n\t<meta name=\"twitter:label2\" content=\"Tiempo de lectura\" \/>\n\t<meta name=\"twitter:data2\" content=\"2 minutos\" \/>\r\n<script type=\"application\/ld+json\" class=\"yoast-schema-graph\">{\"@context\":\"https:\\\/\\\/schema.org\",\"@graph\":[{\"@type\":\"Article\",\"@id\":\"https:\\\/\\\/www.alasmedios.com\\\/index.php\\\/2025\\\/01\\\/31\\\/justicia-francesa-interroga-a-dominique-pelicot-por-dos-casos-sin-resolver-de-los-anos-90\\\/#article\",\"isPartOf\":{\"@id\":\"https:\\\/\\\/www.alasmedios.com\\\/index.php\\\/2025\\\/01\\\/31\\\/justicia-francesa-interroga-a-dominique-pelicot-por-dos-casos-sin-resolver-de-los-anos-90\\\/\"},\"author\":{\"name\":\"Keila Rodr\u00edguez Pe\u00f1a\",\"@id\":\"https:\\\/\\\/www.alasmedios.com\\\/#\\\/schema\\\/person\\\/0ba31bdd19a05ebf5c7fef1fedf99c34\"},\"headline\":\"Justicia francesa interroga a Dominique Pelicot por dos casos sin resolver de los a\u00f1os 90\",\"datePublished\":\"2025-01-31T19:00:00+00:00\",\"mainEntityOfPage\":{\"@id\":\"https:\\\/\\\/www.alasmedios.com\\\/index.php\\\/2025\\\/01\\\/31\\\/justicia-francesa-interroga-a-dominique-pelicot-por-dos-casos-sin-resolver-de-los-anos-90\\\/\"},\"wordCount\":334,\"commentCount\":0,\"publisher\":{\"@id\":\"https:\\\/\\\/www.alasmedios.com\\\/#organization\"},\"image\":{\"@id\":\"https:\\\/\\\/www.alasmedios.com\\\/index.php\\\/2025\\\/01\\\/31\\\/justicia-francesa-interroga-a-dominique-pelicot-por-dos-casos-sin-resolver-de-los-anos-90\\\/#primaryimage\"},\"thumbnailUrl\":\"https:\\\/\\\/www.alasmedios.com\\\/wp-content\\\/uploads\\\/2025\\\/01\\\/Dominique-Pelicot.jpg\",\"keywords\":[\"ADN\",\"Dominique Pelicot\",\"Francia\",\"violencia de g\u00e9nero\"],\"articleSection\":[\"Ellas Dicen\"],\"inLanguage\":\"es\",\"potentialAction\":[{\"@type\":\"CommentAction\",\"name\":\"Comment\",\"target\":[\"https:\\\/\\\/www.alasmedios.com\\\/index.php\\\/2025\\\/01\\\/31\\\/justicia-francesa-interroga-a-dominique-pelicot-por-dos-casos-sin-resolver-de-los-anos-90\\\/#respond\"]}]},{\"@type\":\"WebPage\",\"@id\":\"https:\\\/\\\/www.alasmedios.com\\\/index.php\\\/2025\\\/01\\\/31\\\/justicia-francesa-interroga-a-dominique-pelicot-por-dos-casos-sin-resolver-de-los-anos-90\\\/\",\"url\":\"https:\\\/\\\/www.alasmedios.com\\\/index.php\\\/2025\\\/01\\\/31\\\/justicia-francesa-interroga-a-dominique-pelicot-por-dos-casos-sin-resolver-de-los-anos-90\\\/\",\"name\":\"Justicia francesa interroga a Dominique Pelicot por dos casos sin resolver de los a\u00f1os 90 - Alas Medios\",\"isPartOf\":{\"@id\":\"https:\\\/\\\/www.alasmedios.com\\\/#website\"},\"primaryImageOfPage\":{\"@id\":\"https:\\\/\\\/www.alasmedios.com\\\/index.php\\\/2025\\\/01\\\/31\\\/justicia-francesa-interroga-a-dominique-pelicot-por-dos-casos-sin-resolver-de-los-anos-90\\\/#primaryimage\"},\"image\":{\"@id\":\"https:\\\/\\\/www.alasmedios.com\\\/index.php\\\/2025\\\/01\\\/31\\\/justicia-francesa-interroga-a-dominique-pelicot-por-dos-casos-sin-resolver-de-los-anos-90\\\/#primaryimage\"},\"thumbnailUrl\":\"https:\\\/\\\/www.alasmedios.com\\\/wp-content\\\/uploads\\\/2025\\\/01\\\/Dominique-Pelicot.jpg\",\"datePublished\":\"2025-01-31T19:00:00+00:00\",\"breadcrumb\":{\"@id\":\"https:\\\/\\\/www.alasmedios.com\\\/index.php\\\/2025\\\/01\\\/31\\\/justicia-francesa-interroga-a-dominique-pelicot-por-dos-casos-sin-resolver-de-los-anos-90\\\/#breadcrumb\"},\"inLanguage\":\"es\",\"potentialAction\":[{\"@type\":\"ReadAction\",\"target\":[\"https:\\\/\\\/www.alasmedios.com\\\/index.php\\\/2025\\\/01\\\/31\\\/justicia-francesa-interroga-a-dominique-pelicot-por-dos-casos-sin-resolver-de-los-anos-90\\\/\"]}]},{\"@type\":\"ImageObject\",\"inLanguage\":\"es\",\"@id\":\"https:\\\/\\\/www.alasmedios.com\\\/index.php\\\/2025\\\/01\\\/31\\\/justicia-francesa-interroga-a-dominique-pelicot-por-dos-casos-sin-resolver-de-los-anos-90\\\/#primaryimage\",\"url\":\"https:\\\/\\\/www.alasmedios.com\\\/wp-content\\\/uploads\\\/2025\\\/01\\\/Dominique-Pelicot.jpg\",\"contentUrl\":\"https:\\\/\\\/www.alasmedios.com\\\/wp-content\\\/uploads\\\/2025\\\/01\\\/Dominique-Pelicot.jpg\",\"width\":624,\"height\":492},{\"@type\":\"BreadcrumbList\",\"@id\":\"https:\\\/\\\/www.alasmedios.com\\\/index.php\\\/2025\\\/01\\\/31\\\/justicia-francesa-interroga-a-dominique-pelicot-por-dos-casos-sin-resolver-de-los-anos-90\\\/#breadcrumb\",\"itemListElement\":[{\"@type\":\"ListItem\",\"position\":1,\"name\":\"Inicio\",\"item\":\"https:\\\/\\\/www.alasmedios.com\\\/\"},{\"@type\":\"ListItem\",\"position\":2,\"name\":\"Justicia francesa interroga a Dominique Pelicot por dos casos sin resolver de los a\u00f1os 90\"}]},{\"@type\":\"WebSite\",\"@id\":\"https:\\\/\\\/www.alasmedios.com\\\/#website\",\"url\":\"https:\\\/\\\/www.alasmedios.com\\\/\",\"name\":\"Alas Medios\",\"description\":\"Alas para pensar, Alas para volar, Alas de libertad\",\"publisher\":{\"@id\":\"https:\\\/\\\/www.alasmedios.com\\\/#organization\"},\"potentialAction\":[{\"@type\":\"SearchAction\",\"target\":{\"@type\":\"EntryPoint\",\"urlTemplate\":\"https:\\\/\\\/www.alasmedios.com\\\/?s={search_term_string}\"},\"query-input\":{\"@type\":\"PropertyValueSpecification\",\"valueRequired\":true,\"valueName\":\"search_term_string\"}}],\"inLanguage\":\"es\"},{\"@type\":\"Organization\",\"@id\":\"https:\\\/\\\/www.alasmedios.com\\\/#organization\",\"name\":\"Alas Medios\",\"url\":\"https:\\\/\\\/www.alasmedios.com\\\/\",\"logo\":{\"@type\":\"ImageObject\",\"inLanguage\":\"es\",\"@id\":\"https:\\\/\\\/www.alasmedios.com\\\/#\\\/schema\\\/logo\\\/image\\\/\",\"url\":\"https:\\\/\\\/www.alasmedios.com\\\/wp-content\\\/uploads\\\/2026\\\/01\\\/cropped-cropped-GAM-1.png\",\"contentUrl\":\"https:\\\/\\\/www.alasmedios.com\\\/wp-content\\\/uploads\\\/2026\\\/01\\\/cropped-cropped-GAM-1.png\",\"width\":467,\"height\":235,\"caption\":\"Alas Medios\"},\"image\":{\"@id\":\"https:\\\/\\\/www.alasmedios.com\\\/#\\\/schema\\\/logo\\\/image\\\/\"}},{\"@type\":\"Person\",\"@id\":\"https:\\\/\\\/www.alasmedios.com\\\/#\\\/schema\\\/person\\\/0ba31bdd19a05ebf5c7fef1fedf99c34\",\"name\":\"Keila Rodr\u00edguez Pe\u00f1a\",\"image\":{\"@type\":\"ImageObject\",\"inLanguage\":\"es\",\"@id\":\"https:\\\/\\\/secure.gravatar.com\\\/avatar\\\/a2553a2bfaa601b9d539b617c8793e151bdffb60f9e48a249912f86d4c9ebeef?s=96&d=mm&r=g\",\"url\":\"https:\\\/\\\/secure.gravatar.com\\\/avatar\\\/a2553a2bfaa601b9d539b617c8793e151bdffb60f9e48a249912f86d4c9ebeef?s=96&d=mm&r=g\",\"contentUrl\":\"https:\\\/\\\/secure.gravatar.com\\\/avatar\\\/a2553a2bfaa601b9d539b617c8793e151bdffb60f9e48a249912f86d4c9ebeef?s=96&d=mm&r=g\",\"caption\":\"Keila Rodr\u00edguez Pe\u00f1a\"},\"sameAs\":[\"http:\\\/\\\/www.alasmedios.com\"],\"url\":\"https:\\\/\\\/www.alasmedios.com\\\/index.php\\\/author\\\/keila\\\/\"}]}<\/script>\r\n<!-- \/ Yoast SEO plugin. -->","yoast_head_json":{"title":"Justicia francesa interroga a Dominique Pelicot por dos casos sin resolver de los a\u00f1os 90 - Alas Medios","robots":{"index":"index","follow":"follow","max-snippet":"max-snippet:-1","max-image-preview":"max-image-preview:large","max-video-preview":"max-video-preview:-1"},"canonical":"https:\/\/www.alasmedios.com\/index.php\/2025\/01\/31\/justicia-francesa-interroga-a-dominique-pelicot-por-dos-casos-sin-resolver-de-los-anos-90\/","og_locale":"es_MX","og_type":"article","og_title":"Justicia francesa interroga a Dominique Pelicot por dos casos sin resolver de los a\u00f1os 90 - Alas Medios","og_description":"La justicia francesa interrog\u00f3 este jueves a Dominique Pelicot, condenado en diciembre a 20 a\u00f1os de prisi\u00f3n por drogar y","og_url":"https:\/\/www.alasmedios.com\/index.php\/2025\/01\/31\/justicia-francesa-interroga-a-dominique-pelicot-por-dos-casos-sin-resolver-de-los-anos-90\/","og_site_name":"Alas Medios","article_published_time":"2025-01-31T19:00:00+00:00","og_image":[{"width":624,"height":492,"url":"https:\/\/www.alasmedios.com\/wp-content\/uploads\/2025\/01\/Dominique-Pelicot.jpg","type":"image\/jpeg"}],"author":"Keila Rodr\u00edguez Pe\u00f1a","twitter_card":"summary_large_image","twitter_misc":{"Escrito por":"Keila Rodr\u00edguez Pe\u00f1a","Tiempo de lectura":"2 minutos"},"schema":{"@context":"https:\/\/schema.org","@graph":[{"@type":"Article","@id":"https:\/\/www.alasmedios.com\/index.php\/2025\/01\/31\/justicia-francesa-interroga-a-dominique-pelicot-por-dos-casos-sin-resolver-de-los-anos-90\/#article","isPartOf":{"@id":"https:\/\/www.alasmedios.com\/index.php\/2025\/01\/31\/justicia-francesa-interroga-a-dominique-pelicot-por-dos-casos-sin-resolver-de-los-anos-90\/"},"author":{"name":"Keila Rodr\u00edguez Pe\u00f1a","@id":"https:\/\/www.alasmedios.com\/#\/schema\/person\/0ba31bdd19a05ebf5c7fef1fedf99c34"},"headline":"Justicia francesa interroga a Dominique Pelicot por dos casos sin resolver de los a\u00f1os 90","datePublished":"2025-01-31T19:00:00+00:00","mainEntityOfPage":{"@id":"https:\/\/www.alasmedios.com\/index.php\/2025\/01\/31\/justicia-francesa-interroga-a-dominique-pelicot-por-dos-casos-sin-resolver-de-los-anos-90\/"},"wordCount":334,"commentCount":0,"publisher":{"@id":"https:\/\/www.alasmedios.com\/#organization"},"image":{"@id":"https:\/\/www.alasmedios.com\/index.php\/2025\/01\/31\/justicia-francesa-interroga-a-dominique-pelicot-por-dos-casos-sin-resolver-de-los-anos-90\/#primaryimage"},"thumbnailUrl":"https:\/\/www.alasmedios.com\/wp-content\/uploads\/2025\/01\/Dominique-Pelicot.jpg","keywords":["ADN","Dominique Pelicot","Francia","violencia de g\u00e9nero"],"articleSection":["Ellas Dicen"],"inLanguage":"es","potentialAction":[{"@type":"CommentAction","name":"Comment","target":["https:\/\/www.alasmedios.com\/index.php\/2025\/01\/31\/justicia-francesa-interroga-a-dominique-pelicot-por-dos-casos-sin-resolver-de-los-anos-90\/#respond"]}]},{"@type":"WebPage","@id":"https:\/\/www.alasmedios.com\/index.php\/2025\/01\/31\/justicia-francesa-interroga-a-dominique-pelicot-por-dos-casos-sin-resolver-de-los-anos-90\/","url":"https:\/\/www.alasmedios.com\/index.php\/2025\/01\/31\/justicia-francesa-interroga-a-dominique-pelicot-por-dos-casos-sin-resolver-de-los-anos-90\/","name":"Justicia francesa interroga a Dominique Pelicot por dos casos sin resolver de los a\u00f1os 90 - Alas Medios","isPartOf":{"@id":"https:\/\/www.alasmedios.com\/#website"},"primaryImageOfPage":{"@id":"https:\/\/www.alasmedios.com\/index.php\/2025\/01\/31\/justicia-francesa-interroga-a-dominique-pelicot-por-dos-casos-sin-resolver-de-los-anos-90\/#primaryimage"},"image":{"@id":"https:\/\/www.alasmedios.com\/index.php\/2025\/01\/31\/justicia-francesa-interroga-a-dominique-pelicot-por-dos-casos-sin-resolver-de-los-anos-90\/#primaryimage"},"thumbnailUrl":"https:\/\/www.alasmedios.com\/wp-content\/uploads\/2025\/01\/Dominique-Pelicot.jpg","datePublished":"2025-01-31T19:00:00+00:00","breadcrumb":{"@id":"https:\/\/www.alasmedios.com\/index.php\/2025\/01\/31\/justicia-francesa-interroga-a-dominique-pelicot-por-dos-casos-sin-resolver-de-los-anos-90\/#breadcrumb"},"inLanguage":"es","potentialAction":[{"@type":"ReadAction","target":["https:\/\/www.alasmedios.com\/index.php\/2025\/01\/31\/justicia-francesa-interroga-a-dominique-pelicot-por-dos-casos-sin-resolver-de-los-anos-90\/"]}]},{"@type":"ImageObject","inLanguage":"es","@id":"https:\/\/www.alasmedios.com\/index.php\/2025\/01\/31\/justicia-francesa-interroga-a-dominique-pelicot-por-dos-casos-sin-resolver-de-los-anos-90\/#primaryimage","url":"https:\/\/www.alasmedios.com\/wp-content\/uploads\/2025\/01\/Dominique-Pelicot.jpg","contentUrl":"https:\/\/www.alasmedios.com\/wp-content\/uploads\/2025\/01\/Dominique-Pelicot.jpg","width":624,"height":492},{"@type":"BreadcrumbList","@id":"https:\/\/www.alasmedios.com\/index.php\/2025\/01\/31\/justicia-francesa-interroga-a-dominique-pelicot-por-dos-casos-sin-resolver-de-los-anos-90\/#breadcrumb","itemListElement":[{"@type":"ListItem","position":1,"name":"Inicio","item":"https:\/\/www.alasmedios.com\/"},{"@type":"ListItem","position":2,"name":"Justicia francesa interroga a Dominique Pelicot por dos casos sin resolver de los a\u00f1os 90"}]},{"@type":"WebSite","@id":"https:\/\/www.alasmedios.com\/#website","url":"https:\/\/www.alasmedios.com\/","name":"Alas Medios","description":"Alas para pensar, Alas para volar, Alas de libertad","publisher":{"@id":"https:\/\/www.alasmedios.com\/#organization"},"potentialAction":[{"@type":"SearchAction","target":{"@type":"EntryPoint","urlTemplate":"https:\/\/www.alasmedios.com\/?s={search_term_string}"},"query-input":{"@type":"PropertyValueSpecification","valueRequired":true,"valueName":"search_term_string"}}],"inLanguage":"es"},{"@type":"Organization","@id":"https:\/\/www.alasmedios.com\/#organization","name":"Alas Medios","url":"https:\/\/www.alasmedios.com\/","logo":{"@type":"ImageObject","inLanguage":"es","@id":"https:\/\/www.alasmedios.com\/#\/schema\/logo\/image\/","url":"https:\/\/www.alasmedios.com\/wp-content\/uploads\/2026\/01\/cropped-cropped-GAM-1.png","contentUrl":"https:\/\/www.alasmedios.com\/wp-content\/uploads\/2026\/01\/cropped-cropped-GAM-1.png","width":467,"height":235,"caption":"Alas Medios"},"image":{"@id":"https:\/\/www.alasmedios.com\/#\/schema\/logo\/image\/"}},{"@type":"Person","@id":"https:\/\/www.alasmedios.com\/#\/schema\/person\/0ba31bdd19a05ebf5c7fef1fedf99c34","name":"Keila Rodr\u00edguez Pe\u00f1a","image":{"@type":"ImageObject","inLanguage":"es","@id":"https:\/\/secure.gravatar.com\/avatar\/a2553a2bfaa601b9d539b617c8793e151bdffb60f9e48a249912f86d4c9ebeef?s=96&d=mm&r=g","url":"https:\/\/secure.gravatar.com\/avatar\/a2553a2bfaa601b9d539b617c8793e151bdffb60f9e48a249912f86d4c9ebeef?s=96&d=mm&r=g","contentUrl":"https:\/\/secure.gravatar.com\/avatar\/a2553a2bfaa601b9d539b617c8793e151bdffb60f9e48a249912f86d4c9ebeef?s=96&d=mm&r=g","caption":"Keila Rodr\u00edguez Pe\u00f1a"},"sameAs":["http:\/\/www.alasmedios.com"],"url":"https:\/\/www.alasmedios.com\/index.php\/author\/keila\/"}]}},"_links":{"self":[{"href":"https:\/\/www.alasmedios.com\/index.php\/wp-json\/wp\/v2\/posts\/3371","targetHints":{"allow":["GET"]}}],"collection":[{"href":"https:\/\/www.alasmedios.com\/index.php\/wp-json\/wp\/v2\/posts"}],"about":[{"href":"https:\/\/www.alasmedios.com\/index.php\/wp-json\/wp\/v2\/types\/post"}],"author":[{"embeddable":true,"href":"https:\/\/www.alasmedios.com\/index.php\/wp-json\/wp\/v2\/users\/4"}],"replies":[{"embeddable":true,"href":"https:\/\/www.alasmedios.com\/index.php\/wp-json\/wp\/v2\/comments?post=3371"}],"version-history":[{"count":1,"href":"https:\/\/www.alasmedios.com\/index.php\/wp-json\/wp\/v2\/posts\/3371\/revisions"}],"predecessor-version":[{"id":3373,"href":"https:\/\/www.alasmedios.com\/index.php\/wp-json\/wp\/v2\/posts\/3371\/revisions\/3373"}],"wp:featuredmedia":[{"embeddable":true,"href":"https:\/\/www.alasmedios.com\/index.php\/wp-json\/wp\/v2\/media\/3372"}],"wp:attachment":[{"href":"https:\/\/www.alasmedios.com\/index.php\/wp-json\/wp\/v2\/media?parent=3371"}],"wp:term":[{"taxonomy":"category","embeddable":true,"href":"https:\/\/www.alasmedios.com\/index.php\/wp-json\/wp\/v2\/categories?post=3371"},{"taxonomy":"post_tag","embeddable":true,"href":"https:\/\/www.alasmedios.com\/index.php\/wp-json\/wp\/v2\/tags?post=3371"}],"curies":[{"name":"wp","href":"https:\/\/api.w.org\/{rel}","templated":true}]}}