{"id":3366,"date":"2025-01-30T18:42:00","date_gmt":"2025-01-31T00:42:00","guid":{"rendered":"https:\/\/www.alasmedios.com\/?p=3366"},"modified":"2025-01-30T12:45:19","modified_gmt":"2025-01-30T18:45:19","slug":"entregan-127-titulos-de-propiedad-en-san-juan-el-banco-tulancingo","status":"publish","type":"post","link":"https:\/\/www.alasmedios.com\/index.php\/2025\/01\/30\/entregan-127-titulos-de-propiedad-en-san-juan-el-banco-tulancingo\/","title":{"rendered":"Entregan 127 t\u00edtulos de propiedad en San Juan El Banco, Tulancingo"},"content":{"rendered":"\n<p>Como parte del proceso de regularizaci\u00f3n de la tierra impulsado por el Registro Agrario Nacional y el gobierno municipal encabezado por la presidenta Lorena Garc\u00eda C\u00e1zares, este martes se entregaron 127 t\u00edtulos de propiedad en la colonia San Juan El Banco, Tulancingo, brindando certeza jur\u00eddica a las familias beneficiadas.<\/p>\n\n\n\n<p>El comisariado ejidal Jos\u00e9 Luis Garc\u00eda Vargas gestion\u00f3 la solicitud ante el Registro Agrario Nacional para regularizar una fracci\u00f3n del ejido Zapotl\u00e1n de Allende, con el respaldo de la alcald\u00eda, que facilit\u00f3 los tr\u00e1mites administrativos para concretar la petici\u00f3n tras a\u00f1os de espera.<\/p>\n\n\n\n<p>De manera simb\u00f3lica, la presidenta municipal y el delegado estatal del Registro Agrario Nacional, Israel Galicia Mart\u00ednez, entregaron los primeros t\u00edtulos de propiedad a ciudadanos como No\u00e9 Ch\u00e1vez \u00c1vila y Belia Dom\u00ednguez L\u00f3pez.<\/p>\n\n\n\n<p>El gobierno municipal destac\u00f3 que esta acci\u00f3n representa un paso m\u00e1s en la regularizaci\u00f3n de predios con asentamientos irregulares. <\/p>\n\n\n\n<figure class=\"wp-block-gallery has-nested-images columns-default is-cropped wp-block-gallery-1 is-layout-flex wp-block-gallery-is-layout-flex\">\n<figure class=\"wp-block-image size-large\"><img loading=\"lazy\" decoding=\"async\" width=\"1024\" height=\"576\" data-id=\"3368\" src=\"https:\/\/www.alasmedios.com\/wp-content\/uploads\/2025\/01\/titulos-de-propiedad-en-San-Juan-El-Banco-Tulancingo-1024x576.jpg\" alt=\"\" class=\"wp-image-3368\" srcset=\"https:\/\/www.alasmedios.com\/wp-content\/uploads\/2025\/01\/titulos-de-propiedad-en-San-Juan-El-Banco-Tulancingo-1024x576.jpg 1024w, https:\/\/www.alasmedios.com\/wp-content\/uploads\/2025\/01\/titulos-de-propiedad-en-San-Juan-El-Banco-Tulancingo-300x169.jpg 300w, https:\/\/www.alasmedios.com\/wp-content\/uploads\/2025\/01\/titulos-de-propiedad-en-San-Juan-El-Banco-Tulancingo-768x432.jpg 768w, https:\/\/www.alasmedios.com\/wp-content\/uploads\/2025\/01\/titulos-de-propiedad-en-San-Juan-El-Banco-Tulancingo-1536x864.jpg 1536w, https:\/\/www.alasmedios.com\/wp-content\/uploads\/2025\/01\/titulos-de-propiedad-en-San-Juan-El-Banco-Tulancingo.jpg 1600w\" sizes=\"auto, (max-width: 1024px) 100vw, 1024px\" \/><\/figure>\n\n\n\n<figure class=\"wp-block-image size-large\"><img loading=\"lazy\" decoding=\"async\" width=\"1024\" height=\"682\" data-id=\"3369\" src=\"https:\/\/www.alasmedios.com\/wp-content\/uploads\/2025\/01\/Entregan-127-titulos-de-propiedad-en-Tulancingo-1024x682.jpg\" alt=\"\" class=\"wp-image-3369\" srcset=\"https:\/\/www.alasmedios.com\/wp-content\/uploads\/2025\/01\/Entregan-127-titulos-de-propiedad-en-Tulancingo-1024x682.jpg 1024w, https:\/\/www.alasmedios.com\/wp-content\/uploads\/2025\/01\/Entregan-127-titulos-de-propiedad-en-Tulancingo-300x200.jpg 300w, https:\/\/www.alasmedios.com\/wp-content\/uploads\/2025\/01\/Entregan-127-titulos-de-propiedad-en-Tulancingo-768x512.jpg 768w, https:\/\/www.alasmedios.com\/wp-content\/uploads\/2025\/01\/Entregan-127-titulos-de-propiedad-en-Tulancingo-1536x1023.jpg 1536w, https:\/\/www.alasmedios.com\/wp-content\/uploads\/2025\/01\/Entregan-127-titulos-de-propiedad-en-Tulancingo.jpg 1600w\" sizes=\"auto, (max-width: 1024px) 100vw, 1024px\" \/><\/figure>\n<\/figure>\n\n\n\n<p>CONTIN\u00daA LEYENDO: <a href=\"https:\/\/www.alasmedios.com\/index.php\/2025\/01\/30\/declaran-culpables-a-14-miembros-de-secta-en-australia-por-la-muerte-de-una-nina-de-8-anos\/\" data-type=\"post\" data-id=\"3350\">Declaran culpables a 14 miembros de secta en Australia por la muerte de una ni\u00f1a de 8 a\u00f1os<\/a><\/p>\n\n\n\n<p>Adem\u00e1s, record\u00f3 que la alcald\u00eda ofrece asesoramiento gratuito a personas interesadas en adquirir un terreno, con el objetivo de evitar fraudes y proteger su patrimonio.<\/p>\n\n\n\n<p>Para orientaci\u00f3n, la Direcci\u00f3n de Ordenamiento Territorial y Agrario (DOTA), dependiente de la Secretar\u00eda de Desarrollo Urbano, Obras P\u00fablicas y Medio Ambiente, pone a disposici\u00f3n el tel\u00e9fono 7757558450, extensi\u00f3n 1167, as\u00ed como sus oficinas en el primer piso de la presidencia municipal de Tulancingo.<\/p>\n\n\n\n<p>Durante enero, la DOTA ha brindado al menos 50 asesoramientos sobre procesos de regularizaci\u00f3n de la tierra, los cuales pueden variar dependiendo de la ubicaci\u00f3n del predio.<\/p>\n\n\n<ul class=\"wp-block-latest-posts__list is-grid columns-3 wp-block-latest-posts\"><li><div class=\"wp-block-latest-posts__featured-image\"><img loading=\"lazy\" decoding=\"async\" width=\"150\" height=\"150\" src=\"https:\/\/www.alasmedios.com\/wp-content\/uploads\/2026\/04\/uaeh9-150x150.jpg\" class=\"attachment-thumbnail size-thumbnail wp-post-image\" alt=\"Arranca en UAEH Congreso Internacional Mujeres, Feminismos y Estudios de G\u00e9nero\" style=\"\" \/><\/div><a class=\"wp-block-latest-posts__post-title\" href=\"https:\/\/www.alasmedios.com\/index.php\/2026\/04\/29\/arranca-en-uaeh-congreso-internacional-mujeres-feminismos-y-estudios-de-genero\/\">Arranca en UAEH Congreso Internacional Mujeres, Feminismos y Estudios de G\u00e9nero<\/a><\/li>\n<li><div class=\"wp-block-latest-posts__featured-image\"><img loading=\"lazy\" decoding=\"async\" width=\"150\" height=\"150\" src=\"https:\/\/www.alasmedios.com\/wp-content\/uploads\/2026\/04\/Todas-y-Todos-a-Jugar-Pachuquilla-150x150.png\" class=\"attachment-thumbnail size-thumbnail wp-post-image\" alt=\"\" style=\"\" \/><\/div><a class=\"wp-block-latest-posts__post-title\" href=\"https:\/\/www.alasmedios.com\/index.php\/2026\/04\/29\/pachuquilla-se-llena-de-risas-fiesta-para-celebrar-a-la-ninez-en-mineral-de-la-reforma\/\">Pachuquilla se llena de risas: fiesta para celebrar a la ni\u00f1ez en Mineral de la Reforma<\/a><\/li>\n<li><div class=\"wp-block-latest-posts__featured-image\"><img loading=\"lazy\" decoding=\"async\" width=\"150\" height=\"150\" src=\"https:\/\/www.alasmedios.com\/wp-content\/uploads\/2026\/04\/vacuna-embarazo-150x150.png\" class=\"attachment-thumbnail size-thumbnail wp-post-image\" alt=\"\" style=\"\" \/><\/div><a class=\"wp-block-latest-posts__post-title\" href=\"https:\/\/www.alasmedios.com\/index.php\/2026\/04\/28\/mexico-nueva-vacuna-en-embarazo-busca-proteger-a-recien-nacidos-de-infecciones-respiratorias\/\">M\u00e9xico: nueva vacuna en embarazo busca proteger a reci\u00e9n nacidos de infecciones respiratorias<\/a><\/li>\n<\/ul>","protected":false},"excerpt":{"rendered":"<p>Como parte del proceso de regularizaci\u00f3n de la tierra impulsado por el Registro Agrario Nacional y el gobierno municipal encabezado<\/p>\n","protected":false},"author":4,"featured_media":3367,"comment_status":"open","ping_status":"open","sticky":false,"template":"","format":"standard","meta":{"colormag_page_container_layout":"default_layout","colormag_page_sidebar_layout":"default_layout","rop_custom_images_group":[],"rop_custom_messages_group":[],"rop_publish_now":"initial","rop_publish_now_accounts":[],"rop_publish_now_history":[],"rop_publish_now_status":"pending","iawp_total_views":0,"footnotes":""},"categories":[41],"tags":[1223,931,1221,1222,584],"class_list":["post-3366","post","type-post","status-publish","format-standard","has-post-thumbnail","hentry","category-hidalgo","tag-dota","tag-lorena-garcia-cazares","tag-san-juan-el-banco","tag-titulo-de-propiedad","tag-tulancingo"],"magazineBlocksPostFeaturedMedia":{"thumbnail":"https:\/\/www.alasmedios.com\/wp-content\/uploads\/2025\/01\/Entregan-127-titulos-de-propiedad-en-San-Juan-El-Banco-Tulancingo-150x150.jpg","medium":"https:\/\/www.alasmedios.com\/wp-content\/uploads\/2025\/01\/Entregan-127-titulos-de-propiedad-en-San-Juan-El-Banco-Tulancingo-300x200.jpg","medium_large":"https:\/\/www.alasmedios.com\/wp-content\/uploads\/2025\/01\/Entregan-127-titulos-de-propiedad-en-San-Juan-El-Banco-Tulancingo-768x512.jpg","large":"https:\/\/www.alasmedios.com\/wp-content\/uploads\/2025\/01\/Entregan-127-titulos-de-propiedad-en-San-Juan-El-Banco-Tulancingo-1024x682.jpg","1536x1536":"https:\/\/www.alasmedios.com\/wp-content\/uploads\/2025\/01\/Entregan-127-titulos-de-propiedad-en-San-Juan-El-Banco-Tulancingo-1536x1023.jpg","2048x2048":"https:\/\/www.alasmedios.com\/wp-content\/uploads\/2025\/01\/Entregan-127-titulos-de-propiedad-en-San-Juan-El-Banco-Tulancingo.jpg","colormag-highlighted-post":"https:\/\/www.alasmedios.com\/wp-content\/uploads\/2025\/01\/Entregan-127-titulos-de-propiedad-en-San-Juan-El-Banco-Tulancingo-392x272.jpg","colormag-featured-post-medium":"https:\/\/www.alasmedios.com\/wp-content\/uploads\/2025\/01\/Entregan-127-titulos-de-propiedad-en-San-Juan-El-Banco-Tulancingo-390x205.jpg","colormag-featured-post-small":"https:\/\/www.alasmedios.com\/wp-content\/uploads\/2025\/01\/Entregan-127-titulos-de-propiedad-en-San-Juan-El-Banco-Tulancingo-130x90.jpg","colormag-featured-image":"https:\/\/www.alasmedios.com\/wp-content\/uploads\/2025\/01\/Entregan-127-titulos-de-propiedad-en-San-Juan-El-Banco-Tulancingo-800x445.jpg","colormag-default-news":"https:\/\/www.alasmedios.com\/wp-content\/uploads\/2025\/01\/Entregan-127-titulos-de-propiedad-en-San-Juan-El-Banco-Tulancingo-150x150.jpg","colormag-featured-image-large":"https:\/\/www.alasmedios.com\/wp-content\/uploads\/2025\/01\/Entregan-127-titulos-de-propiedad-en-San-Juan-El-Banco-Tulancingo-1400x600.jpg"},"magazineBlocksPostAuthor":{"name":"Keila Rodr\u00edguez Pe\u00f1a","avatar":"https:\/\/secure.gravatar.com\/avatar\/a2553a2bfaa601b9d539b617c8793e151bdffb60f9e48a249912f86d4c9ebeef?s=96&d=mm&r=g"},"magazineBlocksPostCommentsNumber":"0","magazineBlocksPostExcerpt":"Como parte del proceso de regularizaci\u00f3n de la tierra impulsado por el Registro Agrario Nacional y el gobierno municipal encabezado","magazineBlocksPostCategories":["Hidalgo"],"magazineBlocksPostViewCount":232,"magazineBlocksPostReadTime":2,"magazine_blocks_featured_image_url":{"full":["https:\/\/www.alasmedios.com\/wp-content\/uploads\/2025\/01\/Entregan-127-titulos-de-propiedad-en-San-Juan-El-Banco-Tulancingo.jpg",1600,1066,false],"medium":["https:\/\/www.alasmedios.com\/wp-content\/uploads\/2025\/01\/Entregan-127-titulos-de-propiedad-en-San-Juan-El-Banco-Tulancingo-300x200.jpg",300,200,true],"thumbnail":["https:\/\/www.alasmedios.com\/wp-content\/uploads\/2025\/01\/Entregan-127-titulos-de-propiedad-en-San-Juan-El-Banco-Tulancingo-150x150.jpg",150,150,true]},"magazine_blocks_author":{"display_name":"Keila Rodr\u00edguez Pe\u00f1a","author_link":"https:\/\/www.alasmedios.com\/index.php\/author\/keila\/"},"magazine_blocks_comment":0,"magazine_blocks_author_image":"https:\/\/secure.gravatar.com\/avatar\/a2553a2bfaa601b9d539b617c8793e151bdffb60f9e48a249912f86d4c9ebeef?s=96&d=mm&r=g","magazine_blocks_category":"<a href=\"#\" class=\"category-link category-link-41\">Hidalgo<\/a>","yoast_head":"<!-- This site is optimized with the Yoast SEO plugin v27.5 - https:\/\/yoast.com\/product\/yoast-seo-wordpress\/ -->\r\n<title>Entregan 127 t\u00edtulos de propiedad en San Juan El Banco, Tulancingo - Alas Medios<\/title>\r\n<meta name=\"robots\" content=\"index, follow, max-snippet:-1, max-image-preview:large, max-video-preview:-1\" \/>\r\n<link rel=\"canonical\" href=\"https:\/\/www.alasmedios.com\/index.php\/2025\/01\/30\/entregan-127-titulos-de-propiedad-en-san-juan-el-banco-tulancingo\/\" \/>\r\n<meta property=\"og:locale\" content=\"es_MX\" \/>\r\n<meta property=\"og:type\" content=\"article\" \/>\r\n<meta property=\"og:title\" content=\"Entregan 127 t\u00edtulos de propiedad en San Juan El Banco, Tulancingo - Alas Medios\" \/>\r\n<meta property=\"og:description\" content=\"Como parte del proceso de regularizaci\u00f3n de la tierra impulsado por el Registro Agrario Nacional y el gobierno municipal encabezado\" \/>\r\n<meta property=\"og:url\" content=\"https:\/\/www.alasmedios.com\/index.php\/2025\/01\/30\/entregan-127-titulos-de-propiedad-en-san-juan-el-banco-tulancingo\/\" \/>\r\n<meta property=\"og:site_name\" content=\"Alas Medios\" \/>\r\n<meta property=\"article:published_time\" content=\"2025-01-31T00:42:00+00:00\" \/>\r\n<meta property=\"og:image\" content=\"https:\/\/www.alasmedios.com\/wp-content\/uploads\/2025\/01\/Entregan-127-titulos-de-propiedad-en-San-Juan-El-Banco-Tulancingo.jpg\" \/>\r\n\t<meta property=\"og:image:width\" content=\"1600\" \/>\r\n\t<meta property=\"og:image:height\" content=\"1066\" \/>\r\n\t<meta property=\"og:image:type\" content=\"image\/jpeg\" \/>\r\n<meta name=\"author\" content=\"Keila Rodr\u00edguez Pe\u00f1a\" \/>\r\n<meta name=\"twitter:card\" content=\"summary_large_image\" \/>\r\n<meta name=\"twitter:label1\" content=\"Escrito por\" \/>\n\t<meta name=\"twitter:data1\" content=\"Keila Rodr\u00edguez Pe\u00f1a\" \/>\n\t<meta name=\"twitter:label2\" content=\"Tiempo de lectura\" \/>\n\t<meta name=\"twitter:data2\" content=\"1 minuto\" \/>\r\n<script type=\"application\/ld+json\" class=\"yoast-schema-graph\">{\"@context\":\"https:\\\/\\\/schema.org\",\"@graph\":[{\"@type\":\"Article\",\"@id\":\"https:\\\/\\\/www.alasmedios.com\\\/index.php\\\/2025\\\/01\\\/30\\\/entregan-127-titulos-de-propiedad-en-san-juan-el-banco-tulancingo\\\/#article\",\"isPartOf\":{\"@id\":\"https:\\\/\\\/www.alasmedios.com\\\/index.php\\\/2025\\\/01\\\/30\\\/entregan-127-titulos-de-propiedad-en-san-juan-el-banco-tulancingo\\\/\"},\"author\":{\"name\":\"Keila Rodr\u00edguez Pe\u00f1a\",\"@id\":\"https:\\\/\\\/www.alasmedios.com\\\/#\\\/schema\\\/person\\\/0ba31bdd19a05ebf5c7fef1fedf99c34\"},\"headline\":\"Entregan 127 t\u00edtulos de propiedad en San Juan El Banco, Tulancingo\",\"datePublished\":\"2025-01-31T00:42:00+00:00\",\"mainEntityOfPage\":{\"@id\":\"https:\\\/\\\/www.alasmedios.com\\\/index.php\\\/2025\\\/01\\\/30\\\/entregan-127-titulos-de-propiedad-en-san-juan-el-banco-tulancingo\\\/\"},\"wordCount\":300,\"commentCount\":0,\"publisher\":{\"@id\":\"https:\\\/\\\/www.alasmedios.com\\\/#organization\"},\"image\":{\"@id\":\"https:\\\/\\\/www.alasmedios.com\\\/index.php\\\/2025\\\/01\\\/30\\\/entregan-127-titulos-de-propiedad-en-san-juan-el-banco-tulancingo\\\/#primaryimage\"},\"thumbnailUrl\":\"https:\\\/\\\/www.alasmedios.com\\\/wp-content\\\/uploads\\\/2025\\\/01\\\/Entregan-127-titulos-de-propiedad-en-San-Juan-El-Banco-Tulancingo.jpg\",\"keywords\":[\"DOTA\",\"Lorena Garc\u00eda C\u00e1zares\",\"San Juan El Banco\",\"t\u00edtulo de propiedad\",\"Tulancingo\"],\"articleSection\":[\"Hidalgo\"],\"inLanguage\":\"es\",\"potentialAction\":[{\"@type\":\"CommentAction\",\"name\":\"Comment\",\"target\":[\"https:\\\/\\\/www.alasmedios.com\\\/index.php\\\/2025\\\/01\\\/30\\\/entregan-127-titulos-de-propiedad-en-san-juan-el-banco-tulancingo\\\/#respond\"]}]},{\"@type\":\"WebPage\",\"@id\":\"https:\\\/\\\/www.alasmedios.com\\\/index.php\\\/2025\\\/01\\\/30\\\/entregan-127-titulos-de-propiedad-en-san-juan-el-banco-tulancingo\\\/\",\"url\":\"https:\\\/\\\/www.alasmedios.com\\\/index.php\\\/2025\\\/01\\\/30\\\/entregan-127-titulos-de-propiedad-en-san-juan-el-banco-tulancingo\\\/\",\"name\":\"Entregan 127 t\u00edtulos de propiedad en San Juan El Banco, Tulancingo - Alas Medios\",\"isPartOf\":{\"@id\":\"https:\\\/\\\/www.alasmedios.com\\\/#website\"},\"primaryImageOfPage\":{\"@id\":\"https:\\\/\\\/www.alasmedios.com\\\/index.php\\\/2025\\\/01\\\/30\\\/entregan-127-titulos-de-propiedad-en-san-juan-el-banco-tulancingo\\\/#primaryimage\"},\"image\":{\"@id\":\"https:\\\/\\\/www.alasmedios.com\\\/index.php\\\/2025\\\/01\\\/30\\\/entregan-127-titulos-de-propiedad-en-san-juan-el-banco-tulancingo\\\/#primaryimage\"},\"thumbnailUrl\":\"https:\\\/\\\/www.alasmedios.com\\\/wp-content\\\/uploads\\\/2025\\\/01\\\/Entregan-127-titulos-de-propiedad-en-San-Juan-El-Banco-Tulancingo.jpg\",\"datePublished\":\"2025-01-31T00:42:00+00:00\",\"breadcrumb\":{\"@id\":\"https:\\\/\\\/www.alasmedios.com\\\/index.php\\\/2025\\\/01\\\/30\\\/entregan-127-titulos-de-propiedad-en-san-juan-el-banco-tulancingo\\\/#breadcrumb\"},\"inLanguage\":\"es\",\"potentialAction\":[{\"@type\":\"ReadAction\",\"target\":[\"https:\\\/\\\/www.alasmedios.com\\\/index.php\\\/2025\\\/01\\\/30\\\/entregan-127-titulos-de-propiedad-en-san-juan-el-banco-tulancingo\\\/\"]}]},{\"@type\":\"ImageObject\",\"inLanguage\":\"es\",\"@id\":\"https:\\\/\\\/www.alasmedios.com\\\/index.php\\\/2025\\\/01\\\/30\\\/entregan-127-titulos-de-propiedad-en-san-juan-el-banco-tulancingo\\\/#primaryimage\",\"url\":\"https:\\\/\\\/www.alasmedios.com\\\/wp-content\\\/uploads\\\/2025\\\/01\\\/Entregan-127-titulos-de-propiedad-en-San-Juan-El-Banco-Tulancingo.jpg\",\"contentUrl\":\"https:\\\/\\\/www.alasmedios.com\\\/wp-content\\\/uploads\\\/2025\\\/01\\\/Entregan-127-titulos-de-propiedad-en-San-Juan-El-Banco-Tulancingo.jpg\",\"width\":1600,\"height\":1066},{\"@type\":\"BreadcrumbList\",\"@id\":\"https:\\\/\\\/www.alasmedios.com\\\/index.php\\\/2025\\\/01\\\/30\\\/entregan-127-titulos-de-propiedad-en-san-juan-el-banco-tulancingo\\\/#breadcrumb\",\"itemListElement\":[{\"@type\":\"ListItem\",\"position\":1,\"name\":\"Inicio\",\"item\":\"https:\\\/\\\/www.alasmedios.com\\\/\"},{\"@type\":\"ListItem\",\"position\":2,\"name\":\"Entregan 127 t\u00edtulos de propiedad en San Juan El Banco, Tulancingo\"}]},{\"@type\":\"WebSite\",\"@id\":\"https:\\\/\\\/www.alasmedios.com\\\/#website\",\"url\":\"https:\\\/\\\/www.alasmedios.com\\\/\",\"name\":\"Alas Medios\",\"description\":\"Alas para pensar, Alas para volar, Alas de libertad\",\"publisher\":{\"@id\":\"https:\\\/\\\/www.alasmedios.com\\\/#organization\"},\"potentialAction\":[{\"@type\":\"SearchAction\",\"target\":{\"@type\":\"EntryPoint\",\"urlTemplate\":\"https:\\\/\\\/www.alasmedios.com\\\/?s={search_term_string}\"},\"query-input\":{\"@type\":\"PropertyValueSpecification\",\"valueRequired\":true,\"valueName\":\"search_term_string\"}}],\"inLanguage\":\"es\"},{\"@type\":\"Organization\",\"@id\":\"https:\\\/\\\/www.alasmedios.com\\\/#organization\",\"name\":\"Alas Medios\",\"url\":\"https:\\\/\\\/www.alasmedios.com\\\/\",\"logo\":{\"@type\":\"ImageObject\",\"inLanguage\":\"es\",\"@id\":\"https:\\\/\\\/www.alasmedios.com\\\/#\\\/schema\\\/logo\\\/image\\\/\",\"url\":\"https:\\\/\\\/www.alasmedios.com\\\/wp-content\\\/uploads\\\/2026\\\/01\\\/cropped-cropped-GAM-1.png\",\"contentUrl\":\"https:\\\/\\\/www.alasmedios.com\\\/wp-content\\\/uploads\\\/2026\\\/01\\\/cropped-cropped-GAM-1.png\",\"width\":467,\"height\":235,\"caption\":\"Alas Medios\"},\"image\":{\"@id\":\"https:\\\/\\\/www.alasmedios.com\\\/#\\\/schema\\\/logo\\\/image\\\/\"}},{\"@type\":\"Person\",\"@id\":\"https:\\\/\\\/www.alasmedios.com\\\/#\\\/schema\\\/person\\\/0ba31bdd19a05ebf5c7fef1fedf99c34\",\"name\":\"Keila Rodr\u00edguez Pe\u00f1a\",\"image\":{\"@type\":\"ImageObject\",\"inLanguage\":\"es\",\"@id\":\"https:\\\/\\\/secure.gravatar.com\\\/avatar\\\/a2553a2bfaa601b9d539b617c8793e151bdffb60f9e48a249912f86d4c9ebeef?s=96&d=mm&r=g\",\"url\":\"https:\\\/\\\/secure.gravatar.com\\\/avatar\\\/a2553a2bfaa601b9d539b617c8793e151bdffb60f9e48a249912f86d4c9ebeef?s=96&d=mm&r=g\",\"contentUrl\":\"https:\\\/\\\/secure.gravatar.com\\\/avatar\\\/a2553a2bfaa601b9d539b617c8793e151bdffb60f9e48a249912f86d4c9ebeef?s=96&d=mm&r=g\",\"caption\":\"Keila Rodr\u00edguez Pe\u00f1a\"},\"sameAs\":[\"http:\\\/\\\/www.alasmedios.com\"],\"url\":\"https:\\\/\\\/www.alasmedios.com\\\/index.php\\\/author\\\/keila\\\/\"}]}<\/script>\r\n<!-- \/ Yoast SEO plugin. -->","yoast_head_json":{"title":"Entregan 127 t\u00edtulos de propiedad en San Juan El Banco, Tulancingo - Alas Medios","robots":{"index":"index","follow":"follow","max-snippet":"max-snippet:-1","max-image-preview":"max-image-preview:large","max-video-preview":"max-video-preview:-1"},"canonical":"https:\/\/www.alasmedios.com\/index.php\/2025\/01\/30\/entregan-127-titulos-de-propiedad-en-san-juan-el-banco-tulancingo\/","og_locale":"es_MX","og_type":"article","og_title":"Entregan 127 t\u00edtulos de propiedad en San Juan El Banco, Tulancingo - Alas Medios","og_description":"Como parte del proceso de regularizaci\u00f3n de la tierra impulsado por el Registro Agrario Nacional y el gobierno municipal encabezado","og_url":"https:\/\/www.alasmedios.com\/index.php\/2025\/01\/30\/entregan-127-titulos-de-propiedad-en-san-juan-el-banco-tulancingo\/","og_site_name":"Alas Medios","article_published_time":"2025-01-31T00:42:00+00:00","og_image":[{"width":1600,"height":1066,"url":"https:\/\/www.alasmedios.com\/wp-content\/uploads\/2025\/01\/Entregan-127-titulos-de-propiedad-en-San-Juan-El-Banco-Tulancingo.jpg","type":"image\/jpeg"}],"author":"Keila Rodr\u00edguez Pe\u00f1a","twitter_card":"summary_large_image","twitter_misc":{"Escrito por":"Keila Rodr\u00edguez Pe\u00f1a","Tiempo de lectura":"1 minuto"},"schema":{"@context":"https:\/\/schema.org","@graph":[{"@type":"Article","@id":"https:\/\/www.alasmedios.com\/index.php\/2025\/01\/30\/entregan-127-titulos-de-propiedad-en-san-juan-el-banco-tulancingo\/#article","isPartOf":{"@id":"https:\/\/www.alasmedios.com\/index.php\/2025\/01\/30\/entregan-127-titulos-de-propiedad-en-san-juan-el-banco-tulancingo\/"},"author":{"name":"Keila Rodr\u00edguez Pe\u00f1a","@id":"https:\/\/www.alasmedios.com\/#\/schema\/person\/0ba31bdd19a05ebf5c7fef1fedf99c34"},"headline":"Entregan 127 t\u00edtulos de propiedad en San Juan El Banco, Tulancingo","datePublished":"2025-01-31T00:42:00+00:00","mainEntityOfPage":{"@id":"https:\/\/www.alasmedios.com\/index.php\/2025\/01\/30\/entregan-127-titulos-de-propiedad-en-san-juan-el-banco-tulancingo\/"},"wordCount":300,"commentCount":0,"publisher":{"@id":"https:\/\/www.alasmedios.com\/#organization"},"image":{"@id":"https:\/\/www.alasmedios.com\/index.php\/2025\/01\/30\/entregan-127-titulos-de-propiedad-en-san-juan-el-banco-tulancingo\/#primaryimage"},"thumbnailUrl":"https:\/\/www.alasmedios.com\/wp-content\/uploads\/2025\/01\/Entregan-127-titulos-de-propiedad-en-San-Juan-El-Banco-Tulancingo.jpg","keywords":["DOTA","Lorena Garc\u00eda C\u00e1zares","San Juan El Banco","t\u00edtulo de propiedad","Tulancingo"],"articleSection":["Hidalgo"],"inLanguage":"es","potentialAction":[{"@type":"CommentAction","name":"Comment","target":["https:\/\/www.alasmedios.com\/index.php\/2025\/01\/30\/entregan-127-titulos-de-propiedad-en-san-juan-el-banco-tulancingo\/#respond"]}]},{"@type":"WebPage","@id":"https:\/\/www.alasmedios.com\/index.php\/2025\/01\/30\/entregan-127-titulos-de-propiedad-en-san-juan-el-banco-tulancingo\/","url":"https:\/\/www.alasmedios.com\/index.php\/2025\/01\/30\/entregan-127-titulos-de-propiedad-en-san-juan-el-banco-tulancingo\/","name":"Entregan 127 t\u00edtulos de propiedad en San Juan El Banco, Tulancingo - Alas Medios","isPartOf":{"@id":"https:\/\/www.alasmedios.com\/#website"},"primaryImageOfPage":{"@id":"https:\/\/www.alasmedios.com\/index.php\/2025\/01\/30\/entregan-127-titulos-de-propiedad-en-san-juan-el-banco-tulancingo\/#primaryimage"},"image":{"@id":"https:\/\/www.alasmedios.com\/index.php\/2025\/01\/30\/entregan-127-titulos-de-propiedad-en-san-juan-el-banco-tulancingo\/#primaryimage"},"thumbnailUrl":"https:\/\/www.alasmedios.com\/wp-content\/uploads\/2025\/01\/Entregan-127-titulos-de-propiedad-en-San-Juan-El-Banco-Tulancingo.jpg","datePublished":"2025-01-31T00:42:00+00:00","breadcrumb":{"@id":"https:\/\/www.alasmedios.com\/index.php\/2025\/01\/30\/entregan-127-titulos-de-propiedad-en-san-juan-el-banco-tulancingo\/#breadcrumb"},"inLanguage":"es","potentialAction":[{"@type":"ReadAction","target":["https:\/\/www.alasmedios.com\/index.php\/2025\/01\/30\/entregan-127-titulos-de-propiedad-en-san-juan-el-banco-tulancingo\/"]}]},{"@type":"ImageObject","inLanguage":"es","@id":"https:\/\/www.alasmedios.com\/index.php\/2025\/01\/30\/entregan-127-titulos-de-propiedad-en-san-juan-el-banco-tulancingo\/#primaryimage","url":"https:\/\/www.alasmedios.com\/wp-content\/uploads\/2025\/01\/Entregan-127-titulos-de-propiedad-en-San-Juan-El-Banco-Tulancingo.jpg","contentUrl":"https:\/\/www.alasmedios.com\/wp-content\/uploads\/2025\/01\/Entregan-127-titulos-de-propiedad-en-San-Juan-El-Banco-Tulancingo.jpg","width":1600,"height":1066},{"@type":"BreadcrumbList","@id":"https:\/\/www.alasmedios.com\/index.php\/2025\/01\/30\/entregan-127-titulos-de-propiedad-en-san-juan-el-banco-tulancingo\/#breadcrumb","itemListElement":[{"@type":"ListItem","position":1,"name":"Inicio","item":"https:\/\/www.alasmedios.com\/"},{"@type":"ListItem","position":2,"name":"Entregan 127 t\u00edtulos de propiedad en San Juan El Banco, Tulancingo"}]},{"@type":"WebSite","@id":"https:\/\/www.alasmedios.com\/#website","url":"https:\/\/www.alasmedios.com\/","name":"Alas Medios","description":"Alas para pensar, Alas para volar, Alas de libertad","publisher":{"@id":"https:\/\/www.alasmedios.com\/#organization"},"potentialAction":[{"@type":"SearchAction","target":{"@type":"EntryPoint","urlTemplate":"https:\/\/www.alasmedios.com\/?s={search_term_string}"},"query-input":{"@type":"PropertyValueSpecification","valueRequired":true,"valueName":"search_term_string"}}],"inLanguage":"es"},{"@type":"Organization","@id":"https:\/\/www.alasmedios.com\/#organization","name":"Alas Medios","url":"https:\/\/www.alasmedios.com\/","logo":{"@type":"ImageObject","inLanguage":"es","@id":"https:\/\/www.alasmedios.com\/#\/schema\/logo\/image\/","url":"https:\/\/www.alasmedios.com\/wp-content\/uploads\/2026\/01\/cropped-cropped-GAM-1.png","contentUrl":"https:\/\/www.alasmedios.com\/wp-content\/uploads\/2026\/01\/cropped-cropped-GAM-1.png","width":467,"height":235,"caption":"Alas Medios"},"image":{"@id":"https:\/\/www.alasmedios.com\/#\/schema\/logo\/image\/"}},{"@type":"Person","@id":"https:\/\/www.alasmedios.com\/#\/schema\/person\/0ba31bdd19a05ebf5c7fef1fedf99c34","name":"Keila Rodr\u00edguez Pe\u00f1a","image":{"@type":"ImageObject","inLanguage":"es","@id":"https:\/\/secure.gravatar.com\/avatar\/a2553a2bfaa601b9d539b617c8793e151bdffb60f9e48a249912f86d4c9ebeef?s=96&d=mm&r=g","url":"https:\/\/secure.gravatar.com\/avatar\/a2553a2bfaa601b9d539b617c8793e151bdffb60f9e48a249912f86d4c9ebeef?s=96&d=mm&r=g","contentUrl":"https:\/\/secure.gravatar.com\/avatar\/a2553a2bfaa601b9d539b617c8793e151bdffb60f9e48a249912f86d4c9ebeef?s=96&d=mm&r=g","caption":"Keila Rodr\u00edguez Pe\u00f1a"},"sameAs":["http:\/\/www.alasmedios.com"],"url":"https:\/\/www.alasmedios.com\/index.php\/author\/keila\/"}]}},"_links":{"self":[{"href":"https:\/\/www.alasmedios.com\/index.php\/wp-json\/wp\/v2\/posts\/3366","targetHints":{"allow":["GET"]}}],"collection":[{"href":"https:\/\/www.alasmedios.com\/index.php\/wp-json\/wp\/v2\/posts"}],"about":[{"href":"https:\/\/www.alasmedios.com\/index.php\/wp-json\/wp\/v2\/types\/post"}],"author":[{"embeddable":true,"href":"https:\/\/www.alasmedios.com\/index.php\/wp-json\/wp\/v2\/users\/4"}],"replies":[{"embeddable":true,"href":"https:\/\/www.alasmedios.com\/index.php\/wp-json\/wp\/v2\/comments?post=3366"}],"version-history":[{"count":1,"href":"https:\/\/www.alasmedios.com\/index.php\/wp-json\/wp\/v2\/posts\/3366\/revisions"}],"predecessor-version":[{"id":3370,"href":"https:\/\/www.alasmedios.com\/index.php\/wp-json\/wp\/v2\/posts\/3366\/revisions\/3370"}],"wp:featuredmedia":[{"embeddable":true,"href":"https:\/\/www.alasmedios.com\/index.php\/wp-json\/wp\/v2\/media\/3367"}],"wp:attachment":[{"href":"https:\/\/www.alasmedios.com\/index.php\/wp-json\/wp\/v2\/media?parent=3366"}],"wp:term":[{"taxonomy":"category","embeddable":true,"href":"https:\/\/www.alasmedios.com\/index.php\/wp-json\/wp\/v2\/categories?post=3366"},{"taxonomy":"post_tag","embeddable":true,"href":"https:\/\/www.alasmedios.com\/index.php\/wp-json\/wp\/v2\/tags?post=3366"}],"curies":[{"name":"wp","href":"https:\/\/api.w.org\/{rel}","templated":true}]}}