{"id":3089,"date":"2025-01-10T12:32:47","date_gmt":"2025-01-10T18:32:47","guid":{"rendered":"https:\/\/www.alasmedios.com\/?p=3089"},"modified":"2025-01-10T12:32:48","modified_gmt":"2025-01-10T18:32:48","slug":"ventanilla-itinerante-siniiga-llega-a-tulancingo-este-lunes","status":"publish","type":"post","link":"https:\/\/www.alasmedios.com\/index.php\/2025\/01\/10\/ventanilla-itinerante-siniiga-llega-a-tulancingo-este-lunes\/","title":{"rendered":"Ventanilla itinerante SINIIGA llega a Tulancingo este lunes"},"content":{"rendered":"\n<p>Este lunes <strong>13 de enero<\/strong>, la <strong>ventanilla itinerante SINIIGA<\/strong> estar\u00e1 disponible en la Secretar\u00eda del Campo, ubicada en la planta baja de la presidencia municipal, para que los ganaderos del municipio y regiones cercanas puedan realizar tr\u00e1mites relacionados con la inscripci\u00f3n, actualizaci\u00f3n o adquisici\u00f3n de aretes identificadores para el ganado.<\/p>\n\n\n\n<p>El horario de atenci\u00f3n ser\u00e1 de <strong>10:00 a 15:00 horas<\/strong>, con el objetivo de atender al mayor n\u00famero de personas posible, inform\u00f3 el secretario del Campo, <strong>Hugo Flores Jim\u00e9nez<\/strong>.<\/p>\n\n\n\n<h4 class=\"wp-block-heading\"><strong>Beneficios y requisitos<\/strong><\/h4>\n\n\n\n<p>Esta iniciativa, impulsada por la alcaldesa <strong>Lorena Garc\u00eda C\u00e1zares<\/strong>, busca facilitar los tr\u00e1mites para los ganaderos, prepar\u00e1ndolos para la apertura de ventanillas de gesti\u00f3n de apoyos del 2025, lo que les permitir\u00e1 acceder a beneficios federales y estatales.<\/p>\n\n\n\n<p>En 2024, esta ventanilla itinerante visit\u00f3 Tulancingo en al menos diez ocasiones, con resultados positivos para los productores, especialmente los dedicados al sector lechero.<\/p>\n\n\n\n<p>CONTIN\u00daA LEYENDO: <a href=\"https:\/\/www.alasmedios.com\/index.php\/2025\/01\/09\/avance-en-la-transversalidad-de-la-perspectiva-de-genero-en-la-administracion-publica-de-hidalgo\/\" data-type=\"post\" data-id=\"3084\">Avance en la transversalidad de la perspectiva de g\u00e9nero en la administraci\u00f3n p\u00fablica de Hidalgo<\/a><\/p>\n\n\n\n<p>Los requisitos para realizar tr\u00e1mites son:<\/p>\n\n\n\n<ul class=\"wp-block-list\">\n<li>Identificaci\u00f3n oficial.<\/li>\n\n\n\n<li>Constancia de productor.<\/li>\n\n\n\n<li>CURP actualizado.<\/li>\n\n\n\n<li>Documento que acredite la tenencia de la tierra o contrato de arrendamiento.<\/li>\n<\/ul>\n\n\n\n<p>La Secretar\u00eda del Campo dispone de una direcci\u00f3n de gesti\u00f3n y fomento agropecuario para atender dudas. <\/p>\n\n\n\n<p>Las personas interesadas pueden comunicarse al tel\u00e9fono <strong>775 755 8450<\/strong>, extensiones <strong>1187<\/strong> y <strong>1239<\/strong>, o acudir presencialmente a la planta baja de la presidencia municipal.<\/p>\n\n\n<ul class=\"wp-block-latest-posts__list is-grid columns-3 wp-block-latest-posts\"><li><div class=\"wp-block-latest-posts__featured-image\"><img loading=\"lazy\" decoding=\"async\" width=\"150\" height=\"150\" src=\"https:\/\/www.alasmedios.com\/wp-content\/uploads\/2026\/05\/AMPEP-inteligencia-artificial-150x150.jpg\" class=\"attachment-thumbnail size-thumbnail wp-post-image\" alt=\"\" style=\"\" \/><\/div><a class=\"wp-block-latest-posts__post-title\" href=\"https:\/\/www.alasmedios.com\/index.php\/2026\/05\/01\/periodismo-frente-a-la-ia-ampep-asume-liderazgo-y-apuesta-por-contar-historias-con-alma\/\">Periodismo frente a la IA: AMPEP asume liderazgo y apuesta por contar historias con \u201calma\u201d<\/a><\/li>\n<li><div class=\"wp-block-latest-posts__featured-image\"><img loading=\"lazy\" decoding=\"async\" width=\"150\" height=\"150\" src=\"https:\/\/www.alasmedios.com\/wp-content\/uploads\/2026\/05\/Hidalgo-viene-un-respiro-con-el-frente-frio-48-150x150.png\" class=\"attachment-thumbnail size-thumbnail wp-post-image\" alt=\"\" style=\"\" \/><\/div><a class=\"wp-block-latest-posts__post-title\" href=\"https:\/\/www.alasmedios.com\/index.php\/2026\/05\/01\/frente-frio-48-un-alivio-asi-impactara-en-hidalgo\/\">Frente fr\u00edo 48, un alivio: as\u00ed impactar\u00e1 en Hidalgo<\/a><\/li>\n<li><div class=\"wp-block-latest-posts__featured-image\"><img loading=\"lazy\" decoding=\"async\" width=\"150\" height=\"150\" src=\"https:\/\/www.alasmedios.com\/wp-content\/uploads\/2026\/05\/mujeres-depresion-posparto-150x150.png\" class=\"attachment-thumbnail size-thumbnail wp-post-image\" alt=\"\" style=\"\" \/><\/div><a class=\"wp-block-latest-posts__post-title\" href=\"https:\/\/www.alasmedios.com\/index.php\/2026\/05\/01\/1-de-cada-15-mujeres-sufre-depresion-posparto\/\">1 de cada 15 mujeres sufre depresi\u00f3n posparto<\/a><\/li>\n<\/ul>","protected":false},"excerpt":{"rendered":"<p>Este lunes 13 de enero, la ventanilla itinerante SINIIGA estar\u00e1 disponible en la Secretar\u00eda del Campo, ubicada en la planta<\/p>\n","protected":false},"author":4,"featured_media":3090,"comment_status":"open","ping_status":"open","sticky":false,"template":"","format":"standard","meta":{"colormag_page_container_layout":"default_layout","colormag_page_sidebar_layout":"default_layout","rop_custom_images_group":[],"rop_custom_messages_group":[],"rop_publish_now":"initial","rop_publish_now_accounts":[],"rop_publish_now_history":[],"rop_publish_now_status":"pending","iawp_total_views":0,"footnotes":""},"categories":[41],"tags":[99,1067,1066,584],"class_list":["post-3089","post","type-post","status-publish","format-standard","has-post-thumbnail","hentry","category-hidalgo","tag-hidalgo","tag-secretaria-del-campo","tag-siniiga","tag-tulancingo"],"magazineBlocksPostFeaturedMedia":{"thumbnail":"https:\/\/www.alasmedios.com\/wp-content\/uploads\/2025\/01\/SINIIGA-Tulancingo-150x150.jpg","medium":"https:\/\/www.alasmedios.com\/wp-content\/uploads\/2025\/01\/SINIIGA-Tulancingo-300x215.jpg","medium_large":"https:\/\/www.alasmedios.com\/wp-content\/uploads\/2025\/01\/SINIIGA-Tulancingo-768x549.jpg","large":"https:\/\/www.alasmedios.com\/wp-content\/uploads\/2025\/01\/SINIIGA-Tulancingo-1024x732.jpg","1536x1536":"https:\/\/www.alasmedios.com\/wp-content\/uploads\/2025\/01\/SINIIGA-Tulancingo-1536x1098.jpg","2048x2048":"https:\/\/www.alasmedios.com\/wp-content\/uploads\/2025\/01\/SINIIGA-Tulancingo.jpg","colormag-highlighted-post":"https:\/\/www.alasmedios.com\/wp-content\/uploads\/2025\/01\/SINIIGA-Tulancingo-392x272.jpg","colormag-featured-post-medium":"https:\/\/www.alasmedios.com\/wp-content\/uploads\/2025\/01\/SINIIGA-Tulancingo-390x205.jpg","colormag-featured-post-small":"https:\/\/www.alasmedios.com\/wp-content\/uploads\/2025\/01\/SINIIGA-Tulancingo-130x90.jpg","colormag-featured-image":"https:\/\/www.alasmedios.com\/wp-content\/uploads\/2025\/01\/SINIIGA-Tulancingo-800x445.jpg","colormag-default-news":"https:\/\/www.alasmedios.com\/wp-content\/uploads\/2025\/01\/SINIIGA-Tulancingo-150x150.jpg","colormag-featured-image-large":"https:\/\/www.alasmedios.com\/wp-content\/uploads\/2025\/01\/SINIIGA-Tulancingo-1400x600.jpg"},"magazineBlocksPostAuthor":{"name":"Keila Rodr\u00edguez Pe\u00f1a","avatar":"https:\/\/secure.gravatar.com\/avatar\/a2553a2bfaa601b9d539b617c8793e151bdffb60f9e48a249912f86d4c9ebeef?s=96&d=mm&r=g"},"magazineBlocksPostCommentsNumber":"0","magazineBlocksPostExcerpt":"Este lunes 13 de enero, la ventanilla itinerante SINIIGA estar\u00e1 disponible en la Secretar\u00eda del Campo, ubicada en la planta","magazineBlocksPostCategories":["Hidalgo"],"magazineBlocksPostViewCount":346,"magazineBlocksPostReadTime":2,"magazine_blocks_featured_image_url":{"full":["https:\/\/www.alasmedios.com\/wp-content\/uploads\/2025\/01\/SINIIGA-Tulancingo.jpg",1600,1144,false],"medium":["https:\/\/www.alasmedios.com\/wp-content\/uploads\/2025\/01\/SINIIGA-Tulancingo-300x215.jpg",300,215,true],"thumbnail":["https:\/\/www.alasmedios.com\/wp-content\/uploads\/2025\/01\/SINIIGA-Tulancingo-150x150.jpg",150,150,true]},"magazine_blocks_author":{"display_name":"Keila Rodr\u00edguez Pe\u00f1a","author_link":"https:\/\/www.alasmedios.com\/index.php\/author\/keila\/"},"magazine_blocks_comment":0,"magazine_blocks_author_image":"https:\/\/secure.gravatar.com\/avatar\/a2553a2bfaa601b9d539b617c8793e151bdffb60f9e48a249912f86d4c9ebeef?s=96&d=mm&r=g","magazine_blocks_category":"<a href=\"#\" class=\"category-link category-link-41\">Hidalgo<\/a>","yoast_head":"<!-- This site is optimized with the Yoast SEO plugin v27.5 - https:\/\/yoast.com\/product\/yoast-seo-wordpress\/ -->\r\n<title>Ventanilla itinerante SINIIGA llega a Tulancingo este lunes - Alas Medios<\/title>\r\n<meta name=\"robots\" content=\"index, follow, max-snippet:-1, max-image-preview:large, max-video-preview:-1\" \/>\r\n<link rel=\"canonical\" href=\"https:\/\/www.alasmedios.com\/index.php\/2025\/01\/10\/ventanilla-itinerante-siniiga-llega-a-tulancingo-este-lunes\/\" \/>\r\n<meta property=\"og:locale\" content=\"es_MX\" \/>\r\n<meta property=\"og:type\" content=\"article\" \/>\r\n<meta property=\"og:title\" content=\"Ventanilla itinerante SINIIGA llega a Tulancingo este lunes - Alas Medios\" \/>\r\n<meta property=\"og:description\" content=\"Este lunes 13 de enero, la ventanilla itinerante SINIIGA estar\u00e1 disponible en la Secretar\u00eda del Campo, ubicada en la planta\" \/>\r\n<meta property=\"og:url\" content=\"https:\/\/www.alasmedios.com\/index.php\/2025\/01\/10\/ventanilla-itinerante-siniiga-llega-a-tulancingo-este-lunes\/\" \/>\r\n<meta property=\"og:site_name\" content=\"Alas Medios\" \/>\r\n<meta property=\"article:published_time\" content=\"2025-01-10T18:32:47+00:00\" \/>\r\n<meta property=\"article:modified_time\" content=\"2025-01-10T18:32:48+00:00\" \/>\r\n<meta property=\"og:image\" content=\"https:\/\/www.alasmedios.com\/wp-content\/uploads\/2025\/01\/SINIIGA-Tulancingo.jpg\" \/>\r\n\t<meta property=\"og:image:width\" content=\"1600\" \/>\r\n\t<meta property=\"og:image:height\" content=\"1144\" \/>\r\n\t<meta property=\"og:image:type\" content=\"image\/jpeg\" \/>\r\n<meta name=\"author\" content=\"Keila Rodr\u00edguez Pe\u00f1a\" \/>\r\n<meta name=\"twitter:card\" content=\"summary_large_image\" \/>\r\n<meta name=\"twitter:label1\" content=\"Escrito por\" \/>\n\t<meta name=\"twitter:data1\" content=\"Keila Rodr\u00edguez Pe\u00f1a\" \/>\n\t<meta name=\"twitter:label2\" content=\"Tiempo de lectura\" \/>\n\t<meta name=\"twitter:data2\" content=\"1 minuto\" \/>\r\n<script type=\"application\/ld+json\" class=\"yoast-schema-graph\">{\"@context\":\"https:\\\/\\\/schema.org\",\"@graph\":[{\"@type\":\"Article\",\"@id\":\"https:\\\/\\\/www.alasmedios.com\\\/index.php\\\/2025\\\/01\\\/10\\\/ventanilla-itinerante-siniiga-llega-a-tulancingo-este-lunes\\\/#article\",\"isPartOf\":{\"@id\":\"https:\\\/\\\/www.alasmedios.com\\\/index.php\\\/2025\\\/01\\\/10\\\/ventanilla-itinerante-siniiga-llega-a-tulancingo-este-lunes\\\/\"},\"author\":{\"name\":\"Keila Rodr\u00edguez Pe\u00f1a\",\"@id\":\"https:\\\/\\\/www.alasmedios.com\\\/#\\\/schema\\\/person\\\/0ba31bdd19a05ebf5c7fef1fedf99c34\"},\"headline\":\"Ventanilla itinerante SINIIGA llega a Tulancingo este lunes\",\"datePublished\":\"2025-01-10T18:32:47+00:00\",\"dateModified\":\"2025-01-10T18:32:48+00:00\",\"mainEntityOfPage\":{\"@id\":\"https:\\\/\\\/www.alasmedios.com\\\/index.php\\\/2025\\\/01\\\/10\\\/ventanilla-itinerante-siniiga-llega-a-tulancingo-este-lunes\\\/\"},\"wordCount\":248,\"commentCount\":0,\"publisher\":{\"@id\":\"https:\\\/\\\/www.alasmedios.com\\\/#organization\"},\"image\":{\"@id\":\"https:\\\/\\\/www.alasmedios.com\\\/index.php\\\/2025\\\/01\\\/10\\\/ventanilla-itinerante-siniiga-llega-a-tulancingo-este-lunes\\\/#primaryimage\"},\"thumbnailUrl\":\"https:\\\/\\\/www.alasmedios.com\\\/wp-content\\\/uploads\\\/2025\\\/01\\\/SINIIGA-Tulancingo.jpg\",\"keywords\":[\"Hidalgo\",\"Secretar\u00eda del Campo\",\"SINIIGA\",\"Tulancingo\"],\"articleSection\":[\"Hidalgo\"],\"inLanguage\":\"es\",\"potentialAction\":[{\"@type\":\"CommentAction\",\"name\":\"Comment\",\"target\":[\"https:\\\/\\\/www.alasmedios.com\\\/index.php\\\/2025\\\/01\\\/10\\\/ventanilla-itinerante-siniiga-llega-a-tulancingo-este-lunes\\\/#respond\"]}]},{\"@type\":\"WebPage\",\"@id\":\"https:\\\/\\\/www.alasmedios.com\\\/index.php\\\/2025\\\/01\\\/10\\\/ventanilla-itinerante-siniiga-llega-a-tulancingo-este-lunes\\\/\",\"url\":\"https:\\\/\\\/www.alasmedios.com\\\/index.php\\\/2025\\\/01\\\/10\\\/ventanilla-itinerante-siniiga-llega-a-tulancingo-este-lunes\\\/\",\"name\":\"Ventanilla itinerante SINIIGA llega a Tulancingo este lunes - Alas Medios\",\"isPartOf\":{\"@id\":\"https:\\\/\\\/www.alasmedios.com\\\/#website\"},\"primaryImageOfPage\":{\"@id\":\"https:\\\/\\\/www.alasmedios.com\\\/index.php\\\/2025\\\/01\\\/10\\\/ventanilla-itinerante-siniiga-llega-a-tulancingo-este-lunes\\\/#primaryimage\"},\"image\":{\"@id\":\"https:\\\/\\\/www.alasmedios.com\\\/index.php\\\/2025\\\/01\\\/10\\\/ventanilla-itinerante-siniiga-llega-a-tulancingo-este-lunes\\\/#primaryimage\"},\"thumbnailUrl\":\"https:\\\/\\\/www.alasmedios.com\\\/wp-content\\\/uploads\\\/2025\\\/01\\\/SINIIGA-Tulancingo.jpg\",\"datePublished\":\"2025-01-10T18:32:47+00:00\",\"dateModified\":\"2025-01-10T18:32:48+00:00\",\"breadcrumb\":{\"@id\":\"https:\\\/\\\/www.alasmedios.com\\\/index.php\\\/2025\\\/01\\\/10\\\/ventanilla-itinerante-siniiga-llega-a-tulancingo-este-lunes\\\/#breadcrumb\"},\"inLanguage\":\"es\",\"potentialAction\":[{\"@type\":\"ReadAction\",\"target\":[\"https:\\\/\\\/www.alasmedios.com\\\/index.php\\\/2025\\\/01\\\/10\\\/ventanilla-itinerante-siniiga-llega-a-tulancingo-este-lunes\\\/\"]}]},{\"@type\":\"ImageObject\",\"inLanguage\":\"es\",\"@id\":\"https:\\\/\\\/www.alasmedios.com\\\/index.php\\\/2025\\\/01\\\/10\\\/ventanilla-itinerante-siniiga-llega-a-tulancingo-este-lunes\\\/#primaryimage\",\"url\":\"https:\\\/\\\/www.alasmedios.com\\\/wp-content\\\/uploads\\\/2025\\\/01\\\/SINIIGA-Tulancingo.jpg\",\"contentUrl\":\"https:\\\/\\\/www.alasmedios.com\\\/wp-content\\\/uploads\\\/2025\\\/01\\\/SINIIGA-Tulancingo.jpg\",\"width\":1600,\"height\":1144},{\"@type\":\"BreadcrumbList\",\"@id\":\"https:\\\/\\\/www.alasmedios.com\\\/index.php\\\/2025\\\/01\\\/10\\\/ventanilla-itinerante-siniiga-llega-a-tulancingo-este-lunes\\\/#breadcrumb\",\"itemListElement\":[{\"@type\":\"ListItem\",\"position\":1,\"name\":\"Inicio\",\"item\":\"https:\\\/\\\/www.alasmedios.com\\\/\"},{\"@type\":\"ListItem\",\"position\":2,\"name\":\"Ventanilla itinerante SINIIGA llega a Tulancingo este lunes\"}]},{\"@type\":\"WebSite\",\"@id\":\"https:\\\/\\\/www.alasmedios.com\\\/#website\",\"url\":\"https:\\\/\\\/www.alasmedios.com\\\/\",\"name\":\"Alas Medios\",\"description\":\"Alas para pensar, Alas para volar, Alas de libertad\",\"publisher\":{\"@id\":\"https:\\\/\\\/www.alasmedios.com\\\/#organization\"},\"potentialAction\":[{\"@type\":\"SearchAction\",\"target\":{\"@type\":\"EntryPoint\",\"urlTemplate\":\"https:\\\/\\\/www.alasmedios.com\\\/?s={search_term_string}\"},\"query-input\":{\"@type\":\"PropertyValueSpecification\",\"valueRequired\":true,\"valueName\":\"search_term_string\"}}],\"inLanguage\":\"es\"},{\"@type\":\"Organization\",\"@id\":\"https:\\\/\\\/www.alasmedios.com\\\/#organization\",\"name\":\"Alas Medios\",\"url\":\"https:\\\/\\\/www.alasmedios.com\\\/\",\"logo\":{\"@type\":\"ImageObject\",\"inLanguage\":\"es\",\"@id\":\"https:\\\/\\\/www.alasmedios.com\\\/#\\\/schema\\\/logo\\\/image\\\/\",\"url\":\"https:\\\/\\\/www.alasmedios.com\\\/wp-content\\\/uploads\\\/2026\\\/01\\\/cropped-cropped-GAM-1.png\",\"contentUrl\":\"https:\\\/\\\/www.alasmedios.com\\\/wp-content\\\/uploads\\\/2026\\\/01\\\/cropped-cropped-GAM-1.png\",\"width\":467,\"height\":235,\"caption\":\"Alas Medios\"},\"image\":{\"@id\":\"https:\\\/\\\/www.alasmedios.com\\\/#\\\/schema\\\/logo\\\/image\\\/\"}},{\"@type\":\"Person\",\"@id\":\"https:\\\/\\\/www.alasmedios.com\\\/#\\\/schema\\\/person\\\/0ba31bdd19a05ebf5c7fef1fedf99c34\",\"name\":\"Keila Rodr\u00edguez Pe\u00f1a\",\"image\":{\"@type\":\"ImageObject\",\"inLanguage\":\"es\",\"@id\":\"https:\\\/\\\/secure.gravatar.com\\\/avatar\\\/a2553a2bfaa601b9d539b617c8793e151bdffb60f9e48a249912f86d4c9ebeef?s=96&d=mm&r=g\",\"url\":\"https:\\\/\\\/secure.gravatar.com\\\/avatar\\\/a2553a2bfaa601b9d539b617c8793e151bdffb60f9e48a249912f86d4c9ebeef?s=96&d=mm&r=g\",\"contentUrl\":\"https:\\\/\\\/secure.gravatar.com\\\/avatar\\\/a2553a2bfaa601b9d539b617c8793e151bdffb60f9e48a249912f86d4c9ebeef?s=96&d=mm&r=g\",\"caption\":\"Keila Rodr\u00edguez Pe\u00f1a\"},\"sameAs\":[\"http:\\\/\\\/www.alasmedios.com\"],\"url\":\"https:\\\/\\\/www.alasmedios.com\\\/index.php\\\/author\\\/keila\\\/\"}]}<\/script>\r\n<!-- \/ Yoast SEO plugin. -->","yoast_head_json":{"title":"Ventanilla itinerante SINIIGA llega a Tulancingo este lunes - Alas Medios","robots":{"index":"index","follow":"follow","max-snippet":"max-snippet:-1","max-image-preview":"max-image-preview:large","max-video-preview":"max-video-preview:-1"},"canonical":"https:\/\/www.alasmedios.com\/index.php\/2025\/01\/10\/ventanilla-itinerante-siniiga-llega-a-tulancingo-este-lunes\/","og_locale":"es_MX","og_type":"article","og_title":"Ventanilla itinerante SINIIGA llega a Tulancingo este lunes - Alas Medios","og_description":"Este lunes 13 de enero, la ventanilla itinerante SINIIGA estar\u00e1 disponible en la Secretar\u00eda del Campo, ubicada en la planta","og_url":"https:\/\/www.alasmedios.com\/index.php\/2025\/01\/10\/ventanilla-itinerante-siniiga-llega-a-tulancingo-este-lunes\/","og_site_name":"Alas Medios","article_published_time":"2025-01-10T18:32:47+00:00","article_modified_time":"2025-01-10T18:32:48+00:00","og_image":[{"width":1600,"height":1144,"url":"https:\/\/www.alasmedios.com\/wp-content\/uploads\/2025\/01\/SINIIGA-Tulancingo.jpg","type":"image\/jpeg"}],"author":"Keila Rodr\u00edguez Pe\u00f1a","twitter_card":"summary_large_image","twitter_misc":{"Escrito por":"Keila Rodr\u00edguez Pe\u00f1a","Tiempo de lectura":"1 minuto"},"schema":{"@context":"https:\/\/schema.org","@graph":[{"@type":"Article","@id":"https:\/\/www.alasmedios.com\/index.php\/2025\/01\/10\/ventanilla-itinerante-siniiga-llega-a-tulancingo-este-lunes\/#article","isPartOf":{"@id":"https:\/\/www.alasmedios.com\/index.php\/2025\/01\/10\/ventanilla-itinerante-siniiga-llega-a-tulancingo-este-lunes\/"},"author":{"name":"Keila Rodr\u00edguez Pe\u00f1a","@id":"https:\/\/www.alasmedios.com\/#\/schema\/person\/0ba31bdd19a05ebf5c7fef1fedf99c34"},"headline":"Ventanilla itinerante SINIIGA llega a Tulancingo este lunes","datePublished":"2025-01-10T18:32:47+00:00","dateModified":"2025-01-10T18:32:48+00:00","mainEntityOfPage":{"@id":"https:\/\/www.alasmedios.com\/index.php\/2025\/01\/10\/ventanilla-itinerante-siniiga-llega-a-tulancingo-este-lunes\/"},"wordCount":248,"commentCount":0,"publisher":{"@id":"https:\/\/www.alasmedios.com\/#organization"},"image":{"@id":"https:\/\/www.alasmedios.com\/index.php\/2025\/01\/10\/ventanilla-itinerante-siniiga-llega-a-tulancingo-este-lunes\/#primaryimage"},"thumbnailUrl":"https:\/\/www.alasmedios.com\/wp-content\/uploads\/2025\/01\/SINIIGA-Tulancingo.jpg","keywords":["Hidalgo","Secretar\u00eda del Campo","SINIIGA","Tulancingo"],"articleSection":["Hidalgo"],"inLanguage":"es","potentialAction":[{"@type":"CommentAction","name":"Comment","target":["https:\/\/www.alasmedios.com\/index.php\/2025\/01\/10\/ventanilla-itinerante-siniiga-llega-a-tulancingo-este-lunes\/#respond"]}]},{"@type":"WebPage","@id":"https:\/\/www.alasmedios.com\/index.php\/2025\/01\/10\/ventanilla-itinerante-siniiga-llega-a-tulancingo-este-lunes\/","url":"https:\/\/www.alasmedios.com\/index.php\/2025\/01\/10\/ventanilla-itinerante-siniiga-llega-a-tulancingo-este-lunes\/","name":"Ventanilla itinerante SINIIGA llega a Tulancingo este lunes - Alas Medios","isPartOf":{"@id":"https:\/\/www.alasmedios.com\/#website"},"primaryImageOfPage":{"@id":"https:\/\/www.alasmedios.com\/index.php\/2025\/01\/10\/ventanilla-itinerante-siniiga-llega-a-tulancingo-este-lunes\/#primaryimage"},"image":{"@id":"https:\/\/www.alasmedios.com\/index.php\/2025\/01\/10\/ventanilla-itinerante-siniiga-llega-a-tulancingo-este-lunes\/#primaryimage"},"thumbnailUrl":"https:\/\/www.alasmedios.com\/wp-content\/uploads\/2025\/01\/SINIIGA-Tulancingo.jpg","datePublished":"2025-01-10T18:32:47+00:00","dateModified":"2025-01-10T18:32:48+00:00","breadcrumb":{"@id":"https:\/\/www.alasmedios.com\/index.php\/2025\/01\/10\/ventanilla-itinerante-siniiga-llega-a-tulancingo-este-lunes\/#breadcrumb"},"inLanguage":"es","potentialAction":[{"@type":"ReadAction","target":["https:\/\/www.alasmedios.com\/index.php\/2025\/01\/10\/ventanilla-itinerante-siniiga-llega-a-tulancingo-este-lunes\/"]}]},{"@type":"ImageObject","inLanguage":"es","@id":"https:\/\/www.alasmedios.com\/index.php\/2025\/01\/10\/ventanilla-itinerante-siniiga-llega-a-tulancingo-este-lunes\/#primaryimage","url":"https:\/\/www.alasmedios.com\/wp-content\/uploads\/2025\/01\/SINIIGA-Tulancingo.jpg","contentUrl":"https:\/\/www.alasmedios.com\/wp-content\/uploads\/2025\/01\/SINIIGA-Tulancingo.jpg","width":1600,"height":1144},{"@type":"BreadcrumbList","@id":"https:\/\/www.alasmedios.com\/index.php\/2025\/01\/10\/ventanilla-itinerante-siniiga-llega-a-tulancingo-este-lunes\/#breadcrumb","itemListElement":[{"@type":"ListItem","position":1,"name":"Inicio","item":"https:\/\/www.alasmedios.com\/"},{"@type":"ListItem","position":2,"name":"Ventanilla itinerante SINIIGA llega a Tulancingo este lunes"}]},{"@type":"WebSite","@id":"https:\/\/www.alasmedios.com\/#website","url":"https:\/\/www.alasmedios.com\/","name":"Alas Medios","description":"Alas para pensar, Alas para volar, Alas de libertad","publisher":{"@id":"https:\/\/www.alasmedios.com\/#organization"},"potentialAction":[{"@type":"SearchAction","target":{"@type":"EntryPoint","urlTemplate":"https:\/\/www.alasmedios.com\/?s={search_term_string}"},"query-input":{"@type":"PropertyValueSpecification","valueRequired":true,"valueName":"search_term_string"}}],"inLanguage":"es"},{"@type":"Organization","@id":"https:\/\/www.alasmedios.com\/#organization","name":"Alas Medios","url":"https:\/\/www.alasmedios.com\/","logo":{"@type":"ImageObject","inLanguage":"es","@id":"https:\/\/www.alasmedios.com\/#\/schema\/logo\/image\/","url":"https:\/\/www.alasmedios.com\/wp-content\/uploads\/2026\/01\/cropped-cropped-GAM-1.png","contentUrl":"https:\/\/www.alasmedios.com\/wp-content\/uploads\/2026\/01\/cropped-cropped-GAM-1.png","width":467,"height":235,"caption":"Alas Medios"},"image":{"@id":"https:\/\/www.alasmedios.com\/#\/schema\/logo\/image\/"}},{"@type":"Person","@id":"https:\/\/www.alasmedios.com\/#\/schema\/person\/0ba31bdd19a05ebf5c7fef1fedf99c34","name":"Keila Rodr\u00edguez Pe\u00f1a","image":{"@type":"ImageObject","inLanguage":"es","@id":"https:\/\/secure.gravatar.com\/avatar\/a2553a2bfaa601b9d539b617c8793e151bdffb60f9e48a249912f86d4c9ebeef?s=96&d=mm&r=g","url":"https:\/\/secure.gravatar.com\/avatar\/a2553a2bfaa601b9d539b617c8793e151bdffb60f9e48a249912f86d4c9ebeef?s=96&d=mm&r=g","contentUrl":"https:\/\/secure.gravatar.com\/avatar\/a2553a2bfaa601b9d539b617c8793e151bdffb60f9e48a249912f86d4c9ebeef?s=96&d=mm&r=g","caption":"Keila Rodr\u00edguez Pe\u00f1a"},"sameAs":["http:\/\/www.alasmedios.com"],"url":"https:\/\/www.alasmedios.com\/index.php\/author\/keila\/"}]}},"_links":{"self":[{"href":"https:\/\/www.alasmedios.com\/index.php\/wp-json\/wp\/v2\/posts\/3089","targetHints":{"allow":["GET"]}}],"collection":[{"href":"https:\/\/www.alasmedios.com\/index.php\/wp-json\/wp\/v2\/posts"}],"about":[{"href":"https:\/\/www.alasmedios.com\/index.php\/wp-json\/wp\/v2\/types\/post"}],"author":[{"embeddable":true,"href":"https:\/\/www.alasmedios.com\/index.php\/wp-json\/wp\/v2\/users\/4"}],"replies":[{"embeddable":true,"href":"https:\/\/www.alasmedios.com\/index.php\/wp-json\/wp\/v2\/comments?post=3089"}],"version-history":[{"count":1,"href":"https:\/\/www.alasmedios.com\/index.php\/wp-json\/wp\/v2\/posts\/3089\/revisions"}],"predecessor-version":[{"id":3091,"href":"https:\/\/www.alasmedios.com\/index.php\/wp-json\/wp\/v2\/posts\/3089\/revisions\/3091"}],"wp:featuredmedia":[{"embeddable":true,"href":"https:\/\/www.alasmedios.com\/index.php\/wp-json\/wp\/v2\/media\/3090"}],"wp:attachment":[{"href":"https:\/\/www.alasmedios.com\/index.php\/wp-json\/wp\/v2\/media?parent=3089"}],"wp:term":[{"taxonomy":"category","embeddable":true,"href":"https:\/\/www.alasmedios.com\/index.php\/wp-json\/wp\/v2\/categories?post=3089"},{"taxonomy":"post_tag","embeddable":true,"href":"https:\/\/www.alasmedios.com\/index.php\/wp-json\/wp\/v2\/tags?post=3089"}],"curies":[{"name":"wp","href":"https:\/\/api.w.org\/{rel}","templated":true}]}}