{"id":3081,"date":"2025-01-09T12:31:37","date_gmt":"2025-01-09T18:31:37","guid":{"rendered":"https:\/\/www.alasmedios.com\/?p=3081"},"modified":"2025-01-09T12:31:38","modified_gmt":"2025-01-09T18:31:38","slug":"menchaca-felicita-a-claudia-sheinbaum-por-100-dias-como-presidenta","status":"publish","type":"post","link":"https:\/\/www.alasmedios.com\/index.php\/2025\/01\/09\/menchaca-felicita-a-claudia-sheinbaum-por-100-dias-como-presidenta\/","title":{"rendered":"Menchaca felicita a Claudia Sheinbaum por 100 d\u00edas como presidenta"},"content":{"rendered":"\n<p>Se cumplieron 100 d\u00edas de Claudia Sheinbaum en la presidencia, el gobernador Julio Menchaca y la CONAGO celebraron los logros alcanzados.<\/p>\n\n\n\n<p>En un mensaje conjunto difundido a trav\u00e9s de redes sociales, la Conferencia Nacional de Gobernadoras y Gobernadores (CONAGO) expres\u00f3 su reconocimiento y felicitaci\u00f3n a la presidenta Claudia Sheinbaum por sus primeros 100 d\u00edas al frente del gobierno de M\u00e9xico.<\/p>\n\n\n\n<p>Julio Menchaca, gobernador de Hidalgo, destac\u00f3 que el liderazgo de Sheinbaum ha sido clave para fortalecer el bienestar y la prosperidad compartida, con Hidalgo como una pieza fundamental en este proceso de transformaci\u00f3n nacional.<\/p>\n\n\n\n<p>En una carta firmada por las y los gobernadores del pa\u00eds, se resaltaron los logros alcanzados en este breve pero significativo periodo, como la aprobaci\u00f3n de reformas constitucionales de gran impacto social.<\/p>\n\n\n\n<p>La misiva subray\u00f3 los principios de honestidad, sensibilidad y justicia social que caracterizan el gobierno de Sheinbaum, as\u00ed como su capacidad de di\u00e1logo y negociaci\u00f3n.<\/p>\n\n\n\n<p>CONTIN\u00daA LEYENDO: <a href=\"https:\/\/www.alasmedios.com\/index.php\/2025\/01\/08\/cdheh-dio-a-conocer-su-informe-del-2024-de-las-areas-de-detencion-municipal\/\" data-type=\"post\" data-id=\"3078\">CDHEH dio a conocer su informe del 2024 de las \u00c1reas de Detenci\u00f3n Municipal<\/a><\/p>\n\n\n\n<p>El documento tambi\u00e9n se\u00f1al\u00f3 que M\u00e9xico enfrenta retos significativos, pero reconoci\u00f3 que bajo el liderazgo de Sheinbaum, el pa\u00eds avanza con unidad y fortaleza hacia un futuro de justicia social e inclusi\u00f3n.<\/p>\n\n\n\n<p>Entre los firmantes destacan Marina del Pilar \u00c1vila Olmeda, presidenta de la CONAGO y gobernadora de Baja California, as\u00ed como mandatarios estatales de todas las regiones del pa\u00eds.<\/p>\n\n\n\n<p>En el mensaje, las y los gobernadores reiteraron su compromiso con el proyecto de transformaci\u00f3n nacional y su disposici\u00f3n para trabajar en equipo con el gobierno federal para garantizar el bienestar de las y los mexicanos.<\/p>\n\n\n\n<p>La CONAGO reafirm\u00f3 su confianza en que, con colaboraci\u00f3n y esfuerzo conjunto, se continuar\u00e1 construyendo un M\u00e9xico m\u00e1s justo y pr\u00f3spero para las generaciones venideras.<\/p>\n\n\n\n<p>Con informaci\u00f3n de <a href=\"https:\/\/infolibre.com.mx\/\">Info Libre<\/a><\/p>\n\n\n<ul class=\"wp-block-latest-posts__list is-grid columns-3 wp-block-latest-posts\"><li><div class=\"wp-block-latest-posts__featured-image\"><img loading=\"lazy\" decoding=\"async\" width=\"150\" height=\"150\" src=\"https:\/\/www.alasmedios.com\/wp-content\/uploads\/2026\/05\/AMPEP-inteligencia-artificial-150x150.jpg\" class=\"attachment-thumbnail size-thumbnail wp-post-image\" alt=\"\" style=\"\" \/><\/div><a class=\"wp-block-latest-posts__post-title\" href=\"https:\/\/www.alasmedios.com\/index.php\/2026\/05\/01\/periodismo-frente-a-la-ia-ampep-asume-liderazgo-y-apuesta-por-contar-historias-con-alma\/\">Periodismo frente a la IA: AMPEP asume liderazgo y apuesta por contar historias con \u201calma\u201d<\/a><\/li>\n<li><div class=\"wp-block-latest-posts__featured-image\"><img loading=\"lazy\" decoding=\"async\" width=\"150\" height=\"150\" src=\"https:\/\/www.alasmedios.com\/wp-content\/uploads\/2026\/05\/Hidalgo-viene-un-respiro-con-el-frente-frio-48-150x150.png\" class=\"attachment-thumbnail size-thumbnail wp-post-image\" alt=\"\" style=\"\" \/><\/div><a class=\"wp-block-latest-posts__post-title\" href=\"https:\/\/www.alasmedios.com\/index.php\/2026\/05\/01\/frente-frio-48-un-alivio-asi-impactara-en-hidalgo\/\">Frente fr\u00edo 48, un alivio: as\u00ed impactar\u00e1 en Hidalgo<\/a><\/li>\n<li><div class=\"wp-block-latest-posts__featured-image\"><img loading=\"lazy\" decoding=\"async\" width=\"150\" height=\"150\" src=\"https:\/\/www.alasmedios.com\/wp-content\/uploads\/2026\/05\/mujeres-depresion-posparto-150x150.png\" class=\"attachment-thumbnail size-thumbnail wp-post-image\" alt=\"\" style=\"\" \/><\/div><a class=\"wp-block-latest-posts__post-title\" href=\"https:\/\/www.alasmedios.com\/index.php\/2026\/05\/01\/1-de-cada-15-mujeres-sufre-depresion-posparto\/\">1 de cada 15 mujeres sufre depresi\u00f3n posparto<\/a><\/li>\n<\/ul>","protected":false},"excerpt":{"rendered":"<p>Se cumplieron 100 d\u00edas de Claudia Sheinbaum en la presidencia, el gobernador Julio Menchaca y la CONAGO celebraron los logros<\/p>\n","protected":false},"author":4,"featured_media":3082,"comment_status":"open","ping_status":"open","sticky":false,"template":"","format":"standard","meta":{"colormag_page_container_layout":"default_layout","colormag_page_sidebar_layout":"default_layout","rop_custom_images_group":[],"rop_custom_messages_group":[],"rop_publish_now":"initial","rop_publish_now_accounts":[],"rop_publish_now_history":[],"rop_publish_now_status":"pending","iawp_total_views":0,"footnotes":""},"categories":[41],"tags":[164,1065,479,166],"class_list":["post-3081","post","type-post","status-publish","format-standard","has-post-thumbnail","hentry","category-hidalgo","tag-claudia-sheinbaum","tag-conago","tag-julio-menchaca","tag-mexico"],"magazineBlocksPostFeaturedMedia":{"thumbnail":"https:\/\/www.alasmedios.com\/wp-content\/uploads\/2025\/01\/100-dias-Claudia-Sheinbaum-150x150.png","medium":"https:\/\/www.alasmedios.com\/wp-content\/uploads\/2025\/01\/100-dias-Claudia-Sheinbaum-300x157.png","medium_large":"https:\/\/www.alasmedios.com\/wp-content\/uploads\/2025\/01\/100-dias-Claudia-Sheinbaum-768x402.png","large":"https:\/\/www.alasmedios.com\/wp-content\/uploads\/2025\/01\/100-dias-Claudia-Sheinbaum-1024x536.png","1536x1536":"https:\/\/www.alasmedios.com\/wp-content\/uploads\/2025\/01\/100-dias-Claudia-Sheinbaum.png","2048x2048":"https:\/\/www.alasmedios.com\/wp-content\/uploads\/2025\/01\/100-dias-Claudia-Sheinbaum.png","colormag-highlighted-post":"https:\/\/www.alasmedios.com\/wp-content\/uploads\/2025\/01\/100-dias-Claudia-Sheinbaum-392x272.png","colormag-featured-post-medium":"https:\/\/www.alasmedios.com\/wp-content\/uploads\/2025\/01\/100-dias-Claudia-Sheinbaum-390x205.png","colormag-featured-post-small":"https:\/\/www.alasmedios.com\/wp-content\/uploads\/2025\/01\/100-dias-Claudia-Sheinbaum-130x90.png","colormag-featured-image":"https:\/\/www.alasmedios.com\/wp-content\/uploads\/2025\/01\/100-dias-Claudia-Sheinbaum-800x445.png","colormag-default-news":"https:\/\/www.alasmedios.com\/wp-content\/uploads\/2025\/01\/100-dias-Claudia-Sheinbaum-150x150.png","colormag-featured-image-large":"https:\/\/www.alasmedios.com\/wp-content\/uploads\/2025\/01\/100-dias-Claudia-Sheinbaum-1200x600.png"},"magazineBlocksPostAuthor":{"name":"Keila Rodr\u00edguez Pe\u00f1a","avatar":"https:\/\/secure.gravatar.com\/avatar\/a2553a2bfaa601b9d539b617c8793e151bdffb60f9e48a249912f86d4c9ebeef?s=96&d=mm&r=g"},"magazineBlocksPostCommentsNumber":"0","magazineBlocksPostExcerpt":"Se cumplieron 100 d\u00edas de Claudia Sheinbaum en la presidencia, el gobernador Julio Menchaca y la CONAGO celebraron los logros","magazineBlocksPostCategories":["Hidalgo"],"magazineBlocksPostViewCount":285,"magazineBlocksPostReadTime":2,"magazine_blocks_featured_image_url":{"full":["https:\/\/www.alasmedios.com\/wp-content\/uploads\/2025\/01\/100-dias-Claudia-Sheinbaum.png",1200,628,false],"medium":["https:\/\/www.alasmedios.com\/wp-content\/uploads\/2025\/01\/100-dias-Claudia-Sheinbaum-300x157.png",300,157,true],"thumbnail":["https:\/\/www.alasmedios.com\/wp-content\/uploads\/2025\/01\/100-dias-Claudia-Sheinbaum-150x150.png",150,150,true]},"magazine_blocks_author":{"display_name":"Keila Rodr\u00edguez Pe\u00f1a","author_link":"https:\/\/www.alasmedios.com\/index.php\/author\/keila\/"},"magazine_blocks_comment":0,"magazine_blocks_author_image":"https:\/\/secure.gravatar.com\/avatar\/a2553a2bfaa601b9d539b617c8793e151bdffb60f9e48a249912f86d4c9ebeef?s=96&d=mm&r=g","magazine_blocks_category":"<a href=\"#\" class=\"category-link category-link-41\">Hidalgo<\/a>","yoast_head":"<!-- This site is optimized with the Yoast SEO plugin v27.5 - https:\/\/yoast.com\/product\/yoast-seo-wordpress\/ -->\r\n<title>Menchaca felicita a Claudia Sheinbaum por 100 d\u00edas como presidenta - Alas Medios<\/title>\r\n<meta name=\"robots\" content=\"index, follow, max-snippet:-1, max-image-preview:large, max-video-preview:-1\" \/>\r\n<link rel=\"canonical\" href=\"https:\/\/www.alasmedios.com\/index.php\/2025\/01\/09\/menchaca-felicita-a-claudia-sheinbaum-por-100-dias-como-presidenta\/\" \/>\r\n<meta property=\"og:locale\" content=\"es_MX\" \/>\r\n<meta property=\"og:type\" content=\"article\" \/>\r\n<meta property=\"og:title\" content=\"Menchaca felicita a Claudia Sheinbaum por 100 d\u00edas como presidenta - Alas Medios\" \/>\r\n<meta property=\"og:description\" content=\"Se cumplieron 100 d\u00edas de Claudia Sheinbaum en la presidencia, el gobernador Julio Menchaca y la CONAGO celebraron los logros\" \/>\r\n<meta property=\"og:url\" content=\"https:\/\/www.alasmedios.com\/index.php\/2025\/01\/09\/menchaca-felicita-a-claudia-sheinbaum-por-100-dias-como-presidenta\/\" \/>\r\n<meta property=\"og:site_name\" content=\"Alas Medios\" \/>\r\n<meta property=\"article:published_time\" content=\"2025-01-09T18:31:37+00:00\" \/>\r\n<meta property=\"article:modified_time\" content=\"2025-01-09T18:31:38+00:00\" \/>\r\n<meta property=\"og:image\" content=\"https:\/\/www.alasmedios.com\/wp-content\/uploads\/2025\/01\/100-dias-Claudia-Sheinbaum.png\" \/>\r\n\t<meta property=\"og:image:width\" content=\"1200\" \/>\r\n\t<meta property=\"og:image:height\" content=\"628\" \/>\r\n\t<meta property=\"og:image:type\" content=\"image\/png\" \/>\r\n<meta name=\"author\" content=\"Keila Rodr\u00edguez Pe\u00f1a\" \/>\r\n<meta name=\"twitter:card\" content=\"summary_large_image\" \/>\r\n<meta name=\"twitter:label1\" content=\"Escrito por\" \/>\n\t<meta name=\"twitter:data1\" content=\"Keila Rodr\u00edguez Pe\u00f1a\" \/>\n\t<meta name=\"twitter:label2\" content=\"Tiempo de lectura\" \/>\n\t<meta name=\"twitter:data2\" content=\"2 minutos\" \/>\r\n<script type=\"application\/ld+json\" class=\"yoast-schema-graph\">{\"@context\":\"https:\\\/\\\/schema.org\",\"@graph\":[{\"@type\":\"Article\",\"@id\":\"https:\\\/\\\/www.alasmedios.com\\\/index.php\\\/2025\\\/01\\\/09\\\/menchaca-felicita-a-claudia-sheinbaum-por-100-dias-como-presidenta\\\/#article\",\"isPartOf\":{\"@id\":\"https:\\\/\\\/www.alasmedios.com\\\/index.php\\\/2025\\\/01\\\/09\\\/menchaca-felicita-a-claudia-sheinbaum-por-100-dias-como-presidenta\\\/\"},\"author\":{\"name\":\"Keila Rodr\u00edguez Pe\u00f1a\",\"@id\":\"https:\\\/\\\/www.alasmedios.com\\\/#\\\/schema\\\/person\\\/0ba31bdd19a05ebf5c7fef1fedf99c34\"},\"headline\":\"Menchaca felicita a Claudia Sheinbaum por 100 d\u00edas como presidenta\",\"datePublished\":\"2025-01-09T18:31:37+00:00\",\"dateModified\":\"2025-01-09T18:31:38+00:00\",\"mainEntityOfPage\":{\"@id\":\"https:\\\/\\\/www.alasmedios.com\\\/index.php\\\/2025\\\/01\\\/09\\\/menchaca-felicita-a-claudia-sheinbaum-por-100-dias-como-presidenta\\\/\"},\"wordCount\":325,\"commentCount\":0,\"publisher\":{\"@id\":\"https:\\\/\\\/www.alasmedios.com\\\/#organization\"},\"image\":{\"@id\":\"https:\\\/\\\/www.alasmedios.com\\\/index.php\\\/2025\\\/01\\\/09\\\/menchaca-felicita-a-claudia-sheinbaum-por-100-dias-como-presidenta\\\/#primaryimage\"},\"thumbnailUrl\":\"https:\\\/\\\/www.alasmedios.com\\\/wp-content\\\/uploads\\\/2025\\\/01\\\/100-dias-Claudia-Sheinbaum.png\",\"keywords\":[\"Claudia Sheinbaum\",\"CONAGO\",\"Julio Menchaca\",\"M\u00e9xico\"],\"articleSection\":[\"Hidalgo\"],\"inLanguage\":\"es\",\"potentialAction\":[{\"@type\":\"CommentAction\",\"name\":\"Comment\",\"target\":[\"https:\\\/\\\/www.alasmedios.com\\\/index.php\\\/2025\\\/01\\\/09\\\/menchaca-felicita-a-claudia-sheinbaum-por-100-dias-como-presidenta\\\/#respond\"]}]},{\"@type\":\"WebPage\",\"@id\":\"https:\\\/\\\/www.alasmedios.com\\\/index.php\\\/2025\\\/01\\\/09\\\/menchaca-felicita-a-claudia-sheinbaum-por-100-dias-como-presidenta\\\/\",\"url\":\"https:\\\/\\\/www.alasmedios.com\\\/index.php\\\/2025\\\/01\\\/09\\\/menchaca-felicita-a-claudia-sheinbaum-por-100-dias-como-presidenta\\\/\",\"name\":\"Menchaca felicita a Claudia Sheinbaum por 100 d\u00edas como presidenta - Alas Medios\",\"isPartOf\":{\"@id\":\"https:\\\/\\\/www.alasmedios.com\\\/#website\"},\"primaryImageOfPage\":{\"@id\":\"https:\\\/\\\/www.alasmedios.com\\\/index.php\\\/2025\\\/01\\\/09\\\/menchaca-felicita-a-claudia-sheinbaum-por-100-dias-como-presidenta\\\/#primaryimage\"},\"image\":{\"@id\":\"https:\\\/\\\/www.alasmedios.com\\\/index.php\\\/2025\\\/01\\\/09\\\/menchaca-felicita-a-claudia-sheinbaum-por-100-dias-como-presidenta\\\/#primaryimage\"},\"thumbnailUrl\":\"https:\\\/\\\/www.alasmedios.com\\\/wp-content\\\/uploads\\\/2025\\\/01\\\/100-dias-Claudia-Sheinbaum.png\",\"datePublished\":\"2025-01-09T18:31:37+00:00\",\"dateModified\":\"2025-01-09T18:31:38+00:00\",\"breadcrumb\":{\"@id\":\"https:\\\/\\\/www.alasmedios.com\\\/index.php\\\/2025\\\/01\\\/09\\\/menchaca-felicita-a-claudia-sheinbaum-por-100-dias-como-presidenta\\\/#breadcrumb\"},\"inLanguage\":\"es\",\"potentialAction\":[{\"@type\":\"ReadAction\",\"target\":[\"https:\\\/\\\/www.alasmedios.com\\\/index.php\\\/2025\\\/01\\\/09\\\/menchaca-felicita-a-claudia-sheinbaum-por-100-dias-como-presidenta\\\/\"]}]},{\"@type\":\"ImageObject\",\"inLanguage\":\"es\",\"@id\":\"https:\\\/\\\/www.alasmedios.com\\\/index.php\\\/2025\\\/01\\\/09\\\/menchaca-felicita-a-claudia-sheinbaum-por-100-dias-como-presidenta\\\/#primaryimage\",\"url\":\"https:\\\/\\\/www.alasmedios.com\\\/wp-content\\\/uploads\\\/2025\\\/01\\\/100-dias-Claudia-Sheinbaum.png\",\"contentUrl\":\"https:\\\/\\\/www.alasmedios.com\\\/wp-content\\\/uploads\\\/2025\\\/01\\\/100-dias-Claudia-Sheinbaum.png\",\"width\":1200,\"height\":628},{\"@type\":\"BreadcrumbList\",\"@id\":\"https:\\\/\\\/www.alasmedios.com\\\/index.php\\\/2025\\\/01\\\/09\\\/menchaca-felicita-a-claudia-sheinbaum-por-100-dias-como-presidenta\\\/#breadcrumb\",\"itemListElement\":[{\"@type\":\"ListItem\",\"position\":1,\"name\":\"Inicio\",\"item\":\"https:\\\/\\\/www.alasmedios.com\\\/\"},{\"@type\":\"ListItem\",\"position\":2,\"name\":\"Menchaca felicita a Claudia Sheinbaum por 100 d\u00edas como presidenta\"}]},{\"@type\":\"WebSite\",\"@id\":\"https:\\\/\\\/www.alasmedios.com\\\/#website\",\"url\":\"https:\\\/\\\/www.alasmedios.com\\\/\",\"name\":\"Alas Medios\",\"description\":\"Alas para pensar, Alas para volar, Alas de libertad\",\"publisher\":{\"@id\":\"https:\\\/\\\/www.alasmedios.com\\\/#organization\"},\"potentialAction\":[{\"@type\":\"SearchAction\",\"target\":{\"@type\":\"EntryPoint\",\"urlTemplate\":\"https:\\\/\\\/www.alasmedios.com\\\/?s={search_term_string}\"},\"query-input\":{\"@type\":\"PropertyValueSpecification\",\"valueRequired\":true,\"valueName\":\"search_term_string\"}}],\"inLanguage\":\"es\"},{\"@type\":\"Organization\",\"@id\":\"https:\\\/\\\/www.alasmedios.com\\\/#organization\",\"name\":\"Alas Medios\",\"url\":\"https:\\\/\\\/www.alasmedios.com\\\/\",\"logo\":{\"@type\":\"ImageObject\",\"inLanguage\":\"es\",\"@id\":\"https:\\\/\\\/www.alasmedios.com\\\/#\\\/schema\\\/logo\\\/image\\\/\",\"url\":\"https:\\\/\\\/www.alasmedios.com\\\/wp-content\\\/uploads\\\/2026\\\/01\\\/cropped-cropped-GAM-1.png\",\"contentUrl\":\"https:\\\/\\\/www.alasmedios.com\\\/wp-content\\\/uploads\\\/2026\\\/01\\\/cropped-cropped-GAM-1.png\",\"width\":467,\"height\":235,\"caption\":\"Alas Medios\"},\"image\":{\"@id\":\"https:\\\/\\\/www.alasmedios.com\\\/#\\\/schema\\\/logo\\\/image\\\/\"}},{\"@type\":\"Person\",\"@id\":\"https:\\\/\\\/www.alasmedios.com\\\/#\\\/schema\\\/person\\\/0ba31bdd19a05ebf5c7fef1fedf99c34\",\"name\":\"Keila Rodr\u00edguez Pe\u00f1a\",\"image\":{\"@type\":\"ImageObject\",\"inLanguage\":\"es\",\"@id\":\"https:\\\/\\\/secure.gravatar.com\\\/avatar\\\/a2553a2bfaa601b9d539b617c8793e151bdffb60f9e48a249912f86d4c9ebeef?s=96&d=mm&r=g\",\"url\":\"https:\\\/\\\/secure.gravatar.com\\\/avatar\\\/a2553a2bfaa601b9d539b617c8793e151bdffb60f9e48a249912f86d4c9ebeef?s=96&d=mm&r=g\",\"contentUrl\":\"https:\\\/\\\/secure.gravatar.com\\\/avatar\\\/a2553a2bfaa601b9d539b617c8793e151bdffb60f9e48a249912f86d4c9ebeef?s=96&d=mm&r=g\",\"caption\":\"Keila Rodr\u00edguez Pe\u00f1a\"},\"sameAs\":[\"http:\\\/\\\/www.alasmedios.com\"],\"url\":\"https:\\\/\\\/www.alasmedios.com\\\/index.php\\\/author\\\/keila\\\/\"}]}<\/script>\r\n<!-- \/ Yoast SEO plugin. -->","yoast_head_json":{"title":"Menchaca felicita a Claudia Sheinbaum por 100 d\u00edas como presidenta - Alas Medios","robots":{"index":"index","follow":"follow","max-snippet":"max-snippet:-1","max-image-preview":"max-image-preview:large","max-video-preview":"max-video-preview:-1"},"canonical":"https:\/\/www.alasmedios.com\/index.php\/2025\/01\/09\/menchaca-felicita-a-claudia-sheinbaum-por-100-dias-como-presidenta\/","og_locale":"es_MX","og_type":"article","og_title":"Menchaca felicita a Claudia Sheinbaum por 100 d\u00edas como presidenta - Alas Medios","og_description":"Se cumplieron 100 d\u00edas de Claudia Sheinbaum en la presidencia, el gobernador Julio Menchaca y la CONAGO celebraron los logros","og_url":"https:\/\/www.alasmedios.com\/index.php\/2025\/01\/09\/menchaca-felicita-a-claudia-sheinbaum-por-100-dias-como-presidenta\/","og_site_name":"Alas Medios","article_published_time":"2025-01-09T18:31:37+00:00","article_modified_time":"2025-01-09T18:31:38+00:00","og_image":[{"width":1200,"height":628,"url":"https:\/\/www.alasmedios.com\/wp-content\/uploads\/2025\/01\/100-dias-Claudia-Sheinbaum.png","type":"image\/png"}],"author":"Keila Rodr\u00edguez Pe\u00f1a","twitter_card":"summary_large_image","twitter_misc":{"Escrito por":"Keila Rodr\u00edguez Pe\u00f1a","Tiempo de lectura":"2 minutos"},"schema":{"@context":"https:\/\/schema.org","@graph":[{"@type":"Article","@id":"https:\/\/www.alasmedios.com\/index.php\/2025\/01\/09\/menchaca-felicita-a-claudia-sheinbaum-por-100-dias-como-presidenta\/#article","isPartOf":{"@id":"https:\/\/www.alasmedios.com\/index.php\/2025\/01\/09\/menchaca-felicita-a-claudia-sheinbaum-por-100-dias-como-presidenta\/"},"author":{"name":"Keila Rodr\u00edguez Pe\u00f1a","@id":"https:\/\/www.alasmedios.com\/#\/schema\/person\/0ba31bdd19a05ebf5c7fef1fedf99c34"},"headline":"Menchaca felicita a Claudia Sheinbaum por 100 d\u00edas como presidenta","datePublished":"2025-01-09T18:31:37+00:00","dateModified":"2025-01-09T18:31:38+00:00","mainEntityOfPage":{"@id":"https:\/\/www.alasmedios.com\/index.php\/2025\/01\/09\/menchaca-felicita-a-claudia-sheinbaum-por-100-dias-como-presidenta\/"},"wordCount":325,"commentCount":0,"publisher":{"@id":"https:\/\/www.alasmedios.com\/#organization"},"image":{"@id":"https:\/\/www.alasmedios.com\/index.php\/2025\/01\/09\/menchaca-felicita-a-claudia-sheinbaum-por-100-dias-como-presidenta\/#primaryimage"},"thumbnailUrl":"https:\/\/www.alasmedios.com\/wp-content\/uploads\/2025\/01\/100-dias-Claudia-Sheinbaum.png","keywords":["Claudia Sheinbaum","CONAGO","Julio Menchaca","M\u00e9xico"],"articleSection":["Hidalgo"],"inLanguage":"es","potentialAction":[{"@type":"CommentAction","name":"Comment","target":["https:\/\/www.alasmedios.com\/index.php\/2025\/01\/09\/menchaca-felicita-a-claudia-sheinbaum-por-100-dias-como-presidenta\/#respond"]}]},{"@type":"WebPage","@id":"https:\/\/www.alasmedios.com\/index.php\/2025\/01\/09\/menchaca-felicita-a-claudia-sheinbaum-por-100-dias-como-presidenta\/","url":"https:\/\/www.alasmedios.com\/index.php\/2025\/01\/09\/menchaca-felicita-a-claudia-sheinbaum-por-100-dias-como-presidenta\/","name":"Menchaca felicita a Claudia Sheinbaum por 100 d\u00edas como presidenta - Alas Medios","isPartOf":{"@id":"https:\/\/www.alasmedios.com\/#website"},"primaryImageOfPage":{"@id":"https:\/\/www.alasmedios.com\/index.php\/2025\/01\/09\/menchaca-felicita-a-claudia-sheinbaum-por-100-dias-como-presidenta\/#primaryimage"},"image":{"@id":"https:\/\/www.alasmedios.com\/index.php\/2025\/01\/09\/menchaca-felicita-a-claudia-sheinbaum-por-100-dias-como-presidenta\/#primaryimage"},"thumbnailUrl":"https:\/\/www.alasmedios.com\/wp-content\/uploads\/2025\/01\/100-dias-Claudia-Sheinbaum.png","datePublished":"2025-01-09T18:31:37+00:00","dateModified":"2025-01-09T18:31:38+00:00","breadcrumb":{"@id":"https:\/\/www.alasmedios.com\/index.php\/2025\/01\/09\/menchaca-felicita-a-claudia-sheinbaum-por-100-dias-como-presidenta\/#breadcrumb"},"inLanguage":"es","potentialAction":[{"@type":"ReadAction","target":["https:\/\/www.alasmedios.com\/index.php\/2025\/01\/09\/menchaca-felicita-a-claudia-sheinbaum-por-100-dias-como-presidenta\/"]}]},{"@type":"ImageObject","inLanguage":"es","@id":"https:\/\/www.alasmedios.com\/index.php\/2025\/01\/09\/menchaca-felicita-a-claudia-sheinbaum-por-100-dias-como-presidenta\/#primaryimage","url":"https:\/\/www.alasmedios.com\/wp-content\/uploads\/2025\/01\/100-dias-Claudia-Sheinbaum.png","contentUrl":"https:\/\/www.alasmedios.com\/wp-content\/uploads\/2025\/01\/100-dias-Claudia-Sheinbaum.png","width":1200,"height":628},{"@type":"BreadcrumbList","@id":"https:\/\/www.alasmedios.com\/index.php\/2025\/01\/09\/menchaca-felicita-a-claudia-sheinbaum-por-100-dias-como-presidenta\/#breadcrumb","itemListElement":[{"@type":"ListItem","position":1,"name":"Inicio","item":"https:\/\/www.alasmedios.com\/"},{"@type":"ListItem","position":2,"name":"Menchaca felicita a Claudia Sheinbaum por 100 d\u00edas como presidenta"}]},{"@type":"WebSite","@id":"https:\/\/www.alasmedios.com\/#website","url":"https:\/\/www.alasmedios.com\/","name":"Alas Medios","description":"Alas para pensar, Alas para volar, Alas de libertad","publisher":{"@id":"https:\/\/www.alasmedios.com\/#organization"},"potentialAction":[{"@type":"SearchAction","target":{"@type":"EntryPoint","urlTemplate":"https:\/\/www.alasmedios.com\/?s={search_term_string}"},"query-input":{"@type":"PropertyValueSpecification","valueRequired":true,"valueName":"search_term_string"}}],"inLanguage":"es"},{"@type":"Organization","@id":"https:\/\/www.alasmedios.com\/#organization","name":"Alas Medios","url":"https:\/\/www.alasmedios.com\/","logo":{"@type":"ImageObject","inLanguage":"es","@id":"https:\/\/www.alasmedios.com\/#\/schema\/logo\/image\/","url":"https:\/\/www.alasmedios.com\/wp-content\/uploads\/2026\/01\/cropped-cropped-GAM-1.png","contentUrl":"https:\/\/www.alasmedios.com\/wp-content\/uploads\/2026\/01\/cropped-cropped-GAM-1.png","width":467,"height":235,"caption":"Alas Medios"},"image":{"@id":"https:\/\/www.alasmedios.com\/#\/schema\/logo\/image\/"}},{"@type":"Person","@id":"https:\/\/www.alasmedios.com\/#\/schema\/person\/0ba31bdd19a05ebf5c7fef1fedf99c34","name":"Keila Rodr\u00edguez Pe\u00f1a","image":{"@type":"ImageObject","inLanguage":"es","@id":"https:\/\/secure.gravatar.com\/avatar\/a2553a2bfaa601b9d539b617c8793e151bdffb60f9e48a249912f86d4c9ebeef?s=96&d=mm&r=g","url":"https:\/\/secure.gravatar.com\/avatar\/a2553a2bfaa601b9d539b617c8793e151bdffb60f9e48a249912f86d4c9ebeef?s=96&d=mm&r=g","contentUrl":"https:\/\/secure.gravatar.com\/avatar\/a2553a2bfaa601b9d539b617c8793e151bdffb60f9e48a249912f86d4c9ebeef?s=96&d=mm&r=g","caption":"Keila Rodr\u00edguez Pe\u00f1a"},"sameAs":["http:\/\/www.alasmedios.com"],"url":"https:\/\/www.alasmedios.com\/index.php\/author\/keila\/"}]}},"_links":{"self":[{"href":"https:\/\/www.alasmedios.com\/index.php\/wp-json\/wp\/v2\/posts\/3081","targetHints":{"allow":["GET"]}}],"collection":[{"href":"https:\/\/www.alasmedios.com\/index.php\/wp-json\/wp\/v2\/posts"}],"about":[{"href":"https:\/\/www.alasmedios.com\/index.php\/wp-json\/wp\/v2\/types\/post"}],"author":[{"embeddable":true,"href":"https:\/\/www.alasmedios.com\/index.php\/wp-json\/wp\/v2\/users\/4"}],"replies":[{"embeddable":true,"href":"https:\/\/www.alasmedios.com\/index.php\/wp-json\/wp\/v2\/comments?post=3081"}],"version-history":[{"count":1,"href":"https:\/\/www.alasmedios.com\/index.php\/wp-json\/wp\/v2\/posts\/3081\/revisions"}],"predecessor-version":[{"id":3083,"href":"https:\/\/www.alasmedios.com\/index.php\/wp-json\/wp\/v2\/posts\/3081\/revisions\/3083"}],"wp:featuredmedia":[{"embeddable":true,"href":"https:\/\/www.alasmedios.com\/index.php\/wp-json\/wp\/v2\/media\/3082"}],"wp:attachment":[{"href":"https:\/\/www.alasmedios.com\/index.php\/wp-json\/wp\/v2\/media?parent=3081"}],"wp:term":[{"taxonomy":"category","embeddable":true,"href":"https:\/\/www.alasmedios.com\/index.php\/wp-json\/wp\/v2\/categories?post=3081"},{"taxonomy":"post_tag","embeddable":true,"href":"https:\/\/www.alasmedios.com\/index.php\/wp-json\/wp\/v2\/tags?post=3081"}],"curies":[{"name":"wp","href":"https:\/\/api.w.org\/{rel}","templated":true}]}}