{"id":3078,"date":"2025-01-08T14:13:45","date_gmt":"2025-01-08T20:13:45","guid":{"rendered":"https:\/\/www.alasmedios.com\/?p=3078"},"modified":"2025-01-08T14:13:46","modified_gmt":"2025-01-08T20:13:46","slug":"cdheh-dio-a-conocer-su-informe-del-2024-de-las-areas-de-detencion-municipal","status":"publish","type":"post","link":"https:\/\/www.alasmedios.com\/index.php\/2025\/01\/08\/cdheh-dio-a-conocer-su-informe-del-2024-de-las-areas-de-detencion-municipal\/","title":{"rendered":"CDHEH dio a conocer su informe del 2024 de las \u00c1reas de Detenci\u00f3n Municipal"},"content":{"rendered":"\n<p>La Comisi\u00f3n de Derechos Humanos del Estado de Hidalgo present\u00f3 su <strong>Informe Anual de \u00c1reas de Detenci\u00f3n Municipal (ADM) 2024<\/strong>, revelando importantes carencias en la garant\u00eda de derechos fundamentales, como el derecho a la alimentaci\u00f3n, la integridad f\u00edsica y mental, el contacto con el exterior, y la atenci\u00f3n a grupos prioritarios.<\/p>\n\n\n\n<h3 class=\"wp-block-heading\"><strong>Derecho a la alimentaci\u00f3n<\/strong><\/h3>\n\n\n\n<p>El informe se\u00f1ala que el <strong>17% de los municipios no proporciona alimentos<\/strong> a las personas detenidas, dej\u00e1ndolos en dependencia de familiares o recursos personales de los oficiales. Incluso entre los municipios que garantizan comida, solo el <strong>29% lo hace tres veces al d\u00eda<\/strong>, como en Tizayuca y Zapotl\u00e1n de Ju\u00e1rez, mientras que un <strong>7% entrega alimentos una sola vez al d\u00eda<\/strong>. <\/p>\n\n\n\n<p>En casos extremos, municipios como Tecozautla y Mixquiahuala de Ju\u00e1rez no reportan entrega alguna. Adem\u00e1s, la falta de registros formales en el <strong>60% de los municipios<\/strong> dificulta la transparencia.<\/p>\n\n\n\n<h3 class=\"wp-block-heading\"><strong>Derecho a la integridad f\u00edsica y mental<\/strong><\/h3>\n\n\n\n<p>La supervisi\u00f3n de personas detenidas es desigual. Mientras que el <strong>65% de los municipios<\/strong>, como Tizayuca y Tulancingo, implementan vigilancia constante, el <strong>35% restante<\/strong>, como Apan y Metztitl\u00e1n, carece de claridad en la frecuencia de supervisi\u00f3n. <\/p>\n\n\n\n<p>El informe destaca deficiencias en la prevenci\u00f3n de autolesiones: municipios como Atlapexco no toman medidas b\u00e1sicas como retirar objetos peligrosos. <\/p>\n\n\n\n<p>CONTIN\u00daA LEYENDO: <a href=\"https:\/\/www.alasmedios.com\/index.php\/2025\/01\/08\/mineral-de-la-reforma-ofrece-descuentos-en-el-pago-predial-2025\/\" data-type=\"post\" data-id=\"3069\">Mineral de la Reforma ofrece descuentos en el pago predial 2025<\/a><\/p>\n\n\n\n<p>Asimismo, <strong>49% de los municipios carecen de equipo m\u00e9dico adecuado<\/strong>, afectando la calidad de certificaciones m\u00e9dicas esenciales.<\/p>\n\n\n\n<h3 class=\"wp-block-heading\"><strong>Derecho a contacto con el exterior<\/strong><\/h3>\n\n\n\n<p>Aunque el <strong>99% de los municipios permite visitas<\/strong>, la falta de estandarizaci\u00f3n en tiempos y requisitos genera incertidumbre. <\/p>\n\n\n\n<p>S\u00f3lo el <strong>58% cuenta con registros formales<\/strong> para visitas, y en <strong>54% de los municipios no se realizan revisiones de seguridad adecuadas<\/strong>. <\/p>\n\n\n\n<p>Estas fallas comprometen tanto la seguridad como la dignidad de los detenidos y sus familiares.<\/p>\n\n\n\n<h3 class=\"wp-block-heading\"><strong>Grupos de atenci\u00f3n prioritaria<\/strong><\/h3>\n\n\n\n<p>Las personas no binarias enfrentan un <strong>83% de exclusi\u00f3n de celdas espec\u00edficas<\/strong>, incrementando su vulnerabilidad a discriminaci\u00f3n y violencia. <\/p>\n\n\n\n<p>S\u00f3lo el <strong>17% de los municipios<\/strong>, como Tizayuca, cuenta con espacios adecuados. <\/p>\n\n\n\n<p>Para menores infractores, el <strong>65% de los municipios carece de \u00e1reas espec\u00edficas<\/strong>, releg\u00e1ndolos a zonas comunes inapropiadas, como pasillos o sillas en \u00e1reas de espera.<\/p>\n\n\n\n<p>En cuanto a accesibilidad, solo el <strong>27% de los municipios<\/strong> reporta instalaciones parcialmente acondicionadas, siendo Zempoala y Tizayuca ejemplos positivos. <\/p>\n\n\n\n<p>TE PUEDE INTERESAR: <a href=\"https:\/\/www.alasmedios.com\/index.php\/2025\/01\/07\/el-aborto-selectivo-practica-que-perpetua-la-desigualdad-de-genero-y-afecta-la-percepcion-de-nacer-mujer\/\" data-type=\"post\" data-id=\"3066\">El aborto selectivo: pr\u00e1ctica que perpet\u00faa la desigualdad de g\u00e9nero y afecta la percepci\u00f3n de nacer mujer<\/a><\/p>\n\n\n\n<p>Sin embargo, en municipios como Metztitl\u00e1n y Mineral del Monte, no existen elementos b\u00e1sicos como rampas, incumpliendo con est\u00e1ndares m\u00ednimos de movilidad.<\/p>\n\n\n\n<h3 class=\"wp-block-heading\"><strong>Recomendaciones urgentes<\/strong><\/h3>\n\n\n\n<p>El informe subraya la necesidad de:<\/p>\n\n\n\n<ul class=\"wp-block-list\">\n<li><strong>Establecer protocolos estandarizados<\/strong> para la provisi\u00f3n de alimentos, vigilancia y certificaci\u00f3n m\u00e9dica.<\/li>\n\n\n\n<li>Dotar de <strong>infraestructura accesible y espacios espec\u00edficos<\/strong> para grupos vulnerables.<\/li>\n\n\n\n<li>Implementar <strong>registros formales<\/strong> y monitoreo transparente de visitas y entrega de alimentos.<\/li>\n<\/ul>\n\n\n\n<p>La Comisi\u00f3n inst\u00f3 a los municipios a asignar recursos espec\u00edficos y priorizar pol\u00edticas p\u00fablicas que garanticen condiciones dignas, seguras y alineadas con est\u00e1ndares nacionales e internacionales de derechos humanos.<\/p>\n\n\n<ul class=\"wp-block-latest-posts__list is-grid columns-3 wp-block-latest-posts\"><li><div class=\"wp-block-latest-posts__featured-image\"><img loading=\"lazy\" decoding=\"async\" width=\"150\" height=\"150\" src=\"https:\/\/www.alasmedios.com\/wp-content\/uploads\/2026\/05\/AMPEP-inteligencia-artificial-150x150.jpg\" class=\"attachment-thumbnail size-thumbnail wp-post-image\" alt=\"\" style=\"\" \/><\/div><a class=\"wp-block-latest-posts__post-title\" href=\"https:\/\/www.alasmedios.com\/index.php\/2026\/05\/01\/periodismo-frente-a-la-ia-ampep-asume-liderazgo-y-apuesta-por-contar-historias-con-alma\/\">Periodismo frente a la IA: AMPEP asume liderazgo y apuesta por contar historias con \u201calma\u201d<\/a><\/li>\n<li><div class=\"wp-block-latest-posts__featured-image\"><img loading=\"lazy\" decoding=\"async\" width=\"150\" height=\"150\" src=\"https:\/\/www.alasmedios.com\/wp-content\/uploads\/2026\/05\/Hidalgo-viene-un-respiro-con-el-frente-frio-48-150x150.png\" class=\"attachment-thumbnail size-thumbnail wp-post-image\" alt=\"\" style=\"\" \/><\/div><a class=\"wp-block-latest-posts__post-title\" href=\"https:\/\/www.alasmedios.com\/index.php\/2026\/05\/01\/frente-frio-48-un-alivio-asi-impactara-en-hidalgo\/\">Frente fr\u00edo 48, un alivio: as\u00ed impactar\u00e1 en Hidalgo<\/a><\/li>\n<li><div class=\"wp-block-latest-posts__featured-image\"><img loading=\"lazy\" decoding=\"async\" width=\"150\" height=\"150\" src=\"https:\/\/www.alasmedios.com\/wp-content\/uploads\/2026\/05\/mujeres-depresion-posparto-150x150.png\" class=\"attachment-thumbnail size-thumbnail wp-post-image\" alt=\"\" style=\"\" \/><\/div><a class=\"wp-block-latest-posts__post-title\" href=\"https:\/\/www.alasmedios.com\/index.php\/2026\/05\/01\/1-de-cada-15-mujeres-sufre-depresion-posparto\/\">1 de cada 15 mujeres sufre depresi\u00f3n posparto<\/a><\/li>\n<\/ul>","protected":false},"excerpt":{"rendered":"<p>La Comisi\u00f3n de Derechos Humanos del Estado de Hidalgo present\u00f3 su Informe Anual de \u00c1reas de Detenci\u00f3n Municipal (ADM) 2024,<\/p>\n","protected":false},"author":4,"featured_media":3079,"comment_status":"open","ping_status":"open","sticky":false,"template":"","format":"standard","meta":{"colormag_page_container_layout":"default_layout","colormag_page_sidebar_layout":"default_layout","rop_custom_images_group":[],"rop_custom_messages_group":[],"rop_publish_now":"initial","rop_publish_now_accounts":[],"rop_publish_now_history":[],"rop_publish_now_status":"pending","iawp_total_views":0,"footnotes":""},"categories":[41],"tags":[1064,560,456,137,99],"class_list":["post-3078","post","type-post","status-publish","format-standard","has-post-thumbnail","hentry","category-hidalgo","tag-adm","tag-cdheh","tag-derechos","tag-derechos-humanos","tag-hidalgo"],"magazineBlocksPostFeaturedMedia":{"thumbnail":"https:\/\/www.alasmedios.com\/wp-content\/uploads\/2025\/01\/CDHEH-150x150.jpg","medium":"https:\/\/www.alasmedios.com\/wp-content\/uploads\/2025\/01\/CDHEH-300x200.jpg","medium_large":"https:\/\/www.alasmedios.com\/wp-content\/uploads\/2025\/01\/CDHEH-768x511.jpg","large":"https:\/\/www.alasmedios.com\/wp-content\/uploads\/2025\/01\/CDHEH-1024x681.jpg","1536x1536":"https:\/\/www.alasmedios.com\/wp-content\/uploads\/2025\/01\/CDHEH.jpg","2048x2048":"https:\/\/www.alasmedios.com\/wp-content\/uploads\/2025\/01\/CDHEH.jpg","colormag-highlighted-post":"https:\/\/www.alasmedios.com\/wp-content\/uploads\/2025\/01\/CDHEH-392x272.jpg","colormag-featured-post-medium":"https:\/\/www.alasmedios.com\/wp-content\/uploads\/2025\/01\/CDHEH-390x205.jpg","colormag-featured-post-small":"https:\/\/www.alasmedios.com\/wp-content\/uploads\/2025\/01\/CDHEH-130x90.jpg","colormag-featured-image":"https:\/\/www.alasmedios.com\/wp-content\/uploads\/2025\/01\/CDHEH-800x445.jpg","colormag-default-news":"https:\/\/www.alasmedios.com\/wp-content\/uploads\/2025\/01\/CDHEH-150x150.jpg","colormag-featured-image-large":"https:\/\/www.alasmedios.com\/wp-content\/uploads\/2025\/01\/CDHEH-1400x600.jpg"},"magazineBlocksPostAuthor":{"name":"Keila Rodr\u00edguez Pe\u00f1a","avatar":"https:\/\/secure.gravatar.com\/avatar\/a2553a2bfaa601b9d539b617c8793e151bdffb60f9e48a249912f86d4c9ebeef?s=96&d=mm&r=g"},"magazineBlocksPostCommentsNumber":"0","magazineBlocksPostExcerpt":"La Comisi\u00f3n de Derechos Humanos del Estado de Hidalgo present\u00f3 su Informe Anual de \u00c1reas de Detenci\u00f3n Municipal (ADM) 2024,","magazineBlocksPostCategories":["Hidalgo"],"magazineBlocksPostViewCount":337,"magazineBlocksPostReadTime":3,"magazine_blocks_featured_image_url":{"full":["https:\/\/www.alasmedios.com\/wp-content\/uploads\/2025\/01\/CDHEH.jpg",1440,958,false],"medium":["https:\/\/www.alasmedios.com\/wp-content\/uploads\/2025\/01\/CDHEH-300x200.jpg",300,200,true],"thumbnail":["https:\/\/www.alasmedios.com\/wp-content\/uploads\/2025\/01\/CDHEH-150x150.jpg",150,150,true]},"magazine_blocks_author":{"display_name":"Keila Rodr\u00edguez Pe\u00f1a","author_link":"https:\/\/www.alasmedios.com\/index.php\/author\/keila\/"},"magazine_blocks_comment":0,"magazine_blocks_author_image":"https:\/\/secure.gravatar.com\/avatar\/a2553a2bfaa601b9d539b617c8793e151bdffb60f9e48a249912f86d4c9ebeef?s=96&d=mm&r=g","magazine_blocks_category":"<a href=\"#\" class=\"category-link category-link-41\">Hidalgo<\/a>","yoast_head":"<!-- This site is optimized with the Yoast SEO plugin v27.5 - https:\/\/yoast.com\/product\/yoast-seo-wordpress\/ -->\r\n<title>CDHEH dio a conocer su informe del 2024 de las \u00c1reas de Detenci\u00f3n Municipal - Alas Medios<\/title>\r\n<meta name=\"robots\" content=\"index, follow, max-snippet:-1, max-image-preview:large, max-video-preview:-1\" \/>\r\n<link rel=\"canonical\" href=\"https:\/\/www.alasmedios.com\/index.php\/2025\/01\/08\/cdheh-dio-a-conocer-su-informe-del-2024-de-las-areas-de-detencion-municipal\/\" \/>\r\n<meta property=\"og:locale\" content=\"es_MX\" \/>\r\n<meta property=\"og:type\" content=\"article\" \/>\r\n<meta property=\"og:title\" content=\"CDHEH dio a conocer su informe del 2024 de las \u00c1reas de Detenci\u00f3n Municipal - Alas Medios\" \/>\r\n<meta property=\"og:description\" content=\"La Comisi\u00f3n de Derechos Humanos del Estado de Hidalgo present\u00f3 su Informe Anual de \u00c1reas de Detenci\u00f3n Municipal (ADM) 2024,\" \/>\r\n<meta property=\"og:url\" content=\"https:\/\/www.alasmedios.com\/index.php\/2025\/01\/08\/cdheh-dio-a-conocer-su-informe-del-2024-de-las-areas-de-detencion-municipal\/\" \/>\r\n<meta property=\"og:site_name\" content=\"Alas Medios\" \/>\r\n<meta property=\"article:published_time\" content=\"2025-01-08T20:13:45+00:00\" \/>\r\n<meta property=\"article:modified_time\" content=\"2025-01-08T20:13:46+00:00\" \/>\r\n<meta property=\"og:image\" content=\"https:\/\/www.alasmedios.com\/wp-content\/uploads\/2025\/01\/CDHEH.jpg\" \/>\r\n\t<meta property=\"og:image:width\" content=\"1440\" \/>\r\n\t<meta property=\"og:image:height\" content=\"958\" \/>\r\n\t<meta property=\"og:image:type\" content=\"image\/jpeg\" \/>\r\n<meta name=\"author\" content=\"Keila Rodr\u00edguez Pe\u00f1a\" \/>\r\n<meta name=\"twitter:card\" content=\"summary_large_image\" \/>\r\n<meta name=\"twitter:label1\" content=\"Escrito por\" \/>\n\t<meta name=\"twitter:data1\" content=\"Keila Rodr\u00edguez Pe\u00f1a\" \/>\n\t<meta name=\"twitter:label2\" content=\"Tiempo de lectura\" \/>\n\t<meta name=\"twitter:data2\" content=\"3 minutos\" \/>\r\n<script type=\"application\/ld+json\" class=\"yoast-schema-graph\">{\"@context\":\"https:\\\/\\\/schema.org\",\"@graph\":[{\"@type\":\"Article\",\"@id\":\"https:\\\/\\\/www.alasmedios.com\\\/index.php\\\/2025\\\/01\\\/08\\\/cdheh-dio-a-conocer-su-informe-del-2024-de-las-areas-de-detencion-municipal\\\/#article\",\"isPartOf\":{\"@id\":\"https:\\\/\\\/www.alasmedios.com\\\/index.php\\\/2025\\\/01\\\/08\\\/cdheh-dio-a-conocer-su-informe-del-2024-de-las-areas-de-detencion-municipal\\\/\"},\"author\":{\"name\":\"Keila Rodr\u00edguez Pe\u00f1a\",\"@id\":\"https:\\\/\\\/www.alasmedios.com\\\/#\\\/schema\\\/person\\\/0ba31bdd19a05ebf5c7fef1fedf99c34\"},\"headline\":\"CDHEH dio a conocer su informe del 2024 de las \u00c1reas de Detenci\u00f3n Municipal\",\"datePublished\":\"2025-01-08T20:13:45+00:00\",\"dateModified\":\"2025-01-08T20:13:46+00:00\",\"mainEntityOfPage\":{\"@id\":\"https:\\\/\\\/www.alasmedios.com\\\/index.php\\\/2025\\\/01\\\/08\\\/cdheh-dio-a-conocer-su-informe-del-2024-de-las-areas-de-detencion-municipal\\\/\"},\"wordCount\":540,\"commentCount\":0,\"publisher\":{\"@id\":\"https:\\\/\\\/www.alasmedios.com\\\/#organization\"},\"image\":{\"@id\":\"https:\\\/\\\/www.alasmedios.com\\\/index.php\\\/2025\\\/01\\\/08\\\/cdheh-dio-a-conocer-su-informe-del-2024-de-las-areas-de-detencion-municipal\\\/#primaryimage\"},\"thumbnailUrl\":\"https:\\\/\\\/www.alasmedios.com\\\/wp-content\\\/uploads\\\/2025\\\/01\\\/CDHEH.jpg\",\"keywords\":[\"ADM\",\"CDHEH\",\"derechos\",\"Derechos Humanos\",\"Hidalgo\"],\"articleSection\":[\"Hidalgo\"],\"inLanguage\":\"es\",\"potentialAction\":[{\"@type\":\"CommentAction\",\"name\":\"Comment\",\"target\":[\"https:\\\/\\\/www.alasmedios.com\\\/index.php\\\/2025\\\/01\\\/08\\\/cdheh-dio-a-conocer-su-informe-del-2024-de-las-areas-de-detencion-municipal\\\/#respond\"]}]},{\"@type\":\"WebPage\",\"@id\":\"https:\\\/\\\/www.alasmedios.com\\\/index.php\\\/2025\\\/01\\\/08\\\/cdheh-dio-a-conocer-su-informe-del-2024-de-las-areas-de-detencion-municipal\\\/\",\"url\":\"https:\\\/\\\/www.alasmedios.com\\\/index.php\\\/2025\\\/01\\\/08\\\/cdheh-dio-a-conocer-su-informe-del-2024-de-las-areas-de-detencion-municipal\\\/\",\"name\":\"CDHEH dio a conocer su informe del 2024 de las \u00c1reas de Detenci\u00f3n Municipal - Alas Medios\",\"isPartOf\":{\"@id\":\"https:\\\/\\\/www.alasmedios.com\\\/#website\"},\"primaryImageOfPage\":{\"@id\":\"https:\\\/\\\/www.alasmedios.com\\\/index.php\\\/2025\\\/01\\\/08\\\/cdheh-dio-a-conocer-su-informe-del-2024-de-las-areas-de-detencion-municipal\\\/#primaryimage\"},\"image\":{\"@id\":\"https:\\\/\\\/www.alasmedios.com\\\/index.php\\\/2025\\\/01\\\/08\\\/cdheh-dio-a-conocer-su-informe-del-2024-de-las-areas-de-detencion-municipal\\\/#primaryimage\"},\"thumbnailUrl\":\"https:\\\/\\\/www.alasmedios.com\\\/wp-content\\\/uploads\\\/2025\\\/01\\\/CDHEH.jpg\",\"datePublished\":\"2025-01-08T20:13:45+00:00\",\"dateModified\":\"2025-01-08T20:13:46+00:00\",\"breadcrumb\":{\"@id\":\"https:\\\/\\\/www.alasmedios.com\\\/index.php\\\/2025\\\/01\\\/08\\\/cdheh-dio-a-conocer-su-informe-del-2024-de-las-areas-de-detencion-municipal\\\/#breadcrumb\"},\"inLanguage\":\"es\",\"potentialAction\":[{\"@type\":\"ReadAction\",\"target\":[\"https:\\\/\\\/www.alasmedios.com\\\/index.php\\\/2025\\\/01\\\/08\\\/cdheh-dio-a-conocer-su-informe-del-2024-de-las-areas-de-detencion-municipal\\\/\"]}]},{\"@type\":\"ImageObject\",\"inLanguage\":\"es\",\"@id\":\"https:\\\/\\\/www.alasmedios.com\\\/index.php\\\/2025\\\/01\\\/08\\\/cdheh-dio-a-conocer-su-informe-del-2024-de-las-areas-de-detencion-municipal\\\/#primaryimage\",\"url\":\"https:\\\/\\\/www.alasmedios.com\\\/wp-content\\\/uploads\\\/2025\\\/01\\\/CDHEH.jpg\",\"contentUrl\":\"https:\\\/\\\/www.alasmedios.com\\\/wp-content\\\/uploads\\\/2025\\\/01\\\/CDHEH.jpg\",\"width\":1440,\"height\":958},{\"@type\":\"BreadcrumbList\",\"@id\":\"https:\\\/\\\/www.alasmedios.com\\\/index.php\\\/2025\\\/01\\\/08\\\/cdheh-dio-a-conocer-su-informe-del-2024-de-las-areas-de-detencion-municipal\\\/#breadcrumb\",\"itemListElement\":[{\"@type\":\"ListItem\",\"position\":1,\"name\":\"Inicio\",\"item\":\"https:\\\/\\\/www.alasmedios.com\\\/\"},{\"@type\":\"ListItem\",\"position\":2,\"name\":\"CDHEH dio a conocer su informe del 2024 de las \u00c1reas de Detenci\u00f3n Municipal\"}]},{\"@type\":\"WebSite\",\"@id\":\"https:\\\/\\\/www.alasmedios.com\\\/#website\",\"url\":\"https:\\\/\\\/www.alasmedios.com\\\/\",\"name\":\"Alas Medios\",\"description\":\"Alas para pensar, Alas para volar, Alas de libertad\",\"publisher\":{\"@id\":\"https:\\\/\\\/www.alasmedios.com\\\/#organization\"},\"potentialAction\":[{\"@type\":\"SearchAction\",\"target\":{\"@type\":\"EntryPoint\",\"urlTemplate\":\"https:\\\/\\\/www.alasmedios.com\\\/?s={search_term_string}\"},\"query-input\":{\"@type\":\"PropertyValueSpecification\",\"valueRequired\":true,\"valueName\":\"search_term_string\"}}],\"inLanguage\":\"es\"},{\"@type\":\"Organization\",\"@id\":\"https:\\\/\\\/www.alasmedios.com\\\/#organization\",\"name\":\"Alas Medios\",\"url\":\"https:\\\/\\\/www.alasmedios.com\\\/\",\"logo\":{\"@type\":\"ImageObject\",\"inLanguage\":\"es\",\"@id\":\"https:\\\/\\\/www.alasmedios.com\\\/#\\\/schema\\\/logo\\\/image\\\/\",\"url\":\"https:\\\/\\\/www.alasmedios.com\\\/wp-content\\\/uploads\\\/2026\\\/01\\\/cropped-cropped-GAM-1.png\",\"contentUrl\":\"https:\\\/\\\/www.alasmedios.com\\\/wp-content\\\/uploads\\\/2026\\\/01\\\/cropped-cropped-GAM-1.png\",\"width\":467,\"height\":235,\"caption\":\"Alas Medios\"},\"image\":{\"@id\":\"https:\\\/\\\/www.alasmedios.com\\\/#\\\/schema\\\/logo\\\/image\\\/\"}},{\"@type\":\"Person\",\"@id\":\"https:\\\/\\\/www.alasmedios.com\\\/#\\\/schema\\\/person\\\/0ba31bdd19a05ebf5c7fef1fedf99c34\",\"name\":\"Keila Rodr\u00edguez Pe\u00f1a\",\"image\":{\"@type\":\"ImageObject\",\"inLanguage\":\"es\",\"@id\":\"https:\\\/\\\/secure.gravatar.com\\\/avatar\\\/a2553a2bfaa601b9d539b617c8793e151bdffb60f9e48a249912f86d4c9ebeef?s=96&d=mm&r=g\",\"url\":\"https:\\\/\\\/secure.gravatar.com\\\/avatar\\\/a2553a2bfaa601b9d539b617c8793e151bdffb60f9e48a249912f86d4c9ebeef?s=96&d=mm&r=g\",\"contentUrl\":\"https:\\\/\\\/secure.gravatar.com\\\/avatar\\\/a2553a2bfaa601b9d539b617c8793e151bdffb60f9e48a249912f86d4c9ebeef?s=96&d=mm&r=g\",\"caption\":\"Keila Rodr\u00edguez Pe\u00f1a\"},\"sameAs\":[\"http:\\\/\\\/www.alasmedios.com\"],\"url\":\"https:\\\/\\\/www.alasmedios.com\\\/index.php\\\/author\\\/keila\\\/\"}]}<\/script>\r\n<!-- \/ Yoast SEO plugin. -->","yoast_head_json":{"title":"CDHEH dio a conocer su informe del 2024 de las \u00c1reas de Detenci\u00f3n Municipal - Alas Medios","robots":{"index":"index","follow":"follow","max-snippet":"max-snippet:-1","max-image-preview":"max-image-preview:large","max-video-preview":"max-video-preview:-1"},"canonical":"https:\/\/www.alasmedios.com\/index.php\/2025\/01\/08\/cdheh-dio-a-conocer-su-informe-del-2024-de-las-areas-de-detencion-municipal\/","og_locale":"es_MX","og_type":"article","og_title":"CDHEH dio a conocer su informe del 2024 de las \u00c1reas de Detenci\u00f3n Municipal - Alas Medios","og_description":"La Comisi\u00f3n de Derechos Humanos del Estado de Hidalgo present\u00f3 su Informe Anual de \u00c1reas de Detenci\u00f3n Municipal (ADM) 2024,","og_url":"https:\/\/www.alasmedios.com\/index.php\/2025\/01\/08\/cdheh-dio-a-conocer-su-informe-del-2024-de-las-areas-de-detencion-municipal\/","og_site_name":"Alas Medios","article_published_time":"2025-01-08T20:13:45+00:00","article_modified_time":"2025-01-08T20:13:46+00:00","og_image":[{"width":1440,"height":958,"url":"https:\/\/www.alasmedios.com\/wp-content\/uploads\/2025\/01\/CDHEH.jpg","type":"image\/jpeg"}],"author":"Keila Rodr\u00edguez Pe\u00f1a","twitter_card":"summary_large_image","twitter_misc":{"Escrito por":"Keila Rodr\u00edguez Pe\u00f1a","Tiempo de lectura":"3 minutos"},"schema":{"@context":"https:\/\/schema.org","@graph":[{"@type":"Article","@id":"https:\/\/www.alasmedios.com\/index.php\/2025\/01\/08\/cdheh-dio-a-conocer-su-informe-del-2024-de-las-areas-de-detencion-municipal\/#article","isPartOf":{"@id":"https:\/\/www.alasmedios.com\/index.php\/2025\/01\/08\/cdheh-dio-a-conocer-su-informe-del-2024-de-las-areas-de-detencion-municipal\/"},"author":{"name":"Keila Rodr\u00edguez Pe\u00f1a","@id":"https:\/\/www.alasmedios.com\/#\/schema\/person\/0ba31bdd19a05ebf5c7fef1fedf99c34"},"headline":"CDHEH dio a conocer su informe del 2024 de las \u00c1reas de Detenci\u00f3n Municipal","datePublished":"2025-01-08T20:13:45+00:00","dateModified":"2025-01-08T20:13:46+00:00","mainEntityOfPage":{"@id":"https:\/\/www.alasmedios.com\/index.php\/2025\/01\/08\/cdheh-dio-a-conocer-su-informe-del-2024-de-las-areas-de-detencion-municipal\/"},"wordCount":540,"commentCount":0,"publisher":{"@id":"https:\/\/www.alasmedios.com\/#organization"},"image":{"@id":"https:\/\/www.alasmedios.com\/index.php\/2025\/01\/08\/cdheh-dio-a-conocer-su-informe-del-2024-de-las-areas-de-detencion-municipal\/#primaryimage"},"thumbnailUrl":"https:\/\/www.alasmedios.com\/wp-content\/uploads\/2025\/01\/CDHEH.jpg","keywords":["ADM","CDHEH","derechos","Derechos Humanos","Hidalgo"],"articleSection":["Hidalgo"],"inLanguage":"es","potentialAction":[{"@type":"CommentAction","name":"Comment","target":["https:\/\/www.alasmedios.com\/index.php\/2025\/01\/08\/cdheh-dio-a-conocer-su-informe-del-2024-de-las-areas-de-detencion-municipal\/#respond"]}]},{"@type":"WebPage","@id":"https:\/\/www.alasmedios.com\/index.php\/2025\/01\/08\/cdheh-dio-a-conocer-su-informe-del-2024-de-las-areas-de-detencion-municipal\/","url":"https:\/\/www.alasmedios.com\/index.php\/2025\/01\/08\/cdheh-dio-a-conocer-su-informe-del-2024-de-las-areas-de-detencion-municipal\/","name":"CDHEH dio a conocer su informe del 2024 de las \u00c1reas de Detenci\u00f3n Municipal - Alas Medios","isPartOf":{"@id":"https:\/\/www.alasmedios.com\/#website"},"primaryImageOfPage":{"@id":"https:\/\/www.alasmedios.com\/index.php\/2025\/01\/08\/cdheh-dio-a-conocer-su-informe-del-2024-de-las-areas-de-detencion-municipal\/#primaryimage"},"image":{"@id":"https:\/\/www.alasmedios.com\/index.php\/2025\/01\/08\/cdheh-dio-a-conocer-su-informe-del-2024-de-las-areas-de-detencion-municipal\/#primaryimage"},"thumbnailUrl":"https:\/\/www.alasmedios.com\/wp-content\/uploads\/2025\/01\/CDHEH.jpg","datePublished":"2025-01-08T20:13:45+00:00","dateModified":"2025-01-08T20:13:46+00:00","breadcrumb":{"@id":"https:\/\/www.alasmedios.com\/index.php\/2025\/01\/08\/cdheh-dio-a-conocer-su-informe-del-2024-de-las-areas-de-detencion-municipal\/#breadcrumb"},"inLanguage":"es","potentialAction":[{"@type":"ReadAction","target":["https:\/\/www.alasmedios.com\/index.php\/2025\/01\/08\/cdheh-dio-a-conocer-su-informe-del-2024-de-las-areas-de-detencion-municipal\/"]}]},{"@type":"ImageObject","inLanguage":"es","@id":"https:\/\/www.alasmedios.com\/index.php\/2025\/01\/08\/cdheh-dio-a-conocer-su-informe-del-2024-de-las-areas-de-detencion-municipal\/#primaryimage","url":"https:\/\/www.alasmedios.com\/wp-content\/uploads\/2025\/01\/CDHEH.jpg","contentUrl":"https:\/\/www.alasmedios.com\/wp-content\/uploads\/2025\/01\/CDHEH.jpg","width":1440,"height":958},{"@type":"BreadcrumbList","@id":"https:\/\/www.alasmedios.com\/index.php\/2025\/01\/08\/cdheh-dio-a-conocer-su-informe-del-2024-de-las-areas-de-detencion-municipal\/#breadcrumb","itemListElement":[{"@type":"ListItem","position":1,"name":"Inicio","item":"https:\/\/www.alasmedios.com\/"},{"@type":"ListItem","position":2,"name":"CDHEH dio a conocer su informe del 2024 de las \u00c1reas de Detenci\u00f3n Municipal"}]},{"@type":"WebSite","@id":"https:\/\/www.alasmedios.com\/#website","url":"https:\/\/www.alasmedios.com\/","name":"Alas Medios","description":"Alas para pensar, Alas para volar, Alas de libertad","publisher":{"@id":"https:\/\/www.alasmedios.com\/#organization"},"potentialAction":[{"@type":"SearchAction","target":{"@type":"EntryPoint","urlTemplate":"https:\/\/www.alasmedios.com\/?s={search_term_string}"},"query-input":{"@type":"PropertyValueSpecification","valueRequired":true,"valueName":"search_term_string"}}],"inLanguage":"es"},{"@type":"Organization","@id":"https:\/\/www.alasmedios.com\/#organization","name":"Alas Medios","url":"https:\/\/www.alasmedios.com\/","logo":{"@type":"ImageObject","inLanguage":"es","@id":"https:\/\/www.alasmedios.com\/#\/schema\/logo\/image\/","url":"https:\/\/www.alasmedios.com\/wp-content\/uploads\/2026\/01\/cropped-cropped-GAM-1.png","contentUrl":"https:\/\/www.alasmedios.com\/wp-content\/uploads\/2026\/01\/cropped-cropped-GAM-1.png","width":467,"height":235,"caption":"Alas Medios"},"image":{"@id":"https:\/\/www.alasmedios.com\/#\/schema\/logo\/image\/"}},{"@type":"Person","@id":"https:\/\/www.alasmedios.com\/#\/schema\/person\/0ba31bdd19a05ebf5c7fef1fedf99c34","name":"Keila Rodr\u00edguez Pe\u00f1a","image":{"@type":"ImageObject","inLanguage":"es","@id":"https:\/\/secure.gravatar.com\/avatar\/a2553a2bfaa601b9d539b617c8793e151bdffb60f9e48a249912f86d4c9ebeef?s=96&d=mm&r=g","url":"https:\/\/secure.gravatar.com\/avatar\/a2553a2bfaa601b9d539b617c8793e151bdffb60f9e48a249912f86d4c9ebeef?s=96&d=mm&r=g","contentUrl":"https:\/\/secure.gravatar.com\/avatar\/a2553a2bfaa601b9d539b617c8793e151bdffb60f9e48a249912f86d4c9ebeef?s=96&d=mm&r=g","caption":"Keila Rodr\u00edguez Pe\u00f1a"},"sameAs":["http:\/\/www.alasmedios.com"],"url":"https:\/\/www.alasmedios.com\/index.php\/author\/keila\/"}]}},"_links":{"self":[{"href":"https:\/\/www.alasmedios.com\/index.php\/wp-json\/wp\/v2\/posts\/3078","targetHints":{"allow":["GET"]}}],"collection":[{"href":"https:\/\/www.alasmedios.com\/index.php\/wp-json\/wp\/v2\/posts"}],"about":[{"href":"https:\/\/www.alasmedios.com\/index.php\/wp-json\/wp\/v2\/types\/post"}],"author":[{"embeddable":true,"href":"https:\/\/www.alasmedios.com\/index.php\/wp-json\/wp\/v2\/users\/4"}],"replies":[{"embeddable":true,"href":"https:\/\/www.alasmedios.com\/index.php\/wp-json\/wp\/v2\/comments?post=3078"}],"version-history":[{"count":1,"href":"https:\/\/www.alasmedios.com\/index.php\/wp-json\/wp\/v2\/posts\/3078\/revisions"}],"predecessor-version":[{"id":3080,"href":"https:\/\/www.alasmedios.com\/index.php\/wp-json\/wp\/v2\/posts\/3078\/revisions\/3080"}],"wp:featuredmedia":[{"embeddable":true,"href":"https:\/\/www.alasmedios.com\/index.php\/wp-json\/wp\/v2\/media\/3079"}],"wp:attachment":[{"href":"https:\/\/www.alasmedios.com\/index.php\/wp-json\/wp\/v2\/media?parent=3078"}],"wp:term":[{"taxonomy":"category","embeddable":true,"href":"https:\/\/www.alasmedios.com\/index.php\/wp-json\/wp\/v2\/categories?post=3078"},{"taxonomy":"post_tag","embeddable":true,"href":"https:\/\/www.alasmedios.com\/index.php\/wp-json\/wp\/v2\/tags?post=3078"}],"curies":[{"name":"wp","href":"https:\/\/api.w.org\/{rel}","templated":true}]}}