{"id":2736,"date":"2024-11-27T15:26:01","date_gmt":"2024-11-27T21:26:01","guid":{"rendered":"https:\/\/www.alasmedios.com\/?p=2736"},"modified":"2024-11-27T15:26:03","modified_gmt":"2024-11-27T21:26:03","slug":"encendido-del-arbol-de-navidad-en-pachuca-cuando-va-a-ser","status":"publish","type":"post","link":"https:\/\/www.alasmedios.com\/index.php\/2024\/11\/27\/encendido-del-arbol-de-navidad-en-pachuca-cuando-va-a-ser\/","title":{"rendered":"Encendido del \u00e1rbol de Navidad en Pachuca, \u00bfcu\u00e1ndo va a ser?"},"content":{"rendered":"\n<p>La Navidad est\u00e1 a solo unas semanas de celebrarse, pero las fiestas que vienen alrededor de esta magn\u00e1nima fecha est\u00e1n m\u00e1s cerca para todos, as\u00ed que las familias del estado de Hidalgo se preparan para pasarlas en grande con los eventos de la entidad, entre ellos, el Encendido del \u00e1rbol de Navidad.<\/p>\n\n\n\n<p>Si no te quieres perder de este evento que se realiza a\u00f1o con a\u00f1o en el z\u00f3calo de Plaza Ju\u00e1rez de la capital hidalguense junto al Palacio de Gobierno, tienes que prepararte, porque este va a encender sus luces este d\u00eda.<\/p>\n\n\n\n<h4 class=\"wp-block-heading\">Fecha del encendido del \u00e1rbol de Navidad en Pachuca<\/h4>\n\n\n\n<p>Apenas terminaron los festejos de Todos los Santos y el ambiente del color verde y el mu\u00e9rdago se siente en todas las esquinas con el fr\u00edo caracter\u00edstico de la \u00e9poca, por lo que se espera a Santa Claus, el nacimiento del Ni\u00f1o Jes\u00fas y todo lo que engloba la Navidad, y el encendido del \u00e1rbol de Navidad es lo que falta para empezar con todo la \u00e9poca.<\/p>\n\n\n\n<p>CONTIN\u00daA LEYENDO: <a href=\"https:\/\/www.alasmedios.com\/index.php\/2024\/11\/27\/centro-cultural-del-ferrocarril-listo-para-la-navidad-2024\/\" data-type=\"post\" data-id=\"2729\">Centro Cultural del Ferrocarril, listo para la Navidad 2024<\/a><\/p>\n\n\n\n<p>Por eso, te informamos que el encendido del \u00e1rbol de Navidad en Pachuca va a ser este mi\u00e9rcoles 4 de diciembre, seg\u00fan la informaci\u00f3n oficial del gobierno de Hidalgo.<\/p>\n\n\n\n<p>Si quieres asistir, el evento empezar\u00e1 a las 7 de la noche, cuando el \u00e1rbol quede totalmente iluminado ser\u00e1 que comenzar\u00e1 en funci\u00f3n de la Aldea M\u00e1gica y el programa Ya es Navidad que va a contar con muchas actividades y sorpresas.<\/p>\n\n\n\n<h4 class=\"wp-block-heading\">Actividades del encendido del \u00e1rbol de Navidad<\/h4>\n\n\n\n<p>En esta Navidad 2024, se espera que en la explanada de Plaza Ju\u00e1rez haya un set fotogr\u00e1fico para que las familias se lleven un recuerdo de las fechas, con un Santa Claus primero y luego con los 3 Reyes Magos.<\/p>\n\n\n\n<p>Mientras tanto, las instalaciones de la feria de Pachuca se transformar\u00e1n para dar vida a toda una Villa Navide\u00f1a con pista de hielo, tianguis navide\u00f1o, espect\u00e1culos y m\u00e1s sorpresas para el entretenimiento de las familias.<\/p>\n\n\n\n<p>Con informaci\u00f3n de <a href=\"https:\/\/infolibre.com.mx\/\"><em>Info Libre<\/em><\/a> <\/p>\n\n\n<ul class=\"wp-block-latest-posts__list is-grid columns-3 wp-block-latest-posts\"><li><div class=\"wp-block-latest-posts__featured-image\"><img loading=\"lazy\" decoding=\"async\" width=\"150\" height=\"150\" src=\"https:\/\/www.alasmedios.com\/wp-content\/uploads\/2026\/05\/USEP-calidad-hospitalaria-150x150.jpeg\" class=\"attachment-thumbnail size-thumbnail wp-post-image\" alt=\"\" style=\"\" \/><\/div><a class=\"wp-block-latest-posts__post-title\" href=\"https:\/\/www.alasmedios.com\/index.php\/2026\/05\/01\/usep-activa-formacion-para-prevenir-riesgos-en-la-atencion-medica\/\">USEP activa formaci\u00f3n para prevenir riesgos en la atenci\u00f3n m\u00e9dica<\/a><\/li>\n<li><div class=\"wp-block-latest-posts__featured-image\"><img loading=\"lazy\" decoding=\"async\" width=\"150\" height=\"150\" src=\"https:\/\/www.alasmedios.com\/wp-content\/uploads\/2026\/05\/Super-Final-de-la-Copa-del-Mundo-de-Clavados-2026-150x150.jpeg\" class=\"attachment-thumbnail size-thumbnail wp-post-image\" alt=\"\" style=\"\" \/><\/div><a class=\"wp-block-latest-posts__post-title\" href=\"https:\/\/www.alasmedios.com\/index.php\/2026\/05\/01\/mexico-se-lanza-por-la-cima-once-clavadistas-buscan-la-gloria-mundial-en-pekin-2026\/\">M\u00e9xico se lanza por la cima: once clavadistas buscan la gloria mundial en Pek\u00edn 2026<\/a><\/li>\n<li><div class=\"wp-block-latest-posts__featured-image\"><img loading=\"lazy\" decoding=\"async\" width=\"150\" height=\"150\" src=\"https:\/\/www.alasmedios.com\/wp-content\/uploads\/2026\/04\/Puebla-el-Congreso-aprobo-el-Protocolo-Homologado-de-Investigacion-de-Delitos-contra-Personas-LGBTTTI-150x150.png\" class=\"attachment-thumbnail size-thumbnail wp-post-image\" alt=\"\" style=\"\" \/><\/div><a class=\"wp-block-latest-posts__post-title\" href=\"https:\/\/www.alasmedios.com\/index.php\/2026\/04\/30\/puebla-impulsa-protocolo-contra-delitos-lgbttti\/\">Puebla impulsa protocolo contra delitos LGBTTTI+<\/a><\/li>\n<\/ul>","protected":false},"excerpt":{"rendered":"<p>La Navidad est\u00e1 a solo unas semanas de celebrarse, pero las fiestas que vienen alrededor de esta magn\u00e1nima fecha est\u00e1n<\/p>\n","protected":false},"author":4,"featured_media":2737,"comment_status":"open","ping_status":"open","sticky":false,"template":"","format":"standard","meta":{"colormag_page_container_layout":"default_layout","colormag_page_sidebar_layout":"default_layout","rop_custom_images_group":[],"rop_custom_messages_group":[],"rop_publish_now":"initial","rop_publish_now_accounts":[],"rop_publish_now_history":[],"rop_publish_now_status":"pending","iawp_total_views":0,"footnotes":""},"categories":[41],"tags":[916,99,910,87,74],"class_list":["post-2736","post","type-post","status-publish","format-standard","has-post-thumbnail","hentry","category-hidalgo","tag-encendido-del-arbol","tag-hidalgo","tag-navidad","tag-pachuca","tag-turismo"],"magazineBlocksPostFeaturedMedia":{"thumbnail":"https:\/\/www.alasmedios.com\/wp-content\/uploads\/2024\/11\/408135970_892328622262385_3168000379623128129_n-150x150.jpg","medium":"https:\/\/www.alasmedios.com\/wp-content\/uploads\/2024\/11\/408135970_892328622262385_3168000379623128129_n-300x200.jpg","medium_large":"https:\/\/www.alasmedios.com\/wp-content\/uploads\/2024\/11\/408135970_892328622262385_3168000379623128129_n-768x511.jpg","large":"https:\/\/www.alasmedios.com\/wp-content\/uploads\/2024\/11\/408135970_892328622262385_3168000379623128129_n-1024x682.jpg","1536x1536":"https:\/\/www.alasmedios.com\/wp-content\/uploads\/2024\/11\/408135970_892328622262385_3168000379623128129_n.jpg","2048x2048":"https:\/\/www.alasmedios.com\/wp-content\/uploads\/2024\/11\/408135970_892328622262385_3168000379623128129_n.jpg","colormag-highlighted-post":"https:\/\/www.alasmedios.com\/wp-content\/uploads\/2024\/11\/408135970_892328622262385_3168000379623128129_n-392x272.jpg","colormag-featured-post-medium":"https:\/\/www.alasmedios.com\/wp-content\/uploads\/2024\/11\/408135970_892328622262385_3168000379623128129_n-390x205.jpg","colormag-featured-post-small":"https:\/\/www.alasmedios.com\/wp-content\/uploads\/2024\/11\/408135970_892328622262385_3168000379623128129_n-130x90.jpg","colormag-featured-image":"https:\/\/www.alasmedios.com\/wp-content\/uploads\/2024\/11\/408135970_892328622262385_3168000379623128129_n-800x445.jpg","colormag-default-news":"https:\/\/www.alasmedios.com\/wp-content\/uploads\/2024\/11\/408135970_892328622262385_3168000379623128129_n-150x150.jpg","colormag-featured-image-large":"https:\/\/www.alasmedios.com\/wp-content\/uploads\/2024\/11\/408135970_892328622262385_3168000379623128129_n-1280x600.jpg"},"magazineBlocksPostAuthor":{"name":"Keila Rodr\u00edguez Pe\u00f1a","avatar":"https:\/\/secure.gravatar.com\/avatar\/a2553a2bfaa601b9d539b617c8793e151bdffb60f9e48a249912f86d4c9ebeef?s=96&d=mm&r=g"},"magazineBlocksPostCommentsNumber":"0","magazineBlocksPostExcerpt":"La Navidad est\u00e1 a solo unas semanas de celebrarse, pero las fiestas que vienen alrededor de esta magn\u00e1nima fecha est\u00e1n","magazineBlocksPostCategories":["Hidalgo"],"magazineBlocksPostViewCount":288,"magazineBlocksPostReadTime":2,"magazine_blocks_featured_image_url":{"full":["https:\/\/www.alasmedios.com\/wp-content\/uploads\/2024\/11\/408135970_892328622262385_3168000379623128129_n.jpg",1280,852,false],"medium":["https:\/\/www.alasmedios.com\/wp-content\/uploads\/2024\/11\/408135970_892328622262385_3168000379623128129_n-300x200.jpg",300,200,true],"thumbnail":["https:\/\/www.alasmedios.com\/wp-content\/uploads\/2024\/11\/408135970_892328622262385_3168000379623128129_n-150x150.jpg",150,150,true]},"magazine_blocks_author":{"display_name":"Keila Rodr\u00edguez Pe\u00f1a","author_link":"https:\/\/www.alasmedios.com\/index.php\/author\/keila\/"},"magazine_blocks_comment":0,"magazine_blocks_author_image":"https:\/\/secure.gravatar.com\/avatar\/a2553a2bfaa601b9d539b617c8793e151bdffb60f9e48a249912f86d4c9ebeef?s=96&d=mm&r=g","magazine_blocks_category":"<a href=\"#\" class=\"category-link category-link-41\">Hidalgo<\/a>","yoast_head":"<!-- This site is optimized with the Yoast SEO plugin v27.5 - https:\/\/yoast.com\/product\/yoast-seo-wordpress\/ -->\r\n<title>Encendido del \u00e1rbol de Navidad en Pachuca, \u00bfcu\u00e1ndo va a ser? - Alas Medios<\/title>\r\n<meta name=\"robots\" content=\"index, follow, max-snippet:-1, max-image-preview:large, max-video-preview:-1\" \/>\r\n<link rel=\"canonical\" href=\"https:\/\/www.alasmedios.com\/index.php\/2024\/11\/27\/encendido-del-arbol-de-navidad-en-pachuca-cuando-va-a-ser\/\" \/>\r\n<meta property=\"og:locale\" content=\"es_MX\" \/>\r\n<meta property=\"og:type\" content=\"article\" \/>\r\n<meta property=\"og:title\" content=\"Encendido del \u00e1rbol de Navidad en Pachuca, \u00bfcu\u00e1ndo va a ser? - Alas Medios\" \/>\r\n<meta property=\"og:description\" content=\"La Navidad est\u00e1 a solo unas semanas de celebrarse, pero las fiestas que vienen alrededor de esta magn\u00e1nima fecha est\u00e1n\" \/>\r\n<meta property=\"og:url\" content=\"https:\/\/www.alasmedios.com\/index.php\/2024\/11\/27\/encendido-del-arbol-de-navidad-en-pachuca-cuando-va-a-ser\/\" \/>\r\n<meta property=\"og:site_name\" content=\"Alas Medios\" \/>\r\n<meta property=\"article:published_time\" content=\"2024-11-27T21:26:01+00:00\" \/>\r\n<meta property=\"article:modified_time\" content=\"2024-11-27T21:26:03+00:00\" \/>\r\n<meta property=\"og:image\" content=\"https:\/\/www.alasmedios.com\/wp-content\/uploads\/2024\/11\/408135970_892328622262385_3168000379623128129_n.jpg\" \/>\r\n\t<meta property=\"og:image:width\" content=\"1280\" \/>\r\n\t<meta property=\"og:image:height\" content=\"852\" \/>\r\n\t<meta property=\"og:image:type\" content=\"image\/jpeg\" \/>\r\n<meta name=\"author\" content=\"Keila Rodr\u00edguez Pe\u00f1a\" \/>\r\n<meta name=\"twitter:card\" content=\"summary_large_image\" \/>\r\n<meta name=\"twitter:label1\" content=\"Escrito por\" \/>\n\t<meta name=\"twitter:data1\" content=\"Keila Rodr\u00edguez Pe\u00f1a\" \/>\n\t<meta name=\"twitter:label2\" content=\"Tiempo de lectura\" \/>\n\t<meta name=\"twitter:data2\" content=\"2 minutos\" \/>\r\n<script type=\"application\/ld+json\" class=\"yoast-schema-graph\">{\"@context\":\"https:\\\/\\\/schema.org\",\"@graph\":[{\"@type\":\"Article\",\"@id\":\"https:\\\/\\\/www.alasmedios.com\\\/index.php\\\/2024\\\/11\\\/27\\\/encendido-del-arbol-de-navidad-en-pachuca-cuando-va-a-ser\\\/#article\",\"isPartOf\":{\"@id\":\"https:\\\/\\\/www.alasmedios.com\\\/index.php\\\/2024\\\/11\\\/27\\\/encendido-del-arbol-de-navidad-en-pachuca-cuando-va-a-ser\\\/\"},\"author\":{\"name\":\"Keila Rodr\u00edguez Pe\u00f1a\",\"@id\":\"https:\\\/\\\/www.alasmedios.com\\\/#\\\/schema\\\/person\\\/0ba31bdd19a05ebf5c7fef1fedf99c34\"},\"headline\":\"Encendido del \u00e1rbol de Navidad en Pachuca, \u00bfcu\u00e1ndo va a ser?\",\"datePublished\":\"2024-11-27T21:26:01+00:00\",\"dateModified\":\"2024-11-27T21:26:03+00:00\",\"mainEntityOfPage\":{\"@id\":\"https:\\\/\\\/www.alasmedios.com\\\/index.php\\\/2024\\\/11\\\/27\\\/encendido-del-arbol-de-navidad-en-pachuca-cuando-va-a-ser\\\/\"},\"wordCount\":372,\"commentCount\":0,\"publisher\":{\"@id\":\"https:\\\/\\\/www.alasmedios.com\\\/#organization\"},\"image\":{\"@id\":\"https:\\\/\\\/www.alasmedios.com\\\/index.php\\\/2024\\\/11\\\/27\\\/encendido-del-arbol-de-navidad-en-pachuca-cuando-va-a-ser\\\/#primaryimage\"},\"thumbnailUrl\":\"https:\\\/\\\/www.alasmedios.com\\\/wp-content\\\/uploads\\\/2024\\\/11\\\/408135970_892328622262385_3168000379623128129_n.jpg\",\"keywords\":[\"encendido del \u00e1rbol\",\"Hidalgo\",\"navidad\",\"Pachuca\",\"Turismo\"],\"articleSection\":[\"Hidalgo\"],\"inLanguage\":\"es\",\"potentialAction\":[{\"@type\":\"CommentAction\",\"name\":\"Comment\",\"target\":[\"https:\\\/\\\/www.alasmedios.com\\\/index.php\\\/2024\\\/11\\\/27\\\/encendido-del-arbol-de-navidad-en-pachuca-cuando-va-a-ser\\\/#respond\"]}]},{\"@type\":\"WebPage\",\"@id\":\"https:\\\/\\\/www.alasmedios.com\\\/index.php\\\/2024\\\/11\\\/27\\\/encendido-del-arbol-de-navidad-en-pachuca-cuando-va-a-ser\\\/\",\"url\":\"https:\\\/\\\/www.alasmedios.com\\\/index.php\\\/2024\\\/11\\\/27\\\/encendido-del-arbol-de-navidad-en-pachuca-cuando-va-a-ser\\\/\",\"name\":\"Encendido del \u00e1rbol de Navidad en Pachuca, \u00bfcu\u00e1ndo va a ser? - Alas Medios\",\"isPartOf\":{\"@id\":\"https:\\\/\\\/www.alasmedios.com\\\/#website\"},\"primaryImageOfPage\":{\"@id\":\"https:\\\/\\\/www.alasmedios.com\\\/index.php\\\/2024\\\/11\\\/27\\\/encendido-del-arbol-de-navidad-en-pachuca-cuando-va-a-ser\\\/#primaryimage\"},\"image\":{\"@id\":\"https:\\\/\\\/www.alasmedios.com\\\/index.php\\\/2024\\\/11\\\/27\\\/encendido-del-arbol-de-navidad-en-pachuca-cuando-va-a-ser\\\/#primaryimage\"},\"thumbnailUrl\":\"https:\\\/\\\/www.alasmedios.com\\\/wp-content\\\/uploads\\\/2024\\\/11\\\/408135970_892328622262385_3168000379623128129_n.jpg\",\"datePublished\":\"2024-11-27T21:26:01+00:00\",\"dateModified\":\"2024-11-27T21:26:03+00:00\",\"breadcrumb\":{\"@id\":\"https:\\\/\\\/www.alasmedios.com\\\/index.php\\\/2024\\\/11\\\/27\\\/encendido-del-arbol-de-navidad-en-pachuca-cuando-va-a-ser\\\/#breadcrumb\"},\"inLanguage\":\"es\",\"potentialAction\":[{\"@type\":\"ReadAction\",\"target\":[\"https:\\\/\\\/www.alasmedios.com\\\/index.php\\\/2024\\\/11\\\/27\\\/encendido-del-arbol-de-navidad-en-pachuca-cuando-va-a-ser\\\/\"]}]},{\"@type\":\"ImageObject\",\"inLanguage\":\"es\",\"@id\":\"https:\\\/\\\/www.alasmedios.com\\\/index.php\\\/2024\\\/11\\\/27\\\/encendido-del-arbol-de-navidad-en-pachuca-cuando-va-a-ser\\\/#primaryimage\",\"url\":\"https:\\\/\\\/www.alasmedios.com\\\/wp-content\\\/uploads\\\/2024\\\/11\\\/408135970_892328622262385_3168000379623128129_n.jpg\",\"contentUrl\":\"https:\\\/\\\/www.alasmedios.com\\\/wp-content\\\/uploads\\\/2024\\\/11\\\/408135970_892328622262385_3168000379623128129_n.jpg\",\"width\":1280,\"height\":852},{\"@type\":\"BreadcrumbList\",\"@id\":\"https:\\\/\\\/www.alasmedios.com\\\/index.php\\\/2024\\\/11\\\/27\\\/encendido-del-arbol-de-navidad-en-pachuca-cuando-va-a-ser\\\/#breadcrumb\",\"itemListElement\":[{\"@type\":\"ListItem\",\"position\":1,\"name\":\"Inicio\",\"item\":\"https:\\\/\\\/www.alasmedios.com\\\/\"},{\"@type\":\"ListItem\",\"position\":2,\"name\":\"Encendido del \u00e1rbol de Navidad en Pachuca, \u00bfcu\u00e1ndo va a ser?\"}]},{\"@type\":\"WebSite\",\"@id\":\"https:\\\/\\\/www.alasmedios.com\\\/#website\",\"url\":\"https:\\\/\\\/www.alasmedios.com\\\/\",\"name\":\"Alas Medios\",\"description\":\"Alas para pensar, Alas para volar, Alas de libertad\",\"publisher\":{\"@id\":\"https:\\\/\\\/www.alasmedios.com\\\/#organization\"},\"potentialAction\":[{\"@type\":\"SearchAction\",\"target\":{\"@type\":\"EntryPoint\",\"urlTemplate\":\"https:\\\/\\\/www.alasmedios.com\\\/?s={search_term_string}\"},\"query-input\":{\"@type\":\"PropertyValueSpecification\",\"valueRequired\":true,\"valueName\":\"search_term_string\"}}],\"inLanguage\":\"es\"},{\"@type\":\"Organization\",\"@id\":\"https:\\\/\\\/www.alasmedios.com\\\/#organization\",\"name\":\"Alas Medios\",\"url\":\"https:\\\/\\\/www.alasmedios.com\\\/\",\"logo\":{\"@type\":\"ImageObject\",\"inLanguage\":\"es\",\"@id\":\"https:\\\/\\\/www.alasmedios.com\\\/#\\\/schema\\\/logo\\\/image\\\/\",\"url\":\"https:\\\/\\\/www.alasmedios.com\\\/wp-content\\\/uploads\\\/2026\\\/01\\\/cropped-cropped-GAM-1.png\",\"contentUrl\":\"https:\\\/\\\/www.alasmedios.com\\\/wp-content\\\/uploads\\\/2026\\\/01\\\/cropped-cropped-GAM-1.png\",\"width\":467,\"height\":235,\"caption\":\"Alas Medios\"},\"image\":{\"@id\":\"https:\\\/\\\/www.alasmedios.com\\\/#\\\/schema\\\/logo\\\/image\\\/\"}},{\"@type\":\"Person\",\"@id\":\"https:\\\/\\\/www.alasmedios.com\\\/#\\\/schema\\\/person\\\/0ba31bdd19a05ebf5c7fef1fedf99c34\",\"name\":\"Keila Rodr\u00edguez Pe\u00f1a\",\"image\":{\"@type\":\"ImageObject\",\"inLanguage\":\"es\",\"@id\":\"https:\\\/\\\/secure.gravatar.com\\\/avatar\\\/a2553a2bfaa601b9d539b617c8793e151bdffb60f9e48a249912f86d4c9ebeef?s=96&d=mm&r=g\",\"url\":\"https:\\\/\\\/secure.gravatar.com\\\/avatar\\\/a2553a2bfaa601b9d539b617c8793e151bdffb60f9e48a249912f86d4c9ebeef?s=96&d=mm&r=g\",\"contentUrl\":\"https:\\\/\\\/secure.gravatar.com\\\/avatar\\\/a2553a2bfaa601b9d539b617c8793e151bdffb60f9e48a249912f86d4c9ebeef?s=96&d=mm&r=g\",\"caption\":\"Keila Rodr\u00edguez Pe\u00f1a\"},\"sameAs\":[\"http:\\\/\\\/www.alasmedios.com\"],\"url\":\"https:\\\/\\\/www.alasmedios.com\\\/index.php\\\/author\\\/keila\\\/\"}]}<\/script>\r\n<!-- \/ Yoast SEO plugin. -->","yoast_head_json":{"title":"Encendido del \u00e1rbol de Navidad en Pachuca, \u00bfcu\u00e1ndo va a ser? - Alas Medios","robots":{"index":"index","follow":"follow","max-snippet":"max-snippet:-1","max-image-preview":"max-image-preview:large","max-video-preview":"max-video-preview:-1"},"canonical":"https:\/\/www.alasmedios.com\/index.php\/2024\/11\/27\/encendido-del-arbol-de-navidad-en-pachuca-cuando-va-a-ser\/","og_locale":"es_MX","og_type":"article","og_title":"Encendido del \u00e1rbol de Navidad en Pachuca, \u00bfcu\u00e1ndo va a ser? - Alas Medios","og_description":"La Navidad est\u00e1 a solo unas semanas de celebrarse, pero las fiestas que vienen alrededor de esta magn\u00e1nima fecha est\u00e1n","og_url":"https:\/\/www.alasmedios.com\/index.php\/2024\/11\/27\/encendido-del-arbol-de-navidad-en-pachuca-cuando-va-a-ser\/","og_site_name":"Alas Medios","article_published_time":"2024-11-27T21:26:01+00:00","article_modified_time":"2024-11-27T21:26:03+00:00","og_image":[{"width":1280,"height":852,"url":"https:\/\/www.alasmedios.com\/wp-content\/uploads\/2024\/11\/408135970_892328622262385_3168000379623128129_n.jpg","type":"image\/jpeg"}],"author":"Keila Rodr\u00edguez Pe\u00f1a","twitter_card":"summary_large_image","twitter_misc":{"Escrito por":"Keila Rodr\u00edguez Pe\u00f1a","Tiempo de lectura":"2 minutos"},"schema":{"@context":"https:\/\/schema.org","@graph":[{"@type":"Article","@id":"https:\/\/www.alasmedios.com\/index.php\/2024\/11\/27\/encendido-del-arbol-de-navidad-en-pachuca-cuando-va-a-ser\/#article","isPartOf":{"@id":"https:\/\/www.alasmedios.com\/index.php\/2024\/11\/27\/encendido-del-arbol-de-navidad-en-pachuca-cuando-va-a-ser\/"},"author":{"name":"Keila Rodr\u00edguez Pe\u00f1a","@id":"https:\/\/www.alasmedios.com\/#\/schema\/person\/0ba31bdd19a05ebf5c7fef1fedf99c34"},"headline":"Encendido del \u00e1rbol de Navidad en Pachuca, \u00bfcu\u00e1ndo va a ser?","datePublished":"2024-11-27T21:26:01+00:00","dateModified":"2024-11-27T21:26:03+00:00","mainEntityOfPage":{"@id":"https:\/\/www.alasmedios.com\/index.php\/2024\/11\/27\/encendido-del-arbol-de-navidad-en-pachuca-cuando-va-a-ser\/"},"wordCount":372,"commentCount":0,"publisher":{"@id":"https:\/\/www.alasmedios.com\/#organization"},"image":{"@id":"https:\/\/www.alasmedios.com\/index.php\/2024\/11\/27\/encendido-del-arbol-de-navidad-en-pachuca-cuando-va-a-ser\/#primaryimage"},"thumbnailUrl":"https:\/\/www.alasmedios.com\/wp-content\/uploads\/2024\/11\/408135970_892328622262385_3168000379623128129_n.jpg","keywords":["encendido del \u00e1rbol","Hidalgo","navidad","Pachuca","Turismo"],"articleSection":["Hidalgo"],"inLanguage":"es","potentialAction":[{"@type":"CommentAction","name":"Comment","target":["https:\/\/www.alasmedios.com\/index.php\/2024\/11\/27\/encendido-del-arbol-de-navidad-en-pachuca-cuando-va-a-ser\/#respond"]}]},{"@type":"WebPage","@id":"https:\/\/www.alasmedios.com\/index.php\/2024\/11\/27\/encendido-del-arbol-de-navidad-en-pachuca-cuando-va-a-ser\/","url":"https:\/\/www.alasmedios.com\/index.php\/2024\/11\/27\/encendido-del-arbol-de-navidad-en-pachuca-cuando-va-a-ser\/","name":"Encendido del \u00e1rbol de Navidad en Pachuca, \u00bfcu\u00e1ndo va a ser? - Alas Medios","isPartOf":{"@id":"https:\/\/www.alasmedios.com\/#website"},"primaryImageOfPage":{"@id":"https:\/\/www.alasmedios.com\/index.php\/2024\/11\/27\/encendido-del-arbol-de-navidad-en-pachuca-cuando-va-a-ser\/#primaryimage"},"image":{"@id":"https:\/\/www.alasmedios.com\/index.php\/2024\/11\/27\/encendido-del-arbol-de-navidad-en-pachuca-cuando-va-a-ser\/#primaryimage"},"thumbnailUrl":"https:\/\/www.alasmedios.com\/wp-content\/uploads\/2024\/11\/408135970_892328622262385_3168000379623128129_n.jpg","datePublished":"2024-11-27T21:26:01+00:00","dateModified":"2024-11-27T21:26:03+00:00","breadcrumb":{"@id":"https:\/\/www.alasmedios.com\/index.php\/2024\/11\/27\/encendido-del-arbol-de-navidad-en-pachuca-cuando-va-a-ser\/#breadcrumb"},"inLanguage":"es","potentialAction":[{"@type":"ReadAction","target":["https:\/\/www.alasmedios.com\/index.php\/2024\/11\/27\/encendido-del-arbol-de-navidad-en-pachuca-cuando-va-a-ser\/"]}]},{"@type":"ImageObject","inLanguage":"es","@id":"https:\/\/www.alasmedios.com\/index.php\/2024\/11\/27\/encendido-del-arbol-de-navidad-en-pachuca-cuando-va-a-ser\/#primaryimage","url":"https:\/\/www.alasmedios.com\/wp-content\/uploads\/2024\/11\/408135970_892328622262385_3168000379623128129_n.jpg","contentUrl":"https:\/\/www.alasmedios.com\/wp-content\/uploads\/2024\/11\/408135970_892328622262385_3168000379623128129_n.jpg","width":1280,"height":852},{"@type":"BreadcrumbList","@id":"https:\/\/www.alasmedios.com\/index.php\/2024\/11\/27\/encendido-del-arbol-de-navidad-en-pachuca-cuando-va-a-ser\/#breadcrumb","itemListElement":[{"@type":"ListItem","position":1,"name":"Inicio","item":"https:\/\/www.alasmedios.com\/"},{"@type":"ListItem","position":2,"name":"Encendido del \u00e1rbol de Navidad en Pachuca, \u00bfcu\u00e1ndo va a ser?"}]},{"@type":"WebSite","@id":"https:\/\/www.alasmedios.com\/#website","url":"https:\/\/www.alasmedios.com\/","name":"Alas Medios","description":"Alas para pensar, Alas para volar, Alas de libertad","publisher":{"@id":"https:\/\/www.alasmedios.com\/#organization"},"potentialAction":[{"@type":"SearchAction","target":{"@type":"EntryPoint","urlTemplate":"https:\/\/www.alasmedios.com\/?s={search_term_string}"},"query-input":{"@type":"PropertyValueSpecification","valueRequired":true,"valueName":"search_term_string"}}],"inLanguage":"es"},{"@type":"Organization","@id":"https:\/\/www.alasmedios.com\/#organization","name":"Alas Medios","url":"https:\/\/www.alasmedios.com\/","logo":{"@type":"ImageObject","inLanguage":"es","@id":"https:\/\/www.alasmedios.com\/#\/schema\/logo\/image\/","url":"https:\/\/www.alasmedios.com\/wp-content\/uploads\/2026\/01\/cropped-cropped-GAM-1.png","contentUrl":"https:\/\/www.alasmedios.com\/wp-content\/uploads\/2026\/01\/cropped-cropped-GAM-1.png","width":467,"height":235,"caption":"Alas Medios"},"image":{"@id":"https:\/\/www.alasmedios.com\/#\/schema\/logo\/image\/"}},{"@type":"Person","@id":"https:\/\/www.alasmedios.com\/#\/schema\/person\/0ba31bdd19a05ebf5c7fef1fedf99c34","name":"Keila Rodr\u00edguez Pe\u00f1a","image":{"@type":"ImageObject","inLanguage":"es","@id":"https:\/\/secure.gravatar.com\/avatar\/a2553a2bfaa601b9d539b617c8793e151bdffb60f9e48a249912f86d4c9ebeef?s=96&d=mm&r=g","url":"https:\/\/secure.gravatar.com\/avatar\/a2553a2bfaa601b9d539b617c8793e151bdffb60f9e48a249912f86d4c9ebeef?s=96&d=mm&r=g","contentUrl":"https:\/\/secure.gravatar.com\/avatar\/a2553a2bfaa601b9d539b617c8793e151bdffb60f9e48a249912f86d4c9ebeef?s=96&d=mm&r=g","caption":"Keila Rodr\u00edguez Pe\u00f1a"},"sameAs":["http:\/\/www.alasmedios.com"],"url":"https:\/\/www.alasmedios.com\/index.php\/author\/keila\/"}]}},"_links":{"self":[{"href":"https:\/\/www.alasmedios.com\/index.php\/wp-json\/wp\/v2\/posts\/2736","targetHints":{"allow":["GET"]}}],"collection":[{"href":"https:\/\/www.alasmedios.com\/index.php\/wp-json\/wp\/v2\/posts"}],"about":[{"href":"https:\/\/www.alasmedios.com\/index.php\/wp-json\/wp\/v2\/types\/post"}],"author":[{"embeddable":true,"href":"https:\/\/www.alasmedios.com\/index.php\/wp-json\/wp\/v2\/users\/4"}],"replies":[{"embeddable":true,"href":"https:\/\/www.alasmedios.com\/index.php\/wp-json\/wp\/v2\/comments?post=2736"}],"version-history":[{"count":1,"href":"https:\/\/www.alasmedios.com\/index.php\/wp-json\/wp\/v2\/posts\/2736\/revisions"}],"predecessor-version":[{"id":2738,"href":"https:\/\/www.alasmedios.com\/index.php\/wp-json\/wp\/v2\/posts\/2736\/revisions\/2738"}],"wp:featuredmedia":[{"embeddable":true,"href":"https:\/\/www.alasmedios.com\/index.php\/wp-json\/wp\/v2\/media\/2737"}],"wp:attachment":[{"href":"https:\/\/www.alasmedios.com\/index.php\/wp-json\/wp\/v2\/media?parent=2736"}],"wp:term":[{"taxonomy":"category","embeddable":true,"href":"https:\/\/www.alasmedios.com\/index.php\/wp-json\/wp\/v2\/categories?post=2736"},{"taxonomy":"post_tag","embeddable":true,"href":"https:\/\/www.alasmedios.com\/index.php\/wp-json\/wp\/v2\/tags?post=2736"}],"curies":[{"name":"wp","href":"https:\/\/api.w.org\/{rel}","templated":true}]}}