{"id":2603,"date":"2024-11-13T15:56:06","date_gmt":"2024-11-13T21:56:06","guid":{"rendered":"https:\/\/www.alasmedios.com\/?p=2603"},"modified":"2024-11-13T15:56:08","modified_gmt":"2024-11-13T21:56:08","slug":"alertan-sobre-el-aumento-de-casos-en-mujeres-mexicanas-y-la-importancia-de-la-prevencion-de-diabetes","status":"publish","type":"post","link":"https:\/\/www.alasmedios.com\/index.php\/2024\/11\/13\/alertan-sobre-el-aumento-de-casos-en-mujeres-mexicanas-y-la-importancia-de-la-prevencion-de-diabetes\/","title":{"rendered":"Alertan sobre el aumento de casos en mujeres mexicanas y la importancia de la prevenci\u00f3n de diabetes"},"content":{"rendered":"\n<p>Con motivo del D\u00eda Mundial de la Diabetes, Cleveland Clinic lanz\u00f3 un llamado a la acci\u00f3n para abordar esta enfermedad cr\u00f3nica que afecta a millones en M\u00e9xico y es la segunda causa de muerte en el pa\u00eds, de acuerdo con el Instituto Nacional de Estad\u00edstica y Geograf\u00eda (Inegi). <\/p>\n\n\n\n<p>Las mujeres, particularmente vulnerables, requieren atenci\u00f3n prioritaria en la detecci\u00f3n temprana y el tratamiento adecuado, seg\u00fan el <a href=\"https:\/\/www.youtube.com\/watch?v=yDfgSx6u_ak\" data-type=\"link\" data-id=\"https:\/\/www.youtube.com\/watch?v=yDfgSx6u_ak\">Dr. Ricardo Correa<\/a>, endocrin\u00f3logo de Cleveland Clinic.<\/p>\n\n\n\n<p><em>&#8220;La diabetes tipo 2 est\u00e1 en aumento en M\u00e9xico, y es esencial que las mujeres realicen chequeos regulares&#8221;,<\/em> enfatiz\u00f3 el Dr. Correa, quien tambi\u00e9n se\u00f1al\u00f3 que muchas pacientes llegan a la cl\u00ednica con complicaciones graves como problemas card\u00edacos y renales, sin haber recibido un diagn\u00f3stico previo.<\/p>\n\n\n\n<p>En Latinoam\u00e9rica, la falta de acceso a tratamientos y la escasez de informaci\u00f3n dificultan la prevenci\u00f3n de la diabetes. <\/p>\n\n\n\n<p>CONTIN\u00daA LEYENDO: <a href=\"https:\/\/www.alasmedios.com\/index.php\/2024\/11\/13\/internet-muerto-estamos-interactuando-con-bots-y-contenido-falso\/\" data-type=\"post\" data-id=\"2594\">\u201cInternet Muerto\u201d: \u00bfEstamos interactuando con bots y contenido falso?<\/a><\/p>\n\n\n\n<p>Adem\u00e1s, la obesidad abdominal afecta al 81% de la poblaci\u00f3n en M\u00e9xico, con las mujeres enfrentando 1.4 veces m\u00e1s riesgo que los hombres.<\/p>\n\n\n\n<p>El Dr. Correa tambi\u00e9n subray\u00f3 la necesidad de un enfoque culturalmente adaptado para la prevenci\u00f3n, que incluya h\u00e1bitos de ejercicio que fortalezcan el cuerpo, horas adecuadas de sue\u00f1o y pr\u00e1cticas de manejo del estr\u00e9s como el yoga y la meditaci\u00f3n. <\/p>\n\n\n\n<p><em>&#8220;No se trata solo de hacer cardio, sino de desarrollar masa muscular para mejorar la salud metab\u00f3lica&#8221;<\/em>, afirm\u00f3.<\/p>\n\n\n\n<p>Cleveland Clinic invita a la comunidad a reflexionar sobre la importancia de la prevenci\u00f3n y el tratamiento en esta fecha y a adoptar un estilo de vida saludable que ayude a reducir el riesgo de esta enfermedad.<\/p>\n\n\n<ul class=\"wp-block-latest-posts__list is-grid columns-3 wp-block-latest-posts\"><li><div class=\"wp-block-latest-posts__featured-image\"><img loading=\"lazy\" decoding=\"async\" width=\"150\" height=\"150\" src=\"https:\/\/www.alasmedios.com\/wp-content\/uploads\/2026\/05\/AMPEP-inteligencia-artificial-150x150.jpg\" class=\"attachment-thumbnail size-thumbnail wp-post-image\" alt=\"\" style=\"\" \/><\/div><a class=\"wp-block-latest-posts__post-title\" href=\"https:\/\/www.alasmedios.com\/index.php\/2026\/05\/01\/periodismo-frente-a-la-ia-ampep-asume-liderazgo-y-apuesta-por-contar-historias-con-alma\/\">Periodismo frente a la IA: AMPEP asume liderazgo y apuesta por contar historias con \u201calma\u201d<\/a><\/li>\n<li><div class=\"wp-block-latest-posts__featured-image\"><img loading=\"lazy\" decoding=\"async\" width=\"150\" height=\"150\" src=\"https:\/\/www.alasmedios.com\/wp-content\/uploads\/2026\/05\/Hidalgo-viene-un-respiro-con-el-frente-frio-48-150x150.png\" class=\"attachment-thumbnail size-thumbnail wp-post-image\" alt=\"\" style=\"\" \/><\/div><a class=\"wp-block-latest-posts__post-title\" href=\"https:\/\/www.alasmedios.com\/index.php\/2026\/05\/01\/frente-frio-48-un-alivio-asi-impactara-en-hidalgo\/\">Frente fr\u00edo 48, un alivio: as\u00ed impactar\u00e1 en Hidalgo<\/a><\/li>\n<li><div class=\"wp-block-latest-posts__featured-image\"><img loading=\"lazy\" decoding=\"async\" width=\"150\" height=\"150\" src=\"https:\/\/www.alasmedios.com\/wp-content\/uploads\/2026\/05\/mujeres-depresion-posparto-150x150.png\" class=\"attachment-thumbnail size-thumbnail wp-post-image\" alt=\"\" style=\"\" \/><\/div><a class=\"wp-block-latest-posts__post-title\" href=\"https:\/\/www.alasmedios.com\/index.php\/2026\/05\/01\/1-de-cada-15-mujeres-sufre-depresion-posparto\/\">1 de cada 15 mujeres sufre depresi\u00f3n posparto<\/a><\/li>\n<\/ul>","protected":false},"excerpt":{"rendered":"<p>Con motivo del D\u00eda Mundial de la Diabetes, Cleveland Clinic lanz\u00f3 un llamado a la acci\u00f3n para abordar esta enfermedad<\/p>\n","protected":false},"author":4,"featured_media":2604,"comment_status":"open","ping_status":"open","sticky":false,"template":"","format":"standard","meta":{"colormag_page_container_layout":"default_layout","colormag_page_sidebar_layout":"default_layout","rop_custom_images_group":[],"rop_custom_messages_group":[],"rop_publish_now":"initial","rop_publish_now_accounts":[],"rop_publish_now_history":[],"rop_publish_now_status":"pending","iawp_total_views":0,"footnotes":""},"categories":[42],"tags":[843,844,827,166,53,136],"class_list":["post-2603","post","type-post","status-publish","format-standard","has-post-thumbnail","hentry","category-familia_salud","tag-cleveland-clinic","tag-diabetes","tag-inegi","tag-mexico","tag-mujeres","tag-salud"],"magazineBlocksPostFeaturedMedia":{"thumbnail":"https:\/\/www.alasmedios.com\/wp-content\/uploads\/2024\/11\/caracteristicas-de-la-diabetes-en-mujeres-mayores-150x150.jpeg","medium":"https:\/\/www.alasmedios.com\/wp-content\/uploads\/2024\/11\/caracteristicas-de-la-diabetes-en-mujeres-mayores-300x200.jpeg","medium_large":"https:\/\/www.alasmedios.com\/wp-content\/uploads\/2024\/11\/caracteristicas-de-la-diabetes-en-mujeres-mayores-768x513.jpeg","large":"https:\/\/www.alasmedios.com\/wp-content\/uploads\/2024\/11\/caracteristicas-de-la-diabetes-en-mujeres-mayores-1024x684.jpeg","1536x1536":"https:\/\/www.alasmedios.com\/wp-content\/uploads\/2024\/11\/caracteristicas-de-la-diabetes-en-mujeres-mayores-1536x1025.jpeg","2048x2048":"https:\/\/www.alasmedios.com\/wp-content\/uploads\/2024\/11\/caracteristicas-de-la-diabetes-en-mujeres-mayores.jpeg","colormag-highlighted-post":"https:\/\/www.alasmedios.com\/wp-content\/uploads\/2024\/11\/caracteristicas-de-la-diabetes-en-mujeres-mayores-392x272.jpeg","colormag-featured-post-medium":"https:\/\/www.alasmedios.com\/wp-content\/uploads\/2024\/11\/caracteristicas-de-la-diabetes-en-mujeres-mayores-390x205.jpeg","colormag-featured-post-small":"https:\/\/www.alasmedios.com\/wp-content\/uploads\/2024\/11\/caracteristicas-de-la-diabetes-en-mujeres-mayores-130x90.jpeg","colormag-featured-image":"https:\/\/www.alasmedios.com\/wp-content\/uploads\/2024\/11\/caracteristicas-de-la-diabetes-en-mujeres-mayores-800x445.jpeg","colormag-default-news":"https:\/\/www.alasmedios.com\/wp-content\/uploads\/2024\/11\/caracteristicas-de-la-diabetes-en-mujeres-mayores-150x150.jpeg","colormag-featured-image-large":"https:\/\/www.alasmedios.com\/wp-content\/uploads\/2024\/11\/caracteristicas-de-la-diabetes-en-mujeres-mayores-1400x600.jpeg"},"magazineBlocksPostAuthor":{"name":"Keila Rodr\u00edguez Pe\u00f1a","avatar":"https:\/\/secure.gravatar.com\/avatar\/a2553a2bfaa601b9d539b617c8793e151bdffb60f9e48a249912f86d4c9ebeef?s=96&d=mm&r=g"},"magazineBlocksPostCommentsNumber":"0","magazineBlocksPostExcerpt":"Con motivo del D\u00eda Mundial de la Diabetes, Cleveland Clinic lanz\u00f3 un llamado a la acci\u00f3n para abordar esta enfermedad","magazineBlocksPostCategories":["Familia y Bienestar"],"magazineBlocksPostViewCount":423,"magazineBlocksPostReadTime":2,"magazine_blocks_featured_image_url":{"full":["https:\/\/www.alasmedios.com\/wp-content\/uploads\/2024\/11\/caracteristicas-de-la-diabetes-en-mujeres-mayores.jpeg",1600,1068,false],"medium":["https:\/\/www.alasmedios.com\/wp-content\/uploads\/2024\/11\/caracteristicas-de-la-diabetes-en-mujeres-mayores-300x200.jpeg",300,200,true],"thumbnail":["https:\/\/www.alasmedios.com\/wp-content\/uploads\/2024\/11\/caracteristicas-de-la-diabetes-en-mujeres-mayores-150x150.jpeg",150,150,true]},"magazine_blocks_author":{"display_name":"Keila Rodr\u00edguez Pe\u00f1a","author_link":"https:\/\/www.alasmedios.com\/index.php\/author\/keila\/"},"magazine_blocks_comment":0,"magazine_blocks_author_image":"https:\/\/secure.gravatar.com\/avatar\/a2553a2bfaa601b9d539b617c8793e151bdffb60f9e48a249912f86d4c9ebeef?s=96&d=mm&r=g","magazine_blocks_category":"<a href=\"#\" class=\"category-link category-link-42\">Familia y Bienestar<\/a>","yoast_head":"<!-- This site is optimized with the Yoast SEO plugin v27.5 - https:\/\/yoast.com\/product\/yoast-seo-wordpress\/ -->\r\n<title>Alertan sobre el aumento de casos en mujeres mexicanas y la importancia de la prevenci\u00f3n de diabetes - Alas Medios<\/title>\r\n<meta name=\"robots\" content=\"index, follow, max-snippet:-1, max-image-preview:large, max-video-preview:-1\" \/>\r\n<link rel=\"canonical\" href=\"https:\/\/www.alasmedios.com\/index.php\/2024\/11\/13\/alertan-sobre-el-aumento-de-casos-en-mujeres-mexicanas-y-la-importancia-de-la-prevencion-de-diabetes\/\" \/>\r\n<meta property=\"og:locale\" content=\"es_MX\" \/>\r\n<meta property=\"og:type\" content=\"article\" \/>\r\n<meta property=\"og:title\" content=\"Alertan sobre el aumento de casos en mujeres mexicanas y la importancia de la prevenci\u00f3n de diabetes - Alas Medios\" \/>\r\n<meta property=\"og:description\" content=\"Con motivo del D\u00eda Mundial de la Diabetes, Cleveland Clinic lanz\u00f3 un llamado a la acci\u00f3n para abordar esta enfermedad\" \/>\r\n<meta property=\"og:url\" content=\"https:\/\/www.alasmedios.com\/index.php\/2024\/11\/13\/alertan-sobre-el-aumento-de-casos-en-mujeres-mexicanas-y-la-importancia-de-la-prevencion-de-diabetes\/\" \/>\r\n<meta property=\"og:site_name\" content=\"Alas Medios\" \/>\r\n<meta property=\"article:published_time\" content=\"2024-11-13T21:56:06+00:00\" \/>\r\n<meta property=\"article:modified_time\" content=\"2024-11-13T21:56:08+00:00\" \/>\r\n<meta property=\"og:image\" content=\"https:\/\/www.alasmedios.com\/wp-content\/uploads\/2024\/11\/caracteristicas-de-la-diabetes-en-mujeres-mayores.jpeg\" \/>\r\n\t<meta property=\"og:image:width\" content=\"1600\" \/>\r\n\t<meta property=\"og:image:height\" content=\"1068\" \/>\r\n\t<meta property=\"og:image:type\" content=\"image\/jpeg\" \/>\r\n<meta name=\"author\" content=\"Keila Rodr\u00edguez Pe\u00f1a\" \/>\r\n<meta name=\"twitter:card\" content=\"summary_large_image\" \/>\r\n<meta name=\"twitter:label1\" content=\"Escrito por\" \/>\n\t<meta name=\"twitter:data1\" content=\"Keila Rodr\u00edguez Pe\u00f1a\" \/>\n\t<meta name=\"twitter:label2\" content=\"Tiempo de lectura\" \/>\n\t<meta name=\"twitter:data2\" content=\"1 minuto\" \/>\r\n<script type=\"application\/ld+json\" class=\"yoast-schema-graph\">{\"@context\":\"https:\\\/\\\/schema.org\",\"@graph\":[{\"@type\":\"Article\",\"@id\":\"https:\\\/\\\/www.alasmedios.com\\\/index.php\\\/2024\\\/11\\\/13\\\/alertan-sobre-el-aumento-de-casos-en-mujeres-mexicanas-y-la-importancia-de-la-prevencion-de-diabetes\\\/#article\",\"isPartOf\":{\"@id\":\"https:\\\/\\\/www.alasmedios.com\\\/index.php\\\/2024\\\/11\\\/13\\\/alertan-sobre-el-aumento-de-casos-en-mujeres-mexicanas-y-la-importancia-de-la-prevencion-de-diabetes\\\/\"},\"author\":{\"name\":\"Keila Rodr\u00edguez Pe\u00f1a\",\"@id\":\"https:\\\/\\\/www.alasmedios.com\\\/#\\\/schema\\\/person\\\/0ba31bdd19a05ebf5c7fef1fedf99c34\"},\"headline\":\"Alertan sobre el aumento de casos en mujeres mexicanas y la importancia de la prevenci\u00f3n de diabetes\",\"datePublished\":\"2024-11-13T21:56:06+00:00\",\"dateModified\":\"2024-11-13T21:56:08+00:00\",\"mainEntityOfPage\":{\"@id\":\"https:\\\/\\\/www.alasmedios.com\\\/index.php\\\/2024\\\/11\\\/13\\\/alertan-sobre-el-aumento-de-casos-en-mujeres-mexicanas-y-la-importancia-de-la-prevencion-de-diabetes\\\/\"},\"wordCount\":315,\"commentCount\":0,\"publisher\":{\"@id\":\"https:\\\/\\\/www.alasmedios.com\\\/#organization\"},\"image\":{\"@id\":\"https:\\\/\\\/www.alasmedios.com\\\/index.php\\\/2024\\\/11\\\/13\\\/alertan-sobre-el-aumento-de-casos-en-mujeres-mexicanas-y-la-importancia-de-la-prevencion-de-diabetes\\\/#primaryimage\"},\"thumbnailUrl\":\"https:\\\/\\\/www.alasmedios.com\\\/wp-content\\\/uploads\\\/2024\\\/11\\\/caracteristicas-de-la-diabetes-en-mujeres-mayores.jpeg\",\"keywords\":[\"Cleveland Clinic\",\"diabetes\",\"INEGI\",\"M\u00e9xico\",\"Mujeres\",\"Salud\"],\"articleSection\":[\"Familia y Bienestar\"],\"inLanguage\":\"es\",\"potentialAction\":[{\"@type\":\"CommentAction\",\"name\":\"Comment\",\"target\":[\"https:\\\/\\\/www.alasmedios.com\\\/index.php\\\/2024\\\/11\\\/13\\\/alertan-sobre-el-aumento-de-casos-en-mujeres-mexicanas-y-la-importancia-de-la-prevencion-de-diabetes\\\/#respond\"]}]},{\"@type\":\"WebPage\",\"@id\":\"https:\\\/\\\/www.alasmedios.com\\\/index.php\\\/2024\\\/11\\\/13\\\/alertan-sobre-el-aumento-de-casos-en-mujeres-mexicanas-y-la-importancia-de-la-prevencion-de-diabetes\\\/\",\"url\":\"https:\\\/\\\/www.alasmedios.com\\\/index.php\\\/2024\\\/11\\\/13\\\/alertan-sobre-el-aumento-de-casos-en-mujeres-mexicanas-y-la-importancia-de-la-prevencion-de-diabetes\\\/\",\"name\":\"Alertan sobre el aumento de casos en mujeres mexicanas y la importancia de la prevenci\u00f3n de diabetes - Alas Medios\",\"isPartOf\":{\"@id\":\"https:\\\/\\\/www.alasmedios.com\\\/#website\"},\"primaryImageOfPage\":{\"@id\":\"https:\\\/\\\/www.alasmedios.com\\\/index.php\\\/2024\\\/11\\\/13\\\/alertan-sobre-el-aumento-de-casos-en-mujeres-mexicanas-y-la-importancia-de-la-prevencion-de-diabetes\\\/#primaryimage\"},\"image\":{\"@id\":\"https:\\\/\\\/www.alasmedios.com\\\/index.php\\\/2024\\\/11\\\/13\\\/alertan-sobre-el-aumento-de-casos-en-mujeres-mexicanas-y-la-importancia-de-la-prevencion-de-diabetes\\\/#primaryimage\"},\"thumbnailUrl\":\"https:\\\/\\\/www.alasmedios.com\\\/wp-content\\\/uploads\\\/2024\\\/11\\\/caracteristicas-de-la-diabetes-en-mujeres-mayores.jpeg\",\"datePublished\":\"2024-11-13T21:56:06+00:00\",\"dateModified\":\"2024-11-13T21:56:08+00:00\",\"breadcrumb\":{\"@id\":\"https:\\\/\\\/www.alasmedios.com\\\/index.php\\\/2024\\\/11\\\/13\\\/alertan-sobre-el-aumento-de-casos-en-mujeres-mexicanas-y-la-importancia-de-la-prevencion-de-diabetes\\\/#breadcrumb\"},\"inLanguage\":\"es\",\"potentialAction\":[{\"@type\":\"ReadAction\",\"target\":[\"https:\\\/\\\/www.alasmedios.com\\\/index.php\\\/2024\\\/11\\\/13\\\/alertan-sobre-el-aumento-de-casos-en-mujeres-mexicanas-y-la-importancia-de-la-prevencion-de-diabetes\\\/\"]}]},{\"@type\":\"ImageObject\",\"inLanguage\":\"es\",\"@id\":\"https:\\\/\\\/www.alasmedios.com\\\/index.php\\\/2024\\\/11\\\/13\\\/alertan-sobre-el-aumento-de-casos-en-mujeres-mexicanas-y-la-importancia-de-la-prevencion-de-diabetes\\\/#primaryimage\",\"url\":\"https:\\\/\\\/www.alasmedios.com\\\/wp-content\\\/uploads\\\/2024\\\/11\\\/caracteristicas-de-la-diabetes-en-mujeres-mayores.jpeg\",\"contentUrl\":\"https:\\\/\\\/www.alasmedios.com\\\/wp-content\\\/uploads\\\/2024\\\/11\\\/caracteristicas-de-la-diabetes-en-mujeres-mayores.jpeg\",\"width\":1600,\"height\":1068},{\"@type\":\"BreadcrumbList\",\"@id\":\"https:\\\/\\\/www.alasmedios.com\\\/index.php\\\/2024\\\/11\\\/13\\\/alertan-sobre-el-aumento-de-casos-en-mujeres-mexicanas-y-la-importancia-de-la-prevencion-de-diabetes\\\/#breadcrumb\",\"itemListElement\":[{\"@type\":\"ListItem\",\"position\":1,\"name\":\"Inicio\",\"item\":\"https:\\\/\\\/www.alasmedios.com\\\/\"},{\"@type\":\"ListItem\",\"position\":2,\"name\":\"Alertan sobre el aumento de casos en mujeres mexicanas y la importancia de la prevenci\u00f3n de diabetes\"}]},{\"@type\":\"WebSite\",\"@id\":\"https:\\\/\\\/www.alasmedios.com\\\/#website\",\"url\":\"https:\\\/\\\/www.alasmedios.com\\\/\",\"name\":\"Alas Medios\",\"description\":\"Alas para pensar, Alas para volar, Alas de libertad\",\"publisher\":{\"@id\":\"https:\\\/\\\/www.alasmedios.com\\\/#organization\"},\"potentialAction\":[{\"@type\":\"SearchAction\",\"target\":{\"@type\":\"EntryPoint\",\"urlTemplate\":\"https:\\\/\\\/www.alasmedios.com\\\/?s={search_term_string}\"},\"query-input\":{\"@type\":\"PropertyValueSpecification\",\"valueRequired\":true,\"valueName\":\"search_term_string\"}}],\"inLanguage\":\"es\"},{\"@type\":\"Organization\",\"@id\":\"https:\\\/\\\/www.alasmedios.com\\\/#organization\",\"name\":\"Alas Medios\",\"url\":\"https:\\\/\\\/www.alasmedios.com\\\/\",\"logo\":{\"@type\":\"ImageObject\",\"inLanguage\":\"es\",\"@id\":\"https:\\\/\\\/www.alasmedios.com\\\/#\\\/schema\\\/logo\\\/image\\\/\",\"url\":\"https:\\\/\\\/www.alasmedios.com\\\/wp-content\\\/uploads\\\/2026\\\/01\\\/cropped-cropped-GAM-1.png\",\"contentUrl\":\"https:\\\/\\\/www.alasmedios.com\\\/wp-content\\\/uploads\\\/2026\\\/01\\\/cropped-cropped-GAM-1.png\",\"width\":467,\"height\":235,\"caption\":\"Alas Medios\"},\"image\":{\"@id\":\"https:\\\/\\\/www.alasmedios.com\\\/#\\\/schema\\\/logo\\\/image\\\/\"}},{\"@type\":\"Person\",\"@id\":\"https:\\\/\\\/www.alasmedios.com\\\/#\\\/schema\\\/person\\\/0ba31bdd19a05ebf5c7fef1fedf99c34\",\"name\":\"Keila Rodr\u00edguez Pe\u00f1a\",\"image\":{\"@type\":\"ImageObject\",\"inLanguage\":\"es\",\"@id\":\"https:\\\/\\\/secure.gravatar.com\\\/avatar\\\/a2553a2bfaa601b9d539b617c8793e151bdffb60f9e48a249912f86d4c9ebeef?s=96&d=mm&r=g\",\"url\":\"https:\\\/\\\/secure.gravatar.com\\\/avatar\\\/a2553a2bfaa601b9d539b617c8793e151bdffb60f9e48a249912f86d4c9ebeef?s=96&d=mm&r=g\",\"contentUrl\":\"https:\\\/\\\/secure.gravatar.com\\\/avatar\\\/a2553a2bfaa601b9d539b617c8793e151bdffb60f9e48a249912f86d4c9ebeef?s=96&d=mm&r=g\",\"caption\":\"Keila Rodr\u00edguez Pe\u00f1a\"},\"sameAs\":[\"http:\\\/\\\/www.alasmedios.com\"],\"url\":\"https:\\\/\\\/www.alasmedios.com\\\/index.php\\\/author\\\/keila\\\/\"}]}<\/script>\r\n<!-- \/ Yoast SEO plugin. -->","yoast_head_json":{"title":"Alertan sobre el aumento de casos en mujeres mexicanas y la importancia de la prevenci\u00f3n de diabetes - Alas Medios","robots":{"index":"index","follow":"follow","max-snippet":"max-snippet:-1","max-image-preview":"max-image-preview:large","max-video-preview":"max-video-preview:-1"},"canonical":"https:\/\/www.alasmedios.com\/index.php\/2024\/11\/13\/alertan-sobre-el-aumento-de-casos-en-mujeres-mexicanas-y-la-importancia-de-la-prevencion-de-diabetes\/","og_locale":"es_MX","og_type":"article","og_title":"Alertan sobre el aumento de casos en mujeres mexicanas y la importancia de la prevenci\u00f3n de diabetes - Alas Medios","og_description":"Con motivo del D\u00eda Mundial de la Diabetes, Cleveland Clinic lanz\u00f3 un llamado a la acci\u00f3n para abordar esta enfermedad","og_url":"https:\/\/www.alasmedios.com\/index.php\/2024\/11\/13\/alertan-sobre-el-aumento-de-casos-en-mujeres-mexicanas-y-la-importancia-de-la-prevencion-de-diabetes\/","og_site_name":"Alas Medios","article_published_time":"2024-11-13T21:56:06+00:00","article_modified_time":"2024-11-13T21:56:08+00:00","og_image":[{"width":1600,"height":1068,"url":"https:\/\/www.alasmedios.com\/wp-content\/uploads\/2024\/11\/caracteristicas-de-la-diabetes-en-mujeres-mayores.jpeg","type":"image\/jpeg"}],"author":"Keila Rodr\u00edguez Pe\u00f1a","twitter_card":"summary_large_image","twitter_misc":{"Escrito por":"Keila Rodr\u00edguez Pe\u00f1a","Tiempo de lectura":"1 minuto"},"schema":{"@context":"https:\/\/schema.org","@graph":[{"@type":"Article","@id":"https:\/\/www.alasmedios.com\/index.php\/2024\/11\/13\/alertan-sobre-el-aumento-de-casos-en-mujeres-mexicanas-y-la-importancia-de-la-prevencion-de-diabetes\/#article","isPartOf":{"@id":"https:\/\/www.alasmedios.com\/index.php\/2024\/11\/13\/alertan-sobre-el-aumento-de-casos-en-mujeres-mexicanas-y-la-importancia-de-la-prevencion-de-diabetes\/"},"author":{"name":"Keila Rodr\u00edguez Pe\u00f1a","@id":"https:\/\/www.alasmedios.com\/#\/schema\/person\/0ba31bdd19a05ebf5c7fef1fedf99c34"},"headline":"Alertan sobre el aumento de casos en mujeres mexicanas y la importancia de la prevenci\u00f3n de diabetes","datePublished":"2024-11-13T21:56:06+00:00","dateModified":"2024-11-13T21:56:08+00:00","mainEntityOfPage":{"@id":"https:\/\/www.alasmedios.com\/index.php\/2024\/11\/13\/alertan-sobre-el-aumento-de-casos-en-mujeres-mexicanas-y-la-importancia-de-la-prevencion-de-diabetes\/"},"wordCount":315,"commentCount":0,"publisher":{"@id":"https:\/\/www.alasmedios.com\/#organization"},"image":{"@id":"https:\/\/www.alasmedios.com\/index.php\/2024\/11\/13\/alertan-sobre-el-aumento-de-casos-en-mujeres-mexicanas-y-la-importancia-de-la-prevencion-de-diabetes\/#primaryimage"},"thumbnailUrl":"https:\/\/www.alasmedios.com\/wp-content\/uploads\/2024\/11\/caracteristicas-de-la-diabetes-en-mujeres-mayores.jpeg","keywords":["Cleveland Clinic","diabetes","INEGI","M\u00e9xico","Mujeres","Salud"],"articleSection":["Familia y Bienestar"],"inLanguage":"es","potentialAction":[{"@type":"CommentAction","name":"Comment","target":["https:\/\/www.alasmedios.com\/index.php\/2024\/11\/13\/alertan-sobre-el-aumento-de-casos-en-mujeres-mexicanas-y-la-importancia-de-la-prevencion-de-diabetes\/#respond"]}]},{"@type":"WebPage","@id":"https:\/\/www.alasmedios.com\/index.php\/2024\/11\/13\/alertan-sobre-el-aumento-de-casos-en-mujeres-mexicanas-y-la-importancia-de-la-prevencion-de-diabetes\/","url":"https:\/\/www.alasmedios.com\/index.php\/2024\/11\/13\/alertan-sobre-el-aumento-de-casos-en-mujeres-mexicanas-y-la-importancia-de-la-prevencion-de-diabetes\/","name":"Alertan sobre el aumento de casos en mujeres mexicanas y la importancia de la prevenci\u00f3n de diabetes - Alas Medios","isPartOf":{"@id":"https:\/\/www.alasmedios.com\/#website"},"primaryImageOfPage":{"@id":"https:\/\/www.alasmedios.com\/index.php\/2024\/11\/13\/alertan-sobre-el-aumento-de-casos-en-mujeres-mexicanas-y-la-importancia-de-la-prevencion-de-diabetes\/#primaryimage"},"image":{"@id":"https:\/\/www.alasmedios.com\/index.php\/2024\/11\/13\/alertan-sobre-el-aumento-de-casos-en-mujeres-mexicanas-y-la-importancia-de-la-prevencion-de-diabetes\/#primaryimage"},"thumbnailUrl":"https:\/\/www.alasmedios.com\/wp-content\/uploads\/2024\/11\/caracteristicas-de-la-diabetes-en-mujeres-mayores.jpeg","datePublished":"2024-11-13T21:56:06+00:00","dateModified":"2024-11-13T21:56:08+00:00","breadcrumb":{"@id":"https:\/\/www.alasmedios.com\/index.php\/2024\/11\/13\/alertan-sobre-el-aumento-de-casos-en-mujeres-mexicanas-y-la-importancia-de-la-prevencion-de-diabetes\/#breadcrumb"},"inLanguage":"es","potentialAction":[{"@type":"ReadAction","target":["https:\/\/www.alasmedios.com\/index.php\/2024\/11\/13\/alertan-sobre-el-aumento-de-casos-en-mujeres-mexicanas-y-la-importancia-de-la-prevencion-de-diabetes\/"]}]},{"@type":"ImageObject","inLanguage":"es","@id":"https:\/\/www.alasmedios.com\/index.php\/2024\/11\/13\/alertan-sobre-el-aumento-de-casos-en-mujeres-mexicanas-y-la-importancia-de-la-prevencion-de-diabetes\/#primaryimage","url":"https:\/\/www.alasmedios.com\/wp-content\/uploads\/2024\/11\/caracteristicas-de-la-diabetes-en-mujeres-mayores.jpeg","contentUrl":"https:\/\/www.alasmedios.com\/wp-content\/uploads\/2024\/11\/caracteristicas-de-la-diabetes-en-mujeres-mayores.jpeg","width":1600,"height":1068},{"@type":"BreadcrumbList","@id":"https:\/\/www.alasmedios.com\/index.php\/2024\/11\/13\/alertan-sobre-el-aumento-de-casos-en-mujeres-mexicanas-y-la-importancia-de-la-prevencion-de-diabetes\/#breadcrumb","itemListElement":[{"@type":"ListItem","position":1,"name":"Inicio","item":"https:\/\/www.alasmedios.com\/"},{"@type":"ListItem","position":2,"name":"Alertan sobre el aumento de casos en mujeres mexicanas y la importancia de la prevenci\u00f3n de diabetes"}]},{"@type":"WebSite","@id":"https:\/\/www.alasmedios.com\/#website","url":"https:\/\/www.alasmedios.com\/","name":"Alas Medios","description":"Alas para pensar, Alas para volar, Alas de libertad","publisher":{"@id":"https:\/\/www.alasmedios.com\/#organization"},"potentialAction":[{"@type":"SearchAction","target":{"@type":"EntryPoint","urlTemplate":"https:\/\/www.alasmedios.com\/?s={search_term_string}"},"query-input":{"@type":"PropertyValueSpecification","valueRequired":true,"valueName":"search_term_string"}}],"inLanguage":"es"},{"@type":"Organization","@id":"https:\/\/www.alasmedios.com\/#organization","name":"Alas Medios","url":"https:\/\/www.alasmedios.com\/","logo":{"@type":"ImageObject","inLanguage":"es","@id":"https:\/\/www.alasmedios.com\/#\/schema\/logo\/image\/","url":"https:\/\/www.alasmedios.com\/wp-content\/uploads\/2026\/01\/cropped-cropped-GAM-1.png","contentUrl":"https:\/\/www.alasmedios.com\/wp-content\/uploads\/2026\/01\/cropped-cropped-GAM-1.png","width":467,"height":235,"caption":"Alas Medios"},"image":{"@id":"https:\/\/www.alasmedios.com\/#\/schema\/logo\/image\/"}},{"@type":"Person","@id":"https:\/\/www.alasmedios.com\/#\/schema\/person\/0ba31bdd19a05ebf5c7fef1fedf99c34","name":"Keila Rodr\u00edguez Pe\u00f1a","image":{"@type":"ImageObject","inLanguage":"es","@id":"https:\/\/secure.gravatar.com\/avatar\/a2553a2bfaa601b9d539b617c8793e151bdffb60f9e48a249912f86d4c9ebeef?s=96&d=mm&r=g","url":"https:\/\/secure.gravatar.com\/avatar\/a2553a2bfaa601b9d539b617c8793e151bdffb60f9e48a249912f86d4c9ebeef?s=96&d=mm&r=g","contentUrl":"https:\/\/secure.gravatar.com\/avatar\/a2553a2bfaa601b9d539b617c8793e151bdffb60f9e48a249912f86d4c9ebeef?s=96&d=mm&r=g","caption":"Keila Rodr\u00edguez Pe\u00f1a"},"sameAs":["http:\/\/www.alasmedios.com"],"url":"https:\/\/www.alasmedios.com\/index.php\/author\/keila\/"}]}},"_links":{"self":[{"href":"https:\/\/www.alasmedios.com\/index.php\/wp-json\/wp\/v2\/posts\/2603","targetHints":{"allow":["GET"]}}],"collection":[{"href":"https:\/\/www.alasmedios.com\/index.php\/wp-json\/wp\/v2\/posts"}],"about":[{"href":"https:\/\/www.alasmedios.com\/index.php\/wp-json\/wp\/v2\/types\/post"}],"author":[{"embeddable":true,"href":"https:\/\/www.alasmedios.com\/index.php\/wp-json\/wp\/v2\/users\/4"}],"replies":[{"embeddable":true,"href":"https:\/\/www.alasmedios.com\/index.php\/wp-json\/wp\/v2\/comments?post=2603"}],"version-history":[{"count":1,"href":"https:\/\/www.alasmedios.com\/index.php\/wp-json\/wp\/v2\/posts\/2603\/revisions"}],"predecessor-version":[{"id":2605,"href":"https:\/\/www.alasmedios.com\/index.php\/wp-json\/wp\/v2\/posts\/2603\/revisions\/2605"}],"wp:featuredmedia":[{"embeddable":true,"href":"https:\/\/www.alasmedios.com\/index.php\/wp-json\/wp\/v2\/media\/2604"}],"wp:attachment":[{"href":"https:\/\/www.alasmedios.com\/index.php\/wp-json\/wp\/v2\/media?parent=2603"}],"wp:term":[{"taxonomy":"category","embeddable":true,"href":"https:\/\/www.alasmedios.com\/index.php\/wp-json\/wp\/v2\/categories?post=2603"},{"taxonomy":"post_tag","embeddable":true,"href":"https:\/\/www.alasmedios.com\/index.php\/wp-json\/wp\/v2\/tags?post=2603"}],"curies":[{"name":"wp","href":"https:\/\/api.w.org\/{rel}","templated":true}]}}