{"id":2482,"date":"2024-11-05T13:44:42","date_gmt":"2024-11-05T19:44:42","guid":{"rendered":"https:\/\/www.alasmedios.com\/?p=2482"},"modified":"2024-11-05T13:44:43","modified_gmt":"2024-11-05T19:44:43","slug":"matrioskas-obra-que-da-voz-a-generaciones-de-mujeres","status":"publish","type":"post","link":"https:\/\/www.alasmedios.com\/index.php\/2024\/11\/05\/matrioskas-obra-que-da-voz-a-generaciones-de-mujeres\/","title":{"rendered":"\u201cMatrioskas\u201d: obra que da voz a generaciones de mujeres"},"content":{"rendered":"\n<p>Re Volver Escena inicia gira en Hidalgo con \u201cMatrioskas: Reivindicaci\u00f3n del Silencio Transgeneracional\u201d.<\/p>\n\n\n\n<p>El grupo esc\u00e9nico hidalguense Re Volver Escena ha comenzado una gira por seis municipios de Hidalgo para presentar su obra \u201cMatrioskas: Reivindicaci\u00f3n del Silencio Transgeneracional\u201d, una puesta en escena biogr\u00e1fica y documental que explora los patrones de sacrificio y silencios que han marcado la historia de varias generaciones de mujeres.<\/p>\n\n\n\n<p>Gracias al Programa de Fomento a Proyectos y Coinversiones Culturales 2023, la compa\u00f1\u00eda llevar\u00e1 su obra a las universidades de Zacualtip\u00e1n de los \u00c1ngeles (6 y 7 de noviembre), Huejutla de Reyes (13 y 14 de noviembre) y Tenango de Doria (20 y 21 de noviembre), donde ofrecer\u00e1n dos funciones gratuitas en cada sede.<\/p>\n\n\n\n<p>SIGUE LEYENDO: <a href=\"https:\/\/www.alasmedios.com\/index.php\/2024\/11\/05\/sinaloa-hospital-de-la-mujer-celebra-un-ano-del-codigo-mariposa\/\" data-type=\"post\" data-id=\"2476\">Sinaloa: Hospital de la Mujer celebra un a\u00f1o del C\u00f3digo Mariposa<\/a><\/p>\n\n\n\n<p>Para 2025, la gira continuar\u00e1 en la Universidad Polit\u00e9cnica de la Energ\u00eda en Tula de Allende, la Ciudad de las Mujeres en Tepeji del R\u00edo y el Instituto Tecnol\u00f3gico Superior de Huichapan en marzo.<\/p>\n\n\n\n<p>\u201cMatrioskas\u201d, dirigida por Er\u00e9ndira Guti\u00e9rrez L\u00f3pez e interpretada por Aileen Gardini, es una obra que narra historias de batallas invisibles y silenciosas de mujeres cuyas experiencias han sido ignoradas por la historia oficial.<\/p>\n\n\n\n<p>La obra, al igual que una Matrioska, revela capas de dolor y resiliencia que se han transmitido generacionalmente.<\/p>\n\n\n\n<p>Con un extenso recorrido y m\u00faltiples distinciones, \u201cMatrioskas\u201d ha sido presentada en m\u00e1s de cincuenta ocasiones en escenarios de Hidalgo y otros estados de M\u00e9xico, y ha alcanzado reconocimiento internacional con funciones en Argentina.<\/p>\n\n\n\n<p>Con informaci\u00f3n de <em><a href=\"https:\/\/infolibre.com.mx\/\" data-type=\"link\" data-id=\"https:\/\/infolibre.com.mx\/\">Info Libre<\/a><\/em><\/p>\n\n\n<ul class=\"wp-block-latest-posts__list is-grid columns-3 wp-block-latest-posts\"><li><div class=\"wp-block-latest-posts__featured-image\"><img loading=\"lazy\" decoding=\"async\" width=\"150\" height=\"150\" src=\"https:\/\/www.alasmedios.com\/wp-content\/uploads\/2026\/04\/Argentina-decomisan-bienes-Cristina-Kirchner-150x150.png\" class=\"attachment-thumbnail size-thumbnail wp-post-image\" alt=\"\" style=\"\" \/><\/div><a class=\"wp-block-latest-posts__post-title\" href=\"https:\/\/www.alasmedios.com\/index.php\/2026\/04\/25\/caso-vialidad-argentina-ratifica-decomiso-millonario-a-cristina-kirchner\/\">Caso Vialidad: Argentina ratifica decomiso millonario a Cristina Kirchner<\/a><\/li>\n<li><div class=\"wp-block-latest-posts__featured-image\"><img loading=\"lazy\" decoding=\"async\" width=\"150\" height=\"150\" src=\"https:\/\/www.alasmedios.com\/wp-content\/uploads\/2026\/04\/Puebla-desaparecida-Aguascalientes-150x150.jpeg\" class=\"attachment-thumbnail size-thumbnail wp-post-image\" alt=\"\" style=\"\" \/><\/div><a class=\"wp-block-latest-posts__post-title\" href=\"https:\/\/www.alasmedios.com\/index.php\/2026\/04\/25\/localizan-con-vida-en-aguascalientes-a-adolescente-desaparecida-en-puebla\/\">Localizan con vida en Aguascalientes a adolescente desaparecida en Puebla<\/a><\/li>\n<li><div class=\"wp-block-latest-posts__featured-image\"><img loading=\"lazy\" decoding=\"async\" width=\"150\" height=\"150\" src=\"https:\/\/www.alasmedios.com\/wp-content\/uploads\/2026\/04\/podio-de-la-Copa-del-Mundo-de-Ciclismo-150x150.jpg\" class=\"attachment-thumbnail size-thumbnail wp-post-image\" alt=\"\" style=\"\" \/><\/div><a class=\"wp-block-latest-posts__post-title\" href=\"https:\/\/www.alasmedios.com\/index.php\/2026\/04\/25\/mexico-arranca-con-doble-podio-en-la-copa-del-mundo-de-pista-en-malasia\/\">M\u00e9xico arranca con doble podio en la Copa del Mundo de Pista en Malasia<\/a><\/li>\n<\/ul>","protected":false},"excerpt":{"rendered":"<p>Re Volver Escena inicia gira en Hidalgo con \u201cMatrioskas: Reivindicaci\u00f3n del Silencio Transgeneracional\u201d. El grupo esc\u00e9nico hidalguense Re Volver Escena<\/p>\n","protected":false},"author":4,"featured_media":2483,"comment_status":"open","ping_status":"open","sticky":false,"template":"","format":"standard","meta":{"colormag_page_container_layout":"default_layout","colormag_page_sidebar_layout":"default_layout","rop_custom_images_group":[],"rop_custom_messages_group":[],"rop_publish_now":"initial","rop_publish_now_accounts":[],"rop_publish_now_history":[],"rop_publish_now_status":"pending","iawp_total_views":0,"footnotes":""},"categories":[41],"tags":[75,767,765,233,634,768,766],"class_list":["post-2482","post","type-post","status-publish","format-standard","has-post-thumbnail","hentry","category-hidalgo","tag-cultura","tag-huejutla","tag-matrioskas","tag-tenango-de-doria","tag-tepeji-del-rio","tag-tula-de-allende","tag-zacualtipan"],"magazineBlocksPostFeaturedMedia":{"thumbnail":"https:\/\/www.alasmedios.com\/wp-content\/uploads\/2024\/11\/Hidalgo-Matrioskas-150x150.jpeg","medium":"https:\/\/www.alasmedios.com\/wp-content\/uploads\/2024\/11\/Hidalgo-Matrioskas-300x209.jpeg","medium_large":"https:\/\/www.alasmedios.com\/wp-content\/uploads\/2024\/11\/Hidalgo-Matrioskas.jpeg","large":"https:\/\/www.alasmedios.com\/wp-content\/uploads\/2024\/11\/Hidalgo-Matrioskas.jpeg","1536x1536":"https:\/\/www.alasmedios.com\/wp-content\/uploads\/2024\/11\/Hidalgo-Matrioskas.jpeg","2048x2048":"https:\/\/www.alasmedios.com\/wp-content\/uploads\/2024\/11\/Hidalgo-Matrioskas.jpeg","colormag-highlighted-post":"https:\/\/www.alasmedios.com\/wp-content\/uploads\/2024\/11\/Hidalgo-Matrioskas-392x272.jpeg","colormag-featured-post-medium":"https:\/\/www.alasmedios.com\/wp-content\/uploads\/2024\/11\/Hidalgo-Matrioskas-390x205.jpeg","colormag-featured-post-small":"https:\/\/www.alasmedios.com\/wp-content\/uploads\/2024\/11\/Hidalgo-Matrioskas-130x90.jpeg","colormag-featured-image":"https:\/\/www.alasmedios.com\/wp-content\/uploads\/2024\/11\/Hidalgo-Matrioskas-688x445.jpeg","colormag-default-news":"https:\/\/www.alasmedios.com\/wp-content\/uploads\/2024\/11\/Hidalgo-Matrioskas-150x150.jpeg","colormag-featured-image-large":"https:\/\/www.alasmedios.com\/wp-content\/uploads\/2024\/11\/Hidalgo-Matrioskas.jpeg"},"magazineBlocksPostAuthor":{"name":"Keila Rodr\u00edguez Pe\u00f1a","avatar":"https:\/\/secure.gravatar.com\/avatar\/a2553a2bfaa601b9d539b617c8793e151bdffb60f9e48a249912f86d4c9ebeef?s=96&d=mm&r=g"},"magazineBlocksPostCommentsNumber":"0","magazineBlocksPostExcerpt":"Re Volver Escena inicia gira en Hidalgo con \u201cMatrioskas: Reivindicaci\u00f3n del Silencio Transgeneracional\u201d. El grupo esc\u00e9nico hidalguense Re Volver Escena","magazineBlocksPostCategories":["Hidalgo"],"magazineBlocksPostViewCount":260,"magazineBlocksPostReadTime":2,"magazine_blocks_featured_image_url":{"full":["https:\/\/www.alasmedios.com\/wp-content\/uploads\/2024\/11\/Hidalgo-Matrioskas.jpeg",688,479,false],"medium":["https:\/\/www.alasmedios.com\/wp-content\/uploads\/2024\/11\/Hidalgo-Matrioskas-300x209.jpeg",300,209,true],"thumbnail":["https:\/\/www.alasmedios.com\/wp-content\/uploads\/2024\/11\/Hidalgo-Matrioskas-150x150.jpeg",150,150,true]},"magazine_blocks_author":{"display_name":"Keila Rodr\u00edguez Pe\u00f1a","author_link":"https:\/\/www.alasmedios.com\/index.php\/author\/keila\/"},"magazine_blocks_comment":0,"magazine_blocks_author_image":"https:\/\/secure.gravatar.com\/avatar\/a2553a2bfaa601b9d539b617c8793e151bdffb60f9e48a249912f86d4c9ebeef?s=96&d=mm&r=g","magazine_blocks_category":"<a href=\"#\" class=\"category-link category-link-41\">Hidalgo<\/a>","yoast_head":"<!-- This site is optimized with the Yoast SEO plugin v27.4 - https:\/\/yoast.com\/product\/yoast-seo-wordpress\/ -->\r\n<title>\u201cMatrioskas\u201d: obra que da voz a generaciones de mujeres - Alas Medios<\/title>\r\n<meta name=\"robots\" content=\"index, follow, max-snippet:-1, max-image-preview:large, max-video-preview:-1\" \/>\r\n<link rel=\"canonical\" href=\"https:\/\/www.alasmedios.com\/index.php\/2024\/11\/05\/matrioskas-obra-que-da-voz-a-generaciones-de-mujeres\/\" \/>\r\n<meta property=\"og:locale\" content=\"es_MX\" \/>\r\n<meta property=\"og:type\" content=\"article\" \/>\r\n<meta property=\"og:title\" content=\"\u201cMatrioskas\u201d: obra que da voz a generaciones de mujeres - Alas Medios\" \/>\r\n<meta property=\"og:description\" content=\"Re Volver Escena inicia gira en Hidalgo con \u201cMatrioskas: Reivindicaci\u00f3n del Silencio Transgeneracional\u201d. El grupo esc\u00e9nico hidalguense Re Volver Escena\" \/>\r\n<meta property=\"og:url\" content=\"https:\/\/www.alasmedios.com\/index.php\/2024\/11\/05\/matrioskas-obra-que-da-voz-a-generaciones-de-mujeres\/\" \/>\r\n<meta property=\"og:site_name\" content=\"Alas Medios\" \/>\r\n<meta property=\"article:published_time\" content=\"2024-11-05T19:44:42+00:00\" \/>\r\n<meta property=\"article:modified_time\" content=\"2024-11-05T19:44:43+00:00\" \/>\r\n<meta property=\"og:image\" content=\"https:\/\/www.alasmedios.com\/wp-content\/uploads\/2024\/11\/Hidalgo-Matrioskas.jpeg\" \/>\r\n\t<meta property=\"og:image:width\" content=\"688\" \/>\r\n\t<meta property=\"og:image:height\" content=\"479\" \/>\r\n\t<meta property=\"og:image:type\" content=\"image\/jpeg\" \/>\r\n<meta name=\"author\" content=\"Keila Rodr\u00edguez Pe\u00f1a\" \/>\r\n<meta name=\"twitter:card\" content=\"summary_large_image\" \/>\r\n<meta name=\"twitter:label1\" content=\"Escrito por\" \/>\n\t<meta name=\"twitter:data1\" content=\"Keila Rodr\u00edguez Pe\u00f1a\" \/>\n\t<meta name=\"twitter:label2\" content=\"Tiempo de lectura\" \/>\n\t<meta name=\"twitter:data2\" content=\"1 minuto\" \/>\r\n<script type=\"application\/ld+json\" class=\"yoast-schema-graph\">{\"@context\":\"https:\\\/\\\/schema.org\",\"@graph\":[{\"@type\":\"Article\",\"@id\":\"https:\\\/\\\/www.alasmedios.com\\\/index.php\\\/2024\\\/11\\\/05\\\/matrioskas-obra-que-da-voz-a-generaciones-de-mujeres\\\/#article\",\"isPartOf\":{\"@id\":\"https:\\\/\\\/www.alasmedios.com\\\/index.php\\\/2024\\\/11\\\/05\\\/matrioskas-obra-que-da-voz-a-generaciones-de-mujeres\\\/\"},\"author\":{\"name\":\"Keila Rodr\u00edguez Pe\u00f1a\",\"@id\":\"https:\\\/\\\/www.alasmedios.com\\\/#\\\/schema\\\/person\\\/0ba31bdd19a05ebf5c7fef1fedf99c34\"},\"headline\":\"\u201cMatrioskas\u201d: obra que da voz a generaciones de mujeres\",\"datePublished\":\"2024-11-05T19:44:42+00:00\",\"dateModified\":\"2024-11-05T19:44:43+00:00\",\"mainEntityOfPage\":{\"@id\":\"https:\\\/\\\/www.alasmedios.com\\\/index.php\\\/2024\\\/11\\\/05\\\/matrioskas-obra-que-da-voz-a-generaciones-de-mujeres\\\/\"},\"wordCount\":275,\"commentCount\":0,\"publisher\":{\"@id\":\"https:\\\/\\\/www.alasmedios.com\\\/#organization\"},\"image\":{\"@id\":\"https:\\\/\\\/www.alasmedios.com\\\/index.php\\\/2024\\\/11\\\/05\\\/matrioskas-obra-que-da-voz-a-generaciones-de-mujeres\\\/#primaryimage\"},\"thumbnailUrl\":\"https:\\\/\\\/www.alasmedios.com\\\/wp-content\\\/uploads\\\/2024\\\/11\\\/Hidalgo-Matrioskas.jpeg\",\"keywords\":[\"Cultura\",\"Huejutla\",\"Matrioskas\",\"Tenango de Doria\",\"Tepeji del R\u00edo\",\"Tula de Allende\",\"Zacualtip\u00e1n\"],\"articleSection\":[\"Hidalgo\"],\"inLanguage\":\"es\",\"potentialAction\":[{\"@type\":\"CommentAction\",\"name\":\"Comment\",\"target\":[\"https:\\\/\\\/www.alasmedios.com\\\/index.php\\\/2024\\\/11\\\/05\\\/matrioskas-obra-que-da-voz-a-generaciones-de-mujeres\\\/#respond\"]}]},{\"@type\":\"WebPage\",\"@id\":\"https:\\\/\\\/www.alasmedios.com\\\/index.php\\\/2024\\\/11\\\/05\\\/matrioskas-obra-que-da-voz-a-generaciones-de-mujeres\\\/\",\"url\":\"https:\\\/\\\/www.alasmedios.com\\\/index.php\\\/2024\\\/11\\\/05\\\/matrioskas-obra-que-da-voz-a-generaciones-de-mujeres\\\/\",\"name\":\"\u201cMatrioskas\u201d: obra que da voz a generaciones de mujeres - Alas Medios\",\"isPartOf\":{\"@id\":\"https:\\\/\\\/www.alasmedios.com\\\/#website\"},\"primaryImageOfPage\":{\"@id\":\"https:\\\/\\\/www.alasmedios.com\\\/index.php\\\/2024\\\/11\\\/05\\\/matrioskas-obra-que-da-voz-a-generaciones-de-mujeres\\\/#primaryimage\"},\"image\":{\"@id\":\"https:\\\/\\\/www.alasmedios.com\\\/index.php\\\/2024\\\/11\\\/05\\\/matrioskas-obra-que-da-voz-a-generaciones-de-mujeres\\\/#primaryimage\"},\"thumbnailUrl\":\"https:\\\/\\\/www.alasmedios.com\\\/wp-content\\\/uploads\\\/2024\\\/11\\\/Hidalgo-Matrioskas.jpeg\",\"datePublished\":\"2024-11-05T19:44:42+00:00\",\"dateModified\":\"2024-11-05T19:44:43+00:00\",\"breadcrumb\":{\"@id\":\"https:\\\/\\\/www.alasmedios.com\\\/index.php\\\/2024\\\/11\\\/05\\\/matrioskas-obra-que-da-voz-a-generaciones-de-mujeres\\\/#breadcrumb\"},\"inLanguage\":\"es\",\"potentialAction\":[{\"@type\":\"ReadAction\",\"target\":[\"https:\\\/\\\/www.alasmedios.com\\\/index.php\\\/2024\\\/11\\\/05\\\/matrioskas-obra-que-da-voz-a-generaciones-de-mujeres\\\/\"]}]},{\"@type\":\"ImageObject\",\"inLanguage\":\"es\",\"@id\":\"https:\\\/\\\/www.alasmedios.com\\\/index.php\\\/2024\\\/11\\\/05\\\/matrioskas-obra-que-da-voz-a-generaciones-de-mujeres\\\/#primaryimage\",\"url\":\"https:\\\/\\\/www.alasmedios.com\\\/wp-content\\\/uploads\\\/2024\\\/11\\\/Hidalgo-Matrioskas.jpeg\",\"contentUrl\":\"https:\\\/\\\/www.alasmedios.com\\\/wp-content\\\/uploads\\\/2024\\\/11\\\/Hidalgo-Matrioskas.jpeg\",\"width\":688,\"height\":479},{\"@type\":\"BreadcrumbList\",\"@id\":\"https:\\\/\\\/www.alasmedios.com\\\/index.php\\\/2024\\\/11\\\/05\\\/matrioskas-obra-que-da-voz-a-generaciones-de-mujeres\\\/#breadcrumb\",\"itemListElement\":[{\"@type\":\"ListItem\",\"position\":1,\"name\":\"Inicio\",\"item\":\"https:\\\/\\\/www.alasmedios.com\\\/\"},{\"@type\":\"ListItem\",\"position\":2,\"name\":\"\u201cMatrioskas\u201d: obra que da voz a generaciones de mujeres\"}]},{\"@type\":\"WebSite\",\"@id\":\"https:\\\/\\\/www.alasmedios.com\\\/#website\",\"url\":\"https:\\\/\\\/www.alasmedios.com\\\/\",\"name\":\"Alas Medios\",\"description\":\"Alas para pensar, Alas para volar, Alas de libertad\",\"publisher\":{\"@id\":\"https:\\\/\\\/www.alasmedios.com\\\/#organization\"},\"potentialAction\":[{\"@type\":\"SearchAction\",\"target\":{\"@type\":\"EntryPoint\",\"urlTemplate\":\"https:\\\/\\\/www.alasmedios.com\\\/?s={search_term_string}\"},\"query-input\":{\"@type\":\"PropertyValueSpecification\",\"valueRequired\":true,\"valueName\":\"search_term_string\"}}],\"inLanguage\":\"es\"},{\"@type\":\"Organization\",\"@id\":\"https:\\\/\\\/www.alasmedios.com\\\/#organization\",\"name\":\"Alas Medios\",\"url\":\"https:\\\/\\\/www.alasmedios.com\\\/\",\"logo\":{\"@type\":\"ImageObject\",\"inLanguage\":\"es\",\"@id\":\"https:\\\/\\\/www.alasmedios.com\\\/#\\\/schema\\\/logo\\\/image\\\/\",\"url\":\"https:\\\/\\\/www.alasmedios.com\\\/wp-content\\\/uploads\\\/2026\\\/01\\\/cropped-cropped-GAM-1.png\",\"contentUrl\":\"https:\\\/\\\/www.alasmedios.com\\\/wp-content\\\/uploads\\\/2026\\\/01\\\/cropped-cropped-GAM-1.png\",\"width\":467,\"height\":235,\"caption\":\"Alas Medios\"},\"image\":{\"@id\":\"https:\\\/\\\/www.alasmedios.com\\\/#\\\/schema\\\/logo\\\/image\\\/\"}},{\"@type\":\"Person\",\"@id\":\"https:\\\/\\\/www.alasmedios.com\\\/#\\\/schema\\\/person\\\/0ba31bdd19a05ebf5c7fef1fedf99c34\",\"name\":\"Keila Rodr\u00edguez Pe\u00f1a\",\"image\":{\"@type\":\"ImageObject\",\"inLanguage\":\"es\",\"@id\":\"https:\\\/\\\/secure.gravatar.com\\\/avatar\\\/a2553a2bfaa601b9d539b617c8793e151bdffb60f9e48a249912f86d4c9ebeef?s=96&d=mm&r=g\",\"url\":\"https:\\\/\\\/secure.gravatar.com\\\/avatar\\\/a2553a2bfaa601b9d539b617c8793e151bdffb60f9e48a249912f86d4c9ebeef?s=96&d=mm&r=g\",\"contentUrl\":\"https:\\\/\\\/secure.gravatar.com\\\/avatar\\\/a2553a2bfaa601b9d539b617c8793e151bdffb60f9e48a249912f86d4c9ebeef?s=96&d=mm&r=g\",\"caption\":\"Keila Rodr\u00edguez Pe\u00f1a\"},\"sameAs\":[\"http:\\\/\\\/www.alasmedios.com\"],\"url\":\"https:\\\/\\\/www.alasmedios.com\\\/index.php\\\/author\\\/keila\\\/\"}]}<\/script>\r\n<!-- \/ Yoast SEO plugin. -->","yoast_head_json":{"title":"\u201cMatrioskas\u201d: obra que da voz a generaciones de mujeres - Alas Medios","robots":{"index":"index","follow":"follow","max-snippet":"max-snippet:-1","max-image-preview":"max-image-preview:large","max-video-preview":"max-video-preview:-1"},"canonical":"https:\/\/www.alasmedios.com\/index.php\/2024\/11\/05\/matrioskas-obra-que-da-voz-a-generaciones-de-mujeres\/","og_locale":"es_MX","og_type":"article","og_title":"\u201cMatrioskas\u201d: obra que da voz a generaciones de mujeres - Alas Medios","og_description":"Re Volver Escena inicia gira en Hidalgo con \u201cMatrioskas: Reivindicaci\u00f3n del Silencio Transgeneracional\u201d. El grupo esc\u00e9nico hidalguense Re Volver Escena","og_url":"https:\/\/www.alasmedios.com\/index.php\/2024\/11\/05\/matrioskas-obra-que-da-voz-a-generaciones-de-mujeres\/","og_site_name":"Alas Medios","article_published_time":"2024-11-05T19:44:42+00:00","article_modified_time":"2024-11-05T19:44:43+00:00","og_image":[{"width":688,"height":479,"url":"https:\/\/www.alasmedios.com\/wp-content\/uploads\/2024\/11\/Hidalgo-Matrioskas.jpeg","type":"image\/jpeg"}],"author":"Keila Rodr\u00edguez Pe\u00f1a","twitter_card":"summary_large_image","twitter_misc":{"Escrito por":"Keila Rodr\u00edguez Pe\u00f1a","Tiempo de lectura":"1 minuto"},"schema":{"@context":"https:\/\/schema.org","@graph":[{"@type":"Article","@id":"https:\/\/www.alasmedios.com\/index.php\/2024\/11\/05\/matrioskas-obra-que-da-voz-a-generaciones-de-mujeres\/#article","isPartOf":{"@id":"https:\/\/www.alasmedios.com\/index.php\/2024\/11\/05\/matrioskas-obra-que-da-voz-a-generaciones-de-mujeres\/"},"author":{"name":"Keila Rodr\u00edguez Pe\u00f1a","@id":"https:\/\/www.alasmedios.com\/#\/schema\/person\/0ba31bdd19a05ebf5c7fef1fedf99c34"},"headline":"\u201cMatrioskas\u201d: obra que da voz a generaciones de mujeres","datePublished":"2024-11-05T19:44:42+00:00","dateModified":"2024-11-05T19:44:43+00:00","mainEntityOfPage":{"@id":"https:\/\/www.alasmedios.com\/index.php\/2024\/11\/05\/matrioskas-obra-que-da-voz-a-generaciones-de-mujeres\/"},"wordCount":275,"commentCount":0,"publisher":{"@id":"https:\/\/www.alasmedios.com\/#organization"},"image":{"@id":"https:\/\/www.alasmedios.com\/index.php\/2024\/11\/05\/matrioskas-obra-que-da-voz-a-generaciones-de-mujeres\/#primaryimage"},"thumbnailUrl":"https:\/\/www.alasmedios.com\/wp-content\/uploads\/2024\/11\/Hidalgo-Matrioskas.jpeg","keywords":["Cultura","Huejutla","Matrioskas","Tenango de Doria","Tepeji del R\u00edo","Tula de Allende","Zacualtip\u00e1n"],"articleSection":["Hidalgo"],"inLanguage":"es","potentialAction":[{"@type":"CommentAction","name":"Comment","target":["https:\/\/www.alasmedios.com\/index.php\/2024\/11\/05\/matrioskas-obra-que-da-voz-a-generaciones-de-mujeres\/#respond"]}]},{"@type":"WebPage","@id":"https:\/\/www.alasmedios.com\/index.php\/2024\/11\/05\/matrioskas-obra-que-da-voz-a-generaciones-de-mujeres\/","url":"https:\/\/www.alasmedios.com\/index.php\/2024\/11\/05\/matrioskas-obra-que-da-voz-a-generaciones-de-mujeres\/","name":"\u201cMatrioskas\u201d: obra que da voz a generaciones de mujeres - Alas Medios","isPartOf":{"@id":"https:\/\/www.alasmedios.com\/#website"},"primaryImageOfPage":{"@id":"https:\/\/www.alasmedios.com\/index.php\/2024\/11\/05\/matrioskas-obra-que-da-voz-a-generaciones-de-mujeres\/#primaryimage"},"image":{"@id":"https:\/\/www.alasmedios.com\/index.php\/2024\/11\/05\/matrioskas-obra-que-da-voz-a-generaciones-de-mujeres\/#primaryimage"},"thumbnailUrl":"https:\/\/www.alasmedios.com\/wp-content\/uploads\/2024\/11\/Hidalgo-Matrioskas.jpeg","datePublished":"2024-11-05T19:44:42+00:00","dateModified":"2024-11-05T19:44:43+00:00","breadcrumb":{"@id":"https:\/\/www.alasmedios.com\/index.php\/2024\/11\/05\/matrioskas-obra-que-da-voz-a-generaciones-de-mujeres\/#breadcrumb"},"inLanguage":"es","potentialAction":[{"@type":"ReadAction","target":["https:\/\/www.alasmedios.com\/index.php\/2024\/11\/05\/matrioskas-obra-que-da-voz-a-generaciones-de-mujeres\/"]}]},{"@type":"ImageObject","inLanguage":"es","@id":"https:\/\/www.alasmedios.com\/index.php\/2024\/11\/05\/matrioskas-obra-que-da-voz-a-generaciones-de-mujeres\/#primaryimage","url":"https:\/\/www.alasmedios.com\/wp-content\/uploads\/2024\/11\/Hidalgo-Matrioskas.jpeg","contentUrl":"https:\/\/www.alasmedios.com\/wp-content\/uploads\/2024\/11\/Hidalgo-Matrioskas.jpeg","width":688,"height":479},{"@type":"BreadcrumbList","@id":"https:\/\/www.alasmedios.com\/index.php\/2024\/11\/05\/matrioskas-obra-que-da-voz-a-generaciones-de-mujeres\/#breadcrumb","itemListElement":[{"@type":"ListItem","position":1,"name":"Inicio","item":"https:\/\/www.alasmedios.com\/"},{"@type":"ListItem","position":2,"name":"\u201cMatrioskas\u201d: obra que da voz a generaciones de mujeres"}]},{"@type":"WebSite","@id":"https:\/\/www.alasmedios.com\/#website","url":"https:\/\/www.alasmedios.com\/","name":"Alas Medios","description":"Alas para pensar, Alas para volar, Alas de libertad","publisher":{"@id":"https:\/\/www.alasmedios.com\/#organization"},"potentialAction":[{"@type":"SearchAction","target":{"@type":"EntryPoint","urlTemplate":"https:\/\/www.alasmedios.com\/?s={search_term_string}"},"query-input":{"@type":"PropertyValueSpecification","valueRequired":true,"valueName":"search_term_string"}}],"inLanguage":"es"},{"@type":"Organization","@id":"https:\/\/www.alasmedios.com\/#organization","name":"Alas Medios","url":"https:\/\/www.alasmedios.com\/","logo":{"@type":"ImageObject","inLanguage":"es","@id":"https:\/\/www.alasmedios.com\/#\/schema\/logo\/image\/","url":"https:\/\/www.alasmedios.com\/wp-content\/uploads\/2026\/01\/cropped-cropped-GAM-1.png","contentUrl":"https:\/\/www.alasmedios.com\/wp-content\/uploads\/2026\/01\/cropped-cropped-GAM-1.png","width":467,"height":235,"caption":"Alas Medios"},"image":{"@id":"https:\/\/www.alasmedios.com\/#\/schema\/logo\/image\/"}},{"@type":"Person","@id":"https:\/\/www.alasmedios.com\/#\/schema\/person\/0ba31bdd19a05ebf5c7fef1fedf99c34","name":"Keila Rodr\u00edguez Pe\u00f1a","image":{"@type":"ImageObject","inLanguage":"es","@id":"https:\/\/secure.gravatar.com\/avatar\/a2553a2bfaa601b9d539b617c8793e151bdffb60f9e48a249912f86d4c9ebeef?s=96&d=mm&r=g","url":"https:\/\/secure.gravatar.com\/avatar\/a2553a2bfaa601b9d539b617c8793e151bdffb60f9e48a249912f86d4c9ebeef?s=96&d=mm&r=g","contentUrl":"https:\/\/secure.gravatar.com\/avatar\/a2553a2bfaa601b9d539b617c8793e151bdffb60f9e48a249912f86d4c9ebeef?s=96&d=mm&r=g","caption":"Keila Rodr\u00edguez Pe\u00f1a"},"sameAs":["http:\/\/www.alasmedios.com"],"url":"https:\/\/www.alasmedios.com\/index.php\/author\/keila\/"}]}},"_links":{"self":[{"href":"https:\/\/www.alasmedios.com\/index.php\/wp-json\/wp\/v2\/posts\/2482","targetHints":{"allow":["GET"]}}],"collection":[{"href":"https:\/\/www.alasmedios.com\/index.php\/wp-json\/wp\/v2\/posts"}],"about":[{"href":"https:\/\/www.alasmedios.com\/index.php\/wp-json\/wp\/v2\/types\/post"}],"author":[{"embeddable":true,"href":"https:\/\/www.alasmedios.com\/index.php\/wp-json\/wp\/v2\/users\/4"}],"replies":[{"embeddable":true,"href":"https:\/\/www.alasmedios.com\/index.php\/wp-json\/wp\/v2\/comments?post=2482"}],"version-history":[{"count":1,"href":"https:\/\/www.alasmedios.com\/index.php\/wp-json\/wp\/v2\/posts\/2482\/revisions"}],"predecessor-version":[{"id":2484,"href":"https:\/\/www.alasmedios.com\/index.php\/wp-json\/wp\/v2\/posts\/2482\/revisions\/2484"}],"wp:featuredmedia":[{"embeddable":true,"href":"https:\/\/www.alasmedios.com\/index.php\/wp-json\/wp\/v2\/media\/2483"}],"wp:attachment":[{"href":"https:\/\/www.alasmedios.com\/index.php\/wp-json\/wp\/v2\/media?parent=2482"}],"wp:term":[{"taxonomy":"category","embeddable":true,"href":"https:\/\/www.alasmedios.com\/index.php\/wp-json\/wp\/v2\/categories?post=2482"},{"taxonomy":"post_tag","embeddable":true,"href":"https:\/\/www.alasmedios.com\/index.php\/wp-json\/wp\/v2\/tags?post=2482"}],"curies":[{"name":"wp","href":"https:\/\/api.w.org\/{rel}","templated":true}]}}