{"id":2330,"date":"2024-10-21T15:47:59","date_gmt":"2024-10-21T20:47:59","guid":{"rendered":"https:\/\/www.alasmedios.com\/?p=2330"},"modified":"2024-10-21T15:48:02","modified_gmt":"2024-10-21T20:48:02","slug":"esterilizacion-forzada-la-sombra-de-un-abuso-en-mexico","status":"publish","type":"post","link":"https:\/\/www.alasmedios.com\/index.php\/2024\/10\/21\/esterilizacion-forzada-la-sombra-de-un-abuso-en-mexico\/","title":{"rendered":"Esterilizaci\u00f3n forzada: la sombra de un abuso en M\u00e9xico"},"content":{"rendered":"\n<p>La <strong>esterilizaci\u00f3n forzada<\/strong> es una violaci\u00f3n de los derechos, donde personas, principalmente mujeres, son sometidas a procedimientos m\u00e9dicos irreversibles sin su consentimiento libre e informado. <\/p>\n\n\n\n<p>Este tema ha sido motivo de denuncia a nivel internacional, afectando a grupos vulnerables como ind\u00edgenas, migrantes, personas con discapacidad, mujeres y hombres en situaci\u00f3n de pobreza. <\/p>\n\n\n\n<p>El contexto hist\u00f3rico var\u00eda de pa\u00eds en pa\u00eds, pero la pr\u00e1ctica ha estado ligada, en muchos casos, a pol\u00edticas de control de poblaci\u00f3n y eugenesia.<\/p>\n\n\n\n<p>En <strong>M\u00e9xico<\/strong>, la esterilizaci\u00f3n forzada ha sido un tema de controversia, particularmente en comunidades ind\u00edgenas y rurales. <\/p>\n\n\n\n<p>A finales del siglo XX, hubo denuncias significativas, especialmente en los a\u00f1os 70 y 80, en el marco de programas de planificaci\u00f3n familiar impulsados por el gobierno. <\/p>\n\n\n\n<p>Estos programas, si bien ten\u00edan como objetivo reducir la pobreza mediante el control demogr\u00e1fico, fueron criticados por implementar medidas coercitivas.<\/p>\n\n\n\n<h3 class=\"wp-block-heading\">Contexto hist\u00f3rico en M\u00e9xico<\/h3>\n\n\n\n<p>Durante la d\u00e9cada de los <strong>70 y 80<\/strong>, M\u00e9xico vivi\u00f3 un auge en los programas de planificaci\u00f3n familiar, alineados con pol\u00edticas internacionales de control poblacional. <\/p>\n\n\n\n<p>En muchas ocasiones, los trabajadores de salud ofrec\u00edan incentivos a mujeres para someterse a esterilizaciones, o bien, las presionaban, aprovechando barreras idiom\u00e1ticas y la falta de acceso a informaci\u00f3n adecuada en comunidades ind\u00edgenas.<\/p>\n\n\n\n<p>Uno de los casos m\u00e1s documentados fue el de las <strong>mujeres ind\u00edgenas en Chiapas y Oaxaca<\/strong>, quienes denunciaron haber sido esterilizadas sin su consentimiento. <\/p>\n\n\n\n<p>Estas pr\u00e1cticas estaban acompa\u00f1adas de la falta de explicaciones claras en su lengua materna y la omisi\u00f3n de informaci\u00f3n sobre los efectos permanentes del procedimiento. <\/p>\n\n\n\n<p>Adem\u00e1s, muchas veces las mujeres firmaban documentos sin conocer su contenido real.<\/p>\n\n\n\n<h3 class=\"wp-block-heading\">Casos recientes y legislaci\u00f3n<\/h3>\n\n\n\n<p>En las \u00faltimas d\u00e9cadas, han seguido surgiendo denuncias sobre esterilizaciones forzadas en diferentes estados de M\u00e9xico. <\/p>\n\n\n\n<p>En 2002, la <strong>Comisi\u00f3n Nacional de los Derechos Humanos (CNDH)<\/strong> emiti\u00f3 recomendaciones sobre varios casos de mujeres que hab\u00edan sido esterilizadas sin su consentimiento. <\/p>\n\n\n\n<p>A pesar de estos esfuerzos, la pr\u00e1ctica no ha desaparecido por completo.<\/p>\n\n\n\n<p>En 2020, se discuti\u00f3 en el Senado mexicano la reforma de leyes para prevenir la esterilizaci\u00f3n forzada, estableciendo penas m\u00e1s severas para los responsables y garantizando el acceso a m\u00e9todos anticonceptivos bajo criterios estrictamente voluntarios e informados.<\/p>\n\n\n\n<h3 class=\"wp-block-heading\">Casos internacionales que involucran a M\u00e9xico<\/h3>\n\n\n\n<p>En el \u00e1mbito internacional, la pr\u00e1ctica de la esterilizaci\u00f3n forzada ha sido condenada por organismos como la <strong>Organizaci\u00f3n de las Naciones Unidas (ONU)<\/strong> y la <strong>Comisi\u00f3n Interamericana de Derechos Humanos (CIDH)<\/strong>. <\/p>\n\n\n\n<p>En algunos casos, M\u00e9xico ha sido se\u00f1alado en informes por no tomar las medidas suficientes para prevenir estos abusos. <\/p>\n\n\n\n<p>Sin embargo, el pa\u00eds ha trabajado en mejorar el acceso a derechos reproductivos y garantizar que todas las personas puedan decidir sobre su cuerpo libremente.<\/p>\n\n\n\n<p>La esterilizaci\u00f3n forzada en M\u00e9xico ha sido una realidad para muchas mujeres, especialmente de sectores marginados. <\/p>\n\n\n\n<p>Aunque ha habido avances en la legislaci\u00f3n y la concientizaci\u00f3n, a\u00fan persisten desaf\u00edos para erradicar esta pr\u00e1ctica y garantizar el pleno respeto a los derechos reproductivos de las mujeres, especialmente en comunidades ind\u00edgenas y rurales. <\/p>\n\n\n\n<p>La historia y las denuncias en torno a la esterilizaci\u00f3n forzada son un recordatorio de la importancia de proteger la autonom\u00eda corporal y de seguir avanzando en la justicia y equidad para todas las personas.<\/p>\n\n\n\n<p>Por <em>Keila Itzel Rodr\u00edguez Pe\u00f1a<\/em><\/p>\n\n\n<ul class=\"wp-block-latest-posts__list is-grid columns-3 wp-block-latest-posts\"><li><div class=\"wp-block-latest-posts__featured-image\"><img loading=\"lazy\" decoding=\"async\" width=\"150\" height=\"150\" src=\"https:\/\/www.alasmedios.com\/wp-content\/uploads\/2026\/04\/vacuna-embarazo-150x150.png\" class=\"attachment-thumbnail size-thumbnail wp-post-image\" alt=\"\" style=\"\" \/><\/div><a class=\"wp-block-latest-posts__post-title\" href=\"https:\/\/www.alasmedios.com\/index.php\/2026\/04\/28\/mexico-nueva-vacuna-en-embarazo-busca-proteger-a-recien-nacidos-de-infecciones-respiratorias\/\">M\u00e9xico: nueva vacuna en embarazo busca proteger a reci\u00e9n nacidos de infecciones respiratorias<\/a><\/li>\n<li><div class=\"wp-block-latest-posts__featured-image\"><img loading=\"lazy\" decoding=\"async\" width=\"150\" height=\"150\" src=\"https:\/\/www.alasmedios.com\/wp-content\/uploads\/2026\/04\/gusano-barrenador-capacitacion-Apan-150x150.jpg\" class=\"attachment-thumbnail size-thumbnail wp-post-image\" alt=\"\" style=\"\" \/><\/div><a class=\"wp-block-latest-posts__post-title\" href=\"https:\/\/www.alasmedios.com\/index.php\/2026\/04\/28\/apan-convoca-a-productores-a-capacitacion-contra-el-gusano-barrenador\/\">Apan convoca a productores a capacitaci\u00f3n contra el gusano barrenador<\/a><\/li>\n<li><div class=\"wp-block-latest-posts__featured-image\"><img loading=\"lazy\" decoding=\"async\" width=\"150\" height=\"150\" src=\"https:\/\/www.alasmedios.com\/wp-content\/uploads\/2026\/04\/Daniela-Gaxiola-pocio-copa-mundial-de-ciclismo-de-pista-150x150.jpg\" class=\"attachment-thumbnail size-thumbnail wp-post-image\" alt=\"\" style=\"\" \/><\/div><a class=\"wp-block-latest-posts__post-title\" href=\"https:\/\/www.alasmedios.com\/index.php\/2026\/04\/28\/daniela-gaxiola-empuja-a-mexico-cierra-con-fuerza-la-copa-del-mundo-de-ciclismo-de-pista\/\">Daniela Gaxiola empuja a M\u00e9xico: cierra con fuerza la Copa del Mundo de Ciclismo de Pista<\/a><\/li>\n<\/ul>","protected":false},"excerpt":{"rendered":"<p>La esterilizaci\u00f3n forzada es una violaci\u00f3n de los derechos, donde personas, principalmente mujeres, son sometidas a procedimientos m\u00e9dicos irreversibles sin<\/p>\n","protected":false},"author":4,"featured_media":2332,"comment_status":"open","ping_status":"open","sticky":false,"template":"","format":"standard","meta":{"colormag_page_container_layout":"default_layout","colormag_page_sidebar_layout":"default_layout","rop_custom_images_group":[],"rop_custom_messages_group":[],"rop_publish_now":"initial","rop_publish_now_accounts":[],"rop_publish_now_history":[],"rop_publish_now_status":"pending","iawp_total_views":0,"footnotes":""},"categories":[45,39,44],"tags":[692,166,53,121],"class_list":["post-2330","post","type-post","status-publish","format-standard","has-post-thumbnail","hentry","category-ellas-dicen","category-inicio","category-sexualidad","tag-esterilizacion-forzada","tag-mexico","tag-mujeres","tag-violencia-de-genero-2"],"magazineBlocksPostFeaturedMedia":{"thumbnail":"https:\/\/www.alasmedios.com\/wp-content\/uploads\/2024\/10\/esterilizacion-forzada-150x150.png","medium":"https:\/\/www.alasmedios.com\/wp-content\/uploads\/2024\/10\/esterilizacion-forzada-300x157.png","medium_large":"https:\/\/www.alasmedios.com\/wp-content\/uploads\/2024\/10\/esterilizacion-forzada-768x402.png","large":"https:\/\/www.alasmedios.com\/wp-content\/uploads\/2024\/10\/esterilizacion-forzada-1024x536.png","1536x1536":"https:\/\/www.alasmedios.com\/wp-content\/uploads\/2024\/10\/esterilizacion-forzada.png","2048x2048":"https:\/\/www.alasmedios.com\/wp-content\/uploads\/2024\/10\/esterilizacion-forzada.png","colormag-highlighted-post":"https:\/\/www.alasmedios.com\/wp-content\/uploads\/2024\/10\/esterilizacion-forzada-392x272.png","colormag-featured-post-medium":"https:\/\/www.alasmedios.com\/wp-content\/uploads\/2024\/10\/esterilizacion-forzada-390x205.png","colormag-featured-post-small":"https:\/\/www.alasmedios.com\/wp-content\/uploads\/2024\/10\/esterilizacion-forzada-130x90.png","colormag-featured-image":"https:\/\/www.alasmedios.com\/wp-content\/uploads\/2024\/10\/esterilizacion-forzada-800x445.png","colormag-default-news":"https:\/\/www.alasmedios.com\/wp-content\/uploads\/2024\/10\/esterilizacion-forzada-150x150.png","colormag-featured-image-large":"https:\/\/www.alasmedios.com\/wp-content\/uploads\/2024\/10\/esterilizacion-forzada-1200x600.png"},"magazineBlocksPostAuthor":{"name":"Keila Rodr\u00edguez Pe\u00f1a","avatar":"https:\/\/secure.gravatar.com\/avatar\/a2553a2bfaa601b9d539b617c8793e151bdffb60f9e48a249912f86d4c9ebeef?s=96&d=mm&r=g"},"magazineBlocksPostCommentsNumber":"0","magazineBlocksPostExcerpt":"La esterilizaci\u00f3n forzada es una violaci\u00f3n de los derechos, donde personas, principalmente mujeres, son sometidas a procedimientos m\u00e9dicos irreversibles sin","magazineBlocksPostCategories":["Ellas Dicen","Inicio","Salud y Sexualidad"],"magazineBlocksPostViewCount":250,"magazineBlocksPostReadTime":3,"magazine_blocks_featured_image_url":{"full":["https:\/\/www.alasmedios.com\/wp-content\/uploads\/2024\/10\/esterilizacion-forzada.png",1200,628,false],"medium":["https:\/\/www.alasmedios.com\/wp-content\/uploads\/2024\/10\/esterilizacion-forzada-300x157.png",300,157,true],"thumbnail":["https:\/\/www.alasmedios.com\/wp-content\/uploads\/2024\/10\/esterilizacion-forzada-150x150.png",150,150,true]},"magazine_blocks_author":{"display_name":"Keila Rodr\u00edguez Pe\u00f1a","author_link":"https:\/\/www.alasmedios.com\/index.php\/author\/keila\/"},"magazine_blocks_comment":0,"magazine_blocks_author_image":"https:\/\/secure.gravatar.com\/avatar\/a2553a2bfaa601b9d539b617c8793e151bdffb60f9e48a249912f86d4c9ebeef?s=96&d=mm&r=g","magazine_blocks_category":"<a href=\"#\" class=\"category-link category-link-45\">Ellas Dicen<\/a> <a href=\"#\" class=\"category-link category-link-39\">Inicio<\/a> <a href=\"#\" class=\"category-link category-link-44\">Salud y Sexualidad<\/a>","yoast_head":"<!-- This site is optimized with the Yoast SEO plugin v27.5 - https:\/\/yoast.com\/product\/yoast-seo-wordpress\/ -->\r\n<title>Esterilizaci\u00f3n forzada: la sombra de un abuso en M\u00e9xico - Alas Medios<\/title>\r\n<meta name=\"robots\" content=\"index, follow, max-snippet:-1, max-image-preview:large, max-video-preview:-1\" \/>\r\n<link rel=\"canonical\" href=\"https:\/\/www.alasmedios.com\/index.php\/2024\/10\/21\/esterilizacion-forzada-la-sombra-de-un-abuso-en-mexico\/\" \/>\r\n<meta property=\"og:locale\" content=\"es_MX\" \/>\r\n<meta property=\"og:type\" content=\"article\" \/>\r\n<meta property=\"og:title\" content=\"Esterilizaci\u00f3n forzada: la sombra de un abuso en M\u00e9xico - Alas Medios\" \/>\r\n<meta property=\"og:description\" content=\"La esterilizaci\u00f3n forzada es una violaci\u00f3n de los derechos, donde personas, principalmente mujeres, son sometidas a procedimientos m\u00e9dicos irreversibles sin\" \/>\r\n<meta property=\"og:url\" content=\"https:\/\/www.alasmedios.com\/index.php\/2024\/10\/21\/esterilizacion-forzada-la-sombra-de-un-abuso-en-mexico\/\" \/>\r\n<meta property=\"og:site_name\" content=\"Alas Medios\" \/>\r\n<meta property=\"article:published_time\" content=\"2024-10-21T20:47:59+00:00\" \/>\r\n<meta property=\"article:modified_time\" content=\"2024-10-21T20:48:02+00:00\" \/>\r\n<meta property=\"og:image\" content=\"https:\/\/www.alasmedios.com\/wp-content\/uploads\/2024\/10\/esterilizacion-forzada.png\" \/>\r\n\t<meta property=\"og:image:width\" content=\"1200\" \/>\r\n\t<meta property=\"og:image:height\" content=\"628\" \/>\r\n\t<meta property=\"og:image:type\" content=\"image\/png\" \/>\r\n<meta name=\"author\" content=\"Keila Rodr\u00edguez Pe\u00f1a\" \/>\r\n<meta name=\"twitter:card\" content=\"summary_large_image\" \/>\r\n<meta name=\"twitter:label1\" content=\"Escrito por\" \/>\n\t<meta name=\"twitter:data1\" content=\"Keila Rodr\u00edguez Pe\u00f1a\" \/>\n\t<meta name=\"twitter:label2\" content=\"Tiempo de lectura\" \/>\n\t<meta name=\"twitter:data2\" content=\"3 minutos\" \/>\r\n<script type=\"application\/ld+json\" class=\"yoast-schema-graph\">{\"@context\":\"https:\\\/\\\/schema.org\",\"@graph\":[{\"@type\":\"Article\",\"@id\":\"https:\\\/\\\/www.alasmedios.com\\\/index.php\\\/2024\\\/10\\\/21\\\/esterilizacion-forzada-la-sombra-de-un-abuso-en-mexico\\\/#article\",\"isPartOf\":{\"@id\":\"https:\\\/\\\/www.alasmedios.com\\\/index.php\\\/2024\\\/10\\\/21\\\/esterilizacion-forzada-la-sombra-de-un-abuso-en-mexico\\\/\"},\"author\":{\"name\":\"Keila Rodr\u00edguez Pe\u00f1a\",\"@id\":\"https:\\\/\\\/www.alasmedios.com\\\/#\\\/schema\\\/person\\\/0ba31bdd19a05ebf5c7fef1fedf99c34\"},\"headline\":\"Esterilizaci\u00f3n forzada: la sombra de un abuso en M\u00e9xico\",\"datePublished\":\"2024-10-21T20:47:59+00:00\",\"dateModified\":\"2024-10-21T20:48:02+00:00\",\"mainEntityOfPage\":{\"@id\":\"https:\\\/\\\/www.alasmedios.com\\\/index.php\\\/2024\\\/10\\\/21\\\/esterilizacion-forzada-la-sombra-de-un-abuso-en-mexico\\\/\"},\"wordCount\":599,\"commentCount\":0,\"publisher\":{\"@id\":\"https:\\\/\\\/www.alasmedios.com\\\/#organization\"},\"image\":{\"@id\":\"https:\\\/\\\/www.alasmedios.com\\\/index.php\\\/2024\\\/10\\\/21\\\/esterilizacion-forzada-la-sombra-de-un-abuso-en-mexico\\\/#primaryimage\"},\"thumbnailUrl\":\"https:\\\/\\\/www.alasmedios.com\\\/wp-content\\\/uploads\\\/2024\\\/10\\\/esterilizacion-forzada.png\",\"keywords\":[\"esterilizaci\u00f3n forzada\",\"M\u00e9xico\",\"Mujeres\",\"violencia de g\u00e9nero\"],\"articleSection\":[\"Ellas Dicen\",\"Inicio\",\"Salud y Sexualidad\"],\"inLanguage\":\"es\",\"potentialAction\":[{\"@type\":\"CommentAction\",\"name\":\"Comment\",\"target\":[\"https:\\\/\\\/www.alasmedios.com\\\/index.php\\\/2024\\\/10\\\/21\\\/esterilizacion-forzada-la-sombra-de-un-abuso-en-mexico\\\/#respond\"]}]},{\"@type\":\"WebPage\",\"@id\":\"https:\\\/\\\/www.alasmedios.com\\\/index.php\\\/2024\\\/10\\\/21\\\/esterilizacion-forzada-la-sombra-de-un-abuso-en-mexico\\\/\",\"url\":\"https:\\\/\\\/www.alasmedios.com\\\/index.php\\\/2024\\\/10\\\/21\\\/esterilizacion-forzada-la-sombra-de-un-abuso-en-mexico\\\/\",\"name\":\"Esterilizaci\u00f3n forzada: la sombra de un abuso en M\u00e9xico - Alas Medios\",\"isPartOf\":{\"@id\":\"https:\\\/\\\/www.alasmedios.com\\\/#website\"},\"primaryImageOfPage\":{\"@id\":\"https:\\\/\\\/www.alasmedios.com\\\/index.php\\\/2024\\\/10\\\/21\\\/esterilizacion-forzada-la-sombra-de-un-abuso-en-mexico\\\/#primaryimage\"},\"image\":{\"@id\":\"https:\\\/\\\/www.alasmedios.com\\\/index.php\\\/2024\\\/10\\\/21\\\/esterilizacion-forzada-la-sombra-de-un-abuso-en-mexico\\\/#primaryimage\"},\"thumbnailUrl\":\"https:\\\/\\\/www.alasmedios.com\\\/wp-content\\\/uploads\\\/2024\\\/10\\\/esterilizacion-forzada.png\",\"datePublished\":\"2024-10-21T20:47:59+00:00\",\"dateModified\":\"2024-10-21T20:48:02+00:00\",\"breadcrumb\":{\"@id\":\"https:\\\/\\\/www.alasmedios.com\\\/index.php\\\/2024\\\/10\\\/21\\\/esterilizacion-forzada-la-sombra-de-un-abuso-en-mexico\\\/#breadcrumb\"},\"inLanguage\":\"es\",\"potentialAction\":[{\"@type\":\"ReadAction\",\"target\":[\"https:\\\/\\\/www.alasmedios.com\\\/index.php\\\/2024\\\/10\\\/21\\\/esterilizacion-forzada-la-sombra-de-un-abuso-en-mexico\\\/\"]}]},{\"@type\":\"ImageObject\",\"inLanguage\":\"es\",\"@id\":\"https:\\\/\\\/www.alasmedios.com\\\/index.php\\\/2024\\\/10\\\/21\\\/esterilizacion-forzada-la-sombra-de-un-abuso-en-mexico\\\/#primaryimage\",\"url\":\"https:\\\/\\\/www.alasmedios.com\\\/wp-content\\\/uploads\\\/2024\\\/10\\\/esterilizacion-forzada.png\",\"contentUrl\":\"https:\\\/\\\/www.alasmedios.com\\\/wp-content\\\/uploads\\\/2024\\\/10\\\/esterilizacion-forzada.png\",\"width\":1200,\"height\":628},{\"@type\":\"BreadcrumbList\",\"@id\":\"https:\\\/\\\/www.alasmedios.com\\\/index.php\\\/2024\\\/10\\\/21\\\/esterilizacion-forzada-la-sombra-de-un-abuso-en-mexico\\\/#breadcrumb\",\"itemListElement\":[{\"@type\":\"ListItem\",\"position\":1,\"name\":\"Inicio\",\"item\":\"https:\\\/\\\/www.alasmedios.com\\\/\"},{\"@type\":\"ListItem\",\"position\":2,\"name\":\"Esterilizaci\u00f3n forzada: la sombra de un abuso en M\u00e9xico\"}]},{\"@type\":\"WebSite\",\"@id\":\"https:\\\/\\\/www.alasmedios.com\\\/#website\",\"url\":\"https:\\\/\\\/www.alasmedios.com\\\/\",\"name\":\"Alas Medios\",\"description\":\"Alas para pensar, Alas para volar, Alas de libertad\",\"publisher\":{\"@id\":\"https:\\\/\\\/www.alasmedios.com\\\/#organization\"},\"potentialAction\":[{\"@type\":\"SearchAction\",\"target\":{\"@type\":\"EntryPoint\",\"urlTemplate\":\"https:\\\/\\\/www.alasmedios.com\\\/?s={search_term_string}\"},\"query-input\":{\"@type\":\"PropertyValueSpecification\",\"valueRequired\":true,\"valueName\":\"search_term_string\"}}],\"inLanguage\":\"es\"},{\"@type\":\"Organization\",\"@id\":\"https:\\\/\\\/www.alasmedios.com\\\/#organization\",\"name\":\"Alas Medios\",\"url\":\"https:\\\/\\\/www.alasmedios.com\\\/\",\"logo\":{\"@type\":\"ImageObject\",\"inLanguage\":\"es\",\"@id\":\"https:\\\/\\\/www.alasmedios.com\\\/#\\\/schema\\\/logo\\\/image\\\/\",\"url\":\"https:\\\/\\\/www.alasmedios.com\\\/wp-content\\\/uploads\\\/2026\\\/01\\\/cropped-cropped-GAM-1.png\",\"contentUrl\":\"https:\\\/\\\/www.alasmedios.com\\\/wp-content\\\/uploads\\\/2026\\\/01\\\/cropped-cropped-GAM-1.png\",\"width\":467,\"height\":235,\"caption\":\"Alas Medios\"},\"image\":{\"@id\":\"https:\\\/\\\/www.alasmedios.com\\\/#\\\/schema\\\/logo\\\/image\\\/\"}},{\"@type\":\"Person\",\"@id\":\"https:\\\/\\\/www.alasmedios.com\\\/#\\\/schema\\\/person\\\/0ba31bdd19a05ebf5c7fef1fedf99c34\",\"name\":\"Keila Rodr\u00edguez Pe\u00f1a\",\"image\":{\"@type\":\"ImageObject\",\"inLanguage\":\"es\",\"@id\":\"https:\\\/\\\/secure.gravatar.com\\\/avatar\\\/a2553a2bfaa601b9d539b617c8793e151bdffb60f9e48a249912f86d4c9ebeef?s=96&d=mm&r=g\",\"url\":\"https:\\\/\\\/secure.gravatar.com\\\/avatar\\\/a2553a2bfaa601b9d539b617c8793e151bdffb60f9e48a249912f86d4c9ebeef?s=96&d=mm&r=g\",\"contentUrl\":\"https:\\\/\\\/secure.gravatar.com\\\/avatar\\\/a2553a2bfaa601b9d539b617c8793e151bdffb60f9e48a249912f86d4c9ebeef?s=96&d=mm&r=g\",\"caption\":\"Keila Rodr\u00edguez Pe\u00f1a\"},\"sameAs\":[\"http:\\\/\\\/www.alasmedios.com\"],\"url\":\"https:\\\/\\\/www.alasmedios.com\\\/index.php\\\/author\\\/keila\\\/\"}]}<\/script>\r\n<!-- \/ Yoast SEO plugin. -->","yoast_head_json":{"title":"Esterilizaci\u00f3n forzada: la sombra de un abuso en M\u00e9xico - Alas Medios","robots":{"index":"index","follow":"follow","max-snippet":"max-snippet:-1","max-image-preview":"max-image-preview:large","max-video-preview":"max-video-preview:-1"},"canonical":"https:\/\/www.alasmedios.com\/index.php\/2024\/10\/21\/esterilizacion-forzada-la-sombra-de-un-abuso-en-mexico\/","og_locale":"es_MX","og_type":"article","og_title":"Esterilizaci\u00f3n forzada: la sombra de un abuso en M\u00e9xico - Alas Medios","og_description":"La esterilizaci\u00f3n forzada es una violaci\u00f3n de los derechos, donde personas, principalmente mujeres, son sometidas a procedimientos m\u00e9dicos irreversibles sin","og_url":"https:\/\/www.alasmedios.com\/index.php\/2024\/10\/21\/esterilizacion-forzada-la-sombra-de-un-abuso-en-mexico\/","og_site_name":"Alas Medios","article_published_time":"2024-10-21T20:47:59+00:00","article_modified_time":"2024-10-21T20:48:02+00:00","og_image":[{"width":1200,"height":628,"url":"https:\/\/www.alasmedios.com\/wp-content\/uploads\/2024\/10\/esterilizacion-forzada.png","type":"image\/png"}],"author":"Keila Rodr\u00edguez Pe\u00f1a","twitter_card":"summary_large_image","twitter_misc":{"Escrito por":"Keila Rodr\u00edguez Pe\u00f1a","Tiempo de lectura":"3 minutos"},"schema":{"@context":"https:\/\/schema.org","@graph":[{"@type":"Article","@id":"https:\/\/www.alasmedios.com\/index.php\/2024\/10\/21\/esterilizacion-forzada-la-sombra-de-un-abuso-en-mexico\/#article","isPartOf":{"@id":"https:\/\/www.alasmedios.com\/index.php\/2024\/10\/21\/esterilizacion-forzada-la-sombra-de-un-abuso-en-mexico\/"},"author":{"name":"Keila Rodr\u00edguez Pe\u00f1a","@id":"https:\/\/www.alasmedios.com\/#\/schema\/person\/0ba31bdd19a05ebf5c7fef1fedf99c34"},"headline":"Esterilizaci\u00f3n forzada: la sombra de un abuso en M\u00e9xico","datePublished":"2024-10-21T20:47:59+00:00","dateModified":"2024-10-21T20:48:02+00:00","mainEntityOfPage":{"@id":"https:\/\/www.alasmedios.com\/index.php\/2024\/10\/21\/esterilizacion-forzada-la-sombra-de-un-abuso-en-mexico\/"},"wordCount":599,"commentCount":0,"publisher":{"@id":"https:\/\/www.alasmedios.com\/#organization"},"image":{"@id":"https:\/\/www.alasmedios.com\/index.php\/2024\/10\/21\/esterilizacion-forzada-la-sombra-de-un-abuso-en-mexico\/#primaryimage"},"thumbnailUrl":"https:\/\/www.alasmedios.com\/wp-content\/uploads\/2024\/10\/esterilizacion-forzada.png","keywords":["esterilizaci\u00f3n forzada","M\u00e9xico","Mujeres","violencia de g\u00e9nero"],"articleSection":["Ellas Dicen","Inicio","Salud y Sexualidad"],"inLanguage":"es","potentialAction":[{"@type":"CommentAction","name":"Comment","target":["https:\/\/www.alasmedios.com\/index.php\/2024\/10\/21\/esterilizacion-forzada-la-sombra-de-un-abuso-en-mexico\/#respond"]}]},{"@type":"WebPage","@id":"https:\/\/www.alasmedios.com\/index.php\/2024\/10\/21\/esterilizacion-forzada-la-sombra-de-un-abuso-en-mexico\/","url":"https:\/\/www.alasmedios.com\/index.php\/2024\/10\/21\/esterilizacion-forzada-la-sombra-de-un-abuso-en-mexico\/","name":"Esterilizaci\u00f3n forzada: la sombra de un abuso en M\u00e9xico - Alas Medios","isPartOf":{"@id":"https:\/\/www.alasmedios.com\/#website"},"primaryImageOfPage":{"@id":"https:\/\/www.alasmedios.com\/index.php\/2024\/10\/21\/esterilizacion-forzada-la-sombra-de-un-abuso-en-mexico\/#primaryimage"},"image":{"@id":"https:\/\/www.alasmedios.com\/index.php\/2024\/10\/21\/esterilizacion-forzada-la-sombra-de-un-abuso-en-mexico\/#primaryimage"},"thumbnailUrl":"https:\/\/www.alasmedios.com\/wp-content\/uploads\/2024\/10\/esterilizacion-forzada.png","datePublished":"2024-10-21T20:47:59+00:00","dateModified":"2024-10-21T20:48:02+00:00","breadcrumb":{"@id":"https:\/\/www.alasmedios.com\/index.php\/2024\/10\/21\/esterilizacion-forzada-la-sombra-de-un-abuso-en-mexico\/#breadcrumb"},"inLanguage":"es","potentialAction":[{"@type":"ReadAction","target":["https:\/\/www.alasmedios.com\/index.php\/2024\/10\/21\/esterilizacion-forzada-la-sombra-de-un-abuso-en-mexico\/"]}]},{"@type":"ImageObject","inLanguage":"es","@id":"https:\/\/www.alasmedios.com\/index.php\/2024\/10\/21\/esterilizacion-forzada-la-sombra-de-un-abuso-en-mexico\/#primaryimage","url":"https:\/\/www.alasmedios.com\/wp-content\/uploads\/2024\/10\/esterilizacion-forzada.png","contentUrl":"https:\/\/www.alasmedios.com\/wp-content\/uploads\/2024\/10\/esterilizacion-forzada.png","width":1200,"height":628},{"@type":"BreadcrumbList","@id":"https:\/\/www.alasmedios.com\/index.php\/2024\/10\/21\/esterilizacion-forzada-la-sombra-de-un-abuso-en-mexico\/#breadcrumb","itemListElement":[{"@type":"ListItem","position":1,"name":"Inicio","item":"https:\/\/www.alasmedios.com\/"},{"@type":"ListItem","position":2,"name":"Esterilizaci\u00f3n forzada: la sombra de un abuso en M\u00e9xico"}]},{"@type":"WebSite","@id":"https:\/\/www.alasmedios.com\/#website","url":"https:\/\/www.alasmedios.com\/","name":"Alas Medios","description":"Alas para pensar, Alas para volar, Alas de libertad","publisher":{"@id":"https:\/\/www.alasmedios.com\/#organization"},"potentialAction":[{"@type":"SearchAction","target":{"@type":"EntryPoint","urlTemplate":"https:\/\/www.alasmedios.com\/?s={search_term_string}"},"query-input":{"@type":"PropertyValueSpecification","valueRequired":true,"valueName":"search_term_string"}}],"inLanguage":"es"},{"@type":"Organization","@id":"https:\/\/www.alasmedios.com\/#organization","name":"Alas Medios","url":"https:\/\/www.alasmedios.com\/","logo":{"@type":"ImageObject","inLanguage":"es","@id":"https:\/\/www.alasmedios.com\/#\/schema\/logo\/image\/","url":"https:\/\/www.alasmedios.com\/wp-content\/uploads\/2026\/01\/cropped-cropped-GAM-1.png","contentUrl":"https:\/\/www.alasmedios.com\/wp-content\/uploads\/2026\/01\/cropped-cropped-GAM-1.png","width":467,"height":235,"caption":"Alas Medios"},"image":{"@id":"https:\/\/www.alasmedios.com\/#\/schema\/logo\/image\/"}},{"@type":"Person","@id":"https:\/\/www.alasmedios.com\/#\/schema\/person\/0ba31bdd19a05ebf5c7fef1fedf99c34","name":"Keila Rodr\u00edguez Pe\u00f1a","image":{"@type":"ImageObject","inLanguage":"es","@id":"https:\/\/secure.gravatar.com\/avatar\/a2553a2bfaa601b9d539b617c8793e151bdffb60f9e48a249912f86d4c9ebeef?s=96&d=mm&r=g","url":"https:\/\/secure.gravatar.com\/avatar\/a2553a2bfaa601b9d539b617c8793e151bdffb60f9e48a249912f86d4c9ebeef?s=96&d=mm&r=g","contentUrl":"https:\/\/secure.gravatar.com\/avatar\/a2553a2bfaa601b9d539b617c8793e151bdffb60f9e48a249912f86d4c9ebeef?s=96&d=mm&r=g","caption":"Keila Rodr\u00edguez Pe\u00f1a"},"sameAs":["http:\/\/www.alasmedios.com"],"url":"https:\/\/www.alasmedios.com\/index.php\/author\/keila\/"}]}},"_links":{"self":[{"href":"https:\/\/www.alasmedios.com\/index.php\/wp-json\/wp\/v2\/posts\/2330","targetHints":{"allow":["GET"]}}],"collection":[{"href":"https:\/\/www.alasmedios.com\/index.php\/wp-json\/wp\/v2\/posts"}],"about":[{"href":"https:\/\/www.alasmedios.com\/index.php\/wp-json\/wp\/v2\/types\/post"}],"author":[{"embeddable":true,"href":"https:\/\/www.alasmedios.com\/index.php\/wp-json\/wp\/v2\/users\/4"}],"replies":[{"embeddable":true,"href":"https:\/\/www.alasmedios.com\/index.php\/wp-json\/wp\/v2\/comments?post=2330"}],"version-history":[{"count":1,"href":"https:\/\/www.alasmedios.com\/index.php\/wp-json\/wp\/v2\/posts\/2330\/revisions"}],"predecessor-version":[{"id":2333,"href":"https:\/\/www.alasmedios.com\/index.php\/wp-json\/wp\/v2\/posts\/2330\/revisions\/2333"}],"wp:featuredmedia":[{"embeddable":true,"href":"https:\/\/www.alasmedios.com\/index.php\/wp-json\/wp\/v2\/media\/2332"}],"wp:attachment":[{"href":"https:\/\/www.alasmedios.com\/index.php\/wp-json\/wp\/v2\/media?parent=2330"}],"wp:term":[{"taxonomy":"category","embeddable":true,"href":"https:\/\/www.alasmedios.com\/index.php\/wp-json\/wp\/v2\/categories?post=2330"},{"taxonomy":"post_tag","embeddable":true,"href":"https:\/\/www.alasmedios.com\/index.php\/wp-json\/wp\/v2\/tags?post=2330"}],"curies":[{"name":"wp","href":"https:\/\/api.w.org\/{rel}","templated":true}]}}