{"id":2127,"date":"2024-09-27T08:30:00","date_gmt":"2024-09-27T13:30:00","guid":{"rendered":"https:\/\/www.alasmedios.com\/?p=2127"},"modified":"2024-09-26T23:39:20","modified_gmt":"2024-09-27T04:39:20","slug":"actopan-canada-aviacion-se-prepara-para-su-feria-anual","status":"publish","type":"post","link":"https:\/\/www.alasmedios.com\/index.php\/2024\/09\/27\/actopan-canada-aviacion-se-prepara-para-su-feria-anual\/","title":{"rendered":"Actopan: Ca\u00f1ada Aviaci\u00f3n se prepara para su Feria Anual"},"content":{"rendered":"\n<p>A tan solo 10 minutos de <a href=\"https:\/\/www.facebook.com\/gobiernoconvisionhumanista\">Actopan<\/a>, en la colonia Ca\u00f1ada Aviaci\u00f3n, se celebrar\u00e1 la tradicional Feria Anual en honor a la Virgen de Santa Teresa de \u00c1vila, del 13 al 15 de octubre. <\/p>\n\n\n\n<p>Este evento, que forma parte de la comunidad desde hace m\u00e1s de 40 a\u00f1os, re\u00fane a familias y visitantes en torno a una amplia gama de actividades religiosas, culturales, deportivas y recreativas.<\/p>\n\n\n\n<p>La feria se llevar\u00e1 a cabo en el centro de la comunidad, donde se encuentra la emblem\u00e1tica Iglesia de Santa Teresa de \u00c1vila, un lugar clave para las celebraciones religiosas que acompa\u00f1an las festividades.<\/p>\n\n\n\n<blockquote class=\"wp-block-quote is-layout-flow wp-block-quote-is-layout-flow\">\n<p>Arturo Cruz, presidente del comit\u00e9 organizador de la feria, se\u00f1al\u00f3: \u201cEl dinero recaudado por la compra de boletos ser\u00e1 destinado a una rifa entre los asistentes, con un premio total de 75 mil pesos. Esta iniciativa busca agradecer a quienes participan y contribuyen al \u00e9xito del evento\u201d.<\/p>\n<\/blockquote>\n\n\n\n<p>Adem\u00e1s, se contar\u00e1 con una muestra gastron\u00f3mica destinada a conservar la cocina tradicional, utilizando ingredientes y m\u00e9todos de preparaci\u00f3n de anta\u00f1o. <\/p>\n\n\n\n<p>CONTIN\u00daA LEYENDO: <a href=\"https:\/\/www.alasmedios.com\/index.php\/2024\/09\/09\/feria-de-san-francisco-contara-con-la-participacion-de-147-artesanos\/\">Feria de San Francisco contar\u00e1 con la participaci\u00f3n de 147 artesanos<\/a><\/p>\n\n\n\n<p>Dentro de esta muestra, se llevar\u00e1 a cabo un concurso cuya inscripci\u00f3n ser\u00e1 completamente gratuita.<\/p>\n\n\n\n<p>El programa incluye emocionantes eventos como jaripeos, rodeos, concursos, rifas, presentaciones de imitadores y vibrantes bailes a cargo de reconocidos grupos musicales. <\/p>\n\n\n\n<p>Durante estos tres d\u00edas, la comunidad celebrar\u00e1 con entusiasmo y fervor su patrimonio cultural, manteniendo viva una tradici\u00f3n que ha unido a generaciones.<\/p>\n\n\n\n<p>La Feria Anual de Ca\u00f1ada Aviaci\u00f3n se ha consolidado como una celebraci\u00f3n imprescindible en la regi\u00f3n, atrayendo a visitantes de diversas localidades, quienes disfrutan de una experiencia \u00fanica que combina fe, entretenimiento y tradici\u00f3n.<\/p>\n\n\n<ul class=\"wp-block-latest-posts__list is-grid columns-3 wp-block-latest-posts\"><li><div class=\"wp-block-latest-posts__featured-image\"><img loading=\"lazy\" decoding=\"async\" width=\"150\" height=\"150\" src=\"https:\/\/www.alasmedios.com\/wp-content\/uploads\/2026\/05\/AMPEP-inteligencia-artificial-150x150.jpg\" class=\"attachment-thumbnail size-thumbnail wp-post-image\" alt=\"\" style=\"\" \/><\/div><a class=\"wp-block-latest-posts__post-title\" href=\"https:\/\/www.alasmedios.com\/index.php\/2026\/05\/01\/periodismo-frente-a-la-ia-ampep-asume-liderazgo-y-apuesta-por-contar-historias-con-alma\/\">Periodismo frente a la IA: AMPEP asume liderazgo y apuesta por contar historias con \u201calma\u201d<\/a><\/li>\n<li><div class=\"wp-block-latest-posts__featured-image\"><img loading=\"lazy\" decoding=\"async\" width=\"150\" height=\"150\" src=\"https:\/\/www.alasmedios.com\/wp-content\/uploads\/2026\/05\/Hidalgo-viene-un-respiro-con-el-frente-frio-48-150x150.png\" class=\"attachment-thumbnail size-thumbnail wp-post-image\" alt=\"\" style=\"\" \/><\/div><a class=\"wp-block-latest-posts__post-title\" href=\"https:\/\/www.alasmedios.com\/index.php\/2026\/05\/01\/frente-frio-48-un-alivio-asi-impactara-en-hidalgo\/\">Frente fr\u00edo 48, un alivio: as\u00ed impactar\u00e1 en Hidalgo<\/a><\/li>\n<li><div class=\"wp-block-latest-posts__featured-image\"><img loading=\"lazy\" decoding=\"async\" width=\"150\" height=\"150\" src=\"https:\/\/www.alasmedios.com\/wp-content\/uploads\/2026\/05\/mujeres-depresion-posparto-150x150.png\" class=\"attachment-thumbnail size-thumbnail wp-post-image\" alt=\"\" style=\"\" \/><\/div><a class=\"wp-block-latest-posts__post-title\" href=\"https:\/\/www.alasmedios.com\/index.php\/2026\/05\/01\/1-de-cada-15-mujeres-sufre-depresion-posparto\/\">1 de cada 15 mujeres sufre depresi\u00f3n posparto<\/a><\/li>\n<\/ul>","protected":false},"excerpt":{"rendered":"<p>A tan solo 10 minutos de Actopan, en la colonia Ca\u00f1ada Aviaci\u00f3n, se celebrar\u00e1 la tradicional Feria Anual en honor<\/p>\n","protected":false},"author":4,"featured_media":2128,"comment_status":"open","ping_status":"open","sticky":false,"template":"","format":"standard","meta":{"colormag_page_container_layout":"default_layout","colormag_page_sidebar_layout":"default_layout","rop_custom_images_group":[],"rop_custom_messages_group":[],"rop_publish_now":"initial","rop_publish_now_accounts":[],"rop_publish_now_history":[],"rop_publish_now_status":"pending","iawp_total_views":0,"footnotes":""},"categories":[41],"tags":[194,620,99,74],"class_list":["post-2127","post","type-post","status-publish","format-standard","has-post-thumbnail","hentry","category-hidalgo","tag-actopan","tag-feria-anual","tag-hidalgo","tag-turismo"],"magazineBlocksPostFeaturedMedia":{"thumbnail":"https:\/\/www.alasmedios.com\/wp-content\/uploads\/2024\/09\/FOTO-26-SEPTIEMBRE-2024_TURISMO_CONFERENCIA-DE-PRENSA-FERIA-ANUAL-DE-CANADA--150x150.jpg","medium":"https:\/\/www.alasmedios.com\/wp-content\/uploads\/2024\/09\/FOTO-26-SEPTIEMBRE-2024_TURISMO_CONFERENCIA-DE-PRENSA-FERIA-ANUAL-DE-CANADA--300x225.jpg","medium_large":"https:\/\/www.alasmedios.com\/wp-content\/uploads\/2024\/09\/FOTO-26-SEPTIEMBRE-2024_TURISMO_CONFERENCIA-DE-PRENSA-FERIA-ANUAL-DE-CANADA--768x576.jpg","large":"https:\/\/www.alasmedios.com\/wp-content\/uploads\/2024\/09\/FOTO-26-SEPTIEMBRE-2024_TURISMO_CONFERENCIA-DE-PRENSA-FERIA-ANUAL-DE-CANADA--1024x768.jpg","1536x1536":"https:\/\/www.alasmedios.com\/wp-content\/uploads\/2024\/09\/FOTO-26-SEPTIEMBRE-2024_TURISMO_CONFERENCIA-DE-PRENSA-FERIA-ANUAL-DE-CANADA-.jpg","2048x2048":"https:\/\/www.alasmedios.com\/wp-content\/uploads\/2024\/09\/FOTO-26-SEPTIEMBRE-2024_TURISMO_CONFERENCIA-DE-PRENSA-FERIA-ANUAL-DE-CANADA-.jpg","colormag-highlighted-post":"https:\/\/www.alasmedios.com\/wp-content\/uploads\/2024\/09\/FOTO-26-SEPTIEMBRE-2024_TURISMO_CONFERENCIA-DE-PRENSA-FERIA-ANUAL-DE-CANADA--392x272.jpg","colormag-featured-post-medium":"https:\/\/www.alasmedios.com\/wp-content\/uploads\/2024\/09\/FOTO-26-SEPTIEMBRE-2024_TURISMO_CONFERENCIA-DE-PRENSA-FERIA-ANUAL-DE-CANADA--390x205.jpg","colormag-featured-post-small":"https:\/\/www.alasmedios.com\/wp-content\/uploads\/2024\/09\/FOTO-26-SEPTIEMBRE-2024_TURISMO_CONFERENCIA-DE-PRENSA-FERIA-ANUAL-DE-CANADA--130x90.jpg","colormag-featured-image":"https:\/\/www.alasmedios.com\/wp-content\/uploads\/2024\/09\/FOTO-26-SEPTIEMBRE-2024_TURISMO_CONFERENCIA-DE-PRENSA-FERIA-ANUAL-DE-CANADA--800x445.jpg","colormag-default-news":"https:\/\/www.alasmedios.com\/wp-content\/uploads\/2024\/09\/FOTO-26-SEPTIEMBRE-2024_TURISMO_CONFERENCIA-DE-PRENSA-FERIA-ANUAL-DE-CANADA--150x150.jpg","colormag-featured-image-large":"https:\/\/www.alasmedios.com\/wp-content\/uploads\/2024\/09\/FOTO-26-SEPTIEMBRE-2024_TURISMO_CONFERENCIA-DE-PRENSA-FERIA-ANUAL-DE-CANADA--1280x600.jpg"},"magazineBlocksPostAuthor":{"name":"Keila Rodr\u00edguez Pe\u00f1a","avatar":"https:\/\/secure.gravatar.com\/avatar\/a2553a2bfaa601b9d539b617c8793e151bdffb60f9e48a249912f86d4c9ebeef?s=96&d=mm&r=g"},"magazineBlocksPostCommentsNumber":"0","magazineBlocksPostExcerpt":"A tan solo 10 minutos de Actopan, en la colonia Ca\u00f1ada Aviaci\u00f3n, se celebrar\u00e1 la tradicional Feria Anual en honor","magazineBlocksPostCategories":["Hidalgo"],"magazineBlocksPostViewCount":261,"magazineBlocksPostReadTime":2,"magazine_blocks_featured_image_url":{"full":["https:\/\/www.alasmedios.com\/wp-content\/uploads\/2024\/09\/FOTO-26-SEPTIEMBRE-2024_TURISMO_CONFERENCIA-DE-PRENSA-FERIA-ANUAL-DE-CANADA-.jpg",1280,960,false],"medium":["https:\/\/www.alasmedios.com\/wp-content\/uploads\/2024\/09\/FOTO-26-SEPTIEMBRE-2024_TURISMO_CONFERENCIA-DE-PRENSA-FERIA-ANUAL-DE-CANADA--300x225.jpg",300,225,true],"thumbnail":["https:\/\/www.alasmedios.com\/wp-content\/uploads\/2024\/09\/FOTO-26-SEPTIEMBRE-2024_TURISMO_CONFERENCIA-DE-PRENSA-FERIA-ANUAL-DE-CANADA--150x150.jpg",150,150,true]},"magazine_blocks_author":{"display_name":"Keila Rodr\u00edguez Pe\u00f1a","author_link":"https:\/\/www.alasmedios.com\/index.php\/author\/keila\/"},"magazine_blocks_comment":0,"magazine_blocks_author_image":"https:\/\/secure.gravatar.com\/avatar\/a2553a2bfaa601b9d539b617c8793e151bdffb60f9e48a249912f86d4c9ebeef?s=96&d=mm&r=g","magazine_blocks_category":"<a href=\"#\" class=\"category-link category-link-41\">Hidalgo<\/a>","yoast_head":"<!-- This site is optimized with the Yoast SEO plugin v27.5 - https:\/\/yoast.com\/product\/yoast-seo-wordpress\/ -->\r\n<title>Actopan: Ca\u00f1ada Aviaci\u00f3n se prepara para su Feria Anual<\/title>\r\n<meta name=\"description\" content=\"A tan solo 10 minutos de Actopan, Hidalgo, en la colonia Ca\u00f1ada Aviaci\u00f3n, se celebrar\u00e1 la tradicional Feria Anual\" \/>\r\n<meta name=\"robots\" content=\"index, follow, max-snippet:-1, max-image-preview:large, max-video-preview:-1\" \/>\r\n<link rel=\"canonical\" href=\"https:\/\/www.alasmedios.com\/index.php\/2024\/09\/27\/actopan-canada-aviacion-se-prepara-para-su-feria-anual\/\" \/>\r\n<meta property=\"og:locale\" content=\"es_MX\" \/>\r\n<meta property=\"og:type\" content=\"article\" \/>\r\n<meta property=\"og:title\" content=\"Actopan: Ca\u00f1ada Aviaci\u00f3n se prepara para su Feria Anual\" \/>\r\n<meta property=\"og:description\" content=\"A tan solo 10 minutos de Actopan, Hidalgo, en la colonia Ca\u00f1ada Aviaci\u00f3n, se celebrar\u00e1 la tradicional Feria Anual\" \/>\r\n<meta property=\"og:url\" content=\"https:\/\/www.alasmedios.com\/index.php\/2024\/09\/27\/actopan-canada-aviacion-se-prepara-para-su-feria-anual\/\" \/>\r\n<meta property=\"og:site_name\" content=\"Alas Medios\" \/>\r\n<meta property=\"article:published_time\" content=\"2024-09-27T13:30:00+00:00\" \/>\r\n<meta property=\"og:image\" content=\"https:\/\/www.alasmedios.com\/wp-content\/uploads\/2024\/09\/FOTO-26-SEPTIEMBRE-2024_TURISMO_CONFERENCIA-DE-PRENSA-FERIA-ANUAL-DE-CANADA-.jpg\" \/>\r\n\t<meta property=\"og:image:width\" content=\"1280\" \/>\r\n\t<meta property=\"og:image:height\" content=\"960\" \/>\r\n\t<meta property=\"og:image:type\" content=\"image\/jpeg\" \/>\r\n<meta name=\"author\" content=\"Keila Rodr\u00edguez Pe\u00f1a\" \/>\r\n<meta name=\"twitter:card\" content=\"summary_large_image\" \/>\r\n<meta name=\"twitter:label1\" content=\"Escrito por\" \/>\n\t<meta name=\"twitter:data1\" content=\"Keila Rodr\u00edguez Pe\u00f1a\" \/>\n\t<meta name=\"twitter:label2\" content=\"Tiempo de lectura\" \/>\n\t<meta name=\"twitter:data2\" content=\"2 minutos\" \/>\r\n<script type=\"application\/ld+json\" class=\"yoast-schema-graph\">{\"@context\":\"https:\\\/\\\/schema.org\",\"@graph\":[{\"@type\":\"Article\",\"@id\":\"https:\\\/\\\/www.alasmedios.com\\\/index.php\\\/2024\\\/09\\\/27\\\/actopan-canada-aviacion-se-prepara-para-su-feria-anual\\\/#article\",\"isPartOf\":{\"@id\":\"https:\\\/\\\/www.alasmedios.com\\\/index.php\\\/2024\\\/09\\\/27\\\/actopan-canada-aviacion-se-prepara-para-su-feria-anual\\\/\"},\"author\":{\"name\":\"Keila Rodr\u00edguez Pe\u00f1a\",\"@id\":\"https:\\\/\\\/www.alasmedios.com\\\/#\\\/schema\\\/person\\\/0ba31bdd19a05ebf5c7fef1fedf99c34\"},\"headline\":\"Actopan: Ca\u00f1ada Aviaci\u00f3n se prepara para su Feria Anual\",\"datePublished\":\"2024-09-27T13:30:00+00:00\",\"mainEntityOfPage\":{\"@id\":\"https:\\\/\\\/www.alasmedios.com\\\/index.php\\\/2024\\\/09\\\/27\\\/actopan-canada-aviacion-se-prepara-para-su-feria-anual\\\/\"},\"wordCount\":303,\"commentCount\":0,\"publisher\":{\"@id\":\"https:\\\/\\\/www.alasmedios.com\\\/#organization\"},\"image\":{\"@id\":\"https:\\\/\\\/www.alasmedios.com\\\/index.php\\\/2024\\\/09\\\/27\\\/actopan-canada-aviacion-se-prepara-para-su-feria-anual\\\/#primaryimage\"},\"thumbnailUrl\":\"https:\\\/\\\/www.alasmedios.com\\\/wp-content\\\/uploads\\\/2024\\\/09\\\/FOTO-26-SEPTIEMBRE-2024_TURISMO_CONFERENCIA-DE-PRENSA-FERIA-ANUAL-DE-CANADA-.jpg\",\"keywords\":[\"Actopan\",\"Feria Anual\",\"Hidalgo\",\"Turismo\"],\"articleSection\":[\"Hidalgo\"],\"inLanguage\":\"es\",\"potentialAction\":[{\"@type\":\"CommentAction\",\"name\":\"Comment\",\"target\":[\"https:\\\/\\\/www.alasmedios.com\\\/index.php\\\/2024\\\/09\\\/27\\\/actopan-canada-aviacion-se-prepara-para-su-feria-anual\\\/#respond\"]}]},{\"@type\":\"WebPage\",\"@id\":\"https:\\\/\\\/www.alasmedios.com\\\/index.php\\\/2024\\\/09\\\/27\\\/actopan-canada-aviacion-se-prepara-para-su-feria-anual\\\/\",\"url\":\"https:\\\/\\\/www.alasmedios.com\\\/index.php\\\/2024\\\/09\\\/27\\\/actopan-canada-aviacion-se-prepara-para-su-feria-anual\\\/\",\"name\":\"Actopan: Ca\u00f1ada Aviaci\u00f3n se prepara para su Feria Anual\",\"isPartOf\":{\"@id\":\"https:\\\/\\\/www.alasmedios.com\\\/#website\"},\"primaryImageOfPage\":{\"@id\":\"https:\\\/\\\/www.alasmedios.com\\\/index.php\\\/2024\\\/09\\\/27\\\/actopan-canada-aviacion-se-prepara-para-su-feria-anual\\\/#primaryimage\"},\"image\":{\"@id\":\"https:\\\/\\\/www.alasmedios.com\\\/index.php\\\/2024\\\/09\\\/27\\\/actopan-canada-aviacion-se-prepara-para-su-feria-anual\\\/#primaryimage\"},\"thumbnailUrl\":\"https:\\\/\\\/www.alasmedios.com\\\/wp-content\\\/uploads\\\/2024\\\/09\\\/FOTO-26-SEPTIEMBRE-2024_TURISMO_CONFERENCIA-DE-PRENSA-FERIA-ANUAL-DE-CANADA-.jpg\",\"datePublished\":\"2024-09-27T13:30:00+00:00\",\"description\":\"A tan solo 10 minutos de Actopan, Hidalgo, en la colonia Ca\u00f1ada Aviaci\u00f3n, se celebrar\u00e1 la tradicional Feria Anual\",\"breadcrumb\":{\"@id\":\"https:\\\/\\\/www.alasmedios.com\\\/index.php\\\/2024\\\/09\\\/27\\\/actopan-canada-aviacion-se-prepara-para-su-feria-anual\\\/#breadcrumb\"},\"inLanguage\":\"es\",\"potentialAction\":[{\"@type\":\"ReadAction\",\"target\":[\"https:\\\/\\\/www.alasmedios.com\\\/index.php\\\/2024\\\/09\\\/27\\\/actopan-canada-aviacion-se-prepara-para-su-feria-anual\\\/\"]}]},{\"@type\":\"ImageObject\",\"inLanguage\":\"es\",\"@id\":\"https:\\\/\\\/www.alasmedios.com\\\/index.php\\\/2024\\\/09\\\/27\\\/actopan-canada-aviacion-se-prepara-para-su-feria-anual\\\/#primaryimage\",\"url\":\"https:\\\/\\\/www.alasmedios.com\\\/wp-content\\\/uploads\\\/2024\\\/09\\\/FOTO-26-SEPTIEMBRE-2024_TURISMO_CONFERENCIA-DE-PRENSA-FERIA-ANUAL-DE-CANADA-.jpg\",\"contentUrl\":\"https:\\\/\\\/www.alasmedios.com\\\/wp-content\\\/uploads\\\/2024\\\/09\\\/FOTO-26-SEPTIEMBRE-2024_TURISMO_CONFERENCIA-DE-PRENSA-FERIA-ANUAL-DE-CANADA-.jpg\",\"width\":1280,\"height\":960},{\"@type\":\"BreadcrumbList\",\"@id\":\"https:\\\/\\\/www.alasmedios.com\\\/index.php\\\/2024\\\/09\\\/27\\\/actopan-canada-aviacion-se-prepara-para-su-feria-anual\\\/#breadcrumb\",\"itemListElement\":[{\"@type\":\"ListItem\",\"position\":1,\"name\":\"Inicio\",\"item\":\"https:\\\/\\\/www.alasmedios.com\\\/\"},{\"@type\":\"ListItem\",\"position\":2,\"name\":\"Actopan: Ca\u00f1ada Aviaci\u00f3n se prepara para su Feria Anual\"}]},{\"@type\":\"WebSite\",\"@id\":\"https:\\\/\\\/www.alasmedios.com\\\/#website\",\"url\":\"https:\\\/\\\/www.alasmedios.com\\\/\",\"name\":\"Alas Medios\",\"description\":\"Alas para pensar, Alas para volar, Alas de libertad\",\"publisher\":{\"@id\":\"https:\\\/\\\/www.alasmedios.com\\\/#organization\"},\"potentialAction\":[{\"@type\":\"SearchAction\",\"target\":{\"@type\":\"EntryPoint\",\"urlTemplate\":\"https:\\\/\\\/www.alasmedios.com\\\/?s={search_term_string}\"},\"query-input\":{\"@type\":\"PropertyValueSpecification\",\"valueRequired\":true,\"valueName\":\"search_term_string\"}}],\"inLanguage\":\"es\"},{\"@type\":\"Organization\",\"@id\":\"https:\\\/\\\/www.alasmedios.com\\\/#organization\",\"name\":\"Alas Medios\",\"url\":\"https:\\\/\\\/www.alasmedios.com\\\/\",\"logo\":{\"@type\":\"ImageObject\",\"inLanguage\":\"es\",\"@id\":\"https:\\\/\\\/www.alasmedios.com\\\/#\\\/schema\\\/logo\\\/image\\\/\",\"url\":\"https:\\\/\\\/www.alasmedios.com\\\/wp-content\\\/uploads\\\/2026\\\/01\\\/cropped-cropped-GAM-1.png\",\"contentUrl\":\"https:\\\/\\\/www.alasmedios.com\\\/wp-content\\\/uploads\\\/2026\\\/01\\\/cropped-cropped-GAM-1.png\",\"width\":467,\"height\":235,\"caption\":\"Alas Medios\"},\"image\":{\"@id\":\"https:\\\/\\\/www.alasmedios.com\\\/#\\\/schema\\\/logo\\\/image\\\/\"}},{\"@type\":\"Person\",\"@id\":\"https:\\\/\\\/www.alasmedios.com\\\/#\\\/schema\\\/person\\\/0ba31bdd19a05ebf5c7fef1fedf99c34\",\"name\":\"Keila Rodr\u00edguez Pe\u00f1a\",\"image\":{\"@type\":\"ImageObject\",\"inLanguage\":\"es\",\"@id\":\"https:\\\/\\\/secure.gravatar.com\\\/avatar\\\/a2553a2bfaa601b9d539b617c8793e151bdffb60f9e48a249912f86d4c9ebeef?s=96&d=mm&r=g\",\"url\":\"https:\\\/\\\/secure.gravatar.com\\\/avatar\\\/a2553a2bfaa601b9d539b617c8793e151bdffb60f9e48a249912f86d4c9ebeef?s=96&d=mm&r=g\",\"contentUrl\":\"https:\\\/\\\/secure.gravatar.com\\\/avatar\\\/a2553a2bfaa601b9d539b617c8793e151bdffb60f9e48a249912f86d4c9ebeef?s=96&d=mm&r=g\",\"caption\":\"Keila Rodr\u00edguez Pe\u00f1a\"},\"sameAs\":[\"http:\\\/\\\/www.alasmedios.com\"],\"url\":\"https:\\\/\\\/www.alasmedios.com\\\/index.php\\\/author\\\/keila\\\/\"}]}<\/script>\r\n<!-- \/ Yoast SEO plugin. -->","yoast_head_json":{"title":"Actopan: Ca\u00f1ada Aviaci\u00f3n se prepara para su Feria Anual","description":"A tan solo 10 minutos de Actopan, Hidalgo, en la colonia Ca\u00f1ada Aviaci\u00f3n, se celebrar\u00e1 la tradicional Feria Anual","robots":{"index":"index","follow":"follow","max-snippet":"max-snippet:-1","max-image-preview":"max-image-preview:large","max-video-preview":"max-video-preview:-1"},"canonical":"https:\/\/www.alasmedios.com\/index.php\/2024\/09\/27\/actopan-canada-aviacion-se-prepara-para-su-feria-anual\/","og_locale":"es_MX","og_type":"article","og_title":"Actopan: Ca\u00f1ada Aviaci\u00f3n se prepara para su Feria Anual","og_description":"A tan solo 10 minutos de Actopan, Hidalgo, en la colonia Ca\u00f1ada Aviaci\u00f3n, se celebrar\u00e1 la tradicional Feria Anual","og_url":"https:\/\/www.alasmedios.com\/index.php\/2024\/09\/27\/actopan-canada-aviacion-se-prepara-para-su-feria-anual\/","og_site_name":"Alas Medios","article_published_time":"2024-09-27T13:30:00+00:00","og_image":[{"width":1280,"height":960,"url":"https:\/\/www.alasmedios.com\/wp-content\/uploads\/2024\/09\/FOTO-26-SEPTIEMBRE-2024_TURISMO_CONFERENCIA-DE-PRENSA-FERIA-ANUAL-DE-CANADA-.jpg","type":"image\/jpeg"}],"author":"Keila Rodr\u00edguez Pe\u00f1a","twitter_card":"summary_large_image","twitter_misc":{"Escrito por":"Keila Rodr\u00edguez Pe\u00f1a","Tiempo de lectura":"2 minutos"},"schema":{"@context":"https:\/\/schema.org","@graph":[{"@type":"Article","@id":"https:\/\/www.alasmedios.com\/index.php\/2024\/09\/27\/actopan-canada-aviacion-se-prepara-para-su-feria-anual\/#article","isPartOf":{"@id":"https:\/\/www.alasmedios.com\/index.php\/2024\/09\/27\/actopan-canada-aviacion-se-prepara-para-su-feria-anual\/"},"author":{"name":"Keila Rodr\u00edguez Pe\u00f1a","@id":"https:\/\/www.alasmedios.com\/#\/schema\/person\/0ba31bdd19a05ebf5c7fef1fedf99c34"},"headline":"Actopan: Ca\u00f1ada Aviaci\u00f3n se prepara para su Feria Anual","datePublished":"2024-09-27T13:30:00+00:00","mainEntityOfPage":{"@id":"https:\/\/www.alasmedios.com\/index.php\/2024\/09\/27\/actopan-canada-aviacion-se-prepara-para-su-feria-anual\/"},"wordCount":303,"commentCount":0,"publisher":{"@id":"https:\/\/www.alasmedios.com\/#organization"},"image":{"@id":"https:\/\/www.alasmedios.com\/index.php\/2024\/09\/27\/actopan-canada-aviacion-se-prepara-para-su-feria-anual\/#primaryimage"},"thumbnailUrl":"https:\/\/www.alasmedios.com\/wp-content\/uploads\/2024\/09\/FOTO-26-SEPTIEMBRE-2024_TURISMO_CONFERENCIA-DE-PRENSA-FERIA-ANUAL-DE-CANADA-.jpg","keywords":["Actopan","Feria Anual","Hidalgo","Turismo"],"articleSection":["Hidalgo"],"inLanguage":"es","potentialAction":[{"@type":"CommentAction","name":"Comment","target":["https:\/\/www.alasmedios.com\/index.php\/2024\/09\/27\/actopan-canada-aviacion-se-prepara-para-su-feria-anual\/#respond"]}]},{"@type":"WebPage","@id":"https:\/\/www.alasmedios.com\/index.php\/2024\/09\/27\/actopan-canada-aviacion-se-prepara-para-su-feria-anual\/","url":"https:\/\/www.alasmedios.com\/index.php\/2024\/09\/27\/actopan-canada-aviacion-se-prepara-para-su-feria-anual\/","name":"Actopan: Ca\u00f1ada Aviaci\u00f3n se prepara para su Feria Anual","isPartOf":{"@id":"https:\/\/www.alasmedios.com\/#website"},"primaryImageOfPage":{"@id":"https:\/\/www.alasmedios.com\/index.php\/2024\/09\/27\/actopan-canada-aviacion-se-prepara-para-su-feria-anual\/#primaryimage"},"image":{"@id":"https:\/\/www.alasmedios.com\/index.php\/2024\/09\/27\/actopan-canada-aviacion-se-prepara-para-su-feria-anual\/#primaryimage"},"thumbnailUrl":"https:\/\/www.alasmedios.com\/wp-content\/uploads\/2024\/09\/FOTO-26-SEPTIEMBRE-2024_TURISMO_CONFERENCIA-DE-PRENSA-FERIA-ANUAL-DE-CANADA-.jpg","datePublished":"2024-09-27T13:30:00+00:00","description":"A tan solo 10 minutos de Actopan, Hidalgo, en la colonia Ca\u00f1ada Aviaci\u00f3n, se celebrar\u00e1 la tradicional Feria Anual","breadcrumb":{"@id":"https:\/\/www.alasmedios.com\/index.php\/2024\/09\/27\/actopan-canada-aviacion-se-prepara-para-su-feria-anual\/#breadcrumb"},"inLanguage":"es","potentialAction":[{"@type":"ReadAction","target":["https:\/\/www.alasmedios.com\/index.php\/2024\/09\/27\/actopan-canada-aviacion-se-prepara-para-su-feria-anual\/"]}]},{"@type":"ImageObject","inLanguage":"es","@id":"https:\/\/www.alasmedios.com\/index.php\/2024\/09\/27\/actopan-canada-aviacion-se-prepara-para-su-feria-anual\/#primaryimage","url":"https:\/\/www.alasmedios.com\/wp-content\/uploads\/2024\/09\/FOTO-26-SEPTIEMBRE-2024_TURISMO_CONFERENCIA-DE-PRENSA-FERIA-ANUAL-DE-CANADA-.jpg","contentUrl":"https:\/\/www.alasmedios.com\/wp-content\/uploads\/2024\/09\/FOTO-26-SEPTIEMBRE-2024_TURISMO_CONFERENCIA-DE-PRENSA-FERIA-ANUAL-DE-CANADA-.jpg","width":1280,"height":960},{"@type":"BreadcrumbList","@id":"https:\/\/www.alasmedios.com\/index.php\/2024\/09\/27\/actopan-canada-aviacion-se-prepara-para-su-feria-anual\/#breadcrumb","itemListElement":[{"@type":"ListItem","position":1,"name":"Inicio","item":"https:\/\/www.alasmedios.com\/"},{"@type":"ListItem","position":2,"name":"Actopan: Ca\u00f1ada Aviaci\u00f3n se prepara para su Feria Anual"}]},{"@type":"WebSite","@id":"https:\/\/www.alasmedios.com\/#website","url":"https:\/\/www.alasmedios.com\/","name":"Alas Medios","description":"Alas para pensar, Alas para volar, Alas de libertad","publisher":{"@id":"https:\/\/www.alasmedios.com\/#organization"},"potentialAction":[{"@type":"SearchAction","target":{"@type":"EntryPoint","urlTemplate":"https:\/\/www.alasmedios.com\/?s={search_term_string}"},"query-input":{"@type":"PropertyValueSpecification","valueRequired":true,"valueName":"search_term_string"}}],"inLanguage":"es"},{"@type":"Organization","@id":"https:\/\/www.alasmedios.com\/#organization","name":"Alas Medios","url":"https:\/\/www.alasmedios.com\/","logo":{"@type":"ImageObject","inLanguage":"es","@id":"https:\/\/www.alasmedios.com\/#\/schema\/logo\/image\/","url":"https:\/\/www.alasmedios.com\/wp-content\/uploads\/2026\/01\/cropped-cropped-GAM-1.png","contentUrl":"https:\/\/www.alasmedios.com\/wp-content\/uploads\/2026\/01\/cropped-cropped-GAM-1.png","width":467,"height":235,"caption":"Alas Medios"},"image":{"@id":"https:\/\/www.alasmedios.com\/#\/schema\/logo\/image\/"}},{"@type":"Person","@id":"https:\/\/www.alasmedios.com\/#\/schema\/person\/0ba31bdd19a05ebf5c7fef1fedf99c34","name":"Keila Rodr\u00edguez Pe\u00f1a","image":{"@type":"ImageObject","inLanguage":"es","@id":"https:\/\/secure.gravatar.com\/avatar\/a2553a2bfaa601b9d539b617c8793e151bdffb60f9e48a249912f86d4c9ebeef?s=96&d=mm&r=g","url":"https:\/\/secure.gravatar.com\/avatar\/a2553a2bfaa601b9d539b617c8793e151bdffb60f9e48a249912f86d4c9ebeef?s=96&d=mm&r=g","contentUrl":"https:\/\/secure.gravatar.com\/avatar\/a2553a2bfaa601b9d539b617c8793e151bdffb60f9e48a249912f86d4c9ebeef?s=96&d=mm&r=g","caption":"Keila Rodr\u00edguez Pe\u00f1a"},"sameAs":["http:\/\/www.alasmedios.com"],"url":"https:\/\/www.alasmedios.com\/index.php\/author\/keila\/"}]}},"_links":{"self":[{"href":"https:\/\/www.alasmedios.com\/index.php\/wp-json\/wp\/v2\/posts\/2127","targetHints":{"allow":["GET"]}}],"collection":[{"href":"https:\/\/www.alasmedios.com\/index.php\/wp-json\/wp\/v2\/posts"}],"about":[{"href":"https:\/\/www.alasmedios.com\/index.php\/wp-json\/wp\/v2\/types\/post"}],"author":[{"embeddable":true,"href":"https:\/\/www.alasmedios.com\/index.php\/wp-json\/wp\/v2\/users\/4"}],"replies":[{"embeddable":true,"href":"https:\/\/www.alasmedios.com\/index.php\/wp-json\/wp\/v2\/comments?post=2127"}],"version-history":[{"count":1,"href":"https:\/\/www.alasmedios.com\/index.php\/wp-json\/wp\/v2\/posts\/2127\/revisions"}],"predecessor-version":[{"id":2129,"href":"https:\/\/www.alasmedios.com\/index.php\/wp-json\/wp\/v2\/posts\/2127\/revisions\/2129"}],"wp:featuredmedia":[{"embeddable":true,"href":"https:\/\/www.alasmedios.com\/index.php\/wp-json\/wp\/v2\/media\/2128"}],"wp:attachment":[{"href":"https:\/\/www.alasmedios.com\/index.php\/wp-json\/wp\/v2\/media?parent=2127"}],"wp:term":[{"taxonomy":"category","embeddable":true,"href":"https:\/\/www.alasmedios.com\/index.php\/wp-json\/wp\/v2\/categories?post=2127"},{"taxonomy":"post_tag","embeddable":true,"href":"https:\/\/www.alasmedios.com\/index.php\/wp-json\/wp\/v2\/tags?post=2127"}],"curies":[{"name":"wp","href":"https:\/\/api.w.org\/{rel}","templated":true}]}}