{"id":12688,"date":"2026-09-05T16:07:44","date_gmt":"2026-09-05T22:07:44","guid":{"rendered":"https:\/\/www.alasmedios.com\/?p=12688"},"modified":"2026-09-05T16:07:48","modified_gmt":"2026-09-05T22:07:48","slug":"michicanos-vs-samiurais-comictlan-presente-en-la-ful-2026","status":"publish","type":"post","link":"https:\/\/www.alasmedios.com\/index.php\/2026\/09\/05\/michicanos-vs-samiurais-comictlan-presente-en-la-ful-2026\/","title":{"rendered":"\u00bfMichicanos vs Samiur\u00e1is? C\u00f3mictlan presente en la FUL 2026"},"content":{"rendered":"\n<p class=\"wp-block-paragraph\">El <strong>c\u00f3mic mexicano<\/strong> se presenta en la <strong>FUL 2026<\/strong> de la mano de la editorial <strong>C\u00f3mictlan<\/strong>, d\u00f3nde la historia y el talento se unen.\u00a0<\/p>\n\n\n\n<p class=\"wp-block-paragraph\">La <strong>Feria Universitaria del Libro (FUL) 2026 de la UAEH<\/strong> suma entre sus propuestas a <strong>C\u00f3mictlan<\/strong>, editorial mexicana independiente que apuesta por llevar la <strong>historia, cultura y mitolog\u00eda de M\u00e9xico<\/strong> al mundo del c\u00f3mic y la novela gr\u00e1fica.<\/p>\n\n\n\n<p class=\"wp-block-paragraph\">Con un stand dentro de la FUL, la editorial invita a las y los asistentes a acercarse a conocer su trabajo y, especialmente, su m\u00e1s reciente aventura: <strong>\u201cMichicanos vs Samiur\u00e1is\u201d<\/strong>, una historia que conecta a <strong>M\u00e9xico con Asia&nbsp;<\/strong>a trav\u00e9s de un episodio que involucra a tlaxcaltecas y samur\u00e1is.<\/p>\n\n\n\n<p class=\"wp-block-paragraph\">CONTIN\u00daA LEYENDO: <a href=\"https:\/\/www.alasmedios.com\/index.php\/2026\/09\/04\/ya-tienes-plan-la-ful-2026-te-espera-con-libros-cultura-y-551-actividades\/\" data-type=\"post\" data-id=\"12657\">\u00bfYa tienes plan? La FUL 2026 te espera con libros, cultura y 551 actividades<\/a><\/p>\n\n\n\n<p class=\"wp-block-paragraph\">Durante la inauguraci\u00f3n de la feria, <strong>C\u00f3mictlan<\/strong> tuvo la oportunidad de presentar parte de su trabajo ante representantes de <strong>Filipinas<\/strong>, pa\u00eds invitado de la FUL 2026, incluido su embajador y su c\u00f3nsul en M\u00e9xico.<\/p>\n\n\n\n<figure class=\"wp-block-image size-large\"><img loading=\"lazy\" decoding=\"async\" width=\"768\" height=\"1024\" src=\"https:\/\/www.alasmedios.com\/wp-content\/uploads\/2026\/09\/FUL-2026-Comictlan-2-768x1024-1.jpg\" alt=\"\" class=\"wp-image-12690\" srcset=\"https:\/\/www.alasmedios.com\/wp-content\/uploads\/2026\/09\/FUL-2026-Comictlan-2-768x1024-1.jpg 768w, https:\/\/www.alasmedios.com\/wp-content\/uploads\/2026\/09\/FUL-2026-Comictlan-2-225x300.jpg 225w, https:\/\/www.alasmedios.com\/wp-content\/uploads\/2026\/09\/FUL-2026-Comictlan-2-1152x1536.jpg 1152w, https:\/\/www.alasmedios.com\/wp-content\/uploads\/2026\/09\/FUL-2026-Comictlan-2.jpg 1536w\" sizes=\"auto, (max-width: 768px) 100vw, 768px\" \/><figcaption class=\"wp-element-caption\">Foto: Ek Balam<\/figcaption><\/figure>\n\n\n\n<p class=\"wp-block-paragraph\">La propuesta busca aprovechar el c\u00f3mic como una herramienta para <strong>contar historias, recuperar elementos de la memoria cultural y acercar la historia a nuevos p\u00fablicos<\/strong>, combinando personajes, fantas\u00eda y referencias a distintas tradiciones mexicanas.<\/p>\n\n\n\n<h2 class=\"wp-block-heading\">\u00bfQuienes son C\u00f3mictlan?<\/h2>\n\n\n\n<p class=\"wp-block-paragraph\"><strong>C\u00f3mictlan naci\u00f3 en 2012<\/strong> a partir de la visi\u00f3n de los artistas mexicanos <strong>Dr. EFS y Sareki<\/strong>, quienes encontraron en el c\u00f3mic, la mitolog\u00eda y la fantas\u00eda un punto de encuentro para construir un universo propio.<\/p>\n\n\n\n<p class=\"wp-block-paragraph\">A m\u00e1s de una d\u00e9cada de su creaci\u00f3n, la editorial cuenta con publicaciones como <strong>\u201cEk-Balam\u201d<\/strong>, su primer c\u00f3mic de tem\u00e1tica fant\u00e1stica y mitol\u00f3gica; <strong>\u201cLa leyenda de la primera Tlaxcalli (Tortilla)\u201d<\/strong>; <strong>\u201cLa leyenda del Cempas\u00fachil\u201d<\/strong>; <strong>\u201cLa leyenda del Chech\u00e9n y el Chac\u00e1\u201d<\/strong> y <strong>\u201cLa leyenda del Colibr\u00ed de jade\u201d<\/strong>.<\/p>\n\n\n\n<p class=\"wp-block-paragraph\">TE PUEDE INTERESAR: <a href=\"https:\/\/www.alasmedios.com\/index.php\/2026\/09\/04\/declaran-juicio-nulo-al-caso-de-lindsay-clancy\/\" data-type=\"post\" data-id=\"12671\">Declaran juicio nulo al caso de Lindsay Clancy<\/a><\/p>\n\n\n\n<p class=\"wp-block-paragraph\">Entre sus t\u00edtulos tambi\u00e9n destacan <strong>\u201cMichicanos Prehisp\u00e1nicos\u201d<\/strong> y su secuela, <strong>\u201cMichicanos vs Samiur\u00e1is\u201d<\/strong>, dos propuestas que llevan elementos de la cultura mexicana al terreno de la aventura gr\u00e1fica.<\/p>\n\n\n\n<figure class=\"wp-block-gallery has-nested-images columns-default is-cropped wp-block-gallery-1 is-layout-flex wp-block-gallery-is-layout-flex\">\n<figure class=\"wp-block-image size-large\"><img loading=\"lazy\" decoding=\"async\" width=\"768\" height=\"1024\" data-id=\"12692\" src=\"https:\/\/www.alasmedios.com\/wp-content\/uploads\/2026\/09\/FUL-2026-Comictlan-1-768x1024-1.jpg\" alt=\"\" class=\"wp-image-12692\" srcset=\"https:\/\/www.alasmedios.com\/wp-content\/uploads\/2026\/09\/FUL-2026-Comictlan-1-768x1024-1.jpg 768w, https:\/\/www.alasmedios.com\/wp-content\/uploads\/2026\/09\/FUL-2026-Comictlan-1-225x300.jpg 225w, https:\/\/www.alasmedios.com\/wp-content\/uploads\/2026\/09\/FUL-2026-Comictlan-1-1152x1536.jpg 1152w, https:\/\/www.alasmedios.com\/wp-content\/uploads\/2026\/09\/FUL-2026-Comictlan-1.jpg 1536w\" sizes=\"auto, (max-width: 768px) 100vw, 768px\" \/><figcaption class=\"wp-element-caption\">Ek Balam<\/figcaption><\/figure>\n\n\n\n<figure class=\"wp-block-image size-large\"><img loading=\"lazy\" decoding=\"async\" width=\"819\" height=\"1024\" data-id=\"12691\" src=\"https:\/\/www.alasmedios.com\/wp-content\/uploads\/2026\/09\/FUL-2026-Comictlan-3-819x1024.png\" alt=\"\" class=\"wp-image-12691\" srcset=\"https:\/\/www.alasmedios.com\/wp-content\/uploads\/2026\/09\/FUL-2026-Comictlan-3-819x1024.png 819w, https:\/\/www.alasmedios.com\/wp-content\/uploads\/2026\/09\/FUL-2026-Comictlan-3-240x300.png 240w, https:\/\/www.alasmedios.com\/wp-content\/uploads\/2026\/09\/FUL-2026-Comictlan-3-768x960.png 768w, https:\/\/www.alasmedios.com\/wp-content\/uploads\/2026\/09\/FUL-2026-Comictlan-3.png 1080w\" sizes=\"auto, (max-width: 819px) 100vw, 819px\" \/><figcaption class=\"wp-element-caption\">Foto: Keila Rodr\u00edguez Pe\u00f1a<\/figcaption><\/figure>\n<\/figure>\n\n\n\n<p class=\"wp-block-paragraph\"><em>Y de forma personal les recomiendo ampliamente su galardonado<\/em> <strong><em>Ixpule<\/em><\/strong> <em>y\u00a0<\/em><strong><em>Huitzil,<\/em><\/strong> <em>que han tenido reconocimientos y presentaciones dentro y fuera de M\u00e9xico.<\/em><\/p>\n\n\n\n<p class=\"wp-block-paragraph\">La editorial tambi\u00e9n ofrece <strong>publicaciones gr\u00e1ficas, joyer\u00eda y cursos<\/strong>, como parte de una propuesta independiente que busca reunir <strong>arte, cultura, imaginaci\u00f3n e identidad<\/strong> en un mismo espacio.<\/p>\n\n\n\n<p class=\"wp-block-paragraph\">Para quienes visiten la <strong>FUL Pachuca 2026<\/strong>, el stand de <strong>C\u00f3mictlan<\/strong> representa una oportunidad para descubrir c\u00f3mo el c\u00f3mic puede convertirse en una forma distinta de <strong>acercarse a la historia y la mitolog\u00eda mexicana<\/strong>.<\/p>\n\n\n<ul class=\"wp-block-latest-posts__list is-grid columns-3 wp-block-latest-posts is-layout-grid wp-container-core-latest-posts-is-layout-cda6dc4f wp-block-latest-posts-is-layout-grid\"><li><div class=\"wp-block-latest-posts__featured-image\"><img loading=\"lazy\" decoding=\"async\" width=\"150\" height=\"150\" src=\"https:\/\/www.alasmedios.com\/wp-content\/uploads\/2026\/09\/Alas-Mujeres-217-150x150.jpeg\" class=\"attachment-thumbnail size-thumbnail wp-post-image\" alt=\"\" style=\"\" \/><\/div><a class=\"wp-block-latest-posts__post-title\" href=\"https:\/\/www.alasmedios.com\/index.php\/2026\/09\/05\/alas-mujeres-217\/\">Alas Mujeres 217<\/a><\/li>\n<li><div class=\"wp-block-latest-posts__featured-image\"><img loading=\"lazy\" decoding=\"async\" width=\"150\" height=\"150\" src=\"https:\/\/www.alasmedios.com\/wp-content\/uploads\/2026\/09\/FUL-2026-Comictlan-150x150.png\" class=\"attachment-thumbnail size-thumbnail wp-post-image\" alt=\"\" style=\"\" \/><\/div><a class=\"wp-block-latest-posts__post-title\" href=\"https:\/\/www.alasmedios.com\/index.php\/2026\/09\/05\/michicanos-vs-samiurais-comictlan-presente-en-la-ful-2026\/\">\u00bfMichicanos vs Samiur\u00e1is? C\u00f3mictlan presente en la FUL 2026<\/a><\/li>\n<li><div class=\"wp-block-latest-posts__featured-image\"><img loading=\"lazy\" decoding=\"async\" width=\"150\" height=\"150\" src=\"https:\/\/www.alasmedios.com\/wp-content\/uploads\/2026\/09\/TREN-MEXICO-PACHUCA-150x150.jpeg\" class=\"attachment-thumbnail size-thumbnail wp-post-image\" alt=\"\" style=\"\" \/><\/div><a class=\"wp-block-latest-posts__post-title\" href=\"https:\/\/www.alasmedios.com\/index.php\/2026\/09\/05\/tren-mexico-pachuca-abre-la-puerta-a-una-nueva-forma-de-crecer-en-hidalgo\/\">Tren M\u00e9xico-Pachuca abre la puerta a una nueva forma de crecer en Hidalgo<\/a><\/li>\n<\/ul>","protected":false},"excerpt":{"rendered":"<p>El c\u00f3mic mexicano se presenta en la FUL 2026 de la mano de la editorial C\u00f3mictlan, d\u00f3nde la historia y<\/p>\n","protected":false},"author":4,"featured_media":12689,"comment_status":"open","ping_status":"open","sticky":false,"template":"","format":"standard","meta":{"colormag_page_container_layout":"default_layout","colormag_page_sidebar_layout":"default_layout","rop_custom_images_group":[],"rop_custom_messages_group":[],"rop_publish_now":"yes","rop_publish_now_accounts":[],"rop_publish_now_history":[],"rop_publish_now_status":"pending","iawp_total_views":1,"footnotes":""},"categories":[3527,41],"tags":[4891,4892,4874],"class_list":["post-12688","post","type-post","status-publish","format-standard","has-post-thumbnail","hentry","category-cultura-y-turismo","category-hidalgo","tag-comic","tag-comictlan","tag-ful-2026"],"magazineBlocksPostFeaturedMedia":{"thumbnail":"https:\/\/www.alasmedios.com\/wp-content\/uploads\/2026\/09\/FUL-2026-Comictlan-150x150.png","medium":"https:\/\/www.alasmedios.com\/wp-content\/uploads\/2026\/09\/FUL-2026-Comictlan-300x182.png","medium_large":"https:\/\/www.alasmedios.com\/wp-content\/uploads\/2026\/09\/FUL-2026-Comictlan-768x466.png","large":"https:\/\/www.alasmedios.com\/wp-content\/uploads\/2026\/09\/FUL-2026-Comictlan-1024x622.png","1536x1536":"https:\/\/www.alasmedios.com\/wp-content\/uploads\/2026\/09\/FUL-2026-Comictlan-1536x932.png","2048x2048":"https:\/\/www.alasmedios.com\/wp-content\/uploads\/2026\/09\/FUL-2026-Comictlan.png","colormag-highlighted-post":"https:\/\/www.alasmedios.com\/wp-content\/uploads\/2026\/09\/FUL-2026-Comictlan-392x272.png","colormag-featured-post-medium":"https:\/\/www.alasmedios.com\/wp-content\/uploads\/2026\/09\/FUL-2026-Comictlan-390x205.png","colormag-featured-post-small":"https:\/\/www.alasmedios.com\/wp-content\/uploads\/2026\/09\/FUL-2026-Comictlan-130x90.png","colormag-featured-image":"https:\/\/www.alasmedios.com\/wp-content\/uploads\/2026\/09\/FUL-2026-Comictlan-800x445.png","colormag-default-news":"https:\/\/www.alasmedios.com\/wp-content\/uploads\/2026\/09\/FUL-2026-Comictlan-150x150.png","colormag-featured-image-large":"https:\/\/www.alasmedios.com\/wp-content\/uploads\/2026\/09\/FUL-2026-Comictlan-1400x600.png"},"magazineBlocksPostAuthor":{"name":"Keila Rodr\u00edguez Pe\u00f1a","avatar":"https:\/\/secure.gravatar.com\/avatar\/a2553a2bfaa601b9d539b617c8793e151bdffb60f9e48a249912f86d4c9ebeef?s=96&d=mm&r=g"},"magazineBlocksPostCommentsNumber":"0","magazineBlocksPostExcerpt":"El c\u00f3mic mexicano se presenta en la FUL 2026 de la mano de la editorial C\u00f3mictlan, d\u00f3nde la historia y","magazineBlocksPostCategories":["Cultura y Turismo","Hidalgo"],"magazineBlocksPostViewCount":36,"magazineBlocksPostReadTime":3,"magazine_blocks_featured_image_url":{"full":["https:\/\/www.alasmedios.com\/wp-content\/uploads\/2026\/09\/FUL-2026-Comictlan.png",2000,1214,false],"medium":["https:\/\/www.alasmedios.com\/wp-content\/uploads\/2026\/09\/FUL-2026-Comictlan-300x182.png",300,182,true],"thumbnail":["https:\/\/www.alasmedios.com\/wp-content\/uploads\/2026\/09\/FUL-2026-Comictlan-150x150.png",150,150,true]},"magazine_blocks_author":{"display_name":"Keila Rodr\u00edguez Pe\u00f1a","author_link":"https:\/\/www.alasmedios.com\/index.php\/author\/keila\/"},"magazine_blocks_comment":0,"magazine_blocks_author_image":"https:\/\/secure.gravatar.com\/avatar\/a2553a2bfaa601b9d539b617c8793e151bdffb60f9e48a249912f86d4c9ebeef?s=96&d=mm&r=g","magazine_blocks_category":"<a href=\"#\" class=\"category-link category-link-3527\">Cultura y Turismo<\/a> <a href=\"#\" class=\"category-link category-link-41\">Hidalgo<\/a>","videoUrl":"","yoast_head":"<!-- This site is optimized with the Yoast SEO plugin v28.4 - https:\/\/yoast.com\/product\/yoast-seo-wordpress\/ -->\r\n<title>\u00bfMichicanos vs Samiur\u00e1is? C\u00f3mictlan presente en la FUL 2026<\/title>\r\n<meta name=\"description\" content=\"El c\u00f3mic mexicano se presenta en la FUL 2026 de la mano de la editorial C\u00f3mictlan, d\u00f3nde la historia y el talento se unen\" \/>\r\n<meta name=\"robots\" content=\"index, follow, max-snippet:-1, max-image-preview:large, max-video-preview:-1\" \/>\r\n<link rel=\"canonical\" href=\"https:\/\/www.alasmedios.com\/index.php\/2026\/09\/05\/michicanos-vs-samiurais-comictlan-presente-en-la-ful-2026\/\" \/>\r\n<meta property=\"og:locale\" content=\"es_MX\" \/>\r\n<meta property=\"og:type\" content=\"article\" \/>\r\n<meta property=\"og:title\" content=\"\u00bfMichicanos vs Samiur\u00e1is? C\u00f3mictlan presente en la FUL 2026\" \/>\r\n<meta property=\"og:description\" content=\"El c\u00f3mic mexicano se presenta en la FUL 2026 de la mano de la editorial C\u00f3mictlan, d\u00f3nde la historia y el talento se unen\" \/>\r\n<meta property=\"og:url\" content=\"https:\/\/www.alasmedios.com\/index.php\/2026\/09\/05\/michicanos-vs-samiurais-comictlan-presente-en-la-ful-2026\/\" \/>\r\n<meta property=\"og:site_name\" content=\"Alas Medios\" \/>\r\n<meta property=\"article:published_time\" content=\"2026-09-05T22:07:44+00:00\" \/>\r\n<meta property=\"article:modified_time\" content=\"2026-09-05T22:07:48+00:00\" \/>\r\n<meta property=\"og:image\" content=\"https:\/\/www.alasmedios.com\/wp-content\/uploads\/2026\/09\/FUL-2026-Comictlan-1024x622.png\" \/>\r\n\t<meta property=\"og:image:width\" content=\"1024\" \/>\r\n\t<meta property=\"og:image:height\" content=\"622\" \/>\r\n\t<meta property=\"og:image:type\" content=\"image\/png\" \/>\r\n<meta name=\"author\" content=\"Keila Rodr\u00edguez Pe\u00f1a\" \/>\r\n<meta name=\"twitter:card\" content=\"summary_large_image\" \/>\r\n<meta name=\"twitter:label1\" content=\"Escrito por\" \/>\n\t<meta name=\"twitter:data1\" content=\"Keila Rodr\u00edguez Pe\u00f1a\" \/>\n\t<meta name=\"twitter:label2\" content=\"Tiempo de lectura\" \/>\n\t<meta name=\"twitter:data2\" content=\"3 minutos\" \/>\r\n<script type=\"application\/ld+json\" class=\"yoast-schema-graph\">{\"@context\":\"https:\\\/\\\/schema.org\",\"@graph\":[{\"@type\":\"Article\",\"@id\":\"https:\\\/\\\/www.alasmedios.com\\\/index.php\\\/2026\\\/09\\\/05\\\/michicanos-vs-samiurais-comictlan-presente-en-la-ful-2026\\\/#article\",\"isPartOf\":{\"@id\":\"https:\\\/\\\/www.alasmedios.com\\\/index.php\\\/2026\\\/09\\\/05\\\/michicanos-vs-samiurais-comictlan-presente-en-la-ful-2026\\\/\"},\"author\":{\"name\":\"Keila Rodr\u00edguez Pe\u00f1a\",\"@id\":\"https:\\\/\\\/www.alasmedios.com\\\/#\\\/schema\\\/person\\\/0ba31bdd19a05ebf5c7fef1fedf99c34\"},\"headline\":\"\u00bfMichicanos vs Samiur\u00e1is? C\u00f3mictlan presente en la FUL 2026\",\"datePublished\":\"2026-09-05T22:07:44+00:00\",\"dateModified\":\"2026-09-05T22:07:48+00:00\",\"mainEntityOfPage\":{\"@id\":\"https:\\\/\\\/www.alasmedios.com\\\/index.php\\\/2026\\\/09\\\/05\\\/michicanos-vs-samiurais-comictlan-presente-en-la-ful-2026\\\/\"},\"wordCount\":471,\"commentCount\":0,\"publisher\":{\"@id\":\"https:\\\/\\\/www.alasmedios.com\\\/#organization\"},\"image\":{\"@id\":\"https:\\\/\\\/www.alasmedios.com\\\/index.php\\\/2026\\\/09\\\/05\\\/michicanos-vs-samiurais-comictlan-presente-en-la-ful-2026\\\/#primaryimage\"},\"thumbnailUrl\":\"https:\\\/\\\/www.alasmedios.com\\\/wp-content\\\/uploads\\\/2026\\\/09\\\/FUL-2026-Comictlan.png\",\"keywords\":[\"c\u00f3mic\",\"C\u00f3mictlan\",\"FUL 2026\"],\"articleSection\":[\"Cultura y Turismo\",\"Hidalgo\"],\"inLanguage\":\"es\",\"potentialAction\":[{\"@type\":\"CommentAction\",\"name\":\"Comment\",\"target\":[\"https:\\\/\\\/www.alasmedios.com\\\/index.php\\\/2026\\\/09\\\/05\\\/michicanos-vs-samiurais-comictlan-presente-en-la-ful-2026\\\/#respond\"]}]},{\"@type\":\"WebPage\",\"@id\":\"https:\\\/\\\/www.alasmedios.com\\\/index.php\\\/2026\\\/09\\\/05\\\/michicanos-vs-samiurais-comictlan-presente-en-la-ful-2026\\\/\",\"url\":\"https:\\\/\\\/www.alasmedios.com\\\/index.php\\\/2026\\\/09\\\/05\\\/michicanos-vs-samiurais-comictlan-presente-en-la-ful-2026\\\/\",\"name\":\"\u00bfMichicanos vs Samiur\u00e1is? C\u00f3mictlan presente en la FUL 2026\",\"isPartOf\":{\"@id\":\"https:\\\/\\\/www.alasmedios.com\\\/#website\"},\"primaryImageOfPage\":{\"@id\":\"https:\\\/\\\/www.alasmedios.com\\\/index.php\\\/2026\\\/09\\\/05\\\/michicanos-vs-samiurais-comictlan-presente-en-la-ful-2026\\\/#primaryimage\"},\"image\":{\"@id\":\"https:\\\/\\\/www.alasmedios.com\\\/index.php\\\/2026\\\/09\\\/05\\\/michicanos-vs-samiurais-comictlan-presente-en-la-ful-2026\\\/#primaryimage\"},\"thumbnailUrl\":\"https:\\\/\\\/www.alasmedios.com\\\/wp-content\\\/uploads\\\/2026\\\/09\\\/FUL-2026-Comictlan.png\",\"datePublished\":\"2026-09-05T22:07:44+00:00\",\"dateModified\":\"2026-09-05T22:07:48+00:00\",\"description\":\"El c\u00f3mic mexicano se presenta en la FUL 2026 de la mano de la editorial C\u00f3mictlan, d\u00f3nde la historia y el talento se unen\",\"breadcrumb\":{\"@id\":\"https:\\\/\\\/www.alasmedios.com\\\/index.php\\\/2026\\\/09\\\/05\\\/michicanos-vs-samiurais-comictlan-presente-en-la-ful-2026\\\/#breadcrumb\"},\"inLanguage\":\"es\",\"potentialAction\":[{\"@type\":\"ReadAction\",\"target\":[\"https:\\\/\\\/www.alasmedios.com\\\/index.php\\\/2026\\\/09\\\/05\\\/michicanos-vs-samiurais-comictlan-presente-en-la-ful-2026\\\/\"]}]},{\"@type\":\"ImageObject\",\"inLanguage\":\"es\",\"@id\":\"https:\\\/\\\/www.alasmedios.com\\\/index.php\\\/2026\\\/09\\\/05\\\/michicanos-vs-samiurais-comictlan-presente-en-la-ful-2026\\\/#primaryimage\",\"url\":\"https:\\\/\\\/www.alasmedios.com\\\/wp-content\\\/uploads\\\/2026\\\/09\\\/FUL-2026-Comictlan.png\",\"contentUrl\":\"https:\\\/\\\/www.alasmedios.com\\\/wp-content\\\/uploads\\\/2026\\\/09\\\/FUL-2026-Comictlan.png\",\"width\":2000,\"height\":1214},{\"@type\":\"BreadcrumbList\",\"@id\":\"https:\\\/\\\/www.alasmedios.com\\\/index.php\\\/2026\\\/09\\\/05\\\/michicanos-vs-samiurais-comictlan-presente-en-la-ful-2026\\\/#breadcrumb\",\"itemListElement\":[{\"@type\":\"ListItem\",\"position\":1,\"name\":\"Inicio\",\"item\":\"https:\\\/\\\/www.alasmedios.com\\\/\"},{\"@type\":\"ListItem\",\"position\":2,\"name\":\"\u00bfMichicanos vs Samiur\u00e1is? C\u00f3mictlan presente en la FUL 2026\"}]},{\"@type\":\"WebSite\",\"@id\":\"https:\\\/\\\/www.alasmedios.com\\\/#website\",\"url\":\"https:\\\/\\\/www.alasmedios.com\\\/\",\"name\":\"Alas Medios\",\"description\":\"Alas para pensar, Alas para volar, Alas de libertad\",\"publisher\":{\"@id\":\"https:\\\/\\\/www.alasmedios.com\\\/#organization\"},\"potentialAction\":[{\"@type\":\"SearchAction\",\"target\":{\"@type\":\"EntryPoint\",\"urlTemplate\":\"https:\\\/\\\/www.alasmedios.com\\\/?s={search_term_string}\"},\"query-input\":{\"@type\":\"PropertyValueSpecification\",\"valueRequired\":true,\"valueName\":\"search_term_string\"}}],\"inLanguage\":\"es\"},{\"@type\":\"Organization\",\"@id\":\"https:\\\/\\\/www.alasmedios.com\\\/#organization\",\"name\":\"Alas Medios\",\"url\":\"https:\\\/\\\/www.alasmedios.com\\\/\",\"logo\":{\"@type\":\"ImageObject\",\"inLanguage\":\"es\",\"@id\":\"https:\\\/\\\/www.alasmedios.com\\\/#\\\/schema\\\/logo\\\/image\\\/\",\"url\":\"https:\\\/\\\/www.alasmedios.com\\\/wp-content\\\/uploads\\\/2026\\\/01\\\/cropped-cropped-GAM-1.png\",\"contentUrl\":\"https:\\\/\\\/www.alasmedios.com\\\/wp-content\\\/uploads\\\/2026\\\/01\\\/cropped-cropped-GAM-1.png\",\"width\":467,\"height\":235,\"caption\":\"Alas Medios\"},\"image\":{\"@id\":\"https:\\\/\\\/www.alasmedios.com\\\/#\\\/schema\\\/logo\\\/image\\\/\"}},{\"@type\":\"Person\",\"@id\":\"https:\\\/\\\/www.alasmedios.com\\\/#\\\/schema\\\/person\\\/0ba31bdd19a05ebf5c7fef1fedf99c34\",\"name\":\"Keila Rodr\u00edguez Pe\u00f1a\",\"image\":{\"@type\":\"ImageObject\",\"inLanguage\":\"es\",\"@id\":\"https:\\\/\\\/secure.gravatar.com\\\/avatar\\\/a2553a2bfaa601b9d539b617c8793e151bdffb60f9e48a249912f86d4c9ebeef?s=96&d=mm&r=g\",\"url\":\"https:\\\/\\\/secure.gravatar.com\\\/avatar\\\/a2553a2bfaa601b9d539b617c8793e151bdffb60f9e48a249912f86d4c9ebeef?s=96&d=mm&r=g\",\"contentUrl\":\"https:\\\/\\\/secure.gravatar.com\\\/avatar\\\/a2553a2bfaa601b9d539b617c8793e151bdffb60f9e48a249912f86d4c9ebeef?s=96&d=mm&r=g\",\"caption\":\"Keila Rodr\u00edguez Pe\u00f1a\"},\"sameAs\":[\"http:\\\/\\\/www.alasmedios.com\"],\"url\":\"https:\\\/\\\/www.alasmedios.com\\\/index.php\\\/author\\\/keila\\\/\"}]}<\/script>\r\n<!-- \/ Yoast SEO plugin. -->","yoast_head_json":{"title":"\u00bfMichicanos vs Samiur\u00e1is? C\u00f3mictlan presente en la FUL 2026","description":"El c\u00f3mic mexicano se presenta en la FUL 2026 de la mano de la editorial C\u00f3mictlan, d\u00f3nde la historia y el talento se unen","robots":{"index":"index","follow":"follow","max-snippet":"max-snippet:-1","max-image-preview":"max-image-preview:large","max-video-preview":"max-video-preview:-1"},"canonical":"https:\/\/www.alasmedios.com\/index.php\/2026\/09\/05\/michicanos-vs-samiurais-comictlan-presente-en-la-ful-2026\/","og_locale":"es_MX","og_type":"article","og_title":"\u00bfMichicanos vs Samiur\u00e1is? C\u00f3mictlan presente en la FUL 2026","og_description":"El c\u00f3mic mexicano se presenta en la FUL 2026 de la mano de la editorial C\u00f3mictlan, d\u00f3nde la historia y el talento se unen","og_url":"https:\/\/www.alasmedios.com\/index.php\/2026\/09\/05\/michicanos-vs-samiurais-comictlan-presente-en-la-ful-2026\/","og_site_name":"Alas Medios","article_published_time":"2026-09-05T22:07:44+00:00","article_modified_time":"2026-09-05T22:07:48+00:00","og_image":[{"width":1024,"height":622,"url":"https:\/\/www.alasmedios.com\/wp-content\/uploads\/2026\/09\/FUL-2026-Comictlan-1024x622.png","type":"image\/png"}],"author":"Keila Rodr\u00edguez Pe\u00f1a","twitter_card":"summary_large_image","twitter_misc":{"Escrito por":"Keila Rodr\u00edguez Pe\u00f1a","Tiempo de lectura":"3 minutos"},"schema":{"@context":"https:\/\/schema.org","@graph":[{"@type":"Article","@id":"https:\/\/www.alasmedios.com\/index.php\/2026\/09\/05\/michicanos-vs-samiurais-comictlan-presente-en-la-ful-2026\/#article","isPartOf":{"@id":"https:\/\/www.alasmedios.com\/index.php\/2026\/09\/05\/michicanos-vs-samiurais-comictlan-presente-en-la-ful-2026\/"},"author":{"name":"Keila Rodr\u00edguez Pe\u00f1a","@id":"https:\/\/www.alasmedios.com\/#\/schema\/person\/0ba31bdd19a05ebf5c7fef1fedf99c34"},"headline":"\u00bfMichicanos vs Samiur\u00e1is? C\u00f3mictlan presente en la FUL 2026","datePublished":"2026-09-05T22:07:44+00:00","dateModified":"2026-09-05T22:07:48+00:00","mainEntityOfPage":{"@id":"https:\/\/www.alasmedios.com\/index.php\/2026\/09\/05\/michicanos-vs-samiurais-comictlan-presente-en-la-ful-2026\/"},"wordCount":471,"commentCount":0,"publisher":{"@id":"https:\/\/www.alasmedios.com\/#organization"},"image":{"@id":"https:\/\/www.alasmedios.com\/index.php\/2026\/09\/05\/michicanos-vs-samiurais-comictlan-presente-en-la-ful-2026\/#primaryimage"},"thumbnailUrl":"https:\/\/www.alasmedios.com\/wp-content\/uploads\/2026\/09\/FUL-2026-Comictlan.png","keywords":["c\u00f3mic","C\u00f3mictlan","FUL 2026"],"articleSection":["Cultura y Turismo","Hidalgo"],"inLanguage":"es","potentialAction":[{"@type":"CommentAction","name":"Comment","target":["https:\/\/www.alasmedios.com\/index.php\/2026\/09\/05\/michicanos-vs-samiurais-comictlan-presente-en-la-ful-2026\/#respond"]}]},{"@type":"WebPage","@id":"https:\/\/www.alasmedios.com\/index.php\/2026\/09\/05\/michicanos-vs-samiurais-comictlan-presente-en-la-ful-2026\/","url":"https:\/\/www.alasmedios.com\/index.php\/2026\/09\/05\/michicanos-vs-samiurais-comictlan-presente-en-la-ful-2026\/","name":"\u00bfMichicanos vs Samiur\u00e1is? C\u00f3mictlan presente en la FUL 2026","isPartOf":{"@id":"https:\/\/www.alasmedios.com\/#website"},"primaryImageOfPage":{"@id":"https:\/\/www.alasmedios.com\/index.php\/2026\/09\/05\/michicanos-vs-samiurais-comictlan-presente-en-la-ful-2026\/#primaryimage"},"image":{"@id":"https:\/\/www.alasmedios.com\/index.php\/2026\/09\/05\/michicanos-vs-samiurais-comictlan-presente-en-la-ful-2026\/#primaryimage"},"thumbnailUrl":"https:\/\/www.alasmedios.com\/wp-content\/uploads\/2026\/09\/FUL-2026-Comictlan.png","datePublished":"2026-09-05T22:07:44+00:00","dateModified":"2026-09-05T22:07:48+00:00","description":"El c\u00f3mic mexicano se presenta en la FUL 2026 de la mano de la editorial C\u00f3mictlan, d\u00f3nde la historia y el talento se unen","breadcrumb":{"@id":"https:\/\/www.alasmedios.com\/index.php\/2026\/09\/05\/michicanos-vs-samiurais-comictlan-presente-en-la-ful-2026\/#breadcrumb"},"inLanguage":"es","potentialAction":[{"@type":"ReadAction","target":["https:\/\/www.alasmedios.com\/index.php\/2026\/09\/05\/michicanos-vs-samiurais-comictlan-presente-en-la-ful-2026\/"]}]},{"@type":"ImageObject","inLanguage":"es","@id":"https:\/\/www.alasmedios.com\/index.php\/2026\/09\/05\/michicanos-vs-samiurais-comictlan-presente-en-la-ful-2026\/#primaryimage","url":"https:\/\/www.alasmedios.com\/wp-content\/uploads\/2026\/09\/FUL-2026-Comictlan.png","contentUrl":"https:\/\/www.alasmedios.com\/wp-content\/uploads\/2026\/09\/FUL-2026-Comictlan.png","width":2000,"height":1214},{"@type":"BreadcrumbList","@id":"https:\/\/www.alasmedios.com\/index.php\/2026\/09\/05\/michicanos-vs-samiurais-comictlan-presente-en-la-ful-2026\/#breadcrumb","itemListElement":[{"@type":"ListItem","position":1,"name":"Inicio","item":"https:\/\/www.alasmedios.com\/"},{"@type":"ListItem","position":2,"name":"\u00bfMichicanos vs Samiur\u00e1is? C\u00f3mictlan presente en la FUL 2026"}]},{"@type":"WebSite","@id":"https:\/\/www.alasmedios.com\/#website","url":"https:\/\/www.alasmedios.com\/","name":"Alas Medios","description":"Alas para pensar, Alas para volar, Alas de libertad","publisher":{"@id":"https:\/\/www.alasmedios.com\/#organization"},"potentialAction":[{"@type":"SearchAction","target":{"@type":"EntryPoint","urlTemplate":"https:\/\/www.alasmedios.com\/?s={search_term_string}"},"query-input":{"@type":"PropertyValueSpecification","valueRequired":true,"valueName":"search_term_string"}}],"inLanguage":"es"},{"@type":"Organization","@id":"https:\/\/www.alasmedios.com\/#organization","name":"Alas Medios","url":"https:\/\/www.alasmedios.com\/","logo":{"@type":"ImageObject","inLanguage":"es","@id":"https:\/\/www.alasmedios.com\/#\/schema\/logo\/image\/","url":"https:\/\/www.alasmedios.com\/wp-content\/uploads\/2026\/01\/cropped-cropped-GAM-1.png","contentUrl":"https:\/\/www.alasmedios.com\/wp-content\/uploads\/2026\/01\/cropped-cropped-GAM-1.png","width":467,"height":235,"caption":"Alas Medios"},"image":{"@id":"https:\/\/www.alasmedios.com\/#\/schema\/logo\/image\/"}},{"@type":"Person","@id":"https:\/\/www.alasmedios.com\/#\/schema\/person\/0ba31bdd19a05ebf5c7fef1fedf99c34","name":"Keila Rodr\u00edguez Pe\u00f1a","image":{"@type":"ImageObject","inLanguage":"es","@id":"https:\/\/secure.gravatar.com\/avatar\/a2553a2bfaa601b9d539b617c8793e151bdffb60f9e48a249912f86d4c9ebeef?s=96&d=mm&r=g","url":"https:\/\/secure.gravatar.com\/avatar\/a2553a2bfaa601b9d539b617c8793e151bdffb60f9e48a249912f86d4c9ebeef?s=96&d=mm&r=g","contentUrl":"https:\/\/secure.gravatar.com\/avatar\/a2553a2bfaa601b9d539b617c8793e151bdffb60f9e48a249912f86d4c9ebeef?s=96&d=mm&r=g","caption":"Keila Rodr\u00edguez Pe\u00f1a"},"sameAs":["https:\/\/www.alasmedios.com"],"url":"https:\/\/www.alasmedios.com\/index.php\/author\/keila\/"}]}},"_links":{"self":[{"href":"https:\/\/www.alasmedios.com\/index.php\/wp-json\/wp\/v2\/posts\/12688","targetHints":{"allow":["GET"]}}],"collection":[{"href":"https:\/\/www.alasmedios.com\/index.php\/wp-json\/wp\/v2\/posts"}],"about":[{"href":"https:\/\/www.alasmedios.com\/index.php\/wp-json\/wp\/v2\/types\/post"}],"author":[{"embeddable":true,"href":"https:\/\/www.alasmedios.com\/index.php\/wp-json\/wp\/v2\/users\/4"}],"replies":[{"embeddable":true,"href":"https:\/\/www.alasmedios.com\/index.php\/wp-json\/wp\/v2\/comments?post=12688"}],"version-history":[{"count":1,"href":"https:\/\/www.alasmedios.com\/index.php\/wp-json\/wp\/v2\/posts\/12688\/revisions"}],"predecessor-version":[{"id":12693,"href":"https:\/\/www.alasmedios.com\/index.php\/wp-json\/wp\/v2\/posts\/12688\/revisions\/12693"}],"wp:featuredmedia":[{"embeddable":true,"href":"https:\/\/www.alasmedios.com\/index.php\/wp-json\/wp\/v2\/media\/12689"}],"wp:attachment":[{"href":"https:\/\/www.alasmedios.com\/index.php\/wp-json\/wp\/v2\/media?parent=12688"}],"wp:term":[{"taxonomy":"category","embeddable":true,"href":"https:\/\/www.alasmedios.com\/index.php\/wp-json\/wp\/v2\/categories?post=12688"},{"taxonomy":"post_tag","embeddable":true,"href":"https:\/\/www.alasmedios.com\/index.php\/wp-json\/wp\/v2\/tags?post=12688"}],"curies":[{"name":"wp","href":"https:\/\/api.w.org\/{rel}","templated":true}]}}