{"id":12685,"date":"2026-09-05T10:00:00","date_gmt":"2026-09-05T16:00:00","guid":{"rendered":"https:\/\/www.alasmedios.com\/?p=12685"},"modified":"2026-09-04T17:56:31","modified_gmt":"2026-09-04T23:56:31","slug":"tren-mexico-pachuca-abre-la-puerta-a-una-nueva-forma-de-crecer-en-hidalgo","status":"publish","type":"post","link":"https:\/\/www.alasmedios.com\/index.php\/2026\/09\/05\/tren-mexico-pachuca-abre-la-puerta-a-una-nueva-forma-de-crecer-en-hidalgo\/","title":{"rendered":"Tren M\u00e9xico-Pachuca abre la puerta a una nueva forma de crecer en Hidalgo"},"content":{"rendered":"\n<p class=\"wp-block-paragraph\">La planeaci\u00f3n estatal busca conectar las estaciones del tren con transporte, vivienda, escuelas y servicios para reducir traslados y ordenar el crecimiento de la zona metropolitana.<\/p>\n\n\n\n<p class=\"wp-block-paragraph\">La llegada del <strong>Tren M\u00e9xico-Pachuca<\/strong> tambi\u00e9n plantea un nuevo reto para <strong>Hidalgo<\/strong>: decidir c\u00f3mo crecer alrededor de esta infraestructura. Por ello, el gobierno estatal analiza conectar sus estaciones con el <strong>transporte metropolitano<\/strong> y acercar nuevos desarrollos de vivienda a estos puntos para evitar que las ciudades sigan creciendo de manera dispersa.<\/p>\n\n\n\n<p class=\"wp-block-paragraph\">Miguel \u00c1ngel Tello Vargas, titular de la<strong> Unidad de Planeaci\u00f3n y Prospectiva de Hidalgo<\/strong>, explic\u00f3 que la dependencia participa en trabajos relacionados con algunos tramos del derecho de v\u00eda del tren y en la planeaci\u00f3n de proyectos complementarios.<\/p>\n\n\n\n<p class=\"wp-block-paragraph\">Uno de los principales objetivos es <strong>aprovechar el impacto que tendr\u00e1 el tren en municipios de la zona metropolitana <\/strong>y convertirlo en una oportunidad para acercar a las familias a sus centros de trabajo y servicios.<\/p>\n\n\n\n<p class=\"wp-block-paragraph\">LEE: <a href=\"https:\/\/www.alasmedios.com\/index.php\/2026\/09\/04\/ya-tienes-plan-la-ful-2026-te-espera-con-libros-cultura-y-551-actividades\/\">\u00bfYa tienes plan? La FUL 2026 te espera con libros, cultura y 551 actividades<\/a><\/p>\n\n\n\n<h3 class=\"wp-block-heading\">As\u00ed buscan conectar el tren con el transporte metropolitano<\/h3>\n\n\n\n<p class=\"wp-block-paragraph\">Entre los proyectos que se analizan est\u00e1 la conexi\u00f3n del <strong>Sistema de Transporte Metropolitano<\/strong> con las dos estaciones del tren ubicadas en Hidalgo.<\/p>\n\n\n\n<p class=\"wp-block-paragraph\">La propuesta contempla vincular la estaci\u00f3n <strong>T\u00e9llez del tren con Matilde<\/strong>, mientras que la terminal de Pachuca se conectar\u00eda con la estaci\u00f3n <strong>Bicentenario<\/strong>.<\/p>\n\n\n\n<p class=\"wp-block-paragraph\">La intenci\u00f3n es que el tren no funcione como una infraestructura aislada, sino que forme parte de una red de movilidad que permita a las personas continuar sus recorridos hacia distintos puntos de la zona metropolitana.<\/p>\n\n\n\n<h3 class=\"wp-block-heading\">Vivienda cerca del transporte<\/h3>\n\n\n\n<p class=\"wp-block-paragraph\">La planeaci\u00f3n tambi\u00e9n contempla relacionar el programa federal <strong>Vivienda para el Bienestar<\/strong> con los nuevos sistemas de movilidad.<\/p>\n\n\n\n<p class=\"wp-block-paragraph\">TE PUEDE INTERESAR: <a href=\"https:\/\/www.alasmedios.com\/index.php\/2026\/09\/02\/parque-nacional-el-chico-scarabajo-descortezador\/\">Parque Nacional El Chico: cient\u00edficos de la UAEH enfrentan al escarabajo descortezador<\/a><\/p>\n\n\n\n<p class=\"wp-block-paragraph\">De acuerdo con Tello Vargas, la ubicaci\u00f3n de los desarrollos habitacionales ser\u00e1 importante para evitar que las familias tengan que recorrer grandes distancias para llegar al transporte o a sus lugares de trabajo.<\/p>\n\n\n\n<p class=\"wp-block-paragraph\">La estrategia busca que municipios como <strong>Pachuca, Mineral de la Reforma, Zempoala y Tizayuca<\/strong> cuenten con zonas donde vivienda, transporte y servicios puedan crecer de manera conjunta.<\/p>\n\n\n\n<p class=\"wp-block-paragraph\">Esto tambi\u00e9n permitir\u00eda planear la ubicaci\u00f3n de <strong>comercios, escuelas, cl\u00ednicas y otros servicios<\/strong> conforme aumente la poblaci\u00f3n en estas zonas.<\/p>\n\n\n\n<h3 class=\"wp-block-heading\">La apuesta: ciudades m\u00e1s compactas<\/h3>\n\n\n\n<p class=\"wp-block-paragraph\">Tambi\u00e9n se\u00f1al\u00f3 que una de las posibilidades es que <strong>personas que trabajen en la<\/strong> <strong>Ciudad de M\u00e9xico puedan utilizar el tren para trasladarse<\/strong>, mientras mantienen su residencia y a sus familias en Hidalgo.<\/p>\n\n\n\n<p class=\"wp-block-paragraph\">CONTIN\u00daA LEYENDO: <a href=\"https:\/\/www.alasmedios.com\/index.php\/2026\/09\/02\/hidalgo-suma-147-mil-mdp-en-inversiones-y-preve-191-mil-empleos\/\">Hidalgo suma 147 mil mdp en inversiones y prev\u00e9 191 mil empleos<\/a><\/p>\n\n\n\n<p class=\"wp-block-paragraph\">\u201cPuede haber hidalguenses que decidan trabajar en la Ciudad de M\u00e9xico y, aun as\u00ed, quieran que su familia permanezca en Pachuca\u201d, explic\u00f3.<\/p>\n\n\n\n<p class=\"wp-block-paragraph\">Bajo esta visi\u00f3n, la planeaci\u00f3n estatal busca que el crecimiento sea <strong>compacto<\/strong>, con vivienda y servicios alrededor de los principales corredores de transporte.<\/p>\n\n\n\n<p class=\"wp-block-paragraph\">La llegada del <strong>Tren M\u00e9xico-Pachuca<\/strong>, adem\u00e1s de reducir tiempos de traslado entre Hidalgo y la Ciudad de M\u00e9xico, podr\u00eda convertirse en un punto de partida para reorganizar el crecimiento de la zona metropolitana y definir d\u00f3nde vivir\u00e1n, trabajar\u00e1n y tendr\u00e1n acceso a servicios las pr\u00f3ximas generaciones.<\/p>\n\n\n<ul class=\"wp-block-latest-posts__list wp-block-latest-posts is-layout-flow wp-block-latest-posts-is-layout-flow\"><li><a class=\"wp-block-latest-posts__post-title\" href=\"https:\/\/www.alasmedios.com\/index.php\/2026\/09\/05\/tren-mexico-pachuca-abre-la-puerta-a-una-nueva-forma-de-crecer-en-hidalgo\/\">Tren M\u00e9xico-Pachuca abre la puerta a una nueva forma de crecer en Hidalgo<\/a><\/li>\n<li><a class=\"wp-block-latest-posts__post-title\" href=\"https:\/\/www.alasmedios.com\/index.php\/2026\/09\/05\/mujeres-y-ninas-indigenas-entre-la-desigualdad-y-la-defensa-de-sus-comunidades\/\">Mujeres y ni\u00f1as ind\u00edgenas: entre la desigualdad y la defensa de sus comunidades<\/a><\/li>\n<li><a class=\"wp-block-latest-posts__post-title\" href=\"https:\/\/www.alasmedios.com\/index.php\/2026\/09\/04\/declaran-juicio-nulo-al-caso-de-lindsay-clancy\/\">Declaran juicio nulo al caso de Lindsay Clancy<\/a><\/li>\n<li><a class=\"wp-block-latest-posts__post-title\" href=\"https:\/\/www.alasmedios.com\/index.php\/2026\/09\/04\/cuatro-anos-en-hidalgo-menchaca-rinde-informe-de-gobierno\/\">Cuatro a\u00f1os en Hidalgo: Menchaca rinde informe de gobierno<\/a><\/li>\n<li><a class=\"wp-block-latest-posts__post-title\" href=\"https:\/\/www.alasmedios.com\/index.php\/2026\/09\/04\/ya-tienes-plan-la-ful-2026-te-espera-con-libros-cultura-y-551-actividades\/\">\u00bfYa tienes plan? La FUL 2026 te espera con libros, cultura y 551 actividades<\/a><\/li>\n<\/ul>","protected":false},"excerpt":{"rendered":"<p>La planeaci\u00f3n estatal busca conectar las estaciones del tren con transporte, vivienda, escuelas y servicios para reducir traslados y ordenar<\/p>\n","protected":false},"author":18,"featured_media":12686,"comment_status":"open","ping_status":"open","sticky":false,"template":"","format":"standard","meta":{"colormag_page_container_layout":"default_layout","colormag_page_sidebar_layout":"default_layout","rop_custom_images_group":[],"rop_custom_messages_group":[],"rop_publish_now":"yes","rop_publish_now_accounts":[],"rop_publish_now_history":[],"rop_publish_now_status":"pending","iawp_total_views":1,"footnotes":""},"categories":[39],"tags":[4890,4000,1712],"class_list":["post-12685","post","type-post","status-publish","format-standard","has-post-thumbnail","hentry","category-inicio","tag-hidalgo-en-crecimiento","tag-transporte","tag-tren-mexico-pachuca"],"magazineBlocksPostFeaturedMedia":{"thumbnail":"https:\/\/www.alasmedios.com\/wp-content\/uploads\/2026\/09\/TREN-MEXICO-PACHUCA-150x150.jpeg","medium":"https:\/\/www.alasmedios.com\/wp-content\/uploads\/2026\/09\/TREN-MEXICO-PACHUCA-300x169.jpeg","medium_large":"https:\/\/www.alasmedios.com\/wp-content\/uploads\/2026\/09\/TREN-MEXICO-PACHUCA.jpeg","large":"https:\/\/www.alasmedios.com\/wp-content\/uploads\/2026\/09\/TREN-MEXICO-PACHUCA.jpeg","1536x1536":"https:\/\/www.alasmedios.com\/wp-content\/uploads\/2026\/09\/TREN-MEXICO-PACHUCA.jpeg","2048x2048":"https:\/\/www.alasmedios.com\/wp-content\/uploads\/2026\/09\/TREN-MEXICO-PACHUCA.jpeg","colormag-highlighted-post":"https:\/\/www.alasmedios.com\/wp-content\/uploads\/2026\/09\/TREN-MEXICO-PACHUCA.jpeg","colormag-featured-post-medium":"https:\/\/www.alasmedios.com\/wp-content\/uploads\/2026\/09\/TREN-MEXICO-PACHUCA.jpeg","colormag-featured-post-small":"https:\/\/www.alasmedios.com\/wp-content\/uploads\/2026\/09\/TREN-MEXICO-PACHUCA-130x90.jpeg","colormag-featured-image":"https:\/\/www.alasmedios.com\/wp-content\/uploads\/2026\/09\/TREN-MEXICO-PACHUCA.jpeg","colormag-default-news":"https:\/\/www.alasmedios.com\/wp-content\/uploads\/2026\/09\/TREN-MEXICO-PACHUCA-150x150.jpeg","colormag-featured-image-large":"https:\/\/www.alasmedios.com\/wp-content\/uploads\/2026\/09\/TREN-MEXICO-PACHUCA.jpeg"},"magazineBlocksPostAuthor":{"name":"Yissel Padilla","avatar":"https:\/\/secure.gravatar.com\/avatar\/98842131f4e7c39771d95c321b4e271e6d6b9aefdb1d69d099b18469d859168e?s=96&d=mm&r=g"},"magazineBlocksPostCommentsNumber":"0","magazineBlocksPostExcerpt":"La planeaci\u00f3n estatal busca conectar las estaciones del tren con transporte, vivienda, escuelas y servicios para reducir traslados y ordenar","magazineBlocksPostCategories":["Inicio"],"magazineBlocksPostViewCount":18,"magazineBlocksPostReadTime":3,"magazine_blocks_featured_image_url":{"full":["https:\/\/www.alasmedios.com\/wp-content\/uploads\/2026\/09\/TREN-MEXICO-PACHUCA.jpeg",345,194,false],"medium":["https:\/\/www.alasmedios.com\/wp-content\/uploads\/2026\/09\/TREN-MEXICO-PACHUCA-300x169.jpeg",300,169,true],"thumbnail":["https:\/\/www.alasmedios.com\/wp-content\/uploads\/2026\/09\/TREN-MEXICO-PACHUCA-150x150.jpeg",150,150,true]},"magazine_blocks_author":{"display_name":"Yissel Padilla","author_link":"https:\/\/www.alasmedios.com\/index.php\/author\/yissel-padilla\/"},"magazine_blocks_comment":0,"magazine_blocks_author_image":"https:\/\/secure.gravatar.com\/avatar\/98842131f4e7c39771d95c321b4e271e6d6b9aefdb1d69d099b18469d859168e?s=96&d=mm&r=g","magazine_blocks_category":"<a href=\"#\" class=\"category-link category-link-39\">Inicio<\/a>","videoUrl":"","yoast_head":"<!-- This site is optimized with the Yoast SEO plugin v28.4 - https:\/\/yoast.com\/product\/yoast-seo-wordpress\/ -->\r\n<title>Tren M\u00e9xico-Pachuca abre la puerta a una nueva forma de crecer en Hidalgo - Alas Medios<\/title>\r\n<meta name=\"description\" content=\"La planeaci\u00f3n estatal busca conectar las estaciones del tren con transporte, vivienda, escuelas y servicios para reducir traslados y ordenar el crecimiento de la zona metropolitana.\" \/>\r\n<meta name=\"robots\" content=\"index, follow, max-snippet:-1, max-image-preview:large, max-video-preview:-1\" \/>\r\n<link rel=\"canonical\" href=\"https:\/\/www.alasmedios.com\/index.php\/2026\/09\/05\/tren-mexico-pachuca-abre-la-puerta-a-una-nueva-forma-de-crecer-en-hidalgo\/\" \/>\r\n<meta property=\"og:locale\" content=\"es_MX\" \/>\r\n<meta property=\"og:type\" content=\"article\" \/>\r\n<meta property=\"og:title\" content=\"Tren M\u00e9xico-Pachuca abre la puerta a una nueva forma de crecer en Hidalgo - Alas Medios\" \/>\r\n<meta property=\"og:description\" content=\"La planeaci\u00f3n estatal busca conectar las estaciones del tren con transporte, vivienda, escuelas y servicios para reducir traslados y ordenar el crecimiento de la zona metropolitana.\" \/>\r\n<meta property=\"og:url\" content=\"https:\/\/www.alasmedios.com\/index.php\/2026\/09\/05\/tren-mexico-pachuca-abre-la-puerta-a-una-nueva-forma-de-crecer-en-hidalgo\/\" \/>\r\n<meta property=\"og:site_name\" content=\"Alas Medios\" \/>\r\n<meta property=\"article:published_time\" content=\"2026-09-05T16:00:00+00:00\" \/>\r\n<meta property=\"og:image\" content=\"https:\/\/www.alasmedios.com\/wp-content\/uploads\/2026\/09\/TREN-MEXICO-PACHUCA.jpeg\" \/>\r\n\t<meta property=\"og:image:width\" content=\"345\" \/>\r\n\t<meta property=\"og:image:height\" content=\"194\" \/>\r\n\t<meta property=\"og:image:type\" content=\"image\/jpeg\" \/>\r\n<meta name=\"author\" content=\"Yissel Padilla\" \/>\r\n<meta name=\"twitter:card\" content=\"summary_large_image\" \/>\r\n<meta name=\"twitter:label1\" content=\"Escrito por\" \/>\n\t<meta name=\"twitter:data1\" content=\"Yissel Padilla\" \/>\n\t<meta name=\"twitter:label2\" content=\"Tiempo de lectura\" \/>\n\t<meta name=\"twitter:data2\" content=\"3 minutos\" \/>\r\n<script type=\"application\/ld+json\" class=\"yoast-schema-graph\">{\"@context\":\"https:\\\/\\\/schema.org\",\"@graph\":[{\"@type\":\"Article\",\"@id\":\"https:\\\/\\\/www.alasmedios.com\\\/index.php\\\/2026\\\/09\\\/05\\\/tren-mexico-pachuca-abre-la-puerta-a-una-nueva-forma-de-crecer-en-hidalgo\\\/#article\",\"isPartOf\":{\"@id\":\"https:\\\/\\\/www.alasmedios.com\\\/index.php\\\/2026\\\/09\\\/05\\\/tren-mexico-pachuca-abre-la-puerta-a-una-nueva-forma-de-crecer-en-hidalgo\\\/\"},\"author\":{\"name\":\"Yissel Padilla\",\"@id\":\"https:\\\/\\\/www.alasmedios.com\\\/#\\\/schema\\\/person\\\/4a77b9da264b9fd30e9b7bf44efa7ada\"},\"headline\":\"Tren M\u00e9xico-Pachuca abre la puerta a una nueva forma de crecer en Hidalgo\",\"datePublished\":\"2026-09-05T16:00:00+00:00\",\"mainEntityOfPage\":{\"@id\":\"https:\\\/\\\/www.alasmedios.com\\\/index.php\\\/2026\\\/09\\\/05\\\/tren-mexico-pachuca-abre-la-puerta-a-una-nueva-forma-de-crecer-en-hidalgo\\\/\"},\"wordCount\":566,\"commentCount\":0,\"publisher\":{\"@id\":\"https:\\\/\\\/www.alasmedios.com\\\/#organization\"},\"image\":{\"@id\":\"https:\\\/\\\/www.alasmedios.com\\\/index.php\\\/2026\\\/09\\\/05\\\/tren-mexico-pachuca-abre-la-puerta-a-una-nueva-forma-de-crecer-en-hidalgo\\\/#primaryimage\"},\"thumbnailUrl\":\"https:\\\/\\\/www.alasmedios.com\\\/wp-content\\\/uploads\\\/2026\\\/09\\\/TREN-MEXICO-PACHUCA.jpeg\",\"keywords\":[\"Hidalgo en crecimiento\",\"Transporte\",\"Tren M\u00e9xico-Pachuca\"],\"articleSection\":[\"Inicio\"],\"inLanguage\":\"es\",\"potentialAction\":[{\"@type\":\"CommentAction\",\"name\":\"Comment\",\"target\":[\"https:\\\/\\\/www.alasmedios.com\\\/index.php\\\/2026\\\/09\\\/05\\\/tren-mexico-pachuca-abre-la-puerta-a-una-nueva-forma-de-crecer-en-hidalgo\\\/#respond\"]}]},{\"@type\":\"WebPage\",\"@id\":\"https:\\\/\\\/www.alasmedios.com\\\/index.php\\\/2026\\\/09\\\/05\\\/tren-mexico-pachuca-abre-la-puerta-a-una-nueva-forma-de-crecer-en-hidalgo\\\/\",\"url\":\"https:\\\/\\\/www.alasmedios.com\\\/index.php\\\/2026\\\/09\\\/05\\\/tren-mexico-pachuca-abre-la-puerta-a-una-nueva-forma-de-crecer-en-hidalgo\\\/\",\"name\":\"Tren M\u00e9xico-Pachuca abre la puerta a una nueva forma de crecer en Hidalgo - Alas Medios\",\"isPartOf\":{\"@id\":\"https:\\\/\\\/www.alasmedios.com\\\/#website\"},\"primaryImageOfPage\":{\"@id\":\"https:\\\/\\\/www.alasmedios.com\\\/index.php\\\/2026\\\/09\\\/05\\\/tren-mexico-pachuca-abre-la-puerta-a-una-nueva-forma-de-crecer-en-hidalgo\\\/#primaryimage\"},\"image\":{\"@id\":\"https:\\\/\\\/www.alasmedios.com\\\/index.php\\\/2026\\\/09\\\/05\\\/tren-mexico-pachuca-abre-la-puerta-a-una-nueva-forma-de-crecer-en-hidalgo\\\/#primaryimage\"},\"thumbnailUrl\":\"https:\\\/\\\/www.alasmedios.com\\\/wp-content\\\/uploads\\\/2026\\\/09\\\/TREN-MEXICO-PACHUCA.jpeg\",\"datePublished\":\"2026-09-05T16:00:00+00:00\",\"description\":\"La planeaci\u00f3n estatal busca conectar las estaciones del tren con transporte, vivienda, escuelas y servicios para reducir traslados y ordenar el crecimiento de la zona metropolitana.\",\"breadcrumb\":{\"@id\":\"https:\\\/\\\/www.alasmedios.com\\\/index.php\\\/2026\\\/09\\\/05\\\/tren-mexico-pachuca-abre-la-puerta-a-una-nueva-forma-de-crecer-en-hidalgo\\\/#breadcrumb\"},\"inLanguage\":\"es\",\"potentialAction\":[{\"@type\":\"ReadAction\",\"target\":[\"https:\\\/\\\/www.alasmedios.com\\\/index.php\\\/2026\\\/09\\\/05\\\/tren-mexico-pachuca-abre-la-puerta-a-una-nueva-forma-de-crecer-en-hidalgo\\\/\"]}]},{\"@type\":\"ImageObject\",\"inLanguage\":\"es\",\"@id\":\"https:\\\/\\\/www.alasmedios.com\\\/index.php\\\/2026\\\/09\\\/05\\\/tren-mexico-pachuca-abre-la-puerta-a-una-nueva-forma-de-crecer-en-hidalgo\\\/#primaryimage\",\"url\":\"https:\\\/\\\/www.alasmedios.com\\\/wp-content\\\/uploads\\\/2026\\\/09\\\/TREN-MEXICO-PACHUCA.jpeg\",\"contentUrl\":\"https:\\\/\\\/www.alasmedios.com\\\/wp-content\\\/uploads\\\/2026\\\/09\\\/TREN-MEXICO-PACHUCA.jpeg\",\"width\":345,\"height\":194,\"caption\":\"Foto: Especial\"},{\"@type\":\"BreadcrumbList\",\"@id\":\"https:\\\/\\\/www.alasmedios.com\\\/index.php\\\/2026\\\/09\\\/05\\\/tren-mexico-pachuca-abre-la-puerta-a-una-nueva-forma-de-crecer-en-hidalgo\\\/#breadcrumb\",\"itemListElement\":[{\"@type\":\"ListItem\",\"position\":1,\"name\":\"Inicio\",\"item\":\"https:\\\/\\\/www.alasmedios.com\\\/\"},{\"@type\":\"ListItem\",\"position\":2,\"name\":\"Tren M\u00e9xico-Pachuca abre la puerta a una nueva forma de crecer en Hidalgo\"}]},{\"@type\":\"WebSite\",\"@id\":\"https:\\\/\\\/www.alasmedios.com\\\/#website\",\"url\":\"https:\\\/\\\/www.alasmedios.com\\\/\",\"name\":\"Alas Medios\",\"description\":\"Alas para pensar, Alas para volar, Alas de libertad\",\"publisher\":{\"@id\":\"https:\\\/\\\/www.alasmedios.com\\\/#organization\"},\"potentialAction\":[{\"@type\":\"SearchAction\",\"target\":{\"@type\":\"EntryPoint\",\"urlTemplate\":\"https:\\\/\\\/www.alasmedios.com\\\/?s={search_term_string}\"},\"query-input\":{\"@type\":\"PropertyValueSpecification\",\"valueRequired\":true,\"valueName\":\"search_term_string\"}}],\"inLanguage\":\"es\"},{\"@type\":\"Organization\",\"@id\":\"https:\\\/\\\/www.alasmedios.com\\\/#organization\",\"name\":\"Alas Medios\",\"url\":\"https:\\\/\\\/www.alasmedios.com\\\/\",\"logo\":{\"@type\":\"ImageObject\",\"inLanguage\":\"es\",\"@id\":\"https:\\\/\\\/www.alasmedios.com\\\/#\\\/schema\\\/logo\\\/image\\\/\",\"url\":\"https:\\\/\\\/www.alasmedios.com\\\/wp-content\\\/uploads\\\/2026\\\/01\\\/cropped-cropped-GAM-1.png\",\"contentUrl\":\"https:\\\/\\\/www.alasmedios.com\\\/wp-content\\\/uploads\\\/2026\\\/01\\\/cropped-cropped-GAM-1.png\",\"width\":467,\"height\":235,\"caption\":\"Alas Medios\"},\"image\":{\"@id\":\"https:\\\/\\\/www.alasmedios.com\\\/#\\\/schema\\\/logo\\\/image\\\/\"}},{\"@type\":\"Person\",\"@id\":\"https:\\\/\\\/www.alasmedios.com\\\/#\\\/schema\\\/person\\\/4a77b9da264b9fd30e9b7bf44efa7ada\",\"name\":\"Yissel Padilla\",\"image\":{\"@type\":\"ImageObject\",\"inLanguage\":\"es\",\"@id\":\"https:\\\/\\\/secure.gravatar.com\\\/avatar\\\/98842131f4e7c39771d95c321b4e271e6d6b9aefdb1d69d099b18469d859168e?s=96&d=mm&r=g\",\"url\":\"https:\\\/\\\/secure.gravatar.com\\\/avatar\\\/98842131f4e7c39771d95c321b4e271e6d6b9aefdb1d69d099b18469d859168e?s=96&d=mm&r=g\",\"contentUrl\":\"https:\\\/\\\/secure.gravatar.com\\\/avatar\\\/98842131f4e7c39771d95c321b4e271e6d6b9aefdb1d69d099b18469d859168e?s=96&d=mm&r=g\",\"caption\":\"Yissel Padilla\"},\"url\":\"https:\\\/\\\/www.alasmedios.com\\\/index.php\\\/author\\\/yissel-padilla\\\/\"}]}<\/script>\r\n<!-- \/ Yoast SEO plugin. -->","yoast_head_json":{"title":"Tren M\u00e9xico-Pachuca abre la puerta a una nueva forma de crecer en Hidalgo - Alas Medios","description":"La planeaci\u00f3n estatal busca conectar las estaciones del tren con transporte, vivienda, escuelas y servicios para reducir traslados y ordenar el crecimiento de la zona metropolitana.","robots":{"index":"index","follow":"follow","max-snippet":"max-snippet:-1","max-image-preview":"max-image-preview:large","max-video-preview":"max-video-preview:-1"},"canonical":"https:\/\/www.alasmedios.com\/index.php\/2026\/09\/05\/tren-mexico-pachuca-abre-la-puerta-a-una-nueva-forma-de-crecer-en-hidalgo\/","og_locale":"es_MX","og_type":"article","og_title":"Tren M\u00e9xico-Pachuca abre la puerta a una nueva forma de crecer en Hidalgo - Alas Medios","og_description":"La planeaci\u00f3n estatal busca conectar las estaciones del tren con transporte, vivienda, escuelas y servicios para reducir traslados y ordenar el crecimiento de la zona metropolitana.","og_url":"https:\/\/www.alasmedios.com\/index.php\/2026\/09\/05\/tren-mexico-pachuca-abre-la-puerta-a-una-nueva-forma-de-crecer-en-hidalgo\/","og_site_name":"Alas Medios","article_published_time":"2026-09-05T16:00:00+00:00","og_image":[{"width":345,"height":194,"url":"https:\/\/www.alasmedios.com\/wp-content\/uploads\/2026\/09\/TREN-MEXICO-PACHUCA.jpeg","type":"image\/jpeg"}],"author":"Yissel Padilla","twitter_card":"summary_large_image","twitter_misc":{"Escrito por":"Yissel Padilla","Tiempo de lectura":"3 minutos"},"schema":{"@context":"https:\/\/schema.org","@graph":[{"@type":"Article","@id":"https:\/\/www.alasmedios.com\/index.php\/2026\/09\/05\/tren-mexico-pachuca-abre-la-puerta-a-una-nueva-forma-de-crecer-en-hidalgo\/#article","isPartOf":{"@id":"https:\/\/www.alasmedios.com\/index.php\/2026\/09\/05\/tren-mexico-pachuca-abre-la-puerta-a-una-nueva-forma-de-crecer-en-hidalgo\/"},"author":{"name":"Yissel Padilla","@id":"https:\/\/www.alasmedios.com\/#\/schema\/person\/4a77b9da264b9fd30e9b7bf44efa7ada"},"headline":"Tren M\u00e9xico-Pachuca abre la puerta a una nueva forma de crecer en Hidalgo","datePublished":"2026-09-05T16:00:00+00:00","mainEntityOfPage":{"@id":"https:\/\/www.alasmedios.com\/index.php\/2026\/09\/05\/tren-mexico-pachuca-abre-la-puerta-a-una-nueva-forma-de-crecer-en-hidalgo\/"},"wordCount":566,"commentCount":0,"publisher":{"@id":"https:\/\/www.alasmedios.com\/#organization"},"image":{"@id":"https:\/\/www.alasmedios.com\/index.php\/2026\/09\/05\/tren-mexico-pachuca-abre-la-puerta-a-una-nueva-forma-de-crecer-en-hidalgo\/#primaryimage"},"thumbnailUrl":"https:\/\/www.alasmedios.com\/wp-content\/uploads\/2026\/09\/TREN-MEXICO-PACHUCA.jpeg","keywords":["Hidalgo en crecimiento","Transporte","Tren M\u00e9xico-Pachuca"],"articleSection":["Inicio"],"inLanguage":"es","potentialAction":[{"@type":"CommentAction","name":"Comment","target":["https:\/\/www.alasmedios.com\/index.php\/2026\/09\/05\/tren-mexico-pachuca-abre-la-puerta-a-una-nueva-forma-de-crecer-en-hidalgo\/#respond"]}]},{"@type":"WebPage","@id":"https:\/\/www.alasmedios.com\/index.php\/2026\/09\/05\/tren-mexico-pachuca-abre-la-puerta-a-una-nueva-forma-de-crecer-en-hidalgo\/","url":"https:\/\/www.alasmedios.com\/index.php\/2026\/09\/05\/tren-mexico-pachuca-abre-la-puerta-a-una-nueva-forma-de-crecer-en-hidalgo\/","name":"Tren M\u00e9xico-Pachuca abre la puerta a una nueva forma de crecer en Hidalgo - Alas Medios","isPartOf":{"@id":"https:\/\/www.alasmedios.com\/#website"},"primaryImageOfPage":{"@id":"https:\/\/www.alasmedios.com\/index.php\/2026\/09\/05\/tren-mexico-pachuca-abre-la-puerta-a-una-nueva-forma-de-crecer-en-hidalgo\/#primaryimage"},"image":{"@id":"https:\/\/www.alasmedios.com\/index.php\/2026\/09\/05\/tren-mexico-pachuca-abre-la-puerta-a-una-nueva-forma-de-crecer-en-hidalgo\/#primaryimage"},"thumbnailUrl":"https:\/\/www.alasmedios.com\/wp-content\/uploads\/2026\/09\/TREN-MEXICO-PACHUCA.jpeg","datePublished":"2026-09-05T16:00:00+00:00","description":"La planeaci\u00f3n estatal busca conectar las estaciones del tren con transporte, vivienda, escuelas y servicios para reducir traslados y ordenar el crecimiento de la zona metropolitana.","breadcrumb":{"@id":"https:\/\/www.alasmedios.com\/index.php\/2026\/09\/05\/tren-mexico-pachuca-abre-la-puerta-a-una-nueva-forma-de-crecer-en-hidalgo\/#breadcrumb"},"inLanguage":"es","potentialAction":[{"@type":"ReadAction","target":["https:\/\/www.alasmedios.com\/index.php\/2026\/09\/05\/tren-mexico-pachuca-abre-la-puerta-a-una-nueva-forma-de-crecer-en-hidalgo\/"]}]},{"@type":"ImageObject","inLanguage":"es","@id":"https:\/\/www.alasmedios.com\/index.php\/2026\/09\/05\/tren-mexico-pachuca-abre-la-puerta-a-una-nueva-forma-de-crecer-en-hidalgo\/#primaryimage","url":"https:\/\/www.alasmedios.com\/wp-content\/uploads\/2026\/09\/TREN-MEXICO-PACHUCA.jpeg","contentUrl":"https:\/\/www.alasmedios.com\/wp-content\/uploads\/2026\/09\/TREN-MEXICO-PACHUCA.jpeg","width":345,"height":194,"caption":"Foto: Especial"},{"@type":"BreadcrumbList","@id":"https:\/\/www.alasmedios.com\/index.php\/2026\/09\/05\/tren-mexico-pachuca-abre-la-puerta-a-una-nueva-forma-de-crecer-en-hidalgo\/#breadcrumb","itemListElement":[{"@type":"ListItem","position":1,"name":"Inicio","item":"https:\/\/www.alasmedios.com\/"},{"@type":"ListItem","position":2,"name":"Tren M\u00e9xico-Pachuca abre la puerta a una nueva forma de crecer en Hidalgo"}]},{"@type":"WebSite","@id":"https:\/\/www.alasmedios.com\/#website","url":"https:\/\/www.alasmedios.com\/","name":"Alas Medios","description":"Alas para pensar, Alas para volar, Alas de libertad","publisher":{"@id":"https:\/\/www.alasmedios.com\/#organization"},"potentialAction":[{"@type":"SearchAction","target":{"@type":"EntryPoint","urlTemplate":"https:\/\/www.alasmedios.com\/?s={search_term_string}"},"query-input":{"@type":"PropertyValueSpecification","valueRequired":true,"valueName":"search_term_string"}}],"inLanguage":"es"},{"@type":"Organization","@id":"https:\/\/www.alasmedios.com\/#organization","name":"Alas Medios","url":"https:\/\/www.alasmedios.com\/","logo":{"@type":"ImageObject","inLanguage":"es","@id":"https:\/\/www.alasmedios.com\/#\/schema\/logo\/image\/","url":"https:\/\/www.alasmedios.com\/wp-content\/uploads\/2026\/01\/cropped-cropped-GAM-1.png","contentUrl":"https:\/\/www.alasmedios.com\/wp-content\/uploads\/2026\/01\/cropped-cropped-GAM-1.png","width":467,"height":235,"caption":"Alas Medios"},"image":{"@id":"https:\/\/www.alasmedios.com\/#\/schema\/logo\/image\/"}},{"@type":"Person","@id":"https:\/\/www.alasmedios.com\/#\/schema\/person\/4a77b9da264b9fd30e9b7bf44efa7ada","name":"Yissel Padilla","image":{"@type":"ImageObject","inLanguage":"es","@id":"https:\/\/secure.gravatar.com\/avatar\/98842131f4e7c39771d95c321b4e271e6d6b9aefdb1d69d099b18469d859168e?s=96&d=mm&r=g","url":"https:\/\/secure.gravatar.com\/avatar\/98842131f4e7c39771d95c321b4e271e6d6b9aefdb1d69d099b18469d859168e?s=96&d=mm&r=g","contentUrl":"https:\/\/secure.gravatar.com\/avatar\/98842131f4e7c39771d95c321b4e271e6d6b9aefdb1d69d099b18469d859168e?s=96&d=mm&r=g","caption":"Yissel Padilla"},"url":"https:\/\/www.alasmedios.com\/index.php\/author\/yissel-padilla\/"}]}},"_links":{"self":[{"href":"https:\/\/www.alasmedios.com\/index.php\/wp-json\/wp\/v2\/posts\/12685","targetHints":{"allow":["GET"]}}],"collection":[{"href":"https:\/\/www.alasmedios.com\/index.php\/wp-json\/wp\/v2\/posts"}],"about":[{"href":"https:\/\/www.alasmedios.com\/index.php\/wp-json\/wp\/v2\/types\/post"}],"author":[{"embeddable":true,"href":"https:\/\/www.alasmedios.com\/index.php\/wp-json\/wp\/v2\/users\/18"}],"replies":[{"embeddable":true,"href":"https:\/\/www.alasmedios.com\/index.php\/wp-json\/wp\/v2\/comments?post=12685"}],"version-history":[{"count":1,"href":"https:\/\/www.alasmedios.com\/index.php\/wp-json\/wp\/v2\/posts\/12685\/revisions"}],"predecessor-version":[{"id":12687,"href":"https:\/\/www.alasmedios.com\/index.php\/wp-json\/wp\/v2\/posts\/12685\/revisions\/12687"}],"wp:featuredmedia":[{"embeddable":true,"href":"https:\/\/www.alasmedios.com\/index.php\/wp-json\/wp\/v2\/media\/12686"}],"wp:attachment":[{"href":"https:\/\/www.alasmedios.com\/index.php\/wp-json\/wp\/v2\/media?parent=12685"}],"wp:term":[{"taxonomy":"category","embeddable":true,"href":"https:\/\/www.alasmedios.com\/index.php\/wp-json\/wp\/v2\/categories?post=12685"},{"taxonomy":"post_tag","embeddable":true,"href":"https:\/\/www.alasmedios.com\/index.php\/wp-json\/wp\/v2\/tags?post=12685"}],"curies":[{"name":"wp","href":"https:\/\/api.w.org\/{rel}","templated":true}]}}